{"id":828,"date":"2024-06-22T11:06:52","date_gmt":"2024-06-22T14:06:52","guid":{"rendered":"https:\/\/newblogs.correiobraziliense.com.br\/vivabrasilia\/?p=828"},"modified":"2024-06-22T11:10:22","modified_gmt":"2024-06-22T14:10:22","slug":"na-justica-e-no-amor-casamento-de-advogados-reune-politicos-e-parentes","status":"publish","type":"post","link":"https:\/\/newblogs.correiobraziliense.com.br\/vivabrasilia\/na-justica-e-no-amor-casamento-de-advogados-reune-politicos-e-parentes\/","title":{"rendered":"Na justi\u00e7a e no amor: casamento de advogados re\u00fane pol\u00edticos e parentes"},"content":{"rendered":"\n<p>O amor dos advogados Michel Saliba, um dos principais nomes do direito criminal de Bras\u00edlia, e Angelita Rosa, chefe de gabinete da Secretaria Executiva do Minist\u00e9rio da Justi\u00e7a, foi oficializado na \u00faltima quinta-feira (20\/6). <\/p>\n\n\n\n<p>Eles se casaram em uma cerim\u00f4nia que reuniu advogados, pol\u00edticos e parentes do casal. <\/p>\n\n\n\n<p>A presen\u00e7a dos filhos do noivo \u2014 Miguel, Luna e Lara \u2014 mais o da noiva \u2014 Jo\u00e3o Pedro \u2014 tornou o evento ainda mais especial.<\/p>\n\n\n<div class=\"slider-wrapper\"><div class=\"slider\">\n<figure class=\"wp-block-gallery has-nested-images columns-default is-cropped wp-block-gallery-1 is-layout-flex wp-block-gallery-is-layout-flex\">\n<figure class=\"wp-block-image size-large\"><img loading=\"lazy\" decoding=\"async\" width=\"645\" height=\"1024\" data-id=\"829\" src=\"https:\/\/newblogs.correiobraziliense.com.br\/vivabrasilia\/wp-content\/uploads\/sites\/4\/2024\/06\/Deputado-Paulo-Teixeira-e-noivos-645x1024.jpg\" alt=\"\" class=\"wp-image-829\" srcset=\"https:\/\/newblogs.correiobraziliense.com.br\/vivabrasilia\/wp-content\/uploads\/sites\/4\/2024\/06\/Deputado-Paulo-Teixeira-e-noivos-645x1024.jpg 645w, https:\/\/newblogs.correiobraziliense.com.br\/vivabrasilia\/wp-content\/uploads\/sites\/4\/2024\/06\/Deputado-Paulo-Teixeira-e-noivos-189x300.jpg 189w, https:\/\/newblogs.correiobraziliense.com.br\/vivabrasilia\/wp-content\/uploads\/sites\/4\/2024\/06\/Deputado-Paulo-Teixeira-e-noivos-768x1219.jpg 768w, https:\/\/newblogs.correiobraziliense.com.br\/vivabrasilia\/wp-content\/uploads\/sites\/4\/2024\/06\/Deputado-Paulo-Teixeira-e-noivos-968x1536.jpg 968w, https:\/\/newblogs.correiobraziliense.com.br\/vivabrasilia\/wp-content\/uploads\/sites\/4\/2024\/06\/Deputado-Paulo-Teixeira-e-noivos.jpg 1008w\" sizes=\"auto, (max-width: 645px) 100vw, 645px\" \/><figcaption class=\"wp-element-caption\">Os noivos, Michel Saliba e Angelita Rosa, com o deputado Paulo Teixeira | Foto: Celso J\u00fanior<\/figcaption><\/figure>\n\n\n\n<figure class=\"wp-block-image size-large\"><img loading=\"lazy\" decoding=\"async\" width=\"684\" height=\"1024\" data-id=\"832\" src=\"https:\/\/newblogs.correiobraziliense.com.br\/vivabrasilia\/wp-content\/uploads\/sites\/4\/2024\/06\/Jose-Dirceu-e-noivos-2-684x1024.jpg\" alt=\"\" class=\"wp-image-832\" srcset=\"https:\/\/newblogs.correiobraziliense.com.br\/vivabrasilia\/wp-content\/uploads\/sites\/4\/2024\/06\/Jose-Dirceu-e-noivos-2-684x1024.jpg 684w, https:\/\/newblogs.correiobraziliense.com.br\/vivabrasilia\/wp-content\/uploads\/sites\/4\/2024\/06\/Jose-Dirceu-e-noivos-2-200x300.jpg 200w, https:\/\/newblogs.correiobraziliense.com.br\/vivabrasilia\/wp-content\/uploads\/sites\/4\/2024\/06\/Jose-Dirceu-e-noivos-2-768x1151.jpg 768w, https:\/\/newblogs.correiobraziliense.com.br\/vivabrasilia\/wp-content\/uploads\/sites\/4\/2024\/06\/Jose-Dirceu-e-noivos-2-1025x1536.jpg 1025w, https:\/\/newblogs.correiobraziliense.com.br\/vivabrasilia\/wp-content\/uploads\/sites\/4\/2024\/06\/Jose-Dirceu-e-noivos-2.jpg 1068w\" sizes=\"auto, (max-width: 684px) 100vw, 684px\" \/><figcaption class=\"wp-element-caption\">O ex-ministro Jos\u00e9 Dirceu e os noivos | Foto: Celso J\u00fanior<\/figcaption><\/figure>\n\n\n\n<figure class=\"wp-block-image size-large\"><img loading=\"lazy\" decoding=\"async\" width=\"684\" height=\"1024\" data-id=\"833\" src=\"https:\/\/newblogs.correiobraziliense.com.br\/vivabrasilia\/wp-content\/uploads\/sites\/4\/2024\/06\/WhatsApp-Image-2024-06-21-at-11.04.41-684x1024.jpeg\" alt=\"\" class=\"wp-image-833\" srcset=\"https:\/\/newblogs.correiobraziliense.com.br\/vivabrasilia\/wp-content\/uploads\/sites\/4\/2024\/06\/WhatsApp-Image-2024-06-21-at-11.04.41-684x1024.jpeg 684w, https:\/\/newblogs.correiobraziliense.com.br\/vivabrasilia\/wp-content\/uploads\/sites\/4\/2024\/06\/WhatsApp-Image-2024-06-21-at-11.04.41-200x300.jpeg 200w, https:\/\/newblogs.correiobraziliense.com.br\/vivabrasilia\/wp-content\/uploads\/sites\/4\/2024\/06\/WhatsApp-Image-2024-06-21-at-11.04.41-768x1151.jpeg 768w, https:\/\/newblogs.correiobraziliense.com.br\/vivabrasilia\/wp-content\/uploads\/sites\/4\/2024\/06\/WhatsApp-Image-2024-06-21-at-11.04.41-1025x1536.jpeg 1025w, https:\/\/newblogs.correiobraziliense.com.br\/vivabrasilia\/wp-content\/uploads\/sites\/4\/2024\/06\/WhatsApp-Image-2024-06-21-at-11.04.41.jpeg 1068w\" sizes=\"auto, (max-width: 684px) 100vw, 684px\" \/><figcaption class=\"wp-element-caption\">Foto: Celso J\u00fanior<\/figcaption><\/figure>\n\n\n\n<figure class=\"wp-block-image size-large\"><img loading=\"lazy\" decoding=\"async\" width=\"684\" height=\"1024\" data-id=\"834\" src=\"https:\/\/newblogs.correiobraziliense.com.br\/vivabrasilia\/wp-content\/uploads\/sites\/4\/2024\/06\/Noivos-advogado-Marco-Aurelio-Carvalho-e--684x1024.jpeg\" alt=\"\" class=\"wp-image-834\" srcset=\"https:\/\/newblogs.correiobraziliense.com.br\/vivabrasilia\/wp-content\/uploads\/sites\/4\/2024\/06\/Noivos-advogado-Marco-Aurelio-Carvalho-e--684x1024.jpeg 684w, https:\/\/newblogs.correiobraziliense.com.br\/vivabrasilia\/wp-content\/uploads\/sites\/4\/2024\/06\/Noivos-advogado-Marco-Aurelio-Carvalho-e--200x300.jpeg 200w, https:\/\/newblogs.correiobraziliense.com.br\/vivabrasilia\/wp-content\/uploads\/sites\/4\/2024\/06\/Noivos-advogado-Marco-Aurelio-Carvalho-e--768x1151.jpeg 768w, https:\/\/newblogs.correiobraziliense.com.br\/vivabrasilia\/wp-content\/uploads\/sites\/4\/2024\/06\/Noivos-advogado-Marco-Aurelio-Carvalho-e--1025x1536.jpeg 1025w, https:\/\/newblogs.correiobraziliense.com.br\/vivabrasilia\/wp-content\/uploads\/sites\/4\/2024\/06\/Noivos-advogado-Marco-Aurelio-Carvalho-e-.jpeg 1068w\" sizes=\"auto, (max-width: 684px) 100vw, 684px\" \/><figcaption class=\"wp-element-caption\">Foto: Celso J\u00fanior<\/figcaption><\/figure>\n\n\n\n<figure class=\"wp-block-image size-large\"><img loading=\"lazy\" decoding=\"async\" width=\"684\" height=\"1024\" data-id=\"835\" src=\"https:\/\/newblogs.correiobraziliense.com.br\/vivabrasilia\/wp-content\/uploads\/sites\/4\/2024\/06\/WhatsApp-Image-2024-06-21-at-11.04.42-1-684x1024.jpeg\" alt=\"\" class=\"wp-image-835\" srcset=\"https:\/\/newblogs.correiobraziliense.com.br\/vivabrasilia\/wp-content\/uploads\/sites\/4\/2024\/06\/WhatsApp-Image-2024-06-21-at-11.04.42-1-684x1024.jpeg 684w, https:\/\/newblogs.correiobraziliense.com.br\/vivabrasilia\/wp-content\/uploads\/sites\/4\/2024\/06\/WhatsApp-Image-2024-06-21-at-11.04.42-1-200x300.jpeg 200w, https:\/\/newblogs.correiobraziliense.com.br\/vivabrasilia\/wp-content\/uploads\/sites\/4\/2024\/06\/WhatsApp-Image-2024-06-21-at-11.04.42-1-768x1151.jpeg 768w, https:\/\/newblogs.correiobraziliense.com.br\/vivabrasilia\/wp-content\/uploads\/sites\/4\/2024\/06\/WhatsApp-Image-2024-06-21-at-11.04.42-1-1025x1536.jpeg 1025w, https:\/\/newblogs.correiobraziliense.com.br\/vivabrasilia\/wp-content\/uploads\/sites\/4\/2024\/06\/WhatsApp-Image-2024-06-21-at-11.04.42-1.jpeg 1068w\" sizes=\"auto, (max-width: 684px) 100vw, 684px\" \/><figcaption class=\"wp-element-caption\">Foto: Celso J\u00fanior<\/figcaption><\/figure>\n<\/figure>\n<\/div>\n\t\t\t<div class=\"slider-nav\">\n\t\t\t\t<button class=\"prev\">\n\t\t\t\t<svg xmlns=\"http:\/\/www.w3.org\/2000\/svg\" width=\"26\" height=\"45\" viewBox=\"0 0 26 45\" fill=\"none\">\n\t\t\t\t<path d=\"M24.9118 0.990519C25.5461 1.62494 25.9023 2.48528 25.9023 3.38235C25.9023 4.27943 25.5461 5.13977 24.9118 5.77419L8.16559 22.5204L24.9118 39.2667C25.5281 39.9047 25.8691 40.7593 25.8614 41.6463C25.8537 42.5334 25.4979 43.3819 24.8706 44.0091C24.2434 44.6364 23.3948 44.9922 22.5078 44.9999C21.6208 45.0076 20.7662 44.6666 20.1282 44.0503L0.990082 24.9123C0.355853 24.2778 -0.000438023 23.4175 -0.000438023 22.5204C-0.000438023 21.6234 0.355853 20.763 0.990082 20.1286L20.1282 0.990519C20.7626 0.35629 21.6229 0 22.52 0C23.4171 0 24.2774 0.35629 24.9118 0.990519Z\" fill=\"white\" fill-opacity=\"0.7\"><\/path>\n\t\t\t\t<\/svg>\n\t\t\t\t<\/button>\n\t\t\t\t<button class=\"next\">\n\t\t\t\t<svg xmlns=\"http:\/\/www.w3.org\/2000\/svg\" width=\"26\" height=\"45\" viewBox=\"0 0 26 45\" fill=\"none\">\n\t\t\t\t<path d=\"M0.99052 0.990519C0.356291 1.62494 0 2.48528 0 3.38235C0 4.27943 0.356291 5.13977 0.99052 5.77419L17.7368 22.5204L0.99052 39.2667C0.374265 39.9047 0.0332682 40.7593 0.0409763 41.6463C0.0486844 42.5334 0.40448 43.3819 1.03173 44.0091C1.65898 44.6364 2.5075 44.9922 3.39453 44.9999C4.28156 45.0076 5.13613 44.6666 5.77419 44.0503L24.9123 24.9123C25.5465 24.2778 25.9028 23.4175 25.9028 22.5204C25.9028 21.6234 25.5465 20.763 24.9123 20.1286L5.77419 0.990519C5.13977 0.35629 4.27943 0 3.38235 0C2.48528 0 1.62494 0.35629 0.99052 0.990519Z\" fill=\"white\" fill-opacity=\"0.7\"><\/path>\n\t\t\t\t<\/svg>\n\t\t\t\t<\/button>\n\t\t\t<\/div>\n\t\t\t<div class=\"slider-dots\"><\/div>\n\t\t\t<\/div>","protected":false},"excerpt":{"rendered":"<p>Michel Saliba e Angelita Rosa oficializaram a uni\u00e3o na \u00faltima quinta-feira (20\/6), na capital<\/p>\n","protected":false},"author":7,"featured_media":830,"comment_status":"closed","ping_status":"open","sticky":false,"template":"","format":"standard","meta":{"_acf_changed":false,"inline_featured_image":false,"footnotes":""},"categories":[7],"tags":[245,247,244,246,248],"class_list":["post-828","post","type-post","status-publish","format-standard","has-post-thumbnail","hentry","category-evento","tag-advogados","tag-angelita-rosa","tag-casamento","tag-michel-saliba","tag-stj"],"acf":[],"yoast_head":"<!-- This site is optimized with the Yoast SEO plugin v27.3 - https:\/\/yoast.com\/product\/yoast-seo-wordpress\/ -->\n<title>Na justi\u00e7a e no amor: casamento de advogados re\u00fane pol\u00edticos e parentes - Viva Bras\u00edlia<\/title>\n<meta name=\"description\" content=\"Michel Saliba e Angelita Rosa oficializaram a uni\u00e3o na \u00faltima quinta-feira (20\/6), na capital\" \/>\n<meta name=\"robots\" content=\"index, follow, max-snippet:-1, max-image-preview:large, max-video-preview:-1\" \/>\n<link rel=\"canonical\" href=\"https:\/\/newblogs.correiobraziliense.com.br\/vivabrasilia\/na-justica-e-no-amor-casamento-de-advogados-reune-politicos-e-parentes\/\" \/>\n<meta property=\"og:locale\" content=\"pt_BR\" \/>\n<meta property=\"og:type\" content=\"article\" \/>\n<meta property=\"og:title\" content=\"Na justi\u00e7a e no amor: casamento de advogados re\u00fane pol\u00edticos e parentes - Viva Bras\u00edlia\" \/>\n<meta property=\"og:description\" content=\"Michel Saliba e Angelita Rosa oficializaram a uni\u00e3o na \u00faltima quinta-feira (20\/6), na capital\" \/>\n<meta property=\"og:url\" content=\"https:\/\/newblogs.correiobraziliense.com.br\/vivabrasilia\/na-justica-e-no-amor-casamento-de-advogados-reune-politicos-e-parentes\/\" \/>\n<meta property=\"og:site_name\" content=\"Viva Bras\u00edlia\" \/>\n<meta property=\"article:published_time\" content=\"2024-06-22T14:06:52+00:00\" \/>\n<meta property=\"article:modified_time\" content=\"2024-06-22T14:10:22+00:00\" \/>\n<meta property=\"og:image\" content=\"https:\/\/newblogs.correiobraziliense.com.br\/vivabrasilia\/wp-content\/uploads\/sites\/4\/2024\/06\/STJ-e-noivos-2.jpg\" \/>\n\t<meta property=\"og:image:width\" content=\"1600\" \/>\n\t<meta property=\"og:image:height\" content=\"1068\" \/>\n\t<meta property=\"og:image:type\" content=\"image\/jpeg\" \/>\n<meta name=\"author\" content=\"Mariana Campos\" \/>\n<!-- \/ Yoast SEO plugin. -->","yoast_head_json":{"title":"Na justi\u00e7a e no amor: casamento de advogados re\u00fane pol\u00edticos e parentes - Viva Bras\u00edlia","description":"Michel Saliba e Angelita Rosa oficializaram a uni\u00e3o na \u00faltima quinta-feira (20\/6), na capital","robots":{"index":"index","follow":"follow","max-snippet":"max-snippet:-1","max-image-preview":"max-image-preview:large","max-video-preview":"max-video-preview:-1"},"canonical":"https:\/\/newblogs.correiobraziliense.com.br\/vivabrasilia\/na-justica-e-no-amor-casamento-de-advogados-reune-politicos-e-parentes\/","og_locale":"pt_BR","og_type":"article","og_title":"Na justi\u00e7a e no amor: casamento de advogados re\u00fane pol\u00edticos e parentes - Viva Bras\u00edlia","og_description":"Michel Saliba e Angelita Rosa oficializaram a uni\u00e3o na \u00faltima quinta-feira (20\/6), na capital","og_url":"https:\/\/newblogs.correiobraziliense.com.br\/vivabrasilia\/na-justica-e-no-amor-casamento-de-advogados-reune-politicos-e-parentes\/","og_site_name":"Viva Bras\u00edlia","article_published_time":"2024-06-22T14:06:52+00:00","article_modified_time":"2024-06-22T14:10:22+00:00","og_image":[{"width":1600,"height":1068,"url":"https:\/\/newblogs.correiobraziliense.com.br\/vivabrasilia\/wp-content\/uploads\/sites\/4\/2024\/06\/STJ-e-noivos-2.jpg","type":"image\/jpeg"}],"author":"Mariana Campos","schema":{"@context":"https:\/\/schema.org","@graph":[{"@type":"Article","@id":"https:\/\/newblogs.correiobraziliense.com.br\/vivabrasilia\/na-justica-e-no-amor-casamento-de-advogados-reune-politicos-e-parentes\/#article","isPartOf":{"@id":"https:\/\/newblogs.correiobraziliense.com.br\/vivabrasilia\/na-justica-e-no-amor-casamento-de-advogados-reune-politicos-e-parentes\/"},"author":{"name":"Mariana Campos","@id":"https:\/\/newblogs.correiobraziliense.com.br\/vivabrasilia\/#\/schema\/person\/018c75775aaa6ead74dde48a78ac7fa1"},"headline":"Na justi\u00e7a e no amor: casamento de advogados re\u00fane pol\u00edticos e parentes","datePublished":"2024-06-22T14:06:52+00:00","dateModified":"2024-06-22T14:10:22+00:00","mainEntityOfPage":{"@id":"https:\/\/newblogs.correiobraziliense.com.br\/vivabrasilia\/na-justica-e-no-amor-casamento-de-advogados-reune-politicos-e-parentes\/"},"wordCount":130,"image":{"@id":"https:\/\/newblogs.correiobraziliense.com.br\/vivabrasilia\/na-justica-e-no-amor-casamento-de-advogados-reune-politicos-e-parentes\/#primaryimage"},"thumbnailUrl":"https:\/\/newblogs.correiobraziliense.com.br\/vivabrasilia\/wp-content\/uploads\/sites\/4\/2024\/06\/STJ-e-noivos-2.jpg","keywords":["Advogados","Angelita Rosa","Casamento","Michel Saliba","STJ"],"articleSection":["Evento"],"inLanguage":"pt-BR"},{"@type":"WebPage","@id":"https:\/\/newblogs.correiobraziliense.com.br\/vivabrasilia\/na-justica-e-no-amor-casamento-de-advogados-reune-politicos-e-parentes\/","url":"https:\/\/newblogs.correiobraziliense.com.br\/vivabrasilia\/na-justica-e-no-amor-casamento-de-advogados-reune-politicos-e-parentes\/","name":"Na justi\u00e7a e no amor: casamento de advogados re\u00fane pol\u00edticos e parentes - Viva Bras\u00edlia","isPartOf":{"@id":"https:\/\/newblogs.correiobraziliense.com.br\/vivabrasilia\/#website"},"primaryImageOfPage":{"@id":"https:\/\/newblogs.correiobraziliense.com.br\/vivabrasilia\/na-justica-e-no-amor-casamento-de-advogados-reune-politicos-e-parentes\/#primaryimage"},"image":{"@id":"https:\/\/newblogs.correiobraziliense.com.br\/vivabrasilia\/na-justica-e-no-amor-casamento-de-advogados-reune-politicos-e-parentes\/#primaryimage"},"thumbnailUrl":"https:\/\/newblogs.correiobraziliense.com.br\/vivabrasilia\/wp-content\/uploads\/sites\/4\/2024\/06\/STJ-e-noivos-2.jpg","datePublished":"2024-06-22T14:06:52+00:00","dateModified":"2024-06-22T14:10:22+00:00","author":{"@id":"https:\/\/newblogs.correiobraziliense.com.br\/vivabrasilia\/#\/schema\/person\/018c75775aaa6ead74dde48a78ac7fa1"},"description":"Michel Saliba e Angelita Rosa oficializaram a uni\u00e3o na \u00faltima quinta-feira (20\/6), na capital","breadcrumb":{"@id":"https:\/\/newblogs.correiobraziliense.com.br\/vivabrasilia\/na-justica-e-no-amor-casamento-de-advogados-reune-politicos-e-parentes\/#breadcrumb"},"inLanguage":"pt-BR","potentialAction":[{"@type":"ReadAction","target":["https:\/\/newblogs.correiobraziliense.com.br\/vivabrasilia\/na-justica-e-no-amor-casamento-de-advogados-reune-politicos-e-parentes\/"]}]},{"@type":"ImageObject","inLanguage":"pt-BR","@id":"https:\/\/newblogs.correiobraziliense.com.br\/vivabrasilia\/na-justica-e-no-amor-casamento-de-advogados-reune-politicos-e-parentes\/#primaryimage","url":"https:\/\/newblogs.correiobraziliense.com.br\/vivabrasilia\/wp-content\/uploads\/sites\/4\/2024\/06\/STJ-e-noivos-2.jpg","contentUrl":"https:\/\/newblogs.correiobraziliense.com.br\/vivabrasilia\/wp-content\/uploads\/sites\/4\/2024\/06\/STJ-e-noivos-2.jpg","width":1600,"height":1068,"caption":"Miguel Matos; a ministra do STJ, Daniela Teixeira; Michel Saliba; Angelita Rosa; e o ministro do STJ, Roge\u0301rio Schietti | Foto: Celso J\u00fanior"},{"@type":"BreadcrumbList","@id":"https:\/\/newblogs.correiobraziliense.com.br\/vivabrasilia\/na-justica-e-no-amor-casamento-de-advogados-reune-politicos-e-parentes\/#breadcrumb","itemListElement":[{"@type":"ListItem","position":1,"name":"In\u00edcio","item":"https:\/\/newblogs.correiobraziliense.com.br\/vivabrasilia\/"},{"@type":"ListItem","position":2,"name":"Na justi\u00e7a e no amor: casamento de advogados re\u00fane pol\u00edticos e parentes"}]},{"@type":"WebSite","@id":"https:\/\/newblogs.correiobraziliense.com.br\/vivabrasilia\/#website","url":"https:\/\/newblogs.correiobraziliense.com.br\/vivabrasilia\/","name":"Viva Bras\u00edlia","description":"Coluna de estilo de vida","potentialAction":[{"@type":"SearchAction","target":{"@type":"EntryPoint","urlTemplate":"https:\/\/newblogs.correiobraziliense.com.br\/vivabrasilia\/?s={search_term_string}"},"query-input":{"@type":"PropertyValueSpecification","valueRequired":true,"valueName":"search_term_string"}}],"inLanguage":"pt-BR"},{"@type":"Person","@id":"https:\/\/newblogs.correiobraziliense.com.br\/vivabrasilia\/#\/schema\/person\/018c75775aaa6ead74dde48a78ac7fa1","name":"Mariana Campos","image":{"@type":"ImageObject","inLanguage":"pt-BR","@id":"https:\/\/secure.gravatar.com\/avatar\/97cd13271bc36c11415a45e9f8192828452de6a8c0e24857edbf96d21752260f?s=96&d=mm&r=g","url":"https:\/\/secure.gravatar.com\/avatar\/97cd13271bc36c11415a45e9f8192828452de6a8c0e24857edbf96d21752260f?s=96&d=mm&r=g","contentUrl":"https:\/\/secure.gravatar.com\/avatar\/97cd13271bc36c11415a45e9f8192828452de6a8c0e24857edbf96d21752260f?s=96&d=mm&r=g","caption":"Mariana Campos"},"description":"Colunista da Viva Bras\u00edlia, Mariana escreve e fotografa para a coluna. Formada em Comunica\u00e7\u00e3o, aprofundou-se no jornalismo e agora une a escrita com a fotografia para mostrar que a capital \u00e9 uma cidade viva que n\u00e3o se resume ao poder. Tamb\u00e9m faz a cobertura de moda para seu blog, Pliss\u00ea, e para as redes sociais do Correio.","sameAs":["http:\/\/newblogs.correiobraziliense.com\/plisse","https:\/\/www.instagram.com\/marigrigori"],"url":"https:\/\/newblogs.correiobraziliense.com.br\/vivabrasilia\/author\/marivivabrasilia\/"}]}},"_links":{"self":[{"href":"https:\/\/newblogs.correiobraziliense.com.br\/vivabrasilia\/wp-json\/wp\/v2\/posts\/828","targetHints":{"allow":["GET"]}}],"collection":[{"href":"https:\/\/newblogs.correiobraziliense.com.br\/vivabrasilia\/wp-json\/wp\/v2\/posts"}],"about":[{"href":"https:\/\/newblogs.correiobraziliense.com.br\/vivabrasilia\/wp-json\/wp\/v2\/types\/post"}],"author":[{"embeddable":true,"href":"https:\/\/newblogs.correiobraziliense.com.br\/vivabrasilia\/wp-json\/wp\/v2\/users\/7"}],"replies":[{"embeddable":true,"href":"https:\/\/newblogs.correiobraziliense.com.br\/vivabrasilia\/wp-json\/wp\/v2\/comments?post=828"}],"version-history":[{"count":2,"href":"https:\/\/newblogs.correiobraziliense.com.br\/vivabrasilia\/wp-json\/wp\/v2\/posts\/828\/revisions"}],"predecessor-version":[{"id":836,"href":"https:\/\/newblogs.correiobraziliense.com.br\/vivabrasilia\/wp-json\/wp\/v2\/posts\/828\/revisions\/836"}],"wp:featuredmedia":[{"embeddable":true,"href":"https:\/\/newblogs.correiobraziliense.com.br\/vivabrasilia\/wp-json\/wp\/v2\/media\/830"}],"wp:attachment":[{"href":"https:\/\/newblogs.correiobraziliense.com.br\/vivabrasilia\/wp-json\/wp\/v2\/media?parent=828"}],"wp:term":[{"taxonomy":"category","embeddable":true,"href":"https:\/\/newblogs.correiobraziliense.com.br\/vivabrasilia\/wp-json\/wp\/v2\/categories?post=828"},{"taxonomy":"post_tag","embeddable":true,"href":"https:\/\/newblogs.correiobraziliense.com.br\/vivabrasilia\/wp-json\/wp\/v2\/tags?post=828"}],"curies":[{"name":"wp","href":"https:\/\/api.w.org\/{rel}","templated":true}]}}