{"id":7780,"date":"2026-09-05T12:03:11","date_gmt":"2026-09-05T15:03:11","guid":{"rendered":"https:\/\/newblogs.correiobraziliense.com.br\/vivabrasilia\/?p=7780"},"modified":"2026-09-05T12:03:13","modified_gmt":"2026-09-05T15:03:13","slug":"celebracao-do-dia-da-malasia-reune-corpo-diplomatico-e-destaca-novos-caminhos-de-parceria-com-o-brasil","status":"publish","type":"post","link":"https:\/\/newblogs.correiobraziliense.com.br\/vivabrasilia\/celebracao-do-dia-da-malasia-reune-corpo-diplomatico-e-destaca-novos-caminhos-de-parceria-com-o-brasil\/","title":{"rendered":"Celebra\u00e7\u00e3o do Dia da Mal\u00e1sia re\u00fane corpo diplom\u00e1tico e destaca novos caminhos de parceria com o Brasil"},"content":{"rendered":"\n<p>A convite da Embaixada da Mal\u00e1sia, representantes do Governo brasileiro, do corpo diplom\u00e1tico, do Parlamento e do setor privado reuniram-se no Villa Rizza, na ter\u00e7a-feira, para celebrar o 69\u00ba Dia Nacional da Mal\u00e1sia e o Dia da Mal\u00e1sia. Anfitri\u00e3o da recep\u00e7\u00e3o, o embaixador Datuk Mohammad Ali Selamat destacou os mais de 60 anos de rela\u00e7\u00f5es diplom\u00e1ticas entre o pa\u00eds asi\u00e1tico e o Brasil, al\u00e9m das oportunidades de coopera\u00e7\u00e3o em \u00e1reas como com\u00e9rcio, tecnologia, energia, agricultura e turismo. A celebra\u00e7\u00e3o tamb\u00e9m apresentou aos convidados elementos da identidade malaia em uma noite de trocas multiculturais.<\/p>\n\n\n<div class=\"slider-wrapper\"><div class=\"slider\">\n<figure class=\"wp-block-gallery has-nested-images columns-default is-cropped wp-block-gallery-1 is-layout-flex wp-block-gallery-is-layout-flex\">\n<figure class=\"wp-block-image size-large\"><img loading=\"lazy\" decoding=\"async\" width=\"1024\" height=\"682\" data-id=\"7775\" src=\"https:\/\/newblogs.correiobraziliense.com.br\/vivabrasilia\/wp-content\/uploads\/sites\/4\/2026\/09\/O-diretor-do-Departamento-de-India-Sul-e-Sudeste-da-Asia-do-Itamaraty-embaixador-Everton-Frask-Lucero-a-embaixadora-da-Eslovaquia-Katarina-Tomkova--1024x682.jpg\" alt=\"\" class=\"wp-image-7775\" srcset=\"https:\/\/newblogs.correiobraziliense.com.br\/vivabrasilia\/wp-content\/uploads\/sites\/4\/2026\/09\/O-diretor-do-Departamento-de-India-Sul-e-Sudeste-da-Asia-do-Itamaraty-embaixador-Everton-Frask-Lucero-a-embaixadora-da-Eslovaquia-Katarina-Tomkova--1024x682.jpg 1024w, https:\/\/newblogs.correiobraziliense.com.br\/vivabrasilia\/wp-content\/uploads\/sites\/4\/2026\/09\/O-diretor-do-Departamento-de-India-Sul-e-Sudeste-da-Asia-do-Itamaraty-embaixador-Everton-Frask-Lucero-a-embaixadora-da-Eslovaquia-Katarina-Tomkova--300x200.jpg 300w, https:\/\/newblogs.correiobraziliense.com.br\/vivabrasilia\/wp-content\/uploads\/sites\/4\/2026\/09\/O-diretor-do-Departamento-de-India-Sul-e-Sudeste-da-Asia-do-Itamaraty-embaixador-Everton-Frask-Lucero-a-embaixadora-da-Eslovaquia-Katarina-Tomkova--768x512.jpg 768w, https:\/\/newblogs.correiobraziliense.com.br\/vivabrasilia\/wp-content\/uploads\/sites\/4\/2026\/09\/O-diretor-do-Departamento-de-India-Sul-e-Sudeste-da-Asia-do-Itamaraty-embaixador-Everton-Frask-Lucero-a-embaixadora-da-Eslovaquia-Katarina-Tomkova--1536x1024.jpg 1536w, https:\/\/newblogs.correiobraziliense.com.br\/vivabrasilia\/wp-content\/uploads\/sites\/4\/2026\/09\/O-diretor-do-Departamento-de-India-Sul-e-Sudeste-da-Asia-do-Itamaraty-embaixador-Everton-Frask-Lucero-a-embaixadora-da-Eslovaquia-Katarina-Tomkova-.jpg 2000w\" sizes=\"auto, (max-width: 1024px) 100vw, 1024px\" \/><figcaption class=\"wp-element-caption\">O diretor do Departamento de \u00cdndia, Sul e Sudeste da \u00c1sia do Itamaraty, embaixador Everton Frask Lucero; a embaixadora da Eslov\u00e1quia, Katar\u00edna Tomkov\u00e1; a chefe da Divis\u00e3o de Sudoeste Asi\u00e1tico Continental do Itamaraty, Tatiana Barbosa; a embaixadora da Austr\u00e1lia, Sophie Davies; e o embaixador do Camboja, Prak Nguon Hong<\/figcaption><\/figure>\n\n\n\n<figure class=\"wp-block-image size-large\"><img loading=\"lazy\" decoding=\"async\" width=\"1024\" height=\"682\" data-id=\"7773\" src=\"https:\/\/newblogs.correiobraziliense.com.br\/vivabrasilia\/wp-content\/uploads\/sites\/4\/2026\/09\/O-embaixador-da-Zambia-Sitali-Denis-Alibuzwi-a-encarregada-de-negocios-da-embaixada-de-Mocambique-Amelia-Zandamela-e-o-embaixador-de-Gana-Nii-Amasah-Namoale-1024x682.jpg\" alt=\"\" class=\"wp-image-7773\" srcset=\"https:\/\/newblogs.correiobraziliense.com.br\/vivabrasilia\/wp-content\/uploads\/sites\/4\/2026\/09\/O-embaixador-da-Zambia-Sitali-Denis-Alibuzwi-a-encarregada-de-negocios-da-embaixada-de-Mocambique-Amelia-Zandamela-e-o-embaixador-de-Gana-Nii-Amasah-Namoale-1024x682.jpg 1024w, https:\/\/newblogs.correiobraziliense.com.br\/vivabrasilia\/wp-content\/uploads\/sites\/4\/2026\/09\/O-embaixador-da-Zambia-Sitali-Denis-Alibuzwi-a-encarregada-de-negocios-da-embaixada-de-Mocambique-Amelia-Zandamela-e-o-embaixador-de-Gana-Nii-Amasah-Namoale-300x200.jpg 300w, https:\/\/newblogs.correiobraziliense.com.br\/vivabrasilia\/wp-content\/uploads\/sites\/4\/2026\/09\/O-embaixador-da-Zambia-Sitali-Denis-Alibuzwi-a-encarregada-de-negocios-da-embaixada-de-Mocambique-Amelia-Zandamela-e-o-embaixador-de-Gana-Nii-Amasah-Namoale-768x512.jpg 768w, https:\/\/newblogs.correiobraziliense.com.br\/vivabrasilia\/wp-content\/uploads\/sites\/4\/2026\/09\/O-embaixador-da-Zambia-Sitali-Denis-Alibuzwi-a-encarregada-de-negocios-da-embaixada-de-Mocambique-Amelia-Zandamela-e-o-embaixador-de-Gana-Nii-Amasah-Namoale-1536x1024.jpg 1536w, https:\/\/newblogs.correiobraziliense.com.br\/vivabrasilia\/wp-content\/uploads\/sites\/4\/2026\/09\/O-embaixador-da-Zambia-Sitali-Denis-Alibuzwi-a-encarregada-de-negocios-da-embaixada-de-Mocambique-Amelia-Zandamela-e-o-embaixador-de-Gana-Nii-Amasah-Namoale.jpg 2000w\" sizes=\"auto, (max-width: 1024px) 100vw, 1024px\" \/><figcaption class=\"wp-element-caption\">O embaixador da Zambia Sitali Denis Alibuzwi, a encarregada de neg\u00f3cios da embaixada de Mo\u00e7ambique Am\u00e9lia Zandamela e o embaixador de Gana Nii Amasah Namoale<\/figcaption><\/figure>\n\n\n\n<figure class=\"wp-block-image size-large\"><img loading=\"lazy\" decoding=\"async\" width=\"1024\" height=\"682\" data-id=\"7777\" src=\"https:\/\/newblogs.correiobraziliense.com.br\/vivabrasilia\/wp-content\/uploads\/sites\/4\/2026\/09\/O-embaixador-e-a-embaixatriz-do-Vietna-Bui-Van-Nghi-e-Phan-Thi-Hong-e-a-embaixatriz-e-o-embaixador-da-China-Yong-Mei-e-Zhu-Qingqiao-1024x682.jpg\" alt=\"\" class=\"wp-image-7777\" srcset=\"https:\/\/newblogs.correiobraziliense.com.br\/vivabrasilia\/wp-content\/uploads\/sites\/4\/2026\/09\/O-embaixador-e-a-embaixatriz-do-Vietna-Bui-Van-Nghi-e-Phan-Thi-Hong-e-a-embaixatriz-e-o-embaixador-da-China-Yong-Mei-e-Zhu-Qingqiao-1024x682.jpg 1024w, https:\/\/newblogs.correiobraziliense.com.br\/vivabrasilia\/wp-content\/uploads\/sites\/4\/2026\/09\/O-embaixador-e-a-embaixatriz-do-Vietna-Bui-Van-Nghi-e-Phan-Thi-Hong-e-a-embaixatriz-e-o-embaixador-da-China-Yong-Mei-e-Zhu-Qingqiao-300x200.jpg 300w, https:\/\/newblogs.correiobraziliense.com.br\/vivabrasilia\/wp-content\/uploads\/sites\/4\/2026\/09\/O-embaixador-e-a-embaixatriz-do-Vietna-Bui-Van-Nghi-e-Phan-Thi-Hong-e-a-embaixatriz-e-o-embaixador-da-China-Yong-Mei-e-Zhu-Qingqiao-768x512.jpg 768w, https:\/\/newblogs.correiobraziliense.com.br\/vivabrasilia\/wp-content\/uploads\/sites\/4\/2026\/09\/O-embaixador-e-a-embaixatriz-do-Vietna-Bui-Van-Nghi-e-Phan-Thi-Hong-e-a-embaixatriz-e-o-embaixador-da-China-Yong-Mei-e-Zhu-Qingqiao-1536x1024.jpg 1536w, https:\/\/newblogs.correiobraziliense.com.br\/vivabrasilia\/wp-content\/uploads\/sites\/4\/2026\/09\/O-embaixador-e-a-embaixatriz-do-Vietna-Bui-Van-Nghi-e-Phan-Thi-Hong-e-a-embaixatriz-e-o-embaixador-da-China-Yong-Mei-e-Zhu-Qingqiao.jpg 2000w\" sizes=\"auto, (max-width: 1024px) 100vw, 1024px\" \/><figcaption class=\"wp-element-caption\">O embaixador e a embaixatriz do Vietn\u00e3, Bui Van Nghi e Phan Thi Hong, e a embaixatriz e o embaixador da China Yong Mei e Zhu Qingqiao<\/figcaption><\/figure>\n\n\n\n<figure class=\"wp-block-image size-large\"><img loading=\"lazy\" decoding=\"async\" width=\"1024\" height=\"682\" data-id=\"7771\" src=\"https:\/\/newblogs.correiobraziliense.com.br\/vivabrasilia\/wp-content\/uploads\/sites\/4\/2026\/09\/O-embaixador-do-Vietna-Bui-Van-Nghi-a-embaixatriz-da-Macedonia-do-Norte-Maja-Popova-a-embaixadora-do-Botsuana-Benetia-Chingapane--1024x682.jpg\" alt=\"\" class=\"wp-image-7771\" srcset=\"https:\/\/newblogs.correiobraziliense.com.br\/vivabrasilia\/wp-content\/uploads\/sites\/4\/2026\/09\/O-embaixador-do-Vietna-Bui-Van-Nghi-a-embaixatriz-da-Macedonia-do-Norte-Maja-Popova-a-embaixadora-do-Botsuana-Benetia-Chingapane--1024x682.jpg 1024w, https:\/\/newblogs.correiobraziliense.com.br\/vivabrasilia\/wp-content\/uploads\/sites\/4\/2026\/09\/O-embaixador-do-Vietna-Bui-Van-Nghi-a-embaixatriz-da-Macedonia-do-Norte-Maja-Popova-a-embaixadora-do-Botsuana-Benetia-Chingapane--300x200.jpg 300w, https:\/\/newblogs.correiobraziliense.com.br\/vivabrasilia\/wp-content\/uploads\/sites\/4\/2026\/09\/O-embaixador-do-Vietna-Bui-Van-Nghi-a-embaixatriz-da-Macedonia-do-Norte-Maja-Popova-a-embaixadora-do-Botsuana-Benetia-Chingapane--768x512.jpg 768w, https:\/\/newblogs.correiobraziliense.com.br\/vivabrasilia\/wp-content\/uploads\/sites\/4\/2026\/09\/O-embaixador-do-Vietna-Bui-Van-Nghi-a-embaixatriz-da-Macedonia-do-Norte-Maja-Popova-a-embaixadora-do-Botsuana-Benetia-Chingapane--1536x1024.jpg 1536w, https:\/\/newblogs.correiobraziliense.com.br\/vivabrasilia\/wp-content\/uploads\/sites\/4\/2026\/09\/O-embaixador-do-Vietna-Bui-Van-Nghi-a-embaixatriz-da-Macedonia-do-Norte-Maja-Popova-a-embaixadora-do-Botsuana-Benetia-Chingapane-.jpg 2000w\" sizes=\"auto, (max-width: 1024px) 100vw, 1024px\" \/><figcaption class=\"wp-element-caption\">O embaixador do Vietn\u00e3 Bui Van Nghi, a embaixatriz da Maced\u00f4nia do Norte Maja Popova, a embaixadora do Botsuana Benetia Chingapane, o embaixador da Irlanda Martin Gallagher, Sonaira Alves, a embaixadora da Eslov\u00eaia Mateja Kracun e a embaixadora da Eslov\u00e1quia Katar\u00edna Tomkov\u00e1<\/figcaption><\/figure>\n\n\n\n<figure class=\"wp-block-image size-large\"><img loading=\"lazy\" decoding=\"async\" width=\"1024\" height=\"682\" data-id=\"7772\" src=\"https:\/\/newblogs.correiobraziliense.com.br\/vivabrasilia\/wp-content\/uploads\/sites\/4\/2026\/09\/O-ministro-conselheiro-da-Embaixada-da-Russia-Grigory-Troyanskiy-e-Liudmila-Troyanskaya-1024x682.jpg\" alt=\"\" class=\"wp-image-7772\" srcset=\"https:\/\/newblogs.correiobraziliense.com.br\/vivabrasilia\/wp-content\/uploads\/sites\/4\/2026\/09\/O-ministro-conselheiro-da-Embaixada-da-Russia-Grigory-Troyanskiy-e-Liudmila-Troyanskaya-1024x682.jpg 1024w, https:\/\/newblogs.correiobraziliense.com.br\/vivabrasilia\/wp-content\/uploads\/sites\/4\/2026\/09\/O-ministro-conselheiro-da-Embaixada-da-Russia-Grigory-Troyanskiy-e-Liudmila-Troyanskaya-300x200.jpg 300w, https:\/\/newblogs.correiobraziliense.com.br\/vivabrasilia\/wp-content\/uploads\/sites\/4\/2026\/09\/O-ministro-conselheiro-da-Embaixada-da-Russia-Grigory-Troyanskiy-e-Liudmila-Troyanskaya-768x512.jpg 768w, https:\/\/newblogs.correiobraziliense.com.br\/vivabrasilia\/wp-content\/uploads\/sites\/4\/2026\/09\/O-ministro-conselheiro-da-Embaixada-da-Russia-Grigory-Troyanskiy-e-Liudmila-Troyanskaya-1536x1024.jpg 1536w, https:\/\/newblogs.correiobraziliense.com.br\/vivabrasilia\/wp-content\/uploads\/sites\/4\/2026\/09\/O-ministro-conselheiro-da-Embaixada-da-Russia-Grigory-Troyanskiy-e-Liudmila-Troyanskaya.jpg 2000w\" sizes=\"auto, (max-width: 1024px) 100vw, 1024px\" \/><figcaption class=\"wp-element-caption\">O ministro-conselheiro da Embaixada da R\u00fassia Grigory Troyanskiy e Liudmila Troyanskaya<\/figcaption><\/figure>\n\n\n\n<figure class=\"wp-block-image size-large\"><img loading=\"lazy\" decoding=\"async\" width=\"1024\" height=\"682\" data-id=\"7774\" src=\"https:\/\/newblogs.correiobraziliense.com.br\/vivabrasilia\/wp-content\/uploads\/sites\/4\/2026\/09\/O-embaixador-da-Palestina-Marwan-Jebril-Ivan-Godoy-o-chefe-de-missao-da-Liga-dos-Estados-Arabes-Ibrahim-Alzeben-e-o-embaixador-de-Belarus-Andrey-Andreyev-1024x682.jpg\" alt=\"\" class=\"wp-image-7774\" srcset=\"https:\/\/newblogs.correiobraziliense.com.br\/vivabrasilia\/wp-content\/uploads\/sites\/4\/2026\/09\/O-embaixador-da-Palestina-Marwan-Jebril-Ivan-Godoy-o-chefe-de-missao-da-Liga-dos-Estados-Arabes-Ibrahim-Alzeben-e-o-embaixador-de-Belarus-Andrey-Andreyev-1024x682.jpg 1024w, https:\/\/newblogs.correiobraziliense.com.br\/vivabrasilia\/wp-content\/uploads\/sites\/4\/2026\/09\/O-embaixador-da-Palestina-Marwan-Jebril-Ivan-Godoy-o-chefe-de-missao-da-Liga-dos-Estados-Arabes-Ibrahim-Alzeben-e-o-embaixador-de-Belarus-Andrey-Andreyev-300x200.jpg 300w, https:\/\/newblogs.correiobraziliense.com.br\/vivabrasilia\/wp-content\/uploads\/sites\/4\/2026\/09\/O-embaixador-da-Palestina-Marwan-Jebril-Ivan-Godoy-o-chefe-de-missao-da-Liga-dos-Estados-Arabes-Ibrahim-Alzeben-e-o-embaixador-de-Belarus-Andrey-Andreyev-768x512.jpg 768w, https:\/\/newblogs.correiobraziliense.com.br\/vivabrasilia\/wp-content\/uploads\/sites\/4\/2026\/09\/O-embaixador-da-Palestina-Marwan-Jebril-Ivan-Godoy-o-chefe-de-missao-da-Liga-dos-Estados-Arabes-Ibrahim-Alzeben-e-o-embaixador-de-Belarus-Andrey-Andreyev-1536x1024.jpg 1536w, https:\/\/newblogs.correiobraziliense.com.br\/vivabrasilia\/wp-content\/uploads\/sites\/4\/2026\/09\/O-embaixador-da-Palestina-Marwan-Jebril-Ivan-Godoy-o-chefe-de-missao-da-Liga-dos-Estados-Arabes-Ibrahim-Alzeben-e-o-embaixador-de-Belarus-Andrey-Andreyev.jpg 2000w\" sizes=\"auto, (max-width: 1024px) 100vw, 1024px\" \/><figcaption class=\"wp-element-caption\">O embaixador da Palestina Marwan Jebril, Ivan Godoy, o chefe de miss\u00e3o da Liga dos Estados \u00c1rabes Ibrahim Alzeben e o embaixador de Belarus Andrey Andreyev<\/figcaption><\/figure>\n<\/figure>\n<\/div>\n\t\t\t<div class=\"slider-nav\">\n\t\t\t\t<button class=\"prev\">\n\t\t\t\t<svg xmlns=\"http:\/\/www.w3.org\/2000\/svg\" width=\"26\" height=\"45\" viewBox=\"0 0 26 45\" fill=\"none\">\n\t\t\t\t<path d=\"M24.9118 0.990519C25.5461 1.62494 25.9023 2.48528 25.9023 3.38235C25.9023 4.27943 25.5461 5.13977 24.9118 5.77419L8.16559 22.5204L24.9118 39.2667C25.5281 39.9047 25.8691 40.7593 25.8614 41.6463C25.8537 42.5334 25.4979 43.3819 24.8706 44.0091C24.2434 44.6364 23.3948 44.9922 22.5078 44.9999C21.6208 45.0076 20.7662 44.6666 20.1282 44.0503L0.990082 24.9123C0.355853 24.2778 -0.000438023 23.4175 -0.000438023 22.5204C-0.000438023 21.6234 0.355853 20.763 0.990082 20.1286L20.1282 0.990519C20.7626 0.35629 21.6229 0 22.52 0C23.4171 0 24.2774 0.35629 24.9118 0.990519Z\" fill=\"white\" fill-opacity=\"0.7\"><\/path>\n\t\t\t\t<\/svg>\n\t\t\t\t<\/button>\n\t\t\t\t<button class=\"next\">\n\t\t\t\t<svg xmlns=\"http:\/\/www.w3.org\/2000\/svg\" width=\"26\" height=\"45\" viewBox=\"0 0 26 45\" fill=\"none\">\n\t\t\t\t<path d=\"M0.99052 0.990519C0.356291 1.62494 0 2.48528 0 3.38235C0 4.27943 0.356291 5.13977 0.99052 5.77419L17.7368 22.5204L0.99052 39.2667C0.374265 39.9047 0.0332682 40.7593 0.0409763 41.6463C0.0486844 42.5334 0.40448 43.3819 1.03173 44.0091C1.65898 44.6364 2.5075 44.9922 3.39453 44.9999C4.28156 45.0076 5.13613 44.6666 5.77419 44.0503L24.9123 24.9123C25.5465 24.2778 25.9028 23.4175 25.9028 22.5204C25.9028 21.6234 25.5465 20.763 24.9123 20.1286L5.77419 0.990519C5.13977 0.35629 4.27943 0 3.38235 0C2.48528 0 1.62494 0.35629 0.99052 0.990519Z\" fill=\"white\" fill-opacity=\"0.7\"><\/path>\n\t\t\t\t<\/svg>\n\t\t\t\t<\/button>\n\t\t\t<\/div>\n\t\t\t<div class=\"slider-dots\"><\/div>\n\t\t\t<\/div>","protected":false},"excerpt":{"rendered":"<p>O embaixador Mohammad Ali Selamat ressaltou mais de seis d\u00e9cadas de rela\u00e7\u00f5es bilaterais e oportunidades de coopera\u00e7\u00e3o entre os dois pa\u00edses durante a festa nacional<\/p>\n","protected":false},"author":7,"featured_media":7776,"comment_status":"closed","ping_status":"open","sticky":false,"template":"","format":"standard","meta":{"_acf_changed":false,"inline_featured_image":false,"footnotes":""},"categories":[592],"tags":[9,560,1426,1425,950],"class_list":["post-7780","post","type-post","status-publish","format-standard","has-post-thumbnail","hentry","category-embaixadas","tag-brasilia","tag-embaixadas","tag-internacional","tag-malasia","tag-social"],"acf":[],"yoast_head":"<!-- This site is optimized with the Yoast SEO plugin v28.1 - https:\/\/yoast.com\/product\/yoast-seo-wordpress\/ -->\n<title>Celebra\u00e7\u00e3o do Dia da Mal\u00e1sia re\u00fane corpo diplom\u00e1tico e destaca novos caminhos de parceria com o Brasil - Viva Bras\u00edlia<\/title>\n<meta name=\"robots\" content=\"index, follow, max-snippet:-1, max-image-preview:large, max-video-preview:-1\" \/>\n<link rel=\"canonical\" href=\"https:\/\/newblogs.correiobraziliense.com.br\/vivabrasilia\/celebracao-do-dia-da-malasia-reune-corpo-diplomatico-e-destaca-novos-caminhos-de-parceria-com-o-brasil\/\" \/>\n<meta property=\"og:locale\" content=\"pt_BR\" \/>\n<meta property=\"og:type\" content=\"article\" \/>\n<meta property=\"og:title\" content=\"Celebra\u00e7\u00e3o do Dia da Mal\u00e1sia re\u00fane corpo diplom\u00e1tico e destaca novos caminhos de parceria com o Brasil - Viva Bras\u00edlia\" \/>\n<meta property=\"og:description\" content=\"O embaixador Mohammad Ali Selamat ressaltou mais de seis d\u00e9cadas de rela\u00e7\u00f5es bilaterais e oportunidades de coopera\u00e7\u00e3o entre os dois pa\u00edses durante a festa nacional\" \/>\n<meta property=\"og:url\" content=\"https:\/\/newblogs.correiobraziliense.com.br\/vivabrasilia\/celebracao-do-dia-da-malasia-reune-corpo-diplomatico-e-destaca-novos-caminhos-de-parceria-com-o-brasil\/\" \/>\n<meta property=\"og:site_name\" content=\"Viva Bras\u00edlia\" \/>\n<meta property=\"article:published_time\" content=\"2026-09-05T15:03:11+00:00\" \/>\n<meta property=\"article:modified_time\" content=\"2026-09-05T15:03:13+00:00\" \/>\n<meta property=\"og:image\" content=\"https:\/\/newblogs.correiobraziliense.com.br\/vivabrasilia\/wp-content\/uploads\/sites\/4\/2026\/09\/A-embaixatriz-e-o-embaixador-da-Malasia-Datin-Sharipah-Ab.-Raman-e-Dato-Mohammad-Ali-Selamat-e-o-conselheiro-da-embaixada-Muhamad-Muhaimin-Azmi.jpg\" \/>\n\t<meta property=\"og:image:width\" content=\"2000\" \/>\n\t<meta property=\"og:image:height\" content=\"1333\" \/>\n\t<meta property=\"og:image:type\" content=\"image\/jpeg\" \/>\n<meta name=\"author\" content=\"Mariana Campos\" \/>\n<!-- \/ Yoast SEO plugin. -->","yoast_head_json":{"title":"Celebra\u00e7\u00e3o do Dia da Mal\u00e1sia re\u00fane corpo diplom\u00e1tico e destaca novos caminhos de parceria com o Brasil - Viva Bras\u00edlia","robots":{"index":"index","follow":"follow","max-snippet":"max-snippet:-1","max-image-preview":"max-image-preview:large","max-video-preview":"max-video-preview:-1"},"canonical":"https:\/\/newblogs.correiobraziliense.com.br\/vivabrasilia\/celebracao-do-dia-da-malasia-reune-corpo-diplomatico-e-destaca-novos-caminhos-de-parceria-com-o-brasil\/","og_locale":"pt_BR","og_type":"article","og_title":"Celebra\u00e7\u00e3o do Dia da Mal\u00e1sia re\u00fane corpo diplom\u00e1tico e destaca novos caminhos de parceria com o Brasil - Viva Bras\u00edlia","og_description":"O embaixador Mohammad Ali Selamat ressaltou mais de seis d\u00e9cadas de rela\u00e7\u00f5es bilaterais e oportunidades de coopera\u00e7\u00e3o entre os dois pa\u00edses durante a festa nacional","og_url":"https:\/\/newblogs.correiobraziliense.com.br\/vivabrasilia\/celebracao-do-dia-da-malasia-reune-corpo-diplomatico-e-destaca-novos-caminhos-de-parceria-com-o-brasil\/","og_site_name":"Viva Bras\u00edlia","article_published_time":"2026-09-05T15:03:11+00:00","article_modified_time":"2026-09-05T15:03:13+00:00","og_image":[{"width":2000,"height":1333,"url":"https:\/\/newblogs.correiobraziliense.com.br\/vivabrasilia\/wp-content\/uploads\/sites\/4\/2026\/09\/A-embaixatriz-e-o-embaixador-da-Malasia-Datin-Sharipah-Ab.-Raman-e-Dato-Mohammad-Ali-Selamat-e-o-conselheiro-da-embaixada-Muhamad-Muhaimin-Azmi.jpg","type":"image\/jpeg"}],"author":"Mariana Campos","schema":{"@context":"https:\/\/schema.org","@graph":[{"@type":"Article","@id":"https:\/\/newblogs.correiobraziliense.com.br\/vivabrasilia\/celebracao-do-dia-da-malasia-reune-corpo-diplomatico-e-destaca-novos-caminhos-de-parceria-com-o-brasil\/#article","isPartOf":{"@id":"https:\/\/newblogs.correiobraziliense.com.br\/vivabrasilia\/celebracao-do-dia-da-malasia-reune-corpo-diplomatico-e-destaca-novos-caminhos-de-parceria-com-o-brasil\/"},"author":{"name":"Mariana Campos","@id":"https:\/\/newblogs.correiobraziliense.com.br\/vivabrasilia\/#\/schema\/person\/018c75775aaa6ead74dde48a78ac7fa1"},"headline":"Celebra\u00e7\u00e3o do Dia da Mal\u00e1sia re\u00fane corpo diplom\u00e1tico e destaca novos caminhos de parceria com o Brasil","datePublished":"2026-09-05T15:03:11+00:00","dateModified":"2026-09-05T15:03:13+00:00","mainEntityOfPage":{"@id":"https:\/\/newblogs.correiobraziliense.com.br\/vivabrasilia\/celebracao-do-dia-da-malasia-reune-corpo-diplomatico-e-destaca-novos-caminhos-de-parceria-com-o-brasil\/"},"wordCount":322,"image":{"@id":"https:\/\/newblogs.correiobraziliense.com.br\/vivabrasilia\/celebracao-do-dia-da-malasia-reune-corpo-diplomatico-e-destaca-novos-caminhos-de-parceria-com-o-brasil\/#primaryimage"},"thumbnailUrl":"https:\/\/newblogs.correiobraziliense.com.br\/vivabrasilia\/wp-content\/uploads\/sites\/4\/2026\/09\/A-embaixatriz-e-o-embaixador-da-Malasia-Datin-Sharipah-Ab.-Raman-e-Dato-Mohammad-Ali-Selamat-e-o-conselheiro-da-embaixada-Muhamad-Muhaimin-Azmi.jpg","keywords":["Bras\u00edlia","Embaixadas","Internacional","Mal\u00e1sia","Social"],"articleSection":["Embaixadas"],"inLanguage":"pt-BR"},{"@type":"WebPage","@id":"https:\/\/newblogs.correiobraziliense.com.br\/vivabrasilia\/celebracao-do-dia-da-malasia-reune-corpo-diplomatico-e-destaca-novos-caminhos-de-parceria-com-o-brasil\/","url":"https:\/\/newblogs.correiobraziliense.com.br\/vivabrasilia\/celebracao-do-dia-da-malasia-reune-corpo-diplomatico-e-destaca-novos-caminhos-de-parceria-com-o-brasil\/","name":"Celebra\u00e7\u00e3o do Dia da Mal\u00e1sia re\u00fane corpo diplom\u00e1tico e destaca novos caminhos de parceria com o Brasil - Viva Bras\u00edlia","isPartOf":{"@id":"https:\/\/newblogs.correiobraziliense.com.br\/vivabrasilia\/#website"},"primaryImageOfPage":{"@id":"https:\/\/newblogs.correiobraziliense.com.br\/vivabrasilia\/celebracao-do-dia-da-malasia-reune-corpo-diplomatico-e-destaca-novos-caminhos-de-parceria-com-o-brasil\/#primaryimage"},"image":{"@id":"https:\/\/newblogs.correiobraziliense.com.br\/vivabrasilia\/celebracao-do-dia-da-malasia-reune-corpo-diplomatico-e-destaca-novos-caminhos-de-parceria-com-o-brasil\/#primaryimage"},"thumbnailUrl":"https:\/\/newblogs.correiobraziliense.com.br\/vivabrasilia\/wp-content\/uploads\/sites\/4\/2026\/09\/A-embaixatriz-e-o-embaixador-da-Malasia-Datin-Sharipah-Ab.-Raman-e-Dato-Mohammad-Ali-Selamat-e-o-conselheiro-da-embaixada-Muhamad-Muhaimin-Azmi.jpg","datePublished":"2026-09-05T15:03:11+00:00","dateModified":"2026-09-05T15:03:13+00:00","author":{"@id":"https:\/\/newblogs.correiobraziliense.com.br\/vivabrasilia\/#\/schema\/person\/018c75775aaa6ead74dde48a78ac7fa1"},"breadcrumb":{"@id":"https:\/\/newblogs.correiobraziliense.com.br\/vivabrasilia\/celebracao-do-dia-da-malasia-reune-corpo-diplomatico-e-destaca-novos-caminhos-de-parceria-com-o-brasil\/#breadcrumb"},"inLanguage":"pt-BR","potentialAction":[{"@type":"ReadAction","target":["https:\/\/newblogs.correiobraziliense.com.br\/vivabrasilia\/celebracao-do-dia-da-malasia-reune-corpo-diplomatico-e-destaca-novos-caminhos-de-parceria-com-o-brasil\/"]}]},{"@type":"ImageObject","inLanguage":"pt-BR","@id":"https:\/\/newblogs.correiobraziliense.com.br\/vivabrasilia\/celebracao-do-dia-da-malasia-reune-corpo-diplomatico-e-destaca-novos-caminhos-de-parceria-com-o-brasil\/#primaryimage","url":"https:\/\/newblogs.correiobraziliense.com.br\/vivabrasilia\/wp-content\/uploads\/sites\/4\/2026\/09\/A-embaixatriz-e-o-embaixador-da-Malasia-Datin-Sharipah-Ab.-Raman-e-Dato-Mohammad-Ali-Selamat-e-o-conselheiro-da-embaixada-Muhamad-Muhaimin-Azmi.jpg","contentUrl":"https:\/\/newblogs.correiobraziliense.com.br\/vivabrasilia\/wp-content\/uploads\/sites\/4\/2026\/09\/A-embaixatriz-e-o-embaixador-da-Malasia-Datin-Sharipah-Ab.-Raman-e-Dato-Mohammad-Ali-Selamat-e-o-conselheiro-da-embaixada-Muhamad-Muhaimin-Azmi.jpg","width":2000,"height":1333,"caption":"A embaixatriz e o embaixador da Mal\u00e1sia, Datin Sharipah Ab. Raman e Dato\u2019 Mohammad Ali Selamat, e o conselheiro da embaixada Muhamad Muhaimin Azmi"},{"@type":"BreadcrumbList","@id":"https:\/\/newblogs.correiobraziliense.com.br\/vivabrasilia\/celebracao-do-dia-da-malasia-reune-corpo-diplomatico-e-destaca-novos-caminhos-de-parceria-com-o-brasil\/#breadcrumb","itemListElement":[{"@type":"ListItem","position":1,"name":"In\u00edcio","item":"https:\/\/newblogs.correiobraziliense.com.br\/vivabrasilia\/"},{"@type":"ListItem","position":2,"name":"Celebra\u00e7\u00e3o do Dia da Mal\u00e1sia re\u00fane corpo diplom\u00e1tico e destaca novos caminhos de parceria com o Brasil"}]},{"@type":"WebSite","@id":"https:\/\/newblogs.correiobraziliense.com.br\/vivabrasilia\/#website","url":"https:\/\/newblogs.correiobraziliense.com.br\/vivabrasilia\/","name":"Viva Bras\u00edlia","description":"Coluna de estilo de vida","potentialAction":[{"@type":"SearchAction","target":{"@type":"EntryPoint","urlTemplate":"https:\/\/newblogs.correiobraziliense.com.br\/vivabrasilia\/?s={search_term_string}"},"query-input":{"@type":"PropertyValueSpecification","valueRequired":true,"valueName":"search_term_string"}}],"inLanguage":"pt-BR"},{"@type":"Person","@id":"https:\/\/newblogs.correiobraziliense.com.br\/vivabrasilia\/#\/schema\/person\/018c75775aaa6ead74dde48a78ac7fa1","name":"Mariana Campos","image":{"@type":"ImageObject","inLanguage":"pt-BR","@id":"https:\/\/secure.gravatar.com\/avatar\/97cd13271bc36c11415a45e9f8192828452de6a8c0e24857edbf96d21752260f?s=96&d=mm&r=g","url":"https:\/\/secure.gravatar.com\/avatar\/97cd13271bc36c11415a45e9f8192828452de6a8c0e24857edbf96d21752260f?s=96&d=mm&r=g","contentUrl":"https:\/\/secure.gravatar.com\/avatar\/97cd13271bc36c11415a45e9f8192828452de6a8c0e24857edbf96d21752260f?s=96&d=mm&r=g","caption":"Mariana Campos"},"description":"Colunista da Viva Bras\u00edlia, Mariana escreve e fotografa para a coluna, unindo o jornalismo escrito e fotogr\u00e1fico para mostrar que a capital \u00e9 uma cidade viva que n\u00e3o se resume apenas ao poder. Tamb\u00e9m faz a cobertura de moda para seu blog, Pliss\u00ea, e para as redes sociais do Correio. \u00c9 formada em Publicidade e Propaganda, e cursa Jornalismo.","sameAs":["http:\/\/newblogs.correiobraziliense.com\/plisse","https:\/\/www.instagram.com\/marigrigori"],"url":"https:\/\/newblogs.correiobraziliense.com.br\/vivabrasilia\/author\/marivivabrasilia\/"}]}},"_links":{"self":[{"href":"https:\/\/newblogs.correiobraziliense.com.br\/vivabrasilia\/wp-json\/wp\/v2\/posts\/7780","targetHints":{"allow":["GET"]}}],"collection":[{"href":"https:\/\/newblogs.correiobraziliense.com.br\/vivabrasilia\/wp-json\/wp\/v2\/posts"}],"about":[{"href":"https:\/\/newblogs.correiobraziliense.com.br\/vivabrasilia\/wp-json\/wp\/v2\/types\/post"}],"author":[{"embeddable":true,"href":"https:\/\/newblogs.correiobraziliense.com.br\/vivabrasilia\/wp-json\/wp\/v2\/users\/7"}],"replies":[{"embeddable":true,"href":"https:\/\/newblogs.correiobraziliense.com.br\/vivabrasilia\/wp-json\/wp\/v2\/comments?post=7780"}],"version-history":[{"count":1,"href":"https:\/\/newblogs.correiobraziliense.com.br\/vivabrasilia\/wp-json\/wp\/v2\/posts\/7780\/revisions"}],"predecessor-version":[{"id":7781,"href":"https:\/\/newblogs.correiobraziliense.com.br\/vivabrasilia\/wp-json\/wp\/v2\/posts\/7780\/revisions\/7781"}],"wp:featuredmedia":[{"embeddable":true,"href":"https:\/\/newblogs.correiobraziliense.com.br\/vivabrasilia\/wp-json\/wp\/v2\/media\/7776"}],"wp:attachment":[{"href":"https:\/\/newblogs.correiobraziliense.com.br\/vivabrasilia\/wp-json\/wp\/v2\/media?parent=7780"}],"wp:term":[{"taxonomy":"category","embeddable":true,"href":"https:\/\/newblogs.correiobraziliense.com.br\/vivabrasilia\/wp-json\/wp\/v2\/categories?post=7780"},{"taxonomy":"post_tag","embeddable":true,"href":"https:\/\/newblogs.correiobraziliense.com.br\/vivabrasilia\/wp-json\/wp\/v2\/tags?post=7780"}],"curies":[{"name":"wp","href":"https:\/\/api.w.org\/{rel}","templated":true}]}}