{"id":7755,"date":"2026-09-05T12:04:11","date_gmt":"2026-09-05T15:04:11","guid":{"rendered":"https:\/\/newblogs.correiobraziliense.com.br\/vivabrasilia\/?p=7755"},"modified":"2026-09-05T12:04:14","modified_gmt":"2026-09-05T15:04:14","slug":"corredores-em-obra-da-10a-expansao-recebem-festa-e-antecipam-novidades-no-parkshopping","status":"publish","type":"post","link":"https:\/\/newblogs.correiobraziliense.com.br\/vivabrasilia\/corredores-em-obra-da-10a-expansao-recebem-festa-e-antecipam-novidades-no-parkshopping\/","title":{"rendered":"Corredores em obra da 10\u00aa expans\u00e3o recebem festa e antecipam novidades no ParkShopping"},"content":{"rendered":"\n<p>Antes da inaugura\u00e7\u00e3o, marcada para 18 de novembro, os corredores da 10\u00aa Expans\u00e3o do ParkShopping receberam convidados e influenciadores para uma visita exclusiva \u00e0 nova ala, realizada na noite da \u00faltima ter\u00e7a-feira. Com discotecagem do DJ Chicco, a festa Conex\u00e3o ParkShopping ocorreu no pr\u00f3prio ambiente da obra, ainda inacabada, dando espa\u00e7o para imaginar a transforma\u00e7\u00e3o que acontecer\u00e1 nos pr\u00f3ximos dois meses. Conduzida pelo stylist Yan Acioli, a noite apresentou detalhes do novo boulevard, que ter\u00e1 quase 9 mil m2 de \u00e1rea e cerca de 60 opera\u00e7\u00f5es, entre lojas nacionais e internacionais que marcam presen\u00e7a na cidade pela primeira vez e marcas j\u00e1 consolidadas no mercado brasiliense.<\/p>\n\n\n<div class=\"slider-wrapper\"><div class=\"slider\">\n<figure class=\"wp-block-gallery has-nested-images columns-default is-cropped wp-block-gallery-1 is-layout-flex wp-block-gallery-is-layout-flex\">\n<figure class=\"wp-block-image size-large\"><img loading=\"lazy\" decoding=\"async\" width=\"1024\" height=\"682\" data-id=\"7757\" src=\"https:\/\/newblogs.correiobraziliense.com.br\/vivabrasilia\/wp-content\/uploads\/sites\/4\/2026\/09\/Nara-Monga-Mariana-Lombardi-e-Ana-Luiza-Favato-1024x682.jpg\" alt=\"\" class=\"wp-image-7757\" srcset=\"https:\/\/newblogs.correiobraziliense.com.br\/vivabrasilia\/wp-content\/uploads\/sites\/4\/2026\/09\/Nara-Monga-Mariana-Lombardi-e-Ana-Luiza-Favato-1024x682.jpg 1024w, https:\/\/newblogs.correiobraziliense.com.br\/vivabrasilia\/wp-content\/uploads\/sites\/4\/2026\/09\/Nara-Monga-Mariana-Lombardi-e-Ana-Luiza-Favato-300x200.jpg 300w, https:\/\/newblogs.correiobraziliense.com.br\/vivabrasilia\/wp-content\/uploads\/sites\/4\/2026\/09\/Nara-Monga-Mariana-Lombardi-e-Ana-Luiza-Favato-768x512.jpg 768w, https:\/\/newblogs.correiobraziliense.com.br\/vivabrasilia\/wp-content\/uploads\/sites\/4\/2026\/09\/Nara-Monga-Mariana-Lombardi-e-Ana-Luiza-Favato-1536x1024.jpg 1536w, https:\/\/newblogs.correiobraziliense.com.br\/vivabrasilia\/wp-content\/uploads\/sites\/4\/2026\/09\/Nara-Monga-Mariana-Lombardi-e-Ana-Luiza-Favato.jpg 2000w\" sizes=\"auto, (max-width: 1024px) 100vw, 1024px\" \/><figcaption class=\"wp-element-caption\">Nara Monga, Mariana Lombardi e Ana Luiza Favato<\/figcaption><\/figure>\n\n\n\n<figure class=\"wp-block-image size-large\"><img loading=\"lazy\" decoding=\"async\" width=\"1024\" height=\"682\" data-id=\"7756\" src=\"https:\/\/newblogs.correiobraziliense.com.br\/vivabrasilia\/wp-content\/uploads\/sites\/4\/2026\/09\/Anna-Aimee-Codeco-e-Natalia-Vaz-1024x682.jpg\" alt=\"\" class=\"wp-image-7756\" srcset=\"https:\/\/newblogs.correiobraziliense.com.br\/vivabrasilia\/wp-content\/uploads\/sites\/4\/2026\/09\/Anna-Aimee-Codeco-e-Natalia-Vaz-1024x682.jpg 1024w, https:\/\/newblogs.correiobraziliense.com.br\/vivabrasilia\/wp-content\/uploads\/sites\/4\/2026\/09\/Anna-Aimee-Codeco-e-Natalia-Vaz-300x200.jpg 300w, https:\/\/newblogs.correiobraziliense.com.br\/vivabrasilia\/wp-content\/uploads\/sites\/4\/2026\/09\/Anna-Aimee-Codeco-e-Natalia-Vaz-768x512.jpg 768w, https:\/\/newblogs.correiobraziliense.com.br\/vivabrasilia\/wp-content\/uploads\/sites\/4\/2026\/09\/Anna-Aimee-Codeco-e-Natalia-Vaz-1536x1024.jpg 1536w, https:\/\/newblogs.correiobraziliense.com.br\/vivabrasilia\/wp-content\/uploads\/sites\/4\/2026\/09\/Anna-Aimee-Codeco-e-Natalia-Vaz.jpg 2000w\" sizes=\"auto, (max-width: 1024px) 100vw, 1024px\" \/><figcaption class=\"wp-element-caption\">Anna Aim\u00e9e Code\u00e7o e Nat\u00e1lia Vaz<\/figcaption><\/figure>\n\n\n\n<figure class=\"wp-block-image size-large\"><img loading=\"lazy\" decoding=\"async\" width=\"1024\" height=\"682\" data-id=\"7758\" src=\"https:\/\/newblogs.correiobraziliense.com.br\/vivabrasilia\/wp-content\/uploads\/sites\/4\/2026\/09\/Mariana-Lombardi-e-Ana-Luiza-Favato-1024x682.jpg\" alt=\"\" class=\"wp-image-7758\" srcset=\"https:\/\/newblogs.correiobraziliense.com.br\/vivabrasilia\/wp-content\/uploads\/sites\/4\/2026\/09\/Mariana-Lombardi-e-Ana-Luiza-Favato-1024x682.jpg 1024w, https:\/\/newblogs.correiobraziliense.com.br\/vivabrasilia\/wp-content\/uploads\/sites\/4\/2026\/09\/Mariana-Lombardi-e-Ana-Luiza-Favato-300x200.jpg 300w, https:\/\/newblogs.correiobraziliense.com.br\/vivabrasilia\/wp-content\/uploads\/sites\/4\/2026\/09\/Mariana-Lombardi-e-Ana-Luiza-Favato-768x512.jpg 768w, https:\/\/newblogs.correiobraziliense.com.br\/vivabrasilia\/wp-content\/uploads\/sites\/4\/2026\/09\/Mariana-Lombardi-e-Ana-Luiza-Favato-1536x1024.jpg 1536w, https:\/\/newblogs.correiobraziliense.com.br\/vivabrasilia\/wp-content\/uploads\/sites\/4\/2026\/09\/Mariana-Lombardi-e-Ana-Luiza-Favato.jpg 2000w\" sizes=\"auto, (max-width: 1024px) 100vw, 1024px\" \/><figcaption class=\"wp-element-caption\">Mariana Lombardi e Ana Luiza Favato<\/figcaption><\/figure>\n\n\n\n<figure class=\"wp-block-image size-large\"><img loading=\"lazy\" decoding=\"async\" width=\"1024\" height=\"682\" data-id=\"7759\" src=\"https:\/\/newblogs.correiobraziliense.com.br\/vivabrasilia\/wp-content\/uploads\/sites\/4\/2026\/09\/Sergio-Fioravante-Livia-Baolucci-e-Julio-Rodrigues-1024x682.jpg\" alt=\"\" class=\"wp-image-7759\" srcset=\"https:\/\/newblogs.correiobraziliense.com.br\/vivabrasilia\/wp-content\/uploads\/sites\/4\/2026\/09\/Sergio-Fioravante-Livia-Baolucci-e-Julio-Rodrigues-1024x682.jpg 1024w, https:\/\/newblogs.correiobraziliense.com.br\/vivabrasilia\/wp-content\/uploads\/sites\/4\/2026\/09\/Sergio-Fioravante-Livia-Baolucci-e-Julio-Rodrigues-300x200.jpg 300w, https:\/\/newblogs.correiobraziliense.com.br\/vivabrasilia\/wp-content\/uploads\/sites\/4\/2026\/09\/Sergio-Fioravante-Livia-Baolucci-e-Julio-Rodrigues-768x512.jpg 768w, https:\/\/newblogs.correiobraziliense.com.br\/vivabrasilia\/wp-content\/uploads\/sites\/4\/2026\/09\/Sergio-Fioravante-Livia-Baolucci-e-Julio-Rodrigues-1536x1024.jpg 1536w, https:\/\/newblogs.correiobraziliense.com.br\/vivabrasilia\/wp-content\/uploads\/sites\/4\/2026\/09\/Sergio-Fioravante-Livia-Baolucci-e-Julio-Rodrigues.jpg 2000w\" sizes=\"auto, (max-width: 1024px) 100vw, 1024px\" \/><figcaption class=\"wp-element-caption\">Sergio Fioravante, Livia Baolucci e Julio Rodrigues<\/figcaption><\/figure>\n\n\n\n<figure class=\"wp-block-image size-large\"><img loading=\"lazy\" decoding=\"async\" width=\"1024\" height=\"682\" data-id=\"7760\" src=\"https:\/\/newblogs.correiobraziliense.com.br\/vivabrasilia\/wp-content\/uploads\/sites\/4\/2026\/09\/Ligia-Cerqueira-e-Mariana-Lovis-1024x682.jpg\" alt=\"\" class=\"wp-image-7760\" srcset=\"https:\/\/newblogs.correiobraziliense.com.br\/vivabrasilia\/wp-content\/uploads\/sites\/4\/2026\/09\/Ligia-Cerqueira-e-Mariana-Lovis-1024x682.jpg 1024w, https:\/\/newblogs.correiobraziliense.com.br\/vivabrasilia\/wp-content\/uploads\/sites\/4\/2026\/09\/Ligia-Cerqueira-e-Mariana-Lovis-300x200.jpg 300w, https:\/\/newblogs.correiobraziliense.com.br\/vivabrasilia\/wp-content\/uploads\/sites\/4\/2026\/09\/Ligia-Cerqueira-e-Mariana-Lovis-768x512.jpg 768w, https:\/\/newblogs.correiobraziliense.com.br\/vivabrasilia\/wp-content\/uploads\/sites\/4\/2026\/09\/Ligia-Cerqueira-e-Mariana-Lovis-1536x1024.jpg 1536w, https:\/\/newblogs.correiobraziliense.com.br\/vivabrasilia\/wp-content\/uploads\/sites\/4\/2026\/09\/Ligia-Cerqueira-e-Mariana-Lovis.jpg 2000w\" sizes=\"auto, (max-width: 1024px) 100vw, 1024px\" \/><figcaption class=\"wp-element-caption\">Ligia Cerqueira e Mariana Lovis<\/figcaption><\/figure>\n\n\n\n<figure class=\"wp-block-image size-large\"><img loading=\"lazy\" decoding=\"async\" width=\"1024\" height=\"682\" data-id=\"7761\" src=\"https:\/\/newblogs.correiobraziliense.com.br\/vivabrasilia\/wp-content\/uploads\/sites\/4\/2026\/09\/Diego-Botelho-e-Diogo-Botelho-1024x682.jpg\" alt=\"\" class=\"wp-image-7761\" srcset=\"https:\/\/newblogs.correiobraziliense.com.br\/vivabrasilia\/wp-content\/uploads\/sites\/4\/2026\/09\/Diego-Botelho-e-Diogo-Botelho-1024x682.jpg 1024w, https:\/\/newblogs.correiobraziliense.com.br\/vivabrasilia\/wp-content\/uploads\/sites\/4\/2026\/09\/Diego-Botelho-e-Diogo-Botelho-300x200.jpg 300w, https:\/\/newblogs.correiobraziliense.com.br\/vivabrasilia\/wp-content\/uploads\/sites\/4\/2026\/09\/Diego-Botelho-e-Diogo-Botelho-768x512.jpg 768w, https:\/\/newblogs.correiobraziliense.com.br\/vivabrasilia\/wp-content\/uploads\/sites\/4\/2026\/09\/Diego-Botelho-e-Diogo-Botelho-1536x1024.jpg 1536w, https:\/\/newblogs.correiobraziliense.com.br\/vivabrasilia\/wp-content\/uploads\/sites\/4\/2026\/09\/Diego-Botelho-e-Diogo-Botelho.jpg 2000w\" sizes=\"auto, (max-width: 1024px) 100vw, 1024px\" \/><figcaption class=\"wp-element-caption\">Diego Botelho e Diogo Botelho<\/figcaption><\/figure>\n\n\n\n<figure class=\"wp-block-image size-large\"><img loading=\"lazy\" decoding=\"async\" width=\"1024\" height=\"682\" data-id=\"7762\" src=\"https:\/\/newblogs.correiobraziliense.com.br\/vivabrasilia\/wp-content\/uploads\/sites\/4\/2026\/09\/Edilane-Rocha-Luiza-Akemi-Debora-Jardim-e-Lucas-Lima-1024x682.jpg\" alt=\"\" class=\"wp-image-7762\" srcset=\"https:\/\/newblogs.correiobraziliense.com.br\/vivabrasilia\/wp-content\/uploads\/sites\/4\/2026\/09\/Edilane-Rocha-Luiza-Akemi-Debora-Jardim-e-Lucas-Lima-1024x682.jpg 1024w, https:\/\/newblogs.correiobraziliense.com.br\/vivabrasilia\/wp-content\/uploads\/sites\/4\/2026\/09\/Edilane-Rocha-Luiza-Akemi-Debora-Jardim-e-Lucas-Lima-300x200.jpg 300w, https:\/\/newblogs.correiobraziliense.com.br\/vivabrasilia\/wp-content\/uploads\/sites\/4\/2026\/09\/Edilane-Rocha-Luiza-Akemi-Debora-Jardim-e-Lucas-Lima-768x512.jpg 768w, https:\/\/newblogs.correiobraziliense.com.br\/vivabrasilia\/wp-content\/uploads\/sites\/4\/2026\/09\/Edilane-Rocha-Luiza-Akemi-Debora-Jardim-e-Lucas-Lima-1536x1024.jpg 1536w, https:\/\/newblogs.correiobraziliense.com.br\/vivabrasilia\/wp-content\/uploads\/sites\/4\/2026\/09\/Edilane-Rocha-Luiza-Akemi-Debora-Jardim-e-Lucas-Lima.jpg 2000w\" sizes=\"auto, (max-width: 1024px) 100vw, 1024px\" \/><figcaption class=\"wp-element-caption\">Edilane Rocha, Luiza Akemi, Debora Jardim e Lucas Lima<\/figcaption><\/figure>\n\n\n\n<figure class=\"wp-block-image size-large\"><img loading=\"lazy\" decoding=\"async\" width=\"1024\" height=\"682\" data-id=\"7763\" src=\"https:\/\/newblogs.correiobraziliense.com.br\/vivabrasilia\/wp-content\/uploads\/sites\/4\/2026\/09\/Yan-Acioli-e-Duda-Portella-2-1024x682.jpg\" alt=\"\" class=\"wp-image-7763\" srcset=\"https:\/\/newblogs.correiobraziliense.com.br\/vivabrasilia\/wp-content\/uploads\/sites\/4\/2026\/09\/Yan-Acioli-e-Duda-Portella-2-1024x682.jpg 1024w, https:\/\/newblogs.correiobraziliense.com.br\/vivabrasilia\/wp-content\/uploads\/sites\/4\/2026\/09\/Yan-Acioli-e-Duda-Portella-2-300x200.jpg 300w, https:\/\/newblogs.correiobraziliense.com.br\/vivabrasilia\/wp-content\/uploads\/sites\/4\/2026\/09\/Yan-Acioli-e-Duda-Portella-2-768x512.jpg 768w, https:\/\/newblogs.correiobraziliense.com.br\/vivabrasilia\/wp-content\/uploads\/sites\/4\/2026\/09\/Yan-Acioli-e-Duda-Portella-2-1536x1024.jpg 1536w, https:\/\/newblogs.correiobraziliense.com.br\/vivabrasilia\/wp-content\/uploads\/sites\/4\/2026\/09\/Yan-Acioli-e-Duda-Portella-2.jpg 2000w\" sizes=\"auto, (max-width: 1024px) 100vw, 1024px\" \/><figcaption class=\"wp-element-caption\">Yan Acioli e Duda Portella<\/figcaption><\/figure>\n\n\n\n<figure class=\"wp-block-image size-large\"><img loading=\"lazy\" decoding=\"async\" width=\"1024\" height=\"682\" data-id=\"7764\" src=\"https:\/\/newblogs.correiobraziliense.com.br\/vivabrasilia\/wp-content\/uploads\/sites\/4\/2026\/09\/Cynthia-Schuler-Clareane-Gonzaga-e-Julia-Mendonca-1024x682.jpg\" alt=\"\" class=\"wp-image-7764\" srcset=\"https:\/\/newblogs.correiobraziliense.com.br\/vivabrasilia\/wp-content\/uploads\/sites\/4\/2026\/09\/Cynthia-Schuler-Clareane-Gonzaga-e-Julia-Mendonca-1024x682.jpg 1024w, https:\/\/newblogs.correiobraziliense.com.br\/vivabrasilia\/wp-content\/uploads\/sites\/4\/2026\/09\/Cynthia-Schuler-Clareane-Gonzaga-e-Julia-Mendonca-300x200.jpg 300w, https:\/\/newblogs.correiobraziliense.com.br\/vivabrasilia\/wp-content\/uploads\/sites\/4\/2026\/09\/Cynthia-Schuler-Clareane-Gonzaga-e-Julia-Mendonca-768x512.jpg 768w, https:\/\/newblogs.correiobraziliense.com.br\/vivabrasilia\/wp-content\/uploads\/sites\/4\/2026\/09\/Cynthia-Schuler-Clareane-Gonzaga-e-Julia-Mendonca-1536x1024.jpg 1536w, https:\/\/newblogs.correiobraziliense.com.br\/vivabrasilia\/wp-content\/uploads\/sites\/4\/2026\/09\/Cynthia-Schuler-Clareane-Gonzaga-e-Julia-Mendonca.jpg 2000w\" sizes=\"auto, (max-width: 1024px) 100vw, 1024px\" \/><figcaption class=\"wp-element-caption\">Cynthia Schuler, Clareane Gonzaga e Julia Mendon\u00e7a<\/figcaption><\/figure>\n\n\n\n<figure class=\"wp-block-image size-large\"><img loading=\"lazy\" decoding=\"async\" width=\"1024\" height=\"682\" data-id=\"7765\" src=\"https:\/\/newblogs.correiobraziliense.com.br\/vivabrasilia\/wp-content\/uploads\/sites\/4\/2026\/09\/Gabriella-Soares-e-Aline-Sanroma-1024x682.jpg\" alt=\"\" class=\"wp-image-7765\" srcset=\"https:\/\/newblogs.correiobraziliense.com.br\/vivabrasilia\/wp-content\/uploads\/sites\/4\/2026\/09\/Gabriella-Soares-e-Aline-Sanroma-1024x682.jpg 1024w, https:\/\/newblogs.correiobraziliense.com.br\/vivabrasilia\/wp-content\/uploads\/sites\/4\/2026\/09\/Gabriella-Soares-e-Aline-Sanroma-300x200.jpg 300w, https:\/\/newblogs.correiobraziliense.com.br\/vivabrasilia\/wp-content\/uploads\/sites\/4\/2026\/09\/Gabriella-Soares-e-Aline-Sanroma-768x512.jpg 768w, https:\/\/newblogs.correiobraziliense.com.br\/vivabrasilia\/wp-content\/uploads\/sites\/4\/2026\/09\/Gabriella-Soares-e-Aline-Sanroma-1536x1024.jpg 1536w, https:\/\/newblogs.correiobraziliense.com.br\/vivabrasilia\/wp-content\/uploads\/sites\/4\/2026\/09\/Gabriella-Soares-e-Aline-Sanroma.jpg 2000w\" sizes=\"auto, (max-width: 1024px) 100vw, 1024px\" \/><figcaption class=\"wp-element-caption\">Gabriella Soares e Aline Sanrom\u00e3<\/figcaption><\/figure>\n\n\n\n<figure class=\"wp-block-image size-large\"><img loading=\"lazy\" decoding=\"async\" width=\"1024\" height=\"682\" data-id=\"7766\" src=\"https:\/\/newblogs.correiobraziliense.com.br\/vivabrasilia\/wp-content\/uploads\/sites\/4\/2026\/09\/Sabrina-Albert-Clarissa-Alvarenga-Thaiz-Brito-e-Cynthia-Portella-1024x682.jpg\" alt=\"\" class=\"wp-image-7766\" srcset=\"https:\/\/newblogs.correiobraziliense.com.br\/vivabrasilia\/wp-content\/uploads\/sites\/4\/2026\/09\/Sabrina-Albert-Clarissa-Alvarenga-Thaiz-Brito-e-Cynthia-Portella-1024x682.jpg 1024w, https:\/\/newblogs.correiobraziliense.com.br\/vivabrasilia\/wp-content\/uploads\/sites\/4\/2026\/09\/Sabrina-Albert-Clarissa-Alvarenga-Thaiz-Brito-e-Cynthia-Portella-300x200.jpg 300w, https:\/\/newblogs.correiobraziliense.com.br\/vivabrasilia\/wp-content\/uploads\/sites\/4\/2026\/09\/Sabrina-Albert-Clarissa-Alvarenga-Thaiz-Brito-e-Cynthia-Portella-768x512.jpg 768w, https:\/\/newblogs.correiobraziliense.com.br\/vivabrasilia\/wp-content\/uploads\/sites\/4\/2026\/09\/Sabrina-Albert-Clarissa-Alvarenga-Thaiz-Brito-e-Cynthia-Portella-1536x1024.jpg 1536w, https:\/\/newblogs.correiobraziliense.com.br\/vivabrasilia\/wp-content\/uploads\/sites\/4\/2026\/09\/Sabrina-Albert-Clarissa-Alvarenga-Thaiz-Brito-e-Cynthia-Portella.jpg 2000w\" sizes=\"auto, (max-width: 1024px) 100vw, 1024px\" \/><figcaption class=\"wp-element-caption\">Sabrina Albert, Clarissa Alvarenga, Thaiz Brito e Cynthia Portella<\/figcaption><\/figure>\n\n\n\n<figure class=\"wp-block-image size-large\"><img loading=\"lazy\" decoding=\"async\" width=\"1024\" height=\"682\" data-id=\"7767\" src=\"https:\/\/newblogs.correiobraziliense.com.br\/vivabrasilia\/wp-content\/uploads\/sites\/4\/2026\/09\/Cinthya-Schuler-e-Gabrielle-Calmon-1024x682.jpg\" alt=\"\" class=\"wp-image-7767\" srcset=\"https:\/\/newblogs.correiobraziliense.com.br\/vivabrasilia\/wp-content\/uploads\/sites\/4\/2026\/09\/Cinthya-Schuler-e-Gabrielle-Calmon-1024x682.jpg 1024w, https:\/\/newblogs.correiobraziliense.com.br\/vivabrasilia\/wp-content\/uploads\/sites\/4\/2026\/09\/Cinthya-Schuler-e-Gabrielle-Calmon-300x200.jpg 300w, https:\/\/newblogs.correiobraziliense.com.br\/vivabrasilia\/wp-content\/uploads\/sites\/4\/2026\/09\/Cinthya-Schuler-e-Gabrielle-Calmon-768x512.jpg 768w, https:\/\/newblogs.correiobraziliense.com.br\/vivabrasilia\/wp-content\/uploads\/sites\/4\/2026\/09\/Cinthya-Schuler-e-Gabrielle-Calmon-1536x1024.jpg 1536w, https:\/\/newblogs.correiobraziliense.com.br\/vivabrasilia\/wp-content\/uploads\/sites\/4\/2026\/09\/Cinthya-Schuler-e-Gabrielle-Calmon.jpg 2000w\" sizes=\"auto, (max-width: 1024px) 100vw, 1024px\" \/><figcaption class=\"wp-element-caption\">Cinthya Sch\u00fcler e Gabrielle Calmon<\/figcaption><\/figure>\n\n\n\n<figure class=\"wp-block-image size-large\"><img loading=\"lazy\" decoding=\"async\" width=\"1024\" height=\"682\" data-id=\"7768\" src=\"https:\/\/newblogs.correiobraziliense.com.br\/vivabrasilia\/wp-content\/uploads\/sites\/4\/2026\/09\/Maria-Fernanda-Adriana-Tupinamba-Mariana-Medina-e-Camila-Farias-2-1024x682.jpg\" alt=\"\" class=\"wp-image-7768\" srcset=\"https:\/\/newblogs.correiobraziliense.com.br\/vivabrasilia\/wp-content\/uploads\/sites\/4\/2026\/09\/Maria-Fernanda-Adriana-Tupinamba-Mariana-Medina-e-Camila-Farias-2-1024x682.jpg 1024w, https:\/\/newblogs.correiobraziliense.com.br\/vivabrasilia\/wp-content\/uploads\/sites\/4\/2026\/09\/Maria-Fernanda-Adriana-Tupinamba-Mariana-Medina-e-Camila-Farias-2-300x200.jpg 300w, https:\/\/newblogs.correiobraziliense.com.br\/vivabrasilia\/wp-content\/uploads\/sites\/4\/2026\/09\/Maria-Fernanda-Adriana-Tupinamba-Mariana-Medina-e-Camila-Farias-2-768x512.jpg 768w, https:\/\/newblogs.correiobraziliense.com.br\/vivabrasilia\/wp-content\/uploads\/sites\/4\/2026\/09\/Maria-Fernanda-Adriana-Tupinamba-Mariana-Medina-e-Camila-Farias-2-1536x1024.jpg 1536w, https:\/\/newblogs.correiobraziliense.com.br\/vivabrasilia\/wp-content\/uploads\/sites\/4\/2026\/09\/Maria-Fernanda-Adriana-Tupinamba-Mariana-Medina-e-Camila-Farias-2.jpg 2000w\" sizes=\"auto, (max-width: 1024px) 100vw, 1024px\" \/><figcaption class=\"wp-element-caption\">Maria Fernanda, Adriana Tupinamb\u00e1, Mariana Medina e Camila Farias<\/figcaption><\/figure>\n\n\n\n<figure class=\"wp-block-image size-large\"><img loading=\"lazy\" decoding=\"async\" width=\"1024\" height=\"682\" data-id=\"7769\" src=\"https:\/\/newblogs.correiobraziliense.com.br\/vivabrasilia\/wp-content\/uploads\/sites\/4\/2026\/09\/Fernanda-Patricio-Nathalia-Cysne-e-Renata-Andrade-1024x682.jpg\" alt=\"\" class=\"wp-image-7769\" srcset=\"https:\/\/newblogs.correiobraziliense.com.br\/vivabrasilia\/wp-content\/uploads\/sites\/4\/2026\/09\/Fernanda-Patricio-Nathalia-Cysne-e-Renata-Andrade-1024x682.jpg 1024w, https:\/\/newblogs.correiobraziliense.com.br\/vivabrasilia\/wp-content\/uploads\/sites\/4\/2026\/09\/Fernanda-Patricio-Nathalia-Cysne-e-Renata-Andrade-300x200.jpg 300w, https:\/\/newblogs.correiobraziliense.com.br\/vivabrasilia\/wp-content\/uploads\/sites\/4\/2026\/09\/Fernanda-Patricio-Nathalia-Cysne-e-Renata-Andrade-768x512.jpg 768w, https:\/\/newblogs.correiobraziliense.com.br\/vivabrasilia\/wp-content\/uploads\/sites\/4\/2026\/09\/Fernanda-Patricio-Nathalia-Cysne-e-Renata-Andrade-1536x1024.jpg 1536w, https:\/\/newblogs.correiobraziliense.com.br\/vivabrasilia\/wp-content\/uploads\/sites\/4\/2026\/09\/Fernanda-Patricio-Nathalia-Cysne-e-Renata-Andrade.jpg 2000w\" sizes=\"auto, (max-width: 1024px) 100vw, 1024px\" \/><figcaption class=\"wp-element-caption\">Fernanda Patricio, Nathalia Cysne e Renata Andrade<\/figcaption><\/figure>\n\n\n\n<figure class=\"wp-block-image size-large\"><img loading=\"lazy\" decoding=\"async\" width=\"1024\" height=\"682\" data-id=\"7770\" src=\"https:\/\/newblogs.correiobraziliense.com.br\/vivabrasilia\/wp-content\/uploads\/sites\/4\/2026\/09\/Camila-Rodrigues-Darla-Sierra-e-Sunaika-Souza-1024x682.jpg\" alt=\"\" class=\"wp-image-7770\" srcset=\"https:\/\/newblogs.correiobraziliense.com.br\/vivabrasilia\/wp-content\/uploads\/sites\/4\/2026\/09\/Camila-Rodrigues-Darla-Sierra-e-Sunaika-Souza-1024x682.jpg 1024w, https:\/\/newblogs.correiobraziliense.com.br\/vivabrasilia\/wp-content\/uploads\/sites\/4\/2026\/09\/Camila-Rodrigues-Darla-Sierra-e-Sunaika-Souza-300x200.jpg 300w, https:\/\/newblogs.correiobraziliense.com.br\/vivabrasilia\/wp-content\/uploads\/sites\/4\/2026\/09\/Camila-Rodrigues-Darla-Sierra-e-Sunaika-Souza-768x512.jpg 768w, https:\/\/newblogs.correiobraziliense.com.br\/vivabrasilia\/wp-content\/uploads\/sites\/4\/2026\/09\/Camila-Rodrigues-Darla-Sierra-e-Sunaika-Souza-1536x1024.jpg 1536w, https:\/\/newblogs.correiobraziliense.com.br\/vivabrasilia\/wp-content\/uploads\/sites\/4\/2026\/09\/Camila-Rodrigues-Darla-Sierra-e-Sunaika-Souza.jpg 2000w\" sizes=\"auto, (max-width: 1024px) 100vw, 1024px\" \/><figcaption class=\"wp-element-caption\">Camila Rodrigues, Darla Sierra e Sunaika Souza<\/figcaption><\/figure>\n<\/figure>\n<\/div>\n\t\t\t<div class=\"slider-nav\">\n\t\t\t\t<button class=\"prev\">\n\t\t\t\t<svg xmlns=\"http:\/\/www.w3.org\/2000\/svg\" width=\"26\" height=\"45\" viewBox=\"0 0 26 45\" fill=\"none\">\n\t\t\t\t<path d=\"M24.9118 0.990519C25.5461 1.62494 25.9023 2.48528 25.9023 3.38235C25.9023 4.27943 25.5461 5.13977 24.9118 5.77419L8.16559 22.5204L24.9118 39.2667C25.5281 39.9047 25.8691 40.7593 25.8614 41.6463C25.8537 42.5334 25.4979 43.3819 24.8706 44.0091C24.2434 44.6364 23.3948 44.9922 22.5078 44.9999C21.6208 45.0076 20.7662 44.6666 20.1282 44.0503L0.990082 24.9123C0.355853 24.2778 -0.000438023 23.4175 -0.000438023 22.5204C-0.000438023 21.6234 0.355853 20.763 0.990082 20.1286L20.1282 0.990519C20.7626 0.35629 21.6229 0 22.52 0C23.4171 0 24.2774 0.35629 24.9118 0.990519Z\" fill=\"white\" fill-opacity=\"0.7\"><\/path>\n\t\t\t\t<\/svg>\n\t\t\t\t<\/button>\n\t\t\t\t<button class=\"next\">\n\t\t\t\t<svg xmlns=\"http:\/\/www.w3.org\/2000\/svg\" width=\"26\" height=\"45\" viewBox=\"0 0 26 45\" fill=\"none\">\n\t\t\t\t<path d=\"M0.99052 0.990519C0.356291 1.62494 0 2.48528 0 3.38235C0 4.27943 0.356291 5.13977 0.99052 5.77419L17.7368 22.5204L0.99052 39.2667C0.374265 39.9047 0.0332682 40.7593 0.0409763 41.6463C0.0486844 42.5334 0.40448 43.3819 1.03173 44.0091C1.65898 44.6364 2.5075 44.9922 3.39453 44.9999C4.28156 45.0076 5.13613 44.6666 5.77419 44.0503L24.9123 24.9123C25.5465 24.2778 25.9028 23.4175 25.9028 22.5204C25.9028 21.6234 25.5465 20.763 24.9123 20.1286L5.77419 0.990519C5.13977 0.35629 4.27943 0 3.38235 0C2.48528 0 1.62494 0.35629 0.99052 0.990519Z\" fill=\"white\" fill-opacity=\"0.7\"><\/path>\n\t\t\t\t<\/svg>\n\t\t\t\t<\/button>\n\t\t\t<\/div>\n\t\t\t<div class=\"slider-dots\"><\/div>\n\t\t\t<\/div>","protected":false},"excerpt":{"rendered":"<p>Durante uma noite de comemora\u00e7\u00e3o em meio \u00e0 obra, os convidados conheceram o espa\u00e7o do futuro boulevard e descobriram algumas das opera\u00e7\u00f5es que passar\u00e3o a integrar o empreendimento<\/p>\n","protected":false},"author":7,"featured_media":7778,"comment_status":"closed","ping_status":"open","sticky":false,"template":"","format":"standard","meta":{"_acf_changed":false,"inline_featured_image":false,"footnotes":""},"categories":[1135],"tags":[9,411,190,950],"class_list":["post-7755","post","type-post","status-publish","format-standard","has-post-thumbnail","hentry","category-shopping","tag-brasilia","tag-festa","tag-parkshopping","tag-social"],"acf":[],"yoast_head":"<!-- This site is optimized with the Yoast SEO plugin v28.1 - https:\/\/yoast.com\/product\/yoast-seo-wordpress\/ -->\n<title>Corredores em obra da 10\u00aa expans\u00e3o recebem festa e antecipam novidades no ParkShopping - Viva Bras\u00edlia<\/title>\n<meta name=\"robots\" content=\"index, follow, max-snippet:-1, max-image-preview:large, max-video-preview:-1\" \/>\n<link rel=\"canonical\" href=\"https:\/\/newblogs.correiobraziliense.com.br\/vivabrasilia\/corredores-em-obra-da-10a-expansao-recebem-festa-e-antecipam-novidades-no-parkshopping\/\" \/>\n<meta property=\"og:locale\" content=\"pt_BR\" \/>\n<meta property=\"og:type\" content=\"article\" \/>\n<meta property=\"og:title\" content=\"Corredores em obra da 10\u00aa expans\u00e3o recebem festa e antecipam novidades no ParkShopping - Viva Bras\u00edlia\" \/>\n<meta property=\"og:description\" content=\"Durante uma noite de comemora\u00e7\u00e3o em meio \u00e0 obra, os convidados conheceram o espa\u00e7o do futuro boulevard e descobriram algumas das opera\u00e7\u00f5es que passar\u00e3o a integrar o empreendimento\" \/>\n<meta property=\"og:url\" content=\"https:\/\/newblogs.correiobraziliense.com.br\/vivabrasilia\/corredores-em-obra-da-10a-expansao-recebem-festa-e-antecipam-novidades-no-parkshopping\/\" \/>\n<meta property=\"og:site_name\" content=\"Viva Bras\u00edlia\" \/>\n<meta property=\"article:published_time\" content=\"2026-09-05T15:04:11+00:00\" \/>\n<meta property=\"article:modified_time\" content=\"2026-09-05T15:04:14+00:00\" \/>\n<meta property=\"og:image\" content=\"https:\/\/newblogs.correiobraziliense.com.br\/vivabrasilia\/wp-content\/uploads\/sites\/4\/2026\/09\/IMG_9463.jpg\" \/>\n\t<meta property=\"og:image:width\" content=\"2000\" \/>\n\t<meta property=\"og:image:height\" content=\"1333\" \/>\n\t<meta property=\"og:image:type\" content=\"image\/jpeg\" \/>\n<meta name=\"author\" content=\"Mariana Campos\" \/>\n<!-- \/ Yoast SEO plugin. -->","yoast_head_json":{"title":"Corredores em obra da 10\u00aa expans\u00e3o recebem festa e antecipam novidades no ParkShopping - Viva Bras\u00edlia","robots":{"index":"index","follow":"follow","max-snippet":"max-snippet:-1","max-image-preview":"max-image-preview:large","max-video-preview":"max-video-preview:-1"},"canonical":"https:\/\/newblogs.correiobraziliense.com.br\/vivabrasilia\/corredores-em-obra-da-10a-expansao-recebem-festa-e-antecipam-novidades-no-parkshopping\/","og_locale":"pt_BR","og_type":"article","og_title":"Corredores em obra da 10\u00aa expans\u00e3o recebem festa e antecipam novidades no ParkShopping - Viva Bras\u00edlia","og_description":"Durante uma noite de comemora\u00e7\u00e3o em meio \u00e0 obra, os convidados conheceram o espa\u00e7o do futuro boulevard e descobriram algumas das opera\u00e7\u00f5es que passar\u00e3o a integrar o empreendimento","og_url":"https:\/\/newblogs.correiobraziliense.com.br\/vivabrasilia\/corredores-em-obra-da-10a-expansao-recebem-festa-e-antecipam-novidades-no-parkshopping\/","og_site_name":"Viva Bras\u00edlia","article_published_time":"2026-09-05T15:04:11+00:00","article_modified_time":"2026-09-05T15:04:14+00:00","og_image":[{"width":2000,"height":1333,"url":"https:\/\/newblogs.correiobraziliense.com.br\/vivabrasilia\/wp-content\/uploads\/sites\/4\/2026\/09\/IMG_9463.jpg","type":"image\/jpeg"}],"author":"Mariana Campos","schema":{"@context":"https:\/\/schema.org","@graph":[{"@type":"Article","@id":"https:\/\/newblogs.correiobraziliense.com.br\/vivabrasilia\/corredores-em-obra-da-10a-expansao-recebem-festa-e-antecipam-novidades-no-parkshopping\/#article","isPartOf":{"@id":"https:\/\/newblogs.correiobraziliense.com.br\/vivabrasilia\/corredores-em-obra-da-10a-expansao-recebem-festa-e-antecipam-novidades-no-parkshopping\/"},"author":{"name":"Mariana Campos","@id":"https:\/\/newblogs.correiobraziliense.com.br\/vivabrasilia\/#\/schema\/person\/018c75775aaa6ead74dde48a78ac7fa1"},"headline":"Corredores em obra da 10\u00aa expans\u00e3o recebem festa e antecipam novidades no ParkShopping","datePublished":"2026-09-05T15:04:11+00:00","dateModified":"2026-09-05T15:04:14+00:00","mainEntityOfPage":{"@id":"https:\/\/newblogs.correiobraziliense.com.br\/vivabrasilia\/corredores-em-obra-da-10a-expansao-recebem-festa-e-antecipam-novidades-no-parkshopping\/"},"wordCount":229,"image":{"@id":"https:\/\/newblogs.correiobraziliense.com.br\/vivabrasilia\/corredores-em-obra-da-10a-expansao-recebem-festa-e-antecipam-novidades-no-parkshopping\/#primaryimage"},"thumbnailUrl":"https:\/\/newblogs.correiobraziliense.com.br\/vivabrasilia\/wp-content\/uploads\/sites\/4\/2026\/09\/IMG_9463.jpg","keywords":["Bras\u00edlia","Festa","ParkShopping","Social"],"articleSection":["Shopping"],"inLanguage":"pt-BR"},{"@type":"WebPage","@id":"https:\/\/newblogs.correiobraziliense.com.br\/vivabrasilia\/corredores-em-obra-da-10a-expansao-recebem-festa-e-antecipam-novidades-no-parkshopping\/","url":"https:\/\/newblogs.correiobraziliense.com.br\/vivabrasilia\/corredores-em-obra-da-10a-expansao-recebem-festa-e-antecipam-novidades-no-parkshopping\/","name":"Corredores em obra da 10\u00aa expans\u00e3o recebem festa e antecipam novidades no ParkShopping - Viva Bras\u00edlia","isPartOf":{"@id":"https:\/\/newblogs.correiobraziliense.com.br\/vivabrasilia\/#website"},"primaryImageOfPage":{"@id":"https:\/\/newblogs.correiobraziliense.com.br\/vivabrasilia\/corredores-em-obra-da-10a-expansao-recebem-festa-e-antecipam-novidades-no-parkshopping\/#primaryimage"},"image":{"@id":"https:\/\/newblogs.correiobraziliense.com.br\/vivabrasilia\/corredores-em-obra-da-10a-expansao-recebem-festa-e-antecipam-novidades-no-parkshopping\/#primaryimage"},"thumbnailUrl":"https:\/\/newblogs.correiobraziliense.com.br\/vivabrasilia\/wp-content\/uploads\/sites\/4\/2026\/09\/IMG_9463.jpg","datePublished":"2026-09-05T15:04:11+00:00","dateModified":"2026-09-05T15:04:14+00:00","author":{"@id":"https:\/\/newblogs.correiobraziliense.com.br\/vivabrasilia\/#\/schema\/person\/018c75775aaa6ead74dde48a78ac7fa1"},"breadcrumb":{"@id":"https:\/\/newblogs.correiobraziliense.com.br\/vivabrasilia\/corredores-em-obra-da-10a-expansao-recebem-festa-e-antecipam-novidades-no-parkshopping\/#breadcrumb"},"inLanguage":"pt-BR","potentialAction":[{"@type":"ReadAction","target":["https:\/\/newblogs.correiobraziliense.com.br\/vivabrasilia\/corredores-em-obra-da-10a-expansao-recebem-festa-e-antecipam-novidades-no-parkshopping\/"]}]},{"@type":"ImageObject","inLanguage":"pt-BR","@id":"https:\/\/newblogs.correiobraziliense.com.br\/vivabrasilia\/corredores-em-obra-da-10a-expansao-recebem-festa-e-antecipam-novidades-no-parkshopping\/#primaryimage","url":"https:\/\/newblogs.correiobraziliense.com.br\/vivabrasilia\/wp-content\/uploads\/sites\/4\/2026\/09\/IMG_9463.jpg","contentUrl":"https:\/\/newblogs.correiobraziliense.com.br\/vivabrasilia\/wp-content\/uploads\/sites\/4\/2026\/09\/IMG_9463.jpg","width":2000,"height":1333,"caption":"Antes da inaugura\u00e7\u00e3o, marcada para 18 de novembro, os corredores da 10\u00aa Expans\u00e3o do ParkShopping receberam convidados e influenciadores para uma visita exclusiva \u00e0 nova ala"},{"@type":"BreadcrumbList","@id":"https:\/\/newblogs.correiobraziliense.com.br\/vivabrasilia\/corredores-em-obra-da-10a-expansao-recebem-festa-e-antecipam-novidades-no-parkshopping\/#breadcrumb","itemListElement":[{"@type":"ListItem","position":1,"name":"In\u00edcio","item":"https:\/\/newblogs.correiobraziliense.com.br\/vivabrasilia\/"},{"@type":"ListItem","position":2,"name":"Corredores em obra da 10\u00aa expans\u00e3o recebem festa e antecipam novidades no ParkShopping"}]},{"@type":"WebSite","@id":"https:\/\/newblogs.correiobraziliense.com.br\/vivabrasilia\/#website","url":"https:\/\/newblogs.correiobraziliense.com.br\/vivabrasilia\/","name":"Viva Bras\u00edlia","description":"Coluna de estilo de vida","potentialAction":[{"@type":"SearchAction","target":{"@type":"EntryPoint","urlTemplate":"https:\/\/newblogs.correiobraziliense.com.br\/vivabrasilia\/?s={search_term_string}"},"query-input":{"@type":"PropertyValueSpecification","valueRequired":true,"valueName":"search_term_string"}}],"inLanguage":"pt-BR"},{"@type":"Person","@id":"https:\/\/newblogs.correiobraziliense.com.br\/vivabrasilia\/#\/schema\/person\/018c75775aaa6ead74dde48a78ac7fa1","name":"Mariana Campos","image":{"@type":"ImageObject","inLanguage":"pt-BR","@id":"https:\/\/secure.gravatar.com\/avatar\/97cd13271bc36c11415a45e9f8192828452de6a8c0e24857edbf96d21752260f?s=96&d=mm&r=g","url":"https:\/\/secure.gravatar.com\/avatar\/97cd13271bc36c11415a45e9f8192828452de6a8c0e24857edbf96d21752260f?s=96&d=mm&r=g","contentUrl":"https:\/\/secure.gravatar.com\/avatar\/97cd13271bc36c11415a45e9f8192828452de6a8c0e24857edbf96d21752260f?s=96&d=mm&r=g","caption":"Mariana Campos"},"description":"Colunista da Viva Bras\u00edlia, Mariana escreve e fotografa para a coluna, unindo o jornalismo escrito e fotogr\u00e1fico para mostrar que a capital \u00e9 uma cidade viva que n\u00e3o se resume apenas ao poder. Tamb\u00e9m faz a cobertura de moda para seu blog, Pliss\u00ea, e para as redes sociais do Correio. \u00c9 formada em Publicidade e Propaganda, e cursa Jornalismo.","sameAs":["http:\/\/newblogs.correiobraziliense.com\/plisse","https:\/\/www.instagram.com\/marigrigori"],"url":"https:\/\/newblogs.correiobraziliense.com.br\/vivabrasilia\/author\/marivivabrasilia\/"}]}},"_links":{"self":[{"href":"https:\/\/newblogs.correiobraziliense.com.br\/vivabrasilia\/wp-json\/wp\/v2\/posts\/7755","targetHints":{"allow":["GET"]}}],"collection":[{"href":"https:\/\/newblogs.correiobraziliense.com.br\/vivabrasilia\/wp-json\/wp\/v2\/posts"}],"about":[{"href":"https:\/\/newblogs.correiobraziliense.com.br\/vivabrasilia\/wp-json\/wp\/v2\/types\/post"}],"author":[{"embeddable":true,"href":"https:\/\/newblogs.correiobraziliense.com.br\/vivabrasilia\/wp-json\/wp\/v2\/users\/7"}],"replies":[{"embeddable":true,"href":"https:\/\/newblogs.correiobraziliense.com.br\/vivabrasilia\/wp-json\/wp\/v2\/comments?post=7755"}],"version-history":[{"count":2,"href":"https:\/\/newblogs.correiobraziliense.com.br\/vivabrasilia\/wp-json\/wp\/v2\/posts\/7755\/revisions"}],"predecessor-version":[{"id":7786,"href":"https:\/\/newblogs.correiobraziliense.com.br\/vivabrasilia\/wp-json\/wp\/v2\/posts\/7755\/revisions\/7786"}],"wp:featuredmedia":[{"embeddable":true,"href":"https:\/\/newblogs.correiobraziliense.com.br\/vivabrasilia\/wp-json\/wp\/v2\/media\/7778"}],"wp:attachment":[{"href":"https:\/\/newblogs.correiobraziliense.com.br\/vivabrasilia\/wp-json\/wp\/v2\/media?parent=7755"}],"wp:term":[{"taxonomy":"category","embeddable":true,"href":"https:\/\/newblogs.correiobraziliense.com.br\/vivabrasilia\/wp-json\/wp\/v2\/categories?post=7755"},{"taxonomy":"post_tag","embeddable":true,"href":"https:\/\/newblogs.correiobraziliense.com.br\/vivabrasilia\/wp-json\/wp\/v2\/tags?post=7755"}],"curies":[{"name":"wp","href":"https:\/\/api.w.org\/{rel}","templated":true}]}}