{"id":7741,"date":"2026-09-02T10:39:19","date_gmt":"2026-09-02T13:39:19","guid":{"rendered":"https:\/\/newblogs.correiobraziliense.com.br\/vivabrasilia\/?p=7741"},"modified":"2026-09-02T10:39:22","modified_gmt":"2026-09-02T13:39:22","slug":"alem-do-primeiro-olhar-grupo-de-mulheres-participa-de-visita-guiada-e-desvenda-obras-na-cerrado-cultural","status":"publish","type":"post","link":"https:\/\/newblogs.correiobraziliense.com.br\/vivabrasilia\/alem-do-primeiro-olhar-grupo-de-mulheres-participa-de-visita-guiada-e-desvenda-obras-na-cerrado-cultural\/","title":{"rendered":"Al\u00e9m do primeiro olhar: grupo de mulheres participa de visita guiada e desvenda obras na Cerrado Cultural"},"content":{"rendered":"\n<p>Inauguradas no fim de agosto, as exposi\u00e7\u00f5es Antes do couro ceder, de Rafael de Almeida, e Um abra\u00e7o em um fio de l\u00e3, de Abra\u00e3o Veloso, ganharam novas camadas de interpreta\u00e7\u00e3o durante uma visita guiada no Cerrado Cultural, no Lago Sul. Conduzido pela arte-educadora D\u00e9bora Passos, o encontro reuniu mulheres a convite da estudante Valentina Trigo de Loureiro e percorreu as mostras e as obras do acervo da galeria. Ao apresentar os processos criativos, as refer\u00eancias e as hist\u00f3rias por tr\u00e1s dos trabalhos, a media\u00e7\u00e3o convidou o grupo a ir al\u00e9m do primeiro olhar: no t\u00e9rreo, a compreender como Rafael investiga o Cerrado, o universo rural e as constru\u00e7\u00f5es de masculinidade; e no andar superior, a observar como Abra\u00e3o transforma pintura, tecelagem e croch\u00ea em narrativas sobre afeto, identidade e pertencimento.<\/p>\n\n\n<div class=\"slider-wrapper\"><div class=\"slider\">\n<figure class=\"wp-block-gallery has-nested-images columns-default wp-block-gallery-1 is-layout-flex wp-block-gallery-is-layout-flex\">\n<figure class=\"wp-block-image size-large\"><img loading=\"lazy\" decoding=\"async\" width=\"1024\" height=\"683\" data-id=\"7744\" src=\"https:\/\/newblogs.correiobraziliense.com.br\/vivabrasilia\/wp-content\/uploads\/sites\/4\/2026\/09\/Valentina-Trigo-de-Loureiro-Helena-e-Leticia-Garrote-1024x683.jpg\" alt=\"\" class=\"wp-image-7744\" srcset=\"https:\/\/newblogs.correiobraziliense.com.br\/vivabrasilia\/wp-content\/uploads\/sites\/4\/2026\/09\/Valentina-Trigo-de-Loureiro-Helena-e-Leticia-Garrote-1024x683.jpg 1024w, https:\/\/newblogs.correiobraziliense.com.br\/vivabrasilia\/wp-content\/uploads\/sites\/4\/2026\/09\/Valentina-Trigo-de-Loureiro-Helena-e-Leticia-Garrote-300x200.jpg 300w, https:\/\/newblogs.correiobraziliense.com.br\/vivabrasilia\/wp-content\/uploads\/sites\/4\/2026\/09\/Valentina-Trigo-de-Loureiro-Helena-e-Leticia-Garrote-768x512.jpg 768w, https:\/\/newblogs.correiobraziliense.com.br\/vivabrasilia\/wp-content\/uploads\/sites\/4\/2026\/09\/Valentina-Trigo-de-Loureiro-Helena-e-Leticia-Garrote-1536x1025.jpg 1536w, https:\/\/newblogs.correiobraziliense.com.br\/vivabrasilia\/wp-content\/uploads\/sites\/4\/2026\/09\/Valentina-Trigo-de-Loureiro-Helena-e-Leticia-Garrote.jpg 2000w\" sizes=\"auto, (max-width: 1024px) 100vw, 1024px\" \/><figcaption class=\"wp-element-caption\">Valentina Trigo de Loureiro, Helena e Let\u00edcia Garrote<\/figcaption><\/figure>\n\n\n\n<figure class=\"wp-block-image size-large\"><img loading=\"lazy\" decoding=\"async\" width=\"1024\" height=\"683\" data-id=\"7745\" src=\"https:\/\/newblogs.correiobraziliense.com.br\/vivabrasilia\/wp-content\/uploads\/sites\/4\/2026\/09\/Bia-Castelo-Branco-Cynthia-Bruneto-Alessandra-Furlan-e-Ana-Paula-Gontijo-1024x683.jpg\" alt=\"\" class=\"wp-image-7745\" srcset=\"https:\/\/newblogs.correiobraziliense.com.br\/vivabrasilia\/wp-content\/uploads\/sites\/4\/2026\/09\/Bia-Castelo-Branco-Cynthia-Bruneto-Alessandra-Furlan-e-Ana-Paula-Gontijo-1024x683.jpg 1024w, https:\/\/newblogs.correiobraziliense.com.br\/vivabrasilia\/wp-content\/uploads\/sites\/4\/2026\/09\/Bia-Castelo-Branco-Cynthia-Bruneto-Alessandra-Furlan-e-Ana-Paula-Gontijo-300x200.jpg 300w, https:\/\/newblogs.correiobraziliense.com.br\/vivabrasilia\/wp-content\/uploads\/sites\/4\/2026\/09\/Bia-Castelo-Branco-Cynthia-Bruneto-Alessandra-Furlan-e-Ana-Paula-Gontijo-768x512.jpg 768w, https:\/\/newblogs.correiobraziliense.com.br\/vivabrasilia\/wp-content\/uploads\/sites\/4\/2026\/09\/Bia-Castelo-Branco-Cynthia-Bruneto-Alessandra-Furlan-e-Ana-Paula-Gontijo-1536x1025.jpg 1536w, https:\/\/newblogs.correiobraziliense.com.br\/vivabrasilia\/wp-content\/uploads\/sites\/4\/2026\/09\/Bia-Castelo-Branco-Cynthia-Bruneto-Alessandra-Furlan-e-Ana-Paula-Gontijo.jpg 2000w\" sizes=\"auto, (max-width: 1024px) 100vw, 1024px\" \/><figcaption class=\"wp-element-caption\">Bia Castelo Branco, Cynthia Bruneto, Alessandra Furlan e Ana Paula Gontijo<\/figcaption><\/figure>\n\n\n\n<figure class=\"wp-block-image size-large\"><img loading=\"lazy\" decoding=\"async\" width=\"1024\" height=\"683\" data-id=\"7746\" src=\"https:\/\/newblogs.correiobraziliense.com.br\/vivabrasilia\/wp-content\/uploads\/sites\/4\/2026\/09\/Ale-Beltran-Talal-Almansour-e-Ingridy-Carvalho-1024x683.jpg\" alt=\"\" class=\"wp-image-7746\" srcset=\"https:\/\/newblogs.correiobraziliense.com.br\/vivabrasilia\/wp-content\/uploads\/sites\/4\/2026\/09\/Ale-Beltran-Talal-Almansour-e-Ingridy-Carvalho-1024x683.jpg 1024w, https:\/\/newblogs.correiobraziliense.com.br\/vivabrasilia\/wp-content\/uploads\/sites\/4\/2026\/09\/Ale-Beltran-Talal-Almansour-e-Ingridy-Carvalho-300x200.jpg 300w, https:\/\/newblogs.correiobraziliense.com.br\/vivabrasilia\/wp-content\/uploads\/sites\/4\/2026\/09\/Ale-Beltran-Talal-Almansour-e-Ingridy-Carvalho-768x512.jpg 768w, https:\/\/newblogs.correiobraziliense.com.br\/vivabrasilia\/wp-content\/uploads\/sites\/4\/2026\/09\/Ale-Beltran-Talal-Almansour-e-Ingridy-Carvalho-1536x1025.jpg 1536w, https:\/\/newblogs.correiobraziliense.com.br\/vivabrasilia\/wp-content\/uploads\/sites\/4\/2026\/09\/Ale-Beltran-Talal-Almansour-e-Ingridy-Carvalho.jpg 2000w\" sizes=\"auto, (max-width: 1024px) 100vw, 1024px\" \/><figcaption class=\"wp-element-caption\">Al\u00ea Beltran, Talal Almansour e Ingridy Carvalho<\/figcaption><\/figure>\n\n\n\n<figure class=\"wp-block-image size-large\"><img loading=\"lazy\" decoding=\"async\" width=\"1024\" height=\"683\" data-id=\"7747\" src=\"https:\/\/newblogs.correiobraziliense.com.br\/vivabrasilia\/wp-content\/uploads\/sites\/4\/2026\/09\/Helen-Szervinsk-e-Carol-Janot-1024x683.jpg\" alt=\"\" class=\"wp-image-7747\" srcset=\"https:\/\/newblogs.correiobraziliense.com.br\/vivabrasilia\/wp-content\/uploads\/sites\/4\/2026\/09\/Helen-Szervinsk-e-Carol-Janot-1024x683.jpg 1024w, https:\/\/newblogs.correiobraziliense.com.br\/vivabrasilia\/wp-content\/uploads\/sites\/4\/2026\/09\/Helen-Szervinsk-e-Carol-Janot-300x200.jpg 300w, https:\/\/newblogs.correiobraziliense.com.br\/vivabrasilia\/wp-content\/uploads\/sites\/4\/2026\/09\/Helen-Szervinsk-e-Carol-Janot-768x512.jpg 768w, https:\/\/newblogs.correiobraziliense.com.br\/vivabrasilia\/wp-content\/uploads\/sites\/4\/2026\/09\/Helen-Szervinsk-e-Carol-Janot-1536x1025.jpg 1536w, https:\/\/newblogs.correiobraziliense.com.br\/vivabrasilia\/wp-content\/uploads\/sites\/4\/2026\/09\/Helen-Szervinsk-e-Carol-Janot.jpg 2000w\" sizes=\"auto, (max-width: 1024px) 100vw, 1024px\" \/><figcaption class=\"wp-element-caption\">Helen Szervinsk e Carol Janot<\/figcaption><\/figure>\n\n\n\n<figure class=\"wp-block-image size-large\"><img loading=\"lazy\" decoding=\"async\" width=\"1024\" height=\"683\" data-id=\"7748\" src=\"https:\/\/newblogs.correiobraziliense.com.br\/vivabrasilia\/wp-content\/uploads\/sites\/4\/2026\/09\/Julia-e-Claudia-Falcao-1024x683.jpg\" alt=\"\" class=\"wp-image-7748\" srcset=\"https:\/\/newblogs.correiobraziliense.com.br\/vivabrasilia\/wp-content\/uploads\/sites\/4\/2026\/09\/Julia-e-Claudia-Falcao-1024x683.jpg 1024w, https:\/\/newblogs.correiobraziliense.com.br\/vivabrasilia\/wp-content\/uploads\/sites\/4\/2026\/09\/Julia-e-Claudia-Falcao-300x200.jpg 300w, https:\/\/newblogs.correiobraziliense.com.br\/vivabrasilia\/wp-content\/uploads\/sites\/4\/2026\/09\/Julia-e-Claudia-Falcao-768x512.jpg 768w, https:\/\/newblogs.correiobraziliense.com.br\/vivabrasilia\/wp-content\/uploads\/sites\/4\/2026\/09\/Julia-e-Claudia-Falcao-1536x1025.jpg 1536w, https:\/\/newblogs.correiobraziliense.com.br\/vivabrasilia\/wp-content\/uploads\/sites\/4\/2026\/09\/Julia-e-Claudia-Falcao.jpg 2000w\" sizes=\"auto, (max-width: 1024px) 100vw, 1024px\" \/><figcaption class=\"wp-element-caption\">J\u00falia e Cl\u00e1udia Falc\u00e3o<\/figcaption><\/figure>\n\n\n\n<figure class=\"wp-block-image size-large\"><img loading=\"lazy\" decoding=\"async\" width=\"683\" height=\"1024\" data-id=\"7749\" src=\"https:\/\/newblogs.correiobraziliense.com.br\/vivabrasilia\/wp-content\/uploads\/sites\/4\/2026\/09\/Luciana-Ribeiro-Ana-Claudia-Loureiro-e-Marcia-Gazeta-683x1024.jpg\" alt=\"\" class=\"wp-image-7749\" srcset=\"https:\/\/newblogs.correiobraziliense.com.br\/vivabrasilia\/wp-content\/uploads\/sites\/4\/2026\/09\/Luciana-Ribeiro-Ana-Claudia-Loureiro-e-Marcia-Gazeta-683x1024.jpg 683w, https:\/\/newblogs.correiobraziliense.com.br\/vivabrasilia\/wp-content\/uploads\/sites\/4\/2026\/09\/Luciana-Ribeiro-Ana-Claudia-Loureiro-e-Marcia-Gazeta-200x300.jpg 200w, https:\/\/newblogs.correiobraziliense.com.br\/vivabrasilia\/wp-content\/uploads\/sites\/4\/2026\/09\/Luciana-Ribeiro-Ana-Claudia-Loureiro-e-Marcia-Gazeta-768x1151.jpg 768w, https:\/\/newblogs.correiobraziliense.com.br\/vivabrasilia\/wp-content\/uploads\/sites\/4\/2026\/09\/Luciana-Ribeiro-Ana-Claudia-Loureiro-e-Marcia-Gazeta-1025x1536.jpg 1025w, https:\/\/newblogs.correiobraziliense.com.br\/vivabrasilia\/wp-content\/uploads\/sites\/4\/2026\/09\/Luciana-Ribeiro-Ana-Claudia-Loureiro-e-Marcia-Gazeta.jpg 1334w\" sizes=\"auto, (max-width: 683px) 100vw, 683px\" \/><figcaption class=\"wp-element-caption\">Luciana Ribeiro, Ana Cl\u00e1udia Loureiro e M\u00e1rcia Gazeta<\/figcaption><\/figure>\n\n\n\n<figure class=\"wp-block-image size-large\"><img loading=\"lazy\" decoding=\"async\" width=\"1024\" height=\"683\" data-id=\"7750\" src=\"https:\/\/newblogs.correiobraziliense.com.br\/vivabrasilia\/wp-content\/uploads\/sites\/4\/2026\/09\/Gabriela-Leal-e-Maria-Fernanda-Furlan-1024x683.jpg\" alt=\"\" class=\"wp-image-7750\" srcset=\"https:\/\/newblogs.correiobraziliense.com.br\/vivabrasilia\/wp-content\/uploads\/sites\/4\/2026\/09\/Gabriela-Leal-e-Maria-Fernanda-Furlan-1024x683.jpg 1024w, https:\/\/newblogs.correiobraziliense.com.br\/vivabrasilia\/wp-content\/uploads\/sites\/4\/2026\/09\/Gabriela-Leal-e-Maria-Fernanda-Furlan-300x200.jpg 300w, https:\/\/newblogs.correiobraziliense.com.br\/vivabrasilia\/wp-content\/uploads\/sites\/4\/2026\/09\/Gabriela-Leal-e-Maria-Fernanda-Furlan-768x512.jpg 768w, https:\/\/newblogs.correiobraziliense.com.br\/vivabrasilia\/wp-content\/uploads\/sites\/4\/2026\/09\/Gabriela-Leal-e-Maria-Fernanda-Furlan-1536x1025.jpg 1536w, https:\/\/newblogs.correiobraziliense.com.br\/vivabrasilia\/wp-content\/uploads\/sites\/4\/2026\/09\/Gabriela-Leal-e-Maria-Fernanda-Furlan.jpg 2000w\" sizes=\"auto, (max-width: 1024px) 100vw, 1024px\" \/><figcaption class=\"wp-element-caption\">Gabriela Leal e Maria Fernanda Furlan<\/figcaption><\/figure>\n\n\n\n<figure class=\"wp-block-image size-large\"><img loading=\"lazy\" decoding=\"async\" width=\"1024\" height=\"683\" data-id=\"7751\" src=\"https:\/\/newblogs.correiobraziliense.com.br\/vivabrasilia\/wp-content\/uploads\/sites\/4\/2026\/09\/Ana-Clara-Spegiorin-e-Aline-Leal-1024x683.jpg\" alt=\"\" class=\"wp-image-7751\" srcset=\"https:\/\/newblogs.correiobraziliense.com.br\/vivabrasilia\/wp-content\/uploads\/sites\/4\/2026\/09\/Ana-Clara-Spegiorin-e-Aline-Leal-1024x683.jpg 1024w, https:\/\/newblogs.correiobraziliense.com.br\/vivabrasilia\/wp-content\/uploads\/sites\/4\/2026\/09\/Ana-Clara-Spegiorin-e-Aline-Leal-300x200.jpg 300w, https:\/\/newblogs.correiobraziliense.com.br\/vivabrasilia\/wp-content\/uploads\/sites\/4\/2026\/09\/Ana-Clara-Spegiorin-e-Aline-Leal-768x512.jpg 768w, https:\/\/newblogs.correiobraziliense.com.br\/vivabrasilia\/wp-content\/uploads\/sites\/4\/2026\/09\/Ana-Clara-Spegiorin-e-Aline-Leal-1536x1025.jpg 1536w, https:\/\/newblogs.correiobraziliense.com.br\/vivabrasilia\/wp-content\/uploads\/sites\/4\/2026\/09\/Ana-Clara-Spegiorin-e-Aline-Leal.jpg 2000w\" sizes=\"auto, (max-width: 1024px) 100vw, 1024px\" \/><figcaption class=\"wp-element-caption\">Ana Clara Spegiorin e Aline Leal<\/figcaption><\/figure>\n\n\n\n<figure class=\"wp-block-image size-large\"><img loading=\"lazy\" decoding=\"async\" width=\"1024\" height=\"683\" data-id=\"7743\" src=\"https:\/\/newblogs.correiobraziliense.com.br\/vivabrasilia\/wp-content\/uploads\/sites\/4\/2026\/09\/Debora-Passos-1024x683.jpg\" alt=\"\" class=\"wp-image-7743\" srcset=\"https:\/\/newblogs.correiobraziliense.com.br\/vivabrasilia\/wp-content\/uploads\/sites\/4\/2026\/09\/Debora-Passos-1024x683.jpg 1024w, https:\/\/newblogs.correiobraziliense.com.br\/vivabrasilia\/wp-content\/uploads\/sites\/4\/2026\/09\/Debora-Passos-300x200.jpg 300w, https:\/\/newblogs.correiobraziliense.com.br\/vivabrasilia\/wp-content\/uploads\/sites\/4\/2026\/09\/Debora-Passos-768x512.jpg 768w, https:\/\/newblogs.correiobraziliense.com.br\/vivabrasilia\/wp-content\/uploads\/sites\/4\/2026\/09\/Debora-Passos-1536x1025.jpg 1536w, https:\/\/newblogs.correiobraziliense.com.br\/vivabrasilia\/wp-content\/uploads\/sites\/4\/2026\/09\/Debora-Passos.jpg 2000w\" sizes=\"auto, (max-width: 1024px) 100vw, 1024px\" \/><figcaption class=\"wp-element-caption\">D\u00e9bora Passos<\/figcaption><\/figure>\n\n\n\n<figure class=\"wp-block-image size-large\"><img loading=\"lazy\" decoding=\"async\" width=\"683\" height=\"1024\" data-id=\"7742\" src=\"https:\/\/newblogs.correiobraziliense.com.br\/vivabrasilia\/wp-content\/uploads\/sites\/4\/2026\/09\/DSC00564-683x1024.jpg\" alt=\"\" class=\"wp-image-7742\" srcset=\"https:\/\/newblogs.correiobraziliense.com.br\/vivabrasilia\/wp-content\/uploads\/sites\/4\/2026\/09\/DSC00564-683x1024.jpg 683w, https:\/\/newblogs.correiobraziliense.com.br\/vivabrasilia\/wp-content\/uploads\/sites\/4\/2026\/09\/DSC00564-200x300.jpg 200w, https:\/\/newblogs.correiobraziliense.com.br\/vivabrasilia\/wp-content\/uploads\/sites\/4\/2026\/09\/DSC00564-768x1151.jpg 768w, https:\/\/newblogs.correiobraziliense.com.br\/vivabrasilia\/wp-content\/uploads\/sites\/4\/2026\/09\/DSC00564-1025x1536.jpg 1025w, https:\/\/newblogs.correiobraziliense.com.br\/vivabrasilia\/wp-content\/uploads\/sites\/4\/2026\/09\/DSC00564.jpg 1334w\" sizes=\"auto, (max-width: 683px) 100vw, 683px\" \/><\/figure>\n\n\n\n<figure class=\"wp-block-image size-large\"><img loading=\"lazy\" decoding=\"async\" width=\"1024\" height=\"683\" data-id=\"7752\" src=\"https:\/\/newblogs.correiobraziliense.com.br\/vivabrasilia\/wp-content\/uploads\/sites\/4\/2026\/09\/DSC00487-1024x683.jpg\" alt=\"\" class=\"wp-image-7752\" srcset=\"https:\/\/newblogs.correiobraziliense.com.br\/vivabrasilia\/wp-content\/uploads\/sites\/4\/2026\/09\/DSC00487-1024x683.jpg 1024w, https:\/\/newblogs.correiobraziliense.com.br\/vivabrasilia\/wp-content\/uploads\/sites\/4\/2026\/09\/DSC00487-300x200.jpg 300w, https:\/\/newblogs.correiobraziliense.com.br\/vivabrasilia\/wp-content\/uploads\/sites\/4\/2026\/09\/DSC00487-768x512.jpg 768w, https:\/\/newblogs.correiobraziliense.com.br\/vivabrasilia\/wp-content\/uploads\/sites\/4\/2026\/09\/DSC00487-1536x1025.jpg 1536w, https:\/\/newblogs.correiobraziliense.com.br\/vivabrasilia\/wp-content\/uploads\/sites\/4\/2026\/09\/DSC00487.jpg 2000w\" sizes=\"auto, (max-width: 1024px) 100vw, 1024px\" \/><\/figure>\n<\/figure>\n<\/div>\n\t\t\t<div class=\"slider-nav\">\n\t\t\t\t<button class=\"prev\">\n\t\t\t\t<svg xmlns=\"http:\/\/www.w3.org\/2000\/svg\" width=\"26\" height=\"45\" viewBox=\"0 0 26 45\" fill=\"none\">\n\t\t\t\t<path d=\"M24.9118 0.990519C25.5461 1.62494 25.9023 2.48528 25.9023 3.38235C25.9023 4.27943 25.5461 5.13977 24.9118 5.77419L8.16559 22.5204L24.9118 39.2667C25.5281 39.9047 25.8691 40.7593 25.8614 41.6463C25.8537 42.5334 25.4979 43.3819 24.8706 44.0091C24.2434 44.6364 23.3948 44.9922 22.5078 44.9999C21.6208 45.0076 20.7662 44.6666 20.1282 44.0503L0.990082 24.9123C0.355853 24.2778 -0.000438023 23.4175 -0.000438023 22.5204C-0.000438023 21.6234 0.355853 20.763 0.990082 20.1286L20.1282 0.990519C20.7626 0.35629 21.6229 0 22.52 0C23.4171 0 24.2774 0.35629 24.9118 0.990519Z\" fill=\"white\" fill-opacity=\"0.7\"><\/path>\n\t\t\t\t<\/svg>\n\t\t\t\t<\/button>\n\t\t\t\t<button class=\"next\">\n\t\t\t\t<svg xmlns=\"http:\/\/www.w3.org\/2000\/svg\" width=\"26\" height=\"45\" viewBox=\"0 0 26 45\" fill=\"none\">\n\t\t\t\t<path d=\"M0.99052 0.990519C0.356291 1.62494 0 2.48528 0 3.38235C0 4.27943 0.356291 5.13977 0.99052 5.77419L17.7368 22.5204L0.99052 39.2667C0.374265 39.9047 0.0332682 40.7593 0.0409763 41.6463C0.0486844 42.5334 0.40448 43.3819 1.03173 44.0091C1.65898 44.6364 2.5075 44.9922 3.39453 44.9999C4.28156 45.0076 5.13613 44.6666 5.77419 44.0503L24.9123 24.9123C25.5465 24.2778 25.9028 23.4175 25.9028 22.5204C25.9028 21.6234 25.5465 20.763 24.9123 20.1286L5.77419 0.990519C5.13977 0.35629 4.27943 0 3.38235 0C2.48528 0 1.62494 0.35629 0.99052 0.990519Z\" fill=\"white\" fill-opacity=\"0.7\"><\/path>\n\t\t\t\t<\/svg>\n\t\t\t\t<\/button>\n\t\t\t<\/div>\n\t\t\t<div class=\"slider-dots\"><\/div>\n\t\t\t<\/div>","protected":false},"excerpt":{"rendered":"<p>O encontro feminino na galeria percorreu duas exposi\u00e7\u00f5es e mostrou como experi\u00eancias, t\u00e9cnicas e identidades atravessam a cria\u00e7\u00e3o art\u00edstica<\/p>\n","protected":false},"author":7,"featured_media":7702,"comment_status":"closed","ping_status":"open","sticky":false,"template":"","format":"standard","meta":{"_acf_changed":false,"inline_featured_image":false,"footnotes":""},"categories":[1415],"tags":[9,443,159,950,960],"class_list":["post-7741","post","type-post","status-publish","format-standard","has-post-thumbnail","hentry","category-exposicao","tag-brasilia","tag-cerrado-cultural","tag-exposicao","tag-social","tag-visita-guiada"],"acf":[],"yoast_head":"<!-- This site is optimized with the Yoast SEO plugin v28.1 - https:\/\/yoast.com\/product\/yoast-seo-wordpress\/ -->\n<title>Al\u00e9m do primeiro olhar: grupo de mulheres participa de visita guiada e desvenda obras na Cerrado Cultural - Viva Bras\u00edlia<\/title>\n<meta name=\"robots\" content=\"index, follow, max-snippet:-1, max-image-preview:large, max-video-preview:-1\" \/>\n<link rel=\"canonical\" href=\"https:\/\/newblogs.correiobraziliense.com.br\/vivabrasilia\/alem-do-primeiro-olhar-grupo-de-mulheres-participa-de-visita-guiada-e-desvenda-obras-na-cerrado-cultural\/\" \/>\n<meta property=\"og:locale\" content=\"pt_BR\" \/>\n<meta property=\"og:type\" content=\"article\" \/>\n<meta property=\"og:title\" content=\"Al\u00e9m do primeiro olhar: grupo de mulheres participa de visita guiada e desvenda obras na Cerrado Cultural - Viva Bras\u00edlia\" \/>\n<meta property=\"og:description\" content=\"O encontro feminino na galeria percorreu duas exposi\u00e7\u00f5es e mostrou como experi\u00eancias, t\u00e9cnicas e identidades atravessam a cria\u00e7\u00e3o art\u00edstica\" \/>\n<meta property=\"og:url\" content=\"https:\/\/newblogs.correiobraziliense.com.br\/vivabrasilia\/alem-do-primeiro-olhar-grupo-de-mulheres-participa-de-visita-guiada-e-desvenda-obras-na-cerrado-cultural\/\" \/>\n<meta property=\"og:site_name\" content=\"Viva Bras\u00edlia\" \/>\n<meta property=\"article:published_time\" content=\"2026-09-02T13:39:19+00:00\" \/>\n<meta property=\"article:modified_time\" content=\"2026-09-02T13:39:22+00:00\" \/>\n<meta property=\"og:image\" content=\"https:\/\/newblogs.correiobraziliense.com.br\/vivabrasilia\/wp-content\/uploads\/sites\/4\/2026\/09\/111-Visita-guiada-mostrou-a-grupo-de-convidadas-que-ha-muito-a-descobrir-por-tras-das-obras.jpg\" \/>\n\t<meta property=\"og:image:width\" content=\"2000\" \/>\n\t<meta property=\"og:image:height\" content=\"1334\" \/>\n\t<meta property=\"og:image:type\" content=\"image\/jpeg\" \/>\n<meta name=\"author\" content=\"Mariana Campos\" \/>\n<!-- \/ Yoast SEO plugin. -->","yoast_head_json":{"title":"Al\u00e9m do primeiro olhar: grupo de mulheres participa de visita guiada e desvenda obras na Cerrado Cultural - Viva Bras\u00edlia","robots":{"index":"index","follow":"follow","max-snippet":"max-snippet:-1","max-image-preview":"max-image-preview:large","max-video-preview":"max-video-preview:-1"},"canonical":"https:\/\/newblogs.correiobraziliense.com.br\/vivabrasilia\/alem-do-primeiro-olhar-grupo-de-mulheres-participa-de-visita-guiada-e-desvenda-obras-na-cerrado-cultural\/","og_locale":"pt_BR","og_type":"article","og_title":"Al\u00e9m do primeiro olhar: grupo de mulheres participa de visita guiada e desvenda obras na Cerrado Cultural - Viva Bras\u00edlia","og_description":"O encontro feminino na galeria percorreu duas exposi\u00e7\u00f5es e mostrou como experi\u00eancias, t\u00e9cnicas e identidades atravessam a cria\u00e7\u00e3o art\u00edstica","og_url":"https:\/\/newblogs.correiobraziliense.com.br\/vivabrasilia\/alem-do-primeiro-olhar-grupo-de-mulheres-participa-de-visita-guiada-e-desvenda-obras-na-cerrado-cultural\/","og_site_name":"Viva Bras\u00edlia","article_published_time":"2026-09-02T13:39:19+00:00","article_modified_time":"2026-09-02T13:39:22+00:00","og_image":[{"width":2000,"height":1334,"url":"https:\/\/newblogs.correiobraziliense.com.br\/vivabrasilia\/wp-content\/uploads\/sites\/4\/2026\/09\/111-Visita-guiada-mostrou-a-grupo-de-convidadas-que-ha-muito-a-descobrir-por-tras-das-obras.jpg","type":"image\/jpeg"}],"author":"Mariana Campos","schema":{"@context":"https:\/\/schema.org","@graph":[{"@type":"Article","@id":"https:\/\/newblogs.correiobraziliense.com.br\/vivabrasilia\/alem-do-primeiro-olhar-grupo-de-mulheres-participa-de-visita-guiada-e-desvenda-obras-na-cerrado-cultural\/#article","isPartOf":{"@id":"https:\/\/newblogs.correiobraziliense.com.br\/vivabrasilia\/alem-do-primeiro-olhar-grupo-de-mulheres-participa-de-visita-guiada-e-desvenda-obras-na-cerrado-cultural\/"},"author":{"name":"Mariana Campos","@id":"https:\/\/newblogs.correiobraziliense.com.br\/vivabrasilia\/#\/schema\/person\/018c75775aaa6ead74dde48a78ac7fa1"},"headline":"Al\u00e9m do primeiro olhar: grupo de mulheres participa de visita guiada e desvenda obras na Cerrado Cultural","datePublished":"2026-09-02T13:39:19+00:00","dateModified":"2026-09-02T13:39:22+00:00","mainEntityOfPage":{"@id":"https:\/\/newblogs.correiobraziliense.com.br\/vivabrasilia\/alem-do-primeiro-olhar-grupo-de-mulheres-participa-de-visita-guiada-e-desvenda-obras-na-cerrado-cultural\/"},"wordCount":226,"image":{"@id":"https:\/\/newblogs.correiobraziliense.com.br\/vivabrasilia\/alem-do-primeiro-olhar-grupo-de-mulheres-participa-de-visita-guiada-e-desvenda-obras-na-cerrado-cultural\/#primaryimage"},"thumbnailUrl":"https:\/\/newblogs.correiobraziliense.com.br\/vivabrasilia\/wp-content\/uploads\/sites\/4\/2026\/09\/111-Visita-guiada-mostrou-a-grupo-de-convidadas-que-ha-muito-a-descobrir-por-tras-das-obras.jpg","keywords":["Bras\u00edlia","Cerrado Cultural","Exposi\u00e7\u00e3o","Social","Visita guiada"],"articleSection":["Exposi\u00e7\u00e3o"],"inLanguage":"pt-BR"},{"@type":"WebPage","@id":"https:\/\/newblogs.correiobraziliense.com.br\/vivabrasilia\/alem-do-primeiro-olhar-grupo-de-mulheres-participa-de-visita-guiada-e-desvenda-obras-na-cerrado-cultural\/","url":"https:\/\/newblogs.correiobraziliense.com.br\/vivabrasilia\/alem-do-primeiro-olhar-grupo-de-mulheres-participa-de-visita-guiada-e-desvenda-obras-na-cerrado-cultural\/","name":"Al\u00e9m do primeiro olhar: grupo de mulheres participa de visita guiada e desvenda obras na Cerrado Cultural - Viva Bras\u00edlia","isPartOf":{"@id":"https:\/\/newblogs.correiobraziliense.com.br\/vivabrasilia\/#website"},"primaryImageOfPage":{"@id":"https:\/\/newblogs.correiobraziliense.com.br\/vivabrasilia\/alem-do-primeiro-olhar-grupo-de-mulheres-participa-de-visita-guiada-e-desvenda-obras-na-cerrado-cultural\/#primaryimage"},"image":{"@id":"https:\/\/newblogs.correiobraziliense.com.br\/vivabrasilia\/alem-do-primeiro-olhar-grupo-de-mulheres-participa-de-visita-guiada-e-desvenda-obras-na-cerrado-cultural\/#primaryimage"},"thumbnailUrl":"https:\/\/newblogs.correiobraziliense.com.br\/vivabrasilia\/wp-content\/uploads\/sites\/4\/2026\/09\/111-Visita-guiada-mostrou-a-grupo-de-convidadas-que-ha-muito-a-descobrir-por-tras-das-obras.jpg","datePublished":"2026-09-02T13:39:19+00:00","dateModified":"2026-09-02T13:39:22+00:00","author":{"@id":"https:\/\/newblogs.correiobraziliense.com.br\/vivabrasilia\/#\/schema\/person\/018c75775aaa6ead74dde48a78ac7fa1"},"breadcrumb":{"@id":"https:\/\/newblogs.correiobraziliense.com.br\/vivabrasilia\/alem-do-primeiro-olhar-grupo-de-mulheres-participa-de-visita-guiada-e-desvenda-obras-na-cerrado-cultural\/#breadcrumb"},"inLanguage":"pt-BR","potentialAction":[{"@type":"ReadAction","target":["https:\/\/newblogs.correiobraziliense.com.br\/vivabrasilia\/alem-do-primeiro-olhar-grupo-de-mulheres-participa-de-visita-guiada-e-desvenda-obras-na-cerrado-cultural\/"]}]},{"@type":"ImageObject","inLanguage":"pt-BR","@id":"https:\/\/newblogs.correiobraziliense.com.br\/vivabrasilia\/alem-do-primeiro-olhar-grupo-de-mulheres-participa-de-visita-guiada-e-desvenda-obras-na-cerrado-cultural\/#primaryimage","url":"https:\/\/newblogs.correiobraziliense.com.br\/vivabrasilia\/wp-content\/uploads\/sites\/4\/2026\/09\/111-Visita-guiada-mostrou-a-grupo-de-convidadas-que-ha-muito-a-descobrir-por-tras-das-obras.jpg","contentUrl":"https:\/\/newblogs.correiobraziliense.com.br\/vivabrasilia\/wp-content\/uploads\/sites\/4\/2026\/09\/111-Visita-guiada-mostrou-a-grupo-de-convidadas-que-ha-muito-a-descobrir-por-tras-das-obras.jpg","width":2000,"height":1334,"caption":"Visita guiada mostrou a grupo de convidadas que h\u00e1 muito a descobrir por tr\u00e1s das obras | Foto: Nicolle Brand\u00e3o"},{"@type":"BreadcrumbList","@id":"https:\/\/newblogs.correiobraziliense.com.br\/vivabrasilia\/alem-do-primeiro-olhar-grupo-de-mulheres-participa-de-visita-guiada-e-desvenda-obras-na-cerrado-cultural\/#breadcrumb","itemListElement":[{"@type":"ListItem","position":1,"name":"In\u00edcio","item":"https:\/\/newblogs.correiobraziliense.com.br\/vivabrasilia\/"},{"@type":"ListItem","position":2,"name":"Al\u00e9m do primeiro olhar: grupo de mulheres participa de visita guiada e desvenda obras na Cerrado Cultural"}]},{"@type":"WebSite","@id":"https:\/\/newblogs.correiobraziliense.com.br\/vivabrasilia\/#website","url":"https:\/\/newblogs.correiobraziliense.com.br\/vivabrasilia\/","name":"Viva Bras\u00edlia","description":"Coluna de estilo de vida","potentialAction":[{"@type":"SearchAction","target":{"@type":"EntryPoint","urlTemplate":"https:\/\/newblogs.correiobraziliense.com.br\/vivabrasilia\/?s={search_term_string}"},"query-input":{"@type":"PropertyValueSpecification","valueRequired":true,"valueName":"search_term_string"}}],"inLanguage":"pt-BR"},{"@type":"Person","@id":"https:\/\/newblogs.correiobraziliense.com.br\/vivabrasilia\/#\/schema\/person\/018c75775aaa6ead74dde48a78ac7fa1","name":"Mariana Campos","image":{"@type":"ImageObject","inLanguage":"pt-BR","@id":"https:\/\/secure.gravatar.com\/avatar\/97cd13271bc36c11415a45e9f8192828452de6a8c0e24857edbf96d21752260f?s=96&d=mm&r=g","url":"https:\/\/secure.gravatar.com\/avatar\/97cd13271bc36c11415a45e9f8192828452de6a8c0e24857edbf96d21752260f?s=96&d=mm&r=g","contentUrl":"https:\/\/secure.gravatar.com\/avatar\/97cd13271bc36c11415a45e9f8192828452de6a8c0e24857edbf96d21752260f?s=96&d=mm&r=g","caption":"Mariana Campos"},"description":"Colunista da Viva Bras\u00edlia, Mariana escreve e fotografa para a coluna, unindo o jornalismo escrito e fotogr\u00e1fico para mostrar que a capital \u00e9 uma cidade viva que n\u00e3o se resume apenas ao poder. Tamb\u00e9m faz a cobertura de moda para seu blog, Pliss\u00ea, e para as redes sociais do Correio. \u00c9 formada em Publicidade e Propaganda, e cursa Jornalismo.","sameAs":["http:\/\/newblogs.correiobraziliense.com\/plisse","https:\/\/www.instagram.com\/marigrigori"],"url":"https:\/\/newblogs.correiobraziliense.com.br\/vivabrasilia\/author\/marivivabrasilia\/"}]}},"_links":{"self":[{"href":"https:\/\/newblogs.correiobraziliense.com.br\/vivabrasilia\/wp-json\/wp\/v2\/posts\/7741","targetHints":{"allow":["GET"]}}],"collection":[{"href":"https:\/\/newblogs.correiobraziliense.com.br\/vivabrasilia\/wp-json\/wp\/v2\/posts"}],"about":[{"href":"https:\/\/newblogs.correiobraziliense.com.br\/vivabrasilia\/wp-json\/wp\/v2\/types\/post"}],"author":[{"embeddable":true,"href":"https:\/\/newblogs.correiobraziliense.com.br\/vivabrasilia\/wp-json\/wp\/v2\/users\/7"}],"replies":[{"embeddable":true,"href":"https:\/\/newblogs.correiobraziliense.com.br\/vivabrasilia\/wp-json\/wp\/v2\/comments?post=7741"}],"version-history":[{"count":2,"href":"https:\/\/newblogs.correiobraziliense.com.br\/vivabrasilia\/wp-json\/wp\/v2\/posts\/7741\/revisions"}],"predecessor-version":[{"id":7754,"href":"https:\/\/newblogs.correiobraziliense.com.br\/vivabrasilia\/wp-json\/wp\/v2\/posts\/7741\/revisions\/7754"}],"wp:featuredmedia":[{"embeddable":true,"href":"https:\/\/newblogs.correiobraziliense.com.br\/vivabrasilia\/wp-json\/wp\/v2\/media\/7702"}],"wp:attachment":[{"href":"https:\/\/newblogs.correiobraziliense.com.br\/vivabrasilia\/wp-json\/wp\/v2\/media?parent=7741"}],"wp:term":[{"taxonomy":"category","embeddable":true,"href":"https:\/\/newblogs.correiobraziliense.com.br\/vivabrasilia\/wp-json\/wp\/v2\/categories?post=7741"},{"taxonomy":"post_tag","embeddable":true,"href":"https:\/\/newblogs.correiobraziliense.com.br\/vivabrasilia\/wp-json\/wp\/v2\/tags?post=7741"}],"curies":[{"name":"wp","href":"https:\/\/api.w.org\/{rel}","templated":true}]}}