{"id":7695,"date":"2026-08-29T11:35:12","date_gmt":"2026-08-29T14:35:12","guid":{"rendered":"https:\/\/newblogs.correiobraziliense.com.br\/vivabrasilia\/?p=7695"},"modified":"2026-08-29T11:35:35","modified_gmt":"2026-08-29T14:35:35","slug":"pioneira-na-capital-cosete-ramos-comemora-chegada-dos-85-anos-no-clube-naval","status":"publish","type":"post","link":"https:\/\/newblogs.correiobraziliense.com.br\/vivabrasilia\/pioneira-na-capital-cosete-ramos-comemora-chegada-dos-85-anos-no-clube-naval\/","title":{"rendered":"Pioneira na capital, Cosete Ramos comemora a chegada dos 85 anos no Clube Naval"},"content":{"rendered":"\n<p>Cosete Ramos celebrou os 85 anos, na \u00faltima quarta-feira, com uma festa para amigos e familiares no Clube Naval de Bras\u00edlia. A comemora\u00e7\u00e3o teve in\u00edcio com um coquetel \u00e0 beira do Lago, sob trilha sonora da Orquestra Sonho Musical. Para o segundo momento da celebra\u00e7\u00e3o, a aniversariante chamou os convidados para cantar os parab\u00e9ns antes de seguir com um baile, comandado pela banda Scala. Pioneira na capital, Cosete celebrou a trajet\u00f3ria constru\u00edda em Bras\u00edlia ao lado daqueles que mais ama e deu as boas-vindas a mais um ciclo.<\/p>\n\n\n<div class=\"slider-wrapper\"><div class=\"slider\">\n<figure class=\"wp-block-gallery has-nested-images columns-default is-cropped wp-block-gallery-1 is-layout-flex wp-block-gallery-is-layout-flex\">\n<figure class=\"wp-block-image size-large\"><img loading=\"lazy\" decoding=\"async\" width=\"1024\" height=\"682\" data-id=\"7680\" src=\"https:\/\/newblogs.correiobraziliense.com.br\/vivabrasilia\/wp-content\/uploads\/sites\/4\/2026\/08\/Cosete-Ramos-e-Hassan-Gebrim-1024x682.jpg\" alt=\"\" class=\"wp-image-7680\" srcset=\"https:\/\/newblogs.correiobraziliense.com.br\/vivabrasilia\/wp-content\/uploads\/sites\/4\/2026\/08\/Cosete-Ramos-e-Hassan-Gebrim-1024x682.jpg 1024w, https:\/\/newblogs.correiobraziliense.com.br\/vivabrasilia\/wp-content\/uploads\/sites\/4\/2026\/08\/Cosete-Ramos-e-Hassan-Gebrim-300x200.jpg 300w, https:\/\/newblogs.correiobraziliense.com.br\/vivabrasilia\/wp-content\/uploads\/sites\/4\/2026\/08\/Cosete-Ramos-e-Hassan-Gebrim-768x512.jpg 768w, https:\/\/newblogs.correiobraziliense.com.br\/vivabrasilia\/wp-content\/uploads\/sites\/4\/2026\/08\/Cosete-Ramos-e-Hassan-Gebrim-1536x1024.jpg 1536w, https:\/\/newblogs.correiobraziliense.com.br\/vivabrasilia\/wp-content\/uploads\/sites\/4\/2026\/08\/Cosete-Ramos-e-Hassan-Gebrim.jpg 2000w\" sizes=\"auto, (max-width: 1024px) 100vw, 1024px\" \/><figcaption class=\"wp-element-caption\">Cosete Ramos e Hassan Gebrim<\/figcaption><\/figure>\n\n\n\n<figure class=\"wp-block-image size-large\"><img loading=\"lazy\" decoding=\"async\" width=\"1024\" height=\"682\" data-id=\"7673\" src=\"https:\/\/newblogs.correiobraziliense.com.br\/vivabrasilia\/wp-content\/uploads\/sites\/4\/2026\/08\/Cosete-Ramos-e-familia-1024x682.jpg\" alt=\"\" class=\"wp-image-7673\" srcset=\"https:\/\/newblogs.correiobraziliense.com.br\/vivabrasilia\/wp-content\/uploads\/sites\/4\/2026\/08\/Cosete-Ramos-e-familia-1024x682.jpg 1024w, https:\/\/newblogs.correiobraziliense.com.br\/vivabrasilia\/wp-content\/uploads\/sites\/4\/2026\/08\/Cosete-Ramos-e-familia-300x200.jpg 300w, https:\/\/newblogs.correiobraziliense.com.br\/vivabrasilia\/wp-content\/uploads\/sites\/4\/2026\/08\/Cosete-Ramos-e-familia-768x512.jpg 768w, https:\/\/newblogs.correiobraziliense.com.br\/vivabrasilia\/wp-content\/uploads\/sites\/4\/2026\/08\/Cosete-Ramos-e-familia-1536x1024.jpg 1536w, https:\/\/newblogs.correiobraziliense.com.br\/vivabrasilia\/wp-content\/uploads\/sites\/4\/2026\/08\/Cosete-Ramos-e-familia.jpg 2000w\" sizes=\"auto, (max-width: 1024px) 100vw, 1024px\" \/><figcaption class=\"wp-element-caption\">Cosete Ramos e fam\u00edlia<\/figcaption><\/figure>\n\n\n\n<figure class=\"wp-block-image size-large\"><img loading=\"lazy\" decoding=\"async\" width=\"1024\" height=\"682\" data-id=\"7672\" src=\"https:\/\/newblogs.correiobraziliense.com.br\/vivabrasilia\/wp-content\/uploads\/sites\/4\/2026\/08\/George-Zardo-e-Marcia-Zardo-1024x682.jpg\" alt=\"\" class=\"wp-image-7672\" srcset=\"https:\/\/newblogs.correiobraziliense.com.br\/vivabrasilia\/wp-content\/uploads\/sites\/4\/2026\/08\/George-Zardo-e-Marcia-Zardo-1024x682.jpg 1024w, https:\/\/newblogs.correiobraziliense.com.br\/vivabrasilia\/wp-content\/uploads\/sites\/4\/2026\/08\/George-Zardo-e-Marcia-Zardo-300x200.jpg 300w, https:\/\/newblogs.correiobraziliense.com.br\/vivabrasilia\/wp-content\/uploads\/sites\/4\/2026\/08\/George-Zardo-e-Marcia-Zardo-768x512.jpg 768w, https:\/\/newblogs.correiobraziliense.com.br\/vivabrasilia\/wp-content\/uploads\/sites\/4\/2026\/08\/George-Zardo-e-Marcia-Zardo-1536x1024.jpg 1536w, https:\/\/newblogs.correiobraziliense.com.br\/vivabrasilia\/wp-content\/uploads\/sites\/4\/2026\/08\/George-Zardo-e-Marcia-Zardo.jpg 2000w\" sizes=\"auto, (max-width: 1024px) 100vw, 1024px\" \/><figcaption class=\"wp-element-caption\">George Zardo e Marcia Zardo<\/figcaption><\/figure>\n\n\n\n<figure class=\"wp-block-image size-large\"><img loading=\"lazy\" decoding=\"async\" width=\"1024\" height=\"682\" data-id=\"7681\" src=\"https:\/\/newblogs.correiobraziliense.com.br\/vivabrasilia\/wp-content\/uploads\/sites\/4\/2026\/08\/Elvia-Paranagua-e-Rose-Rainha-1024x682.jpg\" alt=\"\" class=\"wp-image-7681\" srcset=\"https:\/\/newblogs.correiobraziliense.com.br\/vivabrasilia\/wp-content\/uploads\/sites\/4\/2026\/08\/Elvia-Paranagua-e-Rose-Rainha-1024x682.jpg 1024w, https:\/\/newblogs.correiobraziliense.com.br\/vivabrasilia\/wp-content\/uploads\/sites\/4\/2026\/08\/Elvia-Paranagua-e-Rose-Rainha-300x200.jpg 300w, https:\/\/newblogs.correiobraziliense.com.br\/vivabrasilia\/wp-content\/uploads\/sites\/4\/2026\/08\/Elvia-Paranagua-e-Rose-Rainha-768x512.jpg 768w, https:\/\/newblogs.correiobraziliense.com.br\/vivabrasilia\/wp-content\/uploads\/sites\/4\/2026\/08\/Elvia-Paranagua-e-Rose-Rainha-1536x1024.jpg 1536w, https:\/\/newblogs.correiobraziliense.com.br\/vivabrasilia\/wp-content\/uploads\/sites\/4\/2026\/08\/Elvia-Paranagua-e-Rose-Rainha.jpg 2000w\" sizes=\"auto, (max-width: 1024px) 100vw, 1024px\" \/><figcaption class=\"wp-element-caption\">Elvia Paranagua e Rose Rainha<\/figcaption><\/figure>\n\n\n\n<figure class=\"wp-block-image size-large\"><img loading=\"lazy\" decoding=\"async\" width=\"1024\" height=\"682\" data-id=\"7683\" src=\"https:\/\/newblogs.correiobraziliense.com.br\/vivabrasilia\/wp-content\/uploads\/sites\/4\/2026\/08\/Eduardo-Cosete-Marcelo-Aline-e-Paula-Ramos-2-1024x682.jpg\" alt=\"\" class=\"wp-image-7683\" srcset=\"https:\/\/newblogs.correiobraziliense.com.br\/vivabrasilia\/wp-content\/uploads\/sites\/4\/2026\/08\/Eduardo-Cosete-Marcelo-Aline-e-Paula-Ramos-2-1024x682.jpg 1024w, https:\/\/newblogs.correiobraziliense.com.br\/vivabrasilia\/wp-content\/uploads\/sites\/4\/2026\/08\/Eduardo-Cosete-Marcelo-Aline-e-Paula-Ramos-2-300x200.jpg 300w, https:\/\/newblogs.correiobraziliense.com.br\/vivabrasilia\/wp-content\/uploads\/sites\/4\/2026\/08\/Eduardo-Cosete-Marcelo-Aline-e-Paula-Ramos-2-768x512.jpg 768w, https:\/\/newblogs.correiobraziliense.com.br\/vivabrasilia\/wp-content\/uploads\/sites\/4\/2026\/08\/Eduardo-Cosete-Marcelo-Aline-e-Paula-Ramos-2-1536x1024.jpg 1536w, https:\/\/newblogs.correiobraziliense.com.br\/vivabrasilia\/wp-content\/uploads\/sites\/4\/2026\/08\/Eduardo-Cosete-Marcelo-Aline-e-Paula-Ramos-2.jpg 2000w\" sizes=\"auto, (max-width: 1024px) 100vw, 1024px\" \/><figcaption class=\"wp-element-caption\">Eduardo, Cosete, Marcelo, Aline e Paula Ramos<\/figcaption><\/figure>\n\n\n\n<figure class=\"wp-block-image size-large\"><img loading=\"lazy\" decoding=\"async\" width=\"1024\" height=\"682\" data-id=\"7682\" src=\"https:\/\/newblogs.correiobraziliense.com.br\/vivabrasilia\/wp-content\/uploads\/sites\/4\/2026\/08\/Manuela-Guntzel-Pedro-Nadler-Marcela-Nadler-Eduarda-Jobim-e-Gabriela-Nadler-1024x682.jpg\" alt=\"\" class=\"wp-image-7682\" srcset=\"https:\/\/newblogs.correiobraziliense.com.br\/vivabrasilia\/wp-content\/uploads\/sites\/4\/2026\/08\/Manuela-Guntzel-Pedro-Nadler-Marcela-Nadler-Eduarda-Jobim-e-Gabriela-Nadler-1024x682.jpg 1024w, https:\/\/newblogs.correiobraziliense.com.br\/vivabrasilia\/wp-content\/uploads\/sites\/4\/2026\/08\/Manuela-Guntzel-Pedro-Nadler-Marcela-Nadler-Eduarda-Jobim-e-Gabriela-Nadler-300x200.jpg 300w, https:\/\/newblogs.correiobraziliense.com.br\/vivabrasilia\/wp-content\/uploads\/sites\/4\/2026\/08\/Manuela-Guntzel-Pedro-Nadler-Marcela-Nadler-Eduarda-Jobim-e-Gabriela-Nadler-768x512.jpg 768w, https:\/\/newblogs.correiobraziliense.com.br\/vivabrasilia\/wp-content\/uploads\/sites\/4\/2026\/08\/Manuela-Guntzel-Pedro-Nadler-Marcela-Nadler-Eduarda-Jobim-e-Gabriela-Nadler-1536x1024.jpg 1536w, https:\/\/newblogs.correiobraziliense.com.br\/vivabrasilia\/wp-content\/uploads\/sites\/4\/2026\/08\/Manuela-Guntzel-Pedro-Nadler-Marcela-Nadler-Eduarda-Jobim-e-Gabriela-Nadler.jpg 2000w\" sizes=\"auto, (max-width: 1024px) 100vw, 1024px\" \/><figcaption class=\"wp-element-caption\">Manuela Guntzel, Pedro Nadler, Marcela Nadler, Eduarda Jobim e Gabriela Nadler<\/figcaption><\/figure>\n\n\n\n<figure class=\"wp-block-image size-large\"><img loading=\"lazy\" decoding=\"async\" width=\"1024\" height=\"682\" data-id=\"7684\" src=\"https:\/\/newblogs.correiobraziliense.com.br\/vivabrasilia\/wp-content\/uploads\/sites\/4\/2026\/08\/Marcelo-Galvao-e-Rafaela-Gadelha-1024x682.jpg\" alt=\"\" class=\"wp-image-7684\" srcset=\"https:\/\/newblogs.correiobraziliense.com.br\/vivabrasilia\/wp-content\/uploads\/sites\/4\/2026\/08\/Marcelo-Galvao-e-Rafaela-Gadelha-1024x682.jpg 1024w, https:\/\/newblogs.correiobraziliense.com.br\/vivabrasilia\/wp-content\/uploads\/sites\/4\/2026\/08\/Marcelo-Galvao-e-Rafaela-Gadelha-300x200.jpg 300w, https:\/\/newblogs.correiobraziliense.com.br\/vivabrasilia\/wp-content\/uploads\/sites\/4\/2026\/08\/Marcelo-Galvao-e-Rafaela-Gadelha-768x512.jpg 768w, https:\/\/newblogs.correiobraziliense.com.br\/vivabrasilia\/wp-content\/uploads\/sites\/4\/2026\/08\/Marcelo-Galvao-e-Rafaela-Gadelha-1536x1024.jpg 1536w, https:\/\/newblogs.correiobraziliense.com.br\/vivabrasilia\/wp-content\/uploads\/sites\/4\/2026\/08\/Marcelo-Galvao-e-Rafaela-Gadelha.jpg 2000w\" sizes=\"auto, (max-width: 1024px) 100vw, 1024px\" \/><figcaption class=\"wp-element-caption\">Marcelo Galv\u00e3o e Rafaela Gadelha<\/figcaption><\/figure>\n\n\n\n<figure class=\"wp-block-image size-large\"><img loading=\"lazy\" decoding=\"async\" width=\"1024\" height=\"682\" data-id=\"7685\" src=\"https:\/\/newblogs.correiobraziliense.com.br\/vivabrasilia\/wp-content\/uploads\/sites\/4\/2026\/08\/A-embaixatriz-e-o-embaixador-de-Camaroes-Laura-e-Martin-Mbeng-1024x682.jpg\" alt=\"\" class=\"wp-image-7685\" srcset=\"https:\/\/newblogs.correiobraziliense.com.br\/vivabrasilia\/wp-content\/uploads\/sites\/4\/2026\/08\/A-embaixatriz-e-o-embaixador-de-Camaroes-Laura-e-Martin-Mbeng-1024x682.jpg 1024w, https:\/\/newblogs.correiobraziliense.com.br\/vivabrasilia\/wp-content\/uploads\/sites\/4\/2026\/08\/A-embaixatriz-e-o-embaixador-de-Camaroes-Laura-e-Martin-Mbeng-300x200.jpg 300w, https:\/\/newblogs.correiobraziliense.com.br\/vivabrasilia\/wp-content\/uploads\/sites\/4\/2026\/08\/A-embaixatriz-e-o-embaixador-de-Camaroes-Laura-e-Martin-Mbeng-768x512.jpg 768w, https:\/\/newblogs.correiobraziliense.com.br\/vivabrasilia\/wp-content\/uploads\/sites\/4\/2026\/08\/A-embaixatriz-e-o-embaixador-de-Camaroes-Laura-e-Martin-Mbeng-1536x1024.jpg 1536w, https:\/\/newblogs.correiobraziliense.com.br\/vivabrasilia\/wp-content\/uploads\/sites\/4\/2026\/08\/A-embaixatriz-e-o-embaixador-de-Camaroes-Laura-e-Martin-Mbeng.jpg 2000w\" sizes=\"auto, (max-width: 1024px) 100vw, 1024px\" \/><figcaption class=\"wp-element-caption\">A embaixatriz e o embaixador de Camar\u00f5es, Laura e Martin Mbeng<\/figcaption><\/figure>\n\n\n\n<figure class=\"wp-block-image size-large\"><img loading=\"lazy\" decoding=\"async\" width=\"1024\" height=\"682\" data-id=\"7678\" src=\"https:\/\/newblogs.correiobraziliense.com.br\/vivabrasilia\/wp-content\/uploads\/sites\/4\/2026\/08\/Ivonice-Campos-e-Heloisa-Hargreaves-1024x682.jpg\" alt=\"\" class=\"wp-image-7678\" srcset=\"https:\/\/newblogs.correiobraziliense.com.br\/vivabrasilia\/wp-content\/uploads\/sites\/4\/2026\/08\/Ivonice-Campos-e-Heloisa-Hargreaves-1024x682.jpg 1024w, https:\/\/newblogs.correiobraziliense.com.br\/vivabrasilia\/wp-content\/uploads\/sites\/4\/2026\/08\/Ivonice-Campos-e-Heloisa-Hargreaves-300x200.jpg 300w, https:\/\/newblogs.correiobraziliense.com.br\/vivabrasilia\/wp-content\/uploads\/sites\/4\/2026\/08\/Ivonice-Campos-e-Heloisa-Hargreaves-768x512.jpg 768w, https:\/\/newblogs.correiobraziliense.com.br\/vivabrasilia\/wp-content\/uploads\/sites\/4\/2026\/08\/Ivonice-Campos-e-Heloisa-Hargreaves-1536x1024.jpg 1536w, https:\/\/newblogs.correiobraziliense.com.br\/vivabrasilia\/wp-content\/uploads\/sites\/4\/2026\/08\/Ivonice-Campos-e-Heloisa-Hargreaves.jpg 2000w\" sizes=\"auto, (max-width: 1024px) 100vw, 1024px\" \/><figcaption class=\"wp-element-caption\">Ivonice Campos e Heloisa Hargreaves<\/figcaption><\/figure>\n\n\n\n<figure class=\"wp-block-image size-large\"><img loading=\"lazy\" decoding=\"async\" width=\"1024\" height=\"682\" data-id=\"7674\" src=\"https:\/\/newblogs.correiobraziliense.com.br\/vivabrasilia\/wp-content\/uploads\/sites\/4\/2026\/08\/Cosete-Ramos-e-familia-2-1024x682.jpg\" alt=\"\" class=\"wp-image-7674\" srcset=\"https:\/\/newblogs.correiobraziliense.com.br\/vivabrasilia\/wp-content\/uploads\/sites\/4\/2026\/08\/Cosete-Ramos-e-familia-2-1024x682.jpg 1024w, https:\/\/newblogs.correiobraziliense.com.br\/vivabrasilia\/wp-content\/uploads\/sites\/4\/2026\/08\/Cosete-Ramos-e-familia-2-300x200.jpg 300w, https:\/\/newblogs.correiobraziliense.com.br\/vivabrasilia\/wp-content\/uploads\/sites\/4\/2026\/08\/Cosete-Ramos-e-familia-2-768x512.jpg 768w, https:\/\/newblogs.correiobraziliense.com.br\/vivabrasilia\/wp-content\/uploads\/sites\/4\/2026\/08\/Cosete-Ramos-e-familia-2-1536x1024.jpg 1536w, https:\/\/newblogs.correiobraziliense.com.br\/vivabrasilia\/wp-content\/uploads\/sites\/4\/2026\/08\/Cosete-Ramos-e-familia-2.jpg 2000w\" sizes=\"auto, (max-width: 1024px) 100vw, 1024px\" \/><figcaption class=\"wp-element-caption\">Cosete Ramos e fam\u00edlia<\/figcaption><\/figure>\n\n\n\n<figure class=\"wp-block-image size-large\"><img loading=\"lazy\" decoding=\"async\" width=\"1024\" height=\"682\" data-id=\"7675\" src=\"https:\/\/newblogs.correiobraziliense.com.br\/vivabrasilia\/wp-content\/uploads\/sites\/4\/2026\/08\/Cosete-Ramos-1024x682.jpg\" alt=\"\" class=\"wp-image-7675\" srcset=\"https:\/\/newblogs.correiobraziliense.com.br\/vivabrasilia\/wp-content\/uploads\/sites\/4\/2026\/08\/Cosete-Ramos-1024x682.jpg 1024w, https:\/\/newblogs.correiobraziliense.com.br\/vivabrasilia\/wp-content\/uploads\/sites\/4\/2026\/08\/Cosete-Ramos-300x200.jpg 300w, https:\/\/newblogs.correiobraziliense.com.br\/vivabrasilia\/wp-content\/uploads\/sites\/4\/2026\/08\/Cosete-Ramos-768x512.jpg 768w, https:\/\/newblogs.correiobraziliense.com.br\/vivabrasilia\/wp-content\/uploads\/sites\/4\/2026\/08\/Cosete-Ramos-1536x1024.jpg 1536w, https:\/\/newblogs.correiobraziliense.com.br\/vivabrasilia\/wp-content\/uploads\/sites\/4\/2026\/08\/Cosete-Ramos.jpg 2000w\" sizes=\"auto, (max-width: 1024px) 100vw, 1024px\" \/><figcaption class=\"wp-element-caption\">Cosete Ramos<\/figcaption><\/figure>\n<\/figure>\n<\/div>\n\t\t\t<div class=\"slider-nav\">\n\t\t\t\t<button class=\"prev\">\n\t\t\t\t<svg xmlns=\"http:\/\/www.w3.org\/2000\/svg\" width=\"26\" height=\"45\" viewBox=\"0 0 26 45\" fill=\"none\">\n\t\t\t\t<path d=\"M24.9118 0.990519C25.5461 1.62494 25.9023 2.48528 25.9023 3.38235C25.9023 4.27943 25.5461 5.13977 24.9118 5.77419L8.16559 22.5204L24.9118 39.2667C25.5281 39.9047 25.8691 40.7593 25.8614 41.6463C25.8537 42.5334 25.4979 43.3819 24.8706 44.0091C24.2434 44.6364 23.3948 44.9922 22.5078 44.9999C21.6208 45.0076 20.7662 44.6666 20.1282 44.0503L0.990082 24.9123C0.355853 24.2778 -0.000438023 23.4175 -0.000438023 22.5204C-0.000438023 21.6234 0.355853 20.763 0.990082 20.1286L20.1282 0.990519C20.7626 0.35629 21.6229 0 22.52 0C23.4171 0 24.2774 0.35629 24.9118 0.990519Z\" fill=\"white\" fill-opacity=\"0.7\"><\/path>\n\t\t\t\t<\/svg>\n\t\t\t\t<\/button>\n\t\t\t\t<button class=\"next\">\n\t\t\t\t<svg xmlns=\"http:\/\/www.w3.org\/2000\/svg\" width=\"26\" height=\"45\" viewBox=\"0 0 26 45\" fill=\"none\">\n\t\t\t\t<path d=\"M0.99052 0.990519C0.356291 1.62494 0 2.48528 0 3.38235C0 4.27943 0.356291 5.13977 0.99052 5.77419L17.7368 22.5204L0.99052 39.2667C0.374265 39.9047 0.0332682 40.7593 0.0409763 41.6463C0.0486844 42.5334 0.40448 43.3819 1.03173 44.0091C1.65898 44.6364 2.5075 44.9922 3.39453 44.9999C4.28156 45.0076 5.13613 44.6666 5.77419 44.0503L24.9123 24.9123C25.5465 24.2778 25.9028 23.4175 25.9028 22.5204C25.9028 21.6234 25.5465 20.763 24.9123 20.1286L5.77419 0.990519C5.13977 0.35629 4.27943 0 3.38235 0C2.48528 0 1.62494 0.35629 0.99052 0.990519Z\" fill=\"white\" fill-opacity=\"0.7\"><\/path>\n\t\t\t\t<\/svg>\n\t\t\t\t<\/button>\n\t\t\t<\/div>\n\t\t\t<div class=\"slider-dots\"><\/div>\n\t\t\t<\/div>","protected":false},"excerpt":{"rendered":"<p>A aniversariante reuniu amigos e familiares para celebrar a chegada do novo ciclo em uma noite com coquetel, orquestra e baile <\/p>\n","protected":false},"author":7,"featured_media":7677,"comment_status":"closed","ping_status":"open","sticky":false,"template":"","format":"standard","meta":{"_acf_changed":false,"inline_featured_image":false,"footnotes":""},"categories":[70],"tags":[45,9,1265,950],"class_list":["post-7695","post","type-post","status-publish","format-standard","has-post-thumbnail","hentry","category-aniversario","tag-aniversario","tag-brasilia","tag-clube-naval","tag-social"],"acf":[],"yoast_head":"<!-- This site is optimized with the Yoast SEO plugin v28.1 - https:\/\/yoast.com\/product\/yoast-seo-wordpress\/ -->\n<title>Pioneira na capital, Cosete Ramos comemora a chegada dos 85 anos no Clube Naval - Viva Bras\u00edlia<\/title>\n<meta name=\"robots\" content=\"index, follow, max-snippet:-1, max-image-preview:large, max-video-preview:-1\" \/>\n<link rel=\"canonical\" href=\"https:\/\/newblogs.correiobraziliense.com.br\/vivabrasilia\/pioneira-na-capital-cosete-ramos-comemora-chegada-dos-85-anos-no-clube-naval\/\" \/>\n<meta property=\"og:locale\" content=\"pt_BR\" \/>\n<meta property=\"og:type\" content=\"article\" \/>\n<meta property=\"og:title\" content=\"Pioneira na capital, Cosete Ramos comemora a chegada dos 85 anos no Clube Naval - Viva Bras\u00edlia\" \/>\n<meta property=\"og:description\" content=\"A aniversariante reuniu amigos e familiares para celebrar a chegada do novo ciclo em uma noite com coquetel, orquestra e baile\" \/>\n<meta property=\"og:url\" content=\"https:\/\/newblogs.correiobraziliense.com.br\/vivabrasilia\/pioneira-na-capital-cosete-ramos-comemora-chegada-dos-85-anos-no-clube-naval\/\" \/>\n<meta property=\"og:site_name\" content=\"Viva Bras\u00edlia\" \/>\n<meta property=\"article:published_time\" content=\"2026-08-29T14:35:12+00:00\" \/>\n<meta property=\"article:modified_time\" content=\"2026-08-29T14:35:35+00:00\" \/>\n<meta property=\"og:image\" content=\"https:\/\/newblogs.correiobraziliense.com.br\/vivabrasilia\/wp-content\/uploads\/sites\/4\/2026\/08\/Cosete-Ramos-3.jpg\" \/>\n\t<meta property=\"og:image:width\" content=\"2000\" \/>\n\t<meta property=\"og:image:height\" content=\"1333\" \/>\n\t<meta property=\"og:image:type\" content=\"image\/jpeg\" \/>\n<meta name=\"author\" content=\"Mariana Campos\" \/>\n<!-- \/ Yoast SEO plugin. -->","yoast_head_json":{"title":"Pioneira na capital, Cosete Ramos comemora a chegada dos 85 anos no Clube Naval - Viva Bras\u00edlia","robots":{"index":"index","follow":"follow","max-snippet":"max-snippet:-1","max-image-preview":"max-image-preview:large","max-video-preview":"max-video-preview:-1"},"canonical":"https:\/\/newblogs.correiobraziliense.com.br\/vivabrasilia\/pioneira-na-capital-cosete-ramos-comemora-chegada-dos-85-anos-no-clube-naval\/","og_locale":"pt_BR","og_type":"article","og_title":"Pioneira na capital, Cosete Ramos comemora a chegada dos 85 anos no Clube Naval - Viva Bras\u00edlia","og_description":"A aniversariante reuniu amigos e familiares para celebrar a chegada do novo ciclo em uma noite com coquetel, orquestra e baile","og_url":"https:\/\/newblogs.correiobraziliense.com.br\/vivabrasilia\/pioneira-na-capital-cosete-ramos-comemora-chegada-dos-85-anos-no-clube-naval\/","og_site_name":"Viva Bras\u00edlia","article_published_time":"2026-08-29T14:35:12+00:00","article_modified_time":"2026-08-29T14:35:35+00:00","og_image":[{"width":2000,"height":1333,"url":"https:\/\/newblogs.correiobraziliense.com.br\/vivabrasilia\/wp-content\/uploads\/sites\/4\/2026\/08\/Cosete-Ramos-3.jpg","type":"image\/jpeg"}],"author":"Mariana Campos","schema":{"@context":"https:\/\/schema.org","@graph":[{"@type":"Article","@id":"https:\/\/newblogs.correiobraziliense.com.br\/vivabrasilia\/pioneira-na-capital-cosete-ramos-comemora-chegada-dos-85-anos-no-clube-naval\/#article","isPartOf":{"@id":"https:\/\/newblogs.correiobraziliense.com.br\/vivabrasilia\/pioneira-na-capital-cosete-ramos-comemora-chegada-dos-85-anos-no-clube-naval\/"},"author":{"name":"Mariana Campos","@id":"https:\/\/newblogs.correiobraziliense.com.br\/vivabrasilia\/#\/schema\/person\/018c75775aaa6ead74dde48a78ac7fa1"},"headline":"Pioneira na capital, Cosete Ramos comemora a chegada dos 85 anos no Clube Naval","datePublished":"2026-08-29T14:35:12+00:00","dateModified":"2026-08-29T14:35:35+00:00","mainEntityOfPage":{"@id":"https:\/\/newblogs.correiobraziliense.com.br\/vivabrasilia\/pioneira-na-capital-cosete-ramos-comemora-chegada-dos-85-anos-no-clube-naval\/"},"wordCount":175,"image":{"@id":"https:\/\/newblogs.correiobraziliense.com.br\/vivabrasilia\/pioneira-na-capital-cosete-ramos-comemora-chegada-dos-85-anos-no-clube-naval\/#primaryimage"},"thumbnailUrl":"https:\/\/newblogs.correiobraziliense.com.br\/vivabrasilia\/wp-content\/uploads\/sites\/4\/2026\/08\/Cosete-Ramos-3.jpg","keywords":["Anivers\u00e1rio","Bras\u00edlia","Clube Naval","Social"],"articleSection":["Anivers\u00e1rio"],"inLanguage":"pt-BR"},{"@type":"WebPage","@id":"https:\/\/newblogs.correiobraziliense.com.br\/vivabrasilia\/pioneira-na-capital-cosete-ramos-comemora-chegada-dos-85-anos-no-clube-naval\/","url":"https:\/\/newblogs.correiobraziliense.com.br\/vivabrasilia\/pioneira-na-capital-cosete-ramos-comemora-chegada-dos-85-anos-no-clube-naval\/","name":"Pioneira na capital, Cosete Ramos comemora a chegada dos 85 anos no Clube Naval - Viva Bras\u00edlia","isPartOf":{"@id":"https:\/\/newblogs.correiobraziliense.com.br\/vivabrasilia\/#website"},"primaryImageOfPage":{"@id":"https:\/\/newblogs.correiobraziliense.com.br\/vivabrasilia\/pioneira-na-capital-cosete-ramos-comemora-chegada-dos-85-anos-no-clube-naval\/#primaryimage"},"image":{"@id":"https:\/\/newblogs.correiobraziliense.com.br\/vivabrasilia\/pioneira-na-capital-cosete-ramos-comemora-chegada-dos-85-anos-no-clube-naval\/#primaryimage"},"thumbnailUrl":"https:\/\/newblogs.correiobraziliense.com.br\/vivabrasilia\/wp-content\/uploads\/sites\/4\/2026\/08\/Cosete-Ramos-3.jpg","datePublished":"2026-08-29T14:35:12+00:00","dateModified":"2026-08-29T14:35:35+00:00","author":{"@id":"https:\/\/newblogs.correiobraziliense.com.br\/vivabrasilia\/#\/schema\/person\/018c75775aaa6ead74dde48a78ac7fa1"},"breadcrumb":{"@id":"https:\/\/newblogs.correiobraziliense.com.br\/vivabrasilia\/pioneira-na-capital-cosete-ramos-comemora-chegada-dos-85-anos-no-clube-naval\/#breadcrumb"},"inLanguage":"pt-BR","potentialAction":[{"@type":"ReadAction","target":["https:\/\/newblogs.correiobraziliense.com.br\/vivabrasilia\/pioneira-na-capital-cosete-ramos-comemora-chegada-dos-85-anos-no-clube-naval\/"]}]},{"@type":"ImageObject","inLanguage":"pt-BR","@id":"https:\/\/newblogs.correiobraziliense.com.br\/vivabrasilia\/pioneira-na-capital-cosete-ramos-comemora-chegada-dos-85-anos-no-clube-naval\/#primaryimage","url":"https:\/\/newblogs.correiobraziliense.com.br\/vivabrasilia\/wp-content\/uploads\/sites\/4\/2026\/08\/Cosete-Ramos-3.jpg","contentUrl":"https:\/\/newblogs.correiobraziliense.com.br\/vivabrasilia\/wp-content\/uploads\/sites\/4\/2026\/08\/Cosete-Ramos-3.jpg","width":2000,"height":1333,"caption":"Cosete Ramos"},{"@type":"BreadcrumbList","@id":"https:\/\/newblogs.correiobraziliense.com.br\/vivabrasilia\/pioneira-na-capital-cosete-ramos-comemora-chegada-dos-85-anos-no-clube-naval\/#breadcrumb","itemListElement":[{"@type":"ListItem","position":1,"name":"In\u00edcio","item":"https:\/\/newblogs.correiobraziliense.com.br\/vivabrasilia\/"},{"@type":"ListItem","position":2,"name":"Pioneira na capital, Cosete Ramos comemora a chegada dos 85 anos no Clube Naval"}]},{"@type":"WebSite","@id":"https:\/\/newblogs.correiobraziliense.com.br\/vivabrasilia\/#website","url":"https:\/\/newblogs.correiobraziliense.com.br\/vivabrasilia\/","name":"Viva Bras\u00edlia","description":"Coluna de estilo de vida","potentialAction":[{"@type":"SearchAction","target":{"@type":"EntryPoint","urlTemplate":"https:\/\/newblogs.correiobraziliense.com.br\/vivabrasilia\/?s={search_term_string}"},"query-input":{"@type":"PropertyValueSpecification","valueRequired":true,"valueName":"search_term_string"}}],"inLanguage":"pt-BR"},{"@type":"Person","@id":"https:\/\/newblogs.correiobraziliense.com.br\/vivabrasilia\/#\/schema\/person\/018c75775aaa6ead74dde48a78ac7fa1","name":"Mariana Campos","image":{"@type":"ImageObject","inLanguage":"pt-BR","@id":"https:\/\/secure.gravatar.com\/avatar\/97cd13271bc36c11415a45e9f8192828452de6a8c0e24857edbf96d21752260f?s=96&d=mm&r=g","url":"https:\/\/secure.gravatar.com\/avatar\/97cd13271bc36c11415a45e9f8192828452de6a8c0e24857edbf96d21752260f?s=96&d=mm&r=g","contentUrl":"https:\/\/secure.gravatar.com\/avatar\/97cd13271bc36c11415a45e9f8192828452de6a8c0e24857edbf96d21752260f?s=96&d=mm&r=g","caption":"Mariana Campos"},"description":"Colunista da Viva Bras\u00edlia, Mariana escreve e fotografa para a coluna, unindo o jornalismo escrito e fotogr\u00e1fico para mostrar que a capital \u00e9 uma cidade viva que n\u00e3o se resume apenas ao poder. Tamb\u00e9m faz a cobertura de moda para seu blog, Pliss\u00ea, e para as redes sociais do Correio. \u00c9 formada em Publicidade e Propaganda, e cursa Jornalismo.","sameAs":["http:\/\/newblogs.correiobraziliense.com\/plisse","https:\/\/www.instagram.com\/marigrigori"],"url":"https:\/\/newblogs.correiobraziliense.com.br\/vivabrasilia\/author\/marivivabrasilia\/"}]}},"_links":{"self":[{"href":"https:\/\/newblogs.correiobraziliense.com.br\/vivabrasilia\/wp-json\/wp\/v2\/posts\/7695","targetHints":{"allow":["GET"]}}],"collection":[{"href":"https:\/\/newblogs.correiobraziliense.com.br\/vivabrasilia\/wp-json\/wp\/v2\/posts"}],"about":[{"href":"https:\/\/newblogs.correiobraziliense.com.br\/vivabrasilia\/wp-json\/wp\/v2\/types\/post"}],"author":[{"embeddable":true,"href":"https:\/\/newblogs.correiobraziliense.com.br\/vivabrasilia\/wp-json\/wp\/v2\/users\/7"}],"replies":[{"embeddable":true,"href":"https:\/\/newblogs.correiobraziliense.com.br\/vivabrasilia\/wp-json\/wp\/v2\/comments?post=7695"}],"version-history":[{"count":2,"href":"https:\/\/newblogs.correiobraziliense.com.br\/vivabrasilia\/wp-json\/wp\/v2\/posts\/7695\/revisions"}],"predecessor-version":[{"id":7700,"href":"https:\/\/newblogs.correiobraziliense.com.br\/vivabrasilia\/wp-json\/wp\/v2\/posts\/7695\/revisions\/7700"}],"wp:featuredmedia":[{"embeddable":true,"href":"https:\/\/newblogs.correiobraziliense.com.br\/vivabrasilia\/wp-json\/wp\/v2\/media\/7677"}],"wp:attachment":[{"href":"https:\/\/newblogs.correiobraziliense.com.br\/vivabrasilia\/wp-json\/wp\/v2\/media?parent=7695"}],"wp:term":[{"taxonomy":"category","embeddable":true,"href":"https:\/\/newblogs.correiobraziliense.com.br\/vivabrasilia\/wp-json\/wp\/v2\/categories?post=7695"},{"taxonomy":"post_tag","embeddable":true,"href":"https:\/\/newblogs.correiobraziliense.com.br\/vivabrasilia\/wp-json\/wp\/v2\/tags?post=7695"}],"curies":[{"name":"wp","href":"https:\/\/api.w.org\/{rel}","templated":true}]}}