{"id":7671,"date":"2026-08-29T11:35:54","date_gmt":"2026-08-29T14:35:54","guid":{"rendered":"https:\/\/newblogs.correiobraziliense.com.br\/vivabrasilia\/?p=7671"},"modified":"2026-08-29T11:35:57","modified_gmt":"2026-08-29T14:35:57","slug":"congresso-do-idp-debate-impacto-da-ia-na-arquitetura-e-no-futuro-das-cidades","status":"publish","type":"post","link":"https:\/\/newblogs.correiobraziliense.com.br\/vivabrasilia\/congresso-do-idp-debate-impacto-da-ia-na-arquitetura-e-no-futuro-das-cidades\/","title":{"rendered":"Congresso do IDP debate impacto da IA na arquitetura e no futuro das cidades"},"content":{"rendered":"\n<p>O IDP recebeu, nesta semana, o I Congresso Internacional de Arquitetura e Urbanismo, realizado no campus da Asa Norte. Focado nos impactos da intelig\u00eancia artificial na profiss\u00e3o e no futuro das cidades, o encontro atraiu arquitetos, urbanistas, pesquisadores, gestores p\u00fablicos e especialistas brasileiros e estrangeiros para discutir temas como design computacional, cidades inteligentes, sustentabilidade, resili\u00eancia clim\u00e1tica e inova\u00e7\u00e3o. Entre os convidados e palestrantes, marcaram presen\u00e7a o ministro do STF Gilmar Mendes, que conduziu a abertura; o professor do Massachusetts Institute of Technology (MIT), Carlo Ratti; o professor visitante da Universidade Harvard, Neil Leach; e o cofundador da FORMAS.AI, Carlos Ba\u00f1\u00f3n, bem como outros importantes representantes de institui\u00e7\u00f5es de ensino e escrit\u00f3rios de arquitetura nacionais e internacionais.<\/p>\n\n\n<div class=\"slider-wrapper\"><div class=\"slider\">\n<figure class=\"wp-block-gallery has-nested-images columns-default is-cropped wp-block-gallery-1 is-layout-flex wp-block-gallery-is-layout-flex\">\n<figure class=\"wp-block-image size-large\"><img loading=\"lazy\" decoding=\"async\" width=\"1024\" height=\"682\" data-id=\"7688\" src=\"https:\/\/newblogs.correiobraziliense.com.br\/vivabrasilia\/wp-content\/uploads\/sites\/4\/2026\/08\/Patricia-Pereira-Lincoln-Philipe-Fernando-Rios-e-Barbara-Gomide-1024x682.jpg\" alt=\"\" class=\"wp-image-7688\" srcset=\"https:\/\/newblogs.correiobraziliense.com.br\/vivabrasilia\/wp-content\/uploads\/sites\/4\/2026\/08\/Patricia-Pereira-Lincoln-Philipe-Fernando-Rios-e-Barbara-Gomide-1024x682.jpg 1024w, https:\/\/newblogs.correiobraziliense.com.br\/vivabrasilia\/wp-content\/uploads\/sites\/4\/2026\/08\/Patricia-Pereira-Lincoln-Philipe-Fernando-Rios-e-Barbara-Gomide-300x200.jpg 300w, https:\/\/newblogs.correiobraziliense.com.br\/vivabrasilia\/wp-content\/uploads\/sites\/4\/2026\/08\/Patricia-Pereira-Lincoln-Philipe-Fernando-Rios-e-Barbara-Gomide-768x512.jpg 768w, https:\/\/newblogs.correiobraziliense.com.br\/vivabrasilia\/wp-content\/uploads\/sites\/4\/2026\/08\/Patricia-Pereira-Lincoln-Philipe-Fernando-Rios-e-Barbara-Gomide-1536x1024.jpg 1536w, https:\/\/newblogs.correiobraziliense.com.br\/vivabrasilia\/wp-content\/uploads\/sites\/4\/2026\/08\/Patricia-Pereira-Lincoln-Philipe-Fernando-Rios-e-Barbara-Gomide.jpg 2000w\" sizes=\"auto, (max-width: 1024px) 100vw, 1024px\" \/><figcaption class=\"wp-element-caption\">Patr\u00edcia Pereira, Lincoln Philipe, Fernando Rios e B\u00e1rbara Gomide<\/figcaption><\/figure>\n\n\n\n<figure class=\"wp-block-image size-large\"><img loading=\"lazy\" decoding=\"async\" width=\"1024\" height=\"682\" data-id=\"7689\" src=\"https:\/\/newblogs.correiobraziliense.com.br\/vivabrasilia\/wp-content\/uploads\/sites\/4\/2026\/08\/A-representante-do-CAU-BR-Monica-Andrea-Blanco-e-a-coordenadora-do-curso-de-Arquitetura-e-Urbanismo-do-IDP-Mafalda-Pantoja-2-1024x682.jpg\" alt=\"\" class=\"wp-image-7689\" srcset=\"https:\/\/newblogs.correiobraziliense.com.br\/vivabrasilia\/wp-content\/uploads\/sites\/4\/2026\/08\/A-representante-do-CAU-BR-Monica-Andrea-Blanco-e-a-coordenadora-do-curso-de-Arquitetura-e-Urbanismo-do-IDP-Mafalda-Pantoja-2-1024x682.jpg 1024w, https:\/\/newblogs.correiobraziliense.com.br\/vivabrasilia\/wp-content\/uploads\/sites\/4\/2026\/08\/A-representante-do-CAU-BR-Monica-Andrea-Blanco-e-a-coordenadora-do-curso-de-Arquitetura-e-Urbanismo-do-IDP-Mafalda-Pantoja-2-300x200.jpg 300w, https:\/\/newblogs.correiobraziliense.com.br\/vivabrasilia\/wp-content\/uploads\/sites\/4\/2026\/08\/A-representante-do-CAU-BR-Monica-Andrea-Blanco-e-a-coordenadora-do-curso-de-Arquitetura-e-Urbanismo-do-IDP-Mafalda-Pantoja-2-768x512.jpg 768w, https:\/\/newblogs.correiobraziliense.com.br\/vivabrasilia\/wp-content\/uploads\/sites\/4\/2026\/08\/A-representante-do-CAU-BR-Monica-Andrea-Blanco-e-a-coordenadora-do-curso-de-Arquitetura-e-Urbanismo-do-IDP-Mafalda-Pantoja-2-1536x1024.jpg 1536w, https:\/\/newblogs.correiobraziliense.com.br\/vivabrasilia\/wp-content\/uploads\/sites\/4\/2026\/08\/A-representante-do-CAU-BR-Monica-Andrea-Blanco-e-a-coordenadora-do-curso-de-Arquitetura-e-Urbanismo-do-IDP-Mafalda-Pantoja-2.jpg 2000w\" sizes=\"auto, (max-width: 1024px) 100vw, 1024px\" \/><figcaption class=\"wp-element-caption\">A representante do CAU\/BR M\u00f4nica Andr\u00e9a Blanco e a coordenadora do curso de Arquitetura e Urbanismo do IDP Mafalda Pantoja<\/figcaption><\/figure>\n\n\n\n<figure class=\"wp-block-image size-large\"><img loading=\"lazy\" decoding=\"async\" width=\"1024\" height=\"682\" data-id=\"7693\" src=\"https:\/\/newblogs.correiobraziliense.com.br\/vivabrasilia\/wp-content\/uploads\/sites\/4\/2026\/08\/O-ministro-do-STF-Gilmar-Mendes-e-Lincoln-Philipe-1024x682.jpg\" alt=\"\" class=\"wp-image-7693\" srcset=\"https:\/\/newblogs.correiobraziliense.com.br\/vivabrasilia\/wp-content\/uploads\/sites\/4\/2026\/08\/O-ministro-do-STF-Gilmar-Mendes-e-Lincoln-Philipe-1024x682.jpg 1024w, https:\/\/newblogs.correiobraziliense.com.br\/vivabrasilia\/wp-content\/uploads\/sites\/4\/2026\/08\/O-ministro-do-STF-Gilmar-Mendes-e-Lincoln-Philipe-300x200.jpg 300w, https:\/\/newblogs.correiobraziliense.com.br\/vivabrasilia\/wp-content\/uploads\/sites\/4\/2026\/08\/O-ministro-do-STF-Gilmar-Mendes-e-Lincoln-Philipe-768x512.jpg 768w, https:\/\/newblogs.correiobraziliense.com.br\/vivabrasilia\/wp-content\/uploads\/sites\/4\/2026\/08\/O-ministro-do-STF-Gilmar-Mendes-e-Lincoln-Philipe-1536x1024.jpg 1536w, https:\/\/newblogs.correiobraziliense.com.br\/vivabrasilia\/wp-content\/uploads\/sites\/4\/2026\/08\/O-ministro-do-STF-Gilmar-Mendes-e-Lincoln-Philipe.jpg 2000w\" sizes=\"auto, (max-width: 1024px) 100vw, 1024px\" \/><figcaption class=\"wp-element-caption\">O ministro do STF Gilmar Mendes e Lincoln Philipe<\/figcaption><\/figure>\n\n\n\n<figure class=\"wp-block-image size-large\"><img loading=\"lazy\" decoding=\"async\" width=\"1024\" height=\"682\" data-id=\"7691\" src=\"https:\/\/newblogs.correiobraziliense.com.br\/vivabrasilia\/wp-content\/uploads\/sites\/4\/2026\/08\/Ana-Costa-Pedro-Praia-a-coordenadora-do-curso-de-Arquitetura-e-Urbanismo-do-IDP-Mafalda-Pantoja-Lucas-Abreu-e-Giselle-Chaim-1024x682.jpg\" alt=\"\" class=\"wp-image-7691\" srcset=\"https:\/\/newblogs.correiobraziliense.com.br\/vivabrasilia\/wp-content\/uploads\/sites\/4\/2026\/08\/Ana-Costa-Pedro-Praia-a-coordenadora-do-curso-de-Arquitetura-e-Urbanismo-do-IDP-Mafalda-Pantoja-Lucas-Abreu-e-Giselle-Chaim-1024x682.jpg 1024w, https:\/\/newblogs.correiobraziliense.com.br\/vivabrasilia\/wp-content\/uploads\/sites\/4\/2026\/08\/Ana-Costa-Pedro-Praia-a-coordenadora-do-curso-de-Arquitetura-e-Urbanismo-do-IDP-Mafalda-Pantoja-Lucas-Abreu-e-Giselle-Chaim-300x200.jpg 300w, https:\/\/newblogs.correiobraziliense.com.br\/vivabrasilia\/wp-content\/uploads\/sites\/4\/2026\/08\/Ana-Costa-Pedro-Praia-a-coordenadora-do-curso-de-Arquitetura-e-Urbanismo-do-IDP-Mafalda-Pantoja-Lucas-Abreu-e-Giselle-Chaim-768x512.jpg 768w, https:\/\/newblogs.correiobraziliense.com.br\/vivabrasilia\/wp-content\/uploads\/sites\/4\/2026\/08\/Ana-Costa-Pedro-Praia-a-coordenadora-do-curso-de-Arquitetura-e-Urbanismo-do-IDP-Mafalda-Pantoja-Lucas-Abreu-e-Giselle-Chaim-1536x1024.jpg 1536w, https:\/\/newblogs.correiobraziliense.com.br\/vivabrasilia\/wp-content\/uploads\/sites\/4\/2026\/08\/Ana-Costa-Pedro-Praia-a-coordenadora-do-curso-de-Arquitetura-e-Urbanismo-do-IDP-Mafalda-Pantoja-Lucas-Abreu-e-Giselle-Chaim.jpg 2000w\" sizes=\"auto, (max-width: 1024px) 100vw, 1024px\" \/><figcaption class=\"wp-element-caption\">Ana Costa, Pedro Praia, a coordenadora do curso de Arquitetura e Urbanismo do IDP Mafalda Pantoja, Lucas Abreu e Giselle Chaim<\/figcaption><\/figure>\n\n\n\n<figure class=\"wp-block-image size-large\"><img loading=\"lazy\" decoding=\"async\" width=\"1024\" height=\"682\" data-id=\"7686\" src=\"https:\/\/newblogs.correiobraziliense.com.br\/vivabrasilia\/wp-content\/uploads\/sites\/4\/2026\/08\/Mario-Pacheco-Lucas-Abreu-Giselle-Chaim-Jose-Airton-Caroline-Albergaria-Ana-Costa-Isadora-Banducci-Pedro-Praia-e-Nathalia-Mello-1024x682.jpg\" alt=\"\" class=\"wp-image-7686\" srcset=\"https:\/\/newblogs.correiobraziliense.com.br\/vivabrasilia\/wp-content\/uploads\/sites\/4\/2026\/08\/Mario-Pacheco-Lucas-Abreu-Giselle-Chaim-Jose-Airton-Caroline-Albergaria-Ana-Costa-Isadora-Banducci-Pedro-Praia-e-Nathalia-Mello-1024x682.jpg 1024w, https:\/\/newblogs.correiobraziliense.com.br\/vivabrasilia\/wp-content\/uploads\/sites\/4\/2026\/08\/Mario-Pacheco-Lucas-Abreu-Giselle-Chaim-Jose-Airton-Caroline-Albergaria-Ana-Costa-Isadora-Banducci-Pedro-Praia-e-Nathalia-Mello-300x200.jpg 300w, https:\/\/newblogs.correiobraziliense.com.br\/vivabrasilia\/wp-content\/uploads\/sites\/4\/2026\/08\/Mario-Pacheco-Lucas-Abreu-Giselle-Chaim-Jose-Airton-Caroline-Albergaria-Ana-Costa-Isadora-Banducci-Pedro-Praia-e-Nathalia-Mello-768x512.jpg 768w, https:\/\/newblogs.correiobraziliense.com.br\/vivabrasilia\/wp-content\/uploads\/sites\/4\/2026\/08\/Mario-Pacheco-Lucas-Abreu-Giselle-Chaim-Jose-Airton-Caroline-Albergaria-Ana-Costa-Isadora-Banducci-Pedro-Praia-e-Nathalia-Mello-1536x1024.jpg 1536w, https:\/\/newblogs.correiobraziliense.com.br\/vivabrasilia\/wp-content\/uploads\/sites\/4\/2026\/08\/Mario-Pacheco-Lucas-Abreu-Giselle-Chaim-Jose-Airton-Caroline-Albergaria-Ana-Costa-Isadora-Banducci-Pedro-Praia-e-Nathalia-Mello.jpg 2000w\" sizes=\"auto, (max-width: 1024px) 100vw, 1024px\" \/><figcaption class=\"wp-element-caption\">M\u00e1rio Pacheco, Lucas Abreu, Giselle Chaim, Jos\u00e9 Airton, Caroline Albergaria, Ana Costa, Isadora Banducci, Pedro Praia e Nathalia Mello<\/figcaption><\/figure>\n<\/figure>\n<\/div>\n\t\t\t<div class=\"slider-nav\">\n\t\t\t\t<button class=\"prev\">\n\t\t\t\t<svg xmlns=\"http:\/\/www.w3.org\/2000\/svg\" width=\"26\" height=\"45\" viewBox=\"0 0 26 45\" fill=\"none\">\n\t\t\t\t<path d=\"M24.9118 0.990519C25.5461 1.62494 25.9023 2.48528 25.9023 3.38235C25.9023 4.27943 25.5461 5.13977 24.9118 5.77419L8.16559 22.5204L24.9118 39.2667C25.5281 39.9047 25.8691 40.7593 25.8614 41.6463C25.8537 42.5334 25.4979 43.3819 24.8706 44.0091C24.2434 44.6364 23.3948 44.9922 22.5078 44.9999C21.6208 45.0076 20.7662 44.6666 20.1282 44.0503L0.990082 24.9123C0.355853 24.2778 -0.000438023 23.4175 -0.000438023 22.5204C-0.000438023 21.6234 0.355853 20.763 0.990082 20.1286L20.1282 0.990519C20.7626 0.35629 21.6229 0 22.52 0C23.4171 0 24.2774 0.35629 24.9118 0.990519Z\" fill=\"white\" fill-opacity=\"0.7\"><\/path>\n\t\t\t\t<\/svg>\n\t\t\t\t<\/button>\n\t\t\t\t<button class=\"next\">\n\t\t\t\t<svg xmlns=\"http:\/\/www.w3.org\/2000\/svg\" width=\"26\" height=\"45\" viewBox=\"0 0 26 45\" fill=\"none\">\n\t\t\t\t<path d=\"M0.99052 0.990519C0.356291 1.62494 0 2.48528 0 3.38235C0 4.27943 0.356291 5.13977 0.99052 5.77419L17.7368 22.5204L0.99052 39.2667C0.374265 39.9047 0.0332682 40.7593 0.0409763 41.6463C0.0486844 42.5334 0.40448 43.3819 1.03173 44.0091C1.65898 44.6364 2.5075 44.9922 3.39453 44.9999C4.28156 45.0076 5.13613 44.6666 5.77419 44.0503L24.9123 24.9123C25.5465 24.2778 25.9028 23.4175 25.9028 22.5204C25.9028 21.6234 25.5465 20.763 24.9123 20.1286L5.77419 0.990519C5.13977 0.35629 4.27943 0 3.38235 0C2.48528 0 1.62494 0.35629 0.99052 0.990519Z\" fill=\"white\" fill-opacity=\"0.7\"><\/path>\n\t\t\t\t<\/svg>\n\t\t\t\t<\/button>\n\t\t\t<\/div>\n\t\t\t<div class=\"slider-dots\"><\/div>\n\t\t\t<\/div>","protected":false},"excerpt":{"rendered":"<p>A primeira edi\u00e7\u00e3o do evento discutiu as transforma\u00e7\u00f5es provocadas pelas novas tecnologias no planejamento dos espa\u00e7os urbanos<\/p>\n","protected":false},"author":7,"featured_media":7690,"comment_status":"closed","ping_status":"open","sticky":false,"template":"","format":"standard","meta":{"_acf_changed":false,"inline_featured_image":false,"footnotes":""},"categories":[1384],"tags":[316,9,450,1261,950],"class_list":["post-7671","post","type-post","status-publish","format-standard","has-post-thumbnail","hentry","category-arquitetura","tag-arquitetura","tag-brasilia","tag-congresso","tag-idp","tag-social"],"acf":[],"yoast_head":"<!-- This site is optimized with the Yoast SEO plugin v28.1 - https:\/\/yoast.com\/product\/yoast-seo-wordpress\/ -->\n<title>Congresso do IDP debate impacto da IA na arquitetura e no futuro das cidades - Viva Bras\u00edlia<\/title>\n<meta name=\"robots\" content=\"index, follow, max-snippet:-1, max-image-preview:large, max-video-preview:-1\" \/>\n<link rel=\"canonical\" href=\"https:\/\/newblogs.correiobraziliense.com.br\/vivabrasilia\/congresso-do-idp-debate-impacto-da-ia-na-arquitetura-e-no-futuro-das-cidades\/\" \/>\n<meta property=\"og:locale\" content=\"pt_BR\" \/>\n<meta property=\"og:type\" content=\"article\" \/>\n<meta property=\"og:title\" content=\"Congresso do IDP debate impacto da IA na arquitetura e no futuro das cidades - Viva Bras\u00edlia\" \/>\n<meta property=\"og:description\" content=\"A primeira edi\u00e7\u00e3o do evento discutiu as transforma\u00e7\u00f5es provocadas pelas novas tecnologias no planejamento dos espa\u00e7os urbanos\" \/>\n<meta property=\"og:url\" content=\"https:\/\/newblogs.correiobraziliense.com.br\/vivabrasilia\/congresso-do-idp-debate-impacto-da-ia-na-arquitetura-e-no-futuro-das-cidades\/\" \/>\n<meta property=\"og:site_name\" content=\"Viva Bras\u00edlia\" \/>\n<meta property=\"article:published_time\" content=\"2026-08-29T14:35:54+00:00\" \/>\n<meta property=\"article:modified_time\" content=\"2026-08-29T14:35:57+00:00\" \/>\n<meta property=\"og:image\" content=\"https:\/\/newblogs.correiobraziliense.com.br\/vivabrasilia\/wp-content\/uploads\/sites\/4\/2026\/08\/A-representante-do-CAU-BR-Monica-Andrea-Blanco-o-ministro-do-STF-Gilmar-Mendes-e-a-coordenadora-do-curso-de-Arquitetura-e-Urbanismo-do-IDP-Mafalda-Pantoja.jpg\" \/>\n\t<meta property=\"og:image:width\" content=\"2000\" \/>\n\t<meta property=\"og:image:height\" content=\"1333\" \/>\n\t<meta property=\"og:image:type\" content=\"image\/jpeg\" \/>\n<meta name=\"author\" content=\"Mariana Campos\" \/>\n<!-- \/ Yoast SEO plugin. -->","yoast_head_json":{"title":"Congresso do IDP debate impacto da IA na arquitetura e no futuro das cidades - Viva Bras\u00edlia","robots":{"index":"index","follow":"follow","max-snippet":"max-snippet:-1","max-image-preview":"max-image-preview:large","max-video-preview":"max-video-preview:-1"},"canonical":"https:\/\/newblogs.correiobraziliense.com.br\/vivabrasilia\/congresso-do-idp-debate-impacto-da-ia-na-arquitetura-e-no-futuro-das-cidades\/","og_locale":"pt_BR","og_type":"article","og_title":"Congresso do IDP debate impacto da IA na arquitetura e no futuro das cidades - Viva Bras\u00edlia","og_description":"A primeira edi\u00e7\u00e3o do evento discutiu as transforma\u00e7\u00f5es provocadas pelas novas tecnologias no planejamento dos espa\u00e7os urbanos","og_url":"https:\/\/newblogs.correiobraziliense.com.br\/vivabrasilia\/congresso-do-idp-debate-impacto-da-ia-na-arquitetura-e-no-futuro-das-cidades\/","og_site_name":"Viva Bras\u00edlia","article_published_time":"2026-08-29T14:35:54+00:00","article_modified_time":"2026-08-29T14:35:57+00:00","og_image":[{"width":2000,"height":1333,"url":"https:\/\/newblogs.correiobraziliense.com.br\/vivabrasilia\/wp-content\/uploads\/sites\/4\/2026\/08\/A-representante-do-CAU-BR-Monica-Andrea-Blanco-o-ministro-do-STF-Gilmar-Mendes-e-a-coordenadora-do-curso-de-Arquitetura-e-Urbanismo-do-IDP-Mafalda-Pantoja.jpg","type":"image\/jpeg"}],"author":"Mariana Campos","schema":{"@context":"https:\/\/schema.org","@graph":[{"@type":"Article","@id":"https:\/\/newblogs.correiobraziliense.com.br\/vivabrasilia\/congresso-do-idp-debate-impacto-da-ia-na-arquitetura-e-no-futuro-das-cidades\/#article","isPartOf":{"@id":"https:\/\/newblogs.correiobraziliense.com.br\/vivabrasilia\/congresso-do-idp-debate-impacto-da-ia-na-arquitetura-e-no-futuro-das-cidades\/"},"author":{"name":"Mariana Campos","@id":"https:\/\/newblogs.correiobraziliense.com.br\/vivabrasilia\/#\/schema\/person\/018c75775aaa6ead74dde48a78ac7fa1"},"headline":"Congresso do IDP debate impacto da IA na arquitetura e no futuro das cidades","datePublished":"2026-08-29T14:35:54+00:00","dateModified":"2026-08-29T14:35:57+00:00","mainEntityOfPage":{"@id":"https:\/\/newblogs.correiobraziliense.com.br\/vivabrasilia\/congresso-do-idp-debate-impacto-da-ia-na-arquitetura-e-no-futuro-das-cidades\/"},"wordCount":225,"image":{"@id":"https:\/\/newblogs.correiobraziliense.com.br\/vivabrasilia\/congresso-do-idp-debate-impacto-da-ia-na-arquitetura-e-no-futuro-das-cidades\/#primaryimage"},"thumbnailUrl":"https:\/\/newblogs.correiobraziliense.com.br\/vivabrasilia\/wp-content\/uploads\/sites\/4\/2026\/08\/A-representante-do-CAU-BR-Monica-Andrea-Blanco-o-ministro-do-STF-Gilmar-Mendes-e-a-coordenadora-do-curso-de-Arquitetura-e-Urbanismo-do-IDP-Mafalda-Pantoja.jpg","keywords":["Arquitetura","Bras\u00edlia","congresso","IDP","Social"],"articleSection":["Arquitetura"],"inLanguage":"pt-BR"},{"@type":"WebPage","@id":"https:\/\/newblogs.correiobraziliense.com.br\/vivabrasilia\/congresso-do-idp-debate-impacto-da-ia-na-arquitetura-e-no-futuro-das-cidades\/","url":"https:\/\/newblogs.correiobraziliense.com.br\/vivabrasilia\/congresso-do-idp-debate-impacto-da-ia-na-arquitetura-e-no-futuro-das-cidades\/","name":"Congresso do IDP debate impacto da IA na arquitetura e no futuro das cidades - Viva Bras\u00edlia","isPartOf":{"@id":"https:\/\/newblogs.correiobraziliense.com.br\/vivabrasilia\/#website"},"primaryImageOfPage":{"@id":"https:\/\/newblogs.correiobraziliense.com.br\/vivabrasilia\/congresso-do-idp-debate-impacto-da-ia-na-arquitetura-e-no-futuro-das-cidades\/#primaryimage"},"image":{"@id":"https:\/\/newblogs.correiobraziliense.com.br\/vivabrasilia\/congresso-do-idp-debate-impacto-da-ia-na-arquitetura-e-no-futuro-das-cidades\/#primaryimage"},"thumbnailUrl":"https:\/\/newblogs.correiobraziliense.com.br\/vivabrasilia\/wp-content\/uploads\/sites\/4\/2026\/08\/A-representante-do-CAU-BR-Monica-Andrea-Blanco-o-ministro-do-STF-Gilmar-Mendes-e-a-coordenadora-do-curso-de-Arquitetura-e-Urbanismo-do-IDP-Mafalda-Pantoja.jpg","datePublished":"2026-08-29T14:35:54+00:00","dateModified":"2026-08-29T14:35:57+00:00","author":{"@id":"https:\/\/newblogs.correiobraziliense.com.br\/vivabrasilia\/#\/schema\/person\/018c75775aaa6ead74dde48a78ac7fa1"},"breadcrumb":{"@id":"https:\/\/newblogs.correiobraziliense.com.br\/vivabrasilia\/congresso-do-idp-debate-impacto-da-ia-na-arquitetura-e-no-futuro-das-cidades\/#breadcrumb"},"inLanguage":"pt-BR","potentialAction":[{"@type":"ReadAction","target":["https:\/\/newblogs.correiobraziliense.com.br\/vivabrasilia\/congresso-do-idp-debate-impacto-da-ia-na-arquitetura-e-no-futuro-das-cidades\/"]}]},{"@type":"ImageObject","inLanguage":"pt-BR","@id":"https:\/\/newblogs.correiobraziliense.com.br\/vivabrasilia\/congresso-do-idp-debate-impacto-da-ia-na-arquitetura-e-no-futuro-das-cidades\/#primaryimage","url":"https:\/\/newblogs.correiobraziliense.com.br\/vivabrasilia\/wp-content\/uploads\/sites\/4\/2026\/08\/A-representante-do-CAU-BR-Monica-Andrea-Blanco-o-ministro-do-STF-Gilmar-Mendes-e-a-coordenadora-do-curso-de-Arquitetura-e-Urbanismo-do-IDP-Mafalda-Pantoja.jpg","contentUrl":"https:\/\/newblogs.correiobraziliense.com.br\/vivabrasilia\/wp-content\/uploads\/sites\/4\/2026\/08\/A-representante-do-CAU-BR-Monica-Andrea-Blanco-o-ministro-do-STF-Gilmar-Mendes-e-a-coordenadora-do-curso-de-Arquitetura-e-Urbanismo-do-IDP-Mafalda-Pantoja.jpg","width":2000,"height":1333,"caption":"A representante do CAU\/BR M\u00f4nica Andr\u00e9a Blanco, o ministro do STF Gilmar Mendes e a coordenadora do curso de Arquitetura e Urbanismo do IDP Mafalda Pantoja"},{"@type":"BreadcrumbList","@id":"https:\/\/newblogs.correiobraziliense.com.br\/vivabrasilia\/congresso-do-idp-debate-impacto-da-ia-na-arquitetura-e-no-futuro-das-cidades\/#breadcrumb","itemListElement":[{"@type":"ListItem","position":1,"name":"In\u00edcio","item":"https:\/\/newblogs.correiobraziliense.com.br\/vivabrasilia\/"},{"@type":"ListItem","position":2,"name":"Congresso do IDP debate impacto da IA na arquitetura e no futuro das cidades"}]},{"@type":"WebSite","@id":"https:\/\/newblogs.correiobraziliense.com.br\/vivabrasilia\/#website","url":"https:\/\/newblogs.correiobraziliense.com.br\/vivabrasilia\/","name":"Viva Bras\u00edlia","description":"Coluna de estilo de vida","potentialAction":[{"@type":"SearchAction","target":{"@type":"EntryPoint","urlTemplate":"https:\/\/newblogs.correiobraziliense.com.br\/vivabrasilia\/?s={search_term_string}"},"query-input":{"@type":"PropertyValueSpecification","valueRequired":true,"valueName":"search_term_string"}}],"inLanguage":"pt-BR"},{"@type":"Person","@id":"https:\/\/newblogs.correiobraziliense.com.br\/vivabrasilia\/#\/schema\/person\/018c75775aaa6ead74dde48a78ac7fa1","name":"Mariana Campos","image":{"@type":"ImageObject","inLanguage":"pt-BR","@id":"https:\/\/secure.gravatar.com\/avatar\/97cd13271bc36c11415a45e9f8192828452de6a8c0e24857edbf96d21752260f?s=96&d=mm&r=g","url":"https:\/\/secure.gravatar.com\/avatar\/97cd13271bc36c11415a45e9f8192828452de6a8c0e24857edbf96d21752260f?s=96&d=mm&r=g","contentUrl":"https:\/\/secure.gravatar.com\/avatar\/97cd13271bc36c11415a45e9f8192828452de6a8c0e24857edbf96d21752260f?s=96&d=mm&r=g","caption":"Mariana Campos"},"description":"Colunista da Viva Bras\u00edlia, Mariana escreve e fotografa para a coluna, unindo o jornalismo escrito e fotogr\u00e1fico para mostrar que a capital \u00e9 uma cidade viva que n\u00e3o se resume apenas ao poder. Tamb\u00e9m faz a cobertura de moda para seu blog, Pliss\u00ea, e para as redes sociais do Correio. \u00c9 formada em Publicidade e Propaganda, e cursa Jornalismo.","sameAs":["http:\/\/newblogs.correiobraziliense.com\/plisse","https:\/\/www.instagram.com\/marigrigori"],"url":"https:\/\/newblogs.correiobraziliense.com.br\/vivabrasilia\/author\/marivivabrasilia\/"}]}},"_links":{"self":[{"href":"https:\/\/newblogs.correiobraziliense.com.br\/vivabrasilia\/wp-json\/wp\/v2\/posts\/7671","targetHints":{"allow":["GET"]}}],"collection":[{"href":"https:\/\/newblogs.correiobraziliense.com.br\/vivabrasilia\/wp-json\/wp\/v2\/posts"}],"about":[{"href":"https:\/\/newblogs.correiobraziliense.com.br\/vivabrasilia\/wp-json\/wp\/v2\/types\/post"}],"author":[{"embeddable":true,"href":"https:\/\/newblogs.correiobraziliense.com.br\/vivabrasilia\/wp-json\/wp\/v2\/users\/7"}],"replies":[{"embeddable":true,"href":"https:\/\/newblogs.correiobraziliense.com.br\/vivabrasilia\/wp-json\/wp\/v2\/comments?post=7671"}],"version-history":[{"count":1,"href":"https:\/\/newblogs.correiobraziliense.com.br\/vivabrasilia\/wp-json\/wp\/v2\/posts\/7671\/revisions"}],"predecessor-version":[{"id":7694,"href":"https:\/\/newblogs.correiobraziliense.com.br\/vivabrasilia\/wp-json\/wp\/v2\/posts\/7671\/revisions\/7694"}],"wp:featuredmedia":[{"embeddable":true,"href":"https:\/\/newblogs.correiobraziliense.com.br\/vivabrasilia\/wp-json\/wp\/v2\/media\/7690"}],"wp:attachment":[{"href":"https:\/\/newblogs.correiobraziliense.com.br\/vivabrasilia\/wp-json\/wp\/v2\/media?parent=7671"}],"wp:term":[{"taxonomy":"category","embeddable":true,"href":"https:\/\/newblogs.correiobraziliense.com.br\/vivabrasilia\/wp-json\/wp\/v2\/categories?post=7671"},{"taxonomy":"post_tag","embeddable":true,"href":"https:\/\/newblogs.correiobraziliense.com.br\/vivabrasilia\/wp-json\/wp\/v2\/tags?post=7671"}],"curies":[{"name":"wp","href":"https:\/\/api.w.org\/{rel}","templated":true}]}}