{"id":7609,"date":"2026-08-26T12:38:42","date_gmt":"2026-08-26T15:38:42","guid":{"rendered":"https:\/\/newblogs.correiobraziliense.com.br\/vivabrasilia\/?p=7609"},"modified":"2026-08-26T12:40:03","modified_gmt":"2026-08-26T15:40:03","slug":"cantucci-osteria-brinda-aos-15-anos-de-gastronomia-italiana-e-nova-fase-da-casa","status":"publish","type":"post","link":"https:\/\/newblogs.correiobraziliense.com.br\/vivabrasilia\/cantucci-osteria-brinda-aos-15-anos-de-gastronomia-italiana-e-nova-fase-da-casa\/","title":{"rendered":"Cantucci Osteria brinda aos 15 anos de gastronomia italiana e nova fase da casa"},"content":{"rendered":"\n<p>Um coquetel realizado na \u00faltima ter\u00e7a-feira celebrou os 15 anos de trajet\u00f3ria do Cantucci Osteria em Bras\u00edlia. Localizado na 403 Norte, o restaurante recebeu convidados para brindar a hist\u00f3ria da casa, fundada em 2011 pelo chef Rodrigo Melo e que se expandiu para outros dois endere\u00e7os, na Asa Sul e em \u00c1guas Claras. A comemora\u00e7\u00e3o tamb\u00e9m apresentou novidades para a nova fase do espa\u00e7o como o Wellington Especial 15 anos, releitura de um dos pratos mais tradicionais do card\u00e1pio, al\u00e9m da produ\u00e7\u00e3o artesanal de massas frescas e novos drinques.<\/p>\n\n\n<div class=\"slider-wrapper\"><div class=\"slider\">\n<figure class=\"wp-block-gallery has-nested-images columns-default is-cropped wp-block-gallery-1 is-layout-flex wp-block-gallery-is-layout-flex\">\n<figure class=\"wp-block-image size-large\"><img loading=\"lazy\" decoding=\"async\" width=\"1024\" height=\"756\" data-id=\"7597\" src=\"https:\/\/newblogs.correiobraziliense.com.br\/vivabrasilia\/wp-content\/uploads\/sites\/4\/2026\/08\/22-Ray-Bendor-Fernanda-Faria-e-Juliana-Viegas-1024x756.jpg\" alt=\"\" class=\"wp-image-7597\" srcset=\"https:\/\/newblogs.correiobraziliense.com.br\/vivabrasilia\/wp-content\/uploads\/sites\/4\/2026\/08\/22-Ray-Bendor-Fernanda-Faria-e-Juliana-Viegas-1024x756.jpg 1024w, https:\/\/newblogs.correiobraziliense.com.br\/vivabrasilia\/wp-content\/uploads\/sites\/4\/2026\/08\/22-Ray-Bendor-Fernanda-Faria-e-Juliana-Viegas-300x221.jpg 300w, https:\/\/newblogs.correiobraziliense.com.br\/vivabrasilia\/wp-content\/uploads\/sites\/4\/2026\/08\/22-Ray-Bendor-Fernanda-Faria-e-Juliana-Viegas-768x567.jpg 768w, https:\/\/newblogs.correiobraziliense.com.br\/vivabrasilia\/wp-content\/uploads\/sites\/4\/2026\/08\/22-Ray-Bendor-Fernanda-Faria-e-Juliana-Viegas-1536x1134.jpg 1536w, https:\/\/newblogs.correiobraziliense.com.br\/vivabrasilia\/wp-content\/uploads\/sites\/4\/2026\/08\/22-Ray-Bendor-Fernanda-Faria-e-Juliana-Viegas.jpg 2000w\" sizes=\"auto, (max-width: 1024px) 100vw, 1024px\" \/><figcaption class=\"wp-element-caption\">Ray Bendor, Fernanda Faria e Juliana Viegas<\/figcaption><\/figure>\n\n\n\n<figure class=\"wp-block-image size-large\"><img loading=\"lazy\" decoding=\"async\" width=\"1024\" height=\"682\" data-id=\"7659\" src=\"https:\/\/newblogs.correiobraziliense.com.br\/vivabrasilia\/wp-content\/uploads\/sites\/4\/2026\/08\/Dario-e-Kennya-Caldeira-1024x682.jpg\" alt=\"\" class=\"wp-image-7659\" srcset=\"https:\/\/newblogs.correiobraziliense.com.br\/vivabrasilia\/wp-content\/uploads\/sites\/4\/2026\/08\/Dario-e-Kennya-Caldeira-1024x682.jpg 1024w, https:\/\/newblogs.correiobraziliense.com.br\/vivabrasilia\/wp-content\/uploads\/sites\/4\/2026\/08\/Dario-e-Kennya-Caldeira-300x200.jpg 300w, https:\/\/newblogs.correiobraziliense.com.br\/vivabrasilia\/wp-content\/uploads\/sites\/4\/2026\/08\/Dario-e-Kennya-Caldeira-768x512.jpg 768w, https:\/\/newblogs.correiobraziliense.com.br\/vivabrasilia\/wp-content\/uploads\/sites\/4\/2026\/08\/Dario-e-Kennya-Caldeira-1536x1024.jpg 1536w, https:\/\/newblogs.correiobraziliense.com.br\/vivabrasilia\/wp-content\/uploads\/sites\/4\/2026\/08\/Dario-e-Kennya-Caldeira.jpg 2000w\" sizes=\"auto, (max-width: 1024px) 100vw, 1024px\" \/><figcaption class=\"wp-element-caption\">Da\u0301rio e Kennya Caldeira<\/figcaption><\/figure>\n\n\n\n<figure class=\"wp-block-image size-large\"><img loading=\"lazy\" decoding=\"async\" width=\"682\" height=\"1024\" data-id=\"7611\" src=\"https:\/\/newblogs.correiobraziliense.com.br\/vivabrasilia\/wp-content\/uploads\/sites\/4\/2026\/08\/Ana-Carolina-Frota-Tarso-Frota-Neto-e-Tarso-Frota-Junior-1-682x1024.jpg\" alt=\"\" class=\"wp-image-7611\" srcset=\"https:\/\/newblogs.correiobraziliense.com.br\/vivabrasilia\/wp-content\/uploads\/sites\/4\/2026\/08\/Ana-Carolina-Frota-Tarso-Frota-Neto-e-Tarso-Frota-Junior-1-682x1024.jpg 682w, https:\/\/newblogs.correiobraziliense.com.br\/vivabrasilia\/wp-content\/uploads\/sites\/4\/2026\/08\/Ana-Carolina-Frota-Tarso-Frota-Neto-e-Tarso-Frota-Junior-1-200x300.jpg 200w, https:\/\/newblogs.correiobraziliense.com.br\/vivabrasilia\/wp-content\/uploads\/sites\/4\/2026\/08\/Ana-Carolina-Frota-Tarso-Frota-Neto-e-Tarso-Frota-Junior-1-768x1152.jpg 768w, https:\/\/newblogs.correiobraziliense.com.br\/vivabrasilia\/wp-content\/uploads\/sites\/4\/2026\/08\/Ana-Carolina-Frota-Tarso-Frota-Neto-e-Tarso-Frota-Junior-1-1024x1536.jpg 1024w, https:\/\/newblogs.correiobraziliense.com.br\/vivabrasilia\/wp-content\/uploads\/sites\/4\/2026\/08\/Ana-Carolina-Frota-Tarso-Frota-Neto-e-Tarso-Frota-Junior-1.jpg 1333w\" sizes=\"auto, (max-width: 682px) 100vw, 682px\" \/><figcaption class=\"wp-element-caption\">Ana Carolina Frota, Tarso Frota Neto e Tarso Frota Ju\u0301nior<\/figcaption><\/figure>\n\n\n\n<figure class=\"wp-block-image size-large\"><img loading=\"lazy\" decoding=\"async\" width=\"1024\" height=\"682\" data-id=\"7612\" src=\"https:\/\/newblogs.correiobraziliense.com.br\/vivabrasilia\/wp-content\/uploads\/sites\/4\/2026\/08\/Ana-Cecilia-Santana-e-Joao-Paulo-Morais-1024x682.jpg\" alt=\"\" class=\"wp-image-7612\" srcset=\"https:\/\/newblogs.correiobraziliense.com.br\/vivabrasilia\/wp-content\/uploads\/sites\/4\/2026\/08\/Ana-Cecilia-Santana-e-Joao-Paulo-Morais-1024x682.jpg 1024w, https:\/\/newblogs.correiobraziliense.com.br\/vivabrasilia\/wp-content\/uploads\/sites\/4\/2026\/08\/Ana-Cecilia-Santana-e-Joao-Paulo-Morais-300x200.jpg 300w, https:\/\/newblogs.correiobraziliense.com.br\/vivabrasilia\/wp-content\/uploads\/sites\/4\/2026\/08\/Ana-Cecilia-Santana-e-Joao-Paulo-Morais-768x512.jpg 768w, https:\/\/newblogs.correiobraziliense.com.br\/vivabrasilia\/wp-content\/uploads\/sites\/4\/2026\/08\/Ana-Cecilia-Santana-e-Joao-Paulo-Morais-1536x1024.jpg 1536w, https:\/\/newblogs.correiobraziliense.com.br\/vivabrasilia\/wp-content\/uploads\/sites\/4\/2026\/08\/Ana-Cecilia-Santana-e-Joao-Paulo-Morais.jpg 2000w\" sizes=\"auto, (max-width: 1024px) 100vw, 1024px\" \/><figcaption class=\"wp-element-caption\">Ana Ceci\u0301lia Santana e Joa\u0303o Paulo Morais<\/figcaption><\/figure>\n\n\n\n<figure class=\"wp-block-image size-large\"><img loading=\"lazy\" decoding=\"async\" width=\"1024\" height=\"682\" data-id=\"7614\" src=\"https:\/\/newblogs.correiobraziliense.com.br\/vivabrasilia\/wp-content\/uploads\/sites\/4\/2026\/08\/Andre-e-Melina-Soares-com-Maira-Garcia-e-Murilo-Hypolito-2-1024x682.jpg\" alt=\"\" class=\"wp-image-7614\" srcset=\"https:\/\/newblogs.correiobraziliense.com.br\/vivabrasilia\/wp-content\/uploads\/sites\/4\/2026\/08\/Andre-e-Melina-Soares-com-Maira-Garcia-e-Murilo-Hypolito-2-1024x682.jpg 1024w, https:\/\/newblogs.correiobraziliense.com.br\/vivabrasilia\/wp-content\/uploads\/sites\/4\/2026\/08\/Andre-e-Melina-Soares-com-Maira-Garcia-e-Murilo-Hypolito-2-300x200.jpg 300w, https:\/\/newblogs.correiobraziliense.com.br\/vivabrasilia\/wp-content\/uploads\/sites\/4\/2026\/08\/Andre-e-Melina-Soares-com-Maira-Garcia-e-Murilo-Hypolito-2-768x512.jpg 768w, https:\/\/newblogs.correiobraziliense.com.br\/vivabrasilia\/wp-content\/uploads\/sites\/4\/2026\/08\/Andre-e-Melina-Soares-com-Maira-Garcia-e-Murilo-Hypolito-2-1536x1024.jpg 1536w, https:\/\/newblogs.correiobraziliense.com.br\/vivabrasilia\/wp-content\/uploads\/sites\/4\/2026\/08\/Andre-e-Melina-Soares-com-Maira-Garcia-e-Murilo-Hypolito-2.jpg 2000w\" sizes=\"auto, (max-width: 1024px) 100vw, 1024px\" \/><figcaption class=\"wp-element-caption\">Andre\u0301 e Melina Soares, Mai\u0301ra Garcia e Murilo Hypolito<\/figcaption><\/figure>\n\n\n\n<figure class=\"wp-block-image size-large\"><img loading=\"lazy\" decoding=\"async\" width=\"1024\" height=\"682\" data-id=\"7615\" src=\"https:\/\/newblogs.correiobraziliense.com.br\/vivabrasilia\/wp-content\/uploads\/sites\/4\/2026\/08\/Andrei-Prates-e-Virginia-Sciascia-1-1024x682.jpg\" alt=\"\" class=\"wp-image-7615\" srcset=\"https:\/\/newblogs.correiobraziliense.com.br\/vivabrasilia\/wp-content\/uploads\/sites\/4\/2026\/08\/Andrei-Prates-e-Virginia-Sciascia-1-1024x682.jpg 1024w, https:\/\/newblogs.correiobraziliense.com.br\/vivabrasilia\/wp-content\/uploads\/sites\/4\/2026\/08\/Andrei-Prates-e-Virginia-Sciascia-1-300x200.jpg 300w, https:\/\/newblogs.correiobraziliense.com.br\/vivabrasilia\/wp-content\/uploads\/sites\/4\/2026\/08\/Andrei-Prates-e-Virginia-Sciascia-1-768x512.jpg 768w, https:\/\/newblogs.correiobraziliense.com.br\/vivabrasilia\/wp-content\/uploads\/sites\/4\/2026\/08\/Andrei-Prates-e-Virginia-Sciascia-1-1536x1024.jpg 1536w, https:\/\/newblogs.correiobraziliense.com.br\/vivabrasilia\/wp-content\/uploads\/sites\/4\/2026\/08\/Andrei-Prates-e-Virginia-Sciascia-1.jpg 2000w\" sizes=\"auto, (max-width: 1024px) 100vw, 1024px\" \/><figcaption class=\"wp-element-caption\">Andrei Prates e Virginia Sciascia<\/figcaption><\/figure>\n\n\n\n<figure class=\"wp-block-image size-large\"><img loading=\"lazy\" decoding=\"async\" width=\"682\" height=\"1024\" data-id=\"7616\" src=\"https:\/\/newblogs.correiobraziliense.com.br\/vivabrasilia\/wp-content\/uploads\/sites\/4\/2026\/08\/Antonio-Sousa-e-Fernanda-Faria-682x1024.jpg\" alt=\"\" class=\"wp-image-7616\" srcset=\"https:\/\/newblogs.correiobraziliense.com.br\/vivabrasilia\/wp-content\/uploads\/sites\/4\/2026\/08\/Antonio-Sousa-e-Fernanda-Faria-682x1024.jpg 682w, https:\/\/newblogs.correiobraziliense.com.br\/vivabrasilia\/wp-content\/uploads\/sites\/4\/2026\/08\/Antonio-Sousa-e-Fernanda-Faria-200x300.jpg 200w, https:\/\/newblogs.correiobraziliense.com.br\/vivabrasilia\/wp-content\/uploads\/sites\/4\/2026\/08\/Antonio-Sousa-e-Fernanda-Faria-768x1152.jpg 768w, https:\/\/newblogs.correiobraziliense.com.br\/vivabrasilia\/wp-content\/uploads\/sites\/4\/2026\/08\/Antonio-Sousa-e-Fernanda-Faria-1024x1536.jpg 1024w, https:\/\/newblogs.correiobraziliense.com.br\/vivabrasilia\/wp-content\/uploads\/sites\/4\/2026\/08\/Antonio-Sousa-e-Fernanda-Faria.jpg 1333w\" sizes=\"auto, (max-width: 682px) 100vw, 682px\" \/><figcaption class=\"wp-element-caption\">Anto\u0302nio Sousa e Fernanda Faria<\/figcaption><\/figure>\n\n\n\n<figure class=\"wp-block-image size-large\"><img loading=\"lazy\" decoding=\"async\" width=\"1024\" height=\"682\" data-id=\"7617\" src=\"https:\/\/newblogs.correiobraziliense.com.br\/vivabrasilia\/wp-content\/uploads\/sites\/4\/2026\/08\/Bryan-Horsth-e-Danilo-Duque-1024x682.jpg\" alt=\"\" class=\"wp-image-7617\" srcset=\"https:\/\/newblogs.correiobraziliense.com.br\/vivabrasilia\/wp-content\/uploads\/sites\/4\/2026\/08\/Bryan-Horsth-e-Danilo-Duque-1024x682.jpg 1024w, https:\/\/newblogs.correiobraziliense.com.br\/vivabrasilia\/wp-content\/uploads\/sites\/4\/2026\/08\/Bryan-Horsth-e-Danilo-Duque-300x200.jpg 300w, https:\/\/newblogs.correiobraziliense.com.br\/vivabrasilia\/wp-content\/uploads\/sites\/4\/2026\/08\/Bryan-Horsth-e-Danilo-Duque-768x512.jpg 768w, https:\/\/newblogs.correiobraziliense.com.br\/vivabrasilia\/wp-content\/uploads\/sites\/4\/2026\/08\/Bryan-Horsth-e-Danilo-Duque-1536x1024.jpg 1536w, https:\/\/newblogs.correiobraziliense.com.br\/vivabrasilia\/wp-content\/uploads\/sites\/4\/2026\/08\/Bryan-Horsth-e-Danilo-Duque.jpg 2000w\" sizes=\"auto, (max-width: 1024px) 100vw, 1024px\" \/><figcaption class=\"wp-element-caption\">Bryan Horsth e Danilo Duque<\/figcaption><\/figure>\n\n\n\n<figure class=\"wp-block-image size-large\"><img loading=\"lazy\" decoding=\"async\" width=\"1024\" height=\"682\" data-id=\"7618\" src=\"https:\/\/newblogs.correiobraziliense.com.br\/vivabrasilia\/wp-content\/uploads\/sites\/4\/2026\/08\/Carlos-Eduardo-Fernando-Assis-e-Marina-Sebba-1024x682.jpg\" alt=\"\" class=\"wp-image-7618\" srcset=\"https:\/\/newblogs.correiobraziliense.com.br\/vivabrasilia\/wp-content\/uploads\/sites\/4\/2026\/08\/Carlos-Eduardo-Fernando-Assis-e-Marina-Sebba-1024x682.jpg 1024w, https:\/\/newblogs.correiobraziliense.com.br\/vivabrasilia\/wp-content\/uploads\/sites\/4\/2026\/08\/Carlos-Eduardo-Fernando-Assis-e-Marina-Sebba-300x200.jpg 300w, https:\/\/newblogs.correiobraziliense.com.br\/vivabrasilia\/wp-content\/uploads\/sites\/4\/2026\/08\/Carlos-Eduardo-Fernando-Assis-e-Marina-Sebba-768x512.jpg 768w, https:\/\/newblogs.correiobraziliense.com.br\/vivabrasilia\/wp-content\/uploads\/sites\/4\/2026\/08\/Carlos-Eduardo-Fernando-Assis-e-Marina-Sebba-1536x1024.jpg 1536w, https:\/\/newblogs.correiobraziliense.com.br\/vivabrasilia\/wp-content\/uploads\/sites\/4\/2026\/08\/Carlos-Eduardo-Fernando-Assis-e-Marina-Sebba.jpg 2000w\" sizes=\"auto, (max-width: 1024px) 100vw, 1024px\" \/><figcaption class=\"wp-element-caption\">Carlos Eduardo, Fernando Assis e Marina Sebba<\/figcaption><\/figure>\n\n\n\n<figure class=\"wp-block-image size-large\"><img loading=\"lazy\" decoding=\"async\" width=\"1024\" height=\"654\" data-id=\"7619\" src=\"https:\/\/newblogs.correiobraziliense.com.br\/vivabrasilia\/wp-content\/uploads\/sites\/4\/2026\/08\/Danilo-Duque-Pablo-Cleiton-e-Alexandre-Faeirstein-1024x654.jpg\" alt=\"\" class=\"wp-image-7619\" srcset=\"https:\/\/newblogs.correiobraziliense.com.br\/vivabrasilia\/wp-content\/uploads\/sites\/4\/2026\/08\/Danilo-Duque-Pablo-Cleiton-e-Alexandre-Faeirstein-1024x654.jpg 1024w, https:\/\/newblogs.correiobraziliense.com.br\/vivabrasilia\/wp-content\/uploads\/sites\/4\/2026\/08\/Danilo-Duque-Pablo-Cleiton-e-Alexandre-Faeirstein-300x192.jpg 300w, https:\/\/newblogs.correiobraziliense.com.br\/vivabrasilia\/wp-content\/uploads\/sites\/4\/2026\/08\/Danilo-Duque-Pablo-Cleiton-e-Alexandre-Faeirstein-768x491.jpg 768w, https:\/\/newblogs.correiobraziliense.com.br\/vivabrasilia\/wp-content\/uploads\/sites\/4\/2026\/08\/Danilo-Duque-Pablo-Cleiton-e-Alexandre-Faeirstein-1536x982.jpg 1536w, https:\/\/newblogs.correiobraziliense.com.br\/vivabrasilia\/wp-content\/uploads\/sites\/4\/2026\/08\/Danilo-Duque-Pablo-Cleiton-e-Alexandre-Faeirstein.jpg 2000w\" sizes=\"auto, (max-width: 1024px) 100vw, 1024px\" \/><figcaption class=\"wp-element-caption\">Danilo Duque, Pablo Cleiton e Alexandre Faeirstein<\/figcaption><\/figure>\n\n\n\n<figure class=\"wp-block-image size-large\"><img loading=\"lazy\" decoding=\"async\" width=\"1024\" height=\"682\" data-id=\"7621\" src=\"https:\/\/newblogs.correiobraziliense.com.br\/vivabrasilia\/wp-content\/uploads\/sites\/4\/2026\/08\/Felipe-Flausino-e-Flavia-Mattos-1024x682.jpg\" alt=\"\" class=\"wp-image-7621\" srcset=\"https:\/\/newblogs.correiobraziliense.com.br\/vivabrasilia\/wp-content\/uploads\/sites\/4\/2026\/08\/Felipe-Flausino-e-Flavia-Mattos-1024x682.jpg 1024w, https:\/\/newblogs.correiobraziliense.com.br\/vivabrasilia\/wp-content\/uploads\/sites\/4\/2026\/08\/Felipe-Flausino-e-Flavia-Mattos-300x200.jpg 300w, https:\/\/newblogs.correiobraziliense.com.br\/vivabrasilia\/wp-content\/uploads\/sites\/4\/2026\/08\/Felipe-Flausino-e-Flavia-Mattos-768x512.jpg 768w, https:\/\/newblogs.correiobraziliense.com.br\/vivabrasilia\/wp-content\/uploads\/sites\/4\/2026\/08\/Felipe-Flausino-e-Flavia-Mattos-1536x1024.jpg 1536w, https:\/\/newblogs.correiobraziliense.com.br\/vivabrasilia\/wp-content\/uploads\/sites\/4\/2026\/08\/Felipe-Flausino-e-Flavia-Mattos.jpg 2000w\" sizes=\"auto, (max-width: 1024px) 100vw, 1024px\" \/><figcaption class=\"wp-element-caption\">Felipe Flausino e Fla\u0301via Mattos<\/figcaption><\/figure>\n\n\n\n<figure class=\"wp-block-image size-large\"><img loading=\"lazy\" decoding=\"async\" width=\"1024\" height=\"682\" data-id=\"7622\" src=\"https:\/\/newblogs.correiobraziliense.com.br\/vivabrasilia\/wp-content\/uploads\/sites\/4\/2026\/08\/Felipe-Flausino-e-Marcos-Guedes-1024x682.jpg\" alt=\"\" class=\"wp-image-7622\" srcset=\"https:\/\/newblogs.correiobraziliense.com.br\/vivabrasilia\/wp-content\/uploads\/sites\/4\/2026\/08\/Felipe-Flausino-e-Marcos-Guedes-1024x682.jpg 1024w, https:\/\/newblogs.correiobraziliense.com.br\/vivabrasilia\/wp-content\/uploads\/sites\/4\/2026\/08\/Felipe-Flausino-e-Marcos-Guedes-300x200.jpg 300w, https:\/\/newblogs.correiobraziliense.com.br\/vivabrasilia\/wp-content\/uploads\/sites\/4\/2026\/08\/Felipe-Flausino-e-Marcos-Guedes-768x512.jpg 768w, https:\/\/newblogs.correiobraziliense.com.br\/vivabrasilia\/wp-content\/uploads\/sites\/4\/2026\/08\/Felipe-Flausino-e-Marcos-Guedes-1536x1024.jpg 1536w, https:\/\/newblogs.correiobraziliense.com.br\/vivabrasilia\/wp-content\/uploads\/sites\/4\/2026\/08\/Felipe-Flausino-e-Marcos-Guedes.jpg 2000w\" sizes=\"auto, (max-width: 1024px) 100vw, 1024px\" \/><figcaption class=\"wp-element-caption\">Felipe Flausino e Marcos Guedes<\/figcaption><\/figure>\n\n\n\n<figure class=\"wp-block-image size-large\"><img loading=\"lazy\" decoding=\"async\" width=\"1024\" height=\"682\" data-id=\"7623\" src=\"https:\/\/newblogs.correiobraziliense.com.br\/vivabrasilia\/wp-content\/uploads\/sites\/4\/2026\/08\/Felipe-Rodrigues-Luisa-Araujo-Camila-e-Matheus-Beleza-1024x682.jpg\" alt=\"\" class=\"wp-image-7623\" srcset=\"https:\/\/newblogs.correiobraziliense.com.br\/vivabrasilia\/wp-content\/uploads\/sites\/4\/2026\/08\/Felipe-Rodrigues-Luisa-Araujo-Camila-e-Matheus-Beleza-1024x682.jpg 1024w, https:\/\/newblogs.correiobraziliense.com.br\/vivabrasilia\/wp-content\/uploads\/sites\/4\/2026\/08\/Felipe-Rodrigues-Luisa-Araujo-Camila-e-Matheus-Beleza-300x200.jpg 300w, https:\/\/newblogs.correiobraziliense.com.br\/vivabrasilia\/wp-content\/uploads\/sites\/4\/2026\/08\/Felipe-Rodrigues-Luisa-Araujo-Camila-e-Matheus-Beleza-768x512.jpg 768w, https:\/\/newblogs.correiobraziliense.com.br\/vivabrasilia\/wp-content\/uploads\/sites\/4\/2026\/08\/Felipe-Rodrigues-Luisa-Araujo-Camila-e-Matheus-Beleza-1536x1024.jpg 1536w, https:\/\/newblogs.correiobraziliense.com.br\/vivabrasilia\/wp-content\/uploads\/sites\/4\/2026\/08\/Felipe-Rodrigues-Luisa-Araujo-Camila-e-Matheus-Beleza.jpg 2000w\" sizes=\"auto, (max-width: 1024px) 100vw, 1024px\" \/><figcaption class=\"wp-element-caption\">Felipe Rodrigues, Luisa Araujo, Camila e Matheus Beleza<\/figcaption><\/figure>\n\n\n\n<figure class=\"wp-block-image size-large\"><img loading=\"lazy\" decoding=\"async\" width=\"1024\" height=\"660\" data-id=\"7624\" src=\"https:\/\/newblogs.correiobraziliense.com.br\/vivabrasilia\/wp-content\/uploads\/sites\/4\/2026\/08\/Gabriela-Aleixo-Carolina-Gudes-e-Tatiana-Mafra-1024x660.jpg\" alt=\"\" class=\"wp-image-7624\" srcset=\"https:\/\/newblogs.correiobraziliense.com.br\/vivabrasilia\/wp-content\/uploads\/sites\/4\/2026\/08\/Gabriela-Aleixo-Carolina-Gudes-e-Tatiana-Mafra-1024x660.jpg 1024w, https:\/\/newblogs.correiobraziliense.com.br\/vivabrasilia\/wp-content\/uploads\/sites\/4\/2026\/08\/Gabriela-Aleixo-Carolina-Gudes-e-Tatiana-Mafra-300x193.jpg 300w, https:\/\/newblogs.correiobraziliense.com.br\/vivabrasilia\/wp-content\/uploads\/sites\/4\/2026\/08\/Gabriela-Aleixo-Carolina-Gudes-e-Tatiana-Mafra-768x495.jpg 768w, https:\/\/newblogs.correiobraziliense.com.br\/vivabrasilia\/wp-content\/uploads\/sites\/4\/2026\/08\/Gabriela-Aleixo-Carolina-Gudes-e-Tatiana-Mafra-1536x990.jpg 1536w, https:\/\/newblogs.correiobraziliense.com.br\/vivabrasilia\/wp-content\/uploads\/sites\/4\/2026\/08\/Gabriela-Aleixo-Carolina-Gudes-e-Tatiana-Mafra.jpg 2000w\" sizes=\"auto, (max-width: 1024px) 100vw, 1024px\" \/><figcaption class=\"wp-element-caption\">Gabriela Aleixo, Carolina Gudes e Tatiana Mafra<\/figcaption><\/figure>\n\n\n\n<figure class=\"wp-block-image size-large\"><img loading=\"lazy\" decoding=\"async\" width=\"1024\" height=\"682\" data-id=\"7625\" src=\"https:\/\/newblogs.correiobraziliense.com.br\/vivabrasilia\/wp-content\/uploads\/sites\/4\/2026\/08\/Gabriela-Sena-e-Luisa-Araujo-1-1024x682.jpg\" alt=\"\" class=\"wp-image-7625\" srcset=\"https:\/\/newblogs.correiobraziliense.com.br\/vivabrasilia\/wp-content\/uploads\/sites\/4\/2026\/08\/Gabriela-Sena-e-Luisa-Araujo-1-1024x682.jpg 1024w, https:\/\/newblogs.correiobraziliense.com.br\/vivabrasilia\/wp-content\/uploads\/sites\/4\/2026\/08\/Gabriela-Sena-e-Luisa-Araujo-1-300x200.jpg 300w, https:\/\/newblogs.correiobraziliense.com.br\/vivabrasilia\/wp-content\/uploads\/sites\/4\/2026\/08\/Gabriela-Sena-e-Luisa-Araujo-1-768x512.jpg 768w, https:\/\/newblogs.correiobraziliense.com.br\/vivabrasilia\/wp-content\/uploads\/sites\/4\/2026\/08\/Gabriela-Sena-e-Luisa-Araujo-1-1536x1024.jpg 1536w, https:\/\/newblogs.correiobraziliense.com.br\/vivabrasilia\/wp-content\/uploads\/sites\/4\/2026\/08\/Gabriela-Sena-e-Luisa-Araujo-1.jpg 2000w\" sizes=\"auto, (max-width: 1024px) 100vw, 1024px\" \/><figcaption class=\"wp-element-caption\">Gabriela Sena e Luisa Arau\u0301jo<\/figcaption><\/figure>\n\n\n\n<figure class=\"wp-block-image size-large\"><img loading=\"lazy\" decoding=\"async\" width=\"1024\" height=\"682\" data-id=\"7626\" src=\"https:\/\/newblogs.correiobraziliense.com.br\/vivabrasilia\/wp-content\/uploads\/sites\/4\/2026\/08\/Gabriela-Sena-e-Luisa-Araujo-2-1024x682.jpg\" alt=\"\" class=\"wp-image-7626\" srcset=\"https:\/\/newblogs.correiobraziliense.com.br\/vivabrasilia\/wp-content\/uploads\/sites\/4\/2026\/08\/Gabriela-Sena-e-Luisa-Araujo-2-1024x682.jpg 1024w, https:\/\/newblogs.correiobraziliense.com.br\/vivabrasilia\/wp-content\/uploads\/sites\/4\/2026\/08\/Gabriela-Sena-e-Luisa-Araujo-2-300x200.jpg 300w, https:\/\/newblogs.correiobraziliense.com.br\/vivabrasilia\/wp-content\/uploads\/sites\/4\/2026\/08\/Gabriela-Sena-e-Luisa-Araujo-2-768x512.jpg 768w, https:\/\/newblogs.correiobraziliense.com.br\/vivabrasilia\/wp-content\/uploads\/sites\/4\/2026\/08\/Gabriela-Sena-e-Luisa-Araujo-2-1536x1024.jpg 1536w, https:\/\/newblogs.correiobraziliense.com.br\/vivabrasilia\/wp-content\/uploads\/sites\/4\/2026\/08\/Gabriela-Sena-e-Luisa-Araujo-2.jpg 2000w\" sizes=\"auto, (max-width: 1024px) 100vw, 1024px\" \/><figcaption class=\"wp-element-caption\">Gabriela Sena e Luisa Arau\u0301jo<\/figcaption><\/figure>\n\n\n\n<figure class=\"wp-block-image size-large\"><img loading=\"lazy\" decoding=\"async\" width=\"1024\" height=\"682\" data-id=\"7627\" src=\"https:\/\/newblogs.correiobraziliense.com.br\/vivabrasilia\/wp-content\/uploads\/sites\/4\/2026\/08\/Guilherme-Sordi-e-Mariana-Bulat-2-1024x682.jpg\" alt=\"\" class=\"wp-image-7627\" srcset=\"https:\/\/newblogs.correiobraziliense.com.br\/vivabrasilia\/wp-content\/uploads\/sites\/4\/2026\/08\/Guilherme-Sordi-e-Mariana-Bulat-2-1024x682.jpg 1024w, https:\/\/newblogs.correiobraziliense.com.br\/vivabrasilia\/wp-content\/uploads\/sites\/4\/2026\/08\/Guilherme-Sordi-e-Mariana-Bulat-2-300x200.jpg 300w, https:\/\/newblogs.correiobraziliense.com.br\/vivabrasilia\/wp-content\/uploads\/sites\/4\/2026\/08\/Guilherme-Sordi-e-Mariana-Bulat-2-768x512.jpg 768w, https:\/\/newblogs.correiobraziliense.com.br\/vivabrasilia\/wp-content\/uploads\/sites\/4\/2026\/08\/Guilherme-Sordi-e-Mariana-Bulat-2-1536x1024.jpg 1536w, https:\/\/newblogs.correiobraziliense.com.br\/vivabrasilia\/wp-content\/uploads\/sites\/4\/2026\/08\/Guilherme-Sordi-e-Mariana-Bulat-2.jpg 2000w\" sizes=\"auto, (max-width: 1024px) 100vw, 1024px\" \/><figcaption class=\"wp-element-caption\">Guilherme Sordi e Mariana Bulat<\/figcaption><\/figure>\n\n\n\n<figure class=\"wp-block-image size-large\"><img loading=\"lazy\" decoding=\"async\" width=\"1024\" height=\"665\" data-id=\"7628\" src=\"https:\/\/newblogs.correiobraziliense.com.br\/vivabrasilia\/wp-content\/uploads\/sites\/4\/2026\/08\/Gustavo-Farago-e-Bruna-Bulat-1-1024x665.jpg\" alt=\"\" class=\"wp-image-7628\" srcset=\"https:\/\/newblogs.correiobraziliense.com.br\/vivabrasilia\/wp-content\/uploads\/sites\/4\/2026\/08\/Gustavo-Farago-e-Bruna-Bulat-1-1024x665.jpg 1024w, https:\/\/newblogs.correiobraziliense.com.br\/vivabrasilia\/wp-content\/uploads\/sites\/4\/2026\/08\/Gustavo-Farago-e-Bruna-Bulat-1-300x195.jpg 300w, https:\/\/newblogs.correiobraziliense.com.br\/vivabrasilia\/wp-content\/uploads\/sites\/4\/2026\/08\/Gustavo-Farago-e-Bruna-Bulat-1-768x499.jpg 768w, https:\/\/newblogs.correiobraziliense.com.br\/vivabrasilia\/wp-content\/uploads\/sites\/4\/2026\/08\/Gustavo-Farago-e-Bruna-Bulat-1-1536x998.jpg 1536w, https:\/\/newblogs.correiobraziliense.com.br\/vivabrasilia\/wp-content\/uploads\/sites\/4\/2026\/08\/Gustavo-Farago-e-Bruna-Bulat-1.jpg 2000w\" sizes=\"auto, (max-width: 1024px) 100vw, 1024px\" \/><figcaption class=\"wp-element-caption\">Gustavo Farago e Bruna Bulat<\/figcaption><\/figure>\n\n\n\n<figure class=\"wp-block-image size-large\"><img loading=\"lazy\" decoding=\"async\" width=\"1024\" height=\"682\" data-id=\"7629\" src=\"https:\/\/newblogs.correiobraziliense.com.br\/vivabrasilia\/wp-content\/uploads\/sites\/4\/2026\/08\/Guto-Jabour-Bianca-Jabour-e-Caetano-Tonet-Camargo-1024x682.jpg\" alt=\"\" class=\"wp-image-7629\" srcset=\"https:\/\/newblogs.correiobraziliense.com.br\/vivabrasilia\/wp-content\/uploads\/sites\/4\/2026\/08\/Guto-Jabour-Bianca-Jabour-e-Caetano-Tonet-Camargo-1024x682.jpg 1024w, https:\/\/newblogs.correiobraziliense.com.br\/vivabrasilia\/wp-content\/uploads\/sites\/4\/2026\/08\/Guto-Jabour-Bianca-Jabour-e-Caetano-Tonet-Camargo-300x200.jpg 300w, https:\/\/newblogs.correiobraziliense.com.br\/vivabrasilia\/wp-content\/uploads\/sites\/4\/2026\/08\/Guto-Jabour-Bianca-Jabour-e-Caetano-Tonet-Camargo-768x512.jpg 768w, https:\/\/newblogs.correiobraziliense.com.br\/vivabrasilia\/wp-content\/uploads\/sites\/4\/2026\/08\/Guto-Jabour-Bianca-Jabour-e-Caetano-Tonet-Camargo-1536x1024.jpg 1536w, https:\/\/newblogs.correiobraziliense.com.br\/vivabrasilia\/wp-content\/uploads\/sites\/4\/2026\/08\/Guto-Jabour-Bianca-Jabour-e-Caetano-Tonet-Camargo.jpg 2000w\" sizes=\"auto, (max-width: 1024px) 100vw, 1024px\" \/><figcaption class=\"wp-element-caption\">Guto Jabour, Bianca Jabour e Caetano Tonet Camargo<\/figcaption><\/figure>\n\n\n\n<figure class=\"wp-block-image size-large\"><img loading=\"lazy\" decoding=\"async\" width=\"1024\" height=\"682\" data-id=\"7630\" src=\"https:\/\/newblogs.correiobraziliense.com.br\/vivabrasilia\/wp-content\/uploads\/sites\/4\/2026\/08\/Isabela-Prates-Guilherme-Neves-e-Cristina-Libanio-1024x682.jpg\" alt=\"\" class=\"wp-image-7630\" srcset=\"https:\/\/newblogs.correiobraziliense.com.br\/vivabrasilia\/wp-content\/uploads\/sites\/4\/2026\/08\/Isabela-Prates-Guilherme-Neves-e-Cristina-Libanio-1024x682.jpg 1024w, https:\/\/newblogs.correiobraziliense.com.br\/vivabrasilia\/wp-content\/uploads\/sites\/4\/2026\/08\/Isabela-Prates-Guilherme-Neves-e-Cristina-Libanio-300x200.jpg 300w, https:\/\/newblogs.correiobraziliense.com.br\/vivabrasilia\/wp-content\/uploads\/sites\/4\/2026\/08\/Isabela-Prates-Guilherme-Neves-e-Cristina-Libanio-768x512.jpg 768w, https:\/\/newblogs.correiobraziliense.com.br\/vivabrasilia\/wp-content\/uploads\/sites\/4\/2026\/08\/Isabela-Prates-Guilherme-Neves-e-Cristina-Libanio-1536x1024.jpg 1536w, https:\/\/newblogs.correiobraziliense.com.br\/vivabrasilia\/wp-content\/uploads\/sites\/4\/2026\/08\/Isabela-Prates-Guilherme-Neves-e-Cristina-Libanio.jpg 2000w\" sizes=\"auto, (max-width: 1024px) 100vw, 1024px\" \/><figcaption class=\"wp-element-caption\">Isabela Prates, Guilherme Neves e Cristina Libanio<\/figcaption><\/figure>\n\n\n\n<figure class=\"wp-block-image size-large\"><img loading=\"lazy\" decoding=\"async\" width=\"1024\" height=\"682\" data-id=\"7631\" src=\"https:\/\/newblogs.correiobraziliense.com.br\/vivabrasilia\/wp-content\/uploads\/sites\/4\/2026\/08\/Isabela-Soares-e-Bruno-Volpe-1-1024x682.jpg\" alt=\"\" class=\"wp-image-7631\" srcset=\"https:\/\/newblogs.correiobraziliense.com.br\/vivabrasilia\/wp-content\/uploads\/sites\/4\/2026\/08\/Isabela-Soares-e-Bruno-Volpe-1-1024x682.jpg 1024w, https:\/\/newblogs.correiobraziliense.com.br\/vivabrasilia\/wp-content\/uploads\/sites\/4\/2026\/08\/Isabela-Soares-e-Bruno-Volpe-1-300x200.jpg 300w, https:\/\/newblogs.correiobraziliense.com.br\/vivabrasilia\/wp-content\/uploads\/sites\/4\/2026\/08\/Isabela-Soares-e-Bruno-Volpe-1-768x512.jpg 768w, https:\/\/newblogs.correiobraziliense.com.br\/vivabrasilia\/wp-content\/uploads\/sites\/4\/2026\/08\/Isabela-Soares-e-Bruno-Volpe-1-1536x1024.jpg 1536w, https:\/\/newblogs.correiobraziliense.com.br\/vivabrasilia\/wp-content\/uploads\/sites\/4\/2026\/08\/Isabela-Soares-e-Bruno-Volpe-1.jpg 2000w\" sizes=\"auto, (max-width: 1024px) 100vw, 1024px\" \/><figcaption class=\"wp-element-caption\">Isabela Soares e Bruno Volpe<\/figcaption><\/figure>\n\n\n\n<figure class=\"wp-block-image size-large\"><img loading=\"lazy\" decoding=\"async\" width=\"1024\" height=\"660\" data-id=\"7632\" src=\"https:\/\/newblogs.correiobraziliense.com.br\/vivabrasilia\/wp-content\/uploads\/sites\/4\/2026\/08\/Joao-Paulo-Morais-Werler-Morais-e-Mateus-Morais-1-1024x660.jpg\" alt=\"\" class=\"wp-image-7632\" srcset=\"https:\/\/newblogs.correiobraziliense.com.br\/vivabrasilia\/wp-content\/uploads\/sites\/4\/2026\/08\/Joao-Paulo-Morais-Werler-Morais-e-Mateus-Morais-1-1024x660.jpg 1024w, https:\/\/newblogs.correiobraziliense.com.br\/vivabrasilia\/wp-content\/uploads\/sites\/4\/2026\/08\/Joao-Paulo-Morais-Werler-Morais-e-Mateus-Morais-1-300x193.jpg 300w, https:\/\/newblogs.correiobraziliense.com.br\/vivabrasilia\/wp-content\/uploads\/sites\/4\/2026\/08\/Joao-Paulo-Morais-Werler-Morais-e-Mateus-Morais-1-768x495.jpg 768w, https:\/\/newblogs.correiobraziliense.com.br\/vivabrasilia\/wp-content\/uploads\/sites\/4\/2026\/08\/Joao-Paulo-Morais-Werler-Morais-e-Mateus-Morais-1-1536x990.jpg 1536w, https:\/\/newblogs.correiobraziliense.com.br\/vivabrasilia\/wp-content\/uploads\/sites\/4\/2026\/08\/Joao-Paulo-Morais-Werler-Morais-e-Mateus-Morais-1.jpg 2000w\" sizes=\"auto, (max-width: 1024px) 100vw, 1024px\" \/><figcaption class=\"wp-element-caption\">Joa\u0303o Paulo Morais, Werler Morais e Mateus Morais<\/figcaption><\/figure>\n\n\n\n<figure class=\"wp-block-image size-large\"><img loading=\"lazy\" decoding=\"async\" width=\"1024\" height=\"654\" data-id=\"7633\" src=\"https:\/\/newblogs.correiobraziliense.com.br\/vivabrasilia\/wp-content\/uploads\/sites\/4\/2026\/08\/Julhyana-Guitton-e-Bruno-Pessoa-1024x654.jpg\" alt=\"\" class=\"wp-image-7633\" srcset=\"https:\/\/newblogs.correiobraziliense.com.br\/vivabrasilia\/wp-content\/uploads\/sites\/4\/2026\/08\/Julhyana-Guitton-e-Bruno-Pessoa-1024x654.jpg 1024w, https:\/\/newblogs.correiobraziliense.com.br\/vivabrasilia\/wp-content\/uploads\/sites\/4\/2026\/08\/Julhyana-Guitton-e-Bruno-Pessoa-300x192.jpg 300w, https:\/\/newblogs.correiobraziliense.com.br\/vivabrasilia\/wp-content\/uploads\/sites\/4\/2026\/08\/Julhyana-Guitton-e-Bruno-Pessoa-768x490.jpg 768w, https:\/\/newblogs.correiobraziliense.com.br\/vivabrasilia\/wp-content\/uploads\/sites\/4\/2026\/08\/Julhyana-Guitton-e-Bruno-Pessoa-1536x981.jpg 1536w, https:\/\/newblogs.correiobraziliense.com.br\/vivabrasilia\/wp-content\/uploads\/sites\/4\/2026\/08\/Julhyana-Guitton-e-Bruno-Pessoa.jpg 2000w\" sizes=\"auto, (max-width: 1024px) 100vw, 1024px\" \/><figcaption class=\"wp-element-caption\">Julhyana Guitton e Bruno Pessoa<\/figcaption><\/figure>\n\n\n\n<figure class=\"wp-block-image size-large\"><img loading=\"lazy\" decoding=\"async\" width=\"1024\" height=\"682\" data-id=\"7634\" src=\"https:\/\/newblogs.correiobraziliense.com.br\/vivabrasilia\/wp-content\/uploads\/sites\/4\/2026\/08\/Leandro-Ferreira-e-Caio-Almeida-1-1024x682.jpg\" alt=\"\" class=\"wp-image-7634\" srcset=\"https:\/\/newblogs.correiobraziliense.com.br\/vivabrasilia\/wp-content\/uploads\/sites\/4\/2026\/08\/Leandro-Ferreira-e-Caio-Almeida-1-1024x682.jpg 1024w, https:\/\/newblogs.correiobraziliense.com.br\/vivabrasilia\/wp-content\/uploads\/sites\/4\/2026\/08\/Leandro-Ferreira-e-Caio-Almeida-1-300x200.jpg 300w, https:\/\/newblogs.correiobraziliense.com.br\/vivabrasilia\/wp-content\/uploads\/sites\/4\/2026\/08\/Leandro-Ferreira-e-Caio-Almeida-1-768x512.jpg 768w, https:\/\/newblogs.correiobraziliense.com.br\/vivabrasilia\/wp-content\/uploads\/sites\/4\/2026\/08\/Leandro-Ferreira-e-Caio-Almeida-1-1536x1024.jpg 1536w, https:\/\/newblogs.correiobraziliense.com.br\/vivabrasilia\/wp-content\/uploads\/sites\/4\/2026\/08\/Leandro-Ferreira-e-Caio-Almeida-1.jpg 2000w\" sizes=\"auto, (max-width: 1024px) 100vw, 1024px\" \/><figcaption class=\"wp-element-caption\">Leandro Ferreira e Caio Almeida<\/figcaption><\/figure>\n\n\n\n<figure class=\"wp-block-image size-large\"><img loading=\"lazy\" decoding=\"async\" width=\"1024\" height=\"682\" data-id=\"7635\" src=\"https:\/\/newblogs.correiobraziliense.com.br\/vivabrasilia\/wp-content\/uploads\/sites\/4\/2026\/08\/Lucas-Ciabotti-e-Samuel-Sordi-1-1024x682.jpg\" alt=\"\" class=\"wp-image-7635\" srcset=\"https:\/\/newblogs.correiobraziliense.com.br\/vivabrasilia\/wp-content\/uploads\/sites\/4\/2026\/08\/Lucas-Ciabotti-e-Samuel-Sordi-1-1024x682.jpg 1024w, https:\/\/newblogs.correiobraziliense.com.br\/vivabrasilia\/wp-content\/uploads\/sites\/4\/2026\/08\/Lucas-Ciabotti-e-Samuel-Sordi-1-300x200.jpg 300w, https:\/\/newblogs.correiobraziliense.com.br\/vivabrasilia\/wp-content\/uploads\/sites\/4\/2026\/08\/Lucas-Ciabotti-e-Samuel-Sordi-1-768x512.jpg 768w, https:\/\/newblogs.correiobraziliense.com.br\/vivabrasilia\/wp-content\/uploads\/sites\/4\/2026\/08\/Lucas-Ciabotti-e-Samuel-Sordi-1-1536x1024.jpg 1536w, https:\/\/newblogs.correiobraziliense.com.br\/vivabrasilia\/wp-content\/uploads\/sites\/4\/2026\/08\/Lucas-Ciabotti-e-Samuel-Sordi-1.jpg 2000w\" sizes=\"auto, (max-width: 1024px) 100vw, 1024px\" \/><figcaption class=\"wp-element-caption\">Lucas Ciabotti e Samuel Sordi<\/figcaption><\/figure>\n\n\n\n<figure class=\"wp-block-image size-large\"><img loading=\"lazy\" decoding=\"async\" width=\"1024\" height=\"682\" data-id=\"7636\" src=\"https:\/\/newblogs.correiobraziliense.com.br\/vivabrasilia\/wp-content\/uploads\/sites\/4\/2026\/08\/Lucas-Oliveira-Eduardo-Nobre-e-Helio-Bernardo-1024x682.jpg\" alt=\"\" class=\"wp-image-7636\" srcset=\"https:\/\/newblogs.correiobraziliense.com.br\/vivabrasilia\/wp-content\/uploads\/sites\/4\/2026\/08\/Lucas-Oliveira-Eduardo-Nobre-e-Helio-Bernardo-1024x682.jpg 1024w, https:\/\/newblogs.correiobraziliense.com.br\/vivabrasilia\/wp-content\/uploads\/sites\/4\/2026\/08\/Lucas-Oliveira-Eduardo-Nobre-e-Helio-Bernardo-300x200.jpg 300w, https:\/\/newblogs.correiobraziliense.com.br\/vivabrasilia\/wp-content\/uploads\/sites\/4\/2026\/08\/Lucas-Oliveira-Eduardo-Nobre-e-Helio-Bernardo-768x512.jpg 768w, https:\/\/newblogs.correiobraziliense.com.br\/vivabrasilia\/wp-content\/uploads\/sites\/4\/2026\/08\/Lucas-Oliveira-Eduardo-Nobre-e-Helio-Bernardo-1536x1024.jpg 1536w, https:\/\/newblogs.correiobraziliense.com.br\/vivabrasilia\/wp-content\/uploads\/sites\/4\/2026\/08\/Lucas-Oliveira-Eduardo-Nobre-e-Helio-Bernardo.jpg 2000w\" sizes=\"auto, (max-width: 1024px) 100vw, 1024px\" \/><figcaption class=\"wp-element-caption\">Lucas Oliveira, Eduardo Nobre e He\u0301lio Bernardo<\/figcaption><\/figure>\n\n\n\n<figure class=\"wp-block-image size-large\"><img loading=\"lazy\" decoding=\"async\" width=\"1024\" height=\"682\" data-id=\"7637\" src=\"https:\/\/newblogs.correiobraziliense.com.br\/vivabrasilia\/wp-content\/uploads\/sites\/4\/2026\/08\/Marcos-Salomao-e-Virginia-Castro-1-1024x682.jpg\" alt=\"\" class=\"wp-image-7637\" srcset=\"https:\/\/newblogs.correiobraziliense.com.br\/vivabrasilia\/wp-content\/uploads\/sites\/4\/2026\/08\/Marcos-Salomao-e-Virginia-Castro-1-1024x682.jpg 1024w, https:\/\/newblogs.correiobraziliense.com.br\/vivabrasilia\/wp-content\/uploads\/sites\/4\/2026\/08\/Marcos-Salomao-e-Virginia-Castro-1-300x200.jpg 300w, https:\/\/newblogs.correiobraziliense.com.br\/vivabrasilia\/wp-content\/uploads\/sites\/4\/2026\/08\/Marcos-Salomao-e-Virginia-Castro-1-768x512.jpg 768w, https:\/\/newblogs.correiobraziliense.com.br\/vivabrasilia\/wp-content\/uploads\/sites\/4\/2026\/08\/Marcos-Salomao-e-Virginia-Castro-1-1536x1024.jpg 1536w, https:\/\/newblogs.correiobraziliense.com.br\/vivabrasilia\/wp-content\/uploads\/sites\/4\/2026\/08\/Marcos-Salomao-e-Virginia-Castro-1.jpg 2000w\" sizes=\"auto, (max-width: 1024px) 100vw, 1024px\" \/><figcaption class=\"wp-element-caption\">Marcos Saloma\u0303o e Virginia Castro<\/figcaption><\/figure>\n\n\n\n<figure class=\"wp-block-image size-large\"><img loading=\"lazy\" decoding=\"async\" width=\"1024\" height=\"682\" data-id=\"7638\" src=\"https:\/\/newblogs.correiobraziliense.com.br\/vivabrasilia\/wp-content\/uploads\/sites\/4\/2026\/08\/Maria-Luisa-e-Bernardo-Avelar-2-1024x682.jpg\" alt=\"\" class=\"wp-image-7638\" srcset=\"https:\/\/newblogs.correiobraziliense.com.br\/vivabrasilia\/wp-content\/uploads\/sites\/4\/2026\/08\/Maria-Luisa-e-Bernardo-Avelar-2-1024x682.jpg 1024w, https:\/\/newblogs.correiobraziliense.com.br\/vivabrasilia\/wp-content\/uploads\/sites\/4\/2026\/08\/Maria-Luisa-e-Bernardo-Avelar-2-300x200.jpg 300w, https:\/\/newblogs.correiobraziliense.com.br\/vivabrasilia\/wp-content\/uploads\/sites\/4\/2026\/08\/Maria-Luisa-e-Bernardo-Avelar-2-768x512.jpg 768w, https:\/\/newblogs.correiobraziliense.com.br\/vivabrasilia\/wp-content\/uploads\/sites\/4\/2026\/08\/Maria-Luisa-e-Bernardo-Avelar-2-1536x1024.jpg 1536w, https:\/\/newblogs.correiobraziliense.com.br\/vivabrasilia\/wp-content\/uploads\/sites\/4\/2026\/08\/Maria-Luisa-e-Bernardo-Avelar-2.jpg 2000w\" sizes=\"auto, (max-width: 1024px) 100vw, 1024px\" \/><figcaption class=\"wp-element-caption\">Maria Luisa e Bernardo Avelar<\/figcaption><\/figure>\n\n\n\n<figure class=\"wp-block-image size-large\"><img loading=\"lazy\" decoding=\"async\" width=\"1024\" height=\"682\" data-id=\"7639\" src=\"https:\/\/newblogs.correiobraziliense.com.br\/vivabrasilia\/wp-content\/uploads\/sites\/4\/2026\/08\/Mariana-Campos-Pedro-Gonzalez-Diogo-Lombardi-e-Camila-Fernandes-1024x682.jpg\" alt=\"\" class=\"wp-image-7639\" srcset=\"https:\/\/newblogs.correiobraziliense.com.br\/vivabrasilia\/wp-content\/uploads\/sites\/4\/2026\/08\/Mariana-Campos-Pedro-Gonzalez-Diogo-Lombardi-e-Camila-Fernandes-1024x682.jpg 1024w, https:\/\/newblogs.correiobraziliense.com.br\/vivabrasilia\/wp-content\/uploads\/sites\/4\/2026\/08\/Mariana-Campos-Pedro-Gonzalez-Diogo-Lombardi-e-Camila-Fernandes-300x200.jpg 300w, https:\/\/newblogs.correiobraziliense.com.br\/vivabrasilia\/wp-content\/uploads\/sites\/4\/2026\/08\/Mariana-Campos-Pedro-Gonzalez-Diogo-Lombardi-e-Camila-Fernandes-768x512.jpg 768w, https:\/\/newblogs.correiobraziliense.com.br\/vivabrasilia\/wp-content\/uploads\/sites\/4\/2026\/08\/Mariana-Campos-Pedro-Gonzalez-Diogo-Lombardi-e-Camila-Fernandes-1536x1024.jpg 1536w, https:\/\/newblogs.correiobraziliense.com.br\/vivabrasilia\/wp-content\/uploads\/sites\/4\/2026\/08\/Mariana-Campos-Pedro-Gonzalez-Diogo-Lombardi-e-Camila-Fernandes.jpg 2000w\" sizes=\"auto, (max-width: 1024px) 100vw, 1024px\" \/><figcaption class=\"wp-element-caption\">Mariana Campos, Pedro Gonzalez, Diogo Lombardi e Camila Fernandes<\/figcaption><\/figure>\n\n\n\n<figure class=\"wp-block-image size-large\"><img loading=\"lazy\" decoding=\"async\" width=\"1024\" height=\"682\" data-id=\"7640\" src=\"https:\/\/newblogs.correiobraziliense.com.br\/vivabrasilia\/wp-content\/uploads\/sites\/4\/2026\/08\/Matheus-Bitencourt-e-Isabelle-Nogueira-1024x682.jpg\" alt=\"\" class=\"wp-image-7640\" srcset=\"https:\/\/newblogs.correiobraziliense.com.br\/vivabrasilia\/wp-content\/uploads\/sites\/4\/2026\/08\/Matheus-Bitencourt-e-Isabelle-Nogueira-1024x682.jpg 1024w, https:\/\/newblogs.correiobraziliense.com.br\/vivabrasilia\/wp-content\/uploads\/sites\/4\/2026\/08\/Matheus-Bitencourt-e-Isabelle-Nogueira-300x200.jpg 300w, https:\/\/newblogs.correiobraziliense.com.br\/vivabrasilia\/wp-content\/uploads\/sites\/4\/2026\/08\/Matheus-Bitencourt-e-Isabelle-Nogueira-768x512.jpg 768w, https:\/\/newblogs.correiobraziliense.com.br\/vivabrasilia\/wp-content\/uploads\/sites\/4\/2026\/08\/Matheus-Bitencourt-e-Isabelle-Nogueira-1536x1024.jpg 1536w, https:\/\/newblogs.correiobraziliense.com.br\/vivabrasilia\/wp-content\/uploads\/sites\/4\/2026\/08\/Matheus-Bitencourt-e-Isabelle-Nogueira.jpg 2000w\" sizes=\"auto, (max-width: 1024px) 100vw, 1024px\" \/><figcaption class=\"wp-element-caption\">Matheus Bitencourt e Isabelle Nogueira<\/figcaption><\/figure>\n\n\n\n<figure class=\"wp-block-image size-large\"><img loading=\"lazy\" decoding=\"async\" width=\"1024\" height=\"682\" data-id=\"7641\" src=\"https:\/\/newblogs.correiobraziliense.com.br\/vivabrasilia\/wp-content\/uploads\/sites\/4\/2026\/08\/Matheus-Vieira-e-Luisa-Sarkis-1024x682.jpg\" alt=\"\" class=\"wp-image-7641\" srcset=\"https:\/\/newblogs.correiobraziliense.com.br\/vivabrasilia\/wp-content\/uploads\/sites\/4\/2026\/08\/Matheus-Vieira-e-Luisa-Sarkis-1024x682.jpg 1024w, https:\/\/newblogs.correiobraziliense.com.br\/vivabrasilia\/wp-content\/uploads\/sites\/4\/2026\/08\/Matheus-Vieira-e-Luisa-Sarkis-300x200.jpg 300w, https:\/\/newblogs.correiobraziliense.com.br\/vivabrasilia\/wp-content\/uploads\/sites\/4\/2026\/08\/Matheus-Vieira-e-Luisa-Sarkis-768x512.jpg 768w, https:\/\/newblogs.correiobraziliense.com.br\/vivabrasilia\/wp-content\/uploads\/sites\/4\/2026\/08\/Matheus-Vieira-e-Luisa-Sarkis-1536x1024.jpg 1536w, https:\/\/newblogs.correiobraziliense.com.br\/vivabrasilia\/wp-content\/uploads\/sites\/4\/2026\/08\/Matheus-Vieira-e-Luisa-Sarkis.jpg 2000w\" sizes=\"auto, (max-width: 1024px) 100vw, 1024px\" \/><figcaption class=\"wp-element-caption\">Matheus Vieira e Luisa Sarkis<\/figcaption><\/figure>\n\n\n\n<figure class=\"wp-block-image size-large\"><img loading=\"lazy\" decoding=\"async\" width=\"1024\" height=\"682\" data-id=\"7642\" src=\"https:\/\/newblogs.correiobraziliense.com.br\/vivabrasilia\/wp-content\/uploads\/sites\/4\/2026\/08\/Milton-Carvalho-Augusto-Borges-e-Yuri-Braga-1024x682.jpg\" alt=\"\" class=\"wp-image-7642\" srcset=\"https:\/\/newblogs.correiobraziliense.com.br\/vivabrasilia\/wp-content\/uploads\/sites\/4\/2026\/08\/Milton-Carvalho-Augusto-Borges-e-Yuri-Braga-1024x682.jpg 1024w, https:\/\/newblogs.correiobraziliense.com.br\/vivabrasilia\/wp-content\/uploads\/sites\/4\/2026\/08\/Milton-Carvalho-Augusto-Borges-e-Yuri-Braga-300x200.jpg 300w, https:\/\/newblogs.correiobraziliense.com.br\/vivabrasilia\/wp-content\/uploads\/sites\/4\/2026\/08\/Milton-Carvalho-Augusto-Borges-e-Yuri-Braga-768x512.jpg 768w, https:\/\/newblogs.correiobraziliense.com.br\/vivabrasilia\/wp-content\/uploads\/sites\/4\/2026\/08\/Milton-Carvalho-Augusto-Borges-e-Yuri-Braga-1536x1024.jpg 1536w, https:\/\/newblogs.correiobraziliense.com.br\/vivabrasilia\/wp-content\/uploads\/sites\/4\/2026\/08\/Milton-Carvalho-Augusto-Borges-e-Yuri-Braga.jpg 2000w\" sizes=\"auto, (max-width: 1024px) 100vw, 1024px\" \/><figcaption class=\"wp-element-caption\">Milton Carvalho, Augusto Borges e Yuri Braga<\/figcaption><\/figure>\n\n\n\n<figure class=\"wp-block-image size-large\"><img loading=\"lazy\" decoding=\"async\" width=\"1024\" height=\"682\" data-id=\"7643\" src=\"https:\/\/newblogs.correiobraziliense.com.br\/vivabrasilia\/wp-content\/uploads\/sites\/4\/2026\/08\/Nayra-Ribeiro-Victor-Varela-Tonico-Lichtsztejn-e-Cuka-Lima-1024x682.jpg\" alt=\"\" class=\"wp-image-7643\" srcset=\"https:\/\/newblogs.correiobraziliense.com.br\/vivabrasilia\/wp-content\/uploads\/sites\/4\/2026\/08\/Nayra-Ribeiro-Victor-Varela-Tonico-Lichtsztejn-e-Cuka-Lima-1024x682.jpg 1024w, https:\/\/newblogs.correiobraziliense.com.br\/vivabrasilia\/wp-content\/uploads\/sites\/4\/2026\/08\/Nayra-Ribeiro-Victor-Varela-Tonico-Lichtsztejn-e-Cuka-Lima-300x200.jpg 300w, https:\/\/newblogs.correiobraziliense.com.br\/vivabrasilia\/wp-content\/uploads\/sites\/4\/2026\/08\/Nayra-Ribeiro-Victor-Varela-Tonico-Lichtsztejn-e-Cuka-Lima-768x512.jpg 768w, https:\/\/newblogs.correiobraziliense.com.br\/vivabrasilia\/wp-content\/uploads\/sites\/4\/2026\/08\/Nayra-Ribeiro-Victor-Varela-Tonico-Lichtsztejn-e-Cuka-Lima-1536x1024.jpg 1536w, https:\/\/newblogs.correiobraziliense.com.br\/vivabrasilia\/wp-content\/uploads\/sites\/4\/2026\/08\/Nayra-Ribeiro-Victor-Varela-Tonico-Lichtsztejn-e-Cuka-Lima.jpg 2000w\" sizes=\"auto, (max-width: 1024px) 100vw, 1024px\" \/><figcaption class=\"wp-element-caption\">Nayra Ribeiro, Victor Varela, Tonico Lichtsztejn e Cuka Lima<\/figcaption><\/figure>\n\n\n\n<figure class=\"wp-block-image size-large\"><img loading=\"lazy\" decoding=\"async\" width=\"1024\" height=\"682\" data-id=\"7644\" src=\"https:\/\/newblogs.correiobraziliense.com.br\/vivabrasilia\/wp-content\/uploads\/sites\/4\/2026\/08\/Nina-Rocha-e-Bruno-Pessoa-1-1024x682.jpg\" alt=\"\" class=\"wp-image-7644\" srcset=\"https:\/\/newblogs.correiobraziliense.com.br\/vivabrasilia\/wp-content\/uploads\/sites\/4\/2026\/08\/Nina-Rocha-e-Bruno-Pessoa-1-1024x682.jpg 1024w, https:\/\/newblogs.correiobraziliense.com.br\/vivabrasilia\/wp-content\/uploads\/sites\/4\/2026\/08\/Nina-Rocha-e-Bruno-Pessoa-1-300x200.jpg 300w, https:\/\/newblogs.correiobraziliense.com.br\/vivabrasilia\/wp-content\/uploads\/sites\/4\/2026\/08\/Nina-Rocha-e-Bruno-Pessoa-1-768x512.jpg 768w, https:\/\/newblogs.correiobraziliense.com.br\/vivabrasilia\/wp-content\/uploads\/sites\/4\/2026\/08\/Nina-Rocha-e-Bruno-Pessoa-1-1536x1024.jpg 1536w, https:\/\/newblogs.correiobraziliense.com.br\/vivabrasilia\/wp-content\/uploads\/sites\/4\/2026\/08\/Nina-Rocha-e-Bruno-Pessoa-1.jpg 2000w\" sizes=\"auto, (max-width: 1024px) 100vw, 1024px\" \/><figcaption class=\"wp-element-caption\">Nina Rocha e Bruno Pessoa<\/figcaption><\/figure>\n\n\n\n<figure class=\"wp-block-image size-large\"><img loading=\"lazy\" decoding=\"async\" width=\"1024\" height=\"682\" data-id=\"7645\" src=\"https:\/\/newblogs.correiobraziliense.com.br\/vivabrasilia\/wp-content\/uploads\/sites\/4\/2026\/08\/Nina-Rocha-e-Fernanda-Faria-1-1024x682.jpg\" alt=\"\" class=\"wp-image-7645\" srcset=\"https:\/\/newblogs.correiobraziliense.com.br\/vivabrasilia\/wp-content\/uploads\/sites\/4\/2026\/08\/Nina-Rocha-e-Fernanda-Faria-1-1024x682.jpg 1024w, https:\/\/newblogs.correiobraziliense.com.br\/vivabrasilia\/wp-content\/uploads\/sites\/4\/2026\/08\/Nina-Rocha-e-Fernanda-Faria-1-300x200.jpg 300w, https:\/\/newblogs.correiobraziliense.com.br\/vivabrasilia\/wp-content\/uploads\/sites\/4\/2026\/08\/Nina-Rocha-e-Fernanda-Faria-1-768x512.jpg 768w, https:\/\/newblogs.correiobraziliense.com.br\/vivabrasilia\/wp-content\/uploads\/sites\/4\/2026\/08\/Nina-Rocha-e-Fernanda-Faria-1-1536x1024.jpg 1536w, https:\/\/newblogs.correiobraziliense.com.br\/vivabrasilia\/wp-content\/uploads\/sites\/4\/2026\/08\/Nina-Rocha-e-Fernanda-Faria-1.jpg 2000w\" sizes=\"auto, (max-width: 1024px) 100vw, 1024px\" \/><figcaption class=\"wp-element-caption\">Nina Rocha e Fernanda Faria<\/figcaption><\/figure>\n\n\n\n<figure class=\"wp-block-image size-large\"><img loading=\"lazy\" decoding=\"async\" width=\"1024\" height=\"708\" data-id=\"7646\" src=\"https:\/\/newblogs.correiobraziliense.com.br\/vivabrasilia\/wp-content\/uploads\/sites\/4\/2026\/08\/Paulo-e-Cris-Coimbra-1-1024x708.jpg\" alt=\"\" class=\"wp-image-7646\" srcset=\"https:\/\/newblogs.correiobraziliense.com.br\/vivabrasilia\/wp-content\/uploads\/sites\/4\/2026\/08\/Paulo-e-Cris-Coimbra-1-1024x708.jpg 1024w, https:\/\/newblogs.correiobraziliense.com.br\/vivabrasilia\/wp-content\/uploads\/sites\/4\/2026\/08\/Paulo-e-Cris-Coimbra-1-300x207.jpg 300w, https:\/\/newblogs.correiobraziliense.com.br\/vivabrasilia\/wp-content\/uploads\/sites\/4\/2026\/08\/Paulo-e-Cris-Coimbra-1-768x531.jpg 768w, https:\/\/newblogs.correiobraziliense.com.br\/vivabrasilia\/wp-content\/uploads\/sites\/4\/2026\/08\/Paulo-e-Cris-Coimbra-1-1536x1061.jpg 1536w, https:\/\/newblogs.correiobraziliense.com.br\/vivabrasilia\/wp-content\/uploads\/sites\/4\/2026\/08\/Paulo-e-Cris-Coimbra-1.jpg 2000w\" sizes=\"auto, (max-width: 1024px) 100vw, 1024px\" \/><figcaption class=\"wp-element-caption\">Paulo e Cris Coimbra<\/figcaption><\/figure>\n\n\n\n<figure class=\"wp-block-image size-large\"><img loading=\"lazy\" decoding=\"async\" width=\"1024\" height=\"682\" data-id=\"7647\" src=\"https:\/\/newblogs.correiobraziliense.com.br\/vivabrasilia\/wp-content\/uploads\/sites\/4\/2026\/08\/Pedro-Gabriel-Andrei-Prates-e-Aleksander-Marques-1024x682.jpg\" alt=\"\" class=\"wp-image-7647\" srcset=\"https:\/\/newblogs.correiobraziliense.com.br\/vivabrasilia\/wp-content\/uploads\/sites\/4\/2026\/08\/Pedro-Gabriel-Andrei-Prates-e-Aleksander-Marques-1024x682.jpg 1024w, https:\/\/newblogs.correiobraziliense.com.br\/vivabrasilia\/wp-content\/uploads\/sites\/4\/2026\/08\/Pedro-Gabriel-Andrei-Prates-e-Aleksander-Marques-300x200.jpg 300w, https:\/\/newblogs.correiobraziliense.com.br\/vivabrasilia\/wp-content\/uploads\/sites\/4\/2026\/08\/Pedro-Gabriel-Andrei-Prates-e-Aleksander-Marques-768x512.jpg 768w, https:\/\/newblogs.correiobraziliense.com.br\/vivabrasilia\/wp-content\/uploads\/sites\/4\/2026\/08\/Pedro-Gabriel-Andrei-Prates-e-Aleksander-Marques-1536x1024.jpg 1536w, https:\/\/newblogs.correiobraziliense.com.br\/vivabrasilia\/wp-content\/uploads\/sites\/4\/2026\/08\/Pedro-Gabriel-Andrei-Prates-e-Aleksander-Marques.jpg 2000w\" sizes=\"auto, (max-width: 1024px) 100vw, 1024px\" \/><figcaption class=\"wp-element-caption\">Pedro Gabriel, Andrei Prates e Aleksander Marques<\/figcaption><\/figure>\n\n\n\n<figure class=\"wp-block-image size-large\"><img loading=\"lazy\" decoding=\"async\" width=\"1024\" height=\"682\" data-id=\"7648\" src=\"https:\/\/newblogs.correiobraziliense.com.br\/vivabrasilia\/wp-content\/uploads\/sites\/4\/2026\/08\/Pedro-Machado-e-Fernanda-Faria-1-1024x682.jpg\" alt=\"\" class=\"wp-image-7648\" srcset=\"https:\/\/newblogs.correiobraziliense.com.br\/vivabrasilia\/wp-content\/uploads\/sites\/4\/2026\/08\/Pedro-Machado-e-Fernanda-Faria-1-1024x682.jpg 1024w, https:\/\/newblogs.correiobraziliense.com.br\/vivabrasilia\/wp-content\/uploads\/sites\/4\/2026\/08\/Pedro-Machado-e-Fernanda-Faria-1-300x200.jpg 300w, https:\/\/newblogs.correiobraziliense.com.br\/vivabrasilia\/wp-content\/uploads\/sites\/4\/2026\/08\/Pedro-Machado-e-Fernanda-Faria-1-768x512.jpg 768w, https:\/\/newblogs.correiobraziliense.com.br\/vivabrasilia\/wp-content\/uploads\/sites\/4\/2026\/08\/Pedro-Machado-e-Fernanda-Faria-1-1536x1024.jpg 1536w, https:\/\/newblogs.correiobraziliense.com.br\/vivabrasilia\/wp-content\/uploads\/sites\/4\/2026\/08\/Pedro-Machado-e-Fernanda-Faria-1.jpg 2000w\" sizes=\"auto, (max-width: 1024px) 100vw, 1024px\" \/><figcaption class=\"wp-element-caption\">Pedro Machado e Fernanda Faria<\/figcaption><\/figure>\n\n\n\n<figure class=\"wp-block-image size-large\"><img loading=\"lazy\" decoding=\"async\" width=\"1024\" height=\"682\" data-id=\"7649\" src=\"https:\/\/newblogs.correiobraziliense.com.br\/vivabrasilia\/wp-content\/uploads\/sites\/4\/2026\/08\/Rafael-Carvalho-Julhyana-Guitton-Ana-Lucia-Guitton-e-Givon-Machado-1-1024x682.jpg\" alt=\"\" class=\"wp-image-7649\" srcset=\"https:\/\/newblogs.correiobraziliense.com.br\/vivabrasilia\/wp-content\/uploads\/sites\/4\/2026\/08\/Rafael-Carvalho-Julhyana-Guitton-Ana-Lucia-Guitton-e-Givon-Machado-1-1024x682.jpg 1024w, https:\/\/newblogs.correiobraziliense.com.br\/vivabrasilia\/wp-content\/uploads\/sites\/4\/2026\/08\/Rafael-Carvalho-Julhyana-Guitton-Ana-Lucia-Guitton-e-Givon-Machado-1-300x200.jpg 300w, https:\/\/newblogs.correiobraziliense.com.br\/vivabrasilia\/wp-content\/uploads\/sites\/4\/2026\/08\/Rafael-Carvalho-Julhyana-Guitton-Ana-Lucia-Guitton-e-Givon-Machado-1-768x512.jpg 768w, https:\/\/newblogs.correiobraziliense.com.br\/vivabrasilia\/wp-content\/uploads\/sites\/4\/2026\/08\/Rafael-Carvalho-Julhyana-Guitton-Ana-Lucia-Guitton-e-Givon-Machado-1-1536x1024.jpg 1536w, https:\/\/newblogs.correiobraziliense.com.br\/vivabrasilia\/wp-content\/uploads\/sites\/4\/2026\/08\/Rafael-Carvalho-Julhyana-Guitton-Ana-Lucia-Guitton-e-Givon-Machado-1.jpg 2000w\" sizes=\"auto, (max-width: 1024px) 100vw, 1024px\" \/><figcaption class=\"wp-element-caption\">Rafael Carvalho, Julhyana Guitton, Ana Lu\u0301cia Guitton e Givon Machado<\/figcaption><\/figure>\n\n\n\n<figure class=\"wp-block-image size-large\"><img loading=\"lazy\" decoding=\"async\" width=\"1024\" height=\"756\" data-id=\"7650\" src=\"https:\/\/newblogs.correiobraziliense.com.br\/vivabrasilia\/wp-content\/uploads\/sites\/4\/2026\/08\/Ray-Bendor-Fernanda-Faria-e-Juliana-Viegas-1-1024x756.jpg\" alt=\"\" class=\"wp-image-7650\" srcset=\"https:\/\/newblogs.correiobraziliense.com.br\/vivabrasilia\/wp-content\/uploads\/sites\/4\/2026\/08\/Ray-Bendor-Fernanda-Faria-e-Juliana-Viegas-1-1024x756.jpg 1024w, https:\/\/newblogs.correiobraziliense.com.br\/vivabrasilia\/wp-content\/uploads\/sites\/4\/2026\/08\/Ray-Bendor-Fernanda-Faria-e-Juliana-Viegas-1-300x221.jpg 300w, https:\/\/newblogs.correiobraziliense.com.br\/vivabrasilia\/wp-content\/uploads\/sites\/4\/2026\/08\/Ray-Bendor-Fernanda-Faria-e-Juliana-Viegas-1-768x567.jpg 768w, https:\/\/newblogs.correiobraziliense.com.br\/vivabrasilia\/wp-content\/uploads\/sites\/4\/2026\/08\/Ray-Bendor-Fernanda-Faria-e-Juliana-Viegas-1-1536x1134.jpg 1536w, https:\/\/newblogs.correiobraziliense.com.br\/vivabrasilia\/wp-content\/uploads\/sites\/4\/2026\/08\/Ray-Bendor-Fernanda-Faria-e-Juliana-Viegas-1.jpg 2000w\" sizes=\"auto, (max-width: 1024px) 100vw, 1024px\" \/><figcaption class=\"wp-element-caption\">Ray Bendor, Fernanda Faria e Juliana Viegas<\/figcaption><\/figure>\n\n\n\n<figure class=\"wp-block-image size-large\"><img loading=\"lazy\" decoding=\"async\" width=\"1024\" height=\"682\" data-id=\"7651\" src=\"https:\/\/newblogs.correiobraziliense.com.br\/vivabrasilia\/wp-content\/uploads\/sites\/4\/2026\/08\/Sayuri-Tanaka-e-Yutti-Niyama-1024x682.jpg\" alt=\"\" class=\"wp-image-7651\" srcset=\"https:\/\/newblogs.correiobraziliense.com.br\/vivabrasilia\/wp-content\/uploads\/sites\/4\/2026\/08\/Sayuri-Tanaka-e-Yutti-Niyama-1024x682.jpg 1024w, https:\/\/newblogs.correiobraziliense.com.br\/vivabrasilia\/wp-content\/uploads\/sites\/4\/2026\/08\/Sayuri-Tanaka-e-Yutti-Niyama-300x200.jpg 300w, https:\/\/newblogs.correiobraziliense.com.br\/vivabrasilia\/wp-content\/uploads\/sites\/4\/2026\/08\/Sayuri-Tanaka-e-Yutti-Niyama-768x512.jpg 768w, https:\/\/newblogs.correiobraziliense.com.br\/vivabrasilia\/wp-content\/uploads\/sites\/4\/2026\/08\/Sayuri-Tanaka-e-Yutti-Niyama-1536x1024.jpg 1536w, https:\/\/newblogs.correiobraziliense.com.br\/vivabrasilia\/wp-content\/uploads\/sites\/4\/2026\/08\/Sayuri-Tanaka-e-Yutti-Niyama.jpg 2000w\" sizes=\"auto, (max-width: 1024px) 100vw, 1024px\" \/><figcaption class=\"wp-element-caption\">Sayuri Tanaka e Yutti Niyama<\/figcaption><\/figure>\n\n\n\n<figure class=\"wp-block-image size-large\"><img loading=\"lazy\" decoding=\"async\" width=\"1024\" height=\"682\" data-id=\"7652\" src=\"https:\/\/newblogs.correiobraziliense.com.br\/vivabrasilia\/wp-content\/uploads\/sites\/4\/2026\/08\/Sayuri-Tanaka-Gabriela-Moll-Pedro-Rocha-e-Yutti-Niyama-1024x682.jpg\" alt=\"\" class=\"wp-image-7652\" srcset=\"https:\/\/newblogs.correiobraziliense.com.br\/vivabrasilia\/wp-content\/uploads\/sites\/4\/2026\/08\/Sayuri-Tanaka-Gabriela-Moll-Pedro-Rocha-e-Yutti-Niyama-1024x682.jpg 1024w, https:\/\/newblogs.correiobraziliense.com.br\/vivabrasilia\/wp-content\/uploads\/sites\/4\/2026\/08\/Sayuri-Tanaka-Gabriela-Moll-Pedro-Rocha-e-Yutti-Niyama-300x200.jpg 300w, https:\/\/newblogs.correiobraziliense.com.br\/vivabrasilia\/wp-content\/uploads\/sites\/4\/2026\/08\/Sayuri-Tanaka-Gabriela-Moll-Pedro-Rocha-e-Yutti-Niyama-768x512.jpg 768w, https:\/\/newblogs.correiobraziliense.com.br\/vivabrasilia\/wp-content\/uploads\/sites\/4\/2026\/08\/Sayuri-Tanaka-Gabriela-Moll-Pedro-Rocha-e-Yutti-Niyama-1536x1024.jpg 1536w, https:\/\/newblogs.correiobraziliense.com.br\/vivabrasilia\/wp-content\/uploads\/sites\/4\/2026\/08\/Sayuri-Tanaka-Gabriela-Moll-Pedro-Rocha-e-Yutti-Niyama.jpg 2000w\" sizes=\"auto, (max-width: 1024px) 100vw, 1024px\" \/><figcaption class=\"wp-element-caption\">Sayuri Tanaka, Gabriela Moll, Pedro Rocha e Yutti Niyama<\/figcaption><\/figure>\n\n\n\n<figure class=\"wp-block-image size-large\"><img loading=\"lazy\" decoding=\"async\" width=\"1024\" height=\"682\" data-id=\"7653\" src=\"https:\/\/newblogs.correiobraziliense.com.br\/vivabrasilia\/wp-content\/uploads\/sites\/4\/2026\/08\/Tania-Maria-Luisa-e-Bernardo-Avelar-1024x682.jpg\" alt=\"\" class=\"wp-image-7653\" srcset=\"https:\/\/newblogs.correiobraziliense.com.br\/vivabrasilia\/wp-content\/uploads\/sites\/4\/2026\/08\/Tania-Maria-Luisa-e-Bernardo-Avelar-1024x682.jpg 1024w, https:\/\/newblogs.correiobraziliense.com.br\/vivabrasilia\/wp-content\/uploads\/sites\/4\/2026\/08\/Tania-Maria-Luisa-e-Bernardo-Avelar-300x200.jpg 300w, https:\/\/newblogs.correiobraziliense.com.br\/vivabrasilia\/wp-content\/uploads\/sites\/4\/2026\/08\/Tania-Maria-Luisa-e-Bernardo-Avelar-768x512.jpg 768w, https:\/\/newblogs.correiobraziliense.com.br\/vivabrasilia\/wp-content\/uploads\/sites\/4\/2026\/08\/Tania-Maria-Luisa-e-Bernardo-Avelar-1536x1024.jpg 1536w, https:\/\/newblogs.correiobraziliense.com.br\/vivabrasilia\/wp-content\/uploads\/sites\/4\/2026\/08\/Tania-Maria-Luisa-e-Bernardo-Avelar.jpg 2000w\" sizes=\"auto, (max-width: 1024px) 100vw, 1024px\" \/><figcaption class=\"wp-element-caption\">Ta\u0302nia, Maria Luisa e Bernardo Avelar<\/figcaption><\/figure>\n\n\n\n<figure class=\"wp-block-image size-large\"><img loading=\"lazy\" decoding=\"async\" width=\"1024\" height=\"682\" data-id=\"7654\" src=\"https:\/\/newblogs.correiobraziliense.com.br\/vivabrasilia\/wp-content\/uploads\/sites\/4\/2026\/08\/Thiago-Sampaio-e-Leonardo-Leite-1024x682.jpg\" alt=\"\" class=\"wp-image-7654\" srcset=\"https:\/\/newblogs.correiobraziliense.com.br\/vivabrasilia\/wp-content\/uploads\/sites\/4\/2026\/08\/Thiago-Sampaio-e-Leonardo-Leite-1024x682.jpg 1024w, https:\/\/newblogs.correiobraziliense.com.br\/vivabrasilia\/wp-content\/uploads\/sites\/4\/2026\/08\/Thiago-Sampaio-e-Leonardo-Leite-300x200.jpg 300w, https:\/\/newblogs.correiobraziliense.com.br\/vivabrasilia\/wp-content\/uploads\/sites\/4\/2026\/08\/Thiago-Sampaio-e-Leonardo-Leite-768x512.jpg 768w, https:\/\/newblogs.correiobraziliense.com.br\/vivabrasilia\/wp-content\/uploads\/sites\/4\/2026\/08\/Thiago-Sampaio-e-Leonardo-Leite-1536x1024.jpg 1536w, https:\/\/newblogs.correiobraziliense.com.br\/vivabrasilia\/wp-content\/uploads\/sites\/4\/2026\/08\/Thiago-Sampaio-e-Leonardo-Leite.jpg 2000w\" sizes=\"auto, (max-width: 1024px) 100vw, 1024px\" \/><figcaption class=\"wp-element-caption\">Thiago Sampaio e Leonardo Leite<\/figcaption><\/figure>\n\n\n\n<figure class=\"wp-block-image size-large\"><img loading=\"lazy\" decoding=\"async\" width=\"1024\" height=\"684\" data-id=\"7655\" src=\"https:\/\/newblogs.correiobraziliense.com.br\/vivabrasilia\/wp-content\/uploads\/sites\/4\/2026\/08\/Tilmara-Tomaz-Marcela-Franco-Livia-Braz-e-Lucas-Chiconeli-1-1024x684.jpg\" alt=\"\" class=\"wp-image-7655\" srcset=\"https:\/\/newblogs.correiobraziliense.com.br\/vivabrasilia\/wp-content\/uploads\/sites\/4\/2026\/08\/Tilmara-Tomaz-Marcela-Franco-Livia-Braz-e-Lucas-Chiconeli-1-1024x684.jpg 1024w, https:\/\/newblogs.correiobraziliense.com.br\/vivabrasilia\/wp-content\/uploads\/sites\/4\/2026\/08\/Tilmara-Tomaz-Marcela-Franco-Livia-Braz-e-Lucas-Chiconeli-1-300x200.jpg 300w, https:\/\/newblogs.correiobraziliense.com.br\/vivabrasilia\/wp-content\/uploads\/sites\/4\/2026\/08\/Tilmara-Tomaz-Marcela-Franco-Livia-Braz-e-Lucas-Chiconeli-1-768x513.jpg 768w, https:\/\/newblogs.correiobraziliense.com.br\/vivabrasilia\/wp-content\/uploads\/sites\/4\/2026\/08\/Tilmara-Tomaz-Marcela-Franco-Livia-Braz-e-Lucas-Chiconeli-1-1536x1026.jpg 1536w, https:\/\/newblogs.correiobraziliense.com.br\/vivabrasilia\/wp-content\/uploads\/sites\/4\/2026\/08\/Tilmara-Tomaz-Marcela-Franco-Livia-Braz-e-Lucas-Chiconeli-1.jpg 2000w\" sizes=\"auto, (max-width: 1024px) 100vw, 1024px\" \/><figcaption class=\"wp-element-caption\">Tilmara Tomaz, Marcela Franco, Livia Braz e Lucas Chiconeli<\/figcaption><\/figure>\n\n\n\n<figure class=\"wp-block-image size-large\"><img loading=\"lazy\" decoding=\"async\" width=\"682\" height=\"1024\" data-id=\"7656\" src=\"https:\/\/newblogs.correiobraziliense.com.br\/vivabrasilia\/wp-content\/uploads\/sites\/4\/2026\/08\/Tonico-Lichtsztejn-e-Cuka-Lima-682x1024.jpg\" alt=\"\" class=\"wp-image-7656\" srcset=\"https:\/\/newblogs.correiobraziliense.com.br\/vivabrasilia\/wp-content\/uploads\/sites\/4\/2026\/08\/Tonico-Lichtsztejn-e-Cuka-Lima-682x1024.jpg 682w, https:\/\/newblogs.correiobraziliense.com.br\/vivabrasilia\/wp-content\/uploads\/sites\/4\/2026\/08\/Tonico-Lichtsztejn-e-Cuka-Lima-200x300.jpg 200w, https:\/\/newblogs.correiobraziliense.com.br\/vivabrasilia\/wp-content\/uploads\/sites\/4\/2026\/08\/Tonico-Lichtsztejn-e-Cuka-Lima-768x1152.jpg 768w, https:\/\/newblogs.correiobraziliense.com.br\/vivabrasilia\/wp-content\/uploads\/sites\/4\/2026\/08\/Tonico-Lichtsztejn-e-Cuka-Lima-1024x1536.jpg 1024w, https:\/\/newblogs.correiobraziliense.com.br\/vivabrasilia\/wp-content\/uploads\/sites\/4\/2026\/08\/Tonico-Lichtsztejn-e-Cuka-Lima.jpg 1333w\" sizes=\"auto, (max-width: 682px) 100vw, 682px\" \/><figcaption class=\"wp-element-caption\">Tonico Lichtsztejn e Cuka Lima<\/figcaption><\/figure>\n\n\n\n<figure class=\"wp-block-image size-large\"><img loading=\"lazy\" decoding=\"async\" width=\"1024\" height=\"682\" data-id=\"7657\" src=\"https:\/\/newblogs.correiobraziliense.com.br\/vivabrasilia\/wp-content\/uploads\/sites\/4\/2026\/08\/Vivian-Medeiros-e-Guilherme-Davis-1024x682.jpg\" alt=\"\" class=\"wp-image-7657\" srcset=\"https:\/\/newblogs.correiobraziliense.com.br\/vivabrasilia\/wp-content\/uploads\/sites\/4\/2026\/08\/Vivian-Medeiros-e-Guilherme-Davis-1024x682.jpg 1024w, https:\/\/newblogs.correiobraziliense.com.br\/vivabrasilia\/wp-content\/uploads\/sites\/4\/2026\/08\/Vivian-Medeiros-e-Guilherme-Davis-300x200.jpg 300w, https:\/\/newblogs.correiobraziliense.com.br\/vivabrasilia\/wp-content\/uploads\/sites\/4\/2026\/08\/Vivian-Medeiros-e-Guilherme-Davis-768x512.jpg 768w, https:\/\/newblogs.correiobraziliense.com.br\/vivabrasilia\/wp-content\/uploads\/sites\/4\/2026\/08\/Vivian-Medeiros-e-Guilherme-Davis-1536x1024.jpg 1536w, https:\/\/newblogs.correiobraziliense.com.br\/vivabrasilia\/wp-content\/uploads\/sites\/4\/2026\/08\/Vivian-Medeiros-e-Guilherme-Davis.jpg 2000w\" sizes=\"auto, (max-width: 1024px) 100vw, 1024px\" \/><figcaption class=\"wp-element-caption\">Vivian Medeiros e Guilherme Davis<\/figcaption><\/figure>\n\n\n\n<figure class=\"wp-block-image size-large\"><img loading=\"lazy\" decoding=\"async\" width=\"1024\" height=\"682\" data-id=\"7658\" src=\"https:\/\/newblogs.correiobraziliense.com.br\/vivabrasilia\/wp-content\/uploads\/sites\/4\/2026\/08\/Yuti-Niyama-e-Sayuri-Tanaka-1024x682.jpg\" alt=\"\" class=\"wp-image-7658\" srcset=\"https:\/\/newblogs.correiobraziliense.com.br\/vivabrasilia\/wp-content\/uploads\/sites\/4\/2026\/08\/Yuti-Niyama-e-Sayuri-Tanaka-1024x682.jpg 1024w, https:\/\/newblogs.correiobraziliense.com.br\/vivabrasilia\/wp-content\/uploads\/sites\/4\/2026\/08\/Yuti-Niyama-e-Sayuri-Tanaka-300x200.jpg 300w, https:\/\/newblogs.correiobraziliense.com.br\/vivabrasilia\/wp-content\/uploads\/sites\/4\/2026\/08\/Yuti-Niyama-e-Sayuri-Tanaka-768x512.jpg 768w, https:\/\/newblogs.correiobraziliense.com.br\/vivabrasilia\/wp-content\/uploads\/sites\/4\/2026\/08\/Yuti-Niyama-e-Sayuri-Tanaka-1536x1024.jpg 1536w, https:\/\/newblogs.correiobraziliense.com.br\/vivabrasilia\/wp-content\/uploads\/sites\/4\/2026\/08\/Yuti-Niyama-e-Sayuri-Tanaka.jpg 2000w\" sizes=\"auto, (max-width: 1024px) 100vw, 1024px\" \/><figcaption class=\"wp-element-caption\">Yuti Niyama e Sayuri Tanaka<\/figcaption><\/figure>\n\n\n\n<figure class=\"wp-block-image size-large\"><img loading=\"lazy\" decoding=\"async\" width=\"1024\" height=\"682\" data-id=\"7660\" src=\"https:\/\/newblogs.correiobraziliense.com.br\/vivabrasilia\/wp-content\/uploads\/sites\/4\/2026\/08\/Luiz-Ros-e-Thaise-Dias-1024x682.jpg\" alt=\"\" class=\"wp-image-7660\" srcset=\"https:\/\/newblogs.correiobraziliense.com.br\/vivabrasilia\/wp-content\/uploads\/sites\/4\/2026\/08\/Luiz-Ros-e-Thaise-Dias-1024x682.jpg 1024w, https:\/\/newblogs.correiobraziliense.com.br\/vivabrasilia\/wp-content\/uploads\/sites\/4\/2026\/08\/Luiz-Ros-e-Thaise-Dias-300x200.jpg 300w, https:\/\/newblogs.correiobraziliense.com.br\/vivabrasilia\/wp-content\/uploads\/sites\/4\/2026\/08\/Luiz-Ros-e-Thaise-Dias-768x512.jpg 768w, https:\/\/newblogs.correiobraziliense.com.br\/vivabrasilia\/wp-content\/uploads\/sites\/4\/2026\/08\/Luiz-Ros-e-Thaise-Dias-1536x1024.jpg 1536w, https:\/\/newblogs.correiobraziliense.com.br\/vivabrasilia\/wp-content\/uploads\/sites\/4\/2026\/08\/Luiz-Ros-e-Thaise-Dias.jpg 2000w\" sizes=\"auto, (max-width: 1024px) 100vw, 1024px\" \/><figcaption class=\"wp-element-caption\">Luiz Ros e Thaise Dias<\/figcaption><\/figure>\n<\/figure>\n<\/div>\n\t\t\t<div class=\"slider-nav\">\n\t\t\t\t<button class=\"prev\">\n\t\t\t\t<svg xmlns=\"http:\/\/www.w3.org\/2000\/svg\" width=\"26\" height=\"45\" viewBox=\"0 0 26 45\" fill=\"none\">\n\t\t\t\t<path d=\"M24.9118 0.990519C25.5461 1.62494 25.9023 2.48528 25.9023 3.38235C25.9023 4.27943 25.5461 5.13977 24.9118 5.77419L8.16559 22.5204L24.9118 39.2667C25.5281 39.9047 25.8691 40.7593 25.8614 41.6463C25.8537 42.5334 25.4979 43.3819 24.8706 44.0091C24.2434 44.6364 23.3948 44.9922 22.5078 44.9999C21.6208 45.0076 20.7662 44.6666 20.1282 44.0503L0.990082 24.9123C0.355853 24.2778 -0.000438023 23.4175 -0.000438023 22.5204C-0.000438023 21.6234 0.355853 20.763 0.990082 20.1286L20.1282 0.990519C20.7626 0.35629 21.6229 0 22.52 0C23.4171 0 24.2774 0.35629 24.9118 0.990519Z\" fill=\"white\" fill-opacity=\"0.7\"><\/path>\n\t\t\t\t<\/svg>\n\t\t\t\t<\/button>\n\t\t\t\t<button class=\"next\">\n\t\t\t\t<svg xmlns=\"http:\/\/www.w3.org\/2000\/svg\" width=\"26\" height=\"45\" viewBox=\"0 0 26 45\" fill=\"none\">\n\t\t\t\t<path d=\"M0.99052 0.990519C0.356291 1.62494 0 2.48528 0 3.38235C0 4.27943 0.356291 5.13977 0.99052 5.77419L17.7368 22.5204L0.99052 39.2667C0.374265 39.9047 0.0332682 40.7593 0.0409763 41.6463C0.0486844 42.5334 0.40448 43.3819 1.03173 44.0091C1.65898 44.6364 2.5075 44.9922 3.39453 44.9999C4.28156 45.0076 5.13613 44.6666 5.77419 44.0503L24.9123 24.9123C25.5465 24.2778 25.9028 23.4175 25.9028 22.5204C25.9028 21.6234 25.5465 20.763 24.9123 20.1286L5.77419 0.990519C5.13977 0.35629 4.27943 0 3.38235 0C2.48528 0 1.62494 0.35629 0.99052 0.990519Z\" fill=\"white\" fill-opacity=\"0.7\"><\/path>\n\t\t\t\t<\/svg>\n\t\t\t\t<\/button>\n\t\t\t<\/div>\n\t\t\t<div class=\"slider-dots\"><\/div>\n\t\t\t<\/div>","protected":false},"excerpt":{"rendered":"<p>Fundado pelo chef Rodrigo Melo, o restaurante comemorou a ocasi\u00e3o e apresentou novidades no card\u00e1pio em um jantar de celebra\u00e7\u00e3o na sede da 403 Norte<\/p>\n","protected":false},"author":7,"featured_media":7596,"comment_status":"closed","ping_status":"open","sticky":false,"template":"","format":"standard","meta":{"_acf_changed":false,"inline_featured_image":false,"footnotes":""},"categories":[361],"tags":[45,9,867,950],"class_list":["post-7609","post","type-post","status-publish","format-standard","has-post-thumbnail","hentry","category-gastronomia","tag-aniversario","tag-brasilia","tag-restaurante","tag-social"],"acf":[],"yoast_head":"<!-- This site is optimized with the Yoast SEO plugin v28.1 - https:\/\/yoast.com\/product\/yoast-seo-wordpress\/ -->\n<title>Cantucci Osteria brinda aos 15 anos de gastronomia italiana e nova fase da casa - Viva Bras\u00edlia<\/title>\n<meta name=\"robots\" content=\"index, follow, max-snippet:-1, max-image-preview:large, max-video-preview:-1\" \/>\n<link rel=\"canonical\" href=\"https:\/\/newblogs.correiobraziliense.com.br\/vivabrasilia\/cantucci-osteria-brinda-aos-15-anos-de-gastronomia-italiana-e-nova-fase-da-casa\/\" \/>\n<meta property=\"og:locale\" content=\"pt_BR\" \/>\n<meta property=\"og:type\" content=\"article\" \/>\n<meta property=\"og:title\" content=\"Cantucci Osteria brinda aos 15 anos de gastronomia italiana e nova fase da casa - Viva Bras\u00edlia\" \/>\n<meta property=\"og:description\" content=\"Fundado pelo chef Rodrigo Melo, o restaurante comemorou a ocasi\u00e3o e apresentou novidades no card\u00e1pio em um jantar de celebra\u00e7\u00e3o na sede da 403 Norte\" \/>\n<meta property=\"og:url\" content=\"https:\/\/newblogs.correiobraziliense.com.br\/vivabrasilia\/cantucci-osteria-brinda-aos-15-anos-de-gastronomia-italiana-e-nova-fase-da-casa\/\" \/>\n<meta property=\"og:site_name\" content=\"Viva Bras\u00edlia\" \/>\n<meta property=\"article:published_time\" content=\"2026-08-26T15:38:42+00:00\" \/>\n<meta property=\"article:modified_time\" content=\"2026-08-26T15:40:03+00:00\" \/>\n<meta property=\"og:image\" content=\"https:\/\/newblogs.correiobraziliense.com.br\/vivabrasilia\/wp-content\/uploads\/sites\/4\/2026\/08\/11-Joao-Paulo-Morais-Tarso-Frota-Neto-Andrei-Prates-Rodrigo-Melo-e-Guilherme-Sordi.jpg\" \/>\n\t<meta property=\"og:image:width\" content=\"2000\" \/>\n\t<meta property=\"og:image:height\" content=\"1333\" \/>\n\t<meta property=\"og:image:type\" content=\"image\/jpeg\" \/>\n<meta name=\"author\" content=\"Mariana Campos\" \/>\n<!-- \/ Yoast SEO plugin. -->","yoast_head_json":{"title":"Cantucci Osteria brinda aos 15 anos de gastronomia italiana e nova fase da casa - Viva Bras\u00edlia","robots":{"index":"index","follow":"follow","max-snippet":"max-snippet:-1","max-image-preview":"max-image-preview:large","max-video-preview":"max-video-preview:-1"},"canonical":"https:\/\/newblogs.correiobraziliense.com.br\/vivabrasilia\/cantucci-osteria-brinda-aos-15-anos-de-gastronomia-italiana-e-nova-fase-da-casa\/","og_locale":"pt_BR","og_type":"article","og_title":"Cantucci Osteria brinda aos 15 anos de gastronomia italiana e nova fase da casa - Viva Bras\u00edlia","og_description":"Fundado pelo chef Rodrigo Melo, o restaurante comemorou a ocasi\u00e3o e apresentou novidades no card\u00e1pio em um jantar de celebra\u00e7\u00e3o na sede da 403 Norte","og_url":"https:\/\/newblogs.correiobraziliense.com.br\/vivabrasilia\/cantucci-osteria-brinda-aos-15-anos-de-gastronomia-italiana-e-nova-fase-da-casa\/","og_site_name":"Viva Bras\u00edlia","article_published_time":"2026-08-26T15:38:42+00:00","article_modified_time":"2026-08-26T15:40:03+00:00","og_image":[{"width":2000,"height":1333,"url":"https:\/\/newblogs.correiobraziliense.com.br\/vivabrasilia\/wp-content\/uploads\/sites\/4\/2026\/08\/11-Joao-Paulo-Morais-Tarso-Frota-Neto-Andrei-Prates-Rodrigo-Melo-e-Guilherme-Sordi.jpg","type":"image\/jpeg"}],"author":"Mariana Campos","schema":{"@context":"https:\/\/schema.org","@graph":[{"@type":"Article","@id":"https:\/\/newblogs.correiobraziliense.com.br\/vivabrasilia\/cantucci-osteria-brinda-aos-15-anos-de-gastronomia-italiana-e-nova-fase-da-casa\/#article","isPartOf":{"@id":"https:\/\/newblogs.correiobraziliense.com.br\/vivabrasilia\/cantucci-osteria-brinda-aos-15-anos-de-gastronomia-italiana-e-nova-fase-da-casa\/"},"author":{"name":"Mariana Campos","@id":"https:\/\/newblogs.correiobraziliense.com.br\/vivabrasilia\/#\/schema\/person\/018c75775aaa6ead74dde48a78ac7fa1"},"headline":"Cantucci Osteria brinda aos 15 anos de gastronomia italiana e nova fase da casa","datePublished":"2026-08-26T15:38:42+00:00","dateModified":"2026-08-26T15:40:03+00:00","mainEntityOfPage":{"@id":"https:\/\/newblogs.correiobraziliense.com.br\/vivabrasilia\/cantucci-osteria-brinda-aos-15-anos-de-gastronomia-italiana-e-nova-fase-da-casa\/"},"wordCount":426,"image":{"@id":"https:\/\/newblogs.correiobraziliense.com.br\/vivabrasilia\/cantucci-osteria-brinda-aos-15-anos-de-gastronomia-italiana-e-nova-fase-da-casa\/#primaryimage"},"thumbnailUrl":"https:\/\/newblogs.correiobraziliense.com.br\/vivabrasilia\/wp-content\/uploads\/sites\/4\/2026\/08\/11-Joao-Paulo-Morais-Tarso-Frota-Neto-Andrei-Prates-Rodrigo-Melo-e-Guilherme-Sordi.jpg","keywords":["Anivers\u00e1rio","Bras\u00edlia","Restaurante","Social"],"articleSection":["Gastronomia"],"inLanguage":"pt-BR"},{"@type":"WebPage","@id":"https:\/\/newblogs.correiobraziliense.com.br\/vivabrasilia\/cantucci-osteria-brinda-aos-15-anos-de-gastronomia-italiana-e-nova-fase-da-casa\/","url":"https:\/\/newblogs.correiobraziliense.com.br\/vivabrasilia\/cantucci-osteria-brinda-aos-15-anos-de-gastronomia-italiana-e-nova-fase-da-casa\/","name":"Cantucci Osteria brinda aos 15 anos de gastronomia italiana e nova fase da casa - Viva Bras\u00edlia","isPartOf":{"@id":"https:\/\/newblogs.correiobraziliense.com.br\/vivabrasilia\/#website"},"primaryImageOfPage":{"@id":"https:\/\/newblogs.correiobraziliense.com.br\/vivabrasilia\/cantucci-osteria-brinda-aos-15-anos-de-gastronomia-italiana-e-nova-fase-da-casa\/#primaryimage"},"image":{"@id":"https:\/\/newblogs.correiobraziliense.com.br\/vivabrasilia\/cantucci-osteria-brinda-aos-15-anos-de-gastronomia-italiana-e-nova-fase-da-casa\/#primaryimage"},"thumbnailUrl":"https:\/\/newblogs.correiobraziliense.com.br\/vivabrasilia\/wp-content\/uploads\/sites\/4\/2026\/08\/11-Joao-Paulo-Morais-Tarso-Frota-Neto-Andrei-Prates-Rodrigo-Melo-e-Guilherme-Sordi.jpg","datePublished":"2026-08-26T15:38:42+00:00","dateModified":"2026-08-26T15:40:03+00:00","author":{"@id":"https:\/\/newblogs.correiobraziliense.com.br\/vivabrasilia\/#\/schema\/person\/018c75775aaa6ead74dde48a78ac7fa1"},"breadcrumb":{"@id":"https:\/\/newblogs.correiobraziliense.com.br\/vivabrasilia\/cantucci-osteria-brinda-aos-15-anos-de-gastronomia-italiana-e-nova-fase-da-casa\/#breadcrumb"},"inLanguage":"pt-BR","potentialAction":[{"@type":"ReadAction","target":["https:\/\/newblogs.correiobraziliense.com.br\/vivabrasilia\/cantucci-osteria-brinda-aos-15-anos-de-gastronomia-italiana-e-nova-fase-da-casa\/"]}]},{"@type":"ImageObject","inLanguage":"pt-BR","@id":"https:\/\/newblogs.correiobraziliense.com.br\/vivabrasilia\/cantucci-osteria-brinda-aos-15-anos-de-gastronomia-italiana-e-nova-fase-da-casa\/#primaryimage","url":"https:\/\/newblogs.correiobraziliense.com.br\/vivabrasilia\/wp-content\/uploads\/sites\/4\/2026\/08\/11-Joao-Paulo-Morais-Tarso-Frota-Neto-Andrei-Prates-Rodrigo-Melo-e-Guilherme-Sordi.jpg","contentUrl":"https:\/\/newblogs.correiobraziliense.com.br\/vivabrasilia\/wp-content\/uploads\/sites\/4\/2026\/08\/11-Joao-Paulo-Morais-Tarso-Frota-Neto-Andrei-Prates-Rodrigo-Melo-e-Guilherme-Sordi.jpg","width":2000,"height":1333,"caption":"Jo\u00e3o Paulo Morais, Tarso Frota Neto, Andrei Prates, Rodrigo Melo e Guilherme Sordi"},{"@type":"BreadcrumbList","@id":"https:\/\/newblogs.correiobraziliense.com.br\/vivabrasilia\/cantucci-osteria-brinda-aos-15-anos-de-gastronomia-italiana-e-nova-fase-da-casa\/#breadcrumb","itemListElement":[{"@type":"ListItem","position":1,"name":"In\u00edcio","item":"https:\/\/newblogs.correiobraziliense.com.br\/vivabrasilia\/"},{"@type":"ListItem","position":2,"name":"Cantucci Osteria brinda aos 15 anos de gastronomia italiana e nova fase da casa"}]},{"@type":"WebSite","@id":"https:\/\/newblogs.correiobraziliense.com.br\/vivabrasilia\/#website","url":"https:\/\/newblogs.correiobraziliense.com.br\/vivabrasilia\/","name":"Viva Bras\u00edlia","description":"Coluna de estilo de vida","potentialAction":[{"@type":"SearchAction","target":{"@type":"EntryPoint","urlTemplate":"https:\/\/newblogs.correiobraziliense.com.br\/vivabrasilia\/?s={search_term_string}"},"query-input":{"@type":"PropertyValueSpecification","valueRequired":true,"valueName":"search_term_string"}}],"inLanguage":"pt-BR"},{"@type":"Person","@id":"https:\/\/newblogs.correiobraziliense.com.br\/vivabrasilia\/#\/schema\/person\/018c75775aaa6ead74dde48a78ac7fa1","name":"Mariana Campos","image":{"@type":"ImageObject","inLanguage":"pt-BR","@id":"https:\/\/secure.gravatar.com\/avatar\/97cd13271bc36c11415a45e9f8192828452de6a8c0e24857edbf96d21752260f?s=96&d=mm&r=g","url":"https:\/\/secure.gravatar.com\/avatar\/97cd13271bc36c11415a45e9f8192828452de6a8c0e24857edbf96d21752260f?s=96&d=mm&r=g","contentUrl":"https:\/\/secure.gravatar.com\/avatar\/97cd13271bc36c11415a45e9f8192828452de6a8c0e24857edbf96d21752260f?s=96&d=mm&r=g","caption":"Mariana Campos"},"description":"Colunista da Viva Bras\u00edlia, Mariana escreve e fotografa para a coluna, unindo o jornalismo escrito e fotogr\u00e1fico para mostrar que a capital \u00e9 uma cidade viva que n\u00e3o se resume apenas ao poder. Tamb\u00e9m faz a cobertura de moda para seu blog, Pliss\u00ea, e para as redes sociais do Correio. \u00c9 formada em Publicidade e Propaganda, e cursa Jornalismo.","sameAs":["http:\/\/newblogs.correiobraziliense.com\/plisse","https:\/\/www.instagram.com\/marigrigori"],"url":"https:\/\/newblogs.correiobraziliense.com.br\/vivabrasilia\/author\/marivivabrasilia\/"}]}},"_links":{"self":[{"href":"https:\/\/newblogs.correiobraziliense.com.br\/vivabrasilia\/wp-json\/wp\/v2\/posts\/7609","targetHints":{"allow":["GET"]}}],"collection":[{"href":"https:\/\/newblogs.correiobraziliense.com.br\/vivabrasilia\/wp-json\/wp\/v2\/posts"}],"about":[{"href":"https:\/\/newblogs.correiobraziliense.com.br\/vivabrasilia\/wp-json\/wp\/v2\/types\/post"}],"author":[{"embeddable":true,"href":"https:\/\/newblogs.correiobraziliense.com.br\/vivabrasilia\/wp-json\/wp\/v2\/users\/7"}],"replies":[{"embeddable":true,"href":"https:\/\/newblogs.correiobraziliense.com.br\/vivabrasilia\/wp-json\/wp\/v2\/comments?post=7609"}],"version-history":[{"count":2,"href":"https:\/\/newblogs.correiobraziliense.com.br\/vivabrasilia\/wp-json\/wp\/v2\/posts\/7609\/revisions"}],"predecessor-version":[{"id":7666,"href":"https:\/\/newblogs.correiobraziliense.com.br\/vivabrasilia\/wp-json\/wp\/v2\/posts\/7609\/revisions\/7666"}],"wp:featuredmedia":[{"embeddable":true,"href":"https:\/\/newblogs.correiobraziliense.com.br\/vivabrasilia\/wp-json\/wp\/v2\/media\/7596"}],"wp:attachment":[{"href":"https:\/\/newblogs.correiobraziliense.com.br\/vivabrasilia\/wp-json\/wp\/v2\/media?parent=7609"}],"wp:term":[{"taxonomy":"category","embeddable":true,"href":"https:\/\/newblogs.correiobraziliense.com.br\/vivabrasilia\/wp-json\/wp\/v2\/categories?post=7609"},{"taxonomy":"post_tag","embeddable":true,"href":"https:\/\/newblogs.correiobraziliense.com.br\/vivabrasilia\/wp-json\/wp\/v2\/tags?post=7609"}],"curies":[{"name":"wp","href":"https:\/\/api.w.org\/{rel}","templated":true}]}}