{"id":6405,"date":"2026-05-02T03:05:27","date_gmt":"2026-05-02T06:05:27","guid":{"rendered":"https:\/\/newblogs.correiobraziliense.com.br\/vivabrasilia\/?p=6405"},"modified":"2026-05-02T03:05:30","modified_gmt":"2026-05-02T06:05:30","slug":"anchieta-unique-inaugura-com-atendimento-oncologico-personalizado-e-humanizado","status":"publish","type":"post","link":"https:\/\/newblogs.correiobraziliense.com.br\/vivabrasilia\/anchieta-unique-inaugura-com-atendimento-oncologico-personalizado-e-humanizado\/","title":{"rendered":"Anchieta Unique inaugura com atendimento oncol\u00f3gico personalizado e humanizado"},"content":{"rendered":"\n<p>O coquetel de abertura da Anchieta Unique marcou a apresenta\u00e7\u00e3o da nova unidade oncol\u00f3gica do Hospital Anchieta, localizada na 707\/907 Sul, que passa a integrar a rede Kora Sa\u00fade. Durante a noite, m\u00e9dicos, parceiros e profissionais da sa\u00fade conheceram a proposta do espa\u00e7o, que aposta em atendimento personalizado, tecnologia de ponta e uma jornada mais humanizada para o paciente. A unidade conta com estrutura exclusiva, incluindo leitos e boxes privativos, al\u00e9m de servi\u00e7os diferenciados como concierge, enxoval e nutri\u00e7\u00e3o, refor\u00e7ando o cuidado integral.<\/p>\n\n\n<div class=\"slider-wrapper\"><div class=\"slider\">\n<figure class=\"wp-block-gallery has-nested-images columns-default is-cropped wp-block-gallery-1 is-layout-flex wp-block-gallery-is-layout-flex\">\n<figure class=\"wp-block-image size-large\"><img loading=\"lazy\" decoding=\"async\" width=\"1024\" height=\"687\" data-id=\"6387\" src=\"https:\/\/newblogs.correiobraziliense.com.br\/vivabrasilia\/wp-content\/uploads\/sites\/4\/2026\/05\/2-Dario-Ferreira-Herika-Freitas-e-Frederico-Magalhaes-1024x687.jpg\" alt=\"\" class=\"wp-image-6387\" srcset=\"https:\/\/newblogs.correiobraziliense.com.br\/vivabrasilia\/wp-content\/uploads\/sites\/4\/2026\/05\/2-Dario-Ferreira-Herika-Freitas-e-Frederico-Magalhaes-1024x687.jpg 1024w, https:\/\/newblogs.correiobraziliense.com.br\/vivabrasilia\/wp-content\/uploads\/sites\/4\/2026\/05\/2-Dario-Ferreira-Herika-Freitas-e-Frederico-Magalhaes-300x201.jpg 300w, https:\/\/newblogs.correiobraziliense.com.br\/vivabrasilia\/wp-content\/uploads\/sites\/4\/2026\/05\/2-Dario-Ferreira-Herika-Freitas-e-Frederico-Magalhaes-768x515.jpg 768w, https:\/\/newblogs.correiobraziliense.com.br\/vivabrasilia\/wp-content\/uploads\/sites\/4\/2026\/05\/2-Dario-Ferreira-Herika-Freitas-e-Frederico-Magalhaes-1536x1030.jpg 1536w, https:\/\/newblogs.correiobraziliense.com.br\/vivabrasilia\/wp-content\/uploads\/sites\/4\/2026\/05\/2-Dario-Ferreira-Herika-Freitas-e-Frederico-Magalhaes.jpg 2000w\" sizes=\"auto, (max-width: 1024px) 100vw, 1024px\" \/><figcaption class=\"wp-element-caption\">28.04.2026. Viva Bras\u00edlia. Mariana Campos CB D.A Press. Dario Ferreira, Herika Freitas e Frederico Magalh\u00e3es<\/figcaption><\/figure>\n\n\n\n<figure class=\"wp-block-image size-large\"><img loading=\"lazy\" decoding=\"async\" width=\"1024\" height=\"682\" data-id=\"6388\" src=\"https:\/\/newblogs.correiobraziliense.com.br\/vivabrasilia\/wp-content\/uploads\/sites\/4\/2026\/05\/3-Marcelo-Reis-e-Clodoaldo-Abreu-1024x682.jpg\" alt=\"\" class=\"wp-image-6388\" srcset=\"https:\/\/newblogs.correiobraziliense.com.br\/vivabrasilia\/wp-content\/uploads\/sites\/4\/2026\/05\/3-Marcelo-Reis-e-Clodoaldo-Abreu-1024x682.jpg 1024w, https:\/\/newblogs.correiobraziliense.com.br\/vivabrasilia\/wp-content\/uploads\/sites\/4\/2026\/05\/3-Marcelo-Reis-e-Clodoaldo-Abreu-300x200.jpg 300w, https:\/\/newblogs.correiobraziliense.com.br\/vivabrasilia\/wp-content\/uploads\/sites\/4\/2026\/05\/3-Marcelo-Reis-e-Clodoaldo-Abreu-768x512.jpg 768w, https:\/\/newblogs.correiobraziliense.com.br\/vivabrasilia\/wp-content\/uploads\/sites\/4\/2026\/05\/3-Marcelo-Reis-e-Clodoaldo-Abreu-1536x1024.jpg 1536w, https:\/\/newblogs.correiobraziliense.com.br\/vivabrasilia\/wp-content\/uploads\/sites\/4\/2026\/05\/3-Marcelo-Reis-e-Clodoaldo-Abreu.jpg 2000w\" sizes=\"auto, (max-width: 1024px) 100vw, 1024px\" \/><figcaption class=\"wp-element-caption\">28.04.2026. Viva Bras\u00edlia. Mariana Campos CB D.A Press. Marcelo Reis e Clodoaldo Abreu<\/figcaption><\/figure>\n\n\n\n<figure class=\"wp-block-image size-large\"><img loading=\"lazy\" decoding=\"async\" width=\"1024\" height=\"682\" data-id=\"6389\" src=\"https:\/\/newblogs.correiobraziliense.com.br\/vivabrasilia\/wp-content\/uploads\/sites\/4\/2026\/05\/4-Edson-DAvila-e-Marina-Sousa-1024x682.jpg\" alt=\"\" class=\"wp-image-6389\" srcset=\"https:\/\/newblogs.correiobraziliense.com.br\/vivabrasilia\/wp-content\/uploads\/sites\/4\/2026\/05\/4-Edson-DAvila-e-Marina-Sousa-1024x682.jpg 1024w, https:\/\/newblogs.correiobraziliense.com.br\/vivabrasilia\/wp-content\/uploads\/sites\/4\/2026\/05\/4-Edson-DAvila-e-Marina-Sousa-300x200.jpg 300w, https:\/\/newblogs.correiobraziliense.com.br\/vivabrasilia\/wp-content\/uploads\/sites\/4\/2026\/05\/4-Edson-DAvila-e-Marina-Sousa-768x512.jpg 768w, https:\/\/newblogs.correiobraziliense.com.br\/vivabrasilia\/wp-content\/uploads\/sites\/4\/2026\/05\/4-Edson-DAvila-e-Marina-Sousa-1536x1024.jpg 1536w, https:\/\/newblogs.correiobraziliense.com.br\/vivabrasilia\/wp-content\/uploads\/sites\/4\/2026\/05\/4-Edson-DAvila-e-Marina-Sousa.jpg 2000w\" sizes=\"auto, (max-width: 1024px) 100vw, 1024px\" \/><figcaption class=\"wp-element-caption\">28.04.2026. Viva Bras\u00edlia. Mariana Campos CB D.A Press. Edson D\u2019Avila e Marina Sousa<\/figcaption><\/figure>\n\n\n\n<figure class=\"wp-block-image size-large\"><img loading=\"lazy\" decoding=\"async\" width=\"1024\" height=\"682\" data-id=\"6390\" src=\"https:\/\/newblogs.correiobraziliense.com.br\/vivabrasilia\/wp-content\/uploads\/sites\/4\/2026\/05\/5-Carlos-Tadeu-Joao-Victor-Campos-e-Marcelo-Uchoa-1024x682.jpg\" alt=\"\" class=\"wp-image-6390\" srcset=\"https:\/\/newblogs.correiobraziliense.com.br\/vivabrasilia\/wp-content\/uploads\/sites\/4\/2026\/05\/5-Carlos-Tadeu-Joao-Victor-Campos-e-Marcelo-Uchoa-1024x682.jpg 1024w, https:\/\/newblogs.correiobraziliense.com.br\/vivabrasilia\/wp-content\/uploads\/sites\/4\/2026\/05\/5-Carlos-Tadeu-Joao-Victor-Campos-e-Marcelo-Uchoa-300x200.jpg 300w, https:\/\/newblogs.correiobraziliense.com.br\/vivabrasilia\/wp-content\/uploads\/sites\/4\/2026\/05\/5-Carlos-Tadeu-Joao-Victor-Campos-e-Marcelo-Uchoa-768x512.jpg 768w, https:\/\/newblogs.correiobraziliense.com.br\/vivabrasilia\/wp-content\/uploads\/sites\/4\/2026\/05\/5-Carlos-Tadeu-Joao-Victor-Campos-e-Marcelo-Uchoa-1536x1024.jpg 1536w, https:\/\/newblogs.correiobraziliense.com.br\/vivabrasilia\/wp-content\/uploads\/sites\/4\/2026\/05\/5-Carlos-Tadeu-Joao-Victor-Campos-e-Marcelo-Uchoa.jpg 2000w\" sizes=\"auto, (max-width: 1024px) 100vw, 1024px\" \/><figcaption class=\"wp-element-caption\">28.04.2026. Viva Bras\u00edlia. Mariana Campos CB D.A Press. Carlos Tadeu, Jo\u00e3o Victor Campos e Marcelo Uchoa<\/figcaption><\/figure>\n\n\n\n<figure class=\"wp-block-image size-large\"><img loading=\"lazy\" decoding=\"async\" width=\"1024\" height=\"682\" data-id=\"6411\" src=\"https:\/\/newblogs.correiobraziliense.com.br\/vivabrasilia\/wp-content\/uploads\/sites\/4\/2026\/05\/5-Marcelo-Reis-Dario-Ferreira-Simone-Riguetti-Herika-Freitas-e-Frederico-Magalhaes-1024x682.jpg\" alt=\"\" class=\"wp-image-6411\" srcset=\"https:\/\/newblogs.correiobraziliense.com.br\/vivabrasilia\/wp-content\/uploads\/sites\/4\/2026\/05\/5-Marcelo-Reis-Dario-Ferreira-Simone-Riguetti-Herika-Freitas-e-Frederico-Magalhaes-1024x682.jpg 1024w, https:\/\/newblogs.correiobraziliense.com.br\/vivabrasilia\/wp-content\/uploads\/sites\/4\/2026\/05\/5-Marcelo-Reis-Dario-Ferreira-Simone-Riguetti-Herika-Freitas-e-Frederico-Magalhaes-300x200.jpg 300w, https:\/\/newblogs.correiobraziliense.com.br\/vivabrasilia\/wp-content\/uploads\/sites\/4\/2026\/05\/5-Marcelo-Reis-Dario-Ferreira-Simone-Riguetti-Herika-Freitas-e-Frederico-Magalhaes-768x512.jpg 768w, https:\/\/newblogs.correiobraziliense.com.br\/vivabrasilia\/wp-content\/uploads\/sites\/4\/2026\/05\/5-Marcelo-Reis-Dario-Ferreira-Simone-Riguetti-Herika-Freitas-e-Frederico-Magalhaes-1536x1024.jpg 1536w, https:\/\/newblogs.correiobraziliense.com.br\/vivabrasilia\/wp-content\/uploads\/sites\/4\/2026\/05\/5-Marcelo-Reis-Dario-Ferreira-Simone-Riguetti-Herika-Freitas-e-Frederico-Magalhaes.jpg 2000w\" sizes=\"auto, (max-width: 1024px) 100vw, 1024px\" \/><figcaption class=\"wp-element-caption\">28.04.2026. Viva Bras\u00edlia. Mariana Campos CB D.A Press. Marcelo Reis, Dario Ferreira, Simone Riguetti, Herika Freitas e Frederico Magalh\u00e3es<\/figcaption><\/figure>\n\n\n\n<figure class=\"wp-block-image size-large\"><img loading=\"lazy\" decoding=\"async\" width=\"1024\" height=\"682\" data-id=\"6412\" src=\"https:\/\/newblogs.correiobraziliense.com.br\/vivabrasilia\/wp-content\/uploads\/sites\/4\/2026\/05\/Vanessa-Borges-Carlos-Tadeu-Joao-Victor-Campos-Marcelo-Uchoa-Ronei-Valera-e-Fernanda-Nicolau-1024x682.jpg\" alt=\"\" class=\"wp-image-6412\" srcset=\"https:\/\/newblogs.correiobraziliense.com.br\/vivabrasilia\/wp-content\/uploads\/sites\/4\/2026\/05\/Vanessa-Borges-Carlos-Tadeu-Joao-Victor-Campos-Marcelo-Uchoa-Ronei-Valera-e-Fernanda-Nicolau-1024x682.jpg 1024w, https:\/\/newblogs.correiobraziliense.com.br\/vivabrasilia\/wp-content\/uploads\/sites\/4\/2026\/05\/Vanessa-Borges-Carlos-Tadeu-Joao-Victor-Campos-Marcelo-Uchoa-Ronei-Valera-e-Fernanda-Nicolau-300x200.jpg 300w, https:\/\/newblogs.correiobraziliense.com.br\/vivabrasilia\/wp-content\/uploads\/sites\/4\/2026\/05\/Vanessa-Borges-Carlos-Tadeu-Joao-Victor-Campos-Marcelo-Uchoa-Ronei-Valera-e-Fernanda-Nicolau-768x512.jpg 768w, https:\/\/newblogs.correiobraziliense.com.br\/vivabrasilia\/wp-content\/uploads\/sites\/4\/2026\/05\/Vanessa-Borges-Carlos-Tadeu-Joao-Victor-Campos-Marcelo-Uchoa-Ronei-Valera-e-Fernanda-Nicolau-1536x1024.jpg 1536w, https:\/\/newblogs.correiobraziliense.com.br\/vivabrasilia\/wp-content\/uploads\/sites\/4\/2026\/05\/Vanessa-Borges-Carlos-Tadeu-Joao-Victor-Campos-Marcelo-Uchoa-Ronei-Valera-e-Fernanda-Nicolau.jpg 2000w\" sizes=\"auto, (max-width: 1024px) 100vw, 1024px\" \/><figcaption class=\"wp-element-caption\">28.04.2026. Viva Bras\u00edlia. Mariana Campos CB D.A Press. Vanessa Borges, Carlos Tadeu, Jo\u00e3o Victor Campos, Marcelo Uchoa, Ronei Valera e Fernanda Nicolau<\/figcaption><\/figure>\n<\/figure>\n<\/div>\n\t\t\t<div class=\"slider-nav\">\n\t\t\t\t<button class=\"prev\">\n\t\t\t\t<svg xmlns=\"http:\/\/www.w3.org\/2000\/svg\" width=\"26\" height=\"45\" viewBox=\"0 0 26 45\" fill=\"none\">\n\t\t\t\t<path d=\"M24.9118 0.990519C25.5461 1.62494 25.9023 2.48528 25.9023 3.38235C25.9023 4.27943 25.5461 5.13977 24.9118 5.77419L8.16559 22.5204L24.9118 39.2667C25.5281 39.9047 25.8691 40.7593 25.8614 41.6463C25.8537 42.5334 25.4979 43.3819 24.8706 44.0091C24.2434 44.6364 23.3948 44.9922 22.5078 44.9999C21.6208 45.0076 20.7662 44.6666 20.1282 44.0503L0.990082 24.9123C0.355853 24.2778 -0.000438023 23.4175 -0.000438023 22.5204C-0.000438023 21.6234 0.355853 20.763 0.990082 20.1286L20.1282 0.990519C20.7626 0.35629 21.6229 0 22.52 0C23.4171 0 24.2774 0.35629 24.9118 0.990519Z\" fill=\"white\" fill-opacity=\"0.7\"><\/path>\n\t\t\t\t<\/svg>\n\t\t\t\t<\/button>\n\t\t\t\t<button class=\"next\">\n\t\t\t\t<svg xmlns=\"http:\/\/www.w3.org\/2000\/svg\" width=\"26\" height=\"45\" viewBox=\"0 0 26 45\" fill=\"none\">\n\t\t\t\t<path d=\"M0.99052 0.990519C0.356291 1.62494 0 2.48528 0 3.38235C0 4.27943 0.356291 5.13977 0.99052 5.77419L17.7368 22.5204L0.99052 39.2667C0.374265 39.9047 0.0332682 40.7593 0.0409763 41.6463C0.0486844 42.5334 0.40448 43.3819 1.03173 44.0091C1.65898 44.6364 2.5075 44.9922 3.39453 44.9999C4.28156 45.0076 5.13613 44.6666 5.77419 44.0503L24.9123 24.9123C25.5465 24.2778 25.9028 23.4175 25.9028 22.5204C25.9028 21.6234 25.5465 20.763 24.9123 20.1286L5.77419 0.990519C5.13977 0.35629 4.27943 0 3.38235 0C2.48528 0 1.62494 0.35629 0.99052 0.990519Z\" fill=\"white\" fill-opacity=\"0.7\"><\/path>\n\t\t\t\t<\/svg>\n\t\t\t\t<\/button>\n\t\t\t<\/div>\n\t\t\t<div class=\"slider-dots\"><\/div>\n\t\t\t<\/div>","protected":false},"excerpt":{"rendered":"<p>A nova unidade do hospital, cuja sede est\u00e1 localizada em Taguatinga, oferece agora tratamento especializado para pacientes oncol\u00f3gicos na Asa Sul<\/p>\n","protected":false},"author":7,"featured_media":6386,"comment_status":"closed","ping_status":"open","sticky":false,"template":"","format":"standard","meta":{"_acf_changed":false,"inline_featured_image":false,"footnotes":""},"categories":[1241],"tags":[1243,9,1244,355,1242,950],"class_list":["post-6405","post","type-post","status-publish","format-standard","has-post-thumbnail","hentry","category-saude","tag-ancheita-unique","tag-brasilia","tag-hospital-anchieta","tag-inauguracao","tag-saude","tag-social"],"acf":[],"yoast_head":"<!-- This site is optimized with the Yoast SEO plugin v27.3 - https:\/\/yoast.com\/product\/yoast-seo-wordpress\/ -->\n<title>Anchieta Unique inaugura com atendimento oncol\u00f3gico personalizado e humanizado - Viva Bras\u00edlia<\/title>\n<meta name=\"robots\" content=\"index, follow, max-snippet:-1, max-image-preview:large, max-video-preview:-1\" \/>\n<link rel=\"canonical\" href=\"https:\/\/newblogs.correiobraziliense.com.br\/vivabrasilia\/anchieta-unique-inaugura-com-atendimento-oncologico-personalizado-e-humanizado\/\" \/>\n<meta property=\"og:locale\" content=\"pt_BR\" \/>\n<meta property=\"og:type\" content=\"article\" \/>\n<meta property=\"og:title\" content=\"Anchieta Unique inaugura com atendimento oncol\u00f3gico personalizado e humanizado - Viva Bras\u00edlia\" \/>\n<meta property=\"og:description\" content=\"A nova unidade do hospital, cuja sede est\u00e1 localizada em Taguatinga, oferece agora tratamento especializado para pacientes oncol\u00f3gicos na Asa Sul\" \/>\n<meta property=\"og:url\" content=\"https:\/\/newblogs.correiobraziliense.com.br\/vivabrasilia\/anchieta-unique-inaugura-com-atendimento-oncologico-personalizado-e-humanizado\/\" \/>\n<meta property=\"og:site_name\" content=\"Viva Bras\u00edlia\" \/>\n<meta property=\"article:published_time\" content=\"2026-05-02T06:05:27+00:00\" \/>\n<meta property=\"article:modified_time\" content=\"2026-05-02T06:05:30+00:00\" \/>\n<meta property=\"og:image\" content=\"https:\/\/newblogs.correiobraziliense.com.br\/vivabrasilia\/wp-content\/uploads\/sites\/4\/2026\/05\/1-Fernanda-Nicolau-Simone-Riguetti-e-Marcio-Machado.jpg\" \/>\n\t<meta property=\"og:image:width\" content=\"2000\" \/>\n\t<meta property=\"og:image:height\" content=\"1333\" \/>\n\t<meta property=\"og:image:type\" content=\"image\/jpeg\" \/>\n<meta name=\"author\" content=\"Mariana Campos\" \/>\n<!-- \/ Yoast SEO plugin. -->","yoast_head_json":{"title":"Anchieta Unique inaugura com atendimento oncol\u00f3gico personalizado e humanizado - Viva Bras\u00edlia","robots":{"index":"index","follow":"follow","max-snippet":"max-snippet:-1","max-image-preview":"max-image-preview:large","max-video-preview":"max-video-preview:-1"},"canonical":"https:\/\/newblogs.correiobraziliense.com.br\/vivabrasilia\/anchieta-unique-inaugura-com-atendimento-oncologico-personalizado-e-humanizado\/","og_locale":"pt_BR","og_type":"article","og_title":"Anchieta Unique inaugura com atendimento oncol\u00f3gico personalizado e humanizado - Viva Bras\u00edlia","og_description":"A nova unidade do hospital, cuja sede est\u00e1 localizada em Taguatinga, oferece agora tratamento especializado para pacientes oncol\u00f3gicos na Asa Sul","og_url":"https:\/\/newblogs.correiobraziliense.com.br\/vivabrasilia\/anchieta-unique-inaugura-com-atendimento-oncologico-personalizado-e-humanizado\/","og_site_name":"Viva Bras\u00edlia","article_published_time":"2026-05-02T06:05:27+00:00","article_modified_time":"2026-05-02T06:05:30+00:00","og_image":[{"width":2000,"height":1333,"url":"https:\/\/newblogs.correiobraziliense.com.br\/vivabrasilia\/wp-content\/uploads\/sites\/4\/2026\/05\/1-Fernanda-Nicolau-Simone-Riguetti-e-Marcio-Machado.jpg","type":"image\/jpeg"}],"author":"Mariana Campos","schema":{"@context":"https:\/\/schema.org","@graph":[{"@type":"Article","@id":"https:\/\/newblogs.correiobraziliense.com.br\/vivabrasilia\/anchieta-unique-inaugura-com-atendimento-oncologico-personalizado-e-humanizado\/#article","isPartOf":{"@id":"https:\/\/newblogs.correiobraziliense.com.br\/vivabrasilia\/anchieta-unique-inaugura-com-atendimento-oncologico-personalizado-e-humanizado\/"},"author":{"name":"Mariana Campos","@id":"https:\/\/newblogs.correiobraziliense.com.br\/vivabrasilia\/#\/schema\/person\/018c75775aaa6ead74dde48a78ac7fa1"},"headline":"Anchieta Unique inaugura com atendimento oncol\u00f3gico personalizado e humanizado","datePublished":"2026-05-02T06:05:27+00:00","dateModified":"2026-05-02T06:05:30+00:00","mainEntityOfPage":{"@id":"https:\/\/newblogs.correiobraziliense.com.br\/vivabrasilia\/anchieta-unique-inaugura-com-atendimento-oncologico-personalizado-e-humanizado\/"},"wordCount":211,"image":{"@id":"https:\/\/newblogs.correiobraziliense.com.br\/vivabrasilia\/anchieta-unique-inaugura-com-atendimento-oncologico-personalizado-e-humanizado\/#primaryimage"},"thumbnailUrl":"https:\/\/newblogs.correiobraziliense.com.br\/vivabrasilia\/wp-content\/uploads\/sites\/4\/2026\/05\/1-Fernanda-Nicolau-Simone-Riguetti-e-Marcio-Machado.jpg","keywords":["Ancheita Unique","Bras\u00edlia","Hospital Anchieta","Inaugura\u00e7\u00e3o","Sa\u00fade","Social"],"articleSection":["Sa\u00fade"],"inLanguage":"pt-BR"},{"@type":"WebPage","@id":"https:\/\/newblogs.correiobraziliense.com.br\/vivabrasilia\/anchieta-unique-inaugura-com-atendimento-oncologico-personalizado-e-humanizado\/","url":"https:\/\/newblogs.correiobraziliense.com.br\/vivabrasilia\/anchieta-unique-inaugura-com-atendimento-oncologico-personalizado-e-humanizado\/","name":"Anchieta Unique inaugura com atendimento oncol\u00f3gico personalizado e humanizado - Viva Bras\u00edlia","isPartOf":{"@id":"https:\/\/newblogs.correiobraziliense.com.br\/vivabrasilia\/#website"},"primaryImageOfPage":{"@id":"https:\/\/newblogs.correiobraziliense.com.br\/vivabrasilia\/anchieta-unique-inaugura-com-atendimento-oncologico-personalizado-e-humanizado\/#primaryimage"},"image":{"@id":"https:\/\/newblogs.correiobraziliense.com.br\/vivabrasilia\/anchieta-unique-inaugura-com-atendimento-oncologico-personalizado-e-humanizado\/#primaryimage"},"thumbnailUrl":"https:\/\/newblogs.correiobraziliense.com.br\/vivabrasilia\/wp-content\/uploads\/sites\/4\/2026\/05\/1-Fernanda-Nicolau-Simone-Riguetti-e-Marcio-Machado.jpg","datePublished":"2026-05-02T06:05:27+00:00","dateModified":"2026-05-02T06:05:30+00:00","author":{"@id":"https:\/\/newblogs.correiobraziliense.com.br\/vivabrasilia\/#\/schema\/person\/018c75775aaa6ead74dde48a78ac7fa1"},"breadcrumb":{"@id":"https:\/\/newblogs.correiobraziliense.com.br\/vivabrasilia\/anchieta-unique-inaugura-com-atendimento-oncologico-personalizado-e-humanizado\/#breadcrumb"},"inLanguage":"pt-BR","potentialAction":[{"@type":"ReadAction","target":["https:\/\/newblogs.correiobraziliense.com.br\/vivabrasilia\/anchieta-unique-inaugura-com-atendimento-oncologico-personalizado-e-humanizado\/"]}]},{"@type":"ImageObject","inLanguage":"pt-BR","@id":"https:\/\/newblogs.correiobraziliense.com.br\/vivabrasilia\/anchieta-unique-inaugura-com-atendimento-oncologico-personalizado-e-humanizado\/#primaryimage","url":"https:\/\/newblogs.correiobraziliense.com.br\/vivabrasilia\/wp-content\/uploads\/sites\/4\/2026\/05\/1-Fernanda-Nicolau-Simone-Riguetti-e-Marcio-Machado.jpg","contentUrl":"https:\/\/newblogs.correiobraziliense.com.br\/vivabrasilia\/wp-content\/uploads\/sites\/4\/2026\/05\/1-Fernanda-Nicolau-Simone-Riguetti-e-Marcio-Machado.jpg","width":2000,"height":1333,"caption":"Fernanda Nicolau, Simone Riguetti e Marcio Machado | Foto: Mariana Campos"},{"@type":"BreadcrumbList","@id":"https:\/\/newblogs.correiobraziliense.com.br\/vivabrasilia\/anchieta-unique-inaugura-com-atendimento-oncologico-personalizado-e-humanizado\/#breadcrumb","itemListElement":[{"@type":"ListItem","position":1,"name":"In\u00edcio","item":"https:\/\/newblogs.correiobraziliense.com.br\/vivabrasilia\/"},{"@type":"ListItem","position":2,"name":"Anchieta Unique inaugura com atendimento oncol\u00f3gico personalizado e humanizado"}]},{"@type":"WebSite","@id":"https:\/\/newblogs.correiobraziliense.com.br\/vivabrasilia\/#website","url":"https:\/\/newblogs.correiobraziliense.com.br\/vivabrasilia\/","name":"Viva Bras\u00edlia","description":"Coluna de estilo de vida","potentialAction":[{"@type":"SearchAction","target":{"@type":"EntryPoint","urlTemplate":"https:\/\/newblogs.correiobraziliense.com.br\/vivabrasilia\/?s={search_term_string}"},"query-input":{"@type":"PropertyValueSpecification","valueRequired":true,"valueName":"search_term_string"}}],"inLanguage":"pt-BR"},{"@type":"Person","@id":"https:\/\/newblogs.correiobraziliense.com.br\/vivabrasilia\/#\/schema\/person\/018c75775aaa6ead74dde48a78ac7fa1","name":"Mariana Campos","image":{"@type":"ImageObject","inLanguage":"pt-BR","@id":"https:\/\/secure.gravatar.com\/avatar\/97cd13271bc36c11415a45e9f8192828452de6a8c0e24857edbf96d21752260f?s=96&d=mm&r=g","url":"https:\/\/secure.gravatar.com\/avatar\/97cd13271bc36c11415a45e9f8192828452de6a8c0e24857edbf96d21752260f?s=96&d=mm&r=g","contentUrl":"https:\/\/secure.gravatar.com\/avatar\/97cd13271bc36c11415a45e9f8192828452de6a8c0e24857edbf96d21752260f?s=96&d=mm&r=g","caption":"Mariana Campos"},"description":"Colunista da Viva Bras\u00edlia, Mariana escreve e fotografa para a coluna. Formada em Comunica\u00e7\u00e3o, aprofundou-se no jornalismo e agora une a escrita com a fotografia para mostrar que a capital \u00e9 uma cidade viva que n\u00e3o se resume ao poder. Tamb\u00e9m faz a cobertura de moda para seu blog, Pliss\u00ea, e para as redes sociais do Correio.","sameAs":["http:\/\/newblogs.correiobraziliense.com\/plisse","https:\/\/www.instagram.com\/marigrigori"],"url":"https:\/\/newblogs.correiobraziliense.com.br\/vivabrasilia\/author\/marivivabrasilia\/"}]}},"_links":{"self":[{"href":"https:\/\/newblogs.correiobraziliense.com.br\/vivabrasilia\/wp-json\/wp\/v2\/posts\/6405","targetHints":{"allow":["GET"]}}],"collection":[{"href":"https:\/\/newblogs.correiobraziliense.com.br\/vivabrasilia\/wp-json\/wp\/v2\/posts"}],"about":[{"href":"https:\/\/newblogs.correiobraziliense.com.br\/vivabrasilia\/wp-json\/wp\/v2\/types\/post"}],"author":[{"embeddable":true,"href":"https:\/\/newblogs.correiobraziliense.com.br\/vivabrasilia\/wp-json\/wp\/v2\/users\/7"}],"replies":[{"embeddable":true,"href":"https:\/\/newblogs.correiobraziliense.com.br\/vivabrasilia\/wp-json\/wp\/v2\/comments?post=6405"}],"version-history":[{"count":1,"href":"https:\/\/newblogs.correiobraziliense.com.br\/vivabrasilia\/wp-json\/wp\/v2\/posts\/6405\/revisions"}],"predecessor-version":[{"id":6413,"href":"https:\/\/newblogs.correiobraziliense.com.br\/vivabrasilia\/wp-json\/wp\/v2\/posts\/6405\/revisions\/6413"}],"wp:featuredmedia":[{"embeddable":true,"href":"https:\/\/newblogs.correiobraziliense.com.br\/vivabrasilia\/wp-json\/wp\/v2\/media\/6386"}],"wp:attachment":[{"href":"https:\/\/newblogs.correiobraziliense.com.br\/vivabrasilia\/wp-json\/wp\/v2\/media?parent=6405"}],"wp:term":[{"taxonomy":"category","embeddable":true,"href":"https:\/\/newblogs.correiobraziliense.com.br\/vivabrasilia\/wp-json\/wp\/v2\/categories?post=6405"},{"taxonomy":"post_tag","embeddable":true,"href":"https:\/\/newblogs.correiobraziliense.com.br\/vivabrasilia\/wp-json\/wp\/v2\/tags?post=6405"}],"curies":[{"name":"wp","href":"https:\/\/api.w.org\/{rel}","templated":true}]}}