{"id":6385,"date":"2026-05-02T03:00:43","date_gmt":"2026-05-02T06:00:43","guid":{"rendered":"https:\/\/newblogs.correiobraziliense.com.br\/vivabrasilia\/?p=6385"},"modified":"2026-05-02T03:00:47","modified_gmt":"2026-05-02T06:00:47","slug":"ihgdf-faz-homenagem-as-maos-que-constroem-brasilia","status":"publish","type":"post","link":"https:\/\/newblogs.correiobraziliense.com.br\/vivabrasilia\/ihgdf-faz-homenagem-as-maos-que-constroem-brasilia\/","title":{"rendered":"IHGDF faz homenagem \u00e0s m\u00e3os que constroem Bras\u00edlia"},"content":{"rendered":"\n<p>Em celebra\u00e7\u00e3o aos 66 anos da capital, o Instituto Hist\u00f3rico e Geogr\u00e1fico do Distrito Federal reuniu convidados na noite de 29 de abril para uma homenagem dedicada aos construtores e pioneiros de Bras\u00edlia, reconhecendo trajet\u00f3rias que se entrela\u00e7am com a pr\u00f3pria hist\u00f3ria da cidade desde o in\u00edcio de sua constru\u00e7\u00e3o, em 1957. A iniciativa, realizada em parceria com entidades como a Confraria dos Cidad\u00e3os Honor\u00e1rios de Bras\u00edlia, destacou 76 personalidades que contribu\u00edram para erguer e consolidar a capital, em um encontro marcado por mem\u00f3ria, reconhecimento e pertencimento.<\/p>\n\n\n<div class=\"slider-wrapper\"><div class=\"slider\">\n<figure class=\"wp-block-gallery has-nested-images columns-default is-cropped wp-block-gallery-1 is-layout-flex wp-block-gallery-is-layout-flex\">\n<figure class=\"wp-block-image size-large\"><img loading=\"lazy\" decoding=\"async\" width=\"1024\" height=\"682\" data-id=\"6391\" src=\"https:\/\/newblogs.correiobraziliense.com.br\/vivabrasilia\/wp-content\/uploads\/sites\/4\/2026\/05\/11-Renato-Riella-Valmir-Campelo-Manoel-de-Andrade-Jose-Natal-e-Rodrigo-Rollemberg-1024x682.jpg\" alt=\"\" class=\"wp-image-6391\" srcset=\"https:\/\/newblogs.correiobraziliense.com.br\/vivabrasilia\/wp-content\/uploads\/sites\/4\/2026\/05\/11-Renato-Riella-Valmir-Campelo-Manoel-de-Andrade-Jose-Natal-e-Rodrigo-Rollemberg-1024x682.jpg 1024w, https:\/\/newblogs.correiobraziliense.com.br\/vivabrasilia\/wp-content\/uploads\/sites\/4\/2026\/05\/11-Renato-Riella-Valmir-Campelo-Manoel-de-Andrade-Jose-Natal-e-Rodrigo-Rollemberg-300x200.jpg 300w, https:\/\/newblogs.correiobraziliense.com.br\/vivabrasilia\/wp-content\/uploads\/sites\/4\/2026\/05\/11-Renato-Riella-Valmir-Campelo-Manoel-de-Andrade-Jose-Natal-e-Rodrigo-Rollemberg-768x512.jpg 768w, https:\/\/newblogs.correiobraziliense.com.br\/vivabrasilia\/wp-content\/uploads\/sites\/4\/2026\/05\/11-Renato-Riella-Valmir-Campelo-Manoel-de-Andrade-Jose-Natal-e-Rodrigo-Rollemberg-1536x1024.jpg 1536w, https:\/\/newblogs.correiobraziliense.com.br\/vivabrasilia\/wp-content\/uploads\/sites\/4\/2026\/05\/11-Renato-Riella-Valmir-Campelo-Manoel-de-Andrade-Jose-Natal-e-Rodrigo-Rollemberg.jpg 2000w\" sizes=\"auto, (max-width: 1024px) 100vw, 1024px\" \/><figcaption class=\"wp-element-caption\">Renato Riella, Valmir Campelo, Manoel de Andrade, Jos\u00e9 Natal e Rodrigo Rollemberg<\/figcaption><\/figure>\n\n\n\n<figure class=\"wp-block-image size-large\"><img loading=\"lazy\" decoding=\"async\" width=\"1024\" height=\"682\" data-id=\"6392\" src=\"https:\/\/newblogs.correiobraziliense.com.br\/vivabrasilia\/wp-content\/uploads\/sites\/4\/2026\/05\/22-Rubens-Soares-Branquinho-Wilon-Wander-Lopes-Jose-Theodoro-Menck-e-Ronaldo-Rocha-1024x682.jpg\" alt=\"\" class=\"wp-image-6392\" srcset=\"https:\/\/newblogs.correiobraziliense.com.br\/vivabrasilia\/wp-content\/uploads\/sites\/4\/2026\/05\/22-Rubens-Soares-Branquinho-Wilon-Wander-Lopes-Jose-Theodoro-Menck-e-Ronaldo-Rocha-1024x682.jpg 1024w, https:\/\/newblogs.correiobraziliense.com.br\/vivabrasilia\/wp-content\/uploads\/sites\/4\/2026\/05\/22-Rubens-Soares-Branquinho-Wilon-Wander-Lopes-Jose-Theodoro-Menck-e-Ronaldo-Rocha-300x200.jpg 300w, https:\/\/newblogs.correiobraziliense.com.br\/vivabrasilia\/wp-content\/uploads\/sites\/4\/2026\/05\/22-Rubens-Soares-Branquinho-Wilon-Wander-Lopes-Jose-Theodoro-Menck-e-Ronaldo-Rocha-768x512.jpg 768w, https:\/\/newblogs.correiobraziliense.com.br\/vivabrasilia\/wp-content\/uploads\/sites\/4\/2026\/05\/22-Rubens-Soares-Branquinho-Wilon-Wander-Lopes-Jose-Theodoro-Menck-e-Ronaldo-Rocha-1536x1024.jpg 1536w, https:\/\/newblogs.correiobraziliense.com.br\/vivabrasilia\/wp-content\/uploads\/sites\/4\/2026\/05\/22-Rubens-Soares-Branquinho-Wilon-Wander-Lopes-Jose-Theodoro-Menck-e-Ronaldo-Rocha.jpg 2000w\" sizes=\"auto, (max-width: 1024px) 100vw, 1024px\" \/><figcaption class=\"wp-element-caption\">O presidente do Conselho Superior da Associa\u00e7\u00e3o Comercial do DF Rubens Soares Branquinho, o presidente da Confraria dos Cidad\u00e3os Honor\u00e1rios de Brasilia Wilon Wander Lopes, o presidente do IHGDF Jos\u00e9 Theodoro Menck e o diretor da Academia de Letras de Brasilia Ronaldo Rocha<\/figcaption><\/figure>\n\n\n\n<figure class=\"wp-block-image size-large\"><img loading=\"lazy\" decoding=\"async\" width=\"1024\" height=\"682\" data-id=\"6393\" src=\"https:\/\/newblogs.correiobraziliense.com.br\/vivabrasilia\/wp-content\/uploads\/sites\/4\/2026\/05\/33-Liana-Sabo-e-Zita-de-Fatima-1024x682.jpg\" alt=\"\" class=\"wp-image-6393\" srcset=\"https:\/\/newblogs.correiobraziliense.com.br\/vivabrasilia\/wp-content\/uploads\/sites\/4\/2026\/05\/33-Liana-Sabo-e-Zita-de-Fatima-1024x682.jpg 1024w, https:\/\/newblogs.correiobraziliense.com.br\/vivabrasilia\/wp-content\/uploads\/sites\/4\/2026\/05\/33-Liana-Sabo-e-Zita-de-Fatima-300x200.jpg 300w, https:\/\/newblogs.correiobraziliense.com.br\/vivabrasilia\/wp-content\/uploads\/sites\/4\/2026\/05\/33-Liana-Sabo-e-Zita-de-Fatima-768x512.jpg 768w, https:\/\/newblogs.correiobraziliense.com.br\/vivabrasilia\/wp-content\/uploads\/sites\/4\/2026\/05\/33-Liana-Sabo-e-Zita-de-Fatima-1536x1024.jpg 1536w, https:\/\/newblogs.correiobraziliense.com.br\/vivabrasilia\/wp-content\/uploads\/sites\/4\/2026\/05\/33-Liana-Sabo-e-Zita-de-Fatima.jpg 2000w\" sizes=\"auto, (max-width: 1024px) 100vw, 1024px\" \/><figcaption class=\"wp-element-caption\">Liana Sabo e Zita de F\u00e1tima<\/figcaption><\/figure>\n\n\n\n<figure class=\"wp-block-image size-large\"><img loading=\"lazy\" decoding=\"async\" width=\"1024\" height=\"682\" data-id=\"6394\" src=\"https:\/\/newblogs.correiobraziliense.com.br\/vivabrasilia\/wp-content\/uploads\/sites\/4\/2026\/05\/44-Agaciel-Maia-e-Sanzia-Maia-1024x682.jpg\" alt=\"\" class=\"wp-image-6394\" srcset=\"https:\/\/newblogs.correiobraziliense.com.br\/vivabrasilia\/wp-content\/uploads\/sites\/4\/2026\/05\/44-Agaciel-Maia-e-Sanzia-Maia-1024x682.jpg 1024w, https:\/\/newblogs.correiobraziliense.com.br\/vivabrasilia\/wp-content\/uploads\/sites\/4\/2026\/05\/44-Agaciel-Maia-e-Sanzia-Maia-300x200.jpg 300w, https:\/\/newblogs.correiobraziliense.com.br\/vivabrasilia\/wp-content\/uploads\/sites\/4\/2026\/05\/44-Agaciel-Maia-e-Sanzia-Maia-768x512.jpg 768w, https:\/\/newblogs.correiobraziliense.com.br\/vivabrasilia\/wp-content\/uploads\/sites\/4\/2026\/05\/44-Agaciel-Maia-e-Sanzia-Maia-1536x1024.jpg 1536w, https:\/\/newblogs.correiobraziliense.com.br\/vivabrasilia\/wp-content\/uploads\/sites\/4\/2026\/05\/44-Agaciel-Maia-e-Sanzia-Maia.jpg 2000w\" sizes=\"auto, (max-width: 1024px) 100vw, 1024px\" \/><figcaption class=\"wp-element-caption\">Agaciel Maia e Sanzia Maia<\/figcaption><\/figure>\n\n\n\n<figure class=\"wp-block-image size-large\"><img loading=\"lazy\" decoding=\"async\" width=\"1024\" height=\"682\" data-id=\"6395\" src=\"https:\/\/newblogs.correiobraziliense.com.br\/vivabrasilia\/wp-content\/uploads\/sites\/4\/2026\/05\/55-Moema-Sao-Tiago-e-Cosete-Ramos-1024x682.jpg\" alt=\"\" class=\"wp-image-6395\" srcset=\"https:\/\/newblogs.correiobraziliense.com.br\/vivabrasilia\/wp-content\/uploads\/sites\/4\/2026\/05\/55-Moema-Sao-Tiago-e-Cosete-Ramos-1024x682.jpg 1024w, https:\/\/newblogs.correiobraziliense.com.br\/vivabrasilia\/wp-content\/uploads\/sites\/4\/2026\/05\/55-Moema-Sao-Tiago-e-Cosete-Ramos-300x200.jpg 300w, https:\/\/newblogs.correiobraziliense.com.br\/vivabrasilia\/wp-content\/uploads\/sites\/4\/2026\/05\/55-Moema-Sao-Tiago-e-Cosete-Ramos-768x512.jpg 768w, https:\/\/newblogs.correiobraziliense.com.br\/vivabrasilia\/wp-content\/uploads\/sites\/4\/2026\/05\/55-Moema-Sao-Tiago-e-Cosete-Ramos-1536x1024.jpg 1536w, https:\/\/newblogs.correiobraziliense.com.br\/vivabrasilia\/wp-content\/uploads\/sites\/4\/2026\/05\/55-Moema-Sao-Tiago-e-Cosete-Ramos.jpg 2000w\" sizes=\"auto, (max-width: 1024px) 100vw, 1024px\" \/><figcaption class=\"wp-element-caption\">Moema S\u00e3o Tiago e Cosete Ramos<\/figcaption><\/figure>\n\n\n\n<figure class=\"wp-block-image size-large\"><img loading=\"lazy\" decoding=\"async\" width=\"1024\" height=\"682\" data-id=\"6397\" src=\"https:\/\/newblogs.correiobraziliense.com.br\/vivabrasilia\/wp-content\/uploads\/sites\/4\/2026\/05\/Ena-Galvao-e-Marcia-Rocha-1024x682.jpg\" alt=\"\" class=\"wp-image-6397\" srcset=\"https:\/\/newblogs.correiobraziliense.com.br\/vivabrasilia\/wp-content\/uploads\/sites\/4\/2026\/05\/Ena-Galvao-e-Marcia-Rocha-1024x682.jpg 1024w, https:\/\/newblogs.correiobraziliense.com.br\/vivabrasilia\/wp-content\/uploads\/sites\/4\/2026\/05\/Ena-Galvao-e-Marcia-Rocha-300x200.jpg 300w, https:\/\/newblogs.correiobraziliense.com.br\/vivabrasilia\/wp-content\/uploads\/sites\/4\/2026\/05\/Ena-Galvao-e-Marcia-Rocha-768x512.jpg 768w, https:\/\/newblogs.correiobraziliense.com.br\/vivabrasilia\/wp-content\/uploads\/sites\/4\/2026\/05\/Ena-Galvao-e-Marcia-Rocha-1536x1024.jpg 1536w, https:\/\/newblogs.correiobraziliense.com.br\/vivabrasilia\/wp-content\/uploads\/sites\/4\/2026\/05\/Ena-Galvao-e-Marcia-Rocha.jpg 2000w\" sizes=\"auto, (max-width: 1024px) 100vw, 1024px\" \/><figcaption class=\"wp-element-caption\">Ena Galv\u00e3o e Marcia Rocha<\/figcaption><\/figure>\n\n\n\n<figure class=\"wp-block-image size-large\"><img loading=\"lazy\" decoding=\"async\" width=\"1024\" height=\"682\" data-id=\"6398\" src=\"https:\/\/newblogs.correiobraziliense.com.br\/vivabrasilia\/wp-content\/uploads\/sites\/4\/2026\/05\/Julie-Lopes-Lucia-Chaves-e-Lyssa-Lopes-1024x682.jpg\" alt=\"\" class=\"wp-image-6398\" srcset=\"https:\/\/newblogs.correiobraziliense.com.br\/vivabrasilia\/wp-content\/uploads\/sites\/4\/2026\/05\/Julie-Lopes-Lucia-Chaves-e-Lyssa-Lopes-1024x682.jpg 1024w, https:\/\/newblogs.correiobraziliense.com.br\/vivabrasilia\/wp-content\/uploads\/sites\/4\/2026\/05\/Julie-Lopes-Lucia-Chaves-e-Lyssa-Lopes-300x200.jpg 300w, https:\/\/newblogs.correiobraziliense.com.br\/vivabrasilia\/wp-content\/uploads\/sites\/4\/2026\/05\/Julie-Lopes-Lucia-Chaves-e-Lyssa-Lopes-768x512.jpg 768w, https:\/\/newblogs.correiobraziliense.com.br\/vivabrasilia\/wp-content\/uploads\/sites\/4\/2026\/05\/Julie-Lopes-Lucia-Chaves-e-Lyssa-Lopes-1536x1024.jpg 1536w, https:\/\/newblogs.correiobraziliense.com.br\/vivabrasilia\/wp-content\/uploads\/sites\/4\/2026\/05\/Julie-Lopes-Lucia-Chaves-e-Lyssa-Lopes.jpg 2000w\" sizes=\"auto, (max-width: 1024px) 100vw, 1024px\" \/><figcaption class=\"wp-element-caption\">Juli\u00ea Lopes, Lucia Chaves e Lyssa Lopes<\/figcaption><\/figure>\n<\/figure>\n<\/div>\n\t\t\t<div class=\"slider-nav\">\n\t\t\t\t<button class=\"prev\">\n\t\t\t\t<svg xmlns=\"http:\/\/www.w3.org\/2000\/svg\" width=\"26\" height=\"45\" viewBox=\"0 0 26 45\" fill=\"none\">\n\t\t\t\t<path d=\"M24.9118 0.990519C25.5461 1.62494 25.9023 2.48528 25.9023 3.38235C25.9023 4.27943 25.5461 5.13977 24.9118 5.77419L8.16559 22.5204L24.9118 39.2667C25.5281 39.9047 25.8691 40.7593 25.8614 41.6463C25.8537 42.5334 25.4979 43.3819 24.8706 44.0091C24.2434 44.6364 23.3948 44.9922 22.5078 44.9999C21.6208 45.0076 20.7662 44.6666 20.1282 44.0503L0.990082 24.9123C0.355853 24.2778 -0.000438023 23.4175 -0.000438023 22.5204C-0.000438023 21.6234 0.355853 20.763 0.990082 20.1286L20.1282 0.990519C20.7626 0.35629 21.6229 0 22.52 0C23.4171 0 24.2774 0.35629 24.9118 0.990519Z\" fill=\"white\" fill-opacity=\"0.7\"><\/path>\n\t\t\t\t<\/svg>\n\t\t\t\t<\/button>\n\t\t\t\t<button class=\"next\">\n\t\t\t\t<svg xmlns=\"http:\/\/www.w3.org\/2000\/svg\" width=\"26\" height=\"45\" viewBox=\"0 0 26 45\" fill=\"none\">\n\t\t\t\t<path d=\"M0.99052 0.990519C0.356291 1.62494 0 2.48528 0 3.38235C0 4.27943 0.356291 5.13977 0.99052 5.77419L17.7368 22.5204L0.99052 39.2667C0.374265 39.9047 0.0332682 40.7593 0.0409763 41.6463C0.0486844 42.5334 0.40448 43.3819 1.03173 44.0091C1.65898 44.6364 2.5075 44.9922 3.39453 44.9999C4.28156 45.0076 5.13613 44.6666 5.77419 44.0503L24.9123 24.9123C25.5465 24.2778 25.9028 23.4175 25.9028 22.5204C25.9028 21.6234 25.5465 20.763 24.9123 20.1286L5.77419 0.990519C5.13977 0.35629 4.27943 0 3.38235 0C2.48528 0 1.62494 0.35629 0.99052 0.990519Z\" fill=\"white\" fill-opacity=\"0.7\"><\/path>\n\t\t\t\t<\/svg>\n\t\t\t\t<\/button>\n\t\t\t<\/div>\n\t\t\t<div class=\"slider-dots\"><\/div>\n\t\t\t<\/div>","protected":false},"excerpt":{"rendered":"<p>Cerim\u00f4nia no instituto agradeceu personalidades da capital em celebra\u00e7\u00e3o aos 66 anos de Bras\u00edlia<\/p>\n","protected":false},"author":7,"featured_media":6403,"comment_status":"closed","ping_status":"open","sticky":false,"template":"","format":"standard","meta":{"_acf_changed":false,"inline_featured_image":false,"footnotes":""},"categories":[132],"tags":[9,1240,849,950],"class_list":["post-6385","post","type-post","status-publish","format-standard","has-post-thumbnail","hentry","category-cidade","tag-brasilia","tag-brasilia-66-anos","tag-ihgdf","tag-social"],"acf":[],"yoast_head":"<!-- This site is optimized with the Yoast SEO plugin v27.3 - https:\/\/yoast.com\/product\/yoast-seo-wordpress\/ -->\n<title>IHGDF faz homenagem \u00e0s m\u00e3os que constroem Bras\u00edlia - Viva Bras\u00edlia<\/title>\n<meta name=\"robots\" content=\"index, follow, max-snippet:-1, max-image-preview:large, max-video-preview:-1\" \/>\n<link rel=\"canonical\" href=\"https:\/\/newblogs.correiobraziliense.com.br\/vivabrasilia\/ihgdf-faz-homenagem-as-maos-que-constroem-brasilia\/\" \/>\n<meta property=\"og:locale\" content=\"pt_BR\" \/>\n<meta property=\"og:type\" content=\"article\" \/>\n<meta property=\"og:title\" content=\"IHGDF faz homenagem \u00e0s m\u00e3os que constroem Bras\u00edlia - Viva Bras\u00edlia\" \/>\n<meta property=\"og:description\" content=\"Cerim\u00f4nia no instituto agradeceu personalidades da capital em celebra\u00e7\u00e3o aos 66 anos de Bras\u00edlia\" \/>\n<meta property=\"og:url\" content=\"https:\/\/newblogs.correiobraziliense.com.br\/vivabrasilia\/ihgdf-faz-homenagem-as-maos-que-constroem-brasilia\/\" \/>\n<meta property=\"og:site_name\" content=\"Viva Bras\u00edlia\" \/>\n<meta property=\"article:published_time\" content=\"2026-05-02T06:00:43+00:00\" \/>\n<meta property=\"article:modified_time\" content=\"2026-05-02T06:00:47+00:00\" \/>\n<meta property=\"og:image\" content=\"https:\/\/newblogs.correiobraziliense.com.br\/vivabrasilia\/wp-content\/uploads\/sites\/4\/2026\/05\/Os-homenageados-da-noite.jpeg\" \/>\n\t<meta property=\"og:image:width\" content=\"1599\" \/>\n\t<meta property=\"og:image:height\" content=\"1066\" \/>\n\t<meta property=\"og:image:type\" content=\"image\/jpeg\" \/>\n<meta name=\"author\" content=\"Mariana Campos\" \/>\n<!-- \/ Yoast SEO plugin. -->","yoast_head_json":{"title":"IHGDF faz homenagem \u00e0s m\u00e3os que constroem Bras\u00edlia - Viva Bras\u00edlia","robots":{"index":"index","follow":"follow","max-snippet":"max-snippet:-1","max-image-preview":"max-image-preview:large","max-video-preview":"max-video-preview:-1"},"canonical":"https:\/\/newblogs.correiobraziliense.com.br\/vivabrasilia\/ihgdf-faz-homenagem-as-maos-que-constroem-brasilia\/","og_locale":"pt_BR","og_type":"article","og_title":"IHGDF faz homenagem \u00e0s m\u00e3os que constroem Bras\u00edlia - Viva Bras\u00edlia","og_description":"Cerim\u00f4nia no instituto agradeceu personalidades da capital em celebra\u00e7\u00e3o aos 66 anos de Bras\u00edlia","og_url":"https:\/\/newblogs.correiobraziliense.com.br\/vivabrasilia\/ihgdf-faz-homenagem-as-maos-que-constroem-brasilia\/","og_site_name":"Viva Bras\u00edlia","article_published_time":"2026-05-02T06:00:43+00:00","article_modified_time":"2026-05-02T06:00:47+00:00","og_image":[{"width":1599,"height":1066,"url":"https:\/\/newblogs.correiobraziliense.com.br\/vivabrasilia\/wp-content\/uploads\/sites\/4\/2026\/05\/Os-homenageados-da-noite.jpeg","type":"image\/jpeg"}],"author":"Mariana Campos","schema":{"@context":"https:\/\/schema.org","@graph":[{"@type":"Article","@id":"https:\/\/newblogs.correiobraziliense.com.br\/vivabrasilia\/ihgdf-faz-homenagem-as-maos-que-constroem-brasilia\/#article","isPartOf":{"@id":"https:\/\/newblogs.correiobraziliense.com.br\/vivabrasilia\/ihgdf-faz-homenagem-as-maos-que-constroem-brasilia\/"},"author":{"name":"Mariana Campos","@id":"https:\/\/newblogs.correiobraziliense.com.br\/vivabrasilia\/#\/schema\/person\/018c75775aaa6ead74dde48a78ac7fa1"},"headline":"IHGDF faz homenagem \u00e0s m\u00e3os que constroem Bras\u00edlia","datePublished":"2026-05-02T06:00:43+00:00","dateModified":"2026-05-02T06:00:47+00:00","mainEntityOfPage":{"@id":"https:\/\/newblogs.correiobraziliense.com.br\/vivabrasilia\/ihgdf-faz-homenagem-as-maos-que-constroem-brasilia\/"},"wordCount":198,"image":{"@id":"https:\/\/newblogs.correiobraziliense.com.br\/vivabrasilia\/ihgdf-faz-homenagem-as-maos-que-constroem-brasilia\/#primaryimage"},"thumbnailUrl":"https:\/\/newblogs.correiobraziliense.com.br\/vivabrasilia\/wp-content\/uploads\/sites\/4\/2026\/05\/Os-homenageados-da-noite.jpeg","keywords":["Bras\u00edlia","Bras\u00edlia 66 anos","IHGDF","Social"],"articleSection":["Cidade"],"inLanguage":"pt-BR"},{"@type":"WebPage","@id":"https:\/\/newblogs.correiobraziliense.com.br\/vivabrasilia\/ihgdf-faz-homenagem-as-maos-que-constroem-brasilia\/","url":"https:\/\/newblogs.correiobraziliense.com.br\/vivabrasilia\/ihgdf-faz-homenagem-as-maos-que-constroem-brasilia\/","name":"IHGDF faz homenagem \u00e0s m\u00e3os que constroem Bras\u00edlia - Viva Bras\u00edlia","isPartOf":{"@id":"https:\/\/newblogs.correiobraziliense.com.br\/vivabrasilia\/#website"},"primaryImageOfPage":{"@id":"https:\/\/newblogs.correiobraziliense.com.br\/vivabrasilia\/ihgdf-faz-homenagem-as-maos-que-constroem-brasilia\/#primaryimage"},"image":{"@id":"https:\/\/newblogs.correiobraziliense.com.br\/vivabrasilia\/ihgdf-faz-homenagem-as-maos-que-constroem-brasilia\/#primaryimage"},"thumbnailUrl":"https:\/\/newblogs.correiobraziliense.com.br\/vivabrasilia\/wp-content\/uploads\/sites\/4\/2026\/05\/Os-homenageados-da-noite.jpeg","datePublished":"2026-05-02T06:00:43+00:00","dateModified":"2026-05-02T06:00:47+00:00","author":{"@id":"https:\/\/newblogs.correiobraziliense.com.br\/vivabrasilia\/#\/schema\/person\/018c75775aaa6ead74dde48a78ac7fa1"},"breadcrumb":{"@id":"https:\/\/newblogs.correiobraziliense.com.br\/vivabrasilia\/ihgdf-faz-homenagem-as-maos-que-constroem-brasilia\/#breadcrumb"},"inLanguage":"pt-BR","potentialAction":[{"@type":"ReadAction","target":["https:\/\/newblogs.correiobraziliense.com.br\/vivabrasilia\/ihgdf-faz-homenagem-as-maos-que-constroem-brasilia\/"]}]},{"@type":"ImageObject","inLanguage":"pt-BR","@id":"https:\/\/newblogs.correiobraziliense.com.br\/vivabrasilia\/ihgdf-faz-homenagem-as-maos-que-constroem-brasilia\/#primaryimage","url":"https:\/\/newblogs.correiobraziliense.com.br\/vivabrasilia\/wp-content\/uploads\/sites\/4\/2026\/05\/Os-homenageados-da-noite.jpeg","contentUrl":"https:\/\/newblogs.correiobraziliense.com.br\/vivabrasilia\/wp-content\/uploads\/sites\/4\/2026\/05\/Os-homenageados-da-noite.jpeg","width":1599,"height":1066,"caption":"Cerim\u00f4nia no instituto agradeceu personalidades da capital em celebra\u00e7\u00e3o aos 66 anos de Bras\u00edlia | Foto: Eug\u00eanio Novaes"},{"@type":"BreadcrumbList","@id":"https:\/\/newblogs.correiobraziliense.com.br\/vivabrasilia\/ihgdf-faz-homenagem-as-maos-que-constroem-brasilia\/#breadcrumb","itemListElement":[{"@type":"ListItem","position":1,"name":"In\u00edcio","item":"https:\/\/newblogs.correiobraziliense.com.br\/vivabrasilia\/"},{"@type":"ListItem","position":2,"name":"IHGDF faz homenagem \u00e0s m\u00e3os que constroem Bras\u00edlia"}]},{"@type":"WebSite","@id":"https:\/\/newblogs.correiobraziliense.com.br\/vivabrasilia\/#website","url":"https:\/\/newblogs.correiobraziliense.com.br\/vivabrasilia\/","name":"Viva Bras\u00edlia","description":"Coluna de estilo de vida","potentialAction":[{"@type":"SearchAction","target":{"@type":"EntryPoint","urlTemplate":"https:\/\/newblogs.correiobraziliense.com.br\/vivabrasilia\/?s={search_term_string}"},"query-input":{"@type":"PropertyValueSpecification","valueRequired":true,"valueName":"search_term_string"}}],"inLanguage":"pt-BR"},{"@type":"Person","@id":"https:\/\/newblogs.correiobraziliense.com.br\/vivabrasilia\/#\/schema\/person\/018c75775aaa6ead74dde48a78ac7fa1","name":"Mariana Campos","image":{"@type":"ImageObject","inLanguage":"pt-BR","@id":"https:\/\/secure.gravatar.com\/avatar\/97cd13271bc36c11415a45e9f8192828452de6a8c0e24857edbf96d21752260f?s=96&d=mm&r=g","url":"https:\/\/secure.gravatar.com\/avatar\/97cd13271bc36c11415a45e9f8192828452de6a8c0e24857edbf96d21752260f?s=96&d=mm&r=g","contentUrl":"https:\/\/secure.gravatar.com\/avatar\/97cd13271bc36c11415a45e9f8192828452de6a8c0e24857edbf96d21752260f?s=96&d=mm&r=g","caption":"Mariana Campos"},"description":"Colunista da Viva Bras\u00edlia, Mariana escreve e fotografa para a coluna. Formada em Comunica\u00e7\u00e3o, aprofundou-se no jornalismo e agora une a escrita com a fotografia para mostrar que a capital \u00e9 uma cidade viva que n\u00e3o se resume ao poder. Tamb\u00e9m faz a cobertura de moda para seu blog, Pliss\u00ea, e para as redes sociais do Correio.","sameAs":["http:\/\/newblogs.correiobraziliense.com\/plisse","https:\/\/www.instagram.com\/marigrigori"],"url":"https:\/\/newblogs.correiobraziliense.com.br\/vivabrasilia\/author\/marivivabrasilia\/"}]}},"_links":{"self":[{"href":"https:\/\/newblogs.correiobraziliense.com.br\/vivabrasilia\/wp-json\/wp\/v2\/posts\/6385","targetHints":{"allow":["GET"]}}],"collection":[{"href":"https:\/\/newblogs.correiobraziliense.com.br\/vivabrasilia\/wp-json\/wp\/v2\/posts"}],"about":[{"href":"https:\/\/newblogs.correiobraziliense.com.br\/vivabrasilia\/wp-json\/wp\/v2\/types\/post"}],"author":[{"embeddable":true,"href":"https:\/\/newblogs.correiobraziliense.com.br\/vivabrasilia\/wp-json\/wp\/v2\/users\/7"}],"replies":[{"embeddable":true,"href":"https:\/\/newblogs.correiobraziliense.com.br\/vivabrasilia\/wp-json\/wp\/v2\/comments?post=6385"}],"version-history":[{"count":1,"href":"https:\/\/newblogs.correiobraziliense.com.br\/vivabrasilia\/wp-json\/wp\/v2\/posts\/6385\/revisions"}],"predecessor-version":[{"id":6404,"href":"https:\/\/newblogs.correiobraziliense.com.br\/vivabrasilia\/wp-json\/wp\/v2\/posts\/6385\/revisions\/6404"}],"wp:featuredmedia":[{"embeddable":true,"href":"https:\/\/newblogs.correiobraziliense.com.br\/vivabrasilia\/wp-json\/wp\/v2\/media\/6403"}],"wp:attachment":[{"href":"https:\/\/newblogs.correiobraziliense.com.br\/vivabrasilia\/wp-json\/wp\/v2\/media?parent=6385"}],"wp:term":[{"taxonomy":"category","embeddable":true,"href":"https:\/\/newblogs.correiobraziliense.com.br\/vivabrasilia\/wp-json\/wp\/v2\/categories?post=6385"},{"taxonomy":"post_tag","embeddable":true,"href":"https:\/\/newblogs.correiobraziliense.com.br\/vivabrasilia\/wp-json\/wp\/v2\/tags?post=6385"}],"curies":[{"name":"wp","href":"https:\/\/api.w.org\/{rel}","templated":true}]}}