{"id":6383,"date":"2026-04-29T00:23:06","date_gmt":"2026-04-29T03:23:06","guid":{"rendered":"https:\/\/newblogs.correiobraziliense.com.br\/vivabrasilia\/?p=6383"},"modified":"2026-04-29T00:23:09","modified_gmt":"2026-04-29T03:23:09","slug":"bruna-schettini-e-andre-luis-carneiro-trocam-aliancas-em-cerimonia-intimista","status":"publish","type":"post","link":"https:\/\/newblogs.correiobraziliense.com.br\/vivabrasilia\/bruna-schettini-e-andre-luis-carneiro-trocam-aliancas-em-cerimonia-intimista\/","title":{"rendered":"Bruna Schettini e Andr\u00e9 Lu\u00eds Carneiro trocam alian\u00e7as em cerim\u00f4nia intimista"},"content":{"rendered":"\n<p>Bruna Schettini e Andr\u00e9 Lu\u00eds Carneiro oficializaram sua uni\u00e3o em 17 de abril, no Restaurante Lago. Os pombinhos celebraram o momento especial com amigos \u00edntimos, familiares e a alegre presen\u00e7a do filho da noiva, Bernardo.<\/p>\n","protected":false},"excerpt":{"rendered":"<p>O evento foi realizado no Restaurante Lago, em 17 de abril, na presen\u00e7a de amigos e familiares<\/p>\n","protected":false},"author":7,"featured_media":6361,"comment_status":"closed","ping_status":"open","sticky":false,"template":"","format":"standard","meta":{"_acf_changed":false,"inline_featured_image":false,"footnotes":""},"categories":[293],"tags":[9,244,796,1110,950,1239],"class_list":["post-6383","post","type-post","status-publish","format-standard","has-post-thumbnail","hentry","category-casamento","tag-brasilia","tag-casamento","tag-cerimonia","tag-restaurante-lago","tag-social","tag-uniao"],"acf":[],"yoast_head":"<!-- This site is optimized with the Yoast SEO plugin v27.3 - https:\/\/yoast.com\/product\/yoast-seo-wordpress\/ -->\n<title>Bruna Schettini e Andr\u00e9 Lu\u00eds Carneiro trocam alian\u00e7as em cerim\u00f4nia intimista - Viva Bras\u00edlia<\/title>\n<meta name=\"robots\" content=\"index, follow, max-snippet:-1, max-image-preview:large, max-video-preview:-1\" \/>\n<link rel=\"canonical\" href=\"https:\/\/newblogs.correiobraziliense.com.br\/vivabrasilia\/bruna-schettini-e-andre-luis-carneiro-trocam-aliancas-em-cerimonia-intimista\/\" \/>\n<meta property=\"og:locale\" content=\"pt_BR\" \/>\n<meta property=\"og:type\" content=\"article\" \/>\n<meta property=\"og:title\" content=\"Bruna Schettini e Andr\u00e9 Lu\u00eds Carneiro trocam alian\u00e7as em cerim\u00f4nia intimista - Viva Bras\u00edlia\" \/>\n<meta property=\"og:description\" content=\"O evento foi realizado no Restaurante Lago, em 17 de abril, na presen\u00e7a de amigos e familiares\" \/>\n<meta property=\"og:url\" content=\"https:\/\/newblogs.correiobraziliense.com.br\/vivabrasilia\/bruna-schettini-e-andre-luis-carneiro-trocam-aliancas-em-cerimonia-intimista\/\" \/>\n<meta property=\"og:site_name\" content=\"Viva Bras\u00edlia\" \/>\n<meta property=\"article:published_time\" content=\"2026-04-29T03:23:06+00:00\" \/>\n<meta property=\"article:modified_time\" content=\"2026-04-29T03:23:09+00:00\" \/>\n<meta property=\"og:image\" content=\"https:\/\/newblogs.correiobraziliense.com.br\/vivabrasilia\/wp-content\/uploads\/sites\/4\/2026\/04\/111-Bruna-Schettini-Andre-Luis-Carneiro-e-Bernardo.jpg\" \/>\n\t<meta property=\"og:image:width\" content=\"2000\" \/>\n\t<meta property=\"og:image:height\" content=\"1331\" \/>\n\t<meta property=\"og:image:type\" content=\"image\/jpeg\" \/>\n<meta name=\"author\" content=\"Mariana Campos\" \/>\n<!-- \/ Yoast SEO plugin. -->","yoast_head_json":{"title":"Bruna Schettini e Andr\u00e9 Lu\u00eds Carneiro trocam alian\u00e7as em cerim\u00f4nia intimista - Viva Bras\u00edlia","robots":{"index":"index","follow":"follow","max-snippet":"max-snippet:-1","max-image-preview":"max-image-preview:large","max-video-preview":"max-video-preview:-1"},"canonical":"https:\/\/newblogs.correiobraziliense.com.br\/vivabrasilia\/bruna-schettini-e-andre-luis-carneiro-trocam-aliancas-em-cerimonia-intimista\/","og_locale":"pt_BR","og_type":"article","og_title":"Bruna Schettini e Andr\u00e9 Lu\u00eds Carneiro trocam alian\u00e7as em cerim\u00f4nia intimista - Viva Bras\u00edlia","og_description":"O evento foi realizado no Restaurante Lago, em 17 de abril, na presen\u00e7a de amigos e familiares","og_url":"https:\/\/newblogs.correiobraziliense.com.br\/vivabrasilia\/bruna-schettini-e-andre-luis-carneiro-trocam-aliancas-em-cerimonia-intimista\/","og_site_name":"Viva Bras\u00edlia","article_published_time":"2026-04-29T03:23:06+00:00","article_modified_time":"2026-04-29T03:23:09+00:00","og_image":[{"width":2000,"height":1331,"url":"https:\/\/newblogs.correiobraziliense.com.br\/vivabrasilia\/wp-content\/uploads\/sites\/4\/2026\/04\/111-Bruna-Schettini-Andre-Luis-Carneiro-e-Bernardo.jpg","type":"image\/jpeg"}],"author":"Mariana Campos","schema":{"@context":"https:\/\/schema.org","@graph":[{"@type":"Article","@id":"https:\/\/newblogs.correiobraziliense.com.br\/vivabrasilia\/bruna-schettini-e-andre-luis-carneiro-trocam-aliancas-em-cerimonia-intimista\/#article","isPartOf":{"@id":"https:\/\/newblogs.correiobraziliense.com.br\/vivabrasilia\/bruna-schettini-e-andre-luis-carneiro-trocam-aliancas-em-cerimonia-intimista\/"},"author":{"name":"Mariana Campos","@id":"https:\/\/newblogs.correiobraziliense.com.br\/vivabrasilia\/#\/schema\/person\/018c75775aaa6ead74dde48a78ac7fa1"},"headline":"Bruna Schettini e Andr\u00e9 Lu\u00eds Carneiro trocam alian\u00e7as em cerim\u00f4nia intimista","datePublished":"2026-04-29T03:23:06+00:00","dateModified":"2026-04-29T03:23:09+00:00","mainEntityOfPage":{"@id":"https:\/\/newblogs.correiobraziliense.com.br\/vivabrasilia\/bruna-schettini-e-andre-luis-carneiro-trocam-aliancas-em-cerimonia-intimista\/"},"wordCount":51,"image":{"@id":"https:\/\/newblogs.correiobraziliense.com.br\/vivabrasilia\/bruna-schettini-e-andre-luis-carneiro-trocam-aliancas-em-cerimonia-intimista\/#primaryimage"},"thumbnailUrl":"https:\/\/newblogs.correiobraziliense.com.br\/vivabrasilia\/wp-content\/uploads\/sites\/4\/2026\/04\/111-Bruna-Schettini-Andre-Luis-Carneiro-e-Bernardo.jpg","keywords":["Bras\u00edlia","Casamento","Cerim\u00f4nia","Restaurante LAGO","Social","Uni\u00e3o"],"articleSection":["Casamento"],"inLanguage":"pt-BR"},{"@type":"WebPage","@id":"https:\/\/newblogs.correiobraziliense.com.br\/vivabrasilia\/bruna-schettini-e-andre-luis-carneiro-trocam-aliancas-em-cerimonia-intimista\/","url":"https:\/\/newblogs.correiobraziliense.com.br\/vivabrasilia\/bruna-schettini-e-andre-luis-carneiro-trocam-aliancas-em-cerimonia-intimista\/","name":"Bruna Schettini e Andr\u00e9 Lu\u00eds Carneiro trocam alian\u00e7as em cerim\u00f4nia intimista - Viva Bras\u00edlia","isPartOf":{"@id":"https:\/\/newblogs.correiobraziliense.com.br\/vivabrasilia\/#website"},"primaryImageOfPage":{"@id":"https:\/\/newblogs.correiobraziliense.com.br\/vivabrasilia\/bruna-schettini-e-andre-luis-carneiro-trocam-aliancas-em-cerimonia-intimista\/#primaryimage"},"image":{"@id":"https:\/\/newblogs.correiobraziliense.com.br\/vivabrasilia\/bruna-schettini-e-andre-luis-carneiro-trocam-aliancas-em-cerimonia-intimista\/#primaryimage"},"thumbnailUrl":"https:\/\/newblogs.correiobraziliense.com.br\/vivabrasilia\/wp-content\/uploads\/sites\/4\/2026\/04\/111-Bruna-Schettini-Andre-Luis-Carneiro-e-Bernardo.jpg","datePublished":"2026-04-29T03:23:06+00:00","dateModified":"2026-04-29T03:23:09+00:00","author":{"@id":"https:\/\/newblogs.correiobraziliense.com.br\/vivabrasilia\/#\/schema\/person\/018c75775aaa6ead74dde48a78ac7fa1"},"breadcrumb":{"@id":"https:\/\/newblogs.correiobraziliense.com.br\/vivabrasilia\/bruna-schettini-e-andre-luis-carneiro-trocam-aliancas-em-cerimonia-intimista\/#breadcrumb"},"inLanguage":"pt-BR","potentialAction":[{"@type":"ReadAction","target":["https:\/\/newblogs.correiobraziliense.com.br\/vivabrasilia\/bruna-schettini-e-andre-luis-carneiro-trocam-aliancas-em-cerimonia-intimista\/"]}]},{"@type":"ImageObject","inLanguage":"pt-BR","@id":"https:\/\/newblogs.correiobraziliense.com.br\/vivabrasilia\/bruna-schettini-e-andre-luis-carneiro-trocam-aliancas-em-cerimonia-intimista\/#primaryimage","url":"https:\/\/newblogs.correiobraziliense.com.br\/vivabrasilia\/wp-content\/uploads\/sites\/4\/2026\/04\/111-Bruna-Schettini-Andre-Luis-Carneiro-e-Bernardo.jpg","contentUrl":"https:\/\/newblogs.correiobraziliense.com.br\/vivabrasilia\/wp-content\/uploads\/sites\/4\/2026\/04\/111-Bruna-Schettini-Andre-Luis-Carneiro-e-Bernardo.jpg","width":2000,"height":1331,"caption":"Bruna Schettini, Andr\u00e9 Lu\u00eds Carneiro e Bernardo | Foto: Arquivo pessoal"},{"@type":"BreadcrumbList","@id":"https:\/\/newblogs.correiobraziliense.com.br\/vivabrasilia\/bruna-schettini-e-andre-luis-carneiro-trocam-aliancas-em-cerimonia-intimista\/#breadcrumb","itemListElement":[{"@type":"ListItem","position":1,"name":"In\u00edcio","item":"https:\/\/newblogs.correiobraziliense.com.br\/vivabrasilia\/"},{"@type":"ListItem","position":2,"name":"Bruna Schettini e Andr\u00e9 Lu\u00eds Carneiro trocam alian\u00e7as em cerim\u00f4nia intimista"}]},{"@type":"WebSite","@id":"https:\/\/newblogs.correiobraziliense.com.br\/vivabrasilia\/#website","url":"https:\/\/newblogs.correiobraziliense.com.br\/vivabrasilia\/","name":"Viva Bras\u00edlia","description":"Coluna de estilo de vida","potentialAction":[{"@type":"SearchAction","target":{"@type":"EntryPoint","urlTemplate":"https:\/\/newblogs.correiobraziliense.com.br\/vivabrasilia\/?s={search_term_string}"},"query-input":{"@type":"PropertyValueSpecification","valueRequired":true,"valueName":"search_term_string"}}],"inLanguage":"pt-BR"},{"@type":"Person","@id":"https:\/\/newblogs.correiobraziliense.com.br\/vivabrasilia\/#\/schema\/person\/018c75775aaa6ead74dde48a78ac7fa1","name":"Mariana Campos","image":{"@type":"ImageObject","inLanguage":"pt-BR","@id":"https:\/\/secure.gravatar.com\/avatar\/97cd13271bc36c11415a45e9f8192828452de6a8c0e24857edbf96d21752260f?s=96&d=mm&r=g","url":"https:\/\/secure.gravatar.com\/avatar\/97cd13271bc36c11415a45e9f8192828452de6a8c0e24857edbf96d21752260f?s=96&d=mm&r=g","contentUrl":"https:\/\/secure.gravatar.com\/avatar\/97cd13271bc36c11415a45e9f8192828452de6a8c0e24857edbf96d21752260f?s=96&d=mm&r=g","caption":"Mariana Campos"},"description":"Colunista da Viva Bras\u00edlia, Mariana escreve e fotografa para a coluna. Formada em Comunica\u00e7\u00e3o, aprofundou-se no jornalismo e agora une a escrita com a fotografia para mostrar que a capital \u00e9 uma cidade viva que n\u00e3o se resume ao poder. Tamb\u00e9m faz a cobertura de moda para seu blog, Pliss\u00ea, e para as redes sociais do Correio.","sameAs":["http:\/\/newblogs.correiobraziliense.com\/plisse","https:\/\/www.instagram.com\/marigrigori"],"url":"https:\/\/newblogs.correiobraziliense.com.br\/vivabrasilia\/author\/marivivabrasilia\/"}]}},"_links":{"self":[{"href":"https:\/\/newblogs.correiobraziliense.com.br\/vivabrasilia\/wp-json\/wp\/v2\/posts\/6383","targetHints":{"allow":["GET"]}}],"collection":[{"href":"https:\/\/newblogs.correiobraziliense.com.br\/vivabrasilia\/wp-json\/wp\/v2\/posts"}],"about":[{"href":"https:\/\/newblogs.correiobraziliense.com.br\/vivabrasilia\/wp-json\/wp\/v2\/types\/post"}],"author":[{"embeddable":true,"href":"https:\/\/newblogs.correiobraziliense.com.br\/vivabrasilia\/wp-json\/wp\/v2\/users\/7"}],"replies":[{"embeddable":true,"href":"https:\/\/newblogs.correiobraziliense.com.br\/vivabrasilia\/wp-json\/wp\/v2\/comments?post=6383"}],"version-history":[{"count":1,"href":"https:\/\/newblogs.correiobraziliense.com.br\/vivabrasilia\/wp-json\/wp\/v2\/posts\/6383\/revisions"}],"predecessor-version":[{"id":6384,"href":"https:\/\/newblogs.correiobraziliense.com.br\/vivabrasilia\/wp-json\/wp\/v2\/posts\/6383\/revisions\/6384"}],"wp:featuredmedia":[{"embeddable":true,"href":"https:\/\/newblogs.correiobraziliense.com.br\/vivabrasilia\/wp-json\/wp\/v2\/media\/6361"}],"wp:attachment":[{"href":"https:\/\/newblogs.correiobraziliense.com.br\/vivabrasilia\/wp-json\/wp\/v2\/media?parent=6383"}],"wp:term":[{"taxonomy":"category","embeddable":true,"href":"https:\/\/newblogs.correiobraziliense.com.br\/vivabrasilia\/wp-json\/wp\/v2\/categories?post=6383"},{"taxonomy":"post_tag","embeddable":true,"href":"https:\/\/newblogs.correiobraziliense.com.br\/vivabrasilia\/wp-json\/wp\/v2\/tags?post=6383"}],"curies":[{"name":"wp","href":"https:\/\/api.w.org\/{rel}","templated":true}]}}