{"id":6354,"date":"2026-04-29T00:23:46","date_gmt":"2026-04-29T03:23:46","guid":{"rendered":"https:\/\/newblogs.correiobraziliense.com.br\/vivabrasilia\/?p=6354"},"modified":"2026-04-29T00:23:48","modified_gmt":"2026-04-29T03:23:48","slug":"exposicao-no-museu-nacional-explora-dialogo-entre-artistas-e-curadores","status":"publish","type":"post","link":"https:\/\/newblogs.correiobraziliense.com.br\/vivabrasilia\/exposicao-no-museu-nacional-explora-dialogo-entre-artistas-e-curadores\/","title":{"rendered":"Exposi\u00e7\u00e3o no Museu Nacional explora di\u00e1logo entre artistas e curadores"},"content":{"rendered":"\n<p>A Galeria 2 do Museu Nacional da Rep\u00fablica abriu, na quinta-feira, a mostra D\u00edpticos: Arte e Curadoria, reunindo amigos e familiares dos artistas e curadores, al\u00e9m de entusiastas da arte, em uma noite de inaugura\u00e7\u00e3o marcada pelo encontro de diferentes linguagens e olhares. Com curadoria principal de Cinara Barbosa e L\u00e9o Tavares, a exposi\u00e7\u00e3o prop\u00f5e um di\u00e1logo direto entre artistas e curadores, organizados em duplas, que exploram rela\u00e7\u00f5es de contraste, complementaridade e tens\u00e3o, a partir do conceito de d\u00edptico. O projeto aposta em uma constru\u00e7\u00e3o colaborativa e processual, em que cria\u00e7\u00e3o art\u00edstica e pensamento curatorial se atravessam, resultando em obras que investigam mem\u00f3ria, territ\u00f3rio, identidade e materialidade. A visita\u00e7\u00e3o segue aberta ao p\u00fablico at\u00e9 21 de junho.<\/p>\n\n\n<div class=\"slider-wrapper\"><div class=\"slider\">\n<figure class=\"wp-block-gallery has-nested-images columns-default is-cropped wp-block-gallery-1 is-layout-flex wp-block-gallery-is-layout-flex\">\n<figure class=\"wp-block-image size-large\"><img loading=\"lazy\" decoding=\"async\" width=\"1024\" height=\"682\" data-id=\"6356\" src=\"https:\/\/newblogs.correiobraziliense.com.br\/vivabrasilia\/wp-content\/uploads\/sites\/4\/2026\/04\/2-Cinara-Barbosa-e-Leo-Tavares-1024x682.jpg\" alt=\"\" class=\"wp-image-6356\" srcset=\"https:\/\/newblogs.correiobraziliense.com.br\/vivabrasilia\/wp-content\/uploads\/sites\/4\/2026\/04\/2-Cinara-Barbosa-e-Leo-Tavares-1024x682.jpg 1024w, https:\/\/newblogs.correiobraziliense.com.br\/vivabrasilia\/wp-content\/uploads\/sites\/4\/2026\/04\/2-Cinara-Barbosa-e-Leo-Tavares-300x200.jpg 300w, https:\/\/newblogs.correiobraziliense.com.br\/vivabrasilia\/wp-content\/uploads\/sites\/4\/2026\/04\/2-Cinara-Barbosa-e-Leo-Tavares-768x512.jpg 768w, https:\/\/newblogs.correiobraziliense.com.br\/vivabrasilia\/wp-content\/uploads\/sites\/4\/2026\/04\/2-Cinara-Barbosa-e-Leo-Tavares-1536x1024.jpg 1536w, https:\/\/newblogs.correiobraziliense.com.br\/vivabrasilia\/wp-content\/uploads\/sites\/4\/2026\/04\/2-Cinara-Barbosa-e-Leo-Tavares.jpg 2000w\" sizes=\"auto, (max-width: 1024px) 100vw, 1024px\" \/><figcaption class=\"wp-element-caption\">Cinara Barbosa e Leo Tavares<\/figcaption><\/figure>\n\n\n\n<figure class=\"wp-block-image size-large\"><img loading=\"lazy\" decoding=\"async\" width=\"1024\" height=\"682\" data-id=\"6358\" src=\"https:\/\/newblogs.correiobraziliense.com.br\/vivabrasilia\/wp-content\/uploads\/sites\/4\/2026\/04\/4-Lea-Juliana-e-Suyan-de-Mattos-1024x682.jpg\" alt=\"\" class=\"wp-image-6358\" srcset=\"https:\/\/newblogs.correiobraziliense.com.br\/vivabrasilia\/wp-content\/uploads\/sites\/4\/2026\/04\/4-Lea-Juliana-e-Suyan-de-Mattos-1024x682.jpg 1024w, https:\/\/newblogs.correiobraziliense.com.br\/vivabrasilia\/wp-content\/uploads\/sites\/4\/2026\/04\/4-Lea-Juliana-e-Suyan-de-Mattos-300x200.jpg 300w, https:\/\/newblogs.correiobraziliense.com.br\/vivabrasilia\/wp-content\/uploads\/sites\/4\/2026\/04\/4-Lea-Juliana-e-Suyan-de-Mattos-768x512.jpg 768w, https:\/\/newblogs.correiobraziliense.com.br\/vivabrasilia\/wp-content\/uploads\/sites\/4\/2026\/04\/4-Lea-Juliana-e-Suyan-de-Mattos-1536x1024.jpg 1536w, https:\/\/newblogs.correiobraziliense.com.br\/vivabrasilia\/wp-content\/uploads\/sites\/4\/2026\/04\/4-Lea-Juliana-e-Suyan-de-Mattos.jpg 2000w\" sizes=\"auto, (max-width: 1024px) 100vw, 1024px\" \/><figcaption class=\"wp-element-caption\">Lea Juliana e Suyan de Mattos<\/figcaption><\/figure>\n\n\n\n<figure class=\"wp-block-image size-large\"><img loading=\"lazy\" decoding=\"async\" width=\"1024\" height=\"682\" data-id=\"6357\" src=\"https:\/\/newblogs.correiobraziliense.com.br\/vivabrasilia\/wp-content\/uploads\/sites\/4\/2026\/04\/3-Joao-Marcos-e-Gabriela-Marra-1024x682.jpg\" alt=\"\" class=\"wp-image-6357\" srcset=\"https:\/\/newblogs.correiobraziliense.com.br\/vivabrasilia\/wp-content\/uploads\/sites\/4\/2026\/04\/3-Joao-Marcos-e-Gabriela-Marra-1024x682.jpg 1024w, https:\/\/newblogs.correiobraziliense.com.br\/vivabrasilia\/wp-content\/uploads\/sites\/4\/2026\/04\/3-Joao-Marcos-e-Gabriela-Marra-300x200.jpg 300w, https:\/\/newblogs.correiobraziliense.com.br\/vivabrasilia\/wp-content\/uploads\/sites\/4\/2026\/04\/3-Joao-Marcos-e-Gabriela-Marra-768x512.jpg 768w, https:\/\/newblogs.correiobraziliense.com.br\/vivabrasilia\/wp-content\/uploads\/sites\/4\/2026\/04\/3-Joao-Marcos-e-Gabriela-Marra-1536x1024.jpg 1536w, https:\/\/newblogs.correiobraziliense.com.br\/vivabrasilia\/wp-content\/uploads\/sites\/4\/2026\/04\/3-Joao-Marcos-e-Gabriela-Marra.jpg 2000w\" sizes=\"auto, (max-width: 1024px) 100vw, 1024px\" \/><figcaption class=\"wp-element-caption\">Jo\u00e3o Marcos e Gabriela Marra<\/figcaption><\/figure>\n\n\n\n<figure class=\"wp-block-image size-large\"><img loading=\"lazy\" decoding=\"async\" width=\"1024\" height=\"682\" data-id=\"6364\" src=\"https:\/\/newblogs.correiobraziliense.com.br\/vivabrasilia\/wp-content\/uploads\/sites\/4\/2026\/04\/Alan-Oliveira-Aisha-Rainha-e-Cida-Lima-1024x682.jpg\" alt=\"\" class=\"wp-image-6364\" srcset=\"https:\/\/newblogs.correiobraziliense.com.br\/vivabrasilia\/wp-content\/uploads\/sites\/4\/2026\/04\/Alan-Oliveira-Aisha-Rainha-e-Cida-Lima-1024x682.jpg 1024w, https:\/\/newblogs.correiobraziliense.com.br\/vivabrasilia\/wp-content\/uploads\/sites\/4\/2026\/04\/Alan-Oliveira-Aisha-Rainha-e-Cida-Lima-300x200.jpg 300w, https:\/\/newblogs.correiobraziliense.com.br\/vivabrasilia\/wp-content\/uploads\/sites\/4\/2026\/04\/Alan-Oliveira-Aisha-Rainha-e-Cida-Lima-768x512.jpg 768w, https:\/\/newblogs.correiobraziliense.com.br\/vivabrasilia\/wp-content\/uploads\/sites\/4\/2026\/04\/Alan-Oliveira-Aisha-Rainha-e-Cida-Lima-1536x1024.jpg 1536w, https:\/\/newblogs.correiobraziliense.com.br\/vivabrasilia\/wp-content\/uploads\/sites\/4\/2026\/04\/Alan-Oliveira-Aisha-Rainha-e-Cida-Lima.jpg 2000w\" sizes=\"auto, (max-width: 1024px) 100vw, 1024px\" \/><figcaption class=\"wp-element-caption\">Alan Oliveira, Aisha Rainha e Cida Lima<\/figcaption><\/figure>\n\n\n\n<figure class=\"wp-block-image size-large\"><img loading=\"lazy\" decoding=\"async\" width=\"1024\" height=\"682\" data-id=\"6371\" src=\"https:\/\/newblogs.correiobraziliense.com.br\/vivabrasilia\/wp-content\/uploads\/sites\/4\/2026\/04\/Joao-Marcos-Marra-e-Gabriela-Marra-Mada-Granja-Gustavo-Carvalho-Antunes-e-Gabriela-Rosa-1024x682.jpg\" alt=\"\" class=\"wp-image-6371\" srcset=\"https:\/\/newblogs.correiobraziliense.com.br\/vivabrasilia\/wp-content\/uploads\/sites\/4\/2026\/04\/Joao-Marcos-Marra-e-Gabriela-Marra-Mada-Granja-Gustavo-Carvalho-Antunes-e-Gabriela-Rosa-1024x682.jpg 1024w, https:\/\/newblogs.correiobraziliense.com.br\/vivabrasilia\/wp-content\/uploads\/sites\/4\/2026\/04\/Joao-Marcos-Marra-e-Gabriela-Marra-Mada-Granja-Gustavo-Carvalho-Antunes-e-Gabriela-Rosa-300x200.jpg 300w, https:\/\/newblogs.correiobraziliense.com.br\/vivabrasilia\/wp-content\/uploads\/sites\/4\/2026\/04\/Joao-Marcos-Marra-e-Gabriela-Marra-Mada-Granja-Gustavo-Carvalho-Antunes-e-Gabriela-Rosa-768x512.jpg 768w, https:\/\/newblogs.correiobraziliense.com.br\/vivabrasilia\/wp-content\/uploads\/sites\/4\/2026\/04\/Joao-Marcos-Marra-e-Gabriela-Marra-Mada-Granja-Gustavo-Carvalho-Antunes-e-Gabriela-Rosa-1536x1024.jpg 1536w, https:\/\/newblogs.correiobraziliense.com.br\/vivabrasilia\/wp-content\/uploads\/sites\/4\/2026\/04\/Joao-Marcos-Marra-e-Gabriela-Marra-Mada-Granja-Gustavo-Carvalho-Antunes-e-Gabriela-Rosa.jpg 2000w\" sizes=\"auto, (max-width: 1024px) 100vw, 1024px\" \/><figcaption class=\"wp-element-caption\">Jo\u00e3o Marcos Marra e Gabriela Marra, Mad\u00e1 Granja, Gustavo Carvalho Antunes e Gabriela Rosa<\/figcaption><\/figure>\n\n\n\n<figure class=\"wp-block-image size-large\"><img loading=\"lazy\" decoding=\"async\" width=\"1024\" height=\"682\" data-id=\"6365\" src=\"https:\/\/newblogs.correiobraziliense.com.br\/vivabrasilia\/wp-content\/uploads\/sites\/4\/2026\/04\/Enthony-Sousa-e-Carlos-Lin-1024x682.jpg\" alt=\"\" class=\"wp-image-6365\" srcset=\"https:\/\/newblogs.correiobraziliense.com.br\/vivabrasilia\/wp-content\/uploads\/sites\/4\/2026\/04\/Enthony-Sousa-e-Carlos-Lin-1024x682.jpg 1024w, https:\/\/newblogs.correiobraziliense.com.br\/vivabrasilia\/wp-content\/uploads\/sites\/4\/2026\/04\/Enthony-Sousa-e-Carlos-Lin-300x200.jpg 300w, https:\/\/newblogs.correiobraziliense.com.br\/vivabrasilia\/wp-content\/uploads\/sites\/4\/2026\/04\/Enthony-Sousa-e-Carlos-Lin-768x512.jpg 768w, https:\/\/newblogs.correiobraziliense.com.br\/vivabrasilia\/wp-content\/uploads\/sites\/4\/2026\/04\/Enthony-Sousa-e-Carlos-Lin-1536x1024.jpg 1536w, https:\/\/newblogs.correiobraziliense.com.br\/vivabrasilia\/wp-content\/uploads\/sites\/4\/2026\/04\/Enthony-Sousa-e-Carlos-Lin.jpg 2000w\" sizes=\"auto, (max-width: 1024px) 100vw, 1024px\" \/><figcaption class=\"wp-element-caption\">Enthony Sousa e Carlos Lin<\/figcaption><\/figure>\n\n\n\n<figure class=\"wp-block-image size-large\"><img loading=\"lazy\" decoding=\"async\" width=\"1024\" height=\"682\" data-id=\"6366\" src=\"https:\/\/newblogs.correiobraziliense.com.br\/vivabrasilia\/wp-content\/uploads\/sites\/4\/2026\/04\/Gabriel-Matos-e-Arthur-Gomes-Barbosa-1024x682.jpg\" alt=\"\" class=\"wp-image-6366\" srcset=\"https:\/\/newblogs.correiobraziliense.com.br\/vivabrasilia\/wp-content\/uploads\/sites\/4\/2026\/04\/Gabriel-Matos-e-Arthur-Gomes-Barbosa-1024x682.jpg 1024w, https:\/\/newblogs.correiobraziliense.com.br\/vivabrasilia\/wp-content\/uploads\/sites\/4\/2026\/04\/Gabriel-Matos-e-Arthur-Gomes-Barbosa-300x200.jpg 300w, https:\/\/newblogs.correiobraziliense.com.br\/vivabrasilia\/wp-content\/uploads\/sites\/4\/2026\/04\/Gabriel-Matos-e-Arthur-Gomes-Barbosa-768x512.jpg 768w, https:\/\/newblogs.correiobraziliense.com.br\/vivabrasilia\/wp-content\/uploads\/sites\/4\/2026\/04\/Gabriel-Matos-e-Arthur-Gomes-Barbosa-1536x1024.jpg 1536w, https:\/\/newblogs.correiobraziliense.com.br\/vivabrasilia\/wp-content\/uploads\/sites\/4\/2026\/04\/Gabriel-Matos-e-Arthur-Gomes-Barbosa.jpg 2000w\" sizes=\"auto, (max-width: 1024px) 100vw, 1024px\" \/><figcaption class=\"wp-element-caption\">Gabriel Matos e Arthur Gomes Barbosa<\/figcaption><\/figure>\n\n\n\n<figure class=\"wp-block-image size-large\"><img loading=\"lazy\" decoding=\"async\" width=\"1024\" height=\"682\" data-id=\"6367\" src=\"https:\/\/newblogs.correiobraziliense.com.br\/vivabrasilia\/wp-content\/uploads\/sites\/4\/2026\/04\/Gabriel-Xavier-e-Rafael-Bonfim-1024x682.jpg\" alt=\"\" class=\"wp-image-6367\" srcset=\"https:\/\/newblogs.correiobraziliense.com.br\/vivabrasilia\/wp-content\/uploads\/sites\/4\/2026\/04\/Gabriel-Xavier-e-Rafael-Bonfim-1024x682.jpg 1024w, https:\/\/newblogs.correiobraziliense.com.br\/vivabrasilia\/wp-content\/uploads\/sites\/4\/2026\/04\/Gabriel-Xavier-e-Rafael-Bonfim-300x200.jpg 300w, https:\/\/newblogs.correiobraziliense.com.br\/vivabrasilia\/wp-content\/uploads\/sites\/4\/2026\/04\/Gabriel-Xavier-e-Rafael-Bonfim-768x512.jpg 768w, https:\/\/newblogs.correiobraziliense.com.br\/vivabrasilia\/wp-content\/uploads\/sites\/4\/2026\/04\/Gabriel-Xavier-e-Rafael-Bonfim-1536x1024.jpg 1536w, https:\/\/newblogs.correiobraziliense.com.br\/vivabrasilia\/wp-content\/uploads\/sites\/4\/2026\/04\/Gabriel-Xavier-e-Rafael-Bonfim.jpg 2000w\" sizes=\"auto, (max-width: 1024px) 100vw, 1024px\" \/><figcaption class=\"wp-element-caption\">Gabriel Xavier e Rafael Bonfim<\/figcaption><\/figure>\n\n\n\n<figure class=\"wp-block-image size-large\"><img loading=\"lazy\" decoding=\"async\" width=\"1024\" height=\"682\" data-id=\"6369\" src=\"https:\/\/newblogs.correiobraziliense.com.br\/vivabrasilia\/wp-content\/uploads\/sites\/4\/2026\/04\/Gu-da-Cei-e-Alan-Oliveira-1024x682.jpg\" alt=\"\" class=\"wp-image-6369\" srcset=\"https:\/\/newblogs.correiobraziliense.com.br\/vivabrasilia\/wp-content\/uploads\/sites\/4\/2026\/04\/Gu-da-Cei-e-Alan-Oliveira-1024x682.jpg 1024w, https:\/\/newblogs.correiobraziliense.com.br\/vivabrasilia\/wp-content\/uploads\/sites\/4\/2026\/04\/Gu-da-Cei-e-Alan-Oliveira-300x200.jpg 300w, https:\/\/newblogs.correiobraziliense.com.br\/vivabrasilia\/wp-content\/uploads\/sites\/4\/2026\/04\/Gu-da-Cei-e-Alan-Oliveira-768x512.jpg 768w, https:\/\/newblogs.correiobraziliense.com.br\/vivabrasilia\/wp-content\/uploads\/sites\/4\/2026\/04\/Gu-da-Cei-e-Alan-Oliveira-1536x1024.jpg 1536w, https:\/\/newblogs.correiobraziliense.com.br\/vivabrasilia\/wp-content\/uploads\/sites\/4\/2026\/04\/Gu-da-Cei-e-Alan-Oliveira.jpg 2000w\" sizes=\"auto, (max-width: 1024px) 100vw, 1024px\" \/><figcaption class=\"wp-element-caption\">Gu da Cei e Alan Oliveira<\/figcaption><\/figure>\n\n\n\n<figure class=\"wp-block-image size-large\"><img loading=\"lazy\" decoding=\"async\" width=\"1024\" height=\"682\" data-id=\"6370\" src=\"https:\/\/newblogs.correiobraziliense.com.br\/vivabrasilia\/wp-content\/uploads\/sites\/4\/2026\/04\/Gu-da-Cei-Larissa-Alves-Clara-Noda-Cicero-Nora-e-Sarah-Noda-1024x682.jpg\" alt=\"\" class=\"wp-image-6370\" srcset=\"https:\/\/newblogs.correiobraziliense.com.br\/vivabrasilia\/wp-content\/uploads\/sites\/4\/2026\/04\/Gu-da-Cei-Larissa-Alves-Clara-Noda-Cicero-Nora-e-Sarah-Noda-1024x682.jpg 1024w, https:\/\/newblogs.correiobraziliense.com.br\/vivabrasilia\/wp-content\/uploads\/sites\/4\/2026\/04\/Gu-da-Cei-Larissa-Alves-Clara-Noda-Cicero-Nora-e-Sarah-Noda-300x200.jpg 300w, https:\/\/newblogs.correiobraziliense.com.br\/vivabrasilia\/wp-content\/uploads\/sites\/4\/2026\/04\/Gu-da-Cei-Larissa-Alves-Clara-Noda-Cicero-Nora-e-Sarah-Noda-768x512.jpg 768w, https:\/\/newblogs.correiobraziliense.com.br\/vivabrasilia\/wp-content\/uploads\/sites\/4\/2026\/04\/Gu-da-Cei-Larissa-Alves-Clara-Noda-Cicero-Nora-e-Sarah-Noda-1536x1024.jpg 1536w, https:\/\/newblogs.correiobraziliense.com.br\/vivabrasilia\/wp-content\/uploads\/sites\/4\/2026\/04\/Gu-da-Cei-Larissa-Alves-Clara-Noda-Cicero-Nora-e-Sarah-Noda.jpg 2000w\" sizes=\"auto, (max-width: 1024px) 100vw, 1024px\" \/><figcaption class=\"wp-element-caption\">Gu da Cei, Larissa Alves, Clara Noda, Cicero Nora e Sarah Noda<\/figcaption><\/figure>\n<\/figure>\n<\/div>\n\t\t\t<div class=\"slider-nav\">\n\t\t\t\t<button class=\"prev\">\n\t\t\t\t<svg xmlns=\"http:\/\/www.w3.org\/2000\/svg\" width=\"26\" height=\"45\" viewBox=\"0 0 26 45\" fill=\"none\">\n\t\t\t\t<path d=\"M24.9118 0.990519C25.5461 1.62494 25.9023 2.48528 25.9023 3.38235C25.9023 4.27943 25.5461 5.13977 24.9118 5.77419L8.16559 22.5204L24.9118 39.2667C25.5281 39.9047 25.8691 40.7593 25.8614 41.6463C25.8537 42.5334 25.4979 43.3819 24.8706 44.0091C24.2434 44.6364 23.3948 44.9922 22.5078 44.9999C21.6208 45.0076 20.7662 44.6666 20.1282 44.0503L0.990082 24.9123C0.355853 24.2778 -0.000438023 23.4175 -0.000438023 22.5204C-0.000438023 21.6234 0.355853 20.763 0.990082 20.1286L20.1282 0.990519C20.7626 0.35629 21.6229 0 22.52 0C23.4171 0 24.2774 0.35629 24.9118 0.990519Z\" fill=\"white\" fill-opacity=\"0.7\"><\/path>\n\t\t\t\t<\/svg>\n\t\t\t\t<\/button>\n\t\t\t\t<button class=\"next\">\n\t\t\t\t<svg xmlns=\"http:\/\/www.w3.org\/2000\/svg\" width=\"26\" height=\"45\" viewBox=\"0 0 26 45\" fill=\"none\">\n\t\t\t\t<path d=\"M0.99052 0.990519C0.356291 1.62494 0 2.48528 0 3.38235C0 4.27943 0.356291 5.13977 0.99052 5.77419L17.7368 22.5204L0.99052 39.2667C0.374265 39.9047 0.0332682 40.7593 0.0409763 41.6463C0.0486844 42.5334 0.40448 43.3819 1.03173 44.0091C1.65898 44.6364 2.5075 44.9922 3.39453 44.9999C4.28156 45.0076 5.13613 44.6666 5.77419 44.0503L24.9123 24.9123C25.5465 24.2778 25.9028 23.4175 25.9028 22.5204C25.9028 21.6234 25.5465 20.763 24.9123 20.1286L5.77419 0.990519C5.13977 0.35629 4.27943 0 3.38235 0C2.48528 0 1.62494 0.35629 0.99052 0.990519Z\" fill=\"white\" fill-opacity=\"0.7\"><\/path>\n\t\t\t\t<\/svg>\n\t\t\t\t<\/button>\n\t\t\t<\/div>\n\t\t\t<div class=\"slider-dots\"><\/div>\n\t\t\t<\/div>\n\n\n\n","protected":false},"excerpt":{"rendered":"<p>A mostra D\u00edpticos: Arte e Curadoria re\u00fane obras constru\u00eddas em parceria e investiga rela\u00e7\u00f5es de contraste e complementaridade<\/p>\n","protected":false},"author":7,"featured_media":6355,"comment_status":"closed","ping_status":"open","sticky":false,"template":"","format":"standard","meta":{"_acf_changed":false,"inline_featured_image":false,"footnotes":""},"categories":[72],"tags":[9,1236,159,1217,950],"class_list":["post-6354","post","type-post","status-publish","format-standard","has-post-thumbnail","hentry","category-arte","tag-brasilia","tag-dipticos","tag-exposicao","tag-museu-nacional","tag-social"],"acf":[],"yoast_head":"<!-- This site is optimized with the Yoast SEO plugin v27.3 - https:\/\/yoast.com\/product\/yoast-seo-wordpress\/ -->\n<title>Exposi\u00e7\u00e3o no Museu Nacional explora di\u00e1logo entre artistas e curadores - Viva Bras\u00edlia<\/title>\n<meta name=\"robots\" content=\"index, follow, max-snippet:-1, max-image-preview:large, max-video-preview:-1\" \/>\n<link rel=\"canonical\" href=\"https:\/\/newblogs.correiobraziliense.com.br\/vivabrasilia\/exposicao-no-museu-nacional-explora-dialogo-entre-artistas-e-curadores\/\" \/>\n<meta property=\"og:locale\" content=\"pt_BR\" \/>\n<meta property=\"og:type\" content=\"article\" \/>\n<meta property=\"og:title\" content=\"Exposi\u00e7\u00e3o no Museu Nacional explora di\u00e1logo entre artistas e curadores - Viva Bras\u00edlia\" \/>\n<meta property=\"og:description\" content=\"A mostra D\u00edpticos: Arte e Curadoria re\u00fane obras constru\u00eddas em parceria e investiga rela\u00e7\u00f5es de contraste e complementaridade\" \/>\n<meta property=\"og:url\" content=\"https:\/\/newblogs.correiobraziliense.com.br\/vivabrasilia\/exposicao-no-museu-nacional-explora-dialogo-entre-artistas-e-curadores\/\" \/>\n<meta property=\"og:site_name\" content=\"Viva Bras\u00edlia\" \/>\n<meta property=\"article:published_time\" content=\"2026-04-29T03:23:46+00:00\" \/>\n<meta property=\"article:modified_time\" content=\"2026-04-29T03:23:48+00:00\" \/>\n<meta property=\"og:image\" content=\"https:\/\/newblogs.correiobraziliense.com.br\/vivabrasilia\/wp-content\/uploads\/sites\/4\/2026\/04\/1-Gabriela-Rosa-Mada-Granja-e-Adriana-Marques.jpg\" \/>\n\t<meta property=\"og:image:width\" content=\"2000\" \/>\n\t<meta property=\"og:image:height\" content=\"1333\" \/>\n\t<meta property=\"og:image:type\" content=\"image\/jpeg\" \/>\n<meta name=\"author\" content=\"Mariana Campos\" \/>\n<!-- \/ Yoast SEO plugin. -->","yoast_head_json":{"title":"Exposi\u00e7\u00e3o no Museu Nacional explora di\u00e1logo entre artistas e curadores - Viva Bras\u00edlia","robots":{"index":"index","follow":"follow","max-snippet":"max-snippet:-1","max-image-preview":"max-image-preview:large","max-video-preview":"max-video-preview:-1"},"canonical":"https:\/\/newblogs.correiobraziliense.com.br\/vivabrasilia\/exposicao-no-museu-nacional-explora-dialogo-entre-artistas-e-curadores\/","og_locale":"pt_BR","og_type":"article","og_title":"Exposi\u00e7\u00e3o no Museu Nacional explora di\u00e1logo entre artistas e curadores - Viva Bras\u00edlia","og_description":"A mostra D\u00edpticos: Arte e Curadoria re\u00fane obras constru\u00eddas em parceria e investiga rela\u00e7\u00f5es de contraste e complementaridade","og_url":"https:\/\/newblogs.correiobraziliense.com.br\/vivabrasilia\/exposicao-no-museu-nacional-explora-dialogo-entre-artistas-e-curadores\/","og_site_name":"Viva Bras\u00edlia","article_published_time":"2026-04-29T03:23:46+00:00","article_modified_time":"2026-04-29T03:23:48+00:00","og_image":[{"width":2000,"height":1333,"url":"https:\/\/newblogs.correiobraziliense.com.br\/vivabrasilia\/wp-content\/uploads\/sites\/4\/2026\/04\/1-Gabriela-Rosa-Mada-Granja-e-Adriana-Marques.jpg","type":"image\/jpeg"}],"author":"Mariana Campos","schema":{"@context":"https:\/\/schema.org","@graph":[{"@type":"Article","@id":"https:\/\/newblogs.correiobraziliense.com.br\/vivabrasilia\/exposicao-no-museu-nacional-explora-dialogo-entre-artistas-e-curadores\/#article","isPartOf":{"@id":"https:\/\/newblogs.correiobraziliense.com.br\/vivabrasilia\/exposicao-no-museu-nacional-explora-dialogo-entre-artistas-e-curadores\/"},"author":{"name":"Mariana Campos","@id":"https:\/\/newblogs.correiobraziliense.com.br\/vivabrasilia\/#\/schema\/person\/018c75775aaa6ead74dde48a78ac7fa1"},"headline":"Exposi\u00e7\u00e3o no Museu Nacional explora di\u00e1logo entre artistas e curadores","datePublished":"2026-04-29T03:23:46+00:00","dateModified":"2026-04-29T03:23:48+00:00","mainEntityOfPage":{"@id":"https:\/\/newblogs.correiobraziliense.com.br\/vivabrasilia\/exposicao-no-museu-nacional-explora-dialogo-entre-artistas-e-curadores\/"},"wordCount":218,"image":{"@id":"https:\/\/newblogs.correiobraziliense.com.br\/vivabrasilia\/exposicao-no-museu-nacional-explora-dialogo-entre-artistas-e-curadores\/#primaryimage"},"thumbnailUrl":"https:\/\/newblogs.correiobraziliense.com.br\/vivabrasilia\/wp-content\/uploads\/sites\/4\/2026\/04\/1-Gabriela-Rosa-Mada-Granja-e-Adriana-Marques.jpg","keywords":["Bras\u00edlia","Dipticos","Exposi\u00e7\u00e3o","Museu Nacional","Social"],"articleSection":["Arte"],"inLanguage":"pt-BR"},{"@type":"WebPage","@id":"https:\/\/newblogs.correiobraziliense.com.br\/vivabrasilia\/exposicao-no-museu-nacional-explora-dialogo-entre-artistas-e-curadores\/","url":"https:\/\/newblogs.correiobraziliense.com.br\/vivabrasilia\/exposicao-no-museu-nacional-explora-dialogo-entre-artistas-e-curadores\/","name":"Exposi\u00e7\u00e3o no Museu Nacional explora di\u00e1logo entre artistas e curadores - Viva Bras\u00edlia","isPartOf":{"@id":"https:\/\/newblogs.correiobraziliense.com.br\/vivabrasilia\/#website"},"primaryImageOfPage":{"@id":"https:\/\/newblogs.correiobraziliense.com.br\/vivabrasilia\/exposicao-no-museu-nacional-explora-dialogo-entre-artistas-e-curadores\/#primaryimage"},"image":{"@id":"https:\/\/newblogs.correiobraziliense.com.br\/vivabrasilia\/exposicao-no-museu-nacional-explora-dialogo-entre-artistas-e-curadores\/#primaryimage"},"thumbnailUrl":"https:\/\/newblogs.correiobraziliense.com.br\/vivabrasilia\/wp-content\/uploads\/sites\/4\/2026\/04\/1-Gabriela-Rosa-Mada-Granja-e-Adriana-Marques.jpg","datePublished":"2026-04-29T03:23:46+00:00","dateModified":"2026-04-29T03:23:48+00:00","author":{"@id":"https:\/\/newblogs.correiobraziliense.com.br\/vivabrasilia\/#\/schema\/person\/018c75775aaa6ead74dde48a78ac7fa1"},"breadcrumb":{"@id":"https:\/\/newblogs.correiobraziliense.com.br\/vivabrasilia\/exposicao-no-museu-nacional-explora-dialogo-entre-artistas-e-curadores\/#breadcrumb"},"inLanguage":"pt-BR","potentialAction":[{"@type":"ReadAction","target":["https:\/\/newblogs.correiobraziliense.com.br\/vivabrasilia\/exposicao-no-museu-nacional-explora-dialogo-entre-artistas-e-curadores\/"]}]},{"@type":"ImageObject","inLanguage":"pt-BR","@id":"https:\/\/newblogs.correiobraziliense.com.br\/vivabrasilia\/exposicao-no-museu-nacional-explora-dialogo-entre-artistas-e-curadores\/#primaryimage","url":"https:\/\/newblogs.correiobraziliense.com.br\/vivabrasilia\/wp-content\/uploads\/sites\/4\/2026\/04\/1-Gabriela-Rosa-Mada-Granja-e-Adriana-Marques.jpg","contentUrl":"https:\/\/newblogs.correiobraziliense.com.br\/vivabrasilia\/wp-content\/uploads\/sites\/4\/2026\/04\/1-Gabriela-Rosa-Mada-Granja-e-Adriana-Marques.jpg","width":2000,"height":1333,"caption":"Gabriela Rosa, Mad\u00e1 Granja e Adriana Marques | Foto: Mariana Campos"},{"@type":"BreadcrumbList","@id":"https:\/\/newblogs.correiobraziliense.com.br\/vivabrasilia\/exposicao-no-museu-nacional-explora-dialogo-entre-artistas-e-curadores\/#breadcrumb","itemListElement":[{"@type":"ListItem","position":1,"name":"In\u00edcio","item":"https:\/\/newblogs.correiobraziliense.com.br\/vivabrasilia\/"},{"@type":"ListItem","position":2,"name":"Exposi\u00e7\u00e3o no Museu Nacional explora di\u00e1logo entre artistas e curadores"}]},{"@type":"WebSite","@id":"https:\/\/newblogs.correiobraziliense.com.br\/vivabrasilia\/#website","url":"https:\/\/newblogs.correiobraziliense.com.br\/vivabrasilia\/","name":"Viva Bras\u00edlia","description":"Coluna de estilo de vida","potentialAction":[{"@type":"SearchAction","target":{"@type":"EntryPoint","urlTemplate":"https:\/\/newblogs.correiobraziliense.com.br\/vivabrasilia\/?s={search_term_string}"},"query-input":{"@type":"PropertyValueSpecification","valueRequired":true,"valueName":"search_term_string"}}],"inLanguage":"pt-BR"},{"@type":"Person","@id":"https:\/\/newblogs.correiobraziliense.com.br\/vivabrasilia\/#\/schema\/person\/018c75775aaa6ead74dde48a78ac7fa1","name":"Mariana Campos","image":{"@type":"ImageObject","inLanguage":"pt-BR","@id":"https:\/\/secure.gravatar.com\/avatar\/97cd13271bc36c11415a45e9f8192828452de6a8c0e24857edbf96d21752260f?s=96&d=mm&r=g","url":"https:\/\/secure.gravatar.com\/avatar\/97cd13271bc36c11415a45e9f8192828452de6a8c0e24857edbf96d21752260f?s=96&d=mm&r=g","contentUrl":"https:\/\/secure.gravatar.com\/avatar\/97cd13271bc36c11415a45e9f8192828452de6a8c0e24857edbf96d21752260f?s=96&d=mm&r=g","caption":"Mariana Campos"},"description":"Colunista da Viva Bras\u00edlia, Mariana escreve e fotografa para a coluna. Formada em Comunica\u00e7\u00e3o, aprofundou-se no jornalismo e agora une a escrita com a fotografia para mostrar que a capital \u00e9 uma cidade viva que n\u00e3o se resume ao poder. Tamb\u00e9m faz a cobertura de moda para seu blog, Pliss\u00ea, e para as redes sociais do Correio.","sameAs":["http:\/\/newblogs.correiobraziliense.com\/plisse","https:\/\/www.instagram.com\/marigrigori"],"url":"https:\/\/newblogs.correiobraziliense.com.br\/vivabrasilia\/author\/marivivabrasilia\/"}]}},"_links":{"self":[{"href":"https:\/\/newblogs.correiobraziliense.com.br\/vivabrasilia\/wp-json\/wp\/v2\/posts\/6354","targetHints":{"allow":["GET"]}}],"collection":[{"href":"https:\/\/newblogs.correiobraziliense.com.br\/vivabrasilia\/wp-json\/wp\/v2\/posts"}],"about":[{"href":"https:\/\/newblogs.correiobraziliense.com.br\/vivabrasilia\/wp-json\/wp\/v2\/types\/post"}],"author":[{"embeddable":true,"href":"https:\/\/newblogs.correiobraziliense.com.br\/vivabrasilia\/wp-json\/wp\/v2\/users\/7"}],"replies":[{"embeddable":true,"href":"https:\/\/newblogs.correiobraziliense.com.br\/vivabrasilia\/wp-json\/wp\/v2\/comments?post=6354"}],"version-history":[{"count":1,"href":"https:\/\/newblogs.correiobraziliense.com.br\/vivabrasilia\/wp-json\/wp\/v2\/posts\/6354\/revisions"}],"predecessor-version":[{"id":6377,"href":"https:\/\/newblogs.correiobraziliense.com.br\/vivabrasilia\/wp-json\/wp\/v2\/posts\/6354\/revisions\/6377"}],"wp:featuredmedia":[{"embeddable":true,"href":"https:\/\/newblogs.correiobraziliense.com.br\/vivabrasilia\/wp-json\/wp\/v2\/media\/6355"}],"wp:attachment":[{"href":"https:\/\/newblogs.correiobraziliense.com.br\/vivabrasilia\/wp-json\/wp\/v2\/media?parent=6354"}],"wp:term":[{"taxonomy":"category","embeddable":true,"href":"https:\/\/newblogs.correiobraziliense.com.br\/vivabrasilia\/wp-json\/wp\/v2\/categories?post=6354"},{"taxonomy":"post_tag","embeddable":true,"href":"https:\/\/newblogs.correiobraziliense.com.br\/vivabrasilia\/wp-json\/wp\/v2\/tags?post=6354"}],"curies":[{"name":"wp","href":"https:\/\/api.w.org\/{rel}","templated":true}]}}