{"id":6323,"date":"2026-04-26T15:02:41","date_gmt":"2026-04-26T18:02:41","guid":{"rendered":"https:\/\/newblogs.correiobraziliense.com.br\/vivabrasilia\/?p=6323"},"modified":"2026-04-26T15:21:16","modified_gmt":"2026-04-26T18:21:16","slug":"exposicao-no-brasilia-shopping-faz-ode-ao-cerrado","status":"publish","type":"post","link":"https:\/\/newblogs.correiobraziliense.com.br\/vivabrasilia\/exposicao-no-brasilia-shopping-faz-ode-ao-cerrado\/","title":{"rendered":"Exposi\u00e7\u00e3o no Bras\u00edlia Shopping faz ode ao Cerrado"},"content":{"rendered":"\n<p>O Bras\u00edlia Shopping reuniu convidados especiais para celebrar mais um ano de sua trajet\u00f3ria e apresentar a nova exposi\u00e7\u00e3o Bras\u00edlia Cerrado na noite de quarta-feira. Em cartaz at\u00e9 16 de maio, a mostra prop\u00f5e uma leitura sens\u00edvel do bioma a partir de texturas, tons e movimentos, com uma homenagem \u00e0s secas do Cerrado. \u00c9 uma forma de refor\u00e7ar o di\u00e1logo entre o urbano e o natural, conectando arquitetura, identidade e paisagem local. Complementares \u00e0 exposi\u00e7\u00e3o, haver\u00e1 tamb\u00e9m oficinas de estamparia manual, jardinagem e aquarela.<\/p>\n\n\n<div class=\"slider-wrapper\"><div class=\"slider\">\n<figure class=\"wp-block-gallery has-nested-images columns-default is-cropped wp-block-gallery-1 is-layout-flex wp-block-gallery-is-layout-flex\">\n<figure class=\"wp-block-image size-large\"><img loading=\"lazy\" decoding=\"async\" width=\"1024\" height=\"682\" data-id=\"6324\" src=\"https:\/\/newblogs.correiobraziliense.com.br\/vivabrasilia\/wp-content\/uploads\/sites\/4\/2026\/04\/22-Maira-Gadelha-Claudia-Pereira-e-Wilma-Pereira-1024x682.jpg\" alt=\"\" class=\"wp-image-6324\" srcset=\"https:\/\/newblogs.correiobraziliense.com.br\/vivabrasilia\/wp-content\/uploads\/sites\/4\/2026\/04\/22-Maira-Gadelha-Claudia-Pereira-e-Wilma-Pereira-1024x682.jpg 1024w, https:\/\/newblogs.correiobraziliense.com.br\/vivabrasilia\/wp-content\/uploads\/sites\/4\/2026\/04\/22-Maira-Gadelha-Claudia-Pereira-e-Wilma-Pereira-300x200.jpg 300w, https:\/\/newblogs.correiobraziliense.com.br\/vivabrasilia\/wp-content\/uploads\/sites\/4\/2026\/04\/22-Maira-Gadelha-Claudia-Pereira-e-Wilma-Pereira-768x512.jpg 768w, https:\/\/newblogs.correiobraziliense.com.br\/vivabrasilia\/wp-content\/uploads\/sites\/4\/2026\/04\/22-Maira-Gadelha-Claudia-Pereira-e-Wilma-Pereira-1536x1024.jpg 1536w, https:\/\/newblogs.correiobraziliense.com.br\/vivabrasilia\/wp-content\/uploads\/sites\/4\/2026\/04\/22-Maira-Gadelha-Claudia-Pereira-e-Wilma-Pereira.jpg 2000w\" sizes=\"auto, (max-width: 1024px) 100vw, 1024px\" \/><figcaption class=\"wp-element-caption\">Ma\u00edra Gadelha, Cl\u00e1udia Pereira e Wilma Pereira<\/figcaption><\/figure>\n\n\n\n<figure class=\"wp-block-image size-large\"><img loading=\"lazy\" decoding=\"async\" width=\"1024\" height=\"682\" data-id=\"6326\" src=\"https:\/\/newblogs.correiobraziliense.com.br\/vivabrasilia\/wp-content\/uploads\/sites\/4\/2026\/04\/33-Geraldo-Mello-Renata-Monnerat-e-Gilberto-Azevedo-1024x682.jpg\" alt=\"\" class=\"wp-image-6326\" srcset=\"https:\/\/newblogs.correiobraziliense.com.br\/vivabrasilia\/wp-content\/uploads\/sites\/4\/2026\/04\/33-Geraldo-Mello-Renata-Monnerat-e-Gilberto-Azevedo-1024x682.jpg 1024w, https:\/\/newblogs.correiobraziliense.com.br\/vivabrasilia\/wp-content\/uploads\/sites\/4\/2026\/04\/33-Geraldo-Mello-Renata-Monnerat-e-Gilberto-Azevedo-300x200.jpg 300w, https:\/\/newblogs.correiobraziliense.com.br\/vivabrasilia\/wp-content\/uploads\/sites\/4\/2026\/04\/33-Geraldo-Mello-Renata-Monnerat-e-Gilberto-Azevedo-768x512.jpg 768w, https:\/\/newblogs.correiobraziliense.com.br\/vivabrasilia\/wp-content\/uploads\/sites\/4\/2026\/04\/33-Geraldo-Mello-Renata-Monnerat-e-Gilberto-Azevedo-1536x1024.jpg 1536w, https:\/\/newblogs.correiobraziliense.com.br\/vivabrasilia\/wp-content\/uploads\/sites\/4\/2026\/04\/33-Geraldo-Mello-Renata-Monnerat-e-Gilberto-Azevedo.jpg 2000w\" sizes=\"auto, (max-width: 1024px) 100vw, 1024px\" \/><figcaption class=\"wp-element-caption\">Geraldo Mello, Renata Monnerat e Gilberto Azevedo<\/figcaption><\/figure>\n\n\n\n<figure class=\"wp-block-image size-large\"><img loading=\"lazy\" decoding=\"async\" width=\"1024\" height=\"682\" data-id=\"6327\" src=\"https:\/\/newblogs.correiobraziliense.com.br\/vivabrasilia\/wp-content\/uploads\/sites\/4\/2026\/04\/44-Angela-Araujo-Tiffany-Mea-Araujo-e-Emilia-Wolf-1024x682.jpg\" alt=\"\" class=\"wp-image-6327\" srcset=\"https:\/\/newblogs.correiobraziliense.com.br\/vivabrasilia\/wp-content\/uploads\/sites\/4\/2026\/04\/44-Angela-Araujo-Tiffany-Mea-Araujo-e-Emilia-Wolf-1024x682.jpg 1024w, https:\/\/newblogs.correiobraziliense.com.br\/vivabrasilia\/wp-content\/uploads\/sites\/4\/2026\/04\/44-Angela-Araujo-Tiffany-Mea-Araujo-e-Emilia-Wolf-300x200.jpg 300w, https:\/\/newblogs.correiobraziliense.com.br\/vivabrasilia\/wp-content\/uploads\/sites\/4\/2026\/04\/44-Angela-Araujo-Tiffany-Mea-Araujo-e-Emilia-Wolf-768x512.jpg 768w, https:\/\/newblogs.correiobraziliense.com.br\/vivabrasilia\/wp-content\/uploads\/sites\/4\/2026\/04\/44-Angela-Araujo-Tiffany-Mea-Araujo-e-Emilia-Wolf-1536x1024.jpg 1536w, https:\/\/newblogs.correiobraziliense.com.br\/vivabrasilia\/wp-content\/uploads\/sites\/4\/2026\/04\/44-Angela-Araujo-Tiffany-Mea-Araujo-e-Emilia-Wolf.jpg 2000w\" sizes=\"auto, (max-width: 1024px) 100vw, 1024px\" \/><figcaption class=\"wp-element-caption\">Angela Araujo, Tiffany, Mea Araujo e Emilia Wolf<\/figcaption><\/figure>\n\n\n\n<figure class=\"wp-block-image size-large\"><img loading=\"lazy\" decoding=\"async\" width=\"1024\" height=\"682\" data-id=\"6348\" src=\"https:\/\/newblogs.correiobraziliense.com.br\/vivabrasilia\/wp-content\/uploads\/sites\/4\/2026\/04\/Daisy-Barros-Jose-Raposo-e-Celia-Estrela-1024x682.jpg\" alt=\"\" class=\"wp-image-6348\" srcset=\"https:\/\/newblogs.correiobraziliense.com.br\/vivabrasilia\/wp-content\/uploads\/sites\/4\/2026\/04\/Daisy-Barros-Jose-Raposo-e-Celia-Estrela-1024x682.jpg 1024w, https:\/\/newblogs.correiobraziliense.com.br\/vivabrasilia\/wp-content\/uploads\/sites\/4\/2026\/04\/Daisy-Barros-Jose-Raposo-e-Celia-Estrela-300x200.jpg 300w, https:\/\/newblogs.correiobraziliense.com.br\/vivabrasilia\/wp-content\/uploads\/sites\/4\/2026\/04\/Daisy-Barros-Jose-Raposo-e-Celia-Estrela-768x512.jpg 768w, https:\/\/newblogs.correiobraziliense.com.br\/vivabrasilia\/wp-content\/uploads\/sites\/4\/2026\/04\/Daisy-Barros-Jose-Raposo-e-Celia-Estrela-1536x1024.jpg 1536w, https:\/\/newblogs.correiobraziliense.com.br\/vivabrasilia\/wp-content\/uploads\/sites\/4\/2026\/04\/Daisy-Barros-Jose-Raposo-e-Celia-Estrela.jpg 2000w\" sizes=\"auto, (max-width: 1024px) 100vw, 1024px\" \/><figcaption class=\"wp-element-caption\">Daisy Barros, Jos\u00e9 Raposo e Celia Estrela<\/figcaption><\/figure>\n\n\n\n<figure class=\"wp-block-image size-large\"><img loading=\"lazy\" decoding=\"async\" width=\"1024\" height=\"682\" data-id=\"6349\" src=\"https:\/\/newblogs.correiobraziliense.com.br\/vivabrasilia\/wp-content\/uploads\/sites\/4\/2026\/04\/Darla-Sierra-e-Duda-Maia-1024x682.jpg\" alt=\"\" class=\"wp-image-6349\" srcset=\"https:\/\/newblogs.correiobraziliense.com.br\/vivabrasilia\/wp-content\/uploads\/sites\/4\/2026\/04\/Darla-Sierra-e-Duda-Maia-1024x682.jpg 1024w, https:\/\/newblogs.correiobraziliense.com.br\/vivabrasilia\/wp-content\/uploads\/sites\/4\/2026\/04\/Darla-Sierra-e-Duda-Maia-300x200.jpg 300w, https:\/\/newblogs.correiobraziliense.com.br\/vivabrasilia\/wp-content\/uploads\/sites\/4\/2026\/04\/Darla-Sierra-e-Duda-Maia-768x512.jpg 768w, https:\/\/newblogs.correiobraziliense.com.br\/vivabrasilia\/wp-content\/uploads\/sites\/4\/2026\/04\/Darla-Sierra-e-Duda-Maia-1536x1024.jpg 1536w, https:\/\/newblogs.correiobraziliense.com.br\/vivabrasilia\/wp-content\/uploads\/sites\/4\/2026\/04\/Darla-Sierra-e-Duda-Maia.jpg 2000w\" sizes=\"auto, (max-width: 1024px) 100vw, 1024px\" \/><figcaption class=\"wp-element-caption\">Darla Sierra e Duda Maia<\/figcaption><\/figure>\n\n\n\n<figure class=\"wp-block-image size-large\"><img loading=\"lazy\" decoding=\"async\" width=\"1024\" height=\"682\" data-id=\"6350\" src=\"https:\/\/newblogs.correiobraziliense.com.br\/vivabrasilia\/wp-content\/uploads\/sites\/4\/2026\/04\/IMG_8558-1024x682.jpg\" alt=\"\" class=\"wp-image-6350\" srcset=\"https:\/\/newblogs.correiobraziliense.com.br\/vivabrasilia\/wp-content\/uploads\/sites\/4\/2026\/04\/IMG_8558-1024x682.jpg 1024w, https:\/\/newblogs.correiobraziliense.com.br\/vivabrasilia\/wp-content\/uploads\/sites\/4\/2026\/04\/IMG_8558-300x200.jpg 300w, https:\/\/newblogs.correiobraziliense.com.br\/vivabrasilia\/wp-content\/uploads\/sites\/4\/2026\/04\/IMG_8558-768x512.jpg 768w, https:\/\/newblogs.correiobraziliense.com.br\/vivabrasilia\/wp-content\/uploads\/sites\/4\/2026\/04\/IMG_8558-1536x1024.jpg 1536w, https:\/\/newblogs.correiobraziliense.com.br\/vivabrasilia\/wp-content\/uploads\/sites\/4\/2026\/04\/IMG_8558.jpg 2000w\" sizes=\"auto, (max-width: 1024px) 100vw, 1024px\" \/><figcaption class=\"wp-element-caption\">Karla Abreu e Wesley Santos<\/figcaption><\/figure>\n\n\n\n<figure class=\"wp-block-image size-large\"><img loading=\"lazy\" decoding=\"async\" width=\"1024\" height=\"682\" data-id=\"6351\" src=\"https:\/\/newblogs.correiobraziliense.com.br\/vivabrasilia\/wp-content\/uploads\/sites\/4\/2026\/04\/Taina-Frota-e-Daniel-Mangabeira-1024x682.jpg\" alt=\"\" class=\"wp-image-6351\" srcset=\"https:\/\/newblogs.correiobraziliense.com.br\/vivabrasilia\/wp-content\/uploads\/sites\/4\/2026\/04\/Taina-Frota-e-Daniel-Mangabeira-1024x682.jpg 1024w, https:\/\/newblogs.correiobraziliense.com.br\/vivabrasilia\/wp-content\/uploads\/sites\/4\/2026\/04\/Taina-Frota-e-Daniel-Mangabeira-300x200.jpg 300w, https:\/\/newblogs.correiobraziliense.com.br\/vivabrasilia\/wp-content\/uploads\/sites\/4\/2026\/04\/Taina-Frota-e-Daniel-Mangabeira-768x512.jpg 768w, https:\/\/newblogs.correiobraziliense.com.br\/vivabrasilia\/wp-content\/uploads\/sites\/4\/2026\/04\/Taina-Frota-e-Daniel-Mangabeira-1536x1024.jpg 1536w, https:\/\/newblogs.correiobraziliense.com.br\/vivabrasilia\/wp-content\/uploads\/sites\/4\/2026\/04\/Taina-Frota-e-Daniel-Mangabeira.jpg 2000w\" sizes=\"auto, (max-width: 1024px) 100vw, 1024px\" \/><figcaption class=\"wp-element-caption\">Taina Frota e Daniel Mangabeira<\/figcaption><\/figure>\n\n\n\n<figure class=\"wp-block-image size-large\"><img loading=\"lazy\" decoding=\"async\" width=\"1024\" height=\"682\" data-id=\"6352\" src=\"https:\/\/newblogs.correiobraziliense.com.br\/vivabrasilia\/wp-content\/uploads\/sites\/4\/2026\/04\/Tiago-Correa-e-Fernando-Lackman-1024x682.jpg\" alt=\"\" class=\"wp-image-6352\" srcset=\"https:\/\/newblogs.correiobraziliense.com.br\/vivabrasilia\/wp-content\/uploads\/sites\/4\/2026\/04\/Tiago-Correa-e-Fernando-Lackman-1024x682.jpg 1024w, https:\/\/newblogs.correiobraziliense.com.br\/vivabrasilia\/wp-content\/uploads\/sites\/4\/2026\/04\/Tiago-Correa-e-Fernando-Lackman-300x200.jpg 300w, https:\/\/newblogs.correiobraziliense.com.br\/vivabrasilia\/wp-content\/uploads\/sites\/4\/2026\/04\/Tiago-Correa-e-Fernando-Lackman-768x512.jpg 768w, https:\/\/newblogs.correiobraziliense.com.br\/vivabrasilia\/wp-content\/uploads\/sites\/4\/2026\/04\/Tiago-Correa-e-Fernando-Lackman-1536x1024.jpg 1536w, https:\/\/newblogs.correiobraziliense.com.br\/vivabrasilia\/wp-content\/uploads\/sites\/4\/2026\/04\/Tiago-Correa-e-Fernando-Lackman.jpg 2000w\" sizes=\"auto, (max-width: 1024px) 100vw, 1024px\" \/><figcaption class=\"wp-element-caption\">Tiago Correa e Fernando Lackman<\/figcaption><\/figure>\n<\/figure>\n<\/div>\n\t\t\t<div class=\"slider-nav\">\n\t\t\t\t<button class=\"prev\">\n\t\t\t\t<svg xmlns=\"http:\/\/www.w3.org\/2000\/svg\" width=\"26\" height=\"45\" viewBox=\"0 0 26 45\" fill=\"none\">\n\t\t\t\t<path d=\"M24.9118 0.990519C25.5461 1.62494 25.9023 2.48528 25.9023 3.38235C25.9023 4.27943 25.5461 5.13977 24.9118 5.77419L8.16559 22.5204L24.9118 39.2667C25.5281 39.9047 25.8691 40.7593 25.8614 41.6463C25.8537 42.5334 25.4979 43.3819 24.8706 44.0091C24.2434 44.6364 23.3948 44.9922 22.5078 44.9999C21.6208 45.0076 20.7662 44.6666 20.1282 44.0503L0.990082 24.9123C0.355853 24.2778 -0.000438023 23.4175 -0.000438023 22.5204C-0.000438023 21.6234 0.355853 20.763 0.990082 20.1286L20.1282 0.990519C20.7626 0.35629 21.6229 0 22.52 0C23.4171 0 24.2774 0.35629 24.9118 0.990519Z\" fill=\"white\" fill-opacity=\"0.7\"><\/path>\n\t\t\t\t<\/svg>\n\t\t\t\t<\/button>\n\t\t\t\t<button class=\"next\">\n\t\t\t\t<svg xmlns=\"http:\/\/www.w3.org\/2000\/svg\" width=\"26\" height=\"45\" viewBox=\"0 0 26 45\" fill=\"none\">\n\t\t\t\t<path d=\"M0.99052 0.990519C0.356291 1.62494 0 2.48528 0 3.38235C0 4.27943 0.356291 5.13977 0.99052 5.77419L17.7368 22.5204L0.99052 39.2667C0.374265 39.9047 0.0332682 40.7593 0.0409763 41.6463C0.0486844 42.5334 0.40448 43.3819 1.03173 44.0091C1.65898 44.6364 2.5075 44.9922 3.39453 44.9999C4.28156 45.0076 5.13613 44.6666 5.77419 44.0503L24.9123 24.9123C25.5465 24.2778 25.9028 23.4175 25.9028 22.5204C25.9028 21.6234 25.5465 20.763 24.9123 20.1286L5.77419 0.990519C5.13977 0.35629 4.27943 0 3.38235 0C2.48528 0 1.62494 0.35629 0.99052 0.990519Z\" fill=\"white\" fill-opacity=\"0.7\"><\/path>\n\t\t\t\t<\/svg>\n\t\t\t\t<\/button>\n\t\t\t<\/div>\n\t\t\t<div class=\"slider-dots\"><\/div>\n\t\t\t<\/div>","protected":false},"excerpt":{"rendered":"<p>O shopping celebra mais um ano de exist\u00eancia com uma mostra que faz homenagem ao bioma e oficinas criativas na programa\u00e7\u00e3o<\/p>\n","protected":false},"author":7,"featured_media":6325,"comment_status":"closed","ping_status":"open","sticky":false,"template":"","format":"standard","meta":{"_acf_changed":false,"inline_featured_image":false,"footnotes":""},"categories":[72],"tags":[9,231,880,159,950],"class_list":["post-6323","post","type-post","status-publish","format-standard","has-post-thumbnail","hentry","category-arte","tag-brasilia","tag-brasilia-shopping","tag-cerrado","tag-exposicao","tag-social"],"acf":[],"yoast_head":"<!-- This site is optimized with the Yoast SEO plugin v27.3 - https:\/\/yoast.com\/product\/yoast-seo-wordpress\/ -->\n<title>Exposi\u00e7\u00e3o no Bras\u00edlia Shopping faz ode ao Cerrado - Viva Bras\u00edlia<\/title>\n<meta name=\"robots\" content=\"index, follow, max-snippet:-1, max-image-preview:large, max-video-preview:-1\" \/>\n<link rel=\"canonical\" href=\"https:\/\/newblogs.correiobraziliense.com.br\/vivabrasilia\/exposicao-no-brasilia-shopping-faz-ode-ao-cerrado\/\" \/>\n<meta property=\"og:locale\" content=\"pt_BR\" \/>\n<meta property=\"og:type\" content=\"article\" \/>\n<meta property=\"og:title\" content=\"Exposi\u00e7\u00e3o no Bras\u00edlia Shopping faz ode ao Cerrado - Viva Bras\u00edlia\" \/>\n<meta property=\"og:description\" content=\"O shopping celebra mais um ano de exist\u00eancia com uma mostra que faz homenagem ao bioma e oficinas criativas na programa\u00e7\u00e3o\" \/>\n<meta property=\"og:url\" content=\"https:\/\/newblogs.correiobraziliense.com.br\/vivabrasilia\/exposicao-no-brasilia-shopping-faz-ode-ao-cerrado\/\" \/>\n<meta property=\"og:site_name\" content=\"Viva Bras\u00edlia\" \/>\n<meta property=\"article:published_time\" content=\"2026-04-26T18:02:41+00:00\" \/>\n<meta property=\"article:modified_time\" content=\"2026-04-26T18:21:16+00:00\" \/>\n<meta property=\"og:image\" content=\"https:\/\/newblogs.correiobraziliense.com.br\/vivabrasilia\/wp-content\/uploads\/sites\/4\/2026\/04\/11-Naiara-Pontes-Gabriela-Bila-Marilia-Alves-e-Lucas-Seixas.jpg\" \/>\n\t<meta property=\"og:image:width\" content=\"2000\" \/>\n\t<meta property=\"og:image:height\" content=\"1333\" \/>\n\t<meta property=\"og:image:type\" content=\"image\/jpeg\" \/>\n<meta name=\"author\" content=\"Mariana Campos\" \/>\n<!-- \/ Yoast SEO plugin. -->","yoast_head_json":{"title":"Exposi\u00e7\u00e3o no Bras\u00edlia Shopping faz ode ao Cerrado - Viva Bras\u00edlia","robots":{"index":"index","follow":"follow","max-snippet":"max-snippet:-1","max-image-preview":"max-image-preview:large","max-video-preview":"max-video-preview:-1"},"canonical":"https:\/\/newblogs.correiobraziliense.com.br\/vivabrasilia\/exposicao-no-brasilia-shopping-faz-ode-ao-cerrado\/","og_locale":"pt_BR","og_type":"article","og_title":"Exposi\u00e7\u00e3o no Bras\u00edlia Shopping faz ode ao Cerrado - Viva Bras\u00edlia","og_description":"O shopping celebra mais um ano de exist\u00eancia com uma mostra que faz homenagem ao bioma e oficinas criativas na programa\u00e7\u00e3o","og_url":"https:\/\/newblogs.correiobraziliense.com.br\/vivabrasilia\/exposicao-no-brasilia-shopping-faz-ode-ao-cerrado\/","og_site_name":"Viva Bras\u00edlia","article_published_time":"2026-04-26T18:02:41+00:00","article_modified_time":"2026-04-26T18:21:16+00:00","og_image":[{"width":2000,"height":1333,"url":"https:\/\/newblogs.correiobraziliense.com.br\/vivabrasilia\/wp-content\/uploads\/sites\/4\/2026\/04\/11-Naiara-Pontes-Gabriela-Bila-Marilia-Alves-e-Lucas-Seixas.jpg","type":"image\/jpeg"}],"author":"Mariana Campos","schema":{"@context":"https:\/\/schema.org","@graph":[{"@type":"Article","@id":"https:\/\/newblogs.correiobraziliense.com.br\/vivabrasilia\/exposicao-no-brasilia-shopping-faz-ode-ao-cerrado\/#article","isPartOf":{"@id":"https:\/\/newblogs.correiobraziliense.com.br\/vivabrasilia\/exposicao-no-brasilia-shopping-faz-ode-ao-cerrado\/"},"author":{"name":"Mariana Campos","@id":"https:\/\/newblogs.correiobraziliense.com.br\/vivabrasilia\/#\/schema\/person\/018c75775aaa6ead74dde48a78ac7fa1"},"headline":"Exposi\u00e7\u00e3o no Bras\u00edlia Shopping faz ode ao Cerrado","datePublished":"2026-04-26T18:02:41+00:00","dateModified":"2026-04-26T18:21:16+00:00","mainEntityOfPage":{"@id":"https:\/\/newblogs.correiobraziliense.com.br\/vivabrasilia\/exposicao-no-brasilia-shopping-faz-ode-ao-cerrado\/"},"wordCount":152,"image":{"@id":"https:\/\/newblogs.correiobraziliense.com.br\/vivabrasilia\/exposicao-no-brasilia-shopping-faz-ode-ao-cerrado\/#primaryimage"},"thumbnailUrl":"https:\/\/newblogs.correiobraziliense.com.br\/vivabrasilia\/wp-content\/uploads\/sites\/4\/2026\/04\/11-Naiara-Pontes-Gabriela-Bila-Marilia-Alves-e-Lucas-Seixas.jpg","keywords":["Bras\u00edlia","Bras\u00edlia Shopping","Cerrado","Exposi\u00e7\u00e3o","Social"],"articleSection":["Arte"],"inLanguage":"pt-BR"},{"@type":"WebPage","@id":"https:\/\/newblogs.correiobraziliense.com.br\/vivabrasilia\/exposicao-no-brasilia-shopping-faz-ode-ao-cerrado\/","url":"https:\/\/newblogs.correiobraziliense.com.br\/vivabrasilia\/exposicao-no-brasilia-shopping-faz-ode-ao-cerrado\/","name":"Exposi\u00e7\u00e3o no Bras\u00edlia Shopping faz ode ao Cerrado - Viva Bras\u00edlia","isPartOf":{"@id":"https:\/\/newblogs.correiobraziliense.com.br\/vivabrasilia\/#website"},"primaryImageOfPage":{"@id":"https:\/\/newblogs.correiobraziliense.com.br\/vivabrasilia\/exposicao-no-brasilia-shopping-faz-ode-ao-cerrado\/#primaryimage"},"image":{"@id":"https:\/\/newblogs.correiobraziliense.com.br\/vivabrasilia\/exposicao-no-brasilia-shopping-faz-ode-ao-cerrado\/#primaryimage"},"thumbnailUrl":"https:\/\/newblogs.correiobraziliense.com.br\/vivabrasilia\/wp-content\/uploads\/sites\/4\/2026\/04\/11-Naiara-Pontes-Gabriela-Bila-Marilia-Alves-e-Lucas-Seixas.jpg","datePublished":"2026-04-26T18:02:41+00:00","dateModified":"2026-04-26T18:21:16+00:00","author":{"@id":"https:\/\/newblogs.correiobraziliense.com.br\/vivabrasilia\/#\/schema\/person\/018c75775aaa6ead74dde48a78ac7fa1"},"breadcrumb":{"@id":"https:\/\/newblogs.correiobraziliense.com.br\/vivabrasilia\/exposicao-no-brasilia-shopping-faz-ode-ao-cerrado\/#breadcrumb"},"inLanguage":"pt-BR","potentialAction":[{"@type":"ReadAction","target":["https:\/\/newblogs.correiobraziliense.com.br\/vivabrasilia\/exposicao-no-brasilia-shopping-faz-ode-ao-cerrado\/"]}]},{"@type":"ImageObject","inLanguage":"pt-BR","@id":"https:\/\/newblogs.correiobraziliense.com.br\/vivabrasilia\/exposicao-no-brasilia-shopping-faz-ode-ao-cerrado\/#primaryimage","url":"https:\/\/newblogs.correiobraziliense.com.br\/vivabrasilia\/wp-content\/uploads\/sites\/4\/2026\/04\/11-Naiara-Pontes-Gabriela-Bila-Marilia-Alves-e-Lucas-Seixas.jpg","contentUrl":"https:\/\/newblogs.correiobraziliense.com.br\/vivabrasilia\/wp-content\/uploads\/sites\/4\/2026\/04\/11-Naiara-Pontes-Gabriela-Bila-Marilia-Alves-e-Lucas-Seixas.jpg","width":2000,"height":1333,"caption":"Naiara Pontes, Gabriela Bila, Marilia Alves e Lucas Seixas | Foto: Mariana Campos"},{"@type":"BreadcrumbList","@id":"https:\/\/newblogs.correiobraziliense.com.br\/vivabrasilia\/exposicao-no-brasilia-shopping-faz-ode-ao-cerrado\/#breadcrumb","itemListElement":[{"@type":"ListItem","position":1,"name":"In\u00edcio","item":"https:\/\/newblogs.correiobraziliense.com.br\/vivabrasilia\/"},{"@type":"ListItem","position":2,"name":"Exposi\u00e7\u00e3o no Bras\u00edlia Shopping faz ode ao Cerrado"}]},{"@type":"WebSite","@id":"https:\/\/newblogs.correiobraziliense.com.br\/vivabrasilia\/#website","url":"https:\/\/newblogs.correiobraziliense.com.br\/vivabrasilia\/","name":"Viva Bras\u00edlia","description":"Coluna de estilo de vida","potentialAction":[{"@type":"SearchAction","target":{"@type":"EntryPoint","urlTemplate":"https:\/\/newblogs.correiobraziliense.com.br\/vivabrasilia\/?s={search_term_string}"},"query-input":{"@type":"PropertyValueSpecification","valueRequired":true,"valueName":"search_term_string"}}],"inLanguage":"pt-BR"},{"@type":"Person","@id":"https:\/\/newblogs.correiobraziliense.com.br\/vivabrasilia\/#\/schema\/person\/018c75775aaa6ead74dde48a78ac7fa1","name":"Mariana Campos","image":{"@type":"ImageObject","inLanguage":"pt-BR","@id":"https:\/\/secure.gravatar.com\/avatar\/97cd13271bc36c11415a45e9f8192828452de6a8c0e24857edbf96d21752260f?s=96&d=mm&r=g","url":"https:\/\/secure.gravatar.com\/avatar\/97cd13271bc36c11415a45e9f8192828452de6a8c0e24857edbf96d21752260f?s=96&d=mm&r=g","contentUrl":"https:\/\/secure.gravatar.com\/avatar\/97cd13271bc36c11415a45e9f8192828452de6a8c0e24857edbf96d21752260f?s=96&d=mm&r=g","caption":"Mariana Campos"},"description":"Colunista da Viva Bras\u00edlia, Mariana escreve e fotografa para a coluna. Formada em Comunica\u00e7\u00e3o, aprofundou-se no jornalismo e agora une a escrita com a fotografia para mostrar que a capital \u00e9 uma cidade viva que n\u00e3o se resume ao poder. Tamb\u00e9m faz a cobertura de moda para seu blog, Pliss\u00ea, e para as redes sociais do Correio.","sameAs":["http:\/\/newblogs.correiobraziliense.com\/plisse","https:\/\/www.instagram.com\/marigrigori"],"url":"https:\/\/newblogs.correiobraziliense.com.br\/vivabrasilia\/author\/marivivabrasilia\/"}]}},"_links":{"self":[{"href":"https:\/\/newblogs.correiobraziliense.com.br\/vivabrasilia\/wp-json\/wp\/v2\/posts\/6323","targetHints":{"allow":["GET"]}}],"collection":[{"href":"https:\/\/newblogs.correiobraziliense.com.br\/vivabrasilia\/wp-json\/wp\/v2\/posts"}],"about":[{"href":"https:\/\/newblogs.correiobraziliense.com.br\/vivabrasilia\/wp-json\/wp\/v2\/types\/post"}],"author":[{"embeddable":true,"href":"https:\/\/newblogs.correiobraziliense.com.br\/vivabrasilia\/wp-json\/wp\/v2\/users\/7"}],"replies":[{"embeddable":true,"href":"https:\/\/newblogs.correiobraziliense.com.br\/vivabrasilia\/wp-json\/wp\/v2\/comments?post=6323"}],"version-history":[{"count":3,"href":"https:\/\/newblogs.correiobraziliense.com.br\/vivabrasilia\/wp-json\/wp\/v2\/posts\/6323\/revisions"}],"predecessor-version":[{"id":6353,"href":"https:\/\/newblogs.correiobraziliense.com.br\/vivabrasilia\/wp-json\/wp\/v2\/posts\/6323\/revisions\/6353"}],"wp:featuredmedia":[{"embeddable":true,"href":"https:\/\/newblogs.correiobraziliense.com.br\/vivabrasilia\/wp-json\/wp\/v2\/media\/6325"}],"wp:attachment":[{"href":"https:\/\/newblogs.correiobraziliense.com.br\/vivabrasilia\/wp-json\/wp\/v2\/media?parent=6323"}],"wp:term":[{"taxonomy":"category","embeddable":true,"href":"https:\/\/newblogs.correiobraziliense.com.br\/vivabrasilia\/wp-json\/wp\/v2\/categories?post=6323"},{"taxonomy":"post_tag","embeddable":true,"href":"https:\/\/newblogs.correiobraziliense.com.br\/vivabrasilia\/wp-json\/wp\/v2\/tags?post=6323"}],"curies":[{"name":"wp","href":"https:\/\/api.w.org\/{rel}","templated":true}]}}