{"id":6320,"date":"2026-04-26T15:04:27","date_gmt":"2026-04-26T18:04:27","guid":{"rendered":"https:\/\/newblogs.correiobraziliense.com.br\/vivabrasilia\/?p=6320"},"modified":"2026-04-26T15:04:29","modified_gmt":"2026-04-26T18:04:29","slug":"96-anos-de-jose-sarney-nas-paginas-da-historia","status":"publish","type":"post","link":"https:\/\/newblogs.correiobraziliense.com.br\/vivabrasilia\/96-anos-de-jose-sarney-nas-paginas-da-historia\/","title":{"rendered":"96 anos de Jos\u00e9 Sarney nas p\u00e1ginas da hist\u00f3ria"},"content":{"rendered":"\n<p>Celebrar os 96 anos de Jos\u00e9 Sarney \u00e9 reconhecer uma trajet\u00f3ria que atravessa e dialoga com cap\u00edtulos decisivos da hist\u00f3ria pol\u00edtica do nosso pa\u00eds. Com uma carreira marcada pela experi\u00eancia e pela atua\u00e7\u00e3o na vida institucional, o ex-presidente construiu um legado pautado pelo di\u00e1logo e pela presen\u00e7a constante nos debates nacionais. Feliz anivers\u00e1rio!<\/p>\n","protected":false},"excerpt":{"rendered":"<p>O ex-presidente do Brasil comemora 96 anos de uma trajet\u00f3ria que se confunde com a hist\u00f3ria do pa\u00eds<\/p>\n","protected":false},"author":7,"featured_media":6321,"comment_status":"closed","ping_status":"open","sticky":false,"template":"","format":"standard","meta":{"_acf_changed":false,"inline_featured_image":false,"footnotes":""},"categories":[70,918],"tags":[45,1195,372],"class_list":["post-6320","post","type-post","status-publish","format-standard","has-post-thumbnail","hentry","category-aniversario","category-vale-o-registro","tag-aniversario","tag-jose-sarney","tag-vale-o-registro"],"acf":[],"yoast_head":"<!-- This site is optimized with the Yoast SEO plugin v27.3 - https:\/\/yoast.com\/product\/yoast-seo-wordpress\/ -->\n<title>96 anos de Jos\u00e9 Sarney nas p\u00e1ginas da hist\u00f3ria - Viva Bras\u00edlia<\/title>\n<meta name=\"robots\" content=\"index, follow, max-snippet:-1, max-image-preview:large, max-video-preview:-1\" \/>\n<link rel=\"canonical\" href=\"https:\/\/newblogs.correiobraziliense.com.br\/vivabrasilia\/96-anos-de-jose-sarney-nas-paginas-da-historia\/\" \/>\n<meta property=\"og:locale\" content=\"pt_BR\" \/>\n<meta property=\"og:type\" content=\"article\" \/>\n<meta property=\"og:title\" content=\"96 anos de Jos\u00e9 Sarney nas p\u00e1ginas da hist\u00f3ria - Viva Bras\u00edlia\" \/>\n<meta property=\"og:description\" content=\"O ex-presidente do Brasil comemora 96 anos de uma trajet\u00f3ria que se confunde com a hist\u00f3ria do pa\u00eds\" \/>\n<meta property=\"og:url\" content=\"https:\/\/newblogs.correiobraziliense.com.br\/vivabrasilia\/96-anos-de-jose-sarney-nas-paginas-da-historia\/\" \/>\n<meta property=\"og:site_name\" content=\"Viva Bras\u00edlia\" \/>\n<meta property=\"article:published_time\" content=\"2026-04-26T18:04:27+00:00\" \/>\n<meta property=\"article:modified_time\" content=\"2026-04-26T18:04:29+00:00\" \/>\n<meta property=\"og:image\" content=\"https:\/\/newblogs.correiobraziliense.com.br\/vivabrasilia\/wp-content\/uploads\/sites\/4\/2026\/04\/1-Elias-Albuquerque-Raul-Saboia-Claudia-Saboia-presidente-Jose-Sarney-Edmee-Froz-Froz-Sobrinho-e-o-ministro-do-STJ-Reynaldo-Fonseca.jpg\" \/>\n\t<meta property=\"og:image:width\" content=\"2000\" \/>\n\t<meta property=\"og:image:height\" content=\"1500\" \/>\n\t<meta property=\"og:image:type\" content=\"image\/jpeg\" \/>\n<meta name=\"author\" content=\"Mariana Campos\" \/>\n<!-- \/ Yoast SEO plugin. -->","yoast_head_json":{"title":"96 anos de Jos\u00e9 Sarney nas p\u00e1ginas da hist\u00f3ria - Viva Bras\u00edlia","robots":{"index":"index","follow":"follow","max-snippet":"max-snippet:-1","max-image-preview":"max-image-preview:large","max-video-preview":"max-video-preview:-1"},"canonical":"https:\/\/newblogs.correiobraziliense.com.br\/vivabrasilia\/96-anos-de-jose-sarney-nas-paginas-da-historia\/","og_locale":"pt_BR","og_type":"article","og_title":"96 anos de Jos\u00e9 Sarney nas p\u00e1ginas da hist\u00f3ria - Viva Bras\u00edlia","og_description":"O ex-presidente do Brasil comemora 96 anos de uma trajet\u00f3ria que se confunde com a hist\u00f3ria do pa\u00eds","og_url":"https:\/\/newblogs.correiobraziliense.com.br\/vivabrasilia\/96-anos-de-jose-sarney-nas-paginas-da-historia\/","og_site_name":"Viva Bras\u00edlia","article_published_time":"2026-04-26T18:04:27+00:00","article_modified_time":"2026-04-26T18:04:29+00:00","og_image":[{"width":2000,"height":1500,"url":"https:\/\/newblogs.correiobraziliense.com.br\/vivabrasilia\/wp-content\/uploads\/sites\/4\/2026\/04\/1-Elias-Albuquerque-Raul-Saboia-Claudia-Saboia-presidente-Jose-Sarney-Edmee-Froz-Froz-Sobrinho-e-o-ministro-do-STJ-Reynaldo-Fonseca.jpg","type":"image\/jpeg"}],"author":"Mariana Campos","schema":{"@context":"https:\/\/schema.org","@graph":[{"@type":"Article","@id":"https:\/\/newblogs.correiobraziliense.com.br\/vivabrasilia\/96-anos-de-jose-sarney-nas-paginas-da-historia\/#article","isPartOf":{"@id":"https:\/\/newblogs.correiobraziliense.com.br\/vivabrasilia\/96-anos-de-jose-sarney-nas-paginas-da-historia\/"},"author":{"name":"Mariana Campos","@id":"https:\/\/newblogs.correiobraziliense.com.br\/vivabrasilia\/#\/schema\/person\/018c75775aaa6ead74dde48a78ac7fa1"},"headline":"96 anos de Jos\u00e9 Sarney nas p\u00e1ginas da hist\u00f3ria","datePublished":"2026-04-26T18:04:27+00:00","dateModified":"2026-04-26T18:04:29+00:00","mainEntityOfPage":{"@id":"https:\/\/newblogs.correiobraziliense.com.br\/vivabrasilia\/96-anos-de-jose-sarney-nas-paginas-da-historia\/"},"wordCount":71,"image":{"@id":"https:\/\/newblogs.correiobraziliense.com.br\/vivabrasilia\/96-anos-de-jose-sarney-nas-paginas-da-historia\/#primaryimage"},"thumbnailUrl":"https:\/\/newblogs.correiobraziliense.com.br\/vivabrasilia\/wp-content\/uploads\/sites\/4\/2026\/04\/1-Elias-Albuquerque-Raul-Saboia-Claudia-Saboia-presidente-Jose-Sarney-Edmee-Froz-Froz-Sobrinho-e-o-ministro-do-STJ-Reynaldo-Fonseca.jpg","keywords":["Anivers\u00e1rio","Jos\u00e9 Sarney","Vale o Registro"],"articleSection":["Anivers\u00e1rio","Vale o registro"],"inLanguage":"pt-BR"},{"@type":"WebPage","@id":"https:\/\/newblogs.correiobraziliense.com.br\/vivabrasilia\/96-anos-de-jose-sarney-nas-paginas-da-historia\/","url":"https:\/\/newblogs.correiobraziliense.com.br\/vivabrasilia\/96-anos-de-jose-sarney-nas-paginas-da-historia\/","name":"96 anos de Jos\u00e9 Sarney nas p\u00e1ginas da hist\u00f3ria - Viva Bras\u00edlia","isPartOf":{"@id":"https:\/\/newblogs.correiobraziliense.com.br\/vivabrasilia\/#website"},"primaryImageOfPage":{"@id":"https:\/\/newblogs.correiobraziliense.com.br\/vivabrasilia\/96-anos-de-jose-sarney-nas-paginas-da-historia\/#primaryimage"},"image":{"@id":"https:\/\/newblogs.correiobraziliense.com.br\/vivabrasilia\/96-anos-de-jose-sarney-nas-paginas-da-historia\/#primaryimage"},"thumbnailUrl":"https:\/\/newblogs.correiobraziliense.com.br\/vivabrasilia\/wp-content\/uploads\/sites\/4\/2026\/04\/1-Elias-Albuquerque-Raul-Saboia-Claudia-Saboia-presidente-Jose-Sarney-Edmee-Froz-Froz-Sobrinho-e-o-ministro-do-STJ-Reynaldo-Fonseca.jpg","datePublished":"2026-04-26T18:04:27+00:00","dateModified":"2026-04-26T18:04:29+00:00","author":{"@id":"https:\/\/newblogs.correiobraziliense.com.br\/vivabrasilia\/#\/schema\/person\/018c75775aaa6ead74dde48a78ac7fa1"},"breadcrumb":{"@id":"https:\/\/newblogs.correiobraziliense.com.br\/vivabrasilia\/96-anos-de-jose-sarney-nas-paginas-da-historia\/#breadcrumb"},"inLanguage":"pt-BR","potentialAction":[{"@type":"ReadAction","target":["https:\/\/newblogs.correiobraziliense.com.br\/vivabrasilia\/96-anos-de-jose-sarney-nas-paginas-da-historia\/"]}]},{"@type":"ImageObject","inLanguage":"pt-BR","@id":"https:\/\/newblogs.correiobraziliense.com.br\/vivabrasilia\/96-anos-de-jose-sarney-nas-paginas-da-historia\/#primaryimage","url":"https:\/\/newblogs.correiobraziliense.com.br\/vivabrasilia\/wp-content\/uploads\/sites\/4\/2026\/04\/1-Elias-Albuquerque-Raul-Saboia-Claudia-Saboia-presidente-Jose-Sarney-Edmee-Froz-Froz-Sobrinho-e-o-ministro-do-STJ-Reynaldo-Fonseca.jpg","contentUrl":"https:\/\/newblogs.correiobraziliense.com.br\/vivabrasilia\/wp-content\/uploads\/sites\/4\/2026\/04\/1-Elias-Albuquerque-Raul-Saboia-Claudia-Saboia-presidente-Jose-Sarney-Edmee-Froz-Froz-Sobrinho-e-o-ministro-do-STJ-Reynaldo-Fonseca.jpg","width":2000,"height":1500,"caption":"Elias Albuquerque, Raul Sab\u00f3ia, Claudia Sab\u00f3ia, presidente Jos\u00e9 Sarney, Edmee Froz, Froz Sobrinho e o ministro do STJ Reynaldo Fonseca | Foto: Arquivo pessoal"},{"@type":"BreadcrumbList","@id":"https:\/\/newblogs.correiobraziliense.com.br\/vivabrasilia\/96-anos-de-jose-sarney-nas-paginas-da-historia\/#breadcrumb","itemListElement":[{"@type":"ListItem","position":1,"name":"In\u00edcio","item":"https:\/\/newblogs.correiobraziliense.com.br\/vivabrasilia\/"},{"@type":"ListItem","position":2,"name":"96 anos de Jos\u00e9 Sarney nas p\u00e1ginas da hist\u00f3ria"}]},{"@type":"WebSite","@id":"https:\/\/newblogs.correiobraziliense.com.br\/vivabrasilia\/#website","url":"https:\/\/newblogs.correiobraziliense.com.br\/vivabrasilia\/","name":"Viva Bras\u00edlia","description":"Coluna de estilo de vida","potentialAction":[{"@type":"SearchAction","target":{"@type":"EntryPoint","urlTemplate":"https:\/\/newblogs.correiobraziliense.com.br\/vivabrasilia\/?s={search_term_string}"},"query-input":{"@type":"PropertyValueSpecification","valueRequired":true,"valueName":"search_term_string"}}],"inLanguage":"pt-BR"},{"@type":"Person","@id":"https:\/\/newblogs.correiobraziliense.com.br\/vivabrasilia\/#\/schema\/person\/018c75775aaa6ead74dde48a78ac7fa1","name":"Mariana Campos","image":{"@type":"ImageObject","inLanguage":"pt-BR","@id":"https:\/\/secure.gravatar.com\/avatar\/97cd13271bc36c11415a45e9f8192828452de6a8c0e24857edbf96d21752260f?s=96&d=mm&r=g","url":"https:\/\/secure.gravatar.com\/avatar\/97cd13271bc36c11415a45e9f8192828452de6a8c0e24857edbf96d21752260f?s=96&d=mm&r=g","contentUrl":"https:\/\/secure.gravatar.com\/avatar\/97cd13271bc36c11415a45e9f8192828452de6a8c0e24857edbf96d21752260f?s=96&d=mm&r=g","caption":"Mariana Campos"},"description":"Colunista da Viva Bras\u00edlia, Mariana escreve e fotografa para a coluna. Formada em Comunica\u00e7\u00e3o, aprofundou-se no jornalismo e agora une a escrita com a fotografia para mostrar que a capital \u00e9 uma cidade viva que n\u00e3o se resume ao poder. Tamb\u00e9m faz a cobertura de moda para seu blog, Pliss\u00ea, e para as redes sociais do Correio.","sameAs":["http:\/\/newblogs.correiobraziliense.com\/plisse","https:\/\/www.instagram.com\/marigrigori"],"url":"https:\/\/newblogs.correiobraziliense.com.br\/vivabrasilia\/author\/marivivabrasilia\/"}]}},"_links":{"self":[{"href":"https:\/\/newblogs.correiobraziliense.com.br\/vivabrasilia\/wp-json\/wp\/v2\/posts\/6320","targetHints":{"allow":["GET"]}}],"collection":[{"href":"https:\/\/newblogs.correiobraziliense.com.br\/vivabrasilia\/wp-json\/wp\/v2\/posts"}],"about":[{"href":"https:\/\/newblogs.correiobraziliense.com.br\/vivabrasilia\/wp-json\/wp\/v2\/types\/post"}],"author":[{"embeddable":true,"href":"https:\/\/newblogs.correiobraziliense.com.br\/vivabrasilia\/wp-json\/wp\/v2\/users\/7"}],"replies":[{"embeddable":true,"href":"https:\/\/newblogs.correiobraziliense.com.br\/vivabrasilia\/wp-json\/wp\/v2\/comments?post=6320"}],"version-history":[{"count":2,"href":"https:\/\/newblogs.correiobraziliense.com.br\/vivabrasilia\/wp-json\/wp\/v2\/posts\/6320\/revisions"}],"predecessor-version":[{"id":6336,"href":"https:\/\/newblogs.correiobraziliense.com.br\/vivabrasilia\/wp-json\/wp\/v2\/posts\/6320\/revisions\/6336"}],"wp:featuredmedia":[{"embeddable":true,"href":"https:\/\/newblogs.correiobraziliense.com.br\/vivabrasilia\/wp-json\/wp\/v2\/media\/6321"}],"wp:attachment":[{"href":"https:\/\/newblogs.correiobraziliense.com.br\/vivabrasilia\/wp-json\/wp\/v2\/media?parent=6320"}],"wp:term":[{"taxonomy":"category","embeddable":true,"href":"https:\/\/newblogs.correiobraziliense.com.br\/vivabrasilia\/wp-json\/wp\/v2\/categories?post=6320"},{"taxonomy":"post_tag","embeddable":true,"href":"https:\/\/newblogs.correiobraziliense.com.br\/vivabrasilia\/wp-json\/wp\/v2\/tags?post=6320"}],"curies":[{"name":"wp","href":"https:\/\/api.w.org\/{rel}","templated":true}]}}