{"id":5821,"date":"2026-03-13T23:34:39","date_gmt":"2026-03-14T02:34:39","guid":{"rendered":"https:\/\/newblogs.correiobraziliense.com.br\/vivabrasilia\/?p=5821"},"modified":"2026-03-13T23:34:41","modified_gmt":"2026-03-14T02:34:41","slug":"kosushi-sucesso-gastronomico-de-sao-paulo-abre-as-portas-em-brasilia","status":"publish","type":"post","link":"https:\/\/newblogs.correiobraziliense.com.br\/vivabrasilia\/kosushi-sucesso-gastronomico-de-sao-paulo-abre-as-portas-em-brasilia\/","title":{"rendered":"Kosushi: sucesso gastron\u00f4mico de S\u00e3o Paulo abre as portas em Bras\u00edlia"},"content":{"rendered":"\n<p>O estrelado e famoso restaurante japon\u00eas de S\u00e3o Paulo, Kosushi, acabou de desembarcar na capital. Seletos convidados, autoridades e influenciadores tiveram a chance de conhecer o novo espa\u00e7o na \u00faltima quarta-feira e experimentar o card\u00e1pio da casa antes do p\u00fablico geral em uma noite badalada. Situado no shopping Iguatemi, no Lago Norte, o espa\u00e7o foi fundado em 1988 pelo chef George Koshoji, em parceria com Carlinhos Carvalho.<\/p>\n\n\n<div class=\"slider-wrapper\"><div class=\"slider\">\n<figure class=\"wp-block-gallery has-nested-images columns-default is-cropped wp-block-gallery-1 is-layout-flex wp-block-gallery-is-layout-flex\">\n<figure class=\"wp-block-image size-large\"><img loading=\"lazy\" decoding=\"async\" width=\"1024\" height=\"682\" data-id=\"5829\" src=\"https:\/\/newblogs.correiobraziliense.com.br\/vivabrasilia\/wp-content\/uploads\/sites\/4\/2026\/03\/Carlinhos-Carvalho-e-George-Koshoji-1024x682.jpg\" alt=\"\" class=\"wp-image-5829\" srcset=\"https:\/\/newblogs.correiobraziliense.com.br\/vivabrasilia\/wp-content\/uploads\/sites\/4\/2026\/03\/Carlinhos-Carvalho-e-George-Koshoji-1024x682.jpg 1024w, https:\/\/newblogs.correiobraziliense.com.br\/vivabrasilia\/wp-content\/uploads\/sites\/4\/2026\/03\/Carlinhos-Carvalho-e-George-Koshoji-300x200.jpg 300w, https:\/\/newblogs.correiobraziliense.com.br\/vivabrasilia\/wp-content\/uploads\/sites\/4\/2026\/03\/Carlinhos-Carvalho-e-George-Koshoji-768x512.jpg 768w, https:\/\/newblogs.correiobraziliense.com.br\/vivabrasilia\/wp-content\/uploads\/sites\/4\/2026\/03\/Carlinhos-Carvalho-e-George-Koshoji-1536x1024.jpg 1536w, https:\/\/newblogs.correiobraziliense.com.br\/vivabrasilia\/wp-content\/uploads\/sites\/4\/2026\/03\/Carlinhos-Carvalho-e-George-Koshoji.jpg 2000w\" sizes=\"auto, (max-width: 1024px) 100vw, 1024px\" \/><figcaption class=\"wp-element-caption\">11.03.2026. Viva Bras\u00edlia. Mariana Campos\/CB\/D.A Press. Carlinhos Carvalho e George Koshoji<\/figcaption><\/figure>\n\n\n\n<figure class=\"wp-block-image size-large\"><img loading=\"lazy\" decoding=\"async\" width=\"1024\" height=\"682\" data-id=\"5823\" src=\"https:\/\/newblogs.correiobraziliense.com.br\/vivabrasilia\/wp-content\/uploads\/sites\/4\/2026\/03\/2-Eugenio-Lacerda-Rafael-Badra-Luiz-Antonio-Reis-e-Paulo-Octavio-1024x682.jpg\" alt=\"\" class=\"wp-image-5823\" srcset=\"https:\/\/newblogs.correiobraziliense.com.br\/vivabrasilia\/wp-content\/uploads\/sites\/4\/2026\/03\/2-Eugenio-Lacerda-Rafael-Badra-Luiz-Antonio-Reis-e-Paulo-Octavio-1024x682.jpg 1024w, https:\/\/newblogs.correiobraziliense.com.br\/vivabrasilia\/wp-content\/uploads\/sites\/4\/2026\/03\/2-Eugenio-Lacerda-Rafael-Badra-Luiz-Antonio-Reis-e-Paulo-Octavio-300x200.jpg 300w, https:\/\/newblogs.correiobraziliense.com.br\/vivabrasilia\/wp-content\/uploads\/sites\/4\/2026\/03\/2-Eugenio-Lacerda-Rafael-Badra-Luiz-Antonio-Reis-e-Paulo-Octavio-768x512.jpg 768w, https:\/\/newblogs.correiobraziliense.com.br\/vivabrasilia\/wp-content\/uploads\/sites\/4\/2026\/03\/2-Eugenio-Lacerda-Rafael-Badra-Luiz-Antonio-Reis-e-Paulo-Octavio-1536x1024.jpg 1536w, https:\/\/newblogs.correiobraziliense.com.br\/vivabrasilia\/wp-content\/uploads\/sites\/4\/2026\/03\/2-Eugenio-Lacerda-Rafael-Badra-Luiz-Antonio-Reis-e-Paulo-Octavio.jpg 2000w\" sizes=\"auto, (max-width: 1024px) 100vw, 1024px\" \/><figcaption class=\"wp-element-caption\">11.03.2026. Viva Bras\u00edlia. Mariana Campos\/CB\/D.A Press. Eugenio Lacerda, Rafael Badra, Luiz Ant\u00f4nio Reis e Paulo Oct\u00e1vio<\/figcaption><\/figure>\n\n\n\n<figure class=\"wp-block-image size-large\"><img loading=\"lazy\" decoding=\"async\" width=\"1024\" height=\"682\" data-id=\"5824\" src=\"https:\/\/newblogs.correiobraziliense.com.br\/vivabrasilia\/wp-content\/uploads\/sites\/4\/2026\/03\/3-Luiz-Antonio-Reis-Bob-Lima-Rafael-Badra-Silvia-Badra-Juliana-Sabino-Lilian-Lima-e-Viviane-Piquet-2-1024x682.jpg\" alt=\"\" class=\"wp-image-5824\" srcset=\"https:\/\/newblogs.correiobraziliense.com.br\/vivabrasilia\/wp-content\/uploads\/sites\/4\/2026\/03\/3-Luiz-Antonio-Reis-Bob-Lima-Rafael-Badra-Silvia-Badra-Juliana-Sabino-Lilian-Lima-e-Viviane-Piquet-2-1024x682.jpg 1024w, https:\/\/newblogs.correiobraziliense.com.br\/vivabrasilia\/wp-content\/uploads\/sites\/4\/2026\/03\/3-Luiz-Antonio-Reis-Bob-Lima-Rafael-Badra-Silvia-Badra-Juliana-Sabino-Lilian-Lima-e-Viviane-Piquet-2-300x200.jpg 300w, https:\/\/newblogs.correiobraziliense.com.br\/vivabrasilia\/wp-content\/uploads\/sites\/4\/2026\/03\/3-Luiz-Antonio-Reis-Bob-Lima-Rafael-Badra-Silvia-Badra-Juliana-Sabino-Lilian-Lima-e-Viviane-Piquet-2-768x512.jpg 768w, https:\/\/newblogs.correiobraziliense.com.br\/vivabrasilia\/wp-content\/uploads\/sites\/4\/2026\/03\/3-Luiz-Antonio-Reis-Bob-Lima-Rafael-Badra-Silvia-Badra-Juliana-Sabino-Lilian-Lima-e-Viviane-Piquet-2-1536x1024.jpg 1536w, https:\/\/newblogs.correiobraziliense.com.br\/vivabrasilia\/wp-content\/uploads\/sites\/4\/2026\/03\/3-Luiz-Antonio-Reis-Bob-Lima-Rafael-Badra-Silvia-Badra-Juliana-Sabino-Lilian-Lima-e-Viviane-Piquet-2.jpg 2000w\" sizes=\"auto, (max-width: 1024px) 100vw, 1024px\" \/><figcaption class=\"wp-element-caption\">11.03.2026. Viva Bras\u00edlia. Mariana Campos\/CB\/D.A Press. Luiz Antonio Reis, Bob Lima, Rafael Badra, Silvia Badra, Juliana Sabino, Lilian Lima e Viviane Piquet<\/figcaption><\/figure>\n\n\n\n<figure class=\"wp-block-image size-large\"><img loading=\"lazy\" decoding=\"async\" width=\"1024\" height=\"682\" data-id=\"5825\" src=\"https:\/\/newblogs.correiobraziliense.com.br\/vivabrasilia\/wp-content\/uploads\/sites\/4\/2026\/03\/4-Rodrigo-Lourenco-Raquel-Bandeira-Paula-Lurie-e-Guilherme-Tin-1024x682.jpg\" alt=\"\" class=\"wp-image-5825\" srcset=\"https:\/\/newblogs.correiobraziliense.com.br\/vivabrasilia\/wp-content\/uploads\/sites\/4\/2026\/03\/4-Rodrigo-Lourenco-Raquel-Bandeira-Paula-Lurie-e-Guilherme-Tin-1024x682.jpg 1024w, https:\/\/newblogs.correiobraziliense.com.br\/vivabrasilia\/wp-content\/uploads\/sites\/4\/2026\/03\/4-Rodrigo-Lourenco-Raquel-Bandeira-Paula-Lurie-e-Guilherme-Tin-300x200.jpg 300w, https:\/\/newblogs.correiobraziliense.com.br\/vivabrasilia\/wp-content\/uploads\/sites\/4\/2026\/03\/4-Rodrigo-Lourenco-Raquel-Bandeira-Paula-Lurie-e-Guilherme-Tin-768x512.jpg 768w, https:\/\/newblogs.correiobraziliense.com.br\/vivabrasilia\/wp-content\/uploads\/sites\/4\/2026\/03\/4-Rodrigo-Lourenco-Raquel-Bandeira-Paula-Lurie-e-Guilherme-Tin-1536x1024.jpg 1536w, https:\/\/newblogs.correiobraziliense.com.br\/vivabrasilia\/wp-content\/uploads\/sites\/4\/2026\/03\/4-Rodrigo-Lourenco-Raquel-Bandeira-Paula-Lurie-e-Guilherme-Tin.jpg 2000w\" sizes=\"auto, (max-width: 1024px) 100vw, 1024px\" \/><figcaption class=\"wp-element-caption\">11.03.2026. Viva Bras\u00edlia. Mariana Campos\/CB\/D.A Press. Rodrigo Louren\u00e7o, Raquel Bandeira, Paula Lurie e Guilherme Tin<\/figcaption><\/figure>\n\n\n\n<figure class=\"wp-block-image size-large\"><img loading=\"lazy\" decoding=\"async\" width=\"1024\" height=\"682\" data-id=\"5826\" src=\"https:\/\/newblogs.correiobraziliense.com.br\/vivabrasilia\/wp-content\/uploads\/sites\/4\/2026\/03\/Alex-Rodopoulos-e-Julia-Freire-1024x682.jpg\" alt=\"\" class=\"wp-image-5826\" srcset=\"https:\/\/newblogs.correiobraziliense.com.br\/vivabrasilia\/wp-content\/uploads\/sites\/4\/2026\/03\/Alex-Rodopoulos-e-Julia-Freire-1024x682.jpg 1024w, https:\/\/newblogs.correiobraziliense.com.br\/vivabrasilia\/wp-content\/uploads\/sites\/4\/2026\/03\/Alex-Rodopoulos-e-Julia-Freire-300x200.jpg 300w, https:\/\/newblogs.correiobraziliense.com.br\/vivabrasilia\/wp-content\/uploads\/sites\/4\/2026\/03\/Alex-Rodopoulos-e-Julia-Freire-768x512.jpg 768w, https:\/\/newblogs.correiobraziliense.com.br\/vivabrasilia\/wp-content\/uploads\/sites\/4\/2026\/03\/Alex-Rodopoulos-e-Julia-Freire-1536x1024.jpg 1536w, https:\/\/newblogs.correiobraziliense.com.br\/vivabrasilia\/wp-content\/uploads\/sites\/4\/2026\/03\/Alex-Rodopoulos-e-Julia-Freire.jpg 2000w\" sizes=\"auto, (max-width: 1024px) 100vw, 1024px\" \/><figcaption class=\"wp-element-caption\">11.03.2026. Viva Bras\u00edlia. Mariana Campos\/CB\/D.A Press. Alex Rodopoulos e Julia Freire<\/figcaption><\/figure>\n\n\n\n<figure class=\"wp-block-image size-large\"><img loading=\"lazy\" decoding=\"async\" width=\"1024\" height=\"682\" data-id=\"5827\" src=\"https:\/\/newblogs.correiobraziliense.com.br\/vivabrasilia\/wp-content\/uploads\/sites\/4\/2026\/03\/Bruno-Aguiar-e-Juliana-Bandeira-1024x682.jpg\" alt=\"\" class=\"wp-image-5827\" srcset=\"https:\/\/newblogs.correiobraziliense.com.br\/vivabrasilia\/wp-content\/uploads\/sites\/4\/2026\/03\/Bruno-Aguiar-e-Juliana-Bandeira-1024x682.jpg 1024w, https:\/\/newblogs.correiobraziliense.com.br\/vivabrasilia\/wp-content\/uploads\/sites\/4\/2026\/03\/Bruno-Aguiar-e-Juliana-Bandeira-300x200.jpg 300w, https:\/\/newblogs.correiobraziliense.com.br\/vivabrasilia\/wp-content\/uploads\/sites\/4\/2026\/03\/Bruno-Aguiar-e-Juliana-Bandeira-768x512.jpg 768w, https:\/\/newblogs.correiobraziliense.com.br\/vivabrasilia\/wp-content\/uploads\/sites\/4\/2026\/03\/Bruno-Aguiar-e-Juliana-Bandeira-1536x1024.jpg 1536w, https:\/\/newblogs.correiobraziliense.com.br\/vivabrasilia\/wp-content\/uploads\/sites\/4\/2026\/03\/Bruno-Aguiar-e-Juliana-Bandeira.jpg 2000w\" sizes=\"auto, (max-width: 1024px) 100vw, 1024px\" \/><figcaption class=\"wp-element-caption\">11.03.2026. Viva Bras\u00edlia. Mariana Campos\/CB\/D.A Press. Bruno Aguiar e Juliana Bandeira<\/figcaption><\/figure>\n\n\n\n<figure class=\"wp-block-image size-large\"><img loading=\"lazy\" decoding=\"async\" width=\"1024\" height=\"682\" data-id=\"5830\" src=\"https:\/\/newblogs.correiobraziliense.com.br\/vivabrasilia\/wp-content\/uploads\/sites\/4\/2026\/03\/Carol-Mendes-e-Raphaela-Neves-1024x682.jpg\" alt=\"\" class=\"wp-image-5830\" srcset=\"https:\/\/newblogs.correiobraziliense.com.br\/vivabrasilia\/wp-content\/uploads\/sites\/4\/2026\/03\/Carol-Mendes-e-Raphaela-Neves-1024x682.jpg 1024w, https:\/\/newblogs.correiobraziliense.com.br\/vivabrasilia\/wp-content\/uploads\/sites\/4\/2026\/03\/Carol-Mendes-e-Raphaela-Neves-300x200.jpg 300w, https:\/\/newblogs.correiobraziliense.com.br\/vivabrasilia\/wp-content\/uploads\/sites\/4\/2026\/03\/Carol-Mendes-e-Raphaela-Neves-768x512.jpg 768w, https:\/\/newblogs.correiobraziliense.com.br\/vivabrasilia\/wp-content\/uploads\/sites\/4\/2026\/03\/Carol-Mendes-e-Raphaela-Neves-1536x1024.jpg 1536w, https:\/\/newblogs.correiobraziliense.com.br\/vivabrasilia\/wp-content\/uploads\/sites\/4\/2026\/03\/Carol-Mendes-e-Raphaela-Neves.jpg 2000w\" sizes=\"auto, (max-width: 1024px) 100vw, 1024px\" \/><figcaption class=\"wp-element-caption\">11.03.2026. Viva Bras\u00edlia. Mariana Campos\/CB\/D.A Press. Carol Mendes e Raphaela Neves<\/figcaption><\/figure>\n\n\n\n<figure class=\"wp-block-image size-large\"><img loading=\"lazy\" decoding=\"async\" width=\"1024\" height=\"682\" data-id=\"5831\" src=\"https:\/\/newblogs.correiobraziliense.com.br\/vivabrasilia\/wp-content\/uploads\/sites\/4\/2026\/03\/Edberto-Santos-e-Catarina-Castro-dos-Santos-1024x682.jpg\" alt=\"\" class=\"wp-image-5831\" srcset=\"https:\/\/newblogs.correiobraziliense.com.br\/vivabrasilia\/wp-content\/uploads\/sites\/4\/2026\/03\/Edberto-Santos-e-Catarina-Castro-dos-Santos-1024x682.jpg 1024w, https:\/\/newblogs.correiobraziliense.com.br\/vivabrasilia\/wp-content\/uploads\/sites\/4\/2026\/03\/Edberto-Santos-e-Catarina-Castro-dos-Santos-300x200.jpg 300w, https:\/\/newblogs.correiobraziliense.com.br\/vivabrasilia\/wp-content\/uploads\/sites\/4\/2026\/03\/Edberto-Santos-e-Catarina-Castro-dos-Santos-768x512.jpg 768w, https:\/\/newblogs.correiobraziliense.com.br\/vivabrasilia\/wp-content\/uploads\/sites\/4\/2026\/03\/Edberto-Santos-e-Catarina-Castro-dos-Santos-1536x1024.jpg 1536w, https:\/\/newblogs.correiobraziliense.com.br\/vivabrasilia\/wp-content\/uploads\/sites\/4\/2026\/03\/Edberto-Santos-e-Catarina-Castro-dos-Santos.jpg 2000w\" sizes=\"auto, (max-width: 1024px) 100vw, 1024px\" \/><figcaption class=\"wp-element-caption\">11.03.2026. Viva Bras\u00edlia. Mariana Campos\/CB\/D.A Press. Edberto Santos e Catarina Castro dos Santos<\/figcaption><\/figure>\n\n\n\n<figure class=\"wp-block-image size-large\"><img loading=\"lazy\" decoding=\"async\" width=\"1024\" height=\"682\" data-id=\"5832\" src=\"https:\/\/newblogs.correiobraziliense.com.br\/vivabrasilia\/wp-content\/uploads\/sites\/4\/2026\/03\/Filipe-Lima-e-Roberto-Lima-1024x682.jpg\" alt=\"\" class=\"wp-image-5832\" srcset=\"https:\/\/newblogs.correiobraziliense.com.br\/vivabrasilia\/wp-content\/uploads\/sites\/4\/2026\/03\/Filipe-Lima-e-Roberto-Lima-1024x682.jpg 1024w, https:\/\/newblogs.correiobraziliense.com.br\/vivabrasilia\/wp-content\/uploads\/sites\/4\/2026\/03\/Filipe-Lima-e-Roberto-Lima-300x200.jpg 300w, https:\/\/newblogs.correiobraziliense.com.br\/vivabrasilia\/wp-content\/uploads\/sites\/4\/2026\/03\/Filipe-Lima-e-Roberto-Lima-768x512.jpg 768w, https:\/\/newblogs.correiobraziliense.com.br\/vivabrasilia\/wp-content\/uploads\/sites\/4\/2026\/03\/Filipe-Lima-e-Roberto-Lima-1536x1024.jpg 1536w, https:\/\/newblogs.correiobraziliense.com.br\/vivabrasilia\/wp-content\/uploads\/sites\/4\/2026\/03\/Filipe-Lima-e-Roberto-Lima.jpg 2000w\" sizes=\"auto, (max-width: 1024px) 100vw, 1024px\" \/><figcaption class=\"wp-element-caption\">11.03.2026. Viva Bras\u00edlia. Mariana Campos\/CB\/D.A Press. Filipe Lima e Roberto Lima<\/figcaption><\/figure>\n\n\n\n<figure class=\"wp-block-image size-large\"><img loading=\"lazy\" decoding=\"async\" width=\"1024\" height=\"682\" data-id=\"5833\" src=\"https:\/\/newblogs.correiobraziliense.com.br\/vivabrasilia\/wp-content\/uploads\/sites\/4\/2026\/03\/Leo-Marques-e-Raquel-Jones-1024x682.jpg\" alt=\"\" class=\"wp-image-5833\" srcset=\"https:\/\/newblogs.correiobraziliense.com.br\/vivabrasilia\/wp-content\/uploads\/sites\/4\/2026\/03\/Leo-Marques-e-Raquel-Jones-1024x682.jpg 1024w, https:\/\/newblogs.correiobraziliense.com.br\/vivabrasilia\/wp-content\/uploads\/sites\/4\/2026\/03\/Leo-Marques-e-Raquel-Jones-300x200.jpg 300w, https:\/\/newblogs.correiobraziliense.com.br\/vivabrasilia\/wp-content\/uploads\/sites\/4\/2026\/03\/Leo-Marques-e-Raquel-Jones-768x512.jpg 768w, https:\/\/newblogs.correiobraziliense.com.br\/vivabrasilia\/wp-content\/uploads\/sites\/4\/2026\/03\/Leo-Marques-e-Raquel-Jones-1536x1024.jpg 1536w, https:\/\/newblogs.correiobraziliense.com.br\/vivabrasilia\/wp-content\/uploads\/sites\/4\/2026\/03\/Leo-Marques-e-Raquel-Jones.jpg 2000w\" sizes=\"auto, (max-width: 1024px) 100vw, 1024px\" \/><figcaption class=\"wp-element-caption\">11.03.2026. Viva Bras\u00edlia. Mariana Campos\/CB\/D.A Press. Leo Marques e Raquel Jones<\/figcaption><\/figure>\n\n\n\n<figure class=\"wp-block-image size-large\"><img loading=\"lazy\" decoding=\"async\" width=\"1024\" height=\"682\" data-id=\"5835\" src=\"https:\/\/newblogs.correiobraziliense.com.br\/vivabrasilia\/wp-content\/uploads\/sites\/4\/2026\/03\/Raquel-e-Rafaela-Ribeiro-1024x682.jpg\" alt=\"\" class=\"wp-image-5835\" srcset=\"https:\/\/newblogs.correiobraziliense.com.br\/vivabrasilia\/wp-content\/uploads\/sites\/4\/2026\/03\/Raquel-e-Rafaela-Ribeiro-1024x682.jpg 1024w, https:\/\/newblogs.correiobraziliense.com.br\/vivabrasilia\/wp-content\/uploads\/sites\/4\/2026\/03\/Raquel-e-Rafaela-Ribeiro-300x200.jpg 300w, https:\/\/newblogs.correiobraziliense.com.br\/vivabrasilia\/wp-content\/uploads\/sites\/4\/2026\/03\/Raquel-e-Rafaela-Ribeiro-768x512.jpg 768w, https:\/\/newblogs.correiobraziliense.com.br\/vivabrasilia\/wp-content\/uploads\/sites\/4\/2026\/03\/Raquel-e-Rafaela-Ribeiro-1536x1024.jpg 1536w, https:\/\/newblogs.correiobraziliense.com.br\/vivabrasilia\/wp-content\/uploads\/sites\/4\/2026\/03\/Raquel-e-Rafaela-Ribeiro.jpg 2000w\" sizes=\"auto, (max-width: 1024px) 100vw, 1024px\" \/><figcaption class=\"wp-element-caption\">11.03.2026. Viva Bras\u00edlia. Mariana Campos\/CB\/D.A Press. Raquel e Rafaela Ribeiro<\/figcaption><\/figure>\n\n\n\n<figure class=\"wp-block-image size-large\"><img loading=\"lazy\" decoding=\"async\" width=\"1024\" height=\"682\" data-id=\"5836\" src=\"https:\/\/newblogs.correiobraziliense.com.br\/vivabrasilia\/wp-content\/uploads\/sites\/4\/2026\/03\/Thayanne-Lys-e-Andre-Belo-1024x682.jpg\" alt=\"\" class=\"wp-image-5836\" srcset=\"https:\/\/newblogs.correiobraziliense.com.br\/vivabrasilia\/wp-content\/uploads\/sites\/4\/2026\/03\/Thayanne-Lys-e-Andre-Belo-1024x682.jpg 1024w, https:\/\/newblogs.correiobraziliense.com.br\/vivabrasilia\/wp-content\/uploads\/sites\/4\/2026\/03\/Thayanne-Lys-e-Andre-Belo-300x200.jpg 300w, https:\/\/newblogs.correiobraziliense.com.br\/vivabrasilia\/wp-content\/uploads\/sites\/4\/2026\/03\/Thayanne-Lys-e-Andre-Belo-768x512.jpg 768w, https:\/\/newblogs.correiobraziliense.com.br\/vivabrasilia\/wp-content\/uploads\/sites\/4\/2026\/03\/Thayanne-Lys-e-Andre-Belo-1536x1024.jpg 1536w, https:\/\/newblogs.correiobraziliense.com.br\/vivabrasilia\/wp-content\/uploads\/sites\/4\/2026\/03\/Thayanne-Lys-e-Andre-Belo.jpg 2000w\" sizes=\"auto, (max-width: 1024px) 100vw, 1024px\" \/><figcaption class=\"wp-element-caption\">11.03.2026. Viva Bras\u00edlia. Mariana Campos\/CB\/D.A Press. Thayanne, Lys e Andr\u00e9 Belo<\/figcaption><\/figure>\n<\/figure>\n<\/div>\n\t\t\t<div class=\"slider-nav\">\n\t\t\t\t<button class=\"prev\">\n\t\t\t\t<svg xmlns=\"http:\/\/www.w3.org\/2000\/svg\" width=\"26\" height=\"45\" viewBox=\"0 0 26 45\" fill=\"none\">\n\t\t\t\t<path d=\"M24.9118 0.990519C25.5461 1.62494 25.9023 2.48528 25.9023 3.38235C25.9023 4.27943 25.5461 5.13977 24.9118 5.77419L8.16559 22.5204L24.9118 39.2667C25.5281 39.9047 25.8691 40.7593 25.8614 41.6463C25.8537 42.5334 25.4979 43.3819 24.8706 44.0091C24.2434 44.6364 23.3948 44.9922 22.5078 44.9999C21.6208 45.0076 20.7662 44.6666 20.1282 44.0503L0.990082 24.9123C0.355853 24.2778 -0.000438023 23.4175 -0.000438023 22.5204C-0.000438023 21.6234 0.355853 20.763 0.990082 20.1286L20.1282 0.990519C20.7626 0.35629 21.6229 0 22.52 0C23.4171 0 24.2774 0.35629 24.9118 0.990519Z\" fill=\"white\" fill-opacity=\"0.7\"><\/path>\n\t\t\t\t<\/svg>\n\t\t\t\t<\/button>\n\t\t\t\t<button class=\"next\">\n\t\t\t\t<svg xmlns=\"http:\/\/www.w3.org\/2000\/svg\" width=\"26\" height=\"45\" viewBox=\"0 0 26 45\" fill=\"none\">\n\t\t\t\t<path d=\"M0.99052 0.990519C0.356291 1.62494 0 2.48528 0 3.38235C0 4.27943 0.356291 5.13977 0.99052 5.77419L17.7368 22.5204L0.99052 39.2667C0.374265 39.9047 0.0332682 40.7593 0.0409763 41.6463C0.0486844 42.5334 0.40448 43.3819 1.03173 44.0091C1.65898 44.6364 2.5075 44.9922 3.39453 44.9999C4.28156 45.0076 5.13613 44.6666 5.77419 44.0503L24.9123 24.9123C25.5465 24.2778 25.9028 23.4175 25.9028 22.5204C25.9028 21.6234 25.5465 20.763 24.9123 20.1286L5.77419 0.990519C5.13977 0.35629 4.27943 0 3.38235 0C2.48528 0 1.62494 0.35629 0.99052 0.990519Z\" fill=\"white\" fill-opacity=\"0.7\"><\/path>\n\t\t\t\t<\/svg>\n\t\t\t\t<\/button>\n\t\t\t<\/div>\n\t\t\t<div class=\"slider-dots\"><\/div>\n\t\t\t<\/div>","protected":false},"excerpt":{"rendered":"<p>Estrelado, o restaurante foi inaugurado no shopping Iguatemi na \u00faltima quarta-feira<\/p>\n","protected":false},"author":7,"featured_media":5822,"comment_status":"closed","ping_status":"open","sticky":false,"template":"","format":"standard","meta":{"_acf_changed":false,"inline_featured_image":false,"footnotes":""},"categories":[361],"tags":[9,371,355,1197,950],"class_list":["post-5821","post","type-post","status-publish","format-standard","has-post-thumbnail","hentry","category-gastronomia","tag-brasilia","tag-gastronomia","tag-inauguracao","tag-kosushi","tag-social"],"acf":[],"yoast_head":"<!-- This site is optimized with the Yoast SEO plugin v27.3 - https:\/\/yoast.com\/product\/yoast-seo-wordpress\/ -->\n<title>Kosushi: sucesso gastron\u00f4mico de S\u00e3o Paulo abre as portas em Bras\u00edlia - Viva Bras\u00edlia<\/title>\n<meta name=\"robots\" content=\"index, follow, max-snippet:-1, max-image-preview:large, max-video-preview:-1\" \/>\n<link rel=\"canonical\" href=\"https:\/\/newblogs.correiobraziliense.com.br\/vivabrasilia\/kosushi-sucesso-gastronomico-de-sao-paulo-abre-as-portas-em-brasilia\/\" \/>\n<meta property=\"og:locale\" content=\"pt_BR\" \/>\n<meta property=\"og:type\" content=\"article\" \/>\n<meta property=\"og:title\" content=\"Kosushi: sucesso gastron\u00f4mico de S\u00e3o Paulo abre as portas em Bras\u00edlia - Viva Bras\u00edlia\" \/>\n<meta property=\"og:description\" content=\"Estrelado, o restaurante foi inaugurado no shopping Iguatemi na \u00faltima quarta-feira\" \/>\n<meta property=\"og:url\" content=\"https:\/\/newblogs.correiobraziliense.com.br\/vivabrasilia\/kosushi-sucesso-gastronomico-de-sao-paulo-abre-as-portas-em-brasilia\/\" \/>\n<meta property=\"og:site_name\" content=\"Viva Bras\u00edlia\" \/>\n<meta property=\"article:published_time\" content=\"2026-03-14T02:34:39+00:00\" \/>\n<meta property=\"article:modified_time\" content=\"2026-03-14T02:34:41+00:00\" \/>\n<meta property=\"og:image\" content=\"https:\/\/newblogs.correiobraziliense.com.br\/vivabrasilia\/wp-content\/uploads\/sites\/4\/2026\/03\/1-Renata-Negrao-e-Carlinhos-Carvalho.jpg\" \/>\n\t<meta property=\"og:image:width\" content=\"2000\" \/>\n\t<meta property=\"og:image:height\" content=\"1333\" \/>\n\t<meta property=\"og:image:type\" content=\"image\/jpeg\" \/>\n<meta name=\"author\" content=\"Mariana Campos\" \/>\n<!-- \/ Yoast SEO plugin. -->","yoast_head_json":{"title":"Kosushi: sucesso gastron\u00f4mico de S\u00e3o Paulo abre as portas em Bras\u00edlia - Viva Bras\u00edlia","robots":{"index":"index","follow":"follow","max-snippet":"max-snippet:-1","max-image-preview":"max-image-preview:large","max-video-preview":"max-video-preview:-1"},"canonical":"https:\/\/newblogs.correiobraziliense.com.br\/vivabrasilia\/kosushi-sucesso-gastronomico-de-sao-paulo-abre-as-portas-em-brasilia\/","og_locale":"pt_BR","og_type":"article","og_title":"Kosushi: sucesso gastron\u00f4mico de S\u00e3o Paulo abre as portas em Bras\u00edlia - Viva Bras\u00edlia","og_description":"Estrelado, o restaurante foi inaugurado no shopping Iguatemi na \u00faltima quarta-feira","og_url":"https:\/\/newblogs.correiobraziliense.com.br\/vivabrasilia\/kosushi-sucesso-gastronomico-de-sao-paulo-abre-as-portas-em-brasilia\/","og_site_name":"Viva Bras\u00edlia","article_published_time":"2026-03-14T02:34:39+00:00","article_modified_time":"2026-03-14T02:34:41+00:00","og_image":[{"width":2000,"height":1333,"url":"https:\/\/newblogs.correiobraziliense.com.br\/vivabrasilia\/wp-content\/uploads\/sites\/4\/2026\/03\/1-Renata-Negrao-e-Carlinhos-Carvalho.jpg","type":"image\/jpeg"}],"author":"Mariana Campos","schema":{"@context":"https:\/\/schema.org","@graph":[{"@type":"Article","@id":"https:\/\/newblogs.correiobraziliense.com.br\/vivabrasilia\/kosushi-sucesso-gastronomico-de-sao-paulo-abre-as-portas-em-brasilia\/#article","isPartOf":{"@id":"https:\/\/newblogs.correiobraziliense.com.br\/vivabrasilia\/kosushi-sucesso-gastronomico-de-sao-paulo-abre-as-portas-em-brasilia\/"},"author":{"name":"Mariana Campos","@id":"https:\/\/newblogs.correiobraziliense.com.br\/vivabrasilia\/#\/schema\/person\/018c75775aaa6ead74dde48a78ac7fa1"},"headline":"Kosushi: sucesso gastron\u00f4mico de S\u00e3o Paulo abre as portas em Bras\u00edlia","datePublished":"2026-03-14T02:34:39+00:00","dateModified":"2026-03-14T02:34:41+00:00","mainEntityOfPage":{"@id":"https:\/\/newblogs.correiobraziliense.com.br\/vivabrasilia\/kosushi-sucesso-gastronomico-de-sao-paulo-abre-as-portas-em-brasilia\/"},"wordCount":278,"image":{"@id":"https:\/\/newblogs.correiobraziliense.com.br\/vivabrasilia\/kosushi-sucesso-gastronomico-de-sao-paulo-abre-as-portas-em-brasilia\/#primaryimage"},"thumbnailUrl":"https:\/\/newblogs.correiobraziliense.com.br\/vivabrasilia\/wp-content\/uploads\/sites\/4\/2026\/03\/1-Renata-Negrao-e-Carlinhos-Carvalho.jpg","keywords":["Bras\u00edlia","Gastronomia","Inaugura\u00e7\u00e3o","Kosushi","Social"],"articleSection":["Gastronomia"],"inLanguage":"pt-BR"},{"@type":"WebPage","@id":"https:\/\/newblogs.correiobraziliense.com.br\/vivabrasilia\/kosushi-sucesso-gastronomico-de-sao-paulo-abre-as-portas-em-brasilia\/","url":"https:\/\/newblogs.correiobraziliense.com.br\/vivabrasilia\/kosushi-sucesso-gastronomico-de-sao-paulo-abre-as-portas-em-brasilia\/","name":"Kosushi: sucesso gastron\u00f4mico de S\u00e3o Paulo abre as portas em Bras\u00edlia - Viva Bras\u00edlia","isPartOf":{"@id":"https:\/\/newblogs.correiobraziliense.com.br\/vivabrasilia\/#website"},"primaryImageOfPage":{"@id":"https:\/\/newblogs.correiobraziliense.com.br\/vivabrasilia\/kosushi-sucesso-gastronomico-de-sao-paulo-abre-as-portas-em-brasilia\/#primaryimage"},"image":{"@id":"https:\/\/newblogs.correiobraziliense.com.br\/vivabrasilia\/kosushi-sucesso-gastronomico-de-sao-paulo-abre-as-portas-em-brasilia\/#primaryimage"},"thumbnailUrl":"https:\/\/newblogs.correiobraziliense.com.br\/vivabrasilia\/wp-content\/uploads\/sites\/4\/2026\/03\/1-Renata-Negrao-e-Carlinhos-Carvalho.jpg","datePublished":"2026-03-14T02:34:39+00:00","dateModified":"2026-03-14T02:34:41+00:00","author":{"@id":"https:\/\/newblogs.correiobraziliense.com.br\/vivabrasilia\/#\/schema\/person\/018c75775aaa6ead74dde48a78ac7fa1"},"breadcrumb":{"@id":"https:\/\/newblogs.correiobraziliense.com.br\/vivabrasilia\/kosushi-sucesso-gastronomico-de-sao-paulo-abre-as-portas-em-brasilia\/#breadcrumb"},"inLanguage":"pt-BR","potentialAction":[{"@type":"ReadAction","target":["https:\/\/newblogs.correiobraziliense.com.br\/vivabrasilia\/kosushi-sucesso-gastronomico-de-sao-paulo-abre-as-portas-em-brasilia\/"]}]},{"@type":"ImageObject","inLanguage":"pt-BR","@id":"https:\/\/newblogs.correiobraziliense.com.br\/vivabrasilia\/kosushi-sucesso-gastronomico-de-sao-paulo-abre-as-portas-em-brasilia\/#primaryimage","url":"https:\/\/newblogs.correiobraziliense.com.br\/vivabrasilia\/wp-content\/uploads\/sites\/4\/2026\/03\/1-Renata-Negrao-e-Carlinhos-Carvalho.jpg","contentUrl":"https:\/\/newblogs.correiobraziliense.com.br\/vivabrasilia\/wp-content\/uploads\/sites\/4\/2026\/03\/1-Renata-Negrao-e-Carlinhos-Carvalho.jpg","width":2000,"height":1333,"caption":"Os propriet\u00e1rios do Kosushi, Renata Negr\u00e3o e Carlinhos Carvalho | Foto: Mariana Campos"},{"@type":"BreadcrumbList","@id":"https:\/\/newblogs.correiobraziliense.com.br\/vivabrasilia\/kosushi-sucesso-gastronomico-de-sao-paulo-abre-as-portas-em-brasilia\/#breadcrumb","itemListElement":[{"@type":"ListItem","position":1,"name":"In\u00edcio","item":"https:\/\/newblogs.correiobraziliense.com.br\/vivabrasilia\/"},{"@type":"ListItem","position":2,"name":"Kosushi: sucesso gastron\u00f4mico de S\u00e3o Paulo abre as portas em Bras\u00edlia"}]},{"@type":"WebSite","@id":"https:\/\/newblogs.correiobraziliense.com.br\/vivabrasilia\/#website","url":"https:\/\/newblogs.correiobraziliense.com.br\/vivabrasilia\/","name":"Viva Bras\u00edlia","description":"Coluna de estilo de vida","potentialAction":[{"@type":"SearchAction","target":{"@type":"EntryPoint","urlTemplate":"https:\/\/newblogs.correiobraziliense.com.br\/vivabrasilia\/?s={search_term_string}"},"query-input":{"@type":"PropertyValueSpecification","valueRequired":true,"valueName":"search_term_string"}}],"inLanguage":"pt-BR"},{"@type":"Person","@id":"https:\/\/newblogs.correiobraziliense.com.br\/vivabrasilia\/#\/schema\/person\/018c75775aaa6ead74dde48a78ac7fa1","name":"Mariana Campos","image":{"@type":"ImageObject","inLanguage":"pt-BR","@id":"https:\/\/secure.gravatar.com\/avatar\/97cd13271bc36c11415a45e9f8192828452de6a8c0e24857edbf96d21752260f?s=96&d=mm&r=g","url":"https:\/\/secure.gravatar.com\/avatar\/97cd13271bc36c11415a45e9f8192828452de6a8c0e24857edbf96d21752260f?s=96&d=mm&r=g","contentUrl":"https:\/\/secure.gravatar.com\/avatar\/97cd13271bc36c11415a45e9f8192828452de6a8c0e24857edbf96d21752260f?s=96&d=mm&r=g","caption":"Mariana Campos"},"description":"Colunista da Viva Bras\u00edlia, Mariana escreve e fotografa para a coluna. Formada em Comunica\u00e7\u00e3o, aprofundou-se no jornalismo e agora une a escrita com a fotografia para mostrar que a capital \u00e9 uma cidade viva que n\u00e3o se resume ao poder. Tamb\u00e9m faz a cobertura de moda para seu blog, Pliss\u00ea, e para as redes sociais do Correio.","sameAs":["http:\/\/newblogs.correiobraziliense.com\/plisse","https:\/\/www.instagram.com\/marigrigori"],"url":"https:\/\/newblogs.correiobraziliense.com.br\/vivabrasilia\/author\/marivivabrasilia\/"}]}},"_links":{"self":[{"href":"https:\/\/newblogs.correiobraziliense.com.br\/vivabrasilia\/wp-json\/wp\/v2\/posts\/5821","targetHints":{"allow":["GET"]}}],"collection":[{"href":"https:\/\/newblogs.correiobraziliense.com.br\/vivabrasilia\/wp-json\/wp\/v2\/posts"}],"about":[{"href":"https:\/\/newblogs.correiobraziliense.com.br\/vivabrasilia\/wp-json\/wp\/v2\/types\/post"}],"author":[{"embeddable":true,"href":"https:\/\/newblogs.correiobraziliense.com.br\/vivabrasilia\/wp-json\/wp\/v2\/users\/7"}],"replies":[{"embeddable":true,"href":"https:\/\/newblogs.correiobraziliense.com.br\/vivabrasilia\/wp-json\/wp\/v2\/comments?post=5821"}],"version-history":[{"count":1,"href":"https:\/\/newblogs.correiobraziliense.com.br\/vivabrasilia\/wp-json\/wp\/v2\/posts\/5821\/revisions"}],"predecessor-version":[{"id":5837,"href":"https:\/\/newblogs.correiobraziliense.com.br\/vivabrasilia\/wp-json\/wp\/v2\/posts\/5821\/revisions\/5837"}],"wp:featuredmedia":[{"embeddable":true,"href":"https:\/\/newblogs.correiobraziliense.com.br\/vivabrasilia\/wp-json\/wp\/v2\/media\/5822"}],"wp:attachment":[{"href":"https:\/\/newblogs.correiobraziliense.com.br\/vivabrasilia\/wp-json\/wp\/v2\/media?parent=5821"}],"wp:term":[{"taxonomy":"category","embeddable":true,"href":"https:\/\/newblogs.correiobraziliense.com.br\/vivabrasilia\/wp-json\/wp\/v2\/categories?post=5821"},{"taxonomy":"post_tag","embeddable":true,"href":"https:\/\/newblogs.correiobraziliense.com.br\/vivabrasilia\/wp-json\/wp\/v2\/tags?post=5821"}],"curies":[{"name":"wp","href":"https:\/\/api.w.org\/{rel}","templated":true}]}}