{"id":5793,"date":"2026-03-13T23:19:28","date_gmt":"2026-03-14T02:19:28","guid":{"rendered":"https:\/\/newblogs.correiobraziliense.com.br\/vivabrasilia\/?p=5793"},"modified":"2026-03-13T23:22:00","modified_gmt":"2026-03-14T02:22:00","slug":"bom-encontro-entre-amigos","status":"publish","type":"post","link":"https:\/\/newblogs.correiobraziliense.com.br\/vivabrasilia\/bom-encontro-entre-amigos\/","title":{"rendered":"Bom encontro entre amigos"},"content":{"rendered":"\n<p>O ex-presidente Jos\u00e9 Sarney se reuniu com Raul Sab\u00f3ia e o presidente do TJMA Froz Sobrinho na cidade de S\u00e3o Luiz, no Maranh\u00e3o, em um encontro descontra\u00eddo.<\/p>\n","protected":false},"excerpt":{"rendered":"<p>Raul Sab\u00f3ia, Jos\u00e9 Sarney e Froz Sobrinho se encontraram descontraidamente no Maranh\u00e3o<\/p>\n","protected":false},"author":7,"featured_media":5796,"comment_status":"closed","ping_status":"open","sticky":false,"template":"","format":"standard","meta":{"_acf_changed":false,"inline_featured_image":false,"footnotes":""},"categories":[918],"tags":[1195,950,372],"class_list":["post-5793","post","type-post","status-publish","format-standard","has-post-thumbnail","hentry","category-vale-o-registro","tag-jose-sarney","tag-social","tag-vale-o-registro"],"acf":[],"yoast_head":"<!-- This site is optimized with the Yoast SEO plugin v27.3 - https:\/\/yoast.com\/product\/yoast-seo-wordpress\/ -->\n<title>Bom encontro entre amigos - Viva Bras\u00edlia<\/title>\n<meta name=\"robots\" content=\"index, follow, max-snippet:-1, max-image-preview:large, max-video-preview:-1\" \/>\n<link rel=\"canonical\" href=\"https:\/\/newblogs.correiobraziliense.com.br\/vivabrasilia\/bom-encontro-entre-amigos\/\" \/>\n<meta property=\"og:locale\" content=\"pt_BR\" \/>\n<meta property=\"og:type\" content=\"article\" \/>\n<meta property=\"og:title\" content=\"Bom encontro entre amigos - Viva Bras\u00edlia\" \/>\n<meta property=\"og:description\" content=\"Raul Sab\u00f3ia, Jos\u00e9 Sarney e Froz Sobrinho se encontraram descontraidamente no Maranh\u00e3o\" \/>\n<meta property=\"og:url\" content=\"https:\/\/newblogs.correiobraziliense.com.br\/vivabrasilia\/bom-encontro-entre-amigos\/\" \/>\n<meta property=\"og:site_name\" content=\"Viva Bras\u00edlia\" \/>\n<meta property=\"article:published_time\" content=\"2026-03-14T02:19:28+00:00\" \/>\n<meta property=\"article:modified_time\" content=\"2026-03-14T02:22:00+00:00\" \/>\n<meta property=\"og:image\" content=\"https:\/\/newblogs.correiobraziliense.com.br\/vivabrasilia\/wp-content\/uploads\/sites\/4\/2026\/03\/1Raul-Saboia-o-ex-presidente-da-Republica-Jose-Sarney-e-o-presidente-do-TJMA-Froz-Sobrinho-scaled.jpg\" \/>\n\t<meta property=\"og:image:width\" content=\"2560\" \/>\n\t<meta property=\"og:image:height\" content=\"1492\" \/>\n\t<meta property=\"og:image:type\" content=\"image\/jpeg\" \/>\n<meta name=\"author\" content=\"Mariana Campos\" \/>\n<!-- \/ Yoast SEO plugin. -->","yoast_head_json":{"title":"Bom encontro entre amigos - Viva Bras\u00edlia","robots":{"index":"index","follow":"follow","max-snippet":"max-snippet:-1","max-image-preview":"max-image-preview:large","max-video-preview":"max-video-preview:-1"},"canonical":"https:\/\/newblogs.correiobraziliense.com.br\/vivabrasilia\/bom-encontro-entre-amigos\/","og_locale":"pt_BR","og_type":"article","og_title":"Bom encontro entre amigos - Viva Bras\u00edlia","og_description":"Raul Sab\u00f3ia, Jos\u00e9 Sarney e Froz Sobrinho se encontraram descontraidamente no Maranh\u00e3o","og_url":"https:\/\/newblogs.correiobraziliense.com.br\/vivabrasilia\/bom-encontro-entre-amigos\/","og_site_name":"Viva Bras\u00edlia","article_published_time":"2026-03-14T02:19:28+00:00","article_modified_time":"2026-03-14T02:22:00+00:00","og_image":[{"width":2560,"height":1492,"url":"https:\/\/newblogs.correiobraziliense.com.br\/vivabrasilia\/wp-content\/uploads\/sites\/4\/2026\/03\/1Raul-Saboia-o-ex-presidente-da-Republica-Jose-Sarney-e-o-presidente-do-TJMA-Froz-Sobrinho-scaled.jpg","type":"image\/jpeg"}],"author":"Mariana Campos","schema":{"@context":"https:\/\/schema.org","@graph":[{"@type":"Article","@id":"https:\/\/newblogs.correiobraziliense.com.br\/vivabrasilia\/bom-encontro-entre-amigos\/#article","isPartOf":{"@id":"https:\/\/newblogs.correiobraziliense.com.br\/vivabrasilia\/bom-encontro-entre-amigos\/"},"author":{"name":"Mariana Campos","@id":"https:\/\/newblogs.correiobraziliense.com.br\/vivabrasilia\/#\/schema\/person\/018c75775aaa6ead74dde48a78ac7fa1"},"headline":"Bom encontro entre amigos","datePublished":"2026-03-14T02:19:28+00:00","dateModified":"2026-03-14T02:22:00+00:00","mainEntityOfPage":{"@id":"https:\/\/newblogs.correiobraziliense.com.br\/vivabrasilia\/bom-encontro-entre-amigos\/"},"wordCount":35,"image":{"@id":"https:\/\/newblogs.correiobraziliense.com.br\/vivabrasilia\/bom-encontro-entre-amigos\/#primaryimage"},"thumbnailUrl":"https:\/\/newblogs.correiobraziliense.com.br\/vivabrasilia\/wp-content\/uploads\/sites\/4\/2026\/03\/1Raul-Saboia-o-ex-presidente-da-Republica-Jose-Sarney-e-o-presidente-do-TJMA-Froz-Sobrinho-scaled.jpg","keywords":["Jos\u00e9 Sarney","Social","Vale o Registro"],"articleSection":["Vale o registro"],"inLanguage":"pt-BR"},{"@type":"WebPage","@id":"https:\/\/newblogs.correiobraziliense.com.br\/vivabrasilia\/bom-encontro-entre-amigos\/","url":"https:\/\/newblogs.correiobraziliense.com.br\/vivabrasilia\/bom-encontro-entre-amigos\/","name":"Bom encontro entre amigos - Viva Bras\u00edlia","isPartOf":{"@id":"https:\/\/newblogs.correiobraziliense.com.br\/vivabrasilia\/#website"},"primaryImageOfPage":{"@id":"https:\/\/newblogs.correiobraziliense.com.br\/vivabrasilia\/bom-encontro-entre-amigos\/#primaryimage"},"image":{"@id":"https:\/\/newblogs.correiobraziliense.com.br\/vivabrasilia\/bom-encontro-entre-amigos\/#primaryimage"},"thumbnailUrl":"https:\/\/newblogs.correiobraziliense.com.br\/vivabrasilia\/wp-content\/uploads\/sites\/4\/2026\/03\/1Raul-Saboia-o-ex-presidente-da-Republica-Jose-Sarney-e-o-presidente-do-TJMA-Froz-Sobrinho-scaled.jpg","datePublished":"2026-03-14T02:19:28+00:00","dateModified":"2026-03-14T02:22:00+00:00","author":{"@id":"https:\/\/newblogs.correiobraziliense.com.br\/vivabrasilia\/#\/schema\/person\/018c75775aaa6ead74dde48a78ac7fa1"},"breadcrumb":{"@id":"https:\/\/newblogs.correiobraziliense.com.br\/vivabrasilia\/bom-encontro-entre-amigos\/#breadcrumb"},"inLanguage":"pt-BR","potentialAction":[{"@type":"ReadAction","target":["https:\/\/newblogs.correiobraziliense.com.br\/vivabrasilia\/bom-encontro-entre-amigos\/"]}]},{"@type":"ImageObject","inLanguage":"pt-BR","@id":"https:\/\/newblogs.correiobraziliense.com.br\/vivabrasilia\/bom-encontro-entre-amigos\/#primaryimage","url":"https:\/\/newblogs.correiobraziliense.com.br\/vivabrasilia\/wp-content\/uploads\/sites\/4\/2026\/03\/1Raul-Saboia-o-ex-presidente-da-Republica-Jose-Sarney-e-o-presidente-do-TJMA-Froz-Sobrinho-scaled.jpg","contentUrl":"https:\/\/newblogs.correiobraziliense.com.br\/vivabrasilia\/wp-content\/uploads\/sites\/4\/2026\/03\/1Raul-Saboia-o-ex-presidente-da-Republica-Jose-Sarney-e-o-presidente-do-TJMA-Froz-Sobrinho-scaled.jpg","width":2560,"height":1492,"caption":"Raul Sab\u00f3ia, o ex-presidente da Rep\u00fablica Jos\u00e9 Sarney e o presidente do TJMA Froz Sobrinho | Foto: Arquivo pessoal"},{"@type":"BreadcrumbList","@id":"https:\/\/newblogs.correiobraziliense.com.br\/vivabrasilia\/bom-encontro-entre-amigos\/#breadcrumb","itemListElement":[{"@type":"ListItem","position":1,"name":"In\u00edcio","item":"https:\/\/newblogs.correiobraziliense.com.br\/vivabrasilia\/"},{"@type":"ListItem","position":2,"name":"Bom encontro entre amigos"}]},{"@type":"WebSite","@id":"https:\/\/newblogs.correiobraziliense.com.br\/vivabrasilia\/#website","url":"https:\/\/newblogs.correiobraziliense.com.br\/vivabrasilia\/","name":"Viva Bras\u00edlia","description":"Coluna de estilo de vida","potentialAction":[{"@type":"SearchAction","target":{"@type":"EntryPoint","urlTemplate":"https:\/\/newblogs.correiobraziliense.com.br\/vivabrasilia\/?s={search_term_string}"},"query-input":{"@type":"PropertyValueSpecification","valueRequired":true,"valueName":"search_term_string"}}],"inLanguage":"pt-BR"},{"@type":"Person","@id":"https:\/\/newblogs.correiobraziliense.com.br\/vivabrasilia\/#\/schema\/person\/018c75775aaa6ead74dde48a78ac7fa1","name":"Mariana Campos","image":{"@type":"ImageObject","inLanguage":"pt-BR","@id":"https:\/\/secure.gravatar.com\/avatar\/97cd13271bc36c11415a45e9f8192828452de6a8c0e24857edbf96d21752260f?s=96&d=mm&r=g","url":"https:\/\/secure.gravatar.com\/avatar\/97cd13271bc36c11415a45e9f8192828452de6a8c0e24857edbf96d21752260f?s=96&d=mm&r=g","contentUrl":"https:\/\/secure.gravatar.com\/avatar\/97cd13271bc36c11415a45e9f8192828452de6a8c0e24857edbf96d21752260f?s=96&d=mm&r=g","caption":"Mariana Campos"},"description":"Colunista da Viva Bras\u00edlia, Mariana escreve e fotografa para a coluna. Formada em Comunica\u00e7\u00e3o, aprofundou-se no jornalismo e agora une a escrita com a fotografia para mostrar que a capital \u00e9 uma cidade viva que n\u00e3o se resume ao poder. Tamb\u00e9m faz a cobertura de moda para seu blog, Pliss\u00ea, e para as redes sociais do Correio.","sameAs":["http:\/\/newblogs.correiobraziliense.com\/plisse","https:\/\/www.instagram.com\/marigrigori"],"url":"https:\/\/newblogs.correiobraziliense.com.br\/vivabrasilia\/author\/marivivabrasilia\/"}]}},"_links":{"self":[{"href":"https:\/\/newblogs.correiobraziliense.com.br\/vivabrasilia\/wp-json\/wp\/v2\/posts\/5793","targetHints":{"allow":["GET"]}}],"collection":[{"href":"https:\/\/newblogs.correiobraziliense.com.br\/vivabrasilia\/wp-json\/wp\/v2\/posts"}],"about":[{"href":"https:\/\/newblogs.correiobraziliense.com.br\/vivabrasilia\/wp-json\/wp\/v2\/types\/post"}],"author":[{"embeddable":true,"href":"https:\/\/newblogs.correiobraziliense.com.br\/vivabrasilia\/wp-json\/wp\/v2\/users\/7"}],"replies":[{"embeddable":true,"href":"https:\/\/newblogs.correiobraziliense.com.br\/vivabrasilia\/wp-json\/wp\/v2\/comments?post=5793"}],"version-history":[{"count":1,"href":"https:\/\/newblogs.correiobraziliense.com.br\/vivabrasilia\/wp-json\/wp\/v2\/posts\/5793\/revisions"}],"predecessor-version":[{"id":5795,"href":"https:\/\/newblogs.correiobraziliense.com.br\/vivabrasilia\/wp-json\/wp\/v2\/posts\/5793\/revisions\/5795"}],"wp:featuredmedia":[{"embeddable":true,"href":"https:\/\/newblogs.correiobraziliense.com.br\/vivabrasilia\/wp-json\/wp\/v2\/media\/5796"}],"wp:attachment":[{"href":"https:\/\/newblogs.correiobraziliense.com.br\/vivabrasilia\/wp-json\/wp\/v2\/media?parent=5793"}],"wp:term":[{"taxonomy":"category","embeddable":true,"href":"https:\/\/newblogs.correiobraziliense.com.br\/vivabrasilia\/wp-json\/wp\/v2\/categories?post=5793"},{"taxonomy":"post_tag","embeddable":true,"href":"https:\/\/newblogs.correiobraziliense.com.br\/vivabrasilia\/wp-json\/wp\/v2\/tags?post=5793"}],"curies":[{"name":"wp","href":"https:\/\/api.w.org\/{rel}","templated":true}]}}