{"id":5775,"date":"2026-03-13T23:14:28","date_gmt":"2026-03-14T02:14:28","guid":{"rendered":"https:\/\/newblogs.correiobraziliense.com.br\/vivabrasilia\/?p=5775"},"modified":"2026-03-13T23:38:21","modified_gmt":"2026-03-14T02:38:21","slug":"denza-inaugura-loja-conceito-em-brasilia-e-apresenta-carregamento-ultrarrapido","status":"publish","type":"post","link":"https:\/\/newblogs.correiobraziliense.com.br\/vivabrasilia\/denza-inaugura-loja-conceito-em-brasilia-e-apresenta-carregamento-ultrarrapido\/","title":{"rendered":"Denza inaugura loja conceito em Bras\u00edlia e apresenta carregamento ultrarr\u00e1pido"},"content":{"rendered":"\n<p>O futuro automobil\u00edstico estacionou na capital com a inaugura\u00e7\u00e3o da loja-conceito da Denza, marca premium da BYD, no polo automotivo do aeroporto. Realizado na ter\u00e7a-feira, o coquetel reuniu empres\u00e1rios, executivos, autoridades e convidados exclusivos para conhecer em primeira m\u00e3o a nova concession\u00e1ria da marca que, no Brasil, opera em parceria com o Grupo Saga. A noite tamb\u00e9m apresentou o lan\u00e7amento da nova tecnologia de carregamento ultrarr\u00e1pido, tornando Bras\u00edlia a primeira cidade das Am\u00e9ricas a receb\u00ea-la. Durante seu discurso, o CEO do Grupo Saga analisou: \u201cBras\u00edlia registrou o maior n\u00famero de emplacamentos de ve\u00edculos eletrificados do Brasil em 2025\u201d.<\/p>\n\n\n\n\n\n\n<div class=\"slider-wrapper\"><div class=\"slider\">\n<figure class=\"wp-block-gallery has-nested-images columns-default is-cropped wp-block-gallery-1 is-layout-flex wp-block-gallery-is-layout-flex\">\n<figure class=\"wp-block-image size-large\"><img loading=\"lazy\" decoding=\"async\" width=\"1024\" height=\"682\" data-id=\"5782\" src=\"https:\/\/newblogs.correiobraziliense.com.br\/vivabrasilia\/wp-content\/uploads\/sites\/4\/2026\/03\/O-diretor-regional-do-Grupo-Saga-Gian-Mendonca-e-o-CEO-do-Grupo-Saga-Sergio-Maia-1024x682.jpg\" alt=\"O diretor regional do Grupo Saga Gian Mendon\u00e7a e o CEO do Grupo Saga S\u00e9rgio Maia\" class=\"wp-image-5782\" srcset=\"https:\/\/newblogs.correiobraziliense.com.br\/vivabrasilia\/wp-content\/uploads\/sites\/4\/2026\/03\/O-diretor-regional-do-Grupo-Saga-Gian-Mendonca-e-o-CEO-do-Grupo-Saga-Sergio-Maia-1024x682.jpg 1024w, https:\/\/newblogs.correiobraziliense.com.br\/vivabrasilia\/wp-content\/uploads\/sites\/4\/2026\/03\/O-diretor-regional-do-Grupo-Saga-Gian-Mendonca-e-o-CEO-do-Grupo-Saga-Sergio-Maia-300x200.jpg 300w, https:\/\/newblogs.correiobraziliense.com.br\/vivabrasilia\/wp-content\/uploads\/sites\/4\/2026\/03\/O-diretor-regional-do-Grupo-Saga-Gian-Mendonca-e-o-CEO-do-Grupo-Saga-Sergio-Maia-768x512.jpg 768w, https:\/\/newblogs.correiobraziliense.com.br\/vivabrasilia\/wp-content\/uploads\/sites\/4\/2026\/03\/O-diretor-regional-do-Grupo-Saga-Gian-Mendonca-e-o-CEO-do-Grupo-Saga-Sergio-Maia-1536x1024.jpg 1536w, https:\/\/newblogs.correiobraziliense.com.br\/vivabrasilia\/wp-content\/uploads\/sites\/4\/2026\/03\/O-diretor-regional-do-Grupo-Saga-Gian-Mendonca-e-o-CEO-do-Grupo-Saga-Sergio-Maia.jpg 2000w\" sizes=\"auto, (max-width: 1024px) 100vw, 1024px\" \/><figcaption class=\"wp-element-caption\">O diretor regional do Grupo Saga Gian Mendon\u00e7a e o CEO do Grupo Saga S\u00e9rgio Maia<\/figcaption><\/figure>\n\n\n\n<figure class=\"wp-block-image size-large\"><img loading=\"lazy\" decoding=\"async\" width=\"1024\" height=\"682\" data-id=\"5781\" src=\"https:\/\/newblogs.correiobraziliense.com.br\/vivabrasilia\/wp-content\/uploads\/sites\/4\/2026\/03\/Nadim-Haddad-e-o-presidente-do-Conselho-do-Grupo-Saga-Fernando-Maia-1024x682.jpg\" alt=\"Nadim Haddad e o presidente do Conselho do Grupo Saga Fernando Maia\" class=\"wp-image-5781\" srcset=\"https:\/\/newblogs.correiobraziliense.com.br\/vivabrasilia\/wp-content\/uploads\/sites\/4\/2026\/03\/Nadim-Haddad-e-o-presidente-do-Conselho-do-Grupo-Saga-Fernando-Maia-1024x682.jpg 1024w, https:\/\/newblogs.correiobraziliense.com.br\/vivabrasilia\/wp-content\/uploads\/sites\/4\/2026\/03\/Nadim-Haddad-e-o-presidente-do-Conselho-do-Grupo-Saga-Fernando-Maia-300x200.jpg 300w, https:\/\/newblogs.correiobraziliense.com.br\/vivabrasilia\/wp-content\/uploads\/sites\/4\/2026\/03\/Nadim-Haddad-e-o-presidente-do-Conselho-do-Grupo-Saga-Fernando-Maia-768x512.jpg 768w, https:\/\/newblogs.correiobraziliense.com.br\/vivabrasilia\/wp-content\/uploads\/sites\/4\/2026\/03\/Nadim-Haddad-e-o-presidente-do-Conselho-do-Grupo-Saga-Fernando-Maia-1536x1024.jpg 1536w, https:\/\/newblogs.correiobraziliense.com.br\/vivabrasilia\/wp-content\/uploads\/sites\/4\/2026\/03\/Nadim-Haddad-e-o-presidente-do-Conselho-do-Grupo-Saga-Fernando-Maia.jpg 2000w\" sizes=\"auto, (max-width: 1024px) 100vw, 1024px\" \/><figcaption class=\"wp-element-caption\">Nadim Haddad e o presidente do Conselho do Grupo Saga Fernando Maia<\/figcaption><\/figure>\n\n\n\n<figure class=\"wp-block-image size-large\"><img loading=\"lazy\" decoding=\"async\" width=\"1024\" height=\"682\" data-id=\"5780\" src=\"https:\/\/newblogs.correiobraziliense.com.br\/vivabrasilia\/wp-content\/uploads\/sites\/4\/2026\/03\/Tiago-Correia-Thays-Araujo-e-Favio-Soares-2-1024x682.jpg\" alt=\"Tiago Correia, Thays Ara\u00fajo e F\u00e1vio Soares\" class=\"wp-image-5780\" srcset=\"https:\/\/newblogs.correiobraziliense.com.br\/vivabrasilia\/wp-content\/uploads\/sites\/4\/2026\/03\/Tiago-Correia-Thays-Araujo-e-Favio-Soares-2-1024x682.jpg 1024w, https:\/\/newblogs.correiobraziliense.com.br\/vivabrasilia\/wp-content\/uploads\/sites\/4\/2026\/03\/Tiago-Correia-Thays-Araujo-e-Favio-Soares-2-300x200.jpg 300w, https:\/\/newblogs.correiobraziliense.com.br\/vivabrasilia\/wp-content\/uploads\/sites\/4\/2026\/03\/Tiago-Correia-Thays-Araujo-e-Favio-Soares-2-768x512.jpg 768w, https:\/\/newblogs.correiobraziliense.com.br\/vivabrasilia\/wp-content\/uploads\/sites\/4\/2026\/03\/Tiago-Correia-Thays-Araujo-e-Favio-Soares-2-1536x1024.jpg 1536w, https:\/\/newblogs.correiobraziliense.com.br\/vivabrasilia\/wp-content\/uploads\/sites\/4\/2026\/03\/Tiago-Correia-Thays-Araujo-e-Favio-Soares-2.jpg 2000w\" sizes=\"auto, (max-width: 1024px) 100vw, 1024px\" \/><figcaption class=\"wp-element-caption\">Tiago Correia, Thays Ara\u00fajo e F\u00e1vio Soares<\/figcaption><\/figure>\n\n\n\n<figure class=\"wp-block-image size-large\"><img loading=\"lazy\" decoding=\"async\" width=\"1024\" height=\"682\" data-id=\"5779\" src=\"https:\/\/newblogs.correiobraziliense.com.br\/vivabrasilia\/wp-content\/uploads\/sites\/4\/2026\/03\/Stela-Maryanne-Caio-Mandarino-Cristiane-Coelho-e-Giuseppe-Salvatore-1024x682.jpg\" alt=\"Stela Maryanne, o diretor-geral da Denza Brasil Caio Mandarino, Cristiane Coelho e Giuseppe Salvatore\" class=\"wp-image-5779\" srcset=\"https:\/\/newblogs.correiobraziliense.com.br\/vivabrasilia\/wp-content\/uploads\/sites\/4\/2026\/03\/Stela-Maryanne-Caio-Mandarino-Cristiane-Coelho-e-Giuseppe-Salvatore-1024x682.jpg 1024w, https:\/\/newblogs.correiobraziliense.com.br\/vivabrasilia\/wp-content\/uploads\/sites\/4\/2026\/03\/Stela-Maryanne-Caio-Mandarino-Cristiane-Coelho-e-Giuseppe-Salvatore-300x200.jpg 300w, https:\/\/newblogs.correiobraziliense.com.br\/vivabrasilia\/wp-content\/uploads\/sites\/4\/2026\/03\/Stela-Maryanne-Caio-Mandarino-Cristiane-Coelho-e-Giuseppe-Salvatore-768x512.jpg 768w, https:\/\/newblogs.correiobraziliense.com.br\/vivabrasilia\/wp-content\/uploads\/sites\/4\/2026\/03\/Stela-Maryanne-Caio-Mandarino-Cristiane-Coelho-e-Giuseppe-Salvatore-1536x1024.jpg 1536w, https:\/\/newblogs.correiobraziliense.com.br\/vivabrasilia\/wp-content\/uploads\/sites\/4\/2026\/03\/Stela-Maryanne-Caio-Mandarino-Cristiane-Coelho-e-Giuseppe-Salvatore.jpg 2000w\" sizes=\"auto, (max-width: 1024px) 100vw, 1024px\" \/><figcaption class=\"wp-element-caption\">Stela Maryanne, o diretor-geral da Denza Brasil Caio Mandarino, Cristiane Coelho e Giuseppe Salvatore<\/figcaption><\/figure>\n\n\n\n<figure class=\"wp-block-image size-large\"><img loading=\"lazy\" decoding=\"async\" width=\"1024\" height=\"682\" data-id=\"5778\" src=\"https:\/\/newblogs.correiobraziliense.com.br\/vivabrasilia\/wp-content\/uploads\/sites\/4\/2026\/03\/Diogo-Sampaio-e-Matheus-Sobral-1024x682.jpg\" alt=\"Diogo Sampaio e Matheus Sobral\" class=\"wp-image-5778\" srcset=\"https:\/\/newblogs.correiobraziliense.com.br\/vivabrasilia\/wp-content\/uploads\/sites\/4\/2026\/03\/Diogo-Sampaio-e-Matheus-Sobral-1024x682.jpg 1024w, https:\/\/newblogs.correiobraziliense.com.br\/vivabrasilia\/wp-content\/uploads\/sites\/4\/2026\/03\/Diogo-Sampaio-e-Matheus-Sobral-300x200.jpg 300w, https:\/\/newblogs.correiobraziliense.com.br\/vivabrasilia\/wp-content\/uploads\/sites\/4\/2026\/03\/Diogo-Sampaio-e-Matheus-Sobral-768x512.jpg 768w, https:\/\/newblogs.correiobraziliense.com.br\/vivabrasilia\/wp-content\/uploads\/sites\/4\/2026\/03\/Diogo-Sampaio-e-Matheus-Sobral-1536x1024.jpg 1536w, https:\/\/newblogs.correiobraziliense.com.br\/vivabrasilia\/wp-content\/uploads\/sites\/4\/2026\/03\/Diogo-Sampaio-e-Matheus-Sobral.jpg 2000w\" sizes=\"auto, (max-width: 1024px) 100vw, 1024px\" \/><figcaption class=\"wp-element-caption\">Diogo Sampaio e Matheus Sobral<\/figcaption><\/figure>\n\n\n\n<figure class=\"wp-block-image size-large\"><img loading=\"lazy\" decoding=\"async\" width=\"1024\" height=\"682\" data-id=\"5777\" src=\"https:\/\/newblogs.correiobraziliense.com.br\/vivabrasilia\/wp-content\/uploads\/sites\/4\/2026\/03\/Luiz-Elbel-e-Caio-Mandarino-1024x682.jpg\" alt=\"Luiz Elbel e Caio Mandarino\" class=\"wp-image-5777\" srcset=\"https:\/\/newblogs.correiobraziliense.com.br\/vivabrasilia\/wp-content\/uploads\/sites\/4\/2026\/03\/Luiz-Elbel-e-Caio-Mandarino-1024x682.jpg 1024w, https:\/\/newblogs.correiobraziliense.com.br\/vivabrasilia\/wp-content\/uploads\/sites\/4\/2026\/03\/Luiz-Elbel-e-Caio-Mandarino-300x200.jpg 300w, https:\/\/newblogs.correiobraziliense.com.br\/vivabrasilia\/wp-content\/uploads\/sites\/4\/2026\/03\/Luiz-Elbel-e-Caio-Mandarino-768x512.jpg 768w, https:\/\/newblogs.correiobraziliense.com.br\/vivabrasilia\/wp-content\/uploads\/sites\/4\/2026\/03\/Luiz-Elbel-e-Caio-Mandarino-1536x1024.jpg 1536w, https:\/\/newblogs.correiobraziliense.com.br\/vivabrasilia\/wp-content\/uploads\/sites\/4\/2026\/03\/Luiz-Elbel-e-Caio-Mandarino.jpg 2000w\" sizes=\"auto, (max-width: 1024px) 100vw, 1024px\" \/><figcaption class=\"wp-element-caption\">Luiz Elbel e Caio Mandarino<\/figcaption><\/figure>\n\n\n\n<figure class=\"wp-block-image size-large\"><img loading=\"lazy\" decoding=\"async\" width=\"1024\" height=\"682\" data-id=\"5776\" src=\"https:\/\/newblogs.correiobraziliense.com.br\/vivabrasilia\/wp-content\/uploads\/sites\/4\/2026\/03\/Tiago-Correia-Thays-Araujo-e-Favio-Soares-1024x682.jpg\" alt=\"Tiago Correia, Thays Ara\u00fajo e F\u00e1vio Soares\" class=\"wp-image-5776\" srcset=\"https:\/\/newblogs.correiobraziliense.com.br\/vivabrasilia\/wp-content\/uploads\/sites\/4\/2026\/03\/Tiago-Correia-Thays-Araujo-e-Favio-Soares-1024x682.jpg 1024w, https:\/\/newblogs.correiobraziliense.com.br\/vivabrasilia\/wp-content\/uploads\/sites\/4\/2026\/03\/Tiago-Correia-Thays-Araujo-e-Favio-Soares-300x200.jpg 300w, https:\/\/newblogs.correiobraziliense.com.br\/vivabrasilia\/wp-content\/uploads\/sites\/4\/2026\/03\/Tiago-Correia-Thays-Araujo-e-Favio-Soares-768x512.jpg 768w, https:\/\/newblogs.correiobraziliense.com.br\/vivabrasilia\/wp-content\/uploads\/sites\/4\/2026\/03\/Tiago-Correia-Thays-Araujo-e-Favio-Soares-1536x1024.jpg 1536w, https:\/\/newblogs.correiobraziliense.com.br\/vivabrasilia\/wp-content\/uploads\/sites\/4\/2026\/03\/Tiago-Correia-Thays-Araujo-e-Favio-Soares.jpg 2000w\" sizes=\"auto, (max-width: 1024px) 100vw, 1024px\" \/><figcaption class=\"wp-element-caption\">Tiago Correia, Thays Ara\u00fajo e F\u00e1vio Soares<\/figcaption><\/figure>\n<\/figure>\n<\/div>\n\t\t\t<div class=\"slider-nav\">\n\t\t\t\t<button class=\"prev\">\n\t\t\t\t<svg xmlns=\"http:\/\/www.w3.org\/2000\/svg\" width=\"26\" height=\"45\" viewBox=\"0 0 26 45\" fill=\"none\">\n\t\t\t\t<path d=\"M24.9118 0.990519C25.5461 1.62494 25.9023 2.48528 25.9023 3.38235C25.9023 4.27943 25.5461 5.13977 24.9118 5.77419L8.16559 22.5204L24.9118 39.2667C25.5281 39.9047 25.8691 40.7593 25.8614 41.6463C25.8537 42.5334 25.4979 43.3819 24.8706 44.0091C24.2434 44.6364 23.3948 44.9922 22.5078 44.9999C21.6208 45.0076 20.7662 44.6666 20.1282 44.0503L0.990082 24.9123C0.355853 24.2778 -0.000438023 23.4175 -0.000438023 22.5204C-0.000438023 21.6234 0.355853 20.763 0.990082 20.1286L20.1282 0.990519C20.7626 0.35629 21.6229 0 22.52 0C23.4171 0 24.2774 0.35629 24.9118 0.990519Z\" fill=\"white\" fill-opacity=\"0.7\"><\/path>\n\t\t\t\t<\/svg>\n\t\t\t\t<\/button>\n\t\t\t\t<button class=\"next\">\n\t\t\t\t<svg xmlns=\"http:\/\/www.w3.org\/2000\/svg\" width=\"26\" height=\"45\" viewBox=\"0 0 26 45\" fill=\"none\">\n\t\t\t\t<path d=\"M0.99052 0.990519C0.356291 1.62494 0 2.48528 0 3.38235C0 4.27943 0.356291 5.13977 0.99052 5.77419L17.7368 22.5204L0.99052 39.2667C0.374265 39.9047 0.0332682 40.7593 0.0409763 41.6463C0.0486844 42.5334 0.40448 43.3819 1.03173 44.0091C1.65898 44.6364 2.5075 44.9922 3.39453 44.9999C4.28156 45.0076 5.13613 44.6666 5.77419 44.0503L24.9123 24.9123C25.5465 24.2778 25.9028 23.4175 25.9028 22.5204C25.9028 21.6234 25.5465 20.763 24.9123 20.1286L5.77419 0.990519C5.13977 0.35629 4.27943 0 3.38235 0C2.48528 0 1.62494 0.35629 0.99052 0.990519Z\" fill=\"white\" fill-opacity=\"0.7\"><\/path>\n\t\t\t\t<\/svg>\n\t\t\t\t<\/button>\n\t\t\t<\/div>\n\t\t\t<div class=\"slider-dots\"><\/div>\n\t\t\t<\/div>","protected":false},"excerpt":{"rendered":"<p>A flagship da marca de luxo da BYD na capital \u00e9 a primeira das Am\u00e9ricas<\/p>\n","protected":false},"author":7,"featured_media":5783,"comment_status":"closed","ping_status":"open","sticky":false,"template":"","format":"standard","meta":{"_acf_changed":false,"inline_featured_image":false,"footnotes":""},"categories":[132],"tags":[9,1190,1139,1191,355,950],"class_list":["post-5775","post","type-post","status-publish","format-standard","has-post-thumbnail","hentry","category-cidade","tag-brasilia","tag-byd","tag-carros","tag-denza","tag-inauguracao","tag-social"],"acf":[],"yoast_head":"<!-- This site is optimized with the Yoast SEO plugin v27.3 - https:\/\/yoast.com\/product\/yoast-seo-wordpress\/ -->\n<title>Denza inaugura loja conceito em Bras\u00edlia e apresenta carregamento ultrarr\u00e1pido - Viva Bras\u00edlia<\/title>\n<meta name=\"robots\" content=\"index, follow, max-snippet:-1, max-image-preview:large, max-video-preview:-1\" \/>\n<link rel=\"canonical\" href=\"https:\/\/newblogs.correiobraziliense.com.br\/vivabrasilia\/denza-inaugura-loja-conceito-em-brasilia-e-apresenta-carregamento-ultrarrapido\/\" \/>\n<meta property=\"og:locale\" content=\"pt_BR\" \/>\n<meta property=\"og:type\" content=\"article\" \/>\n<meta property=\"og:title\" content=\"Denza inaugura loja conceito em Bras\u00edlia e apresenta carregamento ultrarr\u00e1pido - Viva Bras\u00edlia\" \/>\n<meta property=\"og:description\" content=\"A flagship da marca de luxo da BYD na capital \u00e9 a primeira das Am\u00e9ricas\" \/>\n<meta property=\"og:url\" content=\"https:\/\/newblogs.correiobraziliense.com.br\/vivabrasilia\/denza-inaugura-loja-conceito-em-brasilia-e-apresenta-carregamento-ultrarrapido\/\" \/>\n<meta property=\"og:site_name\" content=\"Viva Bras\u00edlia\" \/>\n<meta property=\"article:published_time\" content=\"2026-03-14T02:14:28+00:00\" \/>\n<meta property=\"article:modified_time\" content=\"2026-03-14T02:38:21+00:00\" \/>\n<meta property=\"og:image\" content=\"https:\/\/newblogs.correiobraziliense.com.br\/vivabrasilia\/wp-content\/uploads\/sites\/4\/2026\/03\/O-vice-presidente-senior-da-BYD-do-Brasil-Alexandre-Baldy-e-o-presidente-da-BYD-no-Brasil-Tyler-Li.jpg\" \/>\n\t<meta property=\"og:image:width\" content=\"2000\" \/>\n\t<meta property=\"og:image:height\" content=\"1333\" \/>\n\t<meta property=\"og:image:type\" content=\"image\/jpeg\" \/>\n<meta name=\"author\" content=\"Mariana Campos\" \/>\n<!-- \/ Yoast SEO plugin. -->","yoast_head_json":{"title":"Denza inaugura loja conceito em Bras\u00edlia e apresenta carregamento ultrarr\u00e1pido - Viva Bras\u00edlia","robots":{"index":"index","follow":"follow","max-snippet":"max-snippet:-1","max-image-preview":"max-image-preview:large","max-video-preview":"max-video-preview:-1"},"canonical":"https:\/\/newblogs.correiobraziliense.com.br\/vivabrasilia\/denza-inaugura-loja-conceito-em-brasilia-e-apresenta-carregamento-ultrarrapido\/","og_locale":"pt_BR","og_type":"article","og_title":"Denza inaugura loja conceito em Bras\u00edlia e apresenta carregamento ultrarr\u00e1pido - Viva Bras\u00edlia","og_description":"A flagship da marca de luxo da BYD na capital \u00e9 a primeira das Am\u00e9ricas","og_url":"https:\/\/newblogs.correiobraziliense.com.br\/vivabrasilia\/denza-inaugura-loja-conceito-em-brasilia-e-apresenta-carregamento-ultrarrapido\/","og_site_name":"Viva Bras\u00edlia","article_published_time":"2026-03-14T02:14:28+00:00","article_modified_time":"2026-03-14T02:38:21+00:00","og_image":[{"width":2000,"height":1333,"url":"https:\/\/newblogs.correiobraziliense.com.br\/vivabrasilia\/wp-content\/uploads\/sites\/4\/2026\/03\/O-vice-presidente-senior-da-BYD-do-Brasil-Alexandre-Baldy-e-o-presidente-da-BYD-no-Brasil-Tyler-Li.jpg","type":"image\/jpeg"}],"author":"Mariana Campos","schema":{"@context":"https:\/\/schema.org","@graph":[{"@type":"Article","@id":"https:\/\/newblogs.correiobraziliense.com.br\/vivabrasilia\/denza-inaugura-loja-conceito-em-brasilia-e-apresenta-carregamento-ultrarrapido\/#article","isPartOf":{"@id":"https:\/\/newblogs.correiobraziliense.com.br\/vivabrasilia\/denza-inaugura-loja-conceito-em-brasilia-e-apresenta-carregamento-ultrarrapido\/"},"author":{"name":"Mariana Campos","@id":"https:\/\/newblogs.correiobraziliense.com.br\/vivabrasilia\/#\/schema\/person\/018c75775aaa6ead74dde48a78ac7fa1"},"headline":"Denza inaugura loja conceito em Bras\u00edlia e apresenta carregamento ultrarr\u00e1pido","datePublished":"2026-03-14T02:14:28+00:00","dateModified":"2026-03-14T02:38:21+00:00","mainEntityOfPage":{"@id":"https:\/\/newblogs.correiobraziliense.com.br\/vivabrasilia\/denza-inaugura-loja-conceito-em-brasilia-e-apresenta-carregamento-ultrarrapido\/"},"wordCount":196,"image":{"@id":"https:\/\/newblogs.correiobraziliense.com.br\/vivabrasilia\/denza-inaugura-loja-conceito-em-brasilia-e-apresenta-carregamento-ultrarrapido\/#primaryimage"},"thumbnailUrl":"https:\/\/newblogs.correiobraziliense.com.br\/vivabrasilia\/wp-content\/uploads\/sites\/4\/2026\/03\/O-vice-presidente-senior-da-BYD-do-Brasil-Alexandre-Baldy-e-o-presidente-da-BYD-no-Brasil-Tyler-Li.jpg","keywords":["Bras\u00edlia","BYD","Carros","Denza","Inaugura\u00e7\u00e3o","Social"],"articleSection":["Cidade"],"inLanguage":"pt-BR"},{"@type":"WebPage","@id":"https:\/\/newblogs.correiobraziliense.com.br\/vivabrasilia\/denza-inaugura-loja-conceito-em-brasilia-e-apresenta-carregamento-ultrarrapido\/","url":"https:\/\/newblogs.correiobraziliense.com.br\/vivabrasilia\/denza-inaugura-loja-conceito-em-brasilia-e-apresenta-carregamento-ultrarrapido\/","name":"Denza inaugura loja conceito em Bras\u00edlia e apresenta carregamento ultrarr\u00e1pido - Viva Bras\u00edlia","isPartOf":{"@id":"https:\/\/newblogs.correiobraziliense.com.br\/vivabrasilia\/#website"},"primaryImageOfPage":{"@id":"https:\/\/newblogs.correiobraziliense.com.br\/vivabrasilia\/denza-inaugura-loja-conceito-em-brasilia-e-apresenta-carregamento-ultrarrapido\/#primaryimage"},"image":{"@id":"https:\/\/newblogs.correiobraziliense.com.br\/vivabrasilia\/denza-inaugura-loja-conceito-em-brasilia-e-apresenta-carregamento-ultrarrapido\/#primaryimage"},"thumbnailUrl":"https:\/\/newblogs.correiobraziliense.com.br\/vivabrasilia\/wp-content\/uploads\/sites\/4\/2026\/03\/O-vice-presidente-senior-da-BYD-do-Brasil-Alexandre-Baldy-e-o-presidente-da-BYD-no-Brasil-Tyler-Li.jpg","datePublished":"2026-03-14T02:14:28+00:00","dateModified":"2026-03-14T02:38:21+00:00","author":{"@id":"https:\/\/newblogs.correiobraziliense.com.br\/vivabrasilia\/#\/schema\/person\/018c75775aaa6ead74dde48a78ac7fa1"},"breadcrumb":{"@id":"https:\/\/newblogs.correiobraziliense.com.br\/vivabrasilia\/denza-inaugura-loja-conceito-em-brasilia-e-apresenta-carregamento-ultrarrapido\/#breadcrumb"},"inLanguage":"pt-BR","potentialAction":[{"@type":"ReadAction","target":["https:\/\/newblogs.correiobraziliense.com.br\/vivabrasilia\/denza-inaugura-loja-conceito-em-brasilia-e-apresenta-carregamento-ultrarrapido\/"]}]},{"@type":"ImageObject","inLanguage":"pt-BR","@id":"https:\/\/newblogs.correiobraziliense.com.br\/vivabrasilia\/denza-inaugura-loja-conceito-em-brasilia-e-apresenta-carregamento-ultrarrapido\/#primaryimage","url":"https:\/\/newblogs.correiobraziliense.com.br\/vivabrasilia\/wp-content\/uploads\/sites\/4\/2026\/03\/O-vice-presidente-senior-da-BYD-do-Brasil-Alexandre-Baldy-e-o-presidente-da-BYD-no-Brasil-Tyler-Li.jpg","contentUrl":"https:\/\/newblogs.correiobraziliense.com.br\/vivabrasilia\/wp-content\/uploads\/sites\/4\/2026\/03\/O-vice-presidente-senior-da-BYD-do-Brasil-Alexandre-Baldy-e-o-presidente-da-BYD-no-Brasil-Tyler-Li.jpg","width":2000,"height":1333,"caption":"O vice-presidente s\u00eanior da BYD do Brasil Alexandre Baldy e o presidente da BYD no Brasil Tyler Li | Foto: Mariana Campos"},{"@type":"BreadcrumbList","@id":"https:\/\/newblogs.correiobraziliense.com.br\/vivabrasilia\/denza-inaugura-loja-conceito-em-brasilia-e-apresenta-carregamento-ultrarrapido\/#breadcrumb","itemListElement":[{"@type":"ListItem","position":1,"name":"In\u00edcio","item":"https:\/\/newblogs.correiobraziliense.com.br\/vivabrasilia\/"},{"@type":"ListItem","position":2,"name":"Denza inaugura loja conceito em Bras\u00edlia e apresenta carregamento ultrarr\u00e1pido"}]},{"@type":"WebSite","@id":"https:\/\/newblogs.correiobraziliense.com.br\/vivabrasilia\/#website","url":"https:\/\/newblogs.correiobraziliense.com.br\/vivabrasilia\/","name":"Viva Bras\u00edlia","description":"Coluna de estilo de vida","potentialAction":[{"@type":"SearchAction","target":{"@type":"EntryPoint","urlTemplate":"https:\/\/newblogs.correiobraziliense.com.br\/vivabrasilia\/?s={search_term_string}"},"query-input":{"@type":"PropertyValueSpecification","valueRequired":true,"valueName":"search_term_string"}}],"inLanguage":"pt-BR"},{"@type":"Person","@id":"https:\/\/newblogs.correiobraziliense.com.br\/vivabrasilia\/#\/schema\/person\/018c75775aaa6ead74dde48a78ac7fa1","name":"Mariana Campos","image":{"@type":"ImageObject","inLanguage":"pt-BR","@id":"https:\/\/secure.gravatar.com\/avatar\/97cd13271bc36c11415a45e9f8192828452de6a8c0e24857edbf96d21752260f?s=96&d=mm&r=g","url":"https:\/\/secure.gravatar.com\/avatar\/97cd13271bc36c11415a45e9f8192828452de6a8c0e24857edbf96d21752260f?s=96&d=mm&r=g","contentUrl":"https:\/\/secure.gravatar.com\/avatar\/97cd13271bc36c11415a45e9f8192828452de6a8c0e24857edbf96d21752260f?s=96&d=mm&r=g","caption":"Mariana Campos"},"description":"Colunista da Viva Bras\u00edlia, Mariana escreve e fotografa para a coluna. Formada em Comunica\u00e7\u00e3o, aprofundou-se no jornalismo e agora une a escrita com a fotografia para mostrar que a capital \u00e9 uma cidade viva que n\u00e3o se resume ao poder. Tamb\u00e9m faz a cobertura de moda para seu blog, Pliss\u00ea, e para as redes sociais do Correio.","sameAs":["http:\/\/newblogs.correiobraziliense.com\/plisse","https:\/\/www.instagram.com\/marigrigori"],"url":"https:\/\/newblogs.correiobraziliense.com.br\/vivabrasilia\/author\/marivivabrasilia\/"}]}},"_links":{"self":[{"href":"https:\/\/newblogs.correiobraziliense.com.br\/vivabrasilia\/wp-json\/wp\/v2\/posts\/5775","targetHints":{"allow":["GET"]}}],"collection":[{"href":"https:\/\/newblogs.correiobraziliense.com.br\/vivabrasilia\/wp-json\/wp\/v2\/posts"}],"about":[{"href":"https:\/\/newblogs.correiobraziliense.com.br\/vivabrasilia\/wp-json\/wp\/v2\/types\/post"}],"author":[{"embeddable":true,"href":"https:\/\/newblogs.correiobraziliense.com.br\/vivabrasilia\/wp-json\/wp\/v2\/users\/7"}],"replies":[{"embeddable":true,"href":"https:\/\/newblogs.correiobraziliense.com.br\/vivabrasilia\/wp-json\/wp\/v2\/comments?post=5775"}],"version-history":[{"count":3,"href":"https:\/\/newblogs.correiobraziliense.com.br\/vivabrasilia\/wp-json\/wp\/v2\/posts\/5775\/revisions"}],"predecessor-version":[{"id":5852,"href":"https:\/\/newblogs.correiobraziliense.com.br\/vivabrasilia\/wp-json\/wp\/v2\/posts\/5775\/revisions\/5852"}],"wp:featuredmedia":[{"embeddable":true,"href":"https:\/\/newblogs.correiobraziliense.com.br\/vivabrasilia\/wp-json\/wp\/v2\/media\/5783"}],"wp:attachment":[{"href":"https:\/\/newblogs.correiobraziliense.com.br\/vivabrasilia\/wp-json\/wp\/v2\/media?parent=5775"}],"wp:term":[{"taxonomy":"category","embeddable":true,"href":"https:\/\/newblogs.correiobraziliense.com.br\/vivabrasilia\/wp-json\/wp\/v2\/categories?post=5775"},{"taxonomy":"post_tag","embeddable":true,"href":"https:\/\/newblogs.correiobraziliense.com.br\/vivabrasilia\/wp-json\/wp\/v2\/tags?post=5775"}],"curies":[{"name":"wp","href":"https:\/\/api.w.org\/{rel}","templated":true}]}}