{"id":5768,"date":"2026-03-13T23:14:45","date_gmt":"2026-03-14T02:14:45","guid":{"rendered":"https:\/\/newblogs.correiobraziliense.com.br\/vivabrasilia\/?p=5768"},"modified":"2026-03-13T23:41:23","modified_gmt":"2026-03-14T02:41:23","slug":"ministro-cesar-asfor-rocha-lanca-segunda-edicao-de-cartas-a-um-jovem-juiz","status":"publish","type":"post","link":"https:\/\/newblogs.correiobraziliense.com.br\/vivabrasilia\/ministro-cesar-asfor-rocha-lanca-segunda-edicao-de-cartas-a-um-jovem-juiz\/","title":{"rendered":"Ministro C\u00e9sar Asfor Rocha lan\u00e7a segunda edi\u00e7\u00e3o de Cartas a Um Jovem Juiz"},"content":{"rendered":"\n<p>Na \u00faltima ter\u00e7a-feira, o ministro C\u00e9sar Asfor Rocha lan\u00e7ou a segunda edi\u00e7\u00e3o de sua obra Cartas a um Jovem Juiz, em um evento prestigiado por autoridades e nomes importantes dos tr\u00eas poderes. O coquetel de celebra\u00e7\u00e3o foi realizado no Lago Sul, com clima de reencontros e confraterniza\u00e7\u00e3o. No livro, o ex-presidente do STJ reflete sobre suas experi\u00eancias como magistrado e advogado, relembrando o verdadeiro papel da justi\u00e7a na vida da popula\u00e7\u00e3o.<\/p>\n\n\n<div class=\"slider-wrapper\"><div class=\"slider\">\n<figure class=\"wp-block-gallery has-nested-images columns-default is-cropped wp-block-gallery-1 is-layout-flex wp-block-gallery-is-layout-flex\">\n<figure class=\"wp-block-image size-large\"><img loading=\"lazy\" decoding=\"async\" width=\"1024\" height=\"682\" data-id=\"5773\" src=\"https:\/\/newblogs.correiobraziliense.com.br\/vivabrasilia\/wp-content\/uploads\/sites\/4\/2026\/03\/O-desembargador-do-TDJFT-Robson-Teixeira-de-Freitas-Miguel-Matos-ministra-Daniela-Teixeira-e-o-presidente-do-Correio-Braziliense-Guilherme-Machado-2-1024x682.jpg\" alt=\"O desembargador do TDJFT Robson Teixeira de Freitas, Miguel Matos, ministra Daniela Teixeira e o presidente do Correio Braziliense Guilherme Machado | Foto: Mariana Campos\" class=\"wp-image-5773\" srcset=\"https:\/\/newblogs.correiobraziliense.com.br\/vivabrasilia\/wp-content\/uploads\/sites\/4\/2026\/03\/O-desembargador-do-TDJFT-Robson-Teixeira-de-Freitas-Miguel-Matos-ministra-Daniela-Teixeira-e-o-presidente-do-Correio-Braziliense-Guilherme-Machado-2-1024x682.jpg 1024w, https:\/\/newblogs.correiobraziliense.com.br\/vivabrasilia\/wp-content\/uploads\/sites\/4\/2026\/03\/O-desembargador-do-TDJFT-Robson-Teixeira-de-Freitas-Miguel-Matos-ministra-Daniela-Teixeira-e-o-presidente-do-Correio-Braziliense-Guilherme-Machado-2-300x200.jpg 300w, https:\/\/newblogs.correiobraziliense.com.br\/vivabrasilia\/wp-content\/uploads\/sites\/4\/2026\/03\/O-desembargador-do-TDJFT-Robson-Teixeira-de-Freitas-Miguel-Matos-ministra-Daniela-Teixeira-e-o-presidente-do-Correio-Braziliense-Guilherme-Machado-2-768x512.jpg 768w, https:\/\/newblogs.correiobraziliense.com.br\/vivabrasilia\/wp-content\/uploads\/sites\/4\/2026\/03\/O-desembargador-do-TDJFT-Robson-Teixeira-de-Freitas-Miguel-Matos-ministra-Daniela-Teixeira-e-o-presidente-do-Correio-Braziliense-Guilherme-Machado-2-1536x1024.jpg 1536w, https:\/\/newblogs.correiobraziliense.com.br\/vivabrasilia\/wp-content\/uploads\/sites\/4\/2026\/03\/O-desembargador-do-TDJFT-Robson-Teixeira-de-Freitas-Miguel-Matos-ministra-Daniela-Teixeira-e-o-presidente-do-Correio-Braziliense-Guilherme-Machado-2.jpg 2000w\" sizes=\"auto, (max-width: 1024px) 100vw, 1024px\" \/><figcaption class=\"wp-element-caption\">O desembargador do TDJFT Robson Teixeira de Freitas, Miguel Matos, ministra Daniela Teixeira e o presidente do Correio Braziliense Guilherme Machado | Foto: Mariana Campos<\/figcaption><\/figure>\n\n\n\n<figure class=\"wp-block-image size-large\"><img loading=\"lazy\" decoding=\"async\" width=\"1024\" height=\"682\" data-id=\"5769\" src=\"https:\/\/newblogs.correiobraziliense.com.br\/vivabrasilia\/wp-content\/uploads\/sites\/4\/2026\/03\/Gloria-Camara-Daniela-Teixeira-e-Jacques-Wagner-1024x682.jpg\" alt=\"\" class=\"wp-image-5769\" srcset=\"https:\/\/newblogs.correiobraziliense.com.br\/vivabrasilia\/wp-content\/uploads\/sites\/4\/2026\/03\/Gloria-Camara-Daniela-Teixeira-e-Jacques-Wagner-1024x682.jpg 1024w, https:\/\/newblogs.correiobraziliense.com.br\/vivabrasilia\/wp-content\/uploads\/sites\/4\/2026\/03\/Gloria-Camara-Daniela-Teixeira-e-Jacques-Wagner-300x200.jpg 300w, https:\/\/newblogs.correiobraziliense.com.br\/vivabrasilia\/wp-content\/uploads\/sites\/4\/2026\/03\/Gloria-Camara-Daniela-Teixeira-e-Jacques-Wagner-768x512.jpg 768w, https:\/\/newblogs.correiobraziliense.com.br\/vivabrasilia\/wp-content\/uploads\/sites\/4\/2026\/03\/Gloria-Camara-Daniela-Teixeira-e-Jacques-Wagner-1536x1024.jpg 1536w, https:\/\/newblogs.correiobraziliense.com.br\/vivabrasilia\/wp-content\/uploads\/sites\/4\/2026\/03\/Gloria-Camara-Daniela-Teixeira-e-Jacques-Wagner.jpg 2000w\" sizes=\"auto, (max-width: 1024px) 100vw, 1024px\" \/><figcaption class=\"wp-element-caption\">14.03.2026. Viva Bras\u00edlia. Mariana Campos\/CB\/D.A Press. Gl\u00f3ria Camara, Daniela Teixeira e Jacques Wagner<\/figcaption><\/figure>\n\n\n\n<figure class=\"wp-block-image size-large\"><img loading=\"lazy\" decoding=\"async\" width=\"1024\" height=\"682\" data-id=\"5771\" src=\"https:\/\/newblogs.correiobraziliense.com.br\/vivabrasilia\/wp-content\/uploads\/sites\/4\/2026\/03\/Kiko-Caputo-Carol-Guimaraes-e-Sandoval-Borges-1024x682.jpg\" alt=\"\" class=\"wp-image-5771\" srcset=\"https:\/\/newblogs.correiobraziliense.com.br\/vivabrasilia\/wp-content\/uploads\/sites\/4\/2026\/03\/Kiko-Caputo-Carol-Guimaraes-e-Sandoval-Borges-1024x682.jpg 1024w, https:\/\/newblogs.correiobraziliense.com.br\/vivabrasilia\/wp-content\/uploads\/sites\/4\/2026\/03\/Kiko-Caputo-Carol-Guimaraes-e-Sandoval-Borges-300x200.jpg 300w, https:\/\/newblogs.correiobraziliense.com.br\/vivabrasilia\/wp-content\/uploads\/sites\/4\/2026\/03\/Kiko-Caputo-Carol-Guimaraes-e-Sandoval-Borges-768x512.jpg 768w, https:\/\/newblogs.correiobraziliense.com.br\/vivabrasilia\/wp-content\/uploads\/sites\/4\/2026\/03\/Kiko-Caputo-Carol-Guimaraes-e-Sandoval-Borges-1536x1024.jpg 1536w, https:\/\/newblogs.correiobraziliense.com.br\/vivabrasilia\/wp-content\/uploads\/sites\/4\/2026\/03\/Kiko-Caputo-Carol-Guimaraes-e-Sandoval-Borges.jpg 2000w\" sizes=\"auto, (max-width: 1024px) 100vw, 1024px\" \/><figcaption class=\"wp-element-caption\">14.03.2026. Viva Bras\u00edlia. Mariana Campos\/CB\/D.A Press. Kiko Caputo, Carol Guimar\u00e3es e Sandoval Borges<\/figcaption><\/figure>\n\n\n\n<figure class=\"wp-block-image size-large\"><img loading=\"lazy\" decoding=\"async\" width=\"1024\" height=\"682\" data-id=\"5770\" src=\"https:\/\/newblogs.correiobraziliense.com.br\/vivabrasilia\/wp-content\/uploads\/sites\/4\/2026\/03\/IMG_4908-1024x682.jpg\" alt=\"\" class=\"wp-image-5770\" srcset=\"https:\/\/newblogs.correiobraziliense.com.br\/vivabrasilia\/wp-content\/uploads\/sites\/4\/2026\/03\/IMG_4908-1024x682.jpg 1024w, https:\/\/newblogs.correiobraziliense.com.br\/vivabrasilia\/wp-content\/uploads\/sites\/4\/2026\/03\/IMG_4908-300x200.jpg 300w, https:\/\/newblogs.correiobraziliense.com.br\/vivabrasilia\/wp-content\/uploads\/sites\/4\/2026\/03\/IMG_4908-768x512.jpg 768w, https:\/\/newblogs.correiobraziliense.com.br\/vivabrasilia\/wp-content\/uploads\/sites\/4\/2026\/03\/IMG_4908-1536x1024.jpg 1536w, https:\/\/newblogs.correiobraziliense.com.br\/vivabrasilia\/wp-content\/uploads\/sites\/4\/2026\/03\/IMG_4908.jpg 2000w\" sizes=\"auto, (max-width: 1024px) 100vw, 1024px\" \/><\/figure>\n<\/figure>\n<\/div>\n\t\t\t<div class=\"slider-nav\">\n\t\t\t\t<button class=\"prev\">\n\t\t\t\t<svg xmlns=\"http:\/\/www.w3.org\/2000\/svg\" width=\"26\" height=\"45\" viewBox=\"0 0 26 45\" fill=\"none\">\n\t\t\t\t<path d=\"M24.9118 0.990519C25.5461 1.62494 25.9023 2.48528 25.9023 3.38235C25.9023 4.27943 25.5461 5.13977 24.9118 5.77419L8.16559 22.5204L24.9118 39.2667C25.5281 39.9047 25.8691 40.7593 25.8614 41.6463C25.8537 42.5334 25.4979 43.3819 24.8706 44.0091C24.2434 44.6364 23.3948 44.9922 22.5078 44.9999C21.6208 45.0076 20.7662 44.6666 20.1282 44.0503L0.990082 24.9123C0.355853 24.2778 -0.000438023 23.4175 -0.000438023 22.5204C-0.000438023 21.6234 0.355853 20.763 0.990082 20.1286L20.1282 0.990519C20.7626 0.35629 21.6229 0 22.52 0C23.4171 0 24.2774 0.35629 24.9118 0.990519Z\" fill=\"white\" fill-opacity=\"0.7\"><\/path>\n\t\t\t\t<\/svg>\n\t\t\t\t<\/button>\n\t\t\t\t<button class=\"next\">\n\t\t\t\t<svg xmlns=\"http:\/\/www.w3.org\/2000\/svg\" width=\"26\" height=\"45\" viewBox=\"0 0 26 45\" fill=\"none\">\n\t\t\t\t<path d=\"M0.99052 0.990519C0.356291 1.62494 0 2.48528 0 3.38235C0 4.27943 0.356291 5.13977 0.99052 5.77419L17.7368 22.5204L0.99052 39.2667C0.374265 39.9047 0.0332682 40.7593 0.0409763 41.6463C0.0486844 42.5334 0.40448 43.3819 1.03173 44.0091C1.65898 44.6364 2.5075 44.9922 3.39453 44.9999C4.28156 45.0076 5.13613 44.6666 5.77419 44.0503L24.9123 24.9123C25.5465 24.2778 25.9028 23.4175 25.9028 22.5204C25.9028 21.6234 25.5465 20.763 24.9123 20.1286L5.77419 0.990519C5.13977 0.35629 4.27943 0 3.38235 0C2.48528 0 1.62494 0.35629 0.99052 0.990519Z\" fill=\"white\" fill-opacity=\"0.7\"><\/path>\n\t\t\t\t<\/svg>\n\t\t\t\t<\/button>\n\t\t\t<\/div>\n\t\t\t<div class=\"slider-dots\"><\/div>\n\t\t\t<\/div>","protected":false},"excerpt":{"rendered":"<p>O ex-presidente do STJ recebeu autoridades no Lago Sul para celebrar o lan\u00e7amento da obra<\/p>\n","protected":false},"author":7,"featured_media":5772,"comment_status":"closed","ping_status":"open","sticky":false,"template":"","format":"standard","meta":{"_acf_changed":false,"inline_featured_image":false,"footnotes":""},"categories":[7],"tags":[9,1188,1189,950,248],"class_list":["post-5768","post","type-post","status-publish","format-standard","has-post-thumbnail","hentry","category-evento","tag-brasilia","tag-cartaz-a-um-jovem-juiz","tag-ministro-cesar-asfor-rocha","tag-social","tag-stj"],"acf":[],"yoast_head":"<!-- This site is optimized with the Yoast SEO plugin v27.3 - https:\/\/yoast.com\/product\/yoast-seo-wordpress\/ -->\n<title>Ministro C\u00e9sar Asfor Rocha lan\u00e7a segunda edi\u00e7\u00e3o de Cartas a Um Jovem Juiz - Viva Bras\u00edlia<\/title>\n<meta name=\"robots\" content=\"index, follow, max-snippet:-1, max-image-preview:large, max-video-preview:-1\" \/>\n<link rel=\"canonical\" href=\"https:\/\/newblogs.correiobraziliense.com.br\/vivabrasilia\/ministro-cesar-asfor-rocha-lanca-segunda-edicao-de-cartas-a-um-jovem-juiz\/\" \/>\n<meta property=\"og:locale\" content=\"pt_BR\" \/>\n<meta property=\"og:type\" content=\"article\" \/>\n<meta property=\"og:title\" content=\"Ministro C\u00e9sar Asfor Rocha lan\u00e7a segunda edi\u00e7\u00e3o de Cartas a Um Jovem Juiz - Viva Bras\u00edlia\" \/>\n<meta property=\"og:description\" content=\"O ex-presidente do STJ recebeu autoridades no Lago Sul para celebrar o lan\u00e7amento da obra\" \/>\n<meta property=\"og:url\" content=\"https:\/\/newblogs.correiobraziliense.com.br\/vivabrasilia\/ministro-cesar-asfor-rocha-lanca-segunda-edicao-de-cartas-a-um-jovem-juiz\/\" \/>\n<meta property=\"og:site_name\" content=\"Viva Bras\u00edlia\" \/>\n<meta property=\"article:published_time\" content=\"2026-03-14T02:14:45+00:00\" \/>\n<meta property=\"article:modified_time\" content=\"2026-03-14T02:41:23+00:00\" \/>\n<meta property=\"og:image\" content=\"https:\/\/newblogs.correiobraziliense.com.br\/vivabrasilia\/wp-content\/uploads\/sites\/4\/2026\/03\/Ministro-Cesar-Asfor-Rocha-e-o-senador-Ciro-Nogueira.jpg\" \/>\n\t<meta property=\"og:image:width\" content=\"1788\" \/>\n\t<meta property=\"og:image:height\" content=\"2000\" \/>\n\t<meta property=\"og:image:type\" content=\"image\/jpeg\" \/>\n<meta name=\"author\" content=\"Mariana Campos\" \/>\n<!-- \/ Yoast SEO plugin. -->","yoast_head_json":{"title":"Ministro C\u00e9sar Asfor Rocha lan\u00e7a segunda edi\u00e7\u00e3o de Cartas a Um Jovem Juiz - Viva Bras\u00edlia","robots":{"index":"index","follow":"follow","max-snippet":"max-snippet:-1","max-image-preview":"max-image-preview:large","max-video-preview":"max-video-preview:-1"},"canonical":"https:\/\/newblogs.correiobraziliense.com.br\/vivabrasilia\/ministro-cesar-asfor-rocha-lanca-segunda-edicao-de-cartas-a-um-jovem-juiz\/","og_locale":"pt_BR","og_type":"article","og_title":"Ministro C\u00e9sar Asfor Rocha lan\u00e7a segunda edi\u00e7\u00e3o de Cartas a Um Jovem Juiz - Viva Bras\u00edlia","og_description":"O ex-presidente do STJ recebeu autoridades no Lago Sul para celebrar o lan\u00e7amento da obra","og_url":"https:\/\/newblogs.correiobraziliense.com.br\/vivabrasilia\/ministro-cesar-asfor-rocha-lanca-segunda-edicao-de-cartas-a-um-jovem-juiz\/","og_site_name":"Viva Bras\u00edlia","article_published_time":"2026-03-14T02:14:45+00:00","article_modified_time":"2026-03-14T02:41:23+00:00","og_image":[{"width":1788,"height":2000,"url":"https:\/\/newblogs.correiobraziliense.com.br\/vivabrasilia\/wp-content\/uploads\/sites\/4\/2026\/03\/Ministro-Cesar-Asfor-Rocha-e-o-senador-Ciro-Nogueira.jpg","type":"image\/jpeg"}],"author":"Mariana Campos","schema":{"@context":"https:\/\/schema.org","@graph":[{"@type":"Article","@id":"https:\/\/newblogs.correiobraziliense.com.br\/vivabrasilia\/ministro-cesar-asfor-rocha-lanca-segunda-edicao-de-cartas-a-um-jovem-juiz\/#article","isPartOf":{"@id":"https:\/\/newblogs.correiobraziliense.com.br\/vivabrasilia\/ministro-cesar-asfor-rocha-lanca-segunda-edicao-de-cartas-a-um-jovem-juiz\/"},"author":{"name":"Mariana Campos","@id":"https:\/\/newblogs.correiobraziliense.com.br\/vivabrasilia\/#\/schema\/person\/018c75775aaa6ead74dde48a78ac7fa1"},"headline":"Ministro C\u00e9sar Asfor Rocha lan\u00e7a segunda edi\u00e7\u00e3o de Cartas a Um Jovem Juiz","datePublished":"2026-03-14T02:14:45+00:00","dateModified":"2026-03-14T02:41:23+00:00","mainEntityOfPage":{"@id":"https:\/\/newblogs.correiobraziliense.com.br\/vivabrasilia\/ministro-cesar-asfor-rocha-lanca-segunda-edicao-de-cartas-a-um-jovem-juiz\/"},"wordCount":155,"image":{"@id":"https:\/\/newblogs.correiobraziliense.com.br\/vivabrasilia\/ministro-cesar-asfor-rocha-lanca-segunda-edicao-de-cartas-a-um-jovem-juiz\/#primaryimage"},"thumbnailUrl":"https:\/\/newblogs.correiobraziliense.com.br\/vivabrasilia\/wp-content\/uploads\/sites\/4\/2026\/03\/Ministro-Cesar-Asfor-Rocha-e-o-senador-Ciro-Nogueira.jpg","keywords":["Bras\u00edlia","cartaz a um jovem juiz","ministro c\u00e9sar asfor rocha","Social","STJ"],"articleSection":["Evento"],"inLanguage":"pt-BR"},{"@type":"WebPage","@id":"https:\/\/newblogs.correiobraziliense.com.br\/vivabrasilia\/ministro-cesar-asfor-rocha-lanca-segunda-edicao-de-cartas-a-um-jovem-juiz\/","url":"https:\/\/newblogs.correiobraziliense.com.br\/vivabrasilia\/ministro-cesar-asfor-rocha-lanca-segunda-edicao-de-cartas-a-um-jovem-juiz\/","name":"Ministro C\u00e9sar Asfor Rocha lan\u00e7a segunda edi\u00e7\u00e3o de Cartas a Um Jovem Juiz - Viva Bras\u00edlia","isPartOf":{"@id":"https:\/\/newblogs.correiobraziliense.com.br\/vivabrasilia\/#website"},"primaryImageOfPage":{"@id":"https:\/\/newblogs.correiobraziliense.com.br\/vivabrasilia\/ministro-cesar-asfor-rocha-lanca-segunda-edicao-de-cartas-a-um-jovem-juiz\/#primaryimage"},"image":{"@id":"https:\/\/newblogs.correiobraziliense.com.br\/vivabrasilia\/ministro-cesar-asfor-rocha-lanca-segunda-edicao-de-cartas-a-um-jovem-juiz\/#primaryimage"},"thumbnailUrl":"https:\/\/newblogs.correiobraziliense.com.br\/vivabrasilia\/wp-content\/uploads\/sites\/4\/2026\/03\/Ministro-Cesar-Asfor-Rocha-e-o-senador-Ciro-Nogueira.jpg","datePublished":"2026-03-14T02:14:45+00:00","dateModified":"2026-03-14T02:41:23+00:00","author":{"@id":"https:\/\/newblogs.correiobraziliense.com.br\/vivabrasilia\/#\/schema\/person\/018c75775aaa6ead74dde48a78ac7fa1"},"breadcrumb":{"@id":"https:\/\/newblogs.correiobraziliense.com.br\/vivabrasilia\/ministro-cesar-asfor-rocha-lanca-segunda-edicao-de-cartas-a-um-jovem-juiz\/#breadcrumb"},"inLanguage":"pt-BR","potentialAction":[{"@type":"ReadAction","target":["https:\/\/newblogs.correiobraziliense.com.br\/vivabrasilia\/ministro-cesar-asfor-rocha-lanca-segunda-edicao-de-cartas-a-um-jovem-juiz\/"]}]},{"@type":"ImageObject","inLanguage":"pt-BR","@id":"https:\/\/newblogs.correiobraziliense.com.br\/vivabrasilia\/ministro-cesar-asfor-rocha-lanca-segunda-edicao-de-cartas-a-um-jovem-juiz\/#primaryimage","url":"https:\/\/newblogs.correiobraziliense.com.br\/vivabrasilia\/wp-content\/uploads\/sites\/4\/2026\/03\/Ministro-Cesar-Asfor-Rocha-e-o-senador-Ciro-Nogueira.jpg","contentUrl":"https:\/\/newblogs.correiobraziliense.com.br\/vivabrasilia\/wp-content\/uploads\/sites\/4\/2026\/03\/Ministro-Cesar-Asfor-Rocha-e-o-senador-Ciro-Nogueira.jpg","width":1788,"height":2000,"caption":"Ministro C\u00e9sar Asfor Rocha e o senador Ciro Nogueira | Foto: Reprodu\u00e7\u00e3o\/Instagram"},{"@type":"BreadcrumbList","@id":"https:\/\/newblogs.correiobraziliense.com.br\/vivabrasilia\/ministro-cesar-asfor-rocha-lanca-segunda-edicao-de-cartas-a-um-jovem-juiz\/#breadcrumb","itemListElement":[{"@type":"ListItem","position":1,"name":"In\u00edcio","item":"https:\/\/newblogs.correiobraziliense.com.br\/vivabrasilia\/"},{"@type":"ListItem","position":2,"name":"Ministro C\u00e9sar Asfor Rocha lan\u00e7a segunda edi\u00e7\u00e3o de Cartas a Um Jovem Juiz"}]},{"@type":"WebSite","@id":"https:\/\/newblogs.correiobraziliense.com.br\/vivabrasilia\/#website","url":"https:\/\/newblogs.correiobraziliense.com.br\/vivabrasilia\/","name":"Viva Bras\u00edlia","description":"Coluna de estilo de vida","potentialAction":[{"@type":"SearchAction","target":{"@type":"EntryPoint","urlTemplate":"https:\/\/newblogs.correiobraziliense.com.br\/vivabrasilia\/?s={search_term_string}"},"query-input":{"@type":"PropertyValueSpecification","valueRequired":true,"valueName":"search_term_string"}}],"inLanguage":"pt-BR"},{"@type":"Person","@id":"https:\/\/newblogs.correiobraziliense.com.br\/vivabrasilia\/#\/schema\/person\/018c75775aaa6ead74dde48a78ac7fa1","name":"Mariana Campos","image":{"@type":"ImageObject","inLanguage":"pt-BR","@id":"https:\/\/secure.gravatar.com\/avatar\/97cd13271bc36c11415a45e9f8192828452de6a8c0e24857edbf96d21752260f?s=96&d=mm&r=g","url":"https:\/\/secure.gravatar.com\/avatar\/97cd13271bc36c11415a45e9f8192828452de6a8c0e24857edbf96d21752260f?s=96&d=mm&r=g","contentUrl":"https:\/\/secure.gravatar.com\/avatar\/97cd13271bc36c11415a45e9f8192828452de6a8c0e24857edbf96d21752260f?s=96&d=mm&r=g","caption":"Mariana Campos"},"description":"Colunista da Viva Bras\u00edlia, Mariana escreve e fotografa para a coluna. Formada em Comunica\u00e7\u00e3o, aprofundou-se no jornalismo e agora une a escrita com a fotografia para mostrar que a capital \u00e9 uma cidade viva que n\u00e3o se resume ao poder. Tamb\u00e9m faz a cobertura de moda para seu blog, Pliss\u00ea, e para as redes sociais do Correio.","sameAs":["http:\/\/newblogs.correiobraziliense.com\/plisse","https:\/\/www.instagram.com\/marigrigori"],"url":"https:\/\/newblogs.correiobraziliense.com.br\/vivabrasilia\/author\/marivivabrasilia\/"}]}},"_links":{"self":[{"href":"https:\/\/newblogs.correiobraziliense.com.br\/vivabrasilia\/wp-json\/wp\/v2\/posts\/5768","targetHints":{"allow":["GET"]}}],"collection":[{"href":"https:\/\/newblogs.correiobraziliense.com.br\/vivabrasilia\/wp-json\/wp\/v2\/posts"}],"about":[{"href":"https:\/\/newblogs.correiobraziliense.com.br\/vivabrasilia\/wp-json\/wp\/v2\/types\/post"}],"author":[{"embeddable":true,"href":"https:\/\/newblogs.correiobraziliense.com.br\/vivabrasilia\/wp-json\/wp\/v2\/users\/7"}],"replies":[{"embeddable":true,"href":"https:\/\/newblogs.correiobraziliense.com.br\/vivabrasilia\/wp-json\/wp\/v2\/comments?post=5768"}],"version-history":[{"count":2,"href":"https:\/\/newblogs.correiobraziliense.com.br\/vivabrasilia\/wp-json\/wp\/v2\/posts\/5768\/revisions"}],"predecessor-version":[{"id":5853,"href":"https:\/\/newblogs.correiobraziliense.com.br\/vivabrasilia\/wp-json\/wp\/v2\/posts\/5768\/revisions\/5853"}],"wp:featuredmedia":[{"embeddable":true,"href":"https:\/\/newblogs.correiobraziliense.com.br\/vivabrasilia\/wp-json\/wp\/v2\/media\/5772"}],"wp:attachment":[{"href":"https:\/\/newblogs.correiobraziliense.com.br\/vivabrasilia\/wp-json\/wp\/v2\/media?parent=5768"}],"wp:term":[{"taxonomy":"category","embeddable":true,"href":"https:\/\/newblogs.correiobraziliense.com.br\/vivabrasilia\/wp-json\/wp\/v2\/categories?post=5768"},{"taxonomy":"post_tag","embeddable":true,"href":"https:\/\/newblogs.correiobraziliense.com.br\/vivabrasilia\/wp-json\/wp\/v2\/tags?post=5768"}],"curies":[{"name":"wp","href":"https:\/\/api.w.org\/{rel}","templated":true}]}}