{"id":5714,"date":"2026-03-11T16:54:04","date_gmt":"2026-03-11T19:54:04","guid":{"rendered":"https:\/\/newblogs.correiobraziliense.com.br\/vivabrasilia\/?p=5714"},"modified":"2026-03-11T17:01:55","modified_gmt":"2026-03-11T20:01:55","slug":"alento-e-o-novo-espaco-que-oferece-descanso-da-rotina-na-capital","status":"publish","type":"post","link":"https:\/\/newblogs.correiobraziliense.com.br\/vivabrasilia\/alento-e-o-novo-espaco-que-oferece-descanso-da-rotina-na-capital\/","title":{"rendered":"Alento \u00e9 o novo espa\u00e7o que oferece descanso da rotina na capital"},"content":{"rendered":"\n<p>Um novo espa\u00e7o de arte, t\u00e9cnica e experi\u00eancia de bem-estar foi inaugurado na comercial da 302 Sul no \u00faltimo s\u00e1bado. Alento \u00e9 o novo hub para os amantes de arte que buscam escolas e ateli\u00eas para aprenderem mais sobre a cria\u00e7\u00e3o artesanal. Aulas de aquarela, bordado, cer\u00e2mica e pintura s\u00e3o algumas das modalidades dispon\u00edveis para explorar no espa\u00e7o, com expectativa de amplia\u00e7\u00e3o deste card\u00e1pio. Para celebrar a inaugura\u00e7\u00e3o, a propriet\u00e1ria Tha\u00eds Sousa recebeu convidados com um caf\u00e9 da manh\u00e3 e m\u00fasica boa. \u201cA proposta \u00e9 oferecer aqui, atrav\u00e9s da arte, um descanso genu\u00edno da rotina\u201d, afirmou a advogada.<\/p>\n\n\n<div class=\"slider-wrapper\"><div class=\"slider\">\n<figure class=\"wp-block-gallery has-nested-images columns-default is-cropped wp-block-gallery-1 is-layout-flex wp-block-gallery-is-layout-flex\">\n<figure class=\"wp-block-image size-large\"><img loading=\"lazy\" decoding=\"async\" width=\"972\" height=\"1024\" data-id=\"5708\" src=\"https:\/\/newblogs.correiobraziliense.com.br\/vivabrasilia\/wp-content\/uploads\/sites\/4\/2026\/03\/22-A-proprietaria-da-Madenna-Brasilia-Gabriella-Meireles-e-a-proprietaria-da-Alento-Thais-Sousa-972x1024.jpg\" alt=\"\" class=\"wp-image-5708\" srcset=\"https:\/\/newblogs.correiobraziliense.com.br\/vivabrasilia\/wp-content\/uploads\/sites\/4\/2026\/03\/22-A-proprietaria-da-Madenna-Brasilia-Gabriella-Meireles-e-a-proprietaria-da-Alento-Thais-Sousa-972x1024.jpg 972w, https:\/\/newblogs.correiobraziliense.com.br\/vivabrasilia\/wp-content\/uploads\/sites\/4\/2026\/03\/22-A-proprietaria-da-Madenna-Brasilia-Gabriella-Meireles-e-a-proprietaria-da-Alento-Thais-Sousa-285x300.jpg 285w, https:\/\/newblogs.correiobraziliense.com.br\/vivabrasilia\/wp-content\/uploads\/sites\/4\/2026\/03\/22-A-proprietaria-da-Madenna-Brasilia-Gabriella-Meireles-e-a-proprietaria-da-Alento-Thais-Sousa-768x809.jpg 768w, https:\/\/newblogs.correiobraziliense.com.br\/vivabrasilia\/wp-content\/uploads\/sites\/4\/2026\/03\/22-A-proprietaria-da-Madenna-Brasilia-Gabriella-Meireles-e-a-proprietaria-da-Alento-Thais-Sousa-1458x1536.jpg 1458w, https:\/\/newblogs.correiobraziliense.com.br\/vivabrasilia\/wp-content\/uploads\/sites\/4\/2026\/03\/22-A-proprietaria-da-Madenna-Brasilia-Gabriella-Meireles-e-a-proprietaria-da-Alento-Thais-Sousa.jpg 1899w\" sizes=\"auto, (max-width: 972px) 100vw, 972px\" \/><figcaption class=\"wp-element-caption\">A propriet\u00e1ria da Madenna Bras\u00edlia Gabriella Meireles e a propriet\u00e1ria da Alento Thais Sousa<\/figcaption><\/figure>\n\n\n\n<figure class=\"wp-block-image size-large\"><img loading=\"lazy\" decoding=\"async\" width=\"1024\" height=\"692\" data-id=\"5723\" src=\"https:\/\/newblogs.correiobraziliense.com.br\/vivabrasilia\/wp-content\/uploads\/sites\/4\/2026\/03\/Patricia-Kruske-Thais-Sousa-Ludmilla-Ribeiro-e-Amanda-Silva-1024x692.jpg\" alt=\"\" class=\"wp-image-5723\" srcset=\"https:\/\/newblogs.correiobraziliense.com.br\/vivabrasilia\/wp-content\/uploads\/sites\/4\/2026\/03\/Patricia-Kruske-Thais-Sousa-Ludmilla-Ribeiro-e-Amanda-Silva-1024x692.jpg 1024w, https:\/\/newblogs.correiobraziliense.com.br\/vivabrasilia\/wp-content\/uploads\/sites\/4\/2026\/03\/Patricia-Kruske-Thais-Sousa-Ludmilla-Ribeiro-e-Amanda-Silva-300x203.jpg 300w, https:\/\/newblogs.correiobraziliense.com.br\/vivabrasilia\/wp-content\/uploads\/sites\/4\/2026\/03\/Patricia-Kruske-Thais-Sousa-Ludmilla-Ribeiro-e-Amanda-Silva-768x519.jpg 768w, https:\/\/newblogs.correiobraziliense.com.br\/vivabrasilia\/wp-content\/uploads\/sites\/4\/2026\/03\/Patricia-Kruske-Thais-Sousa-Ludmilla-Ribeiro-e-Amanda-Silva-1536x1038.jpg 1536w, https:\/\/newblogs.correiobraziliense.com.br\/vivabrasilia\/wp-content\/uploads\/sites\/4\/2026\/03\/Patricia-Kruske-Thais-Sousa-Ludmilla-Ribeiro-e-Amanda-Silva.jpg 2000w\" sizes=\"auto, (max-width: 1024px) 100vw, 1024px\" \/><figcaption class=\"wp-element-caption\">Patr\u00edcia Kruske, Thais Sousa, Ludmilla Ribeiro e Amanda Silva<\/figcaption><\/figure>\n\n\n\n<figure class=\"wp-block-image size-large\"><img loading=\"lazy\" decoding=\"async\" width=\"1024\" height=\"674\" data-id=\"5722\" src=\"https:\/\/newblogs.correiobraziliense.com.br\/vivabrasilia\/wp-content\/uploads\/sites\/4\/2026\/03\/Luiza-Fernandes-Lais-Brandao-Thais-Sousa-Julia-Duarte-e-Quilce-Ramanho-1024x674.jpg\" alt=\"\" class=\"wp-image-5722\" srcset=\"https:\/\/newblogs.correiobraziliense.com.br\/vivabrasilia\/wp-content\/uploads\/sites\/4\/2026\/03\/Luiza-Fernandes-Lais-Brandao-Thais-Sousa-Julia-Duarte-e-Quilce-Ramanho-1024x674.jpg 1024w, https:\/\/newblogs.correiobraziliense.com.br\/vivabrasilia\/wp-content\/uploads\/sites\/4\/2026\/03\/Luiza-Fernandes-Lais-Brandao-Thais-Sousa-Julia-Duarte-e-Quilce-Ramanho-300x197.jpg 300w, https:\/\/newblogs.correiobraziliense.com.br\/vivabrasilia\/wp-content\/uploads\/sites\/4\/2026\/03\/Luiza-Fernandes-Lais-Brandao-Thais-Sousa-Julia-Duarte-e-Quilce-Ramanho-768x505.jpg 768w, https:\/\/newblogs.correiobraziliense.com.br\/vivabrasilia\/wp-content\/uploads\/sites\/4\/2026\/03\/Luiza-Fernandes-Lais-Brandao-Thais-Sousa-Julia-Duarte-e-Quilce-Ramanho-1536x1011.jpg 1536w, https:\/\/newblogs.correiobraziliense.com.br\/vivabrasilia\/wp-content\/uploads\/sites\/4\/2026\/03\/Luiza-Fernandes-Lais-Brandao-Thais-Sousa-Julia-Duarte-e-Quilce-Ramanho.jpg 2000w\" sizes=\"auto, (max-width: 1024px) 100vw, 1024px\" \/><figcaption class=\"wp-element-caption\">Luiza Fernandes, La\u00eds Brand\u00e3o, Thais Sousa, J\u00falia Duarte e Quilce Ramanho<\/figcaption><\/figure>\n<\/figure>\n<\/div>\n\t\t\t<div class=\"slider-nav\">\n\t\t\t\t<button class=\"prev\">\n\t\t\t\t<svg xmlns=\"http:\/\/www.w3.org\/2000\/svg\" width=\"26\" height=\"45\" viewBox=\"0 0 26 45\" fill=\"none\">\n\t\t\t\t<path d=\"M24.9118 0.990519C25.5461 1.62494 25.9023 2.48528 25.9023 3.38235C25.9023 4.27943 25.5461 5.13977 24.9118 5.77419L8.16559 22.5204L24.9118 39.2667C25.5281 39.9047 25.8691 40.7593 25.8614 41.6463C25.8537 42.5334 25.4979 43.3819 24.8706 44.0091C24.2434 44.6364 23.3948 44.9922 22.5078 44.9999C21.6208 45.0076 20.7662 44.6666 20.1282 44.0503L0.990082 24.9123C0.355853 24.2778 -0.000438023 23.4175 -0.000438023 22.5204C-0.000438023 21.6234 0.355853 20.763 0.990082 20.1286L20.1282 0.990519C20.7626 0.35629 21.6229 0 22.52 0C23.4171 0 24.2774 0.35629 24.9118 0.990519Z\" fill=\"white\" fill-opacity=\"0.7\"><\/path>\n\t\t\t\t<\/svg>\n\t\t\t\t<\/button>\n\t\t\t\t<button class=\"next\">\n\t\t\t\t<svg xmlns=\"http:\/\/www.w3.org\/2000\/svg\" width=\"26\" height=\"45\" viewBox=\"0 0 26 45\" fill=\"none\">\n\t\t\t\t<path d=\"M0.99052 0.990519C0.356291 1.62494 0 2.48528 0 3.38235C0 4.27943 0.356291 5.13977 0.99052 5.77419L17.7368 22.5204L0.99052 39.2667C0.374265 39.9047 0.0332682 40.7593 0.0409763 41.6463C0.0486844 42.5334 0.40448 43.3819 1.03173 44.0091C1.65898 44.6364 2.5075 44.9922 3.39453 44.9999C4.28156 45.0076 5.13613 44.6666 5.77419 44.0503L24.9123 24.9123C25.5465 24.2778 25.9028 23.4175 25.9028 22.5204C25.9028 21.6234 25.5465 20.763 24.9123 20.1286L5.77419 0.990519C5.13977 0.35629 4.27943 0 3.38235 0C2.48528 0 1.62494 0.35629 0.99052 0.990519Z\" fill=\"white\" fill-opacity=\"0.7\"><\/path>\n\t\t\t\t<\/svg>\n\t\t\t\t<\/button>\n\t\t\t<\/div>\n\t\t\t<div class=\"slider-dots\"><\/div>\n\t\t\t<\/div>\n\n\n\n","protected":false},"excerpt":{"rendered":"<p>A escola de arte foi inaugurada na 302 sul no \u00faltimo s\u00e1bado com um caf\u00e9 da manh\u00e3<\/p>\n","protected":false},"author":7,"featured_media":5707,"comment_status":"closed","ping_status":"open","sticky":false,"template":"","format":"standard","meta":{"_acf_changed":false,"inline_featured_image":false,"footnotes":""},"categories":[72],"tags":[212,9,1184,355,950],"class_list":["post-5714","post","type-post","status-publish","format-standard","has-post-thumbnail","hentry","category-arte","tag-arte","tag-brasilia","tag-cidade","tag-inauguracao","tag-social"],"acf":[],"yoast_head":"<!-- This site is optimized with the Yoast SEO plugin v27.3 - https:\/\/yoast.com\/product\/yoast-seo-wordpress\/ -->\n<title>Alento \u00e9 o novo espa\u00e7o que oferece descanso da rotina na capital - Viva Bras\u00edlia<\/title>\n<meta name=\"robots\" content=\"index, follow, max-snippet:-1, max-image-preview:large, max-video-preview:-1\" \/>\n<link rel=\"canonical\" href=\"https:\/\/newblogs.correiobraziliense.com.br\/vivabrasilia\/alento-e-o-novo-espaco-que-oferece-descanso-da-rotina-na-capital\/\" \/>\n<meta property=\"og:locale\" content=\"pt_BR\" \/>\n<meta property=\"og:type\" content=\"article\" \/>\n<meta property=\"og:title\" content=\"Alento \u00e9 o novo espa\u00e7o que oferece descanso da rotina na capital - Viva Bras\u00edlia\" \/>\n<meta property=\"og:description\" content=\"A escola de arte foi inaugurada na 302 sul no \u00faltimo s\u00e1bado com um caf\u00e9 da manh\u00e3\" \/>\n<meta property=\"og:url\" content=\"https:\/\/newblogs.correiobraziliense.com.br\/vivabrasilia\/alento-e-o-novo-espaco-que-oferece-descanso-da-rotina-na-capital\/\" \/>\n<meta property=\"og:site_name\" content=\"Viva Bras\u00edlia\" \/>\n<meta property=\"article:published_time\" content=\"2026-03-11T19:54:04+00:00\" \/>\n<meta property=\"article:modified_time\" content=\"2026-03-11T20:01:55+00:00\" \/>\n<meta property=\"og:image\" content=\"https:\/\/newblogs.correiobraziliense.com.br\/vivabrasilia\/wp-content\/uploads\/sites\/4\/2026\/03\/11-Marcelo-Viana-Barreto-Thais-Sousa-Murilo-Oliveira-e-Rita-Machado.jpg\" \/>\n\t<meta property=\"og:image:width\" content=\"2000\" \/>\n\t<meta property=\"og:image:height\" content=\"1422\" \/>\n\t<meta property=\"og:image:type\" content=\"image\/jpeg\" \/>\n<meta name=\"author\" content=\"Mariana Campos\" \/>\n<!-- \/ Yoast SEO plugin. -->","yoast_head_json":{"title":"Alento \u00e9 o novo espa\u00e7o que oferece descanso da rotina na capital - Viva Bras\u00edlia","robots":{"index":"index","follow":"follow","max-snippet":"max-snippet:-1","max-image-preview":"max-image-preview:large","max-video-preview":"max-video-preview:-1"},"canonical":"https:\/\/newblogs.correiobraziliense.com.br\/vivabrasilia\/alento-e-o-novo-espaco-que-oferece-descanso-da-rotina-na-capital\/","og_locale":"pt_BR","og_type":"article","og_title":"Alento \u00e9 o novo espa\u00e7o que oferece descanso da rotina na capital - Viva Bras\u00edlia","og_description":"A escola de arte foi inaugurada na 302 sul no \u00faltimo s\u00e1bado com um caf\u00e9 da manh\u00e3","og_url":"https:\/\/newblogs.correiobraziliense.com.br\/vivabrasilia\/alento-e-o-novo-espaco-que-oferece-descanso-da-rotina-na-capital\/","og_site_name":"Viva Bras\u00edlia","article_published_time":"2026-03-11T19:54:04+00:00","article_modified_time":"2026-03-11T20:01:55+00:00","og_image":[{"width":2000,"height":1422,"url":"https:\/\/newblogs.correiobraziliense.com.br\/vivabrasilia\/wp-content\/uploads\/sites\/4\/2026\/03\/11-Marcelo-Viana-Barreto-Thais-Sousa-Murilo-Oliveira-e-Rita-Machado.jpg","type":"image\/jpeg"}],"author":"Mariana Campos","schema":{"@context":"https:\/\/schema.org","@graph":[{"@type":"Article","@id":"https:\/\/newblogs.correiobraziliense.com.br\/vivabrasilia\/alento-e-o-novo-espaco-que-oferece-descanso-da-rotina-na-capital\/#article","isPartOf":{"@id":"https:\/\/newblogs.correiobraziliense.com.br\/vivabrasilia\/alento-e-o-novo-espaco-que-oferece-descanso-da-rotina-na-capital\/"},"author":{"name":"Mariana Campos","@id":"https:\/\/newblogs.correiobraziliense.com.br\/vivabrasilia\/#\/schema\/person\/018c75775aaa6ead74dde48a78ac7fa1"},"headline":"Alento \u00e9 o novo espa\u00e7o que oferece descanso da rotina na capital","datePublished":"2026-03-11T19:54:04+00:00","dateModified":"2026-03-11T20:01:55+00:00","mainEntityOfPage":{"@id":"https:\/\/newblogs.correiobraziliense.com.br\/vivabrasilia\/alento-e-o-novo-espaco-que-oferece-descanso-da-rotina-na-capital\/"},"wordCount":166,"image":{"@id":"https:\/\/newblogs.correiobraziliense.com.br\/vivabrasilia\/alento-e-o-novo-espaco-que-oferece-descanso-da-rotina-na-capital\/#primaryimage"},"thumbnailUrl":"https:\/\/newblogs.correiobraziliense.com.br\/vivabrasilia\/wp-content\/uploads\/sites\/4\/2026\/03\/11-Marcelo-Viana-Barreto-Thais-Sousa-Murilo-Oliveira-e-Rita-Machado.jpg","keywords":["Arte","Bras\u00edlia","Cidade","Inaugura\u00e7\u00e3o","Social"],"articleSection":["Arte"],"inLanguage":"pt-BR"},{"@type":"WebPage","@id":"https:\/\/newblogs.correiobraziliense.com.br\/vivabrasilia\/alento-e-o-novo-espaco-que-oferece-descanso-da-rotina-na-capital\/","url":"https:\/\/newblogs.correiobraziliense.com.br\/vivabrasilia\/alento-e-o-novo-espaco-que-oferece-descanso-da-rotina-na-capital\/","name":"Alento \u00e9 o novo espa\u00e7o que oferece descanso da rotina na capital - Viva Bras\u00edlia","isPartOf":{"@id":"https:\/\/newblogs.correiobraziliense.com.br\/vivabrasilia\/#website"},"primaryImageOfPage":{"@id":"https:\/\/newblogs.correiobraziliense.com.br\/vivabrasilia\/alento-e-o-novo-espaco-que-oferece-descanso-da-rotina-na-capital\/#primaryimage"},"image":{"@id":"https:\/\/newblogs.correiobraziliense.com.br\/vivabrasilia\/alento-e-o-novo-espaco-que-oferece-descanso-da-rotina-na-capital\/#primaryimage"},"thumbnailUrl":"https:\/\/newblogs.correiobraziliense.com.br\/vivabrasilia\/wp-content\/uploads\/sites\/4\/2026\/03\/11-Marcelo-Viana-Barreto-Thais-Sousa-Murilo-Oliveira-e-Rita-Machado.jpg","datePublished":"2026-03-11T19:54:04+00:00","dateModified":"2026-03-11T20:01:55+00:00","author":{"@id":"https:\/\/newblogs.correiobraziliense.com.br\/vivabrasilia\/#\/schema\/person\/018c75775aaa6ead74dde48a78ac7fa1"},"breadcrumb":{"@id":"https:\/\/newblogs.correiobraziliense.com.br\/vivabrasilia\/alento-e-o-novo-espaco-que-oferece-descanso-da-rotina-na-capital\/#breadcrumb"},"inLanguage":"pt-BR","potentialAction":[{"@type":"ReadAction","target":["https:\/\/newblogs.correiobraziliense.com.br\/vivabrasilia\/alento-e-o-novo-espaco-que-oferece-descanso-da-rotina-na-capital\/"]}]},{"@type":"ImageObject","inLanguage":"pt-BR","@id":"https:\/\/newblogs.correiobraziliense.com.br\/vivabrasilia\/alento-e-o-novo-espaco-que-oferece-descanso-da-rotina-na-capital\/#primaryimage","url":"https:\/\/newblogs.correiobraziliense.com.br\/vivabrasilia\/wp-content\/uploads\/sites\/4\/2026\/03\/11-Marcelo-Viana-Barreto-Thais-Sousa-Murilo-Oliveira-e-Rita-Machado.jpg","contentUrl":"https:\/\/newblogs.correiobraziliense.com.br\/vivabrasilia\/wp-content\/uploads\/sites\/4\/2026\/03\/11-Marcelo-Viana-Barreto-Thais-Sousa-Murilo-Oliveira-e-Rita-Machado.jpg","width":2000,"height":1422,"caption":"Tha\u00eds Sousa, Murilo Oliveira e Rita Machado | Foto: Arquivo pessoal"},{"@type":"BreadcrumbList","@id":"https:\/\/newblogs.correiobraziliense.com.br\/vivabrasilia\/alento-e-o-novo-espaco-que-oferece-descanso-da-rotina-na-capital\/#breadcrumb","itemListElement":[{"@type":"ListItem","position":1,"name":"In\u00edcio","item":"https:\/\/newblogs.correiobraziliense.com.br\/vivabrasilia\/"},{"@type":"ListItem","position":2,"name":"Alento \u00e9 o novo espa\u00e7o que oferece descanso da rotina na capital"}]},{"@type":"WebSite","@id":"https:\/\/newblogs.correiobraziliense.com.br\/vivabrasilia\/#website","url":"https:\/\/newblogs.correiobraziliense.com.br\/vivabrasilia\/","name":"Viva Bras\u00edlia","description":"Coluna de estilo de vida","potentialAction":[{"@type":"SearchAction","target":{"@type":"EntryPoint","urlTemplate":"https:\/\/newblogs.correiobraziliense.com.br\/vivabrasilia\/?s={search_term_string}"},"query-input":{"@type":"PropertyValueSpecification","valueRequired":true,"valueName":"search_term_string"}}],"inLanguage":"pt-BR"},{"@type":"Person","@id":"https:\/\/newblogs.correiobraziliense.com.br\/vivabrasilia\/#\/schema\/person\/018c75775aaa6ead74dde48a78ac7fa1","name":"Mariana Campos","image":{"@type":"ImageObject","inLanguage":"pt-BR","@id":"https:\/\/secure.gravatar.com\/avatar\/97cd13271bc36c11415a45e9f8192828452de6a8c0e24857edbf96d21752260f?s=96&d=mm&r=g","url":"https:\/\/secure.gravatar.com\/avatar\/97cd13271bc36c11415a45e9f8192828452de6a8c0e24857edbf96d21752260f?s=96&d=mm&r=g","contentUrl":"https:\/\/secure.gravatar.com\/avatar\/97cd13271bc36c11415a45e9f8192828452de6a8c0e24857edbf96d21752260f?s=96&d=mm&r=g","caption":"Mariana Campos"},"description":"Colunista da Viva Bras\u00edlia, Mariana escreve e fotografa para a coluna. Formada em Comunica\u00e7\u00e3o, aprofundou-se no jornalismo e agora une a escrita com a fotografia para mostrar que a capital \u00e9 uma cidade viva que n\u00e3o se resume ao poder. Tamb\u00e9m faz a cobertura de moda para seu blog, Pliss\u00ea, e para as redes sociais do Correio.","sameAs":["http:\/\/newblogs.correiobraziliense.com\/plisse","https:\/\/www.instagram.com\/marigrigori"],"url":"https:\/\/newblogs.correiobraziliense.com.br\/vivabrasilia\/author\/marivivabrasilia\/"}]}},"_links":{"self":[{"href":"https:\/\/newblogs.correiobraziliense.com.br\/vivabrasilia\/wp-json\/wp\/v2\/posts\/5714","targetHints":{"allow":["GET"]}}],"collection":[{"href":"https:\/\/newblogs.correiobraziliense.com.br\/vivabrasilia\/wp-json\/wp\/v2\/posts"}],"about":[{"href":"https:\/\/newblogs.correiobraziliense.com.br\/vivabrasilia\/wp-json\/wp\/v2\/types\/post"}],"author":[{"embeddable":true,"href":"https:\/\/newblogs.correiobraziliense.com.br\/vivabrasilia\/wp-json\/wp\/v2\/users\/7"}],"replies":[{"embeddable":true,"href":"https:\/\/newblogs.correiobraziliense.com.br\/vivabrasilia\/wp-json\/wp\/v2\/comments?post=5714"}],"version-history":[{"count":2,"href":"https:\/\/newblogs.correiobraziliense.com.br\/vivabrasilia\/wp-json\/wp\/v2\/posts\/5714\/revisions"}],"predecessor-version":[{"id":5725,"href":"https:\/\/newblogs.correiobraziliense.com.br\/vivabrasilia\/wp-json\/wp\/v2\/posts\/5714\/revisions\/5725"}],"wp:featuredmedia":[{"embeddable":true,"href":"https:\/\/newblogs.correiobraziliense.com.br\/vivabrasilia\/wp-json\/wp\/v2\/media\/5707"}],"wp:attachment":[{"href":"https:\/\/newblogs.correiobraziliense.com.br\/vivabrasilia\/wp-json\/wp\/v2\/media?parent=5714"}],"wp:term":[{"taxonomy":"category","embeddable":true,"href":"https:\/\/newblogs.correiobraziliense.com.br\/vivabrasilia\/wp-json\/wp\/v2\/categories?post=5714"},{"taxonomy":"post_tag","embeddable":true,"href":"https:\/\/newblogs.correiobraziliense.com.br\/vivabrasilia\/wp-json\/wp\/v2\/tags?post=5714"}],"curies":[{"name":"wp","href":"https:\/\/api.w.org\/{rel}","templated":true}]}}