{"id":5705,"date":"2026-03-11T16:54:16","date_gmt":"2026-03-11T19:54:16","guid":{"rendered":"https:\/\/newblogs.correiobraziliense.com.br\/vivabrasilia\/?p=5705"},"modified":"2026-03-11T17:55:23","modified_gmt":"2026-03-11T20:55:23","slug":"andreia-aleixo-e-ministro-reynaldo-palestram-em-lancamento-de-livro","status":"publish","type":"post","link":"https:\/\/newblogs.correiobraziliense.com.br\/vivabrasilia\/andreia-aleixo-e-ministro-reynaldo-palestram-em-lancamento-de-livro\/","title":{"rendered":"Andr\u00e9ia Aleixo e ministro Reynaldo palestram em lan\u00e7amento de livro"},"content":{"rendered":"\n<p>Andr\u00e9ia Aleixo promoveu, na \u00faltima segunda-feira, o lan\u00e7amento de Mantra da Passagem, livro que conta sobre a trag\u00e9dia que levou a vida de sua filha em 2021, Emanuelle Aleixo Gorski. O evento foi realizado no escrit\u00f3rio do advogado Raul Sab\u00f3ia, na presen\u00e7a de nomes do \u00e2mbito jur\u00eddico, colegas e familiares de Andr\u00e9ia. Prestigiando a noite, o ministro Reynaldo Soares da Fonseca sentou-se ao lado da autora para discorrer sobre fraternidade, o livro e a lei que institui 10 de mar\u00e7o como o Dia Estadual de Conscientiza\u00e7\u00e3o e Prote\u00e7\u00e3o ao Ciclista, em homenagem \u00e0 jovem. Durante a palestra, Andr\u00e9ia tamb\u00e9m entrou em detalhes sobre a produ\u00e7\u00e3o de Imaculado, quadro que pintou para angariar fundos em benef\u00edcio do Instituto Emanuelle e que se tornou a capa do livro.<\/p>\n\n\n<div class=\"slider-wrapper\"><div class=\"slider\">\n<figure class=\"wp-block-gallery has-nested-images columns-default is-cropped wp-block-gallery-1 is-layout-flex wp-block-gallery-is-layout-flex\">\n<figure class=\"wp-block-image size-large\"><img loading=\"lazy\" decoding=\"async\" width=\"1024\" height=\"682\" data-id=\"5706\" src=\"https:\/\/newblogs.correiobraziliense.com.br\/vivabrasilia\/wp-content\/uploads\/sites\/4\/2026\/03\/2-Marcio-Sa-Araujo-Irineu-Oliveira-ministro-Reynaldo-Soares-da-Fonseca-presidente-do-TRT-10-Jose-Ribamar-procurador-Jose-Eduardo-Sabo-Paes-e-Danniel-Zveiter-1024x682.jpg\" alt=\"\" class=\"wp-image-5706\" srcset=\"https:\/\/newblogs.correiobraziliense.com.br\/vivabrasilia\/wp-content\/uploads\/sites\/4\/2026\/03\/2-Marcio-Sa-Araujo-Irineu-Oliveira-ministro-Reynaldo-Soares-da-Fonseca-presidente-do-TRT-10-Jose-Ribamar-procurador-Jose-Eduardo-Sabo-Paes-e-Danniel-Zveiter-1024x682.jpg 1024w, https:\/\/newblogs.correiobraziliense.com.br\/vivabrasilia\/wp-content\/uploads\/sites\/4\/2026\/03\/2-Marcio-Sa-Araujo-Irineu-Oliveira-ministro-Reynaldo-Soares-da-Fonseca-presidente-do-TRT-10-Jose-Ribamar-procurador-Jose-Eduardo-Sabo-Paes-e-Danniel-Zveiter-300x200.jpg 300w, https:\/\/newblogs.correiobraziliense.com.br\/vivabrasilia\/wp-content\/uploads\/sites\/4\/2026\/03\/2-Marcio-Sa-Araujo-Irineu-Oliveira-ministro-Reynaldo-Soares-da-Fonseca-presidente-do-TRT-10-Jose-Ribamar-procurador-Jose-Eduardo-Sabo-Paes-e-Danniel-Zveiter-768x512.jpg 768w, https:\/\/newblogs.correiobraziliense.com.br\/vivabrasilia\/wp-content\/uploads\/sites\/4\/2026\/03\/2-Marcio-Sa-Araujo-Irineu-Oliveira-ministro-Reynaldo-Soares-da-Fonseca-presidente-do-TRT-10-Jose-Ribamar-procurador-Jose-Eduardo-Sabo-Paes-e-Danniel-Zveiter-1536x1024.jpg 1536w, https:\/\/newblogs.correiobraziliense.com.br\/vivabrasilia\/wp-content\/uploads\/sites\/4\/2026\/03\/2-Marcio-Sa-Araujo-Irineu-Oliveira-ministro-Reynaldo-Soares-da-Fonseca-presidente-do-TRT-10-Jose-Ribamar-procurador-Jose-Eduardo-Sabo-Paes-e-Danniel-Zveiter.jpg 2000w\" sizes=\"auto, (max-width: 1024px) 100vw, 1024px\" \/><figcaption class=\"wp-element-caption\">Marcio S\u00e1 Araujo, Irineu Oliveira, ministro Reynaldo Soares da Fonseca, presidente do TRT-10 Jos\u00e9 Ribamar, procurador Jose Eduardo Sabo Paes e Danniel Zveiter<\/figcaption><\/figure>\n\n\n\n<figure class=\"wp-block-image size-large\"><img loading=\"lazy\" decoding=\"async\" width=\"1024\" height=\"682\" data-id=\"5734\" src=\"https:\/\/newblogs.correiobraziliense.com.br\/vivabrasilia\/wp-content\/uploads\/sites\/4\/2026\/03\/Andreia-Aleixo-e-Guilherme-Machado-1024x682.jpg\" alt=\"\" class=\"wp-image-5734\" srcset=\"https:\/\/newblogs.correiobraziliense.com.br\/vivabrasilia\/wp-content\/uploads\/sites\/4\/2026\/03\/Andreia-Aleixo-e-Guilherme-Machado-1024x682.jpg 1024w, https:\/\/newblogs.correiobraziliense.com.br\/vivabrasilia\/wp-content\/uploads\/sites\/4\/2026\/03\/Andreia-Aleixo-e-Guilherme-Machado-300x200.jpg 300w, https:\/\/newblogs.correiobraziliense.com.br\/vivabrasilia\/wp-content\/uploads\/sites\/4\/2026\/03\/Andreia-Aleixo-e-Guilherme-Machado-768x512.jpg 768w, https:\/\/newblogs.correiobraziliense.com.br\/vivabrasilia\/wp-content\/uploads\/sites\/4\/2026\/03\/Andreia-Aleixo-e-Guilherme-Machado-1536x1024.jpg 1536w, https:\/\/newblogs.correiobraziliense.com.br\/vivabrasilia\/wp-content\/uploads\/sites\/4\/2026\/03\/Andreia-Aleixo-e-Guilherme-Machado.jpg 2000w\" sizes=\"auto, (max-width: 1024px) 100vw, 1024px\" \/><figcaption class=\"wp-element-caption\">Andr\u00e9ia Aleixo e o presidente do Correio Guilherme Machado<\/figcaption><\/figure>\n\n\n\n<figure class=\"wp-block-image size-large\"><img loading=\"lazy\" decoding=\"async\" width=\"1024\" height=\"682\" data-id=\"5742\" src=\"https:\/\/newblogs.correiobraziliense.com.br\/vivabrasilia\/wp-content\/uploads\/sites\/4\/2026\/03\/Raul-Saboia-Filho-Edmee-Froz-1024x682.jpg\" alt=\"\" class=\"wp-image-5742\" srcset=\"https:\/\/newblogs.correiobraziliense.com.br\/vivabrasilia\/wp-content\/uploads\/sites\/4\/2026\/03\/Raul-Saboia-Filho-Edmee-Froz-1024x682.jpg 1024w, https:\/\/newblogs.correiobraziliense.com.br\/vivabrasilia\/wp-content\/uploads\/sites\/4\/2026\/03\/Raul-Saboia-Filho-Edmee-Froz-300x200.jpg 300w, https:\/\/newblogs.correiobraziliense.com.br\/vivabrasilia\/wp-content\/uploads\/sites\/4\/2026\/03\/Raul-Saboia-Filho-Edmee-Froz-768x512.jpg 768w, https:\/\/newblogs.correiobraziliense.com.br\/vivabrasilia\/wp-content\/uploads\/sites\/4\/2026\/03\/Raul-Saboia-Filho-Edmee-Froz-1536x1024.jpg 1536w, https:\/\/newblogs.correiobraziliense.com.br\/vivabrasilia\/wp-content\/uploads\/sites\/4\/2026\/03\/Raul-Saboia-Filho-Edmee-Froz.jpg 2000w\" sizes=\"auto, (max-width: 1024px) 100vw, 1024px\" \/><figcaption class=\"wp-element-caption\">Raul Sab\u00f3ia Filho, Edmee Froz, o presidente do TJMA Froz Sobrinho, ministro Claudio Brand\u00e3o, ministro Reynaldo da Fonseca, Andr\u00e9ia Aleixo, o presidente do Correio Braziliense Guilherme Machado, Raul Sab\u00f3ia e Claudia Sab\u00f3ia<\/figcaption><\/figure>\n\n\n\n<figure class=\"wp-block-image size-large\"><img loading=\"lazy\" decoding=\"async\" width=\"1024\" height=\"682\" data-id=\"5741\" src=\"https:\/\/newblogs.correiobraziliense.com.br\/vivabrasilia\/wp-content\/uploads\/sites\/4\/2026\/03\/Raul-Saboia-Guilherme-Machado-Jose-Ribamar-e-Claudio-Brandao-1024x682.jpg\" alt=\"\" class=\"wp-image-5741\" srcset=\"https:\/\/newblogs.correiobraziliense.com.br\/vivabrasilia\/wp-content\/uploads\/sites\/4\/2026\/03\/Raul-Saboia-Guilherme-Machado-Jose-Ribamar-e-Claudio-Brandao-1024x682.jpg 1024w, https:\/\/newblogs.correiobraziliense.com.br\/vivabrasilia\/wp-content\/uploads\/sites\/4\/2026\/03\/Raul-Saboia-Guilherme-Machado-Jose-Ribamar-e-Claudio-Brandao-300x200.jpg 300w, https:\/\/newblogs.correiobraziliense.com.br\/vivabrasilia\/wp-content\/uploads\/sites\/4\/2026\/03\/Raul-Saboia-Guilherme-Machado-Jose-Ribamar-e-Claudio-Brandao-768x512.jpg 768w, https:\/\/newblogs.correiobraziliense.com.br\/vivabrasilia\/wp-content\/uploads\/sites\/4\/2026\/03\/Raul-Saboia-Guilherme-Machado-Jose-Ribamar-e-Claudio-Brandao-1536x1024.jpg 1536w, https:\/\/newblogs.correiobraziliense.com.br\/vivabrasilia\/wp-content\/uploads\/sites\/4\/2026\/03\/Raul-Saboia-Guilherme-Machado-Jose-Ribamar-e-Claudio-Brandao.jpg 2000w\" sizes=\"auto, (max-width: 1024px) 100vw, 1024px\" \/><figcaption class=\"wp-element-caption\">Raul Sab\u00f3ia, Guilherme Machado, Jos\u00e9 Ribamar e Claudio Brand\u00e3o<\/figcaption><\/figure>\n\n\n\n<figure class=\"wp-block-image size-large\"><img loading=\"lazy\" decoding=\"async\" width=\"1024\" height=\"682\" data-id=\"5737\" src=\"https:\/\/newblogs.correiobraziliense.com.br\/vivabrasilia\/wp-content\/uploads\/sites\/4\/2026\/03\/IMG_4799-1024x682.jpg\" alt=\"\" class=\"wp-image-5737\" srcset=\"https:\/\/newblogs.correiobraziliense.com.br\/vivabrasilia\/wp-content\/uploads\/sites\/4\/2026\/03\/IMG_4799-1024x682.jpg 1024w, https:\/\/newblogs.correiobraziliense.com.br\/vivabrasilia\/wp-content\/uploads\/sites\/4\/2026\/03\/IMG_4799-300x200.jpg 300w, https:\/\/newblogs.correiobraziliense.com.br\/vivabrasilia\/wp-content\/uploads\/sites\/4\/2026\/03\/IMG_4799-768x512.jpg 768w, https:\/\/newblogs.correiobraziliense.com.br\/vivabrasilia\/wp-content\/uploads\/sites\/4\/2026\/03\/IMG_4799-1536x1024.jpg 1536w, https:\/\/newblogs.correiobraziliense.com.br\/vivabrasilia\/wp-content\/uploads\/sites\/4\/2026\/03\/IMG_4799.jpg 2000w\" sizes=\"auto, (max-width: 1024px) 100vw, 1024px\" \/><figcaption class=\"wp-element-caption\">Raul Sab\u00f3ia Filho, o presidente do TJMA Froz Sobrinho, ministro Claudio Brand\u00e3o e Felipe Brand\u00e3o<\/figcaption><\/figure>\n\n\n\n<figure class=\"wp-block-image size-large\"><img loading=\"lazy\" decoding=\"async\" width=\"1024\" height=\"682\" data-id=\"5739\" src=\"https:\/\/newblogs.correiobraziliense.com.br\/vivabrasilia\/wp-content\/uploads\/sites\/4\/2026\/03\/O-procurador-Jose-Eduardo-Sabo-Paes-o-presidente-do-TRT-10-Jose-Ribamar-Irineu-Oliveira-e-o-presidente-do-Correio-Braziliense-Guilherme-Machado_-1024x682.jpg\" alt=\"\" class=\"wp-image-5739\" srcset=\"https:\/\/newblogs.correiobraziliense.com.br\/vivabrasilia\/wp-content\/uploads\/sites\/4\/2026\/03\/O-procurador-Jose-Eduardo-Sabo-Paes-o-presidente-do-TRT-10-Jose-Ribamar-Irineu-Oliveira-e-o-presidente-do-Correio-Braziliense-Guilherme-Machado_-1024x682.jpg 1024w, https:\/\/newblogs.correiobraziliense.com.br\/vivabrasilia\/wp-content\/uploads\/sites\/4\/2026\/03\/O-procurador-Jose-Eduardo-Sabo-Paes-o-presidente-do-TRT-10-Jose-Ribamar-Irineu-Oliveira-e-o-presidente-do-Correio-Braziliense-Guilherme-Machado_-300x200.jpg 300w, https:\/\/newblogs.correiobraziliense.com.br\/vivabrasilia\/wp-content\/uploads\/sites\/4\/2026\/03\/O-procurador-Jose-Eduardo-Sabo-Paes-o-presidente-do-TRT-10-Jose-Ribamar-Irineu-Oliveira-e-o-presidente-do-Correio-Braziliense-Guilherme-Machado_-768x512.jpg 768w, https:\/\/newblogs.correiobraziliense.com.br\/vivabrasilia\/wp-content\/uploads\/sites\/4\/2026\/03\/O-procurador-Jose-Eduardo-Sabo-Paes-o-presidente-do-TRT-10-Jose-Ribamar-Irineu-Oliveira-e-o-presidente-do-Correio-Braziliense-Guilherme-Machado_-1536x1024.jpg 1536w, https:\/\/newblogs.correiobraziliense.com.br\/vivabrasilia\/wp-content\/uploads\/sites\/4\/2026\/03\/O-procurador-Jose-Eduardo-Sabo-Paes-o-presidente-do-TRT-10-Jose-Ribamar-Irineu-Oliveira-e-o-presidente-do-Correio-Braziliense-Guilherme-Machado_.jpg 2000w\" sizes=\"auto, (max-width: 1024px) 100vw, 1024px\" \/><figcaption class=\"wp-element-caption\">O procurador Jose Eduardo Sabo Paes, o presidente do TRT-10 Jos\u00e9 Ribamar, Irineu Oliveira e o presidente do Correio Braziliense Guilherme Machado<\/figcaption><\/figure>\n\n\n\n<figure class=\"wp-block-image size-large\"><img loading=\"lazy\" decoding=\"async\" width=\"1024\" height=\"682\" data-id=\"5740\" src=\"https:\/\/newblogs.correiobraziliense.com.br\/vivabrasilia\/wp-content\/uploads\/sites\/4\/2026\/03\/Raul-Saboia-Filho-o-presidente-do-TJMA-Froz-Sobrinho-ministro-Claudio-Brandao-ministro-Reynaldo-da-Fonseca-Andreia-Aleixo-Raul-Saboia-e-Claudia-Saboia-1024x682.jpg\" alt=\"\" class=\"wp-image-5740\" srcset=\"https:\/\/newblogs.correiobraziliense.com.br\/vivabrasilia\/wp-content\/uploads\/sites\/4\/2026\/03\/Raul-Saboia-Filho-o-presidente-do-TJMA-Froz-Sobrinho-ministro-Claudio-Brandao-ministro-Reynaldo-da-Fonseca-Andreia-Aleixo-Raul-Saboia-e-Claudia-Saboia-1024x682.jpg 1024w, https:\/\/newblogs.correiobraziliense.com.br\/vivabrasilia\/wp-content\/uploads\/sites\/4\/2026\/03\/Raul-Saboia-Filho-o-presidente-do-TJMA-Froz-Sobrinho-ministro-Claudio-Brandao-ministro-Reynaldo-da-Fonseca-Andreia-Aleixo-Raul-Saboia-e-Claudia-Saboia-300x200.jpg 300w, https:\/\/newblogs.correiobraziliense.com.br\/vivabrasilia\/wp-content\/uploads\/sites\/4\/2026\/03\/Raul-Saboia-Filho-o-presidente-do-TJMA-Froz-Sobrinho-ministro-Claudio-Brandao-ministro-Reynaldo-da-Fonseca-Andreia-Aleixo-Raul-Saboia-e-Claudia-Saboia-768x512.jpg 768w, https:\/\/newblogs.correiobraziliense.com.br\/vivabrasilia\/wp-content\/uploads\/sites\/4\/2026\/03\/Raul-Saboia-Filho-o-presidente-do-TJMA-Froz-Sobrinho-ministro-Claudio-Brandao-ministro-Reynaldo-da-Fonseca-Andreia-Aleixo-Raul-Saboia-e-Claudia-Saboia-1536x1024.jpg 1536w, https:\/\/newblogs.correiobraziliense.com.br\/vivabrasilia\/wp-content\/uploads\/sites\/4\/2026\/03\/Raul-Saboia-Filho-o-presidente-do-TJMA-Froz-Sobrinho-ministro-Claudio-Brandao-ministro-Reynaldo-da-Fonseca-Andreia-Aleixo-Raul-Saboia-e-Claudia-Saboia.jpg 2000w\" sizes=\"auto, (max-width: 1024px) 100vw, 1024px\" \/><figcaption class=\"wp-element-caption\">Raul Sab\u00f3ia Filho, o presidente do TJMA Froz Sobrinho, ministro Claudio Brand\u00e3o, ministro Reynaldo da Fonseca, Andr\u00e9ia Aleixo, Raul Sab\u00f3ia e Claudia Sab\u00f3ia<\/figcaption><\/figure>\n\n\n\n<figure class=\"wp-block-image size-large\"><img loading=\"lazy\" decoding=\"async\" width=\"1024\" height=\"682\" data-id=\"5738\" src=\"https:\/\/newblogs.correiobraziliense.com.br\/vivabrasilia\/wp-content\/uploads\/sites\/4\/2026\/03\/Irineu-Oliveira-e-o-ministro-Reynaldo-1024x682.jpg\" alt=\"\" class=\"wp-image-5738\" srcset=\"https:\/\/newblogs.correiobraziliense.com.br\/vivabrasilia\/wp-content\/uploads\/sites\/4\/2026\/03\/Irineu-Oliveira-e-o-ministro-Reynaldo-1024x682.jpg 1024w, https:\/\/newblogs.correiobraziliense.com.br\/vivabrasilia\/wp-content\/uploads\/sites\/4\/2026\/03\/Irineu-Oliveira-e-o-ministro-Reynaldo-300x200.jpg 300w, https:\/\/newblogs.correiobraziliense.com.br\/vivabrasilia\/wp-content\/uploads\/sites\/4\/2026\/03\/Irineu-Oliveira-e-o-ministro-Reynaldo-768x512.jpg 768w, https:\/\/newblogs.correiobraziliense.com.br\/vivabrasilia\/wp-content\/uploads\/sites\/4\/2026\/03\/Irineu-Oliveira-e-o-ministro-Reynaldo-1536x1024.jpg 1536w, https:\/\/newblogs.correiobraziliense.com.br\/vivabrasilia\/wp-content\/uploads\/sites\/4\/2026\/03\/Irineu-Oliveira-e-o-ministro-Reynaldo.jpg 2000w\" sizes=\"auto, (max-width: 1024px) 100vw, 1024px\" \/><figcaption class=\"wp-element-caption\">Irineu Oliveira e o ministro Reynaldo<\/figcaption><\/figure>\n\n\n\n<figure class=\"wp-block-image size-large\"><img loading=\"lazy\" decoding=\"async\" width=\"1024\" height=\"682\" data-id=\"5735\" src=\"https:\/\/newblogs.correiobraziliense.com.br\/vivabrasilia\/wp-content\/uploads\/sites\/4\/2026\/03\/Edmee-Froz-Claudia-Saboia-e-Cristiane-Podgurski-1024x682.jpg\" alt=\"\" class=\"wp-image-5735\" srcset=\"https:\/\/newblogs.correiobraziliense.com.br\/vivabrasilia\/wp-content\/uploads\/sites\/4\/2026\/03\/Edmee-Froz-Claudia-Saboia-e-Cristiane-Podgurski-1024x682.jpg 1024w, https:\/\/newblogs.correiobraziliense.com.br\/vivabrasilia\/wp-content\/uploads\/sites\/4\/2026\/03\/Edmee-Froz-Claudia-Saboia-e-Cristiane-Podgurski-300x200.jpg 300w, https:\/\/newblogs.correiobraziliense.com.br\/vivabrasilia\/wp-content\/uploads\/sites\/4\/2026\/03\/Edmee-Froz-Claudia-Saboia-e-Cristiane-Podgurski-768x512.jpg 768w, https:\/\/newblogs.correiobraziliense.com.br\/vivabrasilia\/wp-content\/uploads\/sites\/4\/2026\/03\/Edmee-Froz-Claudia-Saboia-e-Cristiane-Podgurski-1536x1024.jpg 1536w, https:\/\/newblogs.correiobraziliense.com.br\/vivabrasilia\/wp-content\/uploads\/sites\/4\/2026\/03\/Edmee-Froz-Claudia-Saboia-e-Cristiane-Podgurski.jpg 2000w\" sizes=\"auto, (max-width: 1024px) 100vw, 1024px\" \/><figcaption class=\"wp-element-caption\">Edmee Froz, Claudia Saboia e Cristiane Podgurski<\/figcaption><\/figure>\n\n\n\n<figure class=\"wp-block-image size-large\"><img loading=\"lazy\" decoding=\"async\" width=\"1024\" height=\"682\" data-id=\"5736\" src=\"https:\/\/newblogs.correiobraziliense.com.br\/vivabrasilia\/wp-content\/uploads\/sites\/4\/2026\/03\/IMG_4781-1024x682.jpg\" alt=\"\" class=\"wp-image-5736\" srcset=\"https:\/\/newblogs.correiobraziliense.com.br\/vivabrasilia\/wp-content\/uploads\/sites\/4\/2026\/03\/IMG_4781-1024x682.jpg 1024w, https:\/\/newblogs.correiobraziliense.com.br\/vivabrasilia\/wp-content\/uploads\/sites\/4\/2026\/03\/IMG_4781-300x200.jpg 300w, https:\/\/newblogs.correiobraziliense.com.br\/vivabrasilia\/wp-content\/uploads\/sites\/4\/2026\/03\/IMG_4781-768x512.jpg 768w, https:\/\/newblogs.correiobraziliense.com.br\/vivabrasilia\/wp-content\/uploads\/sites\/4\/2026\/03\/IMG_4781-1536x1024.jpg 1536w, https:\/\/newblogs.correiobraziliense.com.br\/vivabrasilia\/wp-content\/uploads\/sites\/4\/2026\/03\/IMG_4781.jpg 2000w\" sizes=\"auto, (max-width: 1024px) 100vw, 1024px\" \/><\/figure>\n<\/figure>\n<\/div>\n\t\t\t<div class=\"slider-nav\">\n\t\t\t\t<button class=\"prev\">\n\t\t\t\t<svg xmlns=\"http:\/\/www.w3.org\/2000\/svg\" width=\"26\" height=\"45\" viewBox=\"0 0 26 45\" fill=\"none\">\n\t\t\t\t<path d=\"M24.9118 0.990519C25.5461 1.62494 25.9023 2.48528 25.9023 3.38235C25.9023 4.27943 25.5461 5.13977 24.9118 5.77419L8.16559 22.5204L24.9118 39.2667C25.5281 39.9047 25.8691 40.7593 25.8614 41.6463C25.8537 42.5334 25.4979 43.3819 24.8706 44.0091C24.2434 44.6364 23.3948 44.9922 22.5078 44.9999C21.6208 45.0076 20.7662 44.6666 20.1282 44.0503L0.990082 24.9123C0.355853 24.2778 -0.000438023 23.4175 -0.000438023 22.5204C-0.000438023 21.6234 0.355853 20.763 0.990082 20.1286L20.1282 0.990519C20.7626 0.35629 21.6229 0 22.52 0C23.4171 0 24.2774 0.35629 24.9118 0.990519Z\" fill=\"white\" fill-opacity=\"0.7\"><\/path>\n\t\t\t\t<\/svg>\n\t\t\t\t<\/button>\n\t\t\t\t<button class=\"next\">\n\t\t\t\t<svg xmlns=\"http:\/\/www.w3.org\/2000\/svg\" width=\"26\" height=\"45\" viewBox=\"0 0 26 45\" fill=\"none\">\n\t\t\t\t<path d=\"M0.99052 0.990519C0.356291 1.62494 0 2.48528 0 3.38235C0 4.27943 0.356291 5.13977 0.99052 5.77419L17.7368 22.5204L0.99052 39.2667C0.374265 39.9047 0.0332682 40.7593 0.0409763 41.6463C0.0486844 42.5334 0.40448 43.3819 1.03173 44.0091C1.65898 44.6364 2.5075 44.9922 3.39453 44.9999C4.28156 45.0076 5.13613 44.6666 5.77419 44.0503L24.9123 24.9123C25.5465 24.2778 25.9028 23.4175 25.9028 22.5204C25.9028 21.6234 25.5465 20.763 24.9123 20.1286L5.77419 0.990519C5.13977 0.35629 4.27943 0 3.38235 0C2.48528 0 1.62494 0.35629 0.99052 0.990519Z\" fill=\"white\" fill-opacity=\"0.7\"><\/path>\n\t\t\t\t<\/svg>\n\t\t\t\t<\/button>\n\t\t\t<\/div>\n\t\t\t<div class=\"slider-dots\"><\/div>\n\t\t\t<\/div>","protected":false},"excerpt":{"rendered":"<p>A autora e o ministro entraram em detalhes sobre a hist\u00f3ria real que inspirou a capa e a obra Mantra da Passagem<\/p>\n","protected":false},"author":7,"featured_media":5712,"comment_status":"closed","ping_status":"open","sticky":false,"template":"","format":"standard","meta":{"_acf_changed":false,"inline_featured_image":false,"footnotes":""},"categories":[68],"tags":[9,725,950],"class_list":["post-5705","post","type-post","status-publish","format-standard","has-post-thumbnail","hentry","category-cultura","tag-brasilia","tag-lancamento-de-livro","tag-social"],"acf":[],"yoast_head":"<!-- This site is optimized with the Yoast SEO plugin v27.3 - https:\/\/yoast.com\/product\/yoast-seo-wordpress\/ -->\n<title>Andr\u00e9ia Aleixo e ministro Reynaldo palestram em lan\u00e7amento de livro - Viva Bras\u00edlia<\/title>\n<meta name=\"robots\" content=\"index, follow, max-snippet:-1, max-image-preview:large, max-video-preview:-1\" \/>\n<link rel=\"canonical\" href=\"https:\/\/newblogs.correiobraziliense.com.br\/vivabrasilia\/andreia-aleixo-e-ministro-reynaldo-palestram-em-lancamento-de-livro\/\" \/>\n<meta property=\"og:locale\" content=\"pt_BR\" \/>\n<meta property=\"og:type\" content=\"article\" \/>\n<meta property=\"og:title\" content=\"Andr\u00e9ia Aleixo e ministro Reynaldo palestram em lan\u00e7amento de livro - Viva Bras\u00edlia\" \/>\n<meta property=\"og:description\" content=\"A autora e o ministro entraram em detalhes sobre a hist\u00f3ria real que inspirou a capa e a obra Mantra da Passagem\" \/>\n<meta property=\"og:url\" content=\"https:\/\/newblogs.correiobraziliense.com.br\/vivabrasilia\/andreia-aleixo-e-ministro-reynaldo-palestram-em-lancamento-de-livro\/\" \/>\n<meta property=\"og:site_name\" content=\"Viva Bras\u00edlia\" \/>\n<meta property=\"article:published_time\" content=\"2026-03-11T19:54:16+00:00\" \/>\n<meta property=\"article:modified_time\" content=\"2026-03-11T20:55:23+00:00\" \/>\n<meta property=\"og:image\" content=\"https:\/\/newblogs.correiobraziliense.com.br\/vivabrasilia\/wp-content\/uploads\/sites\/4\/2026\/03\/1-Raul-Saboia-Filho-Raul-Saboia.jpg\" \/>\n\t<meta property=\"og:image:width\" content=\"2000\" \/>\n\t<meta property=\"og:image:height\" content=\"1333\" \/>\n\t<meta property=\"og:image:type\" content=\"image\/jpeg\" \/>\n<meta name=\"author\" content=\"Mariana Campos\" \/>\n<!-- \/ Yoast SEO plugin. -->","yoast_head_json":{"title":"Andr\u00e9ia Aleixo e ministro Reynaldo palestram em lan\u00e7amento de livro - Viva Bras\u00edlia","robots":{"index":"index","follow":"follow","max-snippet":"max-snippet:-1","max-image-preview":"max-image-preview:large","max-video-preview":"max-video-preview:-1"},"canonical":"https:\/\/newblogs.correiobraziliense.com.br\/vivabrasilia\/andreia-aleixo-e-ministro-reynaldo-palestram-em-lancamento-de-livro\/","og_locale":"pt_BR","og_type":"article","og_title":"Andr\u00e9ia Aleixo e ministro Reynaldo palestram em lan\u00e7amento de livro - Viva Bras\u00edlia","og_description":"A autora e o ministro entraram em detalhes sobre a hist\u00f3ria real que inspirou a capa e a obra Mantra da Passagem","og_url":"https:\/\/newblogs.correiobraziliense.com.br\/vivabrasilia\/andreia-aleixo-e-ministro-reynaldo-palestram-em-lancamento-de-livro\/","og_site_name":"Viva Bras\u00edlia","article_published_time":"2026-03-11T19:54:16+00:00","article_modified_time":"2026-03-11T20:55:23+00:00","og_image":[{"width":2000,"height":1333,"url":"https:\/\/newblogs.correiobraziliense.com.br\/vivabrasilia\/wp-content\/uploads\/sites\/4\/2026\/03\/1-Raul-Saboia-Filho-Raul-Saboia.jpg","type":"image\/jpeg"}],"author":"Mariana Campos","schema":{"@context":"https:\/\/schema.org","@graph":[{"@type":"Article","@id":"https:\/\/newblogs.correiobraziliense.com.br\/vivabrasilia\/andreia-aleixo-e-ministro-reynaldo-palestram-em-lancamento-de-livro\/#article","isPartOf":{"@id":"https:\/\/newblogs.correiobraziliense.com.br\/vivabrasilia\/andreia-aleixo-e-ministro-reynaldo-palestram-em-lancamento-de-livro\/"},"author":{"name":"Mariana Campos","@id":"https:\/\/newblogs.correiobraziliense.com.br\/vivabrasilia\/#\/schema\/person\/018c75775aaa6ead74dde48a78ac7fa1"},"headline":"Andr\u00e9ia Aleixo e ministro Reynaldo palestram em lan\u00e7amento de livro","datePublished":"2026-03-11T19:54:16+00:00","dateModified":"2026-03-11T20:55:23+00:00","mainEntityOfPage":{"@id":"https:\/\/newblogs.correiobraziliense.com.br\/vivabrasilia\/andreia-aleixo-e-ministro-reynaldo-palestram-em-lancamento-de-livro\/"},"wordCount":312,"image":{"@id":"https:\/\/newblogs.correiobraziliense.com.br\/vivabrasilia\/andreia-aleixo-e-ministro-reynaldo-palestram-em-lancamento-de-livro\/#primaryimage"},"thumbnailUrl":"https:\/\/newblogs.correiobraziliense.com.br\/vivabrasilia\/wp-content\/uploads\/sites\/4\/2026\/03\/1-Raul-Saboia-Filho-Raul-Saboia.jpg","keywords":["Bras\u00edlia","Lan\u00e7amento de livro","Social"],"articleSection":["Cultura"],"inLanguage":"pt-BR"},{"@type":"WebPage","@id":"https:\/\/newblogs.correiobraziliense.com.br\/vivabrasilia\/andreia-aleixo-e-ministro-reynaldo-palestram-em-lancamento-de-livro\/","url":"https:\/\/newblogs.correiobraziliense.com.br\/vivabrasilia\/andreia-aleixo-e-ministro-reynaldo-palestram-em-lancamento-de-livro\/","name":"Andr\u00e9ia Aleixo e ministro Reynaldo palestram em lan\u00e7amento de livro - Viva Bras\u00edlia","isPartOf":{"@id":"https:\/\/newblogs.correiobraziliense.com.br\/vivabrasilia\/#website"},"primaryImageOfPage":{"@id":"https:\/\/newblogs.correiobraziliense.com.br\/vivabrasilia\/andreia-aleixo-e-ministro-reynaldo-palestram-em-lancamento-de-livro\/#primaryimage"},"image":{"@id":"https:\/\/newblogs.correiobraziliense.com.br\/vivabrasilia\/andreia-aleixo-e-ministro-reynaldo-palestram-em-lancamento-de-livro\/#primaryimage"},"thumbnailUrl":"https:\/\/newblogs.correiobraziliense.com.br\/vivabrasilia\/wp-content\/uploads\/sites\/4\/2026\/03\/1-Raul-Saboia-Filho-Raul-Saboia.jpg","datePublished":"2026-03-11T19:54:16+00:00","dateModified":"2026-03-11T20:55:23+00:00","author":{"@id":"https:\/\/newblogs.correiobraziliense.com.br\/vivabrasilia\/#\/schema\/person\/018c75775aaa6ead74dde48a78ac7fa1"},"breadcrumb":{"@id":"https:\/\/newblogs.correiobraziliense.com.br\/vivabrasilia\/andreia-aleixo-e-ministro-reynaldo-palestram-em-lancamento-de-livro\/#breadcrumb"},"inLanguage":"pt-BR","potentialAction":[{"@type":"ReadAction","target":["https:\/\/newblogs.correiobraziliense.com.br\/vivabrasilia\/andreia-aleixo-e-ministro-reynaldo-palestram-em-lancamento-de-livro\/"]}]},{"@type":"ImageObject","inLanguage":"pt-BR","@id":"https:\/\/newblogs.correiobraziliense.com.br\/vivabrasilia\/andreia-aleixo-e-ministro-reynaldo-palestram-em-lancamento-de-livro\/#primaryimage","url":"https:\/\/newblogs.correiobraziliense.com.br\/vivabrasilia\/wp-content\/uploads\/sites\/4\/2026\/03\/1-Raul-Saboia-Filho-Raul-Saboia.jpg","contentUrl":"https:\/\/newblogs.correiobraziliense.com.br\/vivabrasilia\/wp-content\/uploads\/sites\/4\/2026\/03\/1-Raul-Saboia-Filho-Raul-Saboia.jpg","width":2000,"height":1333,"caption":"Raul Sab\u00f3ia Filho, Raul Sab\u00f3ia, ministro Claudio Brand\u00e3o, o presidente do Correio Braziliense Guilherme Machado, Andr\u00e9ia Aleixo e o ministro Reynaldo Soares da Fonseca | Foto: Mariana Campos"},{"@type":"BreadcrumbList","@id":"https:\/\/newblogs.correiobraziliense.com.br\/vivabrasilia\/andreia-aleixo-e-ministro-reynaldo-palestram-em-lancamento-de-livro\/#breadcrumb","itemListElement":[{"@type":"ListItem","position":1,"name":"In\u00edcio","item":"https:\/\/newblogs.correiobraziliense.com.br\/vivabrasilia\/"},{"@type":"ListItem","position":2,"name":"Andr\u00e9ia Aleixo e ministro Reynaldo palestram em lan\u00e7amento de livro"}]},{"@type":"WebSite","@id":"https:\/\/newblogs.correiobraziliense.com.br\/vivabrasilia\/#website","url":"https:\/\/newblogs.correiobraziliense.com.br\/vivabrasilia\/","name":"Viva Bras\u00edlia","description":"Coluna de estilo de vida","potentialAction":[{"@type":"SearchAction","target":{"@type":"EntryPoint","urlTemplate":"https:\/\/newblogs.correiobraziliense.com.br\/vivabrasilia\/?s={search_term_string}"},"query-input":{"@type":"PropertyValueSpecification","valueRequired":true,"valueName":"search_term_string"}}],"inLanguage":"pt-BR"},{"@type":"Person","@id":"https:\/\/newblogs.correiobraziliense.com.br\/vivabrasilia\/#\/schema\/person\/018c75775aaa6ead74dde48a78ac7fa1","name":"Mariana Campos","image":{"@type":"ImageObject","inLanguage":"pt-BR","@id":"https:\/\/secure.gravatar.com\/avatar\/97cd13271bc36c11415a45e9f8192828452de6a8c0e24857edbf96d21752260f?s=96&d=mm&r=g","url":"https:\/\/secure.gravatar.com\/avatar\/97cd13271bc36c11415a45e9f8192828452de6a8c0e24857edbf96d21752260f?s=96&d=mm&r=g","contentUrl":"https:\/\/secure.gravatar.com\/avatar\/97cd13271bc36c11415a45e9f8192828452de6a8c0e24857edbf96d21752260f?s=96&d=mm&r=g","caption":"Mariana Campos"},"description":"Colunista da Viva Bras\u00edlia, Mariana escreve e fotografa para a coluna. Formada em Comunica\u00e7\u00e3o, aprofundou-se no jornalismo e agora une a escrita com a fotografia para mostrar que a capital \u00e9 uma cidade viva que n\u00e3o se resume ao poder. Tamb\u00e9m faz a cobertura de moda para seu blog, Pliss\u00ea, e para as redes sociais do Correio.","sameAs":["http:\/\/newblogs.correiobraziliense.com\/plisse","https:\/\/www.instagram.com\/marigrigori"],"url":"https:\/\/newblogs.correiobraziliense.com.br\/vivabrasilia\/author\/marivivabrasilia\/"}]}},"_links":{"self":[{"href":"https:\/\/newblogs.correiobraziliense.com.br\/vivabrasilia\/wp-json\/wp\/v2\/posts\/5705","targetHints":{"allow":["GET"]}}],"collection":[{"href":"https:\/\/newblogs.correiobraziliense.com.br\/vivabrasilia\/wp-json\/wp\/v2\/posts"}],"about":[{"href":"https:\/\/newblogs.correiobraziliense.com.br\/vivabrasilia\/wp-json\/wp\/v2\/types\/post"}],"author":[{"embeddable":true,"href":"https:\/\/newblogs.correiobraziliense.com.br\/vivabrasilia\/wp-json\/wp\/v2\/users\/7"}],"replies":[{"embeddable":true,"href":"https:\/\/newblogs.correiobraziliense.com.br\/vivabrasilia\/wp-json\/wp\/v2\/comments?post=5705"}],"version-history":[{"count":2,"href":"https:\/\/newblogs.correiobraziliense.com.br\/vivabrasilia\/wp-json\/wp\/v2\/posts\/5705\/revisions"}],"predecessor-version":[{"id":5743,"href":"https:\/\/newblogs.correiobraziliense.com.br\/vivabrasilia\/wp-json\/wp\/v2\/posts\/5705\/revisions\/5743"}],"wp:featuredmedia":[{"embeddable":true,"href":"https:\/\/newblogs.correiobraziliense.com.br\/vivabrasilia\/wp-json\/wp\/v2\/media\/5712"}],"wp:attachment":[{"href":"https:\/\/newblogs.correiobraziliense.com.br\/vivabrasilia\/wp-json\/wp\/v2\/media?parent=5705"}],"wp:term":[{"taxonomy":"category","embeddable":true,"href":"https:\/\/newblogs.correiobraziliense.com.br\/vivabrasilia\/wp-json\/wp\/v2\/categories?post=5705"},{"taxonomy":"post_tag","embeddable":true,"href":"https:\/\/newblogs.correiobraziliense.com.br\/vivabrasilia\/wp-json\/wp\/v2\/tags?post=5705"}],"curies":[{"name":"wp","href":"https:\/\/api.w.org\/{rel}","templated":true}]}}