{"id":5628,"date":"2026-02-27T15:38:53","date_gmt":"2026-02-27T18:38:53","guid":{"rendered":"https:\/\/newblogs.correiobraziliense.com.br\/vivabrasilia\/?p=5628"},"modified":"2026-02-27T15:55:08","modified_gmt":"2026-02-27T18:55:08","slug":"quadro-imobiliario-2026-conecta-dados-estrategia-e-alta-performance","status":"publish","type":"post","link":"https:\/\/newblogs.correiobraziliense.com.br\/vivabrasilia\/quadro-imobiliario-2026-conecta-dados-estrategia-e-alta-performance\/","title":{"rendered":"Quadro Imobili\u00e1rio 2026 conecta dados, estrat\u00e9gia e alta performance"},"content":{"rendered":"\n<p>Nessa ter\u00e7a-feira (24\/2), o Quadro Imobili\u00e1rio 2026 movimentou o mercado do Distrito Federal ao unir informa\u00e7\u00e3o, aprendizado e reconhecimento em um encontro que apresentou o Anu\u00e1rio do Panorama Imobili\u00e1rio e o Pr\u00eamio Top Imobili\u00e1rio \u2013 Wildemir Demartini. Realizado no Sinduscon, o evento contou ainda com a palestra \u201cMercado Imobili\u00e1rio: Jogo de Gente Grande\u201d, ministrada por Filipe Ferraz, multicampe\u00e3o mundial e t\u00e9cnico do Sada Cruzeiro, que tra\u00e7a paralelos entre esporte de alto rendimento e lideran\u00e7a empresarial.<\/p>\n\n\n<div class=\"slider-wrapper\"><div class=\"slider\">\n<figure class=\"wp-block-gallery has-nested-images columns-default is-cropped wp-block-gallery-1 is-layout-flex wp-block-gallery-is-layout-flex\">\n<figure class=\"wp-block-image size-large\"><img loading=\"lazy\" decoding=\"async\" width=\"1024\" height=\"682\" data-id=\"5630\" src=\"https:\/\/newblogs.correiobraziliense.com.br\/vivabrasilia\/wp-content\/uploads\/sites\/4\/2026\/02\/WhatsApp-Image-2026-02-27-at-15.13.40-1024x682.jpeg\" alt=\"\" class=\"wp-image-5630\" srcset=\"https:\/\/newblogs.correiobraziliense.com.br\/vivabrasilia\/wp-content\/uploads\/sites\/4\/2026\/02\/WhatsApp-Image-2026-02-27-at-15.13.40-1024x682.jpeg 1024w, https:\/\/newblogs.correiobraziliense.com.br\/vivabrasilia\/wp-content\/uploads\/sites\/4\/2026\/02\/WhatsApp-Image-2026-02-27-at-15.13.40-300x200.jpeg 300w, https:\/\/newblogs.correiobraziliense.com.br\/vivabrasilia\/wp-content\/uploads\/sites\/4\/2026\/02\/WhatsApp-Image-2026-02-27-at-15.13.40-768x512.jpeg 768w, https:\/\/newblogs.correiobraziliense.com.br\/vivabrasilia\/wp-content\/uploads\/sites\/4\/2026\/02\/WhatsApp-Image-2026-02-27-at-15.13.40-1536x1023.jpeg 1536w, https:\/\/newblogs.correiobraziliense.com.br\/vivabrasilia\/wp-content\/uploads\/sites\/4\/2026\/02\/WhatsApp-Image-2026-02-27-at-15.13.40.jpeg 1600w\" sizes=\"auto, (max-width: 1024px) 100vw, 1024px\" \/><figcaption class=\"wp-element-caption\">Rog\u00e9rio Oliveira, Gil Pereira, Leonel Alves<\/figcaption><\/figure>\n\n\n\n<figure class=\"wp-block-image size-large\"><img loading=\"lazy\" decoding=\"async\" width=\"1024\" height=\"682\" data-id=\"5632\" src=\"https:\/\/newblogs.correiobraziliense.com.br\/vivabrasilia\/wp-content\/uploads\/sites\/4\/2026\/02\/WhatsApp-Image-2026-02-27-at-15.12.07-1024x682.jpeg\" alt=\"\" class=\"wp-image-5632\" srcset=\"https:\/\/newblogs.correiobraziliense.com.br\/vivabrasilia\/wp-content\/uploads\/sites\/4\/2026\/02\/WhatsApp-Image-2026-02-27-at-15.12.07-1024x682.jpeg 1024w, https:\/\/newblogs.correiobraziliense.com.br\/vivabrasilia\/wp-content\/uploads\/sites\/4\/2026\/02\/WhatsApp-Image-2026-02-27-at-15.12.07-300x200.jpeg 300w, https:\/\/newblogs.correiobraziliense.com.br\/vivabrasilia\/wp-content\/uploads\/sites\/4\/2026\/02\/WhatsApp-Image-2026-02-27-at-15.12.07-768x512.jpeg 768w, https:\/\/newblogs.correiobraziliense.com.br\/vivabrasilia\/wp-content\/uploads\/sites\/4\/2026\/02\/WhatsApp-Image-2026-02-27-at-15.12.07.jpeg 1280w\" sizes=\"auto, (max-width: 1024px) 100vw, 1024px\" \/><figcaption class=\"wp-element-caption\">Roberto Rubinger Botelho, Marco Ant\u00f4nio Demartini, J\u00falio Crosara e Fernanda Sorgi<\/figcaption><\/figure>\n\n\n\n<figure class=\"wp-block-image size-large\"><img loading=\"lazy\" decoding=\"async\" width=\"1024\" height=\"682\" data-id=\"5629\" src=\"https:\/\/newblogs.correiobraziliense.com.br\/vivabrasilia\/wp-content\/uploads\/sites\/4\/2026\/02\/WhatsApp-Image-2026-02-27-at-15.13.40-1-1024x682.jpeg\" alt=\"\" class=\"wp-image-5629\" srcset=\"https:\/\/newblogs.correiobraziliense.com.br\/vivabrasilia\/wp-content\/uploads\/sites\/4\/2026\/02\/WhatsApp-Image-2026-02-27-at-15.13.40-1-1024x682.jpeg 1024w, https:\/\/newblogs.correiobraziliense.com.br\/vivabrasilia\/wp-content\/uploads\/sites\/4\/2026\/02\/WhatsApp-Image-2026-02-27-at-15.13.40-1-300x200.jpeg 300w, https:\/\/newblogs.correiobraziliense.com.br\/vivabrasilia\/wp-content\/uploads\/sites\/4\/2026\/02\/WhatsApp-Image-2026-02-27-at-15.13.40-1-768x512.jpeg 768w, https:\/\/newblogs.correiobraziliense.com.br\/vivabrasilia\/wp-content\/uploads\/sites\/4\/2026\/02\/WhatsApp-Image-2026-02-27-at-15.13.40-1-1536x1023.jpeg 1536w, https:\/\/newblogs.correiobraziliense.com.br\/vivabrasilia\/wp-content\/uploads\/sites\/4\/2026\/02\/WhatsApp-Image-2026-02-27-at-15.13.40-1.jpeg 1600w\" sizes=\"auto, (max-width: 1024px) 100vw, 1024px\" \/><figcaption class=\"wp-element-caption\">Leonel Alves, Leonardo \u00c1vila, Rog\u00e9rio Oliveira<\/figcaption><\/figure>\n\n\n\n<figure class=\"wp-block-image size-large\"><img loading=\"lazy\" decoding=\"async\" width=\"1024\" height=\"682\" data-id=\"5634\" src=\"https:\/\/newblogs.correiobraziliense.com.br\/vivabrasilia\/wp-content\/uploads\/sites\/4\/2026\/02\/WhatsApp-Image-2026-02-27-at-15.45.29-1024x682.jpeg\" alt=\"\" class=\"wp-image-5634\" srcset=\"https:\/\/newblogs.correiobraziliense.com.br\/vivabrasilia\/wp-content\/uploads\/sites\/4\/2026\/02\/WhatsApp-Image-2026-02-27-at-15.45.29-1024x682.jpeg 1024w, https:\/\/newblogs.correiobraziliense.com.br\/vivabrasilia\/wp-content\/uploads\/sites\/4\/2026\/02\/WhatsApp-Image-2026-02-27-at-15.45.29-300x200.jpeg 300w, https:\/\/newblogs.correiobraziliense.com.br\/vivabrasilia\/wp-content\/uploads\/sites\/4\/2026\/02\/WhatsApp-Image-2026-02-27-at-15.45.29-768x512.jpeg 768w, https:\/\/newblogs.correiobraziliense.com.br\/vivabrasilia\/wp-content\/uploads\/sites\/4\/2026\/02\/WhatsApp-Image-2026-02-27-at-15.45.29-1536x1023.jpeg 1536w, https:\/\/newblogs.correiobraziliense.com.br\/vivabrasilia\/wp-content\/uploads\/sites\/4\/2026\/02\/WhatsApp-Image-2026-02-27-at-15.45.29.jpeg 1600w\" sizes=\"auto, (max-width: 1024px) 100vw, 1024px\" \/><figcaption class=\"wp-element-caption\">Leonel Alves, Marco Demartini, Celestino Fracon, Rog\u00e9rio Oliveira<\/figcaption><\/figure>\n\n\n\n<figure class=\"wp-block-image size-large\"><img loading=\"lazy\" decoding=\"async\" width=\"1024\" height=\"682\" data-id=\"5635\" src=\"https:\/\/newblogs.correiobraziliense.com.br\/vivabrasilia\/wp-content\/uploads\/sites\/4\/2026\/02\/WhatsApp-Image-2026-02-27-at-15.45.28-1-1024x682.jpeg\" alt=\"\" class=\"wp-image-5635\" srcset=\"https:\/\/newblogs.correiobraziliense.com.br\/vivabrasilia\/wp-content\/uploads\/sites\/4\/2026\/02\/WhatsApp-Image-2026-02-27-at-15.45.28-1-1024x682.jpeg 1024w, https:\/\/newblogs.correiobraziliense.com.br\/vivabrasilia\/wp-content\/uploads\/sites\/4\/2026\/02\/WhatsApp-Image-2026-02-27-at-15.45.28-1-300x200.jpeg 300w, https:\/\/newblogs.correiobraziliense.com.br\/vivabrasilia\/wp-content\/uploads\/sites\/4\/2026\/02\/WhatsApp-Image-2026-02-27-at-15.45.28-1-768x512.jpeg 768w, https:\/\/newblogs.correiobraziliense.com.br\/vivabrasilia\/wp-content\/uploads\/sites\/4\/2026\/02\/WhatsApp-Image-2026-02-27-at-15.45.28-1-1536x1023.jpeg 1536w, https:\/\/newblogs.correiobraziliense.com.br\/vivabrasilia\/wp-content\/uploads\/sites\/4\/2026\/02\/WhatsApp-Image-2026-02-27-at-15.45.28-1.jpeg 1600w\" sizes=\"auto, (max-width: 1024px) 100vw, 1024px\" \/><figcaption class=\"wp-element-caption\">Sophia O&#8217;Sullivan, Rafael Ciraulo e Rog\u00e9rio Oliveira<\/figcaption><\/figure>\n\n\n\n<figure class=\"wp-block-image size-large\"><img loading=\"lazy\" decoding=\"async\" width=\"1024\" height=\"682\" data-id=\"5636\" src=\"https:\/\/newblogs.correiobraziliense.com.br\/vivabrasilia\/wp-content\/uploads\/sites\/4\/2026\/02\/WhatsApp-Image-2026-02-27-at-15.45.28-1024x682.jpeg\" alt=\"\" class=\"wp-image-5636\" srcset=\"https:\/\/newblogs.correiobraziliense.com.br\/vivabrasilia\/wp-content\/uploads\/sites\/4\/2026\/02\/WhatsApp-Image-2026-02-27-at-15.45.28-1024x682.jpeg 1024w, https:\/\/newblogs.correiobraziliense.com.br\/vivabrasilia\/wp-content\/uploads\/sites\/4\/2026\/02\/WhatsApp-Image-2026-02-27-at-15.45.28-300x200.jpeg 300w, https:\/\/newblogs.correiobraziliense.com.br\/vivabrasilia\/wp-content\/uploads\/sites\/4\/2026\/02\/WhatsApp-Image-2026-02-27-at-15.45.28-768x512.jpeg 768w, https:\/\/newblogs.correiobraziliense.com.br\/vivabrasilia\/wp-content\/uploads\/sites\/4\/2026\/02\/WhatsApp-Image-2026-02-27-at-15.45.28-1536x1023.jpeg 1536w, https:\/\/newblogs.correiobraziliense.com.br\/vivabrasilia\/wp-content\/uploads\/sites\/4\/2026\/02\/WhatsApp-Image-2026-02-27-at-15.45.28.jpeg 1600w\" sizes=\"auto, (max-width: 1024px) 100vw, 1024px\" \/><figcaption class=\"wp-element-caption\">Leonel Alves, Eduardo Pereira, Pedro \u00c1vila, Marco Demartini, Ov\u00eddio Maia e Rog\u00e9rio Oliveira<\/figcaption><\/figure>\n\n\n\n<figure class=\"wp-block-image size-large\"><img loading=\"lazy\" decoding=\"async\" width=\"1024\" height=\"682\" data-id=\"5637\" src=\"https:\/\/newblogs.correiobraziliense.com.br\/vivabrasilia\/wp-content\/uploads\/sites\/4\/2026\/02\/WhatsApp-Image-2026-02-24-at-15.16.53-1024x682.jpeg\" alt=\"\" class=\"wp-image-5637\" srcset=\"https:\/\/newblogs.correiobraziliense.com.br\/vivabrasilia\/wp-content\/uploads\/sites\/4\/2026\/02\/WhatsApp-Image-2026-02-24-at-15.16.53-1024x682.jpeg 1024w, https:\/\/newblogs.correiobraziliense.com.br\/vivabrasilia\/wp-content\/uploads\/sites\/4\/2026\/02\/WhatsApp-Image-2026-02-24-at-15.16.53-300x200.jpeg 300w, https:\/\/newblogs.correiobraziliense.com.br\/vivabrasilia\/wp-content\/uploads\/sites\/4\/2026\/02\/WhatsApp-Image-2026-02-24-at-15.16.53-768x512.jpeg 768w, https:\/\/newblogs.correiobraziliense.com.br\/vivabrasilia\/wp-content\/uploads\/sites\/4\/2026\/02\/WhatsApp-Image-2026-02-24-at-15.16.53.jpeg 1280w\" sizes=\"auto, (max-width: 1024px) 100vw, 1024px\" \/><figcaption class=\"wp-element-caption\">Ennius Muniz, Marco Ant\u00f4nio Demartini e Paulo Oct\u00e1vio<\/figcaption><\/figure>\n<\/figure>\n<\/div>\n\t\t\t<div class=\"slider-nav\">\n\t\t\t\t<button class=\"prev\">\n\t\t\t\t<svg xmlns=\"http:\/\/www.w3.org\/2000\/svg\" width=\"26\" height=\"45\" viewBox=\"0 0 26 45\" fill=\"none\">\n\t\t\t\t<path d=\"M24.9118 0.990519C25.5461 1.62494 25.9023 2.48528 25.9023 3.38235C25.9023 4.27943 25.5461 5.13977 24.9118 5.77419L8.16559 22.5204L24.9118 39.2667C25.5281 39.9047 25.8691 40.7593 25.8614 41.6463C25.8537 42.5334 25.4979 43.3819 24.8706 44.0091C24.2434 44.6364 23.3948 44.9922 22.5078 44.9999C21.6208 45.0076 20.7662 44.6666 20.1282 44.0503L0.990082 24.9123C0.355853 24.2778 -0.000438023 23.4175 -0.000438023 22.5204C-0.000438023 21.6234 0.355853 20.763 0.990082 20.1286L20.1282 0.990519C20.7626 0.35629 21.6229 0 22.52 0C23.4171 0 24.2774 0.35629 24.9118 0.990519Z\" fill=\"white\" fill-opacity=\"0.7\"><\/path>\n\t\t\t\t<\/svg>\n\t\t\t\t<\/button>\n\t\t\t\t<button class=\"next\">\n\t\t\t\t<svg xmlns=\"http:\/\/www.w3.org\/2000\/svg\" width=\"26\" height=\"45\" viewBox=\"0 0 26 45\" fill=\"none\">\n\t\t\t\t<path d=\"M0.99052 0.990519C0.356291 1.62494 0 2.48528 0 3.38235C0 4.27943 0.356291 5.13977 0.99052 5.77419L17.7368 22.5204L0.99052 39.2667C0.374265 39.9047 0.0332682 40.7593 0.0409763 41.6463C0.0486844 42.5334 0.40448 43.3819 1.03173 44.0091C1.65898 44.6364 2.5075 44.9922 3.39453 44.9999C4.28156 45.0076 5.13613 44.6666 5.77419 44.0503L24.9123 24.9123C25.5465 24.2778 25.9028 23.4175 25.9028 22.5204C25.9028 21.6234 25.5465 20.763 24.9123 20.1286L5.77419 0.990519C5.13977 0.35629 4.27943 0 3.38235 0C2.48528 0 1.62494 0.35629 0.99052 0.990519Z\" fill=\"white\" fill-opacity=\"0.7\"><\/path>\n\t\t\t\t<\/svg>\n\t\t\t\t<\/button>\n\t\t\t<\/div>\n\t\t\t<div class=\"slider-dots\"><\/div>\n\t\t\t<\/div>","protected":false},"excerpt":{"rendered":"<p>Evento reuniu lideran\u00e7as do setor e promove reflex\u00e3o sobre mercado, gest\u00e3o e vis\u00e3o estrat\u00e9gica<\/p>\n","protected":false},"author":7,"featured_media":5631,"comment_status":"closed","ping_status":"open","sticky":false,"template":"","format":"standard","meta":{"_acf_changed":false,"inline_featured_image":false,"footnotes":""},"categories":[7],"tags":[8,829,709],"class_list":["post-5628","post","type-post","status-publish","format-standard","has-post-thumbnail","hentry","category-evento","tag-evento","tag-mercado-imobiliario","tag-premiacao"],"acf":[],"yoast_head":"<!-- This site is optimized with the Yoast SEO plugin v27.3 - https:\/\/yoast.com\/product\/yoast-seo-wordpress\/ -->\n<title>Quadro Imobili\u00e1rio 2026 conecta dados, estrat\u00e9gia e alta performance - Viva Bras\u00edlia<\/title>\n<meta name=\"robots\" content=\"index, follow, max-snippet:-1, max-image-preview:large, max-video-preview:-1\" \/>\n<link rel=\"canonical\" href=\"https:\/\/newblogs.correiobraziliense.com.br\/vivabrasilia\/quadro-imobiliario-2026-conecta-dados-estrategia-e-alta-performance\/\" \/>\n<meta property=\"og:locale\" content=\"pt_BR\" \/>\n<meta property=\"og:type\" content=\"article\" \/>\n<meta property=\"og:title\" content=\"Quadro Imobili\u00e1rio 2026 conecta dados, estrat\u00e9gia e alta performance - Viva Bras\u00edlia\" \/>\n<meta property=\"og:description\" content=\"Evento reuniu lideran\u00e7as do setor e promove reflex\u00e3o sobre mercado, gest\u00e3o e vis\u00e3o estrat\u00e9gica\" \/>\n<meta property=\"og:url\" content=\"https:\/\/newblogs.correiobraziliense.com.br\/vivabrasilia\/quadro-imobiliario-2026-conecta-dados-estrategia-e-alta-performance\/\" \/>\n<meta property=\"og:site_name\" content=\"Viva Bras\u00edlia\" \/>\n<meta property=\"article:published_time\" content=\"2026-02-27T18:38:53+00:00\" \/>\n<meta property=\"article:modified_time\" content=\"2026-02-27T18:55:08+00:00\" \/>\n<meta property=\"og:image\" content=\"https:\/\/newblogs.correiobraziliense.com.br\/vivabrasilia\/wp-content\/uploads\/sites\/4\/2026\/02\/WhatsApp-Image-2026-02-27-at-15.12.07-1.jpeg\" \/>\n\t<meta property=\"og:image:width\" content=\"1280\" \/>\n\t<meta property=\"og:image:height\" content=\"853\" \/>\n\t<meta property=\"og:image:type\" content=\"image\/jpeg\" \/>\n<meta name=\"author\" content=\"Mariana Campos\" \/>\n<!-- \/ Yoast SEO plugin. -->","yoast_head_json":{"title":"Quadro Imobili\u00e1rio 2026 conecta dados, estrat\u00e9gia e alta performance - Viva Bras\u00edlia","robots":{"index":"index","follow":"follow","max-snippet":"max-snippet:-1","max-image-preview":"max-image-preview:large","max-video-preview":"max-video-preview:-1"},"canonical":"https:\/\/newblogs.correiobraziliense.com.br\/vivabrasilia\/quadro-imobiliario-2026-conecta-dados-estrategia-e-alta-performance\/","og_locale":"pt_BR","og_type":"article","og_title":"Quadro Imobili\u00e1rio 2026 conecta dados, estrat\u00e9gia e alta performance - Viva Bras\u00edlia","og_description":"Evento reuniu lideran\u00e7as do setor e promove reflex\u00e3o sobre mercado, gest\u00e3o e vis\u00e3o estrat\u00e9gica","og_url":"https:\/\/newblogs.correiobraziliense.com.br\/vivabrasilia\/quadro-imobiliario-2026-conecta-dados-estrategia-e-alta-performance\/","og_site_name":"Viva Bras\u00edlia","article_published_time":"2026-02-27T18:38:53+00:00","article_modified_time":"2026-02-27T18:55:08+00:00","og_image":[{"width":1280,"height":853,"url":"https:\/\/newblogs.correiobraziliense.com.br\/vivabrasilia\/wp-content\/uploads\/sites\/4\/2026\/02\/WhatsApp-Image-2026-02-27-at-15.12.07-1.jpeg","type":"image\/jpeg"}],"author":"Mariana Campos","schema":{"@context":"https:\/\/schema.org","@graph":[{"@type":"Article","@id":"https:\/\/newblogs.correiobraziliense.com.br\/vivabrasilia\/quadro-imobiliario-2026-conecta-dados-estrategia-e-alta-performance\/#article","isPartOf":{"@id":"https:\/\/newblogs.correiobraziliense.com.br\/vivabrasilia\/quadro-imobiliario-2026-conecta-dados-estrategia-e-alta-performance\/"},"author":{"name":"Mariana Campos","@id":"https:\/\/newblogs.correiobraziliense.com.br\/vivabrasilia\/#\/schema\/person\/018c75775aaa6ead74dde48a78ac7fa1"},"headline":"Quadro Imobili\u00e1rio 2026 conecta dados, estrat\u00e9gia e alta performance","datePublished":"2026-02-27T18:38:53+00:00","dateModified":"2026-02-27T18:55:08+00:00","mainEntityOfPage":{"@id":"https:\/\/newblogs.correiobraziliense.com.br\/vivabrasilia\/quadro-imobiliario-2026-conecta-dados-estrategia-e-alta-performance\/"},"wordCount":164,"image":{"@id":"https:\/\/newblogs.correiobraziliense.com.br\/vivabrasilia\/quadro-imobiliario-2026-conecta-dados-estrategia-e-alta-performance\/#primaryimage"},"thumbnailUrl":"https:\/\/newblogs.correiobraziliense.com.br\/vivabrasilia\/wp-content\/uploads\/sites\/4\/2026\/02\/WhatsApp-Image-2026-02-27-at-15.12.07-1.jpeg","keywords":["Evento","Mercado imobili\u00e1rio","Premia\u00e7\u00e3o"],"articleSection":["Evento"],"inLanguage":"pt-BR"},{"@type":"WebPage","@id":"https:\/\/newblogs.correiobraziliense.com.br\/vivabrasilia\/quadro-imobiliario-2026-conecta-dados-estrategia-e-alta-performance\/","url":"https:\/\/newblogs.correiobraziliense.com.br\/vivabrasilia\/quadro-imobiliario-2026-conecta-dados-estrategia-e-alta-performance\/","name":"Quadro Imobili\u00e1rio 2026 conecta dados, estrat\u00e9gia e alta performance - Viva Bras\u00edlia","isPartOf":{"@id":"https:\/\/newblogs.correiobraziliense.com.br\/vivabrasilia\/#website"},"primaryImageOfPage":{"@id":"https:\/\/newblogs.correiobraziliense.com.br\/vivabrasilia\/quadro-imobiliario-2026-conecta-dados-estrategia-e-alta-performance\/#primaryimage"},"image":{"@id":"https:\/\/newblogs.correiobraziliense.com.br\/vivabrasilia\/quadro-imobiliario-2026-conecta-dados-estrategia-e-alta-performance\/#primaryimage"},"thumbnailUrl":"https:\/\/newblogs.correiobraziliense.com.br\/vivabrasilia\/wp-content\/uploads\/sites\/4\/2026\/02\/WhatsApp-Image-2026-02-27-at-15.12.07-1.jpeg","datePublished":"2026-02-27T18:38:53+00:00","dateModified":"2026-02-27T18:55:08+00:00","author":{"@id":"https:\/\/newblogs.correiobraziliense.com.br\/vivabrasilia\/#\/schema\/person\/018c75775aaa6ead74dde48a78ac7fa1"},"breadcrumb":{"@id":"https:\/\/newblogs.correiobraziliense.com.br\/vivabrasilia\/quadro-imobiliario-2026-conecta-dados-estrategia-e-alta-performance\/#breadcrumb"},"inLanguage":"pt-BR","potentialAction":[{"@type":"ReadAction","target":["https:\/\/newblogs.correiobraziliense.com.br\/vivabrasilia\/quadro-imobiliario-2026-conecta-dados-estrategia-e-alta-performance\/"]}]},{"@type":"ImageObject","inLanguage":"pt-BR","@id":"https:\/\/newblogs.correiobraziliense.com.br\/vivabrasilia\/quadro-imobiliario-2026-conecta-dados-estrategia-e-alta-performance\/#primaryimage","url":"https:\/\/newblogs.correiobraziliense.com.br\/vivabrasilia\/wp-content\/uploads\/sites\/4\/2026\/02\/WhatsApp-Image-2026-02-27-at-15.12.07-1.jpeg","contentUrl":"https:\/\/newblogs.correiobraziliense.com.br\/vivabrasilia\/wp-content\/uploads\/sites\/4\/2026\/02\/WhatsApp-Image-2026-02-27-at-15.12.07-1.jpeg","width":1280,"height":853,"caption":"Paulo Oct\u00e1vio, Pedro \u00c1vila e Maria \u00c1vila"},{"@type":"BreadcrumbList","@id":"https:\/\/newblogs.correiobraziliense.com.br\/vivabrasilia\/quadro-imobiliario-2026-conecta-dados-estrategia-e-alta-performance\/#breadcrumb","itemListElement":[{"@type":"ListItem","position":1,"name":"In\u00edcio","item":"https:\/\/newblogs.correiobraziliense.com.br\/vivabrasilia\/"},{"@type":"ListItem","position":2,"name":"Quadro Imobili\u00e1rio 2026 conecta dados, estrat\u00e9gia e alta performance"}]},{"@type":"WebSite","@id":"https:\/\/newblogs.correiobraziliense.com.br\/vivabrasilia\/#website","url":"https:\/\/newblogs.correiobraziliense.com.br\/vivabrasilia\/","name":"Viva Bras\u00edlia","description":"Coluna de estilo de vida","potentialAction":[{"@type":"SearchAction","target":{"@type":"EntryPoint","urlTemplate":"https:\/\/newblogs.correiobraziliense.com.br\/vivabrasilia\/?s={search_term_string}"},"query-input":{"@type":"PropertyValueSpecification","valueRequired":true,"valueName":"search_term_string"}}],"inLanguage":"pt-BR"},{"@type":"Person","@id":"https:\/\/newblogs.correiobraziliense.com.br\/vivabrasilia\/#\/schema\/person\/018c75775aaa6ead74dde48a78ac7fa1","name":"Mariana Campos","image":{"@type":"ImageObject","inLanguage":"pt-BR","@id":"https:\/\/secure.gravatar.com\/avatar\/97cd13271bc36c11415a45e9f8192828452de6a8c0e24857edbf96d21752260f?s=96&d=mm&r=g","url":"https:\/\/secure.gravatar.com\/avatar\/97cd13271bc36c11415a45e9f8192828452de6a8c0e24857edbf96d21752260f?s=96&d=mm&r=g","contentUrl":"https:\/\/secure.gravatar.com\/avatar\/97cd13271bc36c11415a45e9f8192828452de6a8c0e24857edbf96d21752260f?s=96&d=mm&r=g","caption":"Mariana Campos"},"description":"Colunista da Viva Bras\u00edlia, Mariana escreve e fotografa para a coluna. Formada em Comunica\u00e7\u00e3o, aprofundou-se no jornalismo e agora une a escrita com a fotografia para mostrar que a capital \u00e9 uma cidade viva que n\u00e3o se resume ao poder. Tamb\u00e9m faz a cobertura de moda para seu blog, Pliss\u00ea, e para as redes sociais do Correio.","sameAs":["http:\/\/newblogs.correiobraziliense.com\/plisse","https:\/\/www.instagram.com\/marigrigori"],"url":"https:\/\/newblogs.correiobraziliense.com.br\/vivabrasilia\/author\/marivivabrasilia\/"}]}},"_links":{"self":[{"href":"https:\/\/newblogs.correiobraziliense.com.br\/vivabrasilia\/wp-json\/wp\/v2\/posts\/5628","targetHints":{"allow":["GET"]}}],"collection":[{"href":"https:\/\/newblogs.correiobraziliense.com.br\/vivabrasilia\/wp-json\/wp\/v2\/posts"}],"about":[{"href":"https:\/\/newblogs.correiobraziliense.com.br\/vivabrasilia\/wp-json\/wp\/v2\/types\/post"}],"author":[{"embeddable":true,"href":"https:\/\/newblogs.correiobraziliense.com.br\/vivabrasilia\/wp-json\/wp\/v2\/users\/7"}],"replies":[{"embeddable":true,"href":"https:\/\/newblogs.correiobraziliense.com.br\/vivabrasilia\/wp-json\/wp\/v2\/comments?post=5628"}],"version-history":[{"count":4,"href":"https:\/\/newblogs.correiobraziliense.com.br\/vivabrasilia\/wp-json\/wp\/v2\/posts\/5628\/revisions"}],"predecessor-version":[{"id":5643,"href":"https:\/\/newblogs.correiobraziliense.com.br\/vivabrasilia\/wp-json\/wp\/v2\/posts\/5628\/revisions\/5643"}],"wp:featuredmedia":[{"embeddable":true,"href":"https:\/\/newblogs.correiobraziliense.com.br\/vivabrasilia\/wp-json\/wp\/v2\/media\/5631"}],"wp:attachment":[{"href":"https:\/\/newblogs.correiobraziliense.com.br\/vivabrasilia\/wp-json\/wp\/v2\/media?parent=5628"}],"wp:term":[{"taxonomy":"category","embeddable":true,"href":"https:\/\/newblogs.correiobraziliense.com.br\/vivabrasilia\/wp-json\/wp\/v2\/categories?post=5628"},{"taxonomy":"post_tag","embeddable":true,"href":"https:\/\/newblogs.correiobraziliense.com.br\/vivabrasilia\/wp-json\/wp\/v2\/tags?post=5628"}],"curies":[{"name":"wp","href":"https:\/\/api.w.org\/{rel}","templated":true}]}}