{"id":5443,"date":"2025-12-13T18:20:32","date_gmt":"2025-12-13T21:20:32","guid":{"rendered":"https:\/\/newblogs.correiobraziliense.com.br\/vivabrasilia\/?p=5443"},"modified":"2025-12-13T18:20:35","modified_gmt":"2025-12-13T21:20:35","slug":"trofeu-nas-maos-de-quem-constroi-a-capital","status":"publish","type":"post","link":"https:\/\/newblogs.correiobraziliense.com.br\/vivabrasilia\/trofeu-nas-maos-de-quem-constroi-a-capital\/","title":{"rendered":"Trof\u00e9u nas m\u00e3os de quem constr\u00f3i a capital"},"content":{"rendered":"\n<p>Algumas presen\u00e7as fazem uma cidade. Por isso, para destacar l\u00edderes e iniciativas que motivam nossa uma grande capital a pulsar inova\u00e7\u00e3o, cultura, empreendedorismo, educa\u00e7\u00e3o, tecnologia, economia criativa, turismo, com\u00e9rcio e, claro, direito, justi\u00e7a e pol\u00edtica, o Correio Braziliense concebeu, em parceria com a Shell, o Pr\u00eamio JK. A primeira edi\u00e7\u00e3o da festa, realizada na \u00faltima ter\u00e7a-feira, no audit\u00f3rio do Tribunal de Contas da Uni\u00e3o (TCU), foi um sucesso, prestigiada por grandes personalidades de Bras\u00edlia e pelos distintos ganhadores dos trof\u00e9us, seus amigos e familiares. Inspirado no legado do ex-presidente e fundador da capital, Juscelino Kubitschek, o pr\u00eamio leva suas iniciais para reconhecer aqueles que, assim como ele, contribuem para o desenvolvimento, crescimento e constru\u00e7\u00e3o de Bras\u00edlia.<\/p>\n\n\n<div class=\"slider-wrapper\"><div class=\"slider\">\n<figure class=\"wp-block-gallery has-nested-images columns-default is-cropped wp-block-gallery-1 is-layout-flex wp-block-gallery-is-layout-flex\">\n<figure class=\"wp-block-image size-large\"><img loading=\"lazy\" decoding=\"async\" width=\"1024\" height=\"682\" data-id=\"5444\" src=\"https:\/\/newblogs.correiobraziliense.com.br\/vivabrasilia\/wp-content\/uploads\/sites\/4\/2025\/12\/A-desembargadora-do-TRF-1-Gilda-Sigmaringa-a-presidente-do-STM-Maria-Elizabeth-Rocha-o-presidente-do-presidente-do-TRF-4-Joao-Batista-Pinto-Silveira-1024x682.jpg\" alt=\"A vice-presidente do TRF-1 Gilda Sigmaringa, a presidente do STM Maria Elizabeth Rocha, o presidente do presidente do TRF-1 Jo\u00e3o Batista Pinto Silveira\" class=\"wp-image-5444\" srcset=\"https:\/\/newblogs.correiobraziliense.com.br\/vivabrasilia\/wp-content\/uploads\/sites\/4\/2025\/12\/A-desembargadora-do-TRF-1-Gilda-Sigmaringa-a-presidente-do-STM-Maria-Elizabeth-Rocha-o-presidente-do-presidente-do-TRF-4-Joao-Batista-Pinto-Silveira-1024x682.jpg 1024w, https:\/\/newblogs.correiobraziliense.com.br\/vivabrasilia\/wp-content\/uploads\/sites\/4\/2025\/12\/A-desembargadora-do-TRF-1-Gilda-Sigmaringa-a-presidente-do-STM-Maria-Elizabeth-Rocha-o-presidente-do-presidente-do-TRF-4-Joao-Batista-Pinto-Silveira-300x200.jpg 300w, https:\/\/newblogs.correiobraziliense.com.br\/vivabrasilia\/wp-content\/uploads\/sites\/4\/2025\/12\/A-desembargadora-do-TRF-1-Gilda-Sigmaringa-a-presidente-do-STM-Maria-Elizabeth-Rocha-o-presidente-do-presidente-do-TRF-4-Joao-Batista-Pinto-Silveira-768x512.jpg 768w, https:\/\/newblogs.correiobraziliense.com.br\/vivabrasilia\/wp-content\/uploads\/sites\/4\/2025\/12\/A-desembargadora-do-TRF-1-Gilda-Sigmaringa-a-presidente-do-STM-Maria-Elizabeth-Rocha-o-presidente-do-presidente-do-TRF-4-Joao-Batista-Pinto-Silveira-1536x1024.jpg 1536w, https:\/\/newblogs.correiobraziliense.com.br\/vivabrasilia\/wp-content\/uploads\/sites\/4\/2025\/12\/A-desembargadora-do-TRF-1-Gilda-Sigmaringa-a-presidente-do-STM-Maria-Elizabeth-Rocha-o-presidente-do-presidente-do-TRF-4-Joao-Batista-Pinto-Silveira.jpg 2000w\" sizes=\"auto, (max-width: 1024px) 100vw, 1024px\" \/><figcaption class=\"wp-element-caption\">A vice-presidente do TRF-1 Gilda Sigmaringa, a presidente do STM Maria Elizabeth Rocha, o presidente do presidente do TRF-1 Jo\u00e3o Batista Pinto Silveira<\/figcaption><\/figure>\n\n\n\n<figure class=\"wp-block-image size-large\"><img loading=\"lazy\" decoding=\"async\" width=\"1024\" height=\"682\" data-id=\"5445\" src=\"https:\/\/newblogs.correiobraziliense.com.br\/vivabrasilia\/wp-content\/uploads\/sites\/4\/2025\/12\/Glaucia-Machado-Carla-Fragomeni-Rita-Machado-e-Paulo-Rito-1024x682.jpg\" alt=\"\" class=\"wp-image-5445\" srcset=\"https:\/\/newblogs.correiobraziliense.com.br\/vivabrasilia\/wp-content\/uploads\/sites\/4\/2025\/12\/Glaucia-Machado-Carla-Fragomeni-Rita-Machado-e-Paulo-Rito-1024x682.jpg 1024w, https:\/\/newblogs.correiobraziliense.com.br\/vivabrasilia\/wp-content\/uploads\/sites\/4\/2025\/12\/Glaucia-Machado-Carla-Fragomeni-Rita-Machado-e-Paulo-Rito-300x200.jpg 300w, https:\/\/newblogs.correiobraziliense.com.br\/vivabrasilia\/wp-content\/uploads\/sites\/4\/2025\/12\/Glaucia-Machado-Carla-Fragomeni-Rita-Machado-e-Paulo-Rito-768x512.jpg 768w, https:\/\/newblogs.correiobraziliense.com.br\/vivabrasilia\/wp-content\/uploads\/sites\/4\/2025\/12\/Glaucia-Machado-Carla-Fragomeni-Rita-Machado-e-Paulo-Rito-1536x1024.jpg 1536w, https:\/\/newblogs.correiobraziliense.com.br\/vivabrasilia\/wp-content\/uploads\/sites\/4\/2025\/12\/Glaucia-Machado-Carla-Fragomeni-Rita-Machado-e-Paulo-Rito.jpg 2000w\" sizes=\"auto, (max-width: 1024px) 100vw, 1024px\" \/><figcaption class=\"wp-element-caption\">Glaucia Machado, Carla Fragomeni, Rita Machado e Paulo Rito<\/figcaption><\/figure>\n\n\n\n<figure class=\"wp-block-image size-large\"><img loading=\"lazy\" decoding=\"async\" width=\"1024\" height=\"682\" data-id=\"5446\" src=\"https:\/\/newblogs.correiobraziliense.com.br\/vivabrasilia\/wp-content\/uploads\/sites\/4\/2025\/12\/Gustavo-Costa-Couto-Murilo-Oliveira-Erik-Santana-e-Daniel-Miranda-1024x682.jpg\" alt=\"\" class=\"wp-image-5446\" srcset=\"https:\/\/newblogs.correiobraziliense.com.br\/vivabrasilia\/wp-content\/uploads\/sites\/4\/2025\/12\/Gustavo-Costa-Couto-Murilo-Oliveira-Erik-Santana-e-Daniel-Miranda-1024x682.jpg 1024w, https:\/\/newblogs.correiobraziliense.com.br\/vivabrasilia\/wp-content\/uploads\/sites\/4\/2025\/12\/Gustavo-Costa-Couto-Murilo-Oliveira-Erik-Santana-e-Daniel-Miranda-300x200.jpg 300w, https:\/\/newblogs.correiobraziliense.com.br\/vivabrasilia\/wp-content\/uploads\/sites\/4\/2025\/12\/Gustavo-Costa-Couto-Murilo-Oliveira-Erik-Santana-e-Daniel-Miranda-768x512.jpg 768w, https:\/\/newblogs.correiobraziliense.com.br\/vivabrasilia\/wp-content\/uploads\/sites\/4\/2025\/12\/Gustavo-Costa-Couto-Murilo-Oliveira-Erik-Santana-e-Daniel-Miranda-1536x1024.jpg 1536w, https:\/\/newblogs.correiobraziliense.com.br\/vivabrasilia\/wp-content\/uploads\/sites\/4\/2025\/12\/Gustavo-Costa-Couto-Murilo-Oliveira-Erik-Santana-e-Daniel-Miranda.jpg 2000w\" sizes=\"auto, (max-width: 1024px) 100vw, 1024px\" \/><figcaption class=\"wp-element-caption\">Gustavo Costa Couto, Murilo Oliveira, Erik Santana e Daniel Miranda<\/figcaption><\/figure>\n\n\n\n<figure class=\"wp-block-image size-large\"><img loading=\"lazy\" decoding=\"async\" width=\"1024\" height=\"682\" data-id=\"5447\" src=\"https:\/\/newblogs.correiobraziliense.com.br\/vivabrasilia\/wp-content\/uploads\/sites\/4\/2025\/12\/Leonardo-Julio-Souza-Paula-Belmonte-e-Rodrigo-Rollemberg-1024x682.jpg\" alt=\"\" class=\"wp-image-5447\" srcset=\"https:\/\/newblogs.correiobraziliense.com.br\/vivabrasilia\/wp-content\/uploads\/sites\/4\/2025\/12\/Leonardo-Julio-Souza-Paula-Belmonte-e-Rodrigo-Rollemberg-1024x682.jpg 1024w, https:\/\/newblogs.correiobraziliense.com.br\/vivabrasilia\/wp-content\/uploads\/sites\/4\/2025\/12\/Leonardo-Julio-Souza-Paula-Belmonte-e-Rodrigo-Rollemberg-300x200.jpg 300w, https:\/\/newblogs.correiobraziliense.com.br\/vivabrasilia\/wp-content\/uploads\/sites\/4\/2025\/12\/Leonardo-Julio-Souza-Paula-Belmonte-e-Rodrigo-Rollemberg-768x512.jpg 768w, https:\/\/newblogs.correiobraziliense.com.br\/vivabrasilia\/wp-content\/uploads\/sites\/4\/2025\/12\/Leonardo-Julio-Souza-Paula-Belmonte-e-Rodrigo-Rollemberg-1536x1024.jpg 1536w, https:\/\/newblogs.correiobraziliense.com.br\/vivabrasilia\/wp-content\/uploads\/sites\/4\/2025\/12\/Leonardo-Julio-Souza-Paula-Belmonte-e-Rodrigo-Rollemberg.jpg 2000w\" sizes=\"auto, (max-width: 1024px) 100vw, 1024px\" \/><figcaption class=\"wp-element-caption\">Leonardo J\u00falio Souza, Paula Belmonte e Rodrigo Rollemberg<\/figcaption><\/figure>\n\n\n\n<figure class=\"wp-block-image size-large\"><img loading=\"lazy\" decoding=\"async\" width=\"1024\" height=\"682\" data-id=\"5448\" src=\"https:\/\/newblogs.correiobraziliense.com.br\/vivabrasilia\/wp-content\/uploads\/sites\/4\/2025\/12\/Melina-Sales-Gabriel-Reis-Luiz-Antonio-Reis-Luiz-Alberto-Reis-Luiz-Andre-Reis-e-Zilah-2-1024x682.jpg\" alt=\"\" class=\"wp-image-5448\" srcset=\"https:\/\/newblogs.correiobraziliense.com.br\/vivabrasilia\/wp-content\/uploads\/sites\/4\/2025\/12\/Melina-Sales-Gabriel-Reis-Luiz-Antonio-Reis-Luiz-Alberto-Reis-Luiz-Andre-Reis-e-Zilah-2-1024x682.jpg 1024w, https:\/\/newblogs.correiobraziliense.com.br\/vivabrasilia\/wp-content\/uploads\/sites\/4\/2025\/12\/Melina-Sales-Gabriel-Reis-Luiz-Antonio-Reis-Luiz-Alberto-Reis-Luiz-Andre-Reis-e-Zilah-2-300x200.jpg 300w, https:\/\/newblogs.correiobraziliense.com.br\/vivabrasilia\/wp-content\/uploads\/sites\/4\/2025\/12\/Melina-Sales-Gabriel-Reis-Luiz-Antonio-Reis-Luiz-Alberto-Reis-Luiz-Andre-Reis-e-Zilah-2-768x512.jpg 768w, https:\/\/newblogs.correiobraziliense.com.br\/vivabrasilia\/wp-content\/uploads\/sites\/4\/2025\/12\/Melina-Sales-Gabriel-Reis-Luiz-Antonio-Reis-Luiz-Alberto-Reis-Luiz-Andre-Reis-e-Zilah-2-1536x1024.jpg 1536w, https:\/\/newblogs.correiobraziliense.com.br\/vivabrasilia\/wp-content\/uploads\/sites\/4\/2025\/12\/Melina-Sales-Gabriel-Reis-Luiz-Antonio-Reis-Luiz-Alberto-Reis-Luiz-Andre-Reis-e-Zilah-2.jpg 2000w\" sizes=\"auto, (max-width: 1024px) 100vw, 1024px\" \/><figcaption class=\"wp-element-caption\">Melina Sales, Gabriel Reis, Luiz Antonio Reis, Luiz Alberto Reis, Luiz Andr\u00e9 Reis e Zilah<\/figcaption><\/figure>\n\n\n\n<figure class=\"wp-block-image size-large\"><img loading=\"lazy\" decoding=\"async\" width=\"1024\" height=\"682\" data-id=\"5449\" src=\"https:\/\/newblogs.correiobraziliense.com.br\/vivabrasilia\/wp-content\/uploads\/sites\/4\/2025\/12\/O-ministro-do-STF-Gilmar-Mendes-e-o-presidente-do-Correio-Guilherme-Machado-1024x682.jpg\" alt=\"\" class=\"wp-image-5449\" srcset=\"https:\/\/newblogs.correiobraziliense.com.br\/vivabrasilia\/wp-content\/uploads\/sites\/4\/2025\/12\/O-ministro-do-STF-Gilmar-Mendes-e-o-presidente-do-Correio-Guilherme-Machado-1024x682.jpg 1024w, https:\/\/newblogs.correiobraziliense.com.br\/vivabrasilia\/wp-content\/uploads\/sites\/4\/2025\/12\/O-ministro-do-STF-Gilmar-Mendes-e-o-presidente-do-Correio-Guilherme-Machado-300x200.jpg 300w, https:\/\/newblogs.correiobraziliense.com.br\/vivabrasilia\/wp-content\/uploads\/sites\/4\/2025\/12\/O-ministro-do-STF-Gilmar-Mendes-e-o-presidente-do-Correio-Guilherme-Machado-768x512.jpg 768w, https:\/\/newblogs.correiobraziliense.com.br\/vivabrasilia\/wp-content\/uploads\/sites\/4\/2025\/12\/O-ministro-do-STF-Gilmar-Mendes-e-o-presidente-do-Correio-Guilherme-Machado-1536x1024.jpg 1536w, https:\/\/newblogs.correiobraziliense.com.br\/vivabrasilia\/wp-content\/uploads\/sites\/4\/2025\/12\/O-ministro-do-STF-Gilmar-Mendes-e-o-presidente-do-Correio-Guilherme-Machado.jpg 2000w\" sizes=\"auto, (max-width: 1024px) 100vw, 1024px\" \/><figcaption class=\"wp-element-caption\">O ministro do STF Gilmar Mendes e o presidente do Correio Guilherme Machado<\/figcaption><\/figure>\n\n\n\n<figure class=\"wp-block-image size-large\"><img loading=\"lazy\" decoding=\"async\" width=\"1024\" height=\"682\" data-id=\"5450\" src=\"https:\/\/newblogs.correiobraziliense.com.br\/vivabrasilia\/wp-content\/uploads\/sites\/4\/2025\/12\/O-presidente-da-ABDI-Ricardo-Capelli-e-Joe-Valle-1024x682.jpg\" alt=\"\" class=\"wp-image-5450\" srcset=\"https:\/\/newblogs.correiobraziliense.com.br\/vivabrasilia\/wp-content\/uploads\/sites\/4\/2025\/12\/O-presidente-da-ABDI-Ricardo-Capelli-e-Joe-Valle-1024x682.jpg 1024w, https:\/\/newblogs.correiobraziliense.com.br\/vivabrasilia\/wp-content\/uploads\/sites\/4\/2025\/12\/O-presidente-da-ABDI-Ricardo-Capelli-e-Joe-Valle-300x200.jpg 300w, https:\/\/newblogs.correiobraziliense.com.br\/vivabrasilia\/wp-content\/uploads\/sites\/4\/2025\/12\/O-presidente-da-ABDI-Ricardo-Capelli-e-Joe-Valle-768x512.jpg 768w, https:\/\/newblogs.correiobraziliense.com.br\/vivabrasilia\/wp-content\/uploads\/sites\/4\/2025\/12\/O-presidente-da-ABDI-Ricardo-Capelli-e-Joe-Valle-1536x1024.jpg 1536w, https:\/\/newblogs.correiobraziliense.com.br\/vivabrasilia\/wp-content\/uploads\/sites\/4\/2025\/12\/O-presidente-da-ABDI-Ricardo-Capelli-e-Joe-Valle.jpg 2000w\" sizes=\"auto, (max-width: 1024px) 100vw, 1024px\" \/><figcaption class=\"wp-element-caption\">O presidente da ABDI Ricardo Capelli e Joe Valle<\/figcaption><\/figure>\n\n\n\n<figure class=\"wp-block-image size-large\"><img loading=\"lazy\" decoding=\"async\" width=\"1024\" height=\"682\" data-id=\"5451\" src=\"https:\/\/newblogs.correiobraziliense.com.br\/vivabrasilia\/wp-content\/uploads\/sites\/4\/2025\/12\/O-presidente-da-CEB-Edison-Garcia-o-desembargador-do-TCDF-Andre-Clemente-e-Paulo-Octavio-2-1024x682.jpg\" alt=\"\" class=\"wp-image-5451\" srcset=\"https:\/\/newblogs.correiobraziliense.com.br\/vivabrasilia\/wp-content\/uploads\/sites\/4\/2025\/12\/O-presidente-da-CEB-Edison-Garcia-o-desembargador-do-TCDF-Andre-Clemente-e-Paulo-Octavio-2-1024x682.jpg 1024w, https:\/\/newblogs.correiobraziliense.com.br\/vivabrasilia\/wp-content\/uploads\/sites\/4\/2025\/12\/O-presidente-da-CEB-Edison-Garcia-o-desembargador-do-TCDF-Andre-Clemente-e-Paulo-Octavio-2-300x200.jpg 300w, https:\/\/newblogs.correiobraziliense.com.br\/vivabrasilia\/wp-content\/uploads\/sites\/4\/2025\/12\/O-presidente-da-CEB-Edison-Garcia-o-desembargador-do-TCDF-Andre-Clemente-e-Paulo-Octavio-2-768x512.jpg 768w, https:\/\/newblogs.correiobraziliense.com.br\/vivabrasilia\/wp-content\/uploads\/sites\/4\/2025\/12\/O-presidente-da-CEB-Edison-Garcia-o-desembargador-do-TCDF-Andre-Clemente-e-Paulo-Octavio-2-1536x1024.jpg 1536w, https:\/\/newblogs.correiobraziliense.com.br\/vivabrasilia\/wp-content\/uploads\/sites\/4\/2025\/12\/O-presidente-da-CEB-Edison-Garcia-o-desembargador-do-TCDF-Andre-Clemente-e-Paulo-Octavio-2.jpg 2000w\" sizes=\"auto, (max-width: 1024px) 100vw, 1024px\" \/><figcaption class=\"wp-element-caption\">O presidente da CEB Edison Garcia, o desembargador do TCDF Andr\u00e9 Clemente e Paulo Oct\u00e1vio<\/figcaption><\/figure>\n\n\n\n<figure class=\"wp-block-image size-large\"><img loading=\"lazy\" decoding=\"async\" width=\"1024\" height=\"682\" data-id=\"5453\" src=\"https:\/\/newblogs.correiobraziliense.com.br\/vivabrasilia\/wp-content\/uploads\/sites\/4\/2025\/12\/O-presidente-da-Fecomercio-Jose-Aparecido-Freire-Bruna-Marques-o-diretor-do-Senac-DF-Vitor-Correa-e-Diego-Recena-1024x682.jpg\" alt=\"\" class=\"wp-image-5453\" srcset=\"https:\/\/newblogs.correiobraziliense.com.br\/vivabrasilia\/wp-content\/uploads\/sites\/4\/2025\/12\/O-presidente-da-Fecomercio-Jose-Aparecido-Freire-Bruna-Marques-o-diretor-do-Senac-DF-Vitor-Correa-e-Diego-Recena-1024x682.jpg 1024w, https:\/\/newblogs.correiobraziliense.com.br\/vivabrasilia\/wp-content\/uploads\/sites\/4\/2025\/12\/O-presidente-da-Fecomercio-Jose-Aparecido-Freire-Bruna-Marques-o-diretor-do-Senac-DF-Vitor-Correa-e-Diego-Recena-300x200.jpg 300w, https:\/\/newblogs.correiobraziliense.com.br\/vivabrasilia\/wp-content\/uploads\/sites\/4\/2025\/12\/O-presidente-da-Fecomercio-Jose-Aparecido-Freire-Bruna-Marques-o-diretor-do-Senac-DF-Vitor-Correa-e-Diego-Recena-768x512.jpg 768w, https:\/\/newblogs.correiobraziliense.com.br\/vivabrasilia\/wp-content\/uploads\/sites\/4\/2025\/12\/O-presidente-da-Fecomercio-Jose-Aparecido-Freire-Bruna-Marques-o-diretor-do-Senac-DF-Vitor-Correa-e-Diego-Recena-1536x1024.jpg 1536w, https:\/\/newblogs.correiobraziliense.com.br\/vivabrasilia\/wp-content\/uploads\/sites\/4\/2025\/12\/O-presidente-da-Fecomercio-Jose-Aparecido-Freire-Bruna-Marques-o-diretor-do-Senac-DF-Vitor-Correa-e-Diego-Recena.jpg 2000w\" sizes=\"auto, (max-width: 1024px) 100vw, 1024px\" \/><figcaption class=\"wp-element-caption\">O presidente da Fecom\u00e9rcio Jos\u00e9 Aparecido Freire, Bruna Marques, o diretor do Senac-DF V\u00edtor Corr\u00eaa e Diego Recena<\/figcaption><\/figure>\n\n\n\n<figure class=\"wp-block-image size-large\"><img loading=\"lazy\" decoding=\"async\" width=\"1024\" height=\"682\" data-id=\"5454\" src=\"https:\/\/newblogs.correiobraziliense.com.br\/vivabrasilia\/wp-content\/uploads\/sites\/4\/2025\/12\/O-presidente-do-Correio-Guilherme-Machado-o-agraciado-com-o-premio-JK-Homenagem-Osorio-Adriano-1024x682.jpg\" alt=\"\" class=\"wp-image-5454\" srcset=\"https:\/\/newblogs.correiobraziliense.com.br\/vivabrasilia\/wp-content\/uploads\/sites\/4\/2025\/12\/O-presidente-do-Correio-Guilherme-Machado-o-agraciado-com-o-premio-JK-Homenagem-Osorio-Adriano-1024x682.jpg 1024w, https:\/\/newblogs.correiobraziliense.com.br\/vivabrasilia\/wp-content\/uploads\/sites\/4\/2025\/12\/O-presidente-do-Correio-Guilherme-Machado-o-agraciado-com-o-premio-JK-Homenagem-Osorio-Adriano-300x200.jpg 300w, https:\/\/newblogs.correiobraziliense.com.br\/vivabrasilia\/wp-content\/uploads\/sites\/4\/2025\/12\/O-presidente-do-Correio-Guilherme-Machado-o-agraciado-com-o-premio-JK-Homenagem-Osorio-Adriano-768x512.jpg 768w, https:\/\/newblogs.correiobraziliense.com.br\/vivabrasilia\/wp-content\/uploads\/sites\/4\/2025\/12\/O-presidente-do-Correio-Guilherme-Machado-o-agraciado-com-o-premio-JK-Homenagem-Osorio-Adriano-1536x1024.jpg 1536w, https:\/\/newblogs.correiobraziliense.com.br\/vivabrasilia\/wp-content\/uploads\/sites\/4\/2025\/12\/O-presidente-do-Correio-Guilherme-Machado-o-agraciado-com-o-premio-JK-Homenagem-Osorio-Adriano.jpg 2000w\" sizes=\"auto, (max-width: 1024px) 100vw, 1024px\" \/><figcaption class=\"wp-element-caption\">O presidente do Correio Guilherme Machado, o agraciado com o pr\u00eamio JK Homenagem Os\u00f3rio Adriano<\/figcaption><\/figure>\n\n\n\n<figure class=\"wp-block-image size-large\"><img loading=\"lazy\" decoding=\"async\" width=\"696\" height=\"1024\" data-id=\"5455\" src=\"https:\/\/newblogs.correiobraziliense.com.br\/vivabrasilia\/wp-content\/uploads\/sites\/4\/2025\/12\/O-senador-Romero-Juca-e-Denise-Rothenburg-696x1024.jpg\" alt=\"\" class=\"wp-image-5455\" srcset=\"https:\/\/newblogs.correiobraziliense.com.br\/vivabrasilia\/wp-content\/uploads\/sites\/4\/2025\/12\/O-senador-Romero-Juca-e-Denise-Rothenburg-696x1024.jpg 696w, https:\/\/newblogs.correiobraziliense.com.br\/vivabrasilia\/wp-content\/uploads\/sites\/4\/2025\/12\/O-senador-Romero-Juca-e-Denise-Rothenburg-204x300.jpg 204w, https:\/\/newblogs.correiobraziliense.com.br\/vivabrasilia\/wp-content\/uploads\/sites\/4\/2025\/12\/O-senador-Romero-Juca-e-Denise-Rothenburg-768x1129.jpg 768w, https:\/\/newblogs.correiobraziliense.com.br\/vivabrasilia\/wp-content\/uploads\/sites\/4\/2025\/12\/O-senador-Romero-Juca-e-Denise-Rothenburg-1044x1536.jpg 1044w, https:\/\/newblogs.correiobraziliense.com.br\/vivabrasilia\/wp-content\/uploads\/sites\/4\/2025\/12\/O-senador-Romero-Juca-e-Denise-Rothenburg.jpg 1360w\" sizes=\"auto, (max-width: 696px) 100vw, 696px\" \/><figcaption class=\"wp-element-caption\">O senador Romero Juc\u00e1 e Denise Rothenburg<\/figcaption><\/figure>\n\n\n\n<figure class=\"wp-block-image size-large\"><img loading=\"lazy\" decoding=\"async\" width=\"1024\" height=\"682\" data-id=\"5456\" src=\"https:\/\/newblogs.correiobraziliense.com.br\/vivabrasilia\/wp-content\/uploads\/sites\/4\/2025\/12\/Rafael-Bonato-Ronaldo-Triacca-Ana-Triacca-Isabela-Bonato-Clevane-Valle-e-Joe-Valle-2-1024x682.jpg\" alt=\"\" class=\"wp-image-5456\" srcset=\"https:\/\/newblogs.correiobraziliense.com.br\/vivabrasilia\/wp-content\/uploads\/sites\/4\/2025\/12\/Rafael-Bonato-Ronaldo-Triacca-Ana-Triacca-Isabela-Bonato-Clevane-Valle-e-Joe-Valle-2-1024x682.jpg 1024w, https:\/\/newblogs.correiobraziliense.com.br\/vivabrasilia\/wp-content\/uploads\/sites\/4\/2025\/12\/Rafael-Bonato-Ronaldo-Triacca-Ana-Triacca-Isabela-Bonato-Clevane-Valle-e-Joe-Valle-2-300x200.jpg 300w, https:\/\/newblogs.correiobraziliense.com.br\/vivabrasilia\/wp-content\/uploads\/sites\/4\/2025\/12\/Rafael-Bonato-Ronaldo-Triacca-Ana-Triacca-Isabela-Bonato-Clevane-Valle-e-Joe-Valle-2-768x512.jpg 768w, https:\/\/newblogs.correiobraziliense.com.br\/vivabrasilia\/wp-content\/uploads\/sites\/4\/2025\/12\/Rafael-Bonato-Ronaldo-Triacca-Ana-Triacca-Isabela-Bonato-Clevane-Valle-e-Joe-Valle-2-1536x1024.jpg 1536w, https:\/\/newblogs.correiobraziliense.com.br\/vivabrasilia\/wp-content\/uploads\/sites\/4\/2025\/12\/Rafael-Bonato-Ronaldo-Triacca-Ana-Triacca-Isabela-Bonato-Clevane-Valle-e-Joe-Valle-2.jpg 2000w\" sizes=\"auto, (max-width: 1024px) 100vw, 1024px\" \/><figcaption class=\"wp-element-caption\">Rafael Bonato, Ronaldo Triacca, Ana Triacca, Isabela Bonato, Clevane Valle e Joe Valle<\/figcaption><\/figure>\n\n\n\n<figure class=\"wp-block-image size-large\"><img loading=\"lazy\" decoding=\"async\" width=\"1024\" height=\"682\" data-id=\"5457\" src=\"https:\/\/newblogs.correiobraziliense.com.br\/vivabrasilia\/wp-content\/uploads\/sites\/4\/2025\/12\/Silvestre-Gorgulho-e-Jorge-Cartaxo-1024x682.jpg\" alt=\"\" class=\"wp-image-5457\" srcset=\"https:\/\/newblogs.correiobraziliense.com.br\/vivabrasilia\/wp-content\/uploads\/sites\/4\/2025\/12\/Silvestre-Gorgulho-e-Jorge-Cartaxo-1024x682.jpg 1024w, https:\/\/newblogs.correiobraziliense.com.br\/vivabrasilia\/wp-content\/uploads\/sites\/4\/2025\/12\/Silvestre-Gorgulho-e-Jorge-Cartaxo-300x200.jpg 300w, https:\/\/newblogs.correiobraziliense.com.br\/vivabrasilia\/wp-content\/uploads\/sites\/4\/2025\/12\/Silvestre-Gorgulho-e-Jorge-Cartaxo-768x512.jpg 768w, https:\/\/newblogs.correiobraziliense.com.br\/vivabrasilia\/wp-content\/uploads\/sites\/4\/2025\/12\/Silvestre-Gorgulho-e-Jorge-Cartaxo-1536x1024.jpg 1536w, https:\/\/newblogs.correiobraziliense.com.br\/vivabrasilia\/wp-content\/uploads\/sites\/4\/2025\/12\/Silvestre-Gorgulho-e-Jorge-Cartaxo.jpg 2000w\" sizes=\"auto, (max-width: 1024px) 100vw, 1024px\" \/><figcaption class=\"wp-element-caption\">Silvestre Gorgulho e Jorge Cartaxo<\/figcaption><\/figure>\n\n\n\n<figure class=\"wp-block-image size-large\"><img loading=\"lazy\" decoding=\"async\" width=\"1024\" height=\"682\" data-id=\"5458\" src=\"https:\/\/newblogs.correiobraziliense.com.br\/vivabrasilia\/wp-content\/uploads\/sites\/4\/2025\/12\/Silvia-Caetano-e-Claudia-Pereira-1024x682.jpg\" alt=\"\" class=\"wp-image-5458\" srcset=\"https:\/\/newblogs.correiobraziliense.com.br\/vivabrasilia\/wp-content\/uploads\/sites\/4\/2025\/12\/Silvia-Caetano-e-Claudia-Pereira-1024x682.jpg 1024w, https:\/\/newblogs.correiobraziliense.com.br\/vivabrasilia\/wp-content\/uploads\/sites\/4\/2025\/12\/Silvia-Caetano-e-Claudia-Pereira-300x200.jpg 300w, https:\/\/newblogs.correiobraziliense.com.br\/vivabrasilia\/wp-content\/uploads\/sites\/4\/2025\/12\/Silvia-Caetano-e-Claudia-Pereira-768x512.jpg 768w, https:\/\/newblogs.correiobraziliense.com.br\/vivabrasilia\/wp-content\/uploads\/sites\/4\/2025\/12\/Silvia-Caetano-e-Claudia-Pereira-1536x1024.jpg 1536w, https:\/\/newblogs.correiobraziliense.com.br\/vivabrasilia\/wp-content\/uploads\/sites\/4\/2025\/12\/Silvia-Caetano-e-Claudia-Pereira.jpg 2000w\" sizes=\"auto, (max-width: 1024px) 100vw, 1024px\" \/><figcaption class=\"wp-element-caption\">Silvia Caetano e Cl\u00e1udia Pereira<\/figcaption><\/figure>\n\n\n\n<figure class=\"wp-block-image size-large\"><img loading=\"lazy\" decoding=\"async\" width=\"1024\" height=\"682\" data-id=\"5459\" src=\"https:\/\/newblogs.correiobraziliense.com.br\/vivabrasilia\/wp-content\/uploads\/sites\/4\/2025\/12\/Suzana-Fiod-e-Miguel-Dunshee-1024x682.jpg\" alt=\"\" class=\"wp-image-5459\" srcset=\"https:\/\/newblogs.correiobraziliense.com.br\/vivabrasilia\/wp-content\/uploads\/sites\/4\/2025\/12\/Suzana-Fiod-e-Miguel-Dunshee-1024x682.jpg 1024w, https:\/\/newblogs.correiobraziliense.com.br\/vivabrasilia\/wp-content\/uploads\/sites\/4\/2025\/12\/Suzana-Fiod-e-Miguel-Dunshee-300x200.jpg 300w, https:\/\/newblogs.correiobraziliense.com.br\/vivabrasilia\/wp-content\/uploads\/sites\/4\/2025\/12\/Suzana-Fiod-e-Miguel-Dunshee-768x512.jpg 768w, https:\/\/newblogs.correiobraziliense.com.br\/vivabrasilia\/wp-content\/uploads\/sites\/4\/2025\/12\/Suzana-Fiod-e-Miguel-Dunshee-1536x1024.jpg 1536w, https:\/\/newblogs.correiobraziliense.com.br\/vivabrasilia\/wp-content\/uploads\/sites\/4\/2025\/12\/Suzana-Fiod-e-Miguel-Dunshee.jpg 2000w\" sizes=\"auto, (max-width: 1024px) 100vw, 1024px\" \/><figcaption class=\"wp-element-caption\">Suzana Fiod e Miguel Dunshee<\/figcaption><\/figure>\n\n\n\n<figure class=\"wp-block-image size-large\"><img loading=\"lazy\" decoding=\"async\" width=\"1024\" height=\"577\" data-id=\"5460\" src=\"https:\/\/newblogs.correiobraziliense.com.br\/vivabrasilia\/wp-content\/uploads\/sites\/4\/2025\/12\/Vander-Giordano-vice-presidente-da-Multiplan-1024x577.jpg\" alt=\"\" class=\"wp-image-5460\" srcset=\"https:\/\/newblogs.correiobraziliense.com.br\/vivabrasilia\/wp-content\/uploads\/sites\/4\/2025\/12\/Vander-Giordano-vice-presidente-da-Multiplan-1024x577.jpg 1024w, https:\/\/newblogs.correiobraziliense.com.br\/vivabrasilia\/wp-content\/uploads\/sites\/4\/2025\/12\/Vander-Giordano-vice-presidente-da-Multiplan-300x169.jpg 300w, https:\/\/newblogs.correiobraziliense.com.br\/vivabrasilia\/wp-content\/uploads\/sites\/4\/2025\/12\/Vander-Giordano-vice-presidente-da-Multiplan-768x432.jpg 768w, https:\/\/newblogs.correiobraziliense.com.br\/vivabrasilia\/wp-content\/uploads\/sites\/4\/2025\/12\/Vander-Giordano-vice-presidente-da-Multiplan-1536x865.jpg 1536w, https:\/\/newblogs.correiobraziliense.com.br\/vivabrasilia\/wp-content\/uploads\/sites\/4\/2025\/12\/Vander-Giordano-vice-presidente-da-Multiplan-1200x675.jpg 1200w, https:\/\/newblogs.correiobraziliense.com.br\/vivabrasilia\/wp-content\/uploads\/sites\/4\/2025\/12\/Vander-Giordano-vice-presidente-da-Multiplan.jpg 2000w\" sizes=\"auto, (max-width: 1024px) 100vw, 1024px\" \/><figcaption class=\"wp-element-caption\">Vander Giordano, vice-presidente da Multiplan<\/figcaption><\/figure>\n\n\n\n<figure class=\"wp-block-image size-large\"><img loading=\"lazy\" decoding=\"async\" width=\"1024\" height=\"682\" data-id=\"5461\" src=\"https:\/\/newblogs.correiobraziliense.com.br\/vivabrasilia\/wp-content\/uploads\/sites\/4\/2025\/12\/Veronica-Jamil-e-Valentina-Suaiden-1024x682.jpg\" alt=\"\" class=\"wp-image-5461\" srcset=\"https:\/\/newblogs.correiobraziliense.com.br\/vivabrasilia\/wp-content\/uploads\/sites\/4\/2025\/12\/Veronica-Jamil-e-Valentina-Suaiden-1024x682.jpg 1024w, https:\/\/newblogs.correiobraziliense.com.br\/vivabrasilia\/wp-content\/uploads\/sites\/4\/2025\/12\/Veronica-Jamil-e-Valentina-Suaiden-300x200.jpg 300w, https:\/\/newblogs.correiobraziliense.com.br\/vivabrasilia\/wp-content\/uploads\/sites\/4\/2025\/12\/Veronica-Jamil-e-Valentina-Suaiden-768x512.jpg 768w, https:\/\/newblogs.correiobraziliense.com.br\/vivabrasilia\/wp-content\/uploads\/sites\/4\/2025\/12\/Veronica-Jamil-e-Valentina-Suaiden-1536x1024.jpg 1536w, https:\/\/newblogs.correiobraziliense.com.br\/vivabrasilia\/wp-content\/uploads\/sites\/4\/2025\/12\/Veronica-Jamil-e-Valentina-Suaiden.jpg 2000w\" sizes=\"auto, (max-width: 1024px) 100vw, 1024px\" \/><figcaption class=\"wp-element-caption\">Veronica, Jamil e Valentina Suaiden<\/figcaption><\/figure>\n\n\n\n<figure class=\"wp-block-image size-large\"><img loading=\"lazy\" decoding=\"async\" width=\"1024\" height=\"682\" data-id=\"5462\" src=\"https:\/\/newblogs.correiobraziliense.com.br\/vivabrasilia\/wp-content\/uploads\/sites\/4\/2025\/12\/O-1o-vice-presidente-do-TJDFT--1024x682.jpg\" alt=\"\" class=\"wp-image-5462\" srcset=\"https:\/\/newblogs.correiobraziliense.com.br\/vivabrasilia\/wp-content\/uploads\/sites\/4\/2025\/12\/O-1o-vice-presidente-do-TJDFT--1024x682.jpg 1024w, https:\/\/newblogs.correiobraziliense.com.br\/vivabrasilia\/wp-content\/uploads\/sites\/4\/2025\/12\/O-1o-vice-presidente-do-TJDFT--300x200.jpg 300w, https:\/\/newblogs.correiobraziliense.com.br\/vivabrasilia\/wp-content\/uploads\/sites\/4\/2025\/12\/O-1o-vice-presidente-do-TJDFT--768x512.jpg 768w, https:\/\/newblogs.correiobraziliense.com.br\/vivabrasilia\/wp-content\/uploads\/sites\/4\/2025\/12\/O-1o-vice-presidente-do-TJDFT--1536x1024.jpg 1536w, https:\/\/newblogs.correiobraziliense.com.br\/vivabrasilia\/wp-content\/uploads\/sites\/4\/2025\/12\/O-1o-vice-presidente-do-TJDFT-.jpg 2000w\" sizes=\"auto, (max-width: 1024px) 100vw, 1024px\" \/><figcaption class=\"wp-element-caption\">O 1\u00ba vice-presidente do TJDFT Roberval Belinati, o presidente do Correio Braziliense Guilherme Machado, Glaucia Machado e o presidente do TRT-10 Jos\u00e9 Ribamar Oliveira Lima J\u00fanior<\/figcaption><\/figure>\n\n\n\n<figure class=\"wp-block-image size-large\"><img loading=\"lazy\" decoding=\"async\" width=\"1024\" height=\"682\" data-id=\"5463\" src=\"https:\/\/newblogs.correiobraziliense.com.br\/vivabrasilia\/wp-content\/uploads\/sites\/4\/2025\/12\/O-presidente-do-Sindivarejista-1024x682.jpg\" alt=\"\" class=\"wp-image-5463\" srcset=\"https:\/\/newblogs.correiobraziliense.com.br\/vivabrasilia\/wp-content\/uploads\/sites\/4\/2025\/12\/O-presidente-do-Sindivarejista-1024x682.jpg 1024w, https:\/\/newblogs.correiobraziliense.com.br\/vivabrasilia\/wp-content\/uploads\/sites\/4\/2025\/12\/O-presidente-do-Sindivarejista-300x200.jpg 300w, https:\/\/newblogs.correiobraziliense.com.br\/vivabrasilia\/wp-content\/uploads\/sites\/4\/2025\/12\/O-presidente-do-Sindivarejista-768x512.jpg 768w, https:\/\/newblogs.correiobraziliense.com.br\/vivabrasilia\/wp-content\/uploads\/sites\/4\/2025\/12\/O-presidente-do-Sindivarejista-1536x1024.jpg 1536w, https:\/\/newblogs.correiobraziliense.com.br\/vivabrasilia\/wp-content\/uploads\/sites\/4\/2025\/12\/O-presidente-do-Sindivarejista.jpg 2000w\" sizes=\"auto, (max-width: 1024px) 100vw, 1024px\" \/><figcaption class=\"wp-element-caption\">O presidente do Sindivarejista Sebasti\u00e3o Abritta, o presidente da ADEMI-DF Celestino Fracon, o vice-presidente da ADEMI-DF Leonardo \u00c1vila, o presidente do CODESE-DF Dionyzio Klavdianos e o 1\u00ba vice-presidente do Sinduscon Jo\u00e3o Accioly<\/figcaption><\/figure>\n<\/figure>\n<\/div>\n\t\t\t<div class=\"slider-nav\">\n\t\t\t\t<button class=\"prev\">\n\t\t\t\t<svg xmlns=\"http:\/\/www.w3.org\/2000\/svg\" width=\"26\" height=\"45\" viewBox=\"0 0 26 45\" fill=\"none\">\n\t\t\t\t<path d=\"M24.9118 0.990519C25.5461 1.62494 25.9023 2.48528 25.9023 3.38235C25.9023 4.27943 25.5461 5.13977 24.9118 5.77419L8.16559 22.5204L24.9118 39.2667C25.5281 39.9047 25.8691 40.7593 25.8614 41.6463C25.8537 42.5334 25.4979 43.3819 24.8706 44.0091C24.2434 44.6364 23.3948 44.9922 22.5078 44.9999C21.6208 45.0076 20.7662 44.6666 20.1282 44.0503L0.990082 24.9123C0.355853 24.2778 -0.000438023 23.4175 -0.000438023 22.5204C-0.000438023 21.6234 0.355853 20.763 0.990082 20.1286L20.1282 0.990519C20.7626 0.35629 21.6229 0 22.52 0C23.4171 0 24.2774 0.35629 24.9118 0.990519Z\" fill=\"white\" fill-opacity=\"0.7\"><\/path>\n\t\t\t\t<\/svg>\n\t\t\t\t<\/button>\n\t\t\t\t<button class=\"next\">\n\t\t\t\t<svg xmlns=\"http:\/\/www.w3.org\/2000\/svg\" width=\"26\" height=\"45\" viewBox=\"0 0 26 45\" fill=\"none\">\n\t\t\t\t<path d=\"M0.99052 0.990519C0.356291 1.62494 0 2.48528 0 3.38235C0 4.27943 0.356291 5.13977 0.99052 5.77419L17.7368 22.5204L0.99052 39.2667C0.374265 39.9047 0.0332682 40.7593 0.0409763 41.6463C0.0486844 42.5334 0.40448 43.3819 1.03173 44.0091C1.65898 44.6364 2.5075 44.9922 3.39453 44.9999C4.28156 45.0076 5.13613 44.6666 5.77419 44.0503L24.9123 24.9123C25.5465 24.2778 25.9028 23.4175 25.9028 22.5204C25.9028 21.6234 25.5465 20.763 24.9123 20.1286L5.77419 0.990519C5.13977 0.35629 4.27943 0 3.38235 0C2.48528 0 1.62494 0.35629 0.99052 0.990519Z\" fill=\"white\" fill-opacity=\"0.7\"><\/path>\n\t\t\t\t<\/svg>\n\t\t\t\t<\/button>\n\t\t\t<\/div>\n\t\t\t<div class=\"slider-dots\"><\/div>\n\t\t\t<\/div>","protected":false},"excerpt":{"rendered":"<p>A estreia do Pr\u00eamio JK celebrou figuras que impulsionam Bras\u00edlia em diversas \u00e1reas, reunindo lideran\u00e7as e homenageados em uma noite marcada por reconhecimento e orgulho pelo legado que segue moldando a capital<\/p>\n","protected":false},"author":7,"featured_media":5452,"comment_status":"closed","ping_status":"open","sticky":false,"template":"","format":"standard","meta":{"_acf_changed":false,"inline_featured_image":false,"footnotes":""},"categories":[132],"tags":[413,1162,798,1126],"class_list":["post-5443","post","type-post","status-publish","format-standard","has-post-thumbnail","hentry","category-cidade","tag-correio-braziliense","tag-premio-jk","tag-shell","tag-tcu"],"acf":[],"yoast_head":"<!-- This site is optimized with the Yoast SEO plugin v27.3 - https:\/\/yoast.com\/product\/yoast-seo-wordpress\/ -->\n<title>Trof\u00e9u nas m\u00e3os de quem constr\u00f3i a capital - Viva Bras\u00edlia<\/title>\n<meta name=\"robots\" content=\"index, follow, max-snippet:-1, max-image-preview:large, max-video-preview:-1\" \/>\n<link rel=\"canonical\" href=\"https:\/\/newblogs.correiobraziliense.com.br\/vivabrasilia\/trofeu-nas-maos-de-quem-constroi-a-capital\/\" \/>\n<meta property=\"og:locale\" content=\"pt_BR\" \/>\n<meta property=\"og:type\" content=\"article\" \/>\n<meta property=\"og:title\" content=\"Trof\u00e9u nas m\u00e3os de quem constr\u00f3i a capital - Viva Bras\u00edlia\" \/>\n<meta property=\"og:description\" content=\"A estreia do Pr\u00eamio JK celebrou figuras que impulsionam Bras\u00edlia em diversas \u00e1reas, reunindo lideran\u00e7as e homenageados em uma noite marcada por reconhecimento e orgulho pelo legado que segue moldando a capital\" \/>\n<meta property=\"og:url\" content=\"https:\/\/newblogs.correiobraziliense.com.br\/vivabrasilia\/trofeu-nas-maos-de-quem-constroi-a-capital\/\" \/>\n<meta property=\"og:site_name\" content=\"Viva Bras\u00edlia\" \/>\n<meta property=\"article:published_time\" content=\"2025-12-13T21:20:32+00:00\" \/>\n<meta property=\"article:modified_time\" content=\"2025-12-13T21:20:35+00:00\" \/>\n<meta property=\"og:image\" content=\"https:\/\/newblogs.correiobraziliense.com.br\/vivabrasilia\/wp-content\/uploads\/sites\/4\/2025\/12\/O-presidente-da-Fecomercio-Jose-Aparecido-Freire-a-vice-governadora-do-DF-Celina-Leao-e-o-presidente-do-Correio-Braziliense-Guilherme-Machado.jpg\" \/>\n\t<meta property=\"og:image:width\" content=\"2000\" \/>\n\t<meta property=\"og:image:height\" content=\"1333\" \/>\n\t<meta property=\"og:image:type\" content=\"image\/jpeg\" \/>\n<meta name=\"author\" content=\"Mariana Campos\" \/>\n<!-- \/ Yoast SEO plugin. -->","yoast_head_json":{"title":"Trof\u00e9u nas m\u00e3os de quem constr\u00f3i a capital - Viva Bras\u00edlia","robots":{"index":"index","follow":"follow","max-snippet":"max-snippet:-1","max-image-preview":"max-image-preview:large","max-video-preview":"max-video-preview:-1"},"canonical":"https:\/\/newblogs.correiobraziliense.com.br\/vivabrasilia\/trofeu-nas-maos-de-quem-constroi-a-capital\/","og_locale":"pt_BR","og_type":"article","og_title":"Trof\u00e9u nas m\u00e3os de quem constr\u00f3i a capital - Viva Bras\u00edlia","og_description":"A estreia do Pr\u00eamio JK celebrou figuras que impulsionam Bras\u00edlia em diversas \u00e1reas, reunindo lideran\u00e7as e homenageados em uma noite marcada por reconhecimento e orgulho pelo legado que segue moldando a capital","og_url":"https:\/\/newblogs.correiobraziliense.com.br\/vivabrasilia\/trofeu-nas-maos-de-quem-constroi-a-capital\/","og_site_name":"Viva Bras\u00edlia","article_published_time":"2025-12-13T21:20:32+00:00","article_modified_time":"2025-12-13T21:20:35+00:00","og_image":[{"width":2000,"height":1333,"url":"https:\/\/newblogs.correiobraziliense.com.br\/vivabrasilia\/wp-content\/uploads\/sites\/4\/2025\/12\/O-presidente-da-Fecomercio-Jose-Aparecido-Freire-a-vice-governadora-do-DF-Celina-Leao-e-o-presidente-do-Correio-Braziliense-Guilherme-Machado.jpg","type":"image\/jpeg"}],"author":"Mariana Campos","schema":{"@context":"https:\/\/schema.org","@graph":[{"@type":"Article","@id":"https:\/\/newblogs.correiobraziliense.com.br\/vivabrasilia\/trofeu-nas-maos-de-quem-constroi-a-capital\/#article","isPartOf":{"@id":"https:\/\/newblogs.correiobraziliense.com.br\/vivabrasilia\/trofeu-nas-maos-de-quem-constroi-a-capital\/"},"author":{"name":"Mariana Campos","@id":"https:\/\/newblogs.correiobraziliense.com.br\/vivabrasilia\/#\/schema\/person\/018c75775aaa6ead74dde48a78ac7fa1"},"headline":"Trof\u00e9u nas m\u00e3os de quem constr\u00f3i a capital","datePublished":"2025-12-13T21:20:32+00:00","dateModified":"2025-12-13T21:20:35+00:00","mainEntityOfPage":{"@id":"https:\/\/newblogs.correiobraziliense.com.br\/vivabrasilia\/trofeu-nas-maos-de-quem-constroi-a-capital\/"},"wordCount":392,"image":{"@id":"https:\/\/newblogs.correiobraziliense.com.br\/vivabrasilia\/trofeu-nas-maos-de-quem-constroi-a-capital\/#primaryimage"},"thumbnailUrl":"https:\/\/newblogs.correiobraziliense.com.br\/vivabrasilia\/wp-content\/uploads\/sites\/4\/2025\/12\/O-presidente-da-Fecomercio-Jose-Aparecido-Freire-a-vice-governadora-do-DF-Celina-Leao-e-o-presidente-do-Correio-Braziliense-Guilherme-Machado.jpg","keywords":["Correio Braziliense","Pr\u00eamio JK","Shell","TCU"],"articleSection":["Cidade"],"inLanguage":"pt-BR"},{"@type":"WebPage","@id":"https:\/\/newblogs.correiobraziliense.com.br\/vivabrasilia\/trofeu-nas-maos-de-quem-constroi-a-capital\/","url":"https:\/\/newblogs.correiobraziliense.com.br\/vivabrasilia\/trofeu-nas-maos-de-quem-constroi-a-capital\/","name":"Trof\u00e9u nas m\u00e3os de quem constr\u00f3i a capital - Viva Bras\u00edlia","isPartOf":{"@id":"https:\/\/newblogs.correiobraziliense.com.br\/vivabrasilia\/#website"},"primaryImageOfPage":{"@id":"https:\/\/newblogs.correiobraziliense.com.br\/vivabrasilia\/trofeu-nas-maos-de-quem-constroi-a-capital\/#primaryimage"},"image":{"@id":"https:\/\/newblogs.correiobraziliense.com.br\/vivabrasilia\/trofeu-nas-maos-de-quem-constroi-a-capital\/#primaryimage"},"thumbnailUrl":"https:\/\/newblogs.correiobraziliense.com.br\/vivabrasilia\/wp-content\/uploads\/sites\/4\/2025\/12\/O-presidente-da-Fecomercio-Jose-Aparecido-Freire-a-vice-governadora-do-DF-Celina-Leao-e-o-presidente-do-Correio-Braziliense-Guilherme-Machado.jpg","datePublished":"2025-12-13T21:20:32+00:00","dateModified":"2025-12-13T21:20:35+00:00","author":{"@id":"https:\/\/newblogs.correiobraziliense.com.br\/vivabrasilia\/#\/schema\/person\/018c75775aaa6ead74dde48a78ac7fa1"},"breadcrumb":{"@id":"https:\/\/newblogs.correiobraziliense.com.br\/vivabrasilia\/trofeu-nas-maos-de-quem-constroi-a-capital\/#breadcrumb"},"inLanguage":"pt-BR","potentialAction":[{"@type":"ReadAction","target":["https:\/\/newblogs.correiobraziliense.com.br\/vivabrasilia\/trofeu-nas-maos-de-quem-constroi-a-capital\/"]}]},{"@type":"ImageObject","inLanguage":"pt-BR","@id":"https:\/\/newblogs.correiobraziliense.com.br\/vivabrasilia\/trofeu-nas-maos-de-quem-constroi-a-capital\/#primaryimage","url":"https:\/\/newblogs.correiobraziliense.com.br\/vivabrasilia\/wp-content\/uploads\/sites\/4\/2025\/12\/O-presidente-da-Fecomercio-Jose-Aparecido-Freire-a-vice-governadora-do-DF-Celina-Leao-e-o-presidente-do-Correio-Braziliense-Guilherme-Machado.jpg","contentUrl":"https:\/\/newblogs.correiobraziliense.com.br\/vivabrasilia\/wp-content\/uploads\/sites\/4\/2025\/12\/O-presidente-da-Fecomercio-Jose-Aparecido-Freire-a-vice-governadora-do-DF-Celina-Leao-e-o-presidente-do-Correio-Braziliense-Guilherme-Machado.jpg","width":2000,"height":1333,"caption":"O presidente da Fecom\u00e9rcio Jos\u00e9 Aparecido Freire, a vice-governadora do DF Celina Le\u00e3o e o presidente do Correio Braziliense Guilherme Machado | Foto: Mariana Campos"},{"@type":"BreadcrumbList","@id":"https:\/\/newblogs.correiobraziliense.com.br\/vivabrasilia\/trofeu-nas-maos-de-quem-constroi-a-capital\/#breadcrumb","itemListElement":[{"@type":"ListItem","position":1,"name":"In\u00edcio","item":"https:\/\/newblogs.correiobraziliense.com.br\/vivabrasilia\/"},{"@type":"ListItem","position":2,"name":"Trof\u00e9u nas m\u00e3os de quem constr\u00f3i a capital"}]},{"@type":"WebSite","@id":"https:\/\/newblogs.correiobraziliense.com.br\/vivabrasilia\/#website","url":"https:\/\/newblogs.correiobraziliense.com.br\/vivabrasilia\/","name":"Viva Bras\u00edlia","description":"Coluna de estilo de vida","potentialAction":[{"@type":"SearchAction","target":{"@type":"EntryPoint","urlTemplate":"https:\/\/newblogs.correiobraziliense.com.br\/vivabrasilia\/?s={search_term_string}"},"query-input":{"@type":"PropertyValueSpecification","valueRequired":true,"valueName":"search_term_string"}}],"inLanguage":"pt-BR"},{"@type":"Person","@id":"https:\/\/newblogs.correiobraziliense.com.br\/vivabrasilia\/#\/schema\/person\/018c75775aaa6ead74dde48a78ac7fa1","name":"Mariana Campos","image":{"@type":"ImageObject","inLanguage":"pt-BR","@id":"https:\/\/secure.gravatar.com\/avatar\/97cd13271bc36c11415a45e9f8192828452de6a8c0e24857edbf96d21752260f?s=96&d=mm&r=g","url":"https:\/\/secure.gravatar.com\/avatar\/97cd13271bc36c11415a45e9f8192828452de6a8c0e24857edbf96d21752260f?s=96&d=mm&r=g","contentUrl":"https:\/\/secure.gravatar.com\/avatar\/97cd13271bc36c11415a45e9f8192828452de6a8c0e24857edbf96d21752260f?s=96&d=mm&r=g","caption":"Mariana Campos"},"description":"Colunista da Viva Bras\u00edlia, Mariana escreve e fotografa para a coluna. Formada em Comunica\u00e7\u00e3o, aprofundou-se no jornalismo e agora une a escrita com a fotografia para mostrar que a capital \u00e9 uma cidade viva que n\u00e3o se resume ao poder. Tamb\u00e9m faz a cobertura de moda para seu blog, Pliss\u00ea, e para as redes sociais do Correio.","sameAs":["http:\/\/newblogs.correiobraziliense.com\/plisse","https:\/\/www.instagram.com\/marigrigori"],"url":"https:\/\/newblogs.correiobraziliense.com.br\/vivabrasilia\/author\/marivivabrasilia\/"}]}},"_links":{"self":[{"href":"https:\/\/newblogs.correiobraziliense.com.br\/vivabrasilia\/wp-json\/wp\/v2\/posts\/5443","targetHints":{"allow":["GET"]}}],"collection":[{"href":"https:\/\/newblogs.correiobraziliense.com.br\/vivabrasilia\/wp-json\/wp\/v2\/posts"}],"about":[{"href":"https:\/\/newblogs.correiobraziliense.com.br\/vivabrasilia\/wp-json\/wp\/v2\/types\/post"}],"author":[{"embeddable":true,"href":"https:\/\/newblogs.correiobraziliense.com.br\/vivabrasilia\/wp-json\/wp\/v2\/users\/7"}],"replies":[{"embeddable":true,"href":"https:\/\/newblogs.correiobraziliense.com.br\/vivabrasilia\/wp-json\/wp\/v2\/comments?post=5443"}],"version-history":[{"count":1,"href":"https:\/\/newblogs.correiobraziliense.com.br\/vivabrasilia\/wp-json\/wp\/v2\/posts\/5443\/revisions"}],"predecessor-version":[{"id":5464,"href":"https:\/\/newblogs.correiobraziliense.com.br\/vivabrasilia\/wp-json\/wp\/v2\/posts\/5443\/revisions\/5464"}],"wp:featuredmedia":[{"embeddable":true,"href":"https:\/\/newblogs.correiobraziliense.com.br\/vivabrasilia\/wp-json\/wp\/v2\/media\/5452"}],"wp:attachment":[{"href":"https:\/\/newblogs.correiobraziliense.com.br\/vivabrasilia\/wp-json\/wp\/v2\/media?parent=5443"}],"wp:term":[{"taxonomy":"category","embeddable":true,"href":"https:\/\/newblogs.correiobraziliense.com.br\/vivabrasilia\/wp-json\/wp\/v2\/categories?post=5443"},{"taxonomy":"post_tag","embeddable":true,"href":"https:\/\/newblogs.correiobraziliense.com.br\/vivabrasilia\/wp-json\/wp\/v2\/tags?post=5443"}],"curies":[{"name":"wp","href":"https:\/\/api.w.org\/{rel}","templated":true}]}}