{"id":5438,"date":"2025-12-13T18:11:39","date_gmt":"2025-12-13T21:11:39","guid":{"rendered":"https:\/\/newblogs.correiobraziliense.com.br\/vivabrasilia\/?p=5438"},"modified":"2025-12-13T18:11:42","modified_gmt":"2025-12-13T21:11:42","slug":"mercato-galeria-apresenta-nova-fase-com-arte-a-mesa","status":"publish","type":"post","link":"https:\/\/newblogs.correiobraziliense.com.br\/vivabrasilia\/mercato-galeria-apresenta-nova-fase-com-arte-a-mesa\/","title":{"rendered":"Mercato Galeria apresenta nova fase com arte \u00e0 mesa"},"content":{"rendered":"\n<p>A Mercato Galeria celebrou uma nova etapa de sua trajet\u00f3ria no \u00faltimo s\u00e1bado ao lan\u00e7ar a Mercato Objeto, espa\u00e7o dedicado a pe\u00e7as raras de arte e mesa posta. Para testemunhar o momento especial, convidados desfrutaram de um brunch suave, mas animado. A curadoria dos s\u00f3cios Antonio Aversa e Roberto Corrieri reuniu porcelanas Meissen, Limoges e Vista Alegre, lou\u00e7as alem\u00e3s do s\u00e9culo XIX, ta\u00e7as Baccarat e outros objetos garimpados mundo afora. Com clima acolhedor, ambienta\u00e7\u00e3o natalina e tr\u00eas \u00e1rvores decoradas, a galeria ainda exibiu composi\u00e7\u00f5es especiais criadas pela arquiteta Maria Paula Leite e pelo arquiteto H\u00e9lio Albuquerque, al\u00e9m de arranjos florais de Paulo Prata.<\/p>\n\n\n<div class=\"slider-wrapper\"><div class=\"slider\">\n<figure class=\"wp-block-gallery has-nested-images columns-default is-cropped wp-block-gallery-1 is-layout-flex wp-block-gallery-is-layout-flex\">\n<figure class=\"wp-block-image size-large\"><img loading=\"lazy\" decoding=\"async\" width=\"1024\" height=\"683\" data-id=\"5440\" src=\"https:\/\/newblogs.correiobraziliense.com.br\/vivabrasilia\/wp-content\/uploads\/sites\/4\/2025\/12\/333-Leticia-Gonzaga-Renata-Borsoi-Fernanda-Holzbach-Carolina-Leal-Lianez-Padilha-e-Mariana-Arruda-1024x683.jpg\" alt=\"\" class=\"wp-image-5440\" srcset=\"https:\/\/newblogs.correiobraziliense.com.br\/vivabrasilia\/wp-content\/uploads\/sites\/4\/2025\/12\/333-Leticia-Gonzaga-Renata-Borsoi-Fernanda-Holzbach-Carolina-Leal-Lianez-Padilha-e-Mariana-Arruda-1024x683.jpg 1024w, https:\/\/newblogs.correiobraziliense.com.br\/vivabrasilia\/wp-content\/uploads\/sites\/4\/2025\/12\/333-Leticia-Gonzaga-Renata-Borsoi-Fernanda-Holzbach-Carolina-Leal-Lianez-Padilha-e-Mariana-Arruda-300x200.jpg 300w, https:\/\/newblogs.correiobraziliense.com.br\/vivabrasilia\/wp-content\/uploads\/sites\/4\/2025\/12\/333-Leticia-Gonzaga-Renata-Borsoi-Fernanda-Holzbach-Carolina-Leal-Lianez-Padilha-e-Mariana-Arruda-768x512.jpg 768w, https:\/\/newblogs.correiobraziliense.com.br\/vivabrasilia\/wp-content\/uploads\/sites\/4\/2025\/12\/333-Leticia-Gonzaga-Renata-Borsoi-Fernanda-Holzbach-Carolina-Leal-Lianez-Padilha-e-Mariana-Arruda-1536x1025.jpg 1536w, https:\/\/newblogs.correiobraziliense.com.br\/vivabrasilia\/wp-content\/uploads\/sites\/4\/2025\/12\/333-Leticia-Gonzaga-Renata-Borsoi-Fernanda-Holzbach-Carolina-Leal-Lianez-Padilha-e-Mariana-Arruda.jpg 2000w\" sizes=\"auto, (max-width: 1024px) 100vw, 1024px\" \/><figcaption class=\"wp-element-caption\">Let\u00edcia Gonzaga, Renata Borsoi, Fernanda Holzbach, Carolina Leal, Lianez Padilha e Mariana Arruda<\/figcaption><\/figure>\n\n\n\n<figure class=\"wp-block-image size-large\"><img loading=\"lazy\" decoding=\"async\" width=\"1024\" height=\"683\" data-id=\"5441\" src=\"https:\/\/newblogs.correiobraziliense.com.br\/vivabrasilia\/wp-content\/uploads\/sites\/4\/2025\/12\/222-Inigo-Pareja-a-embaixadora-da-Espanha-Maria-del-Mar-Fernandez-Palacios-Elza-Lima-o-embaixador-da-Italia-1024x683.jpg\" alt=\"\" class=\"wp-image-5441\" srcset=\"https:\/\/newblogs.correiobraziliense.com.br\/vivabrasilia\/wp-content\/uploads\/sites\/4\/2025\/12\/222-Inigo-Pareja-a-embaixadora-da-Espanha-Maria-del-Mar-Fernandez-Palacios-Elza-Lima-o-embaixador-da-Italia-1024x683.jpg 1024w, https:\/\/newblogs.correiobraziliense.com.br\/vivabrasilia\/wp-content\/uploads\/sites\/4\/2025\/12\/222-Inigo-Pareja-a-embaixadora-da-Espanha-Maria-del-Mar-Fernandez-Palacios-Elza-Lima-o-embaixador-da-Italia-300x200.jpg 300w, https:\/\/newblogs.correiobraziliense.com.br\/vivabrasilia\/wp-content\/uploads\/sites\/4\/2025\/12\/222-Inigo-Pareja-a-embaixadora-da-Espanha-Maria-del-Mar-Fernandez-Palacios-Elza-Lima-o-embaixador-da-Italia-768x512.jpg 768w, https:\/\/newblogs.correiobraziliense.com.br\/vivabrasilia\/wp-content\/uploads\/sites\/4\/2025\/12\/222-Inigo-Pareja-a-embaixadora-da-Espanha-Maria-del-Mar-Fernandez-Palacios-Elza-Lima-o-embaixador-da-Italia-1536x1025.jpg 1536w, https:\/\/newblogs.correiobraziliense.com.br\/vivabrasilia\/wp-content\/uploads\/sites\/4\/2025\/12\/222-Inigo-Pareja-a-embaixadora-da-Espanha-Maria-del-Mar-Fernandez-Palacios-Elza-Lima-o-embaixador-da-Italia.jpg 2000w\" sizes=\"auto, (max-width: 1024px) 100vw, 1024px\" \/><figcaption class=\"wp-element-caption\">Inigo Pareja, a embaixadora da Espanha Mar\u00eda del Mar Fern\u00e1ndez-Palacios, Elza Lima, o embaixador da It\u00e1lia, Alessandro Cortese, a embaixatriz da It\u00e1lia, Elissavet Macri, Renata Zukin e Jo\u00e3o Andr\u00e9 Lima<\/figcaption><\/figure>\n<\/figure>\n<\/div>\n\t\t\t<div class=\"slider-nav\">\n\t\t\t\t<button class=\"prev\">\n\t\t\t\t<svg xmlns=\"http:\/\/www.w3.org\/2000\/svg\" width=\"26\" height=\"45\" viewBox=\"0 0 26 45\" fill=\"none\">\n\t\t\t\t<path d=\"M24.9118 0.990519C25.5461 1.62494 25.9023 2.48528 25.9023 3.38235C25.9023 4.27943 25.5461 5.13977 24.9118 5.77419L8.16559 22.5204L24.9118 39.2667C25.5281 39.9047 25.8691 40.7593 25.8614 41.6463C25.8537 42.5334 25.4979 43.3819 24.8706 44.0091C24.2434 44.6364 23.3948 44.9922 22.5078 44.9999C21.6208 45.0076 20.7662 44.6666 20.1282 44.0503L0.990082 24.9123C0.355853 24.2778 -0.000438023 23.4175 -0.000438023 22.5204C-0.000438023 21.6234 0.355853 20.763 0.990082 20.1286L20.1282 0.990519C20.7626 0.35629 21.6229 0 22.52 0C23.4171 0 24.2774 0.35629 24.9118 0.990519Z\" fill=\"white\" fill-opacity=\"0.7\"><\/path>\n\t\t\t\t<\/svg>\n\t\t\t\t<\/button>\n\t\t\t\t<button class=\"next\">\n\t\t\t\t<svg xmlns=\"http:\/\/www.w3.org\/2000\/svg\" width=\"26\" height=\"45\" viewBox=\"0 0 26 45\" fill=\"none\">\n\t\t\t\t<path d=\"M0.99052 0.990519C0.356291 1.62494 0 2.48528 0 3.38235C0 4.27943 0.356291 5.13977 0.99052 5.77419L17.7368 22.5204L0.99052 39.2667C0.374265 39.9047 0.0332682 40.7593 0.0409763 41.6463C0.0486844 42.5334 0.40448 43.3819 1.03173 44.0091C1.65898 44.6364 2.5075 44.9922 3.39453 44.9999C4.28156 45.0076 5.13613 44.6666 5.77419 44.0503L24.9123 24.9123C25.5465 24.2778 25.9028 23.4175 25.9028 22.5204C25.9028 21.6234 25.5465 20.763 24.9123 20.1286L5.77419 0.990519C5.13977 0.35629 4.27943 0 3.38235 0C2.48528 0 1.62494 0.35629 0.99052 0.990519Z\" fill=\"white\" fill-opacity=\"0.7\"><\/path>\n\t\t\t\t<\/svg>\n\t\t\t\t<\/button>\n\t\t\t<\/div>\n\t\t\t<div class=\"slider-dots\"><\/div>\n\t\t\t<\/div>","protected":false},"excerpt":{"rendered":"<p>A Mercato Galeria apresentou sua nova fase com a Mercato Objeto, reunindo pe\u00e7as raras e ambienta\u00e7\u00e3o natalina em um brunch que celebrou arte, design e mesa posta<\/p>\n","protected":false},"author":7,"featured_media":5439,"comment_status":"closed","ping_status":"open","sticky":false,"template":"","format":"standard","meta":{"_acf_changed":false,"inline_featured_image":false,"footnotes":""},"categories":[72],"tags":[212,159,1161],"class_list":["post-5438","post","type-post","status-publish","format-standard","has-post-thumbnail","hentry","category-arte","tag-arte","tag-exposicao","tag-mercato-galeria"],"acf":[],"yoast_head":"<!-- This site is optimized with the Yoast SEO plugin v27.3 - https:\/\/yoast.com\/product\/yoast-seo-wordpress\/ -->\n<title>Mercato Galeria apresenta nova fase com arte \u00e0 mesa - Viva Bras\u00edlia<\/title>\n<meta name=\"robots\" content=\"index, follow, max-snippet:-1, max-image-preview:large, max-video-preview:-1\" \/>\n<link rel=\"canonical\" href=\"https:\/\/newblogs.correiobraziliense.com.br\/vivabrasilia\/mercato-galeria-apresenta-nova-fase-com-arte-a-mesa\/\" \/>\n<meta property=\"og:locale\" content=\"pt_BR\" \/>\n<meta property=\"og:type\" content=\"article\" \/>\n<meta property=\"og:title\" content=\"Mercato Galeria apresenta nova fase com arte \u00e0 mesa - Viva Bras\u00edlia\" \/>\n<meta property=\"og:description\" content=\"A Mercato Galeria apresentou sua nova fase com a Mercato Objeto, reunindo pe\u00e7as raras e ambienta\u00e7\u00e3o natalina em um brunch que celebrou arte, design e mesa posta\" \/>\n<meta property=\"og:url\" content=\"https:\/\/newblogs.correiobraziliense.com.br\/vivabrasilia\/mercato-galeria-apresenta-nova-fase-com-arte-a-mesa\/\" \/>\n<meta property=\"og:site_name\" content=\"Viva Bras\u00edlia\" \/>\n<meta property=\"article:published_time\" content=\"2025-12-13T21:11:39+00:00\" \/>\n<meta property=\"article:modified_time\" content=\"2025-12-13T21:11:42+00:00\" \/>\n<meta property=\"og:image\" content=\"https:\/\/newblogs.correiobraziliense.com.br\/vivabrasilia\/wp-content\/uploads\/sites\/4\/2025\/12\/111-A-embaixatriz-de-Malta-Ann-Aquilina-Antonio-Aversa-e-o-embaixador-de-Malta-John-Aquilina.jpg\" \/>\n\t<meta property=\"og:image:width\" content=\"2000\" \/>\n\t<meta property=\"og:image:height\" content=\"1334\" \/>\n\t<meta property=\"og:image:type\" content=\"image\/jpeg\" \/>\n<meta name=\"author\" content=\"Mariana Campos\" \/>\n<!-- \/ Yoast SEO plugin. -->","yoast_head_json":{"title":"Mercato Galeria apresenta nova fase com arte \u00e0 mesa - Viva Bras\u00edlia","robots":{"index":"index","follow":"follow","max-snippet":"max-snippet:-1","max-image-preview":"max-image-preview:large","max-video-preview":"max-video-preview:-1"},"canonical":"https:\/\/newblogs.correiobraziliense.com.br\/vivabrasilia\/mercato-galeria-apresenta-nova-fase-com-arte-a-mesa\/","og_locale":"pt_BR","og_type":"article","og_title":"Mercato Galeria apresenta nova fase com arte \u00e0 mesa - Viva Bras\u00edlia","og_description":"A Mercato Galeria apresentou sua nova fase com a Mercato Objeto, reunindo pe\u00e7as raras e ambienta\u00e7\u00e3o natalina em um brunch que celebrou arte, design e mesa posta","og_url":"https:\/\/newblogs.correiobraziliense.com.br\/vivabrasilia\/mercato-galeria-apresenta-nova-fase-com-arte-a-mesa\/","og_site_name":"Viva Bras\u00edlia","article_published_time":"2025-12-13T21:11:39+00:00","article_modified_time":"2025-12-13T21:11:42+00:00","og_image":[{"width":2000,"height":1334,"url":"https:\/\/newblogs.correiobraziliense.com.br\/vivabrasilia\/wp-content\/uploads\/sites\/4\/2025\/12\/111-A-embaixatriz-de-Malta-Ann-Aquilina-Antonio-Aversa-e-o-embaixador-de-Malta-John-Aquilina.jpg","type":"image\/jpeg"}],"author":"Mariana Campos","schema":{"@context":"https:\/\/schema.org","@graph":[{"@type":"Article","@id":"https:\/\/newblogs.correiobraziliense.com.br\/vivabrasilia\/mercato-galeria-apresenta-nova-fase-com-arte-a-mesa\/#article","isPartOf":{"@id":"https:\/\/newblogs.correiobraziliense.com.br\/vivabrasilia\/mercato-galeria-apresenta-nova-fase-com-arte-a-mesa\/"},"author":{"name":"Mariana Campos","@id":"https:\/\/newblogs.correiobraziliense.com.br\/vivabrasilia\/#\/schema\/person\/018c75775aaa6ead74dde48a78ac7fa1"},"headline":"Mercato Galeria apresenta nova fase com arte \u00e0 mesa","datePublished":"2025-12-13T21:11:39+00:00","dateModified":"2025-12-13T21:11:42+00:00","mainEntityOfPage":{"@id":"https:\/\/newblogs.correiobraziliense.com.br\/vivabrasilia\/mercato-galeria-apresenta-nova-fase-com-arte-a-mesa\/"},"wordCount":175,"image":{"@id":"https:\/\/newblogs.correiobraziliense.com.br\/vivabrasilia\/mercato-galeria-apresenta-nova-fase-com-arte-a-mesa\/#primaryimage"},"thumbnailUrl":"https:\/\/newblogs.correiobraziliense.com.br\/vivabrasilia\/wp-content\/uploads\/sites\/4\/2025\/12\/111-A-embaixatriz-de-Malta-Ann-Aquilina-Antonio-Aversa-e-o-embaixador-de-Malta-John-Aquilina.jpg","keywords":["Arte","Exposi\u00e7\u00e3o","Mercato Galeria"],"articleSection":["Arte"],"inLanguage":"pt-BR"},{"@type":"WebPage","@id":"https:\/\/newblogs.correiobraziliense.com.br\/vivabrasilia\/mercato-galeria-apresenta-nova-fase-com-arte-a-mesa\/","url":"https:\/\/newblogs.correiobraziliense.com.br\/vivabrasilia\/mercato-galeria-apresenta-nova-fase-com-arte-a-mesa\/","name":"Mercato Galeria apresenta nova fase com arte \u00e0 mesa - Viva Bras\u00edlia","isPartOf":{"@id":"https:\/\/newblogs.correiobraziliense.com.br\/vivabrasilia\/#website"},"primaryImageOfPage":{"@id":"https:\/\/newblogs.correiobraziliense.com.br\/vivabrasilia\/mercato-galeria-apresenta-nova-fase-com-arte-a-mesa\/#primaryimage"},"image":{"@id":"https:\/\/newblogs.correiobraziliense.com.br\/vivabrasilia\/mercato-galeria-apresenta-nova-fase-com-arte-a-mesa\/#primaryimage"},"thumbnailUrl":"https:\/\/newblogs.correiobraziliense.com.br\/vivabrasilia\/wp-content\/uploads\/sites\/4\/2025\/12\/111-A-embaixatriz-de-Malta-Ann-Aquilina-Antonio-Aversa-e-o-embaixador-de-Malta-John-Aquilina.jpg","datePublished":"2025-12-13T21:11:39+00:00","dateModified":"2025-12-13T21:11:42+00:00","author":{"@id":"https:\/\/newblogs.correiobraziliense.com.br\/vivabrasilia\/#\/schema\/person\/018c75775aaa6ead74dde48a78ac7fa1"},"breadcrumb":{"@id":"https:\/\/newblogs.correiobraziliense.com.br\/vivabrasilia\/mercato-galeria-apresenta-nova-fase-com-arte-a-mesa\/#breadcrumb"},"inLanguage":"pt-BR","potentialAction":[{"@type":"ReadAction","target":["https:\/\/newblogs.correiobraziliense.com.br\/vivabrasilia\/mercato-galeria-apresenta-nova-fase-com-arte-a-mesa\/"]}]},{"@type":"ImageObject","inLanguage":"pt-BR","@id":"https:\/\/newblogs.correiobraziliense.com.br\/vivabrasilia\/mercato-galeria-apresenta-nova-fase-com-arte-a-mesa\/#primaryimage","url":"https:\/\/newblogs.correiobraziliense.com.br\/vivabrasilia\/wp-content\/uploads\/sites\/4\/2025\/12\/111-A-embaixatriz-de-Malta-Ann-Aquilina-Antonio-Aversa-e-o-embaixador-de-Malta-John-Aquilina.jpg","contentUrl":"https:\/\/newblogs.correiobraziliense.com.br\/vivabrasilia\/wp-content\/uploads\/sites\/4\/2025\/12\/111-A-embaixatriz-de-Malta-Ann-Aquilina-Antonio-Aversa-e-o-embaixador-de-Malta-John-Aquilina.jpg","width":2000,"height":1334,"caption":"A embaixatriz de Malta, Ann Aquilina, Ant\u00f4nio Aversa e o embaixador de Malta, John Aquilina | Foto: Divulga\u00e7\u00e3o\/Wey Alves"},{"@type":"BreadcrumbList","@id":"https:\/\/newblogs.correiobraziliense.com.br\/vivabrasilia\/mercato-galeria-apresenta-nova-fase-com-arte-a-mesa\/#breadcrumb","itemListElement":[{"@type":"ListItem","position":1,"name":"In\u00edcio","item":"https:\/\/newblogs.correiobraziliense.com.br\/vivabrasilia\/"},{"@type":"ListItem","position":2,"name":"Mercato Galeria apresenta nova fase com arte \u00e0 mesa"}]},{"@type":"WebSite","@id":"https:\/\/newblogs.correiobraziliense.com.br\/vivabrasilia\/#website","url":"https:\/\/newblogs.correiobraziliense.com.br\/vivabrasilia\/","name":"Viva Bras\u00edlia","description":"Coluna de estilo de vida","potentialAction":[{"@type":"SearchAction","target":{"@type":"EntryPoint","urlTemplate":"https:\/\/newblogs.correiobraziliense.com.br\/vivabrasilia\/?s={search_term_string}"},"query-input":{"@type":"PropertyValueSpecification","valueRequired":true,"valueName":"search_term_string"}}],"inLanguage":"pt-BR"},{"@type":"Person","@id":"https:\/\/newblogs.correiobraziliense.com.br\/vivabrasilia\/#\/schema\/person\/018c75775aaa6ead74dde48a78ac7fa1","name":"Mariana Campos","image":{"@type":"ImageObject","inLanguage":"pt-BR","@id":"https:\/\/secure.gravatar.com\/avatar\/97cd13271bc36c11415a45e9f8192828452de6a8c0e24857edbf96d21752260f?s=96&d=mm&r=g","url":"https:\/\/secure.gravatar.com\/avatar\/97cd13271bc36c11415a45e9f8192828452de6a8c0e24857edbf96d21752260f?s=96&d=mm&r=g","contentUrl":"https:\/\/secure.gravatar.com\/avatar\/97cd13271bc36c11415a45e9f8192828452de6a8c0e24857edbf96d21752260f?s=96&d=mm&r=g","caption":"Mariana Campos"},"description":"Colunista da Viva Bras\u00edlia, Mariana escreve e fotografa para a coluna. Formada em Comunica\u00e7\u00e3o, aprofundou-se no jornalismo e agora une a escrita com a fotografia para mostrar que a capital \u00e9 uma cidade viva que n\u00e3o se resume ao poder. Tamb\u00e9m faz a cobertura de moda para seu blog, Pliss\u00ea, e para as redes sociais do Correio.","sameAs":["http:\/\/newblogs.correiobraziliense.com\/plisse","https:\/\/www.instagram.com\/marigrigori"],"url":"https:\/\/newblogs.correiobraziliense.com.br\/vivabrasilia\/author\/marivivabrasilia\/"}]}},"_links":{"self":[{"href":"https:\/\/newblogs.correiobraziliense.com.br\/vivabrasilia\/wp-json\/wp\/v2\/posts\/5438","targetHints":{"allow":["GET"]}}],"collection":[{"href":"https:\/\/newblogs.correiobraziliense.com.br\/vivabrasilia\/wp-json\/wp\/v2\/posts"}],"about":[{"href":"https:\/\/newblogs.correiobraziliense.com.br\/vivabrasilia\/wp-json\/wp\/v2\/types\/post"}],"author":[{"embeddable":true,"href":"https:\/\/newblogs.correiobraziliense.com.br\/vivabrasilia\/wp-json\/wp\/v2\/users\/7"}],"replies":[{"embeddable":true,"href":"https:\/\/newblogs.correiobraziliense.com.br\/vivabrasilia\/wp-json\/wp\/v2\/comments?post=5438"}],"version-history":[{"count":1,"href":"https:\/\/newblogs.correiobraziliense.com.br\/vivabrasilia\/wp-json\/wp\/v2\/posts\/5438\/revisions"}],"predecessor-version":[{"id":5442,"href":"https:\/\/newblogs.correiobraziliense.com.br\/vivabrasilia\/wp-json\/wp\/v2\/posts\/5438\/revisions\/5442"}],"wp:featuredmedia":[{"embeddable":true,"href":"https:\/\/newblogs.correiobraziliense.com.br\/vivabrasilia\/wp-json\/wp\/v2\/media\/5439"}],"wp:attachment":[{"href":"https:\/\/newblogs.correiobraziliense.com.br\/vivabrasilia\/wp-json\/wp\/v2\/media?parent=5438"}],"wp:term":[{"taxonomy":"category","embeddable":true,"href":"https:\/\/newblogs.correiobraziliense.com.br\/vivabrasilia\/wp-json\/wp\/v2\/categories?post=5438"},{"taxonomy":"post_tag","embeddable":true,"href":"https:\/\/newblogs.correiobraziliense.com.br\/vivabrasilia\/wp-json\/wp\/v2\/tags?post=5438"}],"curies":[{"name":"wp","href":"https:\/\/api.w.org\/{rel}","templated":true}]}}