{"id":5432,"date":"2025-12-13T18:11:54","date_gmt":"2025-12-13T21:11:54","guid":{"rendered":"https:\/\/newblogs.correiobraziliense.com.br\/vivabrasilia\/?p=5432"},"modified":"2025-12-13T18:11:56","modified_gmt":"2025-12-13T21:11:56","slug":"malu-sig-inaugura-mostra-de-pinceladas-de-superacao","status":"publish","type":"post","link":"https:\/\/newblogs.correiobraziliense.com.br\/vivabrasilia\/malu-sig-inaugura-mostra-de-pinceladas-de-superacao\/","title":{"rendered":"Malu Sig inaugura mostra de pinceladas de supera\u00e7\u00e3o"},"content":{"rendered":"\n<p>Malu Sig, a artista pl\u00e1stica brasiliense que transformou a pr\u00f3pria trajet\u00f3ria em linguagem visual, inaugurou sua primeira exposi\u00e7\u00e3o individual na noite da \u00faltima segunda-feira, no Espa\u00e7o Cultural Evandro Cunha Lima, no Senado Federal. A exposi\u00e7\u00e3o Olhares desde o Cerrado, em cartaz at\u00e9 19 de dezembro, re\u00fane pinturas de ip\u00eas vibrantes, pores do sol na capital, releituras de obras de Niemeyer e Athos Bulc\u00e3o, al\u00e9m de abstra\u00e7\u00f5es criadas com tinta acr\u00edlica e t\u00e9cnicas de dilui\u00e7\u00e3o. Jornalista formada pela UnB e servidora aposentada do Senado, Maria L\u00facia Sigmaringa, que agora se reconhece pelo nome art\u00edstico Malu Sig, reencontrou na arte um caminho de reabilita\u00e7\u00e3o ap\u00f3s sofrer um AVC em 2020, viv\u00eancia que enche suas telas de emo\u00e7\u00e3o, cor e intensidade.&nbsp;<\/p>\n\n\n<div class=\"slider-wrapper\"><div class=\"slider\">\n<figure class=\"wp-block-gallery has-nested-images columns-default is-cropped wp-block-gallery-1 is-layout-flex wp-block-gallery-is-layout-flex\">\n<figure class=\"wp-block-image size-large\"><img loading=\"lazy\" decoding=\"async\" width=\"1024\" height=\"682\" data-id=\"5434\" src=\"https:\/\/newblogs.correiobraziliense.com.br\/vivabrasilia\/wp-content\/uploads\/sites\/4\/2025\/12\/22-Roberto-e-Monica-Caldas-1024x682.jpg\" alt=\"\" class=\"wp-image-5434\" srcset=\"https:\/\/newblogs.correiobraziliense.com.br\/vivabrasilia\/wp-content\/uploads\/sites\/4\/2025\/12\/22-Roberto-e-Monica-Caldas-1024x682.jpg 1024w, https:\/\/newblogs.correiobraziliense.com.br\/vivabrasilia\/wp-content\/uploads\/sites\/4\/2025\/12\/22-Roberto-e-Monica-Caldas-300x200.jpg 300w, https:\/\/newblogs.correiobraziliense.com.br\/vivabrasilia\/wp-content\/uploads\/sites\/4\/2025\/12\/22-Roberto-e-Monica-Caldas-768x512.jpg 768w, https:\/\/newblogs.correiobraziliense.com.br\/vivabrasilia\/wp-content\/uploads\/sites\/4\/2025\/12\/22-Roberto-e-Monica-Caldas-1536x1024.jpg 1536w, https:\/\/newblogs.correiobraziliense.com.br\/vivabrasilia\/wp-content\/uploads\/sites\/4\/2025\/12\/22-Roberto-e-Monica-Caldas.jpg 2000w\" sizes=\"auto, (max-width: 1024px) 100vw, 1024px\" \/><figcaption class=\"wp-element-caption\">Roberto e M\u00f4nica Caldas<\/figcaption><\/figure>\n\n\n\n<figure class=\"wp-block-image size-large\"><img loading=\"lazy\" decoding=\"async\" width=\"1024\" height=\"682\" data-id=\"5435\" src=\"https:\/\/newblogs.correiobraziliense.com.br\/vivabrasilia\/wp-content\/uploads\/sites\/4\/2025\/12\/33-Nilson-Figueiredo-Filho-e-Lucineia-Moreli-1024x682.jpg\" alt=\"\" class=\"wp-image-5435\" srcset=\"https:\/\/newblogs.correiobraziliense.com.br\/vivabrasilia\/wp-content\/uploads\/sites\/4\/2025\/12\/33-Nilson-Figueiredo-Filho-e-Lucineia-Moreli-1024x682.jpg 1024w, https:\/\/newblogs.correiobraziliense.com.br\/vivabrasilia\/wp-content\/uploads\/sites\/4\/2025\/12\/33-Nilson-Figueiredo-Filho-e-Lucineia-Moreli-300x200.jpg 300w, https:\/\/newblogs.correiobraziliense.com.br\/vivabrasilia\/wp-content\/uploads\/sites\/4\/2025\/12\/33-Nilson-Figueiredo-Filho-e-Lucineia-Moreli-768x512.jpg 768w, https:\/\/newblogs.correiobraziliense.com.br\/vivabrasilia\/wp-content\/uploads\/sites\/4\/2025\/12\/33-Nilson-Figueiredo-Filho-e-Lucineia-Moreli-1536x1024.jpg 1536w, https:\/\/newblogs.correiobraziliense.com.br\/vivabrasilia\/wp-content\/uploads\/sites\/4\/2025\/12\/33-Nilson-Figueiredo-Filho-e-Lucineia-Moreli.jpg 2000w\" sizes=\"auto, (max-width: 1024px) 100vw, 1024px\" \/><figcaption class=\"wp-element-caption\">Nilson Figueiredo Filho e Lucineia Moreli<\/figcaption><\/figure>\n\n\n\n<figure class=\"wp-block-image size-large\"><img loading=\"lazy\" decoding=\"async\" width=\"1024\" height=\"682\" data-id=\"5436\" src=\"https:\/\/newblogs.correiobraziliense.com.br\/vivabrasilia\/wp-content\/uploads\/sites\/4\/2025\/12\/44-Vivian-Pennacchio-e-Claudia-Simas-1024x682.jpg\" alt=\"\" class=\"wp-image-5436\" srcset=\"https:\/\/newblogs.correiobraziliense.com.br\/vivabrasilia\/wp-content\/uploads\/sites\/4\/2025\/12\/44-Vivian-Pennacchio-e-Claudia-Simas-1024x682.jpg 1024w, https:\/\/newblogs.correiobraziliense.com.br\/vivabrasilia\/wp-content\/uploads\/sites\/4\/2025\/12\/44-Vivian-Pennacchio-e-Claudia-Simas-300x200.jpg 300w, https:\/\/newblogs.correiobraziliense.com.br\/vivabrasilia\/wp-content\/uploads\/sites\/4\/2025\/12\/44-Vivian-Pennacchio-e-Claudia-Simas-768x512.jpg 768w, https:\/\/newblogs.correiobraziliense.com.br\/vivabrasilia\/wp-content\/uploads\/sites\/4\/2025\/12\/44-Vivian-Pennacchio-e-Claudia-Simas-1536x1024.jpg 1536w, https:\/\/newblogs.correiobraziliense.com.br\/vivabrasilia\/wp-content\/uploads\/sites\/4\/2025\/12\/44-Vivian-Pennacchio-e-Claudia-Simas.jpg 2000w\" sizes=\"auto, (max-width: 1024px) 100vw, 1024px\" \/><figcaption class=\"wp-element-caption\">Vivian Pennacchio e Claudia Simas<\/figcaption><\/figure>\n<\/figure>\n<\/div>\n\t\t\t<div class=\"slider-nav\">\n\t\t\t\t<button class=\"prev\">\n\t\t\t\t<svg xmlns=\"http:\/\/www.w3.org\/2000\/svg\" width=\"26\" height=\"45\" viewBox=\"0 0 26 45\" fill=\"none\">\n\t\t\t\t<path d=\"M24.9118 0.990519C25.5461 1.62494 25.9023 2.48528 25.9023 3.38235C25.9023 4.27943 25.5461 5.13977 24.9118 5.77419L8.16559 22.5204L24.9118 39.2667C25.5281 39.9047 25.8691 40.7593 25.8614 41.6463C25.8537 42.5334 25.4979 43.3819 24.8706 44.0091C24.2434 44.6364 23.3948 44.9922 22.5078 44.9999C21.6208 45.0076 20.7662 44.6666 20.1282 44.0503L0.990082 24.9123C0.355853 24.2778 -0.000438023 23.4175 -0.000438023 22.5204C-0.000438023 21.6234 0.355853 20.763 0.990082 20.1286L20.1282 0.990519C20.7626 0.35629 21.6229 0 22.52 0C23.4171 0 24.2774 0.35629 24.9118 0.990519Z\" fill=\"white\" fill-opacity=\"0.7\"><\/path>\n\t\t\t\t<\/svg>\n\t\t\t\t<\/button>\n\t\t\t\t<button class=\"next\">\n\t\t\t\t<svg xmlns=\"http:\/\/www.w3.org\/2000\/svg\" width=\"26\" height=\"45\" viewBox=\"0 0 26 45\" fill=\"none\">\n\t\t\t\t<path d=\"M0.99052 0.990519C0.356291 1.62494 0 2.48528 0 3.38235C0 4.27943 0.356291 5.13977 0.99052 5.77419L17.7368 22.5204L0.99052 39.2667C0.374265 39.9047 0.0332682 40.7593 0.0409763 41.6463C0.0486844 42.5334 0.40448 43.3819 1.03173 44.0091C1.65898 44.6364 2.5075 44.9922 3.39453 44.9999C4.28156 45.0076 5.13613 44.6666 5.77419 44.0503L24.9123 24.9123C25.5465 24.2778 25.9028 23.4175 25.9028 22.5204C25.9028 21.6234 25.5465 20.763 24.9123 20.1286L5.77419 0.990519C5.13977 0.35629 4.27943 0 3.38235 0C2.48528 0 1.62494 0.35629 0.99052 0.990519Z\" fill=\"white\" fill-opacity=\"0.7\"><\/path>\n\t\t\t\t<\/svg>\n\t\t\t\t<\/button>\n\t\t\t<\/div>\n\t\t\t<div class=\"slider-dots\"><\/div>\n\t\t\t<\/div>","protected":false},"excerpt":{"rendered":"<p>A primeira individual de Malu Sig revela um renascimento art\u00edstico, com telas cheias de cor e sentimento que narram a trajet\u00f3ria de supera\u00e7\u00e3o da artista ap\u00f3s um AVC em 2020<\/p>\n","protected":false},"author":7,"featured_media":5433,"comment_status":"closed","ping_status":"open","sticky":false,"template":"","format":"standard","meta":{"_acf_changed":false,"inline_featured_image":false,"footnotes":""},"categories":[72],"tags":[212,159,1160,298],"class_list":["post-5432","post","type-post","status-publish","format-standard","has-post-thumbnail","hentry","category-arte","tag-arte","tag-exposicao","tag-malu-sig","tag-senado"],"acf":[],"yoast_head":"<!-- This site is optimized with the Yoast SEO plugin v27.3 - https:\/\/yoast.com\/product\/yoast-seo-wordpress\/ -->\n<title>Malu Sig inaugura mostra de pinceladas de supera\u00e7\u00e3o - Viva Bras\u00edlia<\/title>\n<meta name=\"robots\" content=\"index, follow, max-snippet:-1, max-image-preview:large, max-video-preview:-1\" \/>\n<link rel=\"canonical\" href=\"https:\/\/newblogs.correiobraziliense.com.br\/vivabrasilia\/malu-sig-inaugura-mostra-de-pinceladas-de-superacao\/\" \/>\n<meta property=\"og:locale\" content=\"pt_BR\" \/>\n<meta property=\"og:type\" content=\"article\" \/>\n<meta property=\"og:title\" content=\"Malu Sig inaugura mostra de pinceladas de supera\u00e7\u00e3o - Viva Bras\u00edlia\" \/>\n<meta property=\"og:description\" content=\"A primeira individual de Malu Sig revela um renascimento art\u00edstico, com telas cheias de cor e sentimento que narram a trajet\u00f3ria de supera\u00e7\u00e3o da artista ap\u00f3s um AVC em 2020\" \/>\n<meta property=\"og:url\" content=\"https:\/\/newblogs.correiobraziliense.com.br\/vivabrasilia\/malu-sig-inaugura-mostra-de-pinceladas-de-superacao\/\" \/>\n<meta property=\"og:site_name\" content=\"Viva Bras\u00edlia\" \/>\n<meta property=\"article:published_time\" content=\"2025-12-13T21:11:54+00:00\" \/>\n<meta property=\"article:modified_time\" content=\"2025-12-13T21:11:56+00:00\" \/>\n<meta property=\"og:image\" content=\"https:\/\/newblogs.correiobraziliense.com.br\/vivabrasilia\/wp-content\/uploads\/sites\/4\/2025\/12\/11-Mariana-Monteiro-Andre-Cobbe-Malu-Sig-Eliane-Martins-e-Giuliana-Morrone.jpg\" \/>\n\t<meta property=\"og:image:width\" content=\"2000\" \/>\n\t<meta property=\"og:image:height\" content=\"1333\" \/>\n\t<meta property=\"og:image:type\" content=\"image\/jpeg\" \/>\n<meta name=\"author\" content=\"Mariana Campos\" \/>\n<!-- \/ Yoast SEO plugin. -->","yoast_head_json":{"title":"Malu Sig inaugura mostra de pinceladas de supera\u00e7\u00e3o - Viva Bras\u00edlia","robots":{"index":"index","follow":"follow","max-snippet":"max-snippet:-1","max-image-preview":"max-image-preview:large","max-video-preview":"max-video-preview:-1"},"canonical":"https:\/\/newblogs.correiobraziliense.com.br\/vivabrasilia\/malu-sig-inaugura-mostra-de-pinceladas-de-superacao\/","og_locale":"pt_BR","og_type":"article","og_title":"Malu Sig inaugura mostra de pinceladas de supera\u00e7\u00e3o - Viva Bras\u00edlia","og_description":"A primeira individual de Malu Sig revela um renascimento art\u00edstico, com telas cheias de cor e sentimento que narram a trajet\u00f3ria de supera\u00e7\u00e3o da artista ap\u00f3s um AVC em 2020","og_url":"https:\/\/newblogs.correiobraziliense.com.br\/vivabrasilia\/malu-sig-inaugura-mostra-de-pinceladas-de-superacao\/","og_site_name":"Viva Bras\u00edlia","article_published_time":"2025-12-13T21:11:54+00:00","article_modified_time":"2025-12-13T21:11:56+00:00","og_image":[{"width":2000,"height":1333,"url":"https:\/\/newblogs.correiobraziliense.com.br\/vivabrasilia\/wp-content\/uploads\/sites\/4\/2025\/12\/11-Mariana-Monteiro-Andre-Cobbe-Malu-Sig-Eliane-Martins-e-Giuliana-Morrone.jpg","type":"image\/jpeg"}],"author":"Mariana Campos","schema":{"@context":"https:\/\/schema.org","@graph":[{"@type":"Article","@id":"https:\/\/newblogs.correiobraziliense.com.br\/vivabrasilia\/malu-sig-inaugura-mostra-de-pinceladas-de-superacao\/#article","isPartOf":{"@id":"https:\/\/newblogs.correiobraziliense.com.br\/vivabrasilia\/malu-sig-inaugura-mostra-de-pinceladas-de-superacao\/"},"author":{"name":"Mariana Campos","@id":"https:\/\/newblogs.correiobraziliense.com.br\/vivabrasilia\/#\/schema\/person\/018c75775aaa6ead74dde48a78ac7fa1"},"headline":"Malu Sig inaugura mostra de pinceladas de supera\u00e7\u00e3o","datePublished":"2025-12-13T21:11:54+00:00","dateModified":"2025-12-13T21:11:56+00:00","mainEntityOfPage":{"@id":"https:\/\/newblogs.correiobraziliense.com.br\/vivabrasilia\/malu-sig-inaugura-mostra-de-pinceladas-de-superacao\/"},"wordCount":162,"image":{"@id":"https:\/\/newblogs.correiobraziliense.com.br\/vivabrasilia\/malu-sig-inaugura-mostra-de-pinceladas-de-superacao\/#primaryimage"},"thumbnailUrl":"https:\/\/newblogs.correiobraziliense.com.br\/vivabrasilia\/wp-content\/uploads\/sites\/4\/2025\/12\/11-Mariana-Monteiro-Andre-Cobbe-Malu-Sig-Eliane-Martins-e-Giuliana-Morrone.jpg","keywords":["Arte","Exposi\u00e7\u00e3o","Malu Sig","Senado"],"articleSection":["Arte"],"inLanguage":"pt-BR"},{"@type":"WebPage","@id":"https:\/\/newblogs.correiobraziliense.com.br\/vivabrasilia\/malu-sig-inaugura-mostra-de-pinceladas-de-superacao\/","url":"https:\/\/newblogs.correiobraziliense.com.br\/vivabrasilia\/malu-sig-inaugura-mostra-de-pinceladas-de-superacao\/","name":"Malu Sig inaugura mostra de pinceladas de supera\u00e7\u00e3o - Viva Bras\u00edlia","isPartOf":{"@id":"https:\/\/newblogs.correiobraziliense.com.br\/vivabrasilia\/#website"},"primaryImageOfPage":{"@id":"https:\/\/newblogs.correiobraziliense.com.br\/vivabrasilia\/malu-sig-inaugura-mostra-de-pinceladas-de-superacao\/#primaryimage"},"image":{"@id":"https:\/\/newblogs.correiobraziliense.com.br\/vivabrasilia\/malu-sig-inaugura-mostra-de-pinceladas-de-superacao\/#primaryimage"},"thumbnailUrl":"https:\/\/newblogs.correiobraziliense.com.br\/vivabrasilia\/wp-content\/uploads\/sites\/4\/2025\/12\/11-Mariana-Monteiro-Andre-Cobbe-Malu-Sig-Eliane-Martins-e-Giuliana-Morrone.jpg","datePublished":"2025-12-13T21:11:54+00:00","dateModified":"2025-12-13T21:11:56+00:00","author":{"@id":"https:\/\/newblogs.correiobraziliense.com.br\/vivabrasilia\/#\/schema\/person\/018c75775aaa6ead74dde48a78ac7fa1"},"breadcrumb":{"@id":"https:\/\/newblogs.correiobraziliense.com.br\/vivabrasilia\/malu-sig-inaugura-mostra-de-pinceladas-de-superacao\/#breadcrumb"},"inLanguage":"pt-BR","potentialAction":[{"@type":"ReadAction","target":["https:\/\/newblogs.correiobraziliense.com.br\/vivabrasilia\/malu-sig-inaugura-mostra-de-pinceladas-de-superacao\/"]}]},{"@type":"ImageObject","inLanguage":"pt-BR","@id":"https:\/\/newblogs.correiobraziliense.com.br\/vivabrasilia\/malu-sig-inaugura-mostra-de-pinceladas-de-superacao\/#primaryimage","url":"https:\/\/newblogs.correiobraziliense.com.br\/vivabrasilia\/wp-content\/uploads\/sites\/4\/2025\/12\/11-Mariana-Monteiro-Andre-Cobbe-Malu-Sig-Eliane-Martins-e-Giuliana-Morrone.jpg","contentUrl":"https:\/\/newblogs.correiobraziliense.com.br\/vivabrasilia\/wp-content\/uploads\/sites\/4\/2025\/12\/11-Mariana-Monteiro-Andre-Cobbe-Malu-Sig-Eliane-Martins-e-Giuliana-Morrone.jpg","width":2000,"height":1333,"caption":"Mariana Monteiro, Andr\u00e9 Cobbe, Malu Sig, Eliane Martins e Giuliana Morrone | Foto: Mariana Campos"},{"@type":"BreadcrumbList","@id":"https:\/\/newblogs.correiobraziliense.com.br\/vivabrasilia\/malu-sig-inaugura-mostra-de-pinceladas-de-superacao\/#breadcrumb","itemListElement":[{"@type":"ListItem","position":1,"name":"In\u00edcio","item":"https:\/\/newblogs.correiobraziliense.com.br\/vivabrasilia\/"},{"@type":"ListItem","position":2,"name":"Malu Sig inaugura mostra de pinceladas de supera\u00e7\u00e3o"}]},{"@type":"WebSite","@id":"https:\/\/newblogs.correiobraziliense.com.br\/vivabrasilia\/#website","url":"https:\/\/newblogs.correiobraziliense.com.br\/vivabrasilia\/","name":"Viva Bras\u00edlia","description":"Coluna de estilo de vida","potentialAction":[{"@type":"SearchAction","target":{"@type":"EntryPoint","urlTemplate":"https:\/\/newblogs.correiobraziliense.com.br\/vivabrasilia\/?s={search_term_string}"},"query-input":{"@type":"PropertyValueSpecification","valueRequired":true,"valueName":"search_term_string"}}],"inLanguage":"pt-BR"},{"@type":"Person","@id":"https:\/\/newblogs.correiobraziliense.com.br\/vivabrasilia\/#\/schema\/person\/018c75775aaa6ead74dde48a78ac7fa1","name":"Mariana Campos","image":{"@type":"ImageObject","inLanguage":"pt-BR","@id":"https:\/\/secure.gravatar.com\/avatar\/97cd13271bc36c11415a45e9f8192828452de6a8c0e24857edbf96d21752260f?s=96&d=mm&r=g","url":"https:\/\/secure.gravatar.com\/avatar\/97cd13271bc36c11415a45e9f8192828452de6a8c0e24857edbf96d21752260f?s=96&d=mm&r=g","contentUrl":"https:\/\/secure.gravatar.com\/avatar\/97cd13271bc36c11415a45e9f8192828452de6a8c0e24857edbf96d21752260f?s=96&d=mm&r=g","caption":"Mariana Campos"},"description":"Colunista da Viva Bras\u00edlia, Mariana escreve e fotografa para a coluna. Formada em Comunica\u00e7\u00e3o, aprofundou-se no jornalismo e agora une a escrita com a fotografia para mostrar que a capital \u00e9 uma cidade viva que n\u00e3o se resume ao poder. Tamb\u00e9m faz a cobertura de moda para seu blog, Pliss\u00ea, e para as redes sociais do Correio.","sameAs":["http:\/\/newblogs.correiobraziliense.com\/plisse","https:\/\/www.instagram.com\/marigrigori"],"url":"https:\/\/newblogs.correiobraziliense.com.br\/vivabrasilia\/author\/marivivabrasilia\/"}]}},"_links":{"self":[{"href":"https:\/\/newblogs.correiobraziliense.com.br\/vivabrasilia\/wp-json\/wp\/v2\/posts\/5432","targetHints":{"allow":["GET"]}}],"collection":[{"href":"https:\/\/newblogs.correiobraziliense.com.br\/vivabrasilia\/wp-json\/wp\/v2\/posts"}],"about":[{"href":"https:\/\/newblogs.correiobraziliense.com.br\/vivabrasilia\/wp-json\/wp\/v2\/types\/post"}],"author":[{"embeddable":true,"href":"https:\/\/newblogs.correiobraziliense.com.br\/vivabrasilia\/wp-json\/wp\/v2\/users\/7"}],"replies":[{"embeddable":true,"href":"https:\/\/newblogs.correiobraziliense.com.br\/vivabrasilia\/wp-json\/wp\/v2\/comments?post=5432"}],"version-history":[{"count":1,"href":"https:\/\/newblogs.correiobraziliense.com.br\/vivabrasilia\/wp-json\/wp\/v2\/posts\/5432\/revisions"}],"predecessor-version":[{"id":5437,"href":"https:\/\/newblogs.correiobraziliense.com.br\/vivabrasilia\/wp-json\/wp\/v2\/posts\/5432\/revisions\/5437"}],"wp:featuredmedia":[{"embeddable":true,"href":"https:\/\/newblogs.correiobraziliense.com.br\/vivabrasilia\/wp-json\/wp\/v2\/media\/5433"}],"wp:attachment":[{"href":"https:\/\/newblogs.correiobraziliense.com.br\/vivabrasilia\/wp-json\/wp\/v2\/media?parent=5432"}],"wp:term":[{"taxonomy":"category","embeddable":true,"href":"https:\/\/newblogs.correiobraziliense.com.br\/vivabrasilia\/wp-json\/wp\/v2\/categories?post=5432"},{"taxonomy":"post_tag","embeddable":true,"href":"https:\/\/newblogs.correiobraziliense.com.br\/vivabrasilia\/wp-json\/wp\/v2\/tags?post=5432"}],"curies":[{"name":"wp","href":"https:\/\/api.w.org\/{rel}","templated":true}]}}