{"id":5428,"date":"2025-12-13T18:12:08","date_gmt":"2025-12-13T21:12:08","guid":{"rendered":"https:\/\/newblogs.correiobraziliense.com.br\/vivabrasilia\/?p=5428"},"modified":"2025-12-13T18:12:10","modified_gmt":"2025-12-13T21:12:10","slug":"embaixada-do-libano-recebe-correio-em-almoco-diplomatico","status":"publish","type":"post","link":"https:\/\/newblogs.correiobraziliense.com.br\/vivabrasilia\/embaixada-do-libano-recebe-correio-em-almoco-diplomatico\/","title":{"rendered":"Embaixada do L\u00edbano recebe Correio em almo\u00e7o diplom\u00e1tico"},"content":{"rendered":"\n<p>O Embaixador do L\u00edbano no Brasil, Elias Nicolas, recebeu o presidente do Correio Braziliense, Guilherme Machado, e o empres\u00e1rio Nadim Haddad, em sua resid\u00eancia oficial na capital na \u00faltima sexta-feira. O elegante almo\u00e7o com del\u00edcias libanesas foi protagonizado por trocas significativas entre os convidados e o anfitri\u00e3o, que detalhou sua fun\u00e7\u00e3o diplom\u00e1tica e afazeres em Bras\u00edlia. Por sua vez, Guilherme Machado detalhou a trajet\u00f3ria e hist\u00f3ria do grupo Di\u00e1rios Associados, fundado por Assis Chateaubriand, do qual o Correio Braziliense faz parte.<\/p>\n","protected":false},"excerpt":{"rendered":"<p>Um encontro marcado por troca de experi\u00eancias e mem\u00f3rias aproximou o Correio Braziliense da diplomacia libanesa em um almo\u00e7o de sabores e hist\u00f3rias<\/p>\n","protected":false},"author":7,"featured_media":5429,"comment_status":"closed","ping_status":"open","sticky":false,"template":"","format":"standard","meta":{"_acf_changed":false,"inline_featured_image":false,"footnotes":""},"categories":[592],"tags":[413,1159,560],"class_list":["post-5428","post","type-post","status-publish","format-standard","has-post-thumbnail","hentry","category-embaixadas","tag-correio-braziliense","tag-embaixada-do-libano","tag-embaixadas"],"acf":[],"yoast_head":"<!-- This site is optimized with the Yoast SEO plugin v27.3 - https:\/\/yoast.com\/product\/yoast-seo-wordpress\/ -->\n<title>Embaixada do L\u00edbano recebe Correio em almo\u00e7o diplom\u00e1tico - Viva Bras\u00edlia<\/title>\n<meta name=\"robots\" content=\"index, follow, max-snippet:-1, max-image-preview:large, max-video-preview:-1\" \/>\n<link rel=\"canonical\" href=\"https:\/\/newblogs.correiobraziliense.com.br\/vivabrasilia\/embaixada-do-libano-recebe-correio-em-almoco-diplomatico\/\" \/>\n<meta property=\"og:locale\" content=\"pt_BR\" \/>\n<meta property=\"og:type\" content=\"article\" \/>\n<meta property=\"og:title\" content=\"Embaixada do L\u00edbano recebe Correio em almo\u00e7o diplom\u00e1tico - Viva Bras\u00edlia\" \/>\n<meta property=\"og:description\" content=\"Um encontro marcado por troca de experi\u00eancias e mem\u00f3rias aproximou o Correio Braziliense da diplomacia libanesa em um almo\u00e7o de sabores e hist\u00f3rias\" \/>\n<meta property=\"og:url\" content=\"https:\/\/newblogs.correiobraziliense.com.br\/vivabrasilia\/embaixada-do-libano-recebe-correio-em-almoco-diplomatico\/\" \/>\n<meta property=\"og:site_name\" content=\"Viva Bras\u00edlia\" \/>\n<meta property=\"article:published_time\" content=\"2025-12-13T21:12:08+00:00\" \/>\n<meta property=\"article:modified_time\" content=\"2025-12-13T21:12:10+00:00\" \/>\n<meta property=\"og:image\" content=\"https:\/\/newblogs.correiobraziliense.com.br\/vivabrasilia\/wp-content\/uploads\/sites\/4\/2025\/12\/Nadim-Haddad.jpg\" \/>\n\t<meta property=\"og:image:width\" content=\"2000\" \/>\n\t<meta property=\"og:image:height\" content=\"1197\" \/>\n\t<meta property=\"og:image:type\" content=\"image\/jpeg\" \/>\n<meta name=\"author\" content=\"Mariana Campos\" \/>\n<!-- \/ Yoast SEO plugin. -->","yoast_head_json":{"title":"Embaixada do L\u00edbano recebe Correio em almo\u00e7o diplom\u00e1tico - Viva Bras\u00edlia","robots":{"index":"index","follow":"follow","max-snippet":"max-snippet:-1","max-image-preview":"max-image-preview:large","max-video-preview":"max-video-preview:-1"},"canonical":"https:\/\/newblogs.correiobraziliense.com.br\/vivabrasilia\/embaixada-do-libano-recebe-correio-em-almoco-diplomatico\/","og_locale":"pt_BR","og_type":"article","og_title":"Embaixada do L\u00edbano recebe Correio em almo\u00e7o diplom\u00e1tico - Viva Bras\u00edlia","og_description":"Um encontro marcado por troca de experi\u00eancias e mem\u00f3rias aproximou o Correio Braziliense da diplomacia libanesa em um almo\u00e7o de sabores e hist\u00f3rias","og_url":"https:\/\/newblogs.correiobraziliense.com.br\/vivabrasilia\/embaixada-do-libano-recebe-correio-em-almoco-diplomatico\/","og_site_name":"Viva Bras\u00edlia","article_published_time":"2025-12-13T21:12:08+00:00","article_modified_time":"2025-12-13T21:12:10+00:00","og_image":[{"width":2000,"height":1197,"url":"https:\/\/newblogs.correiobraziliense.com.br\/vivabrasilia\/wp-content\/uploads\/sites\/4\/2025\/12\/Nadim-Haddad.jpg","type":"image\/jpeg"}],"author":"Mariana Campos","schema":{"@context":"https:\/\/schema.org","@graph":[{"@type":"Article","@id":"https:\/\/newblogs.correiobraziliense.com.br\/vivabrasilia\/embaixada-do-libano-recebe-correio-em-almoco-diplomatico\/#article","isPartOf":{"@id":"https:\/\/newblogs.correiobraziliense.com.br\/vivabrasilia\/embaixada-do-libano-recebe-correio-em-almoco-diplomatico\/"},"author":{"name":"Mariana Campos","@id":"https:\/\/newblogs.correiobraziliense.com.br\/vivabrasilia\/#\/schema\/person\/018c75775aaa6ead74dde48a78ac7fa1"},"headline":"Embaixada do L\u00edbano recebe Correio em almo\u00e7o diplom\u00e1tico","datePublished":"2025-12-13T21:12:08+00:00","dateModified":"2025-12-13T21:12:10+00:00","mainEntityOfPage":{"@id":"https:\/\/newblogs.correiobraziliense.com.br\/vivabrasilia\/embaixada-do-libano-recebe-correio-em-almoco-diplomatico\/"},"wordCount":104,"image":{"@id":"https:\/\/newblogs.correiobraziliense.com.br\/vivabrasilia\/embaixada-do-libano-recebe-correio-em-almoco-diplomatico\/#primaryimage"},"thumbnailUrl":"https:\/\/newblogs.correiobraziliense.com.br\/vivabrasilia\/wp-content\/uploads\/sites\/4\/2025\/12\/Nadim-Haddad.jpg","keywords":["Correio Braziliense","Embaixada do L\u00edbano","Embaixadas"],"articleSection":["Embaixadas"],"inLanguage":"pt-BR"},{"@type":"WebPage","@id":"https:\/\/newblogs.correiobraziliense.com.br\/vivabrasilia\/embaixada-do-libano-recebe-correio-em-almoco-diplomatico\/","url":"https:\/\/newblogs.correiobraziliense.com.br\/vivabrasilia\/embaixada-do-libano-recebe-correio-em-almoco-diplomatico\/","name":"Embaixada do L\u00edbano recebe Correio em almo\u00e7o diplom\u00e1tico - Viva Bras\u00edlia","isPartOf":{"@id":"https:\/\/newblogs.correiobraziliense.com.br\/vivabrasilia\/#website"},"primaryImageOfPage":{"@id":"https:\/\/newblogs.correiobraziliense.com.br\/vivabrasilia\/embaixada-do-libano-recebe-correio-em-almoco-diplomatico\/#primaryimage"},"image":{"@id":"https:\/\/newblogs.correiobraziliense.com.br\/vivabrasilia\/embaixada-do-libano-recebe-correio-em-almoco-diplomatico\/#primaryimage"},"thumbnailUrl":"https:\/\/newblogs.correiobraziliense.com.br\/vivabrasilia\/wp-content\/uploads\/sites\/4\/2025\/12\/Nadim-Haddad.jpg","datePublished":"2025-12-13T21:12:08+00:00","dateModified":"2025-12-13T21:12:10+00:00","author":{"@id":"https:\/\/newblogs.correiobraziliense.com.br\/vivabrasilia\/#\/schema\/person\/018c75775aaa6ead74dde48a78ac7fa1"},"breadcrumb":{"@id":"https:\/\/newblogs.correiobraziliense.com.br\/vivabrasilia\/embaixada-do-libano-recebe-correio-em-almoco-diplomatico\/#breadcrumb"},"inLanguage":"pt-BR","potentialAction":[{"@type":"ReadAction","target":["https:\/\/newblogs.correiobraziliense.com.br\/vivabrasilia\/embaixada-do-libano-recebe-correio-em-almoco-diplomatico\/"]}]},{"@type":"ImageObject","inLanguage":"pt-BR","@id":"https:\/\/newblogs.correiobraziliense.com.br\/vivabrasilia\/embaixada-do-libano-recebe-correio-em-almoco-diplomatico\/#primaryimage","url":"https:\/\/newblogs.correiobraziliense.com.br\/vivabrasilia\/wp-content\/uploads\/sites\/4\/2025\/12\/Nadim-Haddad.jpg","contentUrl":"https:\/\/newblogs.correiobraziliense.com.br\/vivabrasilia\/wp-content\/uploads\/sites\/4\/2025\/12\/Nadim-Haddad.jpg","width":2000,"height":1197,"caption":"Nadim Haddad, o presidente do Correio Braziliense Guilherme Machado e o embaixador do L\u00edbano no Brasil, Elias Nicolas | Foto: Arquivo pessoal"},{"@type":"BreadcrumbList","@id":"https:\/\/newblogs.correiobraziliense.com.br\/vivabrasilia\/embaixada-do-libano-recebe-correio-em-almoco-diplomatico\/#breadcrumb","itemListElement":[{"@type":"ListItem","position":1,"name":"In\u00edcio","item":"https:\/\/newblogs.correiobraziliense.com.br\/vivabrasilia\/"},{"@type":"ListItem","position":2,"name":"Embaixada do L\u00edbano recebe Correio em almo\u00e7o diplom\u00e1tico"}]},{"@type":"WebSite","@id":"https:\/\/newblogs.correiobraziliense.com.br\/vivabrasilia\/#website","url":"https:\/\/newblogs.correiobraziliense.com.br\/vivabrasilia\/","name":"Viva Bras\u00edlia","description":"Coluna de estilo de vida","potentialAction":[{"@type":"SearchAction","target":{"@type":"EntryPoint","urlTemplate":"https:\/\/newblogs.correiobraziliense.com.br\/vivabrasilia\/?s={search_term_string}"},"query-input":{"@type":"PropertyValueSpecification","valueRequired":true,"valueName":"search_term_string"}}],"inLanguage":"pt-BR"},{"@type":"Person","@id":"https:\/\/newblogs.correiobraziliense.com.br\/vivabrasilia\/#\/schema\/person\/018c75775aaa6ead74dde48a78ac7fa1","name":"Mariana Campos","image":{"@type":"ImageObject","inLanguage":"pt-BR","@id":"https:\/\/secure.gravatar.com\/avatar\/97cd13271bc36c11415a45e9f8192828452de6a8c0e24857edbf96d21752260f?s=96&d=mm&r=g","url":"https:\/\/secure.gravatar.com\/avatar\/97cd13271bc36c11415a45e9f8192828452de6a8c0e24857edbf96d21752260f?s=96&d=mm&r=g","contentUrl":"https:\/\/secure.gravatar.com\/avatar\/97cd13271bc36c11415a45e9f8192828452de6a8c0e24857edbf96d21752260f?s=96&d=mm&r=g","caption":"Mariana Campos"},"description":"Colunista da Viva Bras\u00edlia, Mariana escreve e fotografa para a coluna. Formada em Comunica\u00e7\u00e3o, aprofundou-se no jornalismo e agora une a escrita com a fotografia para mostrar que a capital \u00e9 uma cidade viva que n\u00e3o se resume ao poder. Tamb\u00e9m faz a cobertura de moda para seu blog, Pliss\u00ea, e para as redes sociais do Correio.","sameAs":["http:\/\/newblogs.correiobraziliense.com\/plisse","https:\/\/www.instagram.com\/marigrigori"],"url":"https:\/\/newblogs.correiobraziliense.com.br\/vivabrasilia\/author\/marivivabrasilia\/"}]}},"_links":{"self":[{"href":"https:\/\/newblogs.correiobraziliense.com.br\/vivabrasilia\/wp-json\/wp\/v2\/posts\/5428","targetHints":{"allow":["GET"]}}],"collection":[{"href":"https:\/\/newblogs.correiobraziliense.com.br\/vivabrasilia\/wp-json\/wp\/v2\/posts"}],"about":[{"href":"https:\/\/newblogs.correiobraziliense.com.br\/vivabrasilia\/wp-json\/wp\/v2\/types\/post"}],"author":[{"embeddable":true,"href":"https:\/\/newblogs.correiobraziliense.com.br\/vivabrasilia\/wp-json\/wp\/v2\/users\/7"}],"replies":[{"embeddable":true,"href":"https:\/\/newblogs.correiobraziliense.com.br\/vivabrasilia\/wp-json\/wp\/v2\/comments?post=5428"}],"version-history":[{"count":1,"href":"https:\/\/newblogs.correiobraziliense.com.br\/vivabrasilia\/wp-json\/wp\/v2\/posts\/5428\/revisions"}],"predecessor-version":[{"id":5431,"href":"https:\/\/newblogs.correiobraziliense.com.br\/vivabrasilia\/wp-json\/wp\/v2\/posts\/5428\/revisions\/5431"}],"wp:featuredmedia":[{"embeddable":true,"href":"https:\/\/newblogs.correiobraziliense.com.br\/vivabrasilia\/wp-json\/wp\/v2\/media\/5429"}],"wp:attachment":[{"href":"https:\/\/newblogs.correiobraziliense.com.br\/vivabrasilia\/wp-json\/wp\/v2\/media?parent=5428"}],"wp:term":[{"taxonomy":"category","embeddable":true,"href":"https:\/\/newblogs.correiobraziliense.com.br\/vivabrasilia\/wp-json\/wp\/v2\/categories?post=5428"},{"taxonomy":"post_tag","embeddable":true,"href":"https:\/\/newblogs.correiobraziliense.com.br\/vivabrasilia\/wp-json\/wp\/v2\/tags?post=5428"}],"curies":[{"name":"wp","href":"https:\/\/api.w.org\/{rel}","templated":true}]}}