{"id":5399,"date":"2025-12-06T16:44:03","date_gmt":"2025-12-06T19:44:03","guid":{"rendered":"https:\/\/newblogs.correiobraziliense.com.br\/vivabrasilia\/?p=5399"},"modified":"2025-12-06T16:44:06","modified_gmt":"2025-12-06T19:44:06","slug":"ademi-df-celebra-personalidades-em-noite-de-premio-merito-imobiliario","status":"publish","type":"post","link":"https:\/\/newblogs.correiobraziliense.com.br\/vivabrasilia\/ademi-df-celebra-personalidades-em-noite-de-premio-merito-imobiliario\/","title":{"rendered":"ADEMI-DF celebra personalidades em noite de Pr\u00eamio M\u00e9rito Imobili\u00e1rio"},"content":{"rendered":"\n<p>A ADEMI-DF, entidade que representa as principais empresas do mercado imobili\u00e1rio do Distrito Federal, reuniu empres\u00e1rios e autoridades na \u00faltima quinta-feira para a terceira edi\u00e7\u00e3o do Pr\u00eamio M\u00e9rito Imobili\u00e1rio, que reconheceu personalidades que impulsionaram o mercado imobili\u00e1rio em 2025. Conduzido pelo presidente Celestino Fracon J\u00fanior, o encontro realizado no restaurante Rubaiyat destacou homenageados de \u00e1reas como setor p\u00fablico, projetos sociais, entidades nacionais e comunica\u00e7\u00e3o, em particular o presidente do Correio Braziliense, Guilherme Machado.<\/p>\n\n\n<div class=\"slider-wrapper\"><div class=\"slider\">\n<figure class=\"wp-block-gallery has-nested-images columns-default is-cropped wp-block-gallery-1 is-layout-flex wp-block-gallery-is-layout-flex\">\n<figure class=\"wp-block-image size-large\"><img loading=\"lazy\" decoding=\"async\" width=\"1024\" height=\"682\" data-id=\"5406\" src=\"https:\/\/newblogs.correiobraziliense.com.br\/vivabrasilia\/wp-content\/uploads\/sites\/4\/2025\/12\/1-1024x682.jpg\" alt=\"\" class=\"wp-image-5406\" srcset=\"https:\/\/newblogs.correiobraziliense.com.br\/vivabrasilia\/wp-content\/uploads\/sites\/4\/2025\/12\/1-1024x682.jpg 1024w, https:\/\/newblogs.correiobraziliense.com.br\/vivabrasilia\/wp-content\/uploads\/sites\/4\/2025\/12\/1-300x200.jpg 300w, https:\/\/newblogs.correiobraziliense.com.br\/vivabrasilia\/wp-content\/uploads\/sites\/4\/2025\/12\/1-768x512.jpg 768w, https:\/\/newblogs.correiobraziliense.com.br\/vivabrasilia\/wp-content\/uploads\/sites\/4\/2025\/12\/1-1536x1024.jpg 1536w, https:\/\/newblogs.correiobraziliense.com.br\/vivabrasilia\/wp-content\/uploads\/sites\/4\/2025\/12\/1.jpg 2000w\" sizes=\"auto, (max-width: 1024px) 100vw, 1024px\" \/><figcaption class=\"wp-element-caption\">O presidente da ADEMI-DF, Celestino Fracon, o secret\u00e1rio da Casa Civil, Gustavo Rocha, o presidente do Correio, Guilherme Machado, e o secret\u00e1rio de Governo do DF, Jos\u00e9 Humberto Pires<\/figcaption><\/figure>\n\n\n\n<figure class=\"wp-block-image size-large\"><img loading=\"lazy\" decoding=\"async\" width=\"1024\" height=\"682\" data-id=\"5423\" src=\"https:\/\/newblogs.correiobraziliense.com.br\/vivabrasilia\/wp-content\/uploads\/sites\/4\/2025\/12\/Sebastiao-e-Denise-Carvalho_-1024x682.jpg\" alt=\"\" class=\"wp-image-5423\" srcset=\"https:\/\/newblogs.correiobraziliense.com.br\/vivabrasilia\/wp-content\/uploads\/sites\/4\/2025\/12\/Sebastiao-e-Denise-Carvalho_-1024x682.jpg 1024w, https:\/\/newblogs.correiobraziliense.com.br\/vivabrasilia\/wp-content\/uploads\/sites\/4\/2025\/12\/Sebastiao-e-Denise-Carvalho_-300x200.jpg 300w, https:\/\/newblogs.correiobraziliense.com.br\/vivabrasilia\/wp-content\/uploads\/sites\/4\/2025\/12\/Sebastiao-e-Denise-Carvalho_-768x512.jpg 768w, https:\/\/newblogs.correiobraziliense.com.br\/vivabrasilia\/wp-content\/uploads\/sites\/4\/2025\/12\/Sebastiao-e-Denise-Carvalho_-1536x1024.jpg 1536w, https:\/\/newblogs.correiobraziliense.com.br\/vivabrasilia\/wp-content\/uploads\/sites\/4\/2025\/12\/Sebastiao-e-Denise-Carvalho_.jpg 2000w\" sizes=\"auto, (max-width: 1024px) 100vw, 1024px\" \/><figcaption class=\"wp-element-caption\">Sebasti\u00e3o e Denise Carvalho<\/figcaption><\/figure>\n\n\n\n<figure class=\"wp-block-image size-large\"><img loading=\"lazy\" decoding=\"async\" width=\"1024\" height=\"682\" data-id=\"5407\" src=\"https:\/\/newblogs.correiobraziliense.com.br\/vivabrasilia\/wp-content\/uploads\/sites\/4\/2025\/12\/Adalberto-Valadao-e-Adalberto-Valadao-Junior-1-1024x682.jpg\" alt=\"\" class=\"wp-image-5407\" srcset=\"https:\/\/newblogs.correiobraziliense.com.br\/vivabrasilia\/wp-content\/uploads\/sites\/4\/2025\/12\/Adalberto-Valadao-e-Adalberto-Valadao-Junior-1-1024x682.jpg 1024w, https:\/\/newblogs.correiobraziliense.com.br\/vivabrasilia\/wp-content\/uploads\/sites\/4\/2025\/12\/Adalberto-Valadao-e-Adalberto-Valadao-Junior-1-300x200.jpg 300w, https:\/\/newblogs.correiobraziliense.com.br\/vivabrasilia\/wp-content\/uploads\/sites\/4\/2025\/12\/Adalberto-Valadao-e-Adalberto-Valadao-Junior-1-768x512.jpg 768w, https:\/\/newblogs.correiobraziliense.com.br\/vivabrasilia\/wp-content\/uploads\/sites\/4\/2025\/12\/Adalberto-Valadao-e-Adalberto-Valadao-Junior-1-1536x1024.jpg 1536w, https:\/\/newblogs.correiobraziliense.com.br\/vivabrasilia\/wp-content\/uploads\/sites\/4\/2025\/12\/Adalberto-Valadao-e-Adalberto-Valadao-Junior-1.jpg 2000w\" sizes=\"auto, (max-width: 1024px) 100vw, 1024px\" \/><figcaption class=\"wp-element-caption\">Adalberto Valad\u00e3o e Adalberto Valad\u00e3o Junior<\/figcaption><\/figure>\n\n\n\n<figure class=\"wp-block-image size-large\"><img loading=\"lazy\" decoding=\"async\" width=\"1024\" height=\"682\" data-id=\"5416\" src=\"https:\/\/newblogs.correiobraziliense.com.br\/vivabrasilia\/wp-content\/uploads\/sites\/4\/2025\/12\/O-presidente-do-Correio-Braziliense-Guilherme-Machado-e-Glaucia-Machado-1024x682.jpg\" alt=\"\" class=\"wp-image-5416\" srcset=\"https:\/\/newblogs.correiobraziliense.com.br\/vivabrasilia\/wp-content\/uploads\/sites\/4\/2025\/12\/O-presidente-do-Correio-Braziliense-Guilherme-Machado-e-Glaucia-Machado-1024x682.jpg 1024w, https:\/\/newblogs.correiobraziliense.com.br\/vivabrasilia\/wp-content\/uploads\/sites\/4\/2025\/12\/O-presidente-do-Correio-Braziliense-Guilherme-Machado-e-Glaucia-Machado-300x200.jpg 300w, https:\/\/newblogs.correiobraziliense.com.br\/vivabrasilia\/wp-content\/uploads\/sites\/4\/2025\/12\/O-presidente-do-Correio-Braziliense-Guilherme-Machado-e-Glaucia-Machado-768x512.jpg 768w, https:\/\/newblogs.correiobraziliense.com.br\/vivabrasilia\/wp-content\/uploads\/sites\/4\/2025\/12\/O-presidente-do-Correio-Braziliense-Guilherme-Machado-e-Glaucia-Machado-1536x1024.jpg 1536w, https:\/\/newblogs.correiobraziliense.com.br\/vivabrasilia\/wp-content\/uploads\/sites\/4\/2025\/12\/O-presidente-do-Correio-Braziliense-Guilherme-Machado-e-Glaucia-Machado.jpg 2000w\" sizes=\"auto, (max-width: 1024px) 100vw, 1024px\" \/><figcaption class=\"wp-element-caption\">O presidente do Correio Braziliense, Guilherme Machado, e Glaucia Machado<\/figcaption><\/figure>\n\n\n\n<figure class=\"wp-block-image size-large\"><img loading=\"lazy\" decoding=\"async\" width=\"1024\" height=\"682\" data-id=\"5424\" src=\"https:\/\/newblogs.correiobraziliense.com.br\/vivabrasilia\/wp-content\/uploads\/sites\/4\/2025\/12\/Sebastiao-e-Karine-Abritta-1024x682.jpg\" alt=\"\" class=\"wp-image-5424\" srcset=\"https:\/\/newblogs.correiobraziliense.com.br\/vivabrasilia\/wp-content\/uploads\/sites\/4\/2025\/12\/Sebastiao-e-Karine-Abritta-1024x682.jpg 1024w, https:\/\/newblogs.correiobraziliense.com.br\/vivabrasilia\/wp-content\/uploads\/sites\/4\/2025\/12\/Sebastiao-e-Karine-Abritta-300x200.jpg 300w, https:\/\/newblogs.correiobraziliense.com.br\/vivabrasilia\/wp-content\/uploads\/sites\/4\/2025\/12\/Sebastiao-e-Karine-Abritta-768x512.jpg 768w, https:\/\/newblogs.correiobraziliense.com.br\/vivabrasilia\/wp-content\/uploads\/sites\/4\/2025\/12\/Sebastiao-e-Karine-Abritta-1536x1024.jpg 1536w, https:\/\/newblogs.correiobraziliense.com.br\/vivabrasilia\/wp-content\/uploads\/sites\/4\/2025\/12\/Sebastiao-e-Karine-Abritta.jpg 2000w\" sizes=\"auto, (max-width: 1024px) 100vw, 1024px\" \/><figcaption class=\"wp-element-caption\">Sebasti\u00e3o e Karine Abritta<\/figcaption><\/figure>\n\n\n\n<figure class=\"wp-block-image size-large\"><img loading=\"lazy\" decoding=\"async\" width=\"1024\" height=\"682\" data-id=\"5408\" src=\"https:\/\/newblogs.correiobraziliense.com.br\/vivabrasilia\/wp-content\/uploads\/sites\/4\/2025\/12\/Amir-Jarjour-Juliana-e-Vitor-Villela-1-1024x682.jpg\" alt=\"\" class=\"wp-image-5408\" srcset=\"https:\/\/newblogs.correiobraziliense.com.br\/vivabrasilia\/wp-content\/uploads\/sites\/4\/2025\/12\/Amir-Jarjour-Juliana-e-Vitor-Villela-1-1024x682.jpg 1024w, https:\/\/newblogs.correiobraziliense.com.br\/vivabrasilia\/wp-content\/uploads\/sites\/4\/2025\/12\/Amir-Jarjour-Juliana-e-Vitor-Villela-1-300x200.jpg 300w, https:\/\/newblogs.correiobraziliense.com.br\/vivabrasilia\/wp-content\/uploads\/sites\/4\/2025\/12\/Amir-Jarjour-Juliana-e-Vitor-Villela-1-768x512.jpg 768w, https:\/\/newblogs.correiobraziliense.com.br\/vivabrasilia\/wp-content\/uploads\/sites\/4\/2025\/12\/Amir-Jarjour-Juliana-e-Vitor-Villela-1-1536x1024.jpg 1536w, https:\/\/newblogs.correiobraziliense.com.br\/vivabrasilia\/wp-content\/uploads\/sites\/4\/2025\/12\/Amir-Jarjour-Juliana-e-Vitor-Villela-1.jpg 2000w\" sizes=\"auto, (max-width: 1024px) 100vw, 1024px\" \/><figcaption class=\"wp-element-caption\">Amir Jarjour, Juliana e Vitor Villela<\/figcaption><\/figure>\n\n\n\n<figure class=\"wp-block-image size-large\"><img loading=\"lazy\" decoding=\"async\" width=\"1024\" height=\"682\" data-id=\"5409\" src=\"https:\/\/newblogs.correiobraziliense.com.br\/vivabrasilia\/wp-content\/uploads\/sites\/4\/2025\/12\/Cicero-Breno-Paulo-Lopes-Sandra-Rodrigues-Chenia-Avila-e-o-vice-presidente-da-ADEMI-DF-Leonardo-Avila-1-1024x682.jpg\" alt=\"\" class=\"wp-image-5409\" srcset=\"https:\/\/newblogs.correiobraziliense.com.br\/vivabrasilia\/wp-content\/uploads\/sites\/4\/2025\/12\/Cicero-Breno-Paulo-Lopes-Sandra-Rodrigues-Chenia-Avila-e-o-vice-presidente-da-ADEMI-DF-Leonardo-Avila-1-1024x682.jpg 1024w, https:\/\/newblogs.correiobraziliense.com.br\/vivabrasilia\/wp-content\/uploads\/sites\/4\/2025\/12\/Cicero-Breno-Paulo-Lopes-Sandra-Rodrigues-Chenia-Avila-e-o-vice-presidente-da-ADEMI-DF-Leonardo-Avila-1-300x200.jpg 300w, https:\/\/newblogs.correiobraziliense.com.br\/vivabrasilia\/wp-content\/uploads\/sites\/4\/2025\/12\/Cicero-Breno-Paulo-Lopes-Sandra-Rodrigues-Chenia-Avila-e-o-vice-presidente-da-ADEMI-DF-Leonardo-Avila-1-768x512.jpg 768w, https:\/\/newblogs.correiobraziliense.com.br\/vivabrasilia\/wp-content\/uploads\/sites\/4\/2025\/12\/Cicero-Breno-Paulo-Lopes-Sandra-Rodrigues-Chenia-Avila-e-o-vice-presidente-da-ADEMI-DF-Leonardo-Avila-1-1536x1024.jpg 1536w, https:\/\/newblogs.correiobraziliense.com.br\/vivabrasilia\/wp-content\/uploads\/sites\/4\/2025\/12\/Cicero-Breno-Paulo-Lopes-Sandra-Rodrigues-Chenia-Avila-e-o-vice-presidente-da-ADEMI-DF-Leonardo-Avila-1.jpg 2000w\" sizes=\"auto, (max-width: 1024px) 100vw, 1024px\" \/><figcaption class=\"wp-element-caption\">Cicero Breno, Paulo Lopes, Sandra Rodrigues, Chenia \u00c1vila e o vice-presidente da ADEMI-DF, Leonardo \u00c1vila<\/figcaption><\/figure>\n\n\n\n<figure class=\"wp-block-image size-large\"><img loading=\"lazy\" decoding=\"async\" width=\"1024\" height=\"682\" data-id=\"5410\" src=\"https:\/\/newblogs.correiobraziliense.com.br\/vivabrasilia\/wp-content\/uploads\/sites\/4\/2025\/12\/Eduardo-Villela-Coronel-Stumpf-Coronel-Moises-Carvalho-e-Adalberto-Valadao-1-1024x682.jpg\" alt=\"\" class=\"wp-image-5410\" srcset=\"https:\/\/newblogs.correiobraziliense.com.br\/vivabrasilia\/wp-content\/uploads\/sites\/4\/2025\/12\/Eduardo-Villela-Coronel-Stumpf-Coronel-Moises-Carvalho-e-Adalberto-Valadao-1-1024x682.jpg 1024w, https:\/\/newblogs.correiobraziliense.com.br\/vivabrasilia\/wp-content\/uploads\/sites\/4\/2025\/12\/Eduardo-Villela-Coronel-Stumpf-Coronel-Moises-Carvalho-e-Adalberto-Valadao-1-300x200.jpg 300w, https:\/\/newblogs.correiobraziliense.com.br\/vivabrasilia\/wp-content\/uploads\/sites\/4\/2025\/12\/Eduardo-Villela-Coronel-Stumpf-Coronel-Moises-Carvalho-e-Adalberto-Valadao-1-768x512.jpg 768w, https:\/\/newblogs.correiobraziliense.com.br\/vivabrasilia\/wp-content\/uploads\/sites\/4\/2025\/12\/Eduardo-Villela-Coronel-Stumpf-Coronel-Moises-Carvalho-e-Adalberto-Valadao-1-1536x1024.jpg 1536w, https:\/\/newblogs.correiobraziliense.com.br\/vivabrasilia\/wp-content\/uploads\/sites\/4\/2025\/12\/Eduardo-Villela-Coronel-Stumpf-Coronel-Moises-Carvalho-e-Adalberto-Valadao-1.jpg 2000w\" sizes=\"auto, (max-width: 1024px) 100vw, 1024px\" \/><figcaption class=\"wp-element-caption\">Eduardo Villela, Coronel Stumpf, Coronel Moises Carvalho e Adalberto Valad\u00e3o<\/figcaption><\/figure>\n\n\n\n<figure class=\"wp-block-image size-large\"><img loading=\"lazy\" decoding=\"async\" width=\"1024\" height=\"682\" data-id=\"5411\" src=\"https:\/\/newblogs.correiobraziliense.com.br\/vivabrasilia\/wp-content\/uploads\/sites\/4\/2025\/12\/Guilherme-Machado-e-Jose-Humberto-Pires-1-1024x682.jpg\" alt=\"\" class=\"wp-image-5411\" srcset=\"https:\/\/newblogs.correiobraziliense.com.br\/vivabrasilia\/wp-content\/uploads\/sites\/4\/2025\/12\/Guilherme-Machado-e-Jose-Humberto-Pires-1-1024x682.jpg 1024w, https:\/\/newblogs.correiobraziliense.com.br\/vivabrasilia\/wp-content\/uploads\/sites\/4\/2025\/12\/Guilherme-Machado-e-Jose-Humberto-Pires-1-300x200.jpg 300w, https:\/\/newblogs.correiobraziliense.com.br\/vivabrasilia\/wp-content\/uploads\/sites\/4\/2025\/12\/Guilherme-Machado-e-Jose-Humberto-Pires-1-768x512.jpg 768w, https:\/\/newblogs.correiobraziliense.com.br\/vivabrasilia\/wp-content\/uploads\/sites\/4\/2025\/12\/Guilherme-Machado-e-Jose-Humberto-Pires-1-1536x1024.jpg 1536w, https:\/\/newblogs.correiobraziliense.com.br\/vivabrasilia\/wp-content\/uploads\/sites\/4\/2025\/12\/Guilherme-Machado-e-Jose-Humberto-Pires-1.jpg 2000w\" sizes=\"auto, (max-width: 1024px) 100vw, 1024px\" \/><figcaption class=\"wp-element-caption\">Guilherme Machado e Jos\u00e9 Humberto Pires<\/figcaption><\/figure>\n\n\n\n<figure class=\"wp-block-image size-large\"><img loading=\"lazy\" decoding=\"async\" width=\"1024\" height=\"682\" data-id=\"5421\" src=\"https:\/\/newblogs.correiobraziliense.com.br\/vivabrasilia\/wp-content\/uploads\/sites\/4\/2025\/12\/Roberto-Botelho-Luiz-Guilherme-Carvalho-Gil-Henrique-Pereira-o-presidente-do-Secovi-DF-Ovidio-Maia-e-Marcelo-Ramos-1024x682.jpg\" alt=\"\" class=\"wp-image-5421\" srcset=\"https:\/\/newblogs.correiobraziliense.com.br\/vivabrasilia\/wp-content\/uploads\/sites\/4\/2025\/12\/Roberto-Botelho-Luiz-Guilherme-Carvalho-Gil-Henrique-Pereira-o-presidente-do-Secovi-DF-Ovidio-Maia-e-Marcelo-Ramos-1024x682.jpg 1024w, https:\/\/newblogs.correiobraziliense.com.br\/vivabrasilia\/wp-content\/uploads\/sites\/4\/2025\/12\/Roberto-Botelho-Luiz-Guilherme-Carvalho-Gil-Henrique-Pereira-o-presidente-do-Secovi-DF-Ovidio-Maia-e-Marcelo-Ramos-300x200.jpg 300w, https:\/\/newblogs.correiobraziliense.com.br\/vivabrasilia\/wp-content\/uploads\/sites\/4\/2025\/12\/Roberto-Botelho-Luiz-Guilherme-Carvalho-Gil-Henrique-Pereira-o-presidente-do-Secovi-DF-Ovidio-Maia-e-Marcelo-Ramos-768x512.jpg 768w, https:\/\/newblogs.correiobraziliense.com.br\/vivabrasilia\/wp-content\/uploads\/sites\/4\/2025\/12\/Roberto-Botelho-Luiz-Guilherme-Carvalho-Gil-Henrique-Pereira-o-presidente-do-Secovi-DF-Ovidio-Maia-e-Marcelo-Ramos-1536x1024.jpg 1536w, https:\/\/newblogs.correiobraziliense.com.br\/vivabrasilia\/wp-content\/uploads\/sites\/4\/2025\/12\/Roberto-Botelho-Luiz-Guilherme-Carvalho-Gil-Henrique-Pereira-o-presidente-do-Secovi-DF-Ovidio-Maia-e-Marcelo-Ramos.jpg 2000w\" sizes=\"auto, (max-width: 1024px) 100vw, 1024px\" \/><figcaption class=\"wp-element-caption\">Roberto Botelho, Luiz Guilherme Carvalho, Gil Henrique Pereira, o presidente do Secovi-DF Ov\u00eddio Maia e Marcelo Ramos<\/figcaption><\/figure>\n\n\n\n<figure class=\"wp-block-image size-large\"><img loading=\"lazy\" decoding=\"async\" width=\"1024\" height=\"682\" data-id=\"5414\" src=\"https:\/\/newblogs.correiobraziliense.com.br\/vivabrasilia\/wp-content\/uploads\/sites\/4\/2025\/12\/Lidia-Afonso-e-Monica-Assad-1024x682.jpg\" alt=\"\" class=\"wp-image-5414\" srcset=\"https:\/\/newblogs.correiobraziliense.com.br\/vivabrasilia\/wp-content\/uploads\/sites\/4\/2025\/12\/Lidia-Afonso-e-Monica-Assad-1024x682.jpg 1024w, https:\/\/newblogs.correiobraziliense.com.br\/vivabrasilia\/wp-content\/uploads\/sites\/4\/2025\/12\/Lidia-Afonso-e-Monica-Assad-300x200.jpg 300w, https:\/\/newblogs.correiobraziliense.com.br\/vivabrasilia\/wp-content\/uploads\/sites\/4\/2025\/12\/Lidia-Afonso-e-Monica-Assad-768x512.jpg 768w, https:\/\/newblogs.correiobraziliense.com.br\/vivabrasilia\/wp-content\/uploads\/sites\/4\/2025\/12\/Lidia-Afonso-e-Monica-Assad-1536x1024.jpg 1536w, https:\/\/newblogs.correiobraziliense.com.br\/vivabrasilia\/wp-content\/uploads\/sites\/4\/2025\/12\/Lidia-Afonso-e-Monica-Assad.jpg 2000w\" sizes=\"auto, (max-width: 1024px) 100vw, 1024px\" \/><figcaption class=\"wp-element-caption\">Lidia, Afonso e M\u00f4nica Assad<\/figcaption><\/figure>\n\n\n\n<figure class=\"wp-block-image size-large\"><img loading=\"lazy\" decoding=\"async\" width=\"1024\" height=\"682\" data-id=\"5415\" src=\"https:\/\/newblogs.correiobraziliense.com.br\/vivabrasilia\/wp-content\/uploads\/sites\/4\/2025\/12\/Marcelo-Fagundes-Safira-Fagundes-Afonso-Assad-e-Paulo-Octavio-1024x682.jpg\" alt=\"\" class=\"wp-image-5415\" srcset=\"https:\/\/newblogs.correiobraziliense.com.br\/vivabrasilia\/wp-content\/uploads\/sites\/4\/2025\/12\/Marcelo-Fagundes-Safira-Fagundes-Afonso-Assad-e-Paulo-Octavio-1024x682.jpg 1024w, https:\/\/newblogs.correiobraziliense.com.br\/vivabrasilia\/wp-content\/uploads\/sites\/4\/2025\/12\/Marcelo-Fagundes-Safira-Fagundes-Afonso-Assad-e-Paulo-Octavio-300x200.jpg 300w, https:\/\/newblogs.correiobraziliense.com.br\/vivabrasilia\/wp-content\/uploads\/sites\/4\/2025\/12\/Marcelo-Fagundes-Safira-Fagundes-Afonso-Assad-e-Paulo-Octavio-768x512.jpg 768w, https:\/\/newblogs.correiobraziliense.com.br\/vivabrasilia\/wp-content\/uploads\/sites\/4\/2025\/12\/Marcelo-Fagundes-Safira-Fagundes-Afonso-Assad-e-Paulo-Octavio-1536x1024.jpg 1536w, https:\/\/newblogs.correiobraziliense.com.br\/vivabrasilia\/wp-content\/uploads\/sites\/4\/2025\/12\/Marcelo-Fagundes-Safira-Fagundes-Afonso-Assad-e-Paulo-Octavio.jpg 2000w\" sizes=\"auto, (max-width: 1024px) 100vw, 1024px\" \/><figcaption class=\"wp-element-caption\">Marcelo Fagundes, Safira Fagundes, Afonso Assad e Paulo Oct\u00e1vio<\/figcaption><\/figure>\n\n\n\n<figure class=\"wp-block-image size-large\"><img loading=\"lazy\" decoding=\"async\" width=\"1024\" height=\"682\" data-id=\"5418\" src=\"https:\/\/newblogs.correiobraziliense.com.br\/vivabrasilia\/wp-content\/uploads\/sites\/4\/2025\/12\/O-vice-presidente-da-ADEMI-Leonardo-Avila-o-presidente-do-Correio-Braziliense-Guilherme-Machado-e-o-presidente-da-ADEMI-Celestino-Fracon-1024x682.jpg\" alt=\"\" class=\"wp-image-5418\" srcset=\"https:\/\/newblogs.correiobraziliense.com.br\/vivabrasilia\/wp-content\/uploads\/sites\/4\/2025\/12\/O-vice-presidente-da-ADEMI-Leonardo-Avila-o-presidente-do-Correio-Braziliense-Guilherme-Machado-e-o-presidente-da-ADEMI-Celestino-Fracon-1024x682.jpg 1024w, https:\/\/newblogs.correiobraziliense.com.br\/vivabrasilia\/wp-content\/uploads\/sites\/4\/2025\/12\/O-vice-presidente-da-ADEMI-Leonardo-Avila-o-presidente-do-Correio-Braziliense-Guilherme-Machado-e-o-presidente-da-ADEMI-Celestino-Fracon-300x200.jpg 300w, https:\/\/newblogs.correiobraziliense.com.br\/vivabrasilia\/wp-content\/uploads\/sites\/4\/2025\/12\/O-vice-presidente-da-ADEMI-Leonardo-Avila-o-presidente-do-Correio-Braziliense-Guilherme-Machado-e-o-presidente-da-ADEMI-Celestino-Fracon-768x512.jpg 768w, https:\/\/newblogs.correiobraziliense.com.br\/vivabrasilia\/wp-content\/uploads\/sites\/4\/2025\/12\/O-vice-presidente-da-ADEMI-Leonardo-Avila-o-presidente-do-Correio-Braziliense-Guilherme-Machado-e-o-presidente-da-ADEMI-Celestino-Fracon-1536x1024.jpg 1536w, https:\/\/newblogs.correiobraziliense.com.br\/vivabrasilia\/wp-content\/uploads\/sites\/4\/2025\/12\/O-vice-presidente-da-ADEMI-Leonardo-Avila-o-presidente-do-Correio-Braziliense-Guilherme-Machado-e-o-presidente-da-ADEMI-Celestino-Fracon.jpg 2000w\" sizes=\"auto, (max-width: 1024px) 100vw, 1024px\" \/><figcaption class=\"wp-element-caption\">O vice-presidente da ADEMI, Leonardo \u00c1vila, o presidente do Correio Braziliense, Guilherme Machado, e o presidente da ADEMI, Celestino Fracon<\/figcaption><\/figure>\n\n\n\n<figure class=\"wp-block-image size-large\"><img loading=\"lazy\" decoding=\"async\" width=\"1024\" height=\"682\" data-id=\"5425\" src=\"https:\/\/newblogs.correiobraziliense.com.br\/vivabrasilia\/wp-content\/uploads\/sites\/4\/2025\/12\/Secretario-de-Estado-chefe-da-Casa-Civil-Gustavo-Rocha-e-o-presidente-da-Asbraco-Afonso-Assad-1024x682.jpg\" alt=\"\" class=\"wp-image-5425\" srcset=\"https:\/\/newblogs.correiobraziliense.com.br\/vivabrasilia\/wp-content\/uploads\/sites\/4\/2025\/12\/Secretario-de-Estado-chefe-da-Casa-Civil-Gustavo-Rocha-e-o-presidente-da-Asbraco-Afonso-Assad-1024x682.jpg 1024w, https:\/\/newblogs.correiobraziliense.com.br\/vivabrasilia\/wp-content\/uploads\/sites\/4\/2025\/12\/Secretario-de-Estado-chefe-da-Casa-Civil-Gustavo-Rocha-e-o-presidente-da-Asbraco-Afonso-Assad-300x200.jpg 300w, https:\/\/newblogs.correiobraziliense.com.br\/vivabrasilia\/wp-content\/uploads\/sites\/4\/2025\/12\/Secretario-de-Estado-chefe-da-Casa-Civil-Gustavo-Rocha-e-o-presidente-da-Asbraco-Afonso-Assad-768x512.jpg 768w, https:\/\/newblogs.correiobraziliense.com.br\/vivabrasilia\/wp-content\/uploads\/sites\/4\/2025\/12\/Secretario-de-Estado-chefe-da-Casa-Civil-Gustavo-Rocha-e-o-presidente-da-Asbraco-Afonso-Assad-1536x1024.jpg 1536w, https:\/\/newblogs.correiobraziliense.com.br\/vivabrasilia\/wp-content\/uploads\/sites\/4\/2025\/12\/Secretario-de-Estado-chefe-da-Casa-Civil-Gustavo-Rocha-e-o-presidente-da-Asbraco-Afonso-Assad.jpg 2000w\" sizes=\"auto, (max-width: 1024px) 100vw, 1024px\" \/><figcaption class=\"wp-element-caption\">Secret\u00e1rio de Estado-chefe da Casa Civil, Gustavo Rocha, e o presidente da Asbraco, Afonso Assad<\/figcaption><\/figure>\n\n\n\n<figure class=\"wp-block-image size-large\"><img loading=\"lazy\" decoding=\"async\" width=\"1024\" height=\"682\" data-id=\"5419\" src=\"https:\/\/newblogs.correiobraziliense.com.br\/vivabrasilia\/wp-content\/uploads\/sites\/4\/2025\/12\/Paulo-Octavio-Afonso-Assad-e-Jose-Humberto-Pires-2-1024x682.jpg\" alt=\"\" class=\"wp-image-5419\" srcset=\"https:\/\/newblogs.correiobraziliense.com.br\/vivabrasilia\/wp-content\/uploads\/sites\/4\/2025\/12\/Paulo-Octavio-Afonso-Assad-e-Jose-Humberto-Pires-2-1024x682.jpg 1024w, https:\/\/newblogs.correiobraziliense.com.br\/vivabrasilia\/wp-content\/uploads\/sites\/4\/2025\/12\/Paulo-Octavio-Afonso-Assad-e-Jose-Humberto-Pires-2-300x200.jpg 300w, https:\/\/newblogs.correiobraziliense.com.br\/vivabrasilia\/wp-content\/uploads\/sites\/4\/2025\/12\/Paulo-Octavio-Afonso-Assad-e-Jose-Humberto-Pires-2-768x512.jpg 768w, https:\/\/newblogs.correiobraziliense.com.br\/vivabrasilia\/wp-content\/uploads\/sites\/4\/2025\/12\/Paulo-Octavio-Afonso-Assad-e-Jose-Humberto-Pires-2-1536x1024.jpg 1536w, https:\/\/newblogs.correiobraziliense.com.br\/vivabrasilia\/wp-content\/uploads\/sites\/4\/2025\/12\/Paulo-Octavio-Afonso-Assad-e-Jose-Humberto-Pires-2.jpg 2000w\" sizes=\"auto, (max-width: 1024px) 100vw, 1024px\" \/><figcaption class=\"wp-element-caption\">Paulo Oct\u00e1vio, Afonso Assad e Jos\u00e9 Humberto Pires<\/figcaption><\/figure>\n\n\n\n<figure class=\"wp-block-image size-large\"><img loading=\"lazy\" decoding=\"async\" width=\"1024\" height=\"682\" data-id=\"5420\" src=\"https:\/\/newblogs.correiobraziliense.com.br\/vivabrasilia\/wp-content\/uploads\/sites\/4\/2025\/12\/Paulo-Octavio-Afonso-Assad-e-Jose-Humberto-Pires-1024x682.jpg\" alt=\"\" class=\"wp-image-5420\" srcset=\"https:\/\/newblogs.correiobraziliense.com.br\/vivabrasilia\/wp-content\/uploads\/sites\/4\/2025\/12\/Paulo-Octavio-Afonso-Assad-e-Jose-Humberto-Pires-1024x682.jpg 1024w, https:\/\/newblogs.correiobraziliense.com.br\/vivabrasilia\/wp-content\/uploads\/sites\/4\/2025\/12\/Paulo-Octavio-Afonso-Assad-e-Jose-Humberto-Pires-300x200.jpg 300w, https:\/\/newblogs.correiobraziliense.com.br\/vivabrasilia\/wp-content\/uploads\/sites\/4\/2025\/12\/Paulo-Octavio-Afonso-Assad-e-Jose-Humberto-Pires-768x512.jpg 768w, https:\/\/newblogs.correiobraziliense.com.br\/vivabrasilia\/wp-content\/uploads\/sites\/4\/2025\/12\/Paulo-Octavio-Afonso-Assad-e-Jose-Humberto-Pires-1536x1024.jpg 1536w, https:\/\/newblogs.correiobraziliense.com.br\/vivabrasilia\/wp-content\/uploads\/sites\/4\/2025\/12\/Paulo-Octavio-Afonso-Assad-e-Jose-Humberto-Pires.jpg 2000w\" sizes=\"auto, (max-width: 1024px) 100vw, 1024px\" \/><figcaption class=\"wp-element-caption\">Paulo Oct\u00e1vio, Afonso Assad e Jos\u00e9 Humberto Pires<\/figcaption><\/figure>\n\n\n\n<figure class=\"wp-block-image size-large\"><img loading=\"lazy\" decoding=\"async\" width=\"1024\" height=\"682\" data-id=\"5412\" src=\"https:\/\/newblogs.correiobraziliense.com.br\/vivabrasilia\/wp-content\/uploads\/sites\/4\/2025\/12\/IMG_9781-1-1024x682.jpg\" alt=\"\" class=\"wp-image-5412\" srcset=\"https:\/\/newblogs.correiobraziliense.com.br\/vivabrasilia\/wp-content\/uploads\/sites\/4\/2025\/12\/IMG_9781-1-1024x682.jpg 1024w, https:\/\/newblogs.correiobraziliense.com.br\/vivabrasilia\/wp-content\/uploads\/sites\/4\/2025\/12\/IMG_9781-1-300x200.jpg 300w, https:\/\/newblogs.correiobraziliense.com.br\/vivabrasilia\/wp-content\/uploads\/sites\/4\/2025\/12\/IMG_9781-1-768x512.jpg 768w, https:\/\/newblogs.correiobraziliense.com.br\/vivabrasilia\/wp-content\/uploads\/sites\/4\/2025\/12\/IMG_9781-1-1536x1024.jpg 1536w, https:\/\/newblogs.correiobraziliense.com.br\/vivabrasilia\/wp-content\/uploads\/sites\/4\/2025\/12\/IMG_9781-1.jpg 2000w\" sizes=\"auto, (max-width: 1024px) 100vw, 1024px\" \/><\/figure>\n<\/figure>\n<\/div>\n\t\t\t<div class=\"slider-nav\">\n\t\t\t\t<button class=\"prev\">\n\t\t\t\t<svg xmlns=\"http:\/\/www.w3.org\/2000\/svg\" width=\"26\" height=\"45\" viewBox=\"0 0 26 45\" fill=\"none\">\n\t\t\t\t<path d=\"M24.9118 0.990519C25.5461 1.62494 25.9023 2.48528 25.9023 3.38235C25.9023 4.27943 25.5461 5.13977 24.9118 5.77419L8.16559 22.5204L24.9118 39.2667C25.5281 39.9047 25.8691 40.7593 25.8614 41.6463C25.8537 42.5334 25.4979 43.3819 24.8706 44.0091C24.2434 44.6364 23.3948 44.9922 22.5078 44.9999C21.6208 45.0076 20.7662 44.6666 20.1282 44.0503L0.990082 24.9123C0.355853 24.2778 -0.000438023 23.4175 -0.000438023 22.5204C-0.000438023 21.6234 0.355853 20.763 0.990082 20.1286L20.1282 0.990519C20.7626 0.35629 21.6229 0 22.52 0C23.4171 0 24.2774 0.35629 24.9118 0.990519Z\" fill=\"white\" fill-opacity=\"0.7\"><\/path>\n\t\t\t\t<\/svg>\n\t\t\t\t<\/button>\n\t\t\t\t<button class=\"next\">\n\t\t\t\t<svg xmlns=\"http:\/\/www.w3.org\/2000\/svg\" width=\"26\" height=\"45\" viewBox=\"0 0 26 45\" fill=\"none\">\n\t\t\t\t<path d=\"M0.99052 0.990519C0.356291 1.62494 0 2.48528 0 3.38235C0 4.27943 0.356291 5.13977 0.99052 5.77419L17.7368 22.5204L0.99052 39.2667C0.374265 39.9047 0.0332682 40.7593 0.0409763 41.6463C0.0486844 42.5334 0.40448 43.3819 1.03173 44.0091C1.65898 44.6364 2.5075 44.9922 3.39453 44.9999C4.28156 45.0076 5.13613 44.6666 5.77419 44.0503L24.9123 24.9123C25.5465 24.2778 25.9028 23.4175 25.9028 22.5204C25.9028 21.6234 25.5465 20.763 24.9123 20.1286L5.77419 0.990519C5.13977 0.35629 4.27943 0 3.38235 0C2.48528 0 1.62494 0.35629 0.99052 0.990519Z\" fill=\"white\" fill-opacity=\"0.7\"><\/path>\n\t\t\t\t<\/svg>\n\t\t\t\t<\/button>\n\t\t\t<\/div>\n\t\t\t<div class=\"slider-dots\"><\/div>\n\t\t\t<\/div>","protected":false},"excerpt":{"rendered":"<p>A terceira edi\u00e7\u00e3o do M\u00e9rito Imobili\u00e1rio destacou nomes cuja atua\u00e7\u00e3o movimentou o setor ao longo do ano, em uma noite marcada por homenagens que revelaram os bastidores do mercado<\/p>\n","protected":false},"author":7,"featured_media":5413,"comment_status":"closed","ping_status":"open","sticky":false,"template":"","format":"standard","meta":{"_acf_changed":false,"inline_featured_image":false,"footnotes":""},"categories":[132],"tags":[828,830],"class_list":["post-5399","post","type-post","status-publish","format-standard","has-post-thumbnail","hentry","category-cidade","tag-ademi-df","tag-premio-merito-imobiliario"],"acf":[],"yoast_head":"<!-- This site is optimized with the Yoast SEO plugin v27.3 - https:\/\/yoast.com\/product\/yoast-seo-wordpress\/ -->\n<title>ADEMI-DF celebra personalidades em noite de Pr\u00eamio M\u00e9rito Imobili\u00e1rio - Viva Bras\u00edlia<\/title>\n<meta name=\"robots\" content=\"index, follow, max-snippet:-1, max-image-preview:large, max-video-preview:-1\" \/>\n<link rel=\"canonical\" href=\"https:\/\/newblogs.correiobraziliense.com.br\/vivabrasilia\/ademi-df-celebra-personalidades-em-noite-de-premio-merito-imobiliario\/\" \/>\n<meta property=\"og:locale\" content=\"pt_BR\" \/>\n<meta property=\"og:type\" content=\"article\" \/>\n<meta property=\"og:title\" content=\"ADEMI-DF celebra personalidades em noite de Pr\u00eamio M\u00e9rito Imobili\u00e1rio - Viva Bras\u00edlia\" \/>\n<meta property=\"og:description\" content=\"A terceira edi\u00e7\u00e3o do M\u00e9rito Imobili\u00e1rio destacou nomes cuja atua\u00e7\u00e3o movimentou o setor ao longo do ano, em uma noite marcada por homenagens que revelaram os bastidores do mercado\" \/>\n<meta property=\"og:url\" content=\"https:\/\/newblogs.correiobraziliense.com.br\/vivabrasilia\/ademi-df-celebra-personalidades-em-noite-de-premio-merito-imobiliario\/\" \/>\n<meta property=\"og:site_name\" content=\"Viva Bras\u00edlia\" \/>\n<meta property=\"article:published_time\" content=\"2025-12-06T19:44:03+00:00\" \/>\n<meta property=\"article:modified_time\" content=\"2025-12-06T19:44:06+00:00\" \/>\n<meta property=\"og:image\" content=\"https:\/\/newblogs.correiobraziliense.com.br\/vivabrasilia\/wp-content\/uploads\/sites\/4\/2025\/12\/IMG_9807.jpg\" \/>\n\t<meta property=\"og:image:width\" content=\"2000\" \/>\n\t<meta property=\"og:image:height\" content=\"1333\" \/>\n\t<meta property=\"og:image:type\" content=\"image\/jpeg\" \/>\n<meta name=\"author\" content=\"Mariana Campos\" \/>\n<!-- \/ Yoast SEO plugin. -->","yoast_head_json":{"title":"ADEMI-DF celebra personalidades em noite de Pr\u00eamio M\u00e9rito Imobili\u00e1rio - Viva Bras\u00edlia","robots":{"index":"index","follow":"follow","max-snippet":"max-snippet:-1","max-image-preview":"max-image-preview:large","max-video-preview":"max-video-preview:-1"},"canonical":"https:\/\/newblogs.correiobraziliense.com.br\/vivabrasilia\/ademi-df-celebra-personalidades-em-noite-de-premio-merito-imobiliario\/","og_locale":"pt_BR","og_type":"article","og_title":"ADEMI-DF celebra personalidades em noite de Pr\u00eamio M\u00e9rito Imobili\u00e1rio - Viva Bras\u00edlia","og_description":"A terceira edi\u00e7\u00e3o do M\u00e9rito Imobili\u00e1rio destacou nomes cuja atua\u00e7\u00e3o movimentou o setor ao longo do ano, em uma noite marcada por homenagens que revelaram os bastidores do mercado","og_url":"https:\/\/newblogs.correiobraziliense.com.br\/vivabrasilia\/ademi-df-celebra-personalidades-em-noite-de-premio-merito-imobiliario\/","og_site_name":"Viva Bras\u00edlia","article_published_time":"2025-12-06T19:44:03+00:00","article_modified_time":"2025-12-06T19:44:06+00:00","og_image":[{"width":2000,"height":1333,"url":"https:\/\/newblogs.correiobraziliense.com.br\/vivabrasilia\/wp-content\/uploads\/sites\/4\/2025\/12\/IMG_9807.jpg","type":"image\/jpeg"}],"author":"Mariana Campos","schema":{"@context":"https:\/\/schema.org","@graph":[{"@type":"Article","@id":"https:\/\/newblogs.correiobraziliense.com.br\/vivabrasilia\/ademi-df-celebra-personalidades-em-noite-de-premio-merito-imobiliario\/#article","isPartOf":{"@id":"https:\/\/newblogs.correiobraziliense.com.br\/vivabrasilia\/ademi-df-celebra-personalidades-em-noite-de-premio-merito-imobiliario\/"},"author":{"name":"Mariana Campos","@id":"https:\/\/newblogs.correiobraziliense.com.br\/vivabrasilia\/#\/schema\/person\/018c75775aaa6ead74dde48a78ac7fa1"},"headline":"ADEMI-DF celebra personalidades em noite de Pr\u00eamio M\u00e9rito Imobili\u00e1rio","datePublished":"2025-12-06T19:44:03+00:00","dateModified":"2025-12-06T19:44:06+00:00","mainEntityOfPage":{"@id":"https:\/\/newblogs.correiobraziliense.com.br\/vivabrasilia\/ademi-df-celebra-personalidades-em-noite-de-premio-merito-imobiliario\/"},"wordCount":279,"image":{"@id":"https:\/\/newblogs.correiobraziliense.com.br\/vivabrasilia\/ademi-df-celebra-personalidades-em-noite-de-premio-merito-imobiliario\/#primaryimage"},"thumbnailUrl":"https:\/\/newblogs.correiobraziliense.com.br\/vivabrasilia\/wp-content\/uploads\/sites\/4\/2025\/12\/IMG_9807.jpg","keywords":["ADEMI-DF","Pr\u00eamio M\u00e9rito Imobili\u00e1rio"],"articleSection":["Cidade"],"inLanguage":"pt-BR"},{"@type":"WebPage","@id":"https:\/\/newblogs.correiobraziliense.com.br\/vivabrasilia\/ademi-df-celebra-personalidades-em-noite-de-premio-merito-imobiliario\/","url":"https:\/\/newblogs.correiobraziliense.com.br\/vivabrasilia\/ademi-df-celebra-personalidades-em-noite-de-premio-merito-imobiliario\/","name":"ADEMI-DF celebra personalidades em noite de Pr\u00eamio M\u00e9rito Imobili\u00e1rio - Viva Bras\u00edlia","isPartOf":{"@id":"https:\/\/newblogs.correiobraziliense.com.br\/vivabrasilia\/#website"},"primaryImageOfPage":{"@id":"https:\/\/newblogs.correiobraziliense.com.br\/vivabrasilia\/ademi-df-celebra-personalidades-em-noite-de-premio-merito-imobiliario\/#primaryimage"},"image":{"@id":"https:\/\/newblogs.correiobraziliense.com.br\/vivabrasilia\/ademi-df-celebra-personalidades-em-noite-de-premio-merito-imobiliario\/#primaryimage"},"thumbnailUrl":"https:\/\/newblogs.correiobraziliense.com.br\/vivabrasilia\/wp-content\/uploads\/sites\/4\/2025\/12\/IMG_9807.jpg","datePublished":"2025-12-06T19:44:03+00:00","dateModified":"2025-12-06T19:44:06+00:00","author":{"@id":"https:\/\/newblogs.correiobraziliense.com.br\/vivabrasilia\/#\/schema\/person\/018c75775aaa6ead74dde48a78ac7fa1"},"breadcrumb":{"@id":"https:\/\/newblogs.correiobraziliense.com.br\/vivabrasilia\/ademi-df-celebra-personalidades-em-noite-de-premio-merito-imobiliario\/#breadcrumb"},"inLanguage":"pt-BR","potentialAction":[{"@type":"ReadAction","target":["https:\/\/newblogs.correiobraziliense.com.br\/vivabrasilia\/ademi-df-celebra-personalidades-em-noite-de-premio-merito-imobiliario\/"]}]},{"@type":"ImageObject","inLanguage":"pt-BR","@id":"https:\/\/newblogs.correiobraziliense.com.br\/vivabrasilia\/ademi-df-celebra-personalidades-em-noite-de-premio-merito-imobiliario\/#primaryimage","url":"https:\/\/newblogs.correiobraziliense.com.br\/vivabrasilia\/wp-content\/uploads\/sites\/4\/2025\/12\/IMG_9807.jpg","contentUrl":"https:\/\/newblogs.correiobraziliense.com.br\/vivabrasilia\/wp-content\/uploads\/sites\/4\/2025\/12\/IMG_9807.jpg","width":2000,"height":1333,"caption":"ADEMI DF celebra personalidades em noite de premia\u00e7\u00e3o | Foto: Mariana Campos"},{"@type":"BreadcrumbList","@id":"https:\/\/newblogs.correiobraziliense.com.br\/vivabrasilia\/ademi-df-celebra-personalidades-em-noite-de-premio-merito-imobiliario\/#breadcrumb","itemListElement":[{"@type":"ListItem","position":1,"name":"In\u00edcio","item":"https:\/\/newblogs.correiobraziliense.com.br\/vivabrasilia\/"},{"@type":"ListItem","position":2,"name":"ADEMI-DF celebra personalidades em noite de Pr\u00eamio M\u00e9rito Imobili\u00e1rio"}]},{"@type":"WebSite","@id":"https:\/\/newblogs.correiobraziliense.com.br\/vivabrasilia\/#website","url":"https:\/\/newblogs.correiobraziliense.com.br\/vivabrasilia\/","name":"Viva Bras\u00edlia","description":"Coluna de estilo de vida","potentialAction":[{"@type":"SearchAction","target":{"@type":"EntryPoint","urlTemplate":"https:\/\/newblogs.correiobraziliense.com.br\/vivabrasilia\/?s={search_term_string}"},"query-input":{"@type":"PropertyValueSpecification","valueRequired":true,"valueName":"search_term_string"}}],"inLanguage":"pt-BR"},{"@type":"Person","@id":"https:\/\/newblogs.correiobraziliense.com.br\/vivabrasilia\/#\/schema\/person\/018c75775aaa6ead74dde48a78ac7fa1","name":"Mariana Campos","image":{"@type":"ImageObject","inLanguage":"pt-BR","@id":"https:\/\/secure.gravatar.com\/avatar\/97cd13271bc36c11415a45e9f8192828452de6a8c0e24857edbf96d21752260f?s=96&d=mm&r=g","url":"https:\/\/secure.gravatar.com\/avatar\/97cd13271bc36c11415a45e9f8192828452de6a8c0e24857edbf96d21752260f?s=96&d=mm&r=g","contentUrl":"https:\/\/secure.gravatar.com\/avatar\/97cd13271bc36c11415a45e9f8192828452de6a8c0e24857edbf96d21752260f?s=96&d=mm&r=g","caption":"Mariana Campos"},"description":"Colunista da Viva Bras\u00edlia, Mariana escreve e fotografa para a coluna. Formada em Comunica\u00e7\u00e3o, aprofundou-se no jornalismo e agora une a escrita com a fotografia para mostrar que a capital \u00e9 uma cidade viva que n\u00e3o se resume ao poder. Tamb\u00e9m faz a cobertura de moda para seu blog, Pliss\u00ea, e para as redes sociais do Correio.","sameAs":["http:\/\/newblogs.correiobraziliense.com\/plisse","https:\/\/www.instagram.com\/marigrigori"],"url":"https:\/\/newblogs.correiobraziliense.com.br\/vivabrasilia\/author\/marivivabrasilia\/"}]}},"_links":{"self":[{"href":"https:\/\/newblogs.correiobraziliense.com.br\/vivabrasilia\/wp-json\/wp\/v2\/posts\/5399","targetHints":{"allow":["GET"]}}],"collection":[{"href":"https:\/\/newblogs.correiobraziliense.com.br\/vivabrasilia\/wp-json\/wp\/v2\/posts"}],"about":[{"href":"https:\/\/newblogs.correiobraziliense.com.br\/vivabrasilia\/wp-json\/wp\/v2\/types\/post"}],"author":[{"embeddable":true,"href":"https:\/\/newblogs.correiobraziliense.com.br\/vivabrasilia\/wp-json\/wp\/v2\/users\/7"}],"replies":[{"embeddable":true,"href":"https:\/\/newblogs.correiobraziliense.com.br\/vivabrasilia\/wp-json\/wp\/v2\/comments?post=5399"}],"version-history":[{"count":1,"href":"https:\/\/newblogs.correiobraziliense.com.br\/vivabrasilia\/wp-json\/wp\/v2\/posts\/5399\/revisions"}],"predecessor-version":[{"id":5426,"href":"https:\/\/newblogs.correiobraziliense.com.br\/vivabrasilia\/wp-json\/wp\/v2\/posts\/5399\/revisions\/5426"}],"wp:featuredmedia":[{"embeddable":true,"href":"https:\/\/newblogs.correiobraziliense.com.br\/vivabrasilia\/wp-json\/wp\/v2\/media\/5413"}],"wp:attachment":[{"href":"https:\/\/newblogs.correiobraziliense.com.br\/vivabrasilia\/wp-json\/wp\/v2\/media?parent=5399"}],"wp:term":[{"taxonomy":"category","embeddable":true,"href":"https:\/\/newblogs.correiobraziliense.com.br\/vivabrasilia\/wp-json\/wp\/v2\/categories?post=5399"},{"taxonomy":"post_tag","embeddable":true,"href":"https:\/\/newblogs.correiobraziliense.com.br\/vivabrasilia\/wp-json\/wp\/v2\/tags?post=5399"}],"curies":[{"name":"wp","href":"https:\/\/api.w.org\/{rel}","templated":true}]}}