{"id":5379,"date":"2025-12-06T16:37:23","date_gmt":"2025-12-06T19:37:23","guid":{"rendered":"https:\/\/newblogs.correiobraziliense.com.br\/vivabrasilia\/?p=5379"},"modified":"2025-12-06T16:37:27","modified_gmt":"2025-12-06T19:37:27","slug":"primeira-edicao-do-merito-fecomercio-df-agracia-empresarios-e-autoridades","status":"publish","type":"post","link":"https:\/\/newblogs.correiobraziliense.com.br\/vivabrasilia\/primeira-edicao-do-merito-fecomercio-df-agracia-empresarios-e-autoridades\/","title":{"rendered":"Primeira edi\u00e7\u00e3o do M\u00e9rito Fecom\u00e9rcio-DF agracia empres\u00e1rios e autoridades"},"content":{"rendered":"\n<p>Iniciando as comemora\u00e7\u00f5es de 55 anos, o Sistema Fecom\u00e9rcio-DF recebeu empres\u00e1rios, autoridades e representantes do setor produtivo para a primeira edi\u00e7\u00e3o da homenagem M\u00e9rito Fecom\u00e9rcio-DF, realizada na \u00faltima ter\u00e7a-feira na sede da CNC. Conduzida pelo presidente Jos\u00e9 Aparecido Freire, a solenidade reconheceu dez personalidades que impulsionam o com\u00e9rcio, servi\u00e7os e turismo do DF, em uma homenagem que demonstra a for\u00e7a de um segmento respons\u00e1vel por 67% dos empregos formais e pela maior parte do PIB local. Entre os agraciados da edi\u00e7\u00e3o, nomes do empresariado e do poder p\u00fablico foram destacados pela trajet\u00f3ria de trabalho, resili\u00eancia e contribui\u00e7\u00e3o ao desenvolvimento econ\u00f4mico da capital.<\/p>\n\n\n<div class=\"slider-wrapper\"><div class=\"slider\">\n<figure class=\"wp-block-gallery has-nested-images columns-default is-cropped wp-block-gallery-1 is-layout-flex wp-block-gallery-is-layout-flex\">\n<figure class=\"wp-block-image size-large\"><img loading=\"lazy\" decoding=\"async\" width=\"1024\" height=\"682\" data-id=\"5385\" src=\"https:\/\/newblogs.correiobraziliense.com.br\/vivabrasilia\/wp-content\/uploads\/sites\/4\/2025\/12\/O-governador-do-DF-Ibaneis-Rocha-e-o-presidente-da-Fecomercio-DF-Jose-Aparecido-Freire-3-1024x682.jpg\" alt=\"\" class=\"wp-image-5385\" srcset=\"https:\/\/newblogs.correiobraziliense.com.br\/vivabrasilia\/wp-content\/uploads\/sites\/4\/2025\/12\/O-governador-do-DF-Ibaneis-Rocha-e-o-presidente-da-Fecomercio-DF-Jose-Aparecido-Freire-3-1024x682.jpg 1024w, https:\/\/newblogs.correiobraziliense.com.br\/vivabrasilia\/wp-content\/uploads\/sites\/4\/2025\/12\/O-governador-do-DF-Ibaneis-Rocha-e-o-presidente-da-Fecomercio-DF-Jose-Aparecido-Freire-3-300x200.jpg 300w, https:\/\/newblogs.correiobraziliense.com.br\/vivabrasilia\/wp-content\/uploads\/sites\/4\/2025\/12\/O-governador-do-DF-Ibaneis-Rocha-e-o-presidente-da-Fecomercio-DF-Jose-Aparecido-Freire-3-768x512.jpg 768w, https:\/\/newblogs.correiobraziliense.com.br\/vivabrasilia\/wp-content\/uploads\/sites\/4\/2025\/12\/O-governador-do-DF-Ibaneis-Rocha-e-o-presidente-da-Fecomercio-DF-Jose-Aparecido-Freire-3-1536x1024.jpg 1536w, https:\/\/newblogs.correiobraziliense.com.br\/vivabrasilia\/wp-content\/uploads\/sites\/4\/2025\/12\/O-governador-do-DF-Ibaneis-Rocha-e-o-presidente-da-Fecomercio-DF-Jose-Aparecido-Freire-3.jpg 2000w\" sizes=\"auto, (max-width: 1024px) 100vw, 1024px\" \/><figcaption class=\"wp-element-caption\">O  governador do DF Ibaneis Rocha e o presidente da Fecom\u00e9rcio-DF Jos\u00e9 Aparecido Freire<\/figcaption><\/figure>\n\n\n\n<figure class=\"wp-block-image size-large\"><img loading=\"lazy\" decoding=\"async\" width=\"1024\" height=\"682\" data-id=\"5394\" src=\"https:\/\/newblogs.correiobraziliense.com.br\/vivabrasilia\/wp-content\/uploads\/sites\/4\/2025\/12\/O-presidente-da-Fecomercio-DF-Jose-Aparecido-Freire-e-o-presidente-do-Correio-Guilherme-Machado-1024x682.jpg\" alt=\"\" class=\"wp-image-5394\" srcset=\"https:\/\/newblogs.correiobraziliense.com.br\/vivabrasilia\/wp-content\/uploads\/sites\/4\/2025\/12\/O-presidente-da-Fecomercio-DF-Jose-Aparecido-Freire-e-o-presidente-do-Correio-Guilherme-Machado-1024x682.jpg 1024w, https:\/\/newblogs.correiobraziliense.com.br\/vivabrasilia\/wp-content\/uploads\/sites\/4\/2025\/12\/O-presidente-da-Fecomercio-DF-Jose-Aparecido-Freire-e-o-presidente-do-Correio-Guilherme-Machado-300x200.jpg 300w, https:\/\/newblogs.correiobraziliense.com.br\/vivabrasilia\/wp-content\/uploads\/sites\/4\/2025\/12\/O-presidente-da-Fecomercio-DF-Jose-Aparecido-Freire-e-o-presidente-do-Correio-Guilherme-Machado-768x512.jpg 768w, https:\/\/newblogs.correiobraziliense.com.br\/vivabrasilia\/wp-content\/uploads\/sites\/4\/2025\/12\/O-presidente-da-Fecomercio-DF-Jose-Aparecido-Freire-e-o-presidente-do-Correio-Guilherme-Machado-1536x1024.jpg 1536w, https:\/\/newblogs.correiobraziliense.com.br\/vivabrasilia\/wp-content\/uploads\/sites\/4\/2025\/12\/O-presidente-da-Fecomercio-DF-Jose-Aparecido-Freire-e-o-presidente-do-Correio-Guilherme-Machado.jpg 2000w\" sizes=\"auto, (max-width: 1024px) 100vw, 1024px\" \/><figcaption class=\"wp-element-caption\">O presidente da Fecom\u00e9rcio-DF Jos\u00e9 Aparecido Freire e o presidente do Correio Guilherme Machado<\/figcaption><\/figure>\n\n\n\n<figure class=\"wp-block-image size-large\"><img loading=\"lazy\" decoding=\"async\" width=\"1024\" height=\"682\" data-id=\"5380\" src=\"https:\/\/newblogs.correiobraziliense.com.br\/vivabrasilia\/wp-content\/uploads\/sites\/4\/2025\/12\/A-diretora-do-Instituto-Fecomercio-Regina-Malheiros-o-diretor-do-Senac-DF-Valcides-Araujo-e-a-secretaria-da-Mulher-Giselle-Ferreira-1024x682.jpg\" alt=\"\" class=\"wp-image-5380\" srcset=\"https:\/\/newblogs.correiobraziliense.com.br\/vivabrasilia\/wp-content\/uploads\/sites\/4\/2025\/12\/A-diretora-do-Instituto-Fecomercio-Regina-Malheiros-o-diretor-do-Senac-DF-Valcides-Araujo-e-a-secretaria-da-Mulher-Giselle-Ferreira-1024x682.jpg 1024w, https:\/\/newblogs.correiobraziliense.com.br\/vivabrasilia\/wp-content\/uploads\/sites\/4\/2025\/12\/A-diretora-do-Instituto-Fecomercio-Regina-Malheiros-o-diretor-do-Senac-DF-Valcides-Araujo-e-a-secretaria-da-Mulher-Giselle-Ferreira-300x200.jpg 300w, https:\/\/newblogs.correiobraziliense.com.br\/vivabrasilia\/wp-content\/uploads\/sites\/4\/2025\/12\/A-diretora-do-Instituto-Fecomercio-Regina-Malheiros-o-diretor-do-Senac-DF-Valcides-Araujo-e-a-secretaria-da-Mulher-Giselle-Ferreira-768x512.jpg 768w, https:\/\/newblogs.correiobraziliense.com.br\/vivabrasilia\/wp-content\/uploads\/sites\/4\/2025\/12\/A-diretora-do-Instituto-Fecomercio-Regina-Malheiros-o-diretor-do-Senac-DF-Valcides-Araujo-e-a-secretaria-da-Mulher-Giselle-Ferreira-1536x1024.jpg 1536w, https:\/\/newblogs.correiobraziliense.com.br\/vivabrasilia\/wp-content\/uploads\/sites\/4\/2025\/12\/A-diretora-do-Instituto-Fecomercio-Regina-Malheiros-o-diretor-do-Senac-DF-Valcides-Araujo-e-a-secretaria-da-Mulher-Giselle-Ferreira.jpg 2000w\" sizes=\"auto, (max-width: 1024px) 100vw, 1024px\" \/><figcaption class=\"wp-element-caption\">A diretora do Instituto Fecom\u00e9rcio Regina Malheiros, o diretor do Senac-DF Valcides Araujo e a secret\u00e1ria da Mulher Giselle Ferreira<\/figcaption><\/figure>\n\n\n\n<figure class=\"wp-block-image size-large\"><img loading=\"lazy\" decoding=\"async\" width=\"1024\" height=\"682\" data-id=\"5381\" src=\"https:\/\/newblogs.correiobraziliense.com.br\/vivabrasilia\/wp-content\/uploads\/sites\/4\/2025\/12\/A-secretaria-da-Mulher-Giselle-Ferreira-o-presidente-do-BRB-Nelson-Souza-e-a-primeira-dama-Mayara-Noronha-1024x682.jpg\" alt=\"\" class=\"wp-image-5381\" srcset=\"https:\/\/newblogs.correiobraziliense.com.br\/vivabrasilia\/wp-content\/uploads\/sites\/4\/2025\/12\/A-secretaria-da-Mulher-Giselle-Ferreira-o-presidente-do-BRB-Nelson-Souza-e-a-primeira-dama-Mayara-Noronha-1024x682.jpg 1024w, https:\/\/newblogs.correiobraziliense.com.br\/vivabrasilia\/wp-content\/uploads\/sites\/4\/2025\/12\/A-secretaria-da-Mulher-Giselle-Ferreira-o-presidente-do-BRB-Nelson-Souza-e-a-primeira-dama-Mayara-Noronha-300x200.jpg 300w, https:\/\/newblogs.correiobraziliense.com.br\/vivabrasilia\/wp-content\/uploads\/sites\/4\/2025\/12\/A-secretaria-da-Mulher-Giselle-Ferreira-o-presidente-do-BRB-Nelson-Souza-e-a-primeira-dama-Mayara-Noronha-768x512.jpg 768w, https:\/\/newblogs.correiobraziliense.com.br\/vivabrasilia\/wp-content\/uploads\/sites\/4\/2025\/12\/A-secretaria-da-Mulher-Giselle-Ferreira-o-presidente-do-BRB-Nelson-Souza-e-a-primeira-dama-Mayara-Noronha-1536x1024.jpg 1536w, https:\/\/newblogs.correiobraziliense.com.br\/vivabrasilia\/wp-content\/uploads\/sites\/4\/2025\/12\/A-secretaria-da-Mulher-Giselle-Ferreira-o-presidente-do-BRB-Nelson-Souza-e-a-primeira-dama-Mayara-Noronha.jpg 2000w\" sizes=\"auto, (max-width: 1024px) 100vw, 1024px\" \/><figcaption class=\"wp-element-caption\">A secret\u00e1ria da Mulher Giselle Ferreira, o presidente do BRB Nelson Souza e a primeira-dama Mayara Noronha<\/figcaption><\/figure>\n\n\n\n<figure class=\"wp-block-image size-large\"><img loading=\"lazy\" decoding=\"async\" width=\"1024\" height=\"682\" data-id=\"5382\" src=\"https:\/\/newblogs.correiobraziliense.com.br\/vivabrasilia\/wp-content\/uploads\/sites\/4\/2025\/12\/Flavio-Marcilio-Janete-Vaz-e-Wilfriedo-Augusto-1024x682.jpg\" alt=\"\" class=\"wp-image-5382\" srcset=\"https:\/\/newblogs.correiobraziliense.com.br\/vivabrasilia\/wp-content\/uploads\/sites\/4\/2025\/12\/Flavio-Marcilio-Janete-Vaz-e-Wilfriedo-Augusto-1024x682.jpg 1024w, https:\/\/newblogs.correiobraziliense.com.br\/vivabrasilia\/wp-content\/uploads\/sites\/4\/2025\/12\/Flavio-Marcilio-Janete-Vaz-e-Wilfriedo-Augusto-300x200.jpg 300w, https:\/\/newblogs.correiobraziliense.com.br\/vivabrasilia\/wp-content\/uploads\/sites\/4\/2025\/12\/Flavio-Marcilio-Janete-Vaz-e-Wilfriedo-Augusto-768x512.jpg 768w, https:\/\/newblogs.correiobraziliense.com.br\/vivabrasilia\/wp-content\/uploads\/sites\/4\/2025\/12\/Flavio-Marcilio-Janete-Vaz-e-Wilfriedo-Augusto-1536x1024.jpg 1536w, https:\/\/newblogs.correiobraziliense.com.br\/vivabrasilia\/wp-content\/uploads\/sites\/4\/2025\/12\/Flavio-Marcilio-Janete-Vaz-e-Wilfriedo-Augusto.jpg 2000w\" sizes=\"auto, (max-width: 1024px) 100vw, 1024px\" \/><figcaption class=\"wp-element-caption\">Fl\u00e1vio Marc\u00edlio, Janete Vaz e Wilfriedo Augusto<\/figcaption><\/figure>\n\n\n\n<figure class=\"wp-block-image size-large\"><img loading=\"lazy\" decoding=\"async\" width=\"1024\" height=\"682\" data-id=\"5384\" src=\"https:\/\/newblogs.correiobraziliense.com.br\/vivabrasilia\/wp-content\/uploads\/sites\/4\/2025\/12\/O-governador-do-DF-Ibaneis-Rocha-e-o-presidente-da-Fecomercio-DF-Jose-Aparecido-Freire-2-1024x682.jpg\" alt=\"\" class=\"wp-image-5384\" srcset=\"https:\/\/newblogs.correiobraziliense.com.br\/vivabrasilia\/wp-content\/uploads\/sites\/4\/2025\/12\/O-governador-do-DF-Ibaneis-Rocha-e-o-presidente-da-Fecomercio-DF-Jose-Aparecido-Freire-2-1024x682.jpg 1024w, https:\/\/newblogs.correiobraziliense.com.br\/vivabrasilia\/wp-content\/uploads\/sites\/4\/2025\/12\/O-governador-do-DF-Ibaneis-Rocha-e-o-presidente-da-Fecomercio-DF-Jose-Aparecido-Freire-2-300x200.jpg 300w, https:\/\/newblogs.correiobraziliense.com.br\/vivabrasilia\/wp-content\/uploads\/sites\/4\/2025\/12\/O-governador-do-DF-Ibaneis-Rocha-e-o-presidente-da-Fecomercio-DF-Jose-Aparecido-Freire-2-768x512.jpg 768w, https:\/\/newblogs.correiobraziliense.com.br\/vivabrasilia\/wp-content\/uploads\/sites\/4\/2025\/12\/O-governador-do-DF-Ibaneis-Rocha-e-o-presidente-da-Fecomercio-DF-Jose-Aparecido-Freire-2-1536x1024.jpg 1536w, https:\/\/newblogs.correiobraziliense.com.br\/vivabrasilia\/wp-content\/uploads\/sites\/4\/2025\/12\/O-governador-do-DF-Ibaneis-Rocha-e-o-presidente-da-Fecomercio-DF-Jose-Aparecido-Freire-2.jpg 2000w\" sizes=\"auto, (max-width: 1024px) 100vw, 1024px\" \/><figcaption class=\"wp-element-caption\">O  governador do DF Ibaneis Rocha e o presidente da Fecom\u00e9rcio-DF Jos\u00e9 Aparecido Freire<\/figcaption><\/figure>\n\n\n\n<figure class=\"wp-block-image size-large\"><img loading=\"lazy\" decoding=\"async\" width=\"1024\" height=\"682\" data-id=\"5397\" src=\"https:\/\/newblogs.correiobraziliense.com.br\/vivabrasilia\/wp-content\/uploads\/sites\/4\/2025\/12\/O-presidente-do-CDL-Eduardo-Pereira-Neto--1024x682.jpg\" alt=\"\" class=\"wp-image-5397\" srcset=\"https:\/\/newblogs.correiobraziliense.com.br\/vivabrasilia\/wp-content\/uploads\/sites\/4\/2025\/12\/O-presidente-do-CDL-Eduardo-Pereira-Neto--1024x682.jpg 1024w, https:\/\/newblogs.correiobraziliense.com.br\/vivabrasilia\/wp-content\/uploads\/sites\/4\/2025\/12\/O-presidente-do-CDL-Eduardo-Pereira-Neto--300x200.jpg 300w, https:\/\/newblogs.correiobraziliense.com.br\/vivabrasilia\/wp-content\/uploads\/sites\/4\/2025\/12\/O-presidente-do-CDL-Eduardo-Pereira-Neto--768x512.jpg 768w, https:\/\/newblogs.correiobraziliense.com.br\/vivabrasilia\/wp-content\/uploads\/sites\/4\/2025\/12\/O-presidente-do-CDL-Eduardo-Pereira-Neto--1536x1024.jpg 1536w, https:\/\/newblogs.correiobraziliense.com.br\/vivabrasilia\/wp-content\/uploads\/sites\/4\/2025\/12\/O-presidente-do-CDL-Eduardo-Pereira-Neto-.jpg 2000w\" sizes=\"auto, (max-width: 1024px) 100vw, 1024px\" \/><figcaption class=\"wp-element-caption\">O presidente do CDL Eduardo Pereira Neto, o diretor do Sindivarejista Edson de Castro, o presidente do Sindivarejista Sebasti\u00e3o Abritta e o preisdente do conselho do Sebrae-DF Fernando Ribeiro<\/figcaption><\/figure>\n\n\n\n<figure class=\"wp-block-image size-large\"><img loading=\"lazy\" decoding=\"async\" width=\"1024\" height=\"682\" data-id=\"5387\" src=\"https:\/\/newblogs.correiobraziliense.com.br\/vivabrasilia\/wp-content\/uploads\/sites\/4\/2025\/12\/O-governador-do-DF-Ibaneis-Rocha-e-o-presidente-da-Fecomercio-DF-Jose-Aparecido-Freire-1024x682.jpg\" alt=\"\" class=\"wp-image-5387\" srcset=\"https:\/\/newblogs.correiobraziliense.com.br\/vivabrasilia\/wp-content\/uploads\/sites\/4\/2025\/12\/O-governador-do-DF-Ibaneis-Rocha-e-o-presidente-da-Fecomercio-DF-Jose-Aparecido-Freire-1024x682.jpg 1024w, https:\/\/newblogs.correiobraziliense.com.br\/vivabrasilia\/wp-content\/uploads\/sites\/4\/2025\/12\/O-governador-do-DF-Ibaneis-Rocha-e-o-presidente-da-Fecomercio-DF-Jose-Aparecido-Freire-300x200.jpg 300w, https:\/\/newblogs.correiobraziliense.com.br\/vivabrasilia\/wp-content\/uploads\/sites\/4\/2025\/12\/O-governador-do-DF-Ibaneis-Rocha-e-o-presidente-da-Fecomercio-DF-Jose-Aparecido-Freire-768x512.jpg 768w, https:\/\/newblogs.correiobraziliense.com.br\/vivabrasilia\/wp-content\/uploads\/sites\/4\/2025\/12\/O-governador-do-DF-Ibaneis-Rocha-e-o-presidente-da-Fecomercio-DF-Jose-Aparecido-Freire-1536x1024.jpg 1536w, https:\/\/newblogs.correiobraziliense.com.br\/vivabrasilia\/wp-content\/uploads\/sites\/4\/2025\/12\/O-governador-do-DF-Ibaneis-Rocha-e-o-presidente-da-Fecomercio-DF-Jose-Aparecido-Freire.jpg 2000w\" sizes=\"auto, (max-width: 1024px) 100vw, 1024px\" \/><figcaption class=\"wp-element-caption\">O  governador do DF Ibaneis Rocha e o presidente da Fecom\u00e9rcio-DF Jos\u00e9 Aparecido Freire<\/figcaption><\/figure>\n\n\n\n<figure class=\"wp-block-image size-large\"><img loading=\"lazy\" decoding=\"async\" width=\"1024\" height=\"682\" data-id=\"5395\" src=\"https:\/\/newblogs.correiobraziliense.com.br\/vivabrasilia\/wp-content\/uploads\/sites\/4\/2025\/12\/O-secretario-de-Governo-Jose-Humberto-Pires-e-o-presidente-do-Sindhobar-Jael-Antonio-da-Silva-1024x682.jpg\" alt=\"\" class=\"wp-image-5395\" srcset=\"https:\/\/newblogs.correiobraziliense.com.br\/vivabrasilia\/wp-content\/uploads\/sites\/4\/2025\/12\/O-secretario-de-Governo-Jose-Humberto-Pires-e-o-presidente-do-Sindhobar-Jael-Antonio-da-Silva-1024x682.jpg 1024w, https:\/\/newblogs.correiobraziliense.com.br\/vivabrasilia\/wp-content\/uploads\/sites\/4\/2025\/12\/O-secretario-de-Governo-Jose-Humberto-Pires-e-o-presidente-do-Sindhobar-Jael-Antonio-da-Silva-300x200.jpg 300w, https:\/\/newblogs.correiobraziliense.com.br\/vivabrasilia\/wp-content\/uploads\/sites\/4\/2025\/12\/O-secretario-de-Governo-Jose-Humberto-Pires-e-o-presidente-do-Sindhobar-Jael-Antonio-da-Silva-768x512.jpg 768w, https:\/\/newblogs.correiobraziliense.com.br\/vivabrasilia\/wp-content\/uploads\/sites\/4\/2025\/12\/O-secretario-de-Governo-Jose-Humberto-Pires-e-o-presidente-do-Sindhobar-Jael-Antonio-da-Silva-1536x1024.jpg 1536w, https:\/\/newblogs.correiobraziliense.com.br\/vivabrasilia\/wp-content\/uploads\/sites\/4\/2025\/12\/O-secretario-de-Governo-Jose-Humberto-Pires-e-o-presidente-do-Sindhobar-Jael-Antonio-da-Silva.jpg 2000w\" sizes=\"auto, (max-width: 1024px) 100vw, 1024px\" \/><figcaption class=\"wp-element-caption\">O secret\u00e1rio de Governo Jos\u00e9 Humberto Pires e o presidente do Sindhobar Jael Ant\u00f4nio da Silva<\/figcaption><\/figure>\n\n\n\n<figure class=\"wp-block-image size-large\"><img loading=\"lazy\" decoding=\"async\" width=\"1024\" height=\"682\" data-id=\"5390\" src=\"https:\/\/newblogs.correiobraziliense.com.br\/vivabrasilia\/wp-content\/uploads\/sites\/4\/2025\/12\/O-diretor-do-Senac-DF-Valcides-Araujo-o-secretario-de-Governo-Jose-Humbero-Pires-e-a-diretora-do-Instituto-Fecomercio-Regina-Malheiros-1024x682.jpg\" alt=\"\" class=\"wp-image-5390\" srcset=\"https:\/\/newblogs.correiobraziliense.com.br\/vivabrasilia\/wp-content\/uploads\/sites\/4\/2025\/12\/O-diretor-do-Senac-DF-Valcides-Araujo-o-secretario-de-Governo-Jose-Humbero-Pires-e-a-diretora-do-Instituto-Fecomercio-Regina-Malheiros-1024x682.jpg 1024w, https:\/\/newblogs.correiobraziliense.com.br\/vivabrasilia\/wp-content\/uploads\/sites\/4\/2025\/12\/O-diretor-do-Senac-DF-Valcides-Araujo-o-secretario-de-Governo-Jose-Humbero-Pires-e-a-diretora-do-Instituto-Fecomercio-Regina-Malheiros-300x200.jpg 300w, https:\/\/newblogs.correiobraziliense.com.br\/vivabrasilia\/wp-content\/uploads\/sites\/4\/2025\/12\/O-diretor-do-Senac-DF-Valcides-Araujo-o-secretario-de-Governo-Jose-Humbero-Pires-e-a-diretora-do-Instituto-Fecomercio-Regina-Malheiros-768x512.jpg 768w, https:\/\/newblogs.correiobraziliense.com.br\/vivabrasilia\/wp-content\/uploads\/sites\/4\/2025\/12\/O-diretor-do-Senac-DF-Valcides-Araujo-o-secretario-de-Governo-Jose-Humbero-Pires-e-a-diretora-do-Instituto-Fecomercio-Regina-Malheiros-1536x1024.jpg 1536w, https:\/\/newblogs.correiobraziliense.com.br\/vivabrasilia\/wp-content\/uploads\/sites\/4\/2025\/12\/O-diretor-do-Senac-DF-Valcides-Araujo-o-secretario-de-Governo-Jose-Humbero-Pires-e-a-diretora-do-Instituto-Fecomercio-Regina-Malheiros.jpg 2000w\" sizes=\"auto, (max-width: 1024px) 100vw, 1024px\" \/><figcaption class=\"wp-element-caption\">O diretor do Senac-DF Valcides Ara\u00fajo, o secret\u00e1rio de Governo Jos\u00e9 Humbero Pires e a diretora do Instituto Fecom\u00e9rcio Regina Malheiros<\/figcaption><\/figure>\n\n\n\n<figure class=\"wp-block-image size-large\"><img loading=\"lazy\" decoding=\"async\" width=\"1024\" height=\"682\" data-id=\"5392\" src=\"https:\/\/newblogs.correiobraziliense.com.br\/vivabrasilia\/wp-content\/uploads\/sites\/4\/2025\/12\/O-presidente-da-Fecomercio-DF-Jose-Aparecido-Freire-e-o-governador-do-DF-Ibaneis-Rocha-1024x682.jpg\" alt=\"\" class=\"wp-image-5392\" srcset=\"https:\/\/newblogs.correiobraziliense.com.br\/vivabrasilia\/wp-content\/uploads\/sites\/4\/2025\/12\/O-presidente-da-Fecomercio-DF-Jose-Aparecido-Freire-e-o-governador-do-DF-Ibaneis-Rocha-1024x682.jpg 1024w, https:\/\/newblogs.correiobraziliense.com.br\/vivabrasilia\/wp-content\/uploads\/sites\/4\/2025\/12\/O-presidente-da-Fecomercio-DF-Jose-Aparecido-Freire-e-o-governador-do-DF-Ibaneis-Rocha-300x200.jpg 300w, https:\/\/newblogs.correiobraziliense.com.br\/vivabrasilia\/wp-content\/uploads\/sites\/4\/2025\/12\/O-presidente-da-Fecomercio-DF-Jose-Aparecido-Freire-e-o-governador-do-DF-Ibaneis-Rocha-768x512.jpg 768w, https:\/\/newblogs.correiobraziliense.com.br\/vivabrasilia\/wp-content\/uploads\/sites\/4\/2025\/12\/O-presidente-da-Fecomercio-DF-Jose-Aparecido-Freire-e-o-governador-do-DF-Ibaneis-Rocha-1536x1024.jpg 1536w, https:\/\/newblogs.correiobraziliense.com.br\/vivabrasilia\/wp-content\/uploads\/sites\/4\/2025\/12\/O-presidente-da-Fecomercio-DF-Jose-Aparecido-Freire-e-o-governador-do-DF-Ibaneis-Rocha.jpg 2000w\" sizes=\"auto, (max-width: 1024px) 100vw, 1024px\" \/><figcaption class=\"wp-element-caption\">O presidente da Fecom\u00e9rcio-DF Jos\u00e9 Aparecido Freire e o governador do DF Ibaneis Rocha<\/figcaption><\/figure>\n\n\n\n<figure class=\"wp-block-image size-large\"><img loading=\"lazy\" decoding=\"async\" width=\"1024\" height=\"682\" data-id=\"5396\" src=\"https:\/\/newblogs.correiobraziliense.com.br\/vivabrasilia\/wp-content\/uploads\/sites\/4\/2025\/12\/O-secretario-de-Governo-Jose-Humberto-Pires-o-presidente-do-Sindhobar-Jael-Antonio-da-Silva-Larissa-Catelli-e-Luis-Bermudez-1024x682.jpg\" alt=\"\" class=\"wp-image-5396\" srcset=\"https:\/\/newblogs.correiobraziliense.com.br\/vivabrasilia\/wp-content\/uploads\/sites\/4\/2025\/12\/O-secretario-de-Governo-Jose-Humberto-Pires-o-presidente-do-Sindhobar-Jael-Antonio-da-Silva-Larissa-Catelli-e-Luis-Bermudez-1024x682.jpg 1024w, https:\/\/newblogs.correiobraziliense.com.br\/vivabrasilia\/wp-content\/uploads\/sites\/4\/2025\/12\/O-secretario-de-Governo-Jose-Humberto-Pires-o-presidente-do-Sindhobar-Jael-Antonio-da-Silva-Larissa-Catelli-e-Luis-Bermudez-300x200.jpg 300w, https:\/\/newblogs.correiobraziliense.com.br\/vivabrasilia\/wp-content\/uploads\/sites\/4\/2025\/12\/O-secretario-de-Governo-Jose-Humberto-Pires-o-presidente-do-Sindhobar-Jael-Antonio-da-Silva-Larissa-Catelli-e-Luis-Bermudez-768x512.jpg 768w, https:\/\/newblogs.correiobraziliense.com.br\/vivabrasilia\/wp-content\/uploads\/sites\/4\/2025\/12\/O-secretario-de-Governo-Jose-Humberto-Pires-o-presidente-do-Sindhobar-Jael-Antonio-da-Silva-Larissa-Catelli-e-Luis-Bermudez-1536x1024.jpg 1536w, https:\/\/newblogs.correiobraziliense.com.br\/vivabrasilia\/wp-content\/uploads\/sites\/4\/2025\/12\/O-secretario-de-Governo-Jose-Humberto-Pires-o-presidente-do-Sindhobar-Jael-Antonio-da-Silva-Larissa-Catelli-e-Luis-Bermudez.jpg 2000w\" sizes=\"auto, (max-width: 1024px) 100vw, 1024px\" \/><figcaption class=\"wp-element-caption\">O secret\u00e1rio de Governo Jos\u00e9 Humberto Pires, o presidente do Sindhobar Jael Ant\u00f4nio da Silva, Larissa Catelli e Luis Bermudez<\/figcaption><\/figure>\n<\/figure>\n<\/div>\n\t\t\t<div class=\"slider-nav\">\n\t\t\t\t<button class=\"prev\">\n\t\t\t\t<svg xmlns=\"http:\/\/www.w3.org\/2000\/svg\" width=\"26\" height=\"45\" viewBox=\"0 0 26 45\" fill=\"none\">\n\t\t\t\t<path d=\"M24.9118 0.990519C25.5461 1.62494 25.9023 2.48528 25.9023 3.38235C25.9023 4.27943 25.5461 5.13977 24.9118 5.77419L8.16559 22.5204L24.9118 39.2667C25.5281 39.9047 25.8691 40.7593 25.8614 41.6463C25.8537 42.5334 25.4979 43.3819 24.8706 44.0091C24.2434 44.6364 23.3948 44.9922 22.5078 44.9999C21.6208 45.0076 20.7662 44.6666 20.1282 44.0503L0.990082 24.9123C0.355853 24.2778 -0.000438023 23.4175 -0.000438023 22.5204C-0.000438023 21.6234 0.355853 20.763 0.990082 20.1286L20.1282 0.990519C20.7626 0.35629 21.6229 0 22.52 0C23.4171 0 24.2774 0.35629 24.9118 0.990519Z\" fill=\"white\" fill-opacity=\"0.7\"><\/path>\n\t\t\t\t<\/svg>\n\t\t\t\t<\/button>\n\t\t\t\t<button class=\"next\">\n\t\t\t\t<svg xmlns=\"http:\/\/www.w3.org\/2000\/svg\" width=\"26\" height=\"45\" viewBox=\"0 0 26 45\" fill=\"none\">\n\t\t\t\t<path d=\"M0.99052 0.990519C0.356291 1.62494 0 2.48528 0 3.38235C0 4.27943 0.356291 5.13977 0.99052 5.77419L17.7368 22.5204L0.99052 39.2667C0.374265 39.9047 0.0332682 40.7593 0.0409763 41.6463C0.0486844 42.5334 0.40448 43.3819 1.03173 44.0091C1.65898 44.6364 2.5075 44.9922 3.39453 44.9999C4.28156 45.0076 5.13613 44.6666 5.77419 44.0503L24.9123 24.9123C25.5465 24.2778 25.9028 23.4175 25.9028 22.5204C25.9028 21.6234 25.5465 20.763 24.9123 20.1286L5.77419 0.990519C5.13977 0.35629 4.27943 0 3.38235 0C2.48528 0 1.62494 0.35629 0.99052 0.990519Z\" fill=\"white\" fill-opacity=\"0.7\"><\/path>\n\t\t\t\t<\/svg>\n\t\t\t\t<\/button>\n\t\t\t<\/div>\n\t\t\t<div class=\"slider-dots\"><\/div>\n\t\t\t<\/div>","protected":false},"excerpt":{"rendered":"<p>A estreia da honraria reuniu lideran\u00e7as do com\u00e9rcio e do poder p\u00fablico em uma cerim\u00f4nia que evidenciou quem tem guiado as transforma\u00e7\u00f5es recentes do setor e quais caminhos devem ganhar for\u00e7a a partir de agora<\/p>\n","protected":false},"author":7,"featured_media":5388,"comment_status":"closed","ping_status":"open","sticky":false,"template":"","format":"standard","meta":{"_acf_changed":false,"inline_featured_image":false,"footnotes":""},"categories":[132],"tags":[377,1158,709],"class_list":["post-5379","post","type-post","status-publish","format-standard","has-post-thumbnail","hentry","category-cidade","tag-fecomercio","tag-merito-fecomercio","tag-premiacao"],"acf":[],"yoast_head":"<!-- This site is optimized with the Yoast SEO plugin v27.3 - https:\/\/yoast.com\/product\/yoast-seo-wordpress\/ -->\n<title>Primeira edi\u00e7\u00e3o do M\u00e9rito Fecom\u00e9rcio-DF agracia empres\u00e1rios e autoridades - Viva Bras\u00edlia<\/title>\n<meta name=\"robots\" content=\"index, follow, max-snippet:-1, max-image-preview:large, max-video-preview:-1\" \/>\n<link rel=\"canonical\" href=\"https:\/\/newblogs.correiobraziliense.com.br\/vivabrasilia\/primeira-edicao-do-merito-fecomercio-df-agracia-empresarios-e-autoridades\/\" \/>\n<meta property=\"og:locale\" content=\"pt_BR\" \/>\n<meta property=\"og:type\" content=\"article\" \/>\n<meta property=\"og:title\" content=\"Primeira edi\u00e7\u00e3o do M\u00e9rito Fecom\u00e9rcio-DF agracia empres\u00e1rios e autoridades - Viva Bras\u00edlia\" \/>\n<meta property=\"og:description\" content=\"A estreia da honraria reuniu lideran\u00e7as do com\u00e9rcio e do poder p\u00fablico em uma cerim\u00f4nia que evidenciou quem tem guiado as transforma\u00e7\u00f5es recentes do setor e quais caminhos devem ganhar for\u00e7a a partir de agora\" \/>\n<meta property=\"og:url\" content=\"https:\/\/newblogs.correiobraziliense.com.br\/vivabrasilia\/primeira-edicao-do-merito-fecomercio-df-agracia-empresarios-e-autoridades\/\" \/>\n<meta property=\"og:site_name\" content=\"Viva Bras\u00edlia\" \/>\n<meta property=\"article:published_time\" content=\"2025-12-06T19:37:23+00:00\" \/>\n<meta property=\"article:modified_time\" content=\"2025-12-06T19:37:27+00:00\" \/>\n<meta property=\"og:image\" content=\"https:\/\/newblogs.correiobraziliense.com.br\/vivabrasilia\/wp-content\/uploads\/sites\/4\/2025\/12\/O-agraciados-pelo-Merito-Sistema-Fecomercio-2025-2.jpg\" \/>\n\t<meta property=\"og:image:width\" content=\"2000\" \/>\n\t<meta property=\"og:image:height\" content=\"1333\" \/>\n\t<meta property=\"og:image:type\" content=\"image\/jpeg\" \/>\n<meta name=\"author\" content=\"Mariana Campos\" \/>\n<!-- \/ Yoast SEO plugin. -->","yoast_head_json":{"title":"Primeira edi\u00e7\u00e3o do M\u00e9rito Fecom\u00e9rcio-DF agracia empres\u00e1rios e autoridades - Viva Bras\u00edlia","robots":{"index":"index","follow":"follow","max-snippet":"max-snippet:-1","max-image-preview":"max-image-preview:large","max-video-preview":"max-video-preview:-1"},"canonical":"https:\/\/newblogs.correiobraziliense.com.br\/vivabrasilia\/primeira-edicao-do-merito-fecomercio-df-agracia-empresarios-e-autoridades\/","og_locale":"pt_BR","og_type":"article","og_title":"Primeira edi\u00e7\u00e3o do M\u00e9rito Fecom\u00e9rcio-DF agracia empres\u00e1rios e autoridades - Viva Bras\u00edlia","og_description":"A estreia da honraria reuniu lideran\u00e7as do com\u00e9rcio e do poder p\u00fablico em uma cerim\u00f4nia que evidenciou quem tem guiado as transforma\u00e7\u00f5es recentes do setor e quais caminhos devem ganhar for\u00e7a a partir de agora","og_url":"https:\/\/newblogs.correiobraziliense.com.br\/vivabrasilia\/primeira-edicao-do-merito-fecomercio-df-agracia-empresarios-e-autoridades\/","og_site_name":"Viva Bras\u00edlia","article_published_time":"2025-12-06T19:37:23+00:00","article_modified_time":"2025-12-06T19:37:27+00:00","og_image":[{"width":2000,"height":1333,"url":"https:\/\/newblogs.correiobraziliense.com.br\/vivabrasilia\/wp-content\/uploads\/sites\/4\/2025\/12\/O-agraciados-pelo-Merito-Sistema-Fecomercio-2025-2.jpg","type":"image\/jpeg"}],"author":"Mariana Campos","schema":{"@context":"https:\/\/schema.org","@graph":[{"@type":"Article","@id":"https:\/\/newblogs.correiobraziliense.com.br\/vivabrasilia\/primeira-edicao-do-merito-fecomercio-df-agracia-empresarios-e-autoridades\/#article","isPartOf":{"@id":"https:\/\/newblogs.correiobraziliense.com.br\/vivabrasilia\/primeira-edicao-do-merito-fecomercio-df-agracia-empresarios-e-autoridades\/"},"author":{"name":"Mariana Campos","@id":"https:\/\/newblogs.correiobraziliense.com.br\/vivabrasilia\/#\/schema\/person\/018c75775aaa6ead74dde48a78ac7fa1"},"headline":"Primeira edi\u00e7\u00e3o do M\u00e9rito Fecom\u00e9rcio-DF agracia empres\u00e1rios e autoridades","datePublished":"2025-12-06T19:37:23+00:00","dateModified":"2025-12-06T19:37:27+00:00","mainEntityOfPage":{"@id":"https:\/\/newblogs.correiobraziliense.com.br\/vivabrasilia\/primeira-edicao-do-merito-fecomercio-df-agracia-empresarios-e-autoridades\/"},"wordCount":348,"image":{"@id":"https:\/\/newblogs.correiobraziliense.com.br\/vivabrasilia\/primeira-edicao-do-merito-fecomercio-df-agracia-empresarios-e-autoridades\/#primaryimage"},"thumbnailUrl":"https:\/\/newblogs.correiobraziliense.com.br\/vivabrasilia\/wp-content\/uploads\/sites\/4\/2025\/12\/O-agraciados-pelo-Merito-Sistema-Fecomercio-2025-2.jpg","keywords":["Fecom\u00e9rcio","M\u00e9rito Fecom\u00e9rcio","Premia\u00e7\u00e3o"],"articleSection":["Cidade"],"inLanguage":"pt-BR"},{"@type":"WebPage","@id":"https:\/\/newblogs.correiobraziliense.com.br\/vivabrasilia\/primeira-edicao-do-merito-fecomercio-df-agracia-empresarios-e-autoridades\/","url":"https:\/\/newblogs.correiobraziliense.com.br\/vivabrasilia\/primeira-edicao-do-merito-fecomercio-df-agracia-empresarios-e-autoridades\/","name":"Primeira edi\u00e7\u00e3o do M\u00e9rito Fecom\u00e9rcio-DF agracia empres\u00e1rios e autoridades - Viva Bras\u00edlia","isPartOf":{"@id":"https:\/\/newblogs.correiobraziliense.com.br\/vivabrasilia\/#website"},"primaryImageOfPage":{"@id":"https:\/\/newblogs.correiobraziliense.com.br\/vivabrasilia\/primeira-edicao-do-merito-fecomercio-df-agracia-empresarios-e-autoridades\/#primaryimage"},"image":{"@id":"https:\/\/newblogs.correiobraziliense.com.br\/vivabrasilia\/primeira-edicao-do-merito-fecomercio-df-agracia-empresarios-e-autoridades\/#primaryimage"},"thumbnailUrl":"https:\/\/newblogs.correiobraziliense.com.br\/vivabrasilia\/wp-content\/uploads\/sites\/4\/2025\/12\/O-agraciados-pelo-Merito-Sistema-Fecomercio-2025-2.jpg","datePublished":"2025-12-06T19:37:23+00:00","dateModified":"2025-12-06T19:37:27+00:00","author":{"@id":"https:\/\/newblogs.correiobraziliense.com.br\/vivabrasilia\/#\/schema\/person\/018c75775aaa6ead74dde48a78ac7fa1"},"breadcrumb":{"@id":"https:\/\/newblogs.correiobraziliense.com.br\/vivabrasilia\/primeira-edicao-do-merito-fecomercio-df-agracia-empresarios-e-autoridades\/#breadcrumb"},"inLanguage":"pt-BR","potentialAction":[{"@type":"ReadAction","target":["https:\/\/newblogs.correiobraziliense.com.br\/vivabrasilia\/primeira-edicao-do-merito-fecomercio-df-agracia-empresarios-e-autoridades\/"]}]},{"@type":"ImageObject","inLanguage":"pt-BR","@id":"https:\/\/newblogs.correiobraziliense.com.br\/vivabrasilia\/primeira-edicao-do-merito-fecomercio-df-agracia-empresarios-e-autoridades\/#primaryimage","url":"https:\/\/newblogs.correiobraziliense.com.br\/vivabrasilia\/wp-content\/uploads\/sites\/4\/2025\/12\/O-agraciados-pelo-Merito-Sistema-Fecomercio-2025-2.jpg","contentUrl":"https:\/\/newblogs.correiobraziliense.com.br\/vivabrasilia\/wp-content\/uploads\/sites\/4\/2025\/12\/O-agraciados-pelo-Merito-Sistema-Fecomercio-2025-2.jpg","width":2000,"height":1333,"caption":"O agraciados pelo M\u00e9rito Sistema Fecom\u00e9rcio 2025 | Foto: Mariana Campos"},{"@type":"BreadcrumbList","@id":"https:\/\/newblogs.correiobraziliense.com.br\/vivabrasilia\/primeira-edicao-do-merito-fecomercio-df-agracia-empresarios-e-autoridades\/#breadcrumb","itemListElement":[{"@type":"ListItem","position":1,"name":"In\u00edcio","item":"https:\/\/newblogs.correiobraziliense.com.br\/vivabrasilia\/"},{"@type":"ListItem","position":2,"name":"Primeira edi\u00e7\u00e3o do M\u00e9rito Fecom\u00e9rcio-DF agracia empres\u00e1rios e autoridades"}]},{"@type":"WebSite","@id":"https:\/\/newblogs.correiobraziliense.com.br\/vivabrasilia\/#website","url":"https:\/\/newblogs.correiobraziliense.com.br\/vivabrasilia\/","name":"Viva Bras\u00edlia","description":"Coluna de estilo de vida","potentialAction":[{"@type":"SearchAction","target":{"@type":"EntryPoint","urlTemplate":"https:\/\/newblogs.correiobraziliense.com.br\/vivabrasilia\/?s={search_term_string}"},"query-input":{"@type":"PropertyValueSpecification","valueRequired":true,"valueName":"search_term_string"}}],"inLanguage":"pt-BR"},{"@type":"Person","@id":"https:\/\/newblogs.correiobraziliense.com.br\/vivabrasilia\/#\/schema\/person\/018c75775aaa6ead74dde48a78ac7fa1","name":"Mariana Campos","image":{"@type":"ImageObject","inLanguage":"pt-BR","@id":"https:\/\/secure.gravatar.com\/avatar\/97cd13271bc36c11415a45e9f8192828452de6a8c0e24857edbf96d21752260f?s=96&d=mm&r=g","url":"https:\/\/secure.gravatar.com\/avatar\/97cd13271bc36c11415a45e9f8192828452de6a8c0e24857edbf96d21752260f?s=96&d=mm&r=g","contentUrl":"https:\/\/secure.gravatar.com\/avatar\/97cd13271bc36c11415a45e9f8192828452de6a8c0e24857edbf96d21752260f?s=96&d=mm&r=g","caption":"Mariana Campos"},"description":"Colunista da Viva Bras\u00edlia, Mariana escreve e fotografa para a coluna. Formada em Comunica\u00e7\u00e3o, aprofundou-se no jornalismo e agora une a escrita com a fotografia para mostrar que a capital \u00e9 uma cidade viva que n\u00e3o se resume ao poder. Tamb\u00e9m faz a cobertura de moda para seu blog, Pliss\u00ea, e para as redes sociais do Correio.","sameAs":["http:\/\/newblogs.correiobraziliense.com\/plisse","https:\/\/www.instagram.com\/marigrigori"],"url":"https:\/\/newblogs.correiobraziliense.com.br\/vivabrasilia\/author\/marivivabrasilia\/"}]}},"_links":{"self":[{"href":"https:\/\/newblogs.correiobraziliense.com.br\/vivabrasilia\/wp-json\/wp\/v2\/posts\/5379","targetHints":{"allow":["GET"]}}],"collection":[{"href":"https:\/\/newblogs.correiobraziliense.com.br\/vivabrasilia\/wp-json\/wp\/v2\/posts"}],"about":[{"href":"https:\/\/newblogs.correiobraziliense.com.br\/vivabrasilia\/wp-json\/wp\/v2\/types\/post"}],"author":[{"embeddable":true,"href":"https:\/\/newblogs.correiobraziliense.com.br\/vivabrasilia\/wp-json\/wp\/v2\/users\/7"}],"replies":[{"embeddable":true,"href":"https:\/\/newblogs.correiobraziliense.com.br\/vivabrasilia\/wp-json\/wp\/v2\/comments?post=5379"}],"version-history":[{"count":1,"href":"https:\/\/newblogs.correiobraziliense.com.br\/vivabrasilia\/wp-json\/wp\/v2\/posts\/5379\/revisions"}],"predecessor-version":[{"id":5398,"href":"https:\/\/newblogs.correiobraziliense.com.br\/vivabrasilia\/wp-json\/wp\/v2\/posts\/5379\/revisions\/5398"}],"wp:featuredmedia":[{"embeddable":true,"href":"https:\/\/newblogs.correiobraziliense.com.br\/vivabrasilia\/wp-json\/wp\/v2\/media\/5388"}],"wp:attachment":[{"href":"https:\/\/newblogs.correiobraziliense.com.br\/vivabrasilia\/wp-json\/wp\/v2\/media?parent=5379"}],"wp:term":[{"taxonomy":"category","embeddable":true,"href":"https:\/\/newblogs.correiobraziliense.com.br\/vivabrasilia\/wp-json\/wp\/v2\/categories?post=5379"},{"taxonomy":"post_tag","embeddable":true,"href":"https:\/\/newblogs.correiobraziliense.com.br\/vivabrasilia\/wp-json\/wp\/v2\/tags?post=5379"}],"curies":[{"name":"wp","href":"https:\/\/api.w.org\/{rel}","templated":true}]}}