{"id":5376,"date":"2025-12-06T16:32:36","date_gmt":"2025-12-06T19:32:36","guid":{"rendered":"https:\/\/newblogs.correiobraziliense.com.br\/vivabrasilia\/?p=5376"},"modified":"2025-12-06T16:32:40","modified_gmt":"2025-12-06T19:32:40","slug":"embaixatrizes-espalham-esperanca-em-noite-beneficente","status":"publish","type":"post","link":"https:\/\/newblogs.correiobraziliense.com.br\/vivabrasilia\/embaixatrizes-espalham-esperanca-em-noite-beneficente\/","title":{"rendered":"Embaixatrizes espalham esperan\u00e7a em noite beneficente"},"content":{"rendered":"\n<p>O Grupo das C\u00f4njuges dos Chefes de Miss\u00e3o (GCCM) realizou, na sexta-feira da \u00faltima semana, o evento Sparkly Giving Night, na Resid\u00eancia da Coreia do Sul. A ocasi\u00e3o concentrou membros da comunidade diplom\u00e1tica para doar presentes de fim de ano \u00e0s crian\u00e7as da Creche S\u00e3o Francisco. Marcada por gestos de solidariedade e integra\u00e7\u00e3o cultural, a noite confirmou o compromisso do grupo com a\u00e7\u00f5es humanit\u00e1rias e com o fortalecimento dos la\u00e7os entre as embaixadas. \u201cO brilho desta noite vem da nossa inten\u00e7\u00e3o coletiva de levar alegria, dignidade e esperan\u00e7a a cada crian\u00e7a\u201d, apontou Annet Baingana, embaixatriz de Ruanda e presidente do GCCM.<\/p>\n","protected":false},"excerpt":{"rendered":"<p>A Sparkly Giving Night reuniu representantes de v\u00e1rias embaixadas em uma a\u00e7\u00e3o que, al\u00e9m das doa\u00e7\u00f5es, mostrou a articula\u00e7\u00e3o crescente do grupo e o impacto humanit\u00e1rio que deve pautar suas iniciativas no pr\u00f3ximo ano<\/p>\n","protected":false},"author":7,"featured_media":5377,"comment_status":"closed","ping_status":"open","sticky":false,"template":"","format":"standard","meta":{"_acf_changed":false,"inline_featured_image":false,"footnotes":""},"categories":[592],"tags":[560,1156,1157],"class_list":["post-5376","post","type-post","status-publish","format-standard","has-post-thumbnail","hentry","category-embaixadas","tag-embaixadas","tag-embaixatrizes","tag-gccm"],"acf":[],"yoast_head":"<!-- This site is optimized with the Yoast SEO plugin v27.3 - https:\/\/yoast.com\/product\/yoast-seo-wordpress\/ -->\n<title>Embaixatrizes espalham esperan\u00e7a em noite beneficente - Viva Bras\u00edlia<\/title>\n<meta name=\"robots\" content=\"index, follow, max-snippet:-1, max-image-preview:large, max-video-preview:-1\" \/>\n<link rel=\"canonical\" href=\"https:\/\/newblogs.correiobraziliense.com.br\/vivabrasilia\/embaixatrizes-espalham-esperanca-em-noite-beneficente\/\" \/>\n<meta property=\"og:locale\" content=\"pt_BR\" \/>\n<meta property=\"og:type\" content=\"article\" \/>\n<meta property=\"og:title\" content=\"Embaixatrizes espalham esperan\u00e7a em noite beneficente - Viva Bras\u00edlia\" \/>\n<meta property=\"og:description\" content=\"A Sparkly Giving Night reuniu representantes de v\u00e1rias embaixadas em uma a\u00e7\u00e3o que, al\u00e9m das doa\u00e7\u00f5es, mostrou a articula\u00e7\u00e3o crescente do grupo e o impacto humanit\u00e1rio que deve pautar suas iniciativas no pr\u00f3ximo ano\" \/>\n<meta property=\"og:url\" content=\"https:\/\/newblogs.correiobraziliense.com.br\/vivabrasilia\/embaixatrizes-espalham-esperanca-em-noite-beneficente\/\" \/>\n<meta property=\"og:site_name\" content=\"Viva Bras\u00edlia\" \/>\n<meta property=\"article:published_time\" content=\"2025-12-06T19:32:36+00:00\" \/>\n<meta property=\"article:modified_time\" content=\"2025-12-06T19:32:40+00:00\" \/>\n<meta property=\"og:image\" content=\"https:\/\/newblogs.correiobraziliense.com.br\/vivabrasilia\/wp-content\/uploads\/sites\/4\/2025\/12\/111-As-embaixatrizes-que-participam-do-GCCM.jpg\" \/>\n\t<meta property=\"og:image:width\" content=\"2000\" \/>\n\t<meta property=\"og:image:height\" content=\"1333\" \/>\n\t<meta property=\"og:image:type\" content=\"image\/jpeg\" \/>\n<meta name=\"author\" content=\"Mariana Campos\" \/>\n<!-- \/ Yoast SEO plugin. -->","yoast_head_json":{"title":"Embaixatrizes espalham esperan\u00e7a em noite beneficente - Viva Bras\u00edlia","robots":{"index":"index","follow":"follow","max-snippet":"max-snippet:-1","max-image-preview":"max-image-preview:large","max-video-preview":"max-video-preview:-1"},"canonical":"https:\/\/newblogs.correiobraziliense.com.br\/vivabrasilia\/embaixatrizes-espalham-esperanca-em-noite-beneficente\/","og_locale":"pt_BR","og_type":"article","og_title":"Embaixatrizes espalham esperan\u00e7a em noite beneficente - Viva Bras\u00edlia","og_description":"A Sparkly Giving Night reuniu representantes de v\u00e1rias embaixadas em uma a\u00e7\u00e3o que, al\u00e9m das doa\u00e7\u00f5es, mostrou a articula\u00e7\u00e3o crescente do grupo e o impacto humanit\u00e1rio que deve pautar suas iniciativas no pr\u00f3ximo ano","og_url":"https:\/\/newblogs.correiobraziliense.com.br\/vivabrasilia\/embaixatrizes-espalham-esperanca-em-noite-beneficente\/","og_site_name":"Viva Bras\u00edlia","article_published_time":"2025-12-06T19:32:36+00:00","article_modified_time":"2025-12-06T19:32:40+00:00","og_image":[{"width":2000,"height":1333,"url":"https:\/\/newblogs.correiobraziliense.com.br\/vivabrasilia\/wp-content\/uploads\/sites\/4\/2025\/12\/111-As-embaixatrizes-que-participam-do-GCCM.jpg","type":"image\/jpeg"}],"author":"Mariana Campos","schema":{"@context":"https:\/\/schema.org","@graph":[{"@type":"Article","@id":"https:\/\/newblogs.correiobraziliense.com.br\/vivabrasilia\/embaixatrizes-espalham-esperanca-em-noite-beneficente\/#article","isPartOf":{"@id":"https:\/\/newblogs.correiobraziliense.com.br\/vivabrasilia\/embaixatrizes-espalham-esperanca-em-noite-beneficente\/"},"author":{"name":"Mariana Campos","@id":"https:\/\/newblogs.correiobraziliense.com.br\/vivabrasilia\/#\/schema\/person\/018c75775aaa6ead74dde48a78ac7fa1"},"headline":"Embaixatrizes espalham esperan\u00e7a em noite beneficente","datePublished":"2025-12-06T19:32:36+00:00","dateModified":"2025-12-06T19:32:40+00:00","mainEntityOfPage":{"@id":"https:\/\/newblogs.correiobraziliense.com.br\/vivabrasilia\/embaixatrizes-espalham-esperanca-em-noite-beneficente\/"},"wordCount":122,"image":{"@id":"https:\/\/newblogs.correiobraziliense.com.br\/vivabrasilia\/embaixatrizes-espalham-esperanca-em-noite-beneficente\/#primaryimage"},"thumbnailUrl":"https:\/\/newblogs.correiobraziliense.com.br\/vivabrasilia\/wp-content\/uploads\/sites\/4\/2025\/12\/111-As-embaixatrizes-que-participam-do-GCCM.jpg","keywords":["Embaixadas","Embaixatrizes","GCCM"],"articleSection":["Embaixadas"],"inLanguage":"pt-BR"},{"@type":"WebPage","@id":"https:\/\/newblogs.correiobraziliense.com.br\/vivabrasilia\/embaixatrizes-espalham-esperanca-em-noite-beneficente\/","url":"https:\/\/newblogs.correiobraziliense.com.br\/vivabrasilia\/embaixatrizes-espalham-esperanca-em-noite-beneficente\/","name":"Embaixatrizes espalham esperan\u00e7a em noite beneficente - Viva Bras\u00edlia","isPartOf":{"@id":"https:\/\/newblogs.correiobraziliense.com.br\/vivabrasilia\/#website"},"primaryImageOfPage":{"@id":"https:\/\/newblogs.correiobraziliense.com.br\/vivabrasilia\/embaixatrizes-espalham-esperanca-em-noite-beneficente\/#primaryimage"},"image":{"@id":"https:\/\/newblogs.correiobraziliense.com.br\/vivabrasilia\/embaixatrizes-espalham-esperanca-em-noite-beneficente\/#primaryimage"},"thumbnailUrl":"https:\/\/newblogs.correiobraziliense.com.br\/vivabrasilia\/wp-content\/uploads\/sites\/4\/2025\/12\/111-As-embaixatrizes-que-participam-do-GCCM.jpg","datePublished":"2025-12-06T19:32:36+00:00","dateModified":"2025-12-06T19:32:40+00:00","author":{"@id":"https:\/\/newblogs.correiobraziliense.com.br\/vivabrasilia\/#\/schema\/person\/018c75775aaa6ead74dde48a78ac7fa1"},"breadcrumb":{"@id":"https:\/\/newblogs.correiobraziliense.com.br\/vivabrasilia\/embaixatrizes-espalham-esperanca-em-noite-beneficente\/#breadcrumb"},"inLanguage":"pt-BR","potentialAction":[{"@type":"ReadAction","target":["https:\/\/newblogs.correiobraziliense.com.br\/vivabrasilia\/embaixatrizes-espalham-esperanca-em-noite-beneficente\/"]}]},{"@type":"ImageObject","inLanguage":"pt-BR","@id":"https:\/\/newblogs.correiobraziliense.com.br\/vivabrasilia\/embaixatrizes-espalham-esperanca-em-noite-beneficente\/#primaryimage","url":"https:\/\/newblogs.correiobraziliense.com.br\/vivabrasilia\/wp-content\/uploads\/sites\/4\/2025\/12\/111-As-embaixatrizes-que-participam-do-GCCM.jpg","contentUrl":"https:\/\/newblogs.correiobraziliense.com.br\/vivabrasilia\/wp-content\/uploads\/sites\/4\/2025\/12\/111-As-embaixatrizes-que-participam-do-GCCM.jpg","width":2000,"height":1333,"caption":"As embaixatrizes que participam do GCCM | Foto: Mariana Campos"},{"@type":"BreadcrumbList","@id":"https:\/\/newblogs.correiobraziliense.com.br\/vivabrasilia\/embaixatrizes-espalham-esperanca-em-noite-beneficente\/#breadcrumb","itemListElement":[{"@type":"ListItem","position":1,"name":"In\u00edcio","item":"https:\/\/newblogs.correiobraziliense.com.br\/vivabrasilia\/"},{"@type":"ListItem","position":2,"name":"Embaixatrizes espalham esperan\u00e7a em noite beneficente"}]},{"@type":"WebSite","@id":"https:\/\/newblogs.correiobraziliense.com.br\/vivabrasilia\/#website","url":"https:\/\/newblogs.correiobraziliense.com.br\/vivabrasilia\/","name":"Viva Bras\u00edlia","description":"Coluna de estilo de vida","potentialAction":[{"@type":"SearchAction","target":{"@type":"EntryPoint","urlTemplate":"https:\/\/newblogs.correiobraziliense.com.br\/vivabrasilia\/?s={search_term_string}"},"query-input":{"@type":"PropertyValueSpecification","valueRequired":true,"valueName":"search_term_string"}}],"inLanguage":"pt-BR"},{"@type":"Person","@id":"https:\/\/newblogs.correiobraziliense.com.br\/vivabrasilia\/#\/schema\/person\/018c75775aaa6ead74dde48a78ac7fa1","name":"Mariana Campos","image":{"@type":"ImageObject","inLanguage":"pt-BR","@id":"https:\/\/secure.gravatar.com\/avatar\/97cd13271bc36c11415a45e9f8192828452de6a8c0e24857edbf96d21752260f?s=96&d=mm&r=g","url":"https:\/\/secure.gravatar.com\/avatar\/97cd13271bc36c11415a45e9f8192828452de6a8c0e24857edbf96d21752260f?s=96&d=mm&r=g","contentUrl":"https:\/\/secure.gravatar.com\/avatar\/97cd13271bc36c11415a45e9f8192828452de6a8c0e24857edbf96d21752260f?s=96&d=mm&r=g","caption":"Mariana Campos"},"description":"Colunista da Viva Bras\u00edlia, Mariana escreve e fotografa para a coluna. Formada em Comunica\u00e7\u00e3o, aprofundou-se no jornalismo e agora une a escrita com a fotografia para mostrar que a capital \u00e9 uma cidade viva que n\u00e3o se resume ao poder. Tamb\u00e9m faz a cobertura de moda para seu blog, Pliss\u00ea, e para as redes sociais do Correio.","sameAs":["http:\/\/newblogs.correiobraziliense.com\/plisse","https:\/\/www.instagram.com\/marigrigori"],"url":"https:\/\/newblogs.correiobraziliense.com.br\/vivabrasilia\/author\/marivivabrasilia\/"}]}},"_links":{"self":[{"href":"https:\/\/newblogs.correiobraziliense.com.br\/vivabrasilia\/wp-json\/wp\/v2\/posts\/5376","targetHints":{"allow":["GET"]}}],"collection":[{"href":"https:\/\/newblogs.correiobraziliense.com.br\/vivabrasilia\/wp-json\/wp\/v2\/posts"}],"about":[{"href":"https:\/\/newblogs.correiobraziliense.com.br\/vivabrasilia\/wp-json\/wp\/v2\/types\/post"}],"author":[{"embeddable":true,"href":"https:\/\/newblogs.correiobraziliense.com.br\/vivabrasilia\/wp-json\/wp\/v2\/users\/7"}],"replies":[{"embeddable":true,"href":"https:\/\/newblogs.correiobraziliense.com.br\/vivabrasilia\/wp-json\/wp\/v2\/comments?post=5376"}],"version-history":[{"count":1,"href":"https:\/\/newblogs.correiobraziliense.com.br\/vivabrasilia\/wp-json\/wp\/v2\/posts\/5376\/revisions"}],"predecessor-version":[{"id":5378,"href":"https:\/\/newblogs.correiobraziliense.com.br\/vivabrasilia\/wp-json\/wp\/v2\/posts\/5376\/revisions\/5378"}],"wp:featuredmedia":[{"embeddable":true,"href":"https:\/\/newblogs.correiobraziliense.com.br\/vivabrasilia\/wp-json\/wp\/v2\/media\/5377"}],"wp:attachment":[{"href":"https:\/\/newblogs.correiobraziliense.com.br\/vivabrasilia\/wp-json\/wp\/v2\/media?parent=5376"}],"wp:term":[{"taxonomy":"category","embeddable":true,"href":"https:\/\/newblogs.correiobraziliense.com.br\/vivabrasilia\/wp-json\/wp\/v2\/categories?post=5376"},{"taxonomy":"post_tag","embeddable":true,"href":"https:\/\/newblogs.correiobraziliense.com.br\/vivabrasilia\/wp-json\/wp\/v2\/tags?post=5376"}],"curies":[{"name":"wp","href":"https:\/\/api.w.org\/{rel}","templated":true}]}}