{"id":5373,"date":"2025-12-06T16:30:03","date_gmt":"2025-12-06T19:30:03","guid":{"rendered":"https:\/\/newblogs.correiobraziliense.com.br\/vivabrasilia\/?p=5373"},"modified":"2025-12-06T16:30:07","modified_gmt":"2025-12-06T19:30:07","slug":"ministra-luciana-santos-recebe-novo-ciclo-em-festa-com-amigos-e-autoridades","status":"publish","type":"post","link":"https:\/\/newblogs.correiobraziliense.com.br\/vivabrasilia\/ministra-luciana-santos-recebe-novo-ciclo-em-festa-com-amigos-e-autoridades\/","title":{"rendered":"Ministra Luciana Santos recebe novo ciclo em festa com amigos e autoridades"},"content":{"rendered":"\n<p>A ministra da Ci\u00eancia, Tecnologia e Inova\u00e7\u00e3o, Luciana Santos, celebrou a chegada de seus 60 anos cercada por amigos, familiares, ministros, parlamentares e lideran\u00e7as na Casa Cavo, na \u00faltima quarta-feira. A noite destacou o prest\u00edgio da ministra, acumulado ao longo de d\u00e9cadas de atua\u00e7\u00e3o p\u00fablica, e reafirmou seu protagonismo no governo, marcado por pol\u00edticas de inova\u00e7\u00e3o, fortalecimento da pesquisa e expans\u00e3o dos investimentos em tecnologia.\u00a0<br \/><\/p>\n","protected":false},"excerpt":{"rendered":"<p>A comemora\u00e7\u00e3o dos 60 anos da ministra da Ci\u00eancia, Tecnologia e Inova\u00e7\u00e3o reuniu lideran\u00e7as de peso na Casa Cavo, na \u00faltima quinta-feira<\/p>\n","protected":false},"author":7,"featured_media":5374,"comment_status":"closed","ping_status":"open","sticky":false,"template":"","format":"standard","meta":{"_acf_changed":false,"inline_featured_image":false,"footnotes":""},"categories":[70],"tags":[45,1155,950],"class_list":["post-5373","post","type-post","status-publish","format-standard","has-post-thumbnail","hentry","category-aniversario","tag-aniversario","tag-ministerio-da-ciencia-tecnologia-e-inovacao","tag-social"],"acf":[],"yoast_head":"<!-- This site is optimized with the Yoast SEO plugin v27.3 - https:\/\/yoast.com\/product\/yoast-seo-wordpress\/ -->\n<title>Ministra Luciana Santos recebe novo ciclo em festa com amigos e autoridades - Viva Bras\u00edlia<\/title>\n<meta name=\"robots\" content=\"index, follow, max-snippet:-1, max-image-preview:large, max-video-preview:-1\" \/>\n<link rel=\"canonical\" href=\"https:\/\/newblogs.correiobraziliense.com.br\/vivabrasilia\/ministra-luciana-santos-recebe-novo-ciclo-em-festa-com-amigos-e-autoridades\/\" \/>\n<meta property=\"og:locale\" content=\"pt_BR\" \/>\n<meta property=\"og:type\" content=\"article\" \/>\n<meta property=\"og:title\" content=\"Ministra Luciana Santos recebe novo ciclo em festa com amigos e autoridades - Viva Bras\u00edlia\" \/>\n<meta property=\"og:description\" content=\"A comemora\u00e7\u00e3o dos 60 anos da ministra da Ci\u00eancia, Tecnologia e Inova\u00e7\u00e3o reuniu lideran\u00e7as de peso na Casa Cavo, na \u00faltima quinta-feira\" \/>\n<meta property=\"og:url\" content=\"https:\/\/newblogs.correiobraziliense.com.br\/vivabrasilia\/ministra-luciana-santos-recebe-novo-ciclo-em-festa-com-amigos-e-autoridades\/\" \/>\n<meta property=\"og:site_name\" content=\"Viva Bras\u00edlia\" \/>\n<meta property=\"article:published_time\" content=\"2025-12-06T19:30:03+00:00\" \/>\n<meta property=\"article:modified_time\" content=\"2025-12-06T19:30:07+00:00\" \/>\n<meta property=\"og:image\" content=\"https:\/\/newblogs.correiobraziliense.com.br\/vivabrasilia\/wp-content\/uploads\/sites\/4\/2025\/12\/1111-O-secretario-executivo-da-Secom-Tiago-Cesar-a-vice-presidente-do-PCdoB-Nadia-Campeao-e-mais.jpg\" \/>\n\t<meta property=\"og:image:width\" content=\"2000\" \/>\n\t<meta property=\"og:image:height\" content=\"1206\" \/>\n\t<meta property=\"og:image:type\" content=\"image\/jpeg\" \/>\n<meta name=\"author\" content=\"Mariana Campos\" \/>\n<!-- \/ Yoast SEO plugin. -->","yoast_head_json":{"title":"Ministra Luciana Santos recebe novo ciclo em festa com amigos e autoridades - Viva Bras\u00edlia","robots":{"index":"index","follow":"follow","max-snippet":"max-snippet:-1","max-image-preview":"max-image-preview:large","max-video-preview":"max-video-preview:-1"},"canonical":"https:\/\/newblogs.correiobraziliense.com.br\/vivabrasilia\/ministra-luciana-santos-recebe-novo-ciclo-em-festa-com-amigos-e-autoridades\/","og_locale":"pt_BR","og_type":"article","og_title":"Ministra Luciana Santos recebe novo ciclo em festa com amigos e autoridades - Viva Bras\u00edlia","og_description":"A comemora\u00e7\u00e3o dos 60 anos da ministra da Ci\u00eancia, Tecnologia e Inova\u00e7\u00e3o reuniu lideran\u00e7as de peso na Casa Cavo, na \u00faltima quinta-feira","og_url":"https:\/\/newblogs.correiobraziliense.com.br\/vivabrasilia\/ministra-luciana-santos-recebe-novo-ciclo-em-festa-com-amigos-e-autoridades\/","og_site_name":"Viva Bras\u00edlia","article_published_time":"2025-12-06T19:30:03+00:00","article_modified_time":"2025-12-06T19:30:07+00:00","og_image":[{"width":2000,"height":1206,"url":"https:\/\/newblogs.correiobraziliense.com.br\/vivabrasilia\/wp-content\/uploads\/sites\/4\/2025\/12\/1111-O-secretario-executivo-da-Secom-Tiago-Cesar-a-vice-presidente-do-PCdoB-Nadia-Campeao-e-mais.jpg","type":"image\/jpeg"}],"author":"Mariana Campos","schema":{"@context":"https:\/\/schema.org","@graph":[{"@type":"Article","@id":"https:\/\/newblogs.correiobraziliense.com.br\/vivabrasilia\/ministra-luciana-santos-recebe-novo-ciclo-em-festa-com-amigos-e-autoridades\/#article","isPartOf":{"@id":"https:\/\/newblogs.correiobraziliense.com.br\/vivabrasilia\/ministra-luciana-santos-recebe-novo-ciclo-em-festa-com-amigos-e-autoridades\/"},"author":{"name":"Mariana Campos","@id":"https:\/\/newblogs.correiobraziliense.com.br\/vivabrasilia\/#\/schema\/person\/018c75775aaa6ead74dde48a78ac7fa1"},"headline":"Ministra Luciana Santos recebe novo ciclo em festa com amigos e autoridades","datePublished":"2025-12-06T19:30:03+00:00","dateModified":"2025-12-06T19:30:07+00:00","mainEntityOfPage":{"@id":"https:\/\/newblogs.correiobraziliense.com.br\/vivabrasilia\/ministra-luciana-santos-recebe-novo-ciclo-em-festa-com-amigos-e-autoridades\/"},"wordCount":86,"image":{"@id":"https:\/\/newblogs.correiobraziliense.com.br\/vivabrasilia\/ministra-luciana-santos-recebe-novo-ciclo-em-festa-com-amigos-e-autoridades\/#primaryimage"},"thumbnailUrl":"https:\/\/newblogs.correiobraziliense.com.br\/vivabrasilia\/wp-content\/uploads\/sites\/4\/2025\/12\/1111-O-secretario-executivo-da-Secom-Tiago-Cesar-a-vice-presidente-do-PCdoB-Nadia-Campeao-e-mais.jpg","keywords":["Anivers\u00e1rio","Minist\u00e9rio da Ci\u00eancia Tecnologia e Inova\u00e7\u00e3o","Social"],"articleSection":["Anivers\u00e1rio"],"inLanguage":"pt-BR"},{"@type":"WebPage","@id":"https:\/\/newblogs.correiobraziliense.com.br\/vivabrasilia\/ministra-luciana-santos-recebe-novo-ciclo-em-festa-com-amigos-e-autoridades\/","url":"https:\/\/newblogs.correiobraziliense.com.br\/vivabrasilia\/ministra-luciana-santos-recebe-novo-ciclo-em-festa-com-amigos-e-autoridades\/","name":"Ministra Luciana Santos recebe novo ciclo em festa com amigos e autoridades - Viva Bras\u00edlia","isPartOf":{"@id":"https:\/\/newblogs.correiobraziliense.com.br\/vivabrasilia\/#website"},"primaryImageOfPage":{"@id":"https:\/\/newblogs.correiobraziliense.com.br\/vivabrasilia\/ministra-luciana-santos-recebe-novo-ciclo-em-festa-com-amigos-e-autoridades\/#primaryimage"},"image":{"@id":"https:\/\/newblogs.correiobraziliense.com.br\/vivabrasilia\/ministra-luciana-santos-recebe-novo-ciclo-em-festa-com-amigos-e-autoridades\/#primaryimage"},"thumbnailUrl":"https:\/\/newblogs.correiobraziliense.com.br\/vivabrasilia\/wp-content\/uploads\/sites\/4\/2025\/12\/1111-O-secretario-executivo-da-Secom-Tiago-Cesar-a-vice-presidente-do-PCdoB-Nadia-Campeao-e-mais.jpg","datePublished":"2025-12-06T19:30:03+00:00","dateModified":"2025-12-06T19:30:07+00:00","author":{"@id":"https:\/\/newblogs.correiobraziliense.com.br\/vivabrasilia\/#\/schema\/person\/018c75775aaa6ead74dde48a78ac7fa1"},"breadcrumb":{"@id":"https:\/\/newblogs.correiobraziliense.com.br\/vivabrasilia\/ministra-luciana-santos-recebe-novo-ciclo-em-festa-com-amigos-e-autoridades\/#breadcrumb"},"inLanguage":"pt-BR","potentialAction":[{"@type":"ReadAction","target":["https:\/\/newblogs.correiobraziliense.com.br\/vivabrasilia\/ministra-luciana-santos-recebe-novo-ciclo-em-festa-com-amigos-e-autoridades\/"]}]},{"@type":"ImageObject","inLanguage":"pt-BR","@id":"https:\/\/newblogs.correiobraziliense.com.br\/vivabrasilia\/ministra-luciana-santos-recebe-novo-ciclo-em-festa-com-amigos-e-autoridades\/#primaryimage","url":"https:\/\/newblogs.correiobraziliense.com.br\/vivabrasilia\/wp-content\/uploads\/sites\/4\/2025\/12\/1111-O-secretario-executivo-da-Secom-Tiago-Cesar-a-vice-presidente-do-PCdoB-Nadia-Campeao-e-mais.jpg","contentUrl":"https:\/\/newblogs.correiobraziliense.com.br\/vivabrasilia\/wp-content\/uploads\/sites\/4\/2025\/12\/1111-O-secretario-executivo-da-Secom-Tiago-Cesar-a-vice-presidente-do-PCdoB-Nadia-Campeao-e-mais.jpg","width":2000,"height":1206,"caption":"O secret\u00e1rio-executivo da Secom Tiago Cesar, a vice-presidente do PCdoB N\u00e1dia Campe\u00e3o, o ministro da Secom Sid\u00f4nio Palmeira, a ministra Luciana Santos, a diretora da Finep Julieta Palmeira, e o diretor da Finep, Elias Ramos | Foto: Jer\u00f4nimo Gonzalez"},{"@type":"BreadcrumbList","@id":"https:\/\/newblogs.correiobraziliense.com.br\/vivabrasilia\/ministra-luciana-santos-recebe-novo-ciclo-em-festa-com-amigos-e-autoridades\/#breadcrumb","itemListElement":[{"@type":"ListItem","position":1,"name":"In\u00edcio","item":"https:\/\/newblogs.correiobraziliense.com.br\/vivabrasilia\/"},{"@type":"ListItem","position":2,"name":"Ministra Luciana Santos recebe novo ciclo em festa com amigos e autoridades"}]},{"@type":"WebSite","@id":"https:\/\/newblogs.correiobraziliense.com.br\/vivabrasilia\/#website","url":"https:\/\/newblogs.correiobraziliense.com.br\/vivabrasilia\/","name":"Viva Bras\u00edlia","description":"Coluna de estilo de vida","potentialAction":[{"@type":"SearchAction","target":{"@type":"EntryPoint","urlTemplate":"https:\/\/newblogs.correiobraziliense.com.br\/vivabrasilia\/?s={search_term_string}"},"query-input":{"@type":"PropertyValueSpecification","valueRequired":true,"valueName":"search_term_string"}}],"inLanguage":"pt-BR"},{"@type":"Person","@id":"https:\/\/newblogs.correiobraziliense.com.br\/vivabrasilia\/#\/schema\/person\/018c75775aaa6ead74dde48a78ac7fa1","name":"Mariana Campos","image":{"@type":"ImageObject","inLanguage":"pt-BR","@id":"https:\/\/secure.gravatar.com\/avatar\/97cd13271bc36c11415a45e9f8192828452de6a8c0e24857edbf96d21752260f?s=96&d=mm&r=g","url":"https:\/\/secure.gravatar.com\/avatar\/97cd13271bc36c11415a45e9f8192828452de6a8c0e24857edbf96d21752260f?s=96&d=mm&r=g","contentUrl":"https:\/\/secure.gravatar.com\/avatar\/97cd13271bc36c11415a45e9f8192828452de6a8c0e24857edbf96d21752260f?s=96&d=mm&r=g","caption":"Mariana Campos"},"description":"Colunista da Viva Bras\u00edlia, Mariana escreve e fotografa para a coluna. Formada em Comunica\u00e7\u00e3o, aprofundou-se no jornalismo e agora une a escrita com a fotografia para mostrar que a capital \u00e9 uma cidade viva que n\u00e3o se resume ao poder. Tamb\u00e9m faz a cobertura de moda para seu blog, Pliss\u00ea, e para as redes sociais do Correio.","sameAs":["http:\/\/newblogs.correiobraziliense.com\/plisse","https:\/\/www.instagram.com\/marigrigori"],"url":"https:\/\/newblogs.correiobraziliense.com.br\/vivabrasilia\/author\/marivivabrasilia\/"}]}},"_links":{"self":[{"href":"https:\/\/newblogs.correiobraziliense.com.br\/vivabrasilia\/wp-json\/wp\/v2\/posts\/5373","targetHints":{"allow":["GET"]}}],"collection":[{"href":"https:\/\/newblogs.correiobraziliense.com.br\/vivabrasilia\/wp-json\/wp\/v2\/posts"}],"about":[{"href":"https:\/\/newblogs.correiobraziliense.com.br\/vivabrasilia\/wp-json\/wp\/v2\/types\/post"}],"author":[{"embeddable":true,"href":"https:\/\/newblogs.correiobraziliense.com.br\/vivabrasilia\/wp-json\/wp\/v2\/users\/7"}],"replies":[{"embeddable":true,"href":"https:\/\/newblogs.correiobraziliense.com.br\/vivabrasilia\/wp-json\/wp\/v2\/comments?post=5373"}],"version-history":[{"count":1,"href":"https:\/\/newblogs.correiobraziliense.com.br\/vivabrasilia\/wp-json\/wp\/v2\/posts\/5373\/revisions"}],"predecessor-version":[{"id":5375,"href":"https:\/\/newblogs.correiobraziliense.com.br\/vivabrasilia\/wp-json\/wp\/v2\/posts\/5373\/revisions\/5375"}],"wp:featuredmedia":[{"embeddable":true,"href":"https:\/\/newblogs.correiobraziliense.com.br\/vivabrasilia\/wp-json\/wp\/v2\/media\/5374"}],"wp:attachment":[{"href":"https:\/\/newblogs.correiobraziliense.com.br\/vivabrasilia\/wp-json\/wp\/v2\/media?parent=5373"}],"wp:term":[{"taxonomy":"category","embeddable":true,"href":"https:\/\/newblogs.correiobraziliense.com.br\/vivabrasilia\/wp-json\/wp\/v2\/categories?post=5373"},{"taxonomy":"post_tag","embeddable":true,"href":"https:\/\/newblogs.correiobraziliense.com.br\/vivabrasilia\/wp-json\/wp\/v2\/tags?post=5373"}],"curies":[{"name":"wp","href":"https:\/\/api.w.org\/{rel}","templated":true}]}}