{"id":5359,"date":"2025-12-06T15:47:32","date_gmt":"2025-12-06T18:47:32","guid":{"rendered":"https:\/\/newblogs.correiobraziliense.com.br\/vivabrasilia\/?p=5359"},"modified":"2025-12-06T15:47:35","modified_gmt":"2025-12-06T18:47:35","slug":"programacao-recheada-em-dezembro-confira-o-que-fazer-neste-fim-de-ano","status":"publish","type":"post","link":"https:\/\/newblogs.correiobraziliense.com.br\/vivabrasilia\/programacao-recheada-em-dezembro-confira-o-que-fazer-neste-fim-de-ano\/","title":{"rendered":"Programa\u00e7\u00e3o recheada em dezembro! Confira o que fazer neste fim de ano"},"content":{"rendered":"\n<p><strong>Nosso Natal<\/strong><\/p>\n\n\n\n<p>O Nosso Natal 2025 toma conta da Esplanada dos Minist\u00e9rios de 8 de dezembro a 4 de janeiro, com atividades gratuitas que incluem brinquedos, oficinas, teatro infantil e shows di\u00e1rios, sempre das 17h \u00e0s 23h, para que as fam\u00edlias brasilienses possam curtir a magia natalina. O espa\u00e7o estar\u00e1 fechado apenas nos dias 24 e 31 de dezembro. Entrada gratuita.<\/p>\n\n\n\n<figure class=\"wp-block-image size-large\"><img loading=\"lazy\" decoding=\"async\" width=\"819\" height=\"1024\" src=\"https:\/\/newblogs.correiobraziliense.com.br\/vivabrasilia\/wp-content\/uploads\/sites\/4\/2025\/12\/Aniversario-de-Claudio-Abrantes-819x1024.jpg\" alt=\"\" class=\"wp-image-5360\" style=\"aspect-ratio:3\/4;object-fit:contain\" srcset=\"https:\/\/newblogs.correiobraziliense.com.br\/vivabrasilia\/wp-content\/uploads\/sites\/4\/2025\/12\/Aniversario-de-Claudio-Abrantes-819x1024.jpg 819w, https:\/\/newblogs.correiobraziliense.com.br\/vivabrasilia\/wp-content\/uploads\/sites\/4\/2025\/12\/Aniversario-de-Claudio-Abrantes-240x300.jpg 240w, https:\/\/newblogs.correiobraziliense.com.br\/vivabrasilia\/wp-content\/uploads\/sites\/4\/2025\/12\/Aniversario-de-Claudio-Abrantes-768x960.jpg 768w, https:\/\/newblogs.correiobraziliense.com.br\/vivabrasilia\/wp-content\/uploads\/sites\/4\/2025\/12\/Aniversario-de-Claudio-Abrantes-1229x1536.jpg 1229w, https:\/\/newblogs.correiobraziliense.com.br\/vivabrasilia\/wp-content\/uploads\/sites\/4\/2025\/12\/Aniversario-de-Claudio-Abrantes.jpg 1600w\" sizes=\"auto, (max-width: 819px) 100vw, 819px\" \/><\/figure>\n\n\n\n<p><strong>Anivers\u00e1rio de Claudio Abrantes<\/strong><\/p>\n\n\n\n<p>Planaltina recebe no domingo (7\/12), a partir das 11h, uma grande festa comunit\u00e1ria em celebra\u00e7\u00e3o ao anivers\u00e1rio de Claudio Abrantes, na Ch\u00e1cara do Daniel Marques. O evento re\u00fane atra\u00e7\u00f5es musicais locais e regionais ao longo do dia. Entrada gratuita.<\/p>\n\n\n\n<figure class=\"wp-block-image size-large\"><img loading=\"lazy\" decoding=\"async\" width=\"1024\" height=\"577\" src=\"https:\/\/newblogs.correiobraziliense.com.br\/vivabrasilia\/wp-content\/uploads\/sites\/4\/2025\/12\/Ferias-animadas-1024x577.jpg\" alt=\"\" class=\"wp-image-5364\" srcset=\"https:\/\/newblogs.correiobraziliense.com.br\/vivabrasilia\/wp-content\/uploads\/sites\/4\/2025\/12\/Ferias-animadas-1024x577.jpg 1024w, https:\/\/newblogs.correiobraziliense.com.br\/vivabrasilia\/wp-content\/uploads\/sites\/4\/2025\/12\/Ferias-animadas-300x169.jpg 300w, https:\/\/newblogs.correiobraziliense.com.br\/vivabrasilia\/wp-content\/uploads\/sites\/4\/2025\/12\/Ferias-animadas-768x432.jpg 768w, https:\/\/newblogs.correiobraziliense.com.br\/vivabrasilia\/wp-content\/uploads\/sites\/4\/2025\/12\/Ferias-animadas-1536x865.jpg 1536w, https:\/\/newblogs.correiobraziliense.com.br\/vivabrasilia\/wp-content\/uploads\/sites\/4\/2025\/12\/Ferias-animadas-1200x675.jpg 1200w, https:\/\/newblogs.correiobraziliense.com.br\/vivabrasilia\/wp-content\/uploads\/sites\/4\/2025\/12\/Ferias-animadas.jpg 2000w\" sizes=\"auto, (max-width: 1024px) 100vw, 1024px\" \/><\/figure>\n\n\n\n<p><strong>F\u00e9rias no Zoo<\/strong><\/p>\n\n\n\n<p>At\u00e9 6 de janeiro, o Zool\u00f3gico de Bras\u00edlia segue com a programa\u00e7\u00e3o F\u00e9rias Animadas, que transforma o parque em um circuito de f\u00e9rias com exposi\u00e7\u00e3o imersiva sobre mudan\u00e7as clim\u00e1ticas, cinema ao ar livre, brinquedos, oficinas e pe\u00e7as infantis. As atra\u00e7\u00f5es s\u00e3o gratuitas mediante o ingresso regular do zool\u00f3gico. Programa\u00e7\u00e3o completa no perfil @feriasanimadas, no Instagram.<\/p>\n\n\n\n<figure class=\"wp-block-image size-large\"><img loading=\"lazy\" decoding=\"async\" width=\"1024\" height=\"576\" src=\"https:\/\/newblogs.correiobraziliense.com.br\/vivabrasilia\/wp-content\/uploads\/sites\/4\/2025\/12\/Natal-Imperial-1024x576.jpg\" alt=\"\" class=\"wp-image-5366\" srcset=\"https:\/\/newblogs.correiobraziliense.com.br\/vivabrasilia\/wp-content\/uploads\/sites\/4\/2025\/12\/Natal-Imperial-1024x576.jpg 1024w, https:\/\/newblogs.correiobraziliense.com.br\/vivabrasilia\/wp-content\/uploads\/sites\/4\/2025\/12\/Natal-Imperial-300x169.jpg 300w, https:\/\/newblogs.correiobraziliense.com.br\/vivabrasilia\/wp-content\/uploads\/sites\/4\/2025\/12\/Natal-Imperial-768x432.jpg 768w, https:\/\/newblogs.correiobraziliense.com.br\/vivabrasilia\/wp-content\/uploads\/sites\/4\/2025\/12\/Natal-Imperial-1536x864.jpg 1536w, https:\/\/newblogs.correiobraziliense.com.br\/vivabrasilia\/wp-content\/uploads\/sites\/4\/2025\/12\/Natal-Imperial-1200x675.jpg 1200w, https:\/\/newblogs.correiobraziliense.com.br\/vivabrasilia\/wp-content\/uploads\/sites\/4\/2025\/12\/Natal-Imperial.jpg 2000w\" sizes=\"auto, (max-width: 1024px) 100vw, 1024px\" \/><\/figure>\n\n\n\n<p><strong>Natal Imperial<\/strong><\/p>\n\n\n\n<p>O Pont\u00e3o do Lago Sul est\u00e1 com programa\u00e7\u00e3o especial de Natal at\u00e9 6 de janeiro, com decora\u00e7\u00e3o tem\u00e1tica, Casa do Papai Noel, oficinas infantis e show gratuito de Z\u00e9ca Lima. O acesso ao espa\u00e7o decorado \u00e9 livre, mas para as oficinas \u00e9 necess\u00e1rio adquirir a entrada no local. A visita \u00e0 Casa do Papai Noel requer consuma\u00e7\u00e3o ou ingresso, dispon\u00edvel no Pont\u00e3o Souvenir.<\/p>\n\n\n\n<figure class=\"wp-block-image size-large\"><img loading=\"lazy\" decoding=\"async\" width=\"1024\" height=\"949\" src=\"https:\/\/newblogs.correiobraziliense.com.br\/vivabrasilia\/wp-content\/uploads\/sites\/4\/2025\/12\/Comedia-de-Natal-1024x949.jpg\" alt=\"\" class=\"wp-image-5362\" style=\"aspect-ratio:3\/4;object-fit:contain\" srcset=\"https:\/\/newblogs.correiobraziliense.com.br\/vivabrasilia\/wp-content\/uploads\/sites\/4\/2025\/12\/Comedia-de-Natal-1024x949.jpg 1024w, https:\/\/newblogs.correiobraziliense.com.br\/vivabrasilia\/wp-content\/uploads\/sites\/4\/2025\/12\/Comedia-de-Natal-300x278.jpg 300w, https:\/\/newblogs.correiobraziliense.com.br\/vivabrasilia\/wp-content\/uploads\/sites\/4\/2025\/12\/Comedia-de-Natal-768x712.jpg 768w, https:\/\/newblogs.correiobraziliense.com.br\/vivabrasilia\/wp-content\/uploads\/sites\/4\/2025\/12\/Comedia-de-Natal-1536x1424.jpg 1536w, https:\/\/newblogs.correiobraziliense.com.br\/vivabrasilia\/wp-content\/uploads\/sites\/4\/2025\/12\/Comedia-de-Natal.jpg 2000w\" sizes=\"auto, (max-width: 1024px) 100vw, 1024px\" \/><\/figure>\n\n\n\n<p><strong>Com\u00e9dia de Natal<\/strong><\/p>\n\n\n\n<p>O Teatro dos Banc\u00e1rios recebe sexta-feira (6\/12), o espet\u00e1culo Como sobreviver a mais um Natal em Fam\u00edlia, com a personagem Dra. Ros\u00e2ngela, em sess\u00f5es \u00e0s 18h e 20h. A com\u00e9dia aborda, com humor, os cl\u00e1ssicos perrengues das festas de fim de ano. Ingressos dispon\u00edveis em <a href=\"http:\/\/sympla.com.br\">sympla.com.br<\/a>.<\/p>\n\n\n\n<figure class=\"wp-block-image size-large\"><img loading=\"lazy\" decoding=\"async\" width=\"768\" height=\"1024\" src=\"https:\/\/newblogs.correiobraziliense.com.br\/vivabrasilia\/wp-content\/uploads\/sites\/4\/2025\/12\/Vale-encantado-768x1024.jpg\" alt=\"\" class=\"wp-image-5371\" style=\"aspect-ratio:3\/4;object-fit:contain\" srcset=\"https:\/\/newblogs.correiobraziliense.com.br\/vivabrasilia\/wp-content\/uploads\/sites\/4\/2025\/12\/Vale-encantado-768x1024.jpg 768w, https:\/\/newblogs.correiobraziliense.com.br\/vivabrasilia\/wp-content\/uploads\/sites\/4\/2025\/12\/Vale-encantado-225x300.jpg 225w, https:\/\/newblogs.correiobraziliense.com.br\/vivabrasilia\/wp-content\/uploads\/sites\/4\/2025\/12\/Vale-encantado-1152x1536.jpg 1152w, https:\/\/newblogs.correiobraziliense.com.br\/vivabrasilia\/wp-content\/uploads\/sites\/4\/2025\/12\/Vale-encantado.jpg 1500w\" sizes=\"auto, (max-width: 768px) 100vw, 768px\" \/><\/figure>\n\n\n\n<p><strong>Vale Encantado<\/strong><\/p>\n\n\n\n<p>O Vale Encantado traz cen\u00e1rios iluminados, t\u00fanel de luz, neve artificial, personagens tem\u00e1ticos e shows di\u00e1rios para a Avenida Elmo Serejo, em Taguatinga. O espa\u00e7o funciona das 18h \u00e0s 00h, e permanece aberto at\u00e9 28 de dezembro. Ingressos dispon\u00edveis em <a href=\"http:\/\/sympla.com.br\">sympla.com.br<\/a>. Crian\u00e7as de at\u00e9 4 anos t\u00eam entrada gratuita.<\/p>\n\n\n\n<figure class=\"wp-block-image size-large\"><img loading=\"lazy\" decoding=\"async\" width=\"1024\" height=\"682\" src=\"https:\/\/newblogs.correiobraziliense.com.br\/vivabrasilia\/wp-content\/uploads\/sites\/4\/2025\/12\/Reveillon-do-Iate-1024x682.jpg\" alt=\"\" class=\"wp-image-5368\" srcset=\"https:\/\/newblogs.correiobraziliense.com.br\/vivabrasilia\/wp-content\/uploads\/sites\/4\/2025\/12\/Reveillon-do-Iate-1024x682.jpg 1024w, https:\/\/newblogs.correiobraziliense.com.br\/vivabrasilia\/wp-content\/uploads\/sites\/4\/2025\/12\/Reveillon-do-Iate-300x200.jpg 300w, https:\/\/newblogs.correiobraziliense.com.br\/vivabrasilia\/wp-content\/uploads\/sites\/4\/2025\/12\/Reveillon-do-Iate-768x512.jpg 768w, https:\/\/newblogs.correiobraziliense.com.br\/vivabrasilia\/wp-content\/uploads\/sites\/4\/2025\/12\/Reveillon-do-Iate-1536x1024.jpg 1536w, https:\/\/newblogs.correiobraziliense.com.br\/vivabrasilia\/wp-content\/uploads\/sites\/4\/2025\/12\/Reveillon-do-Iate.jpg 2000w\" sizes=\"auto, (max-width: 1024px) 100vw, 1024px\" \/><\/figure>\n\n\n\n<p><strong>R\u00e9veillon no Iate<\/strong><\/p>\n\n\n\n<p>A tradicional festa de R\u00e9veillon do Iate Clube de Bras\u00edlia ser\u00e1 realizada em 31 de dezembro, das 21h \u00e0s 3h. A programa\u00e7\u00e3o conta com show da Banda Terminal Zero e queima de fogos no Lago Parano\u00e1. A entrada para a orla \u00e9 gratuita para associados do clube, mas ingressos com acesso ao buffet \u00e0 vontade est\u00e3o dispon\u00edveis na secretaria, para s\u00f3cios e amigos de s\u00f3cios.<\/p>\n\n\n\n<figure class=\"wp-block-image size-large\"><img loading=\"lazy\" decoding=\"async\" width=\"819\" height=\"1024\" src=\"https:\/\/newblogs.correiobraziliense.com.br\/vivabrasilia\/wp-content\/uploads\/sites\/4\/2025\/12\/Reveillon-Oscarito-819x1024.jpg\" alt=\"\" class=\"wp-image-5369\" style=\"aspect-ratio:3\/4;object-fit:contain\" srcset=\"https:\/\/newblogs.correiobraziliense.com.br\/vivabrasilia\/wp-content\/uploads\/sites\/4\/2025\/12\/Reveillon-Oscarito-819x1024.jpg 819w, https:\/\/newblogs.correiobraziliense.com.br\/vivabrasilia\/wp-content\/uploads\/sites\/4\/2025\/12\/Reveillon-Oscarito-240x300.jpg 240w, https:\/\/newblogs.correiobraziliense.com.br\/vivabrasilia\/wp-content\/uploads\/sites\/4\/2025\/12\/Reveillon-Oscarito-768x960.jpg 768w, https:\/\/newblogs.correiobraziliense.com.br\/vivabrasilia\/wp-content\/uploads\/sites\/4\/2025\/12\/Reveillon-Oscarito-1229x1536.jpg 1229w, https:\/\/newblogs.correiobraziliense.com.br\/vivabrasilia\/wp-content\/uploads\/sites\/4\/2025\/12\/Reveillon-Oscarito.jpg 1600w\" sizes=\"auto, (max-width: 819px) 100vw, 819px\" \/><\/figure>\n\n\n\n<p><strong>R\u00e9veillon Oscarito<\/strong><\/p>\n\n\n\n<p>O Oscarito Bras\u00edlia promove sua virada de ano em 31 de dezembro, das 23h \u00e0s 6h, com duas experi\u00eancias: o Oscarito Baladas, com open bar premium e shows, e o Cerratto Premium, com ceia completa, open food e acesso \u00e0 festa principal. Os ingressos est\u00e3o dispon\u00edveis em <a href=\"http:\/\/sympla.com.br\">sympla.com.br<\/a>.<\/p>\n\n\n\n<figure class=\"wp-block-image size-large\"><img loading=\"lazy\" decoding=\"async\" width=\"1024\" height=\"576\" src=\"https:\/\/newblogs.correiobraziliense.com.br\/vivabrasilia\/wp-content\/uploads\/sites\/4\/2025\/12\/Reveillon-Royal-Tulip-1024x576.jpg\" alt=\"\" class=\"wp-image-5370\" srcset=\"https:\/\/newblogs.correiobraziliense.com.br\/vivabrasilia\/wp-content\/uploads\/sites\/4\/2025\/12\/Reveillon-Royal-Tulip-1024x576.jpg 1024w, https:\/\/newblogs.correiobraziliense.com.br\/vivabrasilia\/wp-content\/uploads\/sites\/4\/2025\/12\/Reveillon-Royal-Tulip-300x169.jpg 300w, https:\/\/newblogs.correiobraziliense.com.br\/vivabrasilia\/wp-content\/uploads\/sites\/4\/2025\/12\/Reveillon-Royal-Tulip-768x432.jpg 768w, https:\/\/newblogs.correiobraziliense.com.br\/vivabrasilia\/wp-content\/uploads\/sites\/4\/2025\/12\/Reveillon-Royal-Tulip-1536x864.jpg 1536w, https:\/\/newblogs.correiobraziliense.com.br\/vivabrasilia\/wp-content\/uploads\/sites\/4\/2025\/12\/Reveillon-Royal-Tulip-1200x675.jpg 1200w, https:\/\/newblogs.correiobraziliense.com.br\/vivabrasilia\/wp-content\/uploads\/sites\/4\/2025\/12\/Reveillon-Royal-Tulip.jpg 2000w\" sizes=\"auto, (max-width: 1024px) 100vw, 1024px\" \/><\/figure>\n\n\n\n<p><strong>R\u00e9veillon Royal Tulip<\/strong><\/p>\n\n\n\n<p>Com o tema Royale, o Royal Tulip Bras\u00edlia Alvorada organiza sua festa de ano novo reunindo atra\u00e7\u00f5es circenses, m\u00fasica ao vivo, ceia de alta gastronomia e queima de fogos \u00e0 beira do Lago Parano\u00e1. Os ingressos incluem tr\u00eas di\u00e1rias, de 29\/12 a 1\u00ba\/1. As reservas podem ser feitas pelo WhatsApp, por meio do n\u00famero (61) 3424-7018, ou pelo e-mail <a href=\"mailto:rtbaba.reservas@goldentulip.com.br\">rtbaba.reservas@goldentulip.com.br<\/a>.&nbsp;<\/p>\n\n\n\n<figure class=\"wp-block-image size-large\"><img loading=\"lazy\" decoding=\"async\" width=\"1024\" height=\"1024\" src=\"https:\/\/newblogs.correiobraziliense.com.br\/vivabrasilia\/wp-content\/uploads\/sites\/4\/2025\/12\/Exposicao-de-memes-1024x1024.jpg\" alt=\"\" class=\"wp-image-5363\" style=\"aspect-ratio:3\/4;object-fit:contain\" srcset=\"https:\/\/newblogs.correiobraziliense.com.br\/vivabrasilia\/wp-content\/uploads\/sites\/4\/2025\/12\/Exposicao-de-memes-1024x1024.jpg 1024w, https:\/\/newblogs.correiobraziliense.com.br\/vivabrasilia\/wp-content\/uploads\/sites\/4\/2025\/12\/Exposicao-de-memes-300x300.jpg 300w, https:\/\/newblogs.correiobraziliense.com.br\/vivabrasilia\/wp-content\/uploads\/sites\/4\/2025\/12\/Exposicao-de-memes-150x150.jpg 150w, https:\/\/newblogs.correiobraziliense.com.br\/vivabrasilia\/wp-content\/uploads\/sites\/4\/2025\/12\/Exposicao-de-memes-768x768.jpg 768w, https:\/\/newblogs.correiobraziliense.com.br\/vivabrasilia\/wp-content\/uploads\/sites\/4\/2025\/12\/Exposicao-de-memes-1536x1536.jpg 1536w, https:\/\/newblogs.correiobraziliense.com.br\/vivabrasilia\/wp-content\/uploads\/sites\/4\/2025\/12\/Exposicao-de-memes-1000x1000.jpg 1000w, https:\/\/newblogs.correiobraziliense.com.br\/vivabrasilia\/wp-content\/uploads\/sites\/4\/2025\/12\/Exposicao-de-memes.jpg 2000w\" sizes=\"auto, (max-width: 1024px) 100vw, 1024px\" \/><\/figure>\n\n\n\n<p><strong>Exposi\u00e7\u00e3o de memes<\/strong><\/p>\n\n\n\n<p>Dispon\u00edvel para visita\u00e7\u00e3o at\u00e9 1\u00ba de mar\u00e7o no CCBB Bras\u00edlia, a mostra MEME: no Br@sil da memefica\u00e7\u00e3o, re\u00fane mais de 800 cria\u00e7\u00f5es de 200 artistas e produtores para discutir o papel dos memes na cultura contempor\u00e2nea. A entrada \u00e9 gratuita, de ter\u00e7a a domingo, das 9h \u00e0s 21h.<\/p>\n\n\n\n<figure class=\"wp-block-image size-large\"><img loading=\"lazy\" decoding=\"async\" width=\"1024\" height=\"683\" src=\"https:\/\/newblogs.correiobraziliense.com.br\/vivabrasilia\/wp-content\/uploads\/sites\/4\/2025\/12\/Bluey-ao-vivo-1024x683.jpg\" alt=\"\" class=\"wp-image-5361\" srcset=\"https:\/\/newblogs.correiobraziliense.com.br\/vivabrasilia\/wp-content\/uploads\/sites\/4\/2025\/12\/Bluey-ao-vivo-1024x683.jpg 1024w, https:\/\/newblogs.correiobraziliense.com.br\/vivabrasilia\/wp-content\/uploads\/sites\/4\/2025\/12\/Bluey-ao-vivo-300x200.jpg 300w, https:\/\/newblogs.correiobraziliense.com.br\/vivabrasilia\/wp-content\/uploads\/sites\/4\/2025\/12\/Bluey-ao-vivo-768x512.jpg 768w, https:\/\/newblogs.correiobraziliense.com.br\/vivabrasilia\/wp-content\/uploads\/sites\/4\/2025\/12\/Bluey-ao-vivo-1536x1025.jpg 1536w, https:\/\/newblogs.correiobraziliense.com.br\/vivabrasilia\/wp-content\/uploads\/sites\/4\/2025\/12\/Bluey-ao-vivo.jpg 2000w\" sizes=\"auto, (max-width: 1024px) 100vw, 1024px\" \/><\/figure>\n\n\n\n<p><strong>Bluey ao vivo<\/strong><\/p>\n\n\n\n<p>A CAIXA Cultural Bras\u00edlia recebe, de sexta a domingo (5 a 7\/12), o espet\u00e1culo Bluey Ao Vivo &#8211; Divers\u00e3o em Fam\u00edlia!, adapta\u00e7\u00e3o oficial da s\u00e9rie infantil com elenco de 14 atores, m\u00fasicas originais e vozes dos dubladores brasileiros. Ingressos \u00e0 venda na bilheteria do local e em bilheteriacultural.com.br.<\/p>\n\n\n\n<figure class=\"wp-block-image size-large\"><img loading=\"lazy\" decoding=\"async\" width=\"1024\" height=\"654\" src=\"https:\/\/newblogs.correiobraziliense.com.br\/vivabrasilia\/wp-content\/uploads\/sites\/4\/2025\/12\/Liniker-no-Estilo-Brasil-1024x654.jpg\" alt=\"\" class=\"wp-image-5365\" srcset=\"https:\/\/newblogs.correiobraziliense.com.br\/vivabrasilia\/wp-content\/uploads\/sites\/4\/2025\/12\/Liniker-no-Estilo-Brasil-1024x654.jpg 1024w, https:\/\/newblogs.correiobraziliense.com.br\/vivabrasilia\/wp-content\/uploads\/sites\/4\/2025\/12\/Liniker-no-Estilo-Brasil-300x192.jpg 300w, https:\/\/newblogs.correiobraziliense.com.br\/vivabrasilia\/wp-content\/uploads\/sites\/4\/2025\/12\/Liniker-no-Estilo-Brasil-768x491.jpg 768w, https:\/\/newblogs.correiobraziliense.com.br\/vivabrasilia\/wp-content\/uploads\/sites\/4\/2025\/12\/Liniker-no-Estilo-Brasil-1536x982.jpg 1536w, https:\/\/newblogs.correiobraziliense.com.br\/vivabrasilia\/wp-content\/uploads\/sites\/4\/2025\/12\/Liniker-no-Estilo-Brasil.jpg 2000w\" sizes=\"auto, (max-width: 1024px) 100vw, 1024px\" \/><\/figure>\n\n\n\n<p><strong>Liniker no Estilo Brasil<\/strong><\/p>\n\n\n\n<p>Liniker encerra o Festival Estilo Brasil em 14 de dezembro, \u00e0s 20h, no Centro de Conven\u00e7\u00f5es Ulysses Guimar\u00e3es, com show que re\u00fane faixas do \u00e1lbum CAJU e sucessos de sua carreira. Ingressos dispon\u00edveis em bilheteriadigital.com.<\/p>\n","protected":false},"excerpt":{"rendered":"<p>E assim vamos nos despedindo de 2025\u2026 que este Dezembro seja feliz e cheio de confraterniza\u00e7\u00f5es. Confira a agenda do m\u00eas!<\/p>\n","protected":false},"author":7,"featured_media":5367,"comment_status":"closed","ping_status":"open","sticky":false,"template":"","format":"standard","meta":{"_acf_changed":false,"inline_featured_image":false,"footnotes":""},"categories":[14],"tags":[140,894,1154],"class_list":["post-5359","post","type-post","status-publish","format-standard","has-post-thumbnail","hentry","category-agenda","tag-agenda","tag-agendao","tag-dezembro"],"acf":[],"yoast_head":"<!-- This site is optimized with the Yoast SEO plugin v27.3 - https:\/\/yoast.com\/product\/yoast-seo-wordpress\/ -->\n<title>Programa\u00e7\u00e3o recheada em dezembro! Confira o que fazer neste fim de ano - Viva Bras\u00edlia<\/title>\n<meta name=\"robots\" content=\"index, follow, max-snippet:-1, max-image-preview:large, max-video-preview:-1\" \/>\n<link rel=\"canonical\" href=\"https:\/\/newblogs.correiobraziliense.com.br\/vivabrasilia\/programacao-recheada-em-dezembro-confira-o-que-fazer-neste-fim-de-ano\/\" \/>\n<meta property=\"og:locale\" content=\"pt_BR\" \/>\n<meta property=\"og:type\" content=\"article\" \/>\n<meta property=\"og:title\" content=\"Programa\u00e7\u00e3o recheada em dezembro! Confira o que fazer neste fim de ano - Viva Bras\u00edlia\" \/>\n<meta property=\"og:description\" content=\"E assim vamos nos despedindo de 2025\u2026 que este Dezembro seja feliz e cheio de confraterniza\u00e7\u00f5es. Confira a agenda do m\u00eas!\" \/>\n<meta property=\"og:url\" content=\"https:\/\/newblogs.correiobraziliense.com.br\/vivabrasilia\/programacao-recheada-em-dezembro-confira-o-que-fazer-neste-fim-de-ano\/\" \/>\n<meta property=\"og:site_name\" content=\"Viva Bras\u00edlia\" \/>\n<meta property=\"article:published_time\" content=\"2025-12-06T18:47:32+00:00\" \/>\n<meta property=\"article:modified_time\" content=\"2025-12-06T18:47:35+00:00\" \/>\n<meta property=\"og:image\" content=\"https:\/\/newblogs.correiobraziliense.com.br\/vivabrasilia\/wp-content\/uploads\/sites\/4\/2025\/12\/Nosso-Natal.jpg\" \/>\n\t<meta property=\"og:image:width\" content=\"2000\" \/>\n\t<meta property=\"og:image:height\" content=\"1333\" \/>\n\t<meta property=\"og:image:type\" content=\"image\/jpeg\" \/>\n<meta name=\"author\" content=\"Mariana Campos\" \/>\n<!-- \/ Yoast SEO plugin. -->","yoast_head_json":{"title":"Programa\u00e7\u00e3o recheada em dezembro! Confira o que fazer neste fim de ano - Viva Bras\u00edlia","robots":{"index":"index","follow":"follow","max-snippet":"max-snippet:-1","max-image-preview":"max-image-preview:large","max-video-preview":"max-video-preview:-1"},"canonical":"https:\/\/newblogs.correiobraziliense.com.br\/vivabrasilia\/programacao-recheada-em-dezembro-confira-o-que-fazer-neste-fim-de-ano\/","og_locale":"pt_BR","og_type":"article","og_title":"Programa\u00e7\u00e3o recheada em dezembro! Confira o que fazer neste fim de ano - Viva Bras\u00edlia","og_description":"E assim vamos nos despedindo de 2025\u2026 que este Dezembro seja feliz e cheio de confraterniza\u00e7\u00f5es. Confira a agenda do m\u00eas!","og_url":"https:\/\/newblogs.correiobraziliense.com.br\/vivabrasilia\/programacao-recheada-em-dezembro-confira-o-que-fazer-neste-fim-de-ano\/","og_site_name":"Viva Bras\u00edlia","article_published_time":"2025-12-06T18:47:32+00:00","article_modified_time":"2025-12-06T18:47:35+00:00","og_image":[{"width":2000,"height":1333,"url":"https:\/\/newblogs.correiobraziliense.com.br\/vivabrasilia\/wp-content\/uploads\/sites\/4\/2025\/12\/Nosso-Natal.jpg","type":"image\/jpeg"}],"author":"Mariana Campos","schema":{"@context":"https:\/\/schema.org","@graph":[{"@type":"Article","@id":"https:\/\/newblogs.correiobraziliense.com.br\/vivabrasilia\/programacao-recheada-em-dezembro-confira-o-que-fazer-neste-fim-de-ano\/#article","isPartOf":{"@id":"https:\/\/newblogs.correiobraziliense.com.br\/vivabrasilia\/programacao-recheada-em-dezembro-confira-o-que-fazer-neste-fim-de-ano\/"},"author":{"name":"Mariana Campos","@id":"https:\/\/newblogs.correiobraziliense.com.br\/vivabrasilia\/#\/schema\/person\/018c75775aaa6ead74dde48a78ac7fa1"},"headline":"Programa\u00e7\u00e3o recheada em dezembro! Confira o que fazer neste fim de ano","datePublished":"2025-12-06T18:47:32+00:00","dateModified":"2025-12-06T18:47:35+00:00","mainEntityOfPage":{"@id":"https:\/\/newblogs.correiobraziliense.com.br\/vivabrasilia\/programacao-recheada-em-dezembro-confira-o-que-fazer-neste-fim-de-ano\/"},"wordCount":738,"image":{"@id":"https:\/\/newblogs.correiobraziliense.com.br\/vivabrasilia\/programacao-recheada-em-dezembro-confira-o-que-fazer-neste-fim-de-ano\/#primaryimage"},"thumbnailUrl":"https:\/\/newblogs.correiobraziliense.com.br\/vivabrasilia\/wp-content\/uploads\/sites\/4\/2025\/12\/Nosso-Natal.jpg","keywords":["Agenda","Agend\u00e3o","Dezembro"],"articleSection":["Agenda"],"inLanguage":"pt-BR"},{"@type":"WebPage","@id":"https:\/\/newblogs.correiobraziliense.com.br\/vivabrasilia\/programacao-recheada-em-dezembro-confira-o-que-fazer-neste-fim-de-ano\/","url":"https:\/\/newblogs.correiobraziliense.com.br\/vivabrasilia\/programacao-recheada-em-dezembro-confira-o-que-fazer-neste-fim-de-ano\/","name":"Programa\u00e7\u00e3o recheada em dezembro! Confira o que fazer neste fim de ano - Viva Bras\u00edlia","isPartOf":{"@id":"https:\/\/newblogs.correiobraziliense.com.br\/vivabrasilia\/#website"},"primaryImageOfPage":{"@id":"https:\/\/newblogs.correiobraziliense.com.br\/vivabrasilia\/programacao-recheada-em-dezembro-confira-o-que-fazer-neste-fim-de-ano\/#primaryimage"},"image":{"@id":"https:\/\/newblogs.correiobraziliense.com.br\/vivabrasilia\/programacao-recheada-em-dezembro-confira-o-que-fazer-neste-fim-de-ano\/#primaryimage"},"thumbnailUrl":"https:\/\/newblogs.correiobraziliense.com.br\/vivabrasilia\/wp-content\/uploads\/sites\/4\/2025\/12\/Nosso-Natal.jpg","datePublished":"2025-12-06T18:47:32+00:00","dateModified":"2025-12-06T18:47:35+00:00","author":{"@id":"https:\/\/newblogs.correiobraziliense.com.br\/vivabrasilia\/#\/schema\/person\/018c75775aaa6ead74dde48a78ac7fa1"},"breadcrumb":{"@id":"https:\/\/newblogs.correiobraziliense.com.br\/vivabrasilia\/programacao-recheada-em-dezembro-confira-o-que-fazer-neste-fim-de-ano\/#breadcrumb"},"inLanguage":"pt-BR","potentialAction":[{"@type":"ReadAction","target":["https:\/\/newblogs.correiobraziliense.com.br\/vivabrasilia\/programacao-recheada-em-dezembro-confira-o-que-fazer-neste-fim-de-ano\/"]}]},{"@type":"ImageObject","inLanguage":"pt-BR","@id":"https:\/\/newblogs.correiobraziliense.com.br\/vivabrasilia\/programacao-recheada-em-dezembro-confira-o-que-fazer-neste-fim-de-ano\/#primaryimage","url":"https:\/\/newblogs.correiobraziliense.com.br\/vivabrasilia\/wp-content\/uploads\/sites\/4\/2025\/12\/Nosso-Natal.jpg","contentUrl":"https:\/\/newblogs.correiobraziliense.com.br\/vivabrasilia\/wp-content\/uploads\/sites\/4\/2025\/12\/Nosso-Natal.jpg","width":2000,"height":1333,"caption":"Programa\u00e7\u00e3o recheada em dezembro! Confira o que fazer neste fim de ano"},{"@type":"BreadcrumbList","@id":"https:\/\/newblogs.correiobraziliense.com.br\/vivabrasilia\/programacao-recheada-em-dezembro-confira-o-que-fazer-neste-fim-de-ano\/#breadcrumb","itemListElement":[{"@type":"ListItem","position":1,"name":"In\u00edcio","item":"https:\/\/newblogs.correiobraziliense.com.br\/vivabrasilia\/"},{"@type":"ListItem","position":2,"name":"Programa\u00e7\u00e3o recheada em dezembro! Confira o que fazer neste fim de ano"}]},{"@type":"WebSite","@id":"https:\/\/newblogs.correiobraziliense.com.br\/vivabrasilia\/#website","url":"https:\/\/newblogs.correiobraziliense.com.br\/vivabrasilia\/","name":"Viva Bras\u00edlia","description":"Coluna de estilo de vida","potentialAction":[{"@type":"SearchAction","target":{"@type":"EntryPoint","urlTemplate":"https:\/\/newblogs.correiobraziliense.com.br\/vivabrasilia\/?s={search_term_string}"},"query-input":{"@type":"PropertyValueSpecification","valueRequired":true,"valueName":"search_term_string"}}],"inLanguage":"pt-BR"},{"@type":"Person","@id":"https:\/\/newblogs.correiobraziliense.com.br\/vivabrasilia\/#\/schema\/person\/018c75775aaa6ead74dde48a78ac7fa1","name":"Mariana Campos","image":{"@type":"ImageObject","inLanguage":"pt-BR","@id":"https:\/\/secure.gravatar.com\/avatar\/97cd13271bc36c11415a45e9f8192828452de6a8c0e24857edbf96d21752260f?s=96&d=mm&r=g","url":"https:\/\/secure.gravatar.com\/avatar\/97cd13271bc36c11415a45e9f8192828452de6a8c0e24857edbf96d21752260f?s=96&d=mm&r=g","contentUrl":"https:\/\/secure.gravatar.com\/avatar\/97cd13271bc36c11415a45e9f8192828452de6a8c0e24857edbf96d21752260f?s=96&d=mm&r=g","caption":"Mariana Campos"},"description":"Colunista da Viva Bras\u00edlia, Mariana escreve e fotografa para a coluna. Formada em Comunica\u00e7\u00e3o, aprofundou-se no jornalismo e agora une a escrita com a fotografia para mostrar que a capital \u00e9 uma cidade viva que n\u00e3o se resume ao poder. Tamb\u00e9m faz a cobertura de moda para seu blog, Pliss\u00ea, e para as redes sociais do Correio.","sameAs":["http:\/\/newblogs.correiobraziliense.com\/plisse","https:\/\/www.instagram.com\/marigrigori"],"url":"https:\/\/newblogs.correiobraziliense.com.br\/vivabrasilia\/author\/marivivabrasilia\/"}]}},"_links":{"self":[{"href":"https:\/\/newblogs.correiobraziliense.com.br\/vivabrasilia\/wp-json\/wp\/v2\/posts\/5359","targetHints":{"allow":["GET"]}}],"collection":[{"href":"https:\/\/newblogs.correiobraziliense.com.br\/vivabrasilia\/wp-json\/wp\/v2\/posts"}],"about":[{"href":"https:\/\/newblogs.correiobraziliense.com.br\/vivabrasilia\/wp-json\/wp\/v2\/types\/post"}],"author":[{"embeddable":true,"href":"https:\/\/newblogs.correiobraziliense.com.br\/vivabrasilia\/wp-json\/wp\/v2\/users\/7"}],"replies":[{"embeddable":true,"href":"https:\/\/newblogs.correiobraziliense.com.br\/vivabrasilia\/wp-json\/wp\/v2\/comments?post=5359"}],"version-history":[{"count":1,"href":"https:\/\/newblogs.correiobraziliense.com.br\/vivabrasilia\/wp-json\/wp\/v2\/posts\/5359\/revisions"}],"predecessor-version":[{"id":5372,"href":"https:\/\/newblogs.correiobraziliense.com.br\/vivabrasilia\/wp-json\/wp\/v2\/posts\/5359\/revisions\/5372"}],"wp:featuredmedia":[{"embeddable":true,"href":"https:\/\/newblogs.correiobraziliense.com.br\/vivabrasilia\/wp-json\/wp\/v2\/media\/5367"}],"wp:attachment":[{"href":"https:\/\/newblogs.correiobraziliense.com.br\/vivabrasilia\/wp-json\/wp\/v2\/media?parent=5359"}],"wp:term":[{"taxonomy":"category","embeddable":true,"href":"https:\/\/newblogs.correiobraziliense.com.br\/vivabrasilia\/wp-json\/wp\/v2\/categories?post=5359"},{"taxonomy":"post_tag","embeddable":true,"href":"https:\/\/newblogs.correiobraziliense.com.br\/vivabrasilia\/wp-json\/wp\/v2\/tags?post=5359"}],"curies":[{"name":"wp","href":"https:\/\/api.w.org\/{rel}","templated":true}]}}