{"id":5099,"date":"2025-11-15T00:12:21","date_gmt":"2025-11-15T03:12:21","guid":{"rendered":"https:\/\/newblogs.correiobraziliense.com.br\/vivabrasilia\/?p=5099"},"modified":"2025-11-15T00:12:24","modified_gmt":"2025-11-15T03:12:24","slug":"luxo-de-festa-encerra-tres-dias-de-imersao-negocios-e-tendencias-com-chave-de-ouro","status":"publish","type":"post","link":"https:\/\/newblogs.correiobraziliense.com.br\/vivabrasilia\/luxo-de-festa-encerra-tres-dias-de-imersao-negocios-e-tendencias-com-chave-de-ouro\/","title":{"rendered":"Luxo de Festa encerra tr\u00eas dias de imers\u00e3o, neg\u00f3cios e tend\u00eancias com chave de ouro"},"content":{"rendered":"\n<p>O Luxo de Festa &#8211; Congresso Nacional de Festas &amp; Eventos encerrou sua segunda edi\u00e7\u00e3o, a primeira realizada em Bras\u00edlia, celebrando, na \u00faltima quarta-feira, os tr\u00eas dias de imers\u00e3o que reuniram profissionais de v\u00e1rias regi\u00f5es do pa\u00eds no Unique Palace. Entre palestras, desfiles, encontros com especialistas e uma feira de neg\u00f3cios movimentada, o evento consolidou seu papel como o maior congresso do setor no Brasil, fortalecendo a cadeia produtiva e impulsionando conex\u00f5es estrat\u00e9gicas. Com mais de 300 participantes entre congressistas e marcas, a programa\u00e7\u00e3o destacou tend\u00eancias, debateu o futuro do mercado e refor\u00e7ou o crescimento do segmento de casamentos e destination weddings, que segue em expans\u00e3o no pa\u00eds.<br \/><\/p>\n\n\n<div class=\"slider-wrapper\"><div class=\"slider\">\n<figure class=\"wp-block-gallery has-nested-images columns-default is-cropped wp-block-gallery-1 is-layout-flex wp-block-gallery-is-layout-flex\">\n<figure class=\"wp-block-image size-large\"><img loading=\"lazy\" decoding=\"async\" width=\"1024\" height=\"819\" data-id=\"5093\" src=\"https:\/\/newblogs.correiobraziliense.com.br\/vivabrasilia\/wp-content\/uploads\/sites\/4\/2025\/11\/Maria-Virginia-e-Graciella-Starling-com-modelos.jpg-1024x819.jpg\" alt=\"\" class=\"wp-image-5093\" srcset=\"https:\/\/newblogs.correiobraziliense.com.br\/vivabrasilia\/wp-content\/uploads\/sites\/4\/2025\/11\/Maria-Virginia-e-Graciella-Starling-com-modelos.jpg-1024x819.jpg 1024w, https:\/\/newblogs.correiobraziliense.com.br\/vivabrasilia\/wp-content\/uploads\/sites\/4\/2025\/11\/Maria-Virginia-e-Graciella-Starling-com-modelos.jpg-300x240.jpg 300w, https:\/\/newblogs.correiobraziliense.com.br\/vivabrasilia\/wp-content\/uploads\/sites\/4\/2025\/11\/Maria-Virginia-e-Graciella-Starling-com-modelos.jpg-768x614.jpg 768w, https:\/\/newblogs.correiobraziliense.com.br\/vivabrasilia\/wp-content\/uploads\/sites\/4\/2025\/11\/Maria-Virginia-e-Graciella-Starling-com-modelos.jpg-1536x1229.jpg 1536w, https:\/\/newblogs.correiobraziliense.com.br\/vivabrasilia\/wp-content\/uploads\/sites\/4\/2025\/11\/Maria-Virginia-e-Graciella-Starling-com-modelos.jpg.jpg 2000w\" sizes=\"auto, (max-width: 1024px) 100vw, 1024px\" \/><figcaption class=\"wp-element-caption\">Maria Virgi\u0301nia e Graciella Starling com modelos<\/figcaption><\/figure>\n\n\n\n<figure class=\"wp-block-image size-large\"><img loading=\"lazy\" decoding=\"async\" width=\"1024\" height=\"682\" data-id=\"5089\" src=\"https:\/\/newblogs.correiobraziliense.com.br\/vivabrasilia\/wp-content\/uploads\/sites\/4\/2025\/11\/Chrys-Ayrosa-e-Patricia-Vaks-1024x682.jpg\" alt=\"\" class=\"wp-image-5089\" srcset=\"https:\/\/newblogs.correiobraziliense.com.br\/vivabrasilia\/wp-content\/uploads\/sites\/4\/2025\/11\/Chrys-Ayrosa-e-Patricia-Vaks-1024x682.jpg 1024w, https:\/\/newblogs.correiobraziliense.com.br\/vivabrasilia\/wp-content\/uploads\/sites\/4\/2025\/11\/Chrys-Ayrosa-e-Patricia-Vaks-300x200.jpg 300w, https:\/\/newblogs.correiobraziliense.com.br\/vivabrasilia\/wp-content\/uploads\/sites\/4\/2025\/11\/Chrys-Ayrosa-e-Patricia-Vaks-768x512.jpg 768w, https:\/\/newblogs.correiobraziliense.com.br\/vivabrasilia\/wp-content\/uploads\/sites\/4\/2025\/11\/Chrys-Ayrosa-e-Patricia-Vaks-1536x1024.jpg 1536w, https:\/\/newblogs.correiobraziliense.com.br\/vivabrasilia\/wp-content\/uploads\/sites\/4\/2025\/11\/Chrys-Ayrosa-e-Patricia-Vaks.jpg 2000w\" sizes=\"auto, (max-width: 1024px) 100vw, 1024px\" \/><figcaption class=\"wp-element-caption\">Chrys Ayrosa e Patr\u00edcia Vaks<\/figcaption><\/figure>\n\n\n\n<figure class=\"wp-block-image size-large\"><img loading=\"lazy\" decoding=\"async\" width=\"1024\" height=\"682\" data-id=\"5108\" src=\"https:\/\/newblogs.correiobraziliense.com.br\/vivabrasilia\/wp-content\/uploads\/sites\/4\/2025\/11\/Cesar-Serra-e-Martha-Medeiros-1024x682.jpg\" alt=\"\" class=\"wp-image-5108\" srcset=\"https:\/\/newblogs.correiobraziliense.com.br\/vivabrasilia\/wp-content\/uploads\/sites\/4\/2025\/11\/Cesar-Serra-e-Martha-Medeiros-1024x682.jpg 1024w, https:\/\/newblogs.correiobraziliense.com.br\/vivabrasilia\/wp-content\/uploads\/sites\/4\/2025\/11\/Cesar-Serra-e-Martha-Medeiros-300x200.jpg 300w, https:\/\/newblogs.correiobraziliense.com.br\/vivabrasilia\/wp-content\/uploads\/sites\/4\/2025\/11\/Cesar-Serra-e-Martha-Medeiros-768x512.jpg 768w, https:\/\/newblogs.correiobraziliense.com.br\/vivabrasilia\/wp-content\/uploads\/sites\/4\/2025\/11\/Cesar-Serra-e-Martha-Medeiros-1536x1024.jpg 1536w, https:\/\/newblogs.correiobraziliense.com.br\/vivabrasilia\/wp-content\/uploads\/sites\/4\/2025\/11\/Cesar-Serra-e-Martha-Medeiros.jpg 2000w\" sizes=\"auto, (max-width: 1024px) 100vw, 1024px\" \/><figcaption class=\"wp-element-caption\">C\u00e9sar Serra e Martha Medeiros<\/figcaption><\/figure>\n\n\n\n<figure class=\"wp-block-image size-large\"><img loading=\"lazy\" decoding=\"async\" width=\"1024\" height=\"683\" data-id=\"5100\" src=\"https:\/\/newblogs.correiobraziliense.com.br\/vivabrasilia\/wp-content\/uploads\/sites\/4\/2025\/11\/A-cantora-Dhi-Ribeiro-encerrou-o-evento-1024x683.jpg\" alt=\"\" class=\"wp-image-5100\" srcset=\"https:\/\/newblogs.correiobraziliense.com.br\/vivabrasilia\/wp-content\/uploads\/sites\/4\/2025\/11\/A-cantora-Dhi-Ribeiro-encerrou-o-evento-1024x683.jpg 1024w, https:\/\/newblogs.correiobraziliense.com.br\/vivabrasilia\/wp-content\/uploads\/sites\/4\/2025\/11\/A-cantora-Dhi-Ribeiro-encerrou-o-evento-300x200.jpg 300w, https:\/\/newblogs.correiobraziliense.com.br\/vivabrasilia\/wp-content\/uploads\/sites\/4\/2025\/11\/A-cantora-Dhi-Ribeiro-encerrou-o-evento-768x512.jpg 768w, https:\/\/newblogs.correiobraziliense.com.br\/vivabrasilia\/wp-content\/uploads\/sites\/4\/2025\/11\/A-cantora-Dhi-Ribeiro-encerrou-o-evento-1536x1025.jpg 1536w, https:\/\/newblogs.correiobraziliense.com.br\/vivabrasilia\/wp-content\/uploads\/sites\/4\/2025\/11\/A-cantora-Dhi-Ribeiro-encerrou-o-evento.jpg 2000w\" sizes=\"auto, (max-width: 1024px) 100vw, 1024px\" \/><figcaption class=\"wp-element-caption\">A cantora Dhi Ribeiro encerrou o evento<\/figcaption><\/figure>\n\n\n\n<figure class=\"wp-block-image size-large\"><img loading=\"lazy\" decoding=\"async\" width=\"1024\" height=\"682\" data-id=\"5101\" src=\"https:\/\/newblogs.correiobraziliense.com.br\/vivabrasilia\/wp-content\/uploads\/sites\/4\/2025\/11\/Carla-Rogado-Luisa-Reis-e-Janay-Leandro-1024x682.jpg\" alt=\"\" class=\"wp-image-5101\" srcset=\"https:\/\/newblogs.correiobraziliense.com.br\/vivabrasilia\/wp-content\/uploads\/sites\/4\/2025\/11\/Carla-Rogado-Luisa-Reis-e-Janay-Leandro-1024x682.jpg 1024w, https:\/\/newblogs.correiobraziliense.com.br\/vivabrasilia\/wp-content\/uploads\/sites\/4\/2025\/11\/Carla-Rogado-Luisa-Reis-e-Janay-Leandro-300x200.jpg 300w, https:\/\/newblogs.correiobraziliense.com.br\/vivabrasilia\/wp-content\/uploads\/sites\/4\/2025\/11\/Carla-Rogado-Luisa-Reis-e-Janay-Leandro-768x512.jpg 768w, https:\/\/newblogs.correiobraziliense.com.br\/vivabrasilia\/wp-content\/uploads\/sites\/4\/2025\/11\/Carla-Rogado-Luisa-Reis-e-Janay-Leandro-1536x1024.jpg 1536w, https:\/\/newblogs.correiobraziliense.com.br\/vivabrasilia\/wp-content\/uploads\/sites\/4\/2025\/11\/Carla-Rogado-Luisa-Reis-e-Janay-Leandro.jpg 2000w\" sizes=\"auto, (max-width: 1024px) 100vw, 1024px\" \/><figcaption class=\"wp-element-caption\">Carla Rogado, Lui\u0301sa Reis e Janay Leandro<\/figcaption><\/figure>\n\n\n\n<figure class=\"wp-block-image size-large\"><img loading=\"lazy\" decoding=\"async\" width=\"1024\" height=\"682\" data-id=\"5102\" src=\"https:\/\/newblogs.correiobraziliense.com.br\/vivabrasilia\/wp-content\/uploads\/sites\/4\/2025\/11\/Carol-Borges-e-Junior-1024x682.jpg\" alt=\"\" class=\"wp-image-5102\" srcset=\"https:\/\/newblogs.correiobraziliense.com.br\/vivabrasilia\/wp-content\/uploads\/sites\/4\/2025\/11\/Carol-Borges-e-Junior-1024x682.jpg 1024w, https:\/\/newblogs.correiobraziliense.com.br\/vivabrasilia\/wp-content\/uploads\/sites\/4\/2025\/11\/Carol-Borges-e-Junior-300x200.jpg 300w, https:\/\/newblogs.correiobraziliense.com.br\/vivabrasilia\/wp-content\/uploads\/sites\/4\/2025\/11\/Carol-Borges-e-Junior-768x512.jpg 768w, https:\/\/newblogs.correiobraziliense.com.br\/vivabrasilia\/wp-content\/uploads\/sites\/4\/2025\/11\/Carol-Borges-e-Junior-1536x1024.jpg 1536w, https:\/\/newblogs.correiobraziliense.com.br\/vivabrasilia\/wp-content\/uploads\/sites\/4\/2025\/11\/Carol-Borges-e-Junior.jpg 2000w\" sizes=\"auto, (max-width: 1024px) 100vw, 1024px\" \/><figcaption class=\"wp-element-caption\">Carol Borges e J\u00fanior<\/figcaption><\/figure>\n\n\n\n<figure class=\"wp-block-image size-large\"><img loading=\"lazy\" decoding=\"async\" width=\"682\" height=\"1024\" data-id=\"5103\" src=\"https:\/\/newblogs.correiobraziliense.com.br\/vivabrasilia\/wp-content\/uploads\/sites\/4\/2025\/11\/Cecilia-e-Flavia-Falcao-682x1024.jpg\" alt=\"\" class=\"wp-image-5103\" srcset=\"https:\/\/newblogs.correiobraziliense.com.br\/vivabrasilia\/wp-content\/uploads\/sites\/4\/2025\/11\/Cecilia-e-Flavia-Falcao-682x1024.jpg 682w, https:\/\/newblogs.correiobraziliense.com.br\/vivabrasilia\/wp-content\/uploads\/sites\/4\/2025\/11\/Cecilia-e-Flavia-Falcao-200x300.jpg 200w, https:\/\/newblogs.correiobraziliense.com.br\/vivabrasilia\/wp-content\/uploads\/sites\/4\/2025\/11\/Cecilia-e-Flavia-Falcao-768x1152.jpg 768w, https:\/\/newblogs.correiobraziliense.com.br\/vivabrasilia\/wp-content\/uploads\/sites\/4\/2025\/11\/Cecilia-e-Flavia-Falcao-1024x1536.jpg 1024w, https:\/\/newblogs.correiobraziliense.com.br\/vivabrasilia\/wp-content\/uploads\/sites\/4\/2025\/11\/Cecilia-e-Flavia-Falcao.jpg 1333w\" sizes=\"auto, (max-width: 682px) 100vw, 682px\" \/><figcaption class=\"wp-element-caption\">Ceci\u0301lia e Fla\u0301via Falca\u0303o<\/figcaption><\/figure>\n\n\n\n<figure class=\"wp-block-image size-large\"><img loading=\"lazy\" decoding=\"async\" width=\"1024\" height=\"819\" data-id=\"5104\" src=\"https:\/\/newblogs.correiobraziliense.com.br\/vivabrasilia\/wp-content\/uploads\/sites\/4\/2025\/11\/Cesar-Serra-Edneia-e-Luiz-Pedro-2-1024x819.jpg\" alt=\"\" class=\"wp-image-5104\" srcset=\"https:\/\/newblogs.correiobraziliense.com.br\/vivabrasilia\/wp-content\/uploads\/sites\/4\/2025\/11\/Cesar-Serra-Edneia-e-Luiz-Pedro-2-1024x819.jpg 1024w, https:\/\/newblogs.correiobraziliense.com.br\/vivabrasilia\/wp-content\/uploads\/sites\/4\/2025\/11\/Cesar-Serra-Edneia-e-Luiz-Pedro-2-300x240.jpg 300w, https:\/\/newblogs.correiobraziliense.com.br\/vivabrasilia\/wp-content\/uploads\/sites\/4\/2025\/11\/Cesar-Serra-Edneia-e-Luiz-Pedro-2-768x614.jpg 768w, https:\/\/newblogs.correiobraziliense.com.br\/vivabrasilia\/wp-content\/uploads\/sites\/4\/2025\/11\/Cesar-Serra-Edneia-e-Luiz-Pedro-2-1536x1229.jpg 1536w, https:\/\/newblogs.correiobraziliense.com.br\/vivabrasilia\/wp-content\/uploads\/sites\/4\/2025\/11\/Cesar-Serra-Edneia-e-Luiz-Pedro-2.jpg 2000w\" sizes=\"auto, (max-width: 1024px) 100vw, 1024px\" \/><figcaption class=\"wp-element-caption\">Ce\u0301sar Serra, Edneia e Luiz Pedro<\/figcaption><\/figure>\n\n\n\n<figure class=\"wp-block-image size-large\"><img loading=\"lazy\" decoding=\"async\" width=\"1024\" height=\"682\" data-id=\"5105\" src=\"https:\/\/newblogs.correiobraziliense.com.br\/vivabrasilia\/wp-content\/uploads\/sites\/4\/2025\/11\/Cristina-Lisboa-Monica-Freitas-e-Fatima-Castro-1024x682.jpg\" alt=\"\" class=\"wp-image-5105\" srcset=\"https:\/\/newblogs.correiobraziliense.com.br\/vivabrasilia\/wp-content\/uploads\/sites\/4\/2025\/11\/Cristina-Lisboa-Monica-Freitas-e-Fatima-Castro-1024x682.jpg 1024w, https:\/\/newblogs.correiobraziliense.com.br\/vivabrasilia\/wp-content\/uploads\/sites\/4\/2025\/11\/Cristina-Lisboa-Monica-Freitas-e-Fatima-Castro-300x200.jpg 300w, https:\/\/newblogs.correiobraziliense.com.br\/vivabrasilia\/wp-content\/uploads\/sites\/4\/2025\/11\/Cristina-Lisboa-Monica-Freitas-e-Fatima-Castro-768x512.jpg 768w, https:\/\/newblogs.correiobraziliense.com.br\/vivabrasilia\/wp-content\/uploads\/sites\/4\/2025\/11\/Cristina-Lisboa-Monica-Freitas-e-Fatima-Castro-1536x1024.jpg 1536w, https:\/\/newblogs.correiobraziliense.com.br\/vivabrasilia\/wp-content\/uploads\/sites\/4\/2025\/11\/Cristina-Lisboa-Monica-Freitas-e-Fatima-Castro.jpg 2000w\" sizes=\"auto, (max-width: 1024px) 100vw, 1024px\" \/><figcaption class=\"wp-element-caption\">Cristina Lisboa, Mo\u0302nica Freitas e Fa\u0301tima Castro<\/figcaption><\/figure>\n\n\n\n<figure class=\"wp-block-image size-large\"><img loading=\"lazy\" decoding=\"async\" width=\"723\" height=\"1024\" data-id=\"5106\" src=\"https:\/\/newblogs.correiobraziliense.com.br\/vivabrasilia\/wp-content\/uploads\/sites\/4\/2025\/11\/Eliane-Martins-Mariana-Monteiro-723x1024.jpg\" alt=\"\" class=\"wp-image-5106\" srcset=\"https:\/\/newblogs.correiobraziliense.com.br\/vivabrasilia\/wp-content\/uploads\/sites\/4\/2025\/11\/Eliane-Martins-Mariana-Monteiro-723x1024.jpg 723w, https:\/\/newblogs.correiobraziliense.com.br\/vivabrasilia\/wp-content\/uploads\/sites\/4\/2025\/11\/Eliane-Martins-Mariana-Monteiro-212x300.jpg 212w, https:\/\/newblogs.correiobraziliense.com.br\/vivabrasilia\/wp-content\/uploads\/sites\/4\/2025\/11\/Eliane-Martins-Mariana-Monteiro-768x1087.jpg 768w, https:\/\/newblogs.correiobraziliense.com.br\/vivabrasilia\/wp-content\/uploads\/sites\/4\/2025\/11\/Eliane-Martins-Mariana-Monteiro-1085x1536.jpg 1085w, https:\/\/newblogs.correiobraziliense.com.br\/vivabrasilia\/wp-content\/uploads\/sites\/4\/2025\/11\/Eliane-Martins-Mariana-Monteiro.jpg 1413w\" sizes=\"auto, (max-width: 723px) 100vw, 723px\" \/><figcaption class=\"wp-element-caption\">Eliane Martins e Mariana Monteiro<\/figcaption><\/figure>\n\n\n\n<figure class=\"wp-block-image size-large\"><img loading=\"lazy\" decoding=\"async\" width=\"1024\" height=\"682\" data-id=\"5107\" src=\"https:\/\/newblogs.correiobraziliense.com.br\/vivabrasilia\/wp-content\/uploads\/sites\/4\/2025\/11\/Liana-Azevedo-Bruno-Anderson-Aline-Guimaraes-e-Wagner-Espindola-2-1024x682.jpg\" alt=\"\" class=\"wp-image-5107\" srcset=\"https:\/\/newblogs.correiobraziliense.com.br\/vivabrasilia\/wp-content\/uploads\/sites\/4\/2025\/11\/Liana-Azevedo-Bruno-Anderson-Aline-Guimaraes-e-Wagner-Espindola-2-1024x682.jpg 1024w, https:\/\/newblogs.correiobraziliense.com.br\/vivabrasilia\/wp-content\/uploads\/sites\/4\/2025\/11\/Liana-Azevedo-Bruno-Anderson-Aline-Guimaraes-e-Wagner-Espindola-2-300x200.jpg 300w, https:\/\/newblogs.correiobraziliense.com.br\/vivabrasilia\/wp-content\/uploads\/sites\/4\/2025\/11\/Liana-Azevedo-Bruno-Anderson-Aline-Guimaraes-e-Wagner-Espindola-2-768x512.jpg 768w, https:\/\/newblogs.correiobraziliense.com.br\/vivabrasilia\/wp-content\/uploads\/sites\/4\/2025\/11\/Liana-Azevedo-Bruno-Anderson-Aline-Guimaraes-e-Wagner-Espindola-2-1536x1024.jpg 1536w, https:\/\/newblogs.correiobraziliense.com.br\/vivabrasilia\/wp-content\/uploads\/sites\/4\/2025\/11\/Liana-Azevedo-Bruno-Anderson-Aline-Guimaraes-e-Wagner-Espindola-2.jpg 2000w\" sizes=\"auto, (max-width: 1024px) 100vw, 1024px\" \/><figcaption class=\"wp-element-caption\">Liana Azevedo, Bruno Anderson, Aline Guimara\u0303es e Wagner Espi\u0301ndola<\/figcaption><\/figure>\n<\/figure>\n<\/div>\n\t\t\t<div class=\"slider-nav\">\n\t\t\t\t<button class=\"prev\">\n\t\t\t\t<svg xmlns=\"http:\/\/www.w3.org\/2000\/svg\" width=\"26\" height=\"45\" viewBox=\"0 0 26 45\" fill=\"none\">\n\t\t\t\t<path d=\"M24.9118 0.990519C25.5461 1.62494 25.9023 2.48528 25.9023 3.38235C25.9023 4.27943 25.5461 5.13977 24.9118 5.77419L8.16559 22.5204L24.9118 39.2667C25.5281 39.9047 25.8691 40.7593 25.8614 41.6463C25.8537 42.5334 25.4979 43.3819 24.8706 44.0091C24.2434 44.6364 23.3948 44.9922 22.5078 44.9999C21.6208 45.0076 20.7662 44.6666 20.1282 44.0503L0.990082 24.9123C0.355853 24.2778 -0.000438023 23.4175 -0.000438023 22.5204C-0.000438023 21.6234 0.355853 20.763 0.990082 20.1286L20.1282 0.990519C20.7626 0.35629 21.6229 0 22.52 0C23.4171 0 24.2774 0.35629 24.9118 0.990519Z\" fill=\"white\" fill-opacity=\"0.7\"><\/path>\n\t\t\t\t<\/svg>\n\t\t\t\t<\/button>\n\t\t\t\t<button class=\"next\">\n\t\t\t\t<svg xmlns=\"http:\/\/www.w3.org\/2000\/svg\" width=\"26\" height=\"45\" viewBox=\"0 0 26 45\" fill=\"none\">\n\t\t\t\t<path d=\"M0.99052 0.990519C0.356291 1.62494 0 2.48528 0 3.38235C0 4.27943 0.356291 5.13977 0.99052 5.77419L17.7368 22.5204L0.99052 39.2667C0.374265 39.9047 0.0332682 40.7593 0.0409763 41.6463C0.0486844 42.5334 0.40448 43.3819 1.03173 44.0091C1.65898 44.6364 2.5075 44.9922 3.39453 44.9999C4.28156 45.0076 5.13613 44.6666 5.77419 44.0503L24.9123 24.9123C25.5465 24.2778 25.9028 23.4175 25.9028 22.5204C25.9028 21.6234 25.5465 20.763 24.9123 20.1286L5.77419 0.990519C5.13977 0.35629 4.27943 0 3.38235 0C2.48528 0 1.62494 0.35629 0.99052 0.990519Z\" fill=\"white\" fill-opacity=\"0.7\"><\/path>\n\t\t\t\t<\/svg>\n\t\t\t\t<\/button>\n\t\t\t<\/div>\n\t\t\t<div class=\"slider-dots\"><\/div>\n\t\t\t<\/div>","protected":false},"excerpt":{"rendered":"<p>Desfiles, palestras e neg\u00f3cios fecharam o Luxo de Festa em grande estilo, colocando Bras\u00edlia no mapa dos eventos que movimentam o mercado de casamentos e o segmento de festas no pa\u00eds<\/p>\n","protected":false},"author":7,"featured_media":5096,"comment_status":"closed","ping_status":"open","sticky":false,"template":"","format":"standard","meta":{"_acf_changed":false,"inline_featured_image":false,"footnotes":""},"categories":[7],"tags":[450,1122],"class_list":["post-5099","post","type-post","status-publish","format-standard","has-post-thumbnail","hentry","category-evento","tag-congresso","tag-luxo-de-festa"],"acf":[],"yoast_head":"<!-- This site is optimized with the Yoast SEO plugin v27.3 - https:\/\/yoast.com\/product\/yoast-seo-wordpress\/ -->\n<title>Luxo de Festa encerra tr\u00eas dias de imers\u00e3o, neg\u00f3cios e tend\u00eancias com chave de ouro - Viva Bras\u00edlia<\/title>\n<meta name=\"robots\" content=\"index, follow, max-snippet:-1, max-image-preview:large, max-video-preview:-1\" \/>\n<link rel=\"canonical\" href=\"https:\/\/newblogs.correiobraziliense.com.br\/vivabrasilia\/luxo-de-festa-encerra-tres-dias-de-imersao-negocios-e-tendencias-com-chave-de-ouro\/\" \/>\n<meta property=\"og:locale\" content=\"pt_BR\" \/>\n<meta property=\"og:type\" content=\"article\" \/>\n<meta property=\"og:title\" content=\"Luxo de Festa encerra tr\u00eas dias de imers\u00e3o, neg\u00f3cios e tend\u00eancias com chave de ouro - Viva Bras\u00edlia\" \/>\n<meta property=\"og:description\" content=\"Desfiles, palestras e neg\u00f3cios fecharam o Luxo de Festa em grande estilo, colocando Bras\u00edlia no mapa dos eventos que movimentam o mercado de casamentos e o segmento de festas no pa\u00eds\" \/>\n<meta property=\"og:url\" content=\"https:\/\/newblogs.correiobraziliense.com.br\/vivabrasilia\/luxo-de-festa-encerra-tres-dias-de-imersao-negocios-e-tendencias-com-chave-de-ouro\/\" \/>\n<meta property=\"og:site_name\" content=\"Viva Bras\u00edlia\" \/>\n<meta property=\"article:published_time\" content=\"2025-11-15T03:12:21+00:00\" \/>\n<meta property=\"article:modified_time\" content=\"2025-11-15T03:12:24+00:00\" \/>\n<meta property=\"og:image\" content=\"https:\/\/newblogs.correiobraziliense.com.br\/vivabrasilia\/wp-content\/uploads\/sites\/4\/2025\/11\/Plinio-Ricardo-Cesar-Serra-Gloria-Kalil-e-Theo-Alves.jpg\" \/>\n\t<meta property=\"og:image:width\" content=\"2000\" \/>\n\t<meta property=\"og:image:height\" content=\"1334\" \/>\n\t<meta property=\"og:image:type\" content=\"image\/jpeg\" \/>\n<meta name=\"author\" content=\"Mariana Campos\" \/>\n<!-- \/ Yoast SEO plugin. -->","yoast_head_json":{"title":"Luxo de Festa encerra tr\u00eas dias de imers\u00e3o, neg\u00f3cios e tend\u00eancias com chave de ouro - Viva Bras\u00edlia","robots":{"index":"index","follow":"follow","max-snippet":"max-snippet:-1","max-image-preview":"max-image-preview:large","max-video-preview":"max-video-preview:-1"},"canonical":"https:\/\/newblogs.correiobraziliense.com.br\/vivabrasilia\/luxo-de-festa-encerra-tres-dias-de-imersao-negocios-e-tendencias-com-chave-de-ouro\/","og_locale":"pt_BR","og_type":"article","og_title":"Luxo de Festa encerra tr\u00eas dias de imers\u00e3o, neg\u00f3cios e tend\u00eancias com chave de ouro - Viva Bras\u00edlia","og_description":"Desfiles, palestras e neg\u00f3cios fecharam o Luxo de Festa em grande estilo, colocando Bras\u00edlia no mapa dos eventos que movimentam o mercado de casamentos e o segmento de festas no pa\u00eds","og_url":"https:\/\/newblogs.correiobraziliense.com.br\/vivabrasilia\/luxo-de-festa-encerra-tres-dias-de-imersao-negocios-e-tendencias-com-chave-de-ouro\/","og_site_name":"Viva Bras\u00edlia","article_published_time":"2025-11-15T03:12:21+00:00","article_modified_time":"2025-11-15T03:12:24+00:00","og_image":[{"width":2000,"height":1334,"url":"https:\/\/newblogs.correiobraziliense.com.br\/vivabrasilia\/wp-content\/uploads\/sites\/4\/2025\/11\/Plinio-Ricardo-Cesar-Serra-Gloria-Kalil-e-Theo-Alves.jpg","type":"image\/jpeg"}],"author":"Mariana Campos","schema":{"@context":"https:\/\/schema.org","@graph":[{"@type":"Article","@id":"https:\/\/newblogs.correiobraziliense.com.br\/vivabrasilia\/luxo-de-festa-encerra-tres-dias-de-imersao-negocios-e-tendencias-com-chave-de-ouro\/#article","isPartOf":{"@id":"https:\/\/newblogs.correiobraziliense.com.br\/vivabrasilia\/luxo-de-festa-encerra-tres-dias-de-imersao-negocios-e-tendencias-com-chave-de-ouro\/"},"author":{"name":"Mariana Campos","@id":"https:\/\/newblogs.correiobraziliense.com.br\/vivabrasilia\/#\/schema\/person\/018c75775aaa6ead74dde48a78ac7fa1"},"headline":"Luxo de Festa encerra tr\u00eas dias de imers\u00e3o, neg\u00f3cios e tend\u00eancias com chave de ouro","datePublished":"2025-11-15T03:12:21+00:00","dateModified":"2025-11-15T03:12:24+00:00","mainEntityOfPage":{"@id":"https:\/\/newblogs.correiobraziliense.com.br\/vivabrasilia\/luxo-de-festa-encerra-tres-dias-de-imersao-negocios-e-tendencias-com-chave-de-ouro\/"},"wordCount":220,"image":{"@id":"https:\/\/newblogs.correiobraziliense.com.br\/vivabrasilia\/luxo-de-festa-encerra-tres-dias-de-imersao-negocios-e-tendencias-com-chave-de-ouro\/#primaryimage"},"thumbnailUrl":"https:\/\/newblogs.correiobraziliense.com.br\/vivabrasilia\/wp-content\/uploads\/sites\/4\/2025\/11\/Plinio-Ricardo-Cesar-Serra-Gloria-Kalil-e-Theo-Alves.jpg","keywords":["congresso","Luxo de Festa"],"articleSection":["Evento"],"inLanguage":"pt-BR"},{"@type":"WebPage","@id":"https:\/\/newblogs.correiobraziliense.com.br\/vivabrasilia\/luxo-de-festa-encerra-tres-dias-de-imersao-negocios-e-tendencias-com-chave-de-ouro\/","url":"https:\/\/newblogs.correiobraziliense.com.br\/vivabrasilia\/luxo-de-festa-encerra-tres-dias-de-imersao-negocios-e-tendencias-com-chave-de-ouro\/","name":"Luxo de Festa encerra tr\u00eas dias de imers\u00e3o, neg\u00f3cios e tend\u00eancias com chave de ouro - Viva Bras\u00edlia","isPartOf":{"@id":"https:\/\/newblogs.correiobraziliense.com.br\/vivabrasilia\/#website"},"primaryImageOfPage":{"@id":"https:\/\/newblogs.correiobraziliense.com.br\/vivabrasilia\/luxo-de-festa-encerra-tres-dias-de-imersao-negocios-e-tendencias-com-chave-de-ouro\/#primaryimage"},"image":{"@id":"https:\/\/newblogs.correiobraziliense.com.br\/vivabrasilia\/luxo-de-festa-encerra-tres-dias-de-imersao-negocios-e-tendencias-com-chave-de-ouro\/#primaryimage"},"thumbnailUrl":"https:\/\/newblogs.correiobraziliense.com.br\/vivabrasilia\/wp-content\/uploads\/sites\/4\/2025\/11\/Plinio-Ricardo-Cesar-Serra-Gloria-Kalil-e-Theo-Alves.jpg","datePublished":"2025-11-15T03:12:21+00:00","dateModified":"2025-11-15T03:12:24+00:00","author":{"@id":"https:\/\/newblogs.correiobraziliense.com.br\/vivabrasilia\/#\/schema\/person\/018c75775aaa6ead74dde48a78ac7fa1"},"breadcrumb":{"@id":"https:\/\/newblogs.correiobraziliense.com.br\/vivabrasilia\/luxo-de-festa-encerra-tres-dias-de-imersao-negocios-e-tendencias-com-chave-de-ouro\/#breadcrumb"},"inLanguage":"pt-BR","potentialAction":[{"@type":"ReadAction","target":["https:\/\/newblogs.correiobraziliense.com.br\/vivabrasilia\/luxo-de-festa-encerra-tres-dias-de-imersao-negocios-e-tendencias-com-chave-de-ouro\/"]}]},{"@type":"ImageObject","inLanguage":"pt-BR","@id":"https:\/\/newblogs.correiobraziliense.com.br\/vivabrasilia\/luxo-de-festa-encerra-tres-dias-de-imersao-negocios-e-tendencias-com-chave-de-ouro\/#primaryimage","url":"https:\/\/newblogs.correiobraziliense.com.br\/vivabrasilia\/wp-content\/uploads\/sites\/4\/2025\/11\/Plinio-Ricardo-Cesar-Serra-Gloria-Kalil-e-Theo-Alves.jpg","contentUrl":"https:\/\/newblogs.correiobraziliense.com.br\/vivabrasilia\/wp-content\/uploads\/sites\/4\/2025\/11\/Plinio-Ricardo-Cesar-Serra-Gloria-Kalil-e-Theo-Alves.jpg","width":2000,"height":1334,"caption":"Pli\u0301nio Ricardo, Ce\u0301sar Serra, Glo\u0301ria Kalil e Theo Alves | Foto: Divulga\u00e7\u00e3o\/Luxo de Festa"},{"@type":"BreadcrumbList","@id":"https:\/\/newblogs.correiobraziliense.com.br\/vivabrasilia\/luxo-de-festa-encerra-tres-dias-de-imersao-negocios-e-tendencias-com-chave-de-ouro\/#breadcrumb","itemListElement":[{"@type":"ListItem","position":1,"name":"In\u00edcio","item":"https:\/\/newblogs.correiobraziliense.com.br\/vivabrasilia\/"},{"@type":"ListItem","position":2,"name":"Luxo de Festa encerra tr\u00eas dias de imers\u00e3o, neg\u00f3cios e tend\u00eancias com chave de ouro"}]},{"@type":"WebSite","@id":"https:\/\/newblogs.correiobraziliense.com.br\/vivabrasilia\/#website","url":"https:\/\/newblogs.correiobraziliense.com.br\/vivabrasilia\/","name":"Viva Bras\u00edlia","description":"Coluna de estilo de vida","potentialAction":[{"@type":"SearchAction","target":{"@type":"EntryPoint","urlTemplate":"https:\/\/newblogs.correiobraziliense.com.br\/vivabrasilia\/?s={search_term_string}"},"query-input":{"@type":"PropertyValueSpecification","valueRequired":true,"valueName":"search_term_string"}}],"inLanguage":"pt-BR"},{"@type":"Person","@id":"https:\/\/newblogs.correiobraziliense.com.br\/vivabrasilia\/#\/schema\/person\/018c75775aaa6ead74dde48a78ac7fa1","name":"Mariana Campos","image":{"@type":"ImageObject","inLanguage":"pt-BR","@id":"https:\/\/secure.gravatar.com\/avatar\/97cd13271bc36c11415a45e9f8192828452de6a8c0e24857edbf96d21752260f?s=96&d=mm&r=g","url":"https:\/\/secure.gravatar.com\/avatar\/97cd13271bc36c11415a45e9f8192828452de6a8c0e24857edbf96d21752260f?s=96&d=mm&r=g","contentUrl":"https:\/\/secure.gravatar.com\/avatar\/97cd13271bc36c11415a45e9f8192828452de6a8c0e24857edbf96d21752260f?s=96&d=mm&r=g","caption":"Mariana Campos"},"description":"Colunista da Viva Bras\u00edlia, Mariana escreve e fotografa para a coluna. Formada em Comunica\u00e7\u00e3o, aprofundou-se no jornalismo e agora une a escrita com a fotografia para mostrar que a capital \u00e9 uma cidade viva que n\u00e3o se resume ao poder. Tamb\u00e9m faz a cobertura de moda para seu blog, Pliss\u00ea, e para as redes sociais do Correio.","sameAs":["http:\/\/newblogs.correiobraziliense.com\/plisse","https:\/\/www.instagram.com\/marigrigori"],"url":"https:\/\/newblogs.correiobraziliense.com.br\/vivabrasilia\/author\/marivivabrasilia\/"}]}},"_links":{"self":[{"href":"https:\/\/newblogs.correiobraziliense.com.br\/vivabrasilia\/wp-json\/wp\/v2\/posts\/5099","targetHints":{"allow":["GET"]}}],"collection":[{"href":"https:\/\/newblogs.correiobraziliense.com.br\/vivabrasilia\/wp-json\/wp\/v2\/posts"}],"about":[{"href":"https:\/\/newblogs.correiobraziliense.com.br\/vivabrasilia\/wp-json\/wp\/v2\/types\/post"}],"author":[{"embeddable":true,"href":"https:\/\/newblogs.correiobraziliense.com.br\/vivabrasilia\/wp-json\/wp\/v2\/users\/7"}],"replies":[{"embeddable":true,"href":"https:\/\/newblogs.correiobraziliense.com.br\/vivabrasilia\/wp-json\/wp\/v2\/comments?post=5099"}],"version-history":[{"count":1,"href":"https:\/\/newblogs.correiobraziliense.com.br\/vivabrasilia\/wp-json\/wp\/v2\/posts\/5099\/revisions"}],"predecessor-version":[{"id":5109,"href":"https:\/\/newblogs.correiobraziliense.com.br\/vivabrasilia\/wp-json\/wp\/v2\/posts\/5099\/revisions\/5109"}],"wp:featuredmedia":[{"embeddable":true,"href":"https:\/\/newblogs.correiobraziliense.com.br\/vivabrasilia\/wp-json\/wp\/v2\/media\/5096"}],"wp:attachment":[{"href":"https:\/\/newblogs.correiobraziliense.com.br\/vivabrasilia\/wp-json\/wp\/v2\/media?parent=5099"}],"wp:term":[{"taxonomy":"category","embeddable":true,"href":"https:\/\/newblogs.correiobraziliense.com.br\/vivabrasilia\/wp-json\/wp\/v2\/categories?post=5099"},{"taxonomy":"post_tag","embeddable":true,"href":"https:\/\/newblogs.correiobraziliense.com.br\/vivabrasilia\/wp-json\/wp\/v2\/tags?post=5099"}],"curies":[{"name":"wp","href":"https:\/\/api.w.org\/{rel}","templated":true}]}}