{"id":4155,"date":"2025-08-15T17:26:48","date_gmt":"2025-08-15T20:26:48","guid":{"rendered":"https:\/\/newblogs.correiobraziliense.com.br\/vivabrasilia\/?p=4155"},"modified":"2025-08-15T17:26:50","modified_gmt":"2025-08-15T20:26:50","slug":"guiomar-mendes-recebe-familiares-amigos-e-autoridades-para-celebrar-aniversario","status":"publish","type":"post","link":"https:\/\/newblogs.correiobraziliense.com.br\/vivabrasilia\/guiomar-mendes-recebe-familiares-amigos-e-autoridades-para-celebrar-aniversario\/","title":{"rendered":"Guiomar Mendes recebe familiares, amigos e autoridades para celebrar anivers\u00e1rio"},"content":{"rendered":"\n<p>A advogada Guiomar Mendes celebrou a chegada dos 73 anos cercada de sua fam\u00edlia, amigos e muita alegria. A festa, realizada na \u00faltima quarta-feira na casa da filha Maria Carolina e do genro Thiago Rodrigues, reuniu nomes importantes do Executivo, Legislativo e Judici\u00e1rio, al\u00e9m de muitas figuras queridas de sua vida pessoal. Em uma noite de abra\u00e7os, lembran\u00e7as e celebra\u00e7\u00e3o, um momento em particular roubou a cena: a j\u00e1 tradicional maratona de parab\u00e9ns da fam\u00edlia. A aniversariante pegou o microfone e, com a ajuda dos familiares e dos amigos, guiados por uma folha com a letra das m\u00fasicas, entoou diversas vers\u00f5es de can\u00e7\u00f5es de parab\u00e9ns, desde o cl\u00e1ssicos at\u00e9 os mais diferentes, em um ritual que faz quest\u00e3o de repetir e reinventar a cada ano. Com o marido, o ministro Gilmar Mendes, e os filhos e netos ao lado, ela agradeceu emocionada pelo carinho recebido e a presen\u00e7a de todos. A noite seguiu com m\u00fasica ao vivo e clima leve, celebrando mais um ano de vida de uma figura muito querida na capital.<\/p>\n\n\n<div class=\"slider-wrapper\"><div class=\"slider\">\n<figure class=\"wp-block-gallery has-nested-images columns-default is-cropped wp-block-gallery-1 is-layout-flex wp-block-gallery-is-layout-flex\">\n<figure class=\"wp-block-image size-large\"><img loading=\"lazy\" decoding=\"async\" width=\"1024\" height=\"682\" data-id=\"4157\" src=\"https:\/\/newblogs.correiobraziliense.com.br\/vivabrasilia\/wp-content\/uploads\/sites\/4\/2025\/08\/2-A-advogada-Guiomar-e-o-ministro-do-STF-Gilmar-Mendes-1024x682.jpg\" alt=\"\" class=\"wp-image-4157\" srcset=\"https:\/\/newblogs.correiobraziliense.com.br\/vivabrasilia\/wp-content\/uploads\/sites\/4\/2025\/08\/2-A-advogada-Guiomar-e-o-ministro-do-STF-Gilmar-Mendes-1024x682.jpg 1024w, https:\/\/newblogs.correiobraziliense.com.br\/vivabrasilia\/wp-content\/uploads\/sites\/4\/2025\/08\/2-A-advogada-Guiomar-e-o-ministro-do-STF-Gilmar-Mendes-300x200.jpg 300w, https:\/\/newblogs.correiobraziliense.com.br\/vivabrasilia\/wp-content\/uploads\/sites\/4\/2025\/08\/2-A-advogada-Guiomar-e-o-ministro-do-STF-Gilmar-Mendes-768x512.jpg 768w, https:\/\/newblogs.correiobraziliense.com.br\/vivabrasilia\/wp-content\/uploads\/sites\/4\/2025\/08\/2-A-advogada-Guiomar-e-o-ministro-do-STF-Gilmar-Mendes-1536x1024.jpg 1536w, https:\/\/newblogs.correiobraziliense.com.br\/vivabrasilia\/wp-content\/uploads\/sites\/4\/2025\/08\/2-A-advogada-Guiomar-e-o-ministro-do-STF-Gilmar-Mendes.jpg 2000w\" sizes=\"auto, (max-width: 1024px) 100vw, 1024px\" \/><figcaption class=\"wp-element-caption\">A advogada Guiomar e o ministro do STF Gilmar Mendes<\/figcaption><\/figure>\n\n\n\n<figure class=\"wp-block-image size-large\"><img loading=\"lazy\" decoding=\"async\" width=\"1024\" height=\"682\" data-id=\"4158\" src=\"https:\/\/newblogs.correiobraziliense.com.br\/vivabrasilia\/wp-content\/uploads\/sites\/4\/2025\/08\/3-O-ministro-do-STF-Alexandre-de-Moraes-Viviane-Barci-de-Moraes-Rita-Nolasco-e-o-presidente-do-STF-ministro-Luis-Roberto-Barroso-1024x682.jpg\" alt=\"\" class=\"wp-image-4158\" srcset=\"https:\/\/newblogs.correiobraziliense.com.br\/vivabrasilia\/wp-content\/uploads\/sites\/4\/2025\/08\/3-O-ministro-do-STF-Alexandre-de-Moraes-Viviane-Barci-de-Moraes-Rita-Nolasco-e-o-presidente-do-STF-ministro-Luis-Roberto-Barroso-1024x682.jpg 1024w, https:\/\/newblogs.correiobraziliense.com.br\/vivabrasilia\/wp-content\/uploads\/sites\/4\/2025\/08\/3-O-ministro-do-STF-Alexandre-de-Moraes-Viviane-Barci-de-Moraes-Rita-Nolasco-e-o-presidente-do-STF-ministro-Luis-Roberto-Barroso-300x200.jpg 300w, https:\/\/newblogs.correiobraziliense.com.br\/vivabrasilia\/wp-content\/uploads\/sites\/4\/2025\/08\/3-O-ministro-do-STF-Alexandre-de-Moraes-Viviane-Barci-de-Moraes-Rita-Nolasco-e-o-presidente-do-STF-ministro-Luis-Roberto-Barroso-768x512.jpg 768w, https:\/\/newblogs.correiobraziliense.com.br\/vivabrasilia\/wp-content\/uploads\/sites\/4\/2025\/08\/3-O-ministro-do-STF-Alexandre-de-Moraes-Viviane-Barci-de-Moraes-Rita-Nolasco-e-o-presidente-do-STF-ministro-Luis-Roberto-Barroso-1536x1024.jpg 1536w, https:\/\/newblogs.correiobraziliense.com.br\/vivabrasilia\/wp-content\/uploads\/sites\/4\/2025\/08\/3-O-ministro-do-STF-Alexandre-de-Moraes-Viviane-Barci-de-Moraes-Rita-Nolasco-e-o-presidente-do-STF-ministro-Luis-Roberto-Barroso.jpg 2000w\" sizes=\"auto, (max-width: 1024px) 100vw, 1024px\" \/><figcaption class=\"wp-element-caption\">O ministro do STF, Alexandre de Moraes, Viviane Barci de Moraes, Rita Nolasco e o presidente do STF, ministro Lu\u00eds Roberto Barroso<\/figcaption><\/figure>\n\n\n\n<figure class=\"wp-block-image size-large\"><img loading=\"lazy\" decoding=\"async\" width=\"1024\" height=\"682\" data-id=\"4159\" src=\"https:\/\/newblogs.correiobraziliense.com.br\/vivabrasilia\/wp-content\/uploads\/sites\/4\/2025\/08\/4-O-presidente-da-Camara-dos-Deputados-deputado-federal-Hugo-Motta-e-Luana-Medeiros-1024x682.jpg\" alt=\"\" class=\"wp-image-4159\" srcset=\"https:\/\/newblogs.correiobraziliense.com.br\/vivabrasilia\/wp-content\/uploads\/sites\/4\/2025\/08\/4-O-presidente-da-Camara-dos-Deputados-deputado-federal-Hugo-Motta-e-Luana-Medeiros-1024x682.jpg 1024w, https:\/\/newblogs.correiobraziliense.com.br\/vivabrasilia\/wp-content\/uploads\/sites\/4\/2025\/08\/4-O-presidente-da-Camara-dos-Deputados-deputado-federal-Hugo-Motta-e-Luana-Medeiros-300x200.jpg 300w, https:\/\/newblogs.correiobraziliense.com.br\/vivabrasilia\/wp-content\/uploads\/sites\/4\/2025\/08\/4-O-presidente-da-Camara-dos-Deputados-deputado-federal-Hugo-Motta-e-Luana-Medeiros-768x512.jpg 768w, https:\/\/newblogs.correiobraziliense.com.br\/vivabrasilia\/wp-content\/uploads\/sites\/4\/2025\/08\/4-O-presidente-da-Camara-dos-Deputados-deputado-federal-Hugo-Motta-e-Luana-Medeiros-1536x1024.jpg 1536w, https:\/\/newblogs.correiobraziliense.com.br\/vivabrasilia\/wp-content\/uploads\/sites\/4\/2025\/08\/4-O-presidente-da-Camara-dos-Deputados-deputado-federal-Hugo-Motta-e-Luana-Medeiros.jpg 2000w\" sizes=\"auto, (max-width: 1024px) 100vw, 1024px\" \/><figcaption class=\"wp-element-caption\">O presidente da C\u00e2mara dos Deputados, deputado federal Hugo Motta e Luana Medeiros<\/figcaption><\/figure>\n\n\n\n<figure class=\"wp-block-image size-large\"><img loading=\"lazy\" decoding=\"async\" width=\"1024\" height=\"682\" data-id=\"4160\" src=\"https:\/\/newblogs.correiobraziliense.com.br\/vivabrasilia\/wp-content\/uploads\/sites\/4\/2025\/08\/6-O-ministro-do-TCU-Bruno-Dantas-senador-Rodrigo-Pacheco-senador-Renan-Calheiros-e-o-governador-do-Goias-Ronaldo-Caiado-1024x682.jpg\" alt=\"\" class=\"wp-image-4160\" srcset=\"https:\/\/newblogs.correiobraziliense.com.br\/vivabrasilia\/wp-content\/uploads\/sites\/4\/2025\/08\/6-O-ministro-do-TCU-Bruno-Dantas-senador-Rodrigo-Pacheco-senador-Renan-Calheiros-e-o-governador-do-Goias-Ronaldo-Caiado-1024x682.jpg 1024w, https:\/\/newblogs.correiobraziliense.com.br\/vivabrasilia\/wp-content\/uploads\/sites\/4\/2025\/08\/6-O-ministro-do-TCU-Bruno-Dantas-senador-Rodrigo-Pacheco-senador-Renan-Calheiros-e-o-governador-do-Goias-Ronaldo-Caiado-300x200.jpg 300w, https:\/\/newblogs.correiobraziliense.com.br\/vivabrasilia\/wp-content\/uploads\/sites\/4\/2025\/08\/6-O-ministro-do-TCU-Bruno-Dantas-senador-Rodrigo-Pacheco-senador-Renan-Calheiros-e-o-governador-do-Goias-Ronaldo-Caiado-768x512.jpg 768w, https:\/\/newblogs.correiobraziliense.com.br\/vivabrasilia\/wp-content\/uploads\/sites\/4\/2025\/08\/6-O-ministro-do-TCU-Bruno-Dantas-senador-Rodrigo-Pacheco-senador-Renan-Calheiros-e-o-governador-do-Goias-Ronaldo-Caiado-1536x1024.jpg 1536w, https:\/\/newblogs.correiobraziliense.com.br\/vivabrasilia\/wp-content\/uploads\/sites\/4\/2025\/08\/6-O-ministro-do-TCU-Bruno-Dantas-senador-Rodrigo-Pacheco-senador-Renan-Calheiros-e-o-governador-do-Goias-Ronaldo-Caiado.jpg 2000w\" sizes=\"auto, (max-width: 1024px) 100vw, 1024px\" \/><figcaption class=\"wp-element-caption\">O ministro do TCU, Bruno Dantas, senador Rodrigo Pacheco, senador Renan Calheiros e o governador do Goi\u00e1s, Ronaldo Caiado<\/figcaption><\/figure>\n\n\n\n<figure class=\"wp-block-image size-large\"><img loading=\"lazy\" decoding=\"async\" width=\"1024\" height=\"682\" data-id=\"4161\" src=\"https:\/\/newblogs.correiobraziliense.com.br\/vivabrasilia\/wp-content\/uploads\/sites\/4\/2025\/08\/7-A-ministra-do-STJ-Daniela-Teixeira-e-Miguel-Matos-1024x682.jpg\" alt=\"\" class=\"wp-image-4161\" srcset=\"https:\/\/newblogs.correiobraziliense.com.br\/vivabrasilia\/wp-content\/uploads\/sites\/4\/2025\/08\/7-A-ministra-do-STJ-Daniela-Teixeira-e-Miguel-Matos-1024x682.jpg 1024w, https:\/\/newblogs.correiobraziliense.com.br\/vivabrasilia\/wp-content\/uploads\/sites\/4\/2025\/08\/7-A-ministra-do-STJ-Daniela-Teixeira-e-Miguel-Matos-300x200.jpg 300w, https:\/\/newblogs.correiobraziliense.com.br\/vivabrasilia\/wp-content\/uploads\/sites\/4\/2025\/08\/7-A-ministra-do-STJ-Daniela-Teixeira-e-Miguel-Matos-768x512.jpg 768w, https:\/\/newblogs.correiobraziliense.com.br\/vivabrasilia\/wp-content\/uploads\/sites\/4\/2025\/08\/7-A-ministra-do-STJ-Daniela-Teixeira-e-Miguel-Matos-1536x1024.jpg 1536w, https:\/\/newblogs.correiobraziliense.com.br\/vivabrasilia\/wp-content\/uploads\/sites\/4\/2025\/08\/7-A-ministra-do-STJ-Daniela-Teixeira-e-Miguel-Matos.jpg 2000w\" sizes=\"auto, (max-width: 1024px) 100vw, 1024px\" \/><figcaption class=\"wp-element-caption\">A ministra do STJ Daniela Teixeira e Miguel Matos<\/figcaption><\/figure>\n\n\n\n<figure class=\"wp-block-image size-large\"><img loading=\"lazy\" decoding=\"async\" width=\"1024\" height=\"682\" data-id=\"4167\" src=\"https:\/\/newblogs.correiobraziliense.com.br\/vivabrasilia\/wp-content\/uploads\/sites\/4\/2025\/08\/5-O-ministro-da-Educacao-1024x682.jpg\" alt=\"\" class=\"wp-image-4167\" srcset=\"https:\/\/newblogs.correiobraziliense.com.br\/vivabrasilia\/wp-content\/uploads\/sites\/4\/2025\/08\/5-O-ministro-da-Educacao-1024x682.jpg 1024w, https:\/\/newblogs.correiobraziliense.com.br\/vivabrasilia\/wp-content\/uploads\/sites\/4\/2025\/08\/5-O-ministro-da-Educacao-300x200.jpg 300w, https:\/\/newblogs.correiobraziliense.com.br\/vivabrasilia\/wp-content\/uploads\/sites\/4\/2025\/08\/5-O-ministro-da-Educacao-768x512.jpg 768w, https:\/\/newblogs.correiobraziliense.com.br\/vivabrasilia\/wp-content\/uploads\/sites\/4\/2025\/08\/5-O-ministro-da-Educacao-1536x1024.jpg 1536w, https:\/\/newblogs.correiobraziliense.com.br\/vivabrasilia\/wp-content\/uploads\/sites\/4\/2025\/08\/5-O-ministro-da-Educacao.jpg 2000w\" sizes=\"auto, (max-width: 1024px) 100vw, 1024px\" \/><figcaption class=\"wp-element-caption\">O ministro da Educa\u00e7\u00e3o, Camilo Santana, o procurador-geral da Rep\u00fablica, Paulo Gonet, ministro do STJ Teodoro Silva Santos, ministro do STF Gilmar Mendes e Chico Mendes<\/figcaption><\/figure>\n\n\n\n<figure class=\"wp-block-image size-large\"><img loading=\"lazy\" decoding=\"async\" width=\"1024\" height=\"682\" data-id=\"4168\" src=\"https:\/\/newblogs.correiobraziliense.com.br\/vivabrasilia\/wp-content\/uploads\/sites\/4\/2025\/08\/8-Marcia-Molina-dos-Santos--1024x682.jpg\" alt=\"\" class=\"wp-image-4168\" srcset=\"https:\/\/newblogs.correiobraziliense.com.br\/vivabrasilia\/wp-content\/uploads\/sites\/4\/2025\/08\/8-Marcia-Molina-dos-Santos--1024x682.jpg 1024w, https:\/\/newblogs.correiobraziliense.com.br\/vivabrasilia\/wp-content\/uploads\/sites\/4\/2025\/08\/8-Marcia-Molina-dos-Santos--300x200.jpg 300w, https:\/\/newblogs.correiobraziliense.com.br\/vivabrasilia\/wp-content\/uploads\/sites\/4\/2025\/08\/8-Marcia-Molina-dos-Santos--768x512.jpg 768w, https:\/\/newblogs.correiobraziliense.com.br\/vivabrasilia\/wp-content\/uploads\/sites\/4\/2025\/08\/8-Marcia-Molina-dos-Santos--1536x1024.jpg 1536w, https:\/\/newblogs.correiobraziliense.com.br\/vivabrasilia\/wp-content\/uploads\/sites\/4\/2025\/08\/8-Marcia-Molina-dos-Santos-.jpg 2000w\" sizes=\"auto, (max-width: 1024px) 100vw, 1024px\" \/><figcaption class=\"wp-element-caption\">M\u00e1rcia Molina dos Santos, Guiomar Mendes, Renata Varandas e a presidente da Comiss\u00e3o de Defesa dos Direitos dos Povos Ind\u00edgenas da OAB Nacional, Maria Fernanda Saad \u00c1vila<\/figcaption><\/figure>\n\n\n\n<figure class=\"wp-block-image size-large\"><img loading=\"lazy\" decoding=\"async\" width=\"1024\" height=\"682\" data-id=\"4166\" src=\"https:\/\/newblogs.correiobraziliense.com.br\/vivabrasilia\/wp-content\/uploads\/sites\/4\/2025\/08\/Thereza-Collor-e-Guiomar-Mendes-1024x682.jpg\" alt=\"\" class=\"wp-image-4166\" srcset=\"https:\/\/newblogs.correiobraziliense.com.br\/vivabrasilia\/wp-content\/uploads\/sites\/4\/2025\/08\/Thereza-Collor-e-Guiomar-Mendes-1024x682.jpg 1024w, https:\/\/newblogs.correiobraziliense.com.br\/vivabrasilia\/wp-content\/uploads\/sites\/4\/2025\/08\/Thereza-Collor-e-Guiomar-Mendes-300x200.jpg 300w, https:\/\/newblogs.correiobraziliense.com.br\/vivabrasilia\/wp-content\/uploads\/sites\/4\/2025\/08\/Thereza-Collor-e-Guiomar-Mendes-768x512.jpg 768w, https:\/\/newblogs.correiobraziliense.com.br\/vivabrasilia\/wp-content\/uploads\/sites\/4\/2025\/08\/Thereza-Collor-e-Guiomar-Mendes-1536x1024.jpg 1536w, https:\/\/newblogs.correiobraziliense.com.br\/vivabrasilia\/wp-content\/uploads\/sites\/4\/2025\/08\/Thereza-Collor-e-Guiomar-Mendes.jpg 2000w\" sizes=\"auto, (max-width: 1024px) 100vw, 1024px\" \/><figcaption class=\"wp-element-caption\">Thereza Collor e Guiomar Mendes<\/figcaption><\/figure>\n\n\n\n<figure class=\"wp-block-image size-large\"><img loading=\"lazy\" decoding=\"async\" width=\"1024\" height=\"682\" data-id=\"4162\" src=\"https:\/\/newblogs.correiobraziliense.com.br\/vivabrasilia\/wp-content\/uploads\/sites\/4\/2025\/08\/8-Joao-Paulo-Jose-Victor-Paulo-Gonet-e-Flavia-Branco-1024x682.jpg\" alt=\"\" class=\"wp-image-4162\" srcset=\"https:\/\/newblogs.correiobraziliense.com.br\/vivabrasilia\/wp-content\/uploads\/sites\/4\/2025\/08\/8-Joao-Paulo-Jose-Victor-Paulo-Gonet-e-Flavia-Branco-1024x682.jpg 1024w, https:\/\/newblogs.correiobraziliense.com.br\/vivabrasilia\/wp-content\/uploads\/sites\/4\/2025\/08\/8-Joao-Paulo-Jose-Victor-Paulo-Gonet-e-Flavia-Branco-300x200.jpg 300w, https:\/\/newblogs.correiobraziliense.com.br\/vivabrasilia\/wp-content\/uploads\/sites\/4\/2025\/08\/8-Joao-Paulo-Jose-Victor-Paulo-Gonet-e-Flavia-Branco-768x512.jpg 768w, https:\/\/newblogs.correiobraziliense.com.br\/vivabrasilia\/wp-content\/uploads\/sites\/4\/2025\/08\/8-Joao-Paulo-Jose-Victor-Paulo-Gonet-e-Flavia-Branco-1536x1024.jpg 1536w, https:\/\/newblogs.correiobraziliense.com.br\/vivabrasilia\/wp-content\/uploads\/sites\/4\/2025\/08\/8-Joao-Paulo-Jose-Victor-Paulo-Gonet-e-Flavia-Branco.jpg 2000w\" sizes=\"auto, (max-width: 1024px) 100vw, 1024px\" \/><figcaption class=\"wp-element-caption\">Jo\u00e3o Paulo, Jos\u00e9 Victor, Paulo Gonet e Flavia Branco<\/figcaption><\/figure>\n\n\n\n<figure class=\"wp-block-image size-large\"><img loading=\"lazy\" decoding=\"async\" width=\"1024\" height=\"682\" data-id=\"4165\" src=\"https:\/\/newblogs.correiobraziliense.com.br\/vivabrasilia\/wp-content\/uploads\/sites\/4\/2025\/08\/Milena-Carvalho-Magalhaes-Neto-Joanna-Feitosa-e-Lucas-Castro-1024x682.jpg\" alt=\"\" class=\"wp-image-4165\" srcset=\"https:\/\/newblogs.correiobraziliense.com.br\/vivabrasilia\/wp-content\/uploads\/sites\/4\/2025\/08\/Milena-Carvalho-Magalhaes-Neto-Joanna-Feitosa-e-Lucas-Castro-1024x682.jpg 1024w, https:\/\/newblogs.correiobraziliense.com.br\/vivabrasilia\/wp-content\/uploads\/sites\/4\/2025\/08\/Milena-Carvalho-Magalhaes-Neto-Joanna-Feitosa-e-Lucas-Castro-300x200.jpg 300w, https:\/\/newblogs.correiobraziliense.com.br\/vivabrasilia\/wp-content\/uploads\/sites\/4\/2025\/08\/Milena-Carvalho-Magalhaes-Neto-Joanna-Feitosa-e-Lucas-Castro-768x512.jpg 768w, https:\/\/newblogs.correiobraziliense.com.br\/vivabrasilia\/wp-content\/uploads\/sites\/4\/2025\/08\/Milena-Carvalho-Magalhaes-Neto-Joanna-Feitosa-e-Lucas-Castro-1536x1024.jpg 1536w, https:\/\/newblogs.correiobraziliense.com.br\/vivabrasilia\/wp-content\/uploads\/sites\/4\/2025\/08\/Milena-Carvalho-Magalhaes-Neto-Joanna-Feitosa-e-Lucas-Castro.jpg 2000w\" sizes=\"auto, (max-width: 1024px) 100vw, 1024px\" \/><figcaption class=\"wp-element-caption\">Milena Carvalho, Magalh\u00e3es Neto, Joanna Feitosa e Lucas Castro<\/figcaption><\/figure>\n\n\n\n<figure class=\"wp-block-image size-large\"><img loading=\"lazy\" decoding=\"async\" width=\"1024\" height=\"682\" data-id=\"4164\" src=\"https:\/\/newblogs.correiobraziliense.com.br\/vivabrasilia\/wp-content\/uploads\/sites\/4\/2025\/08\/Maria-Carolina-e-Livia-Feitosa-1024x682.jpg\" alt=\"\" class=\"wp-image-4164\" srcset=\"https:\/\/newblogs.correiobraziliense.com.br\/vivabrasilia\/wp-content\/uploads\/sites\/4\/2025\/08\/Maria-Carolina-e-Livia-Feitosa-1024x682.jpg 1024w, https:\/\/newblogs.correiobraziliense.com.br\/vivabrasilia\/wp-content\/uploads\/sites\/4\/2025\/08\/Maria-Carolina-e-Livia-Feitosa-300x200.jpg 300w, https:\/\/newblogs.correiobraziliense.com.br\/vivabrasilia\/wp-content\/uploads\/sites\/4\/2025\/08\/Maria-Carolina-e-Livia-Feitosa-768x512.jpg 768w, https:\/\/newblogs.correiobraziliense.com.br\/vivabrasilia\/wp-content\/uploads\/sites\/4\/2025\/08\/Maria-Carolina-e-Livia-Feitosa-1536x1024.jpg 1536w, https:\/\/newblogs.correiobraziliense.com.br\/vivabrasilia\/wp-content\/uploads\/sites\/4\/2025\/08\/Maria-Carolina-e-Livia-Feitosa.jpg 2000w\" sizes=\"auto, (max-width: 1024px) 100vw, 1024px\" \/><figcaption class=\"wp-element-caption\">Maria Carolina e Livia Feitosa<\/figcaption><\/figure>\n\n\n\n<figure class=\"wp-block-image size-large\"><img loading=\"lazy\" decoding=\"async\" width=\"1024\" height=\"682\" data-id=\"4163\" src=\"https:\/\/newblogs.correiobraziliense.com.br\/vivabrasilia\/wp-content\/uploads\/sites\/4\/2025\/08\/Ketlin-Feitosa-Scartezini-e-Aline-Osorio-1024x682.jpg\" alt=\"\" class=\"wp-image-4163\" srcset=\"https:\/\/newblogs.correiobraziliense.com.br\/vivabrasilia\/wp-content\/uploads\/sites\/4\/2025\/08\/Ketlin-Feitosa-Scartezini-e-Aline-Osorio-1024x682.jpg 1024w, https:\/\/newblogs.correiobraziliense.com.br\/vivabrasilia\/wp-content\/uploads\/sites\/4\/2025\/08\/Ketlin-Feitosa-Scartezini-e-Aline-Osorio-300x200.jpg 300w, https:\/\/newblogs.correiobraziliense.com.br\/vivabrasilia\/wp-content\/uploads\/sites\/4\/2025\/08\/Ketlin-Feitosa-Scartezini-e-Aline-Osorio-768x512.jpg 768w, https:\/\/newblogs.correiobraziliense.com.br\/vivabrasilia\/wp-content\/uploads\/sites\/4\/2025\/08\/Ketlin-Feitosa-Scartezini-e-Aline-Osorio-1536x1024.jpg 1536w, https:\/\/newblogs.correiobraziliense.com.br\/vivabrasilia\/wp-content\/uploads\/sites\/4\/2025\/08\/Ketlin-Feitosa-Scartezini-e-Aline-Osorio.jpg 2000w\" sizes=\"auto, (max-width: 1024px) 100vw, 1024px\" \/><figcaption class=\"wp-element-caption\">Ketlin Feitosa Scartezini e Aline Os\u00f3rio<\/figcaption><\/figure>\n<\/figure>\n<\/div>\n\t\t\t<div class=\"slider-nav\">\n\t\t\t\t<button class=\"prev\">\n\t\t\t\t<svg xmlns=\"http:\/\/www.w3.org\/2000\/svg\" width=\"26\" height=\"45\" viewBox=\"0 0 26 45\" fill=\"none\">\n\t\t\t\t<path d=\"M24.9118 0.990519C25.5461 1.62494 25.9023 2.48528 25.9023 3.38235C25.9023 4.27943 25.5461 5.13977 24.9118 5.77419L8.16559 22.5204L24.9118 39.2667C25.5281 39.9047 25.8691 40.7593 25.8614 41.6463C25.8537 42.5334 25.4979 43.3819 24.8706 44.0091C24.2434 44.6364 23.3948 44.9922 22.5078 44.9999C21.6208 45.0076 20.7662 44.6666 20.1282 44.0503L0.990082 24.9123C0.355853 24.2778 -0.000438023 23.4175 -0.000438023 22.5204C-0.000438023 21.6234 0.355853 20.763 0.990082 20.1286L20.1282 0.990519C20.7626 0.35629 21.6229 0 22.52 0C23.4171 0 24.2774 0.35629 24.9118 0.990519Z\" fill=\"white\" fill-opacity=\"0.7\"><\/path>\n\t\t\t\t<\/svg>\n\t\t\t\t<\/button>\n\t\t\t\t<button class=\"next\">\n\t\t\t\t<svg xmlns=\"http:\/\/www.w3.org\/2000\/svg\" width=\"26\" height=\"45\" viewBox=\"0 0 26 45\" fill=\"none\">\n\t\t\t\t<path d=\"M0.99052 0.990519C0.356291 1.62494 0 2.48528 0 3.38235C0 4.27943 0.356291 5.13977 0.99052 5.77419L17.7368 22.5204L0.99052 39.2667C0.374265 39.9047 0.0332682 40.7593 0.0409763 41.6463C0.0486844 42.5334 0.40448 43.3819 1.03173 44.0091C1.65898 44.6364 2.5075 44.9922 3.39453 44.9999C4.28156 45.0076 5.13613 44.6666 5.77419 44.0503L24.9123 24.9123C25.5465 24.2778 25.9028 23.4175 25.9028 22.5204C25.9028 21.6234 25.5465 20.763 24.9123 20.1286L5.77419 0.990519C5.13977 0.35629 4.27943 0 3.38235 0C2.48528 0 1.62494 0.35629 0.99052 0.990519Z\" fill=\"white\" fill-opacity=\"0.7\"><\/path>\n\t\t\t\t<\/svg>\n\t\t\t\t<\/button>\n\t\t\t<\/div>\n\t\t\t<div class=\"slider-dots\"><\/div>\n\t\t\t<\/div>","protected":false},"excerpt":{"rendered":"<p>Com direito a parab\u00e9ns longo e animado no palco, a advogada comemorou os 73 anos cercada por figuras queridas e autoridades dos Tr\u00eas Poderes<\/p>\n","protected":false},"author":7,"featured_media":4156,"comment_status":"closed","ping_status":"open","sticky":false,"template":"","format":"standard","meta":{"_acf_changed":false,"inline_featured_image":false,"footnotes":""},"categories":[70],"tags":[45,980,633,976,979,978,977,248],"class_list":["post-4155","post","type-post","status-publish","format-standard","has-post-thumbnail","hentry","category-aniversario","tag-aniversario","tag-executivo","tag-gilmar-mendes","tag-guiomar-mendes","tag-judiciario","tag-legislativo","tag-stf","tag-stj"],"acf":[],"yoast_head":"<!-- This site is optimized with the Yoast SEO plugin v27.3 - https:\/\/yoast.com\/product\/yoast-seo-wordpress\/ -->\n<title>Guiomar Mendes recebe familiares, amigos e autoridades para celebrar anivers\u00e1rio - Viva Bras\u00edlia<\/title>\n<meta name=\"robots\" content=\"index, follow, max-snippet:-1, max-image-preview:large, max-video-preview:-1\" \/>\n<link rel=\"canonical\" href=\"https:\/\/newblogs.correiobraziliense.com.br\/vivabrasilia\/guiomar-mendes-recebe-familiares-amigos-e-autoridades-para-celebrar-aniversario\/\" \/>\n<meta property=\"og:locale\" content=\"pt_BR\" \/>\n<meta property=\"og:type\" content=\"article\" \/>\n<meta property=\"og:title\" content=\"Guiomar Mendes recebe familiares, amigos e autoridades para celebrar anivers\u00e1rio - Viva Bras\u00edlia\" \/>\n<meta property=\"og:description\" content=\"Com direito a parab\u00e9ns longo e animado no palco, a advogada comemorou os 73 anos cercada por figuras queridas e autoridades dos Tr\u00eas Poderes\" \/>\n<meta property=\"og:url\" content=\"https:\/\/newblogs.correiobraziliense.com.br\/vivabrasilia\/guiomar-mendes-recebe-familiares-amigos-e-autoridades-para-celebrar-aniversario\/\" \/>\n<meta property=\"og:site_name\" content=\"Viva Bras\u00edlia\" \/>\n<meta property=\"article:published_time\" content=\"2025-08-15T20:26:48+00:00\" \/>\n<meta property=\"article:modified_time\" content=\"2025-08-15T20:26:50+00:00\" \/>\n<meta property=\"og:image\" content=\"https:\/\/newblogs.correiobraziliense.com.br\/vivabrasilia\/wp-content\/uploads\/sites\/4\/2025\/08\/1-Joanna-e-Ketlin-Feitosa-Kiko-Scartezini-padre-Antonio-Guerra-Larissa-Feitosa-Gilmar-e-Guiomar-Mendes-Thiago-Teixeira-Maria-Carolina-Feitosa-e-Arnaldo-Pinho.jpg\" \/>\n\t<meta property=\"og:image:width\" content=\"2000\" \/>\n\t<meta property=\"og:image:height\" content=\"1333\" \/>\n\t<meta property=\"og:image:type\" content=\"image\/jpeg\" \/>\n<meta name=\"author\" content=\"Mariana Campos\" \/>\n<!-- \/ Yoast SEO plugin. -->","yoast_head_json":{"title":"Guiomar Mendes recebe familiares, amigos e autoridades para celebrar anivers\u00e1rio - Viva Bras\u00edlia","robots":{"index":"index","follow":"follow","max-snippet":"max-snippet:-1","max-image-preview":"max-image-preview:large","max-video-preview":"max-video-preview:-1"},"canonical":"https:\/\/newblogs.correiobraziliense.com.br\/vivabrasilia\/guiomar-mendes-recebe-familiares-amigos-e-autoridades-para-celebrar-aniversario\/","og_locale":"pt_BR","og_type":"article","og_title":"Guiomar Mendes recebe familiares, amigos e autoridades para celebrar anivers\u00e1rio - Viva Bras\u00edlia","og_description":"Com direito a parab\u00e9ns longo e animado no palco, a advogada comemorou os 73 anos cercada por figuras queridas e autoridades dos Tr\u00eas Poderes","og_url":"https:\/\/newblogs.correiobraziliense.com.br\/vivabrasilia\/guiomar-mendes-recebe-familiares-amigos-e-autoridades-para-celebrar-aniversario\/","og_site_name":"Viva Bras\u00edlia","article_published_time":"2025-08-15T20:26:48+00:00","article_modified_time":"2025-08-15T20:26:50+00:00","og_image":[{"width":2000,"height":1333,"url":"https:\/\/newblogs.correiobraziliense.com.br\/vivabrasilia\/wp-content\/uploads\/sites\/4\/2025\/08\/1-Joanna-e-Ketlin-Feitosa-Kiko-Scartezini-padre-Antonio-Guerra-Larissa-Feitosa-Gilmar-e-Guiomar-Mendes-Thiago-Teixeira-Maria-Carolina-Feitosa-e-Arnaldo-Pinho.jpg","type":"image\/jpeg"}],"author":"Mariana Campos","schema":{"@context":"https:\/\/schema.org","@graph":[{"@type":"Article","@id":"https:\/\/newblogs.correiobraziliense.com.br\/vivabrasilia\/guiomar-mendes-recebe-familiares-amigos-e-autoridades-para-celebrar-aniversario\/#article","isPartOf":{"@id":"https:\/\/newblogs.correiobraziliense.com.br\/vivabrasilia\/guiomar-mendes-recebe-familiares-amigos-e-autoridades-para-celebrar-aniversario\/"},"author":{"name":"Mariana Campos","@id":"https:\/\/newblogs.correiobraziliense.com.br\/vivabrasilia\/#\/schema\/person\/018c75775aaa6ead74dde48a78ac7fa1"},"headline":"Guiomar Mendes recebe familiares, amigos e autoridades para celebrar anivers\u00e1rio","datePublished":"2025-08-15T20:26:48+00:00","dateModified":"2025-08-15T20:26:50+00:00","mainEntityOfPage":{"@id":"https:\/\/newblogs.correiobraziliense.com.br\/vivabrasilia\/guiomar-mendes-recebe-familiares-amigos-e-autoridades-para-celebrar-aniversario\/"},"wordCount":370,"image":{"@id":"https:\/\/newblogs.correiobraziliense.com.br\/vivabrasilia\/guiomar-mendes-recebe-familiares-amigos-e-autoridades-para-celebrar-aniversario\/#primaryimage"},"thumbnailUrl":"https:\/\/newblogs.correiobraziliense.com.br\/vivabrasilia\/wp-content\/uploads\/sites\/4\/2025\/08\/1-Joanna-e-Ketlin-Feitosa-Kiko-Scartezini-padre-Antonio-Guerra-Larissa-Feitosa-Gilmar-e-Guiomar-Mendes-Thiago-Teixeira-Maria-Carolina-Feitosa-e-Arnaldo-Pinho.jpg","keywords":["Anivers\u00e1rio","Executivo","Gilmar Mendes","Guiomar Mendes","Judici\u00e1rio","Legislativo","STF","STJ"],"articleSection":["Anivers\u00e1rio"],"inLanguage":"pt-BR"},{"@type":"WebPage","@id":"https:\/\/newblogs.correiobraziliense.com.br\/vivabrasilia\/guiomar-mendes-recebe-familiares-amigos-e-autoridades-para-celebrar-aniversario\/","url":"https:\/\/newblogs.correiobraziliense.com.br\/vivabrasilia\/guiomar-mendes-recebe-familiares-amigos-e-autoridades-para-celebrar-aniversario\/","name":"Guiomar Mendes recebe familiares, amigos e autoridades para celebrar anivers\u00e1rio - Viva Bras\u00edlia","isPartOf":{"@id":"https:\/\/newblogs.correiobraziliense.com.br\/vivabrasilia\/#website"},"primaryImageOfPage":{"@id":"https:\/\/newblogs.correiobraziliense.com.br\/vivabrasilia\/guiomar-mendes-recebe-familiares-amigos-e-autoridades-para-celebrar-aniversario\/#primaryimage"},"image":{"@id":"https:\/\/newblogs.correiobraziliense.com.br\/vivabrasilia\/guiomar-mendes-recebe-familiares-amigos-e-autoridades-para-celebrar-aniversario\/#primaryimage"},"thumbnailUrl":"https:\/\/newblogs.correiobraziliense.com.br\/vivabrasilia\/wp-content\/uploads\/sites\/4\/2025\/08\/1-Joanna-e-Ketlin-Feitosa-Kiko-Scartezini-padre-Antonio-Guerra-Larissa-Feitosa-Gilmar-e-Guiomar-Mendes-Thiago-Teixeira-Maria-Carolina-Feitosa-e-Arnaldo-Pinho.jpg","datePublished":"2025-08-15T20:26:48+00:00","dateModified":"2025-08-15T20:26:50+00:00","author":{"@id":"https:\/\/newblogs.correiobraziliense.com.br\/vivabrasilia\/#\/schema\/person\/018c75775aaa6ead74dde48a78ac7fa1"},"breadcrumb":{"@id":"https:\/\/newblogs.correiobraziliense.com.br\/vivabrasilia\/guiomar-mendes-recebe-familiares-amigos-e-autoridades-para-celebrar-aniversario\/#breadcrumb"},"inLanguage":"pt-BR","potentialAction":[{"@type":"ReadAction","target":["https:\/\/newblogs.correiobraziliense.com.br\/vivabrasilia\/guiomar-mendes-recebe-familiares-amigos-e-autoridades-para-celebrar-aniversario\/"]}]},{"@type":"ImageObject","inLanguage":"pt-BR","@id":"https:\/\/newblogs.correiobraziliense.com.br\/vivabrasilia\/guiomar-mendes-recebe-familiares-amigos-e-autoridades-para-celebrar-aniversario\/#primaryimage","url":"https:\/\/newblogs.correiobraziliense.com.br\/vivabrasilia\/wp-content\/uploads\/sites\/4\/2025\/08\/1-Joanna-e-Ketlin-Feitosa-Kiko-Scartezini-padre-Antonio-Guerra-Larissa-Feitosa-Gilmar-e-Guiomar-Mendes-Thiago-Teixeira-Maria-Carolina-Feitosa-e-Arnaldo-Pinho.jpg","contentUrl":"https:\/\/newblogs.correiobraziliense.com.br\/vivabrasilia\/wp-content\/uploads\/sites\/4\/2025\/08\/1-Joanna-e-Ketlin-Feitosa-Kiko-Scartezini-padre-Antonio-Guerra-Larissa-Feitosa-Gilmar-e-Guiomar-Mendes-Thiago-Teixeira-Maria-Carolina-Feitosa-e-Arnaldo-Pinho.jpg","width":2000,"height":1333,"caption":"Joanna e Ketlin Feitosa, Kiko Scartezini, padre Ant\u00f4nio Guerra, Larissa Feitosa, Gilmar e Guiomar Mendes, Thiago Teixeira, Maria Carolina Feitosa e Arnaldo Pinho"},{"@type":"BreadcrumbList","@id":"https:\/\/newblogs.correiobraziliense.com.br\/vivabrasilia\/guiomar-mendes-recebe-familiares-amigos-e-autoridades-para-celebrar-aniversario\/#breadcrumb","itemListElement":[{"@type":"ListItem","position":1,"name":"In\u00edcio","item":"https:\/\/newblogs.correiobraziliense.com.br\/vivabrasilia\/"},{"@type":"ListItem","position":2,"name":"Guiomar Mendes recebe familiares, amigos e autoridades para celebrar anivers\u00e1rio"}]},{"@type":"WebSite","@id":"https:\/\/newblogs.correiobraziliense.com.br\/vivabrasilia\/#website","url":"https:\/\/newblogs.correiobraziliense.com.br\/vivabrasilia\/","name":"Viva Bras\u00edlia","description":"Coluna de estilo de vida","potentialAction":[{"@type":"SearchAction","target":{"@type":"EntryPoint","urlTemplate":"https:\/\/newblogs.correiobraziliense.com.br\/vivabrasilia\/?s={search_term_string}"},"query-input":{"@type":"PropertyValueSpecification","valueRequired":true,"valueName":"search_term_string"}}],"inLanguage":"pt-BR"},{"@type":"Person","@id":"https:\/\/newblogs.correiobraziliense.com.br\/vivabrasilia\/#\/schema\/person\/018c75775aaa6ead74dde48a78ac7fa1","name":"Mariana Campos","image":{"@type":"ImageObject","inLanguage":"pt-BR","@id":"https:\/\/secure.gravatar.com\/avatar\/97cd13271bc36c11415a45e9f8192828452de6a8c0e24857edbf96d21752260f?s=96&d=mm&r=g","url":"https:\/\/secure.gravatar.com\/avatar\/97cd13271bc36c11415a45e9f8192828452de6a8c0e24857edbf96d21752260f?s=96&d=mm&r=g","contentUrl":"https:\/\/secure.gravatar.com\/avatar\/97cd13271bc36c11415a45e9f8192828452de6a8c0e24857edbf96d21752260f?s=96&d=mm&r=g","caption":"Mariana Campos"},"description":"Colunista da Viva Bras\u00edlia, Mariana escreve e fotografa para a coluna. Formada em Comunica\u00e7\u00e3o, aprofundou-se no jornalismo e agora une a escrita com a fotografia para mostrar que a capital \u00e9 uma cidade viva que n\u00e3o se resume ao poder. Tamb\u00e9m faz a cobertura de moda para seu blog, Pliss\u00ea, e para as redes sociais do Correio.","sameAs":["http:\/\/newblogs.correiobraziliense.com\/plisse","https:\/\/www.instagram.com\/marigrigori"],"url":"https:\/\/newblogs.correiobraziliense.com.br\/vivabrasilia\/author\/marivivabrasilia\/"}]}},"_links":{"self":[{"href":"https:\/\/newblogs.correiobraziliense.com.br\/vivabrasilia\/wp-json\/wp\/v2\/posts\/4155","targetHints":{"allow":["GET"]}}],"collection":[{"href":"https:\/\/newblogs.correiobraziliense.com.br\/vivabrasilia\/wp-json\/wp\/v2\/posts"}],"about":[{"href":"https:\/\/newblogs.correiobraziliense.com.br\/vivabrasilia\/wp-json\/wp\/v2\/types\/post"}],"author":[{"embeddable":true,"href":"https:\/\/newblogs.correiobraziliense.com.br\/vivabrasilia\/wp-json\/wp\/v2\/users\/7"}],"replies":[{"embeddable":true,"href":"https:\/\/newblogs.correiobraziliense.com.br\/vivabrasilia\/wp-json\/wp\/v2\/comments?post=4155"}],"version-history":[{"count":1,"href":"https:\/\/newblogs.correiobraziliense.com.br\/vivabrasilia\/wp-json\/wp\/v2\/posts\/4155\/revisions"}],"predecessor-version":[{"id":4169,"href":"https:\/\/newblogs.correiobraziliense.com.br\/vivabrasilia\/wp-json\/wp\/v2\/posts\/4155\/revisions\/4169"}],"wp:featuredmedia":[{"embeddable":true,"href":"https:\/\/newblogs.correiobraziliense.com.br\/vivabrasilia\/wp-json\/wp\/v2\/media\/4156"}],"wp:attachment":[{"href":"https:\/\/newblogs.correiobraziliense.com.br\/vivabrasilia\/wp-json\/wp\/v2\/media?parent=4155"}],"wp:term":[{"taxonomy":"category","embeddable":true,"href":"https:\/\/newblogs.correiobraziliense.com.br\/vivabrasilia\/wp-json\/wp\/v2\/categories?post=4155"},{"taxonomy":"post_tag","embeddable":true,"href":"https:\/\/newblogs.correiobraziliense.com.br\/vivabrasilia\/wp-json\/wp\/v2\/tags?post=4155"}],"curies":[{"name":"wp","href":"https:\/\/api.w.org\/{rel}","templated":true}]}}