{"id":373,"date":"2024-06-01T08:16:27","date_gmt":"2024-06-01T11:16:27","guid":{"rendered":"https:\/\/newblogs.correiobraziliense.com.br\/vivabrasilia\/?p=373"},"modified":"2024-06-01T08:16:28","modified_gmt":"2024-06-01T11:16:28","slug":"presidente-do-inss-tem-grande-paixao-pelo-pedal","status":"publish","type":"post","link":"https:\/\/newblogs.correiobraziliense.com.br\/vivabrasilia\/presidente-do-inss-tem-grande-paixao-pelo-pedal\/","title":{"rendered":"Presidente do INSS tem grande paix\u00e3o pelo pedal"},"content":{"rendered":"\n<p>Por tr\u00e1s da profiss\u00e3o de procurador federal e presidente do INSS, Alessandro Antonio Stefanutto \u00e9 tamb\u00e9m um ciclista apaixonado. <\/p>\n\n\n\n<p>Paulistano da periferia, ele se mudou para Bras\u00edlia e criou ra\u00edzes na capital, onde pratica o esporte pelos parques e bosques. <\/p>\n\n\n\n<figure class=\"wp-block-image size-full\"><img loading=\"lazy\" decoding=\"async\" width=\"403\" height=\"533\" src=\"https:\/\/newblogs.correiobraziliense.com.br\/vivabrasilia\/wp-content\/uploads\/sites\/4\/2024\/06\/Alessandro-INSS.jpg\" alt=\"Alessandro Stefanutto INSS\" class=\"wp-image-367\" style=\"aspect-ratio:2\/3;object-fit:contain\" srcset=\"https:\/\/newblogs.correiobraziliense.com.br\/vivabrasilia\/wp-content\/uploads\/sites\/4\/2024\/06\/Alessandro-INSS.jpg 403w, https:\/\/newblogs.correiobraziliense.com.br\/vivabrasilia\/wp-content\/uploads\/sites\/4\/2024\/06\/Alessandro-INSS-227x300.jpg 227w\" sizes=\"auto, (max-width: 403px) 100vw, 403px\" \/><figcaption class=\"wp-element-caption\">O procurador sempre encontra um momento para praticar seu esporte do cora\u00e7\u00e3o | Foto: Divulga\u00e7\u00e3o<\/figcaption><\/figure>\n\n\n\n<p>Amou a corrida por muitos anos, mas se encontrou verdadeiramente no pedal, em 2012. <\/p>\n\n\n\n<p>Levou a paix\u00e3o para competi\u00e7\u00f5es como a Le Etap Tour de Cunha, em 2015, e v\u00e1rias outras nacionais e internacionais. <\/p>\n\n\n\n<p>Mesmo com os desafios e o cotidiano corrido no trabalho, Stefanutto faz quest\u00e3o de incluir na rotina um tempinho para pedalar. \u201c\u00c9 assim que relaxo e me preparo para o dia\u201d, confidenciou.<\/p>\n","protected":false},"excerpt":{"rendered":"<p>O dia a dia \u00e9 corrido, mas Alessandro Stefanutto sempre encontra um momento para se dedicar ao ciclismo pelos parques da capital<\/p>\n","protected":false},"author":7,"featured_media":371,"comment_status":"closed","ping_status":"open","sticky":false,"template":"","format":"standard","meta":{"_acf_changed":false,"inline_featured_image":false,"footnotes":""},"categories":[67,2],"tags":[99,101,90,100],"class_list":["post-373","post","type-post","status-publish","format-standard","has-post-thumbnail","hentry","category-esporte","category-perfil","tag-alessandro-stefanutto","tag-ciclismo","tag-esporte","tag-inss"],"acf":[],"yoast_head":"<!-- This site is optimized with the Yoast SEO plugin v27.3 - https:\/\/yoast.com\/product\/yoast-seo-wordpress\/ -->\n<title>Presidente do INSS tem grande paix\u00e3o pelo pedal - Viva Bras\u00edlia<\/title>\n<meta name=\"description\" content=\"O dia a dia \u00e9 corrido, mas Alessandro Stefanutto sempre encontra um momento para se dedicar ao ciclismo pelos parques da capital\" \/>\n<meta name=\"robots\" content=\"index, follow, max-snippet:-1, max-image-preview:large, max-video-preview:-1\" \/>\n<link rel=\"canonical\" href=\"https:\/\/newblogs.correiobraziliense.com.br\/vivabrasilia\/presidente-do-inss-tem-grande-paixao-pelo-pedal\/\" \/>\n<meta property=\"og:locale\" content=\"pt_BR\" \/>\n<meta property=\"og:type\" content=\"article\" \/>\n<meta property=\"og:title\" content=\"Presidente do INSS tem grande paix\u00e3o pelo pedal - Viva Bras\u00edlia\" \/>\n<meta property=\"og:description\" content=\"O dia a dia \u00e9 corrido, mas Alessandro Stefanutto sempre encontra um momento para se dedicar ao ciclismo pelos parques da capital\" \/>\n<meta property=\"og:url\" content=\"https:\/\/newblogs.correiobraziliense.com.br\/vivabrasilia\/presidente-do-inss-tem-grande-paixao-pelo-pedal\/\" \/>\n<meta property=\"og:site_name\" content=\"Viva Bras\u00edlia\" \/>\n<meta property=\"article:published_time\" content=\"2024-06-01T11:16:27+00:00\" \/>\n<meta property=\"article:modified_time\" content=\"2024-06-01T11:16:28+00:00\" \/>\n<meta property=\"og:image\" content=\"https:\/\/newblogs.correiobraziliense.com.br\/vivabrasilia\/wp-content\/uploads\/sites\/4\/2024\/06\/1_alessandro_stefanutto-28501815.jpeg\" \/>\n\t<meta property=\"og:image:width\" content=\"675\" \/>\n\t<meta property=\"og:image:height\" content=\"450\" \/>\n\t<meta property=\"og:image:type\" content=\"image\/jpeg\" \/>\n<meta name=\"author\" content=\"Mariana Campos\" \/>\n<!-- \/ Yoast SEO plugin. -->","yoast_head_json":{"title":"Presidente do INSS tem grande paix\u00e3o pelo pedal - Viva Bras\u00edlia","description":"O dia a dia \u00e9 corrido, mas Alessandro Stefanutto sempre encontra um momento para se dedicar ao ciclismo pelos parques da capital","robots":{"index":"index","follow":"follow","max-snippet":"max-snippet:-1","max-image-preview":"max-image-preview:large","max-video-preview":"max-video-preview:-1"},"canonical":"https:\/\/newblogs.correiobraziliense.com.br\/vivabrasilia\/presidente-do-inss-tem-grande-paixao-pelo-pedal\/","og_locale":"pt_BR","og_type":"article","og_title":"Presidente do INSS tem grande paix\u00e3o pelo pedal - Viva Bras\u00edlia","og_description":"O dia a dia \u00e9 corrido, mas Alessandro Stefanutto sempre encontra um momento para se dedicar ao ciclismo pelos parques da capital","og_url":"https:\/\/newblogs.correiobraziliense.com.br\/vivabrasilia\/presidente-do-inss-tem-grande-paixao-pelo-pedal\/","og_site_name":"Viva Bras\u00edlia","article_published_time":"2024-06-01T11:16:27+00:00","article_modified_time":"2024-06-01T11:16:28+00:00","og_image":[{"width":675,"height":450,"url":"https:\/\/newblogs.correiobraziliense.com.br\/vivabrasilia\/wp-content\/uploads\/sites\/4\/2024\/06\/1_alessandro_stefanutto-28501815.jpeg","type":"image\/jpeg"}],"author":"Mariana Campos","schema":{"@context":"https:\/\/schema.org","@graph":[{"@type":"Article","@id":"https:\/\/newblogs.correiobraziliense.com.br\/vivabrasilia\/presidente-do-inss-tem-grande-paixao-pelo-pedal\/#article","isPartOf":{"@id":"https:\/\/newblogs.correiobraziliense.com.br\/vivabrasilia\/presidente-do-inss-tem-grande-paixao-pelo-pedal\/"},"author":{"name":"Mariana Campos","@id":"https:\/\/newblogs.correiobraziliense.com.br\/vivabrasilia\/#\/schema\/person\/018c75775aaa6ead74dde48a78ac7fa1"},"headline":"Presidente do INSS tem grande paix\u00e3o pelo pedal","datePublished":"2024-06-01T11:16:27+00:00","dateModified":"2024-06-01T11:16:28+00:00","mainEntityOfPage":{"@id":"https:\/\/newblogs.correiobraziliense.com.br\/vivabrasilia\/presidente-do-inss-tem-grande-paixao-pelo-pedal\/"},"wordCount":136,"image":{"@id":"https:\/\/newblogs.correiobraziliense.com.br\/vivabrasilia\/presidente-do-inss-tem-grande-paixao-pelo-pedal\/#primaryimage"},"thumbnailUrl":"https:\/\/newblogs.correiobraziliense.com.br\/vivabrasilia\/wp-content\/uploads\/sites\/4\/2024\/06\/1_alessandro_stefanutto-28501815.jpeg","keywords":["Alessandro Stefanutto","Ciclismo","Esporte","INSS"],"articleSection":["Esporte","Perfil"],"inLanguage":"pt-BR"},{"@type":"WebPage","@id":"https:\/\/newblogs.correiobraziliense.com.br\/vivabrasilia\/presidente-do-inss-tem-grande-paixao-pelo-pedal\/","url":"https:\/\/newblogs.correiobraziliense.com.br\/vivabrasilia\/presidente-do-inss-tem-grande-paixao-pelo-pedal\/","name":"Presidente do INSS tem grande paix\u00e3o pelo pedal - Viva Bras\u00edlia","isPartOf":{"@id":"https:\/\/newblogs.correiobraziliense.com.br\/vivabrasilia\/#website"},"primaryImageOfPage":{"@id":"https:\/\/newblogs.correiobraziliense.com.br\/vivabrasilia\/presidente-do-inss-tem-grande-paixao-pelo-pedal\/#primaryimage"},"image":{"@id":"https:\/\/newblogs.correiobraziliense.com.br\/vivabrasilia\/presidente-do-inss-tem-grande-paixao-pelo-pedal\/#primaryimage"},"thumbnailUrl":"https:\/\/newblogs.correiobraziliense.com.br\/vivabrasilia\/wp-content\/uploads\/sites\/4\/2024\/06\/1_alessandro_stefanutto-28501815.jpeg","datePublished":"2024-06-01T11:16:27+00:00","dateModified":"2024-06-01T11:16:28+00:00","author":{"@id":"https:\/\/newblogs.correiobraziliense.com.br\/vivabrasilia\/#\/schema\/person\/018c75775aaa6ead74dde48a78ac7fa1"},"description":"O dia a dia \u00e9 corrido, mas Alessandro Stefanutto sempre encontra um momento para se dedicar ao ciclismo pelos parques da capital","breadcrumb":{"@id":"https:\/\/newblogs.correiobraziliense.com.br\/vivabrasilia\/presidente-do-inss-tem-grande-paixao-pelo-pedal\/#breadcrumb"},"inLanguage":"pt-BR","potentialAction":[{"@type":"ReadAction","target":["https:\/\/newblogs.correiobraziliense.com.br\/vivabrasilia\/presidente-do-inss-tem-grande-paixao-pelo-pedal\/"]}]},{"@type":"ImageObject","inLanguage":"pt-BR","@id":"https:\/\/newblogs.correiobraziliense.com.br\/vivabrasilia\/presidente-do-inss-tem-grande-paixao-pelo-pedal\/#primaryimage","url":"https:\/\/newblogs.correiobraziliense.com.br\/vivabrasilia\/wp-content\/uploads\/sites\/4\/2024\/06\/1_alessandro_stefanutto-28501815.jpeg","contentUrl":"https:\/\/newblogs.correiobraziliense.com.br\/vivabrasilia\/wp-content\/uploads\/sites\/4\/2024\/06\/1_alessandro_stefanutto-28501815.jpeg","width":675,"height":450,"caption":"Alessandro Stefanutto \u00e9 procurador federal e o atual presidente do INSS | Foto: Roneymar Alves\/Ascom\/INSS"},{"@type":"BreadcrumbList","@id":"https:\/\/newblogs.correiobraziliense.com.br\/vivabrasilia\/presidente-do-inss-tem-grande-paixao-pelo-pedal\/#breadcrumb","itemListElement":[{"@type":"ListItem","position":1,"name":"In\u00edcio","item":"https:\/\/newblogs.correiobraziliense.com.br\/vivabrasilia\/"},{"@type":"ListItem","position":2,"name":"Presidente do INSS tem grande paix\u00e3o pelo pedal"}]},{"@type":"WebSite","@id":"https:\/\/newblogs.correiobraziliense.com.br\/vivabrasilia\/#website","url":"https:\/\/newblogs.correiobraziliense.com.br\/vivabrasilia\/","name":"Viva Bras\u00edlia","description":"Coluna de estilo de vida","potentialAction":[{"@type":"SearchAction","target":{"@type":"EntryPoint","urlTemplate":"https:\/\/newblogs.correiobraziliense.com.br\/vivabrasilia\/?s={search_term_string}"},"query-input":{"@type":"PropertyValueSpecification","valueRequired":true,"valueName":"search_term_string"}}],"inLanguage":"pt-BR"},{"@type":"Person","@id":"https:\/\/newblogs.correiobraziliense.com.br\/vivabrasilia\/#\/schema\/person\/018c75775aaa6ead74dde48a78ac7fa1","name":"Mariana Campos","image":{"@type":"ImageObject","inLanguage":"pt-BR","@id":"https:\/\/secure.gravatar.com\/avatar\/97cd13271bc36c11415a45e9f8192828452de6a8c0e24857edbf96d21752260f?s=96&d=mm&r=g","url":"https:\/\/secure.gravatar.com\/avatar\/97cd13271bc36c11415a45e9f8192828452de6a8c0e24857edbf96d21752260f?s=96&d=mm&r=g","contentUrl":"https:\/\/secure.gravatar.com\/avatar\/97cd13271bc36c11415a45e9f8192828452de6a8c0e24857edbf96d21752260f?s=96&d=mm&r=g","caption":"Mariana Campos"},"description":"Colunista da Viva Bras\u00edlia, Mariana escreve e fotografa para a coluna. Formada em Comunica\u00e7\u00e3o, aprofundou-se no jornalismo e agora une a escrita com a fotografia para mostrar que a capital \u00e9 uma cidade viva que n\u00e3o se resume ao poder. Tamb\u00e9m faz a cobertura de moda para seu blog, Pliss\u00ea, e para as redes sociais do Correio.","sameAs":["http:\/\/newblogs.correiobraziliense.com\/plisse","https:\/\/www.instagram.com\/marigrigori"],"url":"https:\/\/newblogs.correiobraziliense.com.br\/vivabrasilia\/author\/marivivabrasilia\/"}]}},"_links":{"self":[{"href":"https:\/\/newblogs.correiobraziliense.com.br\/vivabrasilia\/wp-json\/wp\/v2\/posts\/373","targetHints":{"allow":["GET"]}}],"collection":[{"href":"https:\/\/newblogs.correiobraziliense.com.br\/vivabrasilia\/wp-json\/wp\/v2\/posts"}],"about":[{"href":"https:\/\/newblogs.correiobraziliense.com.br\/vivabrasilia\/wp-json\/wp\/v2\/types\/post"}],"author":[{"embeddable":true,"href":"https:\/\/newblogs.correiobraziliense.com.br\/vivabrasilia\/wp-json\/wp\/v2\/users\/7"}],"replies":[{"embeddable":true,"href":"https:\/\/newblogs.correiobraziliense.com.br\/vivabrasilia\/wp-json\/wp\/v2\/comments?post=373"}],"version-history":[{"count":4,"href":"https:\/\/newblogs.correiobraziliense.com.br\/vivabrasilia\/wp-json\/wp\/v2\/posts\/373\/revisions"}],"predecessor-version":[{"id":377,"href":"https:\/\/newblogs.correiobraziliense.com.br\/vivabrasilia\/wp-json\/wp\/v2\/posts\/373\/revisions\/377"}],"wp:featuredmedia":[{"embeddable":true,"href":"https:\/\/newblogs.correiobraziliense.com.br\/vivabrasilia\/wp-json\/wp\/v2\/media\/371"}],"wp:attachment":[{"href":"https:\/\/newblogs.correiobraziliense.com.br\/vivabrasilia\/wp-json\/wp\/v2\/media?parent=373"}],"wp:term":[{"taxonomy":"category","embeddable":true,"href":"https:\/\/newblogs.correiobraziliense.com.br\/vivabrasilia\/wp-json\/wp\/v2\/categories?post=373"},{"taxonomy":"post_tag","embeddable":true,"href":"https:\/\/newblogs.correiobraziliense.com.br\/vivabrasilia\/wp-json\/wp\/v2\/tags?post=373"}],"curies":[{"name":"wp","href":"https:\/\/api.w.org\/{rel}","templated":true}]}}