{"id":3256,"date":"2025-01-11T20:04:12","date_gmt":"2025-01-11T23:04:12","guid":{"rendered":"https:\/\/newblogs.correiobraziliense.com.br\/vivabrasilia\/?p=3256"},"modified":"2025-01-11T20:04:13","modified_gmt":"2025-01-11T23:04:13","slug":"os-sabados-de-samba-e-feijoada-continuam-no-clube-do-choro-em-2025","status":"publish","type":"post","link":"https:\/\/newblogs.correiobraziliense.com.br\/vivabrasilia\/os-sabados-de-samba-e-feijoada-continuam-no-clube-do-choro-em-2025\/","title":{"rendered":"Os s\u00e1bados de samba e feijoada continuam no Clube do Choro em 2025"},"content":{"rendered":"\n<p>Se o s\u00e1bado tivesse um cheiro, certamente seria o aroma irresist\u00edvel de uma deliciosa feijoada no ar. Se tivesse um som, se pareceria com o dedilhado em um viol\u00e3o de sete cordas. Dessa forma, para viver um s\u00e1bado em sua plenitude, basta misturar isso tudo. Foi a partir disso que nasceu o projeto Feijoada com Samba, no Clube do Choro de Bras\u00edlia.<\/p>\n\n\n\n<p>No primeiro dia do fim de semana, o complexo arquitet\u00f4nico desenhado por Oscar Niemeyer se torna um local de encontro para um evento que \u00e9 pura celebra\u00e7\u00e3o. Fam\u00edlias inteiras se re\u00fanem para aproveitar o buf\u00ea \u00e0 vontade, enquanto sambistas da capital federal d\u00e3o um show ao vivo.<\/p>\n\n\n\n<p>Desde 2016, a ideia vem ganhando for\u00e7a, popularidade e um espa\u00e7o carinhoso no cora\u00e7\u00e3o dos brasilienses, provando que a jun\u00e7\u00e3o de m\u00fasica e comida boas \u00e9 a receita perfeita para movimentar o nosso quadradinho. \u00c9 Bras\u00edlia em sua verdadeira ess\u00eancia, temperada com caldo de feij\u00e3o preto e embalada no ritmo de um belo cavaquinho.<\/p>\n\n\n\n<p>Nos pr\u00f3ximos s\u00e1bados, quem quiser provar um gostinho ver\u00e1 o grupo 7 na Roda, em 11 de janeiro, o grupo Vai que \u00e9 Samba, em 18 de janeiro, e o Samba da Tia Z\u00e9lia, em 25 de janeiro. Para garantir ingressos, acesse <em>clubedochoro.com.br<\/em>.<\/p>\n\n\n<div class=\"slider-wrapper\"><div class=\"slider\">\n<figure class=\"wp-block-gallery has-nested-images columns-default is-cropped wp-block-gallery-1 is-layout-flex wp-block-gallery-is-layout-flex\">\n<figure class=\"wp-block-image size-large\"><img loading=\"lazy\" decoding=\"async\" width=\"682\" height=\"1024\" data-id=\"3245\" src=\"https:\/\/newblogs.correiobraziliense.com.br\/vivabrasilia\/wp-content\/uploads\/sites\/4\/2025\/01\/Feijoada-com-samba-2-682x1024.jpg\" alt=\"\" class=\"wp-image-3245\" srcset=\"https:\/\/newblogs.correiobraziliense.com.br\/vivabrasilia\/wp-content\/uploads\/sites\/4\/2025\/01\/Feijoada-com-samba-2-682x1024.jpg 682w, https:\/\/newblogs.correiobraziliense.com.br\/vivabrasilia\/wp-content\/uploads\/sites\/4\/2025\/01\/Feijoada-com-samba-2-200x300.jpg 200w, https:\/\/newblogs.correiobraziliense.com.br\/vivabrasilia\/wp-content\/uploads\/sites\/4\/2025\/01\/Feijoada-com-samba-2-768x1152.jpg 768w, https:\/\/newblogs.correiobraziliense.com.br\/vivabrasilia\/wp-content\/uploads\/sites\/4\/2025\/01\/Feijoada-com-samba-2-1024x1536.jpg 1024w, https:\/\/newblogs.correiobraziliense.com.br\/vivabrasilia\/wp-content\/uploads\/sites\/4\/2025\/01\/Feijoada-com-samba-2.jpg 1333w\" sizes=\"auto, (max-width: 682px) 100vw, 682px\" \/><figcaption class=\"wp-element-caption\">Feijoada com samba | <br \/>Lara Queiroz\/Divulga\u00e7\u00e3o<\/figcaption><\/figure>\n\n\n\n<figure class=\"wp-block-image size-large\"><img loading=\"lazy\" decoding=\"async\" width=\"682\" height=\"1024\" data-id=\"3246\" src=\"https:\/\/newblogs.correiobraziliense.com.br\/vivabrasilia\/wp-content\/uploads\/sites\/4\/2025\/01\/Feijoada-com-samba-3-682x1024.jpg\" alt=\"\" class=\"wp-image-3246\" srcset=\"https:\/\/newblogs.correiobraziliense.com.br\/vivabrasilia\/wp-content\/uploads\/sites\/4\/2025\/01\/Feijoada-com-samba-3-682x1024.jpg 682w, https:\/\/newblogs.correiobraziliense.com.br\/vivabrasilia\/wp-content\/uploads\/sites\/4\/2025\/01\/Feijoada-com-samba-3-200x300.jpg 200w, https:\/\/newblogs.correiobraziliense.com.br\/vivabrasilia\/wp-content\/uploads\/sites\/4\/2025\/01\/Feijoada-com-samba-3-768x1152.jpg 768w, https:\/\/newblogs.correiobraziliense.com.br\/vivabrasilia\/wp-content\/uploads\/sites\/4\/2025\/01\/Feijoada-com-samba-3-1024x1536.jpg 1024w, https:\/\/newblogs.correiobraziliense.com.br\/vivabrasilia\/wp-content\/uploads\/sites\/4\/2025\/01\/Feijoada-com-samba-3.jpg 1333w\" sizes=\"auto, (max-width: 682px) 100vw, 682px\" \/><figcaption class=\"wp-element-caption\">Feijoada com samba | <br \/>Lara Queiroz\/Divulga\u00e7\u00e3o<\/figcaption><\/figure>\n<\/figure>\n<\/div>\n\t\t\t<div class=\"slider-nav\">\n\t\t\t\t<button class=\"prev\">\n\t\t\t\t<svg xmlns=\"http:\/\/www.w3.org\/2000\/svg\" width=\"26\" height=\"45\" viewBox=\"0 0 26 45\" fill=\"none\">\n\t\t\t\t<path d=\"M24.9118 0.990519C25.5461 1.62494 25.9023 2.48528 25.9023 3.38235C25.9023 4.27943 25.5461 5.13977 24.9118 5.77419L8.16559 22.5204L24.9118 39.2667C25.5281 39.9047 25.8691 40.7593 25.8614 41.6463C25.8537 42.5334 25.4979 43.3819 24.8706 44.0091C24.2434 44.6364 23.3948 44.9922 22.5078 44.9999C21.6208 45.0076 20.7662 44.6666 20.1282 44.0503L0.990082 24.9123C0.355853 24.2778 -0.000438023 23.4175 -0.000438023 22.5204C-0.000438023 21.6234 0.355853 20.763 0.990082 20.1286L20.1282 0.990519C20.7626 0.35629 21.6229 0 22.52 0C23.4171 0 24.2774 0.35629 24.9118 0.990519Z\" fill=\"white\" fill-opacity=\"0.7\"><\/path>\n\t\t\t\t<\/svg>\n\t\t\t\t<\/button>\n\t\t\t\t<button class=\"next\">\n\t\t\t\t<svg xmlns=\"http:\/\/www.w3.org\/2000\/svg\" width=\"26\" height=\"45\" viewBox=\"0 0 26 45\" fill=\"none\">\n\t\t\t\t<path d=\"M0.99052 0.990519C0.356291 1.62494 0 2.48528 0 3.38235C0 4.27943 0.356291 5.13977 0.99052 5.77419L17.7368 22.5204L0.99052 39.2667C0.374265 39.9047 0.0332682 40.7593 0.0409763 41.6463C0.0486844 42.5334 0.40448 43.3819 1.03173 44.0091C1.65898 44.6364 2.5075 44.9922 3.39453 44.9999C4.28156 45.0076 5.13613 44.6666 5.77419 44.0503L24.9123 24.9123C25.5465 24.2778 25.9028 23.4175 25.9028 22.5204C25.9028 21.6234 25.5465 20.763 24.9123 20.1286L5.77419 0.990519C5.13977 0.35629 4.27943 0 3.38235 0C2.48528 0 1.62494 0.35629 0.99052 0.990519Z\" fill=\"white\" fill-opacity=\"0.7\"><\/path>\n\t\t\t\t<\/svg>\n\t\t\t\t<\/button>\n\t\t\t<\/div>\n\t\t\t<div class=\"slider-dots\"><\/div>\n\t\t\t<\/div>","protected":false},"excerpt":{"rendered":"<p>O projeto, que nasceu em 2016, une amigos e fam\u00edlias para uma deliciosa feijoada, acompanhada de um bom samba, todo s\u00e1bado<\/p>\n","protected":false},"author":7,"featured_media":3247,"comment_status":"closed","ping_status":"open","sticky":false,"template":"","format":"standard","meta":{"_acf_changed":false,"inline_featured_image":false,"footnotes":""},"categories":[14],"tags":[858,859,13],"class_list":["post-3256","post","type-post","status-publish","format-standard","has-post-thumbnail","hentry","category-agenda","tag-clube-do-choro-de-brasilia","tag-feijoada-com-samba","tag-para-toda-a-familia"],"acf":[],"yoast_head":"<!-- This site is optimized with the Yoast SEO plugin v27.3 - https:\/\/yoast.com\/product\/yoast-seo-wordpress\/ -->\n<title>Os s\u00e1bados de samba e feijoada continuam no Clube do Choro em 2025 - Viva Bras\u00edlia<\/title>\n<meta name=\"description\" content=\"O projeto, que nasceu em 2016, une amigos e fam\u00edlias para uma deliciosa feijoada, acompanhada de um bom samba, todo s\u00e1bado\" \/>\n<meta name=\"robots\" content=\"index, follow, max-snippet:-1, max-image-preview:large, max-video-preview:-1\" \/>\n<link rel=\"canonical\" href=\"https:\/\/newblogs.correiobraziliense.com.br\/vivabrasilia\/os-sabados-de-samba-e-feijoada-continuam-no-clube-do-choro-em-2025\/\" \/>\n<meta property=\"og:locale\" content=\"pt_BR\" \/>\n<meta property=\"og:type\" content=\"article\" \/>\n<meta property=\"og:title\" content=\"Os s\u00e1bados de samba e feijoada continuam no Clube do Choro em 2025 - Viva Bras\u00edlia\" \/>\n<meta property=\"og:description\" content=\"O projeto, que nasceu em 2016, une amigos e fam\u00edlias para uma deliciosa feijoada, acompanhada de um bom samba, todo s\u00e1bado\" \/>\n<meta property=\"og:url\" content=\"https:\/\/newblogs.correiobraziliense.com.br\/vivabrasilia\/os-sabados-de-samba-e-feijoada-continuam-no-clube-do-choro-em-2025\/\" \/>\n<meta property=\"og:site_name\" content=\"Viva Bras\u00edlia\" \/>\n<meta property=\"article:published_time\" content=\"2025-01-11T23:04:12+00:00\" \/>\n<meta property=\"article:modified_time\" content=\"2025-01-11T23:04:13+00:00\" \/>\n<meta property=\"og:image\" content=\"https:\/\/newblogs.correiobraziliense.com.br\/vivabrasilia\/wp-content\/uploads\/sites\/4\/2025\/01\/Feijoada-com-samba.jpg\" \/>\n\t<meta property=\"og:image:width\" content=\"2000\" \/>\n\t<meta property=\"og:image:height\" content=\"1333\" \/>\n\t<meta property=\"og:image:type\" content=\"image\/jpeg\" \/>\n<meta name=\"author\" content=\"Mariana Campos\" \/>\n<!-- \/ Yoast SEO plugin. -->","yoast_head_json":{"title":"Os s\u00e1bados de samba e feijoada continuam no Clube do Choro em 2025 - Viva Bras\u00edlia","description":"O projeto, que nasceu em 2016, une amigos e fam\u00edlias para uma deliciosa feijoada, acompanhada de um bom samba, todo s\u00e1bado","robots":{"index":"index","follow":"follow","max-snippet":"max-snippet:-1","max-image-preview":"max-image-preview:large","max-video-preview":"max-video-preview:-1"},"canonical":"https:\/\/newblogs.correiobraziliense.com.br\/vivabrasilia\/os-sabados-de-samba-e-feijoada-continuam-no-clube-do-choro-em-2025\/","og_locale":"pt_BR","og_type":"article","og_title":"Os s\u00e1bados de samba e feijoada continuam no Clube do Choro em 2025 - Viva Bras\u00edlia","og_description":"O projeto, que nasceu em 2016, une amigos e fam\u00edlias para uma deliciosa feijoada, acompanhada de um bom samba, todo s\u00e1bado","og_url":"https:\/\/newblogs.correiobraziliense.com.br\/vivabrasilia\/os-sabados-de-samba-e-feijoada-continuam-no-clube-do-choro-em-2025\/","og_site_name":"Viva Bras\u00edlia","article_published_time":"2025-01-11T23:04:12+00:00","article_modified_time":"2025-01-11T23:04:13+00:00","og_image":[{"width":2000,"height":1333,"url":"https:\/\/newblogs.correiobraziliense.com.br\/vivabrasilia\/wp-content\/uploads\/sites\/4\/2025\/01\/Feijoada-com-samba.jpg","type":"image\/jpeg"}],"author":"Mariana Campos","schema":{"@context":"https:\/\/schema.org","@graph":[{"@type":"Article","@id":"https:\/\/newblogs.correiobraziliense.com.br\/vivabrasilia\/os-sabados-de-samba-e-feijoada-continuam-no-clube-do-choro-em-2025\/#article","isPartOf":{"@id":"https:\/\/newblogs.correiobraziliense.com.br\/vivabrasilia\/os-sabados-de-samba-e-feijoada-continuam-no-clube-do-choro-em-2025\/"},"author":{"name":"Mariana Campos","@id":"https:\/\/newblogs.correiobraziliense.com.br\/vivabrasilia\/#\/schema\/person\/018c75775aaa6ead74dde48a78ac7fa1"},"headline":"Os s\u00e1bados de samba e feijoada continuam no Clube do Choro em 2025","datePublished":"2025-01-11T23:04:12+00:00","dateModified":"2025-01-11T23:04:13+00:00","mainEntityOfPage":{"@id":"https:\/\/newblogs.correiobraziliense.com.br\/vivabrasilia\/os-sabados-de-samba-e-feijoada-continuam-no-clube-do-choro-em-2025\/"},"wordCount":246,"image":{"@id":"https:\/\/newblogs.correiobraziliense.com.br\/vivabrasilia\/os-sabados-de-samba-e-feijoada-continuam-no-clube-do-choro-em-2025\/#primaryimage"},"thumbnailUrl":"https:\/\/newblogs.correiobraziliense.com.br\/vivabrasilia\/wp-content\/uploads\/sites\/4\/2025\/01\/Feijoada-com-samba.jpg","keywords":["Clube do Choro de Bras\u00edlia","Feijoada com Samba","Para toda a fam\u00edlia"],"articleSection":["Agenda"],"inLanguage":"pt-BR"},{"@type":"WebPage","@id":"https:\/\/newblogs.correiobraziliense.com.br\/vivabrasilia\/os-sabados-de-samba-e-feijoada-continuam-no-clube-do-choro-em-2025\/","url":"https:\/\/newblogs.correiobraziliense.com.br\/vivabrasilia\/os-sabados-de-samba-e-feijoada-continuam-no-clube-do-choro-em-2025\/","name":"Os s\u00e1bados de samba e feijoada continuam no Clube do Choro em 2025 - Viva Bras\u00edlia","isPartOf":{"@id":"https:\/\/newblogs.correiobraziliense.com.br\/vivabrasilia\/#website"},"primaryImageOfPage":{"@id":"https:\/\/newblogs.correiobraziliense.com.br\/vivabrasilia\/os-sabados-de-samba-e-feijoada-continuam-no-clube-do-choro-em-2025\/#primaryimage"},"image":{"@id":"https:\/\/newblogs.correiobraziliense.com.br\/vivabrasilia\/os-sabados-de-samba-e-feijoada-continuam-no-clube-do-choro-em-2025\/#primaryimage"},"thumbnailUrl":"https:\/\/newblogs.correiobraziliense.com.br\/vivabrasilia\/wp-content\/uploads\/sites\/4\/2025\/01\/Feijoada-com-samba.jpg","datePublished":"2025-01-11T23:04:12+00:00","dateModified":"2025-01-11T23:04:13+00:00","author":{"@id":"https:\/\/newblogs.correiobraziliense.com.br\/vivabrasilia\/#\/schema\/person\/018c75775aaa6ead74dde48a78ac7fa1"},"description":"O projeto, que nasceu em 2016, une amigos e fam\u00edlias para uma deliciosa feijoada, acompanhada de um bom samba, todo s\u00e1bado","breadcrumb":{"@id":"https:\/\/newblogs.correiobraziliense.com.br\/vivabrasilia\/os-sabados-de-samba-e-feijoada-continuam-no-clube-do-choro-em-2025\/#breadcrumb"},"inLanguage":"pt-BR","potentialAction":[{"@type":"ReadAction","target":["https:\/\/newblogs.correiobraziliense.com.br\/vivabrasilia\/os-sabados-de-samba-e-feijoada-continuam-no-clube-do-choro-em-2025\/"]}]},{"@type":"ImageObject","inLanguage":"pt-BR","@id":"https:\/\/newblogs.correiobraziliense.com.br\/vivabrasilia\/os-sabados-de-samba-e-feijoada-continuam-no-clube-do-choro-em-2025\/#primaryimage","url":"https:\/\/newblogs.correiobraziliense.com.br\/vivabrasilia\/wp-content\/uploads\/sites\/4\/2025\/01\/Feijoada-com-samba.jpg","contentUrl":"https:\/\/newblogs.correiobraziliense.com.br\/vivabrasilia\/wp-content\/uploads\/sites\/4\/2025\/01\/Feijoada-com-samba.jpg","width":2000,"height":1333,"caption":"O evento ocorre todo s\u00e1bado, no Clube do Choro de Bras\u00edlia"},{"@type":"BreadcrumbList","@id":"https:\/\/newblogs.correiobraziliense.com.br\/vivabrasilia\/os-sabados-de-samba-e-feijoada-continuam-no-clube-do-choro-em-2025\/#breadcrumb","itemListElement":[{"@type":"ListItem","position":1,"name":"In\u00edcio","item":"https:\/\/newblogs.correiobraziliense.com.br\/vivabrasilia\/"},{"@type":"ListItem","position":2,"name":"Os s\u00e1bados de samba e feijoada continuam no Clube do Choro em 2025"}]},{"@type":"WebSite","@id":"https:\/\/newblogs.correiobraziliense.com.br\/vivabrasilia\/#website","url":"https:\/\/newblogs.correiobraziliense.com.br\/vivabrasilia\/","name":"Viva Bras\u00edlia","description":"Coluna de estilo de vida","potentialAction":[{"@type":"SearchAction","target":{"@type":"EntryPoint","urlTemplate":"https:\/\/newblogs.correiobraziliense.com.br\/vivabrasilia\/?s={search_term_string}"},"query-input":{"@type":"PropertyValueSpecification","valueRequired":true,"valueName":"search_term_string"}}],"inLanguage":"pt-BR"},{"@type":"Person","@id":"https:\/\/newblogs.correiobraziliense.com.br\/vivabrasilia\/#\/schema\/person\/018c75775aaa6ead74dde48a78ac7fa1","name":"Mariana Campos","image":{"@type":"ImageObject","inLanguage":"pt-BR","@id":"https:\/\/secure.gravatar.com\/avatar\/97cd13271bc36c11415a45e9f8192828452de6a8c0e24857edbf96d21752260f?s=96&d=mm&r=g","url":"https:\/\/secure.gravatar.com\/avatar\/97cd13271bc36c11415a45e9f8192828452de6a8c0e24857edbf96d21752260f?s=96&d=mm&r=g","contentUrl":"https:\/\/secure.gravatar.com\/avatar\/97cd13271bc36c11415a45e9f8192828452de6a8c0e24857edbf96d21752260f?s=96&d=mm&r=g","caption":"Mariana Campos"},"description":"Colunista da Viva Bras\u00edlia, Mariana escreve e fotografa para a coluna. Formada em Comunica\u00e7\u00e3o, aprofundou-se no jornalismo e agora une a escrita com a fotografia para mostrar que a capital \u00e9 uma cidade viva que n\u00e3o se resume ao poder. Tamb\u00e9m faz a cobertura de moda para seu blog, Pliss\u00ea, e para as redes sociais do Correio.","sameAs":["http:\/\/newblogs.correiobraziliense.com\/plisse","https:\/\/www.instagram.com\/marigrigori"],"url":"https:\/\/newblogs.correiobraziliense.com.br\/vivabrasilia\/author\/marivivabrasilia\/"}]}},"_links":{"self":[{"href":"https:\/\/newblogs.correiobraziliense.com.br\/vivabrasilia\/wp-json\/wp\/v2\/posts\/3256","targetHints":{"allow":["GET"]}}],"collection":[{"href":"https:\/\/newblogs.correiobraziliense.com.br\/vivabrasilia\/wp-json\/wp\/v2\/posts"}],"about":[{"href":"https:\/\/newblogs.correiobraziliense.com.br\/vivabrasilia\/wp-json\/wp\/v2\/types\/post"}],"author":[{"embeddable":true,"href":"https:\/\/newblogs.correiobraziliense.com.br\/vivabrasilia\/wp-json\/wp\/v2\/users\/7"}],"replies":[{"embeddable":true,"href":"https:\/\/newblogs.correiobraziliense.com.br\/vivabrasilia\/wp-json\/wp\/v2\/comments?post=3256"}],"version-history":[{"count":1,"href":"https:\/\/newblogs.correiobraziliense.com.br\/vivabrasilia\/wp-json\/wp\/v2\/posts\/3256\/revisions"}],"predecessor-version":[{"id":3257,"href":"https:\/\/newblogs.correiobraziliense.com.br\/vivabrasilia\/wp-json\/wp\/v2\/posts\/3256\/revisions\/3257"}],"wp:featuredmedia":[{"embeddable":true,"href":"https:\/\/newblogs.correiobraziliense.com.br\/vivabrasilia\/wp-json\/wp\/v2\/media\/3247"}],"wp:attachment":[{"href":"https:\/\/newblogs.correiobraziliense.com.br\/vivabrasilia\/wp-json\/wp\/v2\/media?parent=3256"}],"wp:term":[{"taxonomy":"category","embeddable":true,"href":"https:\/\/newblogs.correiobraziliense.com.br\/vivabrasilia\/wp-json\/wp\/v2\/categories?post=3256"},{"taxonomy":"post_tag","embeddable":true,"href":"https:\/\/newblogs.correiobraziliense.com.br\/vivabrasilia\/wp-json\/wp\/v2\/tags?post=3256"}],"curies":[{"name":"wp","href":"https:\/\/api.w.org\/{rel}","templated":true}]}}