{"id":3043,"date":"2024-12-02T17:07:36","date_gmt":"2024-12-02T20:07:36","guid":{"rendered":"https:\/\/newblogs.correiobraziliense.com.br\/vivabrasilia\/?p=3043"},"modified":"2024-12-18T23:37:56","modified_gmt":"2024-12-19T02:37:56","slug":"shell-e-minc-promovem-programa-rouanet-da-juventude","status":"publish","type":"post","link":"https:\/\/newblogs.correiobraziliense.com.br\/vivabrasilia\/shell-e-minc-promovem-programa-rouanet-da-juventude\/","title":{"rendered":"Shell e MinC promovem programa Rouanet da Juventude"},"content":{"rendered":"\n<p>O Minist\u00e9rio da Cultura (MinC), em parceria com o grupo Shell Brasil, anunciaram o programa Rouanet da Juventude, na \u00faltima quarta-feira.<\/p>\n\n\n\n<p>O objetivo \u00e9 democratizar o acesso \u00e0 Lei Rouanet e promover a forma\u00e7\u00e3o cultural de jovens brasileiros. A iniciativa contar\u00e1 com um investimento de R$ 6 milh\u00f5es e pretende capacitar pelo menos cinco mil jovens por meio de oficinas presenciais e remotas sobre a elabora\u00e7\u00e3o de projetos culturais.<\/p>\n\n\n\n<p>O programa tamb\u00e9m busca fomentar o empreendedorismo cultural, ampliar a diversidade entre os agentes culturais e garantir que munic\u00edpios menores e popula\u00e7\u00f5es historicamente sub-representadas sejam beneficiados.<\/p>\n\n\n\n<p>Durante o evento de lan\u00e7amento, a ministra Margareth Menezes destacou que o programa reflete um esfor\u00e7o para tornar o fomento cultural mais abrangente e inclusivo.\u00a0<\/p>\n\n\n<div class=\"slider-wrapper\"><div class=\"slider\">\n<figure class=\"wp-block-gallery has-nested-images columns-default is-cropped wp-block-gallery-1 is-layout-flex wp-block-gallery-is-layout-flex\">\n<figure class=\"wp-block-image size-large\"><img loading=\"lazy\" decoding=\"async\" width=\"1024\" height=\"768\" data-id=\"3051\" src=\"https:\/\/newblogs.correiobraziliense.com.br\/vivabrasilia\/wp-content\/uploads\/sites\/4\/2024\/12\/Glauco-Paiva-Monique-Goncalves-e-Valerio-Xavier-1024x768.jpg\" alt=\"\" class=\"wp-image-3051\" srcset=\"https:\/\/newblogs.correiobraziliense.com.br\/vivabrasilia\/wp-content\/uploads\/sites\/4\/2024\/12\/Glauco-Paiva-Monique-Goncalves-e-Valerio-Xavier-1024x768.jpg 1024w, https:\/\/newblogs.correiobraziliense.com.br\/vivabrasilia\/wp-content\/uploads\/sites\/4\/2024\/12\/Glauco-Paiva-Monique-Goncalves-e-Valerio-Xavier-300x225.jpg 300w, https:\/\/newblogs.correiobraziliense.com.br\/vivabrasilia\/wp-content\/uploads\/sites\/4\/2024\/12\/Glauco-Paiva-Monique-Goncalves-e-Valerio-Xavier-768x576.jpg 768w, https:\/\/newblogs.correiobraziliense.com.br\/vivabrasilia\/wp-content\/uploads\/sites\/4\/2024\/12\/Glauco-Paiva-Monique-Goncalves-e-Valerio-Xavier-1536x1152.jpg 1536w, https:\/\/newblogs.correiobraziliense.com.br\/vivabrasilia\/wp-content\/uploads\/sites\/4\/2024\/12\/Glauco-Paiva-Monique-Goncalves-e-Valerio-Xavier-800x600.jpg 800w, https:\/\/newblogs.correiobraziliense.com.br\/vivabrasilia\/wp-content\/uploads\/sites\/4\/2024\/12\/Glauco-Paiva-Monique-Goncalves-e-Valerio-Xavier.jpg 2000w\" sizes=\"auto, (max-width: 1024px) 100vw, 1024px\" \/><figcaption class=\"wp-element-caption\">Glauco Paiva, Monique Gon\u00e7alves e Val\u00e9rio Xavier | Foto: Victor Vec\/MinC<\/figcaption><\/figure>\n\n\n\n<figure class=\"wp-block-image size-large\"><img loading=\"lazy\" decoding=\"async\" width=\"1024\" height=\"576\" data-id=\"3057\" src=\"https:\/\/newblogs.correiobraziliense.com.br\/vivabrasilia\/wp-content\/uploads\/sites\/4\/2024\/12\/Henilton-Menezes-1024x576.jpg\" alt=\"Henilton Menezes, secret\u00e1rio de Economia Criativa e Fomento Cultural do MinC, ministra Margareth Menezes e o vice-presidente de Rela\u00e7\u00f5es Corporativas do grupo Shell Brasil, Fl\u00e1vio Rodrigues | Foto: Victor Vec\/MinC\" class=\"wp-image-3057\" srcset=\"https:\/\/newblogs.correiobraziliense.com.br\/vivabrasilia\/wp-content\/uploads\/sites\/4\/2024\/12\/Henilton-Menezes-1024x576.jpg 1024w, https:\/\/newblogs.correiobraziliense.com.br\/vivabrasilia\/wp-content\/uploads\/sites\/4\/2024\/12\/Henilton-Menezes-300x169.jpg 300w, https:\/\/newblogs.correiobraziliense.com.br\/vivabrasilia\/wp-content\/uploads\/sites\/4\/2024\/12\/Henilton-Menezes-768x432.jpg 768w, https:\/\/newblogs.correiobraziliense.com.br\/vivabrasilia\/wp-content\/uploads\/sites\/4\/2024\/12\/Henilton-Menezes-1536x863.jpg 1536w, https:\/\/newblogs.correiobraziliense.com.br\/vivabrasilia\/wp-content\/uploads\/sites\/4\/2024\/12\/Henilton-Menezes-1200x675.jpg 1200w, https:\/\/newblogs.correiobraziliense.com.br\/vivabrasilia\/wp-content\/uploads\/sites\/4\/2024\/12\/Henilton-Menezes.jpg 1980w\" sizes=\"auto, (max-width: 1024px) 100vw, 1024px\" \/><figcaption class=\"wp-element-caption\">Henilton Menezes, secret\u00e1rio de Economia Criativa e Fomento Cultural do MinC, ministra Margareth Menezes e o vice-presidente de Rela\u00e7\u00f5es Corporativas do grupo Shell Brasil, Fl\u00e1vio Rodrigues | Foto: Victor Vec\/MinC<\/figcaption><\/figure>\n\n\n\n<figure class=\"wp-block-image size-large\"><img loading=\"lazy\" decoding=\"async\" width=\"1024\" height=\"682\" data-id=\"3060\" src=\"https:\/\/newblogs.correiobraziliense.com.br\/vivabrasilia\/wp-content\/uploads\/sites\/4\/2024\/12\/54168354468_fda5391755_o-1024x682.jpg\" alt=\"\" class=\"wp-image-3060\" srcset=\"https:\/\/newblogs.correiobraziliense.com.br\/vivabrasilia\/wp-content\/uploads\/sites\/4\/2024\/12\/54168354468_fda5391755_o-1024x682.jpg 1024w, https:\/\/newblogs.correiobraziliense.com.br\/vivabrasilia\/wp-content\/uploads\/sites\/4\/2024\/12\/54168354468_fda5391755_o-300x200.jpg 300w, https:\/\/newblogs.correiobraziliense.com.br\/vivabrasilia\/wp-content\/uploads\/sites\/4\/2024\/12\/54168354468_fda5391755_o-768x512.jpg 768w, https:\/\/newblogs.correiobraziliense.com.br\/vivabrasilia\/wp-content\/uploads\/sites\/4\/2024\/12\/54168354468_fda5391755_o-1536x1024.jpg 1536w, https:\/\/newblogs.correiobraziliense.com.br\/vivabrasilia\/wp-content\/uploads\/sites\/4\/2024\/12\/54168354468_fda5391755_o.jpg 2000w\" sizes=\"auto, (max-width: 1024px) 100vw, 1024px\" \/><figcaption class=\"wp-element-caption\">A ministra Margareth com o grupo Choro Livre e a cantora mirim, Laura Medeiros<\/figcaption><\/figure>\n\n\n\n<figure class=\"wp-block-image size-large\"><img loading=\"lazy\" decoding=\"async\" width=\"1024\" height=\"682\" data-id=\"3061\" src=\"https:\/\/newblogs.correiobraziliense.com.br\/vivabrasilia\/wp-content\/uploads\/sites\/4\/2024\/12\/54168388169_1cfafce70e_o-1024x682.jpg\" alt=\"\" class=\"wp-image-3061\" srcset=\"https:\/\/newblogs.correiobraziliense.com.br\/vivabrasilia\/wp-content\/uploads\/sites\/4\/2024\/12\/54168388169_1cfafce70e_o-1024x682.jpg 1024w, https:\/\/newblogs.correiobraziliense.com.br\/vivabrasilia\/wp-content\/uploads\/sites\/4\/2024\/12\/54168388169_1cfafce70e_o-300x200.jpg 300w, https:\/\/newblogs.correiobraziliense.com.br\/vivabrasilia\/wp-content\/uploads\/sites\/4\/2024\/12\/54168388169_1cfafce70e_o-768x512.jpg 768w, https:\/\/newblogs.correiobraziliense.com.br\/vivabrasilia\/wp-content\/uploads\/sites\/4\/2024\/12\/54168388169_1cfafce70e_o-1536x1024.jpg 1536w, https:\/\/newblogs.correiobraziliense.com.br\/vivabrasilia\/wp-content\/uploads\/sites\/4\/2024\/12\/54168388169_1cfafce70e_o.jpg 2000w\" sizes=\"auto, (max-width: 1024px) 100vw, 1024px\" \/><\/figure>\n\n\n\n<figure class=\"wp-block-image size-large\"><img loading=\"lazy\" decoding=\"async\" width=\"1024\" height=\"682\" data-id=\"3062\" src=\"https:\/\/newblogs.correiobraziliense.com.br\/vivabrasilia\/wp-content\/uploads\/sites\/4\/2024\/12\/54168390274_ef46a5728a_o-1024x682.jpg\" alt=\"\" class=\"wp-image-3062\" srcset=\"https:\/\/newblogs.correiobraziliense.com.br\/vivabrasilia\/wp-content\/uploads\/sites\/4\/2024\/12\/54168390274_ef46a5728a_o-1024x682.jpg 1024w, https:\/\/newblogs.correiobraziliense.com.br\/vivabrasilia\/wp-content\/uploads\/sites\/4\/2024\/12\/54168390274_ef46a5728a_o-300x200.jpg 300w, https:\/\/newblogs.correiobraziliense.com.br\/vivabrasilia\/wp-content\/uploads\/sites\/4\/2024\/12\/54168390274_ef46a5728a_o-768x512.jpg 768w, https:\/\/newblogs.correiobraziliense.com.br\/vivabrasilia\/wp-content\/uploads\/sites\/4\/2024\/12\/54168390274_ef46a5728a_o-1536x1024.jpg 1536w, https:\/\/newblogs.correiobraziliense.com.br\/vivabrasilia\/wp-content\/uploads\/sites\/4\/2024\/12\/54168390274_ef46a5728a_o.jpg 2000w\" sizes=\"auto, (max-width: 1024px) 100vw, 1024px\" \/><\/figure>\n<\/figure>\n<\/div>\n\t\t\t<div class=\"slider-nav\">\n\t\t\t\t<button class=\"prev\">\n\t\t\t\t<svg xmlns=\"http:\/\/www.w3.org\/2000\/svg\" width=\"26\" height=\"45\" viewBox=\"0 0 26 45\" fill=\"none\">\n\t\t\t\t<path d=\"M24.9118 0.990519C25.5461 1.62494 25.9023 2.48528 25.9023 3.38235C25.9023 4.27943 25.5461 5.13977 24.9118 5.77419L8.16559 22.5204L24.9118 39.2667C25.5281 39.9047 25.8691 40.7593 25.8614 41.6463C25.8537 42.5334 25.4979 43.3819 24.8706 44.0091C24.2434 44.6364 23.3948 44.9922 22.5078 44.9999C21.6208 45.0076 20.7662 44.6666 20.1282 44.0503L0.990082 24.9123C0.355853 24.2778 -0.000438023 23.4175 -0.000438023 22.5204C-0.000438023 21.6234 0.355853 20.763 0.990082 20.1286L20.1282 0.990519C20.7626 0.35629 21.6229 0 22.52 0C23.4171 0 24.2774 0.35629 24.9118 0.990519Z\" fill=\"white\" fill-opacity=\"0.7\"><\/path>\n\t\t\t\t<\/svg>\n\t\t\t\t<\/button>\n\t\t\t\t<button class=\"next\">\n\t\t\t\t<svg xmlns=\"http:\/\/www.w3.org\/2000\/svg\" width=\"26\" height=\"45\" viewBox=\"0 0 26 45\" fill=\"none\">\n\t\t\t\t<path d=\"M0.99052 0.990519C0.356291 1.62494 0 2.48528 0 3.38235C0 4.27943 0.356291 5.13977 0.99052 5.77419L17.7368 22.5204L0.99052 39.2667C0.374265 39.9047 0.0332682 40.7593 0.0409763 41.6463C0.0486844 42.5334 0.40448 43.3819 1.03173 44.0091C1.65898 44.6364 2.5075 44.9922 3.39453 44.9999C4.28156 45.0076 5.13613 44.6666 5.77419 44.0503L24.9123 24.9123C25.5465 24.2778 25.9028 23.4175 25.9028 22.5204C25.9028 21.6234 25.5465 20.763 24.9123 20.1286L5.77419 0.990519C5.13977 0.35629 4.27943 0 3.38235 0C2.48528 0 1.62494 0.35629 0.99052 0.990519Z\" fill=\"white\" fill-opacity=\"0.7\"><\/path>\n\t\t\t\t<\/svg>\n\t\t\t\t<\/button>\n\t\t\t<\/div>\n\t\t\t<div class=\"slider-dots\"><\/div>\n\t\t\t<\/div>","protected":false},"excerpt":{"rendered":"<p>O evento de lan\u00e7amento contou com uma apresenta\u00e7\u00e3o do grupo Choro Livre e celebrou a democratiza\u00e7\u00e3o do acesso \u00e0 Lei Rouanet<\/p>\n","protected":false},"author":7,"featured_media":3064,"comment_status":"closed","ping_status":"open","sticky":false,"template":"","format":"standard","meta":{"_acf_changed":false,"inline_featured_image":false,"footnotes":""},"categories":[132],"tags":[801,799,75,800,798],"class_list":["post-3043","post","type-post","status-publish","format-standard","has-post-thumbnail","hentry","category-cidade","tag-lei-rouanet","tag-minc","tag-ministerio-da-cultura","tag-rouanet-da-juventude","tag-shell"],"acf":[],"yoast_head":"<!-- This site is optimized with the Yoast SEO plugin v27.3 - https:\/\/yoast.com\/product\/yoast-seo-wordpress\/ -->\n<title>Shell e MinC promovem programa Rouanet da Juventude - Viva Bras\u00edlia<\/title>\n<meta name=\"description\" content=\"O evento de lan\u00e7amento contou com uma apresenta\u00e7\u00e3o do grupo Choro Livre e celebrou a democratiza\u00e7\u00e3o do acesso \u00e0 Lei Rouanet\" \/>\n<meta name=\"robots\" content=\"index, follow, max-snippet:-1, max-image-preview:large, max-video-preview:-1\" \/>\n<link rel=\"canonical\" href=\"https:\/\/newblogs.correiobraziliense.com.br\/vivabrasilia\/shell-e-minc-promovem-programa-rouanet-da-juventude\/\" \/>\n<meta property=\"og:locale\" content=\"pt_BR\" \/>\n<meta property=\"og:type\" content=\"article\" \/>\n<meta property=\"og:title\" content=\"Shell e MinC promovem programa Rouanet da Juventude - Viva Bras\u00edlia\" \/>\n<meta property=\"og:description\" content=\"O evento de lan\u00e7amento contou com uma apresenta\u00e7\u00e3o do grupo Choro Livre e celebrou a democratiza\u00e7\u00e3o do acesso \u00e0 Lei Rouanet\" \/>\n<meta property=\"og:url\" content=\"https:\/\/newblogs.correiobraziliense.com.br\/vivabrasilia\/shell-e-minc-promovem-programa-rouanet-da-juventude\/\" \/>\n<meta property=\"og:site_name\" content=\"Viva Bras\u00edlia\" \/>\n<meta property=\"article:published_time\" content=\"2024-12-02T20:07:36+00:00\" \/>\n<meta property=\"article:modified_time\" content=\"2024-12-19T02:37:56+00:00\" \/>\n<meta property=\"og:image\" content=\"https:\/\/newblogs.correiobraziliense.com.br\/vivabrasilia\/wp-content\/uploads\/sites\/4\/2024\/12\/Representantes-da-Shell-Ministerio-da-Cultura-e-grupo-Choro-Livre-2.jpg\" \/>\n\t<meta property=\"og:image:width\" content=\"2000\" \/>\n\t<meta property=\"og:image:height\" content=\"1095\" \/>\n\t<meta property=\"og:image:type\" content=\"image\/jpeg\" \/>\n<meta name=\"author\" content=\"Mariana Campos\" \/>\n<!-- \/ Yoast SEO plugin. -->","yoast_head_json":{"title":"Shell e MinC promovem programa Rouanet da Juventude - Viva Bras\u00edlia","description":"O evento de lan\u00e7amento contou com uma apresenta\u00e7\u00e3o do grupo Choro Livre e celebrou a democratiza\u00e7\u00e3o do acesso \u00e0 Lei Rouanet","robots":{"index":"index","follow":"follow","max-snippet":"max-snippet:-1","max-image-preview":"max-image-preview:large","max-video-preview":"max-video-preview:-1"},"canonical":"https:\/\/newblogs.correiobraziliense.com.br\/vivabrasilia\/shell-e-minc-promovem-programa-rouanet-da-juventude\/","og_locale":"pt_BR","og_type":"article","og_title":"Shell e MinC promovem programa Rouanet da Juventude - Viva Bras\u00edlia","og_description":"O evento de lan\u00e7amento contou com uma apresenta\u00e7\u00e3o do grupo Choro Livre e celebrou a democratiza\u00e7\u00e3o do acesso \u00e0 Lei Rouanet","og_url":"https:\/\/newblogs.correiobraziliense.com.br\/vivabrasilia\/shell-e-minc-promovem-programa-rouanet-da-juventude\/","og_site_name":"Viva Bras\u00edlia","article_published_time":"2024-12-02T20:07:36+00:00","article_modified_time":"2024-12-19T02:37:56+00:00","og_image":[{"width":2000,"height":1095,"url":"https:\/\/newblogs.correiobraziliense.com.br\/vivabrasilia\/wp-content\/uploads\/sites\/4\/2024\/12\/Representantes-da-Shell-Ministerio-da-Cultura-e-grupo-Choro-Livre-2.jpg","type":"image\/jpeg"}],"author":"Mariana Campos","schema":{"@context":"https:\/\/schema.org","@graph":[{"@type":"Article","@id":"https:\/\/newblogs.correiobraziliense.com.br\/vivabrasilia\/shell-e-minc-promovem-programa-rouanet-da-juventude\/#article","isPartOf":{"@id":"https:\/\/newblogs.correiobraziliense.com.br\/vivabrasilia\/shell-e-minc-promovem-programa-rouanet-da-juventude\/"},"author":{"name":"Mariana Campos","@id":"https:\/\/newblogs.correiobraziliense.com.br\/vivabrasilia\/#\/schema\/person\/018c75775aaa6ead74dde48a78ac7fa1"},"headline":"Shell e MinC promovem programa Rouanet da Juventude","datePublished":"2024-12-02T20:07:36+00:00","dateModified":"2024-12-19T02:37:56+00:00","mainEntityOfPage":{"@id":"https:\/\/newblogs.correiobraziliense.com.br\/vivabrasilia\/shell-e-minc-promovem-programa-rouanet-da-juventude\/"},"wordCount":194,"image":{"@id":"https:\/\/newblogs.correiobraziliense.com.br\/vivabrasilia\/shell-e-minc-promovem-programa-rouanet-da-juventude\/#primaryimage"},"thumbnailUrl":"https:\/\/newblogs.correiobraziliense.com.br\/vivabrasilia\/wp-content\/uploads\/sites\/4\/2024\/12\/Representantes-da-Shell-Ministerio-da-Cultura-e-grupo-Choro-Livre-2.jpg","keywords":["Lei Rouanet","Minc","Minist\u00e9rio da Cultura","Rouanet da Juventude","Shell"],"articleSection":["Cidade"],"inLanguage":"pt-BR"},{"@type":"WebPage","@id":"https:\/\/newblogs.correiobraziliense.com.br\/vivabrasilia\/shell-e-minc-promovem-programa-rouanet-da-juventude\/","url":"https:\/\/newblogs.correiobraziliense.com.br\/vivabrasilia\/shell-e-minc-promovem-programa-rouanet-da-juventude\/","name":"Shell e MinC promovem programa Rouanet da Juventude - Viva Bras\u00edlia","isPartOf":{"@id":"https:\/\/newblogs.correiobraziliense.com.br\/vivabrasilia\/#website"},"primaryImageOfPage":{"@id":"https:\/\/newblogs.correiobraziliense.com.br\/vivabrasilia\/shell-e-minc-promovem-programa-rouanet-da-juventude\/#primaryimage"},"image":{"@id":"https:\/\/newblogs.correiobraziliense.com.br\/vivabrasilia\/shell-e-minc-promovem-programa-rouanet-da-juventude\/#primaryimage"},"thumbnailUrl":"https:\/\/newblogs.correiobraziliense.com.br\/vivabrasilia\/wp-content\/uploads\/sites\/4\/2024\/12\/Representantes-da-Shell-Ministerio-da-Cultura-e-grupo-Choro-Livre-2.jpg","datePublished":"2024-12-02T20:07:36+00:00","dateModified":"2024-12-19T02:37:56+00:00","author":{"@id":"https:\/\/newblogs.correiobraziliense.com.br\/vivabrasilia\/#\/schema\/person\/018c75775aaa6ead74dde48a78ac7fa1"},"description":"O evento de lan\u00e7amento contou com uma apresenta\u00e7\u00e3o do grupo Choro Livre e celebrou a democratiza\u00e7\u00e3o do acesso \u00e0 Lei Rouanet","breadcrumb":{"@id":"https:\/\/newblogs.correiobraziliense.com.br\/vivabrasilia\/shell-e-minc-promovem-programa-rouanet-da-juventude\/#breadcrumb"},"inLanguage":"pt-BR","potentialAction":[{"@type":"ReadAction","target":["https:\/\/newblogs.correiobraziliense.com.br\/vivabrasilia\/shell-e-minc-promovem-programa-rouanet-da-juventude\/"]}]},{"@type":"ImageObject","inLanguage":"pt-BR","@id":"https:\/\/newblogs.correiobraziliense.com.br\/vivabrasilia\/shell-e-minc-promovem-programa-rouanet-da-juventude\/#primaryimage","url":"https:\/\/newblogs.correiobraziliense.com.br\/vivabrasilia\/wp-content\/uploads\/sites\/4\/2024\/12\/Representantes-da-Shell-Ministerio-da-Cultura-e-grupo-Choro-Livre-2.jpg","contentUrl":"https:\/\/newblogs.correiobraziliense.com.br\/vivabrasilia\/wp-content\/uploads\/sites\/4\/2024\/12\/Representantes-da-Shell-Ministerio-da-Cultura-e-grupo-Choro-Livre-2.jpg","width":2000,"height":1095,"caption":"Representantes da Shell, Minist\u00e9rio da Cultura e grupo Choro Livre | Foto: Victor Vec\/MinC"},{"@type":"BreadcrumbList","@id":"https:\/\/newblogs.correiobraziliense.com.br\/vivabrasilia\/shell-e-minc-promovem-programa-rouanet-da-juventude\/#breadcrumb","itemListElement":[{"@type":"ListItem","position":1,"name":"In\u00edcio","item":"https:\/\/newblogs.correiobraziliense.com.br\/vivabrasilia\/"},{"@type":"ListItem","position":2,"name":"Shell e MinC promovem programa Rouanet da Juventude"}]},{"@type":"WebSite","@id":"https:\/\/newblogs.correiobraziliense.com.br\/vivabrasilia\/#website","url":"https:\/\/newblogs.correiobraziliense.com.br\/vivabrasilia\/","name":"Viva Bras\u00edlia","description":"Coluna de estilo de vida","potentialAction":[{"@type":"SearchAction","target":{"@type":"EntryPoint","urlTemplate":"https:\/\/newblogs.correiobraziliense.com.br\/vivabrasilia\/?s={search_term_string}"},"query-input":{"@type":"PropertyValueSpecification","valueRequired":true,"valueName":"search_term_string"}}],"inLanguage":"pt-BR"},{"@type":"Person","@id":"https:\/\/newblogs.correiobraziliense.com.br\/vivabrasilia\/#\/schema\/person\/018c75775aaa6ead74dde48a78ac7fa1","name":"Mariana Campos","image":{"@type":"ImageObject","inLanguage":"pt-BR","@id":"https:\/\/secure.gravatar.com\/avatar\/97cd13271bc36c11415a45e9f8192828452de6a8c0e24857edbf96d21752260f?s=96&d=mm&r=g","url":"https:\/\/secure.gravatar.com\/avatar\/97cd13271bc36c11415a45e9f8192828452de6a8c0e24857edbf96d21752260f?s=96&d=mm&r=g","contentUrl":"https:\/\/secure.gravatar.com\/avatar\/97cd13271bc36c11415a45e9f8192828452de6a8c0e24857edbf96d21752260f?s=96&d=mm&r=g","caption":"Mariana Campos"},"description":"Colunista da Viva Bras\u00edlia, Mariana escreve e fotografa para a coluna. Formada em Comunica\u00e7\u00e3o, aprofundou-se no jornalismo e agora une a escrita com a fotografia para mostrar que a capital \u00e9 uma cidade viva que n\u00e3o se resume ao poder. Tamb\u00e9m faz a cobertura de moda para seu blog, Pliss\u00ea, e para as redes sociais do Correio.","sameAs":["http:\/\/newblogs.correiobraziliense.com\/plisse","https:\/\/www.instagram.com\/marigrigori"],"url":"https:\/\/newblogs.correiobraziliense.com.br\/vivabrasilia\/author\/marivivabrasilia\/"}]}},"_links":{"self":[{"href":"https:\/\/newblogs.correiobraziliense.com.br\/vivabrasilia\/wp-json\/wp\/v2\/posts\/3043","targetHints":{"allow":["GET"]}}],"collection":[{"href":"https:\/\/newblogs.correiobraziliense.com.br\/vivabrasilia\/wp-json\/wp\/v2\/posts"}],"about":[{"href":"https:\/\/newblogs.correiobraziliense.com.br\/vivabrasilia\/wp-json\/wp\/v2\/types\/post"}],"author":[{"embeddable":true,"href":"https:\/\/newblogs.correiobraziliense.com.br\/vivabrasilia\/wp-json\/wp\/v2\/users\/7"}],"replies":[{"embeddable":true,"href":"https:\/\/newblogs.correiobraziliense.com.br\/vivabrasilia\/wp-json\/wp\/v2\/comments?post=3043"}],"version-history":[{"count":1,"href":"https:\/\/newblogs.correiobraziliense.com.br\/vivabrasilia\/wp-json\/wp\/v2\/posts\/3043\/revisions"}],"predecessor-version":[{"id":3065,"href":"https:\/\/newblogs.correiobraziliense.com.br\/vivabrasilia\/wp-json\/wp\/v2\/posts\/3043\/revisions\/3065"}],"wp:featuredmedia":[{"embeddable":true,"href":"https:\/\/newblogs.correiobraziliense.com.br\/vivabrasilia\/wp-json\/wp\/v2\/media\/3064"}],"wp:attachment":[{"href":"https:\/\/newblogs.correiobraziliense.com.br\/vivabrasilia\/wp-json\/wp\/v2\/media?parent=3043"}],"wp:term":[{"taxonomy":"category","embeddable":true,"href":"https:\/\/newblogs.correiobraziliense.com.br\/vivabrasilia\/wp-json\/wp\/v2\/categories?post=3043"},{"taxonomy":"post_tag","embeddable":true,"href":"https:\/\/newblogs.correiobraziliense.com.br\/vivabrasilia\/wp-json\/wp\/v2\/tags?post=3043"}],"curies":[{"name":"wp","href":"https:\/\/api.w.org\/{rel}","templated":true}]}}