{"id":2800,"date":"2024-11-08T00:16:33","date_gmt":"2024-11-08T03:16:33","guid":{"rendered":"https:\/\/newblogs.correiobraziliense.com.br\/vivabrasilia\/?p=2800"},"modified":"2024-11-13T23:23:39","modified_gmt":"2024-11-14T02:23:39","slug":"gala-da-gpsfoundation-reune-convidados-em-festa-beneficente","status":"publish","type":"post","link":"https:\/\/newblogs.correiobraziliense.com.br\/vivabrasilia\/gala-da-gpsfoundation-reune-convidados-em-festa-beneficente\/","title":{"rendered":"GALA da GPS|Foundation re\u00fane convidados em festa beneficente"},"content":{"rendered":"\n<p>Na noite da \u00faltima quarta-feira, a GPS|Foundation recebeu cerca de 300 convidados para a quarta edi\u00e7\u00e3o do baile beneficente GALA, com o objetivo de arrecadar recursos para pessoas em situa\u00e7\u00e3o de vulnerabilidade. A festa foi organizada pela presidente da entidade, Viviane Le\u00e3o Piquet, e pela diretora social, Paula Santana.<\/p>\n\n\n\n<p>A noite teve in\u00edcio de forma especial, conduzida pelo maestro Cl\u00e1udio Cohen e a Orquestra Sinf\u00f4nica de Bras\u00edlia, seguidos de um leil\u00e3o guiado pelo leiloeiro James Lisboa, e terminou t\u00e3o animada quanto come\u00e7ou, ap\u00f3s a apresenta\u00e7\u00e3o da dupla sertaneja Fernando e Sorocaba.&nbsp;<\/p>\n\n\n\n<p>Todas as pe\u00e7as arrematadas durante o evento foram doadas por convidados. Entre elas, obras de C\u00e2ndido Portinari, do fot\u00f3grafo Celso J\u00fanior, da artista Bella Salvati e duas camisetas assinadas pelo piloto Max Verstappen, usadas em sua \u00faltima passagem pelo Brasil, em que venceu o GP de S\u00e3o Paulo, em Interlagos.Ao fim da noite, o montante arrecadado era de R$ 947 mil. Entre os ilustres convidados que prestigiaram a festa, destacaram-se o governador Ibaneis Rocha, a primeira-dama Mayara Noronha Rocha, a vice-governadora Celina Le\u00e3o, o presidente do <strong>Correio Braziliense<\/strong>, Guilherme Machado, o empres\u00e1rio Paulo Oct\u00e1vio com sua esposa, Anna Christina Kubitschek, e o filho Andr\u00e9 Kubitschek, al\u00e9m das influenciadoras Luiza Brunet e Silvia Braz.<\/p>\n\n\n<div class=\"slider-wrapper\"><div class=\"slider\">\n<figure class=\"wp-block-gallery has-nested-images columns-default is-cropped wp-block-gallery-1 is-layout-flex wp-block-gallery-is-layout-flex\">\n<figure class=\"wp-block-image size-large\"><img loading=\"lazy\" decoding=\"async\" width=\"1024\" height=\"682\" data-id=\"2822\" src=\"https:\/\/newblogs.correiobraziliense.com.br\/vivabrasilia\/wp-content\/uploads\/sites\/4\/2024\/11\/Paulo-Octavio-Anna-Christina-Kubitschek-Ibaneis-Rocha-Mayara-Noronha-Glaucia-Machado-e-Guilherme-Machado-Foto-Mariana-Campos-1024x682.jpg\" alt=\"\" class=\"wp-image-2822\" srcset=\"https:\/\/newblogs.correiobraziliense.com.br\/vivabrasilia\/wp-content\/uploads\/sites\/4\/2024\/11\/Paulo-Octavio-Anna-Christina-Kubitschek-Ibaneis-Rocha-Mayara-Noronha-Glaucia-Machado-e-Guilherme-Machado-Foto-Mariana-Campos-1024x682.jpg 1024w, https:\/\/newblogs.correiobraziliense.com.br\/vivabrasilia\/wp-content\/uploads\/sites\/4\/2024\/11\/Paulo-Octavio-Anna-Christina-Kubitschek-Ibaneis-Rocha-Mayara-Noronha-Glaucia-Machado-e-Guilherme-Machado-Foto-Mariana-Campos-300x200.jpg 300w, https:\/\/newblogs.correiobraziliense.com.br\/vivabrasilia\/wp-content\/uploads\/sites\/4\/2024\/11\/Paulo-Octavio-Anna-Christina-Kubitschek-Ibaneis-Rocha-Mayara-Noronha-Glaucia-Machado-e-Guilherme-Machado-Foto-Mariana-Campos-768x512.jpg 768w, https:\/\/newblogs.correiobraziliense.com.br\/vivabrasilia\/wp-content\/uploads\/sites\/4\/2024\/11\/Paulo-Octavio-Anna-Christina-Kubitschek-Ibaneis-Rocha-Mayara-Noronha-Glaucia-Machado-e-Guilherme-Machado-Foto-Mariana-Campos-1536x1024.jpg 1536w, https:\/\/newblogs.correiobraziliense.com.br\/vivabrasilia\/wp-content\/uploads\/sites\/4\/2024\/11\/Paulo-Octavio-Anna-Christina-Kubitschek-Ibaneis-Rocha-Mayara-Noronha-Glaucia-Machado-e-Guilherme-Machado-Foto-Mariana-Campos.jpg 2000w\" sizes=\"auto, (max-width: 1024px) 100vw, 1024px\" \/><figcaption class=\"wp-element-caption\">Paulo Oct\u00e1vio, Anna Christina Kubitschek, Ibaneis Rocha, Mayara Noronha, Gl\u00e1ucia Machado e Guilherme Machado | Foto: Mariana Campos<\/figcaption><\/figure>\n\n\n\n<figure class=\"wp-block-image size-large\"><img loading=\"lazy\" decoding=\"async\" width=\"1024\" height=\"682\" data-id=\"2808\" src=\"https:\/\/newblogs.correiobraziliense.com.br\/vivabrasilia\/wp-content\/uploads\/sites\/4\/2024\/11\/Felipe-Paula-e-Julia-Belmonte-Foto-Mariana-Campos-1024x682.jpg\" alt=\"\" class=\"wp-image-2808\" srcset=\"https:\/\/newblogs.correiobraziliense.com.br\/vivabrasilia\/wp-content\/uploads\/sites\/4\/2024\/11\/Felipe-Paula-e-Julia-Belmonte-Foto-Mariana-Campos-1024x682.jpg 1024w, https:\/\/newblogs.correiobraziliense.com.br\/vivabrasilia\/wp-content\/uploads\/sites\/4\/2024\/11\/Felipe-Paula-e-Julia-Belmonte-Foto-Mariana-Campos-300x200.jpg 300w, https:\/\/newblogs.correiobraziliense.com.br\/vivabrasilia\/wp-content\/uploads\/sites\/4\/2024\/11\/Felipe-Paula-e-Julia-Belmonte-Foto-Mariana-Campos-768x512.jpg 768w, https:\/\/newblogs.correiobraziliense.com.br\/vivabrasilia\/wp-content\/uploads\/sites\/4\/2024\/11\/Felipe-Paula-e-Julia-Belmonte-Foto-Mariana-Campos-1536x1024.jpg 1536w, https:\/\/newblogs.correiobraziliense.com.br\/vivabrasilia\/wp-content\/uploads\/sites\/4\/2024\/11\/Felipe-Paula-e-Julia-Belmonte-Foto-Mariana-Campos.jpg 2000w\" sizes=\"auto, (max-width: 1024px) 100vw, 1024px\" \/><figcaption class=\"wp-element-caption\">Felipe, Paula e Julia Belmonte | Foto: Mariana Campos<\/figcaption><\/figure>\n\n\n\n<figure class=\"wp-block-image size-large\"><img loading=\"lazy\" decoding=\"async\" width=\"1024\" height=\"682\" data-id=\"2821\" src=\"https:\/\/newblogs.correiobraziliense.com.br\/vivabrasilia\/wp-content\/uploads\/sites\/4\/2024\/11\/Paula-Santana-Anne-Willians-Nelson-Willians-e-Vivianne-Piquet-Foto-Mariana-Campos-1024x682.jpg\" alt=\"\" class=\"wp-image-2821\" srcset=\"https:\/\/newblogs.correiobraziliense.com.br\/vivabrasilia\/wp-content\/uploads\/sites\/4\/2024\/11\/Paula-Santana-Anne-Willians-Nelson-Willians-e-Vivianne-Piquet-Foto-Mariana-Campos-1024x682.jpg 1024w, https:\/\/newblogs.correiobraziliense.com.br\/vivabrasilia\/wp-content\/uploads\/sites\/4\/2024\/11\/Paula-Santana-Anne-Willians-Nelson-Willians-e-Vivianne-Piquet-Foto-Mariana-Campos-300x200.jpg 300w, https:\/\/newblogs.correiobraziliense.com.br\/vivabrasilia\/wp-content\/uploads\/sites\/4\/2024\/11\/Paula-Santana-Anne-Willians-Nelson-Willians-e-Vivianne-Piquet-Foto-Mariana-Campos-768x512.jpg 768w, https:\/\/newblogs.correiobraziliense.com.br\/vivabrasilia\/wp-content\/uploads\/sites\/4\/2024\/11\/Paula-Santana-Anne-Willians-Nelson-Willians-e-Vivianne-Piquet-Foto-Mariana-Campos-1536x1024.jpg 1536w, https:\/\/newblogs.correiobraziliense.com.br\/vivabrasilia\/wp-content\/uploads\/sites\/4\/2024\/11\/Paula-Santana-Anne-Willians-Nelson-Willians-e-Vivianne-Piquet-Foto-Mariana-Campos.jpg 2000w\" sizes=\"auto, (max-width: 1024px) 100vw, 1024px\" \/><figcaption class=\"wp-element-caption\">Paula Santana, Anne Willians, Nelson Willians e Vivianne Piquet | Foto: Mariana Campos<\/figcaption><\/figure>\n\n\n\n<figure class=\"wp-block-image size-large\"><img loading=\"lazy\" decoding=\"async\" width=\"1024\" height=\"682\" data-id=\"2824\" src=\"https:\/\/newblogs.correiobraziliense.com.br\/vivabrasilia\/wp-content\/uploads\/sites\/4\/2024\/11\/Rafael-Badra-Luis-Antonio-Reis-Duda-Reis-Rose-Juca-e-Romero-Juca-Foto-Mariana-Campos-1024x682.jpg\" alt=\"\" class=\"wp-image-2824\" srcset=\"https:\/\/newblogs.correiobraziliense.com.br\/vivabrasilia\/wp-content\/uploads\/sites\/4\/2024\/11\/Rafael-Badra-Luis-Antonio-Reis-Duda-Reis-Rose-Juca-e-Romero-Juca-Foto-Mariana-Campos-1024x682.jpg 1024w, https:\/\/newblogs.correiobraziliense.com.br\/vivabrasilia\/wp-content\/uploads\/sites\/4\/2024\/11\/Rafael-Badra-Luis-Antonio-Reis-Duda-Reis-Rose-Juca-e-Romero-Juca-Foto-Mariana-Campos-300x200.jpg 300w, https:\/\/newblogs.correiobraziliense.com.br\/vivabrasilia\/wp-content\/uploads\/sites\/4\/2024\/11\/Rafael-Badra-Luis-Antonio-Reis-Duda-Reis-Rose-Juca-e-Romero-Juca-Foto-Mariana-Campos-768x512.jpg 768w, https:\/\/newblogs.correiobraziliense.com.br\/vivabrasilia\/wp-content\/uploads\/sites\/4\/2024\/11\/Rafael-Badra-Luis-Antonio-Reis-Duda-Reis-Rose-Juca-e-Romero-Juca-Foto-Mariana-Campos-1536x1024.jpg 1536w, https:\/\/newblogs.correiobraziliense.com.br\/vivabrasilia\/wp-content\/uploads\/sites\/4\/2024\/11\/Rafael-Badra-Luis-Antonio-Reis-Duda-Reis-Rose-Juca-e-Romero-Juca-Foto-Mariana-Campos.jpg 2000w\" sizes=\"auto, (max-width: 1024px) 100vw, 1024px\" \/><figcaption class=\"wp-element-caption\">Rafael Badra, Luis Antonio Reis, Duda Reis, Rose Juc\u00e1 e Romero Juc\u00e1 | Foto: Mariana Campos<\/figcaption><\/figure>\n\n\n\n<figure class=\"wp-block-image size-large\"><img loading=\"lazy\" decoding=\"async\" width=\"1024\" height=\"682\" data-id=\"2803\" src=\"https:\/\/newblogs.correiobraziliense.com.br\/vivabrasilia\/wp-content\/uploads\/sites\/4\/2024\/11\/Andre-Kubitschek-Anna-Christina-Kubitschek-e-Paulo-Octavio-Foto-Mariana-Campos-1024x682.jpg\" alt=\"\" class=\"wp-image-2803\" srcset=\"https:\/\/newblogs.correiobraziliense.com.br\/vivabrasilia\/wp-content\/uploads\/sites\/4\/2024\/11\/Andre-Kubitschek-Anna-Christina-Kubitschek-e-Paulo-Octavio-Foto-Mariana-Campos-1024x682.jpg 1024w, https:\/\/newblogs.correiobraziliense.com.br\/vivabrasilia\/wp-content\/uploads\/sites\/4\/2024\/11\/Andre-Kubitschek-Anna-Christina-Kubitschek-e-Paulo-Octavio-Foto-Mariana-Campos-300x200.jpg 300w, https:\/\/newblogs.correiobraziliense.com.br\/vivabrasilia\/wp-content\/uploads\/sites\/4\/2024\/11\/Andre-Kubitschek-Anna-Christina-Kubitschek-e-Paulo-Octavio-Foto-Mariana-Campos-768x512.jpg 768w, https:\/\/newblogs.correiobraziliense.com.br\/vivabrasilia\/wp-content\/uploads\/sites\/4\/2024\/11\/Andre-Kubitschek-Anna-Christina-Kubitschek-e-Paulo-Octavio-Foto-Mariana-Campos-1536x1024.jpg 1536w, https:\/\/newblogs.correiobraziliense.com.br\/vivabrasilia\/wp-content\/uploads\/sites\/4\/2024\/11\/Andre-Kubitschek-Anna-Christina-Kubitschek-e-Paulo-Octavio-Foto-Mariana-Campos.jpg 2000w\" sizes=\"auto, (max-width: 1024px) 100vw, 1024px\" \/><figcaption class=\"wp-element-caption\">Andr\u00e9 Kubitschek, Anna Christina Kubitschek e Paulo Oct\u00e1vio | Foto: Mariana Campos<\/figcaption><\/figure>\n\n\n\n<figure class=\"wp-block-image size-large\"><img loading=\"lazy\" decoding=\"async\" width=\"1024\" height=\"682\" data-id=\"2810\" src=\"https:\/\/newblogs.correiobraziliense.com.br\/vivabrasilia\/wp-content\/uploads\/sites\/4\/2024\/11\/Glaucia-Machado-e-Guilherme-Machado-Foto-Mariana-Campos-1024x682.jpg\" alt=\"\" class=\"wp-image-2810\" srcset=\"https:\/\/newblogs.correiobraziliense.com.br\/vivabrasilia\/wp-content\/uploads\/sites\/4\/2024\/11\/Glaucia-Machado-e-Guilherme-Machado-Foto-Mariana-Campos-1024x682.jpg 1024w, https:\/\/newblogs.correiobraziliense.com.br\/vivabrasilia\/wp-content\/uploads\/sites\/4\/2024\/11\/Glaucia-Machado-e-Guilherme-Machado-Foto-Mariana-Campos-300x200.jpg 300w, https:\/\/newblogs.correiobraziliense.com.br\/vivabrasilia\/wp-content\/uploads\/sites\/4\/2024\/11\/Glaucia-Machado-e-Guilherme-Machado-Foto-Mariana-Campos-768x512.jpg 768w, https:\/\/newblogs.correiobraziliense.com.br\/vivabrasilia\/wp-content\/uploads\/sites\/4\/2024\/11\/Glaucia-Machado-e-Guilherme-Machado-Foto-Mariana-Campos-1536x1024.jpg 1536w, https:\/\/newblogs.correiobraziliense.com.br\/vivabrasilia\/wp-content\/uploads\/sites\/4\/2024\/11\/Glaucia-Machado-e-Guilherme-Machado-Foto-Mariana-Campos.jpg 2000w\" sizes=\"auto, (max-width: 1024px) 100vw, 1024px\" \/><figcaption class=\"wp-element-caption\">Gl\u00e1ucia Machado e Guilherme Machado | Foto: Mariana Campos<\/figcaption><\/figure>\n\n\n\n<figure class=\"wp-block-image size-large\"><img loading=\"lazy\" decoding=\"async\" width=\"1024\" height=\"682\" data-id=\"2812\" src=\"https:\/\/newblogs.correiobraziliense.com.br\/vivabrasilia\/wp-content\/uploads\/sites\/4\/2024\/11\/Ibaneis-Rocha-e-Mayara-Noronha-Foto-Mariana-Campos-1024x682.jpg\" alt=\"\" class=\"wp-image-2812\" srcset=\"https:\/\/newblogs.correiobraziliense.com.br\/vivabrasilia\/wp-content\/uploads\/sites\/4\/2024\/11\/Ibaneis-Rocha-e-Mayara-Noronha-Foto-Mariana-Campos-1024x682.jpg 1024w, https:\/\/newblogs.correiobraziliense.com.br\/vivabrasilia\/wp-content\/uploads\/sites\/4\/2024\/11\/Ibaneis-Rocha-e-Mayara-Noronha-Foto-Mariana-Campos-300x200.jpg 300w, https:\/\/newblogs.correiobraziliense.com.br\/vivabrasilia\/wp-content\/uploads\/sites\/4\/2024\/11\/Ibaneis-Rocha-e-Mayara-Noronha-Foto-Mariana-Campos-768x512.jpg 768w, https:\/\/newblogs.correiobraziliense.com.br\/vivabrasilia\/wp-content\/uploads\/sites\/4\/2024\/11\/Ibaneis-Rocha-e-Mayara-Noronha-Foto-Mariana-Campos-1536x1024.jpg 1536w, https:\/\/newblogs.correiobraziliense.com.br\/vivabrasilia\/wp-content\/uploads\/sites\/4\/2024\/11\/Ibaneis-Rocha-e-Mayara-Noronha-Foto-Mariana-Campos.jpg 2000w\" sizes=\"auto, (max-width: 1024px) 100vw, 1024px\" \/><figcaption class=\"wp-element-caption\">Ibaneis Rocha e Mayara Noronha | Foto: Mariana Campos<\/figcaption><\/figure>\n\n\n\n<figure class=\"wp-block-image size-large\"><img loading=\"lazy\" decoding=\"async\" width=\"1024\" height=\"682\" data-id=\"2818\" src=\"https:\/\/newblogs.correiobraziliense.com.br\/vivabrasilia\/wp-content\/uploads\/sites\/4\/2024\/11\/Patricia-Vaz-Celina-Leao-Georgia-De-Luca-Agenor-Chaves-Rosana-Esteves-e-Luiz-De-Luca-Foto-Mariana-Campos-1024x682.jpg\" alt=\"\" class=\"wp-image-2818\" srcset=\"https:\/\/newblogs.correiobraziliense.com.br\/vivabrasilia\/wp-content\/uploads\/sites\/4\/2024\/11\/Patricia-Vaz-Celina-Leao-Georgia-De-Luca-Agenor-Chaves-Rosana-Esteves-e-Luiz-De-Luca-Foto-Mariana-Campos-1024x682.jpg 1024w, https:\/\/newblogs.correiobraziliense.com.br\/vivabrasilia\/wp-content\/uploads\/sites\/4\/2024\/11\/Patricia-Vaz-Celina-Leao-Georgia-De-Luca-Agenor-Chaves-Rosana-Esteves-e-Luiz-De-Luca-Foto-Mariana-Campos-300x200.jpg 300w, https:\/\/newblogs.correiobraziliense.com.br\/vivabrasilia\/wp-content\/uploads\/sites\/4\/2024\/11\/Patricia-Vaz-Celina-Leao-Georgia-De-Luca-Agenor-Chaves-Rosana-Esteves-e-Luiz-De-Luca-Foto-Mariana-Campos-768x512.jpg 768w, https:\/\/newblogs.correiobraziliense.com.br\/vivabrasilia\/wp-content\/uploads\/sites\/4\/2024\/11\/Patricia-Vaz-Celina-Leao-Georgia-De-Luca-Agenor-Chaves-Rosana-Esteves-e-Luiz-De-Luca-Foto-Mariana-Campos-1536x1024.jpg 1536w, https:\/\/newblogs.correiobraziliense.com.br\/vivabrasilia\/wp-content\/uploads\/sites\/4\/2024\/11\/Patricia-Vaz-Celina-Leao-Georgia-De-Luca-Agenor-Chaves-Rosana-Esteves-e-Luiz-De-Luca-Foto-Mariana-Campos.jpg 2000w\" sizes=\"auto, (max-width: 1024px) 100vw, 1024px\" \/><figcaption class=\"wp-element-caption\">Patricia Vaz, Celina Le\u00e3o, Georgia De Luca, Agenor Chaves, Rosana Esteves e Luiz De Luca | Foto: Mariana Campos<\/figcaption><\/figure>\n\n\n\n<figure class=\"wp-block-image size-large\"><img loading=\"lazy\" decoding=\"async\" width=\"1024\" height=\"682\" data-id=\"2815\" src=\"https:\/\/newblogs.correiobraziliense.com.br\/vivabrasilia\/wp-content\/uploads\/sites\/4\/2024\/11\/Isabella-Carpaneda-e-Silvia-Braz-Foto-Mariana-Campos-1024x682.jpg\" alt=\"\" class=\"wp-image-2815\" srcset=\"https:\/\/newblogs.correiobraziliense.com.br\/vivabrasilia\/wp-content\/uploads\/sites\/4\/2024\/11\/Isabella-Carpaneda-e-Silvia-Braz-Foto-Mariana-Campos-1024x682.jpg 1024w, https:\/\/newblogs.correiobraziliense.com.br\/vivabrasilia\/wp-content\/uploads\/sites\/4\/2024\/11\/Isabella-Carpaneda-e-Silvia-Braz-Foto-Mariana-Campos-300x200.jpg 300w, https:\/\/newblogs.correiobraziliense.com.br\/vivabrasilia\/wp-content\/uploads\/sites\/4\/2024\/11\/Isabella-Carpaneda-e-Silvia-Braz-Foto-Mariana-Campos-768x512.jpg 768w, https:\/\/newblogs.correiobraziliense.com.br\/vivabrasilia\/wp-content\/uploads\/sites\/4\/2024\/11\/Isabella-Carpaneda-e-Silvia-Braz-Foto-Mariana-Campos-1536x1024.jpg 1536w, https:\/\/newblogs.correiobraziliense.com.br\/vivabrasilia\/wp-content\/uploads\/sites\/4\/2024\/11\/Isabella-Carpaneda-e-Silvia-Braz-Foto-Mariana-Campos.jpg 2000w\" sizes=\"auto, (max-width: 1024px) 100vw, 1024px\" \/><figcaption class=\"wp-element-caption\">Isabella Carpaneda e Silvia Braz | Foto: Mariana Campos<\/figcaption><\/figure>\n\n\n\n<figure class=\"wp-block-image size-large\"><img loading=\"lazy\" decoding=\"async\" width=\"1024\" height=\"682\" data-id=\"2823\" src=\"https:\/\/newblogs.correiobraziliense.com.br\/vivabrasilia\/wp-content\/uploads\/sites\/4\/2024\/11\/Pedro-Pimenta-da-Veiga-Nathalia-Pimenta-da-Veiga-Bella-Salvati-Fernando-Cavalcanti-e-Pablo-Marcelo-Foto-Mariana-Campos-1024x682.jpg\" alt=\"\" class=\"wp-image-2823\" srcset=\"https:\/\/newblogs.correiobraziliense.com.br\/vivabrasilia\/wp-content\/uploads\/sites\/4\/2024\/11\/Pedro-Pimenta-da-Veiga-Nathalia-Pimenta-da-Veiga-Bella-Salvati-Fernando-Cavalcanti-e-Pablo-Marcelo-Foto-Mariana-Campos-1024x682.jpg 1024w, https:\/\/newblogs.correiobraziliense.com.br\/vivabrasilia\/wp-content\/uploads\/sites\/4\/2024\/11\/Pedro-Pimenta-da-Veiga-Nathalia-Pimenta-da-Veiga-Bella-Salvati-Fernando-Cavalcanti-e-Pablo-Marcelo-Foto-Mariana-Campos-300x200.jpg 300w, https:\/\/newblogs.correiobraziliense.com.br\/vivabrasilia\/wp-content\/uploads\/sites\/4\/2024\/11\/Pedro-Pimenta-da-Veiga-Nathalia-Pimenta-da-Veiga-Bella-Salvati-Fernando-Cavalcanti-e-Pablo-Marcelo-Foto-Mariana-Campos-768x512.jpg 768w, https:\/\/newblogs.correiobraziliense.com.br\/vivabrasilia\/wp-content\/uploads\/sites\/4\/2024\/11\/Pedro-Pimenta-da-Veiga-Nathalia-Pimenta-da-Veiga-Bella-Salvati-Fernando-Cavalcanti-e-Pablo-Marcelo-Foto-Mariana-Campos-1536x1024.jpg 1536w, https:\/\/newblogs.correiobraziliense.com.br\/vivabrasilia\/wp-content\/uploads\/sites\/4\/2024\/11\/Pedro-Pimenta-da-Veiga-Nathalia-Pimenta-da-Veiga-Bella-Salvati-Fernando-Cavalcanti-e-Pablo-Marcelo-Foto-Mariana-Campos.jpg 2000w\" sizes=\"auto, (max-width: 1024px) 100vw, 1024px\" \/><figcaption class=\"wp-element-caption\">Pedro Pimenta da Veiga, Nathalia Pimenta da Veiga, Bella Salvati, Fernando Cavalcanti e Pablo Marcelo | Foto: Mariana Campos<\/figcaption><\/figure>\n\n\n\n<figure class=\"wp-block-image size-large\"><img loading=\"lazy\" decoding=\"async\" width=\"1024\" height=\"682\" data-id=\"2816\" src=\"https:\/\/newblogs.correiobraziliense.com.br\/vivabrasilia\/wp-content\/uploads\/sites\/4\/2024\/11\/Isabella-Carpaneda-Luiza-Brunet-e-Bernardeth-Martins-Foto-Mariana-Campos-1024x682.jpg\" alt=\"\" class=\"wp-image-2816\" srcset=\"https:\/\/newblogs.correiobraziliense.com.br\/vivabrasilia\/wp-content\/uploads\/sites\/4\/2024\/11\/Isabella-Carpaneda-Luiza-Brunet-e-Bernardeth-Martins-Foto-Mariana-Campos-1024x682.jpg 1024w, https:\/\/newblogs.correiobraziliense.com.br\/vivabrasilia\/wp-content\/uploads\/sites\/4\/2024\/11\/Isabella-Carpaneda-Luiza-Brunet-e-Bernardeth-Martins-Foto-Mariana-Campos-300x200.jpg 300w, https:\/\/newblogs.correiobraziliense.com.br\/vivabrasilia\/wp-content\/uploads\/sites\/4\/2024\/11\/Isabella-Carpaneda-Luiza-Brunet-e-Bernardeth-Martins-Foto-Mariana-Campos-768x512.jpg 768w, https:\/\/newblogs.correiobraziliense.com.br\/vivabrasilia\/wp-content\/uploads\/sites\/4\/2024\/11\/Isabella-Carpaneda-Luiza-Brunet-e-Bernardeth-Martins-Foto-Mariana-Campos-1536x1024.jpg 1536w, https:\/\/newblogs.correiobraziliense.com.br\/vivabrasilia\/wp-content\/uploads\/sites\/4\/2024\/11\/Isabella-Carpaneda-Luiza-Brunet-e-Bernardeth-Martins-Foto-Mariana-Campos.jpg 2000w\" sizes=\"auto, (max-width: 1024px) 100vw, 1024px\" \/><figcaption class=\"wp-element-caption\">Isabella Carpaneda, Luiza Brunet e Bernardeth Martins | Foto: Mariana Campos<\/figcaption><\/figure>\n\n\n\n<figure class=\"wp-block-image size-large\"><img loading=\"lazy\" decoding=\"async\" width=\"1024\" height=\"682\" data-id=\"2807\" src=\"https:\/\/newblogs.correiobraziliense.com.br\/vivabrasilia\/wp-content\/uploads\/sites\/4\/2024\/11\/Fabiane-e-Claudio-Cohen-Foto-Mariana-Campos-1024x682.jpg\" alt=\"\" class=\"wp-image-2807\" srcset=\"https:\/\/newblogs.correiobraziliense.com.br\/vivabrasilia\/wp-content\/uploads\/sites\/4\/2024\/11\/Fabiane-e-Claudio-Cohen-Foto-Mariana-Campos-1024x682.jpg 1024w, https:\/\/newblogs.correiobraziliense.com.br\/vivabrasilia\/wp-content\/uploads\/sites\/4\/2024\/11\/Fabiane-e-Claudio-Cohen-Foto-Mariana-Campos-300x200.jpg 300w, https:\/\/newblogs.correiobraziliense.com.br\/vivabrasilia\/wp-content\/uploads\/sites\/4\/2024\/11\/Fabiane-e-Claudio-Cohen-Foto-Mariana-Campos-768x512.jpg 768w, https:\/\/newblogs.correiobraziliense.com.br\/vivabrasilia\/wp-content\/uploads\/sites\/4\/2024\/11\/Fabiane-e-Claudio-Cohen-Foto-Mariana-Campos-1536x1024.jpg 1536w, https:\/\/newblogs.correiobraziliense.com.br\/vivabrasilia\/wp-content\/uploads\/sites\/4\/2024\/11\/Fabiane-e-Claudio-Cohen-Foto-Mariana-Campos.jpg 2000w\" sizes=\"auto, (max-width: 1024px) 100vw, 1024px\" \/><figcaption class=\"wp-element-caption\">Fabiane e Cl\u00e1udio Cohen | Foto: Mariana Campos<\/figcaption><\/figure>\n\n\n\n<figure class=\"wp-block-image size-large\"><img loading=\"lazy\" decoding=\"async\" width=\"1024\" height=\"682\" data-id=\"2809\" src=\"https:\/\/newblogs.correiobraziliense.com.br\/vivabrasilia\/wp-content\/uploads\/sites\/4\/2024\/11\/Fernanda-Adriano-Marina-Slaviero-Anna-Christina-Kubitschek-e-Lilian-Lima-Foto-Mariana-Campos-1024x682.jpg\" alt=\"\" class=\"wp-image-2809\" srcset=\"https:\/\/newblogs.correiobraziliense.com.br\/vivabrasilia\/wp-content\/uploads\/sites\/4\/2024\/11\/Fernanda-Adriano-Marina-Slaviero-Anna-Christina-Kubitschek-e-Lilian-Lima-Foto-Mariana-Campos-1024x682.jpg 1024w, https:\/\/newblogs.correiobraziliense.com.br\/vivabrasilia\/wp-content\/uploads\/sites\/4\/2024\/11\/Fernanda-Adriano-Marina-Slaviero-Anna-Christina-Kubitschek-e-Lilian-Lima-Foto-Mariana-Campos-300x200.jpg 300w, https:\/\/newblogs.correiobraziliense.com.br\/vivabrasilia\/wp-content\/uploads\/sites\/4\/2024\/11\/Fernanda-Adriano-Marina-Slaviero-Anna-Christina-Kubitschek-e-Lilian-Lima-Foto-Mariana-Campos-768x512.jpg 768w, https:\/\/newblogs.correiobraziliense.com.br\/vivabrasilia\/wp-content\/uploads\/sites\/4\/2024\/11\/Fernanda-Adriano-Marina-Slaviero-Anna-Christina-Kubitschek-e-Lilian-Lima-Foto-Mariana-Campos-1536x1024.jpg 1536w, https:\/\/newblogs.correiobraziliense.com.br\/vivabrasilia\/wp-content\/uploads\/sites\/4\/2024\/11\/Fernanda-Adriano-Marina-Slaviero-Anna-Christina-Kubitschek-e-Lilian-Lima-Foto-Mariana-Campos.jpg 2000w\" sizes=\"auto, (max-width: 1024px) 100vw, 1024px\" \/><figcaption class=\"wp-element-caption\">Fernanda Adriano, Marina Slaviero, Anna Christina Kubitschek e Lilian Lima | Foto: Mariana Campos<\/figcaption><\/figure>\n\n\n\n<figure class=\"wp-block-image size-large\"><img loading=\"lazy\" decoding=\"async\" width=\"1024\" height=\"682\" data-id=\"2817\" src=\"https:\/\/newblogs.correiobraziliense.com.br\/vivabrasilia\/wp-content\/uploads\/sites\/4\/2024\/11\/Maria-Da-Graca-Miziara-Fabiano-Cunha-Campos-Luciana-Cunha-Campos-Adriana-Medeiros-Gui-Siqueira-e-Marina-Slaviero-Foto-Mariana-Campos-1024x682.jpg\" alt=\"\" class=\"wp-image-2817\" srcset=\"https:\/\/newblogs.correiobraziliense.com.br\/vivabrasilia\/wp-content\/uploads\/sites\/4\/2024\/11\/Maria-Da-Graca-Miziara-Fabiano-Cunha-Campos-Luciana-Cunha-Campos-Adriana-Medeiros-Gui-Siqueira-e-Marina-Slaviero-Foto-Mariana-Campos-1024x682.jpg 1024w, https:\/\/newblogs.correiobraziliense.com.br\/vivabrasilia\/wp-content\/uploads\/sites\/4\/2024\/11\/Maria-Da-Graca-Miziara-Fabiano-Cunha-Campos-Luciana-Cunha-Campos-Adriana-Medeiros-Gui-Siqueira-e-Marina-Slaviero-Foto-Mariana-Campos-300x200.jpg 300w, https:\/\/newblogs.correiobraziliense.com.br\/vivabrasilia\/wp-content\/uploads\/sites\/4\/2024\/11\/Maria-Da-Graca-Miziara-Fabiano-Cunha-Campos-Luciana-Cunha-Campos-Adriana-Medeiros-Gui-Siqueira-e-Marina-Slaviero-Foto-Mariana-Campos-768x512.jpg 768w, https:\/\/newblogs.correiobraziliense.com.br\/vivabrasilia\/wp-content\/uploads\/sites\/4\/2024\/11\/Maria-Da-Graca-Miziara-Fabiano-Cunha-Campos-Luciana-Cunha-Campos-Adriana-Medeiros-Gui-Siqueira-e-Marina-Slaviero-Foto-Mariana-Campos-1536x1024.jpg 1536w, https:\/\/newblogs.correiobraziliense.com.br\/vivabrasilia\/wp-content\/uploads\/sites\/4\/2024\/11\/Maria-Da-Graca-Miziara-Fabiano-Cunha-Campos-Luciana-Cunha-Campos-Adriana-Medeiros-Gui-Siqueira-e-Marina-Slaviero-Foto-Mariana-Campos.jpg 2000w\" sizes=\"auto, (max-width: 1024px) 100vw, 1024px\" \/><figcaption class=\"wp-element-caption\">Maria Da Gra\u00e7a Miziara, Fabiano Cunha Campos, Luciana Cunha Campos, Adriana Medeiros, Gui Siqueira e Marina Slaviero | Foto: Mariana Campos<\/figcaption><\/figure>\n\n\n\n<figure class=\"wp-block-image size-large\"><img loading=\"lazy\" decoding=\"async\" width=\"1024\" height=\"682\" data-id=\"2811\" src=\"https:\/\/newblogs.correiobraziliense.com.br\/vivabrasilia\/wp-content\/uploads\/sites\/4\/2024\/11\/Gui-Siqueira-e-Beto-Pacheco-Foto-Mariana-Campos-1024x682.jpg\" alt=\"\" class=\"wp-image-2811\" srcset=\"https:\/\/newblogs.correiobraziliense.com.br\/vivabrasilia\/wp-content\/uploads\/sites\/4\/2024\/11\/Gui-Siqueira-e-Beto-Pacheco-Foto-Mariana-Campos-1024x682.jpg 1024w, https:\/\/newblogs.correiobraziliense.com.br\/vivabrasilia\/wp-content\/uploads\/sites\/4\/2024\/11\/Gui-Siqueira-e-Beto-Pacheco-Foto-Mariana-Campos-300x200.jpg 300w, https:\/\/newblogs.correiobraziliense.com.br\/vivabrasilia\/wp-content\/uploads\/sites\/4\/2024\/11\/Gui-Siqueira-e-Beto-Pacheco-Foto-Mariana-Campos-768x512.jpg 768w, https:\/\/newblogs.correiobraziliense.com.br\/vivabrasilia\/wp-content\/uploads\/sites\/4\/2024\/11\/Gui-Siqueira-e-Beto-Pacheco-Foto-Mariana-Campos-1536x1024.jpg 1536w, https:\/\/newblogs.correiobraziliense.com.br\/vivabrasilia\/wp-content\/uploads\/sites\/4\/2024\/11\/Gui-Siqueira-e-Beto-Pacheco-Foto-Mariana-Campos.jpg 2000w\" sizes=\"auto, (max-width: 1024px) 100vw, 1024px\" \/><figcaption class=\"wp-element-caption\">Gui Siqueira e Beto Pacheco | Foto: Mariana Campos<\/figcaption><\/figure>\n\n\n\n<figure class=\"wp-block-image size-large\"><img loading=\"lazy\" decoding=\"async\" width=\"1024\" height=\"682\" data-id=\"2819\" src=\"https:\/\/newblogs.correiobraziliense.com.br\/vivabrasilia\/wp-content\/uploads\/sites\/4\/2024\/11\/Paula-Carata-Fernanda-Adriano-e-Anna-Christina-Kubitschek-Foto-Mariana-Campos-1024x682.jpg\" alt=\"\" class=\"wp-image-2819\" srcset=\"https:\/\/newblogs.correiobraziliense.com.br\/vivabrasilia\/wp-content\/uploads\/sites\/4\/2024\/11\/Paula-Carata-Fernanda-Adriano-e-Anna-Christina-Kubitschek-Foto-Mariana-Campos-1024x682.jpg 1024w, https:\/\/newblogs.correiobraziliense.com.br\/vivabrasilia\/wp-content\/uploads\/sites\/4\/2024\/11\/Paula-Carata-Fernanda-Adriano-e-Anna-Christina-Kubitschek-Foto-Mariana-Campos-300x200.jpg 300w, https:\/\/newblogs.correiobraziliense.com.br\/vivabrasilia\/wp-content\/uploads\/sites\/4\/2024\/11\/Paula-Carata-Fernanda-Adriano-e-Anna-Christina-Kubitschek-Foto-Mariana-Campos-768x512.jpg 768w, https:\/\/newblogs.correiobraziliense.com.br\/vivabrasilia\/wp-content\/uploads\/sites\/4\/2024\/11\/Paula-Carata-Fernanda-Adriano-e-Anna-Christina-Kubitschek-Foto-Mariana-Campos-1536x1024.jpg 1536w, https:\/\/newblogs.correiobraziliense.com.br\/vivabrasilia\/wp-content\/uploads\/sites\/4\/2024\/11\/Paula-Carata-Fernanda-Adriano-e-Anna-Christina-Kubitschek-Foto-Mariana-Campos.jpg 2000w\" sizes=\"auto, (max-width: 1024px) 100vw, 1024px\" \/><figcaption class=\"wp-element-caption\">Paula Carata, Fernanda Adriano e Anna Christina Kubitschek | Foto: Mariana Campos<\/figcaption><\/figure>\n\n\n\n<figure class=\"wp-block-image size-large\"><img loading=\"lazy\" decoding=\"async\" width=\"1024\" height=\"682\" data-id=\"2804\" src=\"https:\/\/newblogs.correiobraziliense.com.br\/vivabrasilia\/wp-content\/uploads\/sites\/4\/2024\/11\/Andreia-Salles-e-Caio-Barbieri-Foto-Mariana-Campos-1024x682.jpg\" alt=\"\" class=\"wp-image-2804\" srcset=\"https:\/\/newblogs.correiobraziliense.com.br\/vivabrasilia\/wp-content\/uploads\/sites\/4\/2024\/11\/Andreia-Salles-e-Caio-Barbieri-Foto-Mariana-Campos-1024x682.jpg 1024w, https:\/\/newblogs.correiobraziliense.com.br\/vivabrasilia\/wp-content\/uploads\/sites\/4\/2024\/11\/Andreia-Salles-e-Caio-Barbieri-Foto-Mariana-Campos-300x200.jpg 300w, https:\/\/newblogs.correiobraziliense.com.br\/vivabrasilia\/wp-content\/uploads\/sites\/4\/2024\/11\/Andreia-Salles-e-Caio-Barbieri-Foto-Mariana-Campos-768x512.jpg 768w, https:\/\/newblogs.correiobraziliense.com.br\/vivabrasilia\/wp-content\/uploads\/sites\/4\/2024\/11\/Andreia-Salles-e-Caio-Barbieri-Foto-Mariana-Campos-1536x1024.jpg 1536w, https:\/\/newblogs.correiobraziliense.com.br\/vivabrasilia\/wp-content\/uploads\/sites\/4\/2024\/11\/Andreia-Salles-e-Caio-Barbieri-Foto-Mariana-Campos.jpg 2000w\" sizes=\"auto, (max-width: 1024px) 100vw, 1024px\" \/><figcaption class=\"wp-element-caption\">Andreia Salles e Caio Barbieri | Foto: Mariana Campos<\/figcaption><\/figure>\n\n\n\n<figure class=\"wp-block-image size-large\"><img loading=\"lazy\" decoding=\"async\" width=\"1024\" height=\"682\" data-id=\"2820\" src=\"https:\/\/newblogs.correiobraziliense.com.br\/vivabrasilia\/wp-content\/uploads\/sites\/4\/2024\/11\/Paula-Santana-e-Beto-Pacheco-Foto-Mariana-Campos-1024x682.jpg\" alt=\"\" class=\"wp-image-2820\" srcset=\"https:\/\/newblogs.correiobraziliense.com.br\/vivabrasilia\/wp-content\/uploads\/sites\/4\/2024\/11\/Paula-Santana-e-Beto-Pacheco-Foto-Mariana-Campos-1024x682.jpg 1024w, https:\/\/newblogs.correiobraziliense.com.br\/vivabrasilia\/wp-content\/uploads\/sites\/4\/2024\/11\/Paula-Santana-e-Beto-Pacheco-Foto-Mariana-Campos-300x200.jpg 300w, https:\/\/newblogs.correiobraziliense.com.br\/vivabrasilia\/wp-content\/uploads\/sites\/4\/2024\/11\/Paula-Santana-e-Beto-Pacheco-Foto-Mariana-Campos-768x512.jpg 768w, https:\/\/newblogs.correiobraziliense.com.br\/vivabrasilia\/wp-content\/uploads\/sites\/4\/2024\/11\/Paula-Santana-e-Beto-Pacheco-Foto-Mariana-Campos-1536x1024.jpg 1536w, https:\/\/newblogs.correiobraziliense.com.br\/vivabrasilia\/wp-content\/uploads\/sites\/4\/2024\/11\/Paula-Santana-e-Beto-Pacheco-Foto-Mariana-Campos.jpg 2000w\" sizes=\"auto, (max-width: 1024px) 100vw, 1024px\" \/><figcaption class=\"wp-element-caption\">Paula Santana e Beto Pacheco | Foto: Mariana Campos<\/figcaption><\/figure>\n\n\n\n<figure class=\"wp-block-image size-large\"><img loading=\"lazy\" decoding=\"async\" width=\"1024\" height=\"682\" data-id=\"2805\" src=\"https:\/\/newblogs.correiobraziliense.com.br\/vivabrasilia\/wp-content\/uploads\/sites\/4\/2024\/11\/Anna-Christina-Kubitschek-e-Paulo-Octavio-Foto-Mariana-Campos-1024x682.jpg\" alt=\"\" class=\"wp-image-2805\" srcset=\"https:\/\/newblogs.correiobraziliense.com.br\/vivabrasilia\/wp-content\/uploads\/sites\/4\/2024\/11\/Anna-Christina-Kubitschek-e-Paulo-Octavio-Foto-Mariana-Campos-1024x682.jpg 1024w, https:\/\/newblogs.correiobraziliense.com.br\/vivabrasilia\/wp-content\/uploads\/sites\/4\/2024\/11\/Anna-Christina-Kubitschek-e-Paulo-Octavio-Foto-Mariana-Campos-300x200.jpg 300w, https:\/\/newblogs.correiobraziliense.com.br\/vivabrasilia\/wp-content\/uploads\/sites\/4\/2024\/11\/Anna-Christina-Kubitschek-e-Paulo-Octavio-Foto-Mariana-Campos-768x512.jpg 768w, https:\/\/newblogs.correiobraziliense.com.br\/vivabrasilia\/wp-content\/uploads\/sites\/4\/2024\/11\/Anna-Christina-Kubitschek-e-Paulo-Octavio-Foto-Mariana-Campos-1536x1024.jpg 1536w, https:\/\/newblogs.correiobraziliense.com.br\/vivabrasilia\/wp-content\/uploads\/sites\/4\/2024\/11\/Anna-Christina-Kubitschek-e-Paulo-Octavio-Foto-Mariana-Campos.jpg 2000w\" sizes=\"auto, (max-width: 1024px) 100vw, 1024px\" \/><figcaption class=\"wp-element-caption\">Anna Christina Kubitschek e Paulo Oct\u00e1vio | Foto: Mariana Campos<\/figcaption><\/figure>\n\n\n\n<figure class=\"wp-block-image size-large\"><img loading=\"lazy\" decoding=\"async\" width=\"1024\" height=\"682\" data-id=\"2806\" src=\"https:\/\/newblogs.correiobraziliense.com.br\/vivabrasilia\/wp-content\/uploads\/sites\/4\/2024\/11\/Beto-Pacheco-e-Vivianne-Piquet-Foto-Mariana-Campos-1024x682.jpg\" alt=\"\" class=\"wp-image-2806\" srcset=\"https:\/\/newblogs.correiobraziliense.com.br\/vivabrasilia\/wp-content\/uploads\/sites\/4\/2024\/11\/Beto-Pacheco-e-Vivianne-Piquet-Foto-Mariana-Campos-1024x682.jpg 1024w, https:\/\/newblogs.correiobraziliense.com.br\/vivabrasilia\/wp-content\/uploads\/sites\/4\/2024\/11\/Beto-Pacheco-e-Vivianne-Piquet-Foto-Mariana-Campos-300x200.jpg 300w, https:\/\/newblogs.correiobraziliense.com.br\/vivabrasilia\/wp-content\/uploads\/sites\/4\/2024\/11\/Beto-Pacheco-e-Vivianne-Piquet-Foto-Mariana-Campos-768x512.jpg 768w, https:\/\/newblogs.correiobraziliense.com.br\/vivabrasilia\/wp-content\/uploads\/sites\/4\/2024\/11\/Beto-Pacheco-e-Vivianne-Piquet-Foto-Mariana-Campos-1536x1024.jpg 1536w, https:\/\/newblogs.correiobraziliense.com.br\/vivabrasilia\/wp-content\/uploads\/sites\/4\/2024\/11\/Beto-Pacheco-e-Vivianne-Piquet-Foto-Mariana-Campos.jpg 2000w\" sizes=\"auto, (max-width: 1024px) 100vw, 1024px\" \/><figcaption class=\"wp-element-caption\">Beto Pacheco e Vivianne Piquet | Foto: Mariana Campos<\/figcaption><\/figure>\n\n\n\n<figure class=\"wp-block-image size-large\"><img loading=\"lazy\" decoding=\"async\" width=\"1024\" height=\"682\" data-id=\"2802\" src=\"https:\/\/newblogs.correiobraziliense.com.br\/vivabrasilia\/wp-content\/uploads\/sites\/4\/2024\/11\/A-dupla-sertaneja-Fernando-e-Sorocaba-Foto-Mariana-Campos-1024x682.jpg\" alt=\"\" class=\"wp-image-2802\" srcset=\"https:\/\/newblogs.correiobraziliense.com.br\/vivabrasilia\/wp-content\/uploads\/sites\/4\/2024\/11\/A-dupla-sertaneja-Fernando-e-Sorocaba-Foto-Mariana-Campos-1024x682.jpg 1024w, https:\/\/newblogs.correiobraziliense.com.br\/vivabrasilia\/wp-content\/uploads\/sites\/4\/2024\/11\/A-dupla-sertaneja-Fernando-e-Sorocaba-Foto-Mariana-Campos-300x200.jpg 300w, https:\/\/newblogs.correiobraziliense.com.br\/vivabrasilia\/wp-content\/uploads\/sites\/4\/2024\/11\/A-dupla-sertaneja-Fernando-e-Sorocaba-Foto-Mariana-Campos-768x512.jpg 768w, https:\/\/newblogs.correiobraziliense.com.br\/vivabrasilia\/wp-content\/uploads\/sites\/4\/2024\/11\/A-dupla-sertaneja-Fernando-e-Sorocaba-Foto-Mariana-Campos-1536x1024.jpg 1536w, https:\/\/newblogs.correiobraziliense.com.br\/vivabrasilia\/wp-content\/uploads\/sites\/4\/2024\/11\/A-dupla-sertaneja-Fernando-e-Sorocaba-Foto-Mariana-Campos.jpg 2000w\" sizes=\"auto, (max-width: 1024px) 100vw, 1024px\" \/><figcaption class=\"wp-element-caption\">A dupla sertaneja Fernando e Sorocaba | Foto: Mariana Campos<\/figcaption><\/figure>\n<\/figure>\n<\/div>\n\t\t\t<div class=\"slider-nav\">\n\t\t\t\t<button class=\"prev\">\n\t\t\t\t<svg xmlns=\"http:\/\/www.w3.org\/2000\/svg\" width=\"26\" height=\"45\" viewBox=\"0 0 26 45\" fill=\"none\">\n\t\t\t\t<path d=\"M24.9118 0.990519C25.5461 1.62494 25.9023 2.48528 25.9023 3.38235C25.9023 4.27943 25.5461 5.13977 24.9118 5.77419L8.16559 22.5204L24.9118 39.2667C25.5281 39.9047 25.8691 40.7593 25.8614 41.6463C25.8537 42.5334 25.4979 43.3819 24.8706 44.0091C24.2434 44.6364 23.3948 44.9922 22.5078 44.9999C21.6208 45.0076 20.7662 44.6666 20.1282 44.0503L0.990082 24.9123C0.355853 24.2778 -0.000438023 23.4175 -0.000438023 22.5204C-0.000438023 21.6234 0.355853 20.763 0.990082 20.1286L20.1282 0.990519C20.7626 0.35629 21.6229 0 22.52 0C23.4171 0 24.2774 0.35629 24.9118 0.990519Z\" fill=\"white\" fill-opacity=\"0.7\"><\/path>\n\t\t\t\t<\/svg>\n\t\t\t\t<\/button>\n\t\t\t\t<button class=\"next\">\n\t\t\t\t<svg xmlns=\"http:\/\/www.w3.org\/2000\/svg\" width=\"26\" height=\"45\" viewBox=\"0 0 26 45\" fill=\"none\">\n\t\t\t\t<path d=\"M0.99052 0.990519C0.356291 1.62494 0 2.48528 0 3.38235C0 4.27943 0.356291 5.13977 0.99052 5.77419L17.7368 22.5204L0.99052 39.2667C0.374265 39.9047 0.0332682 40.7593 0.0409763 41.6463C0.0486844 42.5334 0.40448 43.3819 1.03173 44.0091C1.65898 44.6364 2.5075 44.9922 3.39453 44.9999C4.28156 45.0076 5.13613 44.6666 5.77419 44.0503L24.9123 24.9123C25.5465 24.2778 25.9028 23.4175 25.9028 22.5204C25.9028 21.6234 25.5465 20.763 24.9123 20.1286L5.77419 0.990519C5.13977 0.35629 4.27943 0 3.38235 0C2.48528 0 1.62494 0.35629 0.99052 0.990519Z\" fill=\"white\" fill-opacity=\"0.7\"><\/path>\n\t\t\t\t<\/svg>\n\t\t\t\t<\/button>\n\t\t\t<\/div>\n\t\t\t<div class=\"slider-dots\"><\/div>\n\t\t\t<\/div>","protected":false},"excerpt":{"rendered":"<p>O evento contou com a presen\u00e7a de 300 brasilienses e arrecadou cerca de 947 mil, que ser\u00e3o doados para institui\u00e7\u00f5es de caridade<\/p>\n","protected":false},"author":7,"featured_media":2801,"comment_status":"closed","ping_status":"open","sticky":false,"template":"","format":"standard","meta":{"_acf_changed":false,"inline_featured_image":false,"footnotes":""},"categories":[69],"tags":[764,762,752,753,763,765],"class_list":["post-2800","post","type-post","status-publish","format-standard","has-post-thumbnail","hentry","category-shows-e-festas","tag-festa-beneficente","tag-gala","tag-gala-gps","tag-gps-foundation","tag-gps-lifetime","tag-instituicoes-de-caridade"],"acf":[],"yoast_head":"<!-- This site is optimized with the Yoast SEO plugin v27.3 - https:\/\/yoast.com\/product\/yoast-seo-wordpress\/ -->\n<title>GALA da GPS|Foundation re\u00fane convidados em festa beneficente - Viva Bras\u00edlia<\/title>\n<meta name=\"description\" content=\"O evento contou com a presen\u00e7a de 300 brasilienses e arrecadou cerca de 947 mil, que ser\u00e3o doados para institui\u00e7\u00f5es de caridade\" \/>\n<meta name=\"robots\" content=\"index, follow, max-snippet:-1, max-image-preview:large, max-video-preview:-1\" \/>\n<link rel=\"canonical\" href=\"https:\/\/newblogs.correiobraziliense.com.br\/vivabrasilia\/gala-da-gpsfoundation-reune-convidados-em-festa-beneficente\/\" \/>\n<meta property=\"og:locale\" content=\"pt_BR\" \/>\n<meta property=\"og:type\" content=\"article\" \/>\n<meta property=\"og:title\" content=\"GALA da GPS|Foundation re\u00fane convidados em festa beneficente - Viva Bras\u00edlia\" \/>\n<meta property=\"og:description\" content=\"O evento contou com a presen\u00e7a de 300 brasilienses e arrecadou cerca de 947 mil, que ser\u00e3o doados para institui\u00e7\u00f5es de caridade\" \/>\n<meta property=\"og:url\" content=\"https:\/\/newblogs.correiobraziliense.com.br\/vivabrasilia\/gala-da-gpsfoundation-reune-convidados-em-festa-beneficente\/\" \/>\n<meta property=\"og:site_name\" content=\"Viva Bras\u00edlia\" \/>\n<meta property=\"article:published_time\" content=\"2024-11-08T03:16:33+00:00\" \/>\n<meta property=\"article:modified_time\" content=\"2024-11-14T02:23:39+00:00\" \/>\n<meta property=\"og:image\" content=\"https:\/\/newblogs.correiobraziliense.com.br\/vivabrasilia\/wp-content\/uploads\/sites\/4\/2024\/11\/IMG_1914.jpg\" \/>\n\t<meta property=\"og:image:width\" content=\"2000\" \/>\n\t<meta property=\"og:image:height\" content=\"1333\" \/>\n\t<meta property=\"og:image:type\" content=\"image\/jpeg\" \/>\n<meta name=\"author\" content=\"Mariana Campos\" \/>\n<!-- \/ Yoast SEO plugin. -->","yoast_head_json":{"title":"GALA da GPS|Foundation re\u00fane convidados em festa beneficente - Viva Bras\u00edlia","description":"O evento contou com a presen\u00e7a de 300 brasilienses e arrecadou cerca de 947 mil, que ser\u00e3o doados para institui\u00e7\u00f5es de caridade","robots":{"index":"index","follow":"follow","max-snippet":"max-snippet:-1","max-image-preview":"max-image-preview:large","max-video-preview":"max-video-preview:-1"},"canonical":"https:\/\/newblogs.correiobraziliense.com.br\/vivabrasilia\/gala-da-gpsfoundation-reune-convidados-em-festa-beneficente\/","og_locale":"pt_BR","og_type":"article","og_title":"GALA da GPS|Foundation re\u00fane convidados em festa beneficente - Viva Bras\u00edlia","og_description":"O evento contou com a presen\u00e7a de 300 brasilienses e arrecadou cerca de 947 mil, que ser\u00e3o doados para institui\u00e7\u00f5es de caridade","og_url":"https:\/\/newblogs.correiobraziliense.com.br\/vivabrasilia\/gala-da-gpsfoundation-reune-convidados-em-festa-beneficente\/","og_site_name":"Viva Bras\u00edlia","article_published_time":"2024-11-08T03:16:33+00:00","article_modified_time":"2024-11-14T02:23:39+00:00","og_image":[{"width":2000,"height":1333,"url":"https:\/\/newblogs.correiobraziliense.com.br\/vivabrasilia\/wp-content\/uploads\/sites\/4\/2024\/11\/IMG_1914.jpg","type":"image\/jpeg"}],"author":"Mariana Campos","schema":{"@context":"https:\/\/schema.org","@graph":[{"@type":"Article","@id":"https:\/\/newblogs.correiobraziliense.com.br\/vivabrasilia\/gala-da-gpsfoundation-reune-convidados-em-festa-beneficente\/#article","isPartOf":{"@id":"https:\/\/newblogs.correiobraziliense.com.br\/vivabrasilia\/gala-da-gpsfoundation-reune-convidados-em-festa-beneficente\/"},"author":{"name":"Mariana Campos","@id":"https:\/\/newblogs.correiobraziliense.com.br\/vivabrasilia\/#\/schema\/person\/018c75775aaa6ead74dde48a78ac7fa1"},"headline":"GALA da GPS|Foundation re\u00fane convidados em festa beneficente","datePublished":"2024-11-08T03:16:33+00:00","dateModified":"2024-11-14T02:23:39+00:00","mainEntityOfPage":{"@id":"https:\/\/newblogs.correiobraziliense.com.br\/vivabrasilia\/gala-da-gpsfoundation-reune-convidados-em-festa-beneficente\/"},"wordCount":478,"image":{"@id":"https:\/\/newblogs.correiobraziliense.com.br\/vivabrasilia\/gala-da-gpsfoundation-reune-convidados-em-festa-beneficente\/#primaryimage"},"thumbnailUrl":"https:\/\/newblogs.correiobraziliense.com.br\/vivabrasilia\/wp-content\/uploads\/sites\/4\/2024\/11\/IMG_1914.jpg","keywords":["Festa beneficente","GALA","GALA Gps","GPS Foundation","GPS Lifetime","Institui\u00e7\u00f5es de caridade"],"articleSection":["Shows e festas"],"inLanguage":"pt-BR"},{"@type":"WebPage","@id":"https:\/\/newblogs.correiobraziliense.com.br\/vivabrasilia\/gala-da-gpsfoundation-reune-convidados-em-festa-beneficente\/","url":"https:\/\/newblogs.correiobraziliense.com.br\/vivabrasilia\/gala-da-gpsfoundation-reune-convidados-em-festa-beneficente\/","name":"GALA da GPS|Foundation re\u00fane convidados em festa beneficente - Viva Bras\u00edlia","isPartOf":{"@id":"https:\/\/newblogs.correiobraziliense.com.br\/vivabrasilia\/#website"},"primaryImageOfPage":{"@id":"https:\/\/newblogs.correiobraziliense.com.br\/vivabrasilia\/gala-da-gpsfoundation-reune-convidados-em-festa-beneficente\/#primaryimage"},"image":{"@id":"https:\/\/newblogs.correiobraziliense.com.br\/vivabrasilia\/gala-da-gpsfoundation-reune-convidados-em-festa-beneficente\/#primaryimage"},"thumbnailUrl":"https:\/\/newblogs.correiobraziliense.com.br\/vivabrasilia\/wp-content\/uploads\/sites\/4\/2024\/11\/IMG_1914.jpg","datePublished":"2024-11-08T03:16:33+00:00","dateModified":"2024-11-14T02:23:39+00:00","author":{"@id":"https:\/\/newblogs.correiobraziliense.com.br\/vivabrasilia\/#\/schema\/person\/018c75775aaa6ead74dde48a78ac7fa1"},"description":"O evento contou com a presen\u00e7a de 300 brasilienses e arrecadou cerca de 947 mil, que ser\u00e3o doados para institui\u00e7\u00f5es de caridade","breadcrumb":{"@id":"https:\/\/newblogs.correiobraziliense.com.br\/vivabrasilia\/gala-da-gpsfoundation-reune-convidados-em-festa-beneficente\/#breadcrumb"},"inLanguage":"pt-BR","potentialAction":[{"@type":"ReadAction","target":["https:\/\/newblogs.correiobraziliense.com.br\/vivabrasilia\/gala-da-gpsfoundation-reune-convidados-em-festa-beneficente\/"]}]},{"@type":"ImageObject","inLanguage":"pt-BR","@id":"https:\/\/newblogs.correiobraziliense.com.br\/vivabrasilia\/gala-da-gpsfoundation-reune-convidados-em-festa-beneficente\/#primaryimage","url":"https:\/\/newblogs.correiobraziliense.com.br\/vivabrasilia\/wp-content\/uploads\/sites\/4\/2024\/11\/IMG_1914.jpg","contentUrl":"https:\/\/newblogs.correiobraziliense.com.br\/vivabrasilia\/wp-content\/uploads\/sites\/4\/2024\/11\/IMG_1914.jpg","width":2000,"height":1333,"caption":"Os jornalistas Paula Santana e Caio Barbieri foram os respons\u00e1veis pelo cerimonial da festa | Foto: Mariana Campos"},{"@type":"BreadcrumbList","@id":"https:\/\/newblogs.correiobraziliense.com.br\/vivabrasilia\/gala-da-gpsfoundation-reune-convidados-em-festa-beneficente\/#breadcrumb","itemListElement":[{"@type":"ListItem","position":1,"name":"In\u00edcio","item":"https:\/\/newblogs.correiobraziliense.com.br\/vivabrasilia\/"},{"@type":"ListItem","position":2,"name":"GALA da GPS|Foundation re\u00fane convidados em festa beneficente"}]},{"@type":"WebSite","@id":"https:\/\/newblogs.correiobraziliense.com.br\/vivabrasilia\/#website","url":"https:\/\/newblogs.correiobraziliense.com.br\/vivabrasilia\/","name":"Viva Bras\u00edlia","description":"Coluna de estilo de vida","potentialAction":[{"@type":"SearchAction","target":{"@type":"EntryPoint","urlTemplate":"https:\/\/newblogs.correiobraziliense.com.br\/vivabrasilia\/?s={search_term_string}"},"query-input":{"@type":"PropertyValueSpecification","valueRequired":true,"valueName":"search_term_string"}}],"inLanguage":"pt-BR"},{"@type":"Person","@id":"https:\/\/newblogs.correiobraziliense.com.br\/vivabrasilia\/#\/schema\/person\/018c75775aaa6ead74dde48a78ac7fa1","name":"Mariana Campos","image":{"@type":"ImageObject","inLanguage":"pt-BR","@id":"https:\/\/secure.gravatar.com\/avatar\/97cd13271bc36c11415a45e9f8192828452de6a8c0e24857edbf96d21752260f?s=96&d=mm&r=g","url":"https:\/\/secure.gravatar.com\/avatar\/97cd13271bc36c11415a45e9f8192828452de6a8c0e24857edbf96d21752260f?s=96&d=mm&r=g","contentUrl":"https:\/\/secure.gravatar.com\/avatar\/97cd13271bc36c11415a45e9f8192828452de6a8c0e24857edbf96d21752260f?s=96&d=mm&r=g","caption":"Mariana Campos"},"description":"Colunista da Viva Bras\u00edlia, Mariana escreve e fotografa para a coluna. Formada em Comunica\u00e7\u00e3o, aprofundou-se no jornalismo e agora une a escrita com a fotografia para mostrar que a capital \u00e9 uma cidade viva que n\u00e3o se resume ao poder. Tamb\u00e9m faz a cobertura de moda para seu blog, Pliss\u00ea, e para as redes sociais do Correio.","sameAs":["http:\/\/newblogs.correiobraziliense.com\/plisse","https:\/\/www.instagram.com\/marigrigori"],"url":"https:\/\/newblogs.correiobraziliense.com.br\/vivabrasilia\/author\/marivivabrasilia\/"}]}},"_links":{"self":[{"href":"https:\/\/newblogs.correiobraziliense.com.br\/vivabrasilia\/wp-json\/wp\/v2\/posts\/2800","targetHints":{"allow":["GET"]}}],"collection":[{"href":"https:\/\/newblogs.correiobraziliense.com.br\/vivabrasilia\/wp-json\/wp\/v2\/posts"}],"about":[{"href":"https:\/\/newblogs.correiobraziliense.com.br\/vivabrasilia\/wp-json\/wp\/v2\/types\/post"}],"author":[{"embeddable":true,"href":"https:\/\/newblogs.correiobraziliense.com.br\/vivabrasilia\/wp-json\/wp\/v2\/users\/7"}],"replies":[{"embeddable":true,"href":"https:\/\/newblogs.correiobraziliense.com.br\/vivabrasilia\/wp-json\/wp\/v2\/comments?post=2800"}],"version-history":[{"count":2,"href":"https:\/\/newblogs.correiobraziliense.com.br\/vivabrasilia\/wp-json\/wp\/v2\/posts\/2800\/revisions"}],"predecessor-version":[{"id":2828,"href":"https:\/\/newblogs.correiobraziliense.com.br\/vivabrasilia\/wp-json\/wp\/v2\/posts\/2800\/revisions\/2828"}],"wp:featuredmedia":[{"embeddable":true,"href":"https:\/\/newblogs.correiobraziliense.com.br\/vivabrasilia\/wp-json\/wp\/v2\/media\/2801"}],"wp:attachment":[{"href":"https:\/\/newblogs.correiobraziliense.com.br\/vivabrasilia\/wp-json\/wp\/v2\/media?parent=2800"}],"wp:term":[{"taxonomy":"category","embeddable":true,"href":"https:\/\/newblogs.correiobraziliense.com.br\/vivabrasilia\/wp-json\/wp\/v2\/categories?post=2800"},{"taxonomy":"post_tag","embeddable":true,"href":"https:\/\/newblogs.correiobraziliense.com.br\/vivabrasilia\/wp-json\/wp\/v2\/tags?post=2800"}],"curies":[{"name":"wp","href":"https:\/\/api.w.org\/{rel}","templated":true}]}}