{"id":269,"date":"2024-05-25T06:40:00","date_gmt":"2024-05-25T09:40:00","guid":{"rendered":"https:\/\/newblogs.correiobraziliense.com.br\/vivabrasilia\/?p=269"},"modified":"2024-05-25T03:45:08","modified_gmt":"2024-05-25T06:45:08","slug":"pericles-ferrugem-exposicoes-e-festa-junina-o-que-fazer-neste-fim-de-semana-em-brasilia","status":"publish","type":"post","link":"https:\/\/newblogs.correiobraziliense.com.br\/vivabrasilia\/pericles-ferrugem-exposicoes-e-festa-junina-o-que-fazer-neste-fim-de-semana-em-brasilia\/","title":{"rendered":"P\u00e9ricles, Ferrugem, exposi\u00e7\u00f5es e festa junina: o que fazer neste fim de semana em Bras\u00edlia"},"content":{"rendered":"\n<p><strong>Pe\u00e7a de Cora Coralina na capital<\/strong><\/p>\n\n\n\n<p>O teatro do CCBB recebe, neste fim de semana, a pe\u00e7a de teatro <em>Cora do Rio Vermelho<\/em>. A apresenta\u00e7\u00e3o \u00e9 inspirada na vida e obra da poetisa Cora Coralina. Ainda h\u00e1 ingressos dispon\u00edveis para as sess\u00f5es hoje (25), \u00e0s 18h e 20h, e amanh\u00e3 (26), \u00e0s 16h e 18h.<\/p>\n\n\n\n<p><strong>Exposi\u00e7\u00e3o de tecnologia brasileira<\/strong><\/p>\n\n\n\n<p>Hoje (25) e amanh\u00e3 (26), o SESI Lab comemora o Dia da Ind\u00fastria em parceria com o SENAI e Fibra. Para celebrar, rob\u00f4s, prot\u00f3tipos e produtos inovadores desenvolvidos no Brasil ser\u00e3o exibidos no local. Espere encontrar oficinas interativas, arena de rob\u00f3tica e diversas outras atividades. A entrada \u00e9 franca.<\/p>\n\n\n\n<p><strong>Iate Clube ter\u00e1 torneio de Beach Tennis&nbsp;<\/strong><\/p>\n\n\n\n<p>Tem competi\u00e7\u00e3o de Beach Tennis no Iate Clube este fim de semana. No Aberto de Bras\u00edlia Juniors 2024, o torneio \u00e9 de categorias Sub 12, 14, 16 e 18. S\u00e3o 278 atletas de v\u00e1rios estados brasileiros buscando seus t\u00edtulos. Os jogos ser\u00e3o abertos para o p\u00fablico.<\/p>\n\n\n\n<p><strong>Pagode no Funn Festival<\/strong><\/p>\n\n\n\n<p>O Funn Festival apresenta hoje, no palco da Terra do Nunca, os artistas P\u00e9ricles, Ferrugem e o grupo Pixote. Para a crian\u00e7ada, o complexo estar\u00e1 aberto com programas infantis. Para conferir a programa\u00e7\u00e3o e ingressos, basta acessar o site.<\/p>\n\n\n\n<p><strong>Feira goiana de Saberes e Sabores<\/strong><\/p>\n\n\n\n<p>O Goi\u00e1s est\u00e1 em Bras\u00edlia em forma de feira de artesanato e gastronomia. Hoje e amanh\u00e3 (26), a imers\u00e3o na cultura goiana estar\u00e1 aberta para visita\u00e7\u00e3o no CCBB, das 10h \u00e0s 20h.<\/p>\n\n\n\n<p><strong>Como Salvar Um Casamento?<\/strong><\/p>\n\n\n\n<p>Nany People apresenta, pela primeira vez na capital, o mon\u00f3logo <em>Como Salvar Um Casamento<\/em>. No Teatro Royal Tulip, \u00e0s 19h de hoje (25), a atriz fala de forma bem humorada sobre a vida a dois, enquanto interage com o p\u00fablico.<\/p>\n\n\n\n<p><strong>Obras que emitem sons<\/strong><\/p>\n\n\n\n<p>A Caixa Cultural tem exposi\u00e7\u00e3o interativa dispon\u00edvel para visita\u00e7\u00e3o at\u00e9 amanh\u00e3 (26). Com um simples toque ou movimento, as obras emitem sons e luzes em uma experi\u00eancia \u00fanica nas Galerias Principal, Piccola I e Piccola II. A entrada \u00e9 gratuita.<\/p>\n\n\n\n<p><strong>Este fim de semana tem S\u00e3o Jo\u00e3o<\/strong><\/p>\n\n\n\n<p>O <em>arrai\u00e1<\/em> da Par\u00f3quia Santa Cruz e Santa Edwiges, na 905 sul, come\u00e7ou nesta quinta-feira (23), mas ainda d\u00e1 para aproveitar at\u00e9 domingo (26). Hoje e amanh\u00e3, a festa come\u00e7a \u00e0s 18h com muita comida, brincadeira e m\u00fasica.<\/p>\n","protected":false},"excerpt":{"rendered":"<p>Pe\u00e7as de teatro, torneios esportivos e feiras de gastronomia tamb\u00e9m agitam a capital neste s\u00e1bado (25) e domingo (26).<\/p>\n","protected":false},"author":7,"featured_media":270,"comment_status":"closed","ping_status":"open","sticky":false,"template":"","format":"standard","meta":{"_acf_changed":false,"inline_featured_image":false,"footnotes":""},"categories":[14,72,68,67,7,71,69],"tags":[],"class_list":["post-269","post","type-post","status-publish","format-standard","has-post-thumbnail","hentry","category-agenda","category-arte","category-cultura","category-esporte","category-evento","category-musica","category-shows-e-festas"],"acf":[],"yoast_head":"<!-- This site is optimized with the Yoast SEO plugin v27.3 - https:\/\/yoast.com\/product\/yoast-seo-wordpress\/ -->\n<title>P\u00e9ricles, Ferrugem, exposi\u00e7\u00f5es e festa junina: o que fazer neste fim de semana em Bras\u00edlia - Viva Bras\u00edlia<\/title>\n<meta name=\"description\" content=\"Pe\u00e7as de teatro, torneios esportivos e feiras de gastronomia tamb\u00e9m agitam a capital neste s\u00e1bado (25) e domingo (26).\" \/>\n<meta name=\"robots\" content=\"index, follow, max-snippet:-1, max-image-preview:large, max-video-preview:-1\" \/>\n<link rel=\"canonical\" href=\"https:\/\/newblogs.correiobraziliense.com.br\/vivabrasilia\/pericles-ferrugem-exposicoes-e-festa-junina-o-que-fazer-neste-fim-de-semana-em-brasilia\/\" \/>\n<meta property=\"og:locale\" content=\"pt_BR\" \/>\n<meta property=\"og:type\" content=\"article\" \/>\n<meta property=\"og:title\" content=\"P\u00e9ricles, Ferrugem, exposi\u00e7\u00f5es e festa junina: o que fazer neste fim de semana em Bras\u00edlia - Viva Bras\u00edlia\" \/>\n<meta property=\"og:description\" content=\"Pe\u00e7as de teatro, torneios esportivos e feiras de gastronomia tamb\u00e9m agitam a capital neste s\u00e1bado (25) e domingo (26).\" \/>\n<meta property=\"og:url\" content=\"https:\/\/newblogs.correiobraziliense.com.br\/vivabrasilia\/pericles-ferrugem-exposicoes-e-festa-junina-o-que-fazer-neste-fim-de-semana-em-brasilia\/\" \/>\n<meta property=\"og:site_name\" content=\"Viva Bras\u00edlia\" \/>\n<meta property=\"article:published_time\" content=\"2024-05-25T09:40:00+00:00\" \/>\n<meta property=\"og:image\" content=\"https:\/\/newblogs.correiobraziliense.com.br\/vivabrasilia\/wp-content\/uploads\/sites\/4\/2024\/05\/SESI-LAB.jpeg\" \/>\n\t<meta property=\"og:image:width\" content=\"1292\" \/>\n\t<meta property=\"og:image:height\" content=\"859\" \/>\n\t<meta property=\"og:image:type\" content=\"image\/jpeg\" \/>\n<meta name=\"author\" content=\"Mariana Campos\" \/>\n<!-- \/ Yoast SEO plugin. -->","yoast_head_json":{"title":"P\u00e9ricles, Ferrugem, exposi\u00e7\u00f5es e festa junina: o que fazer neste fim de semana em Bras\u00edlia - Viva Bras\u00edlia","description":"Pe\u00e7as de teatro, torneios esportivos e feiras de gastronomia tamb\u00e9m agitam a capital neste s\u00e1bado (25) e domingo (26).","robots":{"index":"index","follow":"follow","max-snippet":"max-snippet:-1","max-image-preview":"max-image-preview:large","max-video-preview":"max-video-preview:-1"},"canonical":"https:\/\/newblogs.correiobraziliense.com.br\/vivabrasilia\/pericles-ferrugem-exposicoes-e-festa-junina-o-que-fazer-neste-fim-de-semana-em-brasilia\/","og_locale":"pt_BR","og_type":"article","og_title":"P\u00e9ricles, Ferrugem, exposi\u00e7\u00f5es e festa junina: o que fazer neste fim de semana em Bras\u00edlia - Viva Bras\u00edlia","og_description":"Pe\u00e7as de teatro, torneios esportivos e feiras de gastronomia tamb\u00e9m agitam a capital neste s\u00e1bado (25) e domingo (26).","og_url":"https:\/\/newblogs.correiobraziliense.com.br\/vivabrasilia\/pericles-ferrugem-exposicoes-e-festa-junina-o-que-fazer-neste-fim-de-semana-em-brasilia\/","og_site_name":"Viva Bras\u00edlia","article_published_time":"2024-05-25T09:40:00+00:00","og_image":[{"width":1292,"height":859,"url":"https:\/\/newblogs.correiobraziliense.com.br\/vivabrasilia\/wp-content\/uploads\/sites\/4\/2024\/05\/SESI-LAB.jpeg","type":"image\/jpeg"}],"author":"Mariana Campos","schema":{"@context":"https:\/\/schema.org","@graph":[{"@type":"Article","@id":"https:\/\/newblogs.correiobraziliense.com.br\/vivabrasilia\/pericles-ferrugem-exposicoes-e-festa-junina-o-que-fazer-neste-fim-de-semana-em-brasilia\/#article","isPartOf":{"@id":"https:\/\/newblogs.correiobraziliense.com.br\/vivabrasilia\/pericles-ferrugem-exposicoes-e-festa-junina-o-que-fazer-neste-fim-de-semana-em-brasilia\/"},"author":{"name":"Mariana Campos","@id":"https:\/\/newblogs.correiobraziliense.com.br\/vivabrasilia\/#\/schema\/person\/018c75775aaa6ead74dde48a78ac7fa1"},"headline":"P\u00e9ricles, Ferrugem, exposi\u00e7\u00f5es e festa junina: o que fazer neste fim de semana em Bras\u00edlia","datePublished":"2024-05-25T09:40:00+00:00","mainEntityOfPage":{"@id":"https:\/\/newblogs.correiobraziliense.com.br\/vivabrasilia\/pericles-ferrugem-exposicoes-e-festa-junina-o-que-fazer-neste-fim-de-semana-em-brasilia\/"},"wordCount":411,"image":{"@id":"https:\/\/newblogs.correiobraziliense.com.br\/vivabrasilia\/pericles-ferrugem-exposicoes-e-festa-junina-o-que-fazer-neste-fim-de-semana-em-brasilia\/#primaryimage"},"thumbnailUrl":"https:\/\/newblogs.correiobraziliense.com.br\/vivabrasilia\/wp-content\/uploads\/sites\/4\/2024\/05\/SESI-LAB.jpeg","articleSection":["Agenda","Arte","Cultura","Esporte","Evento","M\u00fasica","Shows e festas"],"inLanguage":"pt-BR"},{"@type":"WebPage","@id":"https:\/\/newblogs.correiobraziliense.com.br\/vivabrasilia\/pericles-ferrugem-exposicoes-e-festa-junina-o-que-fazer-neste-fim-de-semana-em-brasilia\/","url":"https:\/\/newblogs.correiobraziliense.com.br\/vivabrasilia\/pericles-ferrugem-exposicoes-e-festa-junina-o-que-fazer-neste-fim-de-semana-em-brasilia\/","name":"P\u00e9ricles, Ferrugem, exposi\u00e7\u00f5es e festa junina: o que fazer neste fim de semana em Bras\u00edlia - Viva Bras\u00edlia","isPartOf":{"@id":"https:\/\/newblogs.correiobraziliense.com.br\/vivabrasilia\/#website"},"primaryImageOfPage":{"@id":"https:\/\/newblogs.correiobraziliense.com.br\/vivabrasilia\/pericles-ferrugem-exposicoes-e-festa-junina-o-que-fazer-neste-fim-de-semana-em-brasilia\/#primaryimage"},"image":{"@id":"https:\/\/newblogs.correiobraziliense.com.br\/vivabrasilia\/pericles-ferrugem-exposicoes-e-festa-junina-o-que-fazer-neste-fim-de-semana-em-brasilia\/#primaryimage"},"thumbnailUrl":"https:\/\/newblogs.correiobraziliense.com.br\/vivabrasilia\/wp-content\/uploads\/sites\/4\/2024\/05\/SESI-LAB.jpeg","datePublished":"2024-05-25T09:40:00+00:00","author":{"@id":"https:\/\/newblogs.correiobraziliense.com.br\/vivabrasilia\/#\/schema\/person\/018c75775aaa6ead74dde48a78ac7fa1"},"description":"Pe\u00e7as de teatro, torneios esportivos e feiras de gastronomia tamb\u00e9m agitam a capital neste s\u00e1bado (25) e domingo (26).","breadcrumb":{"@id":"https:\/\/newblogs.correiobraziliense.com.br\/vivabrasilia\/pericles-ferrugem-exposicoes-e-festa-junina-o-que-fazer-neste-fim-de-semana-em-brasilia\/#breadcrumb"},"inLanguage":"pt-BR","potentialAction":[{"@type":"ReadAction","target":["https:\/\/newblogs.correiobraziliense.com.br\/vivabrasilia\/pericles-ferrugem-exposicoes-e-festa-junina-o-que-fazer-neste-fim-de-semana-em-brasilia\/"]}]},{"@type":"ImageObject","inLanguage":"pt-BR","@id":"https:\/\/newblogs.correiobraziliense.com.br\/vivabrasilia\/pericles-ferrugem-exposicoes-e-festa-junina-o-que-fazer-neste-fim-de-semana-em-brasilia\/#primaryimage","url":"https:\/\/newblogs.correiobraziliense.com.br\/vivabrasilia\/wp-content\/uploads\/sites\/4\/2024\/05\/SESI-LAB.jpeg","contentUrl":"https:\/\/newblogs.correiobraziliense.com.br\/vivabrasilia\/wp-content\/uploads\/sites\/4\/2024\/05\/SESI-LAB.jpeg","width":1292,"height":859,"caption":"Exposi\u00e7\u00e3o que celebra Dia da Ind\u00fastria tem entrada gratuita e programa\u00e7\u00e3o de atividades no SESI Lab | Foto: SESI Lab\/Divulga\u00e7\u00e3o"},{"@type":"BreadcrumbList","@id":"https:\/\/newblogs.correiobraziliense.com.br\/vivabrasilia\/pericles-ferrugem-exposicoes-e-festa-junina-o-que-fazer-neste-fim-de-semana-em-brasilia\/#breadcrumb","itemListElement":[{"@type":"ListItem","position":1,"name":"In\u00edcio","item":"https:\/\/newblogs.correiobraziliense.com.br\/vivabrasilia\/"},{"@type":"ListItem","position":2,"name":"P\u00e9ricles, Ferrugem, exposi\u00e7\u00f5es e festa junina: o que fazer neste fim de semana em Bras\u00edlia"}]},{"@type":"WebSite","@id":"https:\/\/newblogs.correiobraziliense.com.br\/vivabrasilia\/#website","url":"https:\/\/newblogs.correiobraziliense.com.br\/vivabrasilia\/","name":"Viva Bras\u00edlia","description":"Coluna de estilo de vida","potentialAction":[{"@type":"SearchAction","target":{"@type":"EntryPoint","urlTemplate":"https:\/\/newblogs.correiobraziliense.com.br\/vivabrasilia\/?s={search_term_string}"},"query-input":{"@type":"PropertyValueSpecification","valueRequired":true,"valueName":"search_term_string"}}],"inLanguage":"pt-BR"},{"@type":"Person","@id":"https:\/\/newblogs.correiobraziliense.com.br\/vivabrasilia\/#\/schema\/person\/018c75775aaa6ead74dde48a78ac7fa1","name":"Mariana Campos","image":{"@type":"ImageObject","inLanguage":"pt-BR","@id":"https:\/\/secure.gravatar.com\/avatar\/97cd13271bc36c11415a45e9f8192828452de6a8c0e24857edbf96d21752260f?s=96&d=mm&r=g","url":"https:\/\/secure.gravatar.com\/avatar\/97cd13271bc36c11415a45e9f8192828452de6a8c0e24857edbf96d21752260f?s=96&d=mm&r=g","contentUrl":"https:\/\/secure.gravatar.com\/avatar\/97cd13271bc36c11415a45e9f8192828452de6a8c0e24857edbf96d21752260f?s=96&d=mm&r=g","caption":"Mariana Campos"},"description":"Colunista da Viva Bras\u00edlia, Mariana escreve e fotografa para a coluna. Formada em Comunica\u00e7\u00e3o, aprofundou-se no jornalismo e agora une a escrita com a fotografia para mostrar que a capital \u00e9 uma cidade viva que n\u00e3o se resume ao poder. Tamb\u00e9m faz a cobertura de moda para seu blog, Pliss\u00ea, e para as redes sociais do Correio.","sameAs":["http:\/\/newblogs.correiobraziliense.com\/plisse","https:\/\/www.instagram.com\/marigrigori"],"url":"https:\/\/newblogs.correiobraziliense.com.br\/vivabrasilia\/author\/marivivabrasilia\/"}]}},"_links":{"self":[{"href":"https:\/\/newblogs.correiobraziliense.com.br\/vivabrasilia\/wp-json\/wp\/v2\/posts\/269","targetHints":{"allow":["GET"]}}],"collection":[{"href":"https:\/\/newblogs.correiobraziliense.com.br\/vivabrasilia\/wp-json\/wp\/v2\/posts"}],"about":[{"href":"https:\/\/newblogs.correiobraziliense.com.br\/vivabrasilia\/wp-json\/wp\/v2\/types\/post"}],"author":[{"embeddable":true,"href":"https:\/\/newblogs.correiobraziliense.com.br\/vivabrasilia\/wp-json\/wp\/v2\/users\/7"}],"replies":[{"embeddable":true,"href":"https:\/\/newblogs.correiobraziliense.com.br\/vivabrasilia\/wp-json\/wp\/v2\/comments?post=269"}],"version-history":[{"count":1,"href":"https:\/\/newblogs.correiobraziliense.com.br\/vivabrasilia\/wp-json\/wp\/v2\/posts\/269\/revisions"}],"predecessor-version":[{"id":271,"href":"https:\/\/newblogs.correiobraziliense.com.br\/vivabrasilia\/wp-json\/wp\/v2\/posts\/269\/revisions\/271"}],"wp:featuredmedia":[{"embeddable":true,"href":"https:\/\/newblogs.correiobraziliense.com.br\/vivabrasilia\/wp-json\/wp\/v2\/media\/270"}],"wp:attachment":[{"href":"https:\/\/newblogs.correiobraziliense.com.br\/vivabrasilia\/wp-json\/wp\/v2\/media?parent=269"}],"wp:term":[{"taxonomy":"category","embeddable":true,"href":"https:\/\/newblogs.correiobraziliense.com.br\/vivabrasilia\/wp-json\/wp\/v2\/categories?post=269"},{"taxonomy":"post_tag","embeddable":true,"href":"https:\/\/newblogs.correiobraziliense.com.br\/vivabrasilia\/wp-json\/wp\/v2\/tags?post=269"}],"curies":[{"name":"wp","href":"https:\/\/api.w.org\/{rel}","templated":true}]}}