{"id":2688,"date":"2024-10-26T18:07:07","date_gmt":"2024-10-26T21:07:07","guid":{"rendered":"https:\/\/newblogs.correiobraziliense.com.br\/vivabrasilia\/?p=2688"},"modified":"2024-10-26T18:07:07","modified_gmt":"2024-10-26T21:07:07","slug":"rede-dor-promove-happy-hour-para-apresentar-indicadores-de-qualidade-tecnica","status":"publish","type":"post","link":"https:\/\/newblogs.correiobraziliense.com.br\/vivabrasilia\/rede-dor-promove-happy-hour-para-apresentar-indicadores-de-qualidade-tecnica\/","title":{"rendered":"Rede D&#8217;Or promove happy hour para apresentar indicadores de qualidade t\u00e9cnica"},"content":{"rendered":"\n<p>M\u00e9dicos, diretores, administradores de planos de sa\u00fade, grandes clientes corporativos, executivos e parceiros da Rede D\u2019Or se reuniram em um encontro in\u00e9dito para falar sobre o controle de qualidade t\u00e9cnica do grupo hospitalar, na \u00faltima quarta-feira.<\/p>\n\n\n\n<p>Liderada por Helidea Lima, a apresenta\u00e7\u00e3o mostrou dados sobre os hospitais acreditados pela Joint Commission International (JCI) e os padr\u00f5es utilizados pela rede, que \u00e9 hoje a maior da Am\u00e9rica Latina, durante um happy hour no Restaurante Rubaiyat.<\/p>\n\n\n\n<p>&#8220;A gente n\u00e3o negocia qualidade e seguran\u00e7a. Muito mais do que grandes em n\u00fameros, somos grandes em valores&#8221;, finalizou a m\u00e9dica.<\/p>\n\n\n<div class=\"slider-wrapper\"><div class=\"slider\">\n<figure class=\"wp-block-gallery has-nested-images columns-default is-cropped wp-block-gallery-1 is-layout-flex wp-block-gallery-is-layout-flex\">\n<figure class=\"wp-block-image size-large\"><img loading=\"lazy\" decoding=\"async\" width=\"1024\" height=\"682\" data-id=\"2693\" src=\"https:\/\/newblogs.correiobraziliense.com.br\/vivabrasilia\/wp-content\/uploads\/sites\/4\/2024\/10\/Helidea-Lima-e-Kelly-Magalhaes-1024x682.jpg\" alt=\"\" class=\"wp-image-2693\" srcset=\"https:\/\/newblogs.correiobraziliense.com.br\/vivabrasilia\/wp-content\/uploads\/sites\/4\/2024\/10\/Helidea-Lima-e-Kelly-Magalhaes-1024x682.jpg 1024w, https:\/\/newblogs.correiobraziliense.com.br\/vivabrasilia\/wp-content\/uploads\/sites\/4\/2024\/10\/Helidea-Lima-e-Kelly-Magalhaes-300x200.jpg 300w, https:\/\/newblogs.correiobraziliense.com.br\/vivabrasilia\/wp-content\/uploads\/sites\/4\/2024\/10\/Helidea-Lima-e-Kelly-Magalhaes-768x512.jpg 768w, https:\/\/newblogs.correiobraziliense.com.br\/vivabrasilia\/wp-content\/uploads\/sites\/4\/2024\/10\/Helidea-Lima-e-Kelly-Magalhaes-1536x1024.jpg 1536w, https:\/\/newblogs.correiobraziliense.com.br\/vivabrasilia\/wp-content\/uploads\/sites\/4\/2024\/10\/Helidea-Lima-e-Kelly-Magalhaes.jpg 2000w\" sizes=\"auto, (max-width: 1024px) 100vw, 1024px\" \/><figcaption class=\"wp-element-caption\">Helidea Lima e Kelly Magalh\u00e3es | Foto: Mariana Campos<\/figcaption><\/figure>\n\n\n\n<figure class=\"wp-block-image size-large\"><img loading=\"lazy\" decoding=\"async\" width=\"1024\" height=\"682\" data-id=\"2691\" src=\"https:\/\/newblogs.correiobraziliense.com.br\/vivabrasilia\/wp-content\/uploads\/sites\/4\/2024\/10\/Claudio-Lubascher-Luciano-Lourenco-Claudia-Nazare-e-Allisson-Borges-1024x682.jpg\" alt=\"\" class=\"wp-image-2691\" srcset=\"https:\/\/newblogs.correiobraziliense.com.br\/vivabrasilia\/wp-content\/uploads\/sites\/4\/2024\/10\/Claudio-Lubascher-Luciano-Lourenco-Claudia-Nazare-e-Allisson-Borges-1024x682.jpg 1024w, https:\/\/newblogs.correiobraziliense.com.br\/vivabrasilia\/wp-content\/uploads\/sites\/4\/2024\/10\/Claudio-Lubascher-Luciano-Lourenco-Claudia-Nazare-e-Allisson-Borges-300x200.jpg 300w, https:\/\/newblogs.correiobraziliense.com.br\/vivabrasilia\/wp-content\/uploads\/sites\/4\/2024\/10\/Claudio-Lubascher-Luciano-Lourenco-Claudia-Nazare-e-Allisson-Borges-768x512.jpg 768w, https:\/\/newblogs.correiobraziliense.com.br\/vivabrasilia\/wp-content\/uploads\/sites\/4\/2024\/10\/Claudio-Lubascher-Luciano-Lourenco-Claudia-Nazare-e-Allisson-Borges-1536x1024.jpg 1536w, https:\/\/newblogs.correiobraziliense.com.br\/vivabrasilia\/wp-content\/uploads\/sites\/4\/2024\/10\/Claudio-Lubascher-Luciano-Lourenco-Claudia-Nazare-e-Allisson-Borges.jpg 2000w\" sizes=\"auto, (max-width: 1024px) 100vw, 1024px\" \/><figcaption class=\"wp-element-caption\">Claudio Lubascher, Luciano Louren\u00e7o, Claudia Nazare e Allisson Borges | Foto: Mariana Campos<\/figcaption><\/figure>\n\n\n\n<figure class=\"wp-block-image size-large\"><img loading=\"lazy\" decoding=\"async\" width=\"1024\" height=\"682\" data-id=\"2690\" src=\"https:\/\/newblogs.correiobraziliense.com.br\/vivabrasilia\/wp-content\/uploads\/sites\/4\/2024\/10\/Antonio-Neto-Fred-Bandeira-e-Pedro-Ambrosio-1024x682.jpg\" alt=\"\" class=\"wp-image-2690\" srcset=\"https:\/\/newblogs.correiobraziliense.com.br\/vivabrasilia\/wp-content\/uploads\/sites\/4\/2024\/10\/Antonio-Neto-Fred-Bandeira-e-Pedro-Ambrosio-1024x682.jpg 1024w, https:\/\/newblogs.correiobraziliense.com.br\/vivabrasilia\/wp-content\/uploads\/sites\/4\/2024\/10\/Antonio-Neto-Fred-Bandeira-e-Pedro-Ambrosio-300x200.jpg 300w, https:\/\/newblogs.correiobraziliense.com.br\/vivabrasilia\/wp-content\/uploads\/sites\/4\/2024\/10\/Antonio-Neto-Fred-Bandeira-e-Pedro-Ambrosio-768x512.jpg 768w, https:\/\/newblogs.correiobraziliense.com.br\/vivabrasilia\/wp-content\/uploads\/sites\/4\/2024\/10\/Antonio-Neto-Fred-Bandeira-e-Pedro-Ambrosio-1536x1024.jpg 1536w, https:\/\/newblogs.correiobraziliense.com.br\/vivabrasilia\/wp-content\/uploads\/sites\/4\/2024\/10\/Antonio-Neto-Fred-Bandeira-e-Pedro-Ambrosio.jpg 2000w\" sizes=\"auto, (max-width: 1024px) 100vw, 1024px\" \/><figcaption class=\"wp-element-caption\">Antonio Neto, Fred Bandeira e Pedro Ambrosio | Foto: Mariana Campos<\/figcaption><\/figure>\n<\/figure>\n<\/div>\n\t\t\t<div class=\"slider-nav\">\n\t\t\t\t<button class=\"prev\">\n\t\t\t\t<svg xmlns=\"http:\/\/www.w3.org\/2000\/svg\" width=\"26\" height=\"45\" viewBox=\"0 0 26 45\" fill=\"none\">\n\t\t\t\t<path d=\"M24.9118 0.990519C25.5461 1.62494 25.9023 2.48528 25.9023 3.38235C25.9023 4.27943 25.5461 5.13977 24.9118 5.77419L8.16559 22.5204L24.9118 39.2667C25.5281 39.9047 25.8691 40.7593 25.8614 41.6463C25.8537 42.5334 25.4979 43.3819 24.8706 44.0091C24.2434 44.6364 23.3948 44.9922 22.5078 44.9999C21.6208 45.0076 20.7662 44.6666 20.1282 44.0503L0.990082 24.9123C0.355853 24.2778 -0.000438023 23.4175 -0.000438023 22.5204C-0.000438023 21.6234 0.355853 20.763 0.990082 20.1286L20.1282 0.990519C20.7626 0.35629 21.6229 0 22.52 0C23.4171 0 24.2774 0.35629 24.9118 0.990519Z\" fill=\"white\" fill-opacity=\"0.7\"><\/path>\n\t\t\t\t<\/svg>\n\t\t\t\t<\/button>\n\t\t\t\t<button class=\"next\">\n\t\t\t\t<svg xmlns=\"http:\/\/www.w3.org\/2000\/svg\" width=\"26\" height=\"45\" viewBox=\"0 0 26 45\" fill=\"none\">\n\t\t\t\t<path d=\"M0.99052 0.990519C0.356291 1.62494 0 2.48528 0 3.38235C0 4.27943 0.356291 5.13977 0.99052 5.77419L17.7368 22.5204L0.99052 39.2667C0.374265 39.9047 0.0332682 40.7593 0.0409763 41.6463C0.0486844 42.5334 0.40448 43.3819 1.03173 44.0091C1.65898 44.6364 2.5075 44.9922 3.39453 44.9999C4.28156 45.0076 5.13613 44.6666 5.77419 44.0503L24.9123 24.9123C25.5465 24.2778 25.9028 23.4175 25.9028 22.5204C25.9028 21.6234 25.5465 20.763 24.9123 20.1286L5.77419 0.990519C5.13977 0.35629 4.27943 0 3.38235 0C2.48528 0 1.62494 0.35629 0.99052 0.990519Z\" fill=\"white\" fill-opacity=\"0.7\"><\/path>\n\t\t\t\t<\/svg>\n\t\t\t\t<\/button>\n\t\t\t<\/div>\n\t\t\t<div class=\"slider-dots\"><\/div>\n\t\t\t<\/div>","protected":false},"excerpt":{"rendered":"<p>O jantar ocorreu no restaurante Rubayiat e contou com a presen\u00e7a de m\u00e9dicos, administradores de planos de sa\u00fade e parceiros do grupo<\/p>\n","protected":false},"author":7,"featured_media":2697,"comment_status":"closed","ping_status":"open","sticky":false,"template":"","format":"standard","meta":{"_acf_changed":false,"inline_featured_image":false,"footnotes":""},"categories":[132],"tags":[706,639,686,707,703,704,705],"class_list":["post-2688","post","type-post","status-publish","format-standard","has-post-thumbnail","hentry","category-cidade","tag-coluna-social","tag-happy-hour","tag-medicina","tag-medicos","tag-rede-dor","tag-restaurante-rubayiat","tag-reuniao-de-negocios"],"acf":[],"yoast_head":"<!-- This site is optimized with the Yoast SEO plugin v27.3 - https:\/\/yoast.com\/product\/yoast-seo-wordpress\/ -->\n<title>Rede D&#039;Or promove happy hour para apresentar indicadores de qualidade t\u00e9cnica - Viva Bras\u00edlia<\/title>\n<meta name=\"robots\" content=\"index, follow, max-snippet:-1, max-image-preview:large, max-video-preview:-1\" \/>\n<link rel=\"canonical\" href=\"https:\/\/newblogs.correiobraziliense.com.br\/vivabrasilia\/rede-dor-promove-happy-hour-para-apresentar-indicadores-de-qualidade-tecnica\/\" \/>\n<meta property=\"og:locale\" content=\"pt_BR\" \/>\n<meta property=\"og:type\" content=\"article\" \/>\n<meta property=\"og:title\" content=\"Rede D&#039;Or promove happy hour para apresentar indicadores de qualidade t\u00e9cnica - Viva Bras\u00edlia\" \/>\n<meta property=\"og:description\" content=\"O jantar ocorreu no restaurante Rubayiat e contou com a presen\u00e7a de m\u00e9dicos, administradores de planos de sa\u00fade e parceiros do grupo\" \/>\n<meta property=\"og:url\" content=\"https:\/\/newblogs.correiobraziliense.com.br\/vivabrasilia\/rede-dor-promove-happy-hour-para-apresentar-indicadores-de-qualidade-tecnica\/\" \/>\n<meta property=\"og:site_name\" content=\"Viva Bras\u00edlia\" \/>\n<meta property=\"article:published_time\" content=\"2024-10-26T21:07:07+00:00\" \/>\n<meta property=\"og:image\" content=\"https:\/\/newblogs.correiobraziliense.com.br\/vivabrasilia\/wp-content\/uploads\/sites\/4\/2024\/10\/O-vice-presidente-assistencial-da-Rede-DOr-em-Brasilia-Rodrigo-e-Guilherme.jpg\" \/>\n\t<meta property=\"og:image:width\" content=\"2000\" \/>\n\t<meta property=\"og:image:height\" content=\"1333\" \/>\n\t<meta property=\"og:image:type\" content=\"image\/jpeg\" \/>\n<meta name=\"author\" content=\"Mariana Campos\" \/>\n<!-- \/ Yoast SEO plugin. -->","yoast_head_json":{"title":"Rede D'Or promove happy hour para apresentar indicadores de qualidade t\u00e9cnica - Viva Bras\u00edlia","robots":{"index":"index","follow":"follow","max-snippet":"max-snippet:-1","max-image-preview":"max-image-preview:large","max-video-preview":"max-video-preview:-1"},"canonical":"https:\/\/newblogs.correiobraziliense.com.br\/vivabrasilia\/rede-dor-promove-happy-hour-para-apresentar-indicadores-de-qualidade-tecnica\/","og_locale":"pt_BR","og_type":"article","og_title":"Rede D'Or promove happy hour para apresentar indicadores de qualidade t\u00e9cnica - Viva Bras\u00edlia","og_description":"O jantar ocorreu no restaurante Rubayiat e contou com a presen\u00e7a de m\u00e9dicos, administradores de planos de sa\u00fade e parceiros do grupo","og_url":"https:\/\/newblogs.correiobraziliense.com.br\/vivabrasilia\/rede-dor-promove-happy-hour-para-apresentar-indicadores-de-qualidade-tecnica\/","og_site_name":"Viva Bras\u00edlia","article_published_time":"2024-10-26T21:07:07+00:00","og_image":[{"width":2000,"height":1333,"url":"https:\/\/newblogs.correiobraziliense.com.br\/vivabrasilia\/wp-content\/uploads\/sites\/4\/2024\/10\/O-vice-presidente-assistencial-da-Rede-DOr-em-Brasilia-Rodrigo-e-Guilherme.jpg","type":"image\/jpeg"}],"author":"Mariana Campos","schema":{"@context":"https:\/\/schema.org","@graph":[{"@type":"Article","@id":"https:\/\/newblogs.correiobraziliense.com.br\/vivabrasilia\/rede-dor-promove-happy-hour-para-apresentar-indicadores-de-qualidade-tecnica\/#article","isPartOf":{"@id":"https:\/\/newblogs.correiobraziliense.com.br\/vivabrasilia\/rede-dor-promove-happy-hour-para-apresentar-indicadores-de-qualidade-tecnica\/"},"author":{"name":"Mariana Campos","@id":"https:\/\/newblogs.correiobraziliense.com.br\/vivabrasilia\/#\/schema\/person\/018c75775aaa6ead74dde48a78ac7fa1"},"headline":"Rede D&#8217;Or promove happy hour para apresentar indicadores de qualidade t\u00e9cnica","datePublished":"2024-10-26T21:07:07+00:00","mainEntityOfPage":{"@id":"https:\/\/newblogs.correiobraziliense.com.br\/vivabrasilia\/rede-dor-promove-happy-hour-para-apresentar-indicadores-de-qualidade-tecnica\/"},"wordCount":151,"image":{"@id":"https:\/\/newblogs.correiobraziliense.com.br\/vivabrasilia\/rede-dor-promove-happy-hour-para-apresentar-indicadores-de-qualidade-tecnica\/#primaryimage"},"thumbnailUrl":"https:\/\/newblogs.correiobraziliense.com.br\/vivabrasilia\/wp-content\/uploads\/sites\/4\/2024\/10\/O-vice-presidente-assistencial-da-Rede-DOr-em-Brasilia-Rodrigo-e-Guilherme.jpg","keywords":["Coluna social","Happy hour","Medicina","M\u00e9dicos","Rede D'Or","Restaurante Rubayiat","Reuni\u00e3o de neg\u00f3cios"],"articleSection":["Cidade"],"inLanguage":"pt-BR"},{"@type":"WebPage","@id":"https:\/\/newblogs.correiobraziliense.com.br\/vivabrasilia\/rede-dor-promove-happy-hour-para-apresentar-indicadores-de-qualidade-tecnica\/","url":"https:\/\/newblogs.correiobraziliense.com.br\/vivabrasilia\/rede-dor-promove-happy-hour-para-apresentar-indicadores-de-qualidade-tecnica\/","name":"Rede D'Or promove happy hour para apresentar indicadores de qualidade t\u00e9cnica - Viva Bras\u00edlia","isPartOf":{"@id":"https:\/\/newblogs.correiobraziliense.com.br\/vivabrasilia\/#website"},"primaryImageOfPage":{"@id":"https:\/\/newblogs.correiobraziliense.com.br\/vivabrasilia\/rede-dor-promove-happy-hour-para-apresentar-indicadores-de-qualidade-tecnica\/#primaryimage"},"image":{"@id":"https:\/\/newblogs.correiobraziliense.com.br\/vivabrasilia\/rede-dor-promove-happy-hour-para-apresentar-indicadores-de-qualidade-tecnica\/#primaryimage"},"thumbnailUrl":"https:\/\/newblogs.correiobraziliense.com.br\/vivabrasilia\/wp-content\/uploads\/sites\/4\/2024\/10\/O-vice-presidente-assistencial-da-Rede-DOr-em-Brasilia-Rodrigo-e-Guilherme.jpg","datePublished":"2024-10-26T21:07:07+00:00","author":{"@id":"https:\/\/newblogs.correiobraziliense.com.br\/vivabrasilia\/#\/schema\/person\/018c75775aaa6ead74dde48a78ac7fa1"},"breadcrumb":{"@id":"https:\/\/newblogs.correiobraziliense.com.br\/vivabrasilia\/rede-dor-promove-happy-hour-para-apresentar-indicadores-de-qualidade-tecnica\/#breadcrumb"},"inLanguage":"pt-BR","potentialAction":[{"@type":"ReadAction","target":["https:\/\/newblogs.correiobraziliense.com.br\/vivabrasilia\/rede-dor-promove-happy-hour-para-apresentar-indicadores-de-qualidade-tecnica\/"]}]},{"@type":"ImageObject","inLanguage":"pt-BR","@id":"https:\/\/newblogs.correiobraziliense.com.br\/vivabrasilia\/rede-dor-promove-happy-hour-para-apresentar-indicadores-de-qualidade-tecnica\/#primaryimage","url":"https:\/\/newblogs.correiobraziliense.com.br\/vivabrasilia\/wp-content\/uploads\/sites\/4\/2024\/10\/O-vice-presidente-assistencial-da-Rede-DOr-em-Brasilia-Rodrigo-e-Guilherme.jpg","contentUrl":"https:\/\/newblogs.correiobraziliense.com.br\/vivabrasilia\/wp-content\/uploads\/sites\/4\/2024\/10\/O-vice-presidente-assistencial-da-Rede-DOr-em-Brasilia-Rodrigo-e-Guilherme.jpg","width":2000,"height":1333,"caption":"O vice-presidente assistencial da Rede D\u2019Or em Bras\u00edlia, Raul Sturari, o CEO dos hospitais da Rede D'Or, Rodrigo Gavina e o presidente do Correio Braziliense, Guilherme Machado | Foto: Mariana Campos"},{"@type":"BreadcrumbList","@id":"https:\/\/newblogs.correiobraziliense.com.br\/vivabrasilia\/rede-dor-promove-happy-hour-para-apresentar-indicadores-de-qualidade-tecnica\/#breadcrumb","itemListElement":[{"@type":"ListItem","position":1,"name":"In\u00edcio","item":"https:\/\/newblogs.correiobraziliense.com.br\/vivabrasilia\/"},{"@type":"ListItem","position":2,"name":"Rede D&#8217;Or promove happy hour para apresentar indicadores de qualidade t\u00e9cnica"}]},{"@type":"WebSite","@id":"https:\/\/newblogs.correiobraziliense.com.br\/vivabrasilia\/#website","url":"https:\/\/newblogs.correiobraziliense.com.br\/vivabrasilia\/","name":"Viva Bras\u00edlia","description":"Coluna de estilo de vida","potentialAction":[{"@type":"SearchAction","target":{"@type":"EntryPoint","urlTemplate":"https:\/\/newblogs.correiobraziliense.com.br\/vivabrasilia\/?s={search_term_string}"},"query-input":{"@type":"PropertyValueSpecification","valueRequired":true,"valueName":"search_term_string"}}],"inLanguage":"pt-BR"},{"@type":"Person","@id":"https:\/\/newblogs.correiobraziliense.com.br\/vivabrasilia\/#\/schema\/person\/018c75775aaa6ead74dde48a78ac7fa1","name":"Mariana Campos","image":{"@type":"ImageObject","inLanguage":"pt-BR","@id":"https:\/\/secure.gravatar.com\/avatar\/97cd13271bc36c11415a45e9f8192828452de6a8c0e24857edbf96d21752260f?s=96&d=mm&r=g","url":"https:\/\/secure.gravatar.com\/avatar\/97cd13271bc36c11415a45e9f8192828452de6a8c0e24857edbf96d21752260f?s=96&d=mm&r=g","contentUrl":"https:\/\/secure.gravatar.com\/avatar\/97cd13271bc36c11415a45e9f8192828452de6a8c0e24857edbf96d21752260f?s=96&d=mm&r=g","caption":"Mariana Campos"},"description":"Colunista da Viva Bras\u00edlia, Mariana escreve e fotografa para a coluna. Formada em Comunica\u00e7\u00e3o, aprofundou-se no jornalismo e agora une a escrita com a fotografia para mostrar que a capital \u00e9 uma cidade viva que n\u00e3o se resume ao poder. Tamb\u00e9m faz a cobertura de moda para seu blog, Pliss\u00ea, e para as redes sociais do Correio.","sameAs":["http:\/\/newblogs.correiobraziliense.com\/plisse","https:\/\/www.instagram.com\/marigrigori"],"url":"https:\/\/newblogs.correiobraziliense.com.br\/vivabrasilia\/author\/marivivabrasilia\/"}]}},"_links":{"self":[{"href":"https:\/\/newblogs.correiobraziliense.com.br\/vivabrasilia\/wp-json\/wp\/v2\/posts\/2688","targetHints":{"allow":["GET"]}}],"collection":[{"href":"https:\/\/newblogs.correiobraziliense.com.br\/vivabrasilia\/wp-json\/wp\/v2\/posts"}],"about":[{"href":"https:\/\/newblogs.correiobraziliense.com.br\/vivabrasilia\/wp-json\/wp\/v2\/types\/post"}],"author":[{"embeddable":true,"href":"https:\/\/newblogs.correiobraziliense.com.br\/vivabrasilia\/wp-json\/wp\/v2\/users\/7"}],"replies":[{"embeddable":true,"href":"https:\/\/newblogs.correiobraziliense.com.br\/vivabrasilia\/wp-json\/wp\/v2\/comments?post=2688"}],"version-history":[{"count":2,"href":"https:\/\/newblogs.correiobraziliense.com.br\/vivabrasilia\/wp-json\/wp\/v2\/posts\/2688\/revisions"}],"predecessor-version":[{"id":2704,"href":"https:\/\/newblogs.correiobraziliense.com.br\/vivabrasilia\/wp-json\/wp\/v2\/posts\/2688\/revisions\/2704"}],"wp:featuredmedia":[{"embeddable":true,"href":"https:\/\/newblogs.correiobraziliense.com.br\/vivabrasilia\/wp-json\/wp\/v2\/media\/2697"}],"wp:attachment":[{"href":"https:\/\/newblogs.correiobraziliense.com.br\/vivabrasilia\/wp-json\/wp\/v2\/media?parent=2688"}],"wp:term":[{"taxonomy":"category","embeddable":true,"href":"https:\/\/newblogs.correiobraziliense.com.br\/vivabrasilia\/wp-json\/wp\/v2\/categories?post=2688"},{"taxonomy":"post_tag","embeddable":true,"href":"https:\/\/newblogs.correiobraziliense.com.br\/vivabrasilia\/wp-json\/wp\/v2\/tags?post=2688"}],"curies":[{"name":"wp","href":"https:\/\/api.w.org\/{rel}","templated":true}]}}