{"id":2390,"date":"2024-09-21T18:15:17","date_gmt":"2024-09-21T21:15:17","guid":{"rendered":"https:\/\/newblogs.correiobraziliense.com.br\/vivabrasilia\/?p=2390"},"modified":"2024-09-21T18:15:18","modified_gmt":"2024-09-21T21:15:18","slug":"luis-paulo-monteiro-festeja-a-chegada-dos-7-anos-com-muitas-brincadeiras","status":"publish","type":"post","link":"https:\/\/newblogs.correiobraziliense.com.br\/vivabrasilia\/luis-paulo-monteiro-festeja-a-chegada-dos-7-anos-com-muitas-brincadeiras\/","title":{"rendered":"Luis Paulo Monteiro festeja a chegada dos 7 anos com muitas brincadeiras"},"content":{"rendered":"\n<p>Ah, a pureza da inf\u00e2ncia\u2026 de p\u00e9s descal\u00e7os, bocas sujas de doces e cabelos bagun\u00e7ados, a crian\u00e7ada comemorou o anivers\u00e1rio de 7 anos de Luis Paulo Monteiro na \u00faltima quinta-feira. <\/p>\n\n\n\n<p>A festa ocorreu na casa Catavento Lago, onde a divers\u00e3o foi garantida. <\/p>\n\n\n\n<p>Para celebrar a data, Izabelle Valverde e Fernando Monteiro \u2014 pais de Luis \u2014 chamaram amigos do filho e parentes. <\/p>\n\n\n\n<p>A comemora\u00e7\u00e3o come\u00e7ou pela tarde e se estendeu at\u00e9 \u00e0 noite, quando os convidados se uniram e cantaram parab\u00e9ns para o pequeno, que aproveitou seu dia com um sorriso largo no rosto.<\/p>\n\n\n<div class=\"slider-wrapper\"><div class=\"slider\">\n<figure class=\"wp-block-gallery has-nested-images columns-default is-cropped wp-block-gallery-1 is-layout-flex wp-block-gallery-is-layout-flex\">\n<figure class=\"wp-block-image size-large\"><img loading=\"lazy\" decoding=\"async\" width=\"1024\" height=\"682\" data-id=\"2381\" src=\"https:\/\/newblogs.correiobraziliense.com.br\/vivabrasilia\/wp-content\/uploads\/sites\/4\/2024\/09\/2-Nathalia-Pedrosa-Izabelle-Valverde-e-Marly-Vale-1024x682.jpg\" alt=\"\" class=\"wp-image-2381\" srcset=\"https:\/\/newblogs.correiobraziliense.com.br\/vivabrasilia\/wp-content\/uploads\/sites\/4\/2024\/09\/2-Nathalia-Pedrosa-Izabelle-Valverde-e-Marly-Vale-1024x682.jpg 1024w, https:\/\/newblogs.correiobraziliense.com.br\/vivabrasilia\/wp-content\/uploads\/sites\/4\/2024\/09\/2-Nathalia-Pedrosa-Izabelle-Valverde-e-Marly-Vale-300x200.jpg 300w, https:\/\/newblogs.correiobraziliense.com.br\/vivabrasilia\/wp-content\/uploads\/sites\/4\/2024\/09\/2-Nathalia-Pedrosa-Izabelle-Valverde-e-Marly-Vale-768x512.jpg 768w, https:\/\/newblogs.correiobraziliense.com.br\/vivabrasilia\/wp-content\/uploads\/sites\/4\/2024\/09\/2-Nathalia-Pedrosa-Izabelle-Valverde-e-Marly-Vale-1536x1024.jpg 1536w, https:\/\/newblogs.correiobraziliense.com.br\/vivabrasilia\/wp-content\/uploads\/sites\/4\/2024\/09\/2-Nathalia-Pedrosa-Izabelle-Valverde-e-Marly-Vale.jpg 2000w\" sizes=\"auto, (max-width: 1024px) 100vw, 1024px\" \/><figcaption class=\"wp-element-caption\">Nathalia Pedrosa, Izabelle Valverde e Marly Vale | Foto: Mariana Campos<\/figcaption><\/figure>\n\n\n\n<figure class=\"wp-block-image size-large\"><img loading=\"lazy\" decoding=\"async\" width=\"1024\" height=\"682\" data-id=\"2382\" src=\"https:\/\/newblogs.correiobraziliense.com.br\/vivabrasilia\/wp-content\/uploads\/sites\/4\/2024\/09\/3-Felipe-Alves-e-Isabella-Lim-1024x682.jpg\" alt=\"\" class=\"wp-image-2382\" srcset=\"https:\/\/newblogs.correiobraziliense.com.br\/vivabrasilia\/wp-content\/uploads\/sites\/4\/2024\/09\/3-Felipe-Alves-e-Isabella-Lim-1024x682.jpg 1024w, https:\/\/newblogs.correiobraziliense.com.br\/vivabrasilia\/wp-content\/uploads\/sites\/4\/2024\/09\/3-Felipe-Alves-e-Isabella-Lim-300x200.jpg 300w, https:\/\/newblogs.correiobraziliense.com.br\/vivabrasilia\/wp-content\/uploads\/sites\/4\/2024\/09\/3-Felipe-Alves-e-Isabella-Lim-768x512.jpg 768w, https:\/\/newblogs.correiobraziliense.com.br\/vivabrasilia\/wp-content\/uploads\/sites\/4\/2024\/09\/3-Felipe-Alves-e-Isabella-Lim-1536x1024.jpg 1536w, https:\/\/newblogs.correiobraziliense.com.br\/vivabrasilia\/wp-content\/uploads\/sites\/4\/2024\/09\/3-Felipe-Alves-e-Isabella-Lim.jpg 2000w\" sizes=\"auto, (max-width: 1024px) 100vw, 1024px\" \/><figcaption class=\"wp-element-caption\">Felipe Alves e Isabella Lim | Foto: Mariana Campos<\/figcaption><\/figure>\n\n\n\n<figure class=\"wp-block-image size-large\"><img loading=\"lazy\" decoding=\"async\" width=\"1024\" height=\"682\" data-id=\"2383\" src=\"https:\/\/newblogs.correiobraziliense.com.br\/vivabrasilia\/wp-content\/uploads\/sites\/4\/2024\/09\/4-Luiza-e-Nicolas-Lyra-Bernardo.-Gabi-e-Arthur-Bolognani-1024x682.jpg\" alt=\"\" class=\"wp-image-2383\" srcset=\"https:\/\/newblogs.correiobraziliense.com.br\/vivabrasilia\/wp-content\/uploads\/sites\/4\/2024\/09\/4-Luiza-e-Nicolas-Lyra-Bernardo.-Gabi-e-Arthur-Bolognani-1024x682.jpg 1024w, https:\/\/newblogs.correiobraziliense.com.br\/vivabrasilia\/wp-content\/uploads\/sites\/4\/2024\/09\/4-Luiza-e-Nicolas-Lyra-Bernardo.-Gabi-e-Arthur-Bolognani-300x200.jpg 300w, https:\/\/newblogs.correiobraziliense.com.br\/vivabrasilia\/wp-content\/uploads\/sites\/4\/2024\/09\/4-Luiza-e-Nicolas-Lyra-Bernardo.-Gabi-e-Arthur-Bolognani-768x512.jpg 768w, https:\/\/newblogs.correiobraziliense.com.br\/vivabrasilia\/wp-content\/uploads\/sites\/4\/2024\/09\/4-Luiza-e-Nicolas-Lyra-Bernardo.-Gabi-e-Arthur-Bolognani-1536x1024.jpg 1536w, https:\/\/newblogs.correiobraziliense.com.br\/vivabrasilia\/wp-content\/uploads\/sites\/4\/2024\/09\/4-Luiza-e-Nicolas-Lyra-Bernardo.-Gabi-e-Arthur-Bolognani.jpg 2000w\" sizes=\"auto, (max-width: 1024px) 100vw, 1024px\" \/><figcaption class=\"wp-element-caption\">Luiza e Nicolas Lyra, Bernardo. Gabi e Arthur Bolognani | Foto: Mariana Campos<\/figcaption><\/figure>\n\n\n\n<figure class=\"wp-block-image size-large\"><img loading=\"lazy\" decoding=\"async\" width=\"1024\" height=\"682\" data-id=\"2380\" src=\"https:\/\/newblogs.correiobraziliense.com.br\/vivabrasilia\/wp-content\/uploads\/sites\/4\/2024\/09\/1-Luis-Paulo-Fernando-e-Lis-Maria-Monteiro-1024x682.jpg\" alt=\"\" class=\"wp-image-2380\" srcset=\"https:\/\/newblogs.correiobraziliense.com.br\/vivabrasilia\/wp-content\/uploads\/sites\/4\/2024\/09\/1-Luis-Paulo-Fernando-e-Lis-Maria-Monteiro-1024x682.jpg 1024w, https:\/\/newblogs.correiobraziliense.com.br\/vivabrasilia\/wp-content\/uploads\/sites\/4\/2024\/09\/1-Luis-Paulo-Fernando-e-Lis-Maria-Monteiro-300x200.jpg 300w, https:\/\/newblogs.correiobraziliense.com.br\/vivabrasilia\/wp-content\/uploads\/sites\/4\/2024\/09\/1-Luis-Paulo-Fernando-e-Lis-Maria-Monteiro-768x512.jpg 768w, https:\/\/newblogs.correiobraziliense.com.br\/vivabrasilia\/wp-content\/uploads\/sites\/4\/2024\/09\/1-Luis-Paulo-Fernando-e-Lis-Maria-Monteiro-1536x1024.jpg 1536w, https:\/\/newblogs.correiobraziliense.com.br\/vivabrasilia\/wp-content\/uploads\/sites\/4\/2024\/09\/1-Luis-Paulo-Fernando-e-Lis-Maria-Monteiro.jpg 2000w\" sizes=\"auto, (max-width: 1024px) 100vw, 1024px\" \/><figcaption class=\"wp-element-caption\">Luis Paulo, Fernando e Lis Maria Monteiro | Foto: Mariana Campos<\/figcaption><\/figure>\n<\/figure>\n<\/div>\n\t\t\t<div class=\"slider-nav\">\n\t\t\t\t<button class=\"prev\">\n\t\t\t\t<svg xmlns=\"http:\/\/www.w3.org\/2000\/svg\" width=\"26\" height=\"45\" viewBox=\"0 0 26 45\" fill=\"none\">\n\t\t\t\t<path d=\"M24.9118 0.990519C25.5461 1.62494 25.9023 2.48528 25.9023 3.38235C25.9023 4.27943 25.5461 5.13977 24.9118 5.77419L8.16559 22.5204L24.9118 39.2667C25.5281 39.9047 25.8691 40.7593 25.8614 41.6463C25.8537 42.5334 25.4979 43.3819 24.8706 44.0091C24.2434 44.6364 23.3948 44.9922 22.5078 44.9999C21.6208 45.0076 20.7662 44.6666 20.1282 44.0503L0.990082 24.9123C0.355853 24.2778 -0.000438023 23.4175 -0.000438023 22.5204C-0.000438023 21.6234 0.355853 20.763 0.990082 20.1286L20.1282 0.990519C20.7626 0.35629 21.6229 0 22.52 0C23.4171 0 24.2774 0.35629 24.9118 0.990519Z\" fill=\"white\" fill-opacity=\"0.7\"><\/path>\n\t\t\t\t<\/svg>\n\t\t\t\t<\/button>\n\t\t\t\t<button class=\"next\">\n\t\t\t\t<svg xmlns=\"http:\/\/www.w3.org\/2000\/svg\" width=\"26\" height=\"45\" viewBox=\"0 0 26 45\" fill=\"none\">\n\t\t\t\t<path d=\"M0.99052 0.990519C0.356291 1.62494 0 2.48528 0 3.38235C0 4.27943 0.356291 5.13977 0.99052 5.77419L17.7368 22.5204L0.99052 39.2667C0.374265 39.9047 0.0332682 40.7593 0.0409763 41.6463C0.0486844 42.5334 0.40448 43.3819 1.03173 44.0091C1.65898 44.6364 2.5075 44.9922 3.39453 44.9999C4.28156 45.0076 5.13613 44.6666 5.77419 44.0503L24.9123 24.9123C25.5465 24.2778 25.9028 23.4175 25.9028 22.5204C25.9028 21.6234 25.5465 20.763 24.9123 20.1286L5.77419 0.990519C5.13977 0.35629 4.27943 0 3.38235 0C2.48528 0 1.62494 0.35629 0.99052 0.990519Z\" fill=\"white\" fill-opacity=\"0.7\"><\/path>\n\t\t\t\t<\/svg>\n\t\t\t\t<\/button>\n\t\t\t<\/div>\n\t\t\t<div class=\"slider-dots\"><\/div>\n\t\t\t<\/div>\n\n\n<p><strong>Leia mais de Viva Bras\u00edlia, o blog de estilo de vida da capital:<\/strong><\/p>\n\n\n<ul class=\"wp-block-latest-posts__list wp-block-latest-posts\"><li><a class=\"wp-block-latest-posts__post-title\" href=\"https:\/\/newblogs.correiobraziliense.com.br\/vivabrasilia\/exposicao-no-museu-nacional-explora-dialogo-entre-artistas-e-curadores\/\">Exposi\u00e7\u00e3o no Museu Nacional explora di\u00e1logo entre artistas e curadores<\/a><\/li>\n<li><a class=\"wp-block-latest-posts__post-title\" href=\"https:\/\/newblogs.correiobraziliense.com.br\/vivabrasilia\/evento-celebra-cultura-do-azerbaijao-com-gastronomia-e-musica\/\">Evento celebra cultura do Azerbaij\u00e3o com gastronomia e m\u00fasica<\/a><\/li>\n<li><a class=\"wp-block-latest-posts__post-title\" href=\"https:\/\/newblogs.correiobraziliense.com.br\/vivabrasilia\/bruna-schettini-e-andre-luis-carneiro-trocam-aliancas-em-cerimonia-intimista\/\">Bruna Schettini e Andr\u00e9 Lu\u00eds Carneiro trocam alian\u00e7as em cerim\u00f4nia intimista<\/a><\/li>\n<li><a class=\"wp-block-latest-posts__post-title\" href=\"https:\/\/newblogs.correiobraziliense.com.br\/vivabrasilia\/festival-petisqueiros-convida-publico-a-votar-em-sabores\/\">Festival Petisqueiros convida p\u00fablico a votar em sabores<\/a><\/li>\n<li><a class=\"wp-block-latest-posts__post-title\" href=\"https:\/\/newblogs.correiobraziliense.com.br\/vivabrasilia\/96-anos-de-jose-sarney-nas-paginas-da-historia\/\">96 anos de Jos\u00e9 Sarney nas p\u00e1ginas da hist\u00f3ria<\/a><\/li>\n<\/ul>","protected":false},"excerpt":{"rendered":"<p>Os pais do pequeno, Izabelle Valverde e Fernando Monteiro, receberam amiguinhos e familiares do aniversariante para a comemora\u00e7\u00e3o<\/p>\n","protected":false},"author":7,"featured_media":2380,"comment_status":"closed","ping_status":"open","sticky":false,"template":"","format":"standard","meta":{"_acf_changed":false,"inline_featured_image":false,"footnotes":""},"categories":[70],"tags":[574,45,573,572,571,570],"class_list":["post-2390","post","type-post","status-publish","format-standard","has-post-thumbnail","hentry","category-aniversario","tag-7-anos","tag-aniversario","tag-catavento-lago","tag-fernando-monteiro","tag-izabelle-valverde","tag-luis-paulo-monteiro"],"acf":[],"yoast_head":"<!-- This site is optimized with the Yoast SEO plugin v27.3 - https:\/\/yoast.com\/product\/yoast-seo-wordpress\/ -->\n<title>Luis Paulo Monteiro festeja a chegada dos 7 anos com muitas brincadeiras - Viva Bras\u00edlia<\/title>\n<meta name=\"description\" content=\"Os pais do pequeno, Izabelle Valverde e Fernando Monteiro, receberam amiguinhos e familiares do aniversariante para a comemora\u00e7\u00e3o\" \/>\n<meta name=\"robots\" content=\"index, follow, max-snippet:-1, max-image-preview:large, max-video-preview:-1\" \/>\n<link rel=\"canonical\" href=\"https:\/\/newblogs.correiobraziliense.com.br\/vivabrasilia\/luis-paulo-monteiro-festeja-a-chegada-dos-7-anos-com-muitas-brincadeiras\/\" \/>\n<meta property=\"og:locale\" content=\"pt_BR\" \/>\n<meta property=\"og:type\" content=\"article\" \/>\n<meta property=\"og:title\" content=\"Luis Paulo Monteiro festeja a chegada dos 7 anos com muitas brincadeiras - Viva Bras\u00edlia\" \/>\n<meta property=\"og:description\" content=\"Os pais do pequeno, Izabelle Valverde e Fernando Monteiro, receberam amiguinhos e familiares do aniversariante para a comemora\u00e7\u00e3o\" \/>\n<meta property=\"og:url\" content=\"https:\/\/newblogs.correiobraziliense.com.br\/vivabrasilia\/luis-paulo-monteiro-festeja-a-chegada-dos-7-anos-com-muitas-brincadeiras\/\" \/>\n<meta property=\"og:site_name\" content=\"Viva Bras\u00edlia\" \/>\n<meta property=\"article:published_time\" content=\"2024-09-21T21:15:17+00:00\" \/>\n<meta property=\"article:modified_time\" content=\"2024-09-21T21:15:18+00:00\" \/>\n<meta property=\"og:image\" content=\"https:\/\/newblogs.correiobraziliense.com.br\/vivabrasilia\/wp-content\/uploads\/sites\/4\/2024\/09\/1-Luis-Paulo-Fernando-e-Lis-Maria-Monteiro.jpg\" \/>\n\t<meta property=\"og:image:width\" content=\"2000\" \/>\n\t<meta property=\"og:image:height\" content=\"1333\" \/>\n\t<meta property=\"og:image:type\" content=\"image\/jpeg\" \/>\n<meta name=\"author\" content=\"Mariana Campos\" \/>\n<!-- \/ Yoast SEO plugin. -->","yoast_head_json":{"title":"Luis Paulo Monteiro festeja a chegada dos 7 anos com muitas brincadeiras - Viva Bras\u00edlia","description":"Os pais do pequeno, Izabelle Valverde e Fernando Monteiro, receberam amiguinhos e familiares do aniversariante para a comemora\u00e7\u00e3o","robots":{"index":"index","follow":"follow","max-snippet":"max-snippet:-1","max-image-preview":"max-image-preview:large","max-video-preview":"max-video-preview:-1"},"canonical":"https:\/\/newblogs.correiobraziliense.com.br\/vivabrasilia\/luis-paulo-monteiro-festeja-a-chegada-dos-7-anos-com-muitas-brincadeiras\/","og_locale":"pt_BR","og_type":"article","og_title":"Luis Paulo Monteiro festeja a chegada dos 7 anos com muitas brincadeiras - Viva Bras\u00edlia","og_description":"Os pais do pequeno, Izabelle Valverde e Fernando Monteiro, receberam amiguinhos e familiares do aniversariante para a comemora\u00e7\u00e3o","og_url":"https:\/\/newblogs.correiobraziliense.com.br\/vivabrasilia\/luis-paulo-monteiro-festeja-a-chegada-dos-7-anos-com-muitas-brincadeiras\/","og_site_name":"Viva Bras\u00edlia","article_published_time":"2024-09-21T21:15:17+00:00","article_modified_time":"2024-09-21T21:15:18+00:00","og_image":[{"width":2000,"height":1333,"url":"https:\/\/newblogs.correiobraziliense.com.br\/vivabrasilia\/wp-content\/uploads\/sites\/4\/2024\/09\/1-Luis-Paulo-Fernando-e-Lis-Maria-Monteiro.jpg","type":"image\/jpeg"}],"author":"Mariana Campos","schema":{"@context":"https:\/\/schema.org","@graph":[{"@type":"Article","@id":"https:\/\/newblogs.correiobraziliense.com.br\/vivabrasilia\/luis-paulo-monteiro-festeja-a-chegada-dos-7-anos-com-muitas-brincadeiras\/#article","isPartOf":{"@id":"https:\/\/newblogs.correiobraziliense.com.br\/vivabrasilia\/luis-paulo-monteiro-festeja-a-chegada-dos-7-anos-com-muitas-brincadeiras\/"},"author":{"name":"Mariana Campos","@id":"https:\/\/newblogs.correiobraziliense.com.br\/vivabrasilia\/#\/schema\/person\/018c75775aaa6ead74dde48a78ac7fa1"},"headline":"Luis Paulo Monteiro festeja a chegada dos 7 anos com muitas brincadeiras","datePublished":"2024-09-21T21:15:17+00:00","dateModified":"2024-09-21T21:15:18+00:00","mainEntityOfPage":{"@id":"https:\/\/newblogs.correiobraziliense.com.br\/vivabrasilia\/luis-paulo-monteiro-festeja-a-chegada-dos-7-anos-com-muitas-brincadeiras\/"},"wordCount":165,"image":{"@id":"https:\/\/newblogs.correiobraziliense.com.br\/vivabrasilia\/luis-paulo-monteiro-festeja-a-chegada-dos-7-anos-com-muitas-brincadeiras\/#primaryimage"},"thumbnailUrl":"https:\/\/newblogs.correiobraziliense.com.br\/vivabrasilia\/wp-content\/uploads\/sites\/4\/2024\/09\/1-Luis-Paulo-Fernando-e-Lis-Maria-Monteiro.jpg","keywords":["7 anos","Anivers\u00e1rio","Catavento Lago","Fernando Monteiro","Izabelle Valverde","Luis Paulo Monteiro"],"articleSection":["Anivers\u00e1rio"],"inLanguage":"pt-BR"},{"@type":"WebPage","@id":"https:\/\/newblogs.correiobraziliense.com.br\/vivabrasilia\/luis-paulo-monteiro-festeja-a-chegada-dos-7-anos-com-muitas-brincadeiras\/","url":"https:\/\/newblogs.correiobraziliense.com.br\/vivabrasilia\/luis-paulo-monteiro-festeja-a-chegada-dos-7-anos-com-muitas-brincadeiras\/","name":"Luis Paulo Monteiro festeja a chegada dos 7 anos com muitas brincadeiras - Viva Bras\u00edlia","isPartOf":{"@id":"https:\/\/newblogs.correiobraziliense.com.br\/vivabrasilia\/#website"},"primaryImageOfPage":{"@id":"https:\/\/newblogs.correiobraziliense.com.br\/vivabrasilia\/luis-paulo-monteiro-festeja-a-chegada-dos-7-anos-com-muitas-brincadeiras\/#primaryimage"},"image":{"@id":"https:\/\/newblogs.correiobraziliense.com.br\/vivabrasilia\/luis-paulo-monteiro-festeja-a-chegada-dos-7-anos-com-muitas-brincadeiras\/#primaryimage"},"thumbnailUrl":"https:\/\/newblogs.correiobraziliense.com.br\/vivabrasilia\/wp-content\/uploads\/sites\/4\/2024\/09\/1-Luis-Paulo-Fernando-e-Lis-Maria-Monteiro.jpg","datePublished":"2024-09-21T21:15:17+00:00","dateModified":"2024-09-21T21:15:18+00:00","author":{"@id":"https:\/\/newblogs.correiobraziliense.com.br\/vivabrasilia\/#\/schema\/person\/018c75775aaa6ead74dde48a78ac7fa1"},"description":"Os pais do pequeno, Izabelle Valverde e Fernando Monteiro, receberam amiguinhos e familiares do aniversariante para a comemora\u00e7\u00e3o","breadcrumb":{"@id":"https:\/\/newblogs.correiobraziliense.com.br\/vivabrasilia\/luis-paulo-monteiro-festeja-a-chegada-dos-7-anos-com-muitas-brincadeiras\/#breadcrumb"},"inLanguage":"pt-BR","potentialAction":[{"@type":"ReadAction","target":["https:\/\/newblogs.correiobraziliense.com.br\/vivabrasilia\/luis-paulo-monteiro-festeja-a-chegada-dos-7-anos-com-muitas-brincadeiras\/"]}]},{"@type":"ImageObject","inLanguage":"pt-BR","@id":"https:\/\/newblogs.correiobraziliense.com.br\/vivabrasilia\/luis-paulo-monteiro-festeja-a-chegada-dos-7-anos-com-muitas-brincadeiras\/#primaryimage","url":"https:\/\/newblogs.correiobraziliense.com.br\/vivabrasilia\/wp-content\/uploads\/sites\/4\/2024\/09\/1-Luis-Paulo-Fernando-e-Lis-Maria-Monteiro.jpg","contentUrl":"https:\/\/newblogs.correiobraziliense.com.br\/vivabrasilia\/wp-content\/uploads\/sites\/4\/2024\/09\/1-Luis-Paulo-Fernando-e-Lis-Maria-Monteiro.jpg","width":2000,"height":1333,"caption":"Luis Paulo, Fernando e Lis Maria Monteiro | Foto: Mariana Campos"},{"@type":"BreadcrumbList","@id":"https:\/\/newblogs.correiobraziliense.com.br\/vivabrasilia\/luis-paulo-monteiro-festeja-a-chegada-dos-7-anos-com-muitas-brincadeiras\/#breadcrumb","itemListElement":[{"@type":"ListItem","position":1,"name":"In\u00edcio","item":"https:\/\/newblogs.correiobraziliense.com.br\/vivabrasilia\/"},{"@type":"ListItem","position":2,"name":"Luis Paulo Monteiro festeja a chegada dos 7 anos com muitas brincadeiras"}]},{"@type":"WebSite","@id":"https:\/\/newblogs.correiobraziliense.com.br\/vivabrasilia\/#website","url":"https:\/\/newblogs.correiobraziliense.com.br\/vivabrasilia\/","name":"Viva Bras\u00edlia","description":"Coluna de estilo de vida","potentialAction":[{"@type":"SearchAction","target":{"@type":"EntryPoint","urlTemplate":"https:\/\/newblogs.correiobraziliense.com.br\/vivabrasilia\/?s={search_term_string}"},"query-input":{"@type":"PropertyValueSpecification","valueRequired":true,"valueName":"search_term_string"}}],"inLanguage":"pt-BR"},{"@type":"Person","@id":"https:\/\/newblogs.correiobraziliense.com.br\/vivabrasilia\/#\/schema\/person\/018c75775aaa6ead74dde48a78ac7fa1","name":"Mariana Campos","image":{"@type":"ImageObject","inLanguage":"pt-BR","@id":"https:\/\/secure.gravatar.com\/avatar\/97cd13271bc36c11415a45e9f8192828452de6a8c0e24857edbf96d21752260f?s=96&d=mm&r=g","url":"https:\/\/secure.gravatar.com\/avatar\/97cd13271bc36c11415a45e9f8192828452de6a8c0e24857edbf96d21752260f?s=96&d=mm&r=g","contentUrl":"https:\/\/secure.gravatar.com\/avatar\/97cd13271bc36c11415a45e9f8192828452de6a8c0e24857edbf96d21752260f?s=96&d=mm&r=g","caption":"Mariana Campos"},"description":"Colunista da Viva Bras\u00edlia, Mariana escreve e fotografa para a coluna. Formada em Comunica\u00e7\u00e3o, aprofundou-se no jornalismo e agora une a escrita com a fotografia para mostrar que a capital \u00e9 uma cidade viva que n\u00e3o se resume ao poder. Tamb\u00e9m faz a cobertura de moda para seu blog, Pliss\u00ea, e para as redes sociais do Correio.","sameAs":["http:\/\/newblogs.correiobraziliense.com\/plisse","https:\/\/www.instagram.com\/marigrigori"],"url":"https:\/\/newblogs.correiobraziliense.com.br\/vivabrasilia\/author\/marivivabrasilia\/"}]}},"_links":{"self":[{"href":"https:\/\/newblogs.correiobraziliense.com.br\/vivabrasilia\/wp-json\/wp\/v2\/posts\/2390","targetHints":{"allow":["GET"]}}],"collection":[{"href":"https:\/\/newblogs.correiobraziliense.com.br\/vivabrasilia\/wp-json\/wp\/v2\/posts"}],"about":[{"href":"https:\/\/newblogs.correiobraziliense.com.br\/vivabrasilia\/wp-json\/wp\/v2\/types\/post"}],"author":[{"embeddable":true,"href":"https:\/\/newblogs.correiobraziliense.com.br\/vivabrasilia\/wp-json\/wp\/v2\/users\/7"}],"replies":[{"embeddable":true,"href":"https:\/\/newblogs.correiobraziliense.com.br\/vivabrasilia\/wp-json\/wp\/v2\/comments?post=2390"}],"version-history":[{"count":2,"href":"https:\/\/newblogs.correiobraziliense.com.br\/vivabrasilia\/wp-json\/wp\/v2\/posts\/2390\/revisions"}],"predecessor-version":[{"id":2400,"href":"https:\/\/newblogs.correiobraziliense.com.br\/vivabrasilia\/wp-json\/wp\/v2\/posts\/2390\/revisions\/2400"}],"wp:featuredmedia":[{"embeddable":true,"href":"https:\/\/newblogs.correiobraziliense.com.br\/vivabrasilia\/wp-json\/wp\/v2\/media\/2380"}],"wp:attachment":[{"href":"https:\/\/newblogs.correiobraziliense.com.br\/vivabrasilia\/wp-json\/wp\/v2\/media?parent=2390"}],"wp:term":[{"taxonomy":"category","embeddable":true,"href":"https:\/\/newblogs.correiobraziliense.com.br\/vivabrasilia\/wp-json\/wp\/v2\/categories?post=2390"},{"taxonomy":"post_tag","embeddable":true,"href":"https:\/\/newblogs.correiobraziliense.com.br\/vivabrasilia\/wp-json\/wp\/v2\/tags?post=2390"}],"curies":[{"name":"wp","href":"https:\/\/api.w.org\/{rel}","templated":true}]}}