{"id":2244,"date":"2024-09-14T09:14:16","date_gmt":"2024-09-14T12:14:16","guid":{"rendered":"https:\/\/newblogs.correiobraziliense.com.br\/vivabrasilia\/?p=2244"},"modified":"2024-09-14T09:14:17","modified_gmt":"2024-09-14T12:14:17","slug":"sarau-homenageia-122-anos-de-juscelino-kubitschek","status":"publish","type":"post","link":"https:\/\/newblogs.correiobraziliense.com.br\/vivabrasilia\/sarau-homenageia-122-anos-de-juscelino-kubitschek\/","title":{"rendered":"Sarau homenageia 122 anos de Juscelino Kubitschek"},"content":{"rendered":"\n<p>Vision\u00e1rio, Juscelino Kubitschek sonhou com a cidade que hoje tanto amamos e que \u00e9 a capital do nosso<br \/>pa\u00eds. <\/p>\n\n\n\n<p>Na \u00faltima quinta-feira, 12 de setembro, o Instituto Hist\u00f3rico e Geogr\u00e1fico do DF prestou homenagem \u00e0 data que<strong> <\/strong>celebra o anivers\u00e1rio do ex-presidente com um Sarau, repleto de m\u00fasicas cl\u00e1ssicas que marcaram a era JK, poemas, prosas e hist\u00f3rias da constru\u00e7\u00e3o da capital. <\/p>\n\n\n\n<p>Pioneiros de Bras\u00edlia, grandes personalidades e autoridades compareceram ao evento para celebrar os 122 anos de Juscelino.<\/p>\n\n\n<div class=\"slider-wrapper\"><div class=\"slider\">\n<figure class=\"wp-block-gallery has-nested-images columns-default is-cropped wp-block-gallery-1 is-layout-flex wp-block-gallery-is-layout-flex\">\n<figure class=\"wp-block-image size-large\"><img loading=\"lazy\" decoding=\"async\" width=\"1024\" height=\"682\" data-id=\"2265\" src=\"https:\/\/newblogs.correiobraziliense.com.br\/vivabrasilia\/wp-content\/uploads\/sites\/4\/2024\/09\/IMG_2263-1024x682.jpg\" alt=\"\" class=\"wp-image-2265\" srcset=\"https:\/\/newblogs.correiobraziliense.com.br\/vivabrasilia\/wp-content\/uploads\/sites\/4\/2024\/09\/IMG_2263-1024x682.jpg 1024w, https:\/\/newblogs.correiobraziliense.com.br\/vivabrasilia\/wp-content\/uploads\/sites\/4\/2024\/09\/IMG_2263-300x200.jpg 300w, https:\/\/newblogs.correiobraziliense.com.br\/vivabrasilia\/wp-content\/uploads\/sites\/4\/2024\/09\/IMG_2263-768x512.jpg 768w, https:\/\/newblogs.correiobraziliense.com.br\/vivabrasilia\/wp-content\/uploads\/sites\/4\/2024\/09\/IMG_2263-1536x1024.jpg 1536w, https:\/\/newblogs.correiobraziliense.com.br\/vivabrasilia\/wp-content\/uploads\/sites\/4\/2024\/09\/IMG_2263.jpg 2000w\" sizes=\"auto, (max-width: 1024px) 100vw, 1024px\" \/><figcaption class=\"wp-element-caption\">Cristo\u0301vam Buarque, Paulo Castelo Branco e Maria de Lourdes Abadia | Foto: Mariana Campos<\/figcaption><\/figure>\n\n\n\n<figure class=\"wp-block-image size-large\"><img loading=\"lazy\" decoding=\"async\" width=\"1024\" height=\"682\" data-id=\"2274\" src=\"https:\/\/newblogs.correiobraziliense.com.br\/vivabrasilia\/wp-content\/uploads\/sites\/4\/2024\/09\/222-Nicolas-Behr-e-Alcina-Ramalho-1024x682.jpg\" alt=\"\" class=\"wp-image-2274\" srcset=\"https:\/\/newblogs.correiobraziliense.com.br\/vivabrasilia\/wp-content\/uploads\/sites\/4\/2024\/09\/222-Nicolas-Behr-e-Alcina-Ramalho-1024x682.jpg 1024w, https:\/\/newblogs.correiobraziliense.com.br\/vivabrasilia\/wp-content\/uploads\/sites\/4\/2024\/09\/222-Nicolas-Behr-e-Alcina-Ramalho-300x200.jpg 300w, https:\/\/newblogs.correiobraziliense.com.br\/vivabrasilia\/wp-content\/uploads\/sites\/4\/2024\/09\/222-Nicolas-Behr-e-Alcina-Ramalho-768x512.jpg 768w, https:\/\/newblogs.correiobraziliense.com.br\/vivabrasilia\/wp-content\/uploads\/sites\/4\/2024\/09\/222-Nicolas-Behr-e-Alcina-Ramalho-1536x1024.jpg 1536w, https:\/\/newblogs.correiobraziliense.com.br\/vivabrasilia\/wp-content\/uploads\/sites\/4\/2024\/09\/222-Nicolas-Behr-e-Alcina-Ramalho.jpg 2000w\" sizes=\"auto, (max-width: 1024px) 100vw, 1024px\" \/><figcaption class=\"wp-element-caption\">Nicolas Behr e Alcina Ramalho | Foto: Mariana Campos<\/figcaption><\/figure>\n\n\n\n<figure class=\"wp-block-image size-large\"><img loading=\"lazy\" decoding=\"async\" width=\"1024\" height=\"682\" data-id=\"2252\" src=\"https:\/\/newblogs.correiobraziliense.com.br\/vivabrasilia\/wp-content\/uploads\/sites\/4\/2024\/09\/IMG_2203-1024x682.jpg\" alt=\"\" class=\"wp-image-2252\" srcset=\"https:\/\/newblogs.correiobraziliense.com.br\/vivabrasilia\/wp-content\/uploads\/sites\/4\/2024\/09\/IMG_2203-1024x682.jpg 1024w, https:\/\/newblogs.correiobraziliense.com.br\/vivabrasilia\/wp-content\/uploads\/sites\/4\/2024\/09\/IMG_2203-300x200.jpg 300w, https:\/\/newblogs.correiobraziliense.com.br\/vivabrasilia\/wp-content\/uploads\/sites\/4\/2024\/09\/IMG_2203-768x512.jpg 768w, https:\/\/newblogs.correiobraziliense.com.br\/vivabrasilia\/wp-content\/uploads\/sites\/4\/2024\/09\/IMG_2203-1536x1024.jpg 1536w, https:\/\/newblogs.correiobraziliense.com.br\/vivabrasilia\/wp-content\/uploads\/sites\/4\/2024\/09\/IMG_2203.jpg 2000w\" sizes=\"auto, (max-width: 1024px) 100vw, 1024px\" \/><figcaption class=\"wp-element-caption\">Natanhy Os\u00f3rio e Elvira Barney | Foto: Mariana Campos<\/figcaption><\/figure>\n\n\n\n<figure class=\"wp-block-image size-large\"><img loading=\"lazy\" decoding=\"async\" width=\"1024\" height=\"682\" data-id=\"2272\" src=\"https:\/\/newblogs.correiobraziliense.com.br\/vivabrasilia\/wp-content\/uploads\/sites\/4\/2024\/09\/IMG_2330-1024x682.jpg\" alt=\"\" class=\"wp-image-2272\" srcset=\"https:\/\/newblogs.correiobraziliense.com.br\/vivabrasilia\/wp-content\/uploads\/sites\/4\/2024\/09\/IMG_2330-1024x682.jpg 1024w, https:\/\/newblogs.correiobraziliense.com.br\/vivabrasilia\/wp-content\/uploads\/sites\/4\/2024\/09\/IMG_2330-300x200.jpg 300w, https:\/\/newblogs.correiobraziliense.com.br\/vivabrasilia\/wp-content\/uploads\/sites\/4\/2024\/09\/IMG_2330-768x512.jpg 768w, https:\/\/newblogs.correiobraziliense.com.br\/vivabrasilia\/wp-content\/uploads\/sites\/4\/2024\/09\/IMG_2330-1536x1024.jpg 1536w, https:\/\/newblogs.correiobraziliense.com.br\/vivabrasilia\/wp-content\/uploads\/sites\/4\/2024\/09\/IMG_2330.jpg 2000w\" sizes=\"auto, (max-width: 1024px) 100vw, 1024px\" \/><figcaption class=\"wp-element-caption\">Alessandro Gagnor Galv\u00e3o e Carlos Alberto Rayol | Foto: Mariana Campos<\/figcaption><\/figure>\n\n\n\n<figure class=\"wp-block-image size-large\"><img loading=\"lazy\" decoding=\"async\" width=\"1024\" height=\"682\" data-id=\"2271\" src=\"https:\/\/newblogs.correiobraziliense.com.br\/vivabrasilia\/wp-content\/uploads\/sites\/4\/2024\/09\/IMG_2323-1024x682.jpg\" alt=\"\" class=\"wp-image-2271\" srcset=\"https:\/\/newblogs.correiobraziliense.com.br\/vivabrasilia\/wp-content\/uploads\/sites\/4\/2024\/09\/IMG_2323-1024x682.jpg 1024w, https:\/\/newblogs.correiobraziliense.com.br\/vivabrasilia\/wp-content\/uploads\/sites\/4\/2024\/09\/IMG_2323-300x200.jpg 300w, https:\/\/newblogs.correiobraziliense.com.br\/vivabrasilia\/wp-content\/uploads\/sites\/4\/2024\/09\/IMG_2323-768x512.jpg 768w, https:\/\/newblogs.correiobraziliense.com.br\/vivabrasilia\/wp-content\/uploads\/sites\/4\/2024\/09\/IMG_2323-1536x1024.jpg 1536w, https:\/\/newblogs.correiobraziliense.com.br\/vivabrasilia\/wp-content\/uploads\/sites\/4\/2024\/09\/IMG_2323.jpg 2000w\" sizes=\"auto, (max-width: 1024px) 100vw, 1024px\" \/><figcaption class=\"wp-element-caption\">Leiliane Rebou\u00e7as e Jos\u00e9 Theodoro Menck | Foto: Mariana Campos<\/figcaption><\/figure>\n\n\n\n<figure class=\"wp-block-image size-large\"><img loading=\"lazy\" decoding=\"async\" width=\"1024\" height=\"636\" data-id=\"2273\" src=\"https:\/\/newblogs.correiobraziliense.com.br\/vivabrasilia\/wp-content\/uploads\/sites\/4\/2024\/09\/111-Cristovam-Buarque-Maria-de-Lourdes-Abadia-e-Paulo-Castelo-Branco-1024x636.jpg\" alt=\"\" class=\"wp-image-2273\" srcset=\"https:\/\/newblogs.correiobraziliense.com.br\/vivabrasilia\/wp-content\/uploads\/sites\/4\/2024\/09\/111-Cristovam-Buarque-Maria-de-Lourdes-Abadia-e-Paulo-Castelo-Branco-1024x636.jpg 1024w, https:\/\/newblogs.correiobraziliense.com.br\/vivabrasilia\/wp-content\/uploads\/sites\/4\/2024\/09\/111-Cristovam-Buarque-Maria-de-Lourdes-Abadia-e-Paulo-Castelo-Branco-300x186.jpg 300w, https:\/\/newblogs.correiobraziliense.com.br\/vivabrasilia\/wp-content\/uploads\/sites\/4\/2024\/09\/111-Cristovam-Buarque-Maria-de-Lourdes-Abadia-e-Paulo-Castelo-Branco-768x477.jpg 768w, https:\/\/newblogs.correiobraziliense.com.br\/vivabrasilia\/wp-content\/uploads\/sites\/4\/2024\/09\/111-Cristovam-Buarque-Maria-de-Lourdes-Abadia-e-Paulo-Castelo-Branco-1536x955.jpg 1536w, https:\/\/newblogs.correiobraziliense.com.br\/vivabrasilia\/wp-content\/uploads\/sites\/4\/2024\/09\/111-Cristovam-Buarque-Maria-de-Lourdes-Abadia-e-Paulo-Castelo-Branco.jpg 2000w\" sizes=\"auto, (max-width: 1024px) 100vw, 1024px\" \/><figcaption class=\"wp-element-caption\">Cristo\u0301vam Buarque, Maria de Lourdes Abadia e o presidente do  IHGDF, Paulo Castelo Branco | Foto: Jo\u00e3o Ademir Rodrigues<\/figcaption><\/figure>\n\n\n\n<figure class=\"wp-block-image size-large\"><img loading=\"lazy\" decoding=\"async\" width=\"1024\" height=\"682\" data-id=\"2266\" src=\"https:\/\/newblogs.correiobraziliense.com.br\/vivabrasilia\/wp-content\/uploads\/sites\/4\/2024\/09\/IMG_2270-1024x682.jpg\" alt=\"\" class=\"wp-image-2266\" srcset=\"https:\/\/newblogs.correiobraziliense.com.br\/vivabrasilia\/wp-content\/uploads\/sites\/4\/2024\/09\/IMG_2270-1024x682.jpg 1024w, https:\/\/newblogs.correiobraziliense.com.br\/vivabrasilia\/wp-content\/uploads\/sites\/4\/2024\/09\/IMG_2270-300x200.jpg 300w, https:\/\/newblogs.correiobraziliense.com.br\/vivabrasilia\/wp-content\/uploads\/sites\/4\/2024\/09\/IMG_2270-768x512.jpg 768w, https:\/\/newblogs.correiobraziliense.com.br\/vivabrasilia\/wp-content\/uploads\/sites\/4\/2024\/09\/IMG_2270-1536x1024.jpg 1536w, https:\/\/newblogs.correiobraziliense.com.br\/vivabrasilia\/wp-content\/uploads\/sites\/4\/2024\/09\/IMG_2270.jpg 2000w\" sizes=\"auto, (max-width: 1024px) 100vw, 1024px\" \/><figcaption class=\"wp-element-caption\">Christian Barney, Elvira Barney e Erica Leduc | Foto: Mariana Campos<\/figcaption><\/figure>\n\n\n\n<figure class=\"wp-block-image size-large\"><img loading=\"lazy\" decoding=\"async\" width=\"1024\" height=\"682\" data-id=\"2269\" src=\"https:\/\/newblogs.correiobraziliense.com.br\/vivabrasilia\/wp-content\/uploads\/sites\/4\/2024\/09\/IMG_2310-1024x682.jpg\" alt=\"\" class=\"wp-image-2269\" srcset=\"https:\/\/newblogs.correiobraziliense.com.br\/vivabrasilia\/wp-content\/uploads\/sites\/4\/2024\/09\/IMG_2310-1024x682.jpg 1024w, https:\/\/newblogs.correiobraziliense.com.br\/vivabrasilia\/wp-content\/uploads\/sites\/4\/2024\/09\/IMG_2310-300x200.jpg 300w, https:\/\/newblogs.correiobraziliense.com.br\/vivabrasilia\/wp-content\/uploads\/sites\/4\/2024\/09\/IMG_2310-768x512.jpg 768w, https:\/\/newblogs.correiobraziliense.com.br\/vivabrasilia\/wp-content\/uploads\/sites\/4\/2024\/09\/IMG_2310-1536x1024.jpg 1536w, https:\/\/newblogs.correiobraziliense.com.br\/vivabrasilia\/wp-content\/uploads\/sites\/4\/2024\/09\/IMG_2310.jpg 2000w\" sizes=\"auto, (max-width: 1024px) 100vw, 1024px\" \/><figcaption class=\"wp-element-caption\">Tania Fontinelli e o ministro do STF, Marco Aurelio Mello | Foto: Mariana Campos<\/figcaption><\/figure>\n\n\n\n<figure class=\"wp-block-image size-large\"><img loading=\"lazy\" decoding=\"async\" width=\"1024\" height=\"682\" data-id=\"2268\" src=\"https:\/\/newblogs.correiobraziliense.com.br\/vivabrasilia\/wp-content\/uploads\/sites\/4\/2024\/09\/IMG_2285-1024x682.jpg\" alt=\"\" class=\"wp-image-2268\" srcset=\"https:\/\/newblogs.correiobraziliense.com.br\/vivabrasilia\/wp-content\/uploads\/sites\/4\/2024\/09\/IMG_2285-1024x682.jpg 1024w, https:\/\/newblogs.correiobraziliense.com.br\/vivabrasilia\/wp-content\/uploads\/sites\/4\/2024\/09\/IMG_2285-300x200.jpg 300w, https:\/\/newblogs.correiobraziliense.com.br\/vivabrasilia\/wp-content\/uploads\/sites\/4\/2024\/09\/IMG_2285-768x512.jpg 768w, https:\/\/newblogs.correiobraziliense.com.br\/vivabrasilia\/wp-content\/uploads\/sites\/4\/2024\/09\/IMG_2285-1536x1024.jpg 1536w, https:\/\/newblogs.correiobraziliense.com.br\/vivabrasilia\/wp-content\/uploads\/sites\/4\/2024\/09\/IMG_2285.jpg 2000w\" sizes=\"auto, (max-width: 1024px) 100vw, 1024px\" \/><figcaption class=\"wp-element-caption\">Vera Martini e Silvestre Gorgulho | Foto: Mariana Campos<\/figcaption><\/figure>\n\n\n\n<figure class=\"wp-block-image size-large\"><img loading=\"lazy\" decoding=\"async\" width=\"1024\" height=\"682\" data-id=\"2254\" src=\"https:\/\/newblogs.correiobraziliense.com.br\/vivabrasilia\/wp-content\/uploads\/sites\/4\/2024\/09\/IMG_2207-1024x682.jpg\" alt=\"\" class=\"wp-image-2254\" srcset=\"https:\/\/newblogs.correiobraziliense.com.br\/vivabrasilia\/wp-content\/uploads\/sites\/4\/2024\/09\/IMG_2207-1024x682.jpg 1024w, https:\/\/newblogs.correiobraziliense.com.br\/vivabrasilia\/wp-content\/uploads\/sites\/4\/2024\/09\/IMG_2207-300x200.jpg 300w, https:\/\/newblogs.correiobraziliense.com.br\/vivabrasilia\/wp-content\/uploads\/sites\/4\/2024\/09\/IMG_2207-768x512.jpg 768w, https:\/\/newblogs.correiobraziliense.com.br\/vivabrasilia\/wp-content\/uploads\/sites\/4\/2024\/09\/IMG_2207-1536x1024.jpg 1536w, https:\/\/newblogs.correiobraziliense.com.br\/vivabrasilia\/wp-content\/uploads\/sites\/4\/2024\/09\/IMG_2207.jpg 2000w\" sizes=\"auto, (max-width: 1024px) 100vw, 1024px\" \/><figcaption class=\"wp-element-caption\">Elizabeth Campos e Anna Carolina Luciano | Foto: Mariana Campos<\/figcaption><\/figure>\n\n\n\n<figure class=\"wp-block-image size-large\"><img loading=\"lazy\" decoding=\"async\" width=\"1024\" height=\"682\" data-id=\"2270\" src=\"https:\/\/newblogs.correiobraziliense.com.br\/vivabrasilia\/wp-content\/uploads\/sites\/4\/2024\/09\/IMG_2318-1024x682.jpg\" alt=\"\" class=\"wp-image-2270\" srcset=\"https:\/\/newblogs.correiobraziliense.com.br\/vivabrasilia\/wp-content\/uploads\/sites\/4\/2024\/09\/IMG_2318-1024x682.jpg 1024w, https:\/\/newblogs.correiobraziliense.com.br\/vivabrasilia\/wp-content\/uploads\/sites\/4\/2024\/09\/IMG_2318-300x200.jpg 300w, https:\/\/newblogs.correiobraziliense.com.br\/vivabrasilia\/wp-content\/uploads\/sites\/4\/2024\/09\/IMG_2318-768x512.jpg 768w, https:\/\/newblogs.correiobraziliense.com.br\/vivabrasilia\/wp-content\/uploads\/sites\/4\/2024\/09\/IMG_2318-1536x1024.jpg 1536w, https:\/\/newblogs.correiobraziliense.com.br\/vivabrasilia\/wp-content\/uploads\/sites\/4\/2024\/09\/IMG_2318.jpg 2000w\" sizes=\"auto, (max-width: 1024px) 100vw, 1024px\" \/><figcaption class=\"wp-element-caption\">Heloisa e Paulo Salles | Foto: Mariana Campos<\/figcaption><\/figure>\n\n\n\n<figure class=\"wp-block-image size-large\"><img loading=\"lazy\" decoding=\"async\" width=\"1024\" height=\"682\" data-id=\"2260\" src=\"https:\/\/newblogs.correiobraziliense.com.br\/vivabrasilia\/wp-content\/uploads\/sites\/4\/2024\/09\/IMG_2231-1024x682.jpg\" alt=\"\" class=\"wp-image-2260\" srcset=\"https:\/\/newblogs.correiobraziliense.com.br\/vivabrasilia\/wp-content\/uploads\/sites\/4\/2024\/09\/IMG_2231-1024x682.jpg 1024w, https:\/\/newblogs.correiobraziliense.com.br\/vivabrasilia\/wp-content\/uploads\/sites\/4\/2024\/09\/IMG_2231-300x200.jpg 300w, https:\/\/newblogs.correiobraziliense.com.br\/vivabrasilia\/wp-content\/uploads\/sites\/4\/2024\/09\/IMG_2231-768x512.jpg 768w, https:\/\/newblogs.correiobraziliense.com.br\/vivabrasilia\/wp-content\/uploads\/sites\/4\/2024\/09\/IMG_2231-1536x1024.jpg 1536w, https:\/\/newblogs.correiobraziliense.com.br\/vivabrasilia\/wp-content\/uploads\/sites\/4\/2024\/09\/IMG_2231.jpg 2000w\" sizes=\"auto, (max-width: 1024px) 100vw, 1024px\" \/><figcaption class=\"wp-element-caption\">Denise Ortiga, Claudio Pereira e Danielle Athayde | Foto: Mariana Campos<\/figcaption><\/figure>\n\n\n\n<figure class=\"wp-block-image size-large\"><img loading=\"lazy\" decoding=\"async\" width=\"1024\" height=\"682\" data-id=\"2258\" src=\"https:\/\/newblogs.correiobraziliense.com.br\/vivabrasilia\/wp-content\/uploads\/sites\/4\/2024\/09\/IMG_2223-1024x682.jpg\" alt=\"\" class=\"wp-image-2258\" srcset=\"https:\/\/newblogs.correiobraziliense.com.br\/vivabrasilia\/wp-content\/uploads\/sites\/4\/2024\/09\/IMG_2223-1024x682.jpg 1024w, https:\/\/newblogs.correiobraziliense.com.br\/vivabrasilia\/wp-content\/uploads\/sites\/4\/2024\/09\/IMG_2223-300x200.jpg 300w, https:\/\/newblogs.correiobraziliense.com.br\/vivabrasilia\/wp-content\/uploads\/sites\/4\/2024\/09\/IMG_2223-768x512.jpg 768w, https:\/\/newblogs.correiobraziliense.com.br\/vivabrasilia\/wp-content\/uploads\/sites\/4\/2024\/09\/IMG_2223-1536x1024.jpg 1536w, https:\/\/newblogs.correiobraziliense.com.br\/vivabrasilia\/wp-content\/uploads\/sites\/4\/2024\/09\/IMG_2223.jpg 2000w\" sizes=\"auto, (max-width: 1024px) 100vw, 1024px\" \/><figcaption class=\"wp-element-caption\">Katia Turra e Danielle Athayde | Foto: Mariana Campos<\/figcaption><\/figure>\n\n\n\n<figure class=\"wp-block-image size-large\"><img loading=\"lazy\" decoding=\"async\" width=\"1024\" height=\"682\" data-id=\"2253\" src=\"https:\/\/newblogs.correiobraziliense.com.br\/vivabrasilia\/wp-content\/uploads\/sites\/4\/2024\/09\/IMG_2205-1024x682.jpg\" alt=\"\" class=\"wp-image-2253\" srcset=\"https:\/\/newblogs.correiobraziliense.com.br\/vivabrasilia\/wp-content\/uploads\/sites\/4\/2024\/09\/IMG_2205-1024x682.jpg 1024w, https:\/\/newblogs.correiobraziliense.com.br\/vivabrasilia\/wp-content\/uploads\/sites\/4\/2024\/09\/IMG_2205-300x200.jpg 300w, https:\/\/newblogs.correiobraziliense.com.br\/vivabrasilia\/wp-content\/uploads\/sites\/4\/2024\/09\/IMG_2205-768x512.jpg 768w, https:\/\/newblogs.correiobraziliense.com.br\/vivabrasilia\/wp-content\/uploads\/sites\/4\/2024\/09\/IMG_2205-1536x1024.jpg 1536w, https:\/\/newblogs.correiobraziliense.com.br\/vivabrasilia\/wp-content\/uploads\/sites\/4\/2024\/09\/IMG_2205.jpg 2000w\" sizes=\"auto, (max-width: 1024px) 100vw, 1024px\" \/><figcaption class=\"wp-element-caption\">Maria de Lourdes Abadia | Foto: Mariana Campos<\/figcaption><\/figure>\n\n\n\n<figure class=\"wp-block-image size-large\"><img loading=\"lazy\" decoding=\"async\" width=\"1024\" height=\"682\" data-id=\"2255\" src=\"https:\/\/newblogs.correiobraziliense.com.br\/vivabrasilia\/wp-content\/uploads\/sites\/4\/2024\/09\/IMG_2214-1024x682.jpg\" alt=\"\" class=\"wp-image-2255\" srcset=\"https:\/\/newblogs.correiobraziliense.com.br\/vivabrasilia\/wp-content\/uploads\/sites\/4\/2024\/09\/IMG_2214-1024x682.jpg 1024w, https:\/\/newblogs.correiobraziliense.com.br\/vivabrasilia\/wp-content\/uploads\/sites\/4\/2024\/09\/IMG_2214-300x200.jpg 300w, https:\/\/newblogs.correiobraziliense.com.br\/vivabrasilia\/wp-content\/uploads\/sites\/4\/2024\/09\/IMG_2214-768x512.jpg 768w, https:\/\/newblogs.correiobraziliense.com.br\/vivabrasilia\/wp-content\/uploads\/sites\/4\/2024\/09\/IMG_2214-1536x1024.jpg 1536w, https:\/\/newblogs.correiobraziliense.com.br\/vivabrasilia\/wp-content\/uploads\/sites\/4\/2024\/09\/IMG_2214.jpg 2000w\" sizes=\"auto, (max-width: 1024px) 100vw, 1024px\" \/><figcaption class=\"wp-element-caption\">Maria de Lourdes Abadia | Foto: Mariana Campos<\/figcaption><\/figure>\n\n\n\n<figure class=\"wp-block-image size-large\"><img loading=\"lazy\" decoding=\"async\" width=\"1024\" height=\"682\" data-id=\"2257\" src=\"https:\/\/newblogs.correiobraziliense.com.br\/vivabrasilia\/wp-content\/uploads\/sites\/4\/2024\/09\/IMG_2218-1024x682.jpg\" alt=\"\" class=\"wp-image-2257\" srcset=\"https:\/\/newblogs.correiobraziliense.com.br\/vivabrasilia\/wp-content\/uploads\/sites\/4\/2024\/09\/IMG_2218-1024x682.jpg 1024w, https:\/\/newblogs.correiobraziliense.com.br\/vivabrasilia\/wp-content\/uploads\/sites\/4\/2024\/09\/IMG_2218-300x200.jpg 300w, https:\/\/newblogs.correiobraziliense.com.br\/vivabrasilia\/wp-content\/uploads\/sites\/4\/2024\/09\/IMG_2218-768x512.jpg 768w, https:\/\/newblogs.correiobraziliense.com.br\/vivabrasilia\/wp-content\/uploads\/sites\/4\/2024\/09\/IMG_2218-1536x1024.jpg 1536w, https:\/\/newblogs.correiobraziliense.com.br\/vivabrasilia\/wp-content\/uploads\/sites\/4\/2024\/09\/IMG_2218.jpg 2000w\" sizes=\"auto, (max-width: 1024px) 100vw, 1024px\" \/><figcaption class=\"wp-element-caption\">Cristo\u0301vam Buarque | Foto: Mariana Campos<\/figcaption><\/figure>\n\n\n\n<figure class=\"wp-block-image size-large\"><img loading=\"lazy\" decoding=\"async\" width=\"1024\" height=\"682\" data-id=\"2267\" src=\"https:\/\/newblogs.correiobraziliense.com.br\/vivabrasilia\/wp-content\/uploads\/sites\/4\/2024\/09\/IMG_2274-1024x682.jpg\" alt=\"\" class=\"wp-image-2267\" srcset=\"https:\/\/newblogs.correiobraziliense.com.br\/vivabrasilia\/wp-content\/uploads\/sites\/4\/2024\/09\/IMG_2274-1024x682.jpg 1024w, https:\/\/newblogs.correiobraziliense.com.br\/vivabrasilia\/wp-content\/uploads\/sites\/4\/2024\/09\/IMG_2274-300x200.jpg 300w, https:\/\/newblogs.correiobraziliense.com.br\/vivabrasilia\/wp-content\/uploads\/sites\/4\/2024\/09\/IMG_2274-768x512.jpg 768w, https:\/\/newblogs.correiobraziliense.com.br\/vivabrasilia\/wp-content\/uploads\/sites\/4\/2024\/09\/IMG_2274-1536x1024.jpg 1536w, https:\/\/newblogs.correiobraziliense.com.br\/vivabrasilia\/wp-content\/uploads\/sites\/4\/2024\/09\/IMG_2274.jpg 2000w\" sizes=\"auto, (max-width: 1024px) 100vw, 1024px\" \/><figcaption class=\"wp-element-caption\">Cristo\u0301vam Buarque, Paulo Castelo Branco e Maria de Lourdes Abadia | Foto: Mariana Campos<\/figcaption><\/figure>\n\n\n\n<figure class=\"wp-block-image size-large\"><img loading=\"lazy\" decoding=\"async\" width=\"1024\" height=\"682\" data-id=\"2261\" src=\"https:\/\/newblogs.correiobraziliense.com.br\/vivabrasilia\/wp-content\/uploads\/sites\/4\/2024\/09\/IMG_2243-1024x682.jpg\" alt=\"\" class=\"wp-image-2261\" srcset=\"https:\/\/newblogs.correiobraziliense.com.br\/vivabrasilia\/wp-content\/uploads\/sites\/4\/2024\/09\/IMG_2243-1024x682.jpg 1024w, https:\/\/newblogs.correiobraziliense.com.br\/vivabrasilia\/wp-content\/uploads\/sites\/4\/2024\/09\/IMG_2243-300x200.jpg 300w, https:\/\/newblogs.correiobraziliense.com.br\/vivabrasilia\/wp-content\/uploads\/sites\/4\/2024\/09\/IMG_2243-768x512.jpg 768w, https:\/\/newblogs.correiobraziliense.com.br\/vivabrasilia\/wp-content\/uploads\/sites\/4\/2024\/09\/IMG_2243-1536x1024.jpg 1536w, https:\/\/newblogs.correiobraziliense.com.br\/vivabrasilia\/wp-content\/uploads\/sites\/4\/2024\/09\/IMG_2243.jpg 2000w\" sizes=\"auto, (max-width: 1024px) 100vw, 1024px\" \/><\/figure>\n\n\n\n<figure class=\"wp-block-image size-large\"><img loading=\"lazy\" decoding=\"async\" width=\"1024\" height=\"682\" data-id=\"2263\" src=\"https:\/\/newblogs.correiobraziliense.com.br\/vivabrasilia\/wp-content\/uploads\/sites\/4\/2024\/09\/IMG_2257-1024x682.jpg\" alt=\"\" class=\"wp-image-2263\" srcset=\"https:\/\/newblogs.correiobraziliense.com.br\/vivabrasilia\/wp-content\/uploads\/sites\/4\/2024\/09\/IMG_2257-1024x682.jpg 1024w, https:\/\/newblogs.correiobraziliense.com.br\/vivabrasilia\/wp-content\/uploads\/sites\/4\/2024\/09\/IMG_2257-300x200.jpg 300w, https:\/\/newblogs.correiobraziliense.com.br\/vivabrasilia\/wp-content\/uploads\/sites\/4\/2024\/09\/IMG_2257-768x512.jpg 768w, https:\/\/newblogs.correiobraziliense.com.br\/vivabrasilia\/wp-content\/uploads\/sites\/4\/2024\/09\/IMG_2257-1536x1024.jpg 1536w, https:\/\/newblogs.correiobraziliense.com.br\/vivabrasilia\/wp-content\/uploads\/sites\/4\/2024\/09\/IMG_2257.jpg 2000w\" sizes=\"auto, (max-width: 1024px) 100vw, 1024px\" \/><figcaption class=\"wp-element-caption\">No piano, Tito Pacheco; na voz e viol\u00e3o, Dara Alencar; e na voz e violino, Olga Dutra | Foto: Mariana Campos<\/figcaption><\/figure>\n\n\n\n<figure class=\"wp-block-image size-large\"><img loading=\"lazy\" decoding=\"async\" width=\"1024\" height=\"682\" data-id=\"2251\" src=\"https:\/\/newblogs.correiobraziliense.com.br\/vivabrasilia\/wp-content\/uploads\/sites\/4\/2024\/09\/IMG_2200-1024x682.jpg\" alt=\"\" class=\"wp-image-2251\" srcset=\"https:\/\/newblogs.correiobraziliense.com.br\/vivabrasilia\/wp-content\/uploads\/sites\/4\/2024\/09\/IMG_2200-1024x682.jpg 1024w, https:\/\/newblogs.correiobraziliense.com.br\/vivabrasilia\/wp-content\/uploads\/sites\/4\/2024\/09\/IMG_2200-300x200.jpg 300w, https:\/\/newblogs.correiobraziliense.com.br\/vivabrasilia\/wp-content\/uploads\/sites\/4\/2024\/09\/IMG_2200-768x512.jpg 768w, https:\/\/newblogs.correiobraziliense.com.br\/vivabrasilia\/wp-content\/uploads\/sites\/4\/2024\/09\/IMG_2200-1536x1024.jpg 1536w, https:\/\/newblogs.correiobraziliense.com.br\/vivabrasilia\/wp-content\/uploads\/sites\/4\/2024\/09\/IMG_2200.jpg 2000w\" sizes=\"auto, (max-width: 1024px) 100vw, 1024px\" \/><figcaption class=\"wp-element-caption\">A cantora Olga Dutra | Foto: Mariana Campos<\/figcaption><\/figure>\n\n\n\n<figure class=\"wp-block-image size-large\"><img loading=\"lazy\" decoding=\"async\" width=\"1024\" height=\"682\" data-id=\"2256\" src=\"https:\/\/newblogs.correiobraziliense.com.br\/vivabrasilia\/wp-content\/uploads\/sites\/4\/2024\/09\/IMG_2215-1024x682.jpg\" alt=\"\" class=\"wp-image-2256\" srcset=\"https:\/\/newblogs.correiobraziliense.com.br\/vivabrasilia\/wp-content\/uploads\/sites\/4\/2024\/09\/IMG_2215-1024x682.jpg 1024w, https:\/\/newblogs.correiobraziliense.com.br\/vivabrasilia\/wp-content\/uploads\/sites\/4\/2024\/09\/IMG_2215-300x200.jpg 300w, https:\/\/newblogs.correiobraziliense.com.br\/vivabrasilia\/wp-content\/uploads\/sites\/4\/2024\/09\/IMG_2215-768x512.jpg 768w, https:\/\/newblogs.correiobraziliense.com.br\/vivabrasilia\/wp-content\/uploads\/sites\/4\/2024\/09\/IMG_2215-1536x1024.jpg 1536w, https:\/\/newblogs.correiobraziliense.com.br\/vivabrasilia\/wp-content\/uploads\/sites\/4\/2024\/09\/IMG_2215.jpg 2000w\" sizes=\"auto, (max-width: 1024px) 100vw, 1024px\" \/><figcaption class=\"wp-element-caption\">Cristo\u0301vam Buarque | Foto: Mariana Campos<\/figcaption><\/figure>\n\n\n\n<figure class=\"wp-block-image size-large\"><img loading=\"lazy\" decoding=\"async\" width=\"1024\" height=\"682\" data-id=\"2262\" src=\"https:\/\/newblogs.correiobraziliense.com.br\/vivabrasilia\/wp-content\/uploads\/sites\/4\/2024\/09\/IMG_2248-1024x682.jpg\" alt=\"\" class=\"wp-image-2262\" srcset=\"https:\/\/newblogs.correiobraziliense.com.br\/vivabrasilia\/wp-content\/uploads\/sites\/4\/2024\/09\/IMG_2248-1024x682.jpg 1024w, https:\/\/newblogs.correiobraziliense.com.br\/vivabrasilia\/wp-content\/uploads\/sites\/4\/2024\/09\/IMG_2248-300x200.jpg 300w, https:\/\/newblogs.correiobraziliense.com.br\/vivabrasilia\/wp-content\/uploads\/sites\/4\/2024\/09\/IMG_2248-768x512.jpg 768w, https:\/\/newblogs.correiobraziliense.com.br\/vivabrasilia\/wp-content\/uploads\/sites\/4\/2024\/09\/IMG_2248-1536x1024.jpg 1536w, https:\/\/newblogs.correiobraziliense.com.br\/vivabrasilia\/wp-content\/uploads\/sites\/4\/2024\/09\/IMG_2248.jpg 2000w\" sizes=\"auto, (max-width: 1024px) 100vw, 1024px\" \/><\/figure>\n<\/figure>\n<\/div>\n\t\t\t<div class=\"slider-nav\">\n\t\t\t\t<button class=\"prev\">\n\t\t\t\t<svg xmlns=\"http:\/\/www.w3.org\/2000\/svg\" width=\"26\" height=\"45\" viewBox=\"0 0 26 45\" fill=\"none\">\n\t\t\t\t<path d=\"M24.9118 0.990519C25.5461 1.62494 25.9023 2.48528 25.9023 3.38235C25.9023 4.27943 25.5461 5.13977 24.9118 5.77419L8.16559 22.5204L24.9118 39.2667C25.5281 39.9047 25.8691 40.7593 25.8614 41.6463C25.8537 42.5334 25.4979 43.3819 24.8706 44.0091C24.2434 44.6364 23.3948 44.9922 22.5078 44.9999C21.6208 45.0076 20.7662 44.6666 20.1282 44.0503L0.990082 24.9123C0.355853 24.2778 -0.000438023 23.4175 -0.000438023 22.5204C-0.000438023 21.6234 0.355853 20.763 0.990082 20.1286L20.1282 0.990519C20.7626 0.35629 21.6229 0 22.52 0C23.4171 0 24.2774 0.35629 24.9118 0.990519Z\" fill=\"white\" fill-opacity=\"0.7\"><\/path>\n\t\t\t\t<\/svg>\n\t\t\t\t<\/button>\n\t\t\t\t<button class=\"next\">\n\t\t\t\t<svg xmlns=\"http:\/\/www.w3.org\/2000\/svg\" width=\"26\" height=\"45\" viewBox=\"0 0 26 45\" fill=\"none\">\n\t\t\t\t<path d=\"M0.99052 0.990519C0.356291 1.62494 0 2.48528 0 3.38235C0 4.27943 0.356291 5.13977 0.99052 5.77419L17.7368 22.5204L0.99052 39.2667C0.374265 39.9047 0.0332682 40.7593 0.0409763 41.6463C0.0486844 42.5334 0.40448 43.3819 1.03173 44.0091C1.65898 44.6364 2.5075 44.9922 3.39453 44.9999C4.28156 45.0076 5.13613 44.6666 5.77419 44.0503L24.9123 24.9123C25.5465 24.2778 25.9028 23.4175 25.9028 22.5204C25.9028 21.6234 25.5465 20.763 24.9123 20.1286L5.77419 0.990519C5.13977 0.35629 4.27943 0 3.38235 0C2.48528 0 1.62494 0.35629 0.99052 0.990519Z\" fill=\"white\" fill-opacity=\"0.7\"><\/path>\n\t\t\t\t<\/svg>\n\t\t\t\t<\/button>\n\t\t\t<\/div>\n\t\t\t<div class=\"slider-dots\"><\/div>\n\t\t\t<\/div>","protected":false},"excerpt":{"rendered":"<p>Organizado no Instituto Hist\u00f3rico e Geogr\u00e1fico do DF, o evento contou com a presen\u00e7a de pioneiros da capital, brasilienses e autoridades<\/p>\n","protected":false},"author":7,"featured_media":2250,"comment_status":"closed","ping_status":"open","sticky":false,"template":"","format":"standard","meta":{"_acf_changed":false,"inline_featured_image":false,"footnotes":""},"categories":[132],"tags":[555,554,553,493],"class_list":["post-2244","post","type-post","status-publish","format-standard","has-post-thumbnail","hentry","category-cidade","tag-instituto-historico-e-geografico-do-df","tag-jk","tag-juscelino-kubitschek","tag-sarau"],"acf":[],"yoast_head":"<!-- This site is optimized with the Yoast SEO plugin v27.3 - https:\/\/yoast.com\/product\/yoast-seo-wordpress\/ -->\n<title>Sarau homenageia 122 anos de Juscelino Kubitschek - Viva Bras\u00edlia<\/title>\n<meta name=\"description\" content=\"Organizado no Instituto Hist\u00f3rico e Geogr\u00e1fico do DF, o evento contou com a presen\u00e7a de pioneiros da capital, brasilienses e autoridades\" \/>\n<meta name=\"robots\" content=\"index, follow, max-snippet:-1, max-image-preview:large, max-video-preview:-1\" \/>\n<link rel=\"canonical\" href=\"https:\/\/newblogs.correiobraziliense.com.br\/vivabrasilia\/sarau-homenageia-122-anos-de-juscelino-kubitschek\/\" \/>\n<meta property=\"og:locale\" content=\"pt_BR\" \/>\n<meta property=\"og:type\" content=\"article\" \/>\n<meta property=\"og:title\" content=\"Sarau homenageia 122 anos de Juscelino Kubitschek - Viva Bras\u00edlia\" \/>\n<meta property=\"og:description\" content=\"Organizado no Instituto Hist\u00f3rico e Geogr\u00e1fico do DF, o evento contou com a presen\u00e7a de pioneiros da capital, brasilienses e autoridades\" \/>\n<meta property=\"og:url\" content=\"https:\/\/newblogs.correiobraziliense.com.br\/vivabrasilia\/sarau-homenageia-122-anos-de-juscelino-kubitschek\/\" \/>\n<meta property=\"og:site_name\" content=\"Viva Bras\u00edlia\" \/>\n<meta property=\"article:published_time\" content=\"2024-09-14T12:14:16+00:00\" \/>\n<meta property=\"article:modified_time\" content=\"2024-09-14T12:14:17+00:00\" \/>\n<meta property=\"og:image\" content=\"https:\/\/newblogs.correiobraziliense.com.br\/vivabrasilia\/wp-content\/uploads\/sites\/4\/2024\/09\/IMG_2198.jpg\" \/>\n\t<meta property=\"og:image:width\" content=\"2000\" \/>\n\t<meta property=\"og:image:height\" content=\"1333\" \/>\n\t<meta property=\"og:image:type\" content=\"image\/jpeg\" \/>\n<meta name=\"author\" content=\"Mariana Campos\" \/>\n<!-- \/ Yoast SEO plugin. -->","yoast_head_json":{"title":"Sarau homenageia 122 anos de Juscelino Kubitschek - Viva Bras\u00edlia","description":"Organizado no Instituto Hist\u00f3rico e Geogr\u00e1fico do DF, o evento contou com a presen\u00e7a de pioneiros da capital, brasilienses e autoridades","robots":{"index":"index","follow":"follow","max-snippet":"max-snippet:-1","max-image-preview":"max-image-preview:large","max-video-preview":"max-video-preview:-1"},"canonical":"https:\/\/newblogs.correiobraziliense.com.br\/vivabrasilia\/sarau-homenageia-122-anos-de-juscelino-kubitschek\/","og_locale":"pt_BR","og_type":"article","og_title":"Sarau homenageia 122 anos de Juscelino Kubitschek - Viva Bras\u00edlia","og_description":"Organizado no Instituto Hist\u00f3rico e Geogr\u00e1fico do DF, o evento contou com a presen\u00e7a de pioneiros da capital, brasilienses e autoridades","og_url":"https:\/\/newblogs.correiobraziliense.com.br\/vivabrasilia\/sarau-homenageia-122-anos-de-juscelino-kubitschek\/","og_site_name":"Viva Bras\u00edlia","article_published_time":"2024-09-14T12:14:16+00:00","article_modified_time":"2024-09-14T12:14:17+00:00","og_image":[{"width":2000,"height":1333,"url":"https:\/\/newblogs.correiobraziliense.com.br\/vivabrasilia\/wp-content\/uploads\/sites\/4\/2024\/09\/IMG_2198.jpg","type":"image\/jpeg"}],"author":"Mariana Campos","schema":{"@context":"https:\/\/schema.org","@graph":[{"@type":"Article","@id":"https:\/\/newblogs.correiobraziliense.com.br\/vivabrasilia\/sarau-homenageia-122-anos-de-juscelino-kubitschek\/#article","isPartOf":{"@id":"https:\/\/newblogs.correiobraziliense.com.br\/vivabrasilia\/sarau-homenageia-122-anos-de-juscelino-kubitschek\/"},"author":{"name":"Mariana Campos","@id":"https:\/\/newblogs.correiobraziliense.com.br\/vivabrasilia\/#\/schema\/person\/018c75775aaa6ead74dde48a78ac7fa1"},"headline":"Sarau homenageia 122 anos de Juscelino Kubitschek","datePublished":"2024-09-14T12:14:16+00:00","dateModified":"2024-09-14T12:14:17+00:00","mainEntityOfPage":{"@id":"https:\/\/newblogs.correiobraziliense.com.br\/vivabrasilia\/sarau-homenageia-122-anos-de-juscelino-kubitschek\/"},"wordCount":295,"image":{"@id":"https:\/\/newblogs.correiobraziliense.com.br\/vivabrasilia\/sarau-homenageia-122-anos-de-juscelino-kubitschek\/#primaryimage"},"thumbnailUrl":"https:\/\/newblogs.correiobraziliense.com.br\/vivabrasilia\/wp-content\/uploads\/sites\/4\/2024\/09\/IMG_2198.jpg","keywords":["Instituto Hist\u00f3rico e Geogr\u00e1fico do DF","JK","Juscelino Kubitschek","sarau"],"articleSection":["Cidade"],"inLanguage":"pt-BR"},{"@type":"WebPage","@id":"https:\/\/newblogs.correiobraziliense.com.br\/vivabrasilia\/sarau-homenageia-122-anos-de-juscelino-kubitschek\/","url":"https:\/\/newblogs.correiobraziliense.com.br\/vivabrasilia\/sarau-homenageia-122-anos-de-juscelino-kubitschek\/","name":"Sarau homenageia 122 anos de Juscelino Kubitschek - Viva Bras\u00edlia","isPartOf":{"@id":"https:\/\/newblogs.correiobraziliense.com.br\/vivabrasilia\/#website"},"primaryImageOfPage":{"@id":"https:\/\/newblogs.correiobraziliense.com.br\/vivabrasilia\/sarau-homenageia-122-anos-de-juscelino-kubitschek\/#primaryimage"},"image":{"@id":"https:\/\/newblogs.correiobraziliense.com.br\/vivabrasilia\/sarau-homenageia-122-anos-de-juscelino-kubitschek\/#primaryimage"},"thumbnailUrl":"https:\/\/newblogs.correiobraziliense.com.br\/vivabrasilia\/wp-content\/uploads\/sites\/4\/2024\/09\/IMG_2198.jpg","datePublished":"2024-09-14T12:14:16+00:00","dateModified":"2024-09-14T12:14:17+00:00","author":{"@id":"https:\/\/newblogs.correiobraziliense.com.br\/vivabrasilia\/#\/schema\/person\/018c75775aaa6ead74dde48a78ac7fa1"},"description":"Organizado no Instituto Hist\u00f3rico e Geogr\u00e1fico do DF, o evento contou com a presen\u00e7a de pioneiros da capital, brasilienses e autoridades","breadcrumb":{"@id":"https:\/\/newblogs.correiobraziliense.com.br\/vivabrasilia\/sarau-homenageia-122-anos-de-juscelino-kubitschek\/#breadcrumb"},"inLanguage":"pt-BR","potentialAction":[{"@type":"ReadAction","target":["https:\/\/newblogs.correiobraziliense.com.br\/vivabrasilia\/sarau-homenageia-122-anos-de-juscelino-kubitschek\/"]}]},{"@type":"ImageObject","inLanguage":"pt-BR","@id":"https:\/\/newblogs.correiobraziliense.com.br\/vivabrasilia\/sarau-homenageia-122-anos-de-juscelino-kubitschek\/#primaryimage","url":"https:\/\/newblogs.correiobraziliense.com.br\/vivabrasilia\/wp-content\/uploads\/sites\/4\/2024\/09\/IMG_2198.jpg","contentUrl":"https:\/\/newblogs.correiobraziliense.com.br\/vivabrasilia\/wp-content\/uploads\/sites\/4\/2024\/09\/IMG_2198.jpg","width":2000,"height":1333,"caption":"A cantora Olga Dutra | Foto: Mariana Campos"},{"@type":"BreadcrumbList","@id":"https:\/\/newblogs.correiobraziliense.com.br\/vivabrasilia\/sarau-homenageia-122-anos-de-juscelino-kubitschek\/#breadcrumb","itemListElement":[{"@type":"ListItem","position":1,"name":"In\u00edcio","item":"https:\/\/newblogs.correiobraziliense.com.br\/vivabrasilia\/"},{"@type":"ListItem","position":2,"name":"Sarau homenageia 122 anos de Juscelino Kubitschek"}]},{"@type":"WebSite","@id":"https:\/\/newblogs.correiobraziliense.com.br\/vivabrasilia\/#website","url":"https:\/\/newblogs.correiobraziliense.com.br\/vivabrasilia\/","name":"Viva Bras\u00edlia","description":"Coluna de estilo de vida","potentialAction":[{"@type":"SearchAction","target":{"@type":"EntryPoint","urlTemplate":"https:\/\/newblogs.correiobraziliense.com.br\/vivabrasilia\/?s={search_term_string}"},"query-input":{"@type":"PropertyValueSpecification","valueRequired":true,"valueName":"search_term_string"}}],"inLanguage":"pt-BR"},{"@type":"Person","@id":"https:\/\/newblogs.correiobraziliense.com.br\/vivabrasilia\/#\/schema\/person\/018c75775aaa6ead74dde48a78ac7fa1","name":"Mariana Campos","image":{"@type":"ImageObject","inLanguage":"pt-BR","@id":"https:\/\/secure.gravatar.com\/avatar\/97cd13271bc36c11415a45e9f8192828452de6a8c0e24857edbf96d21752260f?s=96&d=mm&r=g","url":"https:\/\/secure.gravatar.com\/avatar\/97cd13271bc36c11415a45e9f8192828452de6a8c0e24857edbf96d21752260f?s=96&d=mm&r=g","contentUrl":"https:\/\/secure.gravatar.com\/avatar\/97cd13271bc36c11415a45e9f8192828452de6a8c0e24857edbf96d21752260f?s=96&d=mm&r=g","caption":"Mariana Campos"},"description":"Colunista da Viva Bras\u00edlia, Mariana escreve e fotografa para a coluna. Formada em Comunica\u00e7\u00e3o, aprofundou-se no jornalismo e agora une a escrita com a fotografia para mostrar que a capital \u00e9 uma cidade viva que n\u00e3o se resume ao poder. Tamb\u00e9m faz a cobertura de moda para seu blog, Pliss\u00ea, e para as redes sociais do Correio.","sameAs":["http:\/\/newblogs.correiobraziliense.com\/plisse","https:\/\/www.instagram.com\/marigrigori"],"url":"https:\/\/newblogs.correiobraziliense.com.br\/vivabrasilia\/author\/marivivabrasilia\/"}]}},"_links":{"self":[{"href":"https:\/\/newblogs.correiobraziliense.com.br\/vivabrasilia\/wp-json\/wp\/v2\/posts\/2244","targetHints":{"allow":["GET"]}}],"collection":[{"href":"https:\/\/newblogs.correiobraziliense.com.br\/vivabrasilia\/wp-json\/wp\/v2\/posts"}],"about":[{"href":"https:\/\/newblogs.correiobraziliense.com.br\/vivabrasilia\/wp-json\/wp\/v2\/types\/post"}],"author":[{"embeddable":true,"href":"https:\/\/newblogs.correiobraziliense.com.br\/vivabrasilia\/wp-json\/wp\/v2\/users\/7"}],"replies":[{"embeddable":true,"href":"https:\/\/newblogs.correiobraziliense.com.br\/vivabrasilia\/wp-json\/wp\/v2\/comments?post=2244"}],"version-history":[{"count":2,"href":"https:\/\/newblogs.correiobraziliense.com.br\/vivabrasilia\/wp-json\/wp\/v2\/posts\/2244\/revisions"}],"predecessor-version":[{"id":2275,"href":"https:\/\/newblogs.correiobraziliense.com.br\/vivabrasilia\/wp-json\/wp\/v2\/posts\/2244\/revisions\/2275"}],"wp:featuredmedia":[{"embeddable":true,"href":"https:\/\/newblogs.correiobraziliense.com.br\/vivabrasilia\/wp-json\/wp\/v2\/media\/2250"}],"wp:attachment":[{"href":"https:\/\/newblogs.correiobraziliense.com.br\/vivabrasilia\/wp-json\/wp\/v2\/media?parent=2244"}],"wp:term":[{"taxonomy":"category","embeddable":true,"href":"https:\/\/newblogs.correiobraziliense.com.br\/vivabrasilia\/wp-json\/wp\/v2\/categories?post=2244"},{"taxonomy":"post_tag","embeddable":true,"href":"https:\/\/newblogs.correiobraziliense.com.br\/vivabrasilia\/wp-json\/wp\/v2\/tags?post=2244"}],"curies":[{"name":"wp","href":"https:\/\/api.w.org\/{rel}","templated":true}]}}