{"id":2157,"date":"2024-09-07T16:12:40","date_gmt":"2024-09-07T19:12:40","guid":{"rendered":"https:\/\/newblogs.correiobraziliense.com.br\/vivabrasilia\/?p=2157"},"modified":"2024-09-07T16:12:56","modified_gmt":"2024-09-07T19:12:56","slug":"caixa-cultural-esta-de-volta-apos-reforma-com-nova-exposicao","status":"publish","type":"post","link":"https:\/\/newblogs.correiobraziliense.com.br\/vivabrasilia\/caixa-cultural-esta-de-volta-apos-reforma-com-nova-exposicao\/","title":{"rendered":"Caixa Cultural est\u00e1 de volta ap\u00f3s reforma com nova exposi\u00e7\u00e3o"},"content":{"rendered":"\n<p>Um brinde aos recome\u00e7os! Depois de tr\u00eas meses fechada para reformas, a Caixa Cultural Bras\u00edlia reinaugurou seu espa\u00e7o e agenda na \u00faltima ter\u00e7a-feira. <\/p>\n\n\n\n<p>A reabertura foi marcada pelo evento de lan\u00e7amento da nova exposi\u00e7\u00e3o <em>Rosana Mokdissi \u2014 O gesto como ponto de partida<\/em>. <\/p>\n\n\n\n<p>A celebra\u00e7\u00e3o foi aberta ao p\u00fablico e contou com a presen\u00e7a de convidados, amigos, artistas e curadores, que apreciaram uma visita\u00e7\u00e3o guiada pela mostra, dirigida pela pr\u00f3pria pintora e pelo curador, Agnaldo Farias. <\/p>\n\n\n\n<p>A exposi\u00e7\u00e3o estar\u00e1 em cartaz com entrada gratuita na renovada Caixa Cultural Bras\u00edlia at\u00e9 3 de novembro.<\/p>\n\n\n<div class=\"slider-wrapper\"><div class=\"slider\">\n<figure class=\"wp-block-gallery has-nested-images columns-default is-cropped wp-block-gallery-1 is-layout-flex wp-block-gallery-is-layout-flex\">\n<figure class=\"wp-block-image size-large\"><img loading=\"lazy\" decoding=\"async\" width=\"850\" height=\"567\" data-id=\"2167\" src=\"https:\/\/newblogs.correiobraziliense.com.br\/vivabrasilia\/wp-content\/uploads\/sites\/4\/2024\/09\/444-Lara-e-Vinicius-Carvalho.jpg\" alt=\"\" class=\"wp-image-2167\" srcset=\"https:\/\/newblogs.correiobraziliense.com.br\/vivabrasilia\/wp-content\/uploads\/sites\/4\/2024\/09\/444-Lara-e-Vinicius-Carvalho.jpg 850w, https:\/\/newblogs.correiobraziliense.com.br\/vivabrasilia\/wp-content\/uploads\/sites\/4\/2024\/09\/444-Lara-e-Vinicius-Carvalho-300x200.jpg 300w, https:\/\/newblogs.correiobraziliense.com.br\/vivabrasilia\/wp-content\/uploads\/sites\/4\/2024\/09\/444-Lara-e-Vinicius-Carvalho-768x512.jpg 768w\" sizes=\"auto, (max-width: 850px) 100vw, 850px\" \/><figcaption class=\"wp-element-caption\">Lara e Vin\u00edcius Carvalho | Foto: Gilberto Evangelista<\/figcaption><\/figure>\n\n\n\n<figure class=\"wp-block-image size-large\"><img loading=\"lazy\" decoding=\"async\" width=\"850\" height=\"567\" data-id=\"2166\" src=\"https:\/\/newblogs.correiobraziliense.com.br\/vivabrasilia\/wp-content\/uploads\/sites\/4\/2024\/09\/333-Joao-Victor-Mokdissi-e-Clarissa-Lavocat.jpg\" alt=\"\" class=\"wp-image-2166\" srcset=\"https:\/\/newblogs.correiobraziliense.com.br\/vivabrasilia\/wp-content\/uploads\/sites\/4\/2024\/09\/333-Joao-Victor-Mokdissi-e-Clarissa-Lavocat.jpg 850w, https:\/\/newblogs.correiobraziliense.com.br\/vivabrasilia\/wp-content\/uploads\/sites\/4\/2024\/09\/333-Joao-Victor-Mokdissi-e-Clarissa-Lavocat-300x200.jpg 300w, https:\/\/newblogs.correiobraziliense.com.br\/vivabrasilia\/wp-content\/uploads\/sites\/4\/2024\/09\/333-Joao-Victor-Mokdissi-e-Clarissa-Lavocat-768x512.jpg 768w\" sizes=\"auto, (max-width: 850px) 100vw, 850px\" \/><figcaption class=\"wp-element-caption\">Jo\u00e3o Victor Mokdissi e Clarissa Lavocat | Foto: Gilberto Evangelista<\/figcaption><\/figure>\n\n\n\n<figure class=\"wp-block-image size-large\"><img loading=\"lazy\" decoding=\"async\" width=\"850\" height=\"567\" data-id=\"2165\" src=\"https:\/\/newblogs.correiobraziliense.com.br\/vivabrasilia\/wp-content\/uploads\/sites\/4\/2024\/09\/222-Pedro-e-Isabella-Baracat.jpg\" alt=\"\" class=\"wp-image-2165\" srcset=\"https:\/\/newblogs.correiobraziliense.com.br\/vivabrasilia\/wp-content\/uploads\/sites\/4\/2024\/09\/222-Pedro-e-Isabella-Baracat.jpg 850w, https:\/\/newblogs.correiobraziliense.com.br\/vivabrasilia\/wp-content\/uploads\/sites\/4\/2024\/09\/222-Pedro-e-Isabella-Baracat-300x200.jpg 300w, https:\/\/newblogs.correiobraziliense.com.br\/vivabrasilia\/wp-content\/uploads\/sites\/4\/2024\/09\/222-Pedro-e-Isabella-Baracat-768x512.jpg 768w\" sizes=\"auto, (max-width: 850px) 100vw, 850px\" \/><figcaption class=\"wp-element-caption\">Pedro e Isabella Baracat | Foto: Gilberto Evangelista<\/figcaption><\/figure>\n\n\n\n<figure class=\"wp-block-image size-large\"><img loading=\"lazy\" decoding=\"async\" width=\"850\" height=\"567\" data-id=\"2164\" src=\"https:\/\/newblogs.correiobraziliense.com.br\/vivabrasilia\/wp-content\/uploads\/sites\/4\/2024\/09\/111-Agnaldo-Farias-Rosana-Mokdissi-e-Sanage.jpg\" alt=\"\" class=\"wp-image-2164\" srcset=\"https:\/\/newblogs.correiobraziliense.com.br\/vivabrasilia\/wp-content\/uploads\/sites\/4\/2024\/09\/111-Agnaldo-Farias-Rosana-Mokdissi-e-Sanage.jpg 850w, https:\/\/newblogs.correiobraziliense.com.br\/vivabrasilia\/wp-content\/uploads\/sites\/4\/2024\/09\/111-Agnaldo-Farias-Rosana-Mokdissi-e-Sanage-300x200.jpg 300w, https:\/\/newblogs.correiobraziliense.com.br\/vivabrasilia\/wp-content\/uploads\/sites\/4\/2024\/09\/111-Agnaldo-Farias-Rosana-Mokdissi-e-Sanage-768x512.jpg 768w\" sizes=\"auto, (max-width: 850px) 100vw, 850px\" \/><figcaption class=\"wp-element-caption\">Agnaldo Farias Sanag\u00ea e Rosana Mokdissi | Foto: Gilberto Evangelista<\/figcaption><\/figure>\n\n\n\n<figure class=\"wp-block-image size-large\"><img loading=\"lazy\" decoding=\"async\" width=\"850\" height=\"567\" data-id=\"2163\" src=\"https:\/\/newblogs.correiobraziliense.com.br\/vivabrasilia\/wp-content\/uploads\/sites\/4\/2024\/09\/Rodolffo-Araujo-Geovanna-Gravia-Nathalia-e-Alexandre-Pacheco.jpg\" alt=\"\" class=\"wp-image-2163\" srcset=\"https:\/\/newblogs.correiobraziliense.com.br\/vivabrasilia\/wp-content\/uploads\/sites\/4\/2024\/09\/Rodolffo-Araujo-Geovanna-Gravia-Nathalia-e-Alexandre-Pacheco.jpg 850w, https:\/\/newblogs.correiobraziliense.com.br\/vivabrasilia\/wp-content\/uploads\/sites\/4\/2024\/09\/Rodolffo-Araujo-Geovanna-Gravia-Nathalia-e-Alexandre-Pacheco-300x200.jpg 300w, https:\/\/newblogs.correiobraziliense.com.br\/vivabrasilia\/wp-content\/uploads\/sites\/4\/2024\/09\/Rodolffo-Araujo-Geovanna-Gravia-Nathalia-e-Alexandre-Pacheco-768x512.jpg 768w\" sizes=\"auto, (max-width: 850px) 100vw, 850px\" \/><figcaption class=\"wp-element-caption\">Rodolffo Araujo, Geovanna Gravia, Nathalia e Alexandre Pacheco | Foto: Gilberto Evangelista<\/figcaption><\/figure>\n\n\n\n<figure class=\"wp-block-image size-large\"><img loading=\"lazy\" decoding=\"async\" width=\"850\" height=\"567\" data-id=\"2162\" src=\"https:\/\/newblogs.correiobraziliense.com.br\/vivabrasilia\/wp-content\/uploads\/sites\/4\/2024\/09\/Giovana-Haje-e-Clarissa-Lavocat.jpg\" alt=\"\" class=\"wp-image-2162\" srcset=\"https:\/\/newblogs.correiobraziliense.com.br\/vivabrasilia\/wp-content\/uploads\/sites\/4\/2024\/09\/Giovana-Haje-e-Clarissa-Lavocat.jpg 850w, https:\/\/newblogs.correiobraziliense.com.br\/vivabrasilia\/wp-content\/uploads\/sites\/4\/2024\/09\/Giovana-Haje-e-Clarissa-Lavocat-300x200.jpg 300w, https:\/\/newblogs.correiobraziliense.com.br\/vivabrasilia\/wp-content\/uploads\/sites\/4\/2024\/09\/Giovana-Haje-e-Clarissa-Lavocat-768x512.jpg 768w\" sizes=\"auto, (max-width: 850px) 100vw, 850px\" \/><figcaption class=\"wp-element-caption\">Giovana Haje e Clarissa Lavocat | Foto: Gilberto Evangelista<\/figcaption><\/figure>\n\n\n\n<figure class=\"wp-block-image size-large\"><img loading=\"lazy\" decoding=\"async\" width=\"850\" height=\"567\" data-id=\"2161\" src=\"https:\/\/newblogs.correiobraziliense.com.br\/vivabrasilia\/wp-content\/uploads\/sites\/4\/2024\/09\/Agnaldo-Farias-e-Rosana-Mokdissi_01.jpg\" alt=\"\" class=\"wp-image-2161\" srcset=\"https:\/\/newblogs.correiobraziliense.com.br\/vivabrasilia\/wp-content\/uploads\/sites\/4\/2024\/09\/Agnaldo-Farias-e-Rosana-Mokdissi_01.jpg 850w, https:\/\/newblogs.correiobraziliense.com.br\/vivabrasilia\/wp-content\/uploads\/sites\/4\/2024\/09\/Agnaldo-Farias-e-Rosana-Mokdissi_01-300x200.jpg 300w, https:\/\/newblogs.correiobraziliense.com.br\/vivabrasilia\/wp-content\/uploads\/sites\/4\/2024\/09\/Agnaldo-Farias-e-Rosana-Mokdissi_01-768x512.jpg 768w\" sizes=\"auto, (max-width: 850px) 100vw, 850px\" \/><figcaption class=\"wp-element-caption\">Agnaldo Farias e Rosana Mokdissi | Foto: Gilberto Evangelista<\/figcaption><\/figure>\n\n\n\n<figure class=\"wp-block-image size-large\"><img loading=\"lazy\" decoding=\"async\" width=\"850\" height=\"567\" data-id=\"2160\" src=\"https:\/\/newblogs.correiobraziliense.com.br\/vivabrasilia\/wp-content\/uploads\/sites\/4\/2024\/09\/Agnaldo-Farias-e-Alessandra-Pinheiro.jpg\" alt=\"\" class=\"wp-image-2160\" srcset=\"https:\/\/newblogs.correiobraziliense.com.br\/vivabrasilia\/wp-content\/uploads\/sites\/4\/2024\/09\/Agnaldo-Farias-e-Alessandra-Pinheiro.jpg 850w, https:\/\/newblogs.correiobraziliense.com.br\/vivabrasilia\/wp-content\/uploads\/sites\/4\/2024\/09\/Agnaldo-Farias-e-Alessandra-Pinheiro-300x200.jpg 300w, https:\/\/newblogs.correiobraziliense.com.br\/vivabrasilia\/wp-content\/uploads\/sites\/4\/2024\/09\/Agnaldo-Farias-e-Alessandra-Pinheiro-768x512.jpg 768w\" sizes=\"auto, (max-width: 850px) 100vw, 850px\" \/><figcaption class=\"wp-element-caption\">Agnaldo Farias e Alessandra Pinheiro| Foto: Gilberto Evangelista<\/figcaption><\/figure>\n<\/figure>\n<\/div>\n\t\t\t<div class=\"slider-nav\">\n\t\t\t\t<button class=\"prev\">\n\t\t\t\t<svg xmlns=\"http:\/\/www.w3.org\/2000\/svg\" width=\"26\" height=\"45\" viewBox=\"0 0 26 45\" fill=\"none\">\n\t\t\t\t<path d=\"M24.9118 0.990519C25.5461 1.62494 25.9023 2.48528 25.9023 3.38235C25.9023 4.27943 25.5461 5.13977 24.9118 5.77419L8.16559 22.5204L24.9118 39.2667C25.5281 39.9047 25.8691 40.7593 25.8614 41.6463C25.8537 42.5334 25.4979 43.3819 24.8706 44.0091C24.2434 44.6364 23.3948 44.9922 22.5078 44.9999C21.6208 45.0076 20.7662 44.6666 20.1282 44.0503L0.990082 24.9123C0.355853 24.2778 -0.000438023 23.4175 -0.000438023 22.5204C-0.000438023 21.6234 0.355853 20.763 0.990082 20.1286L20.1282 0.990519C20.7626 0.35629 21.6229 0 22.52 0C23.4171 0 24.2774 0.35629 24.9118 0.990519Z\" fill=\"white\" fill-opacity=\"0.7\"><\/path>\n\t\t\t\t<\/svg>\n\t\t\t\t<\/button>\n\t\t\t\t<button class=\"next\">\n\t\t\t\t<svg xmlns=\"http:\/\/www.w3.org\/2000\/svg\" width=\"26\" height=\"45\" viewBox=\"0 0 26 45\" fill=\"none\">\n\t\t\t\t<path d=\"M0.99052 0.990519C0.356291 1.62494 0 2.48528 0 3.38235C0 4.27943 0.356291 5.13977 0.99052 5.77419L17.7368 22.5204L0.99052 39.2667C0.374265 39.9047 0.0332682 40.7593 0.0409763 41.6463C0.0486844 42.5334 0.40448 43.3819 1.03173 44.0091C1.65898 44.6364 2.5075 44.9922 3.39453 44.9999C4.28156 45.0076 5.13613 44.6666 5.77419 44.0503L24.9123 24.9123C25.5465 24.2778 25.9028 23.4175 25.9028 22.5204C25.9028 21.6234 25.5465 20.763 24.9123 20.1286L5.77419 0.990519C5.13977 0.35629 4.27943 0 3.38235 0C2.48528 0 1.62494 0.35629 0.99052 0.990519Z\" fill=\"white\" fill-opacity=\"0.7\"><\/path>\n\t\t\t\t<\/svg>\n\t\t\t\t<\/button>\n\t\t\t<\/div>\n\t\t\t<div class=\"slider-dots\"><\/div>\n\t\t\t<\/div>","protected":false},"excerpt":{"rendered":"<p>Uma mostra da artista Rosana Mokdissi foi inaugurada na \u00faltima ter\u00e7a-feira, na mesma noite que o espa\u00e7o foi reaberto<\/p>\n","protected":false},"author":7,"featured_media":2158,"comment_status":"closed","ping_status":"open","sticky":false,"template":"","format":"standard","meta":{"_acf_changed":false,"inline_featured_image":false,"footnotes":""},"categories":[72,68,7],"tags":[84,159,523],"class_list":["post-2157","post","type-post","status-publish","format-standard","has-post-thumbnail","hentry","category-arte","category-cultura","category-evento","tag-caixa-cultural","tag-exposicao","tag-rosana-mokdissi"],"acf":[],"yoast_head":"<!-- This site is optimized with the Yoast SEO plugin v27.3 - https:\/\/yoast.com\/product\/yoast-seo-wordpress\/ -->\n<title>Caixa Cultural est\u00e1 de volta ap\u00f3s reforma com nova exposi\u00e7\u00e3o - Viva Bras\u00edlia<\/title>\n<meta name=\"description\" content=\"Uma mostra da artista Rosana Mokdissi foi inaugurada na \u00faltima ter\u00e7a-feira, na mesma noite que o espa\u00e7o foi reaberto\" \/>\n<meta name=\"robots\" content=\"index, follow, max-snippet:-1, max-image-preview:large, max-video-preview:-1\" \/>\n<link rel=\"canonical\" href=\"https:\/\/newblogs.correiobraziliense.com.br\/vivabrasilia\/caixa-cultural-esta-de-volta-apos-reforma-com-nova-exposicao\/\" \/>\n<meta property=\"og:locale\" content=\"pt_BR\" \/>\n<meta property=\"og:type\" content=\"article\" \/>\n<meta property=\"og:title\" content=\"Caixa Cultural est\u00e1 de volta ap\u00f3s reforma com nova exposi\u00e7\u00e3o - Viva Bras\u00edlia\" \/>\n<meta property=\"og:description\" content=\"Uma mostra da artista Rosana Mokdissi foi inaugurada na \u00faltima ter\u00e7a-feira, na mesma noite que o espa\u00e7o foi reaberto\" \/>\n<meta property=\"og:url\" content=\"https:\/\/newblogs.correiobraziliense.com.br\/vivabrasilia\/caixa-cultural-esta-de-volta-apos-reforma-com-nova-exposicao\/\" \/>\n<meta property=\"og:site_name\" content=\"Viva Bras\u00edlia\" \/>\n<meta property=\"article:published_time\" content=\"2024-09-07T19:12:40+00:00\" \/>\n<meta property=\"article:modified_time\" content=\"2024-09-07T19:12:56+00:00\" \/>\n<meta property=\"og:image\" content=\"https:\/\/newblogs.correiobraziliense.com.br\/vivabrasilia\/wp-content\/uploads\/sites\/4\/2024\/09\/Agnaldo-Farias-e-Rosana-Mokdissi_03.jpg\" \/>\n\t<meta property=\"og:image:width\" content=\"850\" \/>\n\t<meta property=\"og:image:height\" content=\"567\" \/>\n\t<meta property=\"og:image:type\" content=\"image\/jpeg\" \/>\n<meta name=\"author\" content=\"Mariana Campos\" \/>\n<!-- \/ Yoast SEO plugin. -->","yoast_head_json":{"title":"Caixa Cultural est\u00e1 de volta ap\u00f3s reforma com nova exposi\u00e7\u00e3o - Viva Bras\u00edlia","description":"Uma mostra da artista Rosana Mokdissi foi inaugurada na \u00faltima ter\u00e7a-feira, na mesma noite que o espa\u00e7o foi reaberto","robots":{"index":"index","follow":"follow","max-snippet":"max-snippet:-1","max-image-preview":"max-image-preview:large","max-video-preview":"max-video-preview:-1"},"canonical":"https:\/\/newblogs.correiobraziliense.com.br\/vivabrasilia\/caixa-cultural-esta-de-volta-apos-reforma-com-nova-exposicao\/","og_locale":"pt_BR","og_type":"article","og_title":"Caixa Cultural est\u00e1 de volta ap\u00f3s reforma com nova exposi\u00e7\u00e3o - Viva Bras\u00edlia","og_description":"Uma mostra da artista Rosana Mokdissi foi inaugurada na \u00faltima ter\u00e7a-feira, na mesma noite que o espa\u00e7o foi reaberto","og_url":"https:\/\/newblogs.correiobraziliense.com.br\/vivabrasilia\/caixa-cultural-esta-de-volta-apos-reforma-com-nova-exposicao\/","og_site_name":"Viva Bras\u00edlia","article_published_time":"2024-09-07T19:12:40+00:00","article_modified_time":"2024-09-07T19:12:56+00:00","og_image":[{"width":850,"height":567,"url":"https:\/\/newblogs.correiobraziliense.com.br\/vivabrasilia\/wp-content\/uploads\/sites\/4\/2024\/09\/Agnaldo-Farias-e-Rosana-Mokdissi_03.jpg","type":"image\/jpeg"}],"author":"Mariana Campos","schema":{"@context":"https:\/\/schema.org","@graph":[{"@type":"Article","@id":"https:\/\/newblogs.correiobraziliense.com.br\/vivabrasilia\/caixa-cultural-esta-de-volta-apos-reforma-com-nova-exposicao\/#article","isPartOf":{"@id":"https:\/\/newblogs.correiobraziliense.com.br\/vivabrasilia\/caixa-cultural-esta-de-volta-apos-reforma-com-nova-exposicao\/"},"author":{"name":"Mariana Campos","@id":"https:\/\/newblogs.correiobraziliense.com.br\/vivabrasilia\/#\/schema\/person\/018c75775aaa6ead74dde48a78ac7fa1"},"headline":"Caixa Cultural est\u00e1 de volta ap\u00f3s reforma com nova exposi\u00e7\u00e3o","datePublished":"2024-09-07T19:12:40+00:00","dateModified":"2024-09-07T19:12:56+00:00","mainEntityOfPage":{"@id":"https:\/\/newblogs.correiobraziliense.com.br\/vivabrasilia\/caixa-cultural-esta-de-volta-apos-reforma-com-nova-exposicao\/"},"wordCount":186,"image":{"@id":"https:\/\/newblogs.correiobraziliense.com.br\/vivabrasilia\/caixa-cultural-esta-de-volta-apos-reforma-com-nova-exposicao\/#primaryimage"},"thumbnailUrl":"https:\/\/newblogs.correiobraziliense.com.br\/vivabrasilia\/wp-content\/uploads\/sites\/4\/2024\/09\/Agnaldo-Farias-e-Rosana-Mokdissi_03.jpg","keywords":["Caixa Cultural","Exposi\u00e7\u00e3o","Rosana Mokdissi"],"articleSection":["Arte","Cultura","Evento"],"inLanguage":"pt-BR"},{"@type":"WebPage","@id":"https:\/\/newblogs.correiobraziliense.com.br\/vivabrasilia\/caixa-cultural-esta-de-volta-apos-reforma-com-nova-exposicao\/","url":"https:\/\/newblogs.correiobraziliense.com.br\/vivabrasilia\/caixa-cultural-esta-de-volta-apos-reforma-com-nova-exposicao\/","name":"Caixa Cultural est\u00e1 de volta ap\u00f3s reforma com nova exposi\u00e7\u00e3o - Viva Bras\u00edlia","isPartOf":{"@id":"https:\/\/newblogs.correiobraziliense.com.br\/vivabrasilia\/#website"},"primaryImageOfPage":{"@id":"https:\/\/newblogs.correiobraziliense.com.br\/vivabrasilia\/caixa-cultural-esta-de-volta-apos-reforma-com-nova-exposicao\/#primaryimage"},"image":{"@id":"https:\/\/newblogs.correiobraziliense.com.br\/vivabrasilia\/caixa-cultural-esta-de-volta-apos-reforma-com-nova-exposicao\/#primaryimage"},"thumbnailUrl":"https:\/\/newblogs.correiobraziliense.com.br\/vivabrasilia\/wp-content\/uploads\/sites\/4\/2024\/09\/Agnaldo-Farias-e-Rosana-Mokdissi_03.jpg","datePublished":"2024-09-07T19:12:40+00:00","dateModified":"2024-09-07T19:12:56+00:00","author":{"@id":"https:\/\/newblogs.correiobraziliense.com.br\/vivabrasilia\/#\/schema\/person\/018c75775aaa6ead74dde48a78ac7fa1"},"description":"Uma mostra da artista Rosana Mokdissi foi inaugurada na \u00faltima ter\u00e7a-feira, na mesma noite que o espa\u00e7o foi reaberto","breadcrumb":{"@id":"https:\/\/newblogs.correiobraziliense.com.br\/vivabrasilia\/caixa-cultural-esta-de-volta-apos-reforma-com-nova-exposicao\/#breadcrumb"},"inLanguage":"pt-BR","potentialAction":[{"@type":"ReadAction","target":["https:\/\/newblogs.correiobraziliense.com.br\/vivabrasilia\/caixa-cultural-esta-de-volta-apos-reforma-com-nova-exposicao\/"]}]},{"@type":"ImageObject","inLanguage":"pt-BR","@id":"https:\/\/newblogs.correiobraziliense.com.br\/vivabrasilia\/caixa-cultural-esta-de-volta-apos-reforma-com-nova-exposicao\/#primaryimage","url":"https:\/\/newblogs.correiobraziliense.com.br\/vivabrasilia\/wp-content\/uploads\/sites\/4\/2024\/09\/Agnaldo-Farias-e-Rosana-Mokdissi_03.jpg","contentUrl":"https:\/\/newblogs.correiobraziliense.com.br\/vivabrasilia\/wp-content\/uploads\/sites\/4\/2024\/09\/Agnaldo-Farias-e-Rosana-Mokdissi_03.jpg","width":850,"height":567,"caption":"O curador, Agnaldo Farias, e a artista pl\u00e1stica, Rosana Mokdissi | Foto: Gilberto Evangelista"},{"@type":"BreadcrumbList","@id":"https:\/\/newblogs.correiobraziliense.com.br\/vivabrasilia\/caixa-cultural-esta-de-volta-apos-reforma-com-nova-exposicao\/#breadcrumb","itemListElement":[{"@type":"ListItem","position":1,"name":"In\u00edcio","item":"https:\/\/newblogs.correiobraziliense.com.br\/vivabrasilia\/"},{"@type":"ListItem","position":2,"name":"Caixa Cultural est\u00e1 de volta ap\u00f3s reforma com nova exposi\u00e7\u00e3o"}]},{"@type":"WebSite","@id":"https:\/\/newblogs.correiobraziliense.com.br\/vivabrasilia\/#website","url":"https:\/\/newblogs.correiobraziliense.com.br\/vivabrasilia\/","name":"Viva Bras\u00edlia","description":"Coluna de estilo de vida","potentialAction":[{"@type":"SearchAction","target":{"@type":"EntryPoint","urlTemplate":"https:\/\/newblogs.correiobraziliense.com.br\/vivabrasilia\/?s={search_term_string}"},"query-input":{"@type":"PropertyValueSpecification","valueRequired":true,"valueName":"search_term_string"}}],"inLanguage":"pt-BR"},{"@type":"Person","@id":"https:\/\/newblogs.correiobraziliense.com.br\/vivabrasilia\/#\/schema\/person\/018c75775aaa6ead74dde48a78ac7fa1","name":"Mariana Campos","image":{"@type":"ImageObject","inLanguage":"pt-BR","@id":"https:\/\/secure.gravatar.com\/avatar\/97cd13271bc36c11415a45e9f8192828452de6a8c0e24857edbf96d21752260f?s=96&d=mm&r=g","url":"https:\/\/secure.gravatar.com\/avatar\/97cd13271bc36c11415a45e9f8192828452de6a8c0e24857edbf96d21752260f?s=96&d=mm&r=g","contentUrl":"https:\/\/secure.gravatar.com\/avatar\/97cd13271bc36c11415a45e9f8192828452de6a8c0e24857edbf96d21752260f?s=96&d=mm&r=g","caption":"Mariana Campos"},"description":"Colunista da Viva Bras\u00edlia, Mariana escreve e fotografa para a coluna. Formada em Comunica\u00e7\u00e3o, aprofundou-se no jornalismo e agora une a escrita com a fotografia para mostrar que a capital \u00e9 uma cidade viva que n\u00e3o se resume ao poder. Tamb\u00e9m faz a cobertura de moda para seu blog, Pliss\u00ea, e para as redes sociais do Correio.","sameAs":["http:\/\/newblogs.correiobraziliense.com\/plisse","https:\/\/www.instagram.com\/marigrigori"],"url":"https:\/\/newblogs.correiobraziliense.com.br\/vivabrasilia\/author\/marivivabrasilia\/"}]}},"_links":{"self":[{"href":"https:\/\/newblogs.correiobraziliense.com.br\/vivabrasilia\/wp-json\/wp\/v2\/posts\/2157","targetHints":{"allow":["GET"]}}],"collection":[{"href":"https:\/\/newblogs.correiobraziliense.com.br\/vivabrasilia\/wp-json\/wp\/v2\/posts"}],"about":[{"href":"https:\/\/newblogs.correiobraziliense.com.br\/vivabrasilia\/wp-json\/wp\/v2\/types\/post"}],"author":[{"embeddable":true,"href":"https:\/\/newblogs.correiobraziliense.com.br\/vivabrasilia\/wp-json\/wp\/v2\/users\/7"}],"replies":[{"embeddable":true,"href":"https:\/\/newblogs.correiobraziliense.com.br\/vivabrasilia\/wp-json\/wp\/v2\/comments?post=2157"}],"version-history":[{"count":2,"href":"https:\/\/newblogs.correiobraziliense.com.br\/vivabrasilia\/wp-json\/wp\/v2\/posts\/2157\/revisions"}],"predecessor-version":[{"id":2168,"href":"https:\/\/newblogs.correiobraziliense.com.br\/vivabrasilia\/wp-json\/wp\/v2\/posts\/2157\/revisions\/2168"}],"wp:featuredmedia":[{"embeddable":true,"href":"https:\/\/newblogs.correiobraziliense.com.br\/vivabrasilia\/wp-json\/wp\/v2\/media\/2158"}],"wp:attachment":[{"href":"https:\/\/newblogs.correiobraziliense.com.br\/vivabrasilia\/wp-json\/wp\/v2\/media?parent=2157"}],"wp:term":[{"taxonomy":"category","embeddable":true,"href":"https:\/\/newblogs.correiobraziliense.com.br\/vivabrasilia\/wp-json\/wp\/v2\/categories?post=2157"},{"taxonomy":"post_tag","embeddable":true,"href":"https:\/\/newblogs.correiobraziliense.com.br\/vivabrasilia\/wp-json\/wp\/v2\/tags?post=2157"}],"curies":[{"name":"wp","href":"https:\/\/api.w.org\/{rel}","templated":true}]}}