{"id":2133,"date":"2024-09-04T10:50:48","date_gmt":"2024-09-04T13:50:48","guid":{"rendered":"https:\/\/newblogs.correiobraziliense.com.br\/vivabrasilia\/?p=2133"},"modified":"2024-09-04T10:50:49","modified_gmt":"2024-09-04T13:50:49","slug":"brasilia-sobre-rodas-homenageia-personalidades-do-automobilismo","status":"publish","type":"post","link":"https:\/\/newblogs.correiobraziliense.com.br\/vivabrasilia\/brasilia-sobre-rodas-homenageia-personalidades-do-automobilismo\/","title":{"rendered":"Bras\u00edlia Sobre Rodas homenageia personalidades do automobilismo"},"content":{"rendered":"\n<p>O Bras\u00edlia Sobre Rodas j\u00e1 se tornou tradi\u00e7\u00e3o na capital. O evento contou com o <strong>Correio Braziliense<\/strong> como parceiro de m\u00eddia e reuniu, no Pont\u00e3o do Lago Sul, amantes de autom\u00f3veis para ver a exposi\u00e7\u00e3o de carros antigos e raros, cedidos por colecionadores. <\/p>\n\n\n\n<p>A inaugura\u00e7\u00e3o ocorreu na \u00faltima quinta-feira, em um happy hour na orla do lago, e juntou grandes personalidades precursoras do automobilismo brasiliense para um tributo. Foi uma forma de homenage\u00e1-las e agradecer a elas.\u00a0<\/p>\n\n\n<div class=\"slider-wrapper\"><div class=\"slider\">\n<figure class=\"wp-block-gallery has-nested-images columns-default is-cropped wp-block-gallery-1 is-layout-flex wp-block-gallery-is-layout-flex\">\n<figure class=\"wp-block-image size-large\"><img loading=\"lazy\" decoding=\"async\" width=\"1024\" height=\"682\" data-id=\"2134\" src=\"https:\/\/newblogs.correiobraziliense.com.br\/vivabrasilia\/wp-content\/uploads\/sites\/4\/2024\/09\/22-Jorge-Ricardo-Sergio-Marcelo-Jose-e-Toninho-3-1024x682.jpg\" alt=\"\" class=\"wp-image-2134\" srcset=\"https:\/\/newblogs.correiobraziliense.com.br\/vivabrasilia\/wp-content\/uploads\/sites\/4\/2024\/09\/22-Jorge-Ricardo-Sergio-Marcelo-Jose-e-Toninho-3-1024x682.jpg 1024w, https:\/\/newblogs.correiobraziliense.com.br\/vivabrasilia\/wp-content\/uploads\/sites\/4\/2024\/09\/22-Jorge-Ricardo-Sergio-Marcelo-Jose-e-Toninho-3-300x200.jpg 300w, https:\/\/newblogs.correiobraziliense.com.br\/vivabrasilia\/wp-content\/uploads\/sites\/4\/2024\/09\/22-Jorge-Ricardo-Sergio-Marcelo-Jose-e-Toninho-3-768x512.jpg 768w, https:\/\/newblogs.correiobraziliense.com.br\/vivabrasilia\/wp-content\/uploads\/sites\/4\/2024\/09\/22-Jorge-Ricardo-Sergio-Marcelo-Jose-e-Toninho-3-1536x1024.jpg 1536w, https:\/\/newblogs.correiobraziliense.com.br\/vivabrasilia\/wp-content\/uploads\/sites\/4\/2024\/09\/22-Jorge-Ricardo-Sergio-Marcelo-Jose-e-Toninho-3.jpg 2000w\" sizes=\"auto, (max-width: 1024px) 100vw, 1024px\" \/><figcaption class=\"wp-element-caption\">Jorge Vargas, Ricardo Ortega, Sergio Slaviero, Marcelo Mexicano, Jos\u00e9 Alexandre e Toninho Moraes | Foto: Mariana Campos<\/figcaption><\/figure>\n\n\n\n<figure class=\"wp-block-image size-large\"><img loading=\"lazy\" decoding=\"async\" width=\"1024\" height=\"682\" data-id=\"2135\" src=\"https:\/\/newblogs.correiobraziliense.com.br\/vivabrasilia\/wp-content\/uploads\/sites\/4\/2024\/09\/11-Carolina-Leonardo-Elma-Elsinho-Anna-e-Alice-1024x682.jpg\" alt=\"\" class=\"wp-image-2135\" srcset=\"https:\/\/newblogs.correiobraziliense.com.br\/vivabrasilia\/wp-content\/uploads\/sites\/4\/2024\/09\/11-Carolina-Leonardo-Elma-Elsinho-Anna-e-Alice-1024x682.jpg 1024w, https:\/\/newblogs.correiobraziliense.com.br\/vivabrasilia\/wp-content\/uploads\/sites\/4\/2024\/09\/11-Carolina-Leonardo-Elma-Elsinho-Anna-e-Alice-300x200.jpg 300w, https:\/\/newblogs.correiobraziliense.com.br\/vivabrasilia\/wp-content\/uploads\/sites\/4\/2024\/09\/11-Carolina-Leonardo-Elma-Elsinho-Anna-e-Alice-768x512.jpg 768w, https:\/\/newblogs.correiobraziliense.com.br\/vivabrasilia\/wp-content\/uploads\/sites\/4\/2024\/09\/11-Carolina-Leonardo-Elma-Elsinho-Anna-e-Alice-1536x1024.jpg 1536w, https:\/\/newblogs.correiobraziliense.com.br\/vivabrasilia\/wp-content\/uploads\/sites\/4\/2024\/09\/11-Carolina-Leonardo-Elma-Elsinho-Anna-e-Alice.jpg 2000w\" sizes=\"auto, (max-width: 1024px) 100vw, 1024px\" \/><figcaption class=\"wp-element-caption\">Carolina Rezek, Leonardo, Elma Casc\u00e3o e Elsinho, Anna Luisa Drummond e Alice Maria Bisol Casc\u00e3o | Foto: Mariana Campos<\/figcaption><\/figure>\n<\/figure>\n<\/div>\n\t\t\t<div class=\"slider-nav\">\n\t\t\t\t<button class=\"prev\">\n\t\t\t\t<svg xmlns=\"http:\/\/www.w3.org\/2000\/svg\" width=\"26\" height=\"45\" viewBox=\"0 0 26 45\" fill=\"none\">\n\t\t\t\t<path d=\"M24.9118 0.990519C25.5461 1.62494 25.9023 2.48528 25.9023 3.38235C25.9023 4.27943 25.5461 5.13977 24.9118 5.77419L8.16559 22.5204L24.9118 39.2667C25.5281 39.9047 25.8691 40.7593 25.8614 41.6463C25.8537 42.5334 25.4979 43.3819 24.8706 44.0091C24.2434 44.6364 23.3948 44.9922 22.5078 44.9999C21.6208 45.0076 20.7662 44.6666 20.1282 44.0503L0.990082 24.9123C0.355853 24.2778 -0.000438023 23.4175 -0.000438023 22.5204C-0.000438023 21.6234 0.355853 20.763 0.990082 20.1286L20.1282 0.990519C20.7626 0.35629 21.6229 0 22.52 0C23.4171 0 24.2774 0.35629 24.9118 0.990519Z\" fill=\"white\" fill-opacity=\"0.7\"><\/path>\n\t\t\t\t<\/svg>\n\t\t\t\t<\/button>\n\t\t\t\t<button class=\"next\">\n\t\t\t\t<svg xmlns=\"http:\/\/www.w3.org\/2000\/svg\" width=\"26\" height=\"45\" viewBox=\"0 0 26 45\" fill=\"none\">\n\t\t\t\t<path d=\"M0.99052 0.990519C0.356291 1.62494 0 2.48528 0 3.38235C0 4.27943 0.356291 5.13977 0.99052 5.77419L17.7368 22.5204L0.99052 39.2667C0.374265 39.9047 0.0332682 40.7593 0.0409763 41.6463C0.0486844 42.5334 0.40448 43.3819 1.03173 44.0091C1.65898 44.6364 2.5075 44.9922 3.39453 44.9999C4.28156 45.0076 5.13613 44.6666 5.77419 44.0503L24.9123 24.9123C25.5465 24.2778 25.9028 23.4175 25.9028 22.5204C25.9028 21.6234 25.5465 20.763 24.9123 20.1286L5.77419 0.990519C5.13977 0.35629 4.27943 0 3.38235 0C2.48528 0 1.62494 0.35629 0.99052 0.990519Z\" fill=\"white\" fill-opacity=\"0.7\"><\/path>\n\t\t\t\t<\/svg>\n\t\t\t\t<\/button>\n\t\t\t<\/div>\n\t\t\t<div class=\"slider-dots\"><\/div>\n\t\t\t<\/div>","protected":false},"excerpt":{"rendered":"<p>O festival ocorreu na \u00faltima semana no Pont\u00e3o do Lago Sul, e reuniu amantes de carros para uma exposi\u00e7\u00e3o de autom\u00f3veis antigos e raros<\/p>\n","protected":false},"author":7,"featured_media":2137,"comment_status":"closed","ping_status":"open","sticky":false,"template":"","format":"standard","meta":{"_acf_changed":false,"inline_featured_image":false,"footnotes":""},"categories":[132,7],"tags":[177,514,389,515],"class_list":["post-2133","post","type-post","status-publish","format-standard","has-post-thumbnail","hentry","category-cidade","category-evento","tag-automobilismo","tag-brasilia-sobre-rodas","tag-lago-sul","tag-pontao"],"acf":[],"yoast_head":"<!-- This site is optimized with the Yoast SEO plugin v27.3 - https:\/\/yoast.com\/product\/yoast-seo-wordpress\/ -->\n<title>Bras\u00edlia Sobre Rodas homenageia personalidades do automobilismo - Viva Bras\u00edlia<\/title>\n<meta name=\"description\" content=\"O festival ocorreu na \u00faltima semana no Pont\u00e3o do Lago Sul, e reuniu amantes de carros para uma exposi\u00e7\u00e3o de autom\u00f3veis antigos e raros\" \/>\n<meta name=\"robots\" content=\"index, follow, max-snippet:-1, max-image-preview:large, max-video-preview:-1\" \/>\n<link rel=\"canonical\" href=\"https:\/\/newblogs.correiobraziliense.com.br\/vivabrasilia\/brasilia-sobre-rodas-homenageia-personalidades-do-automobilismo\/\" \/>\n<meta property=\"og:locale\" content=\"pt_BR\" \/>\n<meta property=\"og:type\" content=\"article\" \/>\n<meta property=\"og:title\" content=\"Bras\u00edlia Sobre Rodas homenageia personalidades do automobilismo - Viva Bras\u00edlia\" \/>\n<meta property=\"og:description\" content=\"O festival ocorreu na \u00faltima semana no Pont\u00e3o do Lago Sul, e reuniu amantes de carros para uma exposi\u00e7\u00e3o de autom\u00f3veis antigos e raros\" \/>\n<meta property=\"og:url\" content=\"https:\/\/newblogs.correiobraziliense.com.br\/vivabrasilia\/brasilia-sobre-rodas-homenageia-personalidades-do-automobilismo\/\" \/>\n<meta property=\"og:site_name\" content=\"Viva Bras\u00edlia\" \/>\n<meta property=\"article:published_time\" content=\"2024-09-04T13:50:48+00:00\" \/>\n<meta property=\"article:modified_time\" content=\"2024-09-04T13:50:49+00:00\" \/>\n<meta property=\"og:image\" content=\"https:\/\/newblogs.correiobraziliense.com.br\/vivabrasilia\/wp-content\/uploads\/sites\/4\/2024\/09\/IMG_1172-Aprimorado-NR.jpg\" \/>\n\t<meta property=\"og:image:width\" content=\"2000\" \/>\n\t<meta property=\"og:image:height\" content=\"1333\" \/>\n\t<meta property=\"og:image:type\" content=\"image\/jpeg\" \/>\n<meta name=\"author\" content=\"Mariana Campos\" \/>\n<!-- \/ Yoast SEO plugin. -->","yoast_head_json":{"title":"Bras\u00edlia Sobre Rodas homenageia personalidades do automobilismo - Viva Bras\u00edlia","description":"O festival ocorreu na \u00faltima semana no Pont\u00e3o do Lago Sul, e reuniu amantes de carros para uma exposi\u00e7\u00e3o de autom\u00f3veis antigos e raros","robots":{"index":"index","follow":"follow","max-snippet":"max-snippet:-1","max-image-preview":"max-image-preview:large","max-video-preview":"max-video-preview:-1"},"canonical":"https:\/\/newblogs.correiobraziliense.com.br\/vivabrasilia\/brasilia-sobre-rodas-homenageia-personalidades-do-automobilismo\/","og_locale":"pt_BR","og_type":"article","og_title":"Bras\u00edlia Sobre Rodas homenageia personalidades do automobilismo - Viva Bras\u00edlia","og_description":"O festival ocorreu na \u00faltima semana no Pont\u00e3o do Lago Sul, e reuniu amantes de carros para uma exposi\u00e7\u00e3o de autom\u00f3veis antigos e raros","og_url":"https:\/\/newblogs.correiobraziliense.com.br\/vivabrasilia\/brasilia-sobre-rodas-homenageia-personalidades-do-automobilismo\/","og_site_name":"Viva Bras\u00edlia","article_published_time":"2024-09-04T13:50:48+00:00","article_modified_time":"2024-09-04T13:50:49+00:00","og_image":[{"width":2000,"height":1333,"url":"https:\/\/newblogs.correiobraziliense.com.br\/vivabrasilia\/wp-content\/uploads\/sites\/4\/2024\/09\/IMG_1172-Aprimorado-NR.jpg","type":"image\/jpeg"}],"author":"Mariana Campos","schema":{"@context":"https:\/\/schema.org","@graph":[{"@type":"Article","@id":"https:\/\/newblogs.correiobraziliense.com.br\/vivabrasilia\/brasilia-sobre-rodas-homenageia-personalidades-do-automobilismo\/#article","isPartOf":{"@id":"https:\/\/newblogs.correiobraziliense.com.br\/vivabrasilia\/brasilia-sobre-rodas-homenageia-personalidades-do-automobilismo\/"},"author":{"name":"Mariana Campos","@id":"https:\/\/newblogs.correiobraziliense.com.br\/vivabrasilia\/#\/schema\/person\/018c75775aaa6ead74dde48a78ac7fa1"},"headline":"Bras\u00edlia Sobre Rodas homenageia personalidades do automobilismo","datePublished":"2024-09-04T13:50:48+00:00","dateModified":"2024-09-04T13:50:49+00:00","mainEntityOfPage":{"@id":"https:\/\/newblogs.correiobraziliense.com.br\/vivabrasilia\/brasilia-sobre-rodas-homenageia-personalidades-do-automobilismo\/"},"wordCount":129,"image":{"@id":"https:\/\/newblogs.correiobraziliense.com.br\/vivabrasilia\/brasilia-sobre-rodas-homenageia-personalidades-do-automobilismo\/#primaryimage"},"thumbnailUrl":"https:\/\/newblogs.correiobraziliense.com.br\/vivabrasilia\/wp-content\/uploads\/sites\/4\/2024\/09\/IMG_1172-Aprimorado-NR.jpg","keywords":["Automobilismo","Bras\u00edlia sobre rodas","Lago Sul","Pont\u00e3o"],"articleSection":["Cidade","Evento"],"inLanguage":"pt-BR"},{"@type":"WebPage","@id":"https:\/\/newblogs.correiobraziliense.com.br\/vivabrasilia\/brasilia-sobre-rodas-homenageia-personalidades-do-automobilismo\/","url":"https:\/\/newblogs.correiobraziliense.com.br\/vivabrasilia\/brasilia-sobre-rodas-homenageia-personalidades-do-automobilismo\/","name":"Bras\u00edlia Sobre Rodas homenageia personalidades do automobilismo - Viva Bras\u00edlia","isPartOf":{"@id":"https:\/\/newblogs.correiobraziliense.com.br\/vivabrasilia\/#website"},"primaryImageOfPage":{"@id":"https:\/\/newblogs.correiobraziliense.com.br\/vivabrasilia\/brasilia-sobre-rodas-homenageia-personalidades-do-automobilismo\/#primaryimage"},"image":{"@id":"https:\/\/newblogs.correiobraziliense.com.br\/vivabrasilia\/brasilia-sobre-rodas-homenageia-personalidades-do-automobilismo\/#primaryimage"},"thumbnailUrl":"https:\/\/newblogs.correiobraziliense.com.br\/vivabrasilia\/wp-content\/uploads\/sites\/4\/2024\/09\/IMG_1172-Aprimorado-NR.jpg","datePublished":"2024-09-04T13:50:48+00:00","dateModified":"2024-09-04T13:50:49+00:00","author":{"@id":"https:\/\/newblogs.correiobraziliense.com.br\/vivabrasilia\/#\/schema\/person\/018c75775aaa6ead74dde48a78ac7fa1"},"description":"O festival ocorreu na \u00faltima semana no Pont\u00e3o do Lago Sul, e reuniu amantes de carros para uma exposi\u00e7\u00e3o de autom\u00f3veis antigos e raros","breadcrumb":{"@id":"https:\/\/newblogs.correiobraziliense.com.br\/vivabrasilia\/brasilia-sobre-rodas-homenageia-personalidades-do-automobilismo\/#breadcrumb"},"inLanguage":"pt-BR","potentialAction":[{"@type":"ReadAction","target":["https:\/\/newblogs.correiobraziliense.com.br\/vivabrasilia\/brasilia-sobre-rodas-homenageia-personalidades-do-automobilismo\/"]}]},{"@type":"ImageObject","inLanguage":"pt-BR","@id":"https:\/\/newblogs.correiobraziliense.com.br\/vivabrasilia\/brasilia-sobre-rodas-homenageia-personalidades-do-automobilismo\/#primaryimage","url":"https:\/\/newblogs.correiobraziliense.com.br\/vivabrasilia\/wp-content\/uploads\/sites\/4\/2024\/09\/IMG_1172-Aprimorado-NR.jpg","contentUrl":"https:\/\/newblogs.correiobraziliense.com.br\/vivabrasilia\/wp-content\/uploads\/sites\/4\/2024\/09\/IMG_1172-Aprimorado-NR.jpg","width":2000,"height":1333,"caption":"Autom\u00f3veis raros foram cedidos por colecionadores, especialmente para a exposi\u00e7\u00e3o | Foto: Mariana Campos"},{"@type":"BreadcrumbList","@id":"https:\/\/newblogs.correiobraziliense.com.br\/vivabrasilia\/brasilia-sobre-rodas-homenageia-personalidades-do-automobilismo\/#breadcrumb","itemListElement":[{"@type":"ListItem","position":1,"name":"In\u00edcio","item":"https:\/\/newblogs.correiobraziliense.com.br\/vivabrasilia\/"},{"@type":"ListItem","position":2,"name":"Bras\u00edlia Sobre Rodas homenageia personalidades do automobilismo"}]},{"@type":"WebSite","@id":"https:\/\/newblogs.correiobraziliense.com.br\/vivabrasilia\/#website","url":"https:\/\/newblogs.correiobraziliense.com.br\/vivabrasilia\/","name":"Viva Bras\u00edlia","description":"Coluna de estilo de vida","potentialAction":[{"@type":"SearchAction","target":{"@type":"EntryPoint","urlTemplate":"https:\/\/newblogs.correiobraziliense.com.br\/vivabrasilia\/?s={search_term_string}"},"query-input":{"@type":"PropertyValueSpecification","valueRequired":true,"valueName":"search_term_string"}}],"inLanguage":"pt-BR"},{"@type":"Person","@id":"https:\/\/newblogs.correiobraziliense.com.br\/vivabrasilia\/#\/schema\/person\/018c75775aaa6ead74dde48a78ac7fa1","name":"Mariana Campos","image":{"@type":"ImageObject","inLanguage":"pt-BR","@id":"https:\/\/secure.gravatar.com\/avatar\/97cd13271bc36c11415a45e9f8192828452de6a8c0e24857edbf96d21752260f?s=96&d=mm&r=g","url":"https:\/\/secure.gravatar.com\/avatar\/97cd13271bc36c11415a45e9f8192828452de6a8c0e24857edbf96d21752260f?s=96&d=mm&r=g","contentUrl":"https:\/\/secure.gravatar.com\/avatar\/97cd13271bc36c11415a45e9f8192828452de6a8c0e24857edbf96d21752260f?s=96&d=mm&r=g","caption":"Mariana Campos"},"description":"Colunista da Viva Bras\u00edlia, Mariana escreve e fotografa para a coluna. Formada em Comunica\u00e7\u00e3o, aprofundou-se no jornalismo e agora une a escrita com a fotografia para mostrar que a capital \u00e9 uma cidade viva que n\u00e3o se resume ao poder. Tamb\u00e9m faz a cobertura de moda para seu blog, Pliss\u00ea, e para as redes sociais do Correio.","sameAs":["http:\/\/newblogs.correiobraziliense.com\/plisse","https:\/\/www.instagram.com\/marigrigori"],"url":"https:\/\/newblogs.correiobraziliense.com.br\/vivabrasilia\/author\/marivivabrasilia\/"}]}},"_links":{"self":[{"href":"https:\/\/newblogs.correiobraziliense.com.br\/vivabrasilia\/wp-json\/wp\/v2\/posts\/2133","targetHints":{"allow":["GET"]}}],"collection":[{"href":"https:\/\/newblogs.correiobraziliense.com.br\/vivabrasilia\/wp-json\/wp\/v2\/posts"}],"about":[{"href":"https:\/\/newblogs.correiobraziliense.com.br\/vivabrasilia\/wp-json\/wp\/v2\/types\/post"}],"author":[{"embeddable":true,"href":"https:\/\/newblogs.correiobraziliense.com.br\/vivabrasilia\/wp-json\/wp\/v2\/users\/7"}],"replies":[{"embeddable":true,"href":"https:\/\/newblogs.correiobraziliense.com.br\/vivabrasilia\/wp-json\/wp\/v2\/comments?post=2133"}],"version-history":[{"count":1,"href":"https:\/\/newblogs.correiobraziliense.com.br\/vivabrasilia\/wp-json\/wp\/v2\/posts\/2133\/revisions"}],"predecessor-version":[{"id":2138,"href":"https:\/\/newblogs.correiobraziliense.com.br\/vivabrasilia\/wp-json\/wp\/v2\/posts\/2133\/revisions\/2138"}],"wp:featuredmedia":[{"embeddable":true,"href":"https:\/\/newblogs.correiobraziliense.com.br\/vivabrasilia\/wp-json\/wp\/v2\/media\/2137"}],"wp:attachment":[{"href":"https:\/\/newblogs.correiobraziliense.com.br\/vivabrasilia\/wp-json\/wp\/v2\/media?parent=2133"}],"wp:term":[{"taxonomy":"category","embeddable":true,"href":"https:\/\/newblogs.correiobraziliense.com.br\/vivabrasilia\/wp-json\/wp\/v2\/categories?post=2133"},{"taxonomy":"post_tag","embeddable":true,"href":"https:\/\/newblogs.correiobraziliense.com.br\/vivabrasilia\/wp-json\/wp\/v2\/tags?post=2133"}],"curies":[{"name":"wp","href":"https:\/\/api.w.org\/{rel}","templated":true}]}}