{"id":2066,"date":"2024-08-31T09:19:18","date_gmt":"2024-08-31T12:19:18","guid":{"rendered":"https:\/\/newblogs.correiobraziliense.com.br\/vivabrasilia\/?p=2066"},"modified":"2024-09-04T14:06:17","modified_gmt":"2024-09-04T17:06:17","slug":"ha-muito-para-fazer-em-setembro-descubra-a-programacao","status":"publish","type":"post","link":"https:\/\/newblogs.correiobraziliense.com.br\/vivabrasilia\/ha-muito-para-fazer-em-setembro-descubra-a-programacao\/","title":{"rendered":"H\u00e1 muito para fazer em setembro; descubra a programa\u00e7\u00e3o"},"content":{"rendered":"\n<p><strong>\u00c9 tempo de promover o turismo na capital<\/strong><\/p>\n\n\n\n<p>Bras\u00edlia estar\u00e1 movimentada de 26 a 28 de setembro. \u00c9 quando ocorre a maior feira de turismo da Am\u00e9rica Latina, a 51\u00aa Abav Expo. Reunidos no Centro Internacional de Conven\u00e7\u00f5es de Bras\u00edlia (CICB), os visitantes poder\u00e3o aproveitar 198 estandes de expositores, apresenta\u00e7\u00f5es culturais, artesanato, palestras e pain\u00e9is com temas do segmento tur\u00edstico. Para Cristiano Ara\u00fajo, \u201ca feira trar\u00e1 todo o setor brasileiro para um evento grandioso, colocando Bras\u00edlia no ponto alto do turismo nacional\u201d. A exposi\u00e7\u00e3o estar\u00e1 aberta ao p\u00fablico apenas em 28 de setembro. Saiba mais no site <em>abavexpo.com.br<\/em>.<\/p>\n\n\n\n<figure class=\"wp-block-image size-large\"><img loading=\"lazy\" decoding=\"async\" width=\"1024\" height=\"683\" src=\"https:\/\/newblogs.correiobraziliense.com.br\/vivabrasilia\/wp-content\/uploads\/sites\/4\/2024\/08\/Secretario-de-Turismo-Cristiano-Araujo-fala-sobre-ABAV-Expo-1024x683.jpg\" alt=\"\" class=\"wp-image-2077\" srcset=\"https:\/\/newblogs.correiobraziliense.com.br\/vivabrasilia\/wp-content\/uploads\/sites\/4\/2024\/08\/Secretario-de-Turismo-Cristiano-Araujo-fala-sobre-ABAV-Expo-1024x683.jpg 1024w, https:\/\/newblogs.correiobraziliense.com.br\/vivabrasilia\/wp-content\/uploads\/sites\/4\/2024\/08\/Secretario-de-Turismo-Cristiano-Araujo-fala-sobre-ABAV-Expo-300x200.jpg 300w, https:\/\/newblogs.correiobraziliense.com.br\/vivabrasilia\/wp-content\/uploads\/sites\/4\/2024\/08\/Secretario-de-Turismo-Cristiano-Araujo-fala-sobre-ABAV-Expo-768x512.jpg 768w, https:\/\/newblogs.correiobraziliense.com.br\/vivabrasilia\/wp-content\/uploads\/sites\/4\/2024\/08\/Secretario-de-Turismo-Cristiano-Araujo-fala-sobre-ABAV-Expo-1536x1025.jpg 1536w, https:\/\/newblogs.correiobraziliense.com.br\/vivabrasilia\/wp-content\/uploads\/sites\/4\/2024\/08\/Secretario-de-Turismo-Cristiano-Araujo-fala-sobre-ABAV-Expo.jpg 2000w\" sizes=\"auto, (max-width: 1024px) 100vw, 1024px\" \/><figcaption class=\"wp-element-caption\">O Secret\u00e1rio de Turismo, Cristiano Ara\u00fajo, fala sobre a ABAV Expo | Foto: Ag\u00eancia Bras\u00edlia<\/figcaption><\/figure>\n\n\n\n<p><strong>Morango, morango e mais morango<\/strong><\/p>\n\n\n\n<p>A famosa Festa do Morango de Bras\u00edlia est\u00e1 de volta. De 6 a 8 e de 13 a 15 de setembro, a 28\u00aa edi\u00e7\u00e3o da feira ter\u00e1 shows de C\u00e9sar Menotti e Fabiano, Leonardo, Dilsinho, Trio Parada Dura, Grelo, Gino e Geno. N\u00e3o faltar\u00e3o diversas op\u00e7\u00f5es gastron\u00f4micas. Os visitantes encontrar\u00e3o barraquinhas de churrasco, pastel, crepe, acaraj\u00e9 e muitas outras del\u00edcias e, claro, uma variedade de maravilhas com morango. A festa ocorrer\u00e1 no N\u00facleo Rural Alexandre Gusm\u00e3o INCRA 6, em Brazl\u00e2ndia, e a entrada \u00e9 franca.<\/p>\n\n\n\n<figure class=\"wp-block-image size-large\"><img loading=\"lazy\" decoding=\"async\" width=\"1024\" height=\"682\" src=\"https:\/\/newblogs.correiobraziliense.com.br\/vivabrasilia\/wp-content\/uploads\/sites\/4\/2024\/08\/Festa-do-Morango-1024x682.jpg\" alt=\"\" class=\"wp-image-2072\" srcset=\"https:\/\/newblogs.correiobraziliense.com.br\/vivabrasilia\/wp-content\/uploads\/sites\/4\/2024\/08\/Festa-do-Morango-1024x682.jpg 1024w, https:\/\/newblogs.correiobraziliense.com.br\/vivabrasilia\/wp-content\/uploads\/sites\/4\/2024\/08\/Festa-do-Morango-300x200.jpg 300w, https:\/\/newblogs.correiobraziliense.com.br\/vivabrasilia\/wp-content\/uploads\/sites\/4\/2024\/08\/Festa-do-Morango-768x512.jpg 768w, https:\/\/newblogs.correiobraziliense.com.br\/vivabrasilia\/wp-content\/uploads\/sites\/4\/2024\/08\/Festa-do-Morango-1536x1024.jpg 1536w, https:\/\/newblogs.correiobraziliense.com.br\/vivabrasilia\/wp-content\/uploads\/sites\/4\/2024\/08\/Festa-do-Morango.jpg 2000w\" sizes=\"auto, (max-width: 1024px) 100vw, 1024px\" \/><figcaption class=\"wp-element-caption\">Foto: Minervino J\u00fanior\/CB\/D.A Press<\/figcaption><\/figure>\n\n\n\n<p><strong>Carnaval em setembro?<\/strong><\/p>\n\n\n\n<p>Inspirada na festa brasileira t\u00e3o amada, a Dogz Parade chega ao Man\u00e9 Garrincha, em 28 de setembro \u00e0s 22h, com um super carnaval. O projeto foi idealizado pela dupla Dubdogz, e ser\u00e1 um mergulho na cultura brasileira, misturada com uma boa dose de m\u00fasica eletr\u00f4nica. Os ingressos est\u00e3o dispon\u00edveis em <em>ingresse.com\/funwave.<\/em><\/p>\n\n\n\n<figure class=\"wp-block-image size-large\"><img loading=\"lazy\" decoding=\"async\" width=\"1024\" height=\"619\" src=\"https:\/\/newblogs.correiobraziliense.com.br\/vivabrasilia\/wp-content\/uploads\/sites\/4\/2024\/08\/Dogz-Parade-1024x619.jpg\" alt=\"\" class=\"wp-image-2070\" srcset=\"https:\/\/newblogs.correiobraziliense.com.br\/vivabrasilia\/wp-content\/uploads\/sites\/4\/2024\/08\/Dogz-Parade-1024x619.jpg 1024w, https:\/\/newblogs.correiobraziliense.com.br\/vivabrasilia\/wp-content\/uploads\/sites\/4\/2024\/08\/Dogz-Parade-300x181.jpg 300w, https:\/\/newblogs.correiobraziliense.com.br\/vivabrasilia\/wp-content\/uploads\/sites\/4\/2024\/08\/Dogz-Parade-768x464.jpg 768w, https:\/\/newblogs.correiobraziliense.com.br\/vivabrasilia\/wp-content\/uploads\/sites\/4\/2024\/08\/Dogz-Parade-1536x929.jpg 1536w, https:\/\/newblogs.correiobraziliense.com.br\/vivabrasilia\/wp-content\/uploads\/sites\/4\/2024\/08\/Dogz-Parade.jpg 2000w\" sizes=\"auto, (max-width: 1024px) 100vw, 1024px\" \/><figcaption class=\"wp-element-caption\">Foto: Divulga\u00e7\u00e3o<\/figcaption><\/figure>\n\n\n\n<p><strong>D<\/strong><strong>e<\/strong><strong>ixa<\/strong><strong> a<\/strong><strong> v<\/strong><strong>i<\/strong><strong>d<\/strong><strong>a<\/strong><strong> <\/strong><strong>m<\/strong><strong>e<\/strong><strong> <\/strong><strong>lev<\/strong><strong>a<\/strong><strong>r<\/strong><strong>&#8230;<\/strong><\/p>\n\n\n\n<p>O grande nome do samba estar\u00e1 em Bras\u00edlia para um show animado no Centro de Conven\u00e7\u00f5es Ulysses Guimar\u00e3es. A nova turn\u00ea de Zeca Pagodinho celebra, com a presen\u00e7a dos f\u00e3s, 40 anos de sucesso e 65 de vida. Na capital, o artista se apresenta, em 14 de setembro, \u00e0s 21h, com um repert\u00f3rio que revive toda sua trajet\u00f3ria musical. Para adquirir ingressos, acesse <em>ticket360.com.br<\/em>.<\/p>\n\n\n\n<figure class=\"wp-block-image size-large\"><img loading=\"lazy\" decoding=\"async\" width=\"1024\" height=\"1024\" src=\"https:\/\/newblogs.correiobraziliense.com.br\/vivabrasilia\/wp-content\/uploads\/sites\/4\/2024\/08\/Zeca-Pagodinho-1024x1024.jpg\" alt=\"\" class=\"wp-image-2079\" srcset=\"https:\/\/newblogs.correiobraziliense.com.br\/vivabrasilia\/wp-content\/uploads\/sites\/4\/2024\/08\/Zeca-Pagodinho-1024x1024.jpg 1024w, https:\/\/newblogs.correiobraziliense.com.br\/vivabrasilia\/wp-content\/uploads\/sites\/4\/2024\/08\/Zeca-Pagodinho-300x300.jpg 300w, https:\/\/newblogs.correiobraziliense.com.br\/vivabrasilia\/wp-content\/uploads\/sites\/4\/2024\/08\/Zeca-Pagodinho-150x150.jpg 150w, https:\/\/newblogs.correiobraziliense.com.br\/vivabrasilia\/wp-content\/uploads\/sites\/4\/2024\/08\/Zeca-Pagodinho-768x768.jpg 768w, https:\/\/newblogs.correiobraziliense.com.br\/vivabrasilia\/wp-content\/uploads\/sites\/4\/2024\/08\/Zeca-Pagodinho-1536x1536.jpg 1536w, https:\/\/newblogs.correiobraziliense.com.br\/vivabrasilia\/wp-content\/uploads\/sites\/4\/2024\/08\/Zeca-Pagodinho-1000x1000.jpg 1000w, https:\/\/newblogs.correiobraziliense.com.br\/vivabrasilia\/wp-content\/uploads\/sites\/4\/2024\/08\/Zeca-Pagodinho.jpg 2000w\" sizes=\"auto, (max-width: 1024px) 100vw, 1024px\" \/><figcaption class=\"wp-element-caption\">Foto: Divulga\u00e7\u00e3o<\/figcaption><\/figure>\n\n\n\n<p><strong>Homenagem \u00e0 Anitta: Festa Reputation<\/strong><\/p>\n\n\n\n<p>Inspirado nos shows Baile Funk Experience e Ensaios da Anitta, a Festa Reputation chega ao Birosca do Conic para homenagear Anitta, em 6 de setembro, a partir de 23h. A noite faz parte do projeto que vai reviver os sucessos da cantora e ocorrer\u00e1 no dia em que a carioca se apresenta no intervalo do jogo da NFL. Haver\u00e1, inclusive, transmiss\u00e3o ao vivo do show durante a festa. Para animar a noite com hits do funk e pop, a programa\u00e7\u00e3o promete apresenta\u00e7\u00f5es de DJs como Mike, Mini Mari, Raphel Pacheco, Carol St\u00e9rica e Andyva. Saiba mais acessando <em>instagram.com\/festareputation.<\/em><\/p>\n\n\n\n<figure class=\"wp-block-image size-large\"><img loading=\"lazy\" decoding=\"async\" width=\"1024\" height=\"604\" src=\"https:\/\/newblogs.correiobraziliense.com.br\/vivabrasilia\/wp-content\/uploads\/sites\/4\/2024\/08\/Festa-Reputation-1024x604.jpg\" alt=\"\" class=\"wp-image-2073\" srcset=\"https:\/\/newblogs.correiobraziliense.com.br\/vivabrasilia\/wp-content\/uploads\/sites\/4\/2024\/08\/Festa-Reputation-1024x604.jpg 1024w, https:\/\/newblogs.correiobraziliense.com.br\/vivabrasilia\/wp-content\/uploads\/sites\/4\/2024\/08\/Festa-Reputation-300x177.jpg 300w, https:\/\/newblogs.correiobraziliense.com.br\/vivabrasilia\/wp-content\/uploads\/sites\/4\/2024\/08\/Festa-Reputation-768x453.jpg 768w, https:\/\/newblogs.correiobraziliense.com.br\/vivabrasilia\/wp-content\/uploads\/sites\/4\/2024\/08\/Festa-Reputation-1536x905.jpg 1536w, https:\/\/newblogs.correiobraziliense.com.br\/vivabrasilia\/wp-content\/uploads\/sites\/4\/2024\/08\/Festa-Reputation.jpg 2000w\" sizes=\"auto, (max-width: 1024px) 100vw, 1024px\" \/><figcaption class=\"wp-element-caption\">Foto: Divulga\u00e7\u00e3o<\/figcaption><\/figure>\n\n\n\n<p><strong>Um novo mist\u00e9rio para a molecada<\/strong><\/p>\n\n\n\n<p>O elenco original da s\u00e9rie, filme e pe\u00e7a <em>Detetives do Pr\u00e9dio Azul <\/em>est\u00e1 de volta aos palcos para um novo espet\u00e1culo. <em>D.P.A \u2014 A pe\u00e7a 2 \u2014 Um Mist\u00e9rio em Magowood <\/em>ir\u00e1 divertir a crian\u00e7ada no Centro de Conven\u00e7\u00f5es Ulysses Guimar\u00e3es em 14 e 15 de setembro. Ingressos dispon\u00edveis em <em>sympla.com.br.<\/em><\/p>\n\n\n\n<figure class=\"wp-block-image size-large\"><img loading=\"lazy\" decoding=\"async\" width=\"1024\" height=\"553\" src=\"https:\/\/newblogs.correiobraziliense.com.br\/vivabrasilia\/wp-content\/uploads\/sites\/4\/2024\/08\/DPA-2-1024x553.jpg\" alt=\"\" class=\"wp-image-2071\" srcset=\"https:\/\/newblogs.correiobraziliense.com.br\/vivabrasilia\/wp-content\/uploads\/sites\/4\/2024\/08\/DPA-2-1024x553.jpg 1024w, https:\/\/newblogs.correiobraziliense.com.br\/vivabrasilia\/wp-content\/uploads\/sites\/4\/2024\/08\/DPA-2-300x162.jpg 300w, https:\/\/newblogs.correiobraziliense.com.br\/vivabrasilia\/wp-content\/uploads\/sites\/4\/2024\/08\/DPA-2-768x415.jpg 768w, https:\/\/newblogs.correiobraziliense.com.br\/vivabrasilia\/wp-content\/uploads\/sites\/4\/2024\/08\/DPA-2-1536x829.jpg 1536w, https:\/\/newblogs.correiobraziliense.com.br\/vivabrasilia\/wp-content\/uploads\/sites\/4\/2024\/08\/DPA-2.jpg 2000w\" sizes=\"auto, (max-width: 1024px) 100vw, 1024px\" \/><figcaption class=\"wp-element-caption\">Foto: Divulga\u00e7\u00e3o<\/figcaption><\/figure>\n\n\n\n<p><strong>Um parque de divers\u00e3o para os amantes de moto<\/strong><\/p>\n\n\n\n<p>A cultura do motociclismo \u00e9 o elemento motivador que reunir\u00e1 pilotos e entusiastas no festival Moto Parque, no Parque da Cidade. De 6 a 8 de setembro, o p\u00fablico brasiliense poder\u00e1 vibrar com shows de Mr. Gyn, Novacort, Quinta Ess\u00eancia, Di Boresti e v\u00e1rios outros grupos. No repert\u00f3rio, as bandas trazem releituras de cl\u00e1ssicos da m\u00fasica brasileira. Al\u00e9m da programa\u00e7\u00e3o musical, haver\u00e1 tamb\u00e9m exposi\u00e7\u00e3o de motos, pra\u00e7a de alimenta\u00e7\u00e3o, brinquedoteca, exposi\u00e7\u00f5es e experi\u00eancias interativas. A entrada \u00e9 gratuita, mas \u00e9 necess\u00e1rio retirar o ingresso pelo site <em>sympla.com.br<\/em>.<\/p>\n\n\n\n<figure class=\"wp-block-image size-large\"><img loading=\"lazy\" decoding=\"async\" width=\"1024\" height=\"680\" src=\"https:\/\/newblogs.correiobraziliense.com.br\/vivabrasilia\/wp-content\/uploads\/sites\/4\/2024\/08\/Motoparque-1024x680.jpg\" alt=\"\" class=\"wp-image-2075\" srcset=\"https:\/\/newblogs.correiobraziliense.com.br\/vivabrasilia\/wp-content\/uploads\/sites\/4\/2024\/08\/Motoparque-1024x680.jpg 1024w, https:\/\/newblogs.correiobraziliense.com.br\/vivabrasilia\/wp-content\/uploads\/sites\/4\/2024\/08\/Motoparque-300x199.jpg 300w, https:\/\/newblogs.correiobraziliense.com.br\/vivabrasilia\/wp-content\/uploads\/sites\/4\/2024\/08\/Motoparque-768x510.jpg 768w, https:\/\/newblogs.correiobraziliense.com.br\/vivabrasilia\/wp-content\/uploads\/sites\/4\/2024\/08\/Motoparque-1536x1020.jpg 1536w, https:\/\/newblogs.correiobraziliense.com.br\/vivabrasilia\/wp-content\/uploads\/sites\/4\/2024\/08\/Motoparque.jpg 2000w\" sizes=\"auto, (max-width: 1024px) 100vw, 1024px\" \/><figcaption class=\"wp-element-caption\">Foto: Renato Ara\u00fajo\/Ag\u00eancia Bras\u00edlia<\/figcaption><\/figure>\n\n\n\n<p><strong>32<\/strong><strong>\u00aa<\/strong> Expoabra ter\u00e1 Shows sertanejos e rica programa\u00e7\u00e3o<\/p>\n\n\n\n<p>De 5 a 8 de setembro, o Parque de Exposi\u00e7\u00f5es da Granja do Torto recebe a 32\u00aa Expoabra, evento agropecu\u00e1rio com shows de Maiara e Mara\u00edsa, Edson e Hudson e outros nomes da m\u00fasica sertaneja. Al\u00e9m dos concertos, haver\u00e1 atra\u00e7\u00f5es para toda a fam\u00edlia, como exposi\u00e7\u00f5es agropecu\u00e1rias, palestras, parque de divers\u00f5es, fazendinha, encontro de carros e motos antigas, e festival de bal\u00f5es. A entrada \u00e9 gratuita.<\/p>\n\n\n\n<figure class=\"wp-block-image size-large\"><img loading=\"lazy\" decoding=\"async\" width=\"1024\" height=\"639\" src=\"https:\/\/newblogs.correiobraziliense.com.br\/vivabrasilia\/wp-content\/uploads\/sites\/4\/2024\/08\/Maiara-e-Maraisa-1024x639.jpg\" alt=\"\" class=\"wp-image-2074\" srcset=\"https:\/\/newblogs.correiobraziliense.com.br\/vivabrasilia\/wp-content\/uploads\/sites\/4\/2024\/08\/Maiara-e-Maraisa-1024x639.jpg 1024w, https:\/\/newblogs.correiobraziliense.com.br\/vivabrasilia\/wp-content\/uploads\/sites\/4\/2024\/08\/Maiara-e-Maraisa-300x187.jpg 300w, https:\/\/newblogs.correiobraziliense.com.br\/vivabrasilia\/wp-content\/uploads\/sites\/4\/2024\/08\/Maiara-e-Maraisa-768x479.jpg 768w, https:\/\/newblogs.correiobraziliense.com.br\/vivabrasilia\/wp-content\/uploads\/sites\/4\/2024\/08\/Maiara-e-Maraisa-1536x958.jpg 1536w, https:\/\/newblogs.correiobraziliense.com.br\/vivabrasilia\/wp-content\/uploads\/sites\/4\/2024\/08\/Maiara-e-Maraisa.jpg 2000w\" sizes=\"auto, (max-width: 1024px) 100vw, 1024px\" \/><figcaption class=\"wp-element-caption\">Foto: Divulga\u00e7\u00e3o<\/figcaption><\/figure>\n\n\n\n<p><strong>Arte brasiliense na Biblioteca Nacional<br \/><\/strong>Literatura e artes visuais se re\u00fanem na Biblioteca Nacional de Bras\u00edlia para destacar a cultura da capital federal na <em>Exposi\u00e7\u00e3o Literatura Brasiliense<\/em>, de 2 a 20 de setembro. O p\u00fablico poder\u00e1 explorar uma extensa mostra de pinturas em tela, esculturas e literatura, e mergulhar na riqueza liter\u00e1ria e art\u00edstica do DF. O evento, aberto a todas as idades, tamb\u00e9m oferecer\u00e1, em 6 de setembro, um sarau de m\u00fasica e poesia. A entrada \u00e9 franca.<\/p>\n\n\n\n<figure class=\"wp-block-image size-large\"><img loading=\"lazy\" decoding=\"async\" width=\"1024\" height=\"680\" src=\"https:\/\/newblogs.correiobraziliense.com.br\/vivabrasilia\/wp-content\/uploads\/sites\/4\/2024\/08\/Biblioteca-Nacional-1024x680.jpg\" alt=\"\" class=\"wp-image-2068\" srcset=\"https:\/\/newblogs.correiobraziliense.com.br\/vivabrasilia\/wp-content\/uploads\/sites\/4\/2024\/08\/Biblioteca-Nacional-1024x680.jpg 1024w, https:\/\/newblogs.correiobraziliense.com.br\/vivabrasilia\/wp-content\/uploads\/sites\/4\/2024\/08\/Biblioteca-Nacional-300x199.jpg 300w, https:\/\/newblogs.correiobraziliense.com.br\/vivabrasilia\/wp-content\/uploads\/sites\/4\/2024\/08\/Biblioteca-Nacional-768x510.jpg 768w, https:\/\/newblogs.correiobraziliense.com.br\/vivabrasilia\/wp-content\/uploads\/sites\/4\/2024\/08\/Biblioteca-Nacional-1536x1020.jpg 1536w, https:\/\/newblogs.correiobraziliense.com.br\/vivabrasilia\/wp-content\/uploads\/sites\/4\/2024\/08\/Biblioteca-Nacional.jpg 2000w\" sizes=\"auto, (max-width: 1024px) 100vw, 1024px\" \/><figcaption class=\"wp-element-caption\">Foto: LBernardo jr.\/Agencia Bras\u00edlia<\/figcaption><\/figure>\n\n\n\n<p><strong>Sonhar \u00e9 o que nos mant\u00e9m vivos<br \/><\/strong>O artista brasiliense Daniel Morais \u2014 conhecido popularmente como Toys \u2014 levar\u00e1 obras de sua autoria para a Galeria do Mezanino da Torre de TV. A exposi\u00e7\u00e3o, que p\u00f5e em foco elementos frequentes de sua arte \u2014 como cores, figuras abstratas, formas geom\u00e9tricas, a \u00e1rvore do Cerrado, a pipa e os trabalhadores \u2014 estar\u00e1 dispon\u00edvel at\u00e9 28 de setembro. A curadoria \u00e9 de Bruno Barbosa, com o intuito de inspirar os visitantes a acreditarem nos seus sonhos. Por isso, a mostra leva o nome de Tudo come\u00e7a no sonho. Os ingressos podem ser adquiridos na bilheteria do local, na Torre de TV, no Eixo Monumental. A exposi\u00e7\u00e3o fica no Andar R e \u00e9 livre para todos os p\u00fablicos.<\/p>\n\n\n\n<figure class=\"wp-block-image size-large\"><img loading=\"lazy\" decoding=\"async\" width=\"1024\" height=\"852\" src=\"https:\/\/newblogs.correiobraziliense.com.br\/vivabrasilia\/wp-content\/uploads\/sites\/4\/2024\/08\/TOYS-e1725106554512-1024x852.jpg\" alt=\"\" class=\"wp-image-2078\" srcset=\"https:\/\/newblogs.correiobraziliense.com.br\/vivabrasilia\/wp-content\/uploads\/sites\/4\/2024\/08\/TOYS-e1725106554512-1024x852.jpg 1024w, https:\/\/newblogs.correiobraziliense.com.br\/vivabrasilia\/wp-content\/uploads\/sites\/4\/2024\/08\/TOYS-e1725106554512-300x250.jpg 300w, https:\/\/newblogs.correiobraziliense.com.br\/vivabrasilia\/wp-content\/uploads\/sites\/4\/2024\/08\/TOYS-e1725106554512-768x639.jpg 768w, https:\/\/newblogs.correiobraziliense.com.br\/vivabrasilia\/wp-content\/uploads\/sites\/4\/2024\/08\/TOYS-e1725106554512-1536x1279.jpg 1536w, https:\/\/newblogs.correiobraziliense.com.br\/vivabrasilia\/wp-content\/uploads\/sites\/4\/2024\/08\/TOYS-e1725106554512.jpg 1802w\" sizes=\"auto, (max-width: 1024px) 100vw, 1024px\" \/><figcaption class=\"wp-element-caption\">Foto: Divulga\u00e7\u00e3o<\/figcaption><\/figure>\n","protected":false},"excerpt":{"rendered":"<p>Amanh\u00e3 (1\/9), damos as boas vindas ao novo m\u00eas. Organize a agenda e divirta-se com atividades como feiras, exposi\u00e7\u00f5es e shows<\/p>\n","protected":false},"author":7,"featured_media":2070,"comment_status":"closed","ping_status":"open","sticky":false,"template":"","format":"standard","meta":{"_acf_changed":false,"inline_featured_image":false,"footnotes":""},"categories":[14],"tags":[495,500,191,502,11,214,494,498,503,497,506,508,184,496,501,59,505,507,504,493,264,115,510,509,499],"class_list":["post-2066","post","type-post","status-publish","format-standard","has-post-thumbnail","hentry","category-agenda","tag-abav-expo","tag-anitta","tag-biblioteca-nacional","tag-birosca","tag-centro-de-convencoes-ulysses-guimaraes","tag-conic","tag-cristiano-araujo","tag-dogz-parade","tag-dpa","tag-dubdogz","tag-expoabra","tag-exposicoes","tag-feira","tag-festa-do-morango-de-brasilia","tag-festa-reputation","tag-mane-garrincha","tag-motoparque","tag-parque-de-exposicoes-da-granja-do-torto","tag-porao-do-rock","tag-sarau","tag-secretaria-de-turismo","tag-shows","tag-torre-de-tv","tag-toys","tag-zeca-pagodinho"],"acf":[],"yoast_head":"<!-- This site is optimized with the Yoast SEO plugin v27.3 - https:\/\/yoast.com\/product\/yoast-seo-wordpress\/ -->\n<title>H\u00e1 muito para fazer em setembro; descubra a programa\u00e7\u00e3o - Viva Bras\u00edlia<\/title>\n<meta name=\"description\" content=\"Amanh\u00e3 (1\/9), damos as boas vindas ao novo m\u00eas. Organize a agenda e divirta-se com atividades como feiras, exposi\u00e7\u00f5es e shows\" \/>\n<meta name=\"robots\" content=\"index, follow, max-snippet:-1, max-image-preview:large, max-video-preview:-1\" \/>\n<link rel=\"canonical\" href=\"https:\/\/newblogs.correiobraziliense.com.br\/vivabrasilia\/ha-muito-para-fazer-em-setembro-descubra-a-programacao\/\" \/>\n<meta property=\"og:locale\" content=\"pt_BR\" \/>\n<meta property=\"og:type\" content=\"article\" \/>\n<meta property=\"og:title\" content=\"H\u00e1 muito para fazer em setembro; descubra a programa\u00e7\u00e3o - Viva Bras\u00edlia\" \/>\n<meta property=\"og:description\" content=\"Amanh\u00e3 (1\/9), damos as boas vindas ao novo m\u00eas. Organize a agenda e divirta-se com atividades como feiras, exposi\u00e7\u00f5es e shows\" \/>\n<meta property=\"og:url\" content=\"https:\/\/newblogs.correiobraziliense.com.br\/vivabrasilia\/ha-muito-para-fazer-em-setembro-descubra-a-programacao\/\" \/>\n<meta property=\"og:site_name\" content=\"Viva Bras\u00edlia\" \/>\n<meta property=\"article:published_time\" content=\"2024-08-31T12:19:18+00:00\" \/>\n<meta property=\"article:modified_time\" content=\"2024-09-04T17:06:17+00:00\" \/>\n<meta property=\"og:image\" content=\"https:\/\/newblogs.correiobraziliense.com.br\/vivabrasilia\/wp-content\/uploads\/sites\/4\/2024\/08\/Dogz-Parade.jpg\" \/>\n\t<meta property=\"og:image:width\" content=\"2000\" \/>\n\t<meta property=\"og:image:height\" content=\"1209\" \/>\n\t<meta property=\"og:image:type\" content=\"image\/jpeg\" \/>\n<meta name=\"author\" content=\"Mariana Campos\" \/>\n<!-- \/ Yoast SEO plugin. -->","yoast_head_json":{"title":"H\u00e1 muito para fazer em setembro; descubra a programa\u00e7\u00e3o - Viva Bras\u00edlia","description":"Amanh\u00e3 (1\/9), damos as boas vindas ao novo m\u00eas. Organize a agenda e divirta-se com atividades como feiras, exposi\u00e7\u00f5es e shows","robots":{"index":"index","follow":"follow","max-snippet":"max-snippet:-1","max-image-preview":"max-image-preview:large","max-video-preview":"max-video-preview:-1"},"canonical":"https:\/\/newblogs.correiobraziliense.com.br\/vivabrasilia\/ha-muito-para-fazer-em-setembro-descubra-a-programacao\/","og_locale":"pt_BR","og_type":"article","og_title":"H\u00e1 muito para fazer em setembro; descubra a programa\u00e7\u00e3o - Viva Bras\u00edlia","og_description":"Amanh\u00e3 (1\/9), damos as boas vindas ao novo m\u00eas. Organize a agenda e divirta-se com atividades como feiras, exposi\u00e7\u00f5es e shows","og_url":"https:\/\/newblogs.correiobraziliense.com.br\/vivabrasilia\/ha-muito-para-fazer-em-setembro-descubra-a-programacao\/","og_site_name":"Viva Bras\u00edlia","article_published_time":"2024-08-31T12:19:18+00:00","article_modified_time":"2024-09-04T17:06:17+00:00","og_image":[{"width":2000,"height":1209,"url":"https:\/\/newblogs.correiobraziliense.com.br\/vivabrasilia\/wp-content\/uploads\/sites\/4\/2024\/08\/Dogz-Parade.jpg","type":"image\/jpeg"}],"author":"Mariana Campos","schema":{"@context":"https:\/\/schema.org","@graph":[{"@type":"Article","@id":"https:\/\/newblogs.correiobraziliense.com.br\/vivabrasilia\/ha-muito-para-fazer-em-setembro-descubra-a-programacao\/#article","isPartOf":{"@id":"https:\/\/newblogs.correiobraziliense.com.br\/vivabrasilia\/ha-muito-para-fazer-em-setembro-descubra-a-programacao\/"},"author":{"name":"Mariana Campos","@id":"https:\/\/newblogs.correiobraziliense.com.br\/vivabrasilia\/#\/schema\/person\/018c75775aaa6ead74dde48a78ac7fa1"},"headline":"H\u00e1 muito para fazer em setembro; descubra a programa\u00e7\u00e3o","datePublished":"2024-08-31T12:19:18+00:00","dateModified":"2024-09-04T17:06:17+00:00","mainEntityOfPage":{"@id":"https:\/\/newblogs.correiobraziliense.com.br\/vivabrasilia\/ha-muito-para-fazer-em-setembro-descubra-a-programacao\/"},"wordCount":983,"image":{"@id":"https:\/\/newblogs.correiobraziliense.com.br\/vivabrasilia\/ha-muito-para-fazer-em-setembro-descubra-a-programacao\/#primaryimage"},"thumbnailUrl":"https:\/\/newblogs.correiobraziliense.com.br\/vivabrasilia\/wp-content\/uploads\/sites\/4\/2024\/08\/Dogz-Parade.jpg","keywords":["Abav Expo","Anitta","Biblioteca Nacional","Birosca","Centro de Conven\u00e7\u00f5es Ulysses Guimar\u00e3es","Conic","Cristiano Ara\u00fajo","Dogz Parade","DPA","Dubdogz","Expoabra","Exposi\u00e7\u00f5es","Feira","Festa do Morango de Bras\u00edlia","Festa Reputation","Man\u00e9 Garrincha","Motoparque","Parque de Exposi\u00e7\u00f5es da Granja do Torto","Por\u00e3o do Rock","sarau","Secretaria de Turismo","Shows","Torre de TV","Toys","Zeca Pagodinho"],"articleSection":["Agenda"],"inLanguage":"pt-BR"},{"@type":"WebPage","@id":"https:\/\/newblogs.correiobraziliense.com.br\/vivabrasilia\/ha-muito-para-fazer-em-setembro-descubra-a-programacao\/","url":"https:\/\/newblogs.correiobraziliense.com.br\/vivabrasilia\/ha-muito-para-fazer-em-setembro-descubra-a-programacao\/","name":"H\u00e1 muito para fazer em setembro; descubra a programa\u00e7\u00e3o - Viva Bras\u00edlia","isPartOf":{"@id":"https:\/\/newblogs.correiobraziliense.com.br\/vivabrasilia\/#website"},"primaryImageOfPage":{"@id":"https:\/\/newblogs.correiobraziliense.com.br\/vivabrasilia\/ha-muito-para-fazer-em-setembro-descubra-a-programacao\/#primaryimage"},"image":{"@id":"https:\/\/newblogs.correiobraziliense.com.br\/vivabrasilia\/ha-muito-para-fazer-em-setembro-descubra-a-programacao\/#primaryimage"},"thumbnailUrl":"https:\/\/newblogs.correiobraziliense.com.br\/vivabrasilia\/wp-content\/uploads\/sites\/4\/2024\/08\/Dogz-Parade.jpg","datePublished":"2024-08-31T12:19:18+00:00","dateModified":"2024-09-04T17:06:17+00:00","author":{"@id":"https:\/\/newblogs.correiobraziliense.com.br\/vivabrasilia\/#\/schema\/person\/018c75775aaa6ead74dde48a78ac7fa1"},"description":"Amanh\u00e3 (1\/9), damos as boas vindas ao novo m\u00eas. Organize a agenda e divirta-se com atividades como feiras, exposi\u00e7\u00f5es e shows","breadcrumb":{"@id":"https:\/\/newblogs.correiobraziliense.com.br\/vivabrasilia\/ha-muito-para-fazer-em-setembro-descubra-a-programacao\/#breadcrumb"},"inLanguage":"pt-BR","potentialAction":[{"@type":"ReadAction","target":["https:\/\/newblogs.correiobraziliense.com.br\/vivabrasilia\/ha-muito-para-fazer-em-setembro-descubra-a-programacao\/"]}]},{"@type":"ImageObject","inLanguage":"pt-BR","@id":"https:\/\/newblogs.correiobraziliense.com.br\/vivabrasilia\/ha-muito-para-fazer-em-setembro-descubra-a-programacao\/#primaryimage","url":"https:\/\/newblogs.correiobraziliense.com.br\/vivabrasilia\/wp-content\/uploads\/sites\/4\/2024\/08\/Dogz-Parade.jpg","contentUrl":"https:\/\/newblogs.correiobraziliense.com.br\/vivabrasilia\/wp-content\/uploads\/sites\/4\/2024\/08\/Dogz-Parade.jpg","width":2000,"height":1209,"caption":"Foto: Divulga\u00e7\u00e3o"},{"@type":"BreadcrumbList","@id":"https:\/\/newblogs.correiobraziliense.com.br\/vivabrasilia\/ha-muito-para-fazer-em-setembro-descubra-a-programacao\/#breadcrumb","itemListElement":[{"@type":"ListItem","position":1,"name":"In\u00edcio","item":"https:\/\/newblogs.correiobraziliense.com.br\/vivabrasilia\/"},{"@type":"ListItem","position":2,"name":"H\u00e1 muito para fazer em setembro; descubra a programa\u00e7\u00e3o"}]},{"@type":"WebSite","@id":"https:\/\/newblogs.correiobraziliense.com.br\/vivabrasilia\/#website","url":"https:\/\/newblogs.correiobraziliense.com.br\/vivabrasilia\/","name":"Viva Bras\u00edlia","description":"Coluna de estilo de vida","potentialAction":[{"@type":"SearchAction","target":{"@type":"EntryPoint","urlTemplate":"https:\/\/newblogs.correiobraziliense.com.br\/vivabrasilia\/?s={search_term_string}"},"query-input":{"@type":"PropertyValueSpecification","valueRequired":true,"valueName":"search_term_string"}}],"inLanguage":"pt-BR"},{"@type":"Person","@id":"https:\/\/newblogs.correiobraziliense.com.br\/vivabrasilia\/#\/schema\/person\/018c75775aaa6ead74dde48a78ac7fa1","name":"Mariana Campos","image":{"@type":"ImageObject","inLanguage":"pt-BR","@id":"https:\/\/secure.gravatar.com\/avatar\/97cd13271bc36c11415a45e9f8192828452de6a8c0e24857edbf96d21752260f?s=96&d=mm&r=g","url":"https:\/\/secure.gravatar.com\/avatar\/97cd13271bc36c11415a45e9f8192828452de6a8c0e24857edbf96d21752260f?s=96&d=mm&r=g","contentUrl":"https:\/\/secure.gravatar.com\/avatar\/97cd13271bc36c11415a45e9f8192828452de6a8c0e24857edbf96d21752260f?s=96&d=mm&r=g","caption":"Mariana Campos"},"description":"Colunista da Viva Bras\u00edlia, Mariana escreve e fotografa para a coluna. Formada em Comunica\u00e7\u00e3o, aprofundou-se no jornalismo e agora une a escrita com a fotografia para mostrar que a capital \u00e9 uma cidade viva que n\u00e3o se resume ao poder. Tamb\u00e9m faz a cobertura de moda para seu blog, Pliss\u00ea, e para as redes sociais do Correio.","sameAs":["http:\/\/newblogs.correiobraziliense.com\/plisse","https:\/\/www.instagram.com\/marigrigori"],"url":"https:\/\/newblogs.correiobraziliense.com.br\/vivabrasilia\/author\/marivivabrasilia\/"}]}},"_links":{"self":[{"href":"https:\/\/newblogs.correiobraziliense.com.br\/vivabrasilia\/wp-json\/wp\/v2\/posts\/2066","targetHints":{"allow":["GET"]}}],"collection":[{"href":"https:\/\/newblogs.correiobraziliense.com.br\/vivabrasilia\/wp-json\/wp\/v2\/posts"}],"about":[{"href":"https:\/\/newblogs.correiobraziliense.com.br\/vivabrasilia\/wp-json\/wp\/v2\/types\/post"}],"author":[{"embeddable":true,"href":"https:\/\/newblogs.correiobraziliense.com.br\/vivabrasilia\/wp-json\/wp\/v2\/users\/7"}],"replies":[{"embeddable":true,"href":"https:\/\/newblogs.correiobraziliense.com.br\/vivabrasilia\/wp-json\/wp\/v2\/comments?post=2066"}],"version-history":[{"count":5,"href":"https:\/\/newblogs.correiobraziliense.com.br\/vivabrasilia\/wp-json\/wp\/v2\/posts\/2066\/revisions"}],"predecessor-version":[{"id":2148,"href":"https:\/\/newblogs.correiobraziliense.com.br\/vivabrasilia\/wp-json\/wp\/v2\/posts\/2066\/revisions\/2148"}],"wp:featuredmedia":[{"embeddable":true,"href":"https:\/\/newblogs.correiobraziliense.com.br\/vivabrasilia\/wp-json\/wp\/v2\/media\/2070"}],"wp:attachment":[{"href":"https:\/\/newblogs.correiobraziliense.com.br\/vivabrasilia\/wp-json\/wp\/v2\/media?parent=2066"}],"wp:term":[{"taxonomy":"category","embeddable":true,"href":"https:\/\/newblogs.correiobraziliense.com.br\/vivabrasilia\/wp-json\/wp\/v2\/categories?post=2066"},{"taxonomy":"post_tag","embeddable":true,"href":"https:\/\/newblogs.correiobraziliense.com.br\/vivabrasilia\/wp-json\/wp\/v2\/tags?post=2066"}],"curies":[{"name":"wp","href":"https:\/\/api.w.org\/{rel}","templated":true}]}}