{"id":1789,"date":"2024-08-16T21:11:19","date_gmt":"2024-08-17T00:11:19","guid":{"rendered":"https:\/\/newblogs.correiobraziliense.com.br\/vivabrasilia\/?p=1789"},"modified":"2024-08-16T21:11:20","modified_gmt":"2024-08-17T00:11:20","slug":"xiii-jurisport-seminario-debate-direito-desportivo","status":"publish","type":"post","link":"https:\/\/newblogs.correiobraziliense.com.br\/vivabrasilia\/xiii-jurisport-seminario-debate-direito-desportivo\/","title":{"rendered":"XIII Jurisport: semin\u00e1rio debate direito desportivo"},"content":{"rendered":"\n<p>Na \u00faltima quinta-feira, ocorreu um dos mais tradicionais congressos de Direito Desportivo no Brasil, o XIII Jurisports. O evento foi realizado no Audit\u00f3rio do Edif\u00edcio ION e contou com a participa\u00e7\u00e3o de especialistas em legisla\u00e7\u00e3o esportiva. <\/p>\n\n\n\n<p>Promovido pela Academia Nacional de Direito Desportivo (ANDD), a abertura dos trabalhos coube ao presidente da entidade, o advogado Terence Zveiter, e aos ministros do TST, Guilherme Caputo Bastos, Douglas Alencar Rodrigues e Amaury Rodrigues Pinto Junior. <\/p>\n\n\n\n<p>Os debates trataram sobre a Sociedade An\u00f4nima de Futebol (SAF), apostas esportivas, manipula\u00e7\u00e3o de resultados e outros temas. O pr\u00f3ximo semin\u00e1rio ocorrer\u00e1 de 2 a 4 de outubro, na cidade de Braga, em Portugal.<\/p>\n\n\n<div class=\"slider-wrapper\"><div class=\"slider\">\n<figure class=\"wp-block-gallery has-nested-images columns-default is-cropped wp-block-gallery-1 is-layout-flex wp-block-gallery-is-layout-flex\">\n<figure class=\"wp-block-image size-large\"><img loading=\"lazy\" decoding=\"async\" width=\"1024\" height=\"683\" data-id=\"1802\" src=\"https:\/\/newblogs.correiobraziliense.com.br\/vivabrasilia\/wp-content\/uploads\/sites\/4\/2024\/08\/222-Ana-Majdalani-Liliane-Caputo-e-Andrea-Moscardini-1024x683.jpg\" alt=\"\" class=\"wp-image-1802\" srcset=\"https:\/\/newblogs.correiobraziliense.com.br\/vivabrasilia\/wp-content\/uploads\/sites\/4\/2024\/08\/222-Ana-Majdalani-Liliane-Caputo-e-Andrea-Moscardini-1024x683.jpg 1024w, https:\/\/newblogs.correiobraziliense.com.br\/vivabrasilia\/wp-content\/uploads\/sites\/4\/2024\/08\/222-Ana-Majdalani-Liliane-Caputo-e-Andrea-Moscardini-300x200.jpg 300w, https:\/\/newblogs.correiobraziliense.com.br\/vivabrasilia\/wp-content\/uploads\/sites\/4\/2024\/08\/222-Ana-Majdalani-Liliane-Caputo-e-Andrea-Moscardini-768x512.jpg 768w, https:\/\/newblogs.correiobraziliense.com.br\/vivabrasilia\/wp-content\/uploads\/sites\/4\/2024\/08\/222-Ana-Majdalani-Liliane-Caputo-e-Andrea-Moscardini-1536x1024.jpg 1536w, https:\/\/newblogs.correiobraziliense.com.br\/vivabrasilia\/wp-content\/uploads\/sites\/4\/2024\/08\/222-Ana-Majdalani-Liliane-Caputo-e-Andrea-Moscardini-2048x1366.jpg 2048w\" sizes=\"auto, (max-width: 1024px) 100vw, 1024px\" \/><figcaption class=\"wp-element-caption\">Ana Majdalani, Liliane Caputo e Andrea Moscardini | Foto: Mariana Campos<\/figcaption><\/figure>\n\n\n\n<figure class=\"wp-block-image size-large\"><img loading=\"lazy\" decoding=\"async\" width=\"1024\" height=\"683\" data-id=\"1803\" src=\"https:\/\/newblogs.correiobraziliense.com.br\/vivabrasilia\/wp-content\/uploads\/sites\/4\/2024\/08\/333-Tarcisio-Bresciani-Luiz-Antonio-Abagge-e-Joao-Bosco-Luz-1024x683.jpg\" alt=\"\" class=\"wp-image-1803\" srcset=\"https:\/\/newblogs.correiobraziliense.com.br\/vivabrasilia\/wp-content\/uploads\/sites\/4\/2024\/08\/333-Tarcisio-Bresciani-Luiz-Antonio-Abagge-e-Joao-Bosco-Luz-1024x683.jpg 1024w, https:\/\/newblogs.correiobraziliense.com.br\/vivabrasilia\/wp-content\/uploads\/sites\/4\/2024\/08\/333-Tarcisio-Bresciani-Luiz-Antonio-Abagge-e-Joao-Bosco-Luz-300x200.jpg 300w, https:\/\/newblogs.correiobraziliense.com.br\/vivabrasilia\/wp-content\/uploads\/sites\/4\/2024\/08\/333-Tarcisio-Bresciani-Luiz-Antonio-Abagge-e-Joao-Bosco-Luz-768x512.jpg 768w, https:\/\/newblogs.correiobraziliense.com.br\/vivabrasilia\/wp-content\/uploads\/sites\/4\/2024\/08\/333-Tarcisio-Bresciani-Luiz-Antonio-Abagge-e-Joao-Bosco-Luz-1536x1024.jpg 1536w, https:\/\/newblogs.correiobraziliense.com.br\/vivabrasilia\/wp-content\/uploads\/sites\/4\/2024\/08\/333-Tarcisio-Bresciani-Luiz-Antonio-Abagge-e-Joao-Bosco-Luz-2048x1366.jpg 2048w\" sizes=\"auto, (max-width: 1024px) 100vw, 1024px\" \/><figcaption class=\"wp-element-caption\">Tarc\u00edsio Bresciani, Luiz Antonio Abagge e Jo\u00e3o Bosco Luz | Foto: Mariana Campos<\/figcaption><\/figure>\n\n\n\n<figure class=\"wp-block-image size-large\"><img loading=\"lazy\" decoding=\"async\" width=\"1024\" height=\"683\" data-id=\"1808\" src=\"https:\/\/newblogs.correiobraziliense.com.br\/vivabrasilia\/wp-content\/uploads\/sites\/4\/2024\/08\/222-Ana-Majdalani-Liliane-Caputo-e-Andrea-Moscardini-1-1024x683.jpg\" alt=\"\" class=\"wp-image-1808\" srcset=\"https:\/\/newblogs.correiobraziliense.com.br\/vivabrasilia\/wp-content\/uploads\/sites\/4\/2024\/08\/222-Ana-Majdalani-Liliane-Caputo-e-Andrea-Moscardini-1-1024x683.jpg 1024w, https:\/\/newblogs.correiobraziliense.com.br\/vivabrasilia\/wp-content\/uploads\/sites\/4\/2024\/08\/222-Ana-Majdalani-Liliane-Caputo-e-Andrea-Moscardini-1-300x200.jpg 300w, https:\/\/newblogs.correiobraziliense.com.br\/vivabrasilia\/wp-content\/uploads\/sites\/4\/2024\/08\/222-Ana-Majdalani-Liliane-Caputo-e-Andrea-Moscardini-1-768x512.jpg 768w, https:\/\/newblogs.correiobraziliense.com.br\/vivabrasilia\/wp-content\/uploads\/sites\/4\/2024\/08\/222-Ana-Majdalani-Liliane-Caputo-e-Andrea-Moscardini-1-1536x1024.jpg 1536w, https:\/\/newblogs.correiobraziliense.com.br\/vivabrasilia\/wp-content\/uploads\/sites\/4\/2024\/08\/222-Ana-Majdalani-Liliane-Caputo-e-Andrea-Moscardini-1-2048x1366.jpg 2048w\" sizes=\"auto, (max-width: 1024px) 100vw, 1024px\" \/><figcaption class=\"wp-element-caption\">Ana Majdalani, Liliane Caputo e Andrea Moscardini | Foto: Mariana Campos<\/figcaption><\/figure>\n\n\n\n<figure class=\"wp-block-image size-large\"><img loading=\"lazy\" decoding=\"async\" width=\"1024\" height=\"683\" data-id=\"1809\" src=\"https:\/\/newblogs.correiobraziliense.com.br\/vivabrasilia\/wp-content\/uploads\/sites\/4\/2024\/08\/333-Tarcisio-Bresciani-Luiz-Antonio-Abagge-e-Joao-Bosco-Luz-1-1024x683.jpg\" alt=\"\" class=\"wp-image-1809\" srcset=\"https:\/\/newblogs.correiobraziliense.com.br\/vivabrasilia\/wp-content\/uploads\/sites\/4\/2024\/08\/333-Tarcisio-Bresciani-Luiz-Antonio-Abagge-e-Joao-Bosco-Luz-1-1024x683.jpg 1024w, https:\/\/newblogs.correiobraziliense.com.br\/vivabrasilia\/wp-content\/uploads\/sites\/4\/2024\/08\/333-Tarcisio-Bresciani-Luiz-Antonio-Abagge-e-Joao-Bosco-Luz-1-300x200.jpg 300w, https:\/\/newblogs.correiobraziliense.com.br\/vivabrasilia\/wp-content\/uploads\/sites\/4\/2024\/08\/333-Tarcisio-Bresciani-Luiz-Antonio-Abagge-e-Joao-Bosco-Luz-1-768x512.jpg 768w, https:\/\/newblogs.correiobraziliense.com.br\/vivabrasilia\/wp-content\/uploads\/sites\/4\/2024\/08\/333-Tarcisio-Bresciani-Luiz-Antonio-Abagge-e-Joao-Bosco-Luz-1-1536x1024.jpg 1536w, https:\/\/newblogs.correiobraziliense.com.br\/vivabrasilia\/wp-content\/uploads\/sites\/4\/2024\/08\/333-Tarcisio-Bresciani-Luiz-Antonio-Abagge-e-Joao-Bosco-Luz-1-2048x1366.jpg 2048w\" sizes=\"auto, (max-width: 1024px) 100vw, 1024px\" \/><figcaption class=\"wp-element-caption\">Tarc\u00edsio Bresciani, Luiz Antonio Abagge e Jo\u00e3o Bosco Luz | Foto: Mariana Campos<\/figcaption><\/figure>\n\n\n\n<figure class=\"wp-block-image size-large\"><img loading=\"lazy\" decoding=\"async\" width=\"1024\" height=\"683\" data-id=\"1810\" src=\"https:\/\/newblogs.correiobraziliense.com.br\/vivabrasilia\/wp-content\/uploads\/sites\/4\/2024\/08\/IMG_9921-1024x683.jpg\" alt=\"\" class=\"wp-image-1810\" srcset=\"https:\/\/newblogs.correiobraziliense.com.br\/vivabrasilia\/wp-content\/uploads\/sites\/4\/2024\/08\/IMG_9921-1024x683.jpg 1024w, https:\/\/newblogs.correiobraziliense.com.br\/vivabrasilia\/wp-content\/uploads\/sites\/4\/2024\/08\/IMG_9921-300x200.jpg 300w, https:\/\/newblogs.correiobraziliense.com.br\/vivabrasilia\/wp-content\/uploads\/sites\/4\/2024\/08\/IMG_9921-768x512.jpg 768w, https:\/\/newblogs.correiobraziliense.com.br\/vivabrasilia\/wp-content\/uploads\/sites\/4\/2024\/08\/IMG_9921-1536x1024.jpg 1536w, https:\/\/newblogs.correiobraziliense.com.br\/vivabrasilia\/wp-content\/uploads\/sites\/4\/2024\/08\/IMG_9921-2048x1366.jpg 2048w\" sizes=\"auto, (max-width: 1024px) 100vw, 1024px\" \/><figcaption class=\"wp-element-caption\">Terence Zveiter e Paulo Sergio Feuz | Foto: Mariana Campos<\/figcaption><\/figure>\n\n\n\n<figure class=\"wp-block-image size-large\"><img loading=\"lazy\" decoding=\"async\" width=\"1024\" height=\"683\" data-id=\"1811\" src=\"https:\/\/newblogs.correiobraziliense.com.br\/vivabrasilia\/wp-content\/uploads\/sites\/4\/2024\/08\/IMG_9934-1024x683.jpg\" alt=\"\" class=\"wp-image-1811\" srcset=\"https:\/\/newblogs.correiobraziliense.com.br\/vivabrasilia\/wp-content\/uploads\/sites\/4\/2024\/08\/IMG_9934-1024x683.jpg 1024w, https:\/\/newblogs.correiobraziliense.com.br\/vivabrasilia\/wp-content\/uploads\/sites\/4\/2024\/08\/IMG_9934-300x200.jpg 300w, https:\/\/newblogs.correiobraziliense.com.br\/vivabrasilia\/wp-content\/uploads\/sites\/4\/2024\/08\/IMG_9934-768x512.jpg 768w, https:\/\/newblogs.correiobraziliense.com.br\/vivabrasilia\/wp-content\/uploads\/sites\/4\/2024\/08\/IMG_9934-1536x1024.jpg 1536w, https:\/\/newblogs.correiobraziliense.com.br\/vivabrasilia\/wp-content\/uploads\/sites\/4\/2024\/08\/IMG_9934-2048x1366.jpg 2048w\" sizes=\"auto, (max-width: 1024px) 100vw, 1024px\" \/><figcaption class=\"wp-element-caption\">Celso Moredo, Terence Zveiter e Luciano Andrade Pinheiro | Foto: Mariana Campos<\/figcaption><\/figure>\n\n\n\n<figure class=\"wp-block-image size-large\"><img loading=\"lazy\" decoding=\"async\" width=\"1024\" height=\"683\" data-id=\"1812\" src=\"https:\/\/newblogs.correiobraziliense.com.br\/vivabrasilia\/wp-content\/uploads\/sites\/4\/2024\/08\/IMG_9943-1024x683.jpg\" alt=\"\" class=\"wp-image-1812\" srcset=\"https:\/\/newblogs.correiobraziliense.com.br\/vivabrasilia\/wp-content\/uploads\/sites\/4\/2024\/08\/IMG_9943-1024x683.jpg 1024w, https:\/\/newblogs.correiobraziliense.com.br\/vivabrasilia\/wp-content\/uploads\/sites\/4\/2024\/08\/IMG_9943-300x200.jpg 300w, https:\/\/newblogs.correiobraziliense.com.br\/vivabrasilia\/wp-content\/uploads\/sites\/4\/2024\/08\/IMG_9943-768x512.jpg 768w, https:\/\/newblogs.correiobraziliense.com.br\/vivabrasilia\/wp-content\/uploads\/sites\/4\/2024\/08\/IMG_9943-1536x1024.jpg 1536w, https:\/\/newblogs.correiobraziliense.com.br\/vivabrasilia\/wp-content\/uploads\/sites\/4\/2024\/08\/IMG_9943-2048x1366.jpg 2048w\" sizes=\"auto, (max-width: 1024px) 100vw, 1024px\" \/><\/figure>\n\n\n\n<figure class=\"wp-block-image size-large\"><img loading=\"lazy\" decoding=\"async\" width=\"1024\" height=\"683\" data-id=\"1813\" src=\"https:\/\/newblogs.correiobraziliense.com.br\/vivabrasilia\/wp-content\/uploads\/sites\/4\/2024\/08\/IMG_9949-1024x683.jpg\" alt=\"\" class=\"wp-image-1813\" srcset=\"https:\/\/newblogs.correiobraziliense.com.br\/vivabrasilia\/wp-content\/uploads\/sites\/4\/2024\/08\/IMG_9949-1024x683.jpg 1024w, https:\/\/newblogs.correiobraziliense.com.br\/vivabrasilia\/wp-content\/uploads\/sites\/4\/2024\/08\/IMG_9949-300x200.jpg 300w, https:\/\/newblogs.correiobraziliense.com.br\/vivabrasilia\/wp-content\/uploads\/sites\/4\/2024\/08\/IMG_9949-768x512.jpg 768w, https:\/\/newblogs.correiobraziliense.com.br\/vivabrasilia\/wp-content\/uploads\/sites\/4\/2024\/08\/IMG_9949-1536x1024.jpg 1536w, https:\/\/newblogs.correiobraziliense.com.br\/vivabrasilia\/wp-content\/uploads\/sites\/4\/2024\/08\/IMG_9949-2048x1366.jpg 2048w\" sizes=\"auto, (max-width: 1024px) 100vw, 1024px\" \/><figcaption class=\"wp-element-caption\">Renata Falc\u00e3o e Elthon Costa | Foto: Mariana Campos<\/figcaption><\/figure>\n\n\n\n<figure class=\"wp-block-image size-large\"><img loading=\"lazy\" decoding=\"async\" width=\"1024\" height=\"683\" data-id=\"1814\" src=\"https:\/\/newblogs.correiobraziliense.com.br\/vivabrasilia\/wp-content\/uploads\/sites\/4\/2024\/08\/IMG_9956-1024x683.jpg\" alt=\"\" class=\"wp-image-1814\" srcset=\"https:\/\/newblogs.correiobraziliense.com.br\/vivabrasilia\/wp-content\/uploads\/sites\/4\/2024\/08\/IMG_9956-1024x683.jpg 1024w, https:\/\/newblogs.correiobraziliense.com.br\/vivabrasilia\/wp-content\/uploads\/sites\/4\/2024\/08\/IMG_9956-300x200.jpg 300w, https:\/\/newblogs.correiobraziliense.com.br\/vivabrasilia\/wp-content\/uploads\/sites\/4\/2024\/08\/IMG_9956-768x512.jpg 768w, https:\/\/newblogs.correiobraziliense.com.br\/vivabrasilia\/wp-content\/uploads\/sites\/4\/2024\/08\/IMG_9956-1536x1024.jpg 1536w, https:\/\/newblogs.correiobraziliense.com.br\/vivabrasilia\/wp-content\/uploads\/sites\/4\/2024\/08\/IMG_9956-2048x1366.jpg 2048w\" sizes=\"auto, (max-width: 1024px) 100vw, 1024px\" \/><figcaption class=\"wp-element-caption\">Neimar Quesada, Adriene Hassen, Jos\u00e9 Perdiz e Raquel Lima | Foto: Mariana Campos<\/figcaption><\/figure>\n\n\n\n<figure class=\"wp-block-image size-large\"><img loading=\"lazy\" decoding=\"async\" width=\"1024\" height=\"683\" data-id=\"1815\" src=\"https:\/\/newblogs.correiobraziliense.com.br\/vivabrasilia\/wp-content\/uploads\/sites\/4\/2024\/08\/IMG_9971-1024x683.jpg\" alt=\"\" class=\"wp-image-1815\" srcset=\"https:\/\/newblogs.correiobraziliense.com.br\/vivabrasilia\/wp-content\/uploads\/sites\/4\/2024\/08\/IMG_9971-1024x683.jpg 1024w, https:\/\/newblogs.correiobraziliense.com.br\/vivabrasilia\/wp-content\/uploads\/sites\/4\/2024\/08\/IMG_9971-300x200.jpg 300w, https:\/\/newblogs.correiobraziliense.com.br\/vivabrasilia\/wp-content\/uploads\/sites\/4\/2024\/08\/IMG_9971-768x512.jpg 768w, https:\/\/newblogs.correiobraziliense.com.br\/vivabrasilia\/wp-content\/uploads\/sites\/4\/2024\/08\/IMG_9971-1536x1024.jpg 1536w, https:\/\/newblogs.correiobraziliense.com.br\/vivabrasilia\/wp-content\/uploads\/sites\/4\/2024\/08\/IMG_9971-2048x1366.jpg 2048w\" sizes=\"auto, (max-width: 1024px) 100vw, 1024px\" \/><figcaption class=\"wp-element-caption\">Ana Freire e Carla Dubois | Foto: Mariana Campos<\/figcaption><\/figure>\n\n\n\n<figure class=\"wp-block-image size-large\"><img loading=\"lazy\" decoding=\"async\" width=\"1024\" height=\"683\" data-id=\"1816\" src=\"https:\/\/newblogs.correiobraziliense.com.br\/vivabrasilia\/wp-content\/uploads\/sites\/4\/2024\/08\/IMG_9975-1024x683.jpg\" alt=\"\" class=\"wp-image-1816\" srcset=\"https:\/\/newblogs.correiobraziliense.com.br\/vivabrasilia\/wp-content\/uploads\/sites\/4\/2024\/08\/IMG_9975-1024x683.jpg 1024w, https:\/\/newblogs.correiobraziliense.com.br\/vivabrasilia\/wp-content\/uploads\/sites\/4\/2024\/08\/IMG_9975-300x200.jpg 300w, https:\/\/newblogs.correiobraziliense.com.br\/vivabrasilia\/wp-content\/uploads\/sites\/4\/2024\/08\/IMG_9975-768x512.jpg 768w, https:\/\/newblogs.correiobraziliense.com.br\/vivabrasilia\/wp-content\/uploads\/sites\/4\/2024\/08\/IMG_9975-1536x1024.jpg 1536w, https:\/\/newblogs.correiobraziliense.com.br\/vivabrasilia\/wp-content\/uploads\/sites\/4\/2024\/08\/IMG_9975-2048x1366.jpg 2048w\" sizes=\"auto, (max-width: 1024px) 100vw, 1024px\" \/><figcaption class=\"wp-element-caption\">Pedro Mattei e Neimar Quesada | Foto: Mariana Campos<\/figcaption><\/figure>\n\n\n\n<figure class=\"wp-block-image size-large\"><img loading=\"lazy\" decoding=\"async\" width=\"1024\" height=\"683\" data-id=\"1818\" src=\"https:\/\/newblogs.correiobraziliense.com.br\/vivabrasilia\/wp-content\/uploads\/sites\/4\/2024\/08\/WhatsApp-Image-2024-08-16-at-19.02.33-1-1024x683.jpeg\" alt=\"\" class=\"wp-image-1818\" srcset=\"https:\/\/newblogs.correiobraziliense.com.br\/vivabrasilia\/wp-content\/uploads\/sites\/4\/2024\/08\/WhatsApp-Image-2024-08-16-at-19.02.33-1-1024x683.jpeg 1024w, https:\/\/newblogs.correiobraziliense.com.br\/vivabrasilia\/wp-content\/uploads\/sites\/4\/2024\/08\/WhatsApp-Image-2024-08-16-at-19.02.33-1-300x200.jpeg 300w, https:\/\/newblogs.correiobraziliense.com.br\/vivabrasilia\/wp-content\/uploads\/sites\/4\/2024\/08\/WhatsApp-Image-2024-08-16-at-19.02.33-1-768x512.jpeg 768w, https:\/\/newblogs.correiobraziliense.com.br\/vivabrasilia\/wp-content\/uploads\/sites\/4\/2024\/08\/WhatsApp-Image-2024-08-16-at-19.02.33-1-1536x1024.jpeg 1536w, https:\/\/newblogs.correiobraziliense.com.br\/vivabrasilia\/wp-content\/uploads\/sites\/4\/2024\/08\/WhatsApp-Image-2024-08-16-at-19.02.33-1-2048x1365.jpeg 2048w\" sizes=\"auto, (max-width: 1024px) 100vw, 1024px\" \/><figcaption class=\"wp-element-caption\">Desembargador Jos\u00e9 Pedro de Camargo, Luiz Ant\u00f4nio Abagge, Diego Campos e Ricardo Gehling | Foto: Luis Fabiano Neves<\/figcaption><\/figure>\n\n\n\n<figure class=\"wp-block-image size-large\"><img loading=\"lazy\" decoding=\"async\" width=\"1024\" height=\"683\" data-id=\"1819\" src=\"https:\/\/newblogs.correiobraziliense.com.br\/vivabrasilia\/wp-content\/uploads\/sites\/4\/2024\/08\/WhatsApp-Image-2024-08-16-at-19.02.33-1024x683.jpeg\" alt=\"\" class=\"wp-image-1819\" srcset=\"https:\/\/newblogs.correiobraziliense.com.br\/vivabrasilia\/wp-content\/uploads\/sites\/4\/2024\/08\/WhatsApp-Image-2024-08-16-at-19.02.33-1024x683.jpeg 1024w, https:\/\/newblogs.correiobraziliense.com.br\/vivabrasilia\/wp-content\/uploads\/sites\/4\/2024\/08\/WhatsApp-Image-2024-08-16-at-19.02.33-300x200.jpeg 300w, https:\/\/newblogs.correiobraziliense.com.br\/vivabrasilia\/wp-content\/uploads\/sites\/4\/2024\/08\/WhatsApp-Image-2024-08-16-at-19.02.33-768x512.jpeg 768w, https:\/\/newblogs.correiobraziliense.com.br\/vivabrasilia\/wp-content\/uploads\/sites\/4\/2024\/08\/WhatsApp-Image-2024-08-16-at-19.02.33-1536x1024.jpeg 1536w, https:\/\/newblogs.correiobraziliense.com.br\/vivabrasilia\/wp-content\/uploads\/sites\/4\/2024\/08\/WhatsApp-Image-2024-08-16-at-19.02.33-2048x1365.jpeg 2048w\" sizes=\"auto, (max-width: 1024px) 100vw, 1024px\" \/><figcaption class=\"wp-element-caption\">Fernando Prigol, Neimar Quesada, M\u00e1rio C\u00e9lio Alves e Pedro Mattei | Foto: Luis Fabiano Neves<\/figcaption><\/figure>\n\n\n\n<figure class=\"wp-block-image size-large\"><img loading=\"lazy\" decoding=\"async\" width=\"1024\" height=\"683\" data-id=\"1820\" src=\"https:\/\/newblogs.correiobraziliense.com.br\/vivabrasilia\/wp-content\/uploads\/sites\/4\/2024\/08\/WhatsApp-Image-2024-08-16-at-19.02.34-1-1024x683.jpeg\" alt=\"\" class=\"wp-image-1820\" srcset=\"https:\/\/newblogs.correiobraziliense.com.br\/vivabrasilia\/wp-content\/uploads\/sites\/4\/2024\/08\/WhatsApp-Image-2024-08-16-at-19.02.34-1-1024x683.jpeg 1024w, https:\/\/newblogs.correiobraziliense.com.br\/vivabrasilia\/wp-content\/uploads\/sites\/4\/2024\/08\/WhatsApp-Image-2024-08-16-at-19.02.34-1-300x200.jpeg 300w, https:\/\/newblogs.correiobraziliense.com.br\/vivabrasilia\/wp-content\/uploads\/sites\/4\/2024\/08\/WhatsApp-Image-2024-08-16-at-19.02.34-1-768x512.jpeg 768w, https:\/\/newblogs.correiobraziliense.com.br\/vivabrasilia\/wp-content\/uploads\/sites\/4\/2024\/08\/WhatsApp-Image-2024-08-16-at-19.02.34-1-1536x1024.jpeg 1536w, https:\/\/newblogs.correiobraziliense.com.br\/vivabrasilia\/wp-content\/uploads\/sites\/4\/2024\/08\/WhatsApp-Image-2024-08-16-at-19.02.34-1.jpeg 1560w\" sizes=\"auto, (max-width: 1024px) 100vw, 1024px\" \/><figcaption class=\"wp-element-caption\">Felipe Souza, Andrei Kampff, Paulo Feuz e Fernando Monfardini | Foto: Luis Fabiano Neves<\/figcaption><\/figure>\n\n\n\n<figure class=\"wp-block-image size-large\"><img loading=\"lazy\" decoding=\"async\" width=\"1024\" height=\"683\" data-id=\"1821\" src=\"https:\/\/newblogs.correiobraziliense.com.br\/vivabrasilia\/wp-content\/uploads\/sites\/4\/2024\/08\/WhatsApp-Image-2024-08-16-at-19.02.34-2-1024x683.jpeg\" alt=\"\" class=\"wp-image-1821\" srcset=\"https:\/\/newblogs.correiobraziliense.com.br\/vivabrasilia\/wp-content\/uploads\/sites\/4\/2024\/08\/WhatsApp-Image-2024-08-16-at-19.02.34-2-1024x683.jpeg 1024w, https:\/\/newblogs.correiobraziliense.com.br\/vivabrasilia\/wp-content\/uploads\/sites\/4\/2024\/08\/WhatsApp-Image-2024-08-16-at-19.02.34-2-300x200.jpeg 300w, https:\/\/newblogs.correiobraziliense.com.br\/vivabrasilia\/wp-content\/uploads\/sites\/4\/2024\/08\/WhatsApp-Image-2024-08-16-at-19.02.34-2-768x512.jpeg 768w, https:\/\/newblogs.correiobraziliense.com.br\/vivabrasilia\/wp-content\/uploads\/sites\/4\/2024\/08\/WhatsApp-Image-2024-08-16-at-19.02.34-2-1536x1024.jpeg 1536w, https:\/\/newblogs.correiobraziliense.com.br\/vivabrasilia\/wp-content\/uploads\/sites\/4\/2024\/08\/WhatsApp-Image-2024-08-16-at-19.02.34-2.jpeg 1560w\" sizes=\"auto, (max-width: 1024px) 100vw, 1024px\" \/><figcaption class=\"wp-element-caption\">Luiz Ant\u00f4nio Abagge, Ministro Guilherme Caputo Bastos e Terence Zveiter | Foto: Luis Fabiano Neves<\/figcaption><\/figure>\n\n\n\n<figure class=\"wp-block-image size-large\"><img loading=\"lazy\" decoding=\"async\" width=\"1024\" height=\"682\" data-id=\"1822\" src=\"https:\/\/newblogs.correiobraziliense.com.br\/vivabrasilia\/wp-content\/uploads\/sites\/4\/2024\/08\/WhatsApp-Image-2024-08-16-at-19.02.34-3-1024x682.jpeg\" alt=\"\" class=\"wp-image-1822\" srcset=\"https:\/\/newblogs.correiobraziliense.com.br\/vivabrasilia\/wp-content\/uploads\/sites\/4\/2024\/08\/WhatsApp-Image-2024-08-16-at-19.02.34-3-1024x682.jpeg 1024w, https:\/\/newblogs.correiobraziliense.com.br\/vivabrasilia\/wp-content\/uploads\/sites\/4\/2024\/08\/WhatsApp-Image-2024-08-16-at-19.02.34-3-300x200.jpeg 300w, https:\/\/newblogs.correiobraziliense.com.br\/vivabrasilia\/wp-content\/uploads\/sites\/4\/2024\/08\/WhatsApp-Image-2024-08-16-at-19.02.34-3-768x512.jpeg 768w, https:\/\/newblogs.correiobraziliense.com.br\/vivabrasilia\/wp-content\/uploads\/sites\/4\/2024\/08\/WhatsApp-Image-2024-08-16-at-19.02.34-3.jpeg 1280w\" sizes=\"auto, (max-width: 1024px) 100vw, 1024px\" \/><figcaption class=\"wp-element-caption\">Diego Campos, Gabriel Caputo Bastos, Pedro Mattei, Henrique Senna e Fernando Prigol | Foto: Luis Fabiano Neves<\/figcaption><\/figure>\n\n\n\n<figure class=\"wp-block-image size-large\"><img loading=\"lazy\" decoding=\"async\" width=\"1024\" height=\"683\" data-id=\"1823\" src=\"https:\/\/newblogs.correiobraziliense.com.br\/vivabrasilia\/wp-content\/uploads\/sites\/4\/2024\/08\/WhatsApp-Image-2024-08-16-at-19.02.34-1024x683.jpeg\" alt=\"\" class=\"wp-image-1823\" srcset=\"https:\/\/newblogs.correiobraziliense.com.br\/vivabrasilia\/wp-content\/uploads\/sites\/4\/2024\/08\/WhatsApp-Image-2024-08-16-at-19.02.34-1024x683.jpeg 1024w, https:\/\/newblogs.correiobraziliense.com.br\/vivabrasilia\/wp-content\/uploads\/sites\/4\/2024\/08\/WhatsApp-Image-2024-08-16-at-19.02.34-300x200.jpeg 300w, https:\/\/newblogs.correiobraziliense.com.br\/vivabrasilia\/wp-content\/uploads\/sites\/4\/2024\/08\/WhatsApp-Image-2024-08-16-at-19.02.34-768x512.jpeg 768w, https:\/\/newblogs.correiobraziliense.com.br\/vivabrasilia\/wp-content\/uploads\/sites\/4\/2024\/08\/WhatsApp-Image-2024-08-16-at-19.02.34-1536x1024.jpeg 1536w, https:\/\/newblogs.correiobraziliense.com.br\/vivabrasilia\/wp-content\/uploads\/sites\/4\/2024\/08\/WhatsApp-Image-2024-08-16-at-19.02.34.jpeg 1560w\" sizes=\"auto, (max-width: 1024px) 100vw, 1024px\" \/><figcaption class=\"wp-element-caption\">Adriane Hassen, Raquel Lima, Liliane Caputo Bastos, Ariane Ven\u00e2ncio Lima e Julia Gelli | Foto: Luis Fabiano Neves<\/figcaption><\/figure>\n\n\n\n<figure class=\"wp-block-image size-large\"><img loading=\"lazy\" decoding=\"async\" width=\"1024\" height=\"683\" data-id=\"1817\" src=\"https:\/\/newblogs.correiobraziliense.com.br\/vivabrasilia\/wp-content\/uploads\/sites\/4\/2024\/08\/WhatsApp-Image-2024-08-16-at-17.20.34-1-1024x683.jpeg\" alt=\"\" class=\"wp-image-1817\" srcset=\"https:\/\/newblogs.correiobraziliense.com.br\/vivabrasilia\/wp-content\/uploads\/sites\/4\/2024\/08\/WhatsApp-Image-2024-08-16-at-17.20.34-1-1024x683.jpeg 1024w, https:\/\/newblogs.correiobraziliense.com.br\/vivabrasilia\/wp-content\/uploads\/sites\/4\/2024\/08\/WhatsApp-Image-2024-08-16-at-17.20.34-1-300x200.jpeg 300w, https:\/\/newblogs.correiobraziliense.com.br\/vivabrasilia\/wp-content\/uploads\/sites\/4\/2024\/08\/WhatsApp-Image-2024-08-16-at-17.20.34-1-768x512.jpeg 768w, https:\/\/newblogs.correiobraziliense.com.br\/vivabrasilia\/wp-content\/uploads\/sites\/4\/2024\/08\/WhatsApp-Image-2024-08-16-at-17.20.34-1-1536x1024.jpeg 1536w, https:\/\/newblogs.correiobraziliense.com.br\/vivabrasilia\/wp-content\/uploads\/sites\/4\/2024\/08\/WhatsApp-Image-2024-08-16-at-17.20.34-1-2048x1365.jpeg 2048w\" sizes=\"auto, (max-width: 1024px) 100vw, 1024px\" \/><figcaption class=\"wp-element-caption\">Foto: Luis Fabiano Neves<\/figcaption><\/figure>\n\n\n\n<figure class=\"wp-block-image size-large\"><img loading=\"lazy\" decoding=\"async\" width=\"1024\" height=\"682\" data-id=\"1824\" src=\"https:\/\/newblogs.correiobraziliense.com.br\/vivabrasilia\/wp-content\/uploads\/sites\/4\/2024\/08\/WhatsApp-Image-2024-08-16-at-19.02.35-1-1024x682.jpeg\" alt=\"\" class=\"wp-image-1824\" srcset=\"https:\/\/newblogs.correiobraziliense.com.br\/vivabrasilia\/wp-content\/uploads\/sites\/4\/2024\/08\/WhatsApp-Image-2024-08-16-at-19.02.35-1-1024x682.jpeg 1024w, https:\/\/newblogs.correiobraziliense.com.br\/vivabrasilia\/wp-content\/uploads\/sites\/4\/2024\/08\/WhatsApp-Image-2024-08-16-at-19.02.35-1-300x200.jpeg 300w, https:\/\/newblogs.correiobraziliense.com.br\/vivabrasilia\/wp-content\/uploads\/sites\/4\/2024\/08\/WhatsApp-Image-2024-08-16-at-19.02.35-1-768x512.jpeg 768w, https:\/\/newblogs.correiobraziliense.com.br\/vivabrasilia\/wp-content\/uploads\/sites\/4\/2024\/08\/WhatsApp-Image-2024-08-16-at-19.02.35-1.jpeg 1280w\" sizes=\"auto, (max-width: 1024px) 100vw, 1024px\" \/><figcaption class=\"wp-element-caption\">Foto: Luis Fabiano Neves<\/figcaption><\/figure>\n\n\n\n<figure class=\"wp-block-image size-large\"><img loading=\"lazy\" decoding=\"async\" width=\"1024\" height=\"682\" data-id=\"1825\" src=\"https:\/\/newblogs.correiobraziliense.com.br\/vivabrasilia\/wp-content\/uploads\/sites\/4\/2024\/08\/WhatsApp-Image-2024-08-16-at-19.02.35-2-1024x682.jpeg\" alt=\"\" class=\"wp-image-1825\" srcset=\"https:\/\/newblogs.correiobraziliense.com.br\/vivabrasilia\/wp-content\/uploads\/sites\/4\/2024\/08\/WhatsApp-Image-2024-08-16-at-19.02.35-2-1024x682.jpeg 1024w, https:\/\/newblogs.correiobraziliense.com.br\/vivabrasilia\/wp-content\/uploads\/sites\/4\/2024\/08\/WhatsApp-Image-2024-08-16-at-19.02.35-2-300x200.jpeg 300w, https:\/\/newblogs.correiobraziliense.com.br\/vivabrasilia\/wp-content\/uploads\/sites\/4\/2024\/08\/WhatsApp-Image-2024-08-16-at-19.02.35-2-768x512.jpeg 768w, https:\/\/newblogs.correiobraziliense.com.br\/vivabrasilia\/wp-content\/uploads\/sites\/4\/2024\/08\/WhatsApp-Image-2024-08-16-at-19.02.35-2.jpeg 1280w\" sizes=\"auto, (max-width: 1024px) 100vw, 1024px\" \/><figcaption class=\"wp-element-caption\">Foto: Luis Fabiano Neves<\/figcaption><\/figure>\n\n\n\n<figure class=\"wp-block-image size-large\"><img loading=\"lazy\" decoding=\"async\" width=\"1024\" height=\"682\" data-id=\"1826\" src=\"https:\/\/newblogs.correiobraziliense.com.br\/vivabrasilia\/wp-content\/uploads\/sites\/4\/2024\/08\/WhatsApp-Image-2024-08-16-at-19.02.35-3-1024x682.jpeg\" alt=\"\" class=\"wp-image-1826\" srcset=\"https:\/\/newblogs.correiobraziliense.com.br\/vivabrasilia\/wp-content\/uploads\/sites\/4\/2024\/08\/WhatsApp-Image-2024-08-16-at-19.02.35-3-1024x682.jpeg 1024w, https:\/\/newblogs.correiobraziliense.com.br\/vivabrasilia\/wp-content\/uploads\/sites\/4\/2024\/08\/WhatsApp-Image-2024-08-16-at-19.02.35-3-300x200.jpeg 300w, https:\/\/newblogs.correiobraziliense.com.br\/vivabrasilia\/wp-content\/uploads\/sites\/4\/2024\/08\/WhatsApp-Image-2024-08-16-at-19.02.35-3-768x512.jpeg 768w, https:\/\/newblogs.correiobraziliense.com.br\/vivabrasilia\/wp-content\/uploads\/sites\/4\/2024\/08\/WhatsApp-Image-2024-08-16-at-19.02.35-3.jpeg 1280w\" sizes=\"auto, (max-width: 1024px) 100vw, 1024px\" \/><figcaption class=\"wp-element-caption\">Foto: Luis Fabiano Neves<\/figcaption><\/figure>\n\n\n\n<figure class=\"wp-block-image size-large\"><img loading=\"lazy\" decoding=\"async\" width=\"1024\" height=\"682\" data-id=\"1827\" src=\"https:\/\/newblogs.correiobraziliense.com.br\/vivabrasilia\/wp-content\/uploads\/sites\/4\/2024\/08\/WhatsApp-Image-2024-08-16-at-19.02.35-1024x682.jpeg\" alt=\"\" class=\"wp-image-1827\" srcset=\"https:\/\/newblogs.correiobraziliense.com.br\/vivabrasilia\/wp-content\/uploads\/sites\/4\/2024\/08\/WhatsApp-Image-2024-08-16-at-19.02.35-1024x682.jpeg 1024w, https:\/\/newblogs.correiobraziliense.com.br\/vivabrasilia\/wp-content\/uploads\/sites\/4\/2024\/08\/WhatsApp-Image-2024-08-16-at-19.02.35-300x200.jpeg 300w, https:\/\/newblogs.correiobraziliense.com.br\/vivabrasilia\/wp-content\/uploads\/sites\/4\/2024\/08\/WhatsApp-Image-2024-08-16-at-19.02.35-768x512.jpeg 768w, https:\/\/newblogs.correiobraziliense.com.br\/vivabrasilia\/wp-content\/uploads\/sites\/4\/2024\/08\/WhatsApp-Image-2024-08-16-at-19.02.35.jpeg 1280w\" sizes=\"auto, (max-width: 1024px) 100vw, 1024px\" \/><figcaption class=\"wp-element-caption\">Foto: Luis Fabiano Neves<\/figcaption><\/figure>\n<\/figure>\n<\/div>\n\t\t\t<div class=\"slider-nav\">\n\t\t\t\t<button class=\"prev\">\n\t\t\t\t<svg xmlns=\"http:\/\/www.w3.org\/2000\/svg\" width=\"26\" height=\"45\" viewBox=\"0 0 26 45\" fill=\"none\">\n\t\t\t\t<path d=\"M24.9118 0.990519C25.5461 1.62494 25.9023 2.48528 25.9023 3.38235C25.9023 4.27943 25.5461 5.13977 24.9118 5.77419L8.16559 22.5204L24.9118 39.2667C25.5281 39.9047 25.8691 40.7593 25.8614 41.6463C25.8537 42.5334 25.4979 43.3819 24.8706 44.0091C24.2434 44.6364 23.3948 44.9922 22.5078 44.9999C21.6208 45.0076 20.7662 44.6666 20.1282 44.0503L0.990082 24.9123C0.355853 24.2778 -0.000438023 23.4175 -0.000438023 22.5204C-0.000438023 21.6234 0.355853 20.763 0.990082 20.1286L20.1282 0.990519C20.7626 0.35629 21.6229 0 22.52 0C23.4171 0 24.2774 0.35629 24.9118 0.990519Z\" fill=\"white\" fill-opacity=\"0.7\"><\/path>\n\t\t\t\t<\/svg>\n\t\t\t\t<\/button>\n\t\t\t\t<button class=\"next\">\n\t\t\t\t<svg xmlns=\"http:\/\/www.w3.org\/2000\/svg\" width=\"26\" height=\"45\" viewBox=\"0 0 26 45\" fill=\"none\">\n\t\t\t\t<path d=\"M0.99052 0.990519C0.356291 1.62494 0 2.48528 0 3.38235C0 4.27943 0.356291 5.13977 0.99052 5.77419L17.7368 22.5204L0.99052 39.2667C0.374265 39.9047 0.0332682 40.7593 0.0409763 41.6463C0.0486844 42.5334 0.40448 43.3819 1.03173 44.0091C1.65898 44.6364 2.5075 44.9922 3.39453 44.9999C4.28156 45.0076 5.13613 44.6666 5.77419 44.0503L24.9123 24.9123C25.5465 24.2778 25.9028 23.4175 25.9028 22.5204C25.9028 21.6234 25.5465 20.763 24.9123 20.1286L5.77419 0.990519C5.13977 0.35629 4.27943 0 3.38235 0C2.48528 0 1.62494 0.35629 0.99052 0.990519Z\" fill=\"white\" fill-opacity=\"0.7\"><\/path>\n\t\t\t\t<\/svg>\n\t\t\t\t<\/button>\n\t\t\t<\/div>\n\t\t\t<div class=\"slider-dots\"><\/div>\n\t\t\t<\/div>","protected":false},"excerpt":{"rendered":"<p>Especialistas debateram sobre apostas, manipula\u00e7\u00e3o de resultados e outros temas no tradicional congresso, que ocorreu na Asa Norte<\/p>\n","protected":false},"author":7,"featured_media":1801,"comment_status":"closed","ping_status":"open","sticky":false,"template":"","format":"standard","meta":{"_acf_changed":false,"inline_featured_image":false,"footnotes":""},"categories":[67],"tags":[448,450,449,447,367],"class_list":["post-1789","post","type-post","status-publish","format-standard","has-post-thumbnail","hentry","category-esporte","tag-andd","tag-congresso","tag-direito-desportivo","tag-jurisport","tag-seminario"],"acf":[],"yoast_head":"<!-- This site is optimized with the Yoast SEO plugin v27.3 - https:\/\/yoast.com\/product\/yoast-seo-wordpress\/ -->\n<title>XIII Jurisport: semin\u00e1rio debate direito desportivo - Viva Bras\u00edlia<\/title>\n<meta name=\"description\" content=\"Especialistas debateram sobre apostas, manipula\u00e7\u00e3o de resultados e outros temas no tradicional congresso, que ocorreu na Asa Norte\" \/>\n<meta name=\"robots\" content=\"index, follow, max-snippet:-1, max-image-preview:large, max-video-preview:-1\" \/>\n<link rel=\"canonical\" href=\"https:\/\/newblogs.correiobraziliense.com.br\/vivabrasilia\/xiii-jurisport-seminario-debate-direito-desportivo\/\" \/>\n<meta property=\"og:locale\" content=\"pt_BR\" \/>\n<meta property=\"og:type\" content=\"article\" \/>\n<meta property=\"og:title\" content=\"XIII Jurisport: semin\u00e1rio debate direito desportivo - Viva Bras\u00edlia\" \/>\n<meta property=\"og:description\" content=\"Especialistas debateram sobre apostas, manipula\u00e7\u00e3o de resultados e outros temas no tradicional congresso, que ocorreu na Asa Norte\" \/>\n<meta property=\"og:url\" content=\"https:\/\/newblogs.correiobraziliense.com.br\/vivabrasilia\/xiii-jurisport-seminario-debate-direito-desportivo\/\" \/>\n<meta property=\"og:site_name\" content=\"Viva Bras\u00edlia\" \/>\n<meta property=\"article:published_time\" content=\"2024-08-17T00:11:19+00:00\" \/>\n<meta property=\"article:modified_time\" content=\"2024-08-17T00:11:20+00:00\" \/>\n<meta property=\"og:image\" content=\"https:\/\/newblogs.correiobraziliense.com.br\/vivabrasilia\/wp-content\/uploads\/sites\/4\/2024\/08\/111-Douglas-Alencar-Rodrigues-Terence-Zveiter-Amaury-Rodrigues-Pinto-Junior-e-Guilherme-Caputo-Bastos.jpg\" \/>\n\t<meta property=\"og:image:width\" content=\"2500\" \/>\n\t<meta property=\"og:image:height\" content=\"1666\" \/>\n\t<meta property=\"og:image:type\" content=\"image\/jpeg\" \/>\n<meta name=\"author\" content=\"Mariana Campos\" \/>\n<!-- \/ Yoast SEO plugin. -->","yoast_head_json":{"title":"XIII Jurisport: semin\u00e1rio debate direito desportivo - Viva Bras\u00edlia","description":"Especialistas debateram sobre apostas, manipula\u00e7\u00e3o de resultados e outros temas no tradicional congresso, que ocorreu na Asa Norte","robots":{"index":"index","follow":"follow","max-snippet":"max-snippet:-1","max-image-preview":"max-image-preview:large","max-video-preview":"max-video-preview:-1"},"canonical":"https:\/\/newblogs.correiobraziliense.com.br\/vivabrasilia\/xiii-jurisport-seminario-debate-direito-desportivo\/","og_locale":"pt_BR","og_type":"article","og_title":"XIII Jurisport: semin\u00e1rio debate direito desportivo - Viva Bras\u00edlia","og_description":"Especialistas debateram sobre apostas, manipula\u00e7\u00e3o de resultados e outros temas no tradicional congresso, que ocorreu na Asa Norte","og_url":"https:\/\/newblogs.correiobraziliense.com.br\/vivabrasilia\/xiii-jurisport-seminario-debate-direito-desportivo\/","og_site_name":"Viva Bras\u00edlia","article_published_time":"2024-08-17T00:11:19+00:00","article_modified_time":"2024-08-17T00:11:20+00:00","og_image":[{"width":2500,"height":1666,"url":"https:\/\/newblogs.correiobraziliense.com.br\/vivabrasilia\/wp-content\/uploads\/sites\/4\/2024\/08\/111-Douglas-Alencar-Rodrigues-Terence-Zveiter-Amaury-Rodrigues-Pinto-Junior-e-Guilherme-Caputo-Bastos.jpg","type":"image\/jpeg"}],"author":"Mariana Campos","schema":{"@context":"https:\/\/schema.org","@graph":[{"@type":"Article","@id":"https:\/\/newblogs.correiobraziliense.com.br\/vivabrasilia\/xiii-jurisport-seminario-debate-direito-desportivo\/#article","isPartOf":{"@id":"https:\/\/newblogs.correiobraziliense.com.br\/vivabrasilia\/xiii-jurisport-seminario-debate-direito-desportivo\/"},"author":{"name":"Mariana Campos","@id":"https:\/\/newblogs.correiobraziliense.com.br\/vivabrasilia\/#\/schema\/person\/018c75775aaa6ead74dde48a78ac7fa1"},"headline":"XIII Jurisport: semin\u00e1rio debate direito desportivo","datePublished":"2024-08-17T00:11:19+00:00","dateModified":"2024-08-17T00:11:20+00:00","mainEntityOfPage":{"@id":"https:\/\/newblogs.correiobraziliense.com.br\/vivabrasilia\/xiii-jurisport-seminario-debate-direito-desportivo\/"},"wordCount":341,"image":{"@id":"https:\/\/newblogs.correiobraziliense.com.br\/vivabrasilia\/xiii-jurisport-seminario-debate-direito-desportivo\/#primaryimage"},"thumbnailUrl":"https:\/\/newblogs.correiobraziliense.com.br\/vivabrasilia\/wp-content\/uploads\/sites\/4\/2024\/08\/111-Douglas-Alencar-Rodrigues-Terence-Zveiter-Amaury-Rodrigues-Pinto-Junior-e-Guilherme-Caputo-Bastos.jpg","keywords":["ANDD","congresso","direito desportivo","Jurisport","Semin\u00e1rio"],"articleSection":["Esporte"],"inLanguage":"pt-BR"},{"@type":"WebPage","@id":"https:\/\/newblogs.correiobraziliense.com.br\/vivabrasilia\/xiii-jurisport-seminario-debate-direito-desportivo\/","url":"https:\/\/newblogs.correiobraziliense.com.br\/vivabrasilia\/xiii-jurisport-seminario-debate-direito-desportivo\/","name":"XIII Jurisport: semin\u00e1rio debate direito desportivo - Viva Bras\u00edlia","isPartOf":{"@id":"https:\/\/newblogs.correiobraziliense.com.br\/vivabrasilia\/#website"},"primaryImageOfPage":{"@id":"https:\/\/newblogs.correiobraziliense.com.br\/vivabrasilia\/xiii-jurisport-seminario-debate-direito-desportivo\/#primaryimage"},"image":{"@id":"https:\/\/newblogs.correiobraziliense.com.br\/vivabrasilia\/xiii-jurisport-seminario-debate-direito-desportivo\/#primaryimage"},"thumbnailUrl":"https:\/\/newblogs.correiobraziliense.com.br\/vivabrasilia\/wp-content\/uploads\/sites\/4\/2024\/08\/111-Douglas-Alencar-Rodrigues-Terence-Zveiter-Amaury-Rodrigues-Pinto-Junior-e-Guilherme-Caputo-Bastos.jpg","datePublished":"2024-08-17T00:11:19+00:00","dateModified":"2024-08-17T00:11:20+00:00","author":{"@id":"https:\/\/newblogs.correiobraziliense.com.br\/vivabrasilia\/#\/schema\/person\/018c75775aaa6ead74dde48a78ac7fa1"},"description":"Especialistas debateram sobre apostas, manipula\u00e7\u00e3o de resultados e outros temas no tradicional congresso, que ocorreu na Asa Norte","breadcrumb":{"@id":"https:\/\/newblogs.correiobraziliense.com.br\/vivabrasilia\/xiii-jurisport-seminario-debate-direito-desportivo\/#breadcrumb"},"inLanguage":"pt-BR","potentialAction":[{"@type":"ReadAction","target":["https:\/\/newblogs.correiobraziliense.com.br\/vivabrasilia\/xiii-jurisport-seminario-debate-direito-desportivo\/"]}]},{"@type":"ImageObject","inLanguage":"pt-BR","@id":"https:\/\/newblogs.correiobraziliense.com.br\/vivabrasilia\/xiii-jurisport-seminario-debate-direito-desportivo\/#primaryimage","url":"https:\/\/newblogs.correiobraziliense.com.br\/vivabrasilia\/wp-content\/uploads\/sites\/4\/2024\/08\/111-Douglas-Alencar-Rodrigues-Terence-Zveiter-Amaury-Rodrigues-Pinto-Junior-e-Guilherme-Caputo-Bastos.jpg","contentUrl":"https:\/\/newblogs.correiobraziliense.com.br\/vivabrasilia\/wp-content\/uploads\/sites\/4\/2024\/08\/111-Douglas-Alencar-Rodrigues-Terence-Zveiter-Amaury-Rodrigues-Pinto-Junior-e-Guilherme-Caputo-Bastos.jpg","width":2500,"height":1666,"caption":"Douglas Alencar Rodrigues, Terence Zveiter, Amaury Rodrigues Pinto J\u00fanior e Guilherme Caputo Bastos | Foto: Luis Fabiano Neves"},{"@type":"BreadcrumbList","@id":"https:\/\/newblogs.correiobraziliense.com.br\/vivabrasilia\/xiii-jurisport-seminario-debate-direito-desportivo\/#breadcrumb","itemListElement":[{"@type":"ListItem","position":1,"name":"In\u00edcio","item":"https:\/\/newblogs.correiobraziliense.com.br\/vivabrasilia\/"},{"@type":"ListItem","position":2,"name":"XIII Jurisport: semin\u00e1rio debate direito desportivo"}]},{"@type":"WebSite","@id":"https:\/\/newblogs.correiobraziliense.com.br\/vivabrasilia\/#website","url":"https:\/\/newblogs.correiobraziliense.com.br\/vivabrasilia\/","name":"Viva Bras\u00edlia","description":"Coluna de estilo de vida","potentialAction":[{"@type":"SearchAction","target":{"@type":"EntryPoint","urlTemplate":"https:\/\/newblogs.correiobraziliense.com.br\/vivabrasilia\/?s={search_term_string}"},"query-input":{"@type":"PropertyValueSpecification","valueRequired":true,"valueName":"search_term_string"}}],"inLanguage":"pt-BR"},{"@type":"Person","@id":"https:\/\/newblogs.correiobraziliense.com.br\/vivabrasilia\/#\/schema\/person\/018c75775aaa6ead74dde48a78ac7fa1","name":"Mariana Campos","image":{"@type":"ImageObject","inLanguage":"pt-BR","@id":"https:\/\/secure.gravatar.com\/avatar\/97cd13271bc36c11415a45e9f8192828452de6a8c0e24857edbf96d21752260f?s=96&d=mm&r=g","url":"https:\/\/secure.gravatar.com\/avatar\/97cd13271bc36c11415a45e9f8192828452de6a8c0e24857edbf96d21752260f?s=96&d=mm&r=g","contentUrl":"https:\/\/secure.gravatar.com\/avatar\/97cd13271bc36c11415a45e9f8192828452de6a8c0e24857edbf96d21752260f?s=96&d=mm&r=g","caption":"Mariana Campos"},"description":"Colunista da Viva Bras\u00edlia, Mariana escreve e fotografa para a coluna. Formada em Comunica\u00e7\u00e3o, aprofundou-se no jornalismo e agora une a escrita com a fotografia para mostrar que a capital \u00e9 uma cidade viva que n\u00e3o se resume ao poder. Tamb\u00e9m faz a cobertura de moda para seu blog, Pliss\u00ea, e para as redes sociais do Correio.","sameAs":["http:\/\/newblogs.correiobraziliense.com\/plisse","https:\/\/www.instagram.com\/marigrigori"],"url":"https:\/\/newblogs.correiobraziliense.com.br\/vivabrasilia\/author\/marivivabrasilia\/"}]}},"_links":{"self":[{"href":"https:\/\/newblogs.correiobraziliense.com.br\/vivabrasilia\/wp-json\/wp\/v2\/posts\/1789","targetHints":{"allow":["GET"]}}],"collection":[{"href":"https:\/\/newblogs.correiobraziliense.com.br\/vivabrasilia\/wp-json\/wp\/v2\/posts"}],"about":[{"href":"https:\/\/newblogs.correiobraziliense.com.br\/vivabrasilia\/wp-json\/wp\/v2\/types\/post"}],"author":[{"embeddable":true,"href":"https:\/\/newblogs.correiobraziliense.com.br\/vivabrasilia\/wp-json\/wp\/v2\/users\/7"}],"replies":[{"embeddable":true,"href":"https:\/\/newblogs.correiobraziliense.com.br\/vivabrasilia\/wp-json\/wp\/v2\/comments?post=1789"}],"version-history":[{"count":3,"href":"https:\/\/newblogs.correiobraziliense.com.br\/vivabrasilia\/wp-json\/wp\/v2\/posts\/1789\/revisions"}],"predecessor-version":[{"id":1828,"href":"https:\/\/newblogs.correiobraziliense.com.br\/vivabrasilia\/wp-json\/wp\/v2\/posts\/1789\/revisions\/1828"}],"wp:featuredmedia":[{"embeddable":true,"href":"https:\/\/newblogs.correiobraziliense.com.br\/vivabrasilia\/wp-json\/wp\/v2\/media\/1801"}],"wp:attachment":[{"href":"https:\/\/newblogs.correiobraziliense.com.br\/vivabrasilia\/wp-json\/wp\/v2\/media?parent=1789"}],"wp:term":[{"taxonomy":"category","embeddable":true,"href":"https:\/\/newblogs.correiobraziliense.com.br\/vivabrasilia\/wp-json\/wp\/v2\/categories?post=1789"},{"taxonomy":"post_tag","embeddable":true,"href":"https:\/\/newblogs.correiobraziliense.com.br\/vivabrasilia\/wp-json\/wp\/v2\/tags?post=1789"}],"curies":[{"name":"wp","href":"https:\/\/api.w.org\/{rel}","templated":true}]}}