{"id":1727,"date":"2024-08-10T06:53:00","date_gmt":"2024-08-10T09:53:00","guid":{"rendered":"https:\/\/newblogs.correiobraziliense.com.br\/vivabrasilia\/?p=1727"},"modified":"2024-08-10T03:21:35","modified_gmt":"2024-08-10T06:21:35","slug":"casacor-brasilia-hidden-e-festival-de-arte-agitam-a-semana-no-df","status":"publish","type":"post","link":"https:\/\/newblogs.correiobraziliense.com.br\/vivabrasilia\/casacor-brasilia-hidden-e-festival-de-arte-agitam-a-semana-no-df\/","title":{"rendered":"CasaCor Bras\u00edlia, Hidden e festival de arte agitam a semana no DF"},"content":{"rendered":"\n<p><strong>Hidden Bras\u00edlia<\/strong><\/p>\n\n\n\n<p>Hoje \u00e9 o \u00faltimo dia para curtir arte, m\u00fasica e gastronomia no Hidden Bras\u00edlia. O evento ocorre de 18h30 \u00e0s 2h, na Casa Manchete, no Setor de Ind\u00fastrias Gr\u00e1ficas, onde os visitantes podem escolher vinhos, bebidas, frios e p\u00e3es para aproveitar o som ao vivo de bandas e djs brasilienses em um ambiente aconchegante. A ocupa\u00e7\u00e3o \u00e9 por ordem de chegada.<\/p>\n\n\n\n<p><strong>7\u00ba Pr\u00eamio Correio Braziliense e Casa Cor Bras\u00edlia&nbsp;<\/strong><\/p>\n\n\n\n<p>A nova edi\u00e7\u00e3o do CasaCor Bras\u00edlia ser\u00e1 inaugurada na quinta-feira, \u00e0s 10h, no Est\u00e1dio Man\u00e9 Garrincha. O evento vai at\u00e9 outubro, onde os visitantes conhecer\u00e3o as tend\u00eancias do setor de design e arquitetura. Al\u00e9m disso, os espa\u00e7os concorrem \u00e0 s\u00e9tima edi\u00e7\u00e3o do maior e mais desejado pr\u00eamio de decora\u00e7\u00e3o do Centro Oeste, oferecido pelo Correio Braziliense \u2014 que \u00e9 media partner do festival \u2014 e pela Casa Cor Bras\u00edlia.<\/p>\n\n\n\n<p><strong>50 anos de arte<\/strong><\/p>\n\n\n\n<p>Para comemorar 50 anos, o Espa\u00e7o Cultural Renato Russo est\u00e1 promovendo um festival de arte e cultura. O evento come\u00e7a hoje, na 508 Sul, e vai at\u00e9 18 de agosto, com extensa programa\u00e7\u00e3o de apresenta\u00e7\u00f5es de m\u00fasica, teatro, dan\u00e7a, cinema e outros. Para conferir a agenda, acesse <em>espacoculturalrenatorusso.com.br.<\/em><\/p>\n","protected":false},"excerpt":{"rendered":"<p>Inaugura\u00e7\u00e3o da exposi\u00e7\u00e3o arquitet\u00f4nica, cujos espa\u00e7os concorrem ao pr\u00eamio Correio Braziliense e CasaCor Bras\u00edlia, \u00e9 destaque na programa\u00e7\u00e3o<\/p>\n","protected":false},"author":7,"featured_media":1728,"comment_status":"closed","ping_status":"open","sticky":false,"template":"","format":"standard","meta":{"_acf_changed":false,"inline_featured_image":false,"footnotes":""},"categories":[1],"tags":[140,414,413,415,8,411,412],"class_list":["post-1727","post","type-post","status-publish","format-standard","has-post-thumbnail","hentry","category-sem-categoria","tag-agenda","tag-casacor-brasilia","tag-correio-braziliense","tag-espaco-cultural-renato-russo","tag-evento","tag-festa","tag-hidden"],"acf":[],"yoast_head":"<!-- This site is optimized with the Yoast SEO plugin v27.3 - https:\/\/yoast.com\/product\/yoast-seo-wordpress\/ -->\n<title>CasaCor Bras\u00edlia, Hidden e festival de arte agitam a semana no DF - Viva Bras\u00edlia<\/title>\n<meta name=\"description\" content=\"Inaugura\u00e7\u00e3o da exposi\u00e7\u00e3o arquitet\u00f4nica, cujos espa\u00e7os concorrem ao pr\u00eamio Correio Braziliense e CasaCor Bras\u00edlia, \u00e9 destaque na programa\u00e7\u00e3o\" \/>\n<meta name=\"robots\" content=\"index, follow, max-snippet:-1, max-image-preview:large, max-video-preview:-1\" \/>\n<link rel=\"canonical\" href=\"https:\/\/newblogs.correiobraziliense.com.br\/vivabrasilia\/casacor-brasilia-hidden-e-festival-de-arte-agitam-a-semana-no-df\/\" \/>\n<meta property=\"og:locale\" content=\"pt_BR\" \/>\n<meta property=\"og:type\" content=\"article\" \/>\n<meta property=\"og:title\" content=\"CasaCor Bras\u00edlia, Hidden e festival de arte agitam a semana no DF - Viva Bras\u00edlia\" \/>\n<meta property=\"og:description\" content=\"Inaugura\u00e7\u00e3o da exposi\u00e7\u00e3o arquitet\u00f4nica, cujos espa\u00e7os concorrem ao pr\u00eamio Correio Braziliense e CasaCor Bras\u00edlia, \u00e9 destaque na programa\u00e7\u00e3o\" \/>\n<meta property=\"og:url\" content=\"https:\/\/newblogs.correiobraziliense.com.br\/vivabrasilia\/casacor-brasilia-hidden-e-festival-de-arte-agitam-a-semana-no-df\/\" \/>\n<meta property=\"og:site_name\" content=\"Viva Bras\u00edlia\" \/>\n<meta property=\"article:published_time\" content=\"2024-08-10T09:53:00+00:00\" \/>\n<meta property=\"og:image\" content=\"https:\/\/newblogs.correiobraziliense.com.br\/vivabrasilia\/wp-content\/uploads\/sites\/4\/2024\/08\/HDDN-BSB-17-05-23-1-2048x1152-1.webp\" \/>\n\t<meta property=\"og:image:width\" content=\"2048\" \/>\n\t<meta property=\"og:image:height\" content=\"1152\" \/>\n\t<meta property=\"og:image:type\" content=\"image\/webp\" \/>\n<meta name=\"author\" content=\"Mariana Campos\" \/>\n<!-- \/ Yoast SEO plugin. -->","yoast_head_json":{"title":"CasaCor Bras\u00edlia, Hidden e festival de arte agitam a semana no DF - Viva Bras\u00edlia","description":"Inaugura\u00e7\u00e3o da exposi\u00e7\u00e3o arquitet\u00f4nica, cujos espa\u00e7os concorrem ao pr\u00eamio Correio Braziliense e CasaCor Bras\u00edlia, \u00e9 destaque na programa\u00e7\u00e3o","robots":{"index":"index","follow":"follow","max-snippet":"max-snippet:-1","max-image-preview":"max-image-preview:large","max-video-preview":"max-video-preview:-1"},"canonical":"https:\/\/newblogs.correiobraziliense.com.br\/vivabrasilia\/casacor-brasilia-hidden-e-festival-de-arte-agitam-a-semana-no-df\/","og_locale":"pt_BR","og_type":"article","og_title":"CasaCor Bras\u00edlia, Hidden e festival de arte agitam a semana no DF - Viva Bras\u00edlia","og_description":"Inaugura\u00e7\u00e3o da exposi\u00e7\u00e3o arquitet\u00f4nica, cujos espa\u00e7os concorrem ao pr\u00eamio Correio Braziliense e CasaCor Bras\u00edlia, \u00e9 destaque na programa\u00e7\u00e3o","og_url":"https:\/\/newblogs.correiobraziliense.com.br\/vivabrasilia\/casacor-brasilia-hidden-e-festival-de-arte-agitam-a-semana-no-df\/","og_site_name":"Viva Bras\u00edlia","article_published_time":"2024-08-10T09:53:00+00:00","og_image":[{"width":2048,"height":1152,"url":"https:\/\/newblogs.correiobraziliense.com.br\/vivabrasilia\/wp-content\/uploads\/sites\/4\/2024\/08\/HDDN-BSB-17-05-23-1-2048x1152-1.webp","type":"image\/webp"}],"author":"Mariana Campos","schema":{"@context":"https:\/\/schema.org","@graph":[{"@type":"Article","@id":"https:\/\/newblogs.correiobraziliense.com.br\/vivabrasilia\/casacor-brasilia-hidden-e-festival-de-arte-agitam-a-semana-no-df\/#article","isPartOf":{"@id":"https:\/\/newblogs.correiobraziliense.com.br\/vivabrasilia\/casacor-brasilia-hidden-e-festival-de-arte-agitam-a-semana-no-df\/"},"author":{"name":"Mariana Campos","@id":"https:\/\/newblogs.correiobraziliense.com.br\/vivabrasilia\/#\/schema\/person\/018c75775aaa6ead74dde48a78ac7fa1"},"headline":"CasaCor Bras\u00edlia, Hidden e festival de arte agitam a semana no DF","datePublished":"2024-08-10T09:53:00+00:00","mainEntityOfPage":{"@id":"https:\/\/newblogs.correiobraziliense.com.br\/vivabrasilia\/casacor-brasilia-hidden-e-festival-de-arte-agitam-a-semana-no-df\/"},"wordCount":224,"image":{"@id":"https:\/\/newblogs.correiobraziliense.com.br\/vivabrasilia\/casacor-brasilia-hidden-e-festival-de-arte-agitam-a-semana-no-df\/#primaryimage"},"thumbnailUrl":"https:\/\/newblogs.correiobraziliense.com.br\/vivabrasilia\/wp-content\/uploads\/sites\/4\/2024\/08\/HDDN-BSB-17-05-23-1-2048x1152-1.webp","keywords":["Agenda","CasaCor Bras\u00edlia","Correio Braziliense","Espa\u00e7o Cultural Renato Russo","Evento","Festa","Hidden"],"inLanguage":"pt-BR"},{"@type":"WebPage","@id":"https:\/\/newblogs.correiobraziliense.com.br\/vivabrasilia\/casacor-brasilia-hidden-e-festival-de-arte-agitam-a-semana-no-df\/","url":"https:\/\/newblogs.correiobraziliense.com.br\/vivabrasilia\/casacor-brasilia-hidden-e-festival-de-arte-agitam-a-semana-no-df\/","name":"CasaCor Bras\u00edlia, Hidden e festival de arte agitam a semana no DF - Viva Bras\u00edlia","isPartOf":{"@id":"https:\/\/newblogs.correiobraziliense.com.br\/vivabrasilia\/#website"},"primaryImageOfPage":{"@id":"https:\/\/newblogs.correiobraziliense.com.br\/vivabrasilia\/casacor-brasilia-hidden-e-festival-de-arte-agitam-a-semana-no-df\/#primaryimage"},"image":{"@id":"https:\/\/newblogs.correiobraziliense.com.br\/vivabrasilia\/casacor-brasilia-hidden-e-festival-de-arte-agitam-a-semana-no-df\/#primaryimage"},"thumbnailUrl":"https:\/\/newblogs.correiobraziliense.com.br\/vivabrasilia\/wp-content\/uploads\/sites\/4\/2024\/08\/HDDN-BSB-17-05-23-1-2048x1152-1.webp","datePublished":"2024-08-10T09:53:00+00:00","author":{"@id":"https:\/\/newblogs.correiobraziliense.com.br\/vivabrasilia\/#\/schema\/person\/018c75775aaa6ead74dde48a78ac7fa1"},"description":"Inaugura\u00e7\u00e3o da exposi\u00e7\u00e3o arquitet\u00f4nica, cujos espa\u00e7os concorrem ao pr\u00eamio Correio Braziliense e CasaCor Bras\u00edlia, \u00e9 destaque na programa\u00e7\u00e3o","breadcrumb":{"@id":"https:\/\/newblogs.correiobraziliense.com.br\/vivabrasilia\/casacor-brasilia-hidden-e-festival-de-arte-agitam-a-semana-no-df\/#breadcrumb"},"inLanguage":"pt-BR","potentialAction":[{"@type":"ReadAction","target":["https:\/\/newblogs.correiobraziliense.com.br\/vivabrasilia\/casacor-brasilia-hidden-e-festival-de-arte-agitam-a-semana-no-df\/"]}]},{"@type":"ImageObject","inLanguage":"pt-BR","@id":"https:\/\/newblogs.correiobraziliense.com.br\/vivabrasilia\/casacor-brasilia-hidden-e-festival-de-arte-agitam-a-semana-no-df\/#primaryimage","url":"https:\/\/newblogs.correiobraziliense.com.br\/vivabrasilia\/wp-content\/uploads\/sites\/4\/2024\/08\/HDDN-BSB-17-05-23-1-2048x1152-1.webp","contentUrl":"https:\/\/newblogs.correiobraziliense.com.br\/vivabrasilia\/wp-content\/uploads\/sites\/4\/2024\/08\/HDDN-BSB-17-05-23-1-2048x1152-1.webp","width":2048,"height":1152,"caption":"Hoje \u00e9 o \u00faltimo dia para curtir o festival gastron\u00f4mico Hidden e o primeiro para conferir a mostra comemorativa de 50 anos do Espa\u00e7o Cultural Renato Russo | Foto: Divulga\u00e7\u00e3o"},{"@type":"BreadcrumbList","@id":"https:\/\/newblogs.correiobraziliense.com.br\/vivabrasilia\/casacor-brasilia-hidden-e-festival-de-arte-agitam-a-semana-no-df\/#breadcrumb","itemListElement":[{"@type":"ListItem","position":1,"name":"In\u00edcio","item":"https:\/\/newblogs.correiobraziliense.com.br\/vivabrasilia\/"},{"@type":"ListItem","position":2,"name":"CasaCor Bras\u00edlia, Hidden e festival de arte agitam a semana no DF"}]},{"@type":"WebSite","@id":"https:\/\/newblogs.correiobraziliense.com.br\/vivabrasilia\/#website","url":"https:\/\/newblogs.correiobraziliense.com.br\/vivabrasilia\/","name":"Viva Bras\u00edlia","description":"Coluna de estilo de vida","potentialAction":[{"@type":"SearchAction","target":{"@type":"EntryPoint","urlTemplate":"https:\/\/newblogs.correiobraziliense.com.br\/vivabrasilia\/?s={search_term_string}"},"query-input":{"@type":"PropertyValueSpecification","valueRequired":true,"valueName":"search_term_string"}}],"inLanguage":"pt-BR"},{"@type":"Person","@id":"https:\/\/newblogs.correiobraziliense.com.br\/vivabrasilia\/#\/schema\/person\/018c75775aaa6ead74dde48a78ac7fa1","name":"Mariana Campos","image":{"@type":"ImageObject","inLanguage":"pt-BR","@id":"https:\/\/secure.gravatar.com\/avatar\/97cd13271bc36c11415a45e9f8192828452de6a8c0e24857edbf96d21752260f?s=96&d=mm&r=g","url":"https:\/\/secure.gravatar.com\/avatar\/97cd13271bc36c11415a45e9f8192828452de6a8c0e24857edbf96d21752260f?s=96&d=mm&r=g","contentUrl":"https:\/\/secure.gravatar.com\/avatar\/97cd13271bc36c11415a45e9f8192828452de6a8c0e24857edbf96d21752260f?s=96&d=mm&r=g","caption":"Mariana Campos"},"description":"Colunista da Viva Bras\u00edlia, Mariana escreve e fotografa para a coluna. Formada em Comunica\u00e7\u00e3o, aprofundou-se no jornalismo e agora une a escrita com a fotografia para mostrar que a capital \u00e9 uma cidade viva que n\u00e3o se resume ao poder. Tamb\u00e9m faz a cobertura de moda para seu blog, Pliss\u00ea, e para as redes sociais do Correio.","sameAs":["http:\/\/newblogs.correiobraziliense.com\/plisse","https:\/\/www.instagram.com\/marigrigori"],"url":"https:\/\/newblogs.correiobraziliense.com.br\/vivabrasilia\/author\/marivivabrasilia\/"}]}},"_links":{"self":[{"href":"https:\/\/newblogs.correiobraziliense.com.br\/vivabrasilia\/wp-json\/wp\/v2\/posts\/1727","targetHints":{"allow":["GET"]}}],"collection":[{"href":"https:\/\/newblogs.correiobraziliense.com.br\/vivabrasilia\/wp-json\/wp\/v2\/posts"}],"about":[{"href":"https:\/\/newblogs.correiobraziliense.com.br\/vivabrasilia\/wp-json\/wp\/v2\/types\/post"}],"author":[{"embeddable":true,"href":"https:\/\/newblogs.correiobraziliense.com.br\/vivabrasilia\/wp-json\/wp\/v2\/users\/7"}],"replies":[{"embeddable":true,"href":"https:\/\/newblogs.correiobraziliense.com.br\/vivabrasilia\/wp-json\/wp\/v2\/comments?post=1727"}],"version-history":[{"count":2,"href":"https:\/\/newblogs.correiobraziliense.com.br\/vivabrasilia\/wp-json\/wp\/v2\/posts\/1727\/revisions"}],"predecessor-version":[{"id":1730,"href":"https:\/\/newblogs.correiobraziliense.com.br\/vivabrasilia\/wp-json\/wp\/v2\/posts\/1727\/revisions\/1730"}],"wp:featuredmedia":[{"embeddable":true,"href":"https:\/\/newblogs.correiobraziliense.com.br\/vivabrasilia\/wp-json\/wp\/v2\/media\/1728"}],"wp:attachment":[{"href":"https:\/\/newblogs.correiobraziliense.com.br\/vivabrasilia\/wp-json\/wp\/v2\/media?parent=1727"}],"wp:term":[{"taxonomy":"category","embeddable":true,"href":"https:\/\/newblogs.correiobraziliense.com.br\/vivabrasilia\/wp-json\/wp\/v2\/categories?post=1727"},{"taxonomy":"post_tag","embeddable":true,"href":"https:\/\/newblogs.correiobraziliense.com.br\/vivabrasilia\/wp-json\/wp\/v2\/tags?post=1727"}],"curies":[{"name":"wp","href":"https:\/\/api.w.org\/{rel}","templated":true}]}}