{"id":1643,"date":"2024-08-06T19:40:02","date_gmt":"2024-08-06T22:40:02","guid":{"rendered":"https:\/\/newblogs.correiobraziliense.com.br\/vivabrasilia\/?p=1643"},"modified":"2024-08-06T19:40:03","modified_gmt":"2024-08-06T22:40:03","slug":"dia-dos-avos-e-celebrado-no-colegio-everest-do-lago-sul","status":"publish","type":"post","link":"https:\/\/newblogs.correiobraziliense.com.br\/vivabrasilia\/dia-dos-avos-e-celebrado-no-colegio-everest-do-lago-sul\/","title":{"rendered":"Dia dos Av\u00f3s \u00e9 celebrado no Col\u00e9gio Everest do Lago Sul"},"content":{"rendered":"\n<p>Celebrar o Dia dos Av\u00f3s tem se tornado cada vez mais comum. E que bom! O colo deles \u00e9 sin\u00f4nimo de carinho e seguran\u00e7a para os pequenos. <\/p>\n\n\n\n<p>Para comemorar, o Col\u00e9gio Everest, no Lago Sul, organizou um momento para a fam\u00edlia, onde alunos puderam homenagear seus vov\u00f4s e vov\u00f3s, como Silvana e Paulo Roriz, que ganharam um abra\u00e7o apertado do neto Gustavo; o secret\u00e1rio de Governo do DF, Jos\u00e9 Humberto Pires, sua esposa T\u00e2nia; e o casal Hendolf e Neuza, que aproveitaram o dia com os netinhos Mateus e Al\u00edcia.<\/p>\n\n\n<div class=\"slider-wrapper\"><div class=\"slider\">\n<figure class=\"wp-block-gallery has-nested-images columns-default is-cropped wp-block-gallery-1 is-layout-flex wp-block-gallery-is-layout-flex\">\n<figure class=\"wp-block-image size-large\"><img loading=\"lazy\" decoding=\"async\" width=\"768\" height=\"1024\" data-id=\"1634\" src=\"https:\/\/newblogs.correiobraziliense.com.br\/vivabrasilia\/wp-content\/uploads\/sites\/4\/2024\/08\/222-Jose-Humberto-Pires-Tania-netos-768x1024.jpg\" alt=\"\" class=\"wp-image-1634\" srcset=\"https:\/\/newblogs.correiobraziliense.com.br\/vivabrasilia\/wp-content\/uploads\/sites\/4\/2024\/08\/222-Jose-Humberto-Pires-Tania-netos-768x1024.jpg 768w, https:\/\/newblogs.correiobraziliense.com.br\/vivabrasilia\/wp-content\/uploads\/sites\/4\/2024\/08\/222-Jose-Humberto-Pires-Tania-netos-225x300.jpg 225w, https:\/\/newblogs.correiobraziliense.com.br\/vivabrasilia\/wp-content\/uploads\/sites\/4\/2024\/08\/222-Jose-Humberto-Pires-Tania-netos-1152x1536.jpg 1152w, https:\/\/newblogs.correiobraziliense.com.br\/vivabrasilia\/wp-content\/uploads\/sites\/4\/2024\/08\/222-Jose-Humberto-Pires-Tania-netos-1536x2048.jpg 1536w, https:\/\/newblogs.correiobraziliense.com.br\/vivabrasilia\/wp-content\/uploads\/sites\/4\/2024\/08\/222-Jose-Humberto-Pires-Tania-netos.jpg 1875w\" sizes=\"auto, (max-width: 768px) 100vw, 768px\" \/><figcaption class=\"wp-element-caption\">O casal Hendolf e Neuza com o secret\u00e1rio de Estado do GDF, Jos\u00e9 Humberto Pires, sua esposa T\u00e2nia e os netos dos casais, Mateus e Al\u00edcia | Foto: Arquivo Pessoal<\/figcaption><\/figure>\n\n\n\n<figure class=\"wp-block-image size-large\"><img loading=\"lazy\" decoding=\"async\" width=\"1024\" height=\"768\" data-id=\"1633\" src=\"https:\/\/newblogs.correiobraziliense.com.br\/vivabrasilia\/wp-content\/uploads\/sites\/4\/2024\/08\/111-Silvana-Paulo-e-Gustavo-1024x768.jpg\" alt=\"\" class=\"wp-image-1633\" srcset=\"https:\/\/newblogs.correiobraziliense.com.br\/vivabrasilia\/wp-content\/uploads\/sites\/4\/2024\/08\/111-Silvana-Paulo-e-Gustavo-1024x768.jpg 1024w, https:\/\/newblogs.correiobraziliense.com.br\/vivabrasilia\/wp-content\/uploads\/sites\/4\/2024\/08\/111-Silvana-Paulo-e-Gustavo-300x225.jpg 300w, https:\/\/newblogs.correiobraziliense.com.br\/vivabrasilia\/wp-content\/uploads\/sites\/4\/2024\/08\/111-Silvana-Paulo-e-Gustavo-768x576.jpg 768w, https:\/\/newblogs.correiobraziliense.com.br\/vivabrasilia\/wp-content\/uploads\/sites\/4\/2024\/08\/111-Silvana-Paulo-e-Gustavo-1536x1152.jpg 1536w, https:\/\/newblogs.correiobraziliense.com.br\/vivabrasilia\/wp-content\/uploads\/sites\/4\/2024\/08\/111-Silvana-Paulo-e-Gustavo-2048x1536.jpg 2048w, https:\/\/newblogs.correiobraziliense.com.br\/vivabrasilia\/wp-content\/uploads\/sites\/4\/2024\/08\/111-Silvana-Paulo-e-Gustavo-800x600.jpg 800w\" sizes=\"auto, (max-width: 1024px) 100vw, 1024px\" \/><figcaption class=\"wp-element-caption\">Silvana e Paulo Roriz com o neto Gustavo | Foto: Arquivo Pessoal<\/figcaption><\/figure>\n<\/figure>\n<\/div>\n\t\t\t<div class=\"slider-nav\">\n\t\t\t\t<button class=\"prev\">\n\t\t\t\t<svg xmlns=\"http:\/\/www.w3.org\/2000\/svg\" width=\"26\" height=\"45\" viewBox=\"0 0 26 45\" fill=\"none\">\n\t\t\t\t<path d=\"M24.9118 0.990519C25.5461 1.62494 25.9023 2.48528 25.9023 3.38235C25.9023 4.27943 25.5461 5.13977 24.9118 5.77419L8.16559 22.5204L24.9118 39.2667C25.5281 39.9047 25.8691 40.7593 25.8614 41.6463C25.8537 42.5334 25.4979 43.3819 24.8706 44.0091C24.2434 44.6364 23.3948 44.9922 22.5078 44.9999C21.6208 45.0076 20.7662 44.6666 20.1282 44.0503L0.990082 24.9123C0.355853 24.2778 -0.000438023 23.4175 -0.000438023 22.5204C-0.000438023 21.6234 0.355853 20.763 0.990082 20.1286L20.1282 0.990519C20.7626 0.35629 21.6229 0 22.52 0C23.4171 0 24.2774 0.35629 24.9118 0.990519Z\" fill=\"white\" fill-opacity=\"0.7\"><\/path>\n\t\t\t\t<\/svg>\n\t\t\t\t<\/button>\n\t\t\t\t<button class=\"next\">\n\t\t\t\t<svg xmlns=\"http:\/\/www.w3.org\/2000\/svg\" width=\"26\" height=\"45\" viewBox=\"0 0 26 45\" fill=\"none\">\n\t\t\t\t<path d=\"M0.99052 0.990519C0.356291 1.62494 0 2.48528 0 3.38235C0 4.27943 0.356291 5.13977 0.99052 5.77419L17.7368 22.5204L0.99052 39.2667C0.374265 39.9047 0.0332682 40.7593 0.0409763 41.6463C0.0486844 42.5334 0.40448 43.3819 1.03173 44.0091C1.65898 44.6364 2.5075 44.9922 3.39453 44.9999C4.28156 45.0076 5.13613 44.6666 5.77419 44.0503L24.9123 24.9123C25.5465 24.2778 25.9028 23.4175 25.9028 22.5204C25.9028 21.6234 25.5465 20.763 24.9123 20.1286L5.77419 0.990519C5.13977 0.35629 4.27943 0 3.38235 0C2.48528 0 1.62494 0.35629 0.99052 0.990519Z\" fill=\"white\" fill-opacity=\"0.7\"><\/path>\n\t\t\t\t<\/svg>\n\t\t\t\t<\/button>\n\t\t\t<\/div>\n\t\t\t<div class=\"slider-dots\"><\/div>\n\t\t\t<\/div>","protected":false},"excerpt":{"rendered":"<p>O evento reuniu parentes e alunos para um momento familiar e intimista em homenagem ao melhor lugar do mundo: o colo dos av\u00f3s<\/p>\n","protected":false},"author":7,"featured_media":1644,"comment_status":"closed","ping_status":"open","sticky":false,"template":"","format":"standard","meta":{"_acf_changed":false,"inline_featured_image":false,"footnotes":""},"categories":[132,7],"tags":[318,382,383,384],"class_list":["post-1643","post","type-post","status-publish","format-standard","has-post-thumbnail","hentry","category-cidade","category-evento","tag-colegio-everest","tag-dia-dos-avos","tag-jose-humberto-pires","tag-paulo-roriz"],"acf":[],"yoast_head":"<!-- This site is optimized with the Yoast SEO plugin v27.3 - https:\/\/yoast.com\/product\/yoast-seo-wordpress\/ -->\n<title>Dia dos Av\u00f3s \u00e9 celebrado no Col\u00e9gio Everest do Lago Sul - Viva Bras\u00edlia<\/title>\n<meta name=\"description\" content=\"O evento reuniu parentes e alunos para um momento familiar e intimista em homenagem ao melhor lugar do mundo: o colo dos av\u00f3s\" \/>\n<meta name=\"robots\" content=\"index, follow, max-snippet:-1, max-image-preview:large, max-video-preview:-1\" \/>\n<link rel=\"canonical\" href=\"https:\/\/newblogs.correiobraziliense.com.br\/vivabrasilia\/dia-dos-avos-e-celebrado-no-colegio-everest-do-lago-sul\/\" \/>\n<meta property=\"og:locale\" content=\"pt_BR\" \/>\n<meta property=\"og:type\" content=\"article\" \/>\n<meta property=\"og:title\" content=\"Dia dos Av\u00f3s \u00e9 celebrado no Col\u00e9gio Everest do Lago Sul - Viva Bras\u00edlia\" \/>\n<meta property=\"og:description\" content=\"O evento reuniu parentes e alunos para um momento familiar e intimista em homenagem ao melhor lugar do mundo: o colo dos av\u00f3s\" \/>\n<meta property=\"og:url\" content=\"https:\/\/newblogs.correiobraziliense.com.br\/vivabrasilia\/dia-dos-avos-e-celebrado-no-colegio-everest-do-lago-sul\/\" \/>\n<meta property=\"og:site_name\" content=\"Viva Bras\u00edlia\" \/>\n<meta property=\"article:published_time\" content=\"2024-08-06T22:40:02+00:00\" \/>\n<meta property=\"article:modified_time\" content=\"2024-08-06T22:40:03+00:00\" \/>\n<meta property=\"og:image\" content=\"https:\/\/newblogs.correiobraziliense.com.br\/vivabrasilia\/wp-content\/uploads\/sites\/4\/2024\/08\/Dia-dos-avos-2.jpg\" \/>\n\t<meta property=\"og:image:width\" content=\"1754\" \/>\n\t<meta property=\"og:image:height\" content=\"1240\" \/>\n\t<meta property=\"og:image:type\" content=\"image\/jpeg\" \/>\n<meta name=\"author\" content=\"Mariana Campos\" \/>\n<!-- \/ Yoast SEO plugin. -->","yoast_head_json":{"title":"Dia dos Av\u00f3s \u00e9 celebrado no Col\u00e9gio Everest do Lago Sul - Viva Bras\u00edlia","description":"O evento reuniu parentes e alunos para um momento familiar e intimista em homenagem ao melhor lugar do mundo: o colo dos av\u00f3s","robots":{"index":"index","follow":"follow","max-snippet":"max-snippet:-1","max-image-preview":"max-image-preview:large","max-video-preview":"max-video-preview:-1"},"canonical":"https:\/\/newblogs.correiobraziliense.com.br\/vivabrasilia\/dia-dos-avos-e-celebrado-no-colegio-everest-do-lago-sul\/","og_locale":"pt_BR","og_type":"article","og_title":"Dia dos Av\u00f3s \u00e9 celebrado no Col\u00e9gio Everest do Lago Sul - Viva Bras\u00edlia","og_description":"O evento reuniu parentes e alunos para um momento familiar e intimista em homenagem ao melhor lugar do mundo: o colo dos av\u00f3s","og_url":"https:\/\/newblogs.correiobraziliense.com.br\/vivabrasilia\/dia-dos-avos-e-celebrado-no-colegio-everest-do-lago-sul\/","og_site_name":"Viva Bras\u00edlia","article_published_time":"2024-08-06T22:40:02+00:00","article_modified_time":"2024-08-06T22:40:03+00:00","og_image":[{"width":1754,"height":1240,"url":"https:\/\/newblogs.correiobraziliense.com.br\/vivabrasilia\/wp-content\/uploads\/sites\/4\/2024\/08\/Dia-dos-avos-2.jpg","type":"image\/jpeg"}],"author":"Mariana Campos","schema":{"@context":"https:\/\/schema.org","@graph":[{"@type":"Article","@id":"https:\/\/newblogs.correiobraziliense.com.br\/vivabrasilia\/dia-dos-avos-e-celebrado-no-colegio-everest-do-lago-sul\/#article","isPartOf":{"@id":"https:\/\/newblogs.correiobraziliense.com.br\/vivabrasilia\/dia-dos-avos-e-celebrado-no-colegio-everest-do-lago-sul\/"},"author":{"name":"Mariana Campos","@id":"https:\/\/newblogs.correiobraziliense.com.br\/vivabrasilia\/#\/schema\/person\/018c75775aaa6ead74dde48a78ac7fa1"},"headline":"Dia dos Av\u00f3s \u00e9 celebrado no Col\u00e9gio Everest do Lago Sul","datePublished":"2024-08-06T22:40:02+00:00","dateModified":"2024-08-06T22:40:03+00:00","mainEntityOfPage":{"@id":"https:\/\/newblogs.correiobraziliense.com.br\/vivabrasilia\/dia-dos-avos-e-celebrado-no-colegio-everest-do-lago-sul\/"},"wordCount":155,"image":{"@id":"https:\/\/newblogs.correiobraziliense.com.br\/vivabrasilia\/dia-dos-avos-e-celebrado-no-colegio-everest-do-lago-sul\/#primaryimage"},"thumbnailUrl":"https:\/\/newblogs.correiobraziliense.com.br\/vivabrasilia\/wp-content\/uploads\/sites\/4\/2024\/08\/Dia-dos-avos-2.jpg","keywords":["Col\u00e9gio Everest","Dia dos av\u00f3s","Jos\u00e9 Humberto Pires","Paulo Roriz"],"articleSection":["Cidade","Evento"],"inLanguage":"pt-BR"},{"@type":"WebPage","@id":"https:\/\/newblogs.correiobraziliense.com.br\/vivabrasilia\/dia-dos-avos-e-celebrado-no-colegio-everest-do-lago-sul\/","url":"https:\/\/newblogs.correiobraziliense.com.br\/vivabrasilia\/dia-dos-avos-e-celebrado-no-colegio-everest-do-lago-sul\/","name":"Dia dos Av\u00f3s \u00e9 celebrado no Col\u00e9gio Everest do Lago Sul - Viva Bras\u00edlia","isPartOf":{"@id":"https:\/\/newblogs.correiobraziliense.com.br\/vivabrasilia\/#website"},"primaryImageOfPage":{"@id":"https:\/\/newblogs.correiobraziliense.com.br\/vivabrasilia\/dia-dos-avos-e-celebrado-no-colegio-everest-do-lago-sul\/#primaryimage"},"image":{"@id":"https:\/\/newblogs.correiobraziliense.com.br\/vivabrasilia\/dia-dos-avos-e-celebrado-no-colegio-everest-do-lago-sul\/#primaryimage"},"thumbnailUrl":"https:\/\/newblogs.correiobraziliense.com.br\/vivabrasilia\/wp-content\/uploads\/sites\/4\/2024\/08\/Dia-dos-avos-2.jpg","datePublished":"2024-08-06T22:40:02+00:00","dateModified":"2024-08-06T22:40:03+00:00","author":{"@id":"https:\/\/newblogs.correiobraziliense.com.br\/vivabrasilia\/#\/schema\/person\/018c75775aaa6ead74dde48a78ac7fa1"},"description":"O evento reuniu parentes e alunos para um momento familiar e intimista em homenagem ao melhor lugar do mundo: o colo dos av\u00f3s","breadcrumb":{"@id":"https:\/\/newblogs.correiobraziliense.com.br\/vivabrasilia\/dia-dos-avos-e-celebrado-no-colegio-everest-do-lago-sul\/#breadcrumb"},"inLanguage":"pt-BR","potentialAction":[{"@type":"ReadAction","target":["https:\/\/newblogs.correiobraziliense.com.br\/vivabrasilia\/dia-dos-avos-e-celebrado-no-colegio-everest-do-lago-sul\/"]}]},{"@type":"ImageObject","inLanguage":"pt-BR","@id":"https:\/\/newblogs.correiobraziliense.com.br\/vivabrasilia\/dia-dos-avos-e-celebrado-no-colegio-everest-do-lago-sul\/#primaryimage","url":"https:\/\/newblogs.correiobraziliense.com.br\/vivabrasilia\/wp-content\/uploads\/sites\/4\/2024\/08\/Dia-dos-avos-2.jpg","contentUrl":"https:\/\/newblogs.correiobraziliense.com.br\/vivabrasilia\/wp-content\/uploads\/sites\/4\/2024\/08\/Dia-dos-avos-2.jpg","width":1754,"height":1240,"caption":"Entre os av\u00f3s, estavam Silvana e Paula Roriz; e o secret\u00e1rio de Governo do DF, Jos\u00e9 Humberto Pires | Foto: Arquivo pessoal"},{"@type":"BreadcrumbList","@id":"https:\/\/newblogs.correiobraziliense.com.br\/vivabrasilia\/dia-dos-avos-e-celebrado-no-colegio-everest-do-lago-sul\/#breadcrumb","itemListElement":[{"@type":"ListItem","position":1,"name":"In\u00edcio","item":"https:\/\/newblogs.correiobraziliense.com.br\/vivabrasilia\/"},{"@type":"ListItem","position":2,"name":"Dia dos Av\u00f3s \u00e9 celebrado no Col\u00e9gio Everest do Lago Sul"}]},{"@type":"WebSite","@id":"https:\/\/newblogs.correiobraziliense.com.br\/vivabrasilia\/#website","url":"https:\/\/newblogs.correiobraziliense.com.br\/vivabrasilia\/","name":"Viva Bras\u00edlia","description":"Coluna de estilo de vida","potentialAction":[{"@type":"SearchAction","target":{"@type":"EntryPoint","urlTemplate":"https:\/\/newblogs.correiobraziliense.com.br\/vivabrasilia\/?s={search_term_string}"},"query-input":{"@type":"PropertyValueSpecification","valueRequired":true,"valueName":"search_term_string"}}],"inLanguage":"pt-BR"},{"@type":"Person","@id":"https:\/\/newblogs.correiobraziliense.com.br\/vivabrasilia\/#\/schema\/person\/018c75775aaa6ead74dde48a78ac7fa1","name":"Mariana Campos","image":{"@type":"ImageObject","inLanguage":"pt-BR","@id":"https:\/\/secure.gravatar.com\/avatar\/97cd13271bc36c11415a45e9f8192828452de6a8c0e24857edbf96d21752260f?s=96&d=mm&r=g","url":"https:\/\/secure.gravatar.com\/avatar\/97cd13271bc36c11415a45e9f8192828452de6a8c0e24857edbf96d21752260f?s=96&d=mm&r=g","contentUrl":"https:\/\/secure.gravatar.com\/avatar\/97cd13271bc36c11415a45e9f8192828452de6a8c0e24857edbf96d21752260f?s=96&d=mm&r=g","caption":"Mariana Campos"},"description":"Colunista da Viva Bras\u00edlia, Mariana escreve e fotografa para a coluna. Formada em Comunica\u00e7\u00e3o, aprofundou-se no jornalismo e agora une a escrita com a fotografia para mostrar que a capital \u00e9 uma cidade viva que n\u00e3o se resume ao poder. Tamb\u00e9m faz a cobertura de moda para seu blog, Pliss\u00ea, e para as redes sociais do Correio.","sameAs":["http:\/\/newblogs.correiobraziliense.com\/plisse","https:\/\/www.instagram.com\/marigrigori"],"url":"https:\/\/newblogs.correiobraziliense.com.br\/vivabrasilia\/author\/marivivabrasilia\/"}]}},"_links":{"self":[{"href":"https:\/\/newblogs.correiobraziliense.com.br\/vivabrasilia\/wp-json\/wp\/v2\/posts\/1643","targetHints":{"allow":["GET"]}}],"collection":[{"href":"https:\/\/newblogs.correiobraziliense.com.br\/vivabrasilia\/wp-json\/wp\/v2\/posts"}],"about":[{"href":"https:\/\/newblogs.correiobraziliense.com.br\/vivabrasilia\/wp-json\/wp\/v2\/types\/post"}],"author":[{"embeddable":true,"href":"https:\/\/newblogs.correiobraziliense.com.br\/vivabrasilia\/wp-json\/wp\/v2\/users\/7"}],"replies":[{"embeddable":true,"href":"https:\/\/newblogs.correiobraziliense.com.br\/vivabrasilia\/wp-json\/wp\/v2\/comments?post=1643"}],"version-history":[{"count":1,"href":"https:\/\/newblogs.correiobraziliense.com.br\/vivabrasilia\/wp-json\/wp\/v2\/posts\/1643\/revisions"}],"predecessor-version":[{"id":1645,"href":"https:\/\/newblogs.correiobraziliense.com.br\/vivabrasilia\/wp-json\/wp\/v2\/posts\/1643\/revisions\/1645"}],"wp:featuredmedia":[{"embeddable":true,"href":"https:\/\/newblogs.correiobraziliense.com.br\/vivabrasilia\/wp-json\/wp\/v2\/media\/1644"}],"wp:attachment":[{"href":"https:\/\/newblogs.correiobraziliense.com.br\/vivabrasilia\/wp-json\/wp\/v2\/media?parent=1643"}],"wp:term":[{"taxonomy":"category","embeddable":true,"href":"https:\/\/newblogs.correiobraziliense.com.br\/vivabrasilia\/wp-json\/wp\/v2\/categories?post=1643"},{"taxonomy":"post_tag","embeddable":true,"href":"https:\/\/newblogs.correiobraziliense.com.br\/vivabrasilia\/wp-json\/wp\/v2\/tags?post=1643"}],"curies":[{"name":"wp","href":"https:\/\/api.w.org\/{rel}","templated":true}]}}