{"id":1201,"date":"2024-07-20T10:15:23","date_gmt":"2024-07-20T13:15:23","guid":{"rendered":"https:\/\/newblogs.correiobraziliense.com.br\/vivabrasilia\/?p=1201"},"modified":"2024-07-20T10:15:24","modified_gmt":"2024-07-20T13:15:24","slug":"b-car-inaugura-modelo-tecnologico-de-compra-e-venda-de-veiculos","status":"publish","type":"post","link":"https:\/\/newblogs.correiobraziliense.com.br\/vivabrasilia\/b-car-inaugura-modelo-tecnologico-de-compra-e-venda-de-veiculos\/","title":{"rendered":"B.Car inaugura modelo tecnol\u00f3gico de compra e venda de ve\u00edculos"},"content":{"rendered":"\n<p>A empresa especializada em mercado automotivo no DF, a B.Car, lan\u00e7ou sua nova franquia em uma festa com convidados e clientes na \u00faltima quinta-feira. <\/p>\n\n\n\n<p>Durante o evento, foi apresentada a proposta de abordagem que busca oferecer uma experi\u00eancia moderna e tecnol\u00f3gica para a compra e venda de ve\u00edculos usados. <\/p>\n\n\n\n<p>A comemora\u00e7\u00e3o contou com m\u00fasica, exposi\u00e7\u00e3o de carros e obras de artistas locais na unidade de \u00c1guas Claras.<\/p>\n\n\n<div class=\"slider-wrapper\"><div class=\"slider\">\n<figure class=\"wp-block-gallery has-nested-images columns-default is-cropped wp-block-gallery-1 is-layout-flex wp-block-gallery-is-layout-flex\">\n<figure class=\"wp-block-image size-large\"><img loading=\"lazy\" decoding=\"async\" width=\"682\" height=\"1024\" data-id=\"1205\" src=\"https:\/\/newblogs.correiobraziliense.com.br\/vivabrasilia\/wp-content\/uploads\/sites\/4\/2024\/07\/IMG_6458-682x1024.jpeg\" alt=\"\" class=\"wp-image-1205\" srcset=\"https:\/\/newblogs.correiobraziliense.com.br\/vivabrasilia\/wp-content\/uploads\/sites\/4\/2024\/07\/IMG_6458-682x1024.jpeg 682w, https:\/\/newblogs.correiobraziliense.com.br\/vivabrasilia\/wp-content\/uploads\/sites\/4\/2024\/07\/IMG_6458-200x300.jpeg 200w, https:\/\/newblogs.correiobraziliense.com.br\/vivabrasilia\/wp-content\/uploads\/sites\/4\/2024\/07\/IMG_6458-768x1153.jpeg 768w, https:\/\/newblogs.correiobraziliense.com.br\/vivabrasilia\/wp-content\/uploads\/sites\/4\/2024\/07\/IMG_6458-1023x1536.jpeg 1023w, https:\/\/newblogs.correiobraziliense.com.br\/vivabrasilia\/wp-content\/uploads\/sites\/4\/2024\/07\/IMG_6458.jpeg 1066w\" sizes=\"auto, (max-width: 682px) 100vw, 682px\" \/><figcaption class=\"wp-element-caption\">Jos\u00e9 Rodrigues Neto e Marcos Roberto | Foto: Arquivo Pessoal<\/figcaption><\/figure>\n\n\n\n<figure class=\"wp-block-image size-large\"><img loading=\"lazy\" decoding=\"async\" width=\"682\" height=\"1024\" data-id=\"1207\" src=\"https:\/\/newblogs.correiobraziliense.com.br\/vivabrasilia\/wp-content\/uploads\/sites\/4\/2024\/07\/IMG_6460-682x1024.jpeg\" alt=\"\" class=\"wp-image-1207\" srcset=\"https:\/\/newblogs.correiobraziliense.com.br\/vivabrasilia\/wp-content\/uploads\/sites\/4\/2024\/07\/IMG_6460-682x1024.jpeg 682w, https:\/\/newblogs.correiobraziliense.com.br\/vivabrasilia\/wp-content\/uploads\/sites\/4\/2024\/07\/IMG_6460-200x300.jpeg 200w, https:\/\/newblogs.correiobraziliense.com.br\/vivabrasilia\/wp-content\/uploads\/sites\/4\/2024\/07\/IMG_6460-768x1153.jpeg 768w, https:\/\/newblogs.correiobraziliense.com.br\/vivabrasilia\/wp-content\/uploads\/sites\/4\/2024\/07\/IMG_6460-1023x1536.jpeg 1023w, https:\/\/newblogs.correiobraziliense.com.br\/vivabrasilia\/wp-content\/uploads\/sites\/4\/2024\/07\/IMG_6460.jpeg 1066w\" sizes=\"auto, (max-width: 682px) 100vw, 682px\" \/><figcaption class=\"wp-element-caption\">Miguel Pantazis, Marcos Roberto e Georges Pantazis | Foto: Arquivo Pessoal<\/figcaption><\/figure>\n\n\n\n<figure class=\"wp-block-image size-large\"><img loading=\"lazy\" decoding=\"async\" width=\"682\" height=\"1024\" data-id=\"1206\" src=\"https:\/\/newblogs.correiobraziliense.com.br\/vivabrasilia\/wp-content\/uploads\/sites\/4\/2024\/07\/IMG_6459-682x1024.jpeg\" alt=\"\" class=\"wp-image-1206\" srcset=\"https:\/\/newblogs.correiobraziliense.com.br\/vivabrasilia\/wp-content\/uploads\/sites\/4\/2024\/07\/IMG_6459-682x1024.jpeg 682w, https:\/\/newblogs.correiobraziliense.com.br\/vivabrasilia\/wp-content\/uploads\/sites\/4\/2024\/07\/IMG_6459-200x300.jpeg 200w, https:\/\/newblogs.correiobraziliense.com.br\/vivabrasilia\/wp-content\/uploads\/sites\/4\/2024\/07\/IMG_6459-768x1153.jpeg 768w, https:\/\/newblogs.correiobraziliense.com.br\/vivabrasilia\/wp-content\/uploads\/sites\/4\/2024\/07\/IMG_6459-1023x1536.jpeg 1023w, https:\/\/newblogs.correiobraziliense.com.br\/vivabrasilia\/wp-content\/uploads\/sites\/4\/2024\/07\/IMG_6459.jpeg 1066w\" sizes=\"auto, (max-width: 682px) 100vw, 682px\" \/><figcaption class=\"wp-element-caption\">Marcos Roberto e Leandro Hungria | Foto: Arquivo Pessoal<\/figcaption><\/figure>\n\n\n\n<figure class=\"wp-block-image size-large\"><img loading=\"lazy\" decoding=\"async\" width=\"1024\" height=\"682\" data-id=\"1204\" src=\"https:\/\/newblogs.correiobraziliense.com.br\/vivabrasilia\/wp-content\/uploads\/sites\/4\/2024\/07\/IMG_6457-1024x682.jpeg\" alt=\"\" class=\"wp-image-1204\" srcset=\"https:\/\/newblogs.correiobraziliense.com.br\/vivabrasilia\/wp-content\/uploads\/sites\/4\/2024\/07\/IMG_6457-1024x682.jpeg 1024w, https:\/\/newblogs.correiobraziliense.com.br\/vivabrasilia\/wp-content\/uploads\/sites\/4\/2024\/07\/IMG_6457-300x200.jpeg 300w, https:\/\/newblogs.correiobraziliense.com.br\/vivabrasilia\/wp-content\/uploads\/sites\/4\/2024\/07\/IMG_6457-768x512.jpeg 768w, https:\/\/newblogs.correiobraziliense.com.br\/vivabrasilia\/wp-content\/uploads\/sites\/4\/2024\/07\/IMG_6457-1536x1023.jpeg 1536w, https:\/\/newblogs.correiobraziliense.com.br\/vivabrasilia\/wp-content\/uploads\/sites\/4\/2024\/07\/IMG_6457.jpeg 1600w\" sizes=\"auto, (max-width: 1024px) 100vw, 1024px\" \/><figcaption class=\"wp-element-caption\">Miguel Pantazis, Fabiana Lima, Marcos Roberto e Georges Pantazis | Foto: Arquivo Pessoal<\/figcaption><\/figure>\n<\/figure>\n<\/div>\n\t\t\t<div class=\"slider-nav\">\n\t\t\t\t<button class=\"prev\">\n\t\t\t\t<svg xmlns=\"http:\/\/www.w3.org\/2000\/svg\" width=\"26\" height=\"45\" viewBox=\"0 0 26 45\" fill=\"none\">\n\t\t\t\t<path d=\"M24.9118 0.990519C25.5461 1.62494 25.9023 2.48528 25.9023 3.38235C25.9023 4.27943 25.5461 5.13977 24.9118 5.77419L8.16559 22.5204L24.9118 39.2667C25.5281 39.9047 25.8691 40.7593 25.8614 41.6463C25.8537 42.5334 25.4979 43.3819 24.8706 44.0091C24.2434 44.6364 23.3948 44.9922 22.5078 44.9999C21.6208 45.0076 20.7662 44.6666 20.1282 44.0503L0.990082 24.9123C0.355853 24.2778 -0.000438023 23.4175 -0.000438023 22.5204C-0.000438023 21.6234 0.355853 20.763 0.990082 20.1286L20.1282 0.990519C20.7626 0.35629 21.6229 0 22.52 0C23.4171 0 24.2774 0.35629 24.9118 0.990519Z\" fill=\"white\" fill-opacity=\"0.7\"><\/path>\n\t\t\t\t<\/svg>\n\t\t\t\t<\/button>\n\t\t\t\t<button class=\"next\">\n\t\t\t\t<svg xmlns=\"http:\/\/www.w3.org\/2000\/svg\" width=\"26\" height=\"45\" viewBox=\"0 0 26 45\" fill=\"none\">\n\t\t\t\t<path d=\"M0.99052 0.990519C0.356291 1.62494 0 2.48528 0 3.38235C0 4.27943 0.356291 5.13977 0.99052 5.77419L17.7368 22.5204L0.99052 39.2667C0.374265 39.9047 0.0332682 40.7593 0.0409763 41.6463C0.0486844 42.5334 0.40448 43.3819 1.03173 44.0091C1.65898 44.6364 2.5075 44.9922 3.39453 44.9999C4.28156 45.0076 5.13613 44.6666 5.77419 44.0503L24.9123 24.9123C25.5465 24.2778 25.9028 23.4175 25.9028 22.5204C25.9028 21.6234 25.5465 20.763 24.9123 20.1286L5.77419 0.990519C5.13977 0.35629 4.27943 0 3.38235 0C2.48528 0 1.62494 0.35629 0.99052 0.990519Z\" fill=\"white\" fill-opacity=\"0.7\"><\/path>\n\t\t\t\t<\/svg>\n\t\t\t\t<\/button>\n\t\t\t<\/div>\n\t\t\t<div class=\"slider-dots\"><\/div>\n\t\t\t<\/div>","protected":false},"excerpt":{"rendered":"<p>O lan\u00e7amento da nova franquia ocorreu na \u00faltima quinta-feira (18\/7), quando apresentaram a proposta de abordagem a convidados e clientes<\/p>\n","protected":false},"author":7,"featured_media":1204,"comment_status":"closed","ping_status":"open","sticky":false,"template":"","format":"standard","meta":{"_acf_changed":false,"inline_featured_image":false,"footnotes":""},"categories":[132,7],"tags":[334,331,8,333,335,332],"class_list":["post-1201","post","type-post","status-publish","format-standard","has-post-thumbnail","hentry","category-cidade","category-evento","tag-aguas-claras","tag-b-car","tag-evento","tag-franquia","tag-mercado-automotivo","tag-modelo"],"acf":[],"yoast_head":"<!-- This site is optimized with the Yoast SEO plugin v27.3 - https:\/\/yoast.com\/product\/yoast-seo-wordpress\/ -->\n<title>B.Car inaugura modelo tecnol\u00f3gico de compra e venda de ve\u00edculos - Viva Bras\u00edlia<\/title>\n<meta name=\"description\" content=\"O lan\u00e7amento da nova franquia ocorreu na \u00faltima quinta-feira (18\/7), quando apresentaram a proposta de abordagem a convidados e clientes\" \/>\n<meta name=\"robots\" content=\"index, follow, max-snippet:-1, max-image-preview:large, max-video-preview:-1\" \/>\n<link rel=\"canonical\" href=\"https:\/\/newblogs.correiobraziliense.com.br\/vivabrasilia\/b-car-inaugura-modelo-tecnologico-de-compra-e-venda-de-veiculos\/\" \/>\n<meta property=\"og:locale\" content=\"pt_BR\" \/>\n<meta property=\"og:type\" content=\"article\" \/>\n<meta property=\"og:title\" content=\"B.Car inaugura modelo tecnol\u00f3gico de compra e venda de ve\u00edculos - Viva Bras\u00edlia\" \/>\n<meta property=\"og:description\" content=\"O lan\u00e7amento da nova franquia ocorreu na \u00faltima quinta-feira (18\/7), quando apresentaram a proposta de abordagem a convidados e clientes\" \/>\n<meta property=\"og:url\" content=\"https:\/\/newblogs.correiobraziliense.com.br\/vivabrasilia\/b-car-inaugura-modelo-tecnologico-de-compra-e-venda-de-veiculos\/\" \/>\n<meta property=\"og:site_name\" content=\"Viva Bras\u00edlia\" \/>\n<meta property=\"article:published_time\" content=\"2024-07-20T13:15:23+00:00\" \/>\n<meta property=\"article:modified_time\" content=\"2024-07-20T13:15:24+00:00\" \/>\n<meta property=\"og:image\" content=\"https:\/\/newblogs.correiobraziliense.com.br\/vivabrasilia\/wp-content\/uploads\/sites\/4\/2024\/07\/IMG_6457.jpeg\" \/>\n\t<meta property=\"og:image:width\" content=\"1600\" \/>\n\t<meta property=\"og:image:height\" content=\"1066\" \/>\n\t<meta property=\"og:image:type\" content=\"image\/jpeg\" \/>\n<meta name=\"author\" content=\"Mariana Campos\" \/>\n<!-- \/ Yoast SEO plugin. -->","yoast_head_json":{"title":"B.Car inaugura modelo tecnol\u00f3gico de compra e venda de ve\u00edculos - Viva Bras\u00edlia","description":"O lan\u00e7amento da nova franquia ocorreu na \u00faltima quinta-feira (18\/7), quando apresentaram a proposta de abordagem a convidados e clientes","robots":{"index":"index","follow":"follow","max-snippet":"max-snippet:-1","max-image-preview":"max-image-preview:large","max-video-preview":"max-video-preview:-1"},"canonical":"https:\/\/newblogs.correiobraziliense.com.br\/vivabrasilia\/b-car-inaugura-modelo-tecnologico-de-compra-e-venda-de-veiculos\/","og_locale":"pt_BR","og_type":"article","og_title":"B.Car inaugura modelo tecnol\u00f3gico de compra e venda de ve\u00edculos - Viva Bras\u00edlia","og_description":"O lan\u00e7amento da nova franquia ocorreu na \u00faltima quinta-feira (18\/7), quando apresentaram a proposta de abordagem a convidados e clientes","og_url":"https:\/\/newblogs.correiobraziliense.com.br\/vivabrasilia\/b-car-inaugura-modelo-tecnologico-de-compra-e-venda-de-veiculos\/","og_site_name":"Viva Bras\u00edlia","article_published_time":"2024-07-20T13:15:23+00:00","article_modified_time":"2024-07-20T13:15:24+00:00","og_image":[{"width":1600,"height":1066,"url":"https:\/\/newblogs.correiobraziliense.com.br\/vivabrasilia\/wp-content\/uploads\/sites\/4\/2024\/07\/IMG_6457.jpeg","type":"image\/jpeg"}],"author":"Mariana Campos","schema":{"@context":"https:\/\/schema.org","@graph":[{"@type":"Article","@id":"https:\/\/newblogs.correiobraziliense.com.br\/vivabrasilia\/b-car-inaugura-modelo-tecnologico-de-compra-e-venda-de-veiculos\/#article","isPartOf":{"@id":"https:\/\/newblogs.correiobraziliense.com.br\/vivabrasilia\/b-car-inaugura-modelo-tecnologico-de-compra-e-venda-de-veiculos\/"},"author":{"name":"Mariana Campos","@id":"https:\/\/newblogs.correiobraziliense.com.br\/vivabrasilia\/#\/schema\/person\/018c75775aaa6ead74dde48a78ac7fa1"},"headline":"B.Car inaugura modelo tecnol\u00f3gico de compra e venda de ve\u00edculos","datePublished":"2024-07-20T13:15:23+00:00","dateModified":"2024-07-20T13:15:24+00:00","mainEntityOfPage":{"@id":"https:\/\/newblogs.correiobraziliense.com.br\/vivabrasilia\/b-car-inaugura-modelo-tecnologico-de-compra-e-venda-de-veiculos\/"},"wordCount":127,"image":{"@id":"https:\/\/newblogs.correiobraziliense.com.br\/vivabrasilia\/b-car-inaugura-modelo-tecnologico-de-compra-e-venda-de-veiculos\/#primaryimage"},"thumbnailUrl":"https:\/\/newblogs.correiobraziliense.com.br\/vivabrasilia\/wp-content\/uploads\/sites\/4\/2024\/07\/IMG_6457.jpeg","keywords":["\u00c1guas Claras","B.car","Evento","Franquia","Mercado automotivo","Modelo"],"articleSection":["Cidade","Evento"],"inLanguage":"pt-BR"},{"@type":"WebPage","@id":"https:\/\/newblogs.correiobraziliense.com.br\/vivabrasilia\/b-car-inaugura-modelo-tecnologico-de-compra-e-venda-de-veiculos\/","url":"https:\/\/newblogs.correiobraziliense.com.br\/vivabrasilia\/b-car-inaugura-modelo-tecnologico-de-compra-e-venda-de-veiculos\/","name":"B.Car inaugura modelo tecnol\u00f3gico de compra e venda de ve\u00edculos - Viva Bras\u00edlia","isPartOf":{"@id":"https:\/\/newblogs.correiobraziliense.com.br\/vivabrasilia\/#website"},"primaryImageOfPage":{"@id":"https:\/\/newblogs.correiobraziliense.com.br\/vivabrasilia\/b-car-inaugura-modelo-tecnologico-de-compra-e-venda-de-veiculos\/#primaryimage"},"image":{"@id":"https:\/\/newblogs.correiobraziliense.com.br\/vivabrasilia\/b-car-inaugura-modelo-tecnologico-de-compra-e-venda-de-veiculos\/#primaryimage"},"thumbnailUrl":"https:\/\/newblogs.correiobraziliense.com.br\/vivabrasilia\/wp-content\/uploads\/sites\/4\/2024\/07\/IMG_6457.jpeg","datePublished":"2024-07-20T13:15:23+00:00","dateModified":"2024-07-20T13:15:24+00:00","author":{"@id":"https:\/\/newblogs.correiobraziliense.com.br\/vivabrasilia\/#\/schema\/person\/018c75775aaa6ead74dde48a78ac7fa1"},"description":"O lan\u00e7amento da nova franquia ocorreu na \u00faltima quinta-feira (18\/7), quando apresentaram a proposta de abordagem a convidados e clientes","breadcrumb":{"@id":"https:\/\/newblogs.correiobraziliense.com.br\/vivabrasilia\/b-car-inaugura-modelo-tecnologico-de-compra-e-venda-de-veiculos\/#breadcrumb"},"inLanguage":"pt-BR","potentialAction":[{"@type":"ReadAction","target":["https:\/\/newblogs.correiobraziliense.com.br\/vivabrasilia\/b-car-inaugura-modelo-tecnologico-de-compra-e-venda-de-veiculos\/"]}]},{"@type":"ImageObject","inLanguage":"pt-BR","@id":"https:\/\/newblogs.correiobraziliense.com.br\/vivabrasilia\/b-car-inaugura-modelo-tecnologico-de-compra-e-venda-de-veiculos\/#primaryimage","url":"https:\/\/newblogs.correiobraziliense.com.br\/vivabrasilia\/wp-content\/uploads\/sites\/4\/2024\/07\/IMG_6457.jpeg","contentUrl":"https:\/\/newblogs.correiobraziliense.com.br\/vivabrasilia\/wp-content\/uploads\/sites\/4\/2024\/07\/IMG_6457.jpeg","width":1600,"height":1066},{"@type":"BreadcrumbList","@id":"https:\/\/newblogs.correiobraziliense.com.br\/vivabrasilia\/b-car-inaugura-modelo-tecnologico-de-compra-e-venda-de-veiculos\/#breadcrumb","itemListElement":[{"@type":"ListItem","position":1,"name":"In\u00edcio","item":"https:\/\/newblogs.correiobraziliense.com.br\/vivabrasilia\/"},{"@type":"ListItem","position":2,"name":"B.Car inaugura modelo tecnol\u00f3gico de compra e venda de ve\u00edculos"}]},{"@type":"WebSite","@id":"https:\/\/newblogs.correiobraziliense.com.br\/vivabrasilia\/#website","url":"https:\/\/newblogs.correiobraziliense.com.br\/vivabrasilia\/","name":"Viva Bras\u00edlia","description":"Coluna de estilo de vida","potentialAction":[{"@type":"SearchAction","target":{"@type":"EntryPoint","urlTemplate":"https:\/\/newblogs.correiobraziliense.com.br\/vivabrasilia\/?s={search_term_string}"},"query-input":{"@type":"PropertyValueSpecification","valueRequired":true,"valueName":"search_term_string"}}],"inLanguage":"pt-BR"},{"@type":"Person","@id":"https:\/\/newblogs.correiobraziliense.com.br\/vivabrasilia\/#\/schema\/person\/018c75775aaa6ead74dde48a78ac7fa1","name":"Mariana Campos","image":{"@type":"ImageObject","inLanguage":"pt-BR","@id":"https:\/\/secure.gravatar.com\/avatar\/97cd13271bc36c11415a45e9f8192828452de6a8c0e24857edbf96d21752260f?s=96&d=mm&r=g","url":"https:\/\/secure.gravatar.com\/avatar\/97cd13271bc36c11415a45e9f8192828452de6a8c0e24857edbf96d21752260f?s=96&d=mm&r=g","contentUrl":"https:\/\/secure.gravatar.com\/avatar\/97cd13271bc36c11415a45e9f8192828452de6a8c0e24857edbf96d21752260f?s=96&d=mm&r=g","caption":"Mariana Campos"},"description":"Colunista da Viva Bras\u00edlia, Mariana escreve e fotografa para a coluna. Formada em Comunica\u00e7\u00e3o, aprofundou-se no jornalismo e agora une a escrita com a fotografia para mostrar que a capital \u00e9 uma cidade viva que n\u00e3o se resume ao poder. Tamb\u00e9m faz a cobertura de moda para seu blog, Pliss\u00ea, e para as redes sociais do Correio.","sameAs":["http:\/\/newblogs.correiobraziliense.com\/plisse","https:\/\/www.instagram.com\/marigrigori"],"url":"https:\/\/newblogs.correiobraziliense.com.br\/vivabrasilia\/author\/marivivabrasilia\/"}]}},"_links":{"self":[{"href":"https:\/\/newblogs.correiobraziliense.com.br\/vivabrasilia\/wp-json\/wp\/v2\/posts\/1201","targetHints":{"allow":["GET"]}}],"collection":[{"href":"https:\/\/newblogs.correiobraziliense.com.br\/vivabrasilia\/wp-json\/wp\/v2\/posts"}],"about":[{"href":"https:\/\/newblogs.correiobraziliense.com.br\/vivabrasilia\/wp-json\/wp\/v2\/types\/post"}],"author":[{"embeddable":true,"href":"https:\/\/newblogs.correiobraziliense.com.br\/vivabrasilia\/wp-json\/wp\/v2\/users\/7"}],"replies":[{"embeddable":true,"href":"https:\/\/newblogs.correiobraziliense.com.br\/vivabrasilia\/wp-json\/wp\/v2\/comments?post=1201"}],"version-history":[{"count":3,"href":"https:\/\/newblogs.correiobraziliense.com.br\/vivabrasilia\/wp-json\/wp\/v2\/posts\/1201\/revisions"}],"predecessor-version":[{"id":1208,"href":"https:\/\/newblogs.correiobraziliense.com.br\/vivabrasilia\/wp-json\/wp\/v2\/posts\/1201\/revisions\/1208"}],"wp:featuredmedia":[{"embeddable":true,"href":"https:\/\/newblogs.correiobraziliense.com.br\/vivabrasilia\/wp-json\/wp\/v2\/media\/1204"}],"wp:attachment":[{"href":"https:\/\/newblogs.correiobraziliense.com.br\/vivabrasilia\/wp-json\/wp\/v2\/media?parent=1201"}],"wp:term":[{"taxonomy":"category","embeddable":true,"href":"https:\/\/newblogs.correiobraziliense.com.br\/vivabrasilia\/wp-json\/wp\/v2\/categories?post=1201"},{"taxonomy":"post_tag","embeddable":true,"href":"https:\/\/newblogs.correiobraziliense.com.br\/vivabrasilia\/wp-json\/wp\/v2\/tags?post=1201"}],"curies":[{"name":"wp","href":"https:\/\/api.w.org\/{rel}","templated":true}]}}