{"id":104,"date":"2024-05-18T10:30:04","date_gmt":"2024-05-18T13:30:04","guid":{"rendered":"https:\/\/newblogs.correiobraziliense.com.br\/vivabrasilia\/?p=104"},"modified":"2024-05-18T10:30:05","modified_gmt":"2024-05-18T13:30:05","slug":"pesquisador-brasiliense-trabalha-em-causas-de-autismo-e-cultura","status":"publish","type":"post","link":"https:\/\/newblogs.correiobraziliense.com.br\/vivabrasilia\/pesquisador-brasiliense-trabalha-em-causas-de-autismo-e-cultura\/","title":{"rendered":"Pesquisador brasiliense trabalha em causas de autismo e cultura"},"content":{"rendered":"\n<p>Graduado em direito pela PUCPR e mestre em educa\u00e7\u00e3o pela UNICAMP, Guilherme de Almeida trabalhou como professor, coordenou cursos, criou projetos para ajudar crian\u00e7as vulner\u00e1veis e faz parte de grupos de pesquisa, inclusive em Stanford. <\/p>\n\n\n\n<figure class=\"wp-block-image size-large\"><img loading=\"lazy\" decoding=\"async\" width=\"1024\" height=\"683\" src=\"https:\/\/newblogs.correiobraziliense.com.br\/vivabrasilia\/wp-content\/uploads\/sites\/4\/2024\/05\/MG_0522-2-1024x683.jpg\" alt=\"Guilheme de Almeida\" class=\"wp-image-106\" srcset=\"https:\/\/newblogs.correiobraziliense.com.br\/vivabrasilia\/wp-content\/uploads\/sites\/4\/2024\/05\/MG_0522-2-1024x683.jpg 1024w, https:\/\/newblogs.correiobraziliense.com.br\/vivabrasilia\/wp-content\/uploads\/sites\/4\/2024\/05\/MG_0522-2-300x200.jpg 300w, https:\/\/newblogs.correiobraziliense.com.br\/vivabrasilia\/wp-content\/uploads\/sites\/4\/2024\/05\/MG_0522-2-768x512.jpg 768w, https:\/\/newblogs.correiobraziliense.com.br\/vivabrasilia\/wp-content\/uploads\/sites\/4\/2024\/05\/MG_0522-2-1536x1024.jpg 1536w, https:\/\/newblogs.correiobraziliense.com.br\/vivabrasilia\/wp-content\/uploads\/sites\/4\/2024\/05\/MG_0522-2.jpg 1956w\" sizes=\"auto, (max-width: 1024px) 100vw, 1024px\" \/><figcaption class=\"wp-element-caption\">Guilheme de Almeida possui transtorno do espectro do autista, \u00e9 formado em direito e mestre em educa\u00e7\u00e3o | Foto: Divulga\u00e7\u00e3o<\/figcaption><\/figure>\n\n\n\n<p>O profissional faz parte de diversas iniciativas e, em meio a tudo isso, convive com transtorno do espectro autista. Mais recentemente, o brasiliense assumiu a presid\u00eancia da Associa\u00e7\u00e3o Nacional pela Inclus\u00e3o das Pessoas Autistas, uma comunidade criada para promover a educa\u00e7\u00e3o inclusiva \u2013 seja com a cria\u00e7\u00e3o de pol\u00edticas p\u00fablicas que garantam o bem-estar de pessoas com o dist\u00farbio, ou at\u00e9 mesmo com o desenvolvimento de identidade e habilidades cotidianas.<\/p>\n\n\n\n<figure class=\"wp-block-image size-large\"><img loading=\"lazy\" decoding=\"async\" width=\"745\" height=\"1024\" src=\"https:\/\/newblogs.correiobraziliense.com.br\/vivabrasilia\/wp-content\/uploads\/sites\/4\/2024\/05\/IMG_4500-745x1024.jpg\" alt=\"Guerra e Paz Candido Portinari\" class=\"wp-image-111\" style=\"aspect-ratio:2\/3;object-fit:contain\" srcset=\"https:\/\/newblogs.correiobraziliense.com.br\/vivabrasilia\/wp-content\/uploads\/sites\/4\/2024\/05\/IMG_4500-745x1024.jpg 745w, https:\/\/newblogs.correiobraziliense.com.br\/vivabrasilia\/wp-content\/uploads\/sites\/4\/2024\/05\/IMG_4500-218x300.jpg 218w, https:\/\/newblogs.correiobraziliense.com.br\/vivabrasilia\/wp-content\/uploads\/sites\/4\/2024\/05\/IMG_4500-768x1056.jpg 768w, https:\/\/newblogs.correiobraziliense.com.br\/vivabrasilia\/wp-content\/uploads\/sites\/4\/2024\/05\/IMG_4500.jpg 842w\" sizes=\"auto, (max-width: 745px) 100vw, 745px\" \/><figcaption class=\"wp-element-caption\">Os quadros Guerra e Paz se encontram na sede da ONU, em NY | Foto: Divulga\u00e7\u00e3o<\/figcaption><\/figure>\n\n\n\n<p>Mas n\u00e3o \u00e9 &#8220;s\u00f3 isso&#8221;. O pesquisador tamb\u00e9m coordena o Projeto Portinari, criado pelo filho do artista pl\u00e1stico em 1979 para preservar seu trabalho. A iniciativa tem inten\u00e7\u00e3o de continuar difundindo as cores vibrantes e a vis\u00e3o social de Candido Portinari, garantindo que pessoas de todo o mundo e novas gera\u00e7\u00f5es tenham a oportunidade de conhecer a arte e a cultura brasileiras. <\/p>\n\n\n\n<p>Com esse prop\u00f3sito, os pain\u00e9is Guerra e Paz seguir\u00e3o pela China e It\u00e1lia \u2013 sob a responsabilidade e olhar \u00fanico sens\u00edvel de Guilherme \u2013 como gesto de paz, coopera\u00e7\u00e3o internacional e diplomacia cultural. Atualmente, os pain\u00e9is est\u00e3o na sede da ONU, em Nova York, e ap\u00f3s o itiner\u00e1rio, voltar\u00e3o para o Brasil para a 30\u00aa Confer\u00eancia da ONU sobre Mudan\u00e7as Clim\u00e1ticas (COP 30), em Bel\u00e9m do Par\u00e1.<\/p>\n","protected":false},"excerpt":{"rendered":"<p>Guilherme de Almeida \u00e9 autista e possui grande trajet\u00f3ria profissional que inclui projetos para pessoas com o transtorno e de preserva\u00e7\u00e3o das obras de Portinari<\/p>\n","protected":false},"author":7,"featured_media":108,"comment_status":"closed","ping_status":"open","sticky":false,"template":"","format":"standard","meta":{"_acf_changed":false,"inline_featured_image":false,"footnotes":""},"categories":[2],"tags":[25,23,24,5],"class_list":["post-104","post","type-post","status-publish","format-standard","has-post-thumbnail","hentry","category-perfil","tag-autismo","tag-candido-portinari","tag-obras","tag-perfil"],"acf":[],"yoast_head":"<!-- This site is optimized with the Yoast SEO plugin v27.3 - https:\/\/yoast.com\/product\/yoast-seo-wordpress\/ -->\n<title>Pesquisador brasiliense trabalha em causas de autismo e cultura - Viva Bras\u00edlia<\/title>\n<meta name=\"description\" content=\"Guilherme de Almeida \u00e9 autista e coordena projetos para pessoas com o transtorno e de preserva\u00e7\u00e3o das obras de Portinari\" \/>\n<meta name=\"robots\" content=\"index, follow, max-snippet:-1, max-image-preview:large, max-video-preview:-1\" \/>\n<link rel=\"canonical\" href=\"https:\/\/newblogs.correiobraziliense.com.br\/vivabrasilia\/pesquisador-brasiliense-trabalha-em-causas-de-autismo-e-cultura\/\" \/>\n<meta property=\"og:locale\" content=\"pt_BR\" \/>\n<meta property=\"og:type\" content=\"article\" \/>\n<meta property=\"og:title\" content=\"Pesquisador brasiliense trabalha em causas de autismo e cultura - Viva Bras\u00edlia\" \/>\n<meta property=\"og:description\" content=\"Guilherme de Almeida \u00e9 autista e coordena projetos para pessoas com o transtorno e de preserva\u00e7\u00e3o das obras de Portinari\" \/>\n<meta property=\"og:url\" content=\"https:\/\/newblogs.correiobraziliense.com.br\/vivabrasilia\/pesquisador-brasiliense-trabalha-em-causas-de-autismo-e-cultura\/\" \/>\n<meta property=\"og:site_name\" content=\"Viva Bras\u00edlia\" \/>\n<meta property=\"article:published_time\" content=\"2024-05-18T13:30:04+00:00\" \/>\n<meta property=\"article:modified_time\" content=\"2024-05-18T13:30:05+00:00\" \/>\n<meta property=\"og:image\" content=\"https:\/\/newblogs.correiobraziliense.com.br\/vivabrasilia\/wp-content\/uploads\/sites\/4\/2024\/05\/AFRH0390-scaled.jpg\" \/>\n\t<meta property=\"og:image:width\" content=\"2560\" \/>\n\t<meta property=\"og:image:height\" content=\"1707\" \/>\n\t<meta property=\"og:image:type\" content=\"image\/jpeg\" \/>\n<meta name=\"author\" content=\"Mariana Campos\" \/>\n<!-- \/ Yoast SEO plugin. -->","yoast_head_json":{"title":"Pesquisador brasiliense trabalha em causas de autismo e cultura - Viva Bras\u00edlia","description":"Guilherme de Almeida \u00e9 autista e coordena projetos para pessoas com o transtorno e de preserva\u00e7\u00e3o das obras de Portinari","robots":{"index":"index","follow":"follow","max-snippet":"max-snippet:-1","max-image-preview":"max-image-preview:large","max-video-preview":"max-video-preview:-1"},"canonical":"https:\/\/newblogs.correiobraziliense.com.br\/vivabrasilia\/pesquisador-brasiliense-trabalha-em-causas-de-autismo-e-cultura\/","og_locale":"pt_BR","og_type":"article","og_title":"Pesquisador brasiliense trabalha em causas de autismo e cultura - Viva Bras\u00edlia","og_description":"Guilherme de Almeida \u00e9 autista e coordena projetos para pessoas com o transtorno e de preserva\u00e7\u00e3o das obras de Portinari","og_url":"https:\/\/newblogs.correiobraziliense.com.br\/vivabrasilia\/pesquisador-brasiliense-trabalha-em-causas-de-autismo-e-cultura\/","og_site_name":"Viva Bras\u00edlia","article_published_time":"2024-05-18T13:30:04+00:00","article_modified_time":"2024-05-18T13:30:05+00:00","og_image":[{"width":2560,"height":1707,"url":"https:\/\/newblogs.correiobraziliense.com.br\/vivabrasilia\/wp-content\/uploads\/sites\/4\/2024\/05\/AFRH0390-scaled.jpg","type":"image\/jpeg"}],"author":"Mariana Campos","schema":{"@context":"https:\/\/schema.org","@graph":[{"@type":"Article","@id":"https:\/\/newblogs.correiobraziliense.com.br\/vivabrasilia\/pesquisador-brasiliense-trabalha-em-causas-de-autismo-e-cultura\/#article","isPartOf":{"@id":"https:\/\/newblogs.correiobraziliense.com.br\/vivabrasilia\/pesquisador-brasiliense-trabalha-em-causas-de-autismo-e-cultura\/"},"author":{"name":"Mariana Campos","@id":"https:\/\/newblogs.correiobraziliense.com.br\/vivabrasilia\/#\/schema\/person\/018c75775aaa6ead74dde48a78ac7fa1"},"headline":"Pesquisador brasiliense trabalha em causas de autismo e cultura","datePublished":"2024-05-18T13:30:04+00:00","dateModified":"2024-05-18T13:30:05+00:00","mainEntityOfPage":{"@id":"https:\/\/newblogs.correiobraziliense.com.br\/vivabrasilia\/pesquisador-brasiliense-trabalha-em-causas-de-autismo-e-cultura\/"},"wordCount":304,"image":{"@id":"https:\/\/newblogs.correiobraziliense.com.br\/vivabrasilia\/pesquisador-brasiliense-trabalha-em-causas-de-autismo-e-cultura\/#primaryimage"},"thumbnailUrl":"https:\/\/newblogs.correiobraziliense.com.br\/vivabrasilia\/wp-content\/uploads\/sites\/4\/2024\/05\/AFRH0390-scaled.jpg","keywords":["Autismo","Candido Portinari","Obras","Perfil"],"articleSection":["Perfil"],"inLanguage":"pt-BR"},{"@type":"WebPage","@id":"https:\/\/newblogs.correiobraziliense.com.br\/vivabrasilia\/pesquisador-brasiliense-trabalha-em-causas-de-autismo-e-cultura\/","url":"https:\/\/newblogs.correiobraziliense.com.br\/vivabrasilia\/pesquisador-brasiliense-trabalha-em-causas-de-autismo-e-cultura\/","name":"Pesquisador brasiliense trabalha em causas de autismo e cultura - Viva Bras\u00edlia","isPartOf":{"@id":"https:\/\/newblogs.correiobraziliense.com.br\/vivabrasilia\/#website"},"primaryImageOfPage":{"@id":"https:\/\/newblogs.correiobraziliense.com.br\/vivabrasilia\/pesquisador-brasiliense-trabalha-em-causas-de-autismo-e-cultura\/#primaryimage"},"image":{"@id":"https:\/\/newblogs.correiobraziliense.com.br\/vivabrasilia\/pesquisador-brasiliense-trabalha-em-causas-de-autismo-e-cultura\/#primaryimage"},"thumbnailUrl":"https:\/\/newblogs.correiobraziliense.com.br\/vivabrasilia\/wp-content\/uploads\/sites\/4\/2024\/05\/AFRH0390-scaled.jpg","datePublished":"2024-05-18T13:30:04+00:00","dateModified":"2024-05-18T13:30:05+00:00","author":{"@id":"https:\/\/newblogs.correiobraziliense.com.br\/vivabrasilia\/#\/schema\/person\/018c75775aaa6ead74dde48a78ac7fa1"},"description":"Guilherme de Almeida \u00e9 autista e coordena projetos para pessoas com o transtorno e de preserva\u00e7\u00e3o das obras de Portinari","breadcrumb":{"@id":"https:\/\/newblogs.correiobraziliense.com.br\/vivabrasilia\/pesquisador-brasiliense-trabalha-em-causas-de-autismo-e-cultura\/#breadcrumb"},"inLanguage":"pt-BR","potentialAction":[{"@type":"ReadAction","target":["https:\/\/newblogs.correiobraziliense.com.br\/vivabrasilia\/pesquisador-brasiliense-trabalha-em-causas-de-autismo-e-cultura\/"]}]},{"@type":"ImageObject","inLanguage":"pt-BR","@id":"https:\/\/newblogs.correiobraziliense.com.br\/vivabrasilia\/pesquisador-brasiliense-trabalha-em-causas-de-autismo-e-cultura\/#primaryimage","url":"https:\/\/newblogs.correiobraziliense.com.br\/vivabrasilia\/wp-content\/uploads\/sites\/4\/2024\/05\/AFRH0390-scaled.jpg","contentUrl":"https:\/\/newblogs.correiobraziliense.com.br\/vivabrasilia\/wp-content\/uploads\/sites\/4\/2024\/05\/AFRH0390-scaled.jpg","width":2560,"height":1707,"caption":"Guilherme levar\u00e1 os pain\u00e9is Guerra e Paz de Portinari para China e It\u00e1lia | Foto: Divulga\u00e7\u00e3o"},{"@type":"BreadcrumbList","@id":"https:\/\/newblogs.correiobraziliense.com.br\/vivabrasilia\/pesquisador-brasiliense-trabalha-em-causas-de-autismo-e-cultura\/#breadcrumb","itemListElement":[{"@type":"ListItem","position":1,"name":"In\u00edcio","item":"https:\/\/newblogs.correiobraziliense.com.br\/vivabrasilia\/"},{"@type":"ListItem","position":2,"name":"Pesquisador brasiliense trabalha em causas de autismo e cultura"}]},{"@type":"WebSite","@id":"https:\/\/newblogs.correiobraziliense.com.br\/vivabrasilia\/#website","url":"https:\/\/newblogs.correiobraziliense.com.br\/vivabrasilia\/","name":"Viva Bras\u00edlia","description":"Coluna de estilo de vida","potentialAction":[{"@type":"SearchAction","target":{"@type":"EntryPoint","urlTemplate":"https:\/\/newblogs.correiobraziliense.com.br\/vivabrasilia\/?s={search_term_string}"},"query-input":{"@type":"PropertyValueSpecification","valueRequired":true,"valueName":"search_term_string"}}],"inLanguage":"pt-BR"},{"@type":"Person","@id":"https:\/\/newblogs.correiobraziliense.com.br\/vivabrasilia\/#\/schema\/person\/018c75775aaa6ead74dde48a78ac7fa1","name":"Mariana Campos","image":{"@type":"ImageObject","inLanguage":"pt-BR","@id":"https:\/\/secure.gravatar.com\/avatar\/97cd13271bc36c11415a45e9f8192828452de6a8c0e24857edbf96d21752260f?s=96&d=mm&r=g","url":"https:\/\/secure.gravatar.com\/avatar\/97cd13271bc36c11415a45e9f8192828452de6a8c0e24857edbf96d21752260f?s=96&d=mm&r=g","contentUrl":"https:\/\/secure.gravatar.com\/avatar\/97cd13271bc36c11415a45e9f8192828452de6a8c0e24857edbf96d21752260f?s=96&d=mm&r=g","caption":"Mariana Campos"},"description":"Colunista da Viva Bras\u00edlia, Mariana escreve e fotografa para a coluna. Formada em Comunica\u00e7\u00e3o, aprofundou-se no jornalismo e agora une a escrita com a fotografia para mostrar que a capital \u00e9 uma cidade viva que n\u00e3o se resume ao poder. Tamb\u00e9m faz a cobertura de moda para seu blog, Pliss\u00ea, e para as redes sociais do Correio.","sameAs":["http:\/\/newblogs.correiobraziliense.com\/plisse","https:\/\/www.instagram.com\/marigrigori"],"url":"https:\/\/newblogs.correiobraziliense.com.br\/vivabrasilia\/author\/marivivabrasilia\/"}]}},"_links":{"self":[{"href":"https:\/\/newblogs.correiobraziliense.com.br\/vivabrasilia\/wp-json\/wp\/v2\/posts\/104","targetHints":{"allow":["GET"]}}],"collection":[{"href":"https:\/\/newblogs.correiobraziliense.com.br\/vivabrasilia\/wp-json\/wp\/v2\/posts"}],"about":[{"href":"https:\/\/newblogs.correiobraziliense.com.br\/vivabrasilia\/wp-json\/wp\/v2\/types\/post"}],"author":[{"embeddable":true,"href":"https:\/\/newblogs.correiobraziliense.com.br\/vivabrasilia\/wp-json\/wp\/v2\/users\/7"}],"replies":[{"embeddable":true,"href":"https:\/\/newblogs.correiobraziliense.com.br\/vivabrasilia\/wp-json\/wp\/v2\/comments?post=104"}],"version-history":[{"count":4,"href":"https:\/\/newblogs.correiobraziliense.com.br\/vivabrasilia\/wp-json\/wp\/v2\/posts\/104\/revisions"}],"predecessor-version":[{"id":114,"href":"https:\/\/newblogs.correiobraziliense.com.br\/vivabrasilia\/wp-json\/wp\/v2\/posts\/104\/revisions\/114"}],"wp:featuredmedia":[{"embeddable":true,"href":"https:\/\/newblogs.correiobraziliense.com.br\/vivabrasilia\/wp-json\/wp\/v2\/media\/108"}],"wp:attachment":[{"href":"https:\/\/newblogs.correiobraziliense.com.br\/vivabrasilia\/wp-json\/wp\/v2\/media?parent=104"}],"wp:term":[{"taxonomy":"category","embeddable":true,"href":"https:\/\/newblogs.correiobraziliense.com.br\/vivabrasilia\/wp-json\/wp\/v2\/categories?post=104"},{"taxonomy":"post_tag","embeddable":true,"href":"https:\/\/newblogs.correiobraziliense.com.br\/vivabrasilia\/wp-json\/wp\/v2\/tags?post=104"}],"curies":[{"name":"wp","href":"https:\/\/api.w.org\/{rel}","templated":true}]}}