{"id":748,"date":"2026-03-09T19:05:57","date_gmt":"2026-03-09T22:05:57","guid":{"rendered":"https:\/\/newblogs.correiobraziliense.com.br\/plisse\/?p=748"},"modified":"2026-03-09T19:07:22","modified_gmt":"2026-03-09T22:07:22","slug":"o-que-os-bombardeios-dos-estados-unidos-e-israel-no-ira-tem-a-ver-com-a-moda","status":"publish","type":"post","link":"https:\/\/newblogs.correiobraziliense.com.br\/plisse\/o-que-os-bombardeios-dos-estados-unidos-e-israel-no-ira-tem-a-ver-com-a-moda\/","title":{"rendered":"O que os bombardeios dos Estados Unidos e Israel no Ir\u00e3 t\u00eam a ver com a moda?"},"content":{"rendered":"\n<p>O que os bombardeios dos Estados Unidos e Israel no Ir\u00e3 t\u00eam a ver com a moda? \u00c0 primeira vista, nada. Bombardeiros e tens\u00f5es no Oriente M\u00e9dio parecem pertencer a um universo completamente diferente daquele das passarelas e vitrines. Mas a verdade \u00e9 que a ind\u00fastria fashion est\u00e1 profundamente conectada \u00e0 geopol\u00edtica, e embora o conflito esteja acontecendo distante das grandes capitais da moda, os efeitos desta guerra podem, sim, chegar, \u00e0s araras das lojas.<\/p>\n\n\n\n<p>Um dos primeiros grandes impactos surge com o fechamento do Estreio de Ormuz, situado entre o Ir\u00e3, Om\u00e3 e os Emirados \u00c1rabes, onde passa cerca de 20 a 25% do petr\u00f3leo mundial. Instabilidades na regi\u00e3o, como t\u00eam ocorrido durante os bombardeios, mexem com o mercado petrol\u00edfero e afetam diretamente a cadeia global da moda. O consumo de combust\u00edvel encarece o frete e transportar roupas entre f\u00e1bricas, centros log\u00edsticos e lojas se torna mais caro. A produ\u00e7\u00e3o t\u00eaxtil de tecidos sint\u00e9ticos derivados do petr\u00f3leo, como poli\u00e9ster e nylon, tamb\u00e9m sente este impacto. Quando o pre\u00e7o da mat\u00e9ria-prima sobe, o custo de fabrica\u00e7\u00e3o consequentemente aumenta.<\/p>\n\n\n\n<figure class=\"wp-block-image size-large\"><img loading=\"lazy\" decoding=\"async\" width=\"1024\" height=\"578\" src=\"https:\/\/newblogs.correiobraziliense.com.br\/plisse\/wp-content\/uploads\/sites\/2\/2026\/03\/IMG_0844-1024x578.jpeg\" alt=\"\" class=\"wp-image-749\" srcset=\"https:\/\/newblogs.correiobraziliense.com.br\/plisse\/wp-content\/uploads\/sites\/2\/2026\/03\/IMG_0844-1024x578.jpeg 1024w, https:\/\/newblogs.correiobraziliense.com.br\/plisse\/wp-content\/uploads\/sites\/2\/2026\/03\/IMG_0844-300x169.jpeg 300w, https:\/\/newblogs.correiobraziliense.com.br\/plisse\/wp-content\/uploads\/sites\/2\/2026\/03\/IMG_0844-768x434.jpeg 768w, https:\/\/newblogs.correiobraziliense.com.br\/plisse\/wp-content\/uploads\/sites\/2\/2026\/03\/IMG_0844-1536x867.jpeg 1536w, https:\/\/newblogs.correiobraziliense.com.br\/plisse\/wp-content\/uploads\/sites\/2\/2026\/03\/IMG_0844.jpeg 2000w\" sizes=\"auto, (max-width: 1024px) 100vw, 1024px\" \/><figcaption class=\"wp-element-caption\">Estreito de Ormuz | Foto: Reprodu\u00e7\u00e3o<\/figcaption><\/figure>\n\n\n\n<p>Uma segunda forma de impactar o mercado da moda d\u00e1-se ao afetar o comportamento do consumidor. Quando gasolina, energia e alimentos ficam mais caros, a popula\u00e7\u00e3o tende a rever gastos. Compras consideradas menos essenciais, como bolsas, roupas e sapatos, costumam ser as primeiras a serem cortadas dos or\u00e7amentos.<\/p>\n\n\n\n<p>No setor de luxo, o clima emocional da economia tamb\u00e9m tem papel decisivo. Nos \u00faltimos anos, o Oriente M\u00e9dio vinha se consolidando como um dos mercados mais importantes para grandes marcas, principalmente com a crise imobili\u00e1ria da China e a crescente do consumo consciente nos Estados Unidos. Cidades como Dubai e Doha s\u00e3o sin\u00f4nimo de polos de consumo sofisticado, com shoppings luxuosos, hot\u00e9is cinco estrelas e um fluxo constante de turistas de alta renda. Mas a desacelera\u00e7\u00e3o do turismo, encarecimento de gasolina, energia e alimentos, instabilidade local e uma popula\u00e7\u00e3o amea\u00e7ada n\u00e3o fazem bom terreno para vendas de luxo. Diante deste cen\u00e1rio, algumas marcas at\u00e9 fecharam temporariamente lojas na regi\u00e3o.<\/p>\n\n\n\n<p>O consumo de itens de luxo depende de algo chamado \u201cfeel-good factor\u201d. Otimismo, estabilidade e a sensa\u00e7\u00e3o de que o futuro parece promissor o suficiente para justificar gastar milhares de d\u00f3lares em uma bolsa ou rel\u00f3gio tem papel importante. Mas conflitos armados tendem a produzir exatamente o efeito contr\u00e1rio. Imagens de m\u00edsseis cruzando o c\u00e9u ou sistema de defesa interceptando drones circulam rapidamente nas redes sociais e nos notici\u00e1rios, o que abala a percep\u00e7\u00e3o de seguran\u00e7a que sustenta esses mercados.<\/p>\n\n\n\n<p>Ainda \u00e9 cedo para saber o tamanho real do impacto que este conflito ter\u00e1 na economia e nas cadeias produtivas de moda. Mas, se for prolongado, pre\u00e7os elevados de energia podem pressionar ainda mais a ind\u00fastria, desde a produ\u00e7\u00e3o at\u00e9 o consumo. No fim das contas, a moda nunca esteve realmente isolada do mundo.<\/p>\n\n\n\n\n","protected":false},"excerpt":{"rendered":"<p>O conflito iniciado h\u00e1 pouco mais de uma semana pode afetar muito mais a cadeia fashion mundial do que se imagina<\/p>\n","protected":false},"author":3,"featured_media":750,"comment_status":"closed","ping_status":"open","sticky":false,"template":"","format":"standard","meta":{"_acf_changed":false,"inline_featured_image":false,"footnotes":""},"categories":[46],"tags":[86,85,82,83,84,10],"class_list":["post-748","post","type-post","status-publish","format-standard","has-post-thumbnail","hentry","category-mundo","tag-conflito","tag-estados-unidos","tag-geopolitica","tag-ira","tag-israel","tag-moda"],"acf":[],"yoast_head":"<!-- This site is optimized with the Yoast SEO plugin v27.3 - https:\/\/yoast.com\/product\/yoast-seo-wordpress\/ -->\n<title>O que os bombardeios dos Estados Unidos e Israel no Ir\u00e3 t\u00eam a ver com a moda? | Pliss\u00ea<\/title>\n<meta name=\"description\" content=\"O conflito iniciado h\u00e1 pouco mais de uma semana pode afetar muito mais a cadeia fashion mundial do que se imagina\" \/>\n<meta name=\"robots\" content=\"index, follow, max-snippet:-1, max-image-preview:large, max-video-preview:-1\" \/>\n<link rel=\"canonical\" href=\"https:\/\/newblogs.correiobraziliense.com.br\/plisse\/o-que-os-bombardeios-dos-estados-unidos-e-israel-no-ira-tem-a-ver-com-a-moda\/\" \/>\n<meta property=\"og:locale\" content=\"pt_BR\" \/>\n<meta property=\"og:type\" content=\"article\" \/>\n<meta property=\"og:title\" content=\"O que os bombardeios dos Estados Unidos e Israel no Ir\u00e3 t\u00eam a ver com a moda? | Pliss\u00ea\" \/>\n<meta property=\"og:description\" content=\"O conflito iniciado h\u00e1 pouco mais de uma semana pode afetar muito mais a cadeia fashion mundial do que se imagina\" \/>\n<meta property=\"og:url\" content=\"https:\/\/newblogs.correiobraziliense.com.br\/plisse\/o-que-os-bombardeios-dos-estados-unidos-e-israel-no-ira-tem-a-ver-com-a-moda\/\" \/>\n<meta property=\"og:site_name\" content=\"Pliss\u00ea\" \/>\n<meta property=\"article:published_time\" content=\"2026-03-09T22:05:57+00:00\" \/>\n<meta property=\"article:modified_time\" content=\"2026-03-09T22:07:22+00:00\" \/>\n<meta property=\"og:image\" content=\"https:\/\/newblogs.correiobraziliense.com.br\/plisse\/wp-content\/uploads\/sites\/2\/2026\/03\/IMG_0846.jpeg\" \/>\n\t<meta property=\"og:image:width\" content=\"2000\" \/>\n\t<meta property=\"og:image:height\" content=\"1333\" \/>\n\t<meta property=\"og:image:type\" content=\"image\/jpeg\" \/>\n<meta name=\"author\" content=\"Mari Campos\" \/>\n<!-- \/ Yoast SEO plugin. -->","yoast_head_json":{"title":"O que os bombardeios dos Estados Unidos e Israel no Ir\u00e3 t\u00eam a ver com a moda? | Pliss\u00ea","description":"O conflito iniciado h\u00e1 pouco mais de uma semana pode afetar muito mais a cadeia fashion mundial do que se imagina","robots":{"index":"index","follow":"follow","max-snippet":"max-snippet:-1","max-image-preview":"max-image-preview:large","max-video-preview":"max-video-preview:-1"},"canonical":"https:\/\/newblogs.correiobraziliense.com.br\/plisse\/o-que-os-bombardeios-dos-estados-unidos-e-israel-no-ira-tem-a-ver-com-a-moda\/","og_locale":"pt_BR","og_type":"article","og_title":"O que os bombardeios dos Estados Unidos e Israel no Ir\u00e3 t\u00eam a ver com a moda? | Pliss\u00ea","og_description":"O conflito iniciado h\u00e1 pouco mais de uma semana pode afetar muito mais a cadeia fashion mundial do que se imagina","og_url":"https:\/\/newblogs.correiobraziliense.com.br\/plisse\/o-que-os-bombardeios-dos-estados-unidos-e-israel-no-ira-tem-a-ver-com-a-moda\/","og_site_name":"Pliss\u00ea","article_published_time":"2026-03-09T22:05:57+00:00","article_modified_time":"2026-03-09T22:07:22+00:00","og_image":[{"width":2000,"height":1333,"url":"https:\/\/newblogs.correiobraziliense.com.br\/plisse\/wp-content\/uploads\/sites\/2\/2026\/03\/IMG_0846.jpeg","type":"image\/jpeg"}],"author":"Mari Campos","schema":{"@context":"https:\/\/schema.org","@graph":[{"@type":"NewsArticle","@id":"https:\/\/newblogs.correiobraziliense.com.br\/plisse\/o-que-os-bombardeios-dos-estados-unidos-e-israel-no-ira-tem-a-ver-com-a-moda\/#article","isPartOf":{"@id":"https:\/\/newblogs.correiobraziliense.com.br\/plisse\/o-que-os-bombardeios-dos-estados-unidos-e-israel-no-ira-tem-a-ver-com-a-moda\/"},"author":{"name":"Mari Campos","@id":"https:\/\/newblogs.correiobraziliense.com.br\/plisse\/#\/schema\/person\/034a91d15218c7cb6c74eb17ad3488fc"},"headline":"O que os bombardeios dos Estados Unidos e Israel no Ir\u00e3 t\u00eam a ver com a moda?","datePublished":"2026-03-09T22:05:57+00:00","dateModified":"2026-03-09T22:07:22+00:00","mainEntityOfPage":{"@id":"https:\/\/newblogs.correiobraziliense.com.br\/plisse\/o-que-os-bombardeios-dos-estados-unidos-e-israel-no-ira-tem-a-ver-com-a-moda\/"},"wordCount":536,"image":{"@id":"https:\/\/newblogs.correiobraziliense.com.br\/plisse\/o-que-os-bombardeios-dos-estados-unidos-e-israel-no-ira-tem-a-ver-com-a-moda\/#primaryimage"},"thumbnailUrl":"https:\/\/newblogs.correiobraziliense.com.br\/plisse\/wp-content\/uploads\/sites\/2\/2026\/03\/IMG_0846.jpeg","keywords":["Conflito","Estados Unidos","Geopol\u00edtica","Ir\u00e3","Israel","Moda"],"articleSection":["Mundo"],"inLanguage":"pt-BR"},{"@type":"WebPage","@id":"https:\/\/newblogs.correiobraziliense.com.br\/plisse\/o-que-os-bombardeios-dos-estados-unidos-e-israel-no-ira-tem-a-ver-com-a-moda\/","url":"https:\/\/newblogs.correiobraziliense.com.br\/plisse\/o-que-os-bombardeios-dos-estados-unidos-e-israel-no-ira-tem-a-ver-com-a-moda\/","name":"O que os bombardeios dos Estados Unidos e Israel no Ir\u00e3 t\u00eam a ver com a moda? | Pliss\u00ea","isPartOf":{"@id":"https:\/\/newblogs.correiobraziliense.com.br\/plisse\/#website"},"primaryImageOfPage":{"@id":"https:\/\/newblogs.correiobraziliense.com.br\/plisse\/o-que-os-bombardeios-dos-estados-unidos-e-israel-no-ira-tem-a-ver-com-a-moda\/#primaryimage"},"image":{"@id":"https:\/\/newblogs.correiobraziliense.com.br\/plisse\/o-que-os-bombardeios-dos-estados-unidos-e-israel-no-ira-tem-a-ver-com-a-moda\/#primaryimage"},"thumbnailUrl":"https:\/\/newblogs.correiobraziliense.com.br\/plisse\/wp-content\/uploads\/sites\/2\/2026\/03\/IMG_0846.jpeg","datePublished":"2026-03-09T22:05:57+00:00","dateModified":"2026-03-09T22:07:22+00:00","author":{"@id":"https:\/\/newblogs.correiobraziliense.com.br\/plisse\/#\/schema\/person\/034a91d15218c7cb6c74eb17ad3488fc"},"description":"O conflito iniciado h\u00e1 pouco mais de uma semana pode afetar muito mais a cadeia fashion mundial do que se imagina","breadcrumb":{"@id":"https:\/\/newblogs.correiobraziliense.com.br\/plisse\/o-que-os-bombardeios-dos-estados-unidos-e-israel-no-ira-tem-a-ver-com-a-moda\/#breadcrumb"},"inLanguage":"pt-BR","potentialAction":[{"@type":"ReadAction","target":["https:\/\/newblogs.correiobraziliense.com.br\/plisse\/o-que-os-bombardeios-dos-estados-unidos-e-israel-no-ira-tem-a-ver-com-a-moda\/"]}]},{"@type":"ImageObject","inLanguage":"pt-BR","@id":"https:\/\/newblogs.correiobraziliense.com.br\/plisse\/o-que-os-bombardeios-dos-estados-unidos-e-israel-no-ira-tem-a-ver-com-a-moda\/#primaryimage","url":"https:\/\/newblogs.correiobraziliense.com.br\/plisse\/wp-content\/uploads\/sites\/2\/2026\/03\/IMG_0846.jpeg","contentUrl":"https:\/\/newblogs.correiobraziliense.com.br\/plisse\/wp-content\/uploads\/sites\/2\/2026\/03\/IMG_0846.jpeg","width":2000,"height":1333,"caption":"O que os bombardeios dos Estados Unidos e Israel no Ir\u00e3 t\u00eam a ver com a moda? | Foto: JUNI KRISWANTO \/ AFP"},{"@type":"BreadcrumbList","@id":"https:\/\/newblogs.correiobraziliense.com.br\/plisse\/o-que-os-bombardeios-dos-estados-unidos-e-israel-no-ira-tem-a-ver-com-a-moda\/#breadcrumb","itemListElement":[{"@type":"ListItem","position":1,"name":"In\u00edcio","item":"https:\/\/newblogs.correiobraziliense.com.br\/plisse\/"},{"@type":"ListItem","position":2,"name":"O que os bombardeios dos Estados Unidos e Israel no Ir\u00e3 t\u00eam a ver com a moda?"}]},{"@type":"WebSite","@id":"https:\/\/newblogs.correiobraziliense.com.br\/plisse\/#website","url":"https:\/\/newblogs.correiobraziliense.com.br\/plisse\/","name":"Pliss\u00ea","description":"Moda","potentialAction":[{"@type":"SearchAction","target":{"@type":"EntryPoint","urlTemplate":"https:\/\/newblogs.correiobraziliense.com.br\/plisse\/?s={search_term_string}"},"query-input":{"@type":"PropertyValueSpecification","valueRequired":true,"valueName":"search_term_string"}}],"inLanguage":"pt-BR"},{"@type":"Person","@id":"https:\/\/newblogs.correiobraziliense.com.br\/plisse\/#\/schema\/person\/034a91d15218c7cb6c74eb17ad3488fc","name":"Mari Campos","image":{"@type":"ImageObject","inLanguage":"pt-BR","@id":"https:\/\/secure.gravatar.com\/avatar\/574566760c17ba254c49a1164986f2710cce41e8728abe631bdfd696aa0f042e?s=96&d=mm&r=g","url":"https:\/\/secure.gravatar.com\/avatar\/574566760c17ba254c49a1164986f2710cce41e8728abe631bdfd696aa0f042e?s=96&d=mm&r=g","contentUrl":"https:\/\/secure.gravatar.com\/avatar\/574566760c17ba254c49a1164986f2710cce41e8728abe631bdfd696aa0f042e?s=96&d=mm&r=g","caption":"Mari Campos"},"description":"Publicit\u00e1ria formada pelo CEUB, j\u00e1 trabalhou como designer, copywriter e fot\u00f3grafa. Descobriu bem cedo a paix\u00e3o pela arte, pela escrita e pelo mundo. Cresceu em uma fam\u00edlia de mulheres vaidosas e, guiada por elas, encontrou na moda uma forma de express\u00e3o.","sameAs":["https:\/\/www.instagram.com\/tudoplisse","https:\/\/x.com\/https:\/\/twitter.com\/tudoplisse"],"url":"https:\/\/newblogs.correiobraziliense.com.br\/plisse\/author\/marigrigori\/"}]}},"_links":{"self":[{"href":"https:\/\/newblogs.correiobraziliense.com.br\/plisse\/wp-json\/wp\/v2\/posts\/748","targetHints":{"allow":["GET"]}}],"collection":[{"href":"https:\/\/newblogs.correiobraziliense.com.br\/plisse\/wp-json\/wp\/v2\/posts"}],"about":[{"href":"https:\/\/newblogs.correiobraziliense.com.br\/plisse\/wp-json\/wp\/v2\/types\/post"}],"author":[{"embeddable":true,"href":"https:\/\/newblogs.correiobraziliense.com.br\/plisse\/wp-json\/wp\/v2\/users\/3"}],"replies":[{"embeddable":true,"href":"https:\/\/newblogs.correiobraziliense.com.br\/plisse\/wp-json\/wp\/v2\/comments?post=748"}],"version-history":[{"count":1,"href":"https:\/\/newblogs.correiobraziliense.com.br\/plisse\/wp-json\/wp\/v2\/posts\/748\/revisions"}],"predecessor-version":[{"id":753,"href":"https:\/\/newblogs.correiobraziliense.com.br\/plisse\/wp-json\/wp\/v2\/posts\/748\/revisions\/753"}],"wp:featuredmedia":[{"embeddable":true,"href":"https:\/\/newblogs.correiobraziliense.com.br\/plisse\/wp-json\/wp\/v2\/media\/750"}],"wp:attachment":[{"href":"https:\/\/newblogs.correiobraziliense.com.br\/plisse\/wp-json\/wp\/v2\/media?parent=748"}],"wp:term":[{"taxonomy":"category","embeddable":true,"href":"https:\/\/newblogs.correiobraziliense.com.br\/plisse\/wp-json\/wp\/v2\/categories?post=748"},{"taxonomy":"post_tag","embeddable":true,"href":"https:\/\/newblogs.correiobraziliense.com.br\/plisse\/wp-json\/wp\/v2\/tags?post=748"}],"curies":[{"name":"wp","href":"https:\/\/api.w.org\/{rel}","templated":true}]}}