{"id":481,"date":"2024-05-16T02:11:05","date_gmt":"2024-05-16T05:11:05","guid":{"rendered":"https:\/\/newblogs.correiobraziliense.com.br\/plisse\/?p=481"},"modified":"2024-05-16T02:26:45","modified_gmt":"2024-05-16T05:26:45","slug":"bridgerton-veja-o-que-o-elenco-vestiu-na-estreia-da-3-temporada","status":"publish","type":"post","link":"https:\/\/newblogs.correiobraziliense.com.br\/plisse\/bridgerton-veja-o-que-o-elenco-vestiu-na-estreia-da-3-temporada\/","title":{"rendered":"Bridgerton: veja o que o elenco vestiu na estreia da 3\u00aa temporada"},"content":{"rendered":"\n<p>Ansiedade talvez n\u00e3o seja a palavra certa para descrever como estamos neste momento, esperando pelo lan\u00e7amento da nova temporada de <em>Bridgerton<\/em>, que acontecer\u00e1 em poucas horas. <\/p>\n\n\n\n<p>O romance de Colin e Penelope ser\u00e1 o tema principal dos pr\u00f3ximos epis\u00f3dios, que estreiam na Netflix em duas partes: metade hoje (16) e a outra metade em 13 de junho.<\/p>\n\n\n\n<p>Nicola Coughlan, que interpreta a ca\u00e7ula da fam\u00edlia Featherington, contou \u00e0 revista <em>PEOPLE<\/em> que os cap\u00edtulos est\u00e3o repletos de cenas rom\u00e2nticas. &#8220;Houve v\u00e1rios momentos no <em>set<\/em> que filmamos algo e quando olhamos em volta, todo mundo estava com a m\u00e3o no peito, dizendo &#8216;Ai, meu Deus'&#8221;, relatou a atriz.<\/p>\n\n\n\n<p>Por isso, para acalmar nossos nervos pelas pr\u00f3ximas horas, que tal dar uma olhada nos looks dos atores no tapete vermelho da premi\u00e8re, que aconteceu na noite desta segunda-feira (13), em Nova York? Olha s\u00f3:<\/p>\n\n\n\n<p>Vamos come\u00e7ar por quem realmente interessa? Nicola Coughlan usa Danielle Frankel sob medida e j\u00f3ias da Chopard. Estamos de olho neste vestido branco&#8230; ser\u00e1 que vem casamento por ai?<\/p>\n\n\n\n<figure class=\"wp-block-image size-full\"><img loading=\"lazy\" decoding=\"async\" width=\"1024\" height=\"682\" src=\"https:\/\/newblogs.correiobraziliense.com.br\/plisse\/wp-content\/uploads\/sites\/2\/2024\/05\/000_34RK2KR.jpg\" alt=\"Nicola Coughlan na premi\u00e8re da 3\u00aa temporada de Bridgerton\n\" class=\"wp-image-482\" srcset=\"https:\/\/newblogs.correiobraziliense.com.br\/plisse\/wp-content\/uploads\/sites\/2\/2024\/05\/000_34RK2KR.jpg 1024w, https:\/\/newblogs.correiobraziliense.com.br\/plisse\/wp-content\/uploads\/sites\/2\/2024\/05\/000_34RK2KR-300x200.jpg 300w, https:\/\/newblogs.correiobraziliense.com.br\/plisse\/wp-content\/uploads\/sites\/2\/2024\/05\/000_34RK2KR-768x512.jpg 768w\" sizes=\"auto, (max-width: 1024px) 100vw, 1024px\" \/><figcaption class=\"wp-element-caption\">Nicola Coughlan na premi\u00e8re da 3\u00aa temporada de Bridgerton | Foto: ANDREA RENAULT \/ AFP<\/figcaption><\/figure>\n\n\n\n<p>Em segundo lugar, nosso Colin Bridgerton, interpretado pelo ator Luke Newton. Ele veste Versace Fashion Week 24 <em>Ready to Wear<\/em>.<\/p>\n\n\n\n<figure class=\"wp-block-image size-full\"><img loading=\"lazy\" decoding=\"async\" width=\"682\" height=\"1024\" src=\"https:\/\/newblogs.correiobraziliense.com.br\/plisse\/wp-content\/uploads\/sites\/2\/2024\/05\/063_2152820563.jpg\" alt=\"Luke Newton na premi\u00e8re da 3\u00aa temporada de Bridgerton\" class=\"wp-image-483\" style=\"aspect-ratio:2\/3;object-fit:contain\" srcset=\"https:\/\/newblogs.correiobraziliense.com.br\/plisse\/wp-content\/uploads\/sites\/2\/2024\/05\/063_2152820563.jpg 682w, https:\/\/newblogs.correiobraziliense.com.br\/plisse\/wp-content\/uploads\/sites\/2\/2024\/05\/063_2152820563-200x300.jpg 200w\" sizes=\"auto, (max-width: 682px) 100vw, 682px\" \/><figcaption class=\"wp-element-caption\">Luke Newton na premi\u00e8re da 3\u00aa temporada de Bridgerton | Foto: Dimitrios Kambouris \/ GETTY IMAGES NORTH AMERICA \/ Getty Images via AFP<\/figcaption><\/figure>\n\n\n\n<p>Nossa querida Eloise Bridgerton \u00e9 interpretada por Claudia Jessie. A atriz usa um terninho listrado azul c\u00e9u da Stella McCartney. D\u00e1 pra acreditar que ela tem 34 anos?<\/p>\n\n\n\n<figure class=\"wp-block-image size-full is-resized\"><img loading=\"lazy\" decoding=\"async\" width=\"682\" height=\"1024\" src=\"https:\/\/newblogs.correiobraziliense.com.br\/plisse\/wp-content\/uploads\/sites\/2\/2024\/05\/063_2152810916.jpg\" alt=\"Claudia Jessie na premi\u00e8re da 3\u00aa temporada de Bridgerton\" class=\"wp-image-484\" style=\"aspect-ratio:2\/3;object-fit:contain;width:668px;height:auto\" srcset=\"https:\/\/newblogs.correiobraziliense.com.br\/plisse\/wp-content\/uploads\/sites\/2\/2024\/05\/063_2152810916.jpg 682w, https:\/\/newblogs.correiobraziliense.com.br\/plisse\/wp-content\/uploads\/sites\/2\/2024\/05\/063_2152810916-200x300.jpg 200w\" sizes=\"auto, (max-width: 682px) 100vw, 682px\" \/><figcaption class=\"wp-element-caption\">Claudia Jessie na premi\u00e8re da 3\u00aa temporada de Bridgerton | Foto: Jamie McCarthy \/ GETTY IMAGES NORTH AMERICA \/ Getty Images via AFP<\/figcaption><\/figure>\n\n\n\n<p>A viscondessa Kate Sharma brilhou muito no tapete &#8220;azul&#8221; da premi\u00e8re. Simone Ashley usa um vestido sem al\u00e7as, feito de tecido prateado com pedrinhas bordadas, que brilhavam quando a atriz se movia. O modelito \u00e9 da Prada e inspirado no look Versace alta costura que Naomi Campbell usou no MET Gala de 1995.<\/p>\n\n\n\n<figure class=\"wp-block-image size-full\"><img loading=\"lazy\" decoding=\"async\" width=\"682\" height=\"1024\" src=\"https:\/\/newblogs.correiobraziliense.com.br\/plisse\/wp-content\/uploads\/sites\/2\/2024\/05\/000_34RG6CG.jpg\" alt=\"Simone Ashley na premi\u00e8re da 3\u00aa temporada de Bridgerton\" class=\"wp-image-485\" style=\"aspect-ratio:2\/3;object-fit:contain\" srcset=\"https:\/\/newblogs.correiobraziliense.com.br\/plisse\/wp-content\/uploads\/sites\/2\/2024\/05\/000_34RG6CG.jpg 682w, https:\/\/newblogs.correiobraziliense.com.br\/plisse\/wp-content\/uploads\/sites\/2\/2024\/05\/000_34RG6CG-200x300.jpg 200w\" sizes=\"auto, (max-width: 682px) 100vw, 682px\" \/><figcaption class=\"wp-element-caption\">Simone Ashley na premi\u00e8re da 3\u00aa temporada de Bridgerton | Foto: ANDREA RENAULT \/ AFP<\/figcaption><\/figure>\n\n\n\n<p>Nosso amado visconde tamb\u00e9m compareceu \u00e0 estreia para acompanhar sua dama. Jonathan Bailey usa alfaiataria branca da Brioni.<\/p>\n\n\n\n<figure class=\"wp-block-image size-full is-style-default\"><img loading=\"lazy\" decoding=\"async\" width=\"682\" height=\"1024\" src=\"https:\/\/newblogs.correiobraziliense.com.br\/plisse\/wp-content\/uploads\/sites\/2\/2024\/05\/063_2152820507.jpg\" alt=\"Jonathan Bailey na premi\u00e8re da 3\u00aa temporada de Bridgerton\" class=\"wp-image-486\" style=\"aspect-ratio:2\/3;object-fit:contain\" srcset=\"https:\/\/newblogs.correiobraziliense.com.br\/plisse\/wp-content\/uploads\/sites\/2\/2024\/05\/063_2152820507.jpg 682w, https:\/\/newblogs.correiobraziliense.com.br\/plisse\/wp-content\/uploads\/sites\/2\/2024\/05\/063_2152820507-200x300.jpg 200w\" sizes=\"auto, (max-width: 682px) 100vw, 682px\" \/><figcaption class=\"wp-element-caption\">Jonathan Bailey na premi\u00e8re da 3\u00aa temporada de Bridgerton | Foto: Dimitrios Kambouris \/ GETTY IMAGES NORTH AMERICA \/ Getty Images via AFP<\/figcaption><\/figure>\n\n\n\n<p>\u00c9 ela que nos faz sofrer com <em>Grey&#8217;s Anatomy<\/em> e nos faz ficar vidrados em cada segundo de <em>Bridgerton<\/em>. Shonda Rhimes prestigiou a premi\u00e8re em um vestido azul marinho rendado Oscar de la Renta.<\/p>\n\n\n\n<figure class=\"wp-block-image size-full\"><img loading=\"lazy\" decoding=\"async\" width=\"682\" height=\"1024\" src=\"https:\/\/newblogs.correiobraziliense.com.br\/plisse\/wp-content\/uploads\/sites\/2\/2024\/05\/063_2152839072.jpg\" alt=\"Shonda Rhimes na premi\u00e8re da 3\u00aa temporada de Bridgerton\" class=\"wp-image-487\" style=\"aspect-ratio:2\/3;object-fit:contain\" srcset=\"https:\/\/newblogs.correiobraziliense.com.br\/plisse\/wp-content\/uploads\/sites\/2\/2024\/05\/063_2152839072.jpg 682w, https:\/\/newblogs.correiobraziliense.com.br\/plisse\/wp-content\/uploads\/sites\/2\/2024\/05\/063_2152839072-200x300.jpg 200w\" sizes=\"auto, (max-width: 682px) 100vw, 682px\" \/><figcaption class=\"wp-element-caption\">Shonda Rhimes na premi\u00e8re da 3\u00aa temporada de Bridgerton | Foto: Dimitrios Kambouris \/ GETTY IMAGES NORTH AMERICA \/ Getty Images via AFP<\/figcaption><\/figure>\n\n\n\n<p>A atriz que interpreta Philippa Featherington, Harriet Cains, escolheu uma visual dram\u00e1tico e punk para combinar com o vestido preto Dior, criado por Maria Grazia Chiuri.<\/p>\n\n\n\n<figure class=\"wp-block-image size-full\"><img loading=\"lazy\" decoding=\"async\" width=\"682\" height=\"1024\" src=\"https:\/\/newblogs.correiobraziliense.com.br\/plisse\/wp-content\/uploads\/sites\/2\/2024\/05\/000_34RG6C4.jpg\" alt=\"Harriet Cains na premi\u00e8re da 3\u00aa temporada de Bridgerton\" class=\"wp-image-495\" style=\"aspect-ratio:2\/3;object-fit:contain\" srcset=\"https:\/\/newblogs.correiobraziliense.com.br\/plisse\/wp-content\/uploads\/sites\/2\/2024\/05\/000_34RG6C4.jpg 682w, https:\/\/newblogs.correiobraziliense.com.br\/plisse\/wp-content\/uploads\/sites\/2\/2024\/05\/000_34RG6C4-200x300.jpg 200w\" sizes=\"auto, (max-width: 682px) 100vw, 682px\" \/><figcaption class=\"wp-element-caption\">Harriet Cains na premi\u00e8re da 3\u00aa temporada de Bridgerton | Foto: ANDREA RENAULT \/ AFP<\/figcaption><\/figure>\n\n\n\n<p>A matriarca viscondessa Violet Bridgerton manteve o look simples com um vestido preto de mangas brilhantes e penas.<\/p>\n\n\n\n<figure class=\"wp-block-image size-full\"><img loading=\"lazy\" decoding=\"async\" width=\"682\" height=\"1024\" src=\"https:\/\/newblogs.correiobraziliense.com.br\/plisse\/wp-content\/uploads\/sites\/2\/2024\/05\/000_34RG6CH.jpg\" alt=\"Ruth Gemmel na premi\u00e8re da 3\u00aa temporada de Bridgerton\" class=\"wp-image-500\" style=\"aspect-ratio:2\/3;object-fit:contain\" srcset=\"https:\/\/newblogs.correiobraziliense.com.br\/plisse\/wp-content\/uploads\/sites\/2\/2024\/05\/000_34RG6CH.jpg 682w, https:\/\/newblogs.correiobraziliense.com.br\/plisse\/wp-content\/uploads\/sites\/2\/2024\/05\/000_34RG6CH-200x300.jpg 200w\" sizes=\"auto, (max-width: 682px) 100vw, 682px\" \/><figcaption class=\"wp-element-caption\">Ruth Gemmel na premi\u00e8re da 3\u00aa temporada de Bridgerton | Foto: ANDREA RENAULT \/ AFP<\/figcaption><\/figure>\n\n\n\n<p>J\u00e1 a ca\u00e7ula, Hyacinth, tamb\u00e9m quis manter o look preto, mas nada b\u00e1sico. Ela escolheu um modelo estruturado com uma abertura em renda.<\/p>\n\n\n\n<figure class=\"wp-block-image size-full\"><img loading=\"lazy\" decoding=\"async\" width=\"718\" height=\"1024\" src=\"https:\/\/newblogs.correiobraziliense.com.br\/plisse\/wp-content\/uploads\/sites\/2\/2024\/05\/000_34RG6CJ.jpg\" alt=\"Florence Hunt na premi\u00e8re da 3\u00aa temporada de Bridgerton\" class=\"wp-image-501\" style=\"aspect-ratio:2\/3;object-fit:contain\" srcset=\"https:\/\/newblogs.correiobraziliense.com.br\/plisse\/wp-content\/uploads\/sites\/2\/2024\/05\/000_34RG6CJ.jpg 718w, https:\/\/newblogs.correiobraziliense.com.br\/plisse\/wp-content\/uploads\/sites\/2\/2024\/05\/000_34RG6CJ-210x300.jpg 210w\" sizes=\"auto, (max-width: 718px) 100vw, 718px\" \/><figcaption class=\"wp-element-caption\">Florence Hunt na premi\u00e8re da 3\u00aa temporada de Bridgerton | Foto: ANDREA RENAULT \/ AFP<\/figcaption><\/figure>\n\n\n\n<p>Vil\u00e3 estilosa! Jessica Madsen, que interpreta Cressida Cowper na s\u00e9rie, usa um vestido Shushu Tong Fashion Week 24 <em>Ready To Wear<\/em>. Pelos trailers, parece que ela vai ganhar mais tempo de tela nessa nova temporada.<\/p>\n\n\n\n<figure class=\"wp-block-image size-full is-resized\"><img loading=\"lazy\" decoding=\"async\" width=\"682\" height=\"1024\" src=\"https:\/\/newblogs.correiobraziliense.com.br\/plisse\/wp-content\/uploads\/sites\/2\/2024\/05\/000_34RK2LD.jpg\" alt=\"Jessica Madsen na premi\u00e8re da 3\u00aa temporada de Bridgerton\" class=\"wp-image-502\" style=\"aspect-ratio:2\/3;object-fit:contain;width:841px;height:auto\" srcset=\"https:\/\/newblogs.correiobraziliense.com.br\/plisse\/wp-content\/uploads\/sites\/2\/2024\/05\/000_34RK2LD.jpg 682w, https:\/\/newblogs.correiobraziliense.com.br\/plisse\/wp-content\/uploads\/sites\/2\/2024\/05\/000_34RK2LD-200x300.jpg 200w\" sizes=\"auto, (max-width: 682px) 100vw, 682px\" \/><figcaption class=\"wp-element-caption\">Jessica Madsen na premi\u00e8re da 3\u00aa temporada de Bridgerton | Foto: ANDREA RENAULT \/ AFP<\/figcaption><\/figure>\n\n\n\n<p>Ser\u00e1 que Prudence vai encontrar um amor nos pr\u00f3ximos epis\u00f3dios? Para a premi\u00e8re, a atriz que a interpreta, Bessie Carter, escolheu um vestido escultural preto.<\/p>\n\n\n\n<figure class=\"wp-block-image size-full\"><img loading=\"lazy\" decoding=\"async\" width=\"682\" height=\"1024\" src=\"https:\/\/newblogs.correiobraziliense.com.br\/plisse\/wp-content\/uploads\/sites\/2\/2024\/05\/000_34RG6BM.jpg\" alt=\"Bessie Carter na premi\u00e8re da 3\u00aa temporada de Bridgerton\" class=\"wp-image-503\" style=\"aspect-ratio:2\/3;object-fit:contain\" srcset=\"https:\/\/newblogs.correiobraziliense.com.br\/plisse\/wp-content\/uploads\/sites\/2\/2024\/05\/000_34RG6BM.jpg 682w, https:\/\/newblogs.correiobraziliense.com.br\/plisse\/wp-content\/uploads\/sites\/2\/2024\/05\/000_34RG6BM-200x300.jpg 200w\" sizes=\"auto, (max-width: 682px) 100vw, 682px\" \/><figcaption class=\"wp-element-caption\">Bessie Carter na premi\u00e8re da 3\u00aa temporada de Bridgerton | Foto: ANDREA RENAULT \/ AFP<\/figcaption><\/figure>\n\n\n\n<p>Estamos animados para ver um rosto novo nas telas. A atriz que interpretar\u00e1 Francesca na terceira temporada \u00e9 Hannah Dodd. Ela escolheu um vestido de peplum preto e azul c\u00e9u para a sua estreia em <em>Bridgerton<\/em>.<\/p>\n\n\n\n<figure class=\"wp-block-image size-full\"><img loading=\"lazy\" decoding=\"async\" width=\"682\" height=\"1024\" src=\"https:\/\/newblogs.correiobraziliense.com.br\/plisse\/wp-content\/uploads\/sites\/2\/2024\/05\/063_2152828055.jpg\" alt=\"Hannah Dodd na premi\u00e8re da 3\u00aa temporada de Bridgerton\" class=\"wp-image-504\" style=\"aspect-ratio:2\/3;object-fit:contain\" srcset=\"https:\/\/newblogs.correiobraziliense.com.br\/plisse\/wp-content\/uploads\/sites\/2\/2024\/05\/063_2152828055.jpg 682w, https:\/\/newblogs.correiobraziliense.com.br\/plisse\/wp-content\/uploads\/sites\/2\/2024\/05\/063_2152828055-200x300.jpg 200w\" sizes=\"auto, (max-width: 682px) 100vw, 682px\" \/><figcaption class=\"wp-element-caption\">Hannah Dodd na premi\u00e8re da 3\u00aa temporada de Bridgerton | Foto: Jamie McCarthy \/ GETTY IMAGES NORTH AMERICA \/ Getty Images via AFP<\/figcaption><\/figure>\n\n\n\n<p>O pequeno (n\u00e3o mais t\u00e3o pequeno assim) Gregory escolheu um conjunto de alfaiataria brilhante da Amiri para a estreia da nova temporada.<\/p>\n\n\n\n<figure class=\"wp-block-image size-full\"><img loading=\"lazy\" decoding=\"async\" width=\"682\" height=\"1024\" src=\"https:\/\/newblogs.correiobraziliense.com.br\/plisse\/wp-content\/uploads\/sites\/2\/2024\/05\/063_2152821818.jpg\" alt=\"Will Tilston na premi\u00e8re da 3\u00aa temporada de Bridgerton\" class=\"wp-image-505\" style=\"aspect-ratio:2\/3;object-fit:contain\" srcset=\"https:\/\/newblogs.correiobraziliense.com.br\/plisse\/wp-content\/uploads\/sites\/2\/2024\/05\/063_2152821818.jpg 682w, https:\/\/newblogs.correiobraziliense.com.br\/plisse\/wp-content\/uploads\/sites\/2\/2024\/05\/063_2152821818-200x300.jpg 200w\" sizes=\"auto, (max-width: 682px) 100vw, 682px\" \/><figcaption class=\"wp-element-caption\">Will Tilston na premi\u00e8re da 3\u00aa temporada de Bridgerton | Foto: Jamie McCarthy \/ GETTY IMAGES NORTH AMERICA \/ Getty Images via AFP<\/figcaption><\/figure>\n\n\n\n<p>E a\u00ed, qual foi o seu favorito? <\/p>\n","protected":false},"excerpt":{"rendered":"<p>A estreia aconteceu em Nova York na segunda (13) e contou com grande parte do elenco de Bridgerton <\/p>\n","protected":false},"author":3,"featured_media":506,"comment_status":"closed","ping_status":"open","sticky":false,"template":"","format":"standard","meta":{"_acf_changed":false,"inline_featured_image":false,"footnotes":""},"categories":[24,4,47],"tags":[48,33,10,50,49],"class_list":["post-481","post","type-post","status-publish","format-standard","has-post-thumbnail","hentry","category-cinema","category-moda","category-series","tag-bridgerton","tag-looks","tag-moda","tag-premiere","tag-tapete-vermelho"],"acf":[],"yoast_head":"<!-- This site is optimized with the Yoast SEO plugin v27.3 - https:\/\/yoast.com\/product\/yoast-seo-wordpress\/ -->\n<title>Bridgerton: veja o que o elenco vestiu na estreia da 3\u00aa temporada | Pliss\u00ea<\/title>\n<meta name=\"description\" content=\"A estreia aconteceu em Nova York na segunda (13) e contou com grande parte do elenco de Bridgerton\" \/>\n<meta name=\"robots\" content=\"index, follow, max-snippet:-1, max-image-preview:large, max-video-preview:-1\" \/>\n<link rel=\"canonical\" href=\"https:\/\/newblogs.correiobraziliense.com.br\/plisse\/bridgerton-veja-o-que-o-elenco-vestiu-na-estreia-da-3-temporada\/\" \/>\n<meta property=\"og:locale\" content=\"pt_BR\" \/>\n<meta property=\"og:type\" content=\"article\" \/>\n<meta property=\"og:title\" content=\"Bridgerton: veja o que o elenco vestiu na estreia da 3\u00aa temporada | Pliss\u00ea\" \/>\n<meta property=\"og:description\" content=\"A estreia aconteceu em Nova York na segunda (13) e contou com grande parte do elenco de Bridgerton\" \/>\n<meta property=\"og:url\" content=\"https:\/\/newblogs.correiobraziliense.com.br\/plisse\/bridgerton-veja-o-que-o-elenco-vestiu-na-estreia-da-3-temporada\/\" \/>\n<meta property=\"og:site_name\" content=\"Pliss\u00ea\" \/>\n<meta property=\"article:published_time\" content=\"2024-05-16T05:11:05+00:00\" \/>\n<meta property=\"article:modified_time\" content=\"2024-05-16T05:26:45+00:00\" \/>\n<meta property=\"og:image\" content=\"https:\/\/newblogs.correiobraziliense.com.br\/plisse\/wp-content\/uploads\/sites\/2\/2024\/05\/000_34RG6BR.jpg\" \/>\n\t<meta property=\"og:image:width\" content=\"1024\" \/>\n\t<meta property=\"og:image:height\" content=\"681\" \/>\n\t<meta property=\"og:image:type\" content=\"image\/jpeg\" \/>\n<meta name=\"author\" content=\"Mari Campos\" \/>\n<!-- \/ Yoast SEO plugin. -->","yoast_head_json":{"title":"Bridgerton: veja o que o elenco vestiu na estreia da 3\u00aa temporada | Pliss\u00ea","description":"A estreia aconteceu em Nova York na segunda (13) e contou com grande parte do elenco de Bridgerton","robots":{"index":"index","follow":"follow","max-snippet":"max-snippet:-1","max-image-preview":"max-image-preview:large","max-video-preview":"max-video-preview:-1"},"canonical":"https:\/\/newblogs.correiobraziliense.com.br\/plisse\/bridgerton-veja-o-que-o-elenco-vestiu-na-estreia-da-3-temporada\/","og_locale":"pt_BR","og_type":"article","og_title":"Bridgerton: veja o que o elenco vestiu na estreia da 3\u00aa temporada | Pliss\u00ea","og_description":"A estreia aconteceu em Nova York na segunda (13) e contou com grande parte do elenco de Bridgerton","og_url":"https:\/\/newblogs.correiobraziliense.com.br\/plisse\/bridgerton-veja-o-que-o-elenco-vestiu-na-estreia-da-3-temporada\/","og_site_name":"Pliss\u00ea","article_published_time":"2024-05-16T05:11:05+00:00","article_modified_time":"2024-05-16T05:26:45+00:00","og_image":[{"width":1024,"height":681,"url":"https:\/\/newblogs.correiobraziliense.com.br\/plisse\/wp-content\/uploads\/sites\/2\/2024\/05\/000_34RG6BR.jpg","type":"image\/jpeg"}],"author":"Mari Campos","schema":{"@context":"https:\/\/schema.org","@graph":[{"@type":"NewsArticle","@id":"https:\/\/newblogs.correiobraziliense.com.br\/plisse\/bridgerton-veja-o-que-o-elenco-vestiu-na-estreia-da-3-temporada\/#article","isPartOf":{"@id":"https:\/\/newblogs.correiobraziliense.com.br\/plisse\/bridgerton-veja-o-que-o-elenco-vestiu-na-estreia-da-3-temporada\/"},"author":{"name":"Mari Campos","@id":"https:\/\/newblogs.correiobraziliense.com.br\/plisse\/#\/schema\/person\/034a91d15218c7cb6c74eb17ad3488fc"},"headline":"Bridgerton: veja o que o elenco vestiu na estreia da 3\u00aa temporada","datePublished":"2024-05-16T05:11:05+00:00","dateModified":"2024-05-16T05:26:45+00:00","mainEntityOfPage":{"@id":"https:\/\/newblogs.correiobraziliense.com.br\/plisse\/bridgerton-veja-o-que-o-elenco-vestiu-na-estreia-da-3-temporada\/"},"wordCount":756,"image":{"@id":"https:\/\/newblogs.correiobraziliense.com.br\/plisse\/bridgerton-veja-o-que-o-elenco-vestiu-na-estreia-da-3-temporada\/#primaryimage"},"thumbnailUrl":"https:\/\/newblogs.correiobraziliense.com.br\/plisse\/wp-content\/uploads\/sites\/2\/2024\/05\/000_34RG6BR.jpg","keywords":["Bridgerton","looks","Moda","Premi\u00e8re","Tapete Vermelho"],"articleSection":["Cinema","Moda","S\u00e9ries"],"inLanguage":"pt-BR"},{"@type":"WebPage","@id":"https:\/\/newblogs.correiobraziliense.com.br\/plisse\/bridgerton-veja-o-que-o-elenco-vestiu-na-estreia-da-3-temporada\/","url":"https:\/\/newblogs.correiobraziliense.com.br\/plisse\/bridgerton-veja-o-que-o-elenco-vestiu-na-estreia-da-3-temporada\/","name":"Bridgerton: veja o que o elenco vestiu na estreia da 3\u00aa temporada | Pliss\u00ea","isPartOf":{"@id":"https:\/\/newblogs.correiobraziliense.com.br\/plisse\/#website"},"primaryImageOfPage":{"@id":"https:\/\/newblogs.correiobraziliense.com.br\/plisse\/bridgerton-veja-o-que-o-elenco-vestiu-na-estreia-da-3-temporada\/#primaryimage"},"image":{"@id":"https:\/\/newblogs.correiobraziliense.com.br\/plisse\/bridgerton-veja-o-que-o-elenco-vestiu-na-estreia-da-3-temporada\/#primaryimage"},"thumbnailUrl":"https:\/\/newblogs.correiobraziliense.com.br\/plisse\/wp-content\/uploads\/sites\/2\/2024\/05\/000_34RG6BR.jpg","datePublished":"2024-05-16T05:11:05+00:00","dateModified":"2024-05-16T05:26:45+00:00","author":{"@id":"https:\/\/newblogs.correiobraziliense.com.br\/plisse\/#\/schema\/person\/034a91d15218c7cb6c74eb17ad3488fc"},"description":"A estreia aconteceu em Nova York na segunda (13) e contou com grande parte do elenco de Bridgerton","breadcrumb":{"@id":"https:\/\/newblogs.correiobraziliense.com.br\/plisse\/bridgerton-veja-o-que-o-elenco-vestiu-na-estreia-da-3-temporada\/#breadcrumb"},"inLanguage":"pt-BR","potentialAction":[{"@type":"ReadAction","target":["https:\/\/newblogs.correiobraziliense.com.br\/plisse\/bridgerton-veja-o-que-o-elenco-vestiu-na-estreia-da-3-temporada\/"]}]},{"@type":"ImageObject","inLanguage":"pt-BR","@id":"https:\/\/newblogs.correiobraziliense.com.br\/plisse\/bridgerton-veja-o-que-o-elenco-vestiu-na-estreia-da-3-temporada\/#primaryimage","url":"https:\/\/newblogs.correiobraziliense.com.br\/plisse\/wp-content\/uploads\/sites\/2\/2024\/05\/000_34RG6BR.jpg","contentUrl":"https:\/\/newblogs.correiobraziliense.com.br\/plisse\/wp-content\/uploads\/sites\/2\/2024\/05\/000_34RG6BR.jpg","width":1024,"height":681,"caption":"Nicola Coughlan e Luke Newton interpretam as personagens principais da nova temporada da s\u00e9rie | Foto: ANDREA RENAULT \/ AFP"},{"@type":"BreadcrumbList","@id":"https:\/\/newblogs.correiobraziliense.com.br\/plisse\/bridgerton-veja-o-que-o-elenco-vestiu-na-estreia-da-3-temporada\/#breadcrumb","itemListElement":[{"@type":"ListItem","position":1,"name":"In\u00edcio","item":"https:\/\/newblogs.correiobraziliense.com.br\/plisse\/"},{"@type":"ListItem","position":2,"name":"Bridgerton: veja o que o elenco vestiu na estreia da 3\u00aa temporada"}]},{"@type":"WebSite","@id":"https:\/\/newblogs.correiobraziliense.com.br\/plisse\/#website","url":"https:\/\/newblogs.correiobraziliense.com.br\/plisse\/","name":"Pliss\u00ea","description":"Moda","potentialAction":[{"@type":"SearchAction","target":{"@type":"EntryPoint","urlTemplate":"https:\/\/newblogs.correiobraziliense.com.br\/plisse\/?s={search_term_string}"},"query-input":{"@type":"PropertyValueSpecification","valueRequired":true,"valueName":"search_term_string"}}],"inLanguage":"pt-BR"},{"@type":"Person","@id":"https:\/\/newblogs.correiobraziliense.com.br\/plisse\/#\/schema\/person\/034a91d15218c7cb6c74eb17ad3488fc","name":"Mari Campos","image":{"@type":"ImageObject","inLanguage":"pt-BR","@id":"https:\/\/secure.gravatar.com\/avatar\/574566760c17ba254c49a1164986f2710cce41e8728abe631bdfd696aa0f042e?s=96&d=mm&r=g","url":"https:\/\/secure.gravatar.com\/avatar\/574566760c17ba254c49a1164986f2710cce41e8728abe631bdfd696aa0f042e?s=96&d=mm&r=g","contentUrl":"https:\/\/secure.gravatar.com\/avatar\/574566760c17ba254c49a1164986f2710cce41e8728abe631bdfd696aa0f042e?s=96&d=mm&r=g","caption":"Mari Campos"},"description":"Publicit\u00e1ria formada pelo CEUB, j\u00e1 trabalhou como designer, copywriter e fot\u00f3grafa. Descobriu bem cedo a paix\u00e3o pela arte, pela escrita e pelo mundo. Cresceu em uma fam\u00edlia de mulheres vaidosas e, guiada por elas, encontrou na moda uma forma de express\u00e3o.","sameAs":["https:\/\/www.instagram.com\/tudoplisse","https:\/\/x.com\/https:\/\/twitter.com\/tudoplisse"],"url":"https:\/\/newblogs.correiobraziliense.com.br\/plisse\/author\/marigrigori\/"}]}},"_links":{"self":[{"href":"https:\/\/newblogs.correiobraziliense.com.br\/plisse\/wp-json\/wp\/v2\/posts\/481","targetHints":{"allow":["GET"]}}],"collection":[{"href":"https:\/\/newblogs.correiobraziliense.com.br\/plisse\/wp-json\/wp\/v2\/posts"}],"about":[{"href":"https:\/\/newblogs.correiobraziliense.com.br\/plisse\/wp-json\/wp\/v2\/types\/post"}],"author":[{"embeddable":true,"href":"https:\/\/newblogs.correiobraziliense.com.br\/plisse\/wp-json\/wp\/v2\/users\/3"}],"replies":[{"embeddable":true,"href":"https:\/\/newblogs.correiobraziliense.com.br\/plisse\/wp-json\/wp\/v2\/comments?post=481"}],"version-history":[{"count":19,"href":"https:\/\/newblogs.correiobraziliense.com.br\/plisse\/wp-json\/wp\/v2\/posts\/481\/revisions"}],"predecessor-version":[{"id":518,"href":"https:\/\/newblogs.correiobraziliense.com.br\/plisse\/wp-json\/wp\/v2\/posts\/481\/revisions\/518"}],"wp:featuredmedia":[{"embeddable":true,"href":"https:\/\/newblogs.correiobraziliense.com.br\/plisse\/wp-json\/wp\/v2\/media\/506"}],"wp:attachment":[{"href":"https:\/\/newblogs.correiobraziliense.com.br\/plisse\/wp-json\/wp\/v2\/media?parent=481"}],"wp:term":[{"taxonomy":"category","embeddable":true,"href":"https:\/\/newblogs.correiobraziliense.com.br\/plisse\/wp-json\/wp\/v2\/categories?post=481"},{"taxonomy":"post_tag","embeddable":true,"href":"https:\/\/newblogs.correiobraziliense.com.br\/plisse\/wp-json\/wp\/v2\/tags?post=481"}],"curies":[{"name":"wp","href":"https:\/\/api.w.org\/{rel}","templated":true}]}}