{"id":3959,"date":"2026-09-04T15:22:01","date_gmt":"2026-09-04T18:22:01","guid":{"rendered":"https:\/\/newblogs.correiobraziliense.com.br\/multieixos\/?p=3959"},"modified":"2026-09-04T15:22:23","modified_gmt":"2026-09-04T18:22:23","slug":"guerra-de-preco-dos-0km-derruba-o-dos-semimovos-em-21","status":"publish","type":"post","link":"https:\/\/newblogs.correiobraziliense.com.br\/multieixos\/2026\/09\/04\/guerra-de-preco-dos-0km-derruba-o-dos-semimovos-em-21\/","title":{"rendered":"Guerra de pre\u00e7o dos 0km derruba o dos semimovos em 21%"},"content":{"rendered":"\n<p>A insana guerra de pre\u00e7os no mercado de carros 0km come\u00e7a a produzir um efeito colateral para concession\u00e1rias e lojistas: a r\u00e1pida desvaloriza\u00e7\u00e3o de ve\u00edculos seminovos mantidos em estoque. Dados apresentados pela Auto Avaliar mostram que os pre\u00e7os efetivamente negociados no mercado B2B (empresa para empresa) de autom\u00f3veis com at\u00e9 tr\u00eas anos de uso recuaram 9,3% entre janeiro e junho, enquanto a tabela Fipe caiu apenas 2,4% no mesmo per\u00edodo. Para o consumidor comum, \u00e9 excelente; para os revendedores, nem tanto.<\/p>\n\n\n\n<p>Por exemplo: em alguns modelos, a perda foi ainda mais acentuada. Levantamento da companhia aponta quedas superiores a 20% nos valores negociados de modelos tradicionalmente l\u00edquidos, como Corolla 2025 (-21,2%), T-Cross 2025 (-20,9%) e HR-V 2025 (-20%). Nivus, Corolla Cross, Yaris e SW4 tamb\u00e9m aparecem entre os ve\u00edculos que mais perderam valor no primeiro semestre.<\/p>\n\n\n\n<p>O movimento ocorre em meio \u00e0 intensifica\u00e7\u00e3o das promo\u00e7\u00f5es no mercado de ve\u00edculos novos. Entre maio e agosto, montadoras anunciaram descontos, b\u00f4nus e reposicionamentos de pre\u00e7os que chegaram a R$ 55 mil no Mitsubishi Outlander PHEV, R$ 50 mil no Suzuki e-Vitara, R$ 38,5 mil no Fiat Fastback Hybrid e R$ 28,5 mil no BYD Song Pro. Marcas tradicionais tamb\u00e9m entraram na disputa, com redu\u00e7\u00f5es e condi\u00e7\u00f5es comerciais envolvendo modelos como Hyundai Creta, Jeep Compass, Volkswagen T-Cross e Nivus.<\/p>\n\n\n\n<p>\u201cO carro n\u00e3o precisa sair da garagem para perder valor. Quando uma montadora reduz significativamente o pre\u00e7o do 0km ou lan\u00e7a uma condi\u00e7\u00e3o agressiva de financiamento, ela cria imediatamente uma nova refer\u00eancia para o consumidor. O seminovo que estava precificado com base no cen\u00e1rio anterior passa a carregar um risco de capital\u201d, afirma Geraldo Victorazzo, vice-presidente da Auto Avaliar.<\/p>\n\n\n\n<p><strong>Conta do usado<\/strong><\/p>\n\n\n\n<p>A press\u00e3o fica mais clara quando se compara o custo efetivo de aquisi\u00e7\u00e3o de um carro novo promocionado com o de um seminovo recente. Em uma simula\u00e7\u00e3o apresentada pela Auto Avaliar, um Jeep Compass Sport 0km, com pre\u00e7o p\u00fablico de R$ 174 mil, \u00e9 negociado por R$ 147 mil ap\u00f3s desconto de R$ 27 mil. Considerando um ve\u00edculo usado de R$ 88 mil na troca, restariam R$ 59 mil para financiamento em 30 parcelas sem juros.&nbsp;<\/p>\n\n\n\n<p>J\u00e1 um Volkswagen Taos Comfortline 2025 seminovo, com pre\u00e7o m\u00e9dio de R$ 164 mil e negociado por R$ 159 mil, exigiria financiamento de R$ 71 mil. A uma taxa de 1,6% ao m\u00eas, o custo total da compra chegaria a R$ 177.954. No exemplo, o seminovo terminaria R$ 30.954 mais caro que o 0km, al\u00e9m de ter uma parcela cerca de 50% maior.<\/p>\n\n\n\n<p>\u201cQuando o consumidor percebe que consegue levar um 0km pagando menos ou com uma condi\u00e7\u00e3o financeira muito melhor, o pre\u00e7o do seminovo precisa reagir. O problema \u00e9 que a concession\u00e1ria pode ter comprado aquele carro semanas antes, usando uma refer\u00eancia de mercado que j\u00e1 deixou de existir\u201d, explica Victorazzo.<\/p>\n\n\n\n<p><strong>Antes da tabela<\/strong><\/p>\n\n\n\n<p>Um dos principais alertas da Auto Avaliar \u00e9 justamente a velocidade dessa mudan\u00e7a. Dados da companhia mostram que o pre\u00e7o m\u00e9dio transacional dos ve\u00edculos 0km caiu 3,5% entre 2025 e junho de 2026, enquanto o pre\u00e7o p\u00fablico recuou 1,5%. Para a empresa, isso indica que descontos e condi\u00e7\u00f5es efetivamente praticados nas lojas antecipam movimentos que demoram mais para aparecer nas refer\u00eancias tradicionais de pre\u00e7o.<\/p>\n\n\n\n<p>O risco aumenta porque o capital permanece imobilizado enquanto o ve\u00edculo espera comprador. Estudo citado na apresenta\u00e7\u00e3o aponta giro m\u00e9dio de 36 dias para ve\u00edculos usados, margem bruta m\u00e9dia de 10,1% e ticket m\u00e9dio de R$ 89.781. Nesse intervalo, uma nova promo\u00e7\u00e3o de montadora ou mudan\u00e7a nas condi\u00e7\u00f5es de financiamento pode alterar novamente o valor de mercado do autom\u00f3vel.<\/p>\n\n\n\n<p>\u201cDurante muito tempo, a preocupa\u00e7\u00e3o principal do lojista foi proteger a margem. Em um mercado no qual os pre\u00e7os mudam rapidamente, \u00e9 preciso proteger primeiro o capital. Uma margem aparentemente boa pode desaparecer se o ve\u00edculo permanecer no estoque durante uma nova rodada de descontos\u201d, diz o executivo.<\/p>\n\n\n\n<p><strong>Entrada das chinesas&nbsp;<\/strong><\/p>\n\n\n\n<p>A disputa tende a permanecer intensa. Em julho, marcas chinesas responderam por 22,8% do mercado no m\u00eas, com 60,5 mil unidades. Ve\u00edculos provenientes da China tamb\u00e9m representaram 52,4% dos importados, enquanto as marcas j\u00e1 somavam 1.360 pontos de venda, equivalentes a 16,2% da rede considerada no levantamento.<\/p>\n\n\n\n<p>Ao mesmo tempo, o mercado de usados continua movimentando volumes elevados. Entre janeiro e julho de 2026, foram negociados 7,9 milh\u00f5es de autom\u00f3veis e comerciais leves usados, uma rela\u00e7\u00e3o de 4,88 usados para cada ve\u00edculo novo vendido.<\/p>\n\n\n\n<p>Para a Auto Avaliar, o cen\u00e1rio n\u00e3o significa que as concession\u00e1rias devam deixar de comprar determinados modelos, mas que a decis\u00e3o precisa incorporar velocidade de desvaloriza\u00e7\u00e3o, liquidez e prazo esperado de venda. A companhia defende quatro frentes para reduzir a exposi\u00e7\u00e3o: comprar pelo pre\u00e7o correto, reprecificar rapidamente, acelerar o giro e aumentar a rentabilidade de cada cliente com uma boa estrat\u00e9gia de F&amp;I na venda de ve\u00edculos.&nbsp; O modelo prev\u00ea que, j\u00e1 na entrada do ve\u00edculo, o lojista estabele\u00e7a teto de compra, canal prov\u00e1vel de sa\u00edda e prazo m\u00e1ximo de perman\u00eancia no estoque.<\/p>\n\n\n\n<p>A tecnologia tamb\u00e9m passa a ter papel nessa estrat\u00e9gia. A Auto Avaliar utiliza dados de mercado e intelig\u00eancia artificial para recomendar a\u00e7\u00f5es como manter, reprecificar ou acelerar a sa\u00edda de determinados ve\u00edculos, mantendo a decis\u00e3o final sob responsabilidade do gestor.&nbsp; \u201cO melhor momento para definir como sair de um carro \u00e9 quando ele entra no estoque. Em um mercado est\u00e1vel, esperar algumas semanas para corrigir pre\u00e7o pode custar margem. Em uma guerra de pre\u00e7os, pode custar capital\u201d, refor\u00e7a Victorazzo.<\/p>\n","protected":false},"excerpt":{"rendered":"<p>Estudo da Auto Avaliar mostra que valores praticados no mercado B2B de ve\u00edculos de at\u00e9 tr\u00eas anos ca\u00edram 9,3% no primeiro semestre, quase quatro vezes a queda da Fipe. As maiores quedas s\u00e3o do Corolla 2025 (-21,2%), T-Cross 2025 (-20,9%) e HR-V 2025 (-20%)<\/p>\n","protected":false},"author":20,"featured_media":3960,"comment_status":"closed","ping_status":"open","sticky":true,"template":"","format":"standard","meta":{"_acf_changed":false,"inline_featured_image":false,"footnotes":""},"categories":[8,84],"tags":[402,6,10,97,35,96],"class_list":["post-3959","post","type-post","status-publish","format-standard","has-post-thumbnail","hentry","category-carros","category-mercado","tag-auto-avaliar","tag-carros","tag-precos","tag-seminovos","tag-servicos","tag-usados"],"acf":[],"yoast_head":"<!-- This site is optimized with the Yoast SEO plugin v28.1 - https:\/\/yoast.com\/product\/yoast-seo-wordpress\/ -->\n<title>Guerra de pre\u00e7o dos 0km derruba o dos semimovos em 21% - Multieixos com Renato Ferraz<\/title>\n<meta name=\"robots\" content=\"index, follow, max-snippet:-1, max-image-preview:large, max-video-preview:-1\" \/>\n<link rel=\"canonical\" href=\"https:\/\/newblogs.correiobraziliense.com.br\/multieixos\/2026\/09\/04\/guerra-de-preco-dos-0km-derruba-o-dos-semimovos-em-21\/\" \/>\n<meta property=\"og:locale\" content=\"pt_BR\" \/>\n<meta property=\"og:type\" content=\"article\" \/>\n<meta property=\"og:title\" content=\"Guerra de pre\u00e7o dos 0km derruba o dos semimovos em 21% - Multieixos com Renato Ferraz\" \/>\n<meta property=\"og:description\" content=\"Estudo da Auto Avaliar mostra que valores praticados no mercado B2B de ve\u00edculos de at\u00e9 tr\u00eas anos ca\u00edram 9,3% no primeiro semestre, quase quatro vezes a queda da Fipe. As maiores quedas s\u00e3o do Corolla 2025 (-21,2%), T-Cross 2025 (-20,9%) e HR-V 2025 (-20%)\" \/>\n<meta property=\"og:url\" content=\"https:\/\/newblogs.correiobraziliense.com.br\/multieixos\/2026\/09\/04\/guerra-de-preco-dos-0km-derruba-o-dos-semimovos-em-21\/\" \/>\n<meta property=\"og:site_name\" content=\"Multieixos com Renato Ferraz\" \/>\n<meta property=\"article:author\" content=\"https:\/\/www.facebook.com\/profile.php?id=100092255591956\" \/>\n<meta property=\"article:published_time\" content=\"2026-09-04T18:22:01+00:00\" \/>\n<meta property=\"article:modified_time\" content=\"2026-09-04T18:22:23+00:00\" \/>\n<meta property=\"og:image\" content=\"https:\/\/newblogs.correiobraziliense.com.br\/multieixos\/wp-content\/uploads\/sites\/6\/2026\/09\/Venda-de-seminovos.jpg\" \/>\n\t<meta property=\"og:image:width\" content=\"1408\" \/>\n\t<meta property=\"og:image:height\" content=\"768\" \/>\n\t<meta property=\"og:image:type\" content=\"image\/jpeg\" \/>\n<meta name=\"author\" content=\"Renato Ferraz\" \/>\n<!-- \/ Yoast SEO plugin. -->","yoast_head_json":{"title":"Guerra de pre\u00e7o dos 0km derruba o dos semimovos em 21% - Multieixos com Renato Ferraz","robots":{"index":"index","follow":"follow","max-snippet":"max-snippet:-1","max-image-preview":"max-image-preview:large","max-video-preview":"max-video-preview:-1"},"canonical":"https:\/\/newblogs.correiobraziliense.com.br\/multieixos\/2026\/09\/04\/guerra-de-preco-dos-0km-derruba-o-dos-semimovos-em-21\/","og_locale":"pt_BR","og_type":"article","og_title":"Guerra de pre\u00e7o dos 0km derruba o dos semimovos em 21% - Multieixos com Renato Ferraz","og_description":"Estudo da Auto Avaliar mostra que valores praticados no mercado B2B de ve\u00edculos de at\u00e9 tr\u00eas anos ca\u00edram 9,3% no primeiro semestre, quase quatro vezes a queda da Fipe. As maiores quedas s\u00e3o do Corolla 2025 (-21,2%), T-Cross 2025 (-20,9%) e HR-V 2025 (-20%)","og_url":"https:\/\/newblogs.correiobraziliense.com.br\/multieixos\/2026\/09\/04\/guerra-de-preco-dos-0km-derruba-o-dos-semimovos-em-21\/","og_site_name":"Multieixos com Renato Ferraz","article_author":"https:\/\/www.facebook.com\/profile.php?id=100092255591956","article_published_time":"2026-09-04T18:22:01+00:00","article_modified_time":"2026-09-04T18:22:23+00:00","og_image":[{"width":1408,"height":768,"url":"https:\/\/newblogs.correiobraziliense.com.br\/multieixos\/wp-content\/uploads\/sites\/6\/2026\/09\/Venda-de-seminovos.jpg","type":"image\/jpeg"}],"author":"Renato Ferraz","schema":{"@context":"https:\/\/schema.org","@graph":[{"@type":"Article","@id":"https:\/\/newblogs.correiobraziliense.com.br\/multieixos\/2026\/09\/04\/guerra-de-preco-dos-0km-derruba-o-dos-semimovos-em-21\/#article","isPartOf":{"@id":"https:\/\/newblogs.correiobraziliense.com.br\/multieixos\/2026\/09\/04\/guerra-de-preco-dos-0km-derruba-o-dos-semimovos-em-21\/"},"author":{"name":"Renato Ferraz","@id":"https:\/\/newblogs.correiobraziliense.com.br\/multieixos\/#\/schema\/person\/2fb466788a0749a4cd6fc2c4d89ddb15"},"headline":"Guerra de pre\u00e7o dos 0km derruba o dos semimovos em 21%","datePublished":"2026-09-04T18:22:01+00:00","dateModified":"2026-09-04T18:22:23+00:00","mainEntityOfPage":{"@id":"https:\/\/newblogs.correiobraziliense.com.br\/multieixos\/2026\/09\/04\/guerra-de-preco-dos-0km-derruba-o-dos-semimovos-em-21\/"},"wordCount":967,"image":{"@id":"https:\/\/newblogs.correiobraziliense.com.br\/multieixos\/2026\/09\/04\/guerra-de-preco-dos-0km-derruba-o-dos-semimovos-em-21\/#primaryimage"},"thumbnailUrl":"https:\/\/newblogs.correiobraziliense.com.br\/multieixos\/wp-content\/uploads\/sites\/6\/2026\/09\/Venda-de-seminovos.jpg","keywords":["Auto Avaliar","carros","pre\u00e7os","seminovos","servi\u00e7os","usados"],"articleSection":["Carros","Mercado"],"inLanguage":"pt-BR"},{"@type":"WebPage","@id":"https:\/\/newblogs.correiobraziliense.com.br\/multieixos\/2026\/09\/04\/guerra-de-preco-dos-0km-derruba-o-dos-semimovos-em-21\/","url":"https:\/\/newblogs.correiobraziliense.com.br\/multieixos\/2026\/09\/04\/guerra-de-preco-dos-0km-derruba-o-dos-semimovos-em-21\/","name":"Guerra de pre\u00e7o dos 0km derruba o dos semimovos em 21% - Multieixos com Renato Ferraz","isPartOf":{"@id":"https:\/\/newblogs.correiobraziliense.com.br\/multieixos\/#website"},"primaryImageOfPage":{"@id":"https:\/\/newblogs.correiobraziliense.com.br\/multieixos\/2026\/09\/04\/guerra-de-preco-dos-0km-derruba-o-dos-semimovos-em-21\/#primaryimage"},"image":{"@id":"https:\/\/newblogs.correiobraziliense.com.br\/multieixos\/2026\/09\/04\/guerra-de-preco-dos-0km-derruba-o-dos-semimovos-em-21\/#primaryimage"},"thumbnailUrl":"https:\/\/newblogs.correiobraziliense.com.br\/multieixos\/wp-content\/uploads\/sites\/6\/2026\/09\/Venda-de-seminovos.jpg","datePublished":"2026-09-04T18:22:01+00:00","dateModified":"2026-09-04T18:22:23+00:00","author":{"@id":"https:\/\/newblogs.correiobraziliense.com.br\/multieixos\/#\/schema\/person\/2fb466788a0749a4cd6fc2c4d89ddb15"},"breadcrumb":{"@id":"https:\/\/newblogs.correiobraziliense.com.br\/multieixos\/2026\/09\/04\/guerra-de-preco-dos-0km-derruba-o-dos-semimovos-em-21\/#breadcrumb"},"inLanguage":"pt-BR","potentialAction":[{"@type":"ReadAction","target":["https:\/\/newblogs.correiobraziliense.com.br\/multieixos\/2026\/09\/04\/guerra-de-preco-dos-0km-derruba-o-dos-semimovos-em-21\/"]}]},{"@type":"ImageObject","inLanguage":"pt-BR","@id":"https:\/\/newblogs.correiobraziliense.com.br\/multieixos\/2026\/09\/04\/guerra-de-preco-dos-0km-derruba-o-dos-semimovos-em-21\/#primaryimage","url":"https:\/\/newblogs.correiobraziliense.com.br\/multieixos\/wp-content\/uploads\/sites\/6\/2026\/09\/Venda-de-seminovos.jpg","contentUrl":"https:\/\/newblogs.correiobraziliense.com.br\/multieixos\/wp-content\/uploads\/sites\/6\/2026\/09\/Venda-de-seminovos.jpg","width":1408,"height":768},{"@type":"BreadcrumbList","@id":"https:\/\/newblogs.correiobraziliense.com.br\/multieixos\/2026\/09\/04\/guerra-de-preco-dos-0km-derruba-o-dos-semimovos-em-21\/#breadcrumb","itemListElement":[{"@type":"ListItem","position":1,"name":"In\u00edcio","item":"https:\/\/newblogs.correiobraziliense.com.br\/multieixos\/"},{"@type":"ListItem","position":2,"name":"Guerra de pre\u00e7o dos 0km derruba o dos semimovos em 21%"}]},{"@type":"WebSite","@id":"https:\/\/newblogs.correiobraziliense.com.br\/multieixos\/#website","url":"https:\/\/newblogs.correiobraziliense.com.br\/multieixos\/","name":"Multieixos com Renato Ferraz","description":"Aqui, voc\u00ea encontra informa\u00e7\u00f5es atualizadas sobre o mercado automotivo, tend\u00eancias de mobilidade urbana, novas solu\u00e7\u00f5es em sustentabilidade no setor de transportes e as principais mudan\u00e7as na legisla\u00e7\u00e3o de tr\u00e2nsito.","alternateName":"Blog | Multieixos com Renato Ferra","potentialAction":[{"@type":"SearchAction","target":{"@type":"EntryPoint","urlTemplate":"https:\/\/newblogs.correiobraziliense.com.br\/multieixos\/?s={search_term_string}"},"query-input":{"@type":"PropertyValueSpecification","valueRequired":true,"valueName":"search_term_string"}}],"inLanguage":"pt-BR"},{"@type":"Person","@id":"https:\/\/newblogs.correiobraziliense.com.br\/multieixos\/#\/schema\/person\/2fb466788a0749a4cd6fc2c4d89ddb15","name":"Renato Ferraz","image":{"@type":"ImageObject","inLanguage":"pt-BR","@id":"https:\/\/secure.gravatar.com\/avatar\/05490fac3b629881956c1c2d33a9f5fcb406d4619aeb73f2548eb9374d66c612?s=96&d=mm&r=g","url":"https:\/\/secure.gravatar.com\/avatar\/05490fac3b629881956c1c2d33a9f5fcb406d4619aeb73f2548eb9374d66c612?s=96&d=mm&r=g","contentUrl":"https:\/\/secure.gravatar.com\/avatar\/05490fac3b629881956c1c2d33a9f5fcb406d4619aeb73f2548eb9374d66c612?s=96&d=mm&r=g","caption":"Renato Ferraz"},"description":"\u00c9 jornalista profissional h\u00e1 35 anos e escreve sobre carros, tr\u00e2nsito e mobilidade desde 2004, participando de centenas lan\u00e7amentos de produtos e v\u00e1rios sal\u00f5es automobil\u00edsticos globais.","sameAs":["https:\/\/www.facebook.com\/profile.php?id=100092255591956","https:\/\/www.instagram.com\/multieixos_correio\/"],"url":"https:\/\/newblogs.correiobraziliense.com.br\/multieixos\/author\/renatoferraz\/"}]}},"_links":{"self":[{"href":"https:\/\/newblogs.correiobraziliense.com.br\/multieixos\/wp-json\/wp\/v2\/posts\/3959","targetHints":{"allow":["GET"]}}],"collection":[{"href":"https:\/\/newblogs.correiobraziliense.com.br\/multieixos\/wp-json\/wp\/v2\/posts"}],"about":[{"href":"https:\/\/newblogs.correiobraziliense.com.br\/multieixos\/wp-json\/wp\/v2\/types\/post"}],"author":[{"embeddable":true,"href":"https:\/\/newblogs.correiobraziliense.com.br\/multieixos\/wp-json\/wp\/v2\/users\/20"}],"replies":[{"embeddable":true,"href":"https:\/\/newblogs.correiobraziliense.com.br\/multieixos\/wp-json\/wp\/v2\/comments?post=3959"}],"version-history":[{"count":2,"href":"https:\/\/newblogs.correiobraziliense.com.br\/multieixos\/wp-json\/wp\/v2\/posts\/3959\/revisions"}],"predecessor-version":[{"id":3962,"href":"https:\/\/newblogs.correiobraziliense.com.br\/multieixos\/wp-json\/wp\/v2\/posts\/3959\/revisions\/3962"}],"wp:featuredmedia":[{"embeddable":true,"href":"https:\/\/newblogs.correiobraziliense.com.br\/multieixos\/wp-json\/wp\/v2\/media\/3960"}],"wp:attachment":[{"href":"https:\/\/newblogs.correiobraziliense.com.br\/multieixos\/wp-json\/wp\/v2\/media?parent=3959"}],"wp:term":[{"taxonomy":"category","embeddable":true,"href":"https:\/\/newblogs.correiobraziliense.com.br\/multieixos\/wp-json\/wp\/v2\/categories?post=3959"},{"taxonomy":"post_tag","embeddable":true,"href":"https:\/\/newblogs.correiobraziliense.com.br\/multieixos\/wp-json\/wp\/v2\/tags?post=3959"}],"curies":[{"name":"wp","href":"https:\/\/api.w.org\/{rel}","templated":true}]}}